{"id":118427,"date":"2018-06-11T16:22:57","date_gmt":"2018-06-11T14:22:57","guid":{"rendered":"https:\/\/www.24gliwice.pl\/wiadomosci\/?p=118427"},"modified":"2018-06-11T16:23:15","modified_gmt":"2018-06-11T14:23:15","slug":"11-gliwicka-artnoc-nadchodzi-wielkimi-krokami","status":"publish","type":"post","link":"https:\/\/www.24gliwice.pl\/wiadomosci\/11-gliwicka-artnoc-nadchodzi-wielkimi-krokami\/","title":{"rendered":"Ten r\u00f3\u017cowy kot zaprowadzi do \u015bwiata sztuki. 11. gliwicka ArtNoc nadchodzi wielkimi krokami"},"content":{"rendered":"<div class=\"gliwi-a6-nad-leadem-artykulow gliwi-entity-placement\" id=\"gliwi-1206858907\"><div class=\"gliwi-adlabel\"><span style=\"font-size: 9px\">REKLAMA<\/span><\/div><div id=\"gliwi-515640093\" style=\"margin-bottom: 30px;margin-left: auto;margin-right: auto;text-align: center;\"><a data-no-instant=\"1\" href=\"https:\/\/przedszkole.halogen.org.pl\/\" rel=\"noopener\" class=\"a2t-link\" target=\"_blank\" aria-label=\"20260402-ANIMATOR-przedszkole_grafika_750x200\"><img loading=\"lazy\" decoding=\"async\" src=\"https:\/\/www.24gliwice.pl\/wiadomosci\/wp-content\/uploads\/2026\/04\/20260402-ANIMATOR-przedszkole_grafika_750x200.webp\" alt=\"\"  srcset=\"https:\/\/www.24gliwice.pl\/wiadomosci\/wp-content\/uploads\/2026\/04\/20260402-ANIMATOR-przedszkole_grafika_750x200.webp 750w, https:\/\/www.24gliwice.pl\/wiadomosci\/wp-content\/uploads\/2026\/04\/20260402-ANIMATOR-przedszkole_grafika_750x200-410x109.webp 410w\" sizes=\"(max-width: 750px) 100vw, 750px\" class=\"no-lazyload\" width=\"750\" height=\"200\"  style=\"display: inline-block; max-width: 100%; height: auto;\" \/><\/a><\/div><\/div><h3>W najbli\u017cszy weekend odb\u0119dzie si\u0119 11. Gliwicka ArtNoc. 16 czerwca tajemniczy r\u00f3\u017cowy kot zaprowadzi nas do \u015bwiata sztuki. Miejskie galerie b\u0119d\u0105 otwarte do p\u00f3\u017anych godzin nocnych.<\/h3>\n<p>Warto je zwiedzi\u0107 \u2013 na artystycznej mapie miasta jest kilkadziesi\u0105t miejsc, kt\u00f3re przygotowa\u0142y specjalne atrakcje.<\/p>\n<p>Serce ArtNocy b\u0119dzie bi\u0142o na Rynku, gdzie mi\u0119dzy godzinami 14:00 a 20:00 stanie punkt informacyjny. Przy akompaniamencie gliwickich muzyk\u00f3w b\u0119dzie mo\u017cna m.in. namalowa\u0107 obraz na foliowym ekranie albo zrobi\u0107 kota z gliny.<\/p><div class=\"gliwi-a3-w-tresci-artykulow gliwi-entity-placement\" id=\"gliwi-545406917\"><div class=\"gliwi-adlabel\"><span style=\"font-size: 9px\">REKLAMA<\/span><\/div><div id=\"gliwi-2204073009\" style=\"margin-bottom: 30px;margin-left: auto;margin-right: auto;text-align: center;\"><a data-no-instant=\"1\" href=\"https:\/\/ogrodyandersa.pl\/\" rel=\"noopener\" class=\"a2t-link\" target=\"_blank\" aria-label=\"20260415 Ogrody Andersa KUP TERAZ D\"><img loading=\"lazy\" decoding=\"async\" src=\"https:\/\/www.24gliwice.pl\/wiadomosci\/wp-content\/uploads\/2026\/04\/20260415-Ogrody-Andersa-KUP-TERAZ-D.jpg\" alt=\"\"  srcset=\"https:\/\/www.24gliwice.pl\/wiadomosci\/wp-content\/uploads\/2026\/04\/20260415-Ogrody-Andersa-KUP-TERAZ-D.jpg 750w, https:\/\/www.24gliwice.pl\/wiadomosci\/wp-content\/uploads\/2026\/04\/20260415-Ogrody-Andersa-KUP-TERAZ-D-410x109.jpg 410w\" sizes=\"(max-width: 750px) 100vw, 750px\" class=\"no-lazyload\" width=\"750\" height=\"200\"  style=\"display: inline-block; max-width: 100%; height: auto;\" \/><\/a><\/div><\/div>\n<p>M\u0142odzi adepci sztuk pi\u0119knych powinni zajrze\u0107 do M\u0142odzie\u017cowego Domu Kultury w Gliwicach (ul. Barlickiego 3), gdzie mog\u0105 wzi\u0105\u0107 udzia\u0142 w wystawie i akcji fotograficznej inspirowanej sztuk\u0105 <strong>Marcela Duchampa<\/strong>, wykona\u0107 broszk\u0119, a nawet&#8230; roz\u0142o\u017cy\u0107 karabin.<\/p>\n<p>Warsztat Miejski zaprasza majsterkowicz\u00f3w na al. Przyja\u017ani \u2013 b\u0119d\u0105 tam tworzy\u0107 instalacje \u015bwietlne i ro\u015blinne. W kinie Amok (ul. Dolnych Wa\u0142\u00f3w 3) zostanie pokazany film dokumentalny \u201eCaravaggio \u2013 dusza i krew\u201d, na temat jednego z najbardziej tajemniczych malarzy w historii.<\/p>\n[perfectpullquote align=&#8221;full&#8221; bordertop=&#8221;false&#8221; cite=&#8221;&#8221; link=&#8221;&#8221; color=&#8221;&#8221; class=&#8221;&#8221; size=&#8221;&#8221;]Wszyscy, kt\u00f3rzy chc\u0105 spr\u00f3bowa\u0107 scrapbookingu (albo jeszcze nie wiedz\u0105, co to jest), powinni zajrze\u0107 do galerii Na6 (ul. Matejki 6), gdzie b\u0119dzie mo\u017cna pobawi\u0107 si\u0119 aparatem do fotografii natychmiastowej.[\/perfectpullquote]\n<p>Mi\u0142o\u015bnicy komiks\u00f3w znajd\u0105 co\u015b dla siebie w Centrum Organizacji Kulturalnych \u201ePere\u0142ka\u201d (ul. Studzienna 6), a w Stacji Artystycznej Rynek (Rynek 4\u20135) zaplanowano warsztaty taneczne w gor\u0105cym, kuba\u0144skim rytmie. Pe\u0142ny program imprezy jest dost\u0119pny na stronie <a href=\"http:\/\/gliwickaartnoc.pl\" rel=\"noopener\" target=\"_blank\">http:\/\/gliwickaartnoc.pl<\/a>. Projekt jest koordynowany przez Stowarzyszenie Melina.<\/p>\n<p>(\u017cms)\/UM(mm)<br \/>\nfot. \u017cms\/24gliwic.pl<\/p>\n<div class=\"gliwi-a5-na-koncu-artykulow gliwi-entity-placement\" id=\"gliwi-2546400433\"><div class=\"gliwi-adlabel\"><span style=\"font-size: 9px\">REKLAMA<\/span><\/div><div id=\"gliwi-666807966\" style=\"margin-left: auto;margin-right: auto;text-align: center;\"><a data-no-instant=\"1\" href=\"https:\/\/prezeroarenagliwice.pl\/\" rel=\"noopener\" class=\"a2t-link\" target=\"_blank\" aria-label=\"20260309-PREZERO-WIOSNA-D\"><img loading=\"lazy\" decoding=\"async\" src=\"https:\/\/www.24gliwice.pl\/wiadomosci\/wp-content\/uploads\/2026\/03\/20260309-PREZERO-WIOSNA-D.webp\" alt=\"\"  srcset=\"https:\/\/www.24gliwice.pl\/wiadomosci\/wp-content\/uploads\/2026\/03\/20260309-PREZERO-WIOSNA-D.webp 750w, https:\/\/www.24gliwice.pl\/wiadomosci\/wp-content\/uploads\/2026\/03\/20260309-PREZERO-WIOSNA-D-410x109.webp 410w\" sizes=\"(max-width: 750px) 100vw, 750px\" class=\"no-lazyload\" width=\"750\" height=\"200\"  style=\"display: inline-block; max-width: 100%; height: auto;\" \/><\/a><\/div><\/div>","protected":false},"excerpt":{"rendered":"<p>W najbli\u017cszy weekend odb\u0119dzie si\u0119 11. Gliwicka ArtNoc. 16 czerwca tajemniczy r\u00f3\u017cowy kot zaprowadzi nas do \u015bwiata sztuki. Miejskie galerie b\u0119d\u0105 otwarte do p\u00f3\u017anych godzin nocnych. Warto je zwiedzi\u0107 \u2013 na artystycznej mapie miasta jest kilkadziesi\u0105t miejsc, kt\u00f3re przygotowa\u0142y specjalne atrakcje. Serce ArtNocy b\u0119dzie bi\u0142o na Rynku, gdzie mi\u0119dzy godzinami 14:00 a 20:00 stanie punkt [&hellip;]<\/p>\n","protected":false},"author":15,"featured_media":118453,"comment_status":"open","ping_status":"closed","sticky":false,"template":"","format":"standard","meta":{"_monsterinsights_skip_tracking":false,"_monsterinsights_sitenote_active":false,"_monsterinsights_sitenote_note":"","_monsterinsights_sitenote_category":0,"footnotes":"","_links_to":"","_links_to_target":""},"categories":[3,6,1],"tags":[6270,10482,272,3023,5674,12576,12578,210,3022,3332],"class_list":["post-118427","post","type-post","status-publish","format-standard","has-post-thumbnail","hentry","category-gliwice","category-kultura","category-wszystko","tag-art-noc","tag-fotografia","tag-galeria","tag-imprezy","tag-muzeum","tag-obrazy","tag-rozowy-kot","tag-willa-caro","tag-wydarzenia","tag-wystawy"],"yoast_head":"<!-- This site is optimized with the Yoast SEO plugin v27.5 - https:\/\/yoast.com\/product\/yoast-seo-wordpress\/ -->\n<title>Ten r\u00f3\u017cowy kot zaprowadzi do \u015bwiata sztuki. 11. gliwicka ArtNoc nadchodzi wielkimi krokami - 24GLIWICE - Portal Gliwice | codziennie nowe informacje<\/title>\n<meta name=\"robots\" content=\"index, follow, max-snippet:-1, max-image-preview:large, max-video-preview:-1\" \/>\n<link rel=\"canonical\" href=\"https:\/\/www.24gliwice.pl\/wiadomosci\/11-gliwicka-artnoc-nadchodzi-wielkimi-krokami\/\" \/>\n<meta property=\"og:locale\" content=\"pl_PL\" \/>\n<meta property=\"og:type\" content=\"article\" \/>\n<meta property=\"og:title\" content=\"Ten r\u00f3\u017cowy kot zaprowadzi do \u015bwiata sztuki. 11. gliwicka ArtNoc nadchodzi wielkimi krokami - 24GLIWICE - Portal Gliwice | codziennie nowe informacje\" \/>\n<meta property=\"og:description\" content=\"W najbli\u017cszy weekend odb\u0119dzie si\u0119 11. Gliwicka ArtNoc. 16 czerwca tajemniczy r\u00f3\u017cowy kot zaprowadzi nas do \u015bwiata sztuki. Miejskie galerie b\u0119d\u0105 otwarte do p\u00f3\u017anych godzin nocnych. Warto je zwiedzi\u0107 \u2013 na artystycznej mapie miasta jest kilkadziesi\u0105t miejsc, kt\u00f3re przygotowa\u0142y specjalne atrakcje. Serce ArtNocy b\u0119dzie bi\u0142o na Rynku, gdzie mi\u0119dzy godzinami 14:00 a 20:00 stanie punkt [&hellip;]\" \/>\n<meta property=\"og:url\" content=\"https:\/\/www.24gliwice.pl\/wiadomosci\/11-gliwicka-artnoc-nadchodzi-wielkimi-krokami\/\" \/>\n<meta property=\"og:site_name\" content=\"24GLIWICE - Portal Gliwice | codziennie nowe informacje\" \/>\n<meta property=\"article:publisher\" content=\"https:\/\/www.facebook.com\/24gliwice\" \/>\n<meta property=\"article:published_time\" content=\"2018-06-11T14:22:57+00:00\" \/>\n<meta property=\"article:modified_time\" content=\"2018-06-11T14:23:15+00:00\" \/>\n<meta property=\"og:image\" content=\"https:\/\/www.24gliwice.pl\/wiadomosci\/wp-content\/uploads\/2018\/06\/artnoc.jpg\" \/>\n\t<meta property=\"og:image:width\" content=\"2048\" \/>\n\t<meta property=\"og:image:height\" content=\"1185\" \/>\n\t<meta property=\"og:image:type\" content=\"image\/jpeg\" \/>\n<meta name=\"author\" content=\"\u017baneta Mrozek-Siewierska\" \/>\n<meta name=\"twitter:card\" content=\"summary_large_image\" \/>\n<meta name=\"twitter:creator\" content=\"@24gliwice\" \/>\n<meta name=\"twitter:site\" content=\"@24gliwice\" \/>\n<meta name=\"twitter:label1\" content=\"Napisane przez\" \/>\n\t<meta name=\"twitter:data1\" content=\"\u017baneta Mrozek-Siewierska\" \/>\n\t<meta name=\"twitter:label2\" content=\"Szacowany czas czytania\" \/>\n\t<meta name=\"twitter:data2\" content=\"1 minuta\" \/>\n<script type=\"application\/ld+json\" class=\"yoast-schema-graph\">{\"@context\":\"https:\\\/\\\/schema.org\",\"@graph\":[{\"@type\":\"Article\",\"@id\":\"https:\\\/\\\/www.24gliwice.pl\\\/wiadomosci\\\/11-gliwicka-artnoc-nadchodzi-wielkimi-krokami\\\/#article\",\"isPartOf\":{\"@id\":\"https:\\\/\\\/www.24gliwice.pl\\\/wiadomosci\\\/11-gliwicka-artnoc-nadchodzi-wielkimi-krokami\\\/\"},\"author\":{\"name\":\"\u017baneta Mrozek-Siewierska\",\"@id\":\"https:\\\/\\\/www.24gliwice.pl\\\/wiadomosci\\\/#\\\/schema\\\/person\\\/e42c650edd7f2fa332be3811fb166b6e\"},\"headline\":\"Ten r\u00f3\u017cowy kot zaprowadzi do \u015bwiata sztuki. 11. gliwicka ArtNoc nadchodzi wielkimi krokami\",\"datePublished\":\"2018-06-11T14:22:57+00:00\",\"dateModified\":\"2018-06-11T14:23:15+00:00\",\"mainEntityOfPage\":{\"@id\":\"https:\\\/\\\/www.24gliwice.pl\\\/wiadomosci\\\/11-gliwicka-artnoc-nadchodzi-wielkimi-krokami\\\/\"},\"wordCount\":277,\"commentCount\":0,\"publisher\":{\"@id\":\"https:\\\/\\\/www.24gliwice.pl\\\/wiadomosci\\\/#organization\"},\"image\":{\"@id\":\"https:\\\/\\\/www.24gliwice.pl\\\/wiadomosci\\\/11-gliwicka-artnoc-nadchodzi-wielkimi-krokami\\\/#primaryimage\"},\"thumbnailUrl\":\"https:\\\/\\\/www.24gliwice.pl\\\/wiadomosci\\\/wp-content\\\/uploads\\\/2018\\\/06\\\/artnoc.jpg\",\"keywords\":[\"art noc\",\"fotografia\",\"galeria\",\"IMPREZY\",\"MUZEUM\",\"obrazy\",\"r\u00f3\u017cowy kot\",\"WILLA CARO\",\"WYDARZENIA\",\"WYSTAWY\"],\"articleSection\":[\"Gliwice\",\"Kultura, wydarzenia, imprezy\",\"Najnowsze wiadomo\u015bci\"],\"inLanguage\":\"pl-PL\",\"potentialAction\":[{\"@type\":\"CommentAction\",\"name\":\"Comment\",\"target\":[\"https:\\\/\\\/www.24gliwice.pl\\\/wiadomosci\\\/11-gliwicka-artnoc-nadchodzi-wielkimi-krokami\\\/#respond\"]}]},{\"@type\":\"WebPage\",\"@id\":\"https:\\\/\\\/www.24gliwice.pl\\\/wiadomosci\\\/11-gliwicka-artnoc-nadchodzi-wielkimi-krokami\\\/\",\"url\":\"https:\\\/\\\/www.24gliwice.pl\\\/wiadomosci\\\/11-gliwicka-artnoc-nadchodzi-wielkimi-krokami\\\/\",\"name\":\"Ten r\u00f3\u017cowy kot zaprowadzi do \u015bwiata sztuki. 11. gliwicka ArtNoc nadchodzi wielkimi krokami - 24GLIWICE - Portal Gliwice | codziennie nowe informacje\",\"isPartOf\":{\"@id\":\"https:\\\/\\\/www.24gliwice.pl\\\/wiadomosci\\\/#website\"},\"primaryImageOfPage\":{\"@id\":\"https:\\\/\\\/www.24gliwice.pl\\\/wiadomosci\\\/11-gliwicka-artnoc-nadchodzi-wielkimi-krokami\\\/#primaryimage\"},\"image\":{\"@id\":\"https:\\\/\\\/www.24gliwice.pl\\\/wiadomosci\\\/11-gliwicka-artnoc-nadchodzi-wielkimi-krokami\\\/#primaryimage\"},\"thumbnailUrl\":\"https:\\\/\\\/www.24gliwice.pl\\\/wiadomosci\\\/wp-content\\\/uploads\\\/2018\\\/06\\\/artnoc.jpg\",\"datePublished\":\"2018-06-11T14:22:57+00:00\",\"dateModified\":\"2018-06-11T14:23:15+00:00\",\"breadcrumb\":{\"@id\":\"https:\\\/\\\/www.24gliwice.pl\\\/wiadomosci\\\/11-gliwicka-artnoc-nadchodzi-wielkimi-krokami\\\/#breadcrumb\"},\"inLanguage\":\"pl-PL\",\"potentialAction\":[{\"@type\":\"ReadAction\",\"target\":[\"https:\\\/\\\/www.24gliwice.pl\\\/wiadomosci\\\/11-gliwicka-artnoc-nadchodzi-wielkimi-krokami\\\/\"]}]},{\"@type\":\"ImageObject\",\"inLanguage\":\"pl-PL\",\"@id\":\"https:\\\/\\\/www.24gliwice.pl\\\/wiadomosci\\\/11-gliwicka-artnoc-nadchodzi-wielkimi-krokami\\\/#primaryimage\",\"url\":\"https:\\\/\\\/www.24gliwice.pl\\\/wiadomosci\\\/wp-content\\\/uploads\\\/2018\\\/06\\\/artnoc.jpg\",\"contentUrl\":\"https:\\\/\\\/www.24gliwice.pl\\\/wiadomosci\\\/wp-content\\\/uploads\\\/2018\\\/06\\\/artnoc.jpg\",\"width\":2048,\"height\":1185},{\"@type\":\"BreadcrumbList\",\"@id\":\"https:\\\/\\\/www.24gliwice.pl\\\/wiadomosci\\\/11-gliwicka-artnoc-nadchodzi-wielkimi-krokami\\\/#breadcrumb\",\"itemListElement\":[{\"@type\":\"ListItem\",\"position\":1,\"name\":\"Strona g\u0142\u00f3wna\",\"item\":\"https:\\\/\\\/www.24gliwice.pl\\\/wiadomosci\\\/\"},{\"@type\":\"ListItem\",\"position\":2,\"name\":\"Ten r\u00f3\u017cowy kot zaprowadzi do \u015bwiata sztuki. 11. gliwicka ArtNoc nadchodzi wielkimi krokami\"}]},{\"@type\":\"WebSite\",\"@id\":\"https:\\\/\\\/www.24gliwice.pl\\\/wiadomosci\\\/#website\",\"url\":\"https:\\\/\\\/www.24gliwice.pl\\\/wiadomosci\\\/\",\"name\":\"24GLIWICE - Portal Gliwice | codziennie nowe wiadomo\u015bci\",\"description\":\"Portal Miejski Gliwice\",\"publisher\":{\"@id\":\"https:\\\/\\\/www.24gliwice.pl\\\/wiadomosci\\\/#organization\"},\"potentialAction\":[{\"@type\":\"SearchAction\",\"target\":{\"@type\":\"EntryPoint\",\"urlTemplate\":\"https:\\\/\\\/www.24gliwice.pl\\\/wiadomosci\\\/?s={search_term_string}\"},\"query-input\":{\"@type\":\"PropertyValueSpecification\",\"valueRequired\":true,\"valueName\":\"search_term_string\"}}],\"inLanguage\":\"pl-PL\"},{\"@type\":\"Organization\",\"@id\":\"https:\\\/\\\/www.24gliwice.pl\\\/wiadomosci\\\/#organization\",\"name\":\"24gliwice\",\"url\":\"https:\\\/\\\/www.24gliwice.pl\\\/wiadomosci\\\/\",\"logo\":{\"@type\":\"ImageObject\",\"inLanguage\":\"pl-PL\",\"@id\":\"https:\\\/\\\/www.24gliwice.pl\\\/wiadomosci\\\/#\\\/schema\\\/logo\\\/image\\\/\",\"url\":\"https:\\\/\\\/www.24gliwice.pl\\\/wiadomosci\\\/wp-content\\\/uploads\\\/2024\\\/10\\\/24gliwice-logo-696.jpg\",\"contentUrl\":\"https:\\\/\\\/www.24gliwice.pl\\\/wiadomosci\\\/wp-content\\\/uploads\\\/2024\\\/10\\\/24gliwice-logo-696.jpg\",\"width\":696,\"height\":696,\"caption\":\"24gliwice\"},\"image\":{\"@id\":\"https:\\\/\\\/www.24gliwice.pl\\\/wiadomosci\\\/#\\\/schema\\\/logo\\\/image\\\/\"},\"sameAs\":[\"https:\\\/\\\/www.facebook.com\\\/24gliwice\",\"https:\\\/\\\/x.com\\\/24gliwice\",\"https:\\\/\\\/www.youtube.com\\\/@24gliwice\"]},{\"@type\":\"Person\",\"@id\":\"https:\\\/\\\/www.24gliwice.pl\\\/wiadomosci\\\/#\\\/schema\\\/person\\\/e42c650edd7f2fa332be3811fb166b6e\",\"name\":\"\u017baneta Mrozek-Siewierska\",\"image\":{\"@type\":\"ImageObject\",\"inLanguage\":\"pl-PL\",\"@id\":\"https:\\\/\\\/secure.gravatar.com\\\/avatar\\\/1881429e9c64597c77ad7aef2d0a19be69a3253e57534d16aa15bf3a4d34a0a3?s=96&d=mm&r=g\",\"url\":\"https:\\\/\\\/secure.gravatar.com\\\/avatar\\\/1881429e9c64597c77ad7aef2d0a19be69a3253e57534d16aa15bf3a4d34a0a3?s=96&d=mm&r=g\",\"contentUrl\":\"https:\\\/\\\/secure.gravatar.com\\\/avatar\\\/1881429e9c64597c77ad7aef2d0a19be69a3253e57534d16aa15bf3a4d34a0a3?s=96&d=mm&r=g\",\"caption\":\"\u017baneta Mrozek-Siewierska\"},\"url\":\"https:\\\/\\\/www.24gliwice.pl\\\/wiadomosci\\\/author\\\/zms\\\/\"}]}<\/script>\n<!-- \/ Yoast SEO plugin. -->","yoast_head_json":{"title":"Ten r\u00f3\u017cowy kot zaprowadzi do \u015bwiata sztuki. 11. gliwicka ArtNoc nadchodzi wielkimi krokami - 24GLIWICE - Portal Gliwice | codziennie nowe informacje","robots":{"index":"index","follow":"follow","max-snippet":"max-snippet:-1","max-image-preview":"max-image-preview:large","max-video-preview":"max-video-preview:-1"},"canonical":"https:\/\/www.24gliwice.pl\/wiadomosci\/11-gliwicka-artnoc-nadchodzi-wielkimi-krokami\/","og_locale":"pl_PL","og_type":"article","og_title":"Ten r\u00f3\u017cowy kot zaprowadzi do \u015bwiata sztuki. 11. gliwicka ArtNoc nadchodzi wielkimi krokami - 24GLIWICE - Portal Gliwice | codziennie nowe informacje","og_description":"W najbli\u017cszy weekend odb\u0119dzie si\u0119 11. Gliwicka ArtNoc. 16 czerwca tajemniczy r\u00f3\u017cowy kot zaprowadzi nas do \u015bwiata sztuki. Miejskie galerie b\u0119d\u0105 otwarte do p\u00f3\u017anych godzin nocnych. Warto je zwiedzi\u0107 \u2013 na artystycznej mapie miasta jest kilkadziesi\u0105t miejsc, kt\u00f3re przygotowa\u0142y specjalne atrakcje. Serce ArtNocy b\u0119dzie bi\u0142o na Rynku, gdzie mi\u0119dzy godzinami 14:00 a 20:00 stanie punkt [&hellip;]","og_url":"https:\/\/www.24gliwice.pl\/wiadomosci\/11-gliwicka-artnoc-nadchodzi-wielkimi-krokami\/","og_site_name":"24GLIWICE - Portal Gliwice | codziennie nowe informacje","article_publisher":"https:\/\/www.facebook.com\/24gliwice","article_published_time":"2018-06-11T14:22:57+00:00","article_modified_time":"2018-06-11T14:23:15+00:00","og_image":[{"width":2048,"height":1185,"url":"https:\/\/www.24gliwice.pl\/wiadomosci\/wp-content\/uploads\/2018\/06\/artnoc.jpg","type":"image\/jpeg"}],"author":"\u017baneta Mrozek-Siewierska","twitter_card":"summary_large_image","twitter_creator":"@24gliwice","twitter_site":"@24gliwice","twitter_misc":{"Napisane przez":"\u017baneta Mrozek-Siewierska","Szacowany czas czytania":"1 minuta"},"schema":{"@context":"https:\/\/schema.org","@graph":[{"@type":"Article","@id":"https:\/\/www.24gliwice.pl\/wiadomosci\/11-gliwicka-artnoc-nadchodzi-wielkimi-krokami\/#article","isPartOf":{"@id":"https:\/\/www.24gliwice.pl\/wiadomosci\/11-gliwicka-artnoc-nadchodzi-wielkimi-krokami\/"},"author":{"name":"\u017baneta Mrozek-Siewierska","@id":"https:\/\/www.24gliwice.pl\/wiadomosci\/#\/schema\/person\/e42c650edd7f2fa332be3811fb166b6e"},"headline":"Ten r\u00f3\u017cowy kot zaprowadzi do \u015bwiata sztuki. 11. gliwicka ArtNoc nadchodzi wielkimi krokami","datePublished":"2018-06-11T14:22:57+00:00","dateModified":"2018-06-11T14:23:15+00:00","mainEntityOfPage":{"@id":"https:\/\/www.24gliwice.pl\/wiadomosci\/11-gliwicka-artnoc-nadchodzi-wielkimi-krokami\/"},"wordCount":277,"commentCount":0,"publisher":{"@id":"https:\/\/www.24gliwice.pl\/wiadomosci\/#organization"},"image":{"@id":"https:\/\/www.24gliwice.pl\/wiadomosci\/11-gliwicka-artnoc-nadchodzi-wielkimi-krokami\/#primaryimage"},"thumbnailUrl":"https:\/\/www.24gliwice.pl\/wiadomosci\/wp-content\/uploads\/2018\/06\/artnoc.jpg","keywords":["art noc","fotografia","galeria","IMPREZY","MUZEUM","obrazy","r\u00f3\u017cowy kot","WILLA CARO","WYDARZENIA","WYSTAWY"],"articleSection":["Gliwice","Kultura, wydarzenia, imprezy","Najnowsze wiadomo\u015bci"],"inLanguage":"pl-PL","potentialAction":[{"@type":"CommentAction","name":"Comment","target":["https:\/\/www.24gliwice.pl\/wiadomosci\/11-gliwicka-artnoc-nadchodzi-wielkimi-krokami\/#respond"]}]},{"@type":"WebPage","@id":"https:\/\/www.24gliwice.pl\/wiadomosci\/11-gliwicka-artnoc-nadchodzi-wielkimi-krokami\/","url":"https:\/\/www.24gliwice.pl\/wiadomosci\/11-gliwicka-artnoc-nadchodzi-wielkimi-krokami\/","name":"Ten r\u00f3\u017cowy kot zaprowadzi do \u015bwiata sztuki. 11. gliwicka ArtNoc nadchodzi wielkimi krokami - 24GLIWICE - Portal Gliwice | codziennie nowe informacje","isPartOf":{"@id":"https:\/\/www.24gliwice.pl\/wiadomosci\/#website"},"primaryImageOfPage":{"@id":"https:\/\/www.24gliwice.pl\/wiadomosci\/11-gliwicka-artnoc-nadchodzi-wielkimi-krokami\/#primaryimage"},"image":{"@id":"https:\/\/www.24gliwice.pl\/wiadomosci\/11-gliwicka-artnoc-nadchodzi-wielkimi-krokami\/#primaryimage"},"thumbnailUrl":"https:\/\/www.24gliwice.pl\/wiadomosci\/wp-content\/uploads\/2018\/06\/artnoc.jpg","datePublished":"2018-06-11T14:22:57+00:00","dateModified":"2018-06-11T14:23:15+00:00","breadcrumb":{"@id":"https:\/\/www.24gliwice.pl\/wiadomosci\/11-gliwicka-artnoc-nadchodzi-wielkimi-krokami\/#breadcrumb"},"inLanguage":"pl-PL","potentialAction":[{"@type":"ReadAction","target":["https:\/\/www.24gliwice.pl\/wiadomosci\/11-gliwicka-artnoc-nadchodzi-wielkimi-krokami\/"]}]},{"@type":"ImageObject","inLanguage":"pl-PL","@id":"https:\/\/www.24gliwice.pl\/wiadomosci\/11-gliwicka-artnoc-nadchodzi-wielkimi-krokami\/#primaryimage","url":"https:\/\/www.24gliwice.pl\/wiadomosci\/wp-content\/uploads\/2018\/06\/artnoc.jpg","contentUrl":"https:\/\/www.24gliwice.pl\/wiadomosci\/wp-content\/uploads\/2018\/06\/artnoc.jpg","width":2048,"height":1185},{"@type":"BreadcrumbList","@id":"https:\/\/www.24gliwice.pl\/wiadomosci\/11-gliwicka-artnoc-nadchodzi-wielkimi-krokami\/#breadcrumb","itemListElement":[{"@type":"ListItem","position":1,"name":"Strona g\u0142\u00f3wna","item":"https:\/\/www.24gliwice.pl\/wiadomosci\/"},{"@type":"ListItem","position":2,"name":"Ten r\u00f3\u017cowy kot zaprowadzi do \u015bwiata sztuki. 11. gliwicka ArtNoc nadchodzi wielkimi krokami"}]},{"@type":"WebSite","@id":"https:\/\/www.24gliwice.pl\/wiadomosci\/#website","url":"https:\/\/www.24gliwice.pl\/wiadomosci\/","name":"24GLIWICE - Portal Gliwice | codziennie nowe wiadomo\u015bci","description":"Portal Miejski Gliwice","publisher":{"@id":"https:\/\/www.24gliwice.pl\/wiadomosci\/#organization"},"potentialAction":[{"@type":"SearchAction","target":{"@type":"EntryPoint","urlTemplate":"https:\/\/www.24gliwice.pl\/wiadomosci\/?s={search_term_string}"},"query-input":{"@type":"PropertyValueSpecification","valueRequired":true,"valueName":"search_term_string"}}],"inLanguage":"pl-PL"},{"@type":"Organization","@id":"https:\/\/www.24gliwice.pl\/wiadomosci\/#organization","name":"24gliwice","url":"https:\/\/www.24gliwice.pl\/wiadomosci\/","logo":{"@type":"ImageObject","inLanguage":"pl-PL","@id":"https:\/\/www.24gliwice.pl\/wiadomosci\/#\/schema\/logo\/image\/","url":"https:\/\/www.24gliwice.pl\/wiadomosci\/wp-content\/uploads\/2024\/10\/24gliwice-logo-696.jpg","contentUrl":"https:\/\/www.24gliwice.pl\/wiadomosci\/wp-content\/uploads\/2024\/10\/24gliwice-logo-696.jpg","width":696,"height":696,"caption":"24gliwice"},"image":{"@id":"https:\/\/www.24gliwice.pl\/wiadomosci\/#\/schema\/logo\/image\/"},"sameAs":["https:\/\/www.facebook.com\/24gliwice","https:\/\/x.com\/24gliwice","https:\/\/www.youtube.com\/@24gliwice"]},{"@type":"Person","@id":"https:\/\/www.24gliwice.pl\/wiadomosci\/#\/schema\/person\/e42c650edd7f2fa332be3811fb166b6e","name":"\u017baneta Mrozek-Siewierska","image":{"@type":"ImageObject","inLanguage":"pl-PL","@id":"https:\/\/secure.gravatar.com\/avatar\/1881429e9c64597c77ad7aef2d0a19be69a3253e57534d16aa15bf3a4d34a0a3?s=96&d=mm&r=g","url":"https:\/\/secure.gravatar.com\/avatar\/1881429e9c64597c77ad7aef2d0a19be69a3253e57534d16aa15bf3a4d34a0a3?s=96&d=mm&r=g","contentUrl":"https:\/\/secure.gravatar.com\/avatar\/1881429e9c64597c77ad7aef2d0a19be69a3253e57534d16aa15bf3a4d34a0a3?s=96&d=mm&r=g","caption":"\u017baneta Mrozek-Siewierska"},"url":"https:\/\/www.24gliwice.pl\/wiadomosci\/author\/zms\/"}]}},"_links":{"self":[{"href":"https:\/\/www.24gliwice.pl\/wiadomosci\/wp-json\/wp\/v2\/posts\/118427","targetHints":{"allow":["GET"]}}],"collection":[{"href":"https:\/\/www.24gliwice.pl\/wiadomosci\/wp-json\/wp\/v2\/posts"}],"about":[{"href":"https:\/\/www.24gliwice.pl\/wiadomosci\/wp-json\/wp\/v2\/types\/post"}],"author":[{"embeddable":true,"href":"https:\/\/www.24gliwice.pl\/wiadomosci\/wp-json\/wp\/v2\/users\/15"}],"replies":[{"embeddable":true,"href":"https:\/\/www.24gliwice.pl\/wiadomosci\/wp-json\/wp\/v2\/comments?post=118427"}],"version-history":[{"count":0,"href":"https:\/\/www.24gliwice.pl\/wiadomosci\/wp-json\/wp\/v2\/posts\/118427\/revisions"}],"wp:featuredmedia":[{"embeddable":true,"href":"https:\/\/www.24gliwice.pl\/wiadomosci\/wp-json\/wp\/v2\/media\/118453"}],"wp:attachment":[{"href":"https:\/\/www.24gliwice.pl\/wiadomosci\/wp-json\/wp\/v2\/media?parent=118427"}],"wp:term":[{"taxonomy":"category","embeddable":true,"href":"https:\/\/www.24gliwice.pl\/wiadomosci\/wp-json\/wp\/v2\/categories?post=118427"},{"taxonomy":"post_tag","embeddable":true,"href":"https:\/\/www.24gliwice.pl\/wiadomosci\/wp-json\/wp\/v2\/tags?post=118427"}],"curies":[{"name":"wp","href":"https:\/\/api.w.org\/{rel}","templated":true}]}}