{"id":118569,"date":"2018-06-13T13:22:54","date_gmt":"2018-06-13T11:22:54","guid":{"rendered":"https:\/\/www.24gliwice.pl\/wiadomosci\/?p=118569"},"modified":"2018-06-13T13:35:42","modified_gmt":"2018-06-13T11:35:42","slug":"radiostacja-w-gliwicach-przeglad-dokrecanie-srub","status":"publish","type":"post","link":"https:\/\/www.24gliwice.pl\/wiadomosci\/radiostacja-w-gliwicach-przeglad-dokrecanie-srub\/","title":{"rendered":"16 tysi\u0119cy \u015brub do dokr\u0119cenia, cz\u0119\u015b\u0107 na skutek napr\u0119\u017ce\u0144 wystrzeli\u0142a. Alpini\u015bci weszli na wie\u017c\u0119 Radiostacji"},"content":{"rendered":"<div class=\"gliwi-a6-nad-leadem-artykulow gliwi-entity-placement\" id=\"gliwi-1759156002\"><div class=\"gliwi-adlabel\"><span style=\"font-size: 9px\">REKLAMA<\/span><\/div><div id=\"gliwi-1130488690\" style=\"margin-bottom: 25px;margin-left: auto;margin-right: auto;text-align: center;\"><a data-no-instant=\"1\" href=\"https:\/\/dom100.eu\/\" rel=\"noopener\" class=\"a2t-link\" target=\"_blank\" aria-label=\"20260415 DOM100 D\"><img loading=\"lazy\" decoding=\"async\" src=\"https:\/\/www.24gliwice.pl\/wiadomosci\/wp-content\/uploads\/2026\/04\/20260415-DOM100-D.jpg\" alt=\"\"  srcset=\"https:\/\/www.24gliwice.pl\/wiadomosci\/wp-content\/uploads\/2026\/04\/20260415-DOM100-D.jpg 750w, https:\/\/www.24gliwice.pl\/wiadomosci\/wp-content\/uploads\/2026\/04\/20260415-DOM100-D-410x109.jpg 410w\" sizes=\"(max-width: 750px) 100vw, 750px\" class=\"no-lazyload\" width=\"750\" height=\"200\"  style=\"display: inline-block; max-width: 100%; height: auto;\" \/><\/a><\/div><\/div><p><iframe loading=\"lazy\" width=\"560\" height=\"315\" src=\"https:\/\/www.youtube.com\/embed\/Abla4IKRuQE?rel=0\" frameborder=\"0\" allow=\"autoplay; encrypted-media\" allowfullscreen><\/iframe><\/p>\n<h3>16 tys. mosi\u0119\u017cnych \u015brub dokr\u0119caj\u0105 alpini\u015bci przebywaj\u0105cy na najwy\u017cszej drewnianej konstrukcji w Europie. W miejscach, w kt\u00f3rych pod wp\u0142ywem rozpr\u0119\u017caj\u0105cego si\u0119 drewna \u015bruby wystrzeli\u0142y, nakr\u0119cane s\u0105 nowe.<\/h3>\n<p>\u2013 Sprawdzamy stan st\u0119\u017ce\u0144 poziomych i uko\u015bnych drewnianych kratownic oraz prawid\u0142owo\u015b\u0107 dokr\u0119cenia 16 tys. mosi\u0119\u017cnych szpilek. Przegl\u0105d wypada pomy\u015blnie \u2013 po zimie wie\u017ca jest w dobrym stanie \u2013 m\u00f3wi <strong>Mariusz Kope\u0107<\/strong>, rzecznik prasowy \u015al\u0105skiej Sieci Metropolitalnej, kt\u00f3ra zarz\u0105dza obiektem.<\/p>\n[perfectpullquote align=&#8221;full&#8221; bordertop=&#8221;false&#8221; cite=&#8221;&#8221; link=&#8221;&#8221; color=&#8221;&#8221; class=&#8221;&#8221; size=&#8221;&#8221;]Przegl\u0105dy s\u0105 przeprowadzane dwa razy w roku i finansowane z bud\u017cetu \u015al\u0105skiej Sieci Metropolitalnej.[\/perfectpullquote]\n<p><img loading=\"lazy\" decoding=\"async\" src=\"https:\/\/www.24gliwice.pl\/wiadomosci\/wp-content\/uploads\/2018\/06\/radiostacja-wieza.jpg\" alt=\"\" width=\"810\" height=\"457\" class=\"aligncenter size-full wp-image-118600\" srcset=\"https:\/\/www.24gliwice.pl\/wiadomosci\/wp-content\/uploads\/2018\/06\/radiostacja-wieza.jpg 810w, https:\/\/www.24gliwice.pl\/wiadomosci\/wp-content\/uploads\/2018\/06\/radiostacja-wieza-410x232.jpg 410w, https:\/\/www.24gliwice.pl\/wiadomosci\/wp-content\/uploads\/2018\/06\/radiostacja-wieza-768x433.jpg 768w, https:\/\/www.24gliwice.pl\/wiadomosci\/wp-content\/uploads\/2018\/06\/radiostacja-wieza-806x455.jpg 806w\" sizes=\"auto, (max-width: 810px) 100vw, 810px\" \/><\/p>\n<p>Radiostacja to pere\u0142ka i wizyt\u00f3wka Gliwic. Ma 111 m wysoko\u015bci, co zapewnia jej status najwy\u017cszej istniej\u0105cej, zbudowanej w ca\u0142o\u015bci z drewna konstrukcji w Europie oraz najwy\u017cszej drewnianej wie\u017cy nadawczej na \u015bwiecie. <\/p><div class=\"gliwi-a3-w-tresci-artykulow gliwi-entity-placement\" id=\"gliwi-665179176\"><div class=\"gliwi-adlabel\"><span style=\"font-size: 9px\">REKLAMA<\/span><\/div><div id=\"gliwi-3470672274\" style=\"margin-bottom: 30px;margin-left: auto;margin-right: auto;text-align: center;\"><a data-no-instant=\"1\" href=\"https:\/\/ogrodyandersa.pl\/\" rel=\"noopener\" class=\"a2t-link\" target=\"_blank\" aria-label=\"20260415 Ogrody Andersa KUP TERAZ D\"><img loading=\"lazy\" decoding=\"async\" src=\"https:\/\/www.24gliwice.pl\/wiadomosci\/wp-content\/uploads\/2026\/04\/20260415-Ogrody-Andersa-KUP-TERAZ-D.jpg\" alt=\"\"  srcset=\"https:\/\/www.24gliwice.pl\/wiadomosci\/wp-content\/uploads\/2026\/04\/20260415-Ogrody-Andersa-KUP-TERAZ-D.jpg 750w, https:\/\/www.24gliwice.pl\/wiadomosci\/wp-content\/uploads\/2026\/04\/20260415-Ogrody-Andersa-KUP-TERAZ-D-410x109.jpg 410w\" sizes=\"(max-width: 750px) 100vw, 750px\" class=\"no-lazyload\" width=\"750\" height=\"200\"  style=\"display: inline-block; max-width: 100%; height: auto;\" \/><\/a><\/div><\/div>\n<p>Kilka lat temu Miasto zmodernizowa\u0142o teren wok\u00f3\u0142 zabytku. Gliwiczanie oraz liczni go\u015bcie, r\u00f3wnie\u017c z zagranicy ch\u0119tnie odwiedzaj\u0105 Radiostacj\u0119, wypoczywaj\u0105 w jej pobli\u017cu, poznaj\u0105 tajemnice d\u017awi\u0119ku w parku sensorycznym i bior\u0105 udzia\u0142 w imprezach oraz koncertach odbywaj\u0105cych si\u0119 przy obiekcie. <\/p>\n<p>Ostatnio licznie skorzystali z atrakcji zorganizowanych w ramach Industriady, kt\u00f3ra corocznie przyci\u0105ga t\u0142umy zainteresowanych dziedzictwem przemys\u0142owym. W 2017 r. Radiostacja zosta\u0142a uznana za Pomnik Historii. <\/p>\n<p>(\u017cms)\/UM(mf)<\/p>\n<div class=\"gliwi-a5-na-koncu-artykulow gliwi-entity-placement\" id=\"gliwi-563611125\"><div class=\"gliwi-adlabel\"><span style=\"font-size: 9px\">REKLAMA<\/span><\/div><div id=\"gliwi-3464593129\" style=\"margin-left: auto;margin-right: auto;text-align: center;\"><a data-no-instant=\"1\" href=\"https:\/\/prezeroarenagliwice.pl\/\" rel=\"noopener\" class=\"a2t-link\" target=\"_blank\" aria-label=\"20260309-PREZERO-WIOSNA-D\"><img loading=\"lazy\" decoding=\"async\" src=\"https:\/\/www.24gliwice.pl\/wiadomosci\/wp-content\/uploads\/2026\/03\/20260309-PREZERO-WIOSNA-D.webp\" alt=\"\"  srcset=\"https:\/\/www.24gliwice.pl\/wiadomosci\/wp-content\/uploads\/2026\/03\/20260309-PREZERO-WIOSNA-D.webp 750w, https:\/\/www.24gliwice.pl\/wiadomosci\/wp-content\/uploads\/2026\/03\/20260309-PREZERO-WIOSNA-D-410x109.webp 410w\" sizes=\"(max-width: 750px) 100vw, 750px\" class=\"no-lazyload\" width=\"750\" height=\"200\"  style=\"display: inline-block; max-width: 100%; height: auto;\" \/><\/a><\/div><\/div>","protected":false},"excerpt":{"rendered":"<p>16 tys. mosi\u0119\u017cnych \u015brub dokr\u0119caj\u0105 alpini\u015bci przebywaj\u0105cy na najwy\u017cszej drewnianej konstrukcji w Europie. W miejscach, w kt\u00f3rych pod wp\u0142ywem rozpr\u0119\u017caj\u0105cego si\u0119 drewna \u015bruby wystrzeli\u0142y, nakr\u0119cane s\u0105 nowe. \u2013 Sprawdzamy stan st\u0119\u017ce\u0144 poziomych i uko\u015bnych drewnianych kratownic oraz prawid\u0142owo\u015b\u0107 dokr\u0119cenia 16 tys. mosi\u0119\u017cnych szpilek. Przegl\u0105d wypada pomy\u015blnie \u2013 po zimie wie\u017ca jest w dobrym stanie \u2013 [&hellip;]<\/p>\n","protected":false},"author":15,"featured_media":118600,"comment_status":"open","ping_status":"closed","sticky":false,"template":"","format":"video","meta":{"_monsterinsights_skip_tracking":false,"_monsterinsights_sitenote_active":false,"_monsterinsights_sitenote_note":"","_monsterinsights_sitenote_category":0,"footnotes":"","_links_to":"","_links_to_target":""},"categories":[3,1,9],"tags":[12609,8908,8923,12607,527,128],"class_list":["post-118569","post","type-post","status-publish","format-video","has-post-thumbnail","hentry","category-gliwice","category-wszystko","category-aktualnosci_lokalne","tag-dokrecaja-sruby","tag-kopec","tag-przeglad","tag-przeglad-radiostacji","tag-radiostacja","tag-slaska-siec-metropolitalna","post_format-post-format-video"],"yoast_head":"<!-- This site is optimized with the Yoast SEO plugin v27.5 - https:\/\/yoast.com\/product\/yoast-seo-wordpress\/ -->\n<title>16 tysi\u0119cy \u015brub do dokr\u0119cenia, cz\u0119\u015b\u0107 na skutek napr\u0119\u017ce\u0144 wystrzeli\u0142a. Alpini\u015bci weszli na wie\u017c\u0119 Radiostacji - 24GLIWICE - Portal Gliwice | codziennie nowe informacje<\/title>\n<meta name=\"robots\" content=\"index, follow, max-snippet:-1, max-image-preview:large, max-video-preview:-1\" \/>\n<link rel=\"canonical\" href=\"https:\/\/www.24gliwice.pl\/wiadomosci\/radiostacja-w-gliwicach-przeglad-dokrecanie-srub\/\" \/>\n<meta property=\"og:locale\" content=\"pl_PL\" \/>\n<meta property=\"og:type\" content=\"article\" \/>\n<meta property=\"og:title\" content=\"16 tysi\u0119cy \u015brub do dokr\u0119cenia, cz\u0119\u015b\u0107 na skutek napr\u0119\u017ce\u0144 wystrzeli\u0142a. Alpini\u015bci weszli na wie\u017c\u0119 Radiostacji - 24GLIWICE - Portal Gliwice | codziennie nowe informacje\" \/>\n<meta property=\"og:description\" content=\"16 tys. mosi\u0119\u017cnych \u015brub dokr\u0119caj\u0105 alpini\u015bci przebywaj\u0105cy na najwy\u017cszej drewnianej konstrukcji w Europie. W miejscach, w kt\u00f3rych pod wp\u0142ywem rozpr\u0119\u017caj\u0105cego si\u0119 drewna \u015bruby wystrzeli\u0142y, nakr\u0119cane s\u0105 nowe. \u2013 Sprawdzamy stan st\u0119\u017ce\u0144 poziomych i uko\u015bnych drewnianych kratownic oraz prawid\u0142owo\u015b\u0107 dokr\u0119cenia 16 tys. mosi\u0119\u017cnych szpilek. Przegl\u0105d wypada pomy\u015blnie \u2013 po zimie wie\u017ca jest w dobrym stanie \u2013 [&hellip;]\" \/>\n<meta property=\"og:url\" content=\"https:\/\/www.24gliwice.pl\/wiadomosci\/radiostacja-w-gliwicach-przeglad-dokrecanie-srub\/\" \/>\n<meta property=\"og:site_name\" content=\"24GLIWICE - Portal Gliwice | codziennie nowe informacje\" \/>\n<meta property=\"article:publisher\" content=\"https:\/\/www.facebook.com\/24gliwice\" \/>\n<meta property=\"article:published_time\" content=\"2018-06-13T11:22:54+00:00\" \/>\n<meta property=\"article:modified_time\" content=\"2018-06-13T11:35:42+00:00\" \/>\n<meta property=\"og:image\" content=\"https:\/\/www.24gliwice.pl\/wiadomosci\/wp-content\/uploads\/2018\/06\/radiostacja-wieza.jpg\" \/>\n\t<meta property=\"og:image:width\" content=\"810\" \/>\n\t<meta property=\"og:image:height\" content=\"457\" \/>\n\t<meta property=\"og:image:type\" content=\"image\/jpeg\" \/>\n<meta name=\"author\" content=\"\u017baneta Mrozek-Siewierska\" \/>\n<meta name=\"twitter:card\" content=\"summary_large_image\" \/>\n<meta name=\"twitter:creator\" content=\"@24gliwice\" \/>\n<meta name=\"twitter:site\" content=\"@24gliwice\" \/>\n<meta name=\"twitter:label1\" content=\"Napisane przez\" \/>\n\t<meta name=\"twitter:data1\" content=\"\u017baneta Mrozek-Siewierska\" \/>\n\t<meta name=\"twitter:label2\" content=\"Szacowany czas czytania\" \/>\n\t<meta name=\"twitter:data2\" content=\"1 minuta\" \/>\n<script type=\"application\/ld+json\" class=\"yoast-schema-graph\">{\"@context\":\"https:\\\/\\\/schema.org\",\"@graph\":[{\"@type\":\"Article\",\"@id\":\"https:\\\/\\\/www.24gliwice.pl\\\/wiadomosci\\\/radiostacja-w-gliwicach-przeglad-dokrecanie-srub\\\/#article\",\"isPartOf\":{\"@id\":\"https:\\\/\\\/www.24gliwice.pl\\\/wiadomosci\\\/radiostacja-w-gliwicach-przeglad-dokrecanie-srub\\\/\"},\"author\":{\"name\":\"\u017baneta Mrozek-Siewierska\",\"@id\":\"https:\\\/\\\/www.24gliwice.pl\\\/wiadomosci\\\/#\\\/schema\\\/person\\\/e42c650edd7f2fa332be3811fb166b6e\"},\"headline\":\"16 tysi\u0119cy \u015brub do dokr\u0119cenia, cz\u0119\u015b\u0107 na skutek napr\u0119\u017ce\u0144 wystrzeli\u0142a. Alpini\u015bci weszli na wie\u017c\u0119 Radiostacji\",\"datePublished\":\"2018-06-13T11:22:54+00:00\",\"dateModified\":\"2018-06-13T11:35:42+00:00\",\"mainEntityOfPage\":{\"@id\":\"https:\\\/\\\/www.24gliwice.pl\\\/wiadomosci\\\/radiostacja-w-gliwicach-przeglad-dokrecanie-srub\\\/\"},\"wordCount\":249,\"commentCount\":0,\"publisher\":{\"@id\":\"https:\\\/\\\/www.24gliwice.pl\\\/wiadomosci\\\/#organization\"},\"image\":{\"@id\":\"https:\\\/\\\/www.24gliwice.pl\\\/wiadomosci\\\/radiostacja-w-gliwicach-przeglad-dokrecanie-srub\\\/#primaryimage\"},\"thumbnailUrl\":\"https:\\\/\\\/www.24gliwice.pl\\\/wiadomosci\\\/wp-content\\\/uploads\\\/2018\\\/06\\\/radiostacja-wieza.jpg\",\"keywords\":[\"dokr\u0119caj\u0105 \u015bruby\",\"kope\u0107\",\"przegl\u0105d\",\"przegl\u0105d radiostacji\",\"RADIOSTACJA\",\"\u015aL\u0104SKA SIE\u0106 METROPOLITARNA\"],\"articleSection\":[\"Gliwice\",\"Najnowsze wiadomo\u015bci\",\"Portal Gliwice - Wiadomo\u015bci lokalne\"],\"inLanguage\":\"pl-PL\",\"potentialAction\":[{\"@type\":\"CommentAction\",\"name\":\"Comment\",\"target\":[\"https:\\\/\\\/www.24gliwice.pl\\\/wiadomosci\\\/radiostacja-w-gliwicach-przeglad-dokrecanie-srub\\\/#respond\"]}]},{\"@type\":\"WebPage\",\"@id\":\"https:\\\/\\\/www.24gliwice.pl\\\/wiadomosci\\\/radiostacja-w-gliwicach-przeglad-dokrecanie-srub\\\/\",\"url\":\"https:\\\/\\\/www.24gliwice.pl\\\/wiadomosci\\\/radiostacja-w-gliwicach-przeglad-dokrecanie-srub\\\/\",\"name\":\"16 tysi\u0119cy \u015brub do dokr\u0119cenia, cz\u0119\u015b\u0107 na skutek napr\u0119\u017ce\u0144 wystrzeli\u0142a. Alpini\u015bci weszli na wie\u017c\u0119 Radiostacji - 24GLIWICE - Portal Gliwice | codziennie nowe informacje\",\"isPartOf\":{\"@id\":\"https:\\\/\\\/www.24gliwice.pl\\\/wiadomosci\\\/#website\"},\"primaryImageOfPage\":{\"@id\":\"https:\\\/\\\/www.24gliwice.pl\\\/wiadomosci\\\/radiostacja-w-gliwicach-przeglad-dokrecanie-srub\\\/#primaryimage\"},\"image\":{\"@id\":\"https:\\\/\\\/www.24gliwice.pl\\\/wiadomosci\\\/radiostacja-w-gliwicach-przeglad-dokrecanie-srub\\\/#primaryimage\"},\"thumbnailUrl\":\"https:\\\/\\\/www.24gliwice.pl\\\/wiadomosci\\\/wp-content\\\/uploads\\\/2018\\\/06\\\/radiostacja-wieza.jpg\",\"datePublished\":\"2018-06-13T11:22:54+00:00\",\"dateModified\":\"2018-06-13T11:35:42+00:00\",\"breadcrumb\":{\"@id\":\"https:\\\/\\\/www.24gliwice.pl\\\/wiadomosci\\\/radiostacja-w-gliwicach-przeglad-dokrecanie-srub\\\/#breadcrumb\"},\"inLanguage\":\"pl-PL\",\"potentialAction\":[{\"@type\":\"ReadAction\",\"target\":[\"https:\\\/\\\/www.24gliwice.pl\\\/wiadomosci\\\/radiostacja-w-gliwicach-przeglad-dokrecanie-srub\\\/\"]}]},{\"@type\":\"ImageObject\",\"inLanguage\":\"pl-PL\",\"@id\":\"https:\\\/\\\/www.24gliwice.pl\\\/wiadomosci\\\/radiostacja-w-gliwicach-przeglad-dokrecanie-srub\\\/#primaryimage\",\"url\":\"https:\\\/\\\/www.24gliwice.pl\\\/wiadomosci\\\/wp-content\\\/uploads\\\/2018\\\/06\\\/radiostacja-wieza.jpg\",\"contentUrl\":\"https:\\\/\\\/www.24gliwice.pl\\\/wiadomosci\\\/wp-content\\\/uploads\\\/2018\\\/06\\\/radiostacja-wieza.jpg\",\"width\":810,\"height\":457},{\"@type\":\"BreadcrumbList\",\"@id\":\"https:\\\/\\\/www.24gliwice.pl\\\/wiadomosci\\\/radiostacja-w-gliwicach-przeglad-dokrecanie-srub\\\/#breadcrumb\",\"itemListElement\":[{\"@type\":\"ListItem\",\"position\":1,\"name\":\"Strona g\u0142\u00f3wna\",\"item\":\"https:\\\/\\\/www.24gliwice.pl\\\/wiadomosci\\\/\"},{\"@type\":\"ListItem\",\"position\":2,\"name\":\"16 tysi\u0119cy \u015brub do dokr\u0119cenia, cz\u0119\u015b\u0107 na skutek napr\u0119\u017ce\u0144 wystrzeli\u0142a. Alpini\u015bci weszli na wie\u017c\u0119 Radiostacji\"}]},{\"@type\":\"WebSite\",\"@id\":\"https:\\\/\\\/www.24gliwice.pl\\\/wiadomosci\\\/#website\",\"url\":\"https:\\\/\\\/www.24gliwice.pl\\\/wiadomosci\\\/\",\"name\":\"24GLIWICE - Portal Gliwice | codziennie nowe wiadomo\u015bci\",\"description\":\"Portal Miejski Gliwice\",\"publisher\":{\"@id\":\"https:\\\/\\\/www.24gliwice.pl\\\/wiadomosci\\\/#organization\"},\"potentialAction\":[{\"@type\":\"SearchAction\",\"target\":{\"@type\":\"EntryPoint\",\"urlTemplate\":\"https:\\\/\\\/www.24gliwice.pl\\\/wiadomosci\\\/?s={search_term_string}\"},\"query-input\":{\"@type\":\"PropertyValueSpecification\",\"valueRequired\":true,\"valueName\":\"search_term_string\"}}],\"inLanguage\":\"pl-PL\"},{\"@type\":\"Organization\",\"@id\":\"https:\\\/\\\/www.24gliwice.pl\\\/wiadomosci\\\/#organization\",\"name\":\"24gliwice\",\"url\":\"https:\\\/\\\/www.24gliwice.pl\\\/wiadomosci\\\/\",\"logo\":{\"@type\":\"ImageObject\",\"inLanguage\":\"pl-PL\",\"@id\":\"https:\\\/\\\/www.24gliwice.pl\\\/wiadomosci\\\/#\\\/schema\\\/logo\\\/image\\\/\",\"url\":\"https:\\\/\\\/www.24gliwice.pl\\\/wiadomosci\\\/wp-content\\\/uploads\\\/2024\\\/10\\\/24gliwice-logo-696.jpg\",\"contentUrl\":\"https:\\\/\\\/www.24gliwice.pl\\\/wiadomosci\\\/wp-content\\\/uploads\\\/2024\\\/10\\\/24gliwice-logo-696.jpg\",\"width\":696,\"height\":696,\"caption\":\"24gliwice\"},\"image\":{\"@id\":\"https:\\\/\\\/www.24gliwice.pl\\\/wiadomosci\\\/#\\\/schema\\\/logo\\\/image\\\/\"},\"sameAs\":[\"https:\\\/\\\/www.facebook.com\\\/24gliwice\",\"https:\\\/\\\/x.com\\\/24gliwice\",\"https:\\\/\\\/www.youtube.com\\\/@24gliwice\"]},{\"@type\":\"Person\",\"@id\":\"https:\\\/\\\/www.24gliwice.pl\\\/wiadomosci\\\/#\\\/schema\\\/person\\\/e42c650edd7f2fa332be3811fb166b6e\",\"name\":\"\u017baneta Mrozek-Siewierska\",\"image\":{\"@type\":\"ImageObject\",\"inLanguage\":\"pl-PL\",\"@id\":\"https:\\\/\\\/secure.gravatar.com\\\/avatar\\\/1881429e9c64597c77ad7aef2d0a19be69a3253e57534d16aa15bf3a4d34a0a3?s=96&d=mm&r=g\",\"url\":\"https:\\\/\\\/secure.gravatar.com\\\/avatar\\\/1881429e9c64597c77ad7aef2d0a19be69a3253e57534d16aa15bf3a4d34a0a3?s=96&d=mm&r=g\",\"contentUrl\":\"https:\\\/\\\/secure.gravatar.com\\\/avatar\\\/1881429e9c64597c77ad7aef2d0a19be69a3253e57534d16aa15bf3a4d34a0a3?s=96&d=mm&r=g\",\"caption\":\"\u017baneta Mrozek-Siewierska\"},\"url\":\"https:\\\/\\\/www.24gliwice.pl\\\/wiadomosci\\\/author\\\/zms\\\/\"}]}<\/script>\n<!-- \/ Yoast SEO plugin. -->","yoast_head_json":{"title":"16 tysi\u0119cy \u015brub do dokr\u0119cenia, cz\u0119\u015b\u0107 na skutek napr\u0119\u017ce\u0144 wystrzeli\u0142a. Alpini\u015bci weszli na wie\u017c\u0119 Radiostacji - 24GLIWICE - Portal Gliwice | codziennie nowe informacje","robots":{"index":"index","follow":"follow","max-snippet":"max-snippet:-1","max-image-preview":"max-image-preview:large","max-video-preview":"max-video-preview:-1"},"canonical":"https:\/\/www.24gliwice.pl\/wiadomosci\/radiostacja-w-gliwicach-przeglad-dokrecanie-srub\/","og_locale":"pl_PL","og_type":"article","og_title":"16 tysi\u0119cy \u015brub do dokr\u0119cenia, cz\u0119\u015b\u0107 na skutek napr\u0119\u017ce\u0144 wystrzeli\u0142a. Alpini\u015bci weszli na wie\u017c\u0119 Radiostacji - 24GLIWICE - Portal Gliwice | codziennie nowe informacje","og_description":"16 tys. mosi\u0119\u017cnych \u015brub dokr\u0119caj\u0105 alpini\u015bci przebywaj\u0105cy na najwy\u017cszej drewnianej konstrukcji w Europie. W miejscach, w kt\u00f3rych pod wp\u0142ywem rozpr\u0119\u017caj\u0105cego si\u0119 drewna \u015bruby wystrzeli\u0142y, nakr\u0119cane s\u0105 nowe. \u2013 Sprawdzamy stan st\u0119\u017ce\u0144 poziomych i uko\u015bnych drewnianych kratownic oraz prawid\u0142owo\u015b\u0107 dokr\u0119cenia 16 tys. mosi\u0119\u017cnych szpilek. Przegl\u0105d wypada pomy\u015blnie \u2013 po zimie wie\u017ca jest w dobrym stanie \u2013 [&hellip;]","og_url":"https:\/\/www.24gliwice.pl\/wiadomosci\/radiostacja-w-gliwicach-przeglad-dokrecanie-srub\/","og_site_name":"24GLIWICE - Portal Gliwice | codziennie nowe informacje","article_publisher":"https:\/\/www.facebook.com\/24gliwice","article_published_time":"2018-06-13T11:22:54+00:00","article_modified_time":"2018-06-13T11:35:42+00:00","og_image":[{"width":810,"height":457,"url":"https:\/\/www.24gliwice.pl\/wiadomosci\/wp-content\/uploads\/2018\/06\/radiostacja-wieza.jpg","type":"image\/jpeg"}],"author":"\u017baneta Mrozek-Siewierska","twitter_card":"summary_large_image","twitter_creator":"@24gliwice","twitter_site":"@24gliwice","twitter_misc":{"Napisane przez":"\u017baneta Mrozek-Siewierska","Szacowany czas czytania":"1 minuta"},"schema":{"@context":"https:\/\/schema.org","@graph":[{"@type":"Article","@id":"https:\/\/www.24gliwice.pl\/wiadomosci\/radiostacja-w-gliwicach-przeglad-dokrecanie-srub\/#article","isPartOf":{"@id":"https:\/\/www.24gliwice.pl\/wiadomosci\/radiostacja-w-gliwicach-przeglad-dokrecanie-srub\/"},"author":{"name":"\u017baneta Mrozek-Siewierska","@id":"https:\/\/www.24gliwice.pl\/wiadomosci\/#\/schema\/person\/e42c650edd7f2fa332be3811fb166b6e"},"headline":"16 tysi\u0119cy \u015brub do dokr\u0119cenia, cz\u0119\u015b\u0107 na skutek napr\u0119\u017ce\u0144 wystrzeli\u0142a. Alpini\u015bci weszli na wie\u017c\u0119 Radiostacji","datePublished":"2018-06-13T11:22:54+00:00","dateModified":"2018-06-13T11:35:42+00:00","mainEntityOfPage":{"@id":"https:\/\/www.24gliwice.pl\/wiadomosci\/radiostacja-w-gliwicach-przeglad-dokrecanie-srub\/"},"wordCount":249,"commentCount":0,"publisher":{"@id":"https:\/\/www.24gliwice.pl\/wiadomosci\/#organization"},"image":{"@id":"https:\/\/www.24gliwice.pl\/wiadomosci\/radiostacja-w-gliwicach-przeglad-dokrecanie-srub\/#primaryimage"},"thumbnailUrl":"https:\/\/www.24gliwice.pl\/wiadomosci\/wp-content\/uploads\/2018\/06\/radiostacja-wieza.jpg","keywords":["dokr\u0119caj\u0105 \u015bruby","kope\u0107","przegl\u0105d","przegl\u0105d radiostacji","RADIOSTACJA","\u015aL\u0104SKA SIE\u0106 METROPOLITARNA"],"articleSection":["Gliwice","Najnowsze wiadomo\u015bci","Portal Gliwice - Wiadomo\u015bci lokalne"],"inLanguage":"pl-PL","potentialAction":[{"@type":"CommentAction","name":"Comment","target":["https:\/\/www.24gliwice.pl\/wiadomosci\/radiostacja-w-gliwicach-przeglad-dokrecanie-srub\/#respond"]}]},{"@type":"WebPage","@id":"https:\/\/www.24gliwice.pl\/wiadomosci\/radiostacja-w-gliwicach-przeglad-dokrecanie-srub\/","url":"https:\/\/www.24gliwice.pl\/wiadomosci\/radiostacja-w-gliwicach-przeglad-dokrecanie-srub\/","name":"16 tysi\u0119cy \u015brub do dokr\u0119cenia, cz\u0119\u015b\u0107 na skutek napr\u0119\u017ce\u0144 wystrzeli\u0142a. Alpini\u015bci weszli na wie\u017c\u0119 Radiostacji - 24GLIWICE - Portal Gliwice | codziennie nowe informacje","isPartOf":{"@id":"https:\/\/www.24gliwice.pl\/wiadomosci\/#website"},"primaryImageOfPage":{"@id":"https:\/\/www.24gliwice.pl\/wiadomosci\/radiostacja-w-gliwicach-przeglad-dokrecanie-srub\/#primaryimage"},"image":{"@id":"https:\/\/www.24gliwice.pl\/wiadomosci\/radiostacja-w-gliwicach-przeglad-dokrecanie-srub\/#primaryimage"},"thumbnailUrl":"https:\/\/www.24gliwice.pl\/wiadomosci\/wp-content\/uploads\/2018\/06\/radiostacja-wieza.jpg","datePublished":"2018-06-13T11:22:54+00:00","dateModified":"2018-06-13T11:35:42+00:00","breadcrumb":{"@id":"https:\/\/www.24gliwice.pl\/wiadomosci\/radiostacja-w-gliwicach-przeglad-dokrecanie-srub\/#breadcrumb"},"inLanguage":"pl-PL","potentialAction":[{"@type":"ReadAction","target":["https:\/\/www.24gliwice.pl\/wiadomosci\/radiostacja-w-gliwicach-przeglad-dokrecanie-srub\/"]}]},{"@type":"ImageObject","inLanguage":"pl-PL","@id":"https:\/\/www.24gliwice.pl\/wiadomosci\/radiostacja-w-gliwicach-przeglad-dokrecanie-srub\/#primaryimage","url":"https:\/\/www.24gliwice.pl\/wiadomosci\/wp-content\/uploads\/2018\/06\/radiostacja-wieza.jpg","contentUrl":"https:\/\/www.24gliwice.pl\/wiadomosci\/wp-content\/uploads\/2018\/06\/radiostacja-wieza.jpg","width":810,"height":457},{"@type":"BreadcrumbList","@id":"https:\/\/www.24gliwice.pl\/wiadomosci\/radiostacja-w-gliwicach-przeglad-dokrecanie-srub\/#breadcrumb","itemListElement":[{"@type":"ListItem","position":1,"name":"Strona g\u0142\u00f3wna","item":"https:\/\/www.24gliwice.pl\/wiadomosci\/"},{"@type":"ListItem","position":2,"name":"16 tysi\u0119cy \u015brub do dokr\u0119cenia, cz\u0119\u015b\u0107 na skutek napr\u0119\u017ce\u0144 wystrzeli\u0142a. Alpini\u015bci weszli na wie\u017c\u0119 Radiostacji"}]},{"@type":"WebSite","@id":"https:\/\/www.24gliwice.pl\/wiadomosci\/#website","url":"https:\/\/www.24gliwice.pl\/wiadomosci\/","name":"24GLIWICE - Portal Gliwice | codziennie nowe wiadomo\u015bci","description":"Portal Miejski Gliwice","publisher":{"@id":"https:\/\/www.24gliwice.pl\/wiadomosci\/#organization"},"potentialAction":[{"@type":"SearchAction","target":{"@type":"EntryPoint","urlTemplate":"https:\/\/www.24gliwice.pl\/wiadomosci\/?s={search_term_string}"},"query-input":{"@type":"PropertyValueSpecification","valueRequired":true,"valueName":"search_term_string"}}],"inLanguage":"pl-PL"},{"@type":"Organization","@id":"https:\/\/www.24gliwice.pl\/wiadomosci\/#organization","name":"24gliwice","url":"https:\/\/www.24gliwice.pl\/wiadomosci\/","logo":{"@type":"ImageObject","inLanguage":"pl-PL","@id":"https:\/\/www.24gliwice.pl\/wiadomosci\/#\/schema\/logo\/image\/","url":"https:\/\/www.24gliwice.pl\/wiadomosci\/wp-content\/uploads\/2024\/10\/24gliwice-logo-696.jpg","contentUrl":"https:\/\/www.24gliwice.pl\/wiadomosci\/wp-content\/uploads\/2024\/10\/24gliwice-logo-696.jpg","width":696,"height":696,"caption":"24gliwice"},"image":{"@id":"https:\/\/www.24gliwice.pl\/wiadomosci\/#\/schema\/logo\/image\/"},"sameAs":["https:\/\/www.facebook.com\/24gliwice","https:\/\/x.com\/24gliwice","https:\/\/www.youtube.com\/@24gliwice"]},{"@type":"Person","@id":"https:\/\/www.24gliwice.pl\/wiadomosci\/#\/schema\/person\/e42c650edd7f2fa332be3811fb166b6e","name":"\u017baneta Mrozek-Siewierska","image":{"@type":"ImageObject","inLanguage":"pl-PL","@id":"https:\/\/secure.gravatar.com\/avatar\/1881429e9c64597c77ad7aef2d0a19be69a3253e57534d16aa15bf3a4d34a0a3?s=96&d=mm&r=g","url":"https:\/\/secure.gravatar.com\/avatar\/1881429e9c64597c77ad7aef2d0a19be69a3253e57534d16aa15bf3a4d34a0a3?s=96&d=mm&r=g","contentUrl":"https:\/\/secure.gravatar.com\/avatar\/1881429e9c64597c77ad7aef2d0a19be69a3253e57534d16aa15bf3a4d34a0a3?s=96&d=mm&r=g","caption":"\u017baneta Mrozek-Siewierska"},"url":"https:\/\/www.24gliwice.pl\/wiadomosci\/author\/zms\/"}]}},"_links":{"self":[{"href":"https:\/\/www.24gliwice.pl\/wiadomosci\/wp-json\/wp\/v2\/posts\/118569","targetHints":{"allow":["GET"]}}],"collection":[{"href":"https:\/\/www.24gliwice.pl\/wiadomosci\/wp-json\/wp\/v2\/posts"}],"about":[{"href":"https:\/\/www.24gliwice.pl\/wiadomosci\/wp-json\/wp\/v2\/types\/post"}],"author":[{"embeddable":true,"href":"https:\/\/www.24gliwice.pl\/wiadomosci\/wp-json\/wp\/v2\/users\/15"}],"replies":[{"embeddable":true,"href":"https:\/\/www.24gliwice.pl\/wiadomosci\/wp-json\/wp\/v2\/comments?post=118569"}],"version-history":[{"count":0,"href":"https:\/\/www.24gliwice.pl\/wiadomosci\/wp-json\/wp\/v2\/posts\/118569\/revisions"}],"wp:featuredmedia":[{"embeddable":true,"href":"https:\/\/www.24gliwice.pl\/wiadomosci\/wp-json\/wp\/v2\/media\/118600"}],"wp:attachment":[{"href":"https:\/\/www.24gliwice.pl\/wiadomosci\/wp-json\/wp\/v2\/media?parent=118569"}],"wp:term":[{"taxonomy":"category","embeddable":true,"href":"https:\/\/www.24gliwice.pl\/wiadomosci\/wp-json\/wp\/v2\/categories?post=118569"},{"taxonomy":"post_tag","embeddable":true,"href":"https:\/\/www.24gliwice.pl\/wiadomosci\/wp-json\/wp\/v2\/tags?post=118569"}],"curies":[{"name":"wp","href":"https:\/\/api.w.org\/{rel}","templated":true}]}}