{"id":118640,"date":"2018-06-15T01:49:36","date_gmt":"2018-06-14T23:49:36","guid":{"rendered":"https:\/\/www.24gliwice.pl\/wiadomosci\/?p=118640"},"modified":"2018-06-15T02:00:36","modified_gmt":"2018-06-15T00:00:36","slug":"najstarsza-polka-mieszka-w-gliwicach-zawsze-lubila-jesc-tlusto-wszystko-na-smalcu","status":"publish","type":"post","link":"https:\/\/www.24gliwice.pl\/wiadomosci\/najstarsza-polka-mieszka-w-gliwicach-zawsze-lubila-jesc-tlusto-wszystko-na-smalcu\/","title":{"rendered":"Najstarsza Polka mieszka w Gliwicach. &#8220;Zawsze lubi\u0142a je\u015b\u0107 t\u0142usto, wszystko na smalcu&#8221;"},"content":{"rendered":"<div class=\"gliwi-a6-nad-leadem-artykulow gliwi-entity-placement\" id=\"gliwi-141220245\"><div class=\"gliwi-adlabel\"><span style=\"font-size: 9px\">REKLAMA<\/span><\/div><div id=\"gliwi-1293449739\" style=\"margin-bottom: 25px;margin-left: auto;margin-right: auto;text-align: center;\"><a data-no-instant=\"1\" href=\"https:\/\/dom100.eu\/\" rel=\"noopener\" class=\"a2t-link\" target=\"_blank\" aria-label=\"20260415 DOM100 D\"><img loading=\"lazy\" decoding=\"async\" src=\"https:\/\/www.24gliwice.pl\/wiadomosci\/wp-content\/uploads\/2026\/04\/20260415-DOM100-D.jpg\" alt=\"\"  srcset=\"https:\/\/www.24gliwice.pl\/wiadomosci\/wp-content\/uploads\/2026\/04\/20260415-DOM100-D.jpg 750w, https:\/\/www.24gliwice.pl\/wiadomosci\/wp-content\/uploads\/2026\/04\/20260415-DOM100-D-410x109.jpg 410w\" sizes=\"(max-width: 750px) 100vw, 750px\" class=\"no-lazyload\" width=\"750\" height=\"200\"  style=\"display: inline-block; max-width: 100%; height: auto;\" \/><\/a><\/div><\/div><h3>112 lat sko\u0144czy\u0142a 10 czerwca pani Tekla Juniewicz z Gliwic. Z tej okazji szacown\u0105 jubilatk\u0119 odwiedzi\u0142 wojewoda \u015bl\u0105ski Jaros\u0142aw Wieczorek.<\/h3>\n<p>\u2013 To niezwyk\u0142y wiek i ciesz\u0119 si\u0119, \u017ce moje rodzinne miasto mo\u017ce si\u0119 chwali\u0107 takimi mieszka\u0144cami. \u017bycz\u0119 kolejnych lat w zdrowiu i b\u0142ogos\u0142awie\u0144stwa Bo\u017cego na ka\u017cdy dzie\u0144 \u2013 m\u00f3wi\u0142 wojewoda sk\u0142adaj\u0105c pani <strong>Tekli<\/strong> \u017cyczenia. Wr\u0119czy\u0142 tak\u017ce kwiaty i upominki od Prezydenta RP <strong>Andrzeja Dudy<\/strong> oraz Prezesa Rady Ministr\u00f3w <strong>Mateusza Morawieckiego<\/strong>.<\/p>\n<p>&#8211; Jest mi niezmierni mi\u0142o z\u0142o\u017cy\u0107, ju\u017c po raz drugi, serdeczne \u017cyczenia urodzinowe, tym razem z okazji niezwyk\u0142ej, Sto Dwunastej rocznicy. W tym wa\u017cnym i uroczystym momencie pragn\u0119 \u017cyczy\u0107 Pani szybkiego powrotu do zdrowia i wszelkiej pomy\u015blno\u015bci, aby kolejne dni up\u0142ywa\u0142y z spokoju, w otoczeniu bliskich, kochaj\u0105cych os\u00f3b \u2013 napisa\u0142 w specjalnym li\u015bcie Prezydent Andrzej Duda.<\/p><div class=\"gliwi-a3-w-tresci-artykulow gliwi-entity-placement\" id=\"gliwi-1930158735\"><div class=\"gliwi-adlabel\"><span style=\"font-size: 9px\">REKLAMA<\/span><\/div><div id=\"gliwi-580342908\" style=\"margin-bottom: 30px;margin-left: auto;margin-right: auto;text-align: center;\"><a data-no-instant=\"1\" href=\"https:\/\/ogrodyandersa.pl\/\" rel=\"noopener\" class=\"a2t-link\" target=\"_blank\" aria-label=\"20260415 Ogrody Andersa KUP TERAZ D\"><img loading=\"lazy\" decoding=\"async\" src=\"https:\/\/www.24gliwice.pl\/wiadomosci\/wp-content\/uploads\/2026\/04\/20260415-Ogrody-Andersa-KUP-TERAZ-D.jpg\" alt=\"\"  srcset=\"https:\/\/www.24gliwice.pl\/wiadomosci\/wp-content\/uploads\/2026\/04\/20260415-Ogrody-Andersa-KUP-TERAZ-D.jpg 750w, https:\/\/www.24gliwice.pl\/wiadomosci\/wp-content\/uploads\/2026\/04\/20260415-Ogrody-Andersa-KUP-TERAZ-D-410x109.jpg 410w\" sizes=\"(max-width: 750px) 100vw, 750px\" class=\"no-lazyload\" width=\"750\" height=\"200\"  style=\"display: inline-block; max-width: 100%; height: auto;\" \/><\/a><\/div><\/div>\n<p>&#8211; Sto dwana\u015bcie lat \u017cycia to pow\u00f3d do wielkiej rado\u015bci i dumy. Jest Pani najstarsz\u0105 obywatelk\u0105 Rzeczypospolitej Polskiej. Dane by\u0142o Pani prze\u017cy\u0107 ponad wiek historii, polskiej historii, do\u015bwiadczy\u0107 rado\u015bci i trosk zwi\u0105zanych z dziejami naszej Ojczyzny. Pani \u017cycie to skarbnica wiedzy dla kolejnych pokole\u0144 Polak\u00f3w. (\u2026) W imieniu Rz\u0105du Rzeczypospolitej Polskiej kieruj\u0119 do Pani s\u0142owa wdzi\u0119czno\u015bci za wysi\u0142ek i owoce minionych stu dwunastu lat. W wyj\u0105tkowym dla naszej Ojczyzny stulecia polskiej niepodleg\u0142o\u015bci prosz\u0119 o przyj\u0119cie najlepszych \u017cycze\u0144 dobrego zdrowia i pogody ducha \u2013 \u017cyczy\u0142 tak\u017ce Premier Morawiecki.<\/p>\n[perfectpullquote align=&#8221;full&#8221; bordertop=&#8221;false&#8221; cite=&#8221;&#8221; link=&#8221;&#8221; color=&#8221;&#8221; class=&#8221;&#8221; size=&#8221;&#8221;]Pani Tekla, mimo i\u017c ostatnio podupad\u0142a na zdrowiu, nadal jest pe\u0142na werwy.[\/perfectpullquote]\n<p>&#8211; Adam, tam stoi wiadro, nalej wody i w\u0142\u00f3\u017c kwiaty \u2013 zadysponowa\u0142a wnuczkowi, panu Adamowi, gdy odebra\u0142a bukiety od wojewody. Z uwag\u0105 przys\u0142uchiwa\u0142a si\u0119 tak\u017ce listom, kt\u00f3re odczyta\u0142 jej <strong>Jaros\u0142aw Wieczorek<\/strong>.<\/p>\n<p>112 \u2013 latka urodzi\u0142a si\u0119 w Krupsku, niedaleko Lwowa. Po \u015blubie opiekowa\u0142a si\u0119 dzie\u0107mi (dwiema c\u00f3rkami) oraz prowadzi\u0142a dom. \u2013 Mam\u0119 pami\u0119tam jako bardzo eleganck\u0105 kobiet\u0119, zadban\u0105 i w kapeluszach \u2013 wspomina jej c\u00f3rka, 89-letnia pani Urszula. M\u0105\u017c pani Tekli, starszy o 20 lat, by\u0142 w kadrze zarz\u0105dzaj\u0105cej kopalni\u0105 w Borys\u0142awiu. Dlatego te\u017c systematycznie odwiedza\u0142a Warszaw\u0119. \u2013 Babcia je\u017adzi\u0142a na defilady z Pi\u0142sudskim \u2013 opowiada jej wnuk, <strong>Adam Stachowski<\/strong>. Gliwiczanka nigdy nie uprawia\u0142a \u017cadnych sport\u00f3w, mimo to cieszy\u0142a si\u0119 doskona\u0142\u0105 form\u0105. \u2013 Zawsze lubi\u0142a je\u015b\u0107 t\u0142usto, wszystko na smalcu, du\u017co jajek. Piek\u0142a fantastyczne torty i robi\u0142a przepyszne pieczyste \u2013 wspomina pan Adam.<\/p>\n<p>(\u017cms)\/UW Katowice<br \/>\nfot. UW Katowice<\/p>\n<div class=\"gliwi-a5-na-koncu-artykulow gliwi-entity-placement\" id=\"gliwi-1041317965\"><div class=\"gliwi-adlabel\"><span style=\"font-size: 9px\">REKLAMA<\/span><\/div><div id=\"gliwi-1640435961\" style=\"margin-left: auto;margin-right: auto;text-align: center;\"><a data-no-instant=\"1\" href=\"https:\/\/www.jasek.pl\/\" rel=\"noopener\" class=\"a2t-link\" target=\"_blank\" aria-label=\"20200401-jasek 600\"><img loading=\"lazy\" decoding=\"async\" src=\"https:\/\/www.24gliwice.pl\/wiadomosci\/wp-content\/uploads\/2020\/04\/20200401-jasek-600.jpg\" alt=\"\"  srcset=\"https:\/\/www.24gliwice.pl\/wiadomosci\/wp-content\/uploads\/2020\/04\/20200401-jasek-600.jpg 600w, https:\/\/www.24gliwice.pl\/wiadomosci\/wp-content\/uploads\/2020\/04\/20200401-jasek-600-410x109.jpg 410w\" sizes=\"(max-width: 600px) 100vw, 600px\" class=\"no-lazyload\" width=\"600\" height=\"160\"  style=\"display: inline-block; max-width: 100%; height: auto;\" \/><\/a><\/div><\/div>","protected":false},"excerpt":{"rendered":"<p>112 lat sko\u0144czy\u0142a 10 czerwca pani Tekla Juniewicz z Gliwic. Z tej okazji szacown\u0105 jubilatk\u0119 odwiedzi\u0142 wojewoda \u015bl\u0105ski Jaros\u0142aw Wieczorek. \u2013 To niezwyk\u0142y wiek i ciesz\u0119 si\u0119, \u017ce moje rodzinne miasto mo\u017ce si\u0119 chwali\u0107 takimi mieszka\u0144cami. \u017bycz\u0119 kolejnych lat w zdrowiu i b\u0142ogos\u0142awie\u0144stwa Bo\u017cego na ka\u017cdy dzie\u0144 \u2013 m\u00f3wi\u0142 wojewoda sk\u0142adaj\u0105c pani Tekli \u017cyczenia. Wr\u0119czy\u0142 [&hellip;]<\/p>\n","protected":false},"author":15,"featured_media":118673,"comment_status":"open","ping_status":"closed","sticky":false,"template":"","format":"standard","meta":{"_monsterinsights_skip_tracking":false,"_monsterinsights_sitenote_active":false,"_monsterinsights_sitenote_note":"","_monsterinsights_sitenote_category":0,"footnotes":"","_links_to":"","_links_to_target":""},"categories":[3,1,9],"tags":[688,9561,12626,11177,12628,11551],"class_list":["post-118640","post","type-post","status-publish","format-standard","has-post-thumbnail","hentry","category-gliwice","category-wszystko","category-aktualnosci_lokalne","tag-jaroslaw-wieczorek","tag-najstarsza-gliwiczanka","tag-najstarsza-polka","tag-senior","tag-seniorka","tag-wojewoda"],"yoast_head":"<!-- This site is optimized with the Yoast SEO plugin v27.5 - https:\/\/yoast.com\/product\/yoast-seo-wordpress\/ -->\n<title>Najstarsza Polka mieszka w Gliwicach. &quot;Zawsze lubi\u0142a je\u015b\u0107 t\u0142usto, wszystko na smalcu&quot; - 24GLIWICE - Portal Gliwice | codziennie nowe informacje<\/title>\n<meta name=\"robots\" content=\"index, follow, max-snippet:-1, max-image-preview:large, max-video-preview:-1\" \/>\n<link rel=\"canonical\" href=\"https:\/\/www.24gliwice.pl\/wiadomosci\/najstarsza-polka-mieszka-w-gliwicach-zawsze-lubila-jesc-tlusto-wszystko-na-smalcu\/\" \/>\n<meta property=\"og:locale\" content=\"pl_PL\" \/>\n<meta property=\"og:type\" content=\"article\" \/>\n<meta property=\"og:title\" content=\"Najstarsza Polka mieszka w Gliwicach. &quot;Zawsze lubi\u0142a je\u015b\u0107 t\u0142usto, wszystko na smalcu&quot; - 24GLIWICE - Portal Gliwice | codziennie nowe informacje\" \/>\n<meta property=\"og:description\" content=\"112 lat sko\u0144czy\u0142a 10 czerwca pani Tekla Juniewicz z Gliwic. Z tej okazji szacown\u0105 jubilatk\u0119 odwiedzi\u0142 wojewoda \u015bl\u0105ski Jaros\u0142aw Wieczorek. \u2013 To niezwyk\u0142y wiek i ciesz\u0119 si\u0119, \u017ce moje rodzinne miasto mo\u017ce si\u0119 chwali\u0107 takimi mieszka\u0144cami. \u017bycz\u0119 kolejnych lat w zdrowiu i b\u0142ogos\u0142awie\u0144stwa Bo\u017cego na ka\u017cdy dzie\u0144 \u2013 m\u00f3wi\u0142 wojewoda sk\u0142adaj\u0105c pani Tekli \u017cyczenia. Wr\u0119czy\u0142 [&hellip;]\" \/>\n<meta property=\"og:url\" content=\"https:\/\/www.24gliwice.pl\/wiadomosci\/najstarsza-polka-mieszka-w-gliwicach-zawsze-lubila-jesc-tlusto-wszystko-na-smalcu\/\" \/>\n<meta property=\"og:site_name\" content=\"24GLIWICE - Portal Gliwice | codziennie nowe informacje\" \/>\n<meta property=\"article:publisher\" content=\"https:\/\/www.facebook.com\/24gliwice\" \/>\n<meta property=\"article:published_time\" content=\"2018-06-14T23:49:36+00:00\" \/>\n<meta property=\"article:modified_time\" content=\"2018-06-15T00:00:36+00:00\" \/>\n<meta property=\"og:image\" content=\"https:\/\/www.24gliwice.pl\/wiadomosci\/wp-content\/uploads\/2018\/06\/1-najstarsza-polka.jpg\" \/>\n\t<meta property=\"og:image:width\" content=\"810\" \/>\n\t<meta property=\"og:image:height\" content=\"455\" \/>\n\t<meta property=\"og:image:type\" content=\"image\/jpeg\" \/>\n<meta name=\"author\" content=\"\u017baneta Mrozek-Siewierska\" \/>\n<meta name=\"twitter:card\" content=\"summary_large_image\" \/>\n<meta name=\"twitter:creator\" content=\"@24gliwice\" \/>\n<meta name=\"twitter:site\" content=\"@24gliwice\" \/>\n<meta name=\"twitter:label1\" content=\"Napisane przez\" \/>\n\t<meta name=\"twitter:data1\" content=\"\u017baneta Mrozek-Siewierska\" \/>\n\t<meta name=\"twitter:label2\" content=\"Szacowany czas czytania\" \/>\n\t<meta name=\"twitter:data2\" content=\"2 minuty\" \/>\n<script type=\"application\/ld+json\" class=\"yoast-schema-graph\">{\"@context\":\"https:\\\/\\\/schema.org\",\"@graph\":[{\"@type\":\"Article\",\"@id\":\"https:\\\/\\\/www.24gliwice.pl\\\/wiadomosci\\\/najstarsza-polka-mieszka-w-gliwicach-zawsze-lubila-jesc-tlusto-wszystko-na-smalcu\\\/#article\",\"isPartOf\":{\"@id\":\"https:\\\/\\\/www.24gliwice.pl\\\/wiadomosci\\\/najstarsza-polka-mieszka-w-gliwicach-zawsze-lubila-jesc-tlusto-wszystko-na-smalcu\\\/\"},\"author\":{\"name\":\"\u017baneta Mrozek-Siewierska\",\"@id\":\"https:\\\/\\\/www.24gliwice.pl\\\/wiadomosci\\\/#\\\/schema\\\/person\\\/e42c650edd7f2fa332be3811fb166b6e\"},\"headline\":\"Najstarsza Polka mieszka w Gliwicach. &#8220;Zawsze lubi\u0142a je\u015b\u0107 t\u0142usto, wszystko na smalcu&#8221;\",\"datePublished\":\"2018-06-14T23:49:36+00:00\",\"dateModified\":\"2018-06-15T00:00:36+00:00\",\"mainEntityOfPage\":{\"@id\":\"https:\\\/\\\/www.24gliwice.pl\\\/wiadomosci\\\/najstarsza-polka-mieszka-w-gliwicach-zawsze-lubila-jesc-tlusto-wszystko-na-smalcu\\\/\"},\"wordCount\":452,\"commentCount\":0,\"publisher\":{\"@id\":\"https:\\\/\\\/www.24gliwice.pl\\\/wiadomosci\\\/#organization\"},\"image\":{\"@id\":\"https:\\\/\\\/www.24gliwice.pl\\\/wiadomosci\\\/najstarsza-polka-mieszka-w-gliwicach-zawsze-lubila-jesc-tlusto-wszystko-na-smalcu\\\/#primaryimage\"},\"thumbnailUrl\":\"https:\\\/\\\/www.24gliwice.pl\\\/wiadomosci\\\/wp-content\\\/uploads\\\/2018\\\/06\\\/1-najstarsza-polka.jpg\",\"keywords\":[\"JAROS\u0141AW WIECZOREK\",\"najstarsza gliwiczanka\",\"najstarsza polka\",\"senior\",\"seniorka\",\"wojewoda\"],\"articleSection\":[\"Gliwice\",\"Najnowsze wiadomo\u015bci\",\"Portal Gliwice - Wiadomo\u015bci lokalne\"],\"inLanguage\":\"pl-PL\",\"potentialAction\":[{\"@type\":\"CommentAction\",\"name\":\"Comment\",\"target\":[\"https:\\\/\\\/www.24gliwice.pl\\\/wiadomosci\\\/najstarsza-polka-mieszka-w-gliwicach-zawsze-lubila-jesc-tlusto-wszystko-na-smalcu\\\/#respond\"]}]},{\"@type\":\"WebPage\",\"@id\":\"https:\\\/\\\/www.24gliwice.pl\\\/wiadomosci\\\/najstarsza-polka-mieszka-w-gliwicach-zawsze-lubila-jesc-tlusto-wszystko-na-smalcu\\\/\",\"url\":\"https:\\\/\\\/www.24gliwice.pl\\\/wiadomosci\\\/najstarsza-polka-mieszka-w-gliwicach-zawsze-lubila-jesc-tlusto-wszystko-na-smalcu\\\/\",\"name\":\"Najstarsza Polka mieszka w Gliwicach. \\\"Zawsze lubi\u0142a je\u015b\u0107 t\u0142usto, wszystko na smalcu\\\" - 24GLIWICE - Portal Gliwice | codziennie nowe informacje\",\"isPartOf\":{\"@id\":\"https:\\\/\\\/www.24gliwice.pl\\\/wiadomosci\\\/#website\"},\"primaryImageOfPage\":{\"@id\":\"https:\\\/\\\/www.24gliwice.pl\\\/wiadomosci\\\/najstarsza-polka-mieszka-w-gliwicach-zawsze-lubila-jesc-tlusto-wszystko-na-smalcu\\\/#primaryimage\"},\"image\":{\"@id\":\"https:\\\/\\\/www.24gliwice.pl\\\/wiadomosci\\\/najstarsza-polka-mieszka-w-gliwicach-zawsze-lubila-jesc-tlusto-wszystko-na-smalcu\\\/#primaryimage\"},\"thumbnailUrl\":\"https:\\\/\\\/www.24gliwice.pl\\\/wiadomosci\\\/wp-content\\\/uploads\\\/2018\\\/06\\\/1-najstarsza-polka.jpg\",\"datePublished\":\"2018-06-14T23:49:36+00:00\",\"dateModified\":\"2018-06-15T00:00:36+00:00\",\"breadcrumb\":{\"@id\":\"https:\\\/\\\/www.24gliwice.pl\\\/wiadomosci\\\/najstarsza-polka-mieszka-w-gliwicach-zawsze-lubila-jesc-tlusto-wszystko-na-smalcu\\\/#breadcrumb\"},\"inLanguage\":\"pl-PL\",\"potentialAction\":[{\"@type\":\"ReadAction\",\"target\":[\"https:\\\/\\\/www.24gliwice.pl\\\/wiadomosci\\\/najstarsza-polka-mieszka-w-gliwicach-zawsze-lubila-jesc-tlusto-wszystko-na-smalcu\\\/\"]}]},{\"@type\":\"ImageObject\",\"inLanguage\":\"pl-PL\",\"@id\":\"https:\\\/\\\/www.24gliwice.pl\\\/wiadomosci\\\/najstarsza-polka-mieszka-w-gliwicach-zawsze-lubila-jesc-tlusto-wszystko-na-smalcu\\\/#primaryimage\",\"url\":\"https:\\\/\\\/www.24gliwice.pl\\\/wiadomosci\\\/wp-content\\\/uploads\\\/2018\\\/06\\\/1-najstarsza-polka.jpg\",\"contentUrl\":\"https:\\\/\\\/www.24gliwice.pl\\\/wiadomosci\\\/wp-content\\\/uploads\\\/2018\\\/06\\\/1-najstarsza-polka.jpg\",\"width\":810,\"height\":455},{\"@type\":\"BreadcrumbList\",\"@id\":\"https:\\\/\\\/www.24gliwice.pl\\\/wiadomosci\\\/najstarsza-polka-mieszka-w-gliwicach-zawsze-lubila-jesc-tlusto-wszystko-na-smalcu\\\/#breadcrumb\",\"itemListElement\":[{\"@type\":\"ListItem\",\"position\":1,\"name\":\"Strona g\u0142\u00f3wna\",\"item\":\"https:\\\/\\\/www.24gliwice.pl\\\/wiadomosci\\\/\"},{\"@type\":\"ListItem\",\"position\":2,\"name\":\"Najstarsza Polka mieszka w Gliwicach. &#8222;Zawsze lubi\u0142a je\u015b\u0107 t\u0142usto, wszystko na smalcu&#8221;\"}]},{\"@type\":\"WebSite\",\"@id\":\"https:\\\/\\\/www.24gliwice.pl\\\/wiadomosci\\\/#website\",\"url\":\"https:\\\/\\\/www.24gliwice.pl\\\/wiadomosci\\\/\",\"name\":\"24GLIWICE - Portal Gliwice | codziennie nowe wiadomo\u015bci\",\"description\":\"Portal Miejski Gliwice\",\"publisher\":{\"@id\":\"https:\\\/\\\/www.24gliwice.pl\\\/wiadomosci\\\/#organization\"},\"potentialAction\":[{\"@type\":\"SearchAction\",\"target\":{\"@type\":\"EntryPoint\",\"urlTemplate\":\"https:\\\/\\\/www.24gliwice.pl\\\/wiadomosci\\\/?s={search_term_string}\"},\"query-input\":{\"@type\":\"PropertyValueSpecification\",\"valueRequired\":true,\"valueName\":\"search_term_string\"}}],\"inLanguage\":\"pl-PL\"},{\"@type\":\"Organization\",\"@id\":\"https:\\\/\\\/www.24gliwice.pl\\\/wiadomosci\\\/#organization\",\"name\":\"24gliwice\",\"url\":\"https:\\\/\\\/www.24gliwice.pl\\\/wiadomosci\\\/\",\"logo\":{\"@type\":\"ImageObject\",\"inLanguage\":\"pl-PL\",\"@id\":\"https:\\\/\\\/www.24gliwice.pl\\\/wiadomosci\\\/#\\\/schema\\\/logo\\\/image\\\/\",\"url\":\"https:\\\/\\\/www.24gliwice.pl\\\/wiadomosci\\\/wp-content\\\/uploads\\\/2024\\\/10\\\/24gliwice-logo-696.jpg\",\"contentUrl\":\"https:\\\/\\\/www.24gliwice.pl\\\/wiadomosci\\\/wp-content\\\/uploads\\\/2024\\\/10\\\/24gliwice-logo-696.jpg\",\"width\":696,\"height\":696,\"caption\":\"24gliwice\"},\"image\":{\"@id\":\"https:\\\/\\\/www.24gliwice.pl\\\/wiadomosci\\\/#\\\/schema\\\/logo\\\/image\\\/\"},\"sameAs\":[\"https:\\\/\\\/www.facebook.com\\\/24gliwice\",\"https:\\\/\\\/x.com\\\/24gliwice\",\"https:\\\/\\\/www.youtube.com\\\/@24gliwice\"]},{\"@type\":\"Person\",\"@id\":\"https:\\\/\\\/www.24gliwice.pl\\\/wiadomosci\\\/#\\\/schema\\\/person\\\/e42c650edd7f2fa332be3811fb166b6e\",\"name\":\"\u017baneta Mrozek-Siewierska\",\"image\":{\"@type\":\"ImageObject\",\"inLanguage\":\"pl-PL\",\"@id\":\"https:\\\/\\\/secure.gravatar.com\\\/avatar\\\/1881429e9c64597c77ad7aef2d0a19be69a3253e57534d16aa15bf3a4d34a0a3?s=96&d=mm&r=g\",\"url\":\"https:\\\/\\\/secure.gravatar.com\\\/avatar\\\/1881429e9c64597c77ad7aef2d0a19be69a3253e57534d16aa15bf3a4d34a0a3?s=96&d=mm&r=g\",\"contentUrl\":\"https:\\\/\\\/secure.gravatar.com\\\/avatar\\\/1881429e9c64597c77ad7aef2d0a19be69a3253e57534d16aa15bf3a4d34a0a3?s=96&d=mm&r=g\",\"caption\":\"\u017baneta Mrozek-Siewierska\"},\"url\":\"https:\\\/\\\/www.24gliwice.pl\\\/wiadomosci\\\/author\\\/zms\\\/\"}]}<\/script>\n<!-- \/ Yoast SEO plugin. -->","yoast_head_json":{"title":"Najstarsza Polka mieszka w Gliwicach. \"Zawsze lubi\u0142a je\u015b\u0107 t\u0142usto, wszystko na smalcu\" - 24GLIWICE - Portal Gliwice | codziennie nowe informacje","robots":{"index":"index","follow":"follow","max-snippet":"max-snippet:-1","max-image-preview":"max-image-preview:large","max-video-preview":"max-video-preview:-1"},"canonical":"https:\/\/www.24gliwice.pl\/wiadomosci\/najstarsza-polka-mieszka-w-gliwicach-zawsze-lubila-jesc-tlusto-wszystko-na-smalcu\/","og_locale":"pl_PL","og_type":"article","og_title":"Najstarsza Polka mieszka w Gliwicach. \"Zawsze lubi\u0142a je\u015b\u0107 t\u0142usto, wszystko na smalcu\" - 24GLIWICE - Portal Gliwice | codziennie nowe informacje","og_description":"112 lat sko\u0144czy\u0142a 10 czerwca pani Tekla Juniewicz z Gliwic. Z tej okazji szacown\u0105 jubilatk\u0119 odwiedzi\u0142 wojewoda \u015bl\u0105ski Jaros\u0142aw Wieczorek. \u2013 To niezwyk\u0142y wiek i ciesz\u0119 si\u0119, \u017ce moje rodzinne miasto mo\u017ce si\u0119 chwali\u0107 takimi mieszka\u0144cami. \u017bycz\u0119 kolejnych lat w zdrowiu i b\u0142ogos\u0142awie\u0144stwa Bo\u017cego na ka\u017cdy dzie\u0144 \u2013 m\u00f3wi\u0142 wojewoda sk\u0142adaj\u0105c pani Tekli \u017cyczenia. Wr\u0119czy\u0142 [&hellip;]","og_url":"https:\/\/www.24gliwice.pl\/wiadomosci\/najstarsza-polka-mieszka-w-gliwicach-zawsze-lubila-jesc-tlusto-wszystko-na-smalcu\/","og_site_name":"24GLIWICE - Portal Gliwice | codziennie nowe informacje","article_publisher":"https:\/\/www.facebook.com\/24gliwice","article_published_time":"2018-06-14T23:49:36+00:00","article_modified_time":"2018-06-15T00:00:36+00:00","og_image":[{"width":810,"height":455,"url":"https:\/\/www.24gliwice.pl\/wiadomosci\/wp-content\/uploads\/2018\/06\/1-najstarsza-polka.jpg","type":"image\/jpeg"}],"author":"\u017baneta Mrozek-Siewierska","twitter_card":"summary_large_image","twitter_creator":"@24gliwice","twitter_site":"@24gliwice","twitter_misc":{"Napisane przez":"\u017baneta Mrozek-Siewierska","Szacowany czas czytania":"2 minuty"},"schema":{"@context":"https:\/\/schema.org","@graph":[{"@type":"Article","@id":"https:\/\/www.24gliwice.pl\/wiadomosci\/najstarsza-polka-mieszka-w-gliwicach-zawsze-lubila-jesc-tlusto-wszystko-na-smalcu\/#article","isPartOf":{"@id":"https:\/\/www.24gliwice.pl\/wiadomosci\/najstarsza-polka-mieszka-w-gliwicach-zawsze-lubila-jesc-tlusto-wszystko-na-smalcu\/"},"author":{"name":"\u017baneta Mrozek-Siewierska","@id":"https:\/\/www.24gliwice.pl\/wiadomosci\/#\/schema\/person\/e42c650edd7f2fa332be3811fb166b6e"},"headline":"Najstarsza Polka mieszka w Gliwicach. &#8220;Zawsze lubi\u0142a je\u015b\u0107 t\u0142usto, wszystko na smalcu&#8221;","datePublished":"2018-06-14T23:49:36+00:00","dateModified":"2018-06-15T00:00:36+00:00","mainEntityOfPage":{"@id":"https:\/\/www.24gliwice.pl\/wiadomosci\/najstarsza-polka-mieszka-w-gliwicach-zawsze-lubila-jesc-tlusto-wszystko-na-smalcu\/"},"wordCount":452,"commentCount":0,"publisher":{"@id":"https:\/\/www.24gliwice.pl\/wiadomosci\/#organization"},"image":{"@id":"https:\/\/www.24gliwice.pl\/wiadomosci\/najstarsza-polka-mieszka-w-gliwicach-zawsze-lubila-jesc-tlusto-wszystko-na-smalcu\/#primaryimage"},"thumbnailUrl":"https:\/\/www.24gliwice.pl\/wiadomosci\/wp-content\/uploads\/2018\/06\/1-najstarsza-polka.jpg","keywords":["JAROS\u0141AW WIECZOREK","najstarsza gliwiczanka","najstarsza polka","senior","seniorka","wojewoda"],"articleSection":["Gliwice","Najnowsze wiadomo\u015bci","Portal Gliwice - Wiadomo\u015bci lokalne"],"inLanguage":"pl-PL","potentialAction":[{"@type":"CommentAction","name":"Comment","target":["https:\/\/www.24gliwice.pl\/wiadomosci\/najstarsza-polka-mieszka-w-gliwicach-zawsze-lubila-jesc-tlusto-wszystko-na-smalcu\/#respond"]}]},{"@type":"WebPage","@id":"https:\/\/www.24gliwice.pl\/wiadomosci\/najstarsza-polka-mieszka-w-gliwicach-zawsze-lubila-jesc-tlusto-wszystko-na-smalcu\/","url":"https:\/\/www.24gliwice.pl\/wiadomosci\/najstarsza-polka-mieszka-w-gliwicach-zawsze-lubila-jesc-tlusto-wszystko-na-smalcu\/","name":"Najstarsza Polka mieszka w Gliwicach. \"Zawsze lubi\u0142a je\u015b\u0107 t\u0142usto, wszystko na smalcu\" - 24GLIWICE - Portal Gliwice | codziennie nowe informacje","isPartOf":{"@id":"https:\/\/www.24gliwice.pl\/wiadomosci\/#website"},"primaryImageOfPage":{"@id":"https:\/\/www.24gliwice.pl\/wiadomosci\/najstarsza-polka-mieszka-w-gliwicach-zawsze-lubila-jesc-tlusto-wszystko-na-smalcu\/#primaryimage"},"image":{"@id":"https:\/\/www.24gliwice.pl\/wiadomosci\/najstarsza-polka-mieszka-w-gliwicach-zawsze-lubila-jesc-tlusto-wszystko-na-smalcu\/#primaryimage"},"thumbnailUrl":"https:\/\/www.24gliwice.pl\/wiadomosci\/wp-content\/uploads\/2018\/06\/1-najstarsza-polka.jpg","datePublished":"2018-06-14T23:49:36+00:00","dateModified":"2018-06-15T00:00:36+00:00","breadcrumb":{"@id":"https:\/\/www.24gliwice.pl\/wiadomosci\/najstarsza-polka-mieszka-w-gliwicach-zawsze-lubila-jesc-tlusto-wszystko-na-smalcu\/#breadcrumb"},"inLanguage":"pl-PL","potentialAction":[{"@type":"ReadAction","target":["https:\/\/www.24gliwice.pl\/wiadomosci\/najstarsza-polka-mieszka-w-gliwicach-zawsze-lubila-jesc-tlusto-wszystko-na-smalcu\/"]}]},{"@type":"ImageObject","inLanguage":"pl-PL","@id":"https:\/\/www.24gliwice.pl\/wiadomosci\/najstarsza-polka-mieszka-w-gliwicach-zawsze-lubila-jesc-tlusto-wszystko-na-smalcu\/#primaryimage","url":"https:\/\/www.24gliwice.pl\/wiadomosci\/wp-content\/uploads\/2018\/06\/1-najstarsza-polka.jpg","contentUrl":"https:\/\/www.24gliwice.pl\/wiadomosci\/wp-content\/uploads\/2018\/06\/1-najstarsza-polka.jpg","width":810,"height":455},{"@type":"BreadcrumbList","@id":"https:\/\/www.24gliwice.pl\/wiadomosci\/najstarsza-polka-mieszka-w-gliwicach-zawsze-lubila-jesc-tlusto-wszystko-na-smalcu\/#breadcrumb","itemListElement":[{"@type":"ListItem","position":1,"name":"Strona g\u0142\u00f3wna","item":"https:\/\/www.24gliwice.pl\/wiadomosci\/"},{"@type":"ListItem","position":2,"name":"Najstarsza Polka mieszka w Gliwicach. &#8222;Zawsze lubi\u0142a je\u015b\u0107 t\u0142usto, wszystko na smalcu&#8221;"}]},{"@type":"WebSite","@id":"https:\/\/www.24gliwice.pl\/wiadomosci\/#website","url":"https:\/\/www.24gliwice.pl\/wiadomosci\/","name":"24GLIWICE - Portal Gliwice | codziennie nowe wiadomo\u015bci","description":"Portal Miejski Gliwice","publisher":{"@id":"https:\/\/www.24gliwice.pl\/wiadomosci\/#organization"},"potentialAction":[{"@type":"SearchAction","target":{"@type":"EntryPoint","urlTemplate":"https:\/\/www.24gliwice.pl\/wiadomosci\/?s={search_term_string}"},"query-input":{"@type":"PropertyValueSpecification","valueRequired":true,"valueName":"search_term_string"}}],"inLanguage":"pl-PL"},{"@type":"Organization","@id":"https:\/\/www.24gliwice.pl\/wiadomosci\/#organization","name":"24gliwice","url":"https:\/\/www.24gliwice.pl\/wiadomosci\/","logo":{"@type":"ImageObject","inLanguage":"pl-PL","@id":"https:\/\/www.24gliwice.pl\/wiadomosci\/#\/schema\/logo\/image\/","url":"https:\/\/www.24gliwice.pl\/wiadomosci\/wp-content\/uploads\/2024\/10\/24gliwice-logo-696.jpg","contentUrl":"https:\/\/www.24gliwice.pl\/wiadomosci\/wp-content\/uploads\/2024\/10\/24gliwice-logo-696.jpg","width":696,"height":696,"caption":"24gliwice"},"image":{"@id":"https:\/\/www.24gliwice.pl\/wiadomosci\/#\/schema\/logo\/image\/"},"sameAs":["https:\/\/www.facebook.com\/24gliwice","https:\/\/x.com\/24gliwice","https:\/\/www.youtube.com\/@24gliwice"]},{"@type":"Person","@id":"https:\/\/www.24gliwice.pl\/wiadomosci\/#\/schema\/person\/e42c650edd7f2fa332be3811fb166b6e","name":"\u017baneta Mrozek-Siewierska","image":{"@type":"ImageObject","inLanguage":"pl-PL","@id":"https:\/\/secure.gravatar.com\/avatar\/1881429e9c64597c77ad7aef2d0a19be69a3253e57534d16aa15bf3a4d34a0a3?s=96&d=mm&r=g","url":"https:\/\/secure.gravatar.com\/avatar\/1881429e9c64597c77ad7aef2d0a19be69a3253e57534d16aa15bf3a4d34a0a3?s=96&d=mm&r=g","contentUrl":"https:\/\/secure.gravatar.com\/avatar\/1881429e9c64597c77ad7aef2d0a19be69a3253e57534d16aa15bf3a4d34a0a3?s=96&d=mm&r=g","caption":"\u017baneta Mrozek-Siewierska"},"url":"https:\/\/www.24gliwice.pl\/wiadomosci\/author\/zms\/"}]}},"_links":{"self":[{"href":"https:\/\/www.24gliwice.pl\/wiadomosci\/wp-json\/wp\/v2\/posts\/118640","targetHints":{"allow":["GET"]}}],"collection":[{"href":"https:\/\/www.24gliwice.pl\/wiadomosci\/wp-json\/wp\/v2\/posts"}],"about":[{"href":"https:\/\/www.24gliwice.pl\/wiadomosci\/wp-json\/wp\/v2\/types\/post"}],"author":[{"embeddable":true,"href":"https:\/\/www.24gliwice.pl\/wiadomosci\/wp-json\/wp\/v2\/users\/15"}],"replies":[{"embeddable":true,"href":"https:\/\/www.24gliwice.pl\/wiadomosci\/wp-json\/wp\/v2\/comments?post=118640"}],"version-history":[{"count":0,"href":"https:\/\/www.24gliwice.pl\/wiadomosci\/wp-json\/wp\/v2\/posts\/118640\/revisions"}],"wp:featuredmedia":[{"embeddable":true,"href":"https:\/\/www.24gliwice.pl\/wiadomosci\/wp-json\/wp\/v2\/media\/118673"}],"wp:attachment":[{"href":"https:\/\/www.24gliwice.pl\/wiadomosci\/wp-json\/wp\/v2\/media?parent=118640"}],"wp:term":[{"taxonomy":"category","embeddable":true,"href":"https:\/\/www.24gliwice.pl\/wiadomosci\/wp-json\/wp\/v2\/categories?post=118640"},{"taxonomy":"post_tag","embeddable":true,"href":"https:\/\/www.24gliwice.pl\/wiadomosci\/wp-json\/wp\/v2\/tags?post=118640"}],"curies":[{"name":"wp","href":"https:\/\/api.w.org\/{rel}","templated":true}]}}