{"id":118705,"date":"2018-06-18T03:10:22","date_gmt":"2018-06-18T01:10:22","guid":{"rendered":"https:\/\/www.24gliwice.pl\/wiadomosci\/?p=118705"},"modified":"2018-06-18T03:10:22","modified_gmt":"2018-06-18T01:10:22","slug":"od-poniedzialku-w-kilku-miejscach-gliwic-beda-utrudnienia-dwie-ulice-z-wahadlem-jedna-zamknieta","status":"publish","type":"post","link":"https:\/\/www.24gliwice.pl\/wiadomosci\/od-poniedzialku-w-kilku-miejscach-gliwic-beda-utrudnienia-dwie-ulice-z-wahadlem-jedna-zamknieta\/","title":{"rendered":"Od poniedzia\u0142ku w kilku miejscach Gliwic b\u0119d\u0105 utrudnienia. Dwie ulice z wahad\u0142em, jedna zamkni\u0119ta"},"content":{"rendered":"<div class=\"gliwi-a6-nad-leadem-artykulow gliwi-entity-placement\" id=\"gliwi-4050975658\"><div class=\"gliwi-adlabel\"><span style=\"font-size: 9px\">REKLAMA<\/span><\/div><div id=\"gliwi-1692980685\" style=\"margin-bottom: 30px;margin-left: auto;margin-right: auto;text-align: center;\"><a data-no-instant=\"1\" href=\"https:\/\/przedszkole.halogen.org.pl\/\" rel=\"noopener\" class=\"a2t-link\" target=\"_blank\" aria-label=\"20260402-ANIMATOR-przedszkole_grafika_750x200\"><img loading=\"lazy\" decoding=\"async\" src=\"https:\/\/www.24gliwice.pl\/wiadomosci\/wp-content\/uploads\/2026\/04\/20260402-ANIMATOR-przedszkole_grafika_750x200.webp\" alt=\"\"  srcset=\"https:\/\/www.24gliwice.pl\/wiadomosci\/wp-content\/uploads\/2026\/04\/20260402-ANIMATOR-przedszkole_grafika_750x200.webp 750w, https:\/\/www.24gliwice.pl\/wiadomosci\/wp-content\/uploads\/2026\/04\/20260402-ANIMATOR-przedszkole_grafika_750x200-410x109.webp 410w\" sizes=\"(max-width: 750px) 100vw, 750px\" class=\"no-lazyload\" width=\"750\" height=\"200\"  style=\"display: inline-block; max-width: 100%; height: auto;\" \/><\/a><\/div><\/div><h3>W poniedzia\u0142ek, 18 czerwca, rozpoczn\u0105 si\u0119 prace drogowe na ul. Frezji, Traktorzyst\u00f3w i Przysz\u0142o\u015bci. B\u0119dzie obowi\u0105zywa\u0142a zmieniona organizacja ruchu.<\/h3>\n<p>Na ul. Frezji i Traktorzyst\u00f3w wykonany zostanie remont jezdni. Prace powinny zako\u0144czy\u0107 si\u0119 na pocz\u0105tku lipca. Do tego czasu b\u0119dzie obowi\u0105zywa\u0142 ruch wahad\u0142owy.<\/p>\n<p>Roboty przy ul. Przysz\u0142o\u015bci potrwaj\u0105 d\u0142u\u017cej, nawet do dw\u00f3ch miesi\u0119cy. Na odcinku od ul. Jedno\u015bci do Pogodnej ulica b\u0119dzie zamkni\u0119ta, ale wykonawca rob\u00f3t Przedsi\u0119biorstwo Remont\u00f3w Ulic i Most\u00f3w zapewni mieszka\u0144com dojazd do posesji. Kierowcy proszeni s\u0105 o zwracanie uwagi na oznakowanie tymczasowe. <\/p><div class=\"gliwi-a3-w-tresci-artykulow gliwi-entity-placement\" id=\"gliwi-3083643241\"><div class=\"gliwi-adlabel\"><span style=\"font-size: 9px\">REKLAMA<\/span><\/div><div id=\"gliwi-92713951\" style=\"margin-bottom: 30px;margin-left: auto;margin-right: auto;text-align: center;\"><a data-no-instant=\"1\" href=\"https:\/\/ogrodyandersa.pl\/\" rel=\"noopener\" class=\"a2t-link\" target=\"_blank\" aria-label=\"20260415 Ogrody Andersa KUP TERAZ D\"><img loading=\"lazy\" decoding=\"async\" src=\"https:\/\/www.24gliwice.pl\/wiadomosci\/wp-content\/uploads\/2026\/04\/20260415-Ogrody-Andersa-KUP-TERAZ-D.jpg\" alt=\"\"  srcset=\"https:\/\/www.24gliwice.pl\/wiadomosci\/wp-content\/uploads\/2026\/04\/20260415-Ogrody-Andersa-KUP-TERAZ-D.jpg 750w, https:\/\/www.24gliwice.pl\/wiadomosci\/wp-content\/uploads\/2026\/04\/20260415-Ogrody-Andersa-KUP-TERAZ-D-410x109.jpg 410w\" sizes=\"(max-width: 750px) 100vw, 750px\" class=\"no-lazyload\" width=\"750\" height=\"200\"  style=\"display: inline-block; max-width: 100%; height: auto;\" \/><\/a><\/div><\/div>\n<p>(\u017cms)\/UM(mf)<\/p>\n<p><iframe loading=\"lazy\" src=\"https:\/\/www.google.com\/maps\/embed?pb=!4v1529058126807!6m8!1m7!1sCAASPSExbTIhMXk1MTIwOTI4Njc0OTI4NTA1ODc5ITJ5MTE2OTI0NDIyNTY5NjY0NTYyMzQhNW0yITF4MCEyeDA.!2m2!1d50.28534020218137!2d18.73136440986293!3f75.47837432096698!4f6.189043765706742!5f0.7820865974627469\" width=\"810\" height=\"450\" frameborder=\"0\" style=\"border:0\" allowfullscreen><\/iframe><\/p>\n<div class=\"gliwi-a5-na-koncu-artykulow gliwi-entity-placement\" id=\"gliwi-650591444\"><div class=\"gliwi-adlabel\"><span style=\"font-size: 9px\">REKLAMA<\/span><\/div><div id=\"gliwi-340381768\" style=\"margin-left: auto;margin-right: auto;text-align: center;\"><a data-no-instant=\"1\" href=\"https:\/\/www.jasek.pl\/\" rel=\"noopener\" class=\"a2t-link\" target=\"_blank\" aria-label=\"20200401-jasek 600\"><img loading=\"lazy\" decoding=\"async\" src=\"https:\/\/www.24gliwice.pl\/wiadomosci\/wp-content\/uploads\/2020\/04\/20200401-jasek-600.jpg\" alt=\"\"  srcset=\"https:\/\/www.24gliwice.pl\/wiadomosci\/wp-content\/uploads\/2020\/04\/20200401-jasek-600.jpg 600w, https:\/\/www.24gliwice.pl\/wiadomosci\/wp-content\/uploads\/2020\/04\/20200401-jasek-600-410x109.jpg 410w\" sizes=\"(max-width: 600px) 100vw, 600px\" class=\"no-lazyload\" width=\"600\" height=\"160\"  style=\"display: inline-block; max-width: 100%; height: auto;\" \/><\/a><\/div><\/div>","protected":false},"excerpt":{"rendered":"<p>W poniedzia\u0142ek, 18 czerwca, rozpoczn\u0105 si\u0119 prace drogowe na ul. Frezji, Traktorzyst\u00f3w i Przysz\u0142o\u015bci. B\u0119dzie obowi\u0105zywa\u0142a zmieniona organizacja ruchu. Na ul. Frezji i Traktorzyst\u00f3w wykonany zostanie remont jezdni. Prace powinny zako\u0144czy\u0107 si\u0119 na pocz\u0105tku lipca. Do tego czasu b\u0119dzie obowi\u0105zywa\u0142 ruch wahad\u0142owy. Roboty przy ul. Przysz\u0142o\u015bci potrwaj\u0105 d\u0142u\u017cej, nawet do dw\u00f3ch miesi\u0119cy. Na odcinku od [&hellip;]<\/p>\n","protected":false},"author":15,"featured_media":118711,"comment_status":"open","ping_status":"closed","sticky":false,"template":"","format":"standard","meta":{"_monsterinsights_skip_tracking":false,"_monsterinsights_sitenote_active":false,"_monsterinsights_sitenote_note":"","_monsterinsights_sitenote_category":0,"footnotes":"","_links_to":"","_links_to_target":""},"categories":[3,1],"tags":[369,8575,9374,12645,9759,10116,214,9436],"class_list":["post-118705","post","type-post","status-publish","format-standard","has-post-thumbnail","hentry","category-gliwice","category-wszystko","tag-pruim","tag-remont-jezdni","tag-ruch-wahadlowy","tag-traktorzystow","tag-wahadlo","tag-wymiana-nawierzchni-jezdni","tag-zdm","tag-zmiana-organizacji-ruchu"],"yoast_head":"<!-- This site is optimized with the Yoast SEO plugin v27.5 - https:\/\/yoast.com\/product\/yoast-seo-wordpress\/ -->\n<title>Od poniedzia\u0142ku w kilku miejscach Gliwic b\u0119d\u0105 utrudnienia. Dwie ulice z wahad\u0142em, jedna zamkni\u0119ta - 24GLIWICE - Portal Gliwice | codziennie nowe informacje<\/title>\n<meta name=\"robots\" content=\"index, follow, max-snippet:-1, max-image-preview:large, max-video-preview:-1\" \/>\n<link rel=\"canonical\" href=\"https:\/\/www.24gliwice.pl\/wiadomosci\/od-poniedzialku-w-kilku-miejscach-gliwic-beda-utrudnienia-dwie-ulice-z-wahadlem-jedna-zamknieta\/\" \/>\n<meta property=\"og:locale\" content=\"pl_PL\" \/>\n<meta property=\"og:type\" content=\"article\" \/>\n<meta property=\"og:title\" content=\"Od poniedzia\u0142ku w kilku miejscach Gliwic b\u0119d\u0105 utrudnienia. Dwie ulice z wahad\u0142em, jedna zamkni\u0119ta - 24GLIWICE - Portal Gliwice | codziennie nowe informacje\" \/>\n<meta property=\"og:description\" content=\"W poniedzia\u0142ek, 18 czerwca, rozpoczn\u0105 si\u0119 prace drogowe na ul. Frezji, Traktorzyst\u00f3w i Przysz\u0142o\u015bci. B\u0119dzie obowi\u0105zywa\u0142a zmieniona organizacja ruchu. Na ul. Frezji i Traktorzyst\u00f3w wykonany zostanie remont jezdni. Prace powinny zako\u0144czy\u0107 si\u0119 na pocz\u0105tku lipca. Do tego czasu b\u0119dzie obowi\u0105zywa\u0142 ruch wahad\u0142owy. Roboty przy ul. Przysz\u0142o\u015bci potrwaj\u0105 d\u0142u\u017cej, nawet do dw\u00f3ch miesi\u0119cy. Na odcinku od [&hellip;]\" \/>\n<meta property=\"og:url\" content=\"https:\/\/www.24gliwice.pl\/wiadomosci\/od-poniedzialku-w-kilku-miejscach-gliwic-beda-utrudnienia-dwie-ulice-z-wahadlem-jedna-zamknieta\/\" \/>\n<meta property=\"og:site_name\" content=\"24GLIWICE - Portal Gliwice | codziennie nowe informacje\" \/>\n<meta property=\"article:publisher\" content=\"https:\/\/www.facebook.com\/24gliwice\" \/>\n<meta property=\"article:published_time\" content=\"2018-06-18T01:10:22+00:00\" \/>\n<meta property=\"og:image\" content=\"https:\/\/www.24gliwice.pl\/wiadomosci\/wp-content\/uploads\/2018\/06\/przysz\u0142o\u015bci.jpg\" \/>\n\t<meta property=\"og:image:width\" content=\"811\" \/>\n\t<meta property=\"og:image:height\" content=\"457\" \/>\n\t<meta property=\"og:image:type\" content=\"image\/jpeg\" \/>\n<meta name=\"author\" content=\"\u017baneta Mrozek-Siewierska\" \/>\n<meta name=\"twitter:card\" content=\"summary_large_image\" \/>\n<meta name=\"twitter:creator\" content=\"@24gliwice\" \/>\n<meta name=\"twitter:site\" content=\"@24gliwice\" \/>\n<meta name=\"twitter:label1\" content=\"Napisane przez\" \/>\n\t<meta name=\"twitter:data1\" content=\"\u017baneta Mrozek-Siewierska\" \/>\n\t<meta name=\"twitter:label2\" content=\"Szacowany czas czytania\" \/>\n\t<meta name=\"twitter:data2\" content=\"1 minuta\" \/>\n<script type=\"application\/ld+json\" class=\"yoast-schema-graph\">{\"@context\":\"https:\\\/\\\/schema.org\",\"@graph\":[{\"@type\":\"Article\",\"@id\":\"https:\\\/\\\/www.24gliwice.pl\\\/wiadomosci\\\/od-poniedzialku-w-kilku-miejscach-gliwic-beda-utrudnienia-dwie-ulice-z-wahadlem-jedna-zamknieta\\\/#article\",\"isPartOf\":{\"@id\":\"https:\\\/\\\/www.24gliwice.pl\\\/wiadomosci\\\/od-poniedzialku-w-kilku-miejscach-gliwic-beda-utrudnienia-dwie-ulice-z-wahadlem-jedna-zamknieta\\\/\"},\"author\":{\"name\":\"\u017baneta Mrozek-Siewierska\",\"@id\":\"https:\\\/\\\/www.24gliwice.pl\\\/wiadomosci\\\/#\\\/schema\\\/person\\\/e42c650edd7f2fa332be3811fb166b6e\"},\"headline\":\"Od poniedzia\u0142ku w kilku miejscach Gliwic b\u0119d\u0105 utrudnienia. Dwie ulice z wahad\u0142em, jedna zamkni\u0119ta\",\"datePublished\":\"2018-06-18T01:10:22+00:00\",\"mainEntityOfPage\":{\"@id\":\"https:\\\/\\\/www.24gliwice.pl\\\/wiadomosci\\\/od-poniedzialku-w-kilku-miejscach-gliwic-beda-utrudnienia-dwie-ulice-z-wahadlem-jedna-zamknieta\\\/\"},\"wordCount\":131,\"commentCount\":0,\"publisher\":{\"@id\":\"https:\\\/\\\/www.24gliwice.pl\\\/wiadomosci\\\/#organization\"},\"image\":{\"@id\":\"https:\\\/\\\/www.24gliwice.pl\\\/wiadomosci\\\/od-poniedzialku-w-kilku-miejscach-gliwic-beda-utrudnienia-dwie-ulice-z-wahadlem-jedna-zamknieta\\\/#primaryimage\"},\"thumbnailUrl\":\"https:\\\/\\\/www.24gliwice.pl\\\/wiadomosci\\\/wp-content\\\/uploads\\\/2018\\\/06\\\/przysz\u0142o\u015bci.jpg\",\"keywords\":[\"PRUIM\",\"remont jezdni\",\"RUCH WAHAD\u0141OWY\",\"traktorzyst\u00f3w\",\"wahad\u0142o\",\"WYMIANA NAWIERZCHNI JEZDNI\",\"ZDM\",\"ZMIANA ORGANIZACJI RUCHU\"],\"articleSection\":[\"Gliwice\",\"Najnowsze wiadomo\u015bci\"],\"inLanguage\":\"pl-PL\",\"potentialAction\":[{\"@type\":\"CommentAction\",\"name\":\"Comment\",\"target\":[\"https:\\\/\\\/www.24gliwice.pl\\\/wiadomosci\\\/od-poniedzialku-w-kilku-miejscach-gliwic-beda-utrudnienia-dwie-ulice-z-wahadlem-jedna-zamknieta\\\/#respond\"]}]},{\"@type\":\"WebPage\",\"@id\":\"https:\\\/\\\/www.24gliwice.pl\\\/wiadomosci\\\/od-poniedzialku-w-kilku-miejscach-gliwic-beda-utrudnienia-dwie-ulice-z-wahadlem-jedna-zamknieta\\\/\",\"url\":\"https:\\\/\\\/www.24gliwice.pl\\\/wiadomosci\\\/od-poniedzialku-w-kilku-miejscach-gliwic-beda-utrudnienia-dwie-ulice-z-wahadlem-jedna-zamknieta\\\/\",\"name\":\"Od poniedzia\u0142ku w kilku miejscach Gliwic b\u0119d\u0105 utrudnienia. Dwie ulice z wahad\u0142em, jedna zamkni\u0119ta - 24GLIWICE - Portal Gliwice | codziennie nowe informacje\",\"isPartOf\":{\"@id\":\"https:\\\/\\\/www.24gliwice.pl\\\/wiadomosci\\\/#website\"},\"primaryImageOfPage\":{\"@id\":\"https:\\\/\\\/www.24gliwice.pl\\\/wiadomosci\\\/od-poniedzialku-w-kilku-miejscach-gliwic-beda-utrudnienia-dwie-ulice-z-wahadlem-jedna-zamknieta\\\/#primaryimage\"},\"image\":{\"@id\":\"https:\\\/\\\/www.24gliwice.pl\\\/wiadomosci\\\/od-poniedzialku-w-kilku-miejscach-gliwic-beda-utrudnienia-dwie-ulice-z-wahadlem-jedna-zamknieta\\\/#primaryimage\"},\"thumbnailUrl\":\"https:\\\/\\\/www.24gliwice.pl\\\/wiadomosci\\\/wp-content\\\/uploads\\\/2018\\\/06\\\/przysz\u0142o\u015bci.jpg\",\"datePublished\":\"2018-06-18T01:10:22+00:00\",\"breadcrumb\":{\"@id\":\"https:\\\/\\\/www.24gliwice.pl\\\/wiadomosci\\\/od-poniedzialku-w-kilku-miejscach-gliwic-beda-utrudnienia-dwie-ulice-z-wahadlem-jedna-zamknieta\\\/#breadcrumb\"},\"inLanguage\":\"pl-PL\",\"potentialAction\":[{\"@type\":\"ReadAction\",\"target\":[\"https:\\\/\\\/www.24gliwice.pl\\\/wiadomosci\\\/od-poniedzialku-w-kilku-miejscach-gliwic-beda-utrudnienia-dwie-ulice-z-wahadlem-jedna-zamknieta\\\/\"]}]},{\"@type\":\"ImageObject\",\"inLanguage\":\"pl-PL\",\"@id\":\"https:\\\/\\\/www.24gliwice.pl\\\/wiadomosci\\\/od-poniedzialku-w-kilku-miejscach-gliwic-beda-utrudnienia-dwie-ulice-z-wahadlem-jedna-zamknieta\\\/#primaryimage\",\"url\":\"https:\\\/\\\/www.24gliwice.pl\\\/wiadomosci\\\/wp-content\\\/uploads\\\/2018\\\/06\\\/przysz\u0142o\u015bci.jpg\",\"contentUrl\":\"https:\\\/\\\/www.24gliwice.pl\\\/wiadomosci\\\/wp-content\\\/uploads\\\/2018\\\/06\\\/przysz\u0142o\u015bci.jpg\",\"width\":811,\"height\":457},{\"@type\":\"BreadcrumbList\",\"@id\":\"https:\\\/\\\/www.24gliwice.pl\\\/wiadomosci\\\/od-poniedzialku-w-kilku-miejscach-gliwic-beda-utrudnienia-dwie-ulice-z-wahadlem-jedna-zamknieta\\\/#breadcrumb\",\"itemListElement\":[{\"@type\":\"ListItem\",\"position\":1,\"name\":\"Strona g\u0142\u00f3wna\",\"item\":\"https:\\\/\\\/www.24gliwice.pl\\\/wiadomosci\\\/\"},{\"@type\":\"ListItem\",\"position\":2,\"name\":\"Od poniedzia\u0142ku w kilku miejscach Gliwic b\u0119d\u0105 utrudnienia. Dwie ulice z wahad\u0142em, jedna zamkni\u0119ta\"}]},{\"@type\":\"WebSite\",\"@id\":\"https:\\\/\\\/www.24gliwice.pl\\\/wiadomosci\\\/#website\",\"url\":\"https:\\\/\\\/www.24gliwice.pl\\\/wiadomosci\\\/\",\"name\":\"24GLIWICE - Portal Gliwice | codziennie nowe wiadomo\u015bci\",\"description\":\"Portal Miejski Gliwice\",\"publisher\":{\"@id\":\"https:\\\/\\\/www.24gliwice.pl\\\/wiadomosci\\\/#organization\"},\"potentialAction\":[{\"@type\":\"SearchAction\",\"target\":{\"@type\":\"EntryPoint\",\"urlTemplate\":\"https:\\\/\\\/www.24gliwice.pl\\\/wiadomosci\\\/?s={search_term_string}\"},\"query-input\":{\"@type\":\"PropertyValueSpecification\",\"valueRequired\":true,\"valueName\":\"search_term_string\"}}],\"inLanguage\":\"pl-PL\"},{\"@type\":\"Organization\",\"@id\":\"https:\\\/\\\/www.24gliwice.pl\\\/wiadomosci\\\/#organization\",\"name\":\"24gliwice\",\"url\":\"https:\\\/\\\/www.24gliwice.pl\\\/wiadomosci\\\/\",\"logo\":{\"@type\":\"ImageObject\",\"inLanguage\":\"pl-PL\",\"@id\":\"https:\\\/\\\/www.24gliwice.pl\\\/wiadomosci\\\/#\\\/schema\\\/logo\\\/image\\\/\",\"url\":\"https:\\\/\\\/www.24gliwice.pl\\\/wiadomosci\\\/wp-content\\\/uploads\\\/2024\\\/10\\\/24gliwice-logo-696.jpg\",\"contentUrl\":\"https:\\\/\\\/www.24gliwice.pl\\\/wiadomosci\\\/wp-content\\\/uploads\\\/2024\\\/10\\\/24gliwice-logo-696.jpg\",\"width\":696,\"height\":696,\"caption\":\"24gliwice\"},\"image\":{\"@id\":\"https:\\\/\\\/www.24gliwice.pl\\\/wiadomosci\\\/#\\\/schema\\\/logo\\\/image\\\/\"},\"sameAs\":[\"https:\\\/\\\/www.facebook.com\\\/24gliwice\",\"https:\\\/\\\/x.com\\\/24gliwice\",\"https:\\\/\\\/www.youtube.com\\\/@24gliwice\"]},{\"@type\":\"Person\",\"@id\":\"https:\\\/\\\/www.24gliwice.pl\\\/wiadomosci\\\/#\\\/schema\\\/person\\\/e42c650edd7f2fa332be3811fb166b6e\",\"name\":\"\u017baneta Mrozek-Siewierska\",\"image\":{\"@type\":\"ImageObject\",\"inLanguage\":\"pl-PL\",\"@id\":\"https:\\\/\\\/secure.gravatar.com\\\/avatar\\\/1881429e9c64597c77ad7aef2d0a19be69a3253e57534d16aa15bf3a4d34a0a3?s=96&d=mm&r=g\",\"url\":\"https:\\\/\\\/secure.gravatar.com\\\/avatar\\\/1881429e9c64597c77ad7aef2d0a19be69a3253e57534d16aa15bf3a4d34a0a3?s=96&d=mm&r=g\",\"contentUrl\":\"https:\\\/\\\/secure.gravatar.com\\\/avatar\\\/1881429e9c64597c77ad7aef2d0a19be69a3253e57534d16aa15bf3a4d34a0a3?s=96&d=mm&r=g\",\"caption\":\"\u017baneta Mrozek-Siewierska\"},\"url\":\"https:\\\/\\\/www.24gliwice.pl\\\/wiadomosci\\\/author\\\/zms\\\/\"}]}<\/script>\n<!-- \/ Yoast SEO plugin. -->","yoast_head_json":{"title":"Od poniedzia\u0142ku w kilku miejscach Gliwic b\u0119d\u0105 utrudnienia. Dwie ulice z wahad\u0142em, jedna zamkni\u0119ta - 24GLIWICE - Portal Gliwice | codziennie nowe informacje","robots":{"index":"index","follow":"follow","max-snippet":"max-snippet:-1","max-image-preview":"max-image-preview:large","max-video-preview":"max-video-preview:-1"},"canonical":"https:\/\/www.24gliwice.pl\/wiadomosci\/od-poniedzialku-w-kilku-miejscach-gliwic-beda-utrudnienia-dwie-ulice-z-wahadlem-jedna-zamknieta\/","og_locale":"pl_PL","og_type":"article","og_title":"Od poniedzia\u0142ku w kilku miejscach Gliwic b\u0119d\u0105 utrudnienia. Dwie ulice z wahad\u0142em, jedna zamkni\u0119ta - 24GLIWICE - Portal Gliwice | codziennie nowe informacje","og_description":"W poniedzia\u0142ek, 18 czerwca, rozpoczn\u0105 si\u0119 prace drogowe na ul. Frezji, Traktorzyst\u00f3w i Przysz\u0142o\u015bci. B\u0119dzie obowi\u0105zywa\u0142a zmieniona organizacja ruchu. Na ul. Frezji i Traktorzyst\u00f3w wykonany zostanie remont jezdni. Prace powinny zako\u0144czy\u0107 si\u0119 na pocz\u0105tku lipca. Do tego czasu b\u0119dzie obowi\u0105zywa\u0142 ruch wahad\u0142owy. Roboty przy ul. Przysz\u0142o\u015bci potrwaj\u0105 d\u0142u\u017cej, nawet do dw\u00f3ch miesi\u0119cy. Na odcinku od [&hellip;]","og_url":"https:\/\/www.24gliwice.pl\/wiadomosci\/od-poniedzialku-w-kilku-miejscach-gliwic-beda-utrudnienia-dwie-ulice-z-wahadlem-jedna-zamknieta\/","og_site_name":"24GLIWICE - Portal Gliwice | codziennie nowe informacje","article_publisher":"https:\/\/www.facebook.com\/24gliwice","article_published_time":"2018-06-18T01:10:22+00:00","og_image":[{"width":811,"height":457,"url":"https:\/\/www.24gliwice.pl\/wiadomosci\/wp-content\/uploads\/2018\/06\/przysz\u0142o\u015bci.jpg","type":"image\/jpeg"}],"author":"\u017baneta Mrozek-Siewierska","twitter_card":"summary_large_image","twitter_creator":"@24gliwice","twitter_site":"@24gliwice","twitter_misc":{"Napisane przez":"\u017baneta Mrozek-Siewierska","Szacowany czas czytania":"1 minuta"},"schema":{"@context":"https:\/\/schema.org","@graph":[{"@type":"Article","@id":"https:\/\/www.24gliwice.pl\/wiadomosci\/od-poniedzialku-w-kilku-miejscach-gliwic-beda-utrudnienia-dwie-ulice-z-wahadlem-jedna-zamknieta\/#article","isPartOf":{"@id":"https:\/\/www.24gliwice.pl\/wiadomosci\/od-poniedzialku-w-kilku-miejscach-gliwic-beda-utrudnienia-dwie-ulice-z-wahadlem-jedna-zamknieta\/"},"author":{"name":"\u017baneta Mrozek-Siewierska","@id":"https:\/\/www.24gliwice.pl\/wiadomosci\/#\/schema\/person\/e42c650edd7f2fa332be3811fb166b6e"},"headline":"Od poniedzia\u0142ku w kilku miejscach Gliwic b\u0119d\u0105 utrudnienia. Dwie ulice z wahad\u0142em, jedna zamkni\u0119ta","datePublished":"2018-06-18T01:10:22+00:00","mainEntityOfPage":{"@id":"https:\/\/www.24gliwice.pl\/wiadomosci\/od-poniedzialku-w-kilku-miejscach-gliwic-beda-utrudnienia-dwie-ulice-z-wahadlem-jedna-zamknieta\/"},"wordCount":131,"commentCount":0,"publisher":{"@id":"https:\/\/www.24gliwice.pl\/wiadomosci\/#organization"},"image":{"@id":"https:\/\/www.24gliwice.pl\/wiadomosci\/od-poniedzialku-w-kilku-miejscach-gliwic-beda-utrudnienia-dwie-ulice-z-wahadlem-jedna-zamknieta\/#primaryimage"},"thumbnailUrl":"https:\/\/www.24gliwice.pl\/wiadomosci\/wp-content\/uploads\/2018\/06\/przysz\u0142o\u015bci.jpg","keywords":["PRUIM","remont jezdni","RUCH WAHAD\u0141OWY","traktorzyst\u00f3w","wahad\u0142o","WYMIANA NAWIERZCHNI JEZDNI","ZDM","ZMIANA ORGANIZACJI RUCHU"],"articleSection":["Gliwice","Najnowsze wiadomo\u015bci"],"inLanguage":"pl-PL","potentialAction":[{"@type":"CommentAction","name":"Comment","target":["https:\/\/www.24gliwice.pl\/wiadomosci\/od-poniedzialku-w-kilku-miejscach-gliwic-beda-utrudnienia-dwie-ulice-z-wahadlem-jedna-zamknieta\/#respond"]}]},{"@type":"WebPage","@id":"https:\/\/www.24gliwice.pl\/wiadomosci\/od-poniedzialku-w-kilku-miejscach-gliwic-beda-utrudnienia-dwie-ulice-z-wahadlem-jedna-zamknieta\/","url":"https:\/\/www.24gliwice.pl\/wiadomosci\/od-poniedzialku-w-kilku-miejscach-gliwic-beda-utrudnienia-dwie-ulice-z-wahadlem-jedna-zamknieta\/","name":"Od poniedzia\u0142ku w kilku miejscach Gliwic b\u0119d\u0105 utrudnienia. Dwie ulice z wahad\u0142em, jedna zamkni\u0119ta - 24GLIWICE - Portal Gliwice | codziennie nowe informacje","isPartOf":{"@id":"https:\/\/www.24gliwice.pl\/wiadomosci\/#website"},"primaryImageOfPage":{"@id":"https:\/\/www.24gliwice.pl\/wiadomosci\/od-poniedzialku-w-kilku-miejscach-gliwic-beda-utrudnienia-dwie-ulice-z-wahadlem-jedna-zamknieta\/#primaryimage"},"image":{"@id":"https:\/\/www.24gliwice.pl\/wiadomosci\/od-poniedzialku-w-kilku-miejscach-gliwic-beda-utrudnienia-dwie-ulice-z-wahadlem-jedna-zamknieta\/#primaryimage"},"thumbnailUrl":"https:\/\/www.24gliwice.pl\/wiadomosci\/wp-content\/uploads\/2018\/06\/przysz\u0142o\u015bci.jpg","datePublished":"2018-06-18T01:10:22+00:00","breadcrumb":{"@id":"https:\/\/www.24gliwice.pl\/wiadomosci\/od-poniedzialku-w-kilku-miejscach-gliwic-beda-utrudnienia-dwie-ulice-z-wahadlem-jedna-zamknieta\/#breadcrumb"},"inLanguage":"pl-PL","potentialAction":[{"@type":"ReadAction","target":["https:\/\/www.24gliwice.pl\/wiadomosci\/od-poniedzialku-w-kilku-miejscach-gliwic-beda-utrudnienia-dwie-ulice-z-wahadlem-jedna-zamknieta\/"]}]},{"@type":"ImageObject","inLanguage":"pl-PL","@id":"https:\/\/www.24gliwice.pl\/wiadomosci\/od-poniedzialku-w-kilku-miejscach-gliwic-beda-utrudnienia-dwie-ulice-z-wahadlem-jedna-zamknieta\/#primaryimage","url":"https:\/\/www.24gliwice.pl\/wiadomosci\/wp-content\/uploads\/2018\/06\/przysz\u0142o\u015bci.jpg","contentUrl":"https:\/\/www.24gliwice.pl\/wiadomosci\/wp-content\/uploads\/2018\/06\/przysz\u0142o\u015bci.jpg","width":811,"height":457},{"@type":"BreadcrumbList","@id":"https:\/\/www.24gliwice.pl\/wiadomosci\/od-poniedzialku-w-kilku-miejscach-gliwic-beda-utrudnienia-dwie-ulice-z-wahadlem-jedna-zamknieta\/#breadcrumb","itemListElement":[{"@type":"ListItem","position":1,"name":"Strona g\u0142\u00f3wna","item":"https:\/\/www.24gliwice.pl\/wiadomosci\/"},{"@type":"ListItem","position":2,"name":"Od poniedzia\u0142ku w kilku miejscach Gliwic b\u0119d\u0105 utrudnienia. Dwie ulice z wahad\u0142em, jedna zamkni\u0119ta"}]},{"@type":"WebSite","@id":"https:\/\/www.24gliwice.pl\/wiadomosci\/#website","url":"https:\/\/www.24gliwice.pl\/wiadomosci\/","name":"24GLIWICE - Portal Gliwice | codziennie nowe wiadomo\u015bci","description":"Portal Miejski Gliwice","publisher":{"@id":"https:\/\/www.24gliwice.pl\/wiadomosci\/#organization"},"potentialAction":[{"@type":"SearchAction","target":{"@type":"EntryPoint","urlTemplate":"https:\/\/www.24gliwice.pl\/wiadomosci\/?s={search_term_string}"},"query-input":{"@type":"PropertyValueSpecification","valueRequired":true,"valueName":"search_term_string"}}],"inLanguage":"pl-PL"},{"@type":"Organization","@id":"https:\/\/www.24gliwice.pl\/wiadomosci\/#organization","name":"24gliwice","url":"https:\/\/www.24gliwice.pl\/wiadomosci\/","logo":{"@type":"ImageObject","inLanguage":"pl-PL","@id":"https:\/\/www.24gliwice.pl\/wiadomosci\/#\/schema\/logo\/image\/","url":"https:\/\/www.24gliwice.pl\/wiadomosci\/wp-content\/uploads\/2024\/10\/24gliwice-logo-696.jpg","contentUrl":"https:\/\/www.24gliwice.pl\/wiadomosci\/wp-content\/uploads\/2024\/10\/24gliwice-logo-696.jpg","width":696,"height":696,"caption":"24gliwice"},"image":{"@id":"https:\/\/www.24gliwice.pl\/wiadomosci\/#\/schema\/logo\/image\/"},"sameAs":["https:\/\/www.facebook.com\/24gliwice","https:\/\/x.com\/24gliwice","https:\/\/www.youtube.com\/@24gliwice"]},{"@type":"Person","@id":"https:\/\/www.24gliwice.pl\/wiadomosci\/#\/schema\/person\/e42c650edd7f2fa332be3811fb166b6e","name":"\u017baneta Mrozek-Siewierska","image":{"@type":"ImageObject","inLanguage":"pl-PL","@id":"https:\/\/secure.gravatar.com\/avatar\/1881429e9c64597c77ad7aef2d0a19be69a3253e57534d16aa15bf3a4d34a0a3?s=96&d=mm&r=g","url":"https:\/\/secure.gravatar.com\/avatar\/1881429e9c64597c77ad7aef2d0a19be69a3253e57534d16aa15bf3a4d34a0a3?s=96&d=mm&r=g","contentUrl":"https:\/\/secure.gravatar.com\/avatar\/1881429e9c64597c77ad7aef2d0a19be69a3253e57534d16aa15bf3a4d34a0a3?s=96&d=mm&r=g","caption":"\u017baneta Mrozek-Siewierska"},"url":"https:\/\/www.24gliwice.pl\/wiadomosci\/author\/zms\/"}]}},"_links":{"self":[{"href":"https:\/\/www.24gliwice.pl\/wiadomosci\/wp-json\/wp\/v2\/posts\/118705","targetHints":{"allow":["GET"]}}],"collection":[{"href":"https:\/\/www.24gliwice.pl\/wiadomosci\/wp-json\/wp\/v2\/posts"}],"about":[{"href":"https:\/\/www.24gliwice.pl\/wiadomosci\/wp-json\/wp\/v2\/types\/post"}],"author":[{"embeddable":true,"href":"https:\/\/www.24gliwice.pl\/wiadomosci\/wp-json\/wp\/v2\/users\/15"}],"replies":[{"embeddable":true,"href":"https:\/\/www.24gliwice.pl\/wiadomosci\/wp-json\/wp\/v2\/comments?post=118705"}],"version-history":[{"count":0,"href":"https:\/\/www.24gliwice.pl\/wiadomosci\/wp-json\/wp\/v2\/posts\/118705\/revisions"}],"wp:featuredmedia":[{"embeddable":true,"href":"https:\/\/www.24gliwice.pl\/wiadomosci\/wp-json\/wp\/v2\/media\/118711"}],"wp:attachment":[{"href":"https:\/\/www.24gliwice.pl\/wiadomosci\/wp-json\/wp\/v2\/media?parent=118705"}],"wp:term":[{"taxonomy":"category","embeddable":true,"href":"https:\/\/www.24gliwice.pl\/wiadomosci\/wp-json\/wp\/v2\/categories?post=118705"},{"taxonomy":"post_tag","embeddable":true,"href":"https:\/\/www.24gliwice.pl\/wiadomosci\/wp-json\/wp\/v2\/tags?post=118705"}],"curies":[{"name":"wp","href":"https:\/\/api.w.org\/{rel}","templated":true}]}}