{"id":118788,"date":"2018-06-18T03:24:35","date_gmt":"2018-06-18T01:24:35","guid":{"rendered":"https:\/\/www.24gliwice.pl\/wiadomosci\/?p=118788"},"modified":"2018-06-18T18:11:40","modified_gmt":"2018-06-18T16:11:40","slug":"strefa-platnego-parkowania-zostanie-powiekszona-wiadomo-co-z-parkingiem-nad-tunelem-dts","status":"publish","type":"post","link":"https:\/\/www.24gliwice.pl\/wiadomosci\/strefa-platnego-parkowania-zostanie-powiekszona-wiadomo-co-z-parkingiem-nad-tunelem-dts\/","title":{"rendered":"Koniec darmowego parkowania nad tunelem DT\u015a. &#8220;To by\u0142a enklawa, kto pierwszy, ten lepszy&#8221;"},"content":{"rendered":"<div class=\"gliwi-a6-nad-leadem-artykulow gliwi-entity-placement\" id=\"gliwi-4202480148\"><div class=\"gliwi-adlabel\"><span style=\"font-size: 9px\">REKLAMA<\/span><\/div><div id=\"gliwi-2288053732\" style=\"margin-bottom: 25px;margin-left: auto;margin-right: auto;text-align: center;\"><a data-no-instant=\"1\" href=\"https:\/\/dom100.eu\/\" rel=\"noopener\" class=\"a2t-link\" target=\"_blank\" aria-label=\"20260415 DOM100 D\"><img loading=\"lazy\" decoding=\"async\" src=\"https:\/\/www.24gliwice.pl\/wiadomosci\/wp-content\/uploads\/2026\/04\/20260415-DOM100-D.jpg\" alt=\"\"  srcset=\"https:\/\/www.24gliwice.pl\/wiadomosci\/wp-content\/uploads\/2026\/04\/20260415-DOM100-D.jpg 750w, https:\/\/www.24gliwice.pl\/wiadomosci\/wp-content\/uploads\/2026\/04\/20260415-DOM100-D-410x109.jpg 410w\" sizes=\"(max-width: 750px) 100vw, 750px\" class=\"no-lazyload\" width=\"750\" height=\"200\"  style=\"display: inline-block; max-width: 100%; height: auto;\" \/><\/a><\/div><\/div><h3>Parking nad tunelem DT\u015a, ulice Dubois w rejonie Starej Fabryki Drutu i Przy Bramie Raciborskiej &#8211; to miejsca, na kt\u00f3rych ju\u017c wkr\u00f3tce parkowanie przestanie by\u0107 darmowe.<\/h3>\n<p> Uchwa\u0142\u0119 w tej sprawie jednog\u0142o\u015bnie przyj\u0119li w czwartek gliwiccy radni.<\/p>\n<p>O ile ulica Dubois, a zw\u0142aszcza 40-metrowa uliczka Przy Bramie Raciborskiej, dla kierowc\u00f3w maj\u0105 znaczenie marginalne, o tyle rozszerzenie p\u0142atnego parkowania w Gliwicach o darmowy parking nad DT\u015a mo\u017ce by\u0107 zaskakuj\u0105ce. Dotychczas Miasto nie pobiera\u0142o op\u0142aty w tym miejscu ze wzgl\u0119du na przepisy. Tunel powsta\u0142 dzi\u0119ki wsparciu unijnych pieni\u0119dzy. Przy okazji takiej inwestycji, czerpanie z niej korzy\u015bci finansowej by\u0142o niemo\u017cliwe przez co najmniej 5 lat od zako\u0144czenia budowy.<br \/>\nTak przynajmniej interpretowali to urz\u0119dnicy, gdy plac zostawa\u0142 oddany do u\u017cytku. W ten spos\u00f3b, w samym centrum obowi\u0105zywania SPP powsta\u0142o miejsce wolne od jakichkolwiek op\u0142at. Po dw\u00f3ch latach Magistrat postanowi\u0142 jednak raz jeszcze przyjrze\u0107 si\u0119 obowi\u0105zuj\u0105cym przepisom. <\/p><div class=\"gliwi-a3-w-tresci-artykulow gliwi-entity-placement\" id=\"gliwi-1414499542\"><div class=\"gliwi-adlabel\"><span style=\"font-size: 9px\">REKLAMA<\/span><\/div><div id=\"gliwi-207744016\" style=\"margin-bottom: 30px;margin-left: auto;margin-right: auto;text-align: center;\"><a data-no-instant=\"1\" href=\"https:\/\/ogrodyandersa.pl\/\" rel=\"noopener\" class=\"a2t-link\" target=\"_blank\" aria-label=\"20260415 Ogrody Andersa KUP TERAZ D\"><img loading=\"lazy\" decoding=\"async\" src=\"https:\/\/www.24gliwice.pl\/wiadomosci\/wp-content\/uploads\/2026\/04\/20260415-Ogrody-Andersa-KUP-TERAZ-D.jpg\" alt=\"\"  srcset=\"https:\/\/www.24gliwice.pl\/wiadomosci\/wp-content\/uploads\/2026\/04\/20260415-Ogrody-Andersa-KUP-TERAZ-D.jpg 750w, https:\/\/www.24gliwice.pl\/wiadomosci\/wp-content\/uploads\/2026\/04\/20260415-Ogrody-Andersa-KUP-TERAZ-D-410x109.jpg 410w\" sizes=\"(max-width: 750px) 100vw, 750px\" class=\"no-lazyload\" width=\"750\" height=\"200\"  style=\"display: inline-block; max-width: 100%; height: auto;\" \/><\/a><\/div><\/div>\n<blockquote><p>&#8211; By\u0142y w\u0105tpliwo\u015bci, co do tego, czy w\u0142\u0105czenie powierzchni nad DT\u015a do strefy p\u0142atnego parkowania nie naruszy tzw. trwa\u0142o\u015bci projektu. Zapytali\u015bmy wi\u0119c organ nadzorczy i otrzymali\u015bmy interpretacj\u0119, kt\u00f3ra m\u00f3wi, \u017ce mo\u017cna to zrobi\u0107 bez z\u0142amania obowi\u0105zuj\u0105cych zasad<\/p><\/blockquote>\n<p> &#8211; informuje <strong>Marek Jarz\u0119bowski<\/strong>, rzecznik prasowy Prezydenta Gliwic. &#8211; To dobrze, bo utrzymywanie tej sytuacji nie by\u0142o w\u0142a\u015bciwe. W strefie p\u0142atnego parkowania istnia\u0142a enklawa \u2013 kto pierwszy, ten lepszy. Z obserwacji wynika, \u017ce ju\u017c o pi\u0105tej rano wszystkie miejsca s\u0105 zaj\u0119te i o rotacji nie ma mowy. Teraz to powinno si\u0119 zmieni\u0107 &#8211; komentuje. <\/p>\n<p>Rozszerzenie strefy trafi\u0142o ostatecznie pod obrady gliwickiej Rady Miasta i w ubieg\u0142y czwartek jednog\u0142o\u015bnie zosta\u0142o przyj\u0119te przez radnych. P\u0142atno\u015b\u0107 za parkowanie w nowych lokalizacjach (w tym nad tunelem DT\u015a) b\u0119dzie obowi\u0105zywa\u0142a ju\u017c od 1 lipca tego roku. <\/p>\n<p><img loading=\"lazy\" decoding=\"async\" class=\"alignnone size-full wp-image-118792\" src=\"https:\/\/www.24gliwice.pl\/wiadomosci\/wp-content\/uploads\/2018\/06\/ff.jpg\" alt=\"\" width=\"1200\" height=\"675\" srcset=\"https:\/\/www.24gliwice.pl\/wiadomosci\/wp-content\/uploads\/2018\/06\/ff.jpg 1200w, https:\/\/www.24gliwice.pl\/wiadomosci\/wp-content\/uploads\/2018\/06\/ff-410x232.jpg 410w, https:\/\/www.24gliwice.pl\/wiadomosci\/wp-content\/uploads\/2018\/06\/ff-768x432.jpg 768w, https:\/\/www.24gliwice.pl\/wiadomosci\/wp-content\/uploads\/2018\/06\/ff-810x456.jpg 810w, https:\/\/www.24gliwice.pl\/wiadomosci\/wp-content\/uploads\/2018\/06\/ff-1140x641.jpg 1140w\" sizes=\"auto, (max-width: 1200px) 100vw, 1200px\" \/><\/p>\n<h4>44% gliwiczan za rozszerzeniem strefy, 38% przeciw<\/h4>\n<p>Przypomnijmy, \u017ce w niedawno zaprezentowanym badaniu CBOS, urz\u0119dnicy zwr\u00f3cili si\u0119 do gliwiczan o ocen\u0119 p\u0142atnego parkowania w mie\u015bcie. W ankiecie pad\u0142y pytania m.in. o rozszerzenie SPP. Ankietowani podzielili si\u0119 niemal po po\u0142owie. 44% badanych popar\u0142o ten pomys\u0142, 38% by\u0142o przeciw. Z kolei a\u017c 63% gliwiczan jest przeciwnych podniesieniu op\u0142at parkingowych (przy 16% za). Fakt pojawienia si\u0119 takich pyta\u0144 w ankiecie wzbudzi\u0142 jednak podejrzenia o plany dotycz\u0105ce przysz\u0142o\u015bci gliwickiej strefy. ZDM na razie ucina\u0142 spekulacje i zapewnia\u0142, \u017ce cennik op\u0142at nie zostanie zmieniony.<br \/>\n\u2013 Na chwile obecn\u0105 tutejszy Zarz\u0105d Dr\u00f3g Miejskich nie przewiduje rozszerzenia obszaru SPP jak r\u00f3wnie\u017c zmiany obowi\u0105zuj\u0105cych stawek za post\u00f3j \u2013 komentowa\u0142 w kwietniu tego roku <strong>Dawid Och\u00f3d<\/strong> z gliwickiego ZDM.<\/p>\n<p>Strefa P\u0142atnego Parkowania wystartowa\u0142a w sierpniu 2015 roku. Tylko w 2017 roku wniesiono 1 609 392 op\u0142at parkingowych.<\/p>\n<p><strong>Micha\u0142 Szewczyk<\/strong><\/p>\n<p><img loading=\"lazy\" decoding=\"async\" class=\"alignnone size-full wp-image-118791\" src=\"https:\/\/www.24gliwice.pl\/wiadomosci\/wp-content\/uploads\/2018\/06\/ff3.jpg\" alt=\"\" width=\"1200\" height=\"675\" srcset=\"https:\/\/www.24gliwice.pl\/wiadomosci\/wp-content\/uploads\/2018\/06\/ff3.jpg 1200w, https:\/\/www.24gliwice.pl\/wiadomosci\/wp-content\/uploads\/2018\/06\/ff3-410x232.jpg 410w, https:\/\/www.24gliwice.pl\/wiadomosci\/wp-content\/uploads\/2018\/06\/ff3-768x432.jpg 768w, https:\/\/www.24gliwice.pl\/wiadomosci\/wp-content\/uploads\/2018\/06\/ff3-810x456.jpg 810w, https:\/\/www.24gliwice.pl\/wiadomosci\/wp-content\/uploads\/2018\/06\/ff3-1140x641.jpg 1140w\" sizes=\"auto, (max-width: 1200px) 100vw, 1200px\" \/><\/p>\n<div class=\"gliwi-a5-na-koncu-artykulow gliwi-entity-placement\" id=\"gliwi-1956835208\"><div class=\"gliwi-adlabel\"><span style=\"font-size: 9px\">REKLAMA<\/span><\/div><div id=\"gliwi-2158444475\" style=\"margin-left: auto;margin-right: auto;text-align: center;\"><a data-no-instant=\"1\" href=\"https:\/\/prezeroarenagliwice.pl\/\" rel=\"noopener\" class=\"a2t-link\" target=\"_blank\" aria-label=\"20260309-PREZERO-WIOSNA-D\"><img loading=\"lazy\" decoding=\"async\" src=\"https:\/\/www.24gliwice.pl\/wiadomosci\/wp-content\/uploads\/2026\/03\/20260309-PREZERO-WIOSNA-D.webp\" alt=\"\"  srcset=\"https:\/\/www.24gliwice.pl\/wiadomosci\/wp-content\/uploads\/2026\/03\/20260309-PREZERO-WIOSNA-D.webp 750w, https:\/\/www.24gliwice.pl\/wiadomosci\/wp-content\/uploads\/2026\/03\/20260309-PREZERO-WIOSNA-D-410x109.webp 410w\" sizes=\"(max-width: 750px) 100vw, 750px\" class=\"no-lazyload\" width=\"750\" height=\"200\"  style=\"display: inline-block; max-width: 100%; height: auto;\" \/><\/a><\/div><\/div>","protected":false},"excerpt":{"rendered":"<p>Parking nad tunelem DT\u015a, ulice Dubois w rejonie Starej Fabryki Drutu i Przy Bramie Raciborskiej &#8211; to miejsca, na kt\u00f3rych ju\u017c wkr\u00f3tce parkowanie przestanie by\u0107 darmowe. Uchwa\u0142\u0119 w tej sprawie jednog\u0142o\u015bnie przyj\u0119li w czwartek gliwiccy radni. O ile ulica Dubois, a zw\u0142aszcza 40-metrowa uliczka Przy Bramie Raciborskiej, dla kierowc\u00f3w maj\u0105 znaczenie marginalne, o tyle rozszerzenie [&hellip;]<\/p>\n","protected":false},"author":12,"featured_media":118857,"comment_status":"open","ping_status":"closed","sticky":false,"template":"","format":"standard","meta":{"_monsterinsights_skip_tracking":false,"_monsterinsights_sitenote_active":false,"_monsterinsights_sitenote_note":"","_monsterinsights_sitenote_category":0,"footnotes":"","_links_to":"","_links_to_target":""},"categories":[3,1,9],"tags":[2421,1817,9288],"class_list":["post-118788","post","type-post","status-publish","format-standard","has-post-thumbnail","hentry","category-gliwice","category-wszystko","category-aktualnosci_lokalne","tag-platne-parkowanie","tag-spp-gliwice","tag-strefa-platnego-parkowania-gliwice"],"yoast_head":"<!-- This site is optimized with the Yoast SEO plugin v27.5 - https:\/\/yoast.com\/product\/yoast-seo-wordpress\/ -->\n<title>Koniec darmowego parkowania nad tunelem DT\u015a. &quot;To by\u0142a enklawa, kto pierwszy, ten lepszy&quot; - 24GLIWICE - Portal Gliwice | codziennie nowe informacje<\/title>\n<meta name=\"robots\" content=\"index, follow, max-snippet:-1, max-image-preview:large, max-video-preview:-1\" \/>\n<link rel=\"canonical\" href=\"https:\/\/www.24gliwice.pl\/wiadomosci\/strefa-platnego-parkowania-zostanie-powiekszona-wiadomo-co-z-parkingiem-nad-tunelem-dts\/\" \/>\n<meta property=\"og:locale\" content=\"pl_PL\" \/>\n<meta property=\"og:type\" content=\"article\" \/>\n<meta property=\"og:title\" content=\"Koniec darmowego parkowania nad tunelem DT\u015a. &quot;To by\u0142a enklawa, kto pierwszy, ten lepszy&quot; - 24GLIWICE - Portal Gliwice | codziennie nowe informacje\" \/>\n<meta property=\"og:description\" content=\"Parking nad tunelem DT\u015a, ulice Dubois w rejonie Starej Fabryki Drutu i Przy Bramie Raciborskiej &#8211; to miejsca, na kt\u00f3rych ju\u017c wkr\u00f3tce parkowanie przestanie by\u0107 darmowe. Uchwa\u0142\u0119 w tej sprawie jednog\u0142o\u015bnie przyj\u0119li w czwartek gliwiccy radni. O ile ulica Dubois, a zw\u0142aszcza 40-metrowa uliczka Przy Bramie Raciborskiej, dla kierowc\u00f3w maj\u0105 znaczenie marginalne, o tyle rozszerzenie [&hellip;]\" \/>\n<meta property=\"og:url\" content=\"https:\/\/www.24gliwice.pl\/wiadomosci\/strefa-platnego-parkowania-zostanie-powiekszona-wiadomo-co-z-parkingiem-nad-tunelem-dts\/\" \/>\n<meta property=\"og:site_name\" content=\"24GLIWICE - Portal Gliwice | codziennie nowe informacje\" \/>\n<meta property=\"article:publisher\" content=\"https:\/\/www.facebook.com\/24gliwice\" \/>\n<meta property=\"article:published_time\" content=\"2018-06-18T01:24:35+00:00\" \/>\n<meta property=\"article:modified_time\" content=\"2018-06-18T16:11:40+00:00\" \/>\n<meta property=\"og:image\" content=\"https:\/\/www.24gliwice.pl\/wiadomosci\/wp-content\/uploads\/2018\/06\/35430681_10156496991914675_6493416924309880832_n.jpg\" \/>\n\t<meta property=\"og:image:width\" content=\"1200\" \/>\n\t<meta property=\"og:image:height\" content=\"676\" \/>\n\t<meta property=\"og:image:type\" content=\"image\/jpeg\" \/>\n<meta name=\"author\" content=\"Micha\u0142 Szewczyk\" \/>\n<meta name=\"twitter:card\" content=\"summary_large_image\" \/>\n<meta name=\"twitter:creator\" content=\"@24gliwice\" \/>\n<meta name=\"twitter:site\" content=\"@24gliwice\" \/>\n<meta name=\"twitter:label1\" content=\"Napisane przez\" \/>\n\t<meta name=\"twitter:data1\" content=\"Micha\u0142 Szewczyk\" \/>\n\t<meta name=\"twitter:label2\" content=\"Szacowany czas czytania\" \/>\n\t<meta name=\"twitter:data2\" content=\"2 minuty\" \/>\n<script type=\"application\/ld+json\" class=\"yoast-schema-graph\">{\"@context\":\"https:\\\/\\\/schema.org\",\"@graph\":[{\"@type\":\"Article\",\"@id\":\"https:\\\/\\\/www.24gliwice.pl\\\/wiadomosci\\\/strefa-platnego-parkowania-zostanie-powiekszona-wiadomo-co-z-parkingiem-nad-tunelem-dts\\\/#article\",\"isPartOf\":{\"@id\":\"https:\\\/\\\/www.24gliwice.pl\\\/wiadomosci\\\/strefa-platnego-parkowania-zostanie-powiekszona-wiadomo-co-z-parkingiem-nad-tunelem-dts\\\/\"},\"author\":{\"name\":\"Micha\u0142 Szewczyk\",\"@id\":\"https:\\\/\\\/www.24gliwice.pl\\\/wiadomosci\\\/#\\\/schema\\\/person\\\/940e8f8a097e322de4f463f061ef8d45\"},\"headline\":\"Koniec darmowego parkowania nad tunelem DT\u015a. &#8220;To by\u0142a enklawa, kto pierwszy, ten lepszy&#8221;\",\"datePublished\":\"2018-06-18T01:24:35+00:00\",\"dateModified\":\"2018-06-18T16:11:40+00:00\",\"mainEntityOfPage\":{\"@id\":\"https:\\\/\\\/www.24gliwice.pl\\\/wiadomosci\\\/strefa-platnego-parkowania-zostanie-powiekszona-wiadomo-co-z-parkingiem-nad-tunelem-dts\\\/\"},\"wordCount\":493,\"commentCount\":0,\"publisher\":{\"@id\":\"https:\\\/\\\/www.24gliwice.pl\\\/wiadomosci\\\/#organization\"},\"image\":{\"@id\":\"https:\\\/\\\/www.24gliwice.pl\\\/wiadomosci\\\/strefa-platnego-parkowania-zostanie-powiekszona-wiadomo-co-z-parkingiem-nad-tunelem-dts\\\/#primaryimage\"},\"thumbnailUrl\":\"https:\\\/\\\/www.24gliwice.pl\\\/wiadomosci\\\/wp-content\\\/uploads\\\/2018\\\/06\\\/35430681_10156496991914675_6493416924309880832_n.jpg\",\"keywords\":[\"P\u0141ATNE PARKOWANIE\",\"spp gliwice\",\"strefa p\u0142atnego parkowania gliwice\"],\"articleSection\":[\"Gliwice\",\"Najnowsze wiadomo\u015bci\",\"Portal Gliwice - Wiadomo\u015bci lokalne\"],\"inLanguage\":\"pl-PL\",\"potentialAction\":[{\"@type\":\"CommentAction\",\"name\":\"Comment\",\"target\":[\"https:\\\/\\\/www.24gliwice.pl\\\/wiadomosci\\\/strefa-platnego-parkowania-zostanie-powiekszona-wiadomo-co-z-parkingiem-nad-tunelem-dts\\\/#respond\"]}]},{\"@type\":\"WebPage\",\"@id\":\"https:\\\/\\\/www.24gliwice.pl\\\/wiadomosci\\\/strefa-platnego-parkowania-zostanie-powiekszona-wiadomo-co-z-parkingiem-nad-tunelem-dts\\\/\",\"url\":\"https:\\\/\\\/www.24gliwice.pl\\\/wiadomosci\\\/strefa-platnego-parkowania-zostanie-powiekszona-wiadomo-co-z-parkingiem-nad-tunelem-dts\\\/\",\"name\":\"Koniec darmowego parkowania nad tunelem DT\u015a. \\\"To by\u0142a enklawa, kto pierwszy, ten lepszy\\\" - 24GLIWICE - Portal Gliwice | codziennie nowe informacje\",\"isPartOf\":{\"@id\":\"https:\\\/\\\/www.24gliwice.pl\\\/wiadomosci\\\/#website\"},\"primaryImageOfPage\":{\"@id\":\"https:\\\/\\\/www.24gliwice.pl\\\/wiadomosci\\\/strefa-platnego-parkowania-zostanie-powiekszona-wiadomo-co-z-parkingiem-nad-tunelem-dts\\\/#primaryimage\"},\"image\":{\"@id\":\"https:\\\/\\\/www.24gliwice.pl\\\/wiadomosci\\\/strefa-platnego-parkowania-zostanie-powiekszona-wiadomo-co-z-parkingiem-nad-tunelem-dts\\\/#primaryimage\"},\"thumbnailUrl\":\"https:\\\/\\\/www.24gliwice.pl\\\/wiadomosci\\\/wp-content\\\/uploads\\\/2018\\\/06\\\/35430681_10156496991914675_6493416924309880832_n.jpg\",\"datePublished\":\"2018-06-18T01:24:35+00:00\",\"dateModified\":\"2018-06-18T16:11:40+00:00\",\"breadcrumb\":{\"@id\":\"https:\\\/\\\/www.24gliwice.pl\\\/wiadomosci\\\/strefa-platnego-parkowania-zostanie-powiekszona-wiadomo-co-z-parkingiem-nad-tunelem-dts\\\/#breadcrumb\"},\"inLanguage\":\"pl-PL\",\"potentialAction\":[{\"@type\":\"ReadAction\",\"target\":[\"https:\\\/\\\/www.24gliwice.pl\\\/wiadomosci\\\/strefa-platnego-parkowania-zostanie-powiekszona-wiadomo-co-z-parkingiem-nad-tunelem-dts\\\/\"]}]},{\"@type\":\"ImageObject\",\"inLanguage\":\"pl-PL\",\"@id\":\"https:\\\/\\\/www.24gliwice.pl\\\/wiadomosci\\\/strefa-platnego-parkowania-zostanie-powiekszona-wiadomo-co-z-parkingiem-nad-tunelem-dts\\\/#primaryimage\",\"url\":\"https:\\\/\\\/www.24gliwice.pl\\\/wiadomosci\\\/wp-content\\\/uploads\\\/2018\\\/06\\\/35430681_10156496991914675_6493416924309880832_n.jpg\",\"contentUrl\":\"https:\\\/\\\/www.24gliwice.pl\\\/wiadomosci\\\/wp-content\\\/uploads\\\/2018\\\/06\\\/35430681_10156496991914675_6493416924309880832_n.jpg\",\"width\":1200,\"height\":676},{\"@type\":\"BreadcrumbList\",\"@id\":\"https:\\\/\\\/www.24gliwice.pl\\\/wiadomosci\\\/strefa-platnego-parkowania-zostanie-powiekszona-wiadomo-co-z-parkingiem-nad-tunelem-dts\\\/#breadcrumb\",\"itemListElement\":[{\"@type\":\"ListItem\",\"position\":1,\"name\":\"Strona g\u0142\u00f3wna\",\"item\":\"https:\\\/\\\/www.24gliwice.pl\\\/wiadomosci\\\/\"},{\"@type\":\"ListItem\",\"position\":2,\"name\":\"Koniec darmowego parkowania nad tunelem DT\u015a. &#8222;To by\u0142a enklawa, kto pierwszy, ten lepszy&#8221;\"}]},{\"@type\":\"WebSite\",\"@id\":\"https:\\\/\\\/www.24gliwice.pl\\\/wiadomosci\\\/#website\",\"url\":\"https:\\\/\\\/www.24gliwice.pl\\\/wiadomosci\\\/\",\"name\":\"24GLIWICE - Portal Gliwice | codziennie nowe wiadomo\u015bci\",\"description\":\"Portal Miejski Gliwice\",\"publisher\":{\"@id\":\"https:\\\/\\\/www.24gliwice.pl\\\/wiadomosci\\\/#organization\"},\"potentialAction\":[{\"@type\":\"SearchAction\",\"target\":{\"@type\":\"EntryPoint\",\"urlTemplate\":\"https:\\\/\\\/www.24gliwice.pl\\\/wiadomosci\\\/?s={search_term_string}\"},\"query-input\":{\"@type\":\"PropertyValueSpecification\",\"valueRequired\":true,\"valueName\":\"search_term_string\"}}],\"inLanguage\":\"pl-PL\"},{\"@type\":\"Organization\",\"@id\":\"https:\\\/\\\/www.24gliwice.pl\\\/wiadomosci\\\/#organization\",\"name\":\"24gliwice\",\"url\":\"https:\\\/\\\/www.24gliwice.pl\\\/wiadomosci\\\/\",\"logo\":{\"@type\":\"ImageObject\",\"inLanguage\":\"pl-PL\",\"@id\":\"https:\\\/\\\/www.24gliwice.pl\\\/wiadomosci\\\/#\\\/schema\\\/logo\\\/image\\\/\",\"url\":\"https:\\\/\\\/www.24gliwice.pl\\\/wiadomosci\\\/wp-content\\\/uploads\\\/2024\\\/10\\\/24gliwice-logo-696.jpg\",\"contentUrl\":\"https:\\\/\\\/www.24gliwice.pl\\\/wiadomosci\\\/wp-content\\\/uploads\\\/2024\\\/10\\\/24gliwice-logo-696.jpg\",\"width\":696,\"height\":696,\"caption\":\"24gliwice\"},\"image\":{\"@id\":\"https:\\\/\\\/www.24gliwice.pl\\\/wiadomosci\\\/#\\\/schema\\\/logo\\\/image\\\/\"},\"sameAs\":[\"https:\\\/\\\/www.facebook.com\\\/24gliwice\",\"https:\\\/\\\/x.com\\\/24gliwice\",\"https:\\\/\\\/www.youtube.com\\\/@24gliwice\"]},{\"@type\":\"Person\",\"@id\":\"https:\\\/\\\/www.24gliwice.pl\\\/wiadomosci\\\/#\\\/schema\\\/person\\\/940e8f8a097e322de4f463f061ef8d45\",\"name\":\"Micha\u0142 Szewczyk\",\"image\":{\"@type\":\"ImageObject\",\"inLanguage\":\"pl-PL\",\"@id\":\"https:\\\/\\\/secure.gravatar.com\\\/avatar\\\/771b8b6c74cd8d255e46392d605e01a86133900ef09b6ef3c8d451c9d92288cf?s=96&d=mm&r=g\",\"url\":\"https:\\\/\\\/secure.gravatar.com\\\/avatar\\\/771b8b6c74cd8d255e46392d605e01a86133900ef09b6ef3c8d451c9d92288cf?s=96&d=mm&r=g\",\"contentUrl\":\"https:\\\/\\\/secure.gravatar.com\\\/avatar\\\/771b8b6c74cd8d255e46392d605e01a86133900ef09b6ef3c8d451c9d92288cf?s=96&d=mm&r=g\",\"caption\":\"Micha\u0142 Szewczyk\"},\"sameAs\":[\"http:\\\/\\\/www.gazeta-miejska.pl\"],\"url\":\"https:\\\/\\\/www.24gliwice.pl\\\/wiadomosci\\\/author\\\/michal-szewczyk\\\/\"}]}<\/script>\n<!-- \/ Yoast SEO plugin. -->","yoast_head_json":{"title":"Koniec darmowego parkowania nad tunelem DT\u015a. \"To by\u0142a enklawa, kto pierwszy, ten lepszy\" - 24GLIWICE - Portal Gliwice | codziennie nowe informacje","robots":{"index":"index","follow":"follow","max-snippet":"max-snippet:-1","max-image-preview":"max-image-preview:large","max-video-preview":"max-video-preview:-1"},"canonical":"https:\/\/www.24gliwice.pl\/wiadomosci\/strefa-platnego-parkowania-zostanie-powiekszona-wiadomo-co-z-parkingiem-nad-tunelem-dts\/","og_locale":"pl_PL","og_type":"article","og_title":"Koniec darmowego parkowania nad tunelem DT\u015a. \"To by\u0142a enklawa, kto pierwszy, ten lepszy\" - 24GLIWICE - Portal Gliwice | codziennie nowe informacje","og_description":"Parking nad tunelem DT\u015a, ulice Dubois w rejonie Starej Fabryki Drutu i Przy Bramie Raciborskiej &#8211; to miejsca, na kt\u00f3rych ju\u017c wkr\u00f3tce parkowanie przestanie by\u0107 darmowe. Uchwa\u0142\u0119 w tej sprawie jednog\u0142o\u015bnie przyj\u0119li w czwartek gliwiccy radni. O ile ulica Dubois, a zw\u0142aszcza 40-metrowa uliczka Przy Bramie Raciborskiej, dla kierowc\u00f3w maj\u0105 znaczenie marginalne, o tyle rozszerzenie [&hellip;]","og_url":"https:\/\/www.24gliwice.pl\/wiadomosci\/strefa-platnego-parkowania-zostanie-powiekszona-wiadomo-co-z-parkingiem-nad-tunelem-dts\/","og_site_name":"24GLIWICE - Portal Gliwice | codziennie nowe informacje","article_publisher":"https:\/\/www.facebook.com\/24gliwice","article_published_time":"2018-06-18T01:24:35+00:00","article_modified_time":"2018-06-18T16:11:40+00:00","og_image":[{"width":1200,"height":676,"url":"https:\/\/www.24gliwice.pl\/wiadomosci\/wp-content\/uploads\/2018\/06\/35430681_10156496991914675_6493416924309880832_n.jpg","type":"image\/jpeg"}],"author":"Micha\u0142 Szewczyk","twitter_card":"summary_large_image","twitter_creator":"@24gliwice","twitter_site":"@24gliwice","twitter_misc":{"Napisane przez":"Micha\u0142 Szewczyk","Szacowany czas czytania":"2 minuty"},"schema":{"@context":"https:\/\/schema.org","@graph":[{"@type":"Article","@id":"https:\/\/www.24gliwice.pl\/wiadomosci\/strefa-platnego-parkowania-zostanie-powiekszona-wiadomo-co-z-parkingiem-nad-tunelem-dts\/#article","isPartOf":{"@id":"https:\/\/www.24gliwice.pl\/wiadomosci\/strefa-platnego-parkowania-zostanie-powiekszona-wiadomo-co-z-parkingiem-nad-tunelem-dts\/"},"author":{"name":"Micha\u0142 Szewczyk","@id":"https:\/\/www.24gliwice.pl\/wiadomosci\/#\/schema\/person\/940e8f8a097e322de4f463f061ef8d45"},"headline":"Koniec darmowego parkowania nad tunelem DT\u015a. &#8220;To by\u0142a enklawa, kto pierwszy, ten lepszy&#8221;","datePublished":"2018-06-18T01:24:35+00:00","dateModified":"2018-06-18T16:11:40+00:00","mainEntityOfPage":{"@id":"https:\/\/www.24gliwice.pl\/wiadomosci\/strefa-platnego-parkowania-zostanie-powiekszona-wiadomo-co-z-parkingiem-nad-tunelem-dts\/"},"wordCount":493,"commentCount":0,"publisher":{"@id":"https:\/\/www.24gliwice.pl\/wiadomosci\/#organization"},"image":{"@id":"https:\/\/www.24gliwice.pl\/wiadomosci\/strefa-platnego-parkowania-zostanie-powiekszona-wiadomo-co-z-parkingiem-nad-tunelem-dts\/#primaryimage"},"thumbnailUrl":"https:\/\/www.24gliwice.pl\/wiadomosci\/wp-content\/uploads\/2018\/06\/35430681_10156496991914675_6493416924309880832_n.jpg","keywords":["P\u0141ATNE PARKOWANIE","spp gliwice","strefa p\u0142atnego parkowania gliwice"],"articleSection":["Gliwice","Najnowsze wiadomo\u015bci","Portal Gliwice - Wiadomo\u015bci lokalne"],"inLanguage":"pl-PL","potentialAction":[{"@type":"CommentAction","name":"Comment","target":["https:\/\/www.24gliwice.pl\/wiadomosci\/strefa-platnego-parkowania-zostanie-powiekszona-wiadomo-co-z-parkingiem-nad-tunelem-dts\/#respond"]}]},{"@type":"WebPage","@id":"https:\/\/www.24gliwice.pl\/wiadomosci\/strefa-platnego-parkowania-zostanie-powiekszona-wiadomo-co-z-parkingiem-nad-tunelem-dts\/","url":"https:\/\/www.24gliwice.pl\/wiadomosci\/strefa-platnego-parkowania-zostanie-powiekszona-wiadomo-co-z-parkingiem-nad-tunelem-dts\/","name":"Koniec darmowego parkowania nad tunelem DT\u015a. \"To by\u0142a enklawa, kto pierwszy, ten lepszy\" - 24GLIWICE - Portal Gliwice | codziennie nowe informacje","isPartOf":{"@id":"https:\/\/www.24gliwice.pl\/wiadomosci\/#website"},"primaryImageOfPage":{"@id":"https:\/\/www.24gliwice.pl\/wiadomosci\/strefa-platnego-parkowania-zostanie-powiekszona-wiadomo-co-z-parkingiem-nad-tunelem-dts\/#primaryimage"},"image":{"@id":"https:\/\/www.24gliwice.pl\/wiadomosci\/strefa-platnego-parkowania-zostanie-powiekszona-wiadomo-co-z-parkingiem-nad-tunelem-dts\/#primaryimage"},"thumbnailUrl":"https:\/\/www.24gliwice.pl\/wiadomosci\/wp-content\/uploads\/2018\/06\/35430681_10156496991914675_6493416924309880832_n.jpg","datePublished":"2018-06-18T01:24:35+00:00","dateModified":"2018-06-18T16:11:40+00:00","breadcrumb":{"@id":"https:\/\/www.24gliwice.pl\/wiadomosci\/strefa-platnego-parkowania-zostanie-powiekszona-wiadomo-co-z-parkingiem-nad-tunelem-dts\/#breadcrumb"},"inLanguage":"pl-PL","potentialAction":[{"@type":"ReadAction","target":["https:\/\/www.24gliwice.pl\/wiadomosci\/strefa-platnego-parkowania-zostanie-powiekszona-wiadomo-co-z-parkingiem-nad-tunelem-dts\/"]}]},{"@type":"ImageObject","inLanguage":"pl-PL","@id":"https:\/\/www.24gliwice.pl\/wiadomosci\/strefa-platnego-parkowania-zostanie-powiekszona-wiadomo-co-z-parkingiem-nad-tunelem-dts\/#primaryimage","url":"https:\/\/www.24gliwice.pl\/wiadomosci\/wp-content\/uploads\/2018\/06\/35430681_10156496991914675_6493416924309880832_n.jpg","contentUrl":"https:\/\/www.24gliwice.pl\/wiadomosci\/wp-content\/uploads\/2018\/06\/35430681_10156496991914675_6493416924309880832_n.jpg","width":1200,"height":676},{"@type":"BreadcrumbList","@id":"https:\/\/www.24gliwice.pl\/wiadomosci\/strefa-platnego-parkowania-zostanie-powiekszona-wiadomo-co-z-parkingiem-nad-tunelem-dts\/#breadcrumb","itemListElement":[{"@type":"ListItem","position":1,"name":"Strona g\u0142\u00f3wna","item":"https:\/\/www.24gliwice.pl\/wiadomosci\/"},{"@type":"ListItem","position":2,"name":"Koniec darmowego parkowania nad tunelem DT\u015a. &#8222;To by\u0142a enklawa, kto pierwszy, ten lepszy&#8221;"}]},{"@type":"WebSite","@id":"https:\/\/www.24gliwice.pl\/wiadomosci\/#website","url":"https:\/\/www.24gliwice.pl\/wiadomosci\/","name":"24GLIWICE - Portal Gliwice | codziennie nowe wiadomo\u015bci","description":"Portal Miejski Gliwice","publisher":{"@id":"https:\/\/www.24gliwice.pl\/wiadomosci\/#organization"},"potentialAction":[{"@type":"SearchAction","target":{"@type":"EntryPoint","urlTemplate":"https:\/\/www.24gliwice.pl\/wiadomosci\/?s={search_term_string}"},"query-input":{"@type":"PropertyValueSpecification","valueRequired":true,"valueName":"search_term_string"}}],"inLanguage":"pl-PL"},{"@type":"Organization","@id":"https:\/\/www.24gliwice.pl\/wiadomosci\/#organization","name":"24gliwice","url":"https:\/\/www.24gliwice.pl\/wiadomosci\/","logo":{"@type":"ImageObject","inLanguage":"pl-PL","@id":"https:\/\/www.24gliwice.pl\/wiadomosci\/#\/schema\/logo\/image\/","url":"https:\/\/www.24gliwice.pl\/wiadomosci\/wp-content\/uploads\/2024\/10\/24gliwice-logo-696.jpg","contentUrl":"https:\/\/www.24gliwice.pl\/wiadomosci\/wp-content\/uploads\/2024\/10\/24gliwice-logo-696.jpg","width":696,"height":696,"caption":"24gliwice"},"image":{"@id":"https:\/\/www.24gliwice.pl\/wiadomosci\/#\/schema\/logo\/image\/"},"sameAs":["https:\/\/www.facebook.com\/24gliwice","https:\/\/x.com\/24gliwice","https:\/\/www.youtube.com\/@24gliwice"]},{"@type":"Person","@id":"https:\/\/www.24gliwice.pl\/wiadomosci\/#\/schema\/person\/940e8f8a097e322de4f463f061ef8d45","name":"Micha\u0142 Szewczyk","image":{"@type":"ImageObject","inLanguage":"pl-PL","@id":"https:\/\/secure.gravatar.com\/avatar\/771b8b6c74cd8d255e46392d605e01a86133900ef09b6ef3c8d451c9d92288cf?s=96&d=mm&r=g","url":"https:\/\/secure.gravatar.com\/avatar\/771b8b6c74cd8d255e46392d605e01a86133900ef09b6ef3c8d451c9d92288cf?s=96&d=mm&r=g","contentUrl":"https:\/\/secure.gravatar.com\/avatar\/771b8b6c74cd8d255e46392d605e01a86133900ef09b6ef3c8d451c9d92288cf?s=96&d=mm&r=g","caption":"Micha\u0142 Szewczyk"},"sameAs":["http:\/\/www.gazeta-miejska.pl"],"url":"https:\/\/www.24gliwice.pl\/wiadomosci\/author\/michal-szewczyk\/"}]}},"_links":{"self":[{"href":"https:\/\/www.24gliwice.pl\/wiadomosci\/wp-json\/wp\/v2\/posts\/118788","targetHints":{"allow":["GET"]}}],"collection":[{"href":"https:\/\/www.24gliwice.pl\/wiadomosci\/wp-json\/wp\/v2\/posts"}],"about":[{"href":"https:\/\/www.24gliwice.pl\/wiadomosci\/wp-json\/wp\/v2\/types\/post"}],"author":[{"embeddable":true,"href":"https:\/\/www.24gliwice.pl\/wiadomosci\/wp-json\/wp\/v2\/users\/12"}],"replies":[{"embeddable":true,"href":"https:\/\/www.24gliwice.pl\/wiadomosci\/wp-json\/wp\/v2\/comments?post=118788"}],"version-history":[{"count":0,"href":"https:\/\/www.24gliwice.pl\/wiadomosci\/wp-json\/wp\/v2\/posts\/118788\/revisions"}],"wp:featuredmedia":[{"embeddable":true,"href":"https:\/\/www.24gliwice.pl\/wiadomosci\/wp-json\/wp\/v2\/media\/118857"}],"wp:attachment":[{"href":"https:\/\/www.24gliwice.pl\/wiadomosci\/wp-json\/wp\/v2\/media?parent=118788"}],"wp:term":[{"taxonomy":"category","embeddable":true,"href":"https:\/\/www.24gliwice.pl\/wiadomosci\/wp-json\/wp\/v2\/categories?post=118788"},{"taxonomy":"post_tag","embeddable":true,"href":"https:\/\/www.24gliwice.pl\/wiadomosci\/wp-json\/wp\/v2\/tags?post=118788"}],"curies":[{"name":"wp","href":"https:\/\/api.w.org\/{rel}","templated":true}]}}