{"id":118845,"date":"2018-06-19T01:29:57","date_gmt":"2018-06-18T23:29:57","guid":{"rendered":"https:\/\/www.24gliwice.pl\/wiadomosci\/?p=118845"},"modified":"2018-06-19T01:29:57","modified_gmt":"2018-06-18T23:29:57","slug":"kolejny-etap-budowy-ronda-bedzie-sie-wiazal-z-wiekszymi-utrudnieniami-ruch-wahadlowy","status":"publish","type":"post","link":"https:\/\/www.24gliwice.pl\/wiadomosci\/kolejny-etap-budowy-ronda-bedzie-sie-wiazal-z-wiekszymi-utrudnieniami-ruch-wahadlowy\/","title":{"rendered":"Kolejny etap budowy ronda b\u0119dzie si\u0119 wi\u0105za\u0142 z wi\u0119kszymi utrudnieniami. Ruch wahad\u0142owy"},"content":{"rendered":"<div class=\"gliwi-a6-nad-leadem-artykulow gliwi-entity-placement\" id=\"gliwi-4277195931\"><div class=\"gliwi-adlabel\"><span style=\"font-size: 9px\">REKLAMA<\/span><\/div><div id=\"gliwi-571961315\" style=\"margin-bottom: 30px;margin-left: auto;margin-right: auto;text-align: center;\"><a data-no-instant=\"1\" href=\"https:\/\/przedszkole.halogen.org.pl\/\" rel=\"noopener\" class=\"a2t-link\" target=\"_blank\" aria-label=\"20260402-ANIMATOR-przedszkole_grafika_750x200\"><img loading=\"lazy\" decoding=\"async\" src=\"https:\/\/www.24gliwice.pl\/wiadomosci\/wp-content\/uploads\/2026\/04\/20260402-ANIMATOR-przedszkole_grafika_750x200.webp\" alt=\"\"  srcset=\"https:\/\/www.24gliwice.pl\/wiadomosci\/wp-content\/uploads\/2026\/04\/20260402-ANIMATOR-przedszkole_grafika_750x200.webp 750w, https:\/\/www.24gliwice.pl\/wiadomosci\/wp-content\/uploads\/2026\/04\/20260402-ANIMATOR-przedszkole_grafika_750x200-410x109.webp 410w\" sizes=\"(max-width: 750px) 100vw, 750px\" class=\"no-lazyload\" width=\"750\" height=\"200\"  style=\"display: inline-block; max-width: 100%; height: auto;\" \/><\/a><\/div><\/div><h3>Trwa przebudowa skrzy\u017cowania w Brzezince, na kt\u00f3rym cz\u0119sto dochodzi\u0142o do zdarze\u0144 drogowych. Ju\u017c w przysz\u0142ym tygodniu wprowadzony zostanie kolejny etap czasowej organizacji ruchu u zbiegu ul. Kozielskiej, Kresowej i Wycz\u00f3\u0142kowskiego. <\/p>\n<p>W poniedzia\u0142ek, 25 czerwca od godziny 7:00 ruch na skrzy\u017cowaniu b\u0119dzie kierowany wahad\u0142ow\u0105 sygnalizacj\u0105 \u015bwietln\u0105. <\/p><div class=\"gliwi-a3-w-tresci-artykulow gliwi-entity-placement\" id=\"gliwi-2188656819\"><div class=\"gliwi-adlabel\"><span style=\"font-size: 9px\">REKLAMA<\/span><\/div><div id=\"gliwi-2155198327\" style=\"margin-bottom: 30px;margin-left: auto;margin-right: auto;text-align: center;\"><a data-no-instant=\"1\" href=\"https:\/\/ogrodyandersa.pl\/\" rel=\"noopener\" class=\"a2t-link\" target=\"_blank\" aria-label=\"20260415 Ogrody Andersa KUP TERAZ D\"><img loading=\"lazy\" decoding=\"async\" src=\"https:\/\/www.24gliwice.pl\/wiadomosci\/wp-content\/uploads\/2026\/04\/20260415-Ogrody-Andersa-KUP-TERAZ-D.jpg\" alt=\"\"  srcset=\"https:\/\/www.24gliwice.pl\/wiadomosci\/wp-content\/uploads\/2026\/04\/20260415-Ogrody-Andersa-KUP-TERAZ-D.jpg 750w, https:\/\/www.24gliwice.pl\/wiadomosci\/wp-content\/uploads\/2026\/04\/20260415-Ogrody-Andersa-KUP-TERAZ-D-410x109.jpg 410w\" sizes=\"(max-width: 750px) 100vw, 750px\" class=\"no-lazyload\" width=\"750\" height=\"200\"  style=\"display: inline-block; max-width: 100%; height: auto;\" \/><\/a><\/div><\/div>\n<p>Ruch samochod\u00f3w poprowadzony zostanie po jednym pasie z wlot\u00f3w ul. Kozielskiej i Kresowej. Wlot ul. Wycz\u00f3\u0142kowskiego pozostanie zamkni\u0119ty. Objazd jak dot\u0105d odbywa\u0107 si\u0119 b\u0119dzie objazdem ul. Gaudiego.<\/p>\n<p>(\u017cms)\/ZDM Gliwice<br \/>\nfot. arch. 24gliwice.pl<\/p>\n<div class=\"gliwi-a5-na-koncu-artykulow gliwi-entity-placement\" id=\"gliwi-3206310110\"><div class=\"gliwi-adlabel\"><span style=\"font-size: 9px\">REKLAMA<\/span><\/div><div id=\"gliwi-2230979932\" style=\"margin-left: auto;margin-right: auto;text-align: center;\"><a data-no-instant=\"1\" href=\"https:\/\/prezeroarenagliwice.pl\/\" rel=\"noopener\" class=\"a2t-link\" target=\"_blank\" aria-label=\"20260309-PREZERO-WIOSNA-D\"><img loading=\"lazy\" decoding=\"async\" src=\"https:\/\/www.24gliwice.pl\/wiadomosci\/wp-content\/uploads\/2026\/03\/20260309-PREZERO-WIOSNA-D.webp\" alt=\"\"  srcset=\"https:\/\/www.24gliwice.pl\/wiadomosci\/wp-content\/uploads\/2026\/03\/20260309-PREZERO-WIOSNA-D.webp 750w, https:\/\/www.24gliwice.pl\/wiadomosci\/wp-content\/uploads\/2026\/03\/20260309-PREZERO-WIOSNA-D-410x109.webp 410w\" sizes=\"(max-width: 750px) 100vw, 750px\" class=\"no-lazyload\" width=\"750\" height=\"200\"  style=\"display: inline-block; max-width: 100%; height: auto;\" \/><\/a><\/div><\/div>","protected":false},"excerpt":{"rendered":"<p>Trwa przebudowa skrzy\u017cowania w Brzezince, na kt\u00f3rym cz\u0119sto dochodzi\u0142o do zdarze\u0144 drogowych. Ju\u017c w przysz\u0142ym tygodniu wprowadzony zostanie kolejny etap czasowej organizacji ruchu u zbiegu ul. Kozielskiej, Kresowej i Wycz\u00f3\u0142kowskiego. W poniedzia\u0142ek, 25 czerwca od godziny 7:00 ruch na skrzy\u017cowaniu b\u0119dzie kierowany wahad\u0142ow\u0105 sygnalizacj\u0105 \u015bwietln\u0105. Ruch samochod\u00f3w poprowadzony zostanie po jednym pasie z wlot\u00f3w ul. [&hellip;]<\/p>\n","protected":false},"author":15,"featured_media":117724,"comment_status":"open","ping_status":"closed","sticky":false,"template":"","format":"standard","meta":{"_monsterinsights_skip_tracking":false,"_monsterinsights_sitenote_active":false,"_monsterinsights_sitenote_note":"","_monsterinsights_sitenote_category":0,"footnotes":"","_links_to":"","_links_to_target":""},"categories":[3,1],"tags":[2980,10835,9436],"class_list":["post-118845","post","type-post","status-publish","format-standard","has-post-thumbnail","hentry","category-gliwice","category-wszystko","tag-przebudowa-skrzyzowania","tag-ruch-drogowy","tag-zmiana-organizacji-ruchu"],"yoast_head":"<!-- This site is optimized with the Yoast SEO plugin v27.5 - https:\/\/yoast.com\/product\/yoast-seo-wordpress\/ -->\n<title>Kolejny etap budowy ronda b\u0119dzie si\u0119 wi\u0105za\u0142 z wi\u0119kszymi utrudnieniami. Ruch wahad\u0142owy - 24GLIWICE - Portal Gliwice | codziennie nowe informacje<\/title>\n<meta name=\"robots\" content=\"index, follow, max-snippet:-1, max-image-preview:large, max-video-preview:-1\" \/>\n<link rel=\"canonical\" href=\"https:\/\/www.24gliwice.pl\/wiadomosci\/kolejny-etap-budowy-ronda-bedzie-sie-wiazal-z-wiekszymi-utrudnieniami-ruch-wahadlowy\/\" \/>\n<meta property=\"og:locale\" content=\"pl_PL\" \/>\n<meta property=\"og:type\" content=\"article\" \/>\n<meta property=\"og:title\" content=\"Kolejny etap budowy ronda b\u0119dzie si\u0119 wi\u0105za\u0142 z wi\u0119kszymi utrudnieniami. Ruch wahad\u0142owy - 24GLIWICE - Portal Gliwice | codziennie nowe informacje\" \/>\n<meta property=\"og:description\" content=\"Trwa przebudowa skrzy\u017cowania w Brzezince, na kt\u00f3rym cz\u0119sto dochodzi\u0142o do zdarze\u0144 drogowych. Ju\u017c w przysz\u0142ym tygodniu wprowadzony zostanie kolejny etap czasowej organizacji ruchu u zbiegu ul. Kozielskiej, Kresowej i Wycz\u00f3\u0142kowskiego. W poniedzia\u0142ek, 25 czerwca od godziny 7:00 ruch na skrzy\u017cowaniu b\u0119dzie kierowany wahad\u0142ow\u0105 sygnalizacj\u0105 \u015bwietln\u0105. Ruch samochod\u00f3w poprowadzony zostanie po jednym pasie z wlot\u00f3w ul. [&hellip;]\" \/>\n<meta property=\"og:url\" content=\"https:\/\/www.24gliwice.pl\/wiadomosci\/kolejny-etap-budowy-ronda-bedzie-sie-wiazal-z-wiekszymi-utrudnieniami-ruch-wahadlowy\/\" \/>\n<meta property=\"og:site_name\" content=\"24GLIWICE - Portal Gliwice | codziennie nowe informacje\" \/>\n<meta property=\"article:publisher\" content=\"https:\/\/www.facebook.com\/24gliwice\" \/>\n<meta property=\"article:published_time\" content=\"2018-06-18T23:29:57+00:00\" \/>\n<meta property=\"og:image\" content=\"https:\/\/www.24gliwice.pl\/wiadomosci\/wp-content\/uploads\/2018\/05\/1-rondo-kozielska-2.jpg\" \/>\n\t<meta property=\"og:image:width\" content=\"810\" \/>\n\t<meta property=\"og:image:height\" content=\"442\" \/>\n\t<meta property=\"og:image:type\" content=\"image\/jpeg\" \/>\n<meta name=\"author\" content=\"\u017baneta Mrozek-Siewierska\" \/>\n<meta name=\"twitter:card\" content=\"summary_large_image\" \/>\n<meta name=\"twitter:creator\" content=\"@24gliwice\" \/>\n<meta name=\"twitter:site\" content=\"@24gliwice\" \/>\n<meta name=\"twitter:label1\" content=\"Napisane przez\" \/>\n\t<meta name=\"twitter:data1\" content=\"\u017baneta Mrozek-Siewierska\" \/>\n<script type=\"application\/ld+json\" class=\"yoast-schema-graph\">{\"@context\":\"https:\\\/\\\/schema.org\",\"@graph\":[{\"@type\":\"Article\",\"@id\":\"https:\\\/\\\/www.24gliwice.pl\\\/wiadomosci\\\/kolejny-etap-budowy-ronda-bedzie-sie-wiazal-z-wiekszymi-utrudnieniami-ruch-wahadlowy\\\/#article\",\"isPartOf\":{\"@id\":\"https:\\\/\\\/www.24gliwice.pl\\\/wiadomosci\\\/kolejny-etap-budowy-ronda-bedzie-sie-wiazal-z-wiekszymi-utrudnieniami-ruch-wahadlowy\\\/\"},\"author\":{\"name\":\"\u017baneta Mrozek-Siewierska\",\"@id\":\"https:\\\/\\\/www.24gliwice.pl\\\/wiadomosci\\\/#\\\/schema\\\/person\\\/e42c650edd7f2fa332be3811fb166b6e\"},\"headline\":\"Kolejny etap budowy ronda b\u0119dzie si\u0119 wi\u0105za\u0142 z wi\u0119kszymi utrudnieniami. Ruch wahad\u0142owy\",\"datePublished\":\"2018-06-18T23:29:57+00:00\",\"mainEntityOfPage\":{\"@id\":\"https:\\\/\\\/www.24gliwice.pl\\\/wiadomosci\\\/kolejny-etap-budowy-ronda-bedzie-sie-wiazal-z-wiekszymi-utrudnieniami-ruch-wahadlowy\\\/\"},\"wordCount\":109,\"commentCount\":0,\"publisher\":{\"@id\":\"https:\\\/\\\/www.24gliwice.pl\\\/wiadomosci\\\/#organization\"},\"image\":{\"@id\":\"https:\\\/\\\/www.24gliwice.pl\\\/wiadomosci\\\/kolejny-etap-budowy-ronda-bedzie-sie-wiazal-z-wiekszymi-utrudnieniami-ruch-wahadlowy\\\/#primaryimage\"},\"thumbnailUrl\":\"https:\\\/\\\/www.24gliwice.pl\\\/wiadomosci\\\/wp-content\\\/uploads\\\/2018\\\/05\\\/1-rondo-kozielska-2.jpg\",\"keywords\":[\"PRZEBUDOWA SKRZY\u017bOWANIA\",\"ruch drogowy\",\"ZMIANA ORGANIZACJI RUCHU\"],\"articleSection\":[\"Gliwice\",\"Najnowsze wiadomo\u015bci\"],\"inLanguage\":\"pl-PL\",\"potentialAction\":[{\"@type\":\"CommentAction\",\"name\":\"Comment\",\"target\":[\"https:\\\/\\\/www.24gliwice.pl\\\/wiadomosci\\\/kolejny-etap-budowy-ronda-bedzie-sie-wiazal-z-wiekszymi-utrudnieniami-ruch-wahadlowy\\\/#respond\"]}]},{\"@type\":\"WebPage\",\"@id\":\"https:\\\/\\\/www.24gliwice.pl\\\/wiadomosci\\\/kolejny-etap-budowy-ronda-bedzie-sie-wiazal-z-wiekszymi-utrudnieniami-ruch-wahadlowy\\\/\",\"url\":\"https:\\\/\\\/www.24gliwice.pl\\\/wiadomosci\\\/kolejny-etap-budowy-ronda-bedzie-sie-wiazal-z-wiekszymi-utrudnieniami-ruch-wahadlowy\\\/\",\"name\":\"Kolejny etap budowy ronda b\u0119dzie si\u0119 wi\u0105za\u0142 z wi\u0119kszymi utrudnieniami. Ruch wahad\u0142owy - 24GLIWICE - Portal Gliwice | codziennie nowe informacje\",\"isPartOf\":{\"@id\":\"https:\\\/\\\/www.24gliwice.pl\\\/wiadomosci\\\/#website\"},\"primaryImageOfPage\":{\"@id\":\"https:\\\/\\\/www.24gliwice.pl\\\/wiadomosci\\\/kolejny-etap-budowy-ronda-bedzie-sie-wiazal-z-wiekszymi-utrudnieniami-ruch-wahadlowy\\\/#primaryimage\"},\"image\":{\"@id\":\"https:\\\/\\\/www.24gliwice.pl\\\/wiadomosci\\\/kolejny-etap-budowy-ronda-bedzie-sie-wiazal-z-wiekszymi-utrudnieniami-ruch-wahadlowy\\\/#primaryimage\"},\"thumbnailUrl\":\"https:\\\/\\\/www.24gliwice.pl\\\/wiadomosci\\\/wp-content\\\/uploads\\\/2018\\\/05\\\/1-rondo-kozielska-2.jpg\",\"datePublished\":\"2018-06-18T23:29:57+00:00\",\"breadcrumb\":{\"@id\":\"https:\\\/\\\/www.24gliwice.pl\\\/wiadomosci\\\/kolejny-etap-budowy-ronda-bedzie-sie-wiazal-z-wiekszymi-utrudnieniami-ruch-wahadlowy\\\/#breadcrumb\"},\"inLanguage\":\"pl-PL\",\"potentialAction\":[{\"@type\":\"ReadAction\",\"target\":[\"https:\\\/\\\/www.24gliwice.pl\\\/wiadomosci\\\/kolejny-etap-budowy-ronda-bedzie-sie-wiazal-z-wiekszymi-utrudnieniami-ruch-wahadlowy\\\/\"]}]},{\"@type\":\"ImageObject\",\"inLanguage\":\"pl-PL\",\"@id\":\"https:\\\/\\\/www.24gliwice.pl\\\/wiadomosci\\\/kolejny-etap-budowy-ronda-bedzie-sie-wiazal-z-wiekszymi-utrudnieniami-ruch-wahadlowy\\\/#primaryimage\",\"url\":\"https:\\\/\\\/www.24gliwice.pl\\\/wiadomosci\\\/wp-content\\\/uploads\\\/2018\\\/05\\\/1-rondo-kozielska-2.jpg\",\"contentUrl\":\"https:\\\/\\\/www.24gliwice.pl\\\/wiadomosci\\\/wp-content\\\/uploads\\\/2018\\\/05\\\/1-rondo-kozielska-2.jpg\",\"width\":810,\"height\":442},{\"@type\":\"BreadcrumbList\",\"@id\":\"https:\\\/\\\/www.24gliwice.pl\\\/wiadomosci\\\/kolejny-etap-budowy-ronda-bedzie-sie-wiazal-z-wiekszymi-utrudnieniami-ruch-wahadlowy\\\/#breadcrumb\",\"itemListElement\":[{\"@type\":\"ListItem\",\"position\":1,\"name\":\"Strona g\u0142\u00f3wna\",\"item\":\"https:\\\/\\\/www.24gliwice.pl\\\/wiadomosci\\\/\"},{\"@type\":\"ListItem\",\"position\":2,\"name\":\"Kolejny etap budowy ronda b\u0119dzie si\u0119 wi\u0105za\u0142 z wi\u0119kszymi utrudnieniami. Ruch wahad\u0142owy\"}]},{\"@type\":\"WebSite\",\"@id\":\"https:\\\/\\\/www.24gliwice.pl\\\/wiadomosci\\\/#website\",\"url\":\"https:\\\/\\\/www.24gliwice.pl\\\/wiadomosci\\\/\",\"name\":\"24GLIWICE - Portal Gliwice | codziennie nowe wiadomo\u015bci\",\"description\":\"Portal Miejski Gliwice\",\"publisher\":{\"@id\":\"https:\\\/\\\/www.24gliwice.pl\\\/wiadomosci\\\/#organization\"},\"potentialAction\":[{\"@type\":\"SearchAction\",\"target\":{\"@type\":\"EntryPoint\",\"urlTemplate\":\"https:\\\/\\\/www.24gliwice.pl\\\/wiadomosci\\\/?s={search_term_string}\"},\"query-input\":{\"@type\":\"PropertyValueSpecification\",\"valueRequired\":true,\"valueName\":\"search_term_string\"}}],\"inLanguage\":\"pl-PL\"},{\"@type\":\"Organization\",\"@id\":\"https:\\\/\\\/www.24gliwice.pl\\\/wiadomosci\\\/#organization\",\"name\":\"24gliwice\",\"url\":\"https:\\\/\\\/www.24gliwice.pl\\\/wiadomosci\\\/\",\"logo\":{\"@type\":\"ImageObject\",\"inLanguage\":\"pl-PL\",\"@id\":\"https:\\\/\\\/www.24gliwice.pl\\\/wiadomosci\\\/#\\\/schema\\\/logo\\\/image\\\/\",\"url\":\"https:\\\/\\\/www.24gliwice.pl\\\/wiadomosci\\\/wp-content\\\/uploads\\\/2024\\\/10\\\/24gliwice-logo-696.jpg\",\"contentUrl\":\"https:\\\/\\\/www.24gliwice.pl\\\/wiadomosci\\\/wp-content\\\/uploads\\\/2024\\\/10\\\/24gliwice-logo-696.jpg\",\"width\":696,\"height\":696,\"caption\":\"24gliwice\"},\"image\":{\"@id\":\"https:\\\/\\\/www.24gliwice.pl\\\/wiadomosci\\\/#\\\/schema\\\/logo\\\/image\\\/\"},\"sameAs\":[\"https:\\\/\\\/www.facebook.com\\\/24gliwice\",\"https:\\\/\\\/x.com\\\/24gliwice\",\"https:\\\/\\\/www.youtube.com\\\/@24gliwice\"]},{\"@type\":\"Person\",\"@id\":\"https:\\\/\\\/www.24gliwice.pl\\\/wiadomosci\\\/#\\\/schema\\\/person\\\/e42c650edd7f2fa332be3811fb166b6e\",\"name\":\"\u017baneta Mrozek-Siewierska\",\"image\":{\"@type\":\"ImageObject\",\"inLanguage\":\"pl-PL\",\"@id\":\"https:\\\/\\\/secure.gravatar.com\\\/avatar\\\/1881429e9c64597c77ad7aef2d0a19be69a3253e57534d16aa15bf3a4d34a0a3?s=96&d=mm&r=g\",\"url\":\"https:\\\/\\\/secure.gravatar.com\\\/avatar\\\/1881429e9c64597c77ad7aef2d0a19be69a3253e57534d16aa15bf3a4d34a0a3?s=96&d=mm&r=g\",\"contentUrl\":\"https:\\\/\\\/secure.gravatar.com\\\/avatar\\\/1881429e9c64597c77ad7aef2d0a19be69a3253e57534d16aa15bf3a4d34a0a3?s=96&d=mm&r=g\",\"caption\":\"\u017baneta Mrozek-Siewierska\"},\"url\":\"https:\\\/\\\/www.24gliwice.pl\\\/wiadomosci\\\/author\\\/zms\\\/\"}]}<\/script>\n<!-- \/ Yoast SEO plugin. -->","yoast_head_json":{"title":"Kolejny etap budowy ronda b\u0119dzie si\u0119 wi\u0105za\u0142 z wi\u0119kszymi utrudnieniami. Ruch wahad\u0142owy - 24GLIWICE - Portal Gliwice | codziennie nowe informacje","robots":{"index":"index","follow":"follow","max-snippet":"max-snippet:-1","max-image-preview":"max-image-preview:large","max-video-preview":"max-video-preview:-1"},"canonical":"https:\/\/www.24gliwice.pl\/wiadomosci\/kolejny-etap-budowy-ronda-bedzie-sie-wiazal-z-wiekszymi-utrudnieniami-ruch-wahadlowy\/","og_locale":"pl_PL","og_type":"article","og_title":"Kolejny etap budowy ronda b\u0119dzie si\u0119 wi\u0105za\u0142 z wi\u0119kszymi utrudnieniami. Ruch wahad\u0142owy - 24GLIWICE - Portal Gliwice | codziennie nowe informacje","og_description":"Trwa przebudowa skrzy\u017cowania w Brzezince, na kt\u00f3rym cz\u0119sto dochodzi\u0142o do zdarze\u0144 drogowych. Ju\u017c w przysz\u0142ym tygodniu wprowadzony zostanie kolejny etap czasowej organizacji ruchu u zbiegu ul. Kozielskiej, Kresowej i Wycz\u00f3\u0142kowskiego. W poniedzia\u0142ek, 25 czerwca od godziny 7:00 ruch na skrzy\u017cowaniu b\u0119dzie kierowany wahad\u0142ow\u0105 sygnalizacj\u0105 \u015bwietln\u0105. Ruch samochod\u00f3w poprowadzony zostanie po jednym pasie z wlot\u00f3w ul. [&hellip;]","og_url":"https:\/\/www.24gliwice.pl\/wiadomosci\/kolejny-etap-budowy-ronda-bedzie-sie-wiazal-z-wiekszymi-utrudnieniami-ruch-wahadlowy\/","og_site_name":"24GLIWICE - Portal Gliwice | codziennie nowe informacje","article_publisher":"https:\/\/www.facebook.com\/24gliwice","article_published_time":"2018-06-18T23:29:57+00:00","og_image":[{"width":810,"height":442,"url":"https:\/\/www.24gliwice.pl\/wiadomosci\/wp-content\/uploads\/2018\/05\/1-rondo-kozielska-2.jpg","type":"image\/jpeg"}],"author":"\u017baneta Mrozek-Siewierska","twitter_card":"summary_large_image","twitter_creator":"@24gliwice","twitter_site":"@24gliwice","twitter_misc":{"Napisane przez":"\u017baneta Mrozek-Siewierska"},"schema":{"@context":"https:\/\/schema.org","@graph":[{"@type":"Article","@id":"https:\/\/www.24gliwice.pl\/wiadomosci\/kolejny-etap-budowy-ronda-bedzie-sie-wiazal-z-wiekszymi-utrudnieniami-ruch-wahadlowy\/#article","isPartOf":{"@id":"https:\/\/www.24gliwice.pl\/wiadomosci\/kolejny-etap-budowy-ronda-bedzie-sie-wiazal-z-wiekszymi-utrudnieniami-ruch-wahadlowy\/"},"author":{"name":"\u017baneta Mrozek-Siewierska","@id":"https:\/\/www.24gliwice.pl\/wiadomosci\/#\/schema\/person\/e42c650edd7f2fa332be3811fb166b6e"},"headline":"Kolejny etap budowy ronda b\u0119dzie si\u0119 wi\u0105za\u0142 z wi\u0119kszymi utrudnieniami. Ruch wahad\u0142owy","datePublished":"2018-06-18T23:29:57+00:00","mainEntityOfPage":{"@id":"https:\/\/www.24gliwice.pl\/wiadomosci\/kolejny-etap-budowy-ronda-bedzie-sie-wiazal-z-wiekszymi-utrudnieniami-ruch-wahadlowy\/"},"wordCount":109,"commentCount":0,"publisher":{"@id":"https:\/\/www.24gliwice.pl\/wiadomosci\/#organization"},"image":{"@id":"https:\/\/www.24gliwice.pl\/wiadomosci\/kolejny-etap-budowy-ronda-bedzie-sie-wiazal-z-wiekszymi-utrudnieniami-ruch-wahadlowy\/#primaryimage"},"thumbnailUrl":"https:\/\/www.24gliwice.pl\/wiadomosci\/wp-content\/uploads\/2018\/05\/1-rondo-kozielska-2.jpg","keywords":["PRZEBUDOWA SKRZY\u017bOWANIA","ruch drogowy","ZMIANA ORGANIZACJI RUCHU"],"articleSection":["Gliwice","Najnowsze wiadomo\u015bci"],"inLanguage":"pl-PL","potentialAction":[{"@type":"CommentAction","name":"Comment","target":["https:\/\/www.24gliwice.pl\/wiadomosci\/kolejny-etap-budowy-ronda-bedzie-sie-wiazal-z-wiekszymi-utrudnieniami-ruch-wahadlowy\/#respond"]}]},{"@type":"WebPage","@id":"https:\/\/www.24gliwice.pl\/wiadomosci\/kolejny-etap-budowy-ronda-bedzie-sie-wiazal-z-wiekszymi-utrudnieniami-ruch-wahadlowy\/","url":"https:\/\/www.24gliwice.pl\/wiadomosci\/kolejny-etap-budowy-ronda-bedzie-sie-wiazal-z-wiekszymi-utrudnieniami-ruch-wahadlowy\/","name":"Kolejny etap budowy ronda b\u0119dzie si\u0119 wi\u0105za\u0142 z wi\u0119kszymi utrudnieniami. Ruch wahad\u0142owy - 24GLIWICE - Portal Gliwice | codziennie nowe informacje","isPartOf":{"@id":"https:\/\/www.24gliwice.pl\/wiadomosci\/#website"},"primaryImageOfPage":{"@id":"https:\/\/www.24gliwice.pl\/wiadomosci\/kolejny-etap-budowy-ronda-bedzie-sie-wiazal-z-wiekszymi-utrudnieniami-ruch-wahadlowy\/#primaryimage"},"image":{"@id":"https:\/\/www.24gliwice.pl\/wiadomosci\/kolejny-etap-budowy-ronda-bedzie-sie-wiazal-z-wiekszymi-utrudnieniami-ruch-wahadlowy\/#primaryimage"},"thumbnailUrl":"https:\/\/www.24gliwice.pl\/wiadomosci\/wp-content\/uploads\/2018\/05\/1-rondo-kozielska-2.jpg","datePublished":"2018-06-18T23:29:57+00:00","breadcrumb":{"@id":"https:\/\/www.24gliwice.pl\/wiadomosci\/kolejny-etap-budowy-ronda-bedzie-sie-wiazal-z-wiekszymi-utrudnieniami-ruch-wahadlowy\/#breadcrumb"},"inLanguage":"pl-PL","potentialAction":[{"@type":"ReadAction","target":["https:\/\/www.24gliwice.pl\/wiadomosci\/kolejny-etap-budowy-ronda-bedzie-sie-wiazal-z-wiekszymi-utrudnieniami-ruch-wahadlowy\/"]}]},{"@type":"ImageObject","inLanguage":"pl-PL","@id":"https:\/\/www.24gliwice.pl\/wiadomosci\/kolejny-etap-budowy-ronda-bedzie-sie-wiazal-z-wiekszymi-utrudnieniami-ruch-wahadlowy\/#primaryimage","url":"https:\/\/www.24gliwice.pl\/wiadomosci\/wp-content\/uploads\/2018\/05\/1-rondo-kozielska-2.jpg","contentUrl":"https:\/\/www.24gliwice.pl\/wiadomosci\/wp-content\/uploads\/2018\/05\/1-rondo-kozielska-2.jpg","width":810,"height":442},{"@type":"BreadcrumbList","@id":"https:\/\/www.24gliwice.pl\/wiadomosci\/kolejny-etap-budowy-ronda-bedzie-sie-wiazal-z-wiekszymi-utrudnieniami-ruch-wahadlowy\/#breadcrumb","itemListElement":[{"@type":"ListItem","position":1,"name":"Strona g\u0142\u00f3wna","item":"https:\/\/www.24gliwice.pl\/wiadomosci\/"},{"@type":"ListItem","position":2,"name":"Kolejny etap budowy ronda b\u0119dzie si\u0119 wi\u0105za\u0142 z wi\u0119kszymi utrudnieniami. Ruch wahad\u0142owy"}]},{"@type":"WebSite","@id":"https:\/\/www.24gliwice.pl\/wiadomosci\/#website","url":"https:\/\/www.24gliwice.pl\/wiadomosci\/","name":"24GLIWICE - Portal Gliwice | codziennie nowe wiadomo\u015bci","description":"Portal Miejski Gliwice","publisher":{"@id":"https:\/\/www.24gliwice.pl\/wiadomosci\/#organization"},"potentialAction":[{"@type":"SearchAction","target":{"@type":"EntryPoint","urlTemplate":"https:\/\/www.24gliwice.pl\/wiadomosci\/?s={search_term_string}"},"query-input":{"@type":"PropertyValueSpecification","valueRequired":true,"valueName":"search_term_string"}}],"inLanguage":"pl-PL"},{"@type":"Organization","@id":"https:\/\/www.24gliwice.pl\/wiadomosci\/#organization","name":"24gliwice","url":"https:\/\/www.24gliwice.pl\/wiadomosci\/","logo":{"@type":"ImageObject","inLanguage":"pl-PL","@id":"https:\/\/www.24gliwice.pl\/wiadomosci\/#\/schema\/logo\/image\/","url":"https:\/\/www.24gliwice.pl\/wiadomosci\/wp-content\/uploads\/2024\/10\/24gliwice-logo-696.jpg","contentUrl":"https:\/\/www.24gliwice.pl\/wiadomosci\/wp-content\/uploads\/2024\/10\/24gliwice-logo-696.jpg","width":696,"height":696,"caption":"24gliwice"},"image":{"@id":"https:\/\/www.24gliwice.pl\/wiadomosci\/#\/schema\/logo\/image\/"},"sameAs":["https:\/\/www.facebook.com\/24gliwice","https:\/\/x.com\/24gliwice","https:\/\/www.youtube.com\/@24gliwice"]},{"@type":"Person","@id":"https:\/\/www.24gliwice.pl\/wiadomosci\/#\/schema\/person\/e42c650edd7f2fa332be3811fb166b6e","name":"\u017baneta Mrozek-Siewierska","image":{"@type":"ImageObject","inLanguage":"pl-PL","@id":"https:\/\/secure.gravatar.com\/avatar\/1881429e9c64597c77ad7aef2d0a19be69a3253e57534d16aa15bf3a4d34a0a3?s=96&d=mm&r=g","url":"https:\/\/secure.gravatar.com\/avatar\/1881429e9c64597c77ad7aef2d0a19be69a3253e57534d16aa15bf3a4d34a0a3?s=96&d=mm&r=g","contentUrl":"https:\/\/secure.gravatar.com\/avatar\/1881429e9c64597c77ad7aef2d0a19be69a3253e57534d16aa15bf3a4d34a0a3?s=96&d=mm&r=g","caption":"\u017baneta Mrozek-Siewierska"},"url":"https:\/\/www.24gliwice.pl\/wiadomosci\/author\/zms\/"}]}},"_links":{"self":[{"href":"https:\/\/www.24gliwice.pl\/wiadomosci\/wp-json\/wp\/v2\/posts\/118845","targetHints":{"allow":["GET"]}}],"collection":[{"href":"https:\/\/www.24gliwice.pl\/wiadomosci\/wp-json\/wp\/v2\/posts"}],"about":[{"href":"https:\/\/www.24gliwice.pl\/wiadomosci\/wp-json\/wp\/v2\/types\/post"}],"author":[{"embeddable":true,"href":"https:\/\/www.24gliwice.pl\/wiadomosci\/wp-json\/wp\/v2\/users\/15"}],"replies":[{"embeddable":true,"href":"https:\/\/www.24gliwice.pl\/wiadomosci\/wp-json\/wp\/v2\/comments?post=118845"}],"version-history":[{"count":0,"href":"https:\/\/www.24gliwice.pl\/wiadomosci\/wp-json\/wp\/v2\/posts\/118845\/revisions"}],"wp:featuredmedia":[{"embeddable":true,"href":"https:\/\/www.24gliwice.pl\/wiadomosci\/wp-json\/wp\/v2\/media\/117724"}],"wp:attachment":[{"href":"https:\/\/www.24gliwice.pl\/wiadomosci\/wp-json\/wp\/v2\/media?parent=118845"}],"wp:term":[{"taxonomy":"category","embeddable":true,"href":"https:\/\/www.24gliwice.pl\/wiadomosci\/wp-json\/wp\/v2\/categories?post=118845"},{"taxonomy":"post_tag","embeddable":true,"href":"https:\/\/www.24gliwice.pl\/wiadomosci\/wp-json\/wp\/v2\/tags?post=118845"}],"curies":[{"name":"wp","href":"https:\/\/api.w.org\/{rel}","templated":true}]}}