{"id":119010,"date":"2018-06-22T13:20:10","date_gmt":"2018-06-22T11:20:10","guid":{"rendered":"https:\/\/www.24gliwice.pl\/wiadomosci\/?p=119010"},"modified":"2018-06-22T13:34:03","modified_gmt":"2018-06-22T11:34:03","slug":"naprzeciw-cmentarza-centralnego-biedronka","status":"publish","type":"post","link":"https:\/\/www.24gliwice.pl\/wiadomosci\/naprzeciw-cmentarza-centralnego-biedronka\/","title":{"rendered":"Naprzeciw Cmentarza Centralnego powstaje pawilon. Inwestorem jest w\u0142a\u015bciciel sieci Biedronka"},"content":{"rendered":"<div class=\"gliwi-a6-nad-leadem-artykulow gliwi-entity-placement\" id=\"gliwi-1284361533\"><div class=\"gliwi-adlabel\"><span style=\"font-size: 9px\">REKLAMA<\/span><\/div><div id=\"gliwi-3998486022\" style=\"margin-bottom: 30px;margin-left: auto;margin-right: auto;text-align: center;\"><a data-no-instant=\"1\" href=\"https:\/\/przedszkole.halogen.org.pl\/\" rel=\"noopener\" class=\"a2t-link\" target=\"_blank\" aria-label=\"20260402-ANIMATOR-przedszkole_grafika_750x200\"><img loading=\"lazy\" decoding=\"async\" src=\"https:\/\/www.24gliwice.pl\/wiadomosci\/wp-content\/uploads\/2026\/04\/20260402-ANIMATOR-przedszkole_grafika_750x200.webp\" alt=\"\"  srcset=\"https:\/\/www.24gliwice.pl\/wiadomosci\/wp-content\/uploads\/2026\/04\/20260402-ANIMATOR-przedszkole_grafika_750x200.webp 750w, https:\/\/www.24gliwice.pl\/wiadomosci\/wp-content\/uploads\/2026\/04\/20260402-ANIMATOR-przedszkole_grafika_750x200-410x109.webp 410w\" sizes=\"(max-width: 750px) 100vw, 750px\" class=\"no-lazyload\" width=\"750\" height=\"200\"  style=\"display: inline-block; max-width: 100%; height: auto;\" \/><\/a><\/div><\/div><h3>Rozpocz\u0119\u0142a si\u0119 budowa kolejnego pawilonu &#8211; jak mo\u017cna podejrzewa\u0107 &#8211; sieci Biedronka. Obiekt powstaje przy ulicy Kozielskiej vis-a-vis g\u0142\u00f3wnego wej\u015bcia na Cmentarz Centralny i w bezpo\u015brednim s\u0105siedztwie sklepu Lidl.<\/h3>\n<p>Jak wynika z opisu widocznego na tablicy informacyjnej budowy, inwestorem jest <strong>Jeronimo Martins Polska S.A.<\/strong> Sp\u00f3\u0142ka posiada ponad 2800 market\u00f3w Biedronka w ca\u0142ej Polsce, jest te\u017c cz\u0119\u015bci\u0105 Grupy Jeronimo Martins, kt\u00f3rej podlegaj\u0105 sieci sklep\u00f3w z kosmetykami Hebe oraz Hebeapteki.<\/p>\n<p><img loading=\"lazy\" decoding=\"async\" src=\"https:\/\/www.24gliwice.pl\/wiadomosci\/wp-content\/uploads\/2018\/06\/1-biedronka-2.jpg\" alt=\"\" width=\"810\" height=\"449\" class=\"aligncenter size-full wp-image-119165\" srcset=\"https:\/\/www.24gliwice.pl\/wiadomosci\/wp-content\/uploads\/2018\/06\/1-biedronka-2.jpg 810w, https:\/\/www.24gliwice.pl\/wiadomosci\/wp-content\/uploads\/2018\/06\/1-biedronka-2-410x227.jpg 410w, https:\/\/www.24gliwice.pl\/wiadomosci\/wp-content\/uploads\/2018\/06\/1-biedronka-2-768x426.jpg 768w\" sizes=\"auto, (max-width: 810px) 100vw, 810px\" \/><\/p>\n<p>Sp\u00f3\u0142ka, kt\u00f3r\u0105 poprosili\u015bmy o potwierdzenie plan\u00f3w, nie zaprzecza samemu faktowi ulokowania w mie\u015bcie nowej inwestycji, nie chce jednak zdradza\u0107 wi\u0119cej szczeg\u00f3\u0142\u00f3w. &#8211; Na obecnym etapie nie udzielamy informacji odno\u015bnie tej lokalizacji &#8211; poinformowano nas w <strong>biurze prasowym<\/strong> Jeronimo Martins Polska S.A.<\/p><div class=\"gliwi-a3-w-tresci-artykulow gliwi-entity-placement\" id=\"gliwi-2165361215\"><div class=\"gliwi-adlabel\"><span style=\"font-size: 9px\">REKLAMA<\/span><\/div><div id=\"gliwi-3055825087\" style=\"margin-bottom: 30px;margin-left: auto;margin-right: auto;text-align: center;\"><a data-no-instant=\"1\" href=\"https:\/\/zlobek.halogen.org.pl\/\" rel=\"noopener\" class=\"a2t-link\" target=\"_blank\" aria-label=\"animator-zlobek_750x200\"><img loading=\"lazy\" decoding=\"async\" src=\"https:\/\/www.24gliwice.pl\/wiadomosci\/wp-content\/uploads\/2026\/02\/animator-zlobek_750x200.webp\" alt=\"\"  srcset=\"https:\/\/www.24gliwice.pl\/wiadomosci\/wp-content\/uploads\/2026\/02\/animator-zlobek_750x200.webp 750w, https:\/\/www.24gliwice.pl\/wiadomosci\/wp-content\/uploads\/2026\/02\/animator-zlobek_750x200-410x109.webp 410w\" sizes=\"(max-width: 750px) 100vw, 750px\" class=\"no-lazyload\" width=\"750\" height=\"200\"  style=\"display: inline-block; max-width: 100%; height: auto;\" \/><\/a><\/div><\/div>\n<p>Pozwolenie na budow\u0119 pawilonu-handlowo-us\u0142ugowego wraz z infrastruktur\u0105 i zagospodarowaniem terenu wydano w lipcu ubieg\u0142ego roku. Wykonawc\u0105 jest KMD Sp. z o.o.<\/p>\n<p>Co ciekawe, w ubieg\u0142ym roku, zaledwie 900 metr\u00f3w dalej, przy tej samej ulicy r\u00f3wnie\u017c powsta\u0142 nowy pawilon pod szyldem Biedronki (fot. poni\u017cej). Wygl\u0105da na to, \u017ce ta dzielnica miasta b\u0119dzie jednym najbardziej nasyconych miejsc sklepami wielkopowierzchniowymi. Opr\u00f3cz wspomnianej ju\u017c dzia\u0142aj\u0105cej Biedronki, kilkaset metr\u00f3w dalej na parterze nowego budynku mieszkalnego niedawno uruchomiono sklep sieci <strong>Stokrotka<\/strong>, dos\u0142ownie &#8220;za p\u0142otem&#8221; znajduje si\u0119 <strong>Lidl<\/strong>, w pobli\u017cu, przy ul. \u0141ab\u0119dzkiej dzia\u0142a hipermarket <strong>Tesco Extra<\/strong>, ca\u0142kiem blisko znajduje si\u0119 te\u017c Park Handlowy Arena ze sklepem sieci <strong>Carrefour<\/strong>.<\/p>\n<p><img loading=\"lazy\" decoding=\"async\" src=\"https:\/\/www.24gliwice.pl\/wiadomosci\/wp-content\/uploads\/2018\/06\/1-biedronka-1.jpg\" alt=\"\" width=\"810\" height=\"470\" class=\"aligncenter size-full wp-image-119164\" srcset=\"https:\/\/www.24gliwice.pl\/wiadomosci\/wp-content\/uploads\/2018\/06\/1-biedronka-1.jpg 810w, https:\/\/www.24gliwice.pl\/wiadomosci\/wp-content\/uploads\/2018\/06\/1-biedronka-1-400x232.jpg 400w, https:\/\/www.24gliwice.pl\/wiadomosci\/wp-content\/uploads\/2018\/06\/1-biedronka-1-768x446.jpg 768w, https:\/\/www.24gliwice.pl\/wiadomosci\/wp-content\/uploads\/2018\/06\/1-biedronka-1-784x455.jpg 784w\" sizes=\"auto, (max-width: 810px) 100vw, 810px\" \/><\/p>\n<p>(\u017cms\/mf)<\/p>\n<div class=\"gliwi-a5-na-koncu-artykulow gliwi-entity-placement\" id=\"gliwi-2967041274\"><div class=\"gliwi-adlabel\"><span style=\"font-size: 9px\">REKLAMA<\/span><\/div><div id=\"gliwi-2676646587\" style=\"margin-left: auto;margin-right: auto;text-align: center;\"><a data-no-instant=\"1\" href=\"https:\/\/prezeroarenagliwice.pl\/\" rel=\"noopener\" class=\"a2t-link\" target=\"_blank\" aria-label=\"20260309-PREZERO-WIOSNA-D\"><img loading=\"lazy\" decoding=\"async\" src=\"https:\/\/www.24gliwice.pl\/wiadomosci\/wp-content\/uploads\/2026\/03\/20260309-PREZERO-WIOSNA-D.webp\" alt=\"\"  srcset=\"https:\/\/www.24gliwice.pl\/wiadomosci\/wp-content\/uploads\/2026\/03\/20260309-PREZERO-WIOSNA-D.webp 750w, https:\/\/www.24gliwice.pl\/wiadomosci\/wp-content\/uploads\/2026\/03\/20260309-PREZERO-WIOSNA-D-410x109.webp 410w\" sizes=\"(max-width: 750px) 100vw, 750px\" class=\"no-lazyload\" width=\"750\" height=\"200\"  style=\"display: inline-block; max-width: 100%; height: auto;\" \/><\/a><\/div><\/div>","protected":false},"excerpt":{"rendered":"<p>Rozpocz\u0119\u0142a si\u0119 budowa kolejnego pawilonu &#8211; jak mo\u017cna podejrzewa\u0107 &#8211; sieci Biedronka. Obiekt powstaje przy ulicy Kozielskiej vis-a-vis g\u0142\u00f3wnego wej\u015bcia na Cmentarz Centralny i w bezpo\u015brednim s\u0105siedztwie sklepu Lidl. Jak wynika z opisu widocznego na tablicy informacyjnej budowy, inwestorem jest Jeronimo Martins Polska S.A. Sp\u00f3\u0142ka posiada ponad 2800 market\u00f3w Biedronka w ca\u0142ej Polsce, jest te\u017c [&hellip;]<\/p>\n","protected":false},"author":15,"featured_media":119166,"comment_status":"open","ping_status":"closed","sticky":false,"template":"","format":"standard","meta":{"_monsterinsights_skip_tracking":false,"_monsterinsights_sitenote_active":false,"_monsterinsights_sitenote_note":"","_monsterinsights_sitenote_category":0,"footnotes":"","_links_to":"","_links_to_target":""},"categories":[3,1,9],"tags":[11626,8053,8329,12696,5325,9295],"class_list":["post-119010","post","type-post","status-publish","format-standard","has-post-thumbnail","hentry","category-gliwice","category-wszystko","category-aktualnosci_lokalne","tag-biedronka","tag-budowa","tag-inwestycja","tag-jeronimo-martins","tag-lidl","tag-sklep"],"yoast_head":"<!-- This site is optimized with the Yoast SEO plugin v27.5 - https:\/\/yoast.com\/product\/yoast-seo-wordpress\/ -->\n<title>Naprzeciw Cmentarza Centralnego powstaje pawilon. Inwestorem jest w\u0142a\u015bciciel sieci Biedronka - 24GLIWICE - Portal Gliwice | codziennie nowe informacje<\/title>\n<meta name=\"robots\" content=\"index, follow, max-snippet:-1, max-image-preview:large, max-video-preview:-1\" \/>\n<link rel=\"canonical\" href=\"https:\/\/www.24gliwice.pl\/wiadomosci\/naprzeciw-cmentarza-centralnego-biedronka\/\" \/>\n<meta property=\"og:locale\" content=\"pl_PL\" \/>\n<meta property=\"og:type\" content=\"article\" \/>\n<meta property=\"og:title\" content=\"Naprzeciw Cmentarza Centralnego powstaje pawilon. Inwestorem jest w\u0142a\u015bciciel sieci Biedronka - 24GLIWICE - Portal Gliwice | codziennie nowe informacje\" \/>\n<meta property=\"og:description\" content=\"Rozpocz\u0119\u0142a si\u0119 budowa kolejnego pawilonu &#8211; jak mo\u017cna podejrzewa\u0107 &#8211; sieci Biedronka. Obiekt powstaje przy ulicy Kozielskiej vis-a-vis g\u0142\u00f3wnego wej\u015bcia na Cmentarz Centralny i w bezpo\u015brednim s\u0105siedztwie sklepu Lidl. Jak wynika z opisu widocznego na tablicy informacyjnej budowy, inwestorem jest Jeronimo Martins Polska S.A. Sp\u00f3\u0142ka posiada ponad 2800 market\u00f3w Biedronka w ca\u0142ej Polsce, jest te\u017c [&hellip;]\" \/>\n<meta property=\"og:url\" content=\"https:\/\/www.24gliwice.pl\/wiadomosci\/naprzeciw-cmentarza-centralnego-biedronka\/\" \/>\n<meta property=\"og:site_name\" content=\"24GLIWICE - Portal Gliwice | codziennie nowe informacje\" \/>\n<meta property=\"article:publisher\" content=\"https:\/\/www.facebook.com\/24gliwice\" \/>\n<meta property=\"article:published_time\" content=\"2018-06-22T11:20:10+00:00\" \/>\n<meta property=\"article:modified_time\" content=\"2018-06-22T11:34:03+00:00\" \/>\n<meta property=\"og:image\" content=\"https:\/\/www.24gliwice.pl\/wiadomosci\/wp-content\/uploads\/2018\/06\/1-biedronka-3.jpg\" \/>\n\t<meta property=\"og:image:width\" content=\"810\" \/>\n\t<meta property=\"og:image:height\" content=\"456\" \/>\n\t<meta property=\"og:image:type\" content=\"image\/jpeg\" \/>\n<meta name=\"author\" content=\"\u017baneta Mrozek-Siewierska\" \/>\n<meta name=\"twitter:card\" content=\"summary_large_image\" \/>\n<meta name=\"twitter:creator\" content=\"@24gliwice\" \/>\n<meta name=\"twitter:site\" content=\"@24gliwice\" \/>\n<meta name=\"twitter:label1\" content=\"Napisane przez\" \/>\n\t<meta name=\"twitter:data1\" content=\"\u017baneta Mrozek-Siewierska\" \/>\n\t<meta name=\"twitter:label2\" content=\"Szacowany czas czytania\" \/>\n\t<meta name=\"twitter:data2\" content=\"1 minuta\" \/>\n<script type=\"application\/ld+json\" class=\"yoast-schema-graph\">{\"@context\":\"https:\\\/\\\/schema.org\",\"@graph\":[{\"@type\":\"Article\",\"@id\":\"https:\\\/\\\/www.24gliwice.pl\\\/wiadomosci\\\/naprzeciw-cmentarza-centralnego-biedronka\\\/#article\",\"isPartOf\":{\"@id\":\"https:\\\/\\\/www.24gliwice.pl\\\/wiadomosci\\\/naprzeciw-cmentarza-centralnego-biedronka\\\/\"},\"author\":{\"name\":\"\u017baneta Mrozek-Siewierska\",\"@id\":\"https:\\\/\\\/www.24gliwice.pl\\\/wiadomosci\\\/#\\\/schema\\\/person\\\/e42c650edd7f2fa332be3811fb166b6e\"},\"headline\":\"Naprzeciw Cmentarza Centralnego powstaje pawilon. Inwestorem jest w\u0142a\u015bciciel sieci Biedronka\",\"datePublished\":\"2018-06-22T11:20:10+00:00\",\"dateModified\":\"2018-06-22T11:34:03+00:00\",\"mainEntityOfPage\":{\"@id\":\"https:\\\/\\\/www.24gliwice.pl\\\/wiadomosci\\\/naprzeciw-cmentarza-centralnego-biedronka\\\/\"},\"wordCount\":264,\"commentCount\":0,\"publisher\":{\"@id\":\"https:\\\/\\\/www.24gliwice.pl\\\/wiadomosci\\\/#organization\"},\"image\":{\"@id\":\"https:\\\/\\\/www.24gliwice.pl\\\/wiadomosci\\\/naprzeciw-cmentarza-centralnego-biedronka\\\/#primaryimage\"},\"thumbnailUrl\":\"https:\\\/\\\/www.24gliwice.pl\\\/wiadomosci\\\/wp-content\\\/uploads\\\/2018\\\/06\\\/1-biedronka-3.jpg\",\"keywords\":[\"biedronka\",\"budowa\",\"INWESTYCJA\",\"jeronimo martins\",\"lidl\",\"sklep\"],\"articleSection\":[\"Gliwice\",\"Najnowsze wiadomo\u015bci\",\"Portal Gliwice - Wiadomo\u015bci lokalne\"],\"inLanguage\":\"pl-PL\",\"potentialAction\":[{\"@type\":\"CommentAction\",\"name\":\"Comment\",\"target\":[\"https:\\\/\\\/www.24gliwice.pl\\\/wiadomosci\\\/naprzeciw-cmentarza-centralnego-biedronka\\\/#respond\"]}]},{\"@type\":\"WebPage\",\"@id\":\"https:\\\/\\\/www.24gliwice.pl\\\/wiadomosci\\\/naprzeciw-cmentarza-centralnego-biedronka\\\/\",\"url\":\"https:\\\/\\\/www.24gliwice.pl\\\/wiadomosci\\\/naprzeciw-cmentarza-centralnego-biedronka\\\/\",\"name\":\"Naprzeciw Cmentarza Centralnego powstaje pawilon. Inwestorem jest w\u0142a\u015bciciel sieci Biedronka - 24GLIWICE - Portal Gliwice | codziennie nowe informacje\",\"isPartOf\":{\"@id\":\"https:\\\/\\\/www.24gliwice.pl\\\/wiadomosci\\\/#website\"},\"primaryImageOfPage\":{\"@id\":\"https:\\\/\\\/www.24gliwice.pl\\\/wiadomosci\\\/naprzeciw-cmentarza-centralnego-biedronka\\\/#primaryimage\"},\"image\":{\"@id\":\"https:\\\/\\\/www.24gliwice.pl\\\/wiadomosci\\\/naprzeciw-cmentarza-centralnego-biedronka\\\/#primaryimage\"},\"thumbnailUrl\":\"https:\\\/\\\/www.24gliwice.pl\\\/wiadomosci\\\/wp-content\\\/uploads\\\/2018\\\/06\\\/1-biedronka-3.jpg\",\"datePublished\":\"2018-06-22T11:20:10+00:00\",\"dateModified\":\"2018-06-22T11:34:03+00:00\",\"breadcrumb\":{\"@id\":\"https:\\\/\\\/www.24gliwice.pl\\\/wiadomosci\\\/naprzeciw-cmentarza-centralnego-biedronka\\\/#breadcrumb\"},\"inLanguage\":\"pl-PL\",\"potentialAction\":[{\"@type\":\"ReadAction\",\"target\":[\"https:\\\/\\\/www.24gliwice.pl\\\/wiadomosci\\\/naprzeciw-cmentarza-centralnego-biedronka\\\/\"]}]},{\"@type\":\"ImageObject\",\"inLanguage\":\"pl-PL\",\"@id\":\"https:\\\/\\\/www.24gliwice.pl\\\/wiadomosci\\\/naprzeciw-cmentarza-centralnego-biedronka\\\/#primaryimage\",\"url\":\"https:\\\/\\\/www.24gliwice.pl\\\/wiadomosci\\\/wp-content\\\/uploads\\\/2018\\\/06\\\/1-biedronka-3.jpg\",\"contentUrl\":\"https:\\\/\\\/www.24gliwice.pl\\\/wiadomosci\\\/wp-content\\\/uploads\\\/2018\\\/06\\\/1-biedronka-3.jpg\",\"width\":810,\"height\":456},{\"@type\":\"BreadcrumbList\",\"@id\":\"https:\\\/\\\/www.24gliwice.pl\\\/wiadomosci\\\/naprzeciw-cmentarza-centralnego-biedronka\\\/#breadcrumb\",\"itemListElement\":[{\"@type\":\"ListItem\",\"position\":1,\"name\":\"Strona g\u0142\u00f3wna\",\"item\":\"https:\\\/\\\/www.24gliwice.pl\\\/wiadomosci\\\/\"},{\"@type\":\"ListItem\",\"position\":2,\"name\":\"Naprzeciw Cmentarza Centralnego powstaje pawilon. Inwestorem jest w\u0142a\u015bciciel sieci Biedronka\"}]},{\"@type\":\"WebSite\",\"@id\":\"https:\\\/\\\/www.24gliwice.pl\\\/wiadomosci\\\/#website\",\"url\":\"https:\\\/\\\/www.24gliwice.pl\\\/wiadomosci\\\/\",\"name\":\"24GLIWICE - Portal Gliwice | codziennie nowe wiadomo\u015bci\",\"description\":\"Portal Miejski Gliwice\",\"publisher\":{\"@id\":\"https:\\\/\\\/www.24gliwice.pl\\\/wiadomosci\\\/#organization\"},\"potentialAction\":[{\"@type\":\"SearchAction\",\"target\":{\"@type\":\"EntryPoint\",\"urlTemplate\":\"https:\\\/\\\/www.24gliwice.pl\\\/wiadomosci\\\/?s={search_term_string}\"},\"query-input\":{\"@type\":\"PropertyValueSpecification\",\"valueRequired\":true,\"valueName\":\"search_term_string\"}}],\"inLanguage\":\"pl-PL\"},{\"@type\":\"Organization\",\"@id\":\"https:\\\/\\\/www.24gliwice.pl\\\/wiadomosci\\\/#organization\",\"name\":\"24gliwice\",\"url\":\"https:\\\/\\\/www.24gliwice.pl\\\/wiadomosci\\\/\",\"logo\":{\"@type\":\"ImageObject\",\"inLanguage\":\"pl-PL\",\"@id\":\"https:\\\/\\\/www.24gliwice.pl\\\/wiadomosci\\\/#\\\/schema\\\/logo\\\/image\\\/\",\"url\":\"https:\\\/\\\/www.24gliwice.pl\\\/wiadomosci\\\/wp-content\\\/uploads\\\/2024\\\/10\\\/24gliwice-logo-696.jpg\",\"contentUrl\":\"https:\\\/\\\/www.24gliwice.pl\\\/wiadomosci\\\/wp-content\\\/uploads\\\/2024\\\/10\\\/24gliwice-logo-696.jpg\",\"width\":696,\"height\":696,\"caption\":\"24gliwice\"},\"image\":{\"@id\":\"https:\\\/\\\/www.24gliwice.pl\\\/wiadomosci\\\/#\\\/schema\\\/logo\\\/image\\\/\"},\"sameAs\":[\"https:\\\/\\\/www.facebook.com\\\/24gliwice\",\"https:\\\/\\\/x.com\\\/24gliwice\",\"https:\\\/\\\/www.youtube.com\\\/@24gliwice\"]},{\"@type\":\"Person\",\"@id\":\"https:\\\/\\\/www.24gliwice.pl\\\/wiadomosci\\\/#\\\/schema\\\/person\\\/e42c650edd7f2fa332be3811fb166b6e\",\"name\":\"\u017baneta Mrozek-Siewierska\",\"image\":{\"@type\":\"ImageObject\",\"inLanguage\":\"pl-PL\",\"@id\":\"https:\\\/\\\/secure.gravatar.com\\\/avatar\\\/1881429e9c64597c77ad7aef2d0a19be69a3253e57534d16aa15bf3a4d34a0a3?s=96&d=mm&r=g\",\"url\":\"https:\\\/\\\/secure.gravatar.com\\\/avatar\\\/1881429e9c64597c77ad7aef2d0a19be69a3253e57534d16aa15bf3a4d34a0a3?s=96&d=mm&r=g\",\"contentUrl\":\"https:\\\/\\\/secure.gravatar.com\\\/avatar\\\/1881429e9c64597c77ad7aef2d0a19be69a3253e57534d16aa15bf3a4d34a0a3?s=96&d=mm&r=g\",\"caption\":\"\u017baneta Mrozek-Siewierska\"},\"url\":\"https:\\\/\\\/www.24gliwice.pl\\\/wiadomosci\\\/author\\\/zms\\\/\"}]}<\/script>\n<!-- \/ Yoast SEO plugin. -->","yoast_head_json":{"title":"Naprzeciw Cmentarza Centralnego powstaje pawilon. Inwestorem jest w\u0142a\u015bciciel sieci Biedronka - 24GLIWICE - Portal Gliwice | codziennie nowe informacje","robots":{"index":"index","follow":"follow","max-snippet":"max-snippet:-1","max-image-preview":"max-image-preview:large","max-video-preview":"max-video-preview:-1"},"canonical":"https:\/\/www.24gliwice.pl\/wiadomosci\/naprzeciw-cmentarza-centralnego-biedronka\/","og_locale":"pl_PL","og_type":"article","og_title":"Naprzeciw Cmentarza Centralnego powstaje pawilon. Inwestorem jest w\u0142a\u015bciciel sieci Biedronka - 24GLIWICE - Portal Gliwice | codziennie nowe informacje","og_description":"Rozpocz\u0119\u0142a si\u0119 budowa kolejnego pawilonu &#8211; jak mo\u017cna podejrzewa\u0107 &#8211; sieci Biedronka. Obiekt powstaje przy ulicy Kozielskiej vis-a-vis g\u0142\u00f3wnego wej\u015bcia na Cmentarz Centralny i w bezpo\u015brednim s\u0105siedztwie sklepu Lidl. Jak wynika z opisu widocznego na tablicy informacyjnej budowy, inwestorem jest Jeronimo Martins Polska S.A. Sp\u00f3\u0142ka posiada ponad 2800 market\u00f3w Biedronka w ca\u0142ej Polsce, jest te\u017c [&hellip;]","og_url":"https:\/\/www.24gliwice.pl\/wiadomosci\/naprzeciw-cmentarza-centralnego-biedronka\/","og_site_name":"24GLIWICE - Portal Gliwice | codziennie nowe informacje","article_publisher":"https:\/\/www.facebook.com\/24gliwice","article_published_time":"2018-06-22T11:20:10+00:00","article_modified_time":"2018-06-22T11:34:03+00:00","og_image":[{"width":810,"height":456,"url":"https:\/\/www.24gliwice.pl\/wiadomosci\/wp-content\/uploads\/2018\/06\/1-biedronka-3.jpg","type":"image\/jpeg"}],"author":"\u017baneta Mrozek-Siewierska","twitter_card":"summary_large_image","twitter_creator":"@24gliwice","twitter_site":"@24gliwice","twitter_misc":{"Napisane przez":"\u017baneta Mrozek-Siewierska","Szacowany czas czytania":"1 minuta"},"schema":{"@context":"https:\/\/schema.org","@graph":[{"@type":"Article","@id":"https:\/\/www.24gliwice.pl\/wiadomosci\/naprzeciw-cmentarza-centralnego-biedronka\/#article","isPartOf":{"@id":"https:\/\/www.24gliwice.pl\/wiadomosci\/naprzeciw-cmentarza-centralnego-biedronka\/"},"author":{"name":"\u017baneta Mrozek-Siewierska","@id":"https:\/\/www.24gliwice.pl\/wiadomosci\/#\/schema\/person\/e42c650edd7f2fa332be3811fb166b6e"},"headline":"Naprzeciw Cmentarza Centralnego powstaje pawilon. Inwestorem jest w\u0142a\u015bciciel sieci Biedronka","datePublished":"2018-06-22T11:20:10+00:00","dateModified":"2018-06-22T11:34:03+00:00","mainEntityOfPage":{"@id":"https:\/\/www.24gliwice.pl\/wiadomosci\/naprzeciw-cmentarza-centralnego-biedronka\/"},"wordCount":264,"commentCount":0,"publisher":{"@id":"https:\/\/www.24gliwice.pl\/wiadomosci\/#organization"},"image":{"@id":"https:\/\/www.24gliwice.pl\/wiadomosci\/naprzeciw-cmentarza-centralnego-biedronka\/#primaryimage"},"thumbnailUrl":"https:\/\/www.24gliwice.pl\/wiadomosci\/wp-content\/uploads\/2018\/06\/1-biedronka-3.jpg","keywords":["biedronka","budowa","INWESTYCJA","jeronimo martins","lidl","sklep"],"articleSection":["Gliwice","Najnowsze wiadomo\u015bci","Portal Gliwice - Wiadomo\u015bci lokalne"],"inLanguage":"pl-PL","potentialAction":[{"@type":"CommentAction","name":"Comment","target":["https:\/\/www.24gliwice.pl\/wiadomosci\/naprzeciw-cmentarza-centralnego-biedronka\/#respond"]}]},{"@type":"WebPage","@id":"https:\/\/www.24gliwice.pl\/wiadomosci\/naprzeciw-cmentarza-centralnego-biedronka\/","url":"https:\/\/www.24gliwice.pl\/wiadomosci\/naprzeciw-cmentarza-centralnego-biedronka\/","name":"Naprzeciw Cmentarza Centralnego powstaje pawilon. Inwestorem jest w\u0142a\u015bciciel sieci Biedronka - 24GLIWICE - Portal Gliwice | codziennie nowe informacje","isPartOf":{"@id":"https:\/\/www.24gliwice.pl\/wiadomosci\/#website"},"primaryImageOfPage":{"@id":"https:\/\/www.24gliwice.pl\/wiadomosci\/naprzeciw-cmentarza-centralnego-biedronka\/#primaryimage"},"image":{"@id":"https:\/\/www.24gliwice.pl\/wiadomosci\/naprzeciw-cmentarza-centralnego-biedronka\/#primaryimage"},"thumbnailUrl":"https:\/\/www.24gliwice.pl\/wiadomosci\/wp-content\/uploads\/2018\/06\/1-biedronka-3.jpg","datePublished":"2018-06-22T11:20:10+00:00","dateModified":"2018-06-22T11:34:03+00:00","breadcrumb":{"@id":"https:\/\/www.24gliwice.pl\/wiadomosci\/naprzeciw-cmentarza-centralnego-biedronka\/#breadcrumb"},"inLanguage":"pl-PL","potentialAction":[{"@type":"ReadAction","target":["https:\/\/www.24gliwice.pl\/wiadomosci\/naprzeciw-cmentarza-centralnego-biedronka\/"]}]},{"@type":"ImageObject","inLanguage":"pl-PL","@id":"https:\/\/www.24gliwice.pl\/wiadomosci\/naprzeciw-cmentarza-centralnego-biedronka\/#primaryimage","url":"https:\/\/www.24gliwice.pl\/wiadomosci\/wp-content\/uploads\/2018\/06\/1-biedronka-3.jpg","contentUrl":"https:\/\/www.24gliwice.pl\/wiadomosci\/wp-content\/uploads\/2018\/06\/1-biedronka-3.jpg","width":810,"height":456},{"@type":"BreadcrumbList","@id":"https:\/\/www.24gliwice.pl\/wiadomosci\/naprzeciw-cmentarza-centralnego-biedronka\/#breadcrumb","itemListElement":[{"@type":"ListItem","position":1,"name":"Strona g\u0142\u00f3wna","item":"https:\/\/www.24gliwice.pl\/wiadomosci\/"},{"@type":"ListItem","position":2,"name":"Naprzeciw Cmentarza Centralnego powstaje pawilon. Inwestorem jest w\u0142a\u015bciciel sieci Biedronka"}]},{"@type":"WebSite","@id":"https:\/\/www.24gliwice.pl\/wiadomosci\/#website","url":"https:\/\/www.24gliwice.pl\/wiadomosci\/","name":"24GLIWICE - Portal Gliwice | codziennie nowe wiadomo\u015bci","description":"Portal Miejski Gliwice","publisher":{"@id":"https:\/\/www.24gliwice.pl\/wiadomosci\/#organization"},"potentialAction":[{"@type":"SearchAction","target":{"@type":"EntryPoint","urlTemplate":"https:\/\/www.24gliwice.pl\/wiadomosci\/?s={search_term_string}"},"query-input":{"@type":"PropertyValueSpecification","valueRequired":true,"valueName":"search_term_string"}}],"inLanguage":"pl-PL"},{"@type":"Organization","@id":"https:\/\/www.24gliwice.pl\/wiadomosci\/#organization","name":"24gliwice","url":"https:\/\/www.24gliwice.pl\/wiadomosci\/","logo":{"@type":"ImageObject","inLanguage":"pl-PL","@id":"https:\/\/www.24gliwice.pl\/wiadomosci\/#\/schema\/logo\/image\/","url":"https:\/\/www.24gliwice.pl\/wiadomosci\/wp-content\/uploads\/2024\/10\/24gliwice-logo-696.jpg","contentUrl":"https:\/\/www.24gliwice.pl\/wiadomosci\/wp-content\/uploads\/2024\/10\/24gliwice-logo-696.jpg","width":696,"height":696,"caption":"24gliwice"},"image":{"@id":"https:\/\/www.24gliwice.pl\/wiadomosci\/#\/schema\/logo\/image\/"},"sameAs":["https:\/\/www.facebook.com\/24gliwice","https:\/\/x.com\/24gliwice","https:\/\/www.youtube.com\/@24gliwice"]},{"@type":"Person","@id":"https:\/\/www.24gliwice.pl\/wiadomosci\/#\/schema\/person\/e42c650edd7f2fa332be3811fb166b6e","name":"\u017baneta Mrozek-Siewierska","image":{"@type":"ImageObject","inLanguage":"pl-PL","@id":"https:\/\/secure.gravatar.com\/avatar\/1881429e9c64597c77ad7aef2d0a19be69a3253e57534d16aa15bf3a4d34a0a3?s=96&d=mm&r=g","url":"https:\/\/secure.gravatar.com\/avatar\/1881429e9c64597c77ad7aef2d0a19be69a3253e57534d16aa15bf3a4d34a0a3?s=96&d=mm&r=g","contentUrl":"https:\/\/secure.gravatar.com\/avatar\/1881429e9c64597c77ad7aef2d0a19be69a3253e57534d16aa15bf3a4d34a0a3?s=96&d=mm&r=g","caption":"\u017baneta Mrozek-Siewierska"},"url":"https:\/\/www.24gliwice.pl\/wiadomosci\/author\/zms\/"}]}},"_links":{"self":[{"href":"https:\/\/www.24gliwice.pl\/wiadomosci\/wp-json\/wp\/v2\/posts\/119010","targetHints":{"allow":["GET"]}}],"collection":[{"href":"https:\/\/www.24gliwice.pl\/wiadomosci\/wp-json\/wp\/v2\/posts"}],"about":[{"href":"https:\/\/www.24gliwice.pl\/wiadomosci\/wp-json\/wp\/v2\/types\/post"}],"author":[{"embeddable":true,"href":"https:\/\/www.24gliwice.pl\/wiadomosci\/wp-json\/wp\/v2\/users\/15"}],"replies":[{"embeddable":true,"href":"https:\/\/www.24gliwice.pl\/wiadomosci\/wp-json\/wp\/v2\/comments?post=119010"}],"version-history":[{"count":0,"href":"https:\/\/www.24gliwice.pl\/wiadomosci\/wp-json\/wp\/v2\/posts\/119010\/revisions"}],"wp:featuredmedia":[{"embeddable":true,"href":"https:\/\/www.24gliwice.pl\/wiadomosci\/wp-json\/wp\/v2\/media\/119166"}],"wp:attachment":[{"href":"https:\/\/www.24gliwice.pl\/wiadomosci\/wp-json\/wp\/v2\/media?parent=119010"}],"wp:term":[{"taxonomy":"category","embeddable":true,"href":"https:\/\/www.24gliwice.pl\/wiadomosci\/wp-json\/wp\/v2\/categories?post=119010"},{"taxonomy":"post_tag","embeddable":true,"href":"https:\/\/www.24gliwice.pl\/wiadomosci\/wp-json\/wp\/v2\/tags?post=119010"}],"curies":[{"name":"wp","href":"https:\/\/api.w.org\/{rel}","templated":true}]}}