{"id":119031,"date":"2018-06-21T00:01:51","date_gmt":"2018-06-20T22:01:51","guid":{"rendered":"https:\/\/www.24gliwice.pl\/wiadomosci\/?p=119031"},"modified":"2018-06-22T02:39:08","modified_gmt":"2018-06-22T00:39:08","slug":"prognoza-pogody-dla-gliwic-na-czwartek-nie-jest-pomyslna-duza-szansa-na-burze-i-inne-anomalie","status":"publish","type":"post","link":"https:\/\/www.24gliwice.pl\/wiadomosci\/prognoza-pogody-dla-gliwic-na-czwartek-nie-jest-pomyslna-duza-szansa-na-burze-i-inne-anomalie\/","title":{"rendered":"Prognoza pogody dla Gliwic na czwartek nie jest pomy\u015blna. Du\u017ca szansa na burze i inne anomalie"},"content":{"rendered":"<div class=\"gliwi-a6-nad-leadem-artykulow gliwi-entity-placement\" id=\"gliwi-7961499\"><div class=\"gliwi-adlabel\"><span style=\"font-size: 9px\">REKLAMA<\/span><\/div><div id=\"gliwi-3265649567\" style=\"margin-bottom: 25px;margin-left: auto;margin-right: auto;text-align: center;\"><a data-no-instant=\"1\" href=\"https:\/\/dom100.eu\/\" rel=\"noopener\" class=\"a2t-link\" target=\"_blank\" aria-label=\"20260415 DOM100 D\"><img loading=\"lazy\" decoding=\"async\" src=\"https:\/\/www.24gliwice.pl\/wiadomosci\/wp-content\/uploads\/2026\/04\/20260415-DOM100-D.jpg\" alt=\"\"  srcset=\"https:\/\/www.24gliwice.pl\/wiadomosci\/wp-content\/uploads\/2026\/04\/20260415-DOM100-D.jpg 750w, https:\/\/www.24gliwice.pl\/wiadomosci\/wp-content\/uploads\/2026\/04\/20260415-DOM100-D-410x109.jpg 410w\" sizes=\"(max-width: 750px) 100vw, 750px\" class=\"no-lazyload\" width=\"750\" height=\"200\"  style=\"display: inline-block; max-width: 100%; height: auto;\" \/><\/a><\/div><\/div><h3>Nad Polsk\u0105 znajduje si\u0119 front atmosferyczny, kt\u00f3ry daje spor\u0105 szans\u0119 na wyst\u0105pienie gwa\u0142townych burz z gradem. Miejscami prognozowane s\u0105 silne porywy wiatru. Popo\u0142udnie lepiej zaplanowa\u0107 pod dachem.<\/h3>\n<p>Wed\u0142ug danych Instytutu Meteorologii i Gospodarki Wodnej, Gliwice znajduj\u0105 si\u0119 w pasie oznaczonym na pomara\u0144czowo, co oznacza du\u017ce (80%) prawdopodobie\u0144stwo pojawienia si\u0119 gwa\u0142townych zjawisk atmosferycznych. Stopie\u0144 zagro\u017cenia okre\u015blono jako 2.<\/p>\n<blockquote><p>Prognozuje si\u0119 wyst\u0105pienie burz z opadami deszczu miejscami od 25 mm do 40 mm, lokalnie do 50 mm oraz porywami wiatru do 100 km\/h. Miejscami grad<\/p><\/blockquote>\n<p>&#8211; okre\u015bla pogod\u0119 dla powiatu gliwickiego <strong>Monika Kaseja<\/strong>, synoptyk IMGW-PIB. <\/p><div class=\"gliwi-a3-w-tresci-artykulow gliwi-entity-placement\" id=\"gliwi-3065178874\"><div class=\"gliwi-adlabel\"><span style=\"font-size: 9px\">REKLAMA<\/span><\/div><div id=\"gliwi-962103354\" style=\"margin-bottom: 30px;margin-left: auto;margin-right: auto;text-align: center;\"><a data-no-instant=\"1\" href=\"https:\/\/ogrodyandersa.pl\/\" rel=\"noopener\" class=\"a2t-link\" target=\"_blank\" aria-label=\"20260415 Ogrody Andersa KUP TERAZ D\"><img loading=\"lazy\" decoding=\"async\" src=\"https:\/\/www.24gliwice.pl\/wiadomosci\/wp-content\/uploads\/2026\/04\/20260415-Ogrody-Andersa-KUP-TERAZ-D.jpg\" alt=\"\"  srcset=\"https:\/\/www.24gliwice.pl\/wiadomosci\/wp-content\/uploads\/2026\/04\/20260415-Ogrody-Andersa-KUP-TERAZ-D.jpg 750w, https:\/\/www.24gliwice.pl\/wiadomosci\/wp-content\/uploads\/2026\/04\/20260415-Ogrody-Andersa-KUP-TERAZ-D-410x109.jpg 410w\" sizes=\"(max-width: 750px) 100vw, 750px\" class=\"no-lazyload\" width=\"750\" height=\"200\"  style=\"display: inline-block; max-width: 100%; height: auto;\" \/><\/a><\/div><\/div>\n<p><a href=\"http:\/\/www.pogodynka.pl\/polska\/prognoza2dni\/polska\" rel=\"noopener\" target=\"_blank\">Prognoza synoptyczna dla Polski<\/a> nie jest optymistyczna. Od \u015al\u0105ska a\u017c po Mazury b\u0119dzie niebezpiecznie.<\/p>\n<p><em>W dzie\u0144 zachmurzenie ma\u0142e i umiarkowane, od zachodu wzrastaj\u0105ce do du\u017cego. Z zachodu na wsch\u00f3d przemieszczaj\u0105ce si\u0119 przelotne opady deszczu oraz burze; miejscami gwa\u0142towne, z ulewami, lokalnie z gradem oraz z bardzo silnymi porywami wiatru. Prognozowana wysoko\u015b\u0107 opad\u00f3w w czasie burz do 20 mm, miejscami do 25 mm, a w pasie od \u015al\u0105ska i Ma\u0142opolski przez centrum kraju po Mazury oraz na Lubelszczy\u017anie do 30 mm. Temperatura maksymalna od 25\u00b0C, 27\u00b0C na p\u00f3\u0142nocy do 28\u00b0C, 30\u00b0C na pozosta\u0142ym obszarze kraju i do 32\u00b0C na po\u0142udniowym zachodzie. Ch\u0142odniej na wybrze\u017cu: 22\u00b0C, 24\u00b0C. Wiatr s\u0142aby i umiarkowany, na zachodzie okresami do\u015b\u0107 silny, w porywach nad morzem do 65 km\/h, a na Dolnym \u015al\u0105sku i Opolszczy\u017anie do 80 km\/h, po\u0142udniowy i po\u0142udniowo-zachodni, na zachodzie skr\u0119caj\u0105cy na zachodni i p\u00f3\u0142nocno-zachodni. W czasie burz porywy wiatru do 90 km\/h, lokalnie do 100 km\/h.<\/em><\/p>\n<p>Dok\u0142adne po\u0142o\u017cenie burz mo\u017cna okre\u015bli\u0107 \u015bledz\u0105c serwisy <a href=\"http:\/\/pl.blitzortung.org\/live_lightning_maps.php?map=15\" rel=\"noopener\" target=\"_blank\">blitzortung.org<\/a>, <a href=\"http:\/\/obserwatorzy.info\" rel=\"noopener\" target=\"_blank\">obserwatorzy.info<\/a>, <a href=\"https:\/\/burze.dzis.net\/?page=wyszukiwarka\" rel=\"noopener\" target=\"_blank\">burze.dzi\u015b.net<\/a><\/p>\n<p>(\u017cms)\/pogodynka.pl\/ostrzezenia<br \/>\nscr. pogodynka.pl\/ostrzezenia<\/p>\n<p><img loading=\"lazy\" decoding=\"async\" src=\"https:\/\/www.24gliwice.pl\/wiadomosci\/wp-content\/uploads\/2018\/06\/pogodynka-ostrze\u017cenie.jpg\" alt=\"\" width=\"759\" height=\"758\" class=\"alignnone size-full wp-image-119035\" srcset=\"https:\/\/www.24gliwice.pl\/wiadomosci\/wp-content\/uploads\/2018\/06\/pogodynka-ostrze\u017cenie.jpg 759w, https:\/\/www.24gliwice.pl\/wiadomosci\/wp-content\/uploads\/2018\/06\/pogodynka-ostrze\u017cenie-90x90.jpg 90w, https:\/\/www.24gliwice.pl\/wiadomosci\/wp-content\/uploads\/2018\/06\/pogodynka-ostrze\u017cenie-232x232.jpg 232w, https:\/\/www.24gliwice.pl\/wiadomosci\/wp-content\/uploads\/2018\/06\/pogodynka-ostrze\u017cenie-456x455.jpg 456w\" sizes=\"auto, (max-width: 759px) 100vw, 759px\" \/><\/p>\n<div class=\"gliwi-a5-na-koncu-artykulow gliwi-entity-placement\" id=\"gliwi-3579700557\"><div class=\"gliwi-adlabel\"><span style=\"font-size: 9px\">REKLAMA<\/span><\/div><div id=\"gliwi-1003404947\" style=\"margin-left: auto;margin-right: auto;text-align: center;\"><a data-no-instant=\"1\" href=\"https:\/\/prezeroarenagliwice.pl\/\" rel=\"noopener\" class=\"a2t-link\" target=\"_blank\" aria-label=\"20260309-PREZERO-WIOSNA-D\"><img loading=\"lazy\" decoding=\"async\" src=\"https:\/\/www.24gliwice.pl\/wiadomosci\/wp-content\/uploads\/2026\/03\/20260309-PREZERO-WIOSNA-D.webp\" alt=\"\"  srcset=\"https:\/\/www.24gliwice.pl\/wiadomosci\/wp-content\/uploads\/2026\/03\/20260309-PREZERO-WIOSNA-D.webp 750w, https:\/\/www.24gliwice.pl\/wiadomosci\/wp-content\/uploads\/2026\/03\/20260309-PREZERO-WIOSNA-D-410x109.webp 410w\" sizes=\"(max-width: 750px) 100vw, 750px\" class=\"no-lazyload\" width=\"750\" height=\"200\"  style=\"display: inline-block; max-width: 100%; height: auto;\" \/><\/a><\/div><\/div>","protected":false},"excerpt":{"rendered":"<p>Nad Polsk\u0105 znajduje si\u0119 front atmosferyczny, kt\u00f3ry daje spor\u0105 szans\u0119 na wyst\u0105pienie gwa\u0142townych burz z gradem. Miejscami prognozowane s\u0105 silne porywy wiatru. Popo\u0142udnie lepiej zaplanowa\u0107 pod dachem. Wed\u0142ug danych Instytutu Meteorologii i Gospodarki Wodnej, Gliwice znajduj\u0105 si\u0119 w pasie oznaczonym na pomara\u0144czowo, co oznacza du\u017ce (80%) prawdopodobie\u0144stwo pojawienia si\u0119 gwa\u0142townych zjawisk atmosferycznych. Stopie\u0144 zagro\u017cenia okre\u015blono [&hellip;]<\/p>\n","protected":false},"author":15,"featured_media":119037,"comment_status":"open","ping_status":"closed","sticky":false,"template":"","format":"standard","meta":{"_monsterinsights_skip_tracking":false,"_monsterinsights_sitenote_active":false,"_monsterinsights_sitenote_note":"","_monsterinsights_sitenote_category":0,"footnotes":"","_links_to":"","_links_to_target":""},"categories":[3,1],"tags":[7638,11347,9204,9203,7637],"class_list":["post-119031","post","type-post","status-publish","format-standard","has-post-thumbnail","hentry","category-gliwice","category-wszystko","tag-burza","tag-kanalizacja-deszczowa","tag-pogoda","tag-pogodynka","tag-ulewa"],"yoast_head":"<!-- This site is optimized with the Yoast SEO plugin v27.5 - https:\/\/yoast.com\/product\/yoast-seo-wordpress\/ -->\n<title>Prognoza pogody dla Gliwic na czwartek nie jest pomy\u015blna. Du\u017ca szansa na burze i inne anomalie - 24GLIWICE - Portal Gliwice | codziennie nowe informacje<\/title>\n<meta name=\"robots\" content=\"index, follow, max-snippet:-1, max-image-preview:large, max-video-preview:-1\" \/>\n<link rel=\"canonical\" href=\"https:\/\/www.24gliwice.pl\/wiadomosci\/prognoza-pogody-dla-gliwic-na-czwartek-nie-jest-pomyslna-duza-szansa-na-burze-i-inne-anomalie\/\" \/>\n<meta property=\"og:locale\" content=\"pl_PL\" \/>\n<meta property=\"og:type\" content=\"article\" \/>\n<meta property=\"og:title\" content=\"Prognoza pogody dla Gliwic na czwartek nie jest pomy\u015blna. Du\u017ca szansa na burze i inne anomalie - 24GLIWICE - Portal Gliwice | codziennie nowe informacje\" \/>\n<meta property=\"og:description\" content=\"Nad Polsk\u0105 znajduje si\u0119 front atmosferyczny, kt\u00f3ry daje spor\u0105 szans\u0119 na wyst\u0105pienie gwa\u0142townych burz z gradem. Miejscami prognozowane s\u0105 silne porywy wiatru. Popo\u0142udnie lepiej zaplanowa\u0107 pod dachem. Wed\u0142ug danych Instytutu Meteorologii i Gospodarki Wodnej, Gliwice znajduj\u0105 si\u0119 w pasie oznaczonym na pomara\u0144czowo, co oznacza du\u017ce (80%) prawdopodobie\u0144stwo pojawienia si\u0119 gwa\u0142townych zjawisk atmosferycznych. Stopie\u0144 zagro\u017cenia okre\u015blono [&hellip;]\" \/>\n<meta property=\"og:url\" content=\"https:\/\/www.24gliwice.pl\/wiadomosci\/prognoza-pogody-dla-gliwic-na-czwartek-nie-jest-pomyslna-duza-szansa-na-burze-i-inne-anomalie\/\" \/>\n<meta property=\"og:site_name\" content=\"24GLIWICE - Portal Gliwice | codziennie nowe informacje\" \/>\n<meta property=\"article:publisher\" content=\"https:\/\/www.facebook.com\/24gliwice\" \/>\n<meta property=\"article:published_time\" content=\"2018-06-20T22:01:51+00:00\" \/>\n<meta property=\"article:modified_time\" content=\"2018-06-22T00:39:08+00:00\" \/>\n<meta property=\"og:image\" content=\"https:\/\/www.24gliwice.pl\/wiadomosci\/wp-content\/uploads\/2018\/06\/burza.jpg\" \/>\n\t<meta property=\"og:image:width\" content=\"960\" \/>\n\t<meta property=\"og:image:height\" content=\"540\" \/>\n\t<meta property=\"og:image:type\" content=\"image\/jpeg\" \/>\n<meta name=\"author\" content=\"\u017baneta Mrozek-Siewierska\" \/>\n<meta name=\"twitter:card\" content=\"summary_large_image\" \/>\n<meta name=\"twitter:creator\" content=\"@24gliwice\" \/>\n<meta name=\"twitter:site\" content=\"@24gliwice\" \/>\n<meta name=\"twitter:label1\" content=\"Napisane przez\" \/>\n\t<meta name=\"twitter:data1\" content=\"\u017baneta Mrozek-Siewierska\" \/>\n\t<meta name=\"twitter:label2\" content=\"Szacowany czas czytania\" \/>\n\t<meta name=\"twitter:data2\" content=\"2 minuty\" \/>\n<script type=\"application\/ld+json\" class=\"yoast-schema-graph\">{\"@context\":\"https:\\\/\\\/schema.org\",\"@graph\":[{\"@type\":\"Article\",\"@id\":\"https:\\\/\\\/www.24gliwice.pl\\\/wiadomosci\\\/prognoza-pogody-dla-gliwic-na-czwartek-nie-jest-pomyslna-duza-szansa-na-burze-i-inne-anomalie\\\/#article\",\"isPartOf\":{\"@id\":\"https:\\\/\\\/www.24gliwice.pl\\\/wiadomosci\\\/prognoza-pogody-dla-gliwic-na-czwartek-nie-jest-pomyslna-duza-szansa-na-burze-i-inne-anomalie\\\/\"},\"author\":{\"name\":\"\u017baneta Mrozek-Siewierska\",\"@id\":\"https:\\\/\\\/www.24gliwice.pl\\\/wiadomosci\\\/#\\\/schema\\\/person\\\/e42c650edd7f2fa332be3811fb166b6e\"},\"headline\":\"Prognoza pogody dla Gliwic na czwartek nie jest pomy\u015blna. Du\u017ca szansa na burze i inne anomalie\",\"datePublished\":\"2018-06-20T22:01:51+00:00\",\"dateModified\":\"2018-06-22T00:39:08+00:00\",\"mainEntityOfPage\":{\"@id\":\"https:\\\/\\\/www.24gliwice.pl\\\/wiadomosci\\\/prognoza-pogody-dla-gliwic-na-czwartek-nie-jest-pomyslna-duza-szansa-na-burze-i-inne-anomalie\\\/\"},\"wordCount\":321,\"commentCount\":0,\"publisher\":{\"@id\":\"https:\\\/\\\/www.24gliwice.pl\\\/wiadomosci\\\/#organization\"},\"image\":{\"@id\":\"https:\\\/\\\/www.24gliwice.pl\\\/wiadomosci\\\/prognoza-pogody-dla-gliwic-na-czwartek-nie-jest-pomyslna-duza-szansa-na-burze-i-inne-anomalie\\\/#primaryimage\"},\"thumbnailUrl\":\"https:\\\/\\\/www.24gliwice.pl\\\/wiadomosci\\\/wp-content\\\/uploads\\\/2018\\\/06\\\/burza.jpg\",\"keywords\":[\"BURZA\",\"kanalizacja deszczowa\",\"pogoda\",\"pogodynka\",\"ULEWA\"],\"articleSection\":[\"Gliwice\",\"Najnowsze wiadomo\u015bci\"],\"inLanguage\":\"pl-PL\",\"potentialAction\":[{\"@type\":\"CommentAction\",\"name\":\"Comment\",\"target\":[\"https:\\\/\\\/www.24gliwice.pl\\\/wiadomosci\\\/prognoza-pogody-dla-gliwic-na-czwartek-nie-jest-pomyslna-duza-szansa-na-burze-i-inne-anomalie\\\/#respond\"]}]},{\"@type\":\"WebPage\",\"@id\":\"https:\\\/\\\/www.24gliwice.pl\\\/wiadomosci\\\/prognoza-pogody-dla-gliwic-na-czwartek-nie-jest-pomyslna-duza-szansa-na-burze-i-inne-anomalie\\\/\",\"url\":\"https:\\\/\\\/www.24gliwice.pl\\\/wiadomosci\\\/prognoza-pogody-dla-gliwic-na-czwartek-nie-jest-pomyslna-duza-szansa-na-burze-i-inne-anomalie\\\/\",\"name\":\"Prognoza pogody dla Gliwic na czwartek nie jest pomy\u015blna. Du\u017ca szansa na burze i inne anomalie - 24GLIWICE - Portal Gliwice | codziennie nowe informacje\",\"isPartOf\":{\"@id\":\"https:\\\/\\\/www.24gliwice.pl\\\/wiadomosci\\\/#website\"},\"primaryImageOfPage\":{\"@id\":\"https:\\\/\\\/www.24gliwice.pl\\\/wiadomosci\\\/prognoza-pogody-dla-gliwic-na-czwartek-nie-jest-pomyslna-duza-szansa-na-burze-i-inne-anomalie\\\/#primaryimage\"},\"image\":{\"@id\":\"https:\\\/\\\/www.24gliwice.pl\\\/wiadomosci\\\/prognoza-pogody-dla-gliwic-na-czwartek-nie-jest-pomyslna-duza-szansa-na-burze-i-inne-anomalie\\\/#primaryimage\"},\"thumbnailUrl\":\"https:\\\/\\\/www.24gliwice.pl\\\/wiadomosci\\\/wp-content\\\/uploads\\\/2018\\\/06\\\/burza.jpg\",\"datePublished\":\"2018-06-20T22:01:51+00:00\",\"dateModified\":\"2018-06-22T00:39:08+00:00\",\"breadcrumb\":{\"@id\":\"https:\\\/\\\/www.24gliwice.pl\\\/wiadomosci\\\/prognoza-pogody-dla-gliwic-na-czwartek-nie-jest-pomyslna-duza-szansa-na-burze-i-inne-anomalie\\\/#breadcrumb\"},\"inLanguage\":\"pl-PL\",\"potentialAction\":[{\"@type\":\"ReadAction\",\"target\":[\"https:\\\/\\\/www.24gliwice.pl\\\/wiadomosci\\\/prognoza-pogody-dla-gliwic-na-czwartek-nie-jest-pomyslna-duza-szansa-na-burze-i-inne-anomalie\\\/\"]}]},{\"@type\":\"ImageObject\",\"inLanguage\":\"pl-PL\",\"@id\":\"https:\\\/\\\/www.24gliwice.pl\\\/wiadomosci\\\/prognoza-pogody-dla-gliwic-na-czwartek-nie-jest-pomyslna-duza-szansa-na-burze-i-inne-anomalie\\\/#primaryimage\",\"url\":\"https:\\\/\\\/www.24gliwice.pl\\\/wiadomosci\\\/wp-content\\\/uploads\\\/2018\\\/06\\\/burza.jpg\",\"contentUrl\":\"https:\\\/\\\/www.24gliwice.pl\\\/wiadomosci\\\/wp-content\\\/uploads\\\/2018\\\/06\\\/burza.jpg\",\"width\":960,\"height\":540},{\"@type\":\"BreadcrumbList\",\"@id\":\"https:\\\/\\\/www.24gliwice.pl\\\/wiadomosci\\\/prognoza-pogody-dla-gliwic-na-czwartek-nie-jest-pomyslna-duza-szansa-na-burze-i-inne-anomalie\\\/#breadcrumb\",\"itemListElement\":[{\"@type\":\"ListItem\",\"position\":1,\"name\":\"Strona g\u0142\u00f3wna\",\"item\":\"https:\\\/\\\/www.24gliwice.pl\\\/wiadomosci\\\/\"},{\"@type\":\"ListItem\",\"position\":2,\"name\":\"Prognoza pogody dla Gliwic na czwartek nie jest pomy\u015blna. Du\u017ca szansa na burze i inne anomalie\"}]},{\"@type\":\"WebSite\",\"@id\":\"https:\\\/\\\/www.24gliwice.pl\\\/wiadomosci\\\/#website\",\"url\":\"https:\\\/\\\/www.24gliwice.pl\\\/wiadomosci\\\/\",\"name\":\"24GLIWICE - Portal Gliwice | codziennie nowe wiadomo\u015bci\",\"description\":\"Portal Miejski Gliwice\",\"publisher\":{\"@id\":\"https:\\\/\\\/www.24gliwice.pl\\\/wiadomosci\\\/#organization\"},\"potentialAction\":[{\"@type\":\"SearchAction\",\"target\":{\"@type\":\"EntryPoint\",\"urlTemplate\":\"https:\\\/\\\/www.24gliwice.pl\\\/wiadomosci\\\/?s={search_term_string}\"},\"query-input\":{\"@type\":\"PropertyValueSpecification\",\"valueRequired\":true,\"valueName\":\"search_term_string\"}}],\"inLanguage\":\"pl-PL\"},{\"@type\":\"Organization\",\"@id\":\"https:\\\/\\\/www.24gliwice.pl\\\/wiadomosci\\\/#organization\",\"name\":\"24gliwice\",\"url\":\"https:\\\/\\\/www.24gliwice.pl\\\/wiadomosci\\\/\",\"logo\":{\"@type\":\"ImageObject\",\"inLanguage\":\"pl-PL\",\"@id\":\"https:\\\/\\\/www.24gliwice.pl\\\/wiadomosci\\\/#\\\/schema\\\/logo\\\/image\\\/\",\"url\":\"https:\\\/\\\/www.24gliwice.pl\\\/wiadomosci\\\/wp-content\\\/uploads\\\/2024\\\/10\\\/24gliwice-logo-696.jpg\",\"contentUrl\":\"https:\\\/\\\/www.24gliwice.pl\\\/wiadomosci\\\/wp-content\\\/uploads\\\/2024\\\/10\\\/24gliwice-logo-696.jpg\",\"width\":696,\"height\":696,\"caption\":\"24gliwice\"},\"image\":{\"@id\":\"https:\\\/\\\/www.24gliwice.pl\\\/wiadomosci\\\/#\\\/schema\\\/logo\\\/image\\\/\"},\"sameAs\":[\"https:\\\/\\\/www.facebook.com\\\/24gliwice\",\"https:\\\/\\\/x.com\\\/24gliwice\",\"https:\\\/\\\/www.youtube.com\\\/@24gliwice\"]},{\"@type\":\"Person\",\"@id\":\"https:\\\/\\\/www.24gliwice.pl\\\/wiadomosci\\\/#\\\/schema\\\/person\\\/e42c650edd7f2fa332be3811fb166b6e\",\"name\":\"\u017baneta Mrozek-Siewierska\",\"image\":{\"@type\":\"ImageObject\",\"inLanguage\":\"pl-PL\",\"@id\":\"https:\\\/\\\/secure.gravatar.com\\\/avatar\\\/1881429e9c64597c77ad7aef2d0a19be69a3253e57534d16aa15bf3a4d34a0a3?s=96&d=mm&r=g\",\"url\":\"https:\\\/\\\/secure.gravatar.com\\\/avatar\\\/1881429e9c64597c77ad7aef2d0a19be69a3253e57534d16aa15bf3a4d34a0a3?s=96&d=mm&r=g\",\"contentUrl\":\"https:\\\/\\\/secure.gravatar.com\\\/avatar\\\/1881429e9c64597c77ad7aef2d0a19be69a3253e57534d16aa15bf3a4d34a0a3?s=96&d=mm&r=g\",\"caption\":\"\u017baneta Mrozek-Siewierska\"},\"url\":\"https:\\\/\\\/www.24gliwice.pl\\\/wiadomosci\\\/author\\\/zms\\\/\"}]}<\/script>\n<!-- \/ Yoast SEO plugin. -->","yoast_head_json":{"title":"Prognoza pogody dla Gliwic na czwartek nie jest pomy\u015blna. Du\u017ca szansa na burze i inne anomalie - 24GLIWICE - Portal Gliwice | codziennie nowe informacje","robots":{"index":"index","follow":"follow","max-snippet":"max-snippet:-1","max-image-preview":"max-image-preview:large","max-video-preview":"max-video-preview:-1"},"canonical":"https:\/\/www.24gliwice.pl\/wiadomosci\/prognoza-pogody-dla-gliwic-na-czwartek-nie-jest-pomyslna-duza-szansa-na-burze-i-inne-anomalie\/","og_locale":"pl_PL","og_type":"article","og_title":"Prognoza pogody dla Gliwic na czwartek nie jest pomy\u015blna. Du\u017ca szansa na burze i inne anomalie - 24GLIWICE - Portal Gliwice | codziennie nowe informacje","og_description":"Nad Polsk\u0105 znajduje si\u0119 front atmosferyczny, kt\u00f3ry daje spor\u0105 szans\u0119 na wyst\u0105pienie gwa\u0142townych burz z gradem. Miejscami prognozowane s\u0105 silne porywy wiatru. Popo\u0142udnie lepiej zaplanowa\u0107 pod dachem. Wed\u0142ug danych Instytutu Meteorologii i Gospodarki Wodnej, Gliwice znajduj\u0105 si\u0119 w pasie oznaczonym na pomara\u0144czowo, co oznacza du\u017ce (80%) prawdopodobie\u0144stwo pojawienia si\u0119 gwa\u0142townych zjawisk atmosferycznych. Stopie\u0144 zagro\u017cenia okre\u015blono [&hellip;]","og_url":"https:\/\/www.24gliwice.pl\/wiadomosci\/prognoza-pogody-dla-gliwic-na-czwartek-nie-jest-pomyslna-duza-szansa-na-burze-i-inne-anomalie\/","og_site_name":"24GLIWICE - Portal Gliwice | codziennie nowe informacje","article_publisher":"https:\/\/www.facebook.com\/24gliwice","article_published_time":"2018-06-20T22:01:51+00:00","article_modified_time":"2018-06-22T00:39:08+00:00","og_image":[{"width":960,"height":540,"url":"https:\/\/www.24gliwice.pl\/wiadomosci\/wp-content\/uploads\/2018\/06\/burza.jpg","type":"image\/jpeg"}],"author":"\u017baneta Mrozek-Siewierska","twitter_card":"summary_large_image","twitter_creator":"@24gliwice","twitter_site":"@24gliwice","twitter_misc":{"Napisane przez":"\u017baneta Mrozek-Siewierska","Szacowany czas czytania":"2 minuty"},"schema":{"@context":"https:\/\/schema.org","@graph":[{"@type":"Article","@id":"https:\/\/www.24gliwice.pl\/wiadomosci\/prognoza-pogody-dla-gliwic-na-czwartek-nie-jest-pomyslna-duza-szansa-na-burze-i-inne-anomalie\/#article","isPartOf":{"@id":"https:\/\/www.24gliwice.pl\/wiadomosci\/prognoza-pogody-dla-gliwic-na-czwartek-nie-jest-pomyslna-duza-szansa-na-burze-i-inne-anomalie\/"},"author":{"name":"\u017baneta Mrozek-Siewierska","@id":"https:\/\/www.24gliwice.pl\/wiadomosci\/#\/schema\/person\/e42c650edd7f2fa332be3811fb166b6e"},"headline":"Prognoza pogody dla Gliwic na czwartek nie jest pomy\u015blna. Du\u017ca szansa na burze i inne anomalie","datePublished":"2018-06-20T22:01:51+00:00","dateModified":"2018-06-22T00:39:08+00:00","mainEntityOfPage":{"@id":"https:\/\/www.24gliwice.pl\/wiadomosci\/prognoza-pogody-dla-gliwic-na-czwartek-nie-jest-pomyslna-duza-szansa-na-burze-i-inne-anomalie\/"},"wordCount":321,"commentCount":0,"publisher":{"@id":"https:\/\/www.24gliwice.pl\/wiadomosci\/#organization"},"image":{"@id":"https:\/\/www.24gliwice.pl\/wiadomosci\/prognoza-pogody-dla-gliwic-na-czwartek-nie-jest-pomyslna-duza-szansa-na-burze-i-inne-anomalie\/#primaryimage"},"thumbnailUrl":"https:\/\/www.24gliwice.pl\/wiadomosci\/wp-content\/uploads\/2018\/06\/burza.jpg","keywords":["BURZA","kanalizacja deszczowa","pogoda","pogodynka","ULEWA"],"articleSection":["Gliwice","Najnowsze wiadomo\u015bci"],"inLanguage":"pl-PL","potentialAction":[{"@type":"CommentAction","name":"Comment","target":["https:\/\/www.24gliwice.pl\/wiadomosci\/prognoza-pogody-dla-gliwic-na-czwartek-nie-jest-pomyslna-duza-szansa-na-burze-i-inne-anomalie\/#respond"]}]},{"@type":"WebPage","@id":"https:\/\/www.24gliwice.pl\/wiadomosci\/prognoza-pogody-dla-gliwic-na-czwartek-nie-jest-pomyslna-duza-szansa-na-burze-i-inne-anomalie\/","url":"https:\/\/www.24gliwice.pl\/wiadomosci\/prognoza-pogody-dla-gliwic-na-czwartek-nie-jest-pomyslna-duza-szansa-na-burze-i-inne-anomalie\/","name":"Prognoza pogody dla Gliwic na czwartek nie jest pomy\u015blna. Du\u017ca szansa na burze i inne anomalie - 24GLIWICE - Portal Gliwice | codziennie nowe informacje","isPartOf":{"@id":"https:\/\/www.24gliwice.pl\/wiadomosci\/#website"},"primaryImageOfPage":{"@id":"https:\/\/www.24gliwice.pl\/wiadomosci\/prognoza-pogody-dla-gliwic-na-czwartek-nie-jest-pomyslna-duza-szansa-na-burze-i-inne-anomalie\/#primaryimage"},"image":{"@id":"https:\/\/www.24gliwice.pl\/wiadomosci\/prognoza-pogody-dla-gliwic-na-czwartek-nie-jest-pomyslna-duza-szansa-na-burze-i-inne-anomalie\/#primaryimage"},"thumbnailUrl":"https:\/\/www.24gliwice.pl\/wiadomosci\/wp-content\/uploads\/2018\/06\/burza.jpg","datePublished":"2018-06-20T22:01:51+00:00","dateModified":"2018-06-22T00:39:08+00:00","breadcrumb":{"@id":"https:\/\/www.24gliwice.pl\/wiadomosci\/prognoza-pogody-dla-gliwic-na-czwartek-nie-jest-pomyslna-duza-szansa-na-burze-i-inne-anomalie\/#breadcrumb"},"inLanguage":"pl-PL","potentialAction":[{"@type":"ReadAction","target":["https:\/\/www.24gliwice.pl\/wiadomosci\/prognoza-pogody-dla-gliwic-na-czwartek-nie-jest-pomyslna-duza-szansa-na-burze-i-inne-anomalie\/"]}]},{"@type":"ImageObject","inLanguage":"pl-PL","@id":"https:\/\/www.24gliwice.pl\/wiadomosci\/prognoza-pogody-dla-gliwic-na-czwartek-nie-jest-pomyslna-duza-szansa-na-burze-i-inne-anomalie\/#primaryimage","url":"https:\/\/www.24gliwice.pl\/wiadomosci\/wp-content\/uploads\/2018\/06\/burza.jpg","contentUrl":"https:\/\/www.24gliwice.pl\/wiadomosci\/wp-content\/uploads\/2018\/06\/burza.jpg","width":960,"height":540},{"@type":"BreadcrumbList","@id":"https:\/\/www.24gliwice.pl\/wiadomosci\/prognoza-pogody-dla-gliwic-na-czwartek-nie-jest-pomyslna-duza-szansa-na-burze-i-inne-anomalie\/#breadcrumb","itemListElement":[{"@type":"ListItem","position":1,"name":"Strona g\u0142\u00f3wna","item":"https:\/\/www.24gliwice.pl\/wiadomosci\/"},{"@type":"ListItem","position":2,"name":"Prognoza pogody dla Gliwic na czwartek nie jest pomy\u015blna. Du\u017ca szansa na burze i inne anomalie"}]},{"@type":"WebSite","@id":"https:\/\/www.24gliwice.pl\/wiadomosci\/#website","url":"https:\/\/www.24gliwice.pl\/wiadomosci\/","name":"24GLIWICE - Portal Gliwice | codziennie nowe wiadomo\u015bci","description":"Portal Miejski Gliwice","publisher":{"@id":"https:\/\/www.24gliwice.pl\/wiadomosci\/#organization"},"potentialAction":[{"@type":"SearchAction","target":{"@type":"EntryPoint","urlTemplate":"https:\/\/www.24gliwice.pl\/wiadomosci\/?s={search_term_string}"},"query-input":{"@type":"PropertyValueSpecification","valueRequired":true,"valueName":"search_term_string"}}],"inLanguage":"pl-PL"},{"@type":"Organization","@id":"https:\/\/www.24gliwice.pl\/wiadomosci\/#organization","name":"24gliwice","url":"https:\/\/www.24gliwice.pl\/wiadomosci\/","logo":{"@type":"ImageObject","inLanguage":"pl-PL","@id":"https:\/\/www.24gliwice.pl\/wiadomosci\/#\/schema\/logo\/image\/","url":"https:\/\/www.24gliwice.pl\/wiadomosci\/wp-content\/uploads\/2024\/10\/24gliwice-logo-696.jpg","contentUrl":"https:\/\/www.24gliwice.pl\/wiadomosci\/wp-content\/uploads\/2024\/10\/24gliwice-logo-696.jpg","width":696,"height":696,"caption":"24gliwice"},"image":{"@id":"https:\/\/www.24gliwice.pl\/wiadomosci\/#\/schema\/logo\/image\/"},"sameAs":["https:\/\/www.facebook.com\/24gliwice","https:\/\/x.com\/24gliwice","https:\/\/www.youtube.com\/@24gliwice"]},{"@type":"Person","@id":"https:\/\/www.24gliwice.pl\/wiadomosci\/#\/schema\/person\/e42c650edd7f2fa332be3811fb166b6e","name":"\u017baneta Mrozek-Siewierska","image":{"@type":"ImageObject","inLanguage":"pl-PL","@id":"https:\/\/secure.gravatar.com\/avatar\/1881429e9c64597c77ad7aef2d0a19be69a3253e57534d16aa15bf3a4d34a0a3?s=96&d=mm&r=g","url":"https:\/\/secure.gravatar.com\/avatar\/1881429e9c64597c77ad7aef2d0a19be69a3253e57534d16aa15bf3a4d34a0a3?s=96&d=mm&r=g","contentUrl":"https:\/\/secure.gravatar.com\/avatar\/1881429e9c64597c77ad7aef2d0a19be69a3253e57534d16aa15bf3a4d34a0a3?s=96&d=mm&r=g","caption":"\u017baneta Mrozek-Siewierska"},"url":"https:\/\/www.24gliwice.pl\/wiadomosci\/author\/zms\/"}]}},"_links":{"self":[{"href":"https:\/\/www.24gliwice.pl\/wiadomosci\/wp-json\/wp\/v2\/posts\/119031","targetHints":{"allow":["GET"]}}],"collection":[{"href":"https:\/\/www.24gliwice.pl\/wiadomosci\/wp-json\/wp\/v2\/posts"}],"about":[{"href":"https:\/\/www.24gliwice.pl\/wiadomosci\/wp-json\/wp\/v2\/types\/post"}],"author":[{"embeddable":true,"href":"https:\/\/www.24gliwice.pl\/wiadomosci\/wp-json\/wp\/v2\/users\/15"}],"replies":[{"embeddable":true,"href":"https:\/\/www.24gliwice.pl\/wiadomosci\/wp-json\/wp\/v2\/comments?post=119031"}],"version-history":[{"count":0,"href":"https:\/\/www.24gliwice.pl\/wiadomosci\/wp-json\/wp\/v2\/posts\/119031\/revisions"}],"wp:featuredmedia":[{"embeddable":true,"href":"https:\/\/www.24gliwice.pl\/wiadomosci\/wp-json\/wp\/v2\/media\/119037"}],"wp:attachment":[{"href":"https:\/\/www.24gliwice.pl\/wiadomosci\/wp-json\/wp\/v2\/media?parent=119031"}],"wp:term":[{"taxonomy":"category","embeddable":true,"href":"https:\/\/www.24gliwice.pl\/wiadomosci\/wp-json\/wp\/v2\/categories?post=119031"},{"taxonomy":"post_tag","embeddable":true,"href":"https:\/\/www.24gliwice.pl\/wiadomosci\/wp-json\/wp\/v2\/tags?post=119031"}],"curies":[{"name":"wp","href":"https:\/\/api.w.org\/{rel}","templated":true}]}}