{"id":119047,"date":"2018-06-21T13:58:14","date_gmt":"2018-06-21T11:58:14","guid":{"rendered":"https:\/\/www.24gliwice.pl\/wiadomosci\/?p=119047"},"modified":"2018-06-21T13:58:14","modified_gmt":"2018-06-21T11:58:14","slug":"nowe-oswietlenie-na-kolejnych-ulicach-led-y-wypieraja-przestarzale-oprawy-sodowe","status":"publish","type":"post","link":"https:\/\/www.24gliwice.pl\/wiadomosci\/nowe-oswietlenie-na-kolejnych-ulicach-led-y-wypieraja-przestarzale-oprawy-sodowe\/","title":{"rendered":"Nowe o\u015bwietlenie na kolejnych ulicach. LED-y wypieraj\u0105 przestarza\u0142e oprawy sodowe"},"content":{"rendered":"<div class=\"gliwi-a6-nad-leadem-artykulow gliwi-entity-placement\" id=\"gliwi-2046276516\"><div class=\"gliwi-adlabel\"><span style=\"font-size: 9px\">REKLAMA<\/span><\/div><div id=\"gliwi-596757900\" style=\"margin-bottom: 25px;margin-left: auto;margin-right: auto;text-align: center;\"><a data-no-instant=\"1\" href=\"https:\/\/dom100.eu\/\" rel=\"noopener\" class=\"a2t-link\" target=\"_blank\" aria-label=\"20260415 DOM100 D\"><img loading=\"lazy\" decoding=\"async\" src=\"https:\/\/www.24gliwice.pl\/wiadomosci\/wp-content\/uploads\/2026\/04\/20260415-DOM100-D.jpg\" alt=\"\"  srcset=\"https:\/\/www.24gliwice.pl\/wiadomosci\/wp-content\/uploads\/2026\/04\/20260415-DOM100-D.jpg 750w, https:\/\/www.24gliwice.pl\/wiadomosci\/wp-content\/uploads\/2026\/04\/20260415-DOM100-D-410x109.jpg 410w\" sizes=\"(max-width: 750px) 100vw, 750px\" class=\"no-lazyload\" width=\"750\" height=\"200\"  style=\"display: inline-block; max-width: 100%; height: auto;\" \/><\/a><\/div><\/div><h3>W\u0142a\u015bnie zako\u0144czy\u0142a si\u0119 wymiana o\u015bwietlenia w tzw. Osi Politechniki, na ulicach ks. Marcina Strzody i Prymasa Stefana Wyszy\u0144skiego oraz na placu Marsza\u0142ka Pi\u0142sudskiego. <\/h3>\n<p>Do ko\u0144ca tego roku kolejne gliwickie ulice zostan\u0105 o\u015bwietlone zgodnie z za\u0142o\u017ceniami projektu porz\u0105dkuj\u0105cego o\u015bwietlenie w Gliwicach.<\/p>\n<p>Tak zwany masterplan wdra\u017cany jest w naszym mie\u015bcie ju\u017c od sze\u015bciu lat. Do ko\u0144ca tego roku przestarza\u0142e oprawy sodowe zostan\u0105 wymienione na ekologiczne i energooszcz\u0119dne LED-owe na kolejnych kilkudziesi\u0119ciu gliwickich ulicach.<\/p><div class=\"gliwi-a3-w-tresci-artykulow gliwi-entity-placement\" id=\"gliwi-2467048707\"><div class=\"gliwi-adlabel\"><span style=\"font-size: 9px\">REKLAMA<\/span><\/div><div id=\"gliwi-3752796550\" style=\"margin-bottom: 30px;margin-left: auto;margin-right: auto;text-align: center;\"><a data-no-instant=\"1\" href=\"https:\/\/zlobek.halogen.org.pl\/\" rel=\"noopener\" class=\"a2t-link\" target=\"_blank\" aria-label=\"animator-zlobek_750x200\"><img loading=\"lazy\" decoding=\"async\" src=\"https:\/\/www.24gliwice.pl\/wiadomosci\/wp-content\/uploads\/2026\/02\/animator-zlobek_750x200.webp\" alt=\"\"  srcset=\"https:\/\/www.24gliwice.pl\/wiadomosci\/wp-content\/uploads\/2026\/02\/animator-zlobek_750x200.webp 750w, https:\/\/www.24gliwice.pl\/wiadomosci\/wp-content\/uploads\/2026\/02\/animator-zlobek_750x200-410x109.webp 410w\" sizes=\"(max-width: 750px) 100vw, 750px\" class=\"no-lazyload\" width=\"750\" height=\"200\"  style=\"display: inline-block; max-width: 100%; height: auto;\" \/><\/a><\/div><\/div>\n[perfectpullquote align=&#8221;full&#8221; bordertop=&#8221;false&#8221; cite=&#8221;&#8221; link=&#8221;&#8221; color=&#8221;&#8221; class=&#8221;&#8221; size=&#8221;&#8221;]Realizacja zadania zosta\u0142a podzielona na 4 rejony, trwaj\u0105 w\u0142a\u015bnie przetargi zmierzaj\u0105ce do wy\u0142onienia wykonawc\u00f3w tych prac.[\/perfectpullquote]\n<p>W najbli\u017cszym czasie oprawy zostan\u0105 wymienione m.in. przy ul. Kochanowskiego, \u0141u\u017cyckiej, Piwnej, Konarskiego, Lipowej, Warszawskiej, Wybrze\u017ce Wojska Polskiego, Pszczy\u0144skiej, Akademickiej, Kujawskiej, Bojkowskiej, G\u00f3rnych Wa\u0142\u00f3w, Daszy\u0144skiego, Zawiszy Czarnego, Ko\u015bciuszki, Andersa, Miko\u0142owskiej, Jana Paw\u0142a II, Zygmunta Starego oraz na Sikorniku i przy Drogowej Trasie \u015arednicowej.<\/p>\n<p><img loading=\"lazy\" decoding=\"async\" src=\"https:\/\/www.24gliwice.pl\/wiadomosci\/wp-content\/uploads\/2018\/06\/nowe-o\u015bwietlenie.jpg\" alt=\"\" width=\"1707\" height=\"959\" class=\"alignnone size-full wp-image-119064\" srcset=\"https:\/\/www.24gliwice.pl\/wiadomosci\/wp-content\/uploads\/2018\/06\/nowe-o\u015bwietlenie.jpg 1707w, https:\/\/www.24gliwice.pl\/wiadomosci\/wp-content\/uploads\/2018\/06\/nowe-o\u015bwietlenie-410x230.jpg 410w, https:\/\/www.24gliwice.pl\/wiadomosci\/wp-content\/uploads\/2018\/06\/nowe-o\u015bwietlenie-768x431.jpg 768w, https:\/\/www.24gliwice.pl\/wiadomosci\/wp-content\/uploads\/2018\/06\/nowe-o\u015bwietlenie-810x455.jpg 810w, https:\/\/www.24gliwice.pl\/wiadomosci\/wp-content\/uploads\/2018\/06\/nowe-o\u015bwietlenie-1140x640.jpg 1140w\" sizes=\"auto, (max-width: 1707px) 100vw, 1707px\" \/><\/p>\n<blockquote><p>\u2013 Ostatni\u0105 cz\u0119\u015b\u0107 realizacji masterplanu przenie\u015bli\u015bmy na przysz\u0142y rok. Do ko\u0144ca 2019 roku planujemy budow\u0119 nowego o\u015bwietlenia na ul. Rybnickiej, Tarnog\u00f3rskiej i Dworcowej <\/p><\/blockquote>\n<p>\u2013 wylicza <strong>Mariola Pendzia\u0142ek<\/strong>, naczelnik Wydzia\u0142u Przedsi\u0119wzi\u0119\u0107 Gospodarczych i Us\u0142ug Komunalnych Urz\u0119du Miejskiego w Gliwicach.<\/p>\n<p>Masterplan to przedsi\u0119wzi\u0119cie polegaj\u0105ce na wykorzystaniu \u015bwiat\u0142a w przestrzeni miejskiej w oparciu o projekt kompleksowego o\u015bwietlenia ca\u0142ego miasta. Na jego obrze\u017cach i g\u0142\u00f3wnych szlakach komunikacyjnych \u015bwiat\u0142o jest ja\u015bniejsze, w \u015bcis\u0142ym centrum cieplejsze, niemal pomara\u0144czowe. <\/p>\n<p>Szacowany ca\u0142kowity koszt przedsi\u0119wzi\u0119cia wynosi ponad 14 mln z\u0142, z czego ponad 10 mln z\u0142 zosta\u0142o wydane z bud\u017cetu miejskiego, a ponad 4 mln z\u0142 to dofinansowanie UE. <\/p>\n<p>(\u017cms)\/UM(mf)<\/p>\n<div class=\"gliwi-a5-na-koncu-artykulow gliwi-entity-placement\" id=\"gliwi-1529157785\"><div class=\"gliwi-adlabel\"><span style=\"font-size: 9px\">REKLAMA<\/span><\/div><div id=\"gliwi-1863707580\" style=\"margin-left: auto;margin-right: auto;text-align: center;\"><a data-no-instant=\"1\" href=\"https:\/\/www.jasek.pl\/\" rel=\"noopener\" class=\"a2t-link\" target=\"_blank\" aria-label=\"20200401-jasek 600\"><img loading=\"lazy\" decoding=\"async\" src=\"https:\/\/www.24gliwice.pl\/wiadomosci\/wp-content\/uploads\/2020\/04\/20200401-jasek-600.jpg\" alt=\"\"  srcset=\"https:\/\/www.24gliwice.pl\/wiadomosci\/wp-content\/uploads\/2020\/04\/20200401-jasek-600.jpg 600w, https:\/\/www.24gliwice.pl\/wiadomosci\/wp-content\/uploads\/2020\/04\/20200401-jasek-600-410x109.jpg 410w\" sizes=\"(max-width: 600px) 100vw, 600px\" class=\"no-lazyload\" width=\"600\" height=\"160\"  style=\"display: inline-block; max-width: 100%; height: auto;\" \/><\/a><\/div><\/div>","protected":false},"excerpt":{"rendered":"<p>W\u0142a\u015bnie zako\u0144czy\u0142a si\u0119 wymiana o\u015bwietlenia w tzw. Osi Politechniki, na ulicach ks. Marcina Strzody i Prymasa Stefana Wyszy\u0144skiego oraz na placu Marsza\u0142ka Pi\u0142sudskiego. Do ko\u0144ca tego roku kolejne gliwickie ulice zostan\u0105 o\u015bwietlone zgodnie z za\u0142o\u017ceniami projektu porz\u0105dkuj\u0105cego o\u015bwietlenie w Gliwicach. Tak zwany masterplan wdra\u017cany jest w naszym mie\u015bcie ju\u017c od sze\u015bciu lat. Do ko\u0144ca tego [&hellip;]<\/p>\n","protected":false},"author":15,"featured_media":119063,"comment_status":"open","ping_status":"closed","sticky":false,"template":"","format":"standard","meta":{"_monsterinsights_skip_tracking":false,"_monsterinsights_sitenote_active":false,"_monsterinsights_sitenote_note":"","_monsterinsights_sitenote_category":0,"footnotes":"","_links_to":"","_links_to_target":""},"categories":[3,1,9],"tags":[443,12695,5059,5129,10922,12155,5058,4966,8665,5137],"class_list":["post-119047","post","type-post","status-publish","format-standard","has-post-thumbnail","hentry","category-gliwice","category-wszystko","category-aktualnosci_lokalne","tag-akademicka","tag-latarnia","tag-latarnie","tag-masterplan","tag-modernizacja-oswietlenia","tag-oprawy-oswietleniowe","tag-oswietlenie","tag-plac-pilsudskiego","tag-wymiana-oswietlenia","tag-wyszynskiego"],"yoast_head":"<!-- This site is optimized with the Yoast SEO plugin v27.5 - https:\/\/yoast.com\/product\/yoast-seo-wordpress\/ -->\n<title>Nowe o\u015bwietlenie na kolejnych ulicach. LED-y wypieraj\u0105 przestarza\u0142e oprawy sodowe - 24GLIWICE - Portal Gliwice | codziennie nowe informacje<\/title>\n<meta name=\"robots\" content=\"index, follow, max-snippet:-1, max-image-preview:large, max-video-preview:-1\" \/>\n<link rel=\"canonical\" href=\"https:\/\/www.24gliwice.pl\/wiadomosci\/nowe-oswietlenie-na-kolejnych-ulicach-led-y-wypieraja-przestarzale-oprawy-sodowe\/\" \/>\n<meta property=\"og:locale\" content=\"pl_PL\" \/>\n<meta property=\"og:type\" content=\"article\" \/>\n<meta property=\"og:title\" content=\"Nowe o\u015bwietlenie na kolejnych ulicach. LED-y wypieraj\u0105 przestarza\u0142e oprawy sodowe - 24GLIWICE - Portal Gliwice | codziennie nowe informacje\" \/>\n<meta property=\"og:description\" content=\"W\u0142a\u015bnie zako\u0144czy\u0142a si\u0119 wymiana o\u015bwietlenia w tzw. Osi Politechniki, na ulicach ks. Marcina Strzody i Prymasa Stefana Wyszy\u0144skiego oraz na placu Marsza\u0142ka Pi\u0142sudskiego. Do ko\u0144ca tego roku kolejne gliwickie ulice zostan\u0105 o\u015bwietlone zgodnie z za\u0142o\u017ceniami projektu porz\u0105dkuj\u0105cego o\u015bwietlenie w Gliwicach. Tak zwany masterplan wdra\u017cany jest w naszym mie\u015bcie ju\u017c od sze\u015bciu lat. Do ko\u0144ca tego [&hellip;]\" \/>\n<meta property=\"og:url\" content=\"https:\/\/www.24gliwice.pl\/wiadomosci\/nowe-oswietlenie-na-kolejnych-ulicach-led-y-wypieraja-przestarzale-oprawy-sodowe\/\" \/>\n<meta property=\"og:site_name\" content=\"24GLIWICE - Portal Gliwice | codziennie nowe informacje\" \/>\n<meta property=\"article:publisher\" content=\"https:\/\/www.facebook.com\/24gliwice\" \/>\n<meta property=\"article:published_time\" content=\"2018-06-21T11:58:14+00:00\" \/>\n<meta property=\"og:image\" content=\"https:\/\/www.24gliwice.pl\/wiadomosci\/wp-content\/uploads\/2018\/06\/nowe-o\u015bwietlenie-4.jpg\" \/>\n\t<meta property=\"og:image:width\" content=\"1918\" \/>\n\t<meta property=\"og:image:height\" content=\"1080\" \/>\n\t<meta property=\"og:image:type\" content=\"image\/jpeg\" \/>\n<meta name=\"author\" content=\"\u017baneta Mrozek-Siewierska\" \/>\n<meta name=\"twitter:card\" content=\"summary_large_image\" \/>\n<meta name=\"twitter:creator\" content=\"@24gliwice\" \/>\n<meta name=\"twitter:site\" content=\"@24gliwice\" \/>\n<meta name=\"twitter:label1\" content=\"Napisane przez\" \/>\n\t<meta name=\"twitter:data1\" content=\"\u017baneta Mrozek-Siewierska\" \/>\n\t<meta name=\"twitter:label2\" content=\"Szacowany czas czytania\" \/>\n\t<meta name=\"twitter:data2\" content=\"2 minuty\" \/>\n<script type=\"application\/ld+json\" class=\"yoast-schema-graph\">{\"@context\":\"https:\\\/\\\/schema.org\",\"@graph\":[{\"@type\":\"Article\",\"@id\":\"https:\\\/\\\/www.24gliwice.pl\\\/wiadomosci\\\/nowe-oswietlenie-na-kolejnych-ulicach-led-y-wypieraja-przestarzale-oprawy-sodowe\\\/#article\",\"isPartOf\":{\"@id\":\"https:\\\/\\\/www.24gliwice.pl\\\/wiadomosci\\\/nowe-oswietlenie-na-kolejnych-ulicach-led-y-wypieraja-przestarzale-oprawy-sodowe\\\/\"},\"author\":{\"name\":\"\u017baneta Mrozek-Siewierska\",\"@id\":\"https:\\\/\\\/www.24gliwice.pl\\\/wiadomosci\\\/#\\\/schema\\\/person\\\/e42c650edd7f2fa332be3811fb166b6e\"},\"headline\":\"Nowe o\u015bwietlenie na kolejnych ulicach. LED-y wypieraj\u0105 przestarza\u0142e oprawy sodowe\",\"datePublished\":\"2018-06-21T11:58:14+00:00\",\"mainEntityOfPage\":{\"@id\":\"https:\\\/\\\/www.24gliwice.pl\\\/wiadomosci\\\/nowe-oswietlenie-na-kolejnych-ulicach-led-y-wypieraja-przestarzale-oprawy-sodowe\\\/\"},\"wordCount\":316,\"commentCount\":0,\"publisher\":{\"@id\":\"https:\\\/\\\/www.24gliwice.pl\\\/wiadomosci\\\/#organization\"},\"image\":{\"@id\":\"https:\\\/\\\/www.24gliwice.pl\\\/wiadomosci\\\/nowe-oswietlenie-na-kolejnych-ulicach-led-y-wypieraja-przestarzale-oprawy-sodowe\\\/#primaryimage\"},\"thumbnailUrl\":\"https:\\\/\\\/www.24gliwice.pl\\\/wiadomosci\\\/wp-content\\\/uploads\\\/2018\\\/06\\\/nowe-o\u015bwietlenie-4.jpg\",\"keywords\":[\"AKADEMICKA\",\"latarnia\",\"latarnie\",\"masterplan\",\"modernizacja o\u015bwietlenia\",\"oprawy o\u015bwietleniowe\",\"O\u015aWIETLENIE\",\"PLAC PI\u0141SUDSKIEGO\",\"wymiana o\u015bwietlenia\",\"wyszy\u0144skiego\"],\"articleSection\":[\"Gliwice\",\"Najnowsze wiadomo\u015bci\",\"Portal Gliwice - Wiadomo\u015bci lokalne\"],\"inLanguage\":\"pl-PL\",\"potentialAction\":[{\"@type\":\"CommentAction\",\"name\":\"Comment\",\"target\":[\"https:\\\/\\\/www.24gliwice.pl\\\/wiadomosci\\\/nowe-oswietlenie-na-kolejnych-ulicach-led-y-wypieraja-przestarzale-oprawy-sodowe\\\/#respond\"]}]},{\"@type\":\"WebPage\",\"@id\":\"https:\\\/\\\/www.24gliwice.pl\\\/wiadomosci\\\/nowe-oswietlenie-na-kolejnych-ulicach-led-y-wypieraja-przestarzale-oprawy-sodowe\\\/\",\"url\":\"https:\\\/\\\/www.24gliwice.pl\\\/wiadomosci\\\/nowe-oswietlenie-na-kolejnych-ulicach-led-y-wypieraja-przestarzale-oprawy-sodowe\\\/\",\"name\":\"Nowe o\u015bwietlenie na kolejnych ulicach. LED-y wypieraj\u0105 przestarza\u0142e oprawy sodowe - 24GLIWICE - Portal Gliwice | codziennie nowe informacje\",\"isPartOf\":{\"@id\":\"https:\\\/\\\/www.24gliwice.pl\\\/wiadomosci\\\/#website\"},\"primaryImageOfPage\":{\"@id\":\"https:\\\/\\\/www.24gliwice.pl\\\/wiadomosci\\\/nowe-oswietlenie-na-kolejnych-ulicach-led-y-wypieraja-przestarzale-oprawy-sodowe\\\/#primaryimage\"},\"image\":{\"@id\":\"https:\\\/\\\/www.24gliwice.pl\\\/wiadomosci\\\/nowe-oswietlenie-na-kolejnych-ulicach-led-y-wypieraja-przestarzale-oprawy-sodowe\\\/#primaryimage\"},\"thumbnailUrl\":\"https:\\\/\\\/www.24gliwice.pl\\\/wiadomosci\\\/wp-content\\\/uploads\\\/2018\\\/06\\\/nowe-o\u015bwietlenie-4.jpg\",\"datePublished\":\"2018-06-21T11:58:14+00:00\",\"breadcrumb\":{\"@id\":\"https:\\\/\\\/www.24gliwice.pl\\\/wiadomosci\\\/nowe-oswietlenie-na-kolejnych-ulicach-led-y-wypieraja-przestarzale-oprawy-sodowe\\\/#breadcrumb\"},\"inLanguage\":\"pl-PL\",\"potentialAction\":[{\"@type\":\"ReadAction\",\"target\":[\"https:\\\/\\\/www.24gliwice.pl\\\/wiadomosci\\\/nowe-oswietlenie-na-kolejnych-ulicach-led-y-wypieraja-przestarzale-oprawy-sodowe\\\/\"]}]},{\"@type\":\"ImageObject\",\"inLanguage\":\"pl-PL\",\"@id\":\"https:\\\/\\\/www.24gliwice.pl\\\/wiadomosci\\\/nowe-oswietlenie-na-kolejnych-ulicach-led-y-wypieraja-przestarzale-oprawy-sodowe\\\/#primaryimage\",\"url\":\"https:\\\/\\\/www.24gliwice.pl\\\/wiadomosci\\\/wp-content\\\/uploads\\\/2018\\\/06\\\/nowe-o\u015bwietlenie-4.jpg\",\"contentUrl\":\"https:\\\/\\\/www.24gliwice.pl\\\/wiadomosci\\\/wp-content\\\/uploads\\\/2018\\\/06\\\/nowe-o\u015bwietlenie-4.jpg\",\"width\":1918,\"height\":1080},{\"@type\":\"BreadcrumbList\",\"@id\":\"https:\\\/\\\/www.24gliwice.pl\\\/wiadomosci\\\/nowe-oswietlenie-na-kolejnych-ulicach-led-y-wypieraja-przestarzale-oprawy-sodowe\\\/#breadcrumb\",\"itemListElement\":[{\"@type\":\"ListItem\",\"position\":1,\"name\":\"Strona g\u0142\u00f3wna\",\"item\":\"https:\\\/\\\/www.24gliwice.pl\\\/wiadomosci\\\/\"},{\"@type\":\"ListItem\",\"position\":2,\"name\":\"Nowe o\u015bwietlenie na kolejnych ulicach. LED-y wypieraj\u0105 przestarza\u0142e oprawy sodowe\"}]},{\"@type\":\"WebSite\",\"@id\":\"https:\\\/\\\/www.24gliwice.pl\\\/wiadomosci\\\/#website\",\"url\":\"https:\\\/\\\/www.24gliwice.pl\\\/wiadomosci\\\/\",\"name\":\"24GLIWICE - Portal Gliwice | codziennie nowe wiadomo\u015bci\",\"description\":\"Portal Miejski Gliwice\",\"publisher\":{\"@id\":\"https:\\\/\\\/www.24gliwice.pl\\\/wiadomosci\\\/#organization\"},\"potentialAction\":[{\"@type\":\"SearchAction\",\"target\":{\"@type\":\"EntryPoint\",\"urlTemplate\":\"https:\\\/\\\/www.24gliwice.pl\\\/wiadomosci\\\/?s={search_term_string}\"},\"query-input\":{\"@type\":\"PropertyValueSpecification\",\"valueRequired\":true,\"valueName\":\"search_term_string\"}}],\"inLanguage\":\"pl-PL\"},{\"@type\":\"Organization\",\"@id\":\"https:\\\/\\\/www.24gliwice.pl\\\/wiadomosci\\\/#organization\",\"name\":\"24gliwice\",\"url\":\"https:\\\/\\\/www.24gliwice.pl\\\/wiadomosci\\\/\",\"logo\":{\"@type\":\"ImageObject\",\"inLanguage\":\"pl-PL\",\"@id\":\"https:\\\/\\\/www.24gliwice.pl\\\/wiadomosci\\\/#\\\/schema\\\/logo\\\/image\\\/\",\"url\":\"https:\\\/\\\/www.24gliwice.pl\\\/wiadomosci\\\/wp-content\\\/uploads\\\/2024\\\/10\\\/24gliwice-logo-696.jpg\",\"contentUrl\":\"https:\\\/\\\/www.24gliwice.pl\\\/wiadomosci\\\/wp-content\\\/uploads\\\/2024\\\/10\\\/24gliwice-logo-696.jpg\",\"width\":696,\"height\":696,\"caption\":\"24gliwice\"},\"image\":{\"@id\":\"https:\\\/\\\/www.24gliwice.pl\\\/wiadomosci\\\/#\\\/schema\\\/logo\\\/image\\\/\"},\"sameAs\":[\"https:\\\/\\\/www.facebook.com\\\/24gliwice\",\"https:\\\/\\\/x.com\\\/24gliwice\",\"https:\\\/\\\/www.youtube.com\\\/@24gliwice\"]},{\"@type\":\"Person\",\"@id\":\"https:\\\/\\\/www.24gliwice.pl\\\/wiadomosci\\\/#\\\/schema\\\/person\\\/e42c650edd7f2fa332be3811fb166b6e\",\"name\":\"\u017baneta Mrozek-Siewierska\",\"image\":{\"@type\":\"ImageObject\",\"inLanguage\":\"pl-PL\",\"@id\":\"https:\\\/\\\/secure.gravatar.com\\\/avatar\\\/1881429e9c64597c77ad7aef2d0a19be69a3253e57534d16aa15bf3a4d34a0a3?s=96&d=mm&r=g\",\"url\":\"https:\\\/\\\/secure.gravatar.com\\\/avatar\\\/1881429e9c64597c77ad7aef2d0a19be69a3253e57534d16aa15bf3a4d34a0a3?s=96&d=mm&r=g\",\"contentUrl\":\"https:\\\/\\\/secure.gravatar.com\\\/avatar\\\/1881429e9c64597c77ad7aef2d0a19be69a3253e57534d16aa15bf3a4d34a0a3?s=96&d=mm&r=g\",\"caption\":\"\u017baneta Mrozek-Siewierska\"},\"url\":\"https:\\\/\\\/www.24gliwice.pl\\\/wiadomosci\\\/author\\\/zms\\\/\"}]}<\/script>\n<!-- \/ Yoast SEO plugin. -->","yoast_head_json":{"title":"Nowe o\u015bwietlenie na kolejnych ulicach. LED-y wypieraj\u0105 przestarza\u0142e oprawy sodowe - 24GLIWICE - Portal Gliwice | codziennie nowe informacje","robots":{"index":"index","follow":"follow","max-snippet":"max-snippet:-1","max-image-preview":"max-image-preview:large","max-video-preview":"max-video-preview:-1"},"canonical":"https:\/\/www.24gliwice.pl\/wiadomosci\/nowe-oswietlenie-na-kolejnych-ulicach-led-y-wypieraja-przestarzale-oprawy-sodowe\/","og_locale":"pl_PL","og_type":"article","og_title":"Nowe o\u015bwietlenie na kolejnych ulicach. LED-y wypieraj\u0105 przestarza\u0142e oprawy sodowe - 24GLIWICE - Portal Gliwice | codziennie nowe informacje","og_description":"W\u0142a\u015bnie zako\u0144czy\u0142a si\u0119 wymiana o\u015bwietlenia w tzw. Osi Politechniki, na ulicach ks. Marcina Strzody i Prymasa Stefana Wyszy\u0144skiego oraz na placu Marsza\u0142ka Pi\u0142sudskiego. Do ko\u0144ca tego roku kolejne gliwickie ulice zostan\u0105 o\u015bwietlone zgodnie z za\u0142o\u017ceniami projektu porz\u0105dkuj\u0105cego o\u015bwietlenie w Gliwicach. Tak zwany masterplan wdra\u017cany jest w naszym mie\u015bcie ju\u017c od sze\u015bciu lat. Do ko\u0144ca tego [&hellip;]","og_url":"https:\/\/www.24gliwice.pl\/wiadomosci\/nowe-oswietlenie-na-kolejnych-ulicach-led-y-wypieraja-przestarzale-oprawy-sodowe\/","og_site_name":"24GLIWICE - Portal Gliwice | codziennie nowe informacje","article_publisher":"https:\/\/www.facebook.com\/24gliwice","article_published_time":"2018-06-21T11:58:14+00:00","og_image":[{"width":1918,"height":1080,"url":"https:\/\/www.24gliwice.pl\/wiadomosci\/wp-content\/uploads\/2018\/06\/nowe-o\u015bwietlenie-4.jpg","type":"image\/jpeg"}],"author":"\u017baneta Mrozek-Siewierska","twitter_card":"summary_large_image","twitter_creator":"@24gliwice","twitter_site":"@24gliwice","twitter_misc":{"Napisane przez":"\u017baneta Mrozek-Siewierska","Szacowany czas czytania":"2 minuty"},"schema":{"@context":"https:\/\/schema.org","@graph":[{"@type":"Article","@id":"https:\/\/www.24gliwice.pl\/wiadomosci\/nowe-oswietlenie-na-kolejnych-ulicach-led-y-wypieraja-przestarzale-oprawy-sodowe\/#article","isPartOf":{"@id":"https:\/\/www.24gliwice.pl\/wiadomosci\/nowe-oswietlenie-na-kolejnych-ulicach-led-y-wypieraja-przestarzale-oprawy-sodowe\/"},"author":{"name":"\u017baneta Mrozek-Siewierska","@id":"https:\/\/www.24gliwice.pl\/wiadomosci\/#\/schema\/person\/e42c650edd7f2fa332be3811fb166b6e"},"headline":"Nowe o\u015bwietlenie na kolejnych ulicach. LED-y wypieraj\u0105 przestarza\u0142e oprawy sodowe","datePublished":"2018-06-21T11:58:14+00:00","mainEntityOfPage":{"@id":"https:\/\/www.24gliwice.pl\/wiadomosci\/nowe-oswietlenie-na-kolejnych-ulicach-led-y-wypieraja-przestarzale-oprawy-sodowe\/"},"wordCount":316,"commentCount":0,"publisher":{"@id":"https:\/\/www.24gliwice.pl\/wiadomosci\/#organization"},"image":{"@id":"https:\/\/www.24gliwice.pl\/wiadomosci\/nowe-oswietlenie-na-kolejnych-ulicach-led-y-wypieraja-przestarzale-oprawy-sodowe\/#primaryimage"},"thumbnailUrl":"https:\/\/www.24gliwice.pl\/wiadomosci\/wp-content\/uploads\/2018\/06\/nowe-o\u015bwietlenie-4.jpg","keywords":["AKADEMICKA","latarnia","latarnie","masterplan","modernizacja o\u015bwietlenia","oprawy o\u015bwietleniowe","O\u015aWIETLENIE","PLAC PI\u0141SUDSKIEGO","wymiana o\u015bwietlenia","wyszy\u0144skiego"],"articleSection":["Gliwice","Najnowsze wiadomo\u015bci","Portal Gliwice - Wiadomo\u015bci lokalne"],"inLanguage":"pl-PL","potentialAction":[{"@type":"CommentAction","name":"Comment","target":["https:\/\/www.24gliwice.pl\/wiadomosci\/nowe-oswietlenie-na-kolejnych-ulicach-led-y-wypieraja-przestarzale-oprawy-sodowe\/#respond"]}]},{"@type":"WebPage","@id":"https:\/\/www.24gliwice.pl\/wiadomosci\/nowe-oswietlenie-na-kolejnych-ulicach-led-y-wypieraja-przestarzale-oprawy-sodowe\/","url":"https:\/\/www.24gliwice.pl\/wiadomosci\/nowe-oswietlenie-na-kolejnych-ulicach-led-y-wypieraja-przestarzale-oprawy-sodowe\/","name":"Nowe o\u015bwietlenie na kolejnych ulicach. LED-y wypieraj\u0105 przestarza\u0142e oprawy sodowe - 24GLIWICE - Portal Gliwice | codziennie nowe informacje","isPartOf":{"@id":"https:\/\/www.24gliwice.pl\/wiadomosci\/#website"},"primaryImageOfPage":{"@id":"https:\/\/www.24gliwice.pl\/wiadomosci\/nowe-oswietlenie-na-kolejnych-ulicach-led-y-wypieraja-przestarzale-oprawy-sodowe\/#primaryimage"},"image":{"@id":"https:\/\/www.24gliwice.pl\/wiadomosci\/nowe-oswietlenie-na-kolejnych-ulicach-led-y-wypieraja-przestarzale-oprawy-sodowe\/#primaryimage"},"thumbnailUrl":"https:\/\/www.24gliwice.pl\/wiadomosci\/wp-content\/uploads\/2018\/06\/nowe-o\u015bwietlenie-4.jpg","datePublished":"2018-06-21T11:58:14+00:00","breadcrumb":{"@id":"https:\/\/www.24gliwice.pl\/wiadomosci\/nowe-oswietlenie-na-kolejnych-ulicach-led-y-wypieraja-przestarzale-oprawy-sodowe\/#breadcrumb"},"inLanguage":"pl-PL","potentialAction":[{"@type":"ReadAction","target":["https:\/\/www.24gliwice.pl\/wiadomosci\/nowe-oswietlenie-na-kolejnych-ulicach-led-y-wypieraja-przestarzale-oprawy-sodowe\/"]}]},{"@type":"ImageObject","inLanguage":"pl-PL","@id":"https:\/\/www.24gliwice.pl\/wiadomosci\/nowe-oswietlenie-na-kolejnych-ulicach-led-y-wypieraja-przestarzale-oprawy-sodowe\/#primaryimage","url":"https:\/\/www.24gliwice.pl\/wiadomosci\/wp-content\/uploads\/2018\/06\/nowe-o\u015bwietlenie-4.jpg","contentUrl":"https:\/\/www.24gliwice.pl\/wiadomosci\/wp-content\/uploads\/2018\/06\/nowe-o\u015bwietlenie-4.jpg","width":1918,"height":1080},{"@type":"BreadcrumbList","@id":"https:\/\/www.24gliwice.pl\/wiadomosci\/nowe-oswietlenie-na-kolejnych-ulicach-led-y-wypieraja-przestarzale-oprawy-sodowe\/#breadcrumb","itemListElement":[{"@type":"ListItem","position":1,"name":"Strona g\u0142\u00f3wna","item":"https:\/\/www.24gliwice.pl\/wiadomosci\/"},{"@type":"ListItem","position":2,"name":"Nowe o\u015bwietlenie na kolejnych ulicach. LED-y wypieraj\u0105 przestarza\u0142e oprawy sodowe"}]},{"@type":"WebSite","@id":"https:\/\/www.24gliwice.pl\/wiadomosci\/#website","url":"https:\/\/www.24gliwice.pl\/wiadomosci\/","name":"24GLIWICE - Portal Gliwice | codziennie nowe wiadomo\u015bci","description":"Portal Miejski Gliwice","publisher":{"@id":"https:\/\/www.24gliwice.pl\/wiadomosci\/#organization"},"potentialAction":[{"@type":"SearchAction","target":{"@type":"EntryPoint","urlTemplate":"https:\/\/www.24gliwice.pl\/wiadomosci\/?s={search_term_string}"},"query-input":{"@type":"PropertyValueSpecification","valueRequired":true,"valueName":"search_term_string"}}],"inLanguage":"pl-PL"},{"@type":"Organization","@id":"https:\/\/www.24gliwice.pl\/wiadomosci\/#organization","name":"24gliwice","url":"https:\/\/www.24gliwice.pl\/wiadomosci\/","logo":{"@type":"ImageObject","inLanguage":"pl-PL","@id":"https:\/\/www.24gliwice.pl\/wiadomosci\/#\/schema\/logo\/image\/","url":"https:\/\/www.24gliwice.pl\/wiadomosci\/wp-content\/uploads\/2024\/10\/24gliwice-logo-696.jpg","contentUrl":"https:\/\/www.24gliwice.pl\/wiadomosci\/wp-content\/uploads\/2024\/10\/24gliwice-logo-696.jpg","width":696,"height":696,"caption":"24gliwice"},"image":{"@id":"https:\/\/www.24gliwice.pl\/wiadomosci\/#\/schema\/logo\/image\/"},"sameAs":["https:\/\/www.facebook.com\/24gliwice","https:\/\/x.com\/24gliwice","https:\/\/www.youtube.com\/@24gliwice"]},{"@type":"Person","@id":"https:\/\/www.24gliwice.pl\/wiadomosci\/#\/schema\/person\/e42c650edd7f2fa332be3811fb166b6e","name":"\u017baneta Mrozek-Siewierska","image":{"@type":"ImageObject","inLanguage":"pl-PL","@id":"https:\/\/secure.gravatar.com\/avatar\/1881429e9c64597c77ad7aef2d0a19be69a3253e57534d16aa15bf3a4d34a0a3?s=96&d=mm&r=g","url":"https:\/\/secure.gravatar.com\/avatar\/1881429e9c64597c77ad7aef2d0a19be69a3253e57534d16aa15bf3a4d34a0a3?s=96&d=mm&r=g","contentUrl":"https:\/\/secure.gravatar.com\/avatar\/1881429e9c64597c77ad7aef2d0a19be69a3253e57534d16aa15bf3a4d34a0a3?s=96&d=mm&r=g","caption":"\u017baneta Mrozek-Siewierska"},"url":"https:\/\/www.24gliwice.pl\/wiadomosci\/author\/zms\/"}]}},"_links":{"self":[{"href":"https:\/\/www.24gliwice.pl\/wiadomosci\/wp-json\/wp\/v2\/posts\/119047","targetHints":{"allow":["GET"]}}],"collection":[{"href":"https:\/\/www.24gliwice.pl\/wiadomosci\/wp-json\/wp\/v2\/posts"}],"about":[{"href":"https:\/\/www.24gliwice.pl\/wiadomosci\/wp-json\/wp\/v2\/types\/post"}],"author":[{"embeddable":true,"href":"https:\/\/www.24gliwice.pl\/wiadomosci\/wp-json\/wp\/v2\/users\/15"}],"replies":[{"embeddable":true,"href":"https:\/\/www.24gliwice.pl\/wiadomosci\/wp-json\/wp\/v2\/comments?post=119047"}],"version-history":[{"count":0,"href":"https:\/\/www.24gliwice.pl\/wiadomosci\/wp-json\/wp\/v2\/posts\/119047\/revisions"}],"wp:featuredmedia":[{"embeddable":true,"href":"https:\/\/www.24gliwice.pl\/wiadomosci\/wp-json\/wp\/v2\/media\/119063"}],"wp:attachment":[{"href":"https:\/\/www.24gliwice.pl\/wiadomosci\/wp-json\/wp\/v2\/media?parent=119047"}],"wp:term":[{"taxonomy":"category","embeddable":true,"href":"https:\/\/www.24gliwice.pl\/wiadomosci\/wp-json\/wp\/v2\/categories?post=119047"},{"taxonomy":"post_tag","embeddable":true,"href":"https:\/\/www.24gliwice.pl\/wiadomosci\/wp-json\/wp\/v2\/tags?post=119047"}],"curies":[{"name":"wp","href":"https:\/\/api.w.org\/{rel}","templated":true}]}}