{"id":119192,"date":"2018-06-22T16:23:06","date_gmt":"2018-06-22T14:23:06","guid":{"rendered":"https:\/\/www.24gliwice.pl\/wiadomosci\/?p=119192"},"modified":"2018-06-22T16:23:06","modified_gmt":"2018-06-22T14:23:06","slug":"oddzial-chirurgii-dzieciecej-w-gliwickim-szpitalu-wznowil-dzialanie-po-ponad-rocznej-przerwie","status":"publish","type":"post","link":"https:\/\/www.24gliwice.pl\/wiadomosci\/oddzial-chirurgii-dzieciecej-w-gliwickim-szpitalu-wznowil-dzialanie-po-ponad-rocznej-przerwie\/","title":{"rendered":"Oddzia\u0142 chirurgii dzieci\u0119cej w gliwickim szpitalu wznowi\u0142 dzia\u0142anie po ponad rocznej przerwie"},"content":{"rendered":"<div class=\"gliwi-a6-nad-leadem-artykulow gliwi-entity-placement\" id=\"gliwi-648892865\"><div class=\"gliwi-adlabel\"><span style=\"font-size: 9px\">REKLAMA<\/span><\/div><div id=\"gliwi-3753609213\" style=\"margin-bottom: 25px;margin-left: auto;margin-right: auto;text-align: center;\"><a data-no-instant=\"1\" href=\"https:\/\/dom100.eu\/\" rel=\"noopener\" class=\"a2t-link\" target=\"_blank\" aria-label=\"20260415 DOM100 D\"><img loading=\"lazy\" decoding=\"async\" src=\"https:\/\/www.24gliwice.pl\/wiadomosci\/wp-content\/uploads\/2026\/04\/20260415-DOM100-D.jpg\" alt=\"\"  srcset=\"https:\/\/www.24gliwice.pl\/wiadomosci\/wp-content\/uploads\/2026\/04\/20260415-DOM100-D.jpg 750w, https:\/\/www.24gliwice.pl\/wiadomosci\/wp-content\/uploads\/2026\/04\/20260415-DOM100-D-410x109.jpg 410w\" sizes=\"(max-width: 750px) 100vw, 750px\" class=\"no-lazyload\" width=\"750\" height=\"200\"  style=\"display: inline-block; max-width: 100%; height: auto;\" \/><\/a><\/div><\/div><h3>To bardzo dobra informacja dla wszystkich gliwiczan, szczeg\u00f3lnie rodzic\u00f3w ma\u0142ych dzieci i nastolatk\u00f3w. W Szpitalu Miejskim nr 4 przy ul. Ko\u015bciuszki 29 wznawia dzia\u0142alno\u015b\u0107 chirurgia dzieci\u0119ca.<\/h3>\n<p>30-\u0142\u00f3\u017ckowy oddzia\u0142 kierowany przez dr <strong>Alicj\u0119 Sinic\u0119-Ciencia\u0142\u0119<\/strong> ju\u017c funkcjonuje, a zesp\u00f3\u0142 pracuj\u0105cych w nim specjalist\u00f3w stale si\u0119 powi\u0119ksza.<\/p>\n<p>Na oddziale chirurgii dzieci\u0119cej mog\u0105 by\u0107 leczone zar\u00f3wno dzieci najm\u0142odsze, jak i nastolatki do 18. roku \u017cycia. Zapewni on swoim pacjentom ca\u0142odobow\u0105 opiek\u0119 medyczn\u0105 zar\u00f3wno w trybie przyj\u0119\u0107 planowych, jak i nag\u0142ych.<\/p><div class=\"gliwi-a3-w-tresci-artykulow gliwi-entity-placement\" id=\"gliwi-3396188883\"><div class=\"gliwi-adlabel\"><span style=\"font-size: 9px\">REKLAMA<\/span><\/div><div id=\"gliwi-2224562580\" style=\"margin-bottom: 30px;margin-left: auto;margin-right: auto;text-align: center;\"><a data-no-instant=\"1\" href=\"https:\/\/ogrodyandersa.pl\/\" rel=\"noopener\" class=\"a2t-link\" target=\"_blank\" aria-label=\"20260415 Ogrody Andersa KUP TERAZ D\"><img loading=\"lazy\" decoding=\"async\" src=\"https:\/\/www.24gliwice.pl\/wiadomosci\/wp-content\/uploads\/2026\/04\/20260415-Ogrody-Andersa-KUP-TERAZ-D.jpg\" alt=\"\"  srcset=\"https:\/\/www.24gliwice.pl\/wiadomosci\/wp-content\/uploads\/2026\/04\/20260415-Ogrody-Andersa-KUP-TERAZ-D.jpg 750w, https:\/\/www.24gliwice.pl\/wiadomosci\/wp-content\/uploads\/2026\/04\/20260415-Ogrody-Andersa-KUP-TERAZ-D-410x109.jpg 410w\" sizes=\"(max-width: 750px) 100vw, 750px\" class=\"no-lazyload\" width=\"750\" height=\"200\"  style=\"display: inline-block; max-width: 100%; height: auto;\" \/><\/a><\/div><\/div>\n[perfectpullquote align=&#8221;full&#8221; bordertop=&#8221;false&#8221; cite=&#8221;&#8221; link=&#8221;&#8221; color=&#8221;&#8221; class=&#8221;&#8221; size=&#8221;&#8221;]Przypomnijmy &#8211; problemy kadrowe spowodowa\u0142y, \u017ce w ubieg\u0142ym roku tymczasowo zawieszono dzia\u0142anie oddzia\u0142u.[\/perfectpullquote]\n<p>Pacjenci chirurgii dzieci\u0119cej i ortopedii byli odwo\u017ceni do plac\u00f3wek leczniczych w Zabrzu oraz Rybniku, gdzie jednak brakowa\u0142o miejsc.<\/p>\n<p><img loading=\"lazy\" decoding=\"async\" src=\"https:\/\/www.24gliwice.pl\/wiadomosci\/wp-content\/uploads\/2018\/06\/szpital-sala-zabiegowa.jpg\" alt=\"\" width=\"880\" height=\"495\" class=\"alignnone size-full wp-image-119201\" srcset=\"https:\/\/www.24gliwice.pl\/wiadomosci\/wp-content\/uploads\/2018\/06\/szpital-sala-zabiegowa.jpg 880w, https:\/\/www.24gliwice.pl\/wiadomosci\/wp-content\/uploads\/2018\/06\/szpital-sala-zabiegowa-410x232.jpg 410w, https:\/\/www.24gliwice.pl\/wiadomosci\/wp-content\/uploads\/2018\/06\/szpital-sala-zabiegowa-768x432.jpg 768w, https:\/\/www.24gliwice.pl\/wiadomosci\/wp-content\/uploads\/2018\/06\/szpital-sala-zabiegowa-810x456.jpg 810w\" sizes=\"auto, (max-width: 880px) 100vw, 880px\" \/><\/p>\n<p>Uzasadniaj\u0105c z\u0142\u0105 sytuacj\u0119 w gliwickiej s\u0142u\u017cbie zdrowia miasto powo\u0142ywa\u0142o si\u0119 na wyg\u00f3rowane oczekiwania finansowe lekarzy. Takiemu t\u0142umaczeniu zaprzeczali sami lekarze, kt\u00f3rzy wskazywali przede wszystkim na fatalne warunki pracy i zbyt ma\u0142\u0105 obsad\u0119 podczas dy\u017cur\u00f3w.<\/p>\n<p>Sytuacja spotka\u0142a si\u0119 z protestami mieszka\u0144c\u00f3w, czemu dali wyraz organizuj\u0105c rok temu <a href=\"https:\/\/www.24gliwice.pl\/wiadomosci\/marsz-dla-chirurgii-dzieciecej-przeszedl-ulicami-gliwic-nikt-z-wladz-miasta-nie-wyszedl-do-uczestnikow\/\" rel=\"noopener\" target=\"_blank\">przemarsz<\/a> spod budynku szpitala pod Urz\u0105d Miejski. <\/p>\n<p>(\u017cms)\/MSI<br \/>\nfot. Szpital Miejski nr 4<\/p>\n<div class=\"gliwi-a5-na-koncu-artykulow gliwi-entity-placement\" id=\"gliwi-3758693066\"><div class=\"gliwi-adlabel\"><span style=\"font-size: 9px\">REKLAMA<\/span><\/div><div id=\"gliwi-933659416\" style=\"margin-left: auto;margin-right: auto;text-align: center;\"><a data-no-instant=\"1\" href=\"https:\/\/www.jasek.pl\/\" rel=\"noopener\" class=\"a2t-link\" target=\"_blank\" aria-label=\"20200401-jasek 600\"><img loading=\"lazy\" decoding=\"async\" src=\"https:\/\/www.24gliwice.pl\/wiadomosci\/wp-content\/uploads\/2020\/04\/20200401-jasek-600.jpg\" alt=\"\"  srcset=\"https:\/\/www.24gliwice.pl\/wiadomosci\/wp-content\/uploads\/2020\/04\/20200401-jasek-600.jpg 600w, https:\/\/www.24gliwice.pl\/wiadomosci\/wp-content\/uploads\/2020\/04\/20200401-jasek-600-410x109.jpg 410w\" sizes=\"(max-width: 600px) 100vw, 600px\" class=\"no-lazyload\" width=\"600\" height=\"160\"  style=\"display: inline-block; max-width: 100%; height: auto;\" \/><\/a><\/div><\/div>","protected":false},"excerpt":{"rendered":"<p>To bardzo dobra informacja dla wszystkich gliwiczan, szczeg\u00f3lnie rodzic\u00f3w ma\u0142ych dzieci i nastolatk\u00f3w. W Szpitalu Miejskim nr 4 przy ul. Ko\u015bciuszki 29 wznawia dzia\u0142alno\u015b\u0107 chirurgia dzieci\u0119ca. 30-\u0142\u00f3\u017ckowy oddzia\u0142 kierowany przez dr Alicj\u0119 Sinic\u0119-Ciencia\u0142\u0119 ju\u017c funkcjonuje, a zesp\u00f3\u0142 pracuj\u0105cych w nim specjalist\u00f3w stale si\u0119 powi\u0119ksza. Na oddziale chirurgii dzieci\u0119cej mog\u0105 by\u0107 leczone zar\u00f3wno dzieci najm\u0142odsze, jak [&hellip;]<\/p>\n","protected":false},"author":15,"featured_media":119198,"comment_status":"open","ping_status":"closed","sticky":false,"template":"","format":"standard","meta":{"_monsterinsights_skip_tracking":false,"_monsterinsights_sitenote_active":false,"_monsterinsights_sitenote_note":"","_monsterinsights_sitenote_category":0,"footnotes":"","_links_to":"","_links_to_target":""},"categories":[3,1],"tags":[8174,7501,9592,5000,9335],"class_list":["post-119192","post","type-post","status-publish","format-standard","has-post-thumbnail","hentry","category-gliwice","category-wszystko","tag-chirurgia-dziecieca","tag-gcm","tag-oddzial-chirurgii-dzieciecej","tag-szpital","tag-szpital-miejski"],"yoast_head":"<!-- This site is optimized with the Yoast SEO plugin v27.5 - https:\/\/yoast.com\/product\/yoast-seo-wordpress\/ -->\n<title>Oddzia\u0142 chirurgii dzieci\u0119cej w gliwickim szpitalu wznowi\u0142 dzia\u0142anie po ponad rocznej przerwie - 24GLIWICE - Portal Gliwice | codziennie nowe informacje<\/title>\n<meta name=\"robots\" content=\"index, follow, max-snippet:-1, max-image-preview:large, max-video-preview:-1\" \/>\n<link rel=\"canonical\" href=\"https:\/\/www.24gliwice.pl\/wiadomosci\/oddzial-chirurgii-dzieciecej-w-gliwickim-szpitalu-wznowil-dzialanie-po-ponad-rocznej-przerwie\/\" \/>\n<meta property=\"og:locale\" content=\"pl_PL\" \/>\n<meta property=\"og:type\" content=\"article\" \/>\n<meta property=\"og:title\" content=\"Oddzia\u0142 chirurgii dzieci\u0119cej w gliwickim szpitalu wznowi\u0142 dzia\u0142anie po ponad rocznej przerwie - 24GLIWICE - Portal Gliwice | codziennie nowe informacje\" \/>\n<meta property=\"og:description\" content=\"To bardzo dobra informacja dla wszystkich gliwiczan, szczeg\u00f3lnie rodzic\u00f3w ma\u0142ych dzieci i nastolatk\u00f3w. W Szpitalu Miejskim nr 4 przy ul. Ko\u015bciuszki 29 wznawia dzia\u0142alno\u015b\u0107 chirurgia dzieci\u0119ca. 30-\u0142\u00f3\u017ckowy oddzia\u0142 kierowany przez dr Alicj\u0119 Sinic\u0119-Ciencia\u0142\u0119 ju\u017c funkcjonuje, a zesp\u00f3\u0142 pracuj\u0105cych w nim specjalist\u00f3w stale si\u0119 powi\u0119ksza. Na oddziale chirurgii dzieci\u0119cej mog\u0105 by\u0107 leczone zar\u00f3wno dzieci najm\u0142odsze, jak [&hellip;]\" \/>\n<meta property=\"og:url\" content=\"https:\/\/www.24gliwice.pl\/wiadomosci\/oddzial-chirurgii-dzieciecej-w-gliwickim-szpitalu-wznowil-dzialanie-po-ponad-rocznej-przerwie\/\" \/>\n<meta property=\"og:site_name\" content=\"24GLIWICE - Portal Gliwice | codziennie nowe informacje\" \/>\n<meta property=\"article:publisher\" content=\"https:\/\/www.facebook.com\/24gliwice\" \/>\n<meta property=\"article:published_time\" content=\"2018-06-22T14:23:06+00:00\" \/>\n<meta property=\"og:image\" content=\"https:\/\/www.24gliwice.pl\/wiadomosci\/wp-content\/uploads\/2018\/06\/szpital-oddzia\u0142-chirurgii.jpg\" \/>\n\t<meta property=\"og:image:width\" content=\"880\" \/>\n\t<meta property=\"og:image:height\" content=\"495\" \/>\n\t<meta property=\"og:image:type\" content=\"image\/jpeg\" \/>\n<meta name=\"author\" content=\"\u017baneta Mrozek-Siewierska\" \/>\n<meta name=\"twitter:card\" content=\"summary_large_image\" \/>\n<meta name=\"twitter:creator\" content=\"@24gliwice\" \/>\n<meta name=\"twitter:site\" content=\"@24gliwice\" \/>\n<meta name=\"twitter:label1\" content=\"Napisane przez\" \/>\n\t<meta name=\"twitter:data1\" content=\"\u017baneta Mrozek-Siewierska\" \/>\n\t<meta name=\"twitter:label2\" content=\"Szacowany czas czytania\" \/>\n\t<meta name=\"twitter:data2\" content=\"1 minuta\" \/>\n<script type=\"application\/ld+json\" class=\"yoast-schema-graph\">{\"@context\":\"https:\\\/\\\/schema.org\",\"@graph\":[{\"@type\":\"Article\",\"@id\":\"https:\\\/\\\/www.24gliwice.pl\\\/wiadomosci\\\/oddzial-chirurgii-dzieciecej-w-gliwickim-szpitalu-wznowil-dzialanie-po-ponad-rocznej-przerwie\\\/#article\",\"isPartOf\":{\"@id\":\"https:\\\/\\\/www.24gliwice.pl\\\/wiadomosci\\\/oddzial-chirurgii-dzieciecej-w-gliwickim-szpitalu-wznowil-dzialanie-po-ponad-rocznej-przerwie\\\/\"},\"author\":{\"name\":\"\u017baneta Mrozek-Siewierska\",\"@id\":\"https:\\\/\\\/www.24gliwice.pl\\\/wiadomosci\\\/#\\\/schema\\\/person\\\/e42c650edd7f2fa332be3811fb166b6e\"},\"headline\":\"Oddzia\u0142 chirurgii dzieci\u0119cej w gliwickim szpitalu wznowi\u0142 dzia\u0142anie po ponad rocznej przerwie\",\"datePublished\":\"2018-06-22T14:23:06+00:00\",\"mainEntityOfPage\":{\"@id\":\"https:\\\/\\\/www.24gliwice.pl\\\/wiadomosci\\\/oddzial-chirurgii-dzieciecej-w-gliwickim-szpitalu-wznowil-dzialanie-po-ponad-rocznej-przerwie\\\/\"},\"wordCount\":229,\"commentCount\":0,\"publisher\":{\"@id\":\"https:\\\/\\\/www.24gliwice.pl\\\/wiadomosci\\\/#organization\"},\"image\":{\"@id\":\"https:\\\/\\\/www.24gliwice.pl\\\/wiadomosci\\\/oddzial-chirurgii-dzieciecej-w-gliwickim-szpitalu-wznowil-dzialanie-po-ponad-rocznej-przerwie\\\/#primaryimage\"},\"thumbnailUrl\":\"https:\\\/\\\/www.24gliwice.pl\\\/wiadomosci\\\/wp-content\\\/uploads\\\/2018\\\/06\\\/szpital-oddzia\u0142-chirurgii.jpg\",\"keywords\":[\"chirurgia dzieci\u0119ca\",\"gcm\",\"oddzia\u0142 chirurgii dzieci\u0119cej\",\"SZPITAL\",\"SZPITAL MIEJSKI\"],\"articleSection\":[\"Gliwice\",\"Najnowsze wiadomo\u015bci\"],\"inLanguage\":\"pl-PL\",\"potentialAction\":[{\"@type\":\"CommentAction\",\"name\":\"Comment\",\"target\":[\"https:\\\/\\\/www.24gliwice.pl\\\/wiadomosci\\\/oddzial-chirurgii-dzieciecej-w-gliwickim-szpitalu-wznowil-dzialanie-po-ponad-rocznej-przerwie\\\/#respond\"]}]},{\"@type\":\"WebPage\",\"@id\":\"https:\\\/\\\/www.24gliwice.pl\\\/wiadomosci\\\/oddzial-chirurgii-dzieciecej-w-gliwickim-szpitalu-wznowil-dzialanie-po-ponad-rocznej-przerwie\\\/\",\"url\":\"https:\\\/\\\/www.24gliwice.pl\\\/wiadomosci\\\/oddzial-chirurgii-dzieciecej-w-gliwickim-szpitalu-wznowil-dzialanie-po-ponad-rocznej-przerwie\\\/\",\"name\":\"Oddzia\u0142 chirurgii dzieci\u0119cej w gliwickim szpitalu wznowi\u0142 dzia\u0142anie po ponad rocznej przerwie - 24GLIWICE - Portal Gliwice | codziennie nowe informacje\",\"isPartOf\":{\"@id\":\"https:\\\/\\\/www.24gliwice.pl\\\/wiadomosci\\\/#website\"},\"primaryImageOfPage\":{\"@id\":\"https:\\\/\\\/www.24gliwice.pl\\\/wiadomosci\\\/oddzial-chirurgii-dzieciecej-w-gliwickim-szpitalu-wznowil-dzialanie-po-ponad-rocznej-przerwie\\\/#primaryimage\"},\"image\":{\"@id\":\"https:\\\/\\\/www.24gliwice.pl\\\/wiadomosci\\\/oddzial-chirurgii-dzieciecej-w-gliwickim-szpitalu-wznowil-dzialanie-po-ponad-rocznej-przerwie\\\/#primaryimage\"},\"thumbnailUrl\":\"https:\\\/\\\/www.24gliwice.pl\\\/wiadomosci\\\/wp-content\\\/uploads\\\/2018\\\/06\\\/szpital-oddzia\u0142-chirurgii.jpg\",\"datePublished\":\"2018-06-22T14:23:06+00:00\",\"breadcrumb\":{\"@id\":\"https:\\\/\\\/www.24gliwice.pl\\\/wiadomosci\\\/oddzial-chirurgii-dzieciecej-w-gliwickim-szpitalu-wznowil-dzialanie-po-ponad-rocznej-przerwie\\\/#breadcrumb\"},\"inLanguage\":\"pl-PL\",\"potentialAction\":[{\"@type\":\"ReadAction\",\"target\":[\"https:\\\/\\\/www.24gliwice.pl\\\/wiadomosci\\\/oddzial-chirurgii-dzieciecej-w-gliwickim-szpitalu-wznowil-dzialanie-po-ponad-rocznej-przerwie\\\/\"]}]},{\"@type\":\"ImageObject\",\"inLanguage\":\"pl-PL\",\"@id\":\"https:\\\/\\\/www.24gliwice.pl\\\/wiadomosci\\\/oddzial-chirurgii-dzieciecej-w-gliwickim-szpitalu-wznowil-dzialanie-po-ponad-rocznej-przerwie\\\/#primaryimage\",\"url\":\"https:\\\/\\\/www.24gliwice.pl\\\/wiadomosci\\\/wp-content\\\/uploads\\\/2018\\\/06\\\/szpital-oddzia\u0142-chirurgii.jpg\",\"contentUrl\":\"https:\\\/\\\/www.24gliwice.pl\\\/wiadomosci\\\/wp-content\\\/uploads\\\/2018\\\/06\\\/szpital-oddzia\u0142-chirurgii.jpg\",\"width\":880,\"height\":495},{\"@type\":\"BreadcrumbList\",\"@id\":\"https:\\\/\\\/www.24gliwice.pl\\\/wiadomosci\\\/oddzial-chirurgii-dzieciecej-w-gliwickim-szpitalu-wznowil-dzialanie-po-ponad-rocznej-przerwie\\\/#breadcrumb\",\"itemListElement\":[{\"@type\":\"ListItem\",\"position\":1,\"name\":\"Strona g\u0142\u00f3wna\",\"item\":\"https:\\\/\\\/www.24gliwice.pl\\\/wiadomosci\\\/\"},{\"@type\":\"ListItem\",\"position\":2,\"name\":\"Oddzia\u0142 chirurgii dzieci\u0119cej w gliwickim szpitalu wznowi\u0142 dzia\u0142anie po ponad rocznej przerwie\"}]},{\"@type\":\"WebSite\",\"@id\":\"https:\\\/\\\/www.24gliwice.pl\\\/wiadomosci\\\/#website\",\"url\":\"https:\\\/\\\/www.24gliwice.pl\\\/wiadomosci\\\/\",\"name\":\"24GLIWICE - Portal Gliwice | codziennie nowe wiadomo\u015bci\",\"description\":\"Portal Miejski Gliwice\",\"publisher\":{\"@id\":\"https:\\\/\\\/www.24gliwice.pl\\\/wiadomosci\\\/#organization\"},\"potentialAction\":[{\"@type\":\"SearchAction\",\"target\":{\"@type\":\"EntryPoint\",\"urlTemplate\":\"https:\\\/\\\/www.24gliwice.pl\\\/wiadomosci\\\/?s={search_term_string}\"},\"query-input\":{\"@type\":\"PropertyValueSpecification\",\"valueRequired\":true,\"valueName\":\"search_term_string\"}}],\"inLanguage\":\"pl-PL\"},{\"@type\":\"Organization\",\"@id\":\"https:\\\/\\\/www.24gliwice.pl\\\/wiadomosci\\\/#organization\",\"name\":\"24gliwice\",\"url\":\"https:\\\/\\\/www.24gliwice.pl\\\/wiadomosci\\\/\",\"logo\":{\"@type\":\"ImageObject\",\"inLanguage\":\"pl-PL\",\"@id\":\"https:\\\/\\\/www.24gliwice.pl\\\/wiadomosci\\\/#\\\/schema\\\/logo\\\/image\\\/\",\"url\":\"https:\\\/\\\/www.24gliwice.pl\\\/wiadomosci\\\/wp-content\\\/uploads\\\/2024\\\/10\\\/24gliwice-logo-696.jpg\",\"contentUrl\":\"https:\\\/\\\/www.24gliwice.pl\\\/wiadomosci\\\/wp-content\\\/uploads\\\/2024\\\/10\\\/24gliwice-logo-696.jpg\",\"width\":696,\"height\":696,\"caption\":\"24gliwice\"},\"image\":{\"@id\":\"https:\\\/\\\/www.24gliwice.pl\\\/wiadomosci\\\/#\\\/schema\\\/logo\\\/image\\\/\"},\"sameAs\":[\"https:\\\/\\\/www.facebook.com\\\/24gliwice\",\"https:\\\/\\\/x.com\\\/24gliwice\",\"https:\\\/\\\/www.youtube.com\\\/@24gliwice\"]},{\"@type\":\"Person\",\"@id\":\"https:\\\/\\\/www.24gliwice.pl\\\/wiadomosci\\\/#\\\/schema\\\/person\\\/e42c650edd7f2fa332be3811fb166b6e\",\"name\":\"\u017baneta Mrozek-Siewierska\",\"image\":{\"@type\":\"ImageObject\",\"inLanguage\":\"pl-PL\",\"@id\":\"https:\\\/\\\/secure.gravatar.com\\\/avatar\\\/1881429e9c64597c77ad7aef2d0a19be69a3253e57534d16aa15bf3a4d34a0a3?s=96&d=mm&r=g\",\"url\":\"https:\\\/\\\/secure.gravatar.com\\\/avatar\\\/1881429e9c64597c77ad7aef2d0a19be69a3253e57534d16aa15bf3a4d34a0a3?s=96&d=mm&r=g\",\"contentUrl\":\"https:\\\/\\\/secure.gravatar.com\\\/avatar\\\/1881429e9c64597c77ad7aef2d0a19be69a3253e57534d16aa15bf3a4d34a0a3?s=96&d=mm&r=g\",\"caption\":\"\u017baneta Mrozek-Siewierska\"},\"url\":\"https:\\\/\\\/www.24gliwice.pl\\\/wiadomosci\\\/author\\\/zms\\\/\"}]}<\/script>\n<!-- \/ Yoast SEO plugin. -->","yoast_head_json":{"title":"Oddzia\u0142 chirurgii dzieci\u0119cej w gliwickim szpitalu wznowi\u0142 dzia\u0142anie po ponad rocznej przerwie - 24GLIWICE - Portal Gliwice | codziennie nowe informacje","robots":{"index":"index","follow":"follow","max-snippet":"max-snippet:-1","max-image-preview":"max-image-preview:large","max-video-preview":"max-video-preview:-1"},"canonical":"https:\/\/www.24gliwice.pl\/wiadomosci\/oddzial-chirurgii-dzieciecej-w-gliwickim-szpitalu-wznowil-dzialanie-po-ponad-rocznej-przerwie\/","og_locale":"pl_PL","og_type":"article","og_title":"Oddzia\u0142 chirurgii dzieci\u0119cej w gliwickim szpitalu wznowi\u0142 dzia\u0142anie po ponad rocznej przerwie - 24GLIWICE - Portal Gliwice | codziennie nowe informacje","og_description":"To bardzo dobra informacja dla wszystkich gliwiczan, szczeg\u00f3lnie rodzic\u00f3w ma\u0142ych dzieci i nastolatk\u00f3w. W Szpitalu Miejskim nr 4 przy ul. Ko\u015bciuszki 29 wznawia dzia\u0142alno\u015b\u0107 chirurgia dzieci\u0119ca. 30-\u0142\u00f3\u017ckowy oddzia\u0142 kierowany przez dr Alicj\u0119 Sinic\u0119-Ciencia\u0142\u0119 ju\u017c funkcjonuje, a zesp\u00f3\u0142 pracuj\u0105cych w nim specjalist\u00f3w stale si\u0119 powi\u0119ksza. Na oddziale chirurgii dzieci\u0119cej mog\u0105 by\u0107 leczone zar\u00f3wno dzieci najm\u0142odsze, jak [&hellip;]","og_url":"https:\/\/www.24gliwice.pl\/wiadomosci\/oddzial-chirurgii-dzieciecej-w-gliwickim-szpitalu-wznowil-dzialanie-po-ponad-rocznej-przerwie\/","og_site_name":"24GLIWICE - Portal Gliwice | codziennie nowe informacje","article_publisher":"https:\/\/www.facebook.com\/24gliwice","article_published_time":"2018-06-22T14:23:06+00:00","og_image":[{"width":880,"height":495,"url":"https:\/\/www.24gliwice.pl\/wiadomosci\/wp-content\/uploads\/2018\/06\/szpital-oddzia\u0142-chirurgii.jpg","type":"image\/jpeg"}],"author":"\u017baneta Mrozek-Siewierska","twitter_card":"summary_large_image","twitter_creator":"@24gliwice","twitter_site":"@24gliwice","twitter_misc":{"Napisane przez":"\u017baneta Mrozek-Siewierska","Szacowany czas czytania":"1 minuta"},"schema":{"@context":"https:\/\/schema.org","@graph":[{"@type":"Article","@id":"https:\/\/www.24gliwice.pl\/wiadomosci\/oddzial-chirurgii-dzieciecej-w-gliwickim-szpitalu-wznowil-dzialanie-po-ponad-rocznej-przerwie\/#article","isPartOf":{"@id":"https:\/\/www.24gliwice.pl\/wiadomosci\/oddzial-chirurgii-dzieciecej-w-gliwickim-szpitalu-wznowil-dzialanie-po-ponad-rocznej-przerwie\/"},"author":{"name":"\u017baneta Mrozek-Siewierska","@id":"https:\/\/www.24gliwice.pl\/wiadomosci\/#\/schema\/person\/e42c650edd7f2fa332be3811fb166b6e"},"headline":"Oddzia\u0142 chirurgii dzieci\u0119cej w gliwickim szpitalu wznowi\u0142 dzia\u0142anie po ponad rocznej przerwie","datePublished":"2018-06-22T14:23:06+00:00","mainEntityOfPage":{"@id":"https:\/\/www.24gliwice.pl\/wiadomosci\/oddzial-chirurgii-dzieciecej-w-gliwickim-szpitalu-wznowil-dzialanie-po-ponad-rocznej-przerwie\/"},"wordCount":229,"commentCount":0,"publisher":{"@id":"https:\/\/www.24gliwice.pl\/wiadomosci\/#organization"},"image":{"@id":"https:\/\/www.24gliwice.pl\/wiadomosci\/oddzial-chirurgii-dzieciecej-w-gliwickim-szpitalu-wznowil-dzialanie-po-ponad-rocznej-przerwie\/#primaryimage"},"thumbnailUrl":"https:\/\/www.24gliwice.pl\/wiadomosci\/wp-content\/uploads\/2018\/06\/szpital-oddzia\u0142-chirurgii.jpg","keywords":["chirurgia dzieci\u0119ca","gcm","oddzia\u0142 chirurgii dzieci\u0119cej","SZPITAL","SZPITAL MIEJSKI"],"articleSection":["Gliwice","Najnowsze wiadomo\u015bci"],"inLanguage":"pl-PL","potentialAction":[{"@type":"CommentAction","name":"Comment","target":["https:\/\/www.24gliwice.pl\/wiadomosci\/oddzial-chirurgii-dzieciecej-w-gliwickim-szpitalu-wznowil-dzialanie-po-ponad-rocznej-przerwie\/#respond"]}]},{"@type":"WebPage","@id":"https:\/\/www.24gliwice.pl\/wiadomosci\/oddzial-chirurgii-dzieciecej-w-gliwickim-szpitalu-wznowil-dzialanie-po-ponad-rocznej-przerwie\/","url":"https:\/\/www.24gliwice.pl\/wiadomosci\/oddzial-chirurgii-dzieciecej-w-gliwickim-szpitalu-wznowil-dzialanie-po-ponad-rocznej-przerwie\/","name":"Oddzia\u0142 chirurgii dzieci\u0119cej w gliwickim szpitalu wznowi\u0142 dzia\u0142anie po ponad rocznej przerwie - 24GLIWICE - Portal Gliwice | codziennie nowe informacje","isPartOf":{"@id":"https:\/\/www.24gliwice.pl\/wiadomosci\/#website"},"primaryImageOfPage":{"@id":"https:\/\/www.24gliwice.pl\/wiadomosci\/oddzial-chirurgii-dzieciecej-w-gliwickim-szpitalu-wznowil-dzialanie-po-ponad-rocznej-przerwie\/#primaryimage"},"image":{"@id":"https:\/\/www.24gliwice.pl\/wiadomosci\/oddzial-chirurgii-dzieciecej-w-gliwickim-szpitalu-wznowil-dzialanie-po-ponad-rocznej-przerwie\/#primaryimage"},"thumbnailUrl":"https:\/\/www.24gliwice.pl\/wiadomosci\/wp-content\/uploads\/2018\/06\/szpital-oddzia\u0142-chirurgii.jpg","datePublished":"2018-06-22T14:23:06+00:00","breadcrumb":{"@id":"https:\/\/www.24gliwice.pl\/wiadomosci\/oddzial-chirurgii-dzieciecej-w-gliwickim-szpitalu-wznowil-dzialanie-po-ponad-rocznej-przerwie\/#breadcrumb"},"inLanguage":"pl-PL","potentialAction":[{"@type":"ReadAction","target":["https:\/\/www.24gliwice.pl\/wiadomosci\/oddzial-chirurgii-dzieciecej-w-gliwickim-szpitalu-wznowil-dzialanie-po-ponad-rocznej-przerwie\/"]}]},{"@type":"ImageObject","inLanguage":"pl-PL","@id":"https:\/\/www.24gliwice.pl\/wiadomosci\/oddzial-chirurgii-dzieciecej-w-gliwickim-szpitalu-wznowil-dzialanie-po-ponad-rocznej-przerwie\/#primaryimage","url":"https:\/\/www.24gliwice.pl\/wiadomosci\/wp-content\/uploads\/2018\/06\/szpital-oddzia\u0142-chirurgii.jpg","contentUrl":"https:\/\/www.24gliwice.pl\/wiadomosci\/wp-content\/uploads\/2018\/06\/szpital-oddzia\u0142-chirurgii.jpg","width":880,"height":495},{"@type":"BreadcrumbList","@id":"https:\/\/www.24gliwice.pl\/wiadomosci\/oddzial-chirurgii-dzieciecej-w-gliwickim-szpitalu-wznowil-dzialanie-po-ponad-rocznej-przerwie\/#breadcrumb","itemListElement":[{"@type":"ListItem","position":1,"name":"Strona g\u0142\u00f3wna","item":"https:\/\/www.24gliwice.pl\/wiadomosci\/"},{"@type":"ListItem","position":2,"name":"Oddzia\u0142 chirurgii dzieci\u0119cej w gliwickim szpitalu wznowi\u0142 dzia\u0142anie po ponad rocznej przerwie"}]},{"@type":"WebSite","@id":"https:\/\/www.24gliwice.pl\/wiadomosci\/#website","url":"https:\/\/www.24gliwice.pl\/wiadomosci\/","name":"24GLIWICE - Portal Gliwice | codziennie nowe wiadomo\u015bci","description":"Portal Miejski Gliwice","publisher":{"@id":"https:\/\/www.24gliwice.pl\/wiadomosci\/#organization"},"potentialAction":[{"@type":"SearchAction","target":{"@type":"EntryPoint","urlTemplate":"https:\/\/www.24gliwice.pl\/wiadomosci\/?s={search_term_string}"},"query-input":{"@type":"PropertyValueSpecification","valueRequired":true,"valueName":"search_term_string"}}],"inLanguage":"pl-PL"},{"@type":"Organization","@id":"https:\/\/www.24gliwice.pl\/wiadomosci\/#organization","name":"24gliwice","url":"https:\/\/www.24gliwice.pl\/wiadomosci\/","logo":{"@type":"ImageObject","inLanguage":"pl-PL","@id":"https:\/\/www.24gliwice.pl\/wiadomosci\/#\/schema\/logo\/image\/","url":"https:\/\/www.24gliwice.pl\/wiadomosci\/wp-content\/uploads\/2024\/10\/24gliwice-logo-696.jpg","contentUrl":"https:\/\/www.24gliwice.pl\/wiadomosci\/wp-content\/uploads\/2024\/10\/24gliwice-logo-696.jpg","width":696,"height":696,"caption":"24gliwice"},"image":{"@id":"https:\/\/www.24gliwice.pl\/wiadomosci\/#\/schema\/logo\/image\/"},"sameAs":["https:\/\/www.facebook.com\/24gliwice","https:\/\/x.com\/24gliwice","https:\/\/www.youtube.com\/@24gliwice"]},{"@type":"Person","@id":"https:\/\/www.24gliwice.pl\/wiadomosci\/#\/schema\/person\/e42c650edd7f2fa332be3811fb166b6e","name":"\u017baneta Mrozek-Siewierska","image":{"@type":"ImageObject","inLanguage":"pl-PL","@id":"https:\/\/secure.gravatar.com\/avatar\/1881429e9c64597c77ad7aef2d0a19be69a3253e57534d16aa15bf3a4d34a0a3?s=96&d=mm&r=g","url":"https:\/\/secure.gravatar.com\/avatar\/1881429e9c64597c77ad7aef2d0a19be69a3253e57534d16aa15bf3a4d34a0a3?s=96&d=mm&r=g","contentUrl":"https:\/\/secure.gravatar.com\/avatar\/1881429e9c64597c77ad7aef2d0a19be69a3253e57534d16aa15bf3a4d34a0a3?s=96&d=mm&r=g","caption":"\u017baneta Mrozek-Siewierska"},"url":"https:\/\/www.24gliwice.pl\/wiadomosci\/author\/zms\/"}]}},"_links":{"self":[{"href":"https:\/\/www.24gliwice.pl\/wiadomosci\/wp-json\/wp\/v2\/posts\/119192","targetHints":{"allow":["GET"]}}],"collection":[{"href":"https:\/\/www.24gliwice.pl\/wiadomosci\/wp-json\/wp\/v2\/posts"}],"about":[{"href":"https:\/\/www.24gliwice.pl\/wiadomosci\/wp-json\/wp\/v2\/types\/post"}],"author":[{"embeddable":true,"href":"https:\/\/www.24gliwice.pl\/wiadomosci\/wp-json\/wp\/v2\/users\/15"}],"replies":[{"embeddable":true,"href":"https:\/\/www.24gliwice.pl\/wiadomosci\/wp-json\/wp\/v2\/comments?post=119192"}],"version-history":[{"count":0,"href":"https:\/\/www.24gliwice.pl\/wiadomosci\/wp-json\/wp\/v2\/posts\/119192\/revisions"}],"wp:featuredmedia":[{"embeddable":true,"href":"https:\/\/www.24gliwice.pl\/wiadomosci\/wp-json\/wp\/v2\/media\/119198"}],"wp:attachment":[{"href":"https:\/\/www.24gliwice.pl\/wiadomosci\/wp-json\/wp\/v2\/media?parent=119192"}],"wp:term":[{"taxonomy":"category","embeddable":true,"href":"https:\/\/www.24gliwice.pl\/wiadomosci\/wp-json\/wp\/v2\/categories?post=119192"},{"taxonomy":"post_tag","embeddable":true,"href":"https:\/\/www.24gliwice.pl\/wiadomosci\/wp-json\/wp\/v2\/tags?post=119192"}],"curies":[{"name":"wp","href":"https:\/\/api.w.org\/{rel}","templated":true}]}}