{"id":119214,"date":"2018-06-25T00:10:51","date_gmt":"2018-06-24T22:10:51","guid":{"rendered":"https:\/\/www.24gliwice.pl\/wiadomosci\/?p=119214"},"modified":"2018-06-25T03:03:57","modified_gmt":"2018-06-25T01:03:57","slug":"gliwicka-stacja-pomiaru-czystosci-powietrza-przeniesiona","status":"publish","type":"post","link":"https:\/\/www.24gliwice.pl\/wiadomosci\/gliwicka-stacja-pomiaru-czystosci-powietrza-przeniesiona\/","title":{"rendered":"Gliwicka stacja pomiaru czysto\u015bci powietrza zostanie przeniesiona. &#8220;To wynik rygorystycznych wymog\u00f3w&#8221;"},"content":{"rendered":"<div class=\"gliwi-a6-nad-leadem-artykulow gliwi-entity-placement\" id=\"gliwi-4007720701\"><div class=\"gliwi-adlabel\"><span style=\"font-size: 9px\">REKLAMA<\/span><\/div><div id=\"gliwi-2354330281\" style=\"margin-bottom: 25px;margin-left: auto;margin-right: auto;text-align: center;\"><a data-no-instant=\"1\" href=\"https:\/\/dom100.eu\/\" rel=\"noopener\" class=\"a2t-link\" target=\"_blank\" aria-label=\"20260415 DOM100 D\"><img loading=\"lazy\" decoding=\"async\" src=\"https:\/\/www.24gliwice.pl\/wiadomosci\/wp-content\/uploads\/2026\/04\/20260415-DOM100-D.jpg\" alt=\"\"  srcset=\"https:\/\/www.24gliwice.pl\/wiadomosci\/wp-content\/uploads\/2026\/04\/20260415-DOM100-D.jpg 750w, https:\/\/www.24gliwice.pl\/wiadomosci\/wp-content\/uploads\/2026\/04\/20260415-DOM100-D-410x109.jpg 410w\" sizes=\"(max-width: 750px) 100vw, 750px\" class=\"no-lazyload\" width=\"750\" height=\"200\"  style=\"display: inline-block; max-width: 100%; height: auto;\" \/><\/a><\/div><\/div><h3>Stacja pomiaru czysto\u015bci powietrza przy ul. Mewy na osiedlu Sikornik wkr\u00f3tce zmieni lokalizacj\u0119. Przenosiny to efekt wniosku Wojew\u00f3dzkiego Inspektoratu Ochrony \u015arodowiska w Katowicach.<\/h3>\n<p>&#8211; Bujny rozw\u00f3j ro\u015blinno\u015bci w rejonie stacji powoduje, ze jej reprezentatywno\u015b\u0107 mo\u017ce by\u0107 obni\u017cona i dalsze u\u017cytkowanie stacji w takim stanie nie mo\u017ce by\u0107 kontynuowane &#8211; czytamy w pi\u015bmie WIO\u015a do gliwickich urz\u0119dnik\u00f3w.<\/p>\n<p>Inspektorzy z Katowic ju\u017c w lutym tego roku zawnioskowali o przeprowadzenie &#8220;piel\u0119gnacji zieleni i wyci\u0119cie drzew rosn\u0105cych najbli\u017cej stacji monitoringu&#8221;. Magistrat jednak nie przychyli\u0142 si\u0119 do tej pro\u015bby.<br \/>\n&#8211; Wydzia\u0142 Gospodarki Nieruchomo\u015bciami UM w Gliwicach nie jest zainteresowany przeprowadzaniem wycinki zieleni na terenie plac\u00f3wki opieku\u0144czej. Powy\u017csza decyzja podyktowana jest przede wszystkim walorami krajobrazotw\u00f3rczymi nasadze\u0144, w tym pe\u0142nieniem przez nie funkcji ochrony biologicznej plac\u00f3wki &#8211; napisali gliwiccy urz\u0119dnicy.<\/p><div class=\"gliwi-a3-w-tresci-artykulow gliwi-entity-placement\" id=\"gliwi-926934378\"><div class=\"gliwi-adlabel\"><span style=\"font-size: 9px\">REKLAMA<\/span><\/div><div id=\"gliwi-3623783717\" style=\"margin-bottom: 30px;margin-left: auto;margin-right: auto;text-align: center;\"><a data-no-instant=\"1\" href=\"https:\/\/zlobek.halogen.org.pl\/\" rel=\"noopener\" class=\"a2t-link\" target=\"_blank\" aria-label=\"animator-zlobek_750x200\"><img loading=\"lazy\" decoding=\"async\" src=\"https:\/\/www.24gliwice.pl\/wiadomosci\/wp-content\/uploads\/2026\/02\/animator-zlobek_750x200.webp\" alt=\"\"  srcset=\"https:\/\/www.24gliwice.pl\/wiadomosci\/wp-content\/uploads\/2026\/02\/animator-zlobek_750x200.webp 750w, https:\/\/www.24gliwice.pl\/wiadomosci\/wp-content\/uploads\/2026\/02\/animator-zlobek_750x200-410x109.webp 410w\" sizes=\"(max-width: 750px) 100vw, 750px\" class=\"no-lazyload\" width=\"750\" height=\"200\"  style=\"display: inline-block; max-width: 100%; height: auto;\" \/><\/a><\/div><\/div>\n<p>Losy stacji &#8220;na Mewy&#8221; stan\u0119\u0142y pod znakiem zapytania. WIO\u015a wystosowa\u0142 w marcu kolejne pismo, tym razem do prezydenta Zygmunta Frankiewicza, w kt\u00f3rym zwraca\u0142 uwag\u0119 na wysok\u0105 reprezentatywno\u015b\u0107 gliwickich pomiar\u00f3w dla ca\u0142ego G\u00f3rnego \u015al\u0105ska.<\/p>\n[perfectpullquote align=&#8221;full&#8221; bordertop=&#8221;false&#8221; cite=&#8221;&#8221; link=&#8221;&#8221; color=&#8221;&#8221; class=&#8221;&#8221; size=&#8221;&#8221;]Sprawa znalaz\u0142a sw\u00f3j fina\u0142 w ubieg\u0142ym tygodniu. Obie strony porozumia\u0142y si\u0119 i zdecydowano o zmianie lokalizacji stacji. Przeprowadzka nie b\u0119dzie jednak daleka.[\/perfectpullquote]\n<p>&#8211; Stacja zostanie przeniesiona na drug\u0105 stron\u0119 ulicy Mewy przy Zespole Szk\u00f3\u0142 Og\u00f3lnokszta\u0142c\u0105cych nr 5 (naro\u017cnik skrzy\u017cowania ul. Mewy z ul. Sikornik). Urz\u0105d Miasta zaopiniowa\u0142 pozytywnie now\u0105 lokalizacj\u0119 &#8211; informuje nas <strong>Norbert Grzechowski<\/strong>, Specjalista Wydzia\u0142u Monitoringu \u015arodowiska WIO\u015a.<\/p>\n<p>&#8211; Dzi\u0119ki temu rozwi\u0105zaniu nie ma niebezpiecze\u0144stwa utraty ci\u0105g\u0142o\u015bci pomiar\u00f3w. Aktualnie oczekujemy na podanie przez WIO\u015a parametr\u00f3w technicznych stacji w nowej lokalizacji, aby wydzier\u017cawi\u0107 WIO\u015a niezb\u0119dny teren &#8211; m\u00f3wi <strong>Maja Lamorska-Gorgol<\/strong> z biura rzecznika prasowego Prezydenta Gliwic.<\/p>\n<p><img loading=\"lazy\" decoding=\"async\" class=\"alignnone size-full wp-image-119218\" src=\"https:\/\/www.24gliwice.pl\/wiadomosci\/wp-content\/uploads\/2018\/06\/mewy3.jpg\" alt=\"\" width=\"1200\" height=\"675\" srcset=\"https:\/\/www.24gliwice.pl\/wiadomosci\/wp-content\/uploads\/2018\/06\/mewy3.jpg 1200w, https:\/\/www.24gliwice.pl\/wiadomosci\/wp-content\/uploads\/2018\/06\/mewy3-410x232.jpg 410w, https:\/\/www.24gliwice.pl\/wiadomosci\/wp-content\/uploads\/2018\/06\/mewy3-768x432.jpg 768w, https:\/\/www.24gliwice.pl\/wiadomosci\/wp-content\/uploads\/2018\/06\/mewy3-810x456.jpg 810w, https:\/\/www.24gliwice.pl\/wiadomosci\/wp-content\/uploads\/2018\/06\/mewy3-1140x641.jpg 1140w\" sizes=\"auto, (max-width: 1200px) 100vw, 1200px\" \/><\/p>\n<p>WIO\u015a uspokaja, \u017ce mimo konieczno\u015bci zmiany lokalizacji, wyniki prezentowane ubieg\u0142ej zimy przez pomiar na Mewy by\u0142y prawid\u0142owe.<\/p>\n<p>&#8211; Rozrost ro\u015blinno\u015bci w rejonie stacji mo\u017ce powodowa\u0107 minimalne r\u00f3\u017cnice w odczytach, nie maj\u0105ce zasadniczego wp\u0142ywu na wyniki, co obrazuj\u0105 dane za rok ubieg\u0142y i bie\u017c\u0105ce. Konieczno\u015b\u0107 przeniesienia stacji wynika z rygorystycznych wymog\u00f3w w tym zakresie, obowi\u0105zuj\u0105cych ca\u0142\u0105 Inspekcj\u0119 i w przypadku przeszk\u00f3d, kt\u00f3re mog\u0105 potencjalnie wp\u0142ywa\u0107 na swobodny dop\u0142yw powietrza do czerpni, stacja musi by\u0107 przeniesiona &#8211; m\u00f3wi Norbert Grzechowski.<\/p>\n[perfectpullquote align=&#8221;full&#8221; bordertop=&#8221;false&#8221; cite=&#8221;&#8221; link=&#8221;&#8221; color=&#8221;&#8221; class=&#8221;&#8221; size=&#8221;&#8221;]Lokalizacja przy ul. Mewy zosta\u0142a wybrana wsp\u00f3lnie przez przedstawicieli Magistratu i WIO\u015a w 2014 roku. Pomiar wykonywany jest automatycznie co minut\u0119.[\/perfectpullquote]\n<p>Nast\u0119pnie wyniki zostaj\u0105 u\u015brednione po godzinie, dobie i roku. Wyniki prezentowane przez stacj\u0119 wielokrotnie by\u0142y bagatelizowane przez Magistrat.<\/p>\n<p>\u2013 Bie\u017c\u0105ce po\u0142o\u017cenie stacji pomiarowej przy ul. Mewy zapewnia du\u017c\u0105 reprezentatywno\u015b\u0107 danych dla tej cz\u0119\u015bci aglomeracji g\u00f3rno\u015bl\u0105skiej. Nie mamy natomiast pewno\u015bci, na ile pomiary s\u0105 reprezentatywne dla naszego miasta. Rozwa\u017camy zlecenie dodatkowych pomiar\u00f3w, w celu dok\u0142adnego zbadania stanu faktycznego \u2013 przyznawa\u0142 ubieg\u0142ej zimy <strong>Marek Jarz\u0119bowski<\/strong>, rzecznik prasowy Prezydenta Gliwic.<\/p>\n<p>&#8211; Nawet przyjmuj\u0105c za\u0142o\u017cenie, \u017ce jest to obszar o nieco wy\u017cszych st\u0119\u017ceniach py\u0142u zawieszonego ni\u017c w innych cz\u0119\u015bciach miasta, to jest to akurat potwierdzenie dobrej lokalizacji stacji &#8211; ocenia\u0142 z kolei <strong>Andrzej Szczygie\u0142<\/strong>, Naczelnik Wydzia\u0142u Monitoringu Wojew\u00f3dzkiego Inspektoratu Ochrony \u015arodowiska w Katowicach.<\/p>\n<p>W ca\u0142ej aglomeracji zlokalizowanych jest 15 stanowisk pomiarowych, na kt\u00f3rych wykonywane s\u0105 pomiary ci\u0105g\u0142e, w tym 6 stacji automatycznych.<\/p>\n<p><em><strong>Micha\u0142 Szewczyk<\/strong><\/em><\/p>\n<div class=\"gliwi-a5-na-koncu-artykulow gliwi-entity-placement\" id=\"gliwi-3570615758\"><div class=\"gliwi-adlabel\"><span style=\"font-size: 9px\">REKLAMA<\/span><\/div><div id=\"gliwi-854451730\" style=\"margin-left: auto;margin-right: auto;text-align: center;\"><a data-no-instant=\"1\" href=\"https:\/\/prezeroarenagliwice.pl\/\" rel=\"noopener\" class=\"a2t-link\" target=\"_blank\" aria-label=\"20260309-PREZERO-WIOSNA-D\"><img loading=\"lazy\" decoding=\"async\" src=\"https:\/\/www.24gliwice.pl\/wiadomosci\/wp-content\/uploads\/2026\/03\/20260309-PREZERO-WIOSNA-D.webp\" alt=\"\"  srcset=\"https:\/\/www.24gliwice.pl\/wiadomosci\/wp-content\/uploads\/2026\/03\/20260309-PREZERO-WIOSNA-D.webp 750w, https:\/\/www.24gliwice.pl\/wiadomosci\/wp-content\/uploads\/2026\/03\/20260309-PREZERO-WIOSNA-D-410x109.webp 410w\" sizes=\"(max-width: 750px) 100vw, 750px\" class=\"no-lazyload\" width=\"750\" height=\"200\"  style=\"display: inline-block; max-width: 100%; height: auto;\" \/><\/a><\/div><\/div>","protected":false},"excerpt":{"rendered":"<p>Stacja pomiaru czysto\u015bci powietrza przy ul. Mewy na osiedlu Sikornik wkr\u00f3tce zmieni lokalizacj\u0119. Przenosiny to efekt wniosku Wojew\u00f3dzkiego Inspektoratu Ochrony \u015arodowiska w Katowicach. &#8211; Bujny rozw\u00f3j ro\u015blinno\u015bci w rejonie stacji powoduje, ze jej reprezentatywno\u015b\u0107 mo\u017ce by\u0107 obni\u017cona i dalsze u\u017cytkowanie stacji w takim stanie nie mo\u017ce by\u0107 kontynuowane &#8211; czytamy w pi\u015bmie WIO\u015a do gliwickich [&hellip;]<\/p>\n","protected":false},"author":12,"featured_media":119217,"comment_status":"open","ping_status":"closed","sticky":false,"template":"","format":"standard","meta":{"_monsterinsights_skip_tracking":false,"_monsterinsights_sitenote_active":false,"_monsterinsights_sitenote_note":"","_monsterinsights_sitenote_category":0,"footnotes":"","_links_to":"","_links_to_target":""},"categories":[3,1,9],"tags":[8321,212,8204,8497],"class_list":["post-119214","post","type-post","status-publish","format-standard","has-post-thumbnail","hentry","category-gliwice","category-wszystko","category-aktualnosci_lokalne","tag-mewy","tag-sikornik","tag-smog","tag-wios"],"yoast_head":"<!-- This site is optimized with the Yoast SEO plugin v27.5 - https:\/\/yoast.com\/product\/yoast-seo-wordpress\/ -->\n<title>Gliwicka stacja pomiaru czysto\u015bci powietrza zostanie przeniesiona. &quot;To wynik rygorystycznych wymog\u00f3w&quot; - 24GLIWICE - Portal Gliwice | codziennie nowe informacje<\/title>\n<meta name=\"robots\" content=\"index, follow, max-snippet:-1, max-image-preview:large, max-video-preview:-1\" \/>\n<link rel=\"canonical\" href=\"https:\/\/www.24gliwice.pl\/wiadomosci\/gliwicka-stacja-pomiaru-czystosci-powietrza-przeniesiona\/\" \/>\n<meta property=\"og:locale\" content=\"pl_PL\" \/>\n<meta property=\"og:type\" content=\"article\" \/>\n<meta property=\"og:title\" content=\"Gliwicka stacja pomiaru czysto\u015bci powietrza zostanie przeniesiona. &quot;To wynik rygorystycznych wymog\u00f3w&quot; - 24GLIWICE - Portal Gliwice | codziennie nowe informacje\" \/>\n<meta property=\"og:description\" content=\"Stacja pomiaru czysto\u015bci powietrza przy ul. Mewy na osiedlu Sikornik wkr\u00f3tce zmieni lokalizacj\u0119. Przenosiny to efekt wniosku Wojew\u00f3dzkiego Inspektoratu Ochrony \u015arodowiska w Katowicach. &#8211; Bujny rozw\u00f3j ro\u015blinno\u015bci w rejonie stacji powoduje, ze jej reprezentatywno\u015b\u0107 mo\u017ce by\u0107 obni\u017cona i dalsze u\u017cytkowanie stacji w takim stanie nie mo\u017ce by\u0107 kontynuowane &#8211; czytamy w pi\u015bmie WIO\u015a do gliwickich [&hellip;]\" \/>\n<meta property=\"og:url\" content=\"https:\/\/www.24gliwice.pl\/wiadomosci\/gliwicka-stacja-pomiaru-czystosci-powietrza-przeniesiona\/\" \/>\n<meta property=\"og:site_name\" content=\"24GLIWICE - Portal Gliwice | codziennie nowe informacje\" \/>\n<meta property=\"article:publisher\" content=\"https:\/\/www.facebook.com\/24gliwice\" \/>\n<meta property=\"article:published_time\" content=\"2018-06-24T22:10:51+00:00\" \/>\n<meta property=\"article:modified_time\" content=\"2018-06-25T01:03:57+00:00\" \/>\n<meta property=\"og:image\" content=\"https:\/\/www.24gliwice.pl\/wiadomosci\/wp-content\/uploads\/2018\/06\/mewy.jpg\" \/>\n\t<meta property=\"og:image:width\" content=\"1200\" \/>\n\t<meta property=\"og:image:height\" content=\"675\" \/>\n\t<meta property=\"og:image:type\" content=\"image\/jpeg\" \/>\n<meta name=\"author\" content=\"Micha\u0142 Szewczyk\" \/>\n<meta name=\"twitter:card\" content=\"summary_large_image\" \/>\n<meta name=\"twitter:creator\" content=\"@24gliwice\" \/>\n<meta name=\"twitter:site\" content=\"@24gliwice\" \/>\n<meta name=\"twitter:label1\" content=\"Napisane przez\" \/>\n\t<meta name=\"twitter:data1\" content=\"Micha\u0142 Szewczyk\" \/>\n\t<meta name=\"twitter:label2\" content=\"Szacowany czas czytania\" \/>\n\t<meta name=\"twitter:data2\" content=\"3 minuty\" \/>\n<script type=\"application\/ld+json\" class=\"yoast-schema-graph\">{\"@context\":\"https:\\\/\\\/schema.org\",\"@graph\":[{\"@type\":\"Article\",\"@id\":\"https:\\\/\\\/www.24gliwice.pl\\\/wiadomosci\\\/gliwicka-stacja-pomiaru-czystosci-powietrza-przeniesiona\\\/#article\",\"isPartOf\":{\"@id\":\"https:\\\/\\\/www.24gliwice.pl\\\/wiadomosci\\\/gliwicka-stacja-pomiaru-czystosci-powietrza-przeniesiona\\\/\"},\"author\":{\"name\":\"Micha\u0142 Szewczyk\",\"@id\":\"https:\\\/\\\/www.24gliwice.pl\\\/wiadomosci\\\/#\\\/schema\\\/person\\\/940e8f8a097e322de4f463f061ef8d45\"},\"headline\":\"Gliwicka stacja pomiaru czysto\u015bci powietrza zostanie przeniesiona. &#8220;To wynik rygorystycznych wymog\u00f3w&#8221;\",\"datePublished\":\"2018-06-24T22:10:51+00:00\",\"dateModified\":\"2018-06-25T01:03:57+00:00\",\"mainEntityOfPage\":{\"@id\":\"https:\\\/\\\/www.24gliwice.pl\\\/wiadomosci\\\/gliwicka-stacja-pomiaru-czystosci-powietrza-przeniesiona\\\/\"},\"wordCount\":617,\"commentCount\":0,\"publisher\":{\"@id\":\"https:\\\/\\\/www.24gliwice.pl\\\/wiadomosci\\\/#organization\"},\"image\":{\"@id\":\"https:\\\/\\\/www.24gliwice.pl\\\/wiadomosci\\\/gliwicka-stacja-pomiaru-czystosci-powietrza-przeniesiona\\\/#primaryimage\"},\"thumbnailUrl\":\"https:\\\/\\\/www.24gliwice.pl\\\/wiadomosci\\\/wp-content\\\/uploads\\\/2018\\\/06\\\/mewy.jpg\",\"keywords\":[\"mewy\",\"SIKORNIK\",\"SMOG\",\"wio\u015b\"],\"articleSection\":[\"Gliwice\",\"Najnowsze wiadomo\u015bci\",\"Portal Gliwice - Wiadomo\u015bci lokalne\"],\"inLanguage\":\"pl-PL\",\"potentialAction\":[{\"@type\":\"CommentAction\",\"name\":\"Comment\",\"target\":[\"https:\\\/\\\/www.24gliwice.pl\\\/wiadomosci\\\/gliwicka-stacja-pomiaru-czystosci-powietrza-przeniesiona\\\/#respond\"]}]},{\"@type\":\"WebPage\",\"@id\":\"https:\\\/\\\/www.24gliwice.pl\\\/wiadomosci\\\/gliwicka-stacja-pomiaru-czystosci-powietrza-przeniesiona\\\/\",\"url\":\"https:\\\/\\\/www.24gliwice.pl\\\/wiadomosci\\\/gliwicka-stacja-pomiaru-czystosci-powietrza-przeniesiona\\\/\",\"name\":\"Gliwicka stacja pomiaru czysto\u015bci powietrza zostanie przeniesiona. \\\"To wynik rygorystycznych wymog\u00f3w\\\" - 24GLIWICE - Portal Gliwice | codziennie nowe informacje\",\"isPartOf\":{\"@id\":\"https:\\\/\\\/www.24gliwice.pl\\\/wiadomosci\\\/#website\"},\"primaryImageOfPage\":{\"@id\":\"https:\\\/\\\/www.24gliwice.pl\\\/wiadomosci\\\/gliwicka-stacja-pomiaru-czystosci-powietrza-przeniesiona\\\/#primaryimage\"},\"image\":{\"@id\":\"https:\\\/\\\/www.24gliwice.pl\\\/wiadomosci\\\/gliwicka-stacja-pomiaru-czystosci-powietrza-przeniesiona\\\/#primaryimage\"},\"thumbnailUrl\":\"https:\\\/\\\/www.24gliwice.pl\\\/wiadomosci\\\/wp-content\\\/uploads\\\/2018\\\/06\\\/mewy.jpg\",\"datePublished\":\"2018-06-24T22:10:51+00:00\",\"dateModified\":\"2018-06-25T01:03:57+00:00\",\"breadcrumb\":{\"@id\":\"https:\\\/\\\/www.24gliwice.pl\\\/wiadomosci\\\/gliwicka-stacja-pomiaru-czystosci-powietrza-przeniesiona\\\/#breadcrumb\"},\"inLanguage\":\"pl-PL\",\"potentialAction\":[{\"@type\":\"ReadAction\",\"target\":[\"https:\\\/\\\/www.24gliwice.pl\\\/wiadomosci\\\/gliwicka-stacja-pomiaru-czystosci-powietrza-przeniesiona\\\/\"]}]},{\"@type\":\"ImageObject\",\"inLanguage\":\"pl-PL\",\"@id\":\"https:\\\/\\\/www.24gliwice.pl\\\/wiadomosci\\\/gliwicka-stacja-pomiaru-czystosci-powietrza-przeniesiona\\\/#primaryimage\",\"url\":\"https:\\\/\\\/www.24gliwice.pl\\\/wiadomosci\\\/wp-content\\\/uploads\\\/2018\\\/06\\\/mewy.jpg\",\"contentUrl\":\"https:\\\/\\\/www.24gliwice.pl\\\/wiadomosci\\\/wp-content\\\/uploads\\\/2018\\\/06\\\/mewy.jpg\",\"width\":1200,\"height\":675},{\"@type\":\"BreadcrumbList\",\"@id\":\"https:\\\/\\\/www.24gliwice.pl\\\/wiadomosci\\\/gliwicka-stacja-pomiaru-czystosci-powietrza-przeniesiona\\\/#breadcrumb\",\"itemListElement\":[{\"@type\":\"ListItem\",\"position\":1,\"name\":\"Strona g\u0142\u00f3wna\",\"item\":\"https:\\\/\\\/www.24gliwice.pl\\\/wiadomosci\\\/\"},{\"@type\":\"ListItem\",\"position\":2,\"name\":\"Gliwicka stacja pomiaru czysto\u015bci powietrza zostanie przeniesiona. &#8222;To wynik rygorystycznych wymog\u00f3w&#8221;\"}]},{\"@type\":\"WebSite\",\"@id\":\"https:\\\/\\\/www.24gliwice.pl\\\/wiadomosci\\\/#website\",\"url\":\"https:\\\/\\\/www.24gliwice.pl\\\/wiadomosci\\\/\",\"name\":\"24GLIWICE - Portal Gliwice | codziennie nowe wiadomo\u015bci\",\"description\":\"Portal Miejski Gliwice\",\"publisher\":{\"@id\":\"https:\\\/\\\/www.24gliwice.pl\\\/wiadomosci\\\/#organization\"},\"potentialAction\":[{\"@type\":\"SearchAction\",\"target\":{\"@type\":\"EntryPoint\",\"urlTemplate\":\"https:\\\/\\\/www.24gliwice.pl\\\/wiadomosci\\\/?s={search_term_string}\"},\"query-input\":{\"@type\":\"PropertyValueSpecification\",\"valueRequired\":true,\"valueName\":\"search_term_string\"}}],\"inLanguage\":\"pl-PL\"},{\"@type\":\"Organization\",\"@id\":\"https:\\\/\\\/www.24gliwice.pl\\\/wiadomosci\\\/#organization\",\"name\":\"24gliwice\",\"url\":\"https:\\\/\\\/www.24gliwice.pl\\\/wiadomosci\\\/\",\"logo\":{\"@type\":\"ImageObject\",\"inLanguage\":\"pl-PL\",\"@id\":\"https:\\\/\\\/www.24gliwice.pl\\\/wiadomosci\\\/#\\\/schema\\\/logo\\\/image\\\/\",\"url\":\"https:\\\/\\\/www.24gliwice.pl\\\/wiadomosci\\\/wp-content\\\/uploads\\\/2024\\\/10\\\/24gliwice-logo-696.jpg\",\"contentUrl\":\"https:\\\/\\\/www.24gliwice.pl\\\/wiadomosci\\\/wp-content\\\/uploads\\\/2024\\\/10\\\/24gliwice-logo-696.jpg\",\"width\":696,\"height\":696,\"caption\":\"24gliwice\"},\"image\":{\"@id\":\"https:\\\/\\\/www.24gliwice.pl\\\/wiadomosci\\\/#\\\/schema\\\/logo\\\/image\\\/\"},\"sameAs\":[\"https:\\\/\\\/www.facebook.com\\\/24gliwice\",\"https:\\\/\\\/x.com\\\/24gliwice\",\"https:\\\/\\\/www.youtube.com\\\/@24gliwice\"]},{\"@type\":\"Person\",\"@id\":\"https:\\\/\\\/www.24gliwice.pl\\\/wiadomosci\\\/#\\\/schema\\\/person\\\/940e8f8a097e322de4f463f061ef8d45\",\"name\":\"Micha\u0142 Szewczyk\",\"image\":{\"@type\":\"ImageObject\",\"inLanguage\":\"pl-PL\",\"@id\":\"https:\\\/\\\/secure.gravatar.com\\\/avatar\\\/771b8b6c74cd8d255e46392d605e01a86133900ef09b6ef3c8d451c9d92288cf?s=96&d=mm&r=g\",\"url\":\"https:\\\/\\\/secure.gravatar.com\\\/avatar\\\/771b8b6c74cd8d255e46392d605e01a86133900ef09b6ef3c8d451c9d92288cf?s=96&d=mm&r=g\",\"contentUrl\":\"https:\\\/\\\/secure.gravatar.com\\\/avatar\\\/771b8b6c74cd8d255e46392d605e01a86133900ef09b6ef3c8d451c9d92288cf?s=96&d=mm&r=g\",\"caption\":\"Micha\u0142 Szewczyk\"},\"sameAs\":[\"http:\\\/\\\/www.gazeta-miejska.pl\"],\"url\":\"https:\\\/\\\/www.24gliwice.pl\\\/wiadomosci\\\/author\\\/michal-szewczyk\\\/\"}]}<\/script>\n<!-- \/ Yoast SEO plugin. -->","yoast_head_json":{"title":"Gliwicka stacja pomiaru czysto\u015bci powietrza zostanie przeniesiona. \"To wynik rygorystycznych wymog\u00f3w\" - 24GLIWICE - Portal Gliwice | codziennie nowe informacje","robots":{"index":"index","follow":"follow","max-snippet":"max-snippet:-1","max-image-preview":"max-image-preview:large","max-video-preview":"max-video-preview:-1"},"canonical":"https:\/\/www.24gliwice.pl\/wiadomosci\/gliwicka-stacja-pomiaru-czystosci-powietrza-przeniesiona\/","og_locale":"pl_PL","og_type":"article","og_title":"Gliwicka stacja pomiaru czysto\u015bci powietrza zostanie przeniesiona. \"To wynik rygorystycznych wymog\u00f3w\" - 24GLIWICE - Portal Gliwice | codziennie nowe informacje","og_description":"Stacja pomiaru czysto\u015bci powietrza przy ul. Mewy na osiedlu Sikornik wkr\u00f3tce zmieni lokalizacj\u0119. Przenosiny to efekt wniosku Wojew\u00f3dzkiego Inspektoratu Ochrony \u015arodowiska w Katowicach. &#8211; Bujny rozw\u00f3j ro\u015blinno\u015bci w rejonie stacji powoduje, ze jej reprezentatywno\u015b\u0107 mo\u017ce by\u0107 obni\u017cona i dalsze u\u017cytkowanie stacji w takim stanie nie mo\u017ce by\u0107 kontynuowane &#8211; czytamy w pi\u015bmie WIO\u015a do gliwickich [&hellip;]","og_url":"https:\/\/www.24gliwice.pl\/wiadomosci\/gliwicka-stacja-pomiaru-czystosci-powietrza-przeniesiona\/","og_site_name":"24GLIWICE - Portal Gliwice | codziennie nowe informacje","article_publisher":"https:\/\/www.facebook.com\/24gliwice","article_published_time":"2018-06-24T22:10:51+00:00","article_modified_time":"2018-06-25T01:03:57+00:00","og_image":[{"width":1200,"height":675,"url":"https:\/\/www.24gliwice.pl\/wiadomosci\/wp-content\/uploads\/2018\/06\/mewy.jpg","type":"image\/jpeg"}],"author":"Micha\u0142 Szewczyk","twitter_card":"summary_large_image","twitter_creator":"@24gliwice","twitter_site":"@24gliwice","twitter_misc":{"Napisane przez":"Micha\u0142 Szewczyk","Szacowany czas czytania":"3 minuty"},"schema":{"@context":"https:\/\/schema.org","@graph":[{"@type":"Article","@id":"https:\/\/www.24gliwice.pl\/wiadomosci\/gliwicka-stacja-pomiaru-czystosci-powietrza-przeniesiona\/#article","isPartOf":{"@id":"https:\/\/www.24gliwice.pl\/wiadomosci\/gliwicka-stacja-pomiaru-czystosci-powietrza-przeniesiona\/"},"author":{"name":"Micha\u0142 Szewczyk","@id":"https:\/\/www.24gliwice.pl\/wiadomosci\/#\/schema\/person\/940e8f8a097e322de4f463f061ef8d45"},"headline":"Gliwicka stacja pomiaru czysto\u015bci powietrza zostanie przeniesiona. &#8220;To wynik rygorystycznych wymog\u00f3w&#8221;","datePublished":"2018-06-24T22:10:51+00:00","dateModified":"2018-06-25T01:03:57+00:00","mainEntityOfPage":{"@id":"https:\/\/www.24gliwice.pl\/wiadomosci\/gliwicka-stacja-pomiaru-czystosci-powietrza-przeniesiona\/"},"wordCount":617,"commentCount":0,"publisher":{"@id":"https:\/\/www.24gliwice.pl\/wiadomosci\/#organization"},"image":{"@id":"https:\/\/www.24gliwice.pl\/wiadomosci\/gliwicka-stacja-pomiaru-czystosci-powietrza-przeniesiona\/#primaryimage"},"thumbnailUrl":"https:\/\/www.24gliwice.pl\/wiadomosci\/wp-content\/uploads\/2018\/06\/mewy.jpg","keywords":["mewy","SIKORNIK","SMOG","wio\u015b"],"articleSection":["Gliwice","Najnowsze wiadomo\u015bci","Portal Gliwice - Wiadomo\u015bci lokalne"],"inLanguage":"pl-PL","potentialAction":[{"@type":"CommentAction","name":"Comment","target":["https:\/\/www.24gliwice.pl\/wiadomosci\/gliwicka-stacja-pomiaru-czystosci-powietrza-przeniesiona\/#respond"]}]},{"@type":"WebPage","@id":"https:\/\/www.24gliwice.pl\/wiadomosci\/gliwicka-stacja-pomiaru-czystosci-powietrza-przeniesiona\/","url":"https:\/\/www.24gliwice.pl\/wiadomosci\/gliwicka-stacja-pomiaru-czystosci-powietrza-przeniesiona\/","name":"Gliwicka stacja pomiaru czysto\u015bci powietrza zostanie przeniesiona. \"To wynik rygorystycznych wymog\u00f3w\" - 24GLIWICE - Portal Gliwice | codziennie nowe informacje","isPartOf":{"@id":"https:\/\/www.24gliwice.pl\/wiadomosci\/#website"},"primaryImageOfPage":{"@id":"https:\/\/www.24gliwice.pl\/wiadomosci\/gliwicka-stacja-pomiaru-czystosci-powietrza-przeniesiona\/#primaryimage"},"image":{"@id":"https:\/\/www.24gliwice.pl\/wiadomosci\/gliwicka-stacja-pomiaru-czystosci-powietrza-przeniesiona\/#primaryimage"},"thumbnailUrl":"https:\/\/www.24gliwice.pl\/wiadomosci\/wp-content\/uploads\/2018\/06\/mewy.jpg","datePublished":"2018-06-24T22:10:51+00:00","dateModified":"2018-06-25T01:03:57+00:00","breadcrumb":{"@id":"https:\/\/www.24gliwice.pl\/wiadomosci\/gliwicka-stacja-pomiaru-czystosci-powietrza-przeniesiona\/#breadcrumb"},"inLanguage":"pl-PL","potentialAction":[{"@type":"ReadAction","target":["https:\/\/www.24gliwice.pl\/wiadomosci\/gliwicka-stacja-pomiaru-czystosci-powietrza-przeniesiona\/"]}]},{"@type":"ImageObject","inLanguage":"pl-PL","@id":"https:\/\/www.24gliwice.pl\/wiadomosci\/gliwicka-stacja-pomiaru-czystosci-powietrza-przeniesiona\/#primaryimage","url":"https:\/\/www.24gliwice.pl\/wiadomosci\/wp-content\/uploads\/2018\/06\/mewy.jpg","contentUrl":"https:\/\/www.24gliwice.pl\/wiadomosci\/wp-content\/uploads\/2018\/06\/mewy.jpg","width":1200,"height":675},{"@type":"BreadcrumbList","@id":"https:\/\/www.24gliwice.pl\/wiadomosci\/gliwicka-stacja-pomiaru-czystosci-powietrza-przeniesiona\/#breadcrumb","itemListElement":[{"@type":"ListItem","position":1,"name":"Strona g\u0142\u00f3wna","item":"https:\/\/www.24gliwice.pl\/wiadomosci\/"},{"@type":"ListItem","position":2,"name":"Gliwicka stacja pomiaru czysto\u015bci powietrza zostanie przeniesiona. &#8222;To wynik rygorystycznych wymog\u00f3w&#8221;"}]},{"@type":"WebSite","@id":"https:\/\/www.24gliwice.pl\/wiadomosci\/#website","url":"https:\/\/www.24gliwice.pl\/wiadomosci\/","name":"24GLIWICE - Portal Gliwice | codziennie nowe wiadomo\u015bci","description":"Portal Miejski Gliwice","publisher":{"@id":"https:\/\/www.24gliwice.pl\/wiadomosci\/#organization"},"potentialAction":[{"@type":"SearchAction","target":{"@type":"EntryPoint","urlTemplate":"https:\/\/www.24gliwice.pl\/wiadomosci\/?s={search_term_string}"},"query-input":{"@type":"PropertyValueSpecification","valueRequired":true,"valueName":"search_term_string"}}],"inLanguage":"pl-PL"},{"@type":"Organization","@id":"https:\/\/www.24gliwice.pl\/wiadomosci\/#organization","name":"24gliwice","url":"https:\/\/www.24gliwice.pl\/wiadomosci\/","logo":{"@type":"ImageObject","inLanguage":"pl-PL","@id":"https:\/\/www.24gliwice.pl\/wiadomosci\/#\/schema\/logo\/image\/","url":"https:\/\/www.24gliwice.pl\/wiadomosci\/wp-content\/uploads\/2024\/10\/24gliwice-logo-696.jpg","contentUrl":"https:\/\/www.24gliwice.pl\/wiadomosci\/wp-content\/uploads\/2024\/10\/24gliwice-logo-696.jpg","width":696,"height":696,"caption":"24gliwice"},"image":{"@id":"https:\/\/www.24gliwice.pl\/wiadomosci\/#\/schema\/logo\/image\/"},"sameAs":["https:\/\/www.facebook.com\/24gliwice","https:\/\/x.com\/24gliwice","https:\/\/www.youtube.com\/@24gliwice"]},{"@type":"Person","@id":"https:\/\/www.24gliwice.pl\/wiadomosci\/#\/schema\/person\/940e8f8a097e322de4f463f061ef8d45","name":"Micha\u0142 Szewczyk","image":{"@type":"ImageObject","inLanguage":"pl-PL","@id":"https:\/\/secure.gravatar.com\/avatar\/771b8b6c74cd8d255e46392d605e01a86133900ef09b6ef3c8d451c9d92288cf?s=96&d=mm&r=g","url":"https:\/\/secure.gravatar.com\/avatar\/771b8b6c74cd8d255e46392d605e01a86133900ef09b6ef3c8d451c9d92288cf?s=96&d=mm&r=g","contentUrl":"https:\/\/secure.gravatar.com\/avatar\/771b8b6c74cd8d255e46392d605e01a86133900ef09b6ef3c8d451c9d92288cf?s=96&d=mm&r=g","caption":"Micha\u0142 Szewczyk"},"sameAs":["http:\/\/www.gazeta-miejska.pl"],"url":"https:\/\/www.24gliwice.pl\/wiadomosci\/author\/michal-szewczyk\/"}]}},"_links":{"self":[{"href":"https:\/\/www.24gliwice.pl\/wiadomosci\/wp-json\/wp\/v2\/posts\/119214","targetHints":{"allow":["GET"]}}],"collection":[{"href":"https:\/\/www.24gliwice.pl\/wiadomosci\/wp-json\/wp\/v2\/posts"}],"about":[{"href":"https:\/\/www.24gliwice.pl\/wiadomosci\/wp-json\/wp\/v2\/types\/post"}],"author":[{"embeddable":true,"href":"https:\/\/www.24gliwice.pl\/wiadomosci\/wp-json\/wp\/v2\/users\/12"}],"replies":[{"embeddable":true,"href":"https:\/\/www.24gliwice.pl\/wiadomosci\/wp-json\/wp\/v2\/comments?post=119214"}],"version-history":[{"count":0,"href":"https:\/\/www.24gliwice.pl\/wiadomosci\/wp-json\/wp\/v2\/posts\/119214\/revisions"}],"wp:featuredmedia":[{"embeddable":true,"href":"https:\/\/www.24gliwice.pl\/wiadomosci\/wp-json\/wp\/v2\/media\/119217"}],"wp:attachment":[{"href":"https:\/\/www.24gliwice.pl\/wiadomosci\/wp-json\/wp\/v2\/media?parent=119214"}],"wp:term":[{"taxonomy":"category","embeddable":true,"href":"https:\/\/www.24gliwice.pl\/wiadomosci\/wp-json\/wp\/v2\/categories?post=119214"},{"taxonomy":"post_tag","embeddable":true,"href":"https:\/\/www.24gliwice.pl\/wiadomosci\/wp-json\/wp\/v2\/tags?post=119214"}],"curies":[{"name":"wp","href":"https:\/\/api.w.org\/{rel}","templated":true}]}}