{"id":119329,"date":"2018-06-26T01:35:29","date_gmt":"2018-06-25T23:35:29","guid":{"rendered":"https:\/\/www.24gliwice.pl\/wiadomosci\/?p=119329"},"modified":"2018-06-26T01:35:29","modified_gmt":"2018-06-25T23:35:29","slug":"malo-lawek-na-rynku-czytelnicy-trudno-usiasc-by-za-to-nie-placic","status":"publish","type":"post","link":"https:\/\/www.24gliwice.pl\/wiadomosci\/malo-lawek-na-rynku-czytelnicy-trudno-usiasc-by-za-to-nie-placic\/","title":{"rendered":"Ma\u0142o \u0142awek na Rynku? Czytelnicy: \u201etrudno usi\u0105\u015b\u0107 by za to nie p\u0142aci\u0107\u201d"},"content":{"rendered":"<div class=\"gliwi-a6-nad-leadem-artykulow gliwi-entity-placement\" id=\"gliwi-1207851425\"><div class=\"gliwi-adlabel\"><span style=\"font-size: 9px\">REKLAMA<\/span><\/div><div id=\"gliwi-1361130507\" style=\"margin-bottom: 30px;margin-left: auto;margin-right: auto;text-align: center;\"><a data-no-instant=\"1\" href=\"https:\/\/przedszkole.halogen.org.pl\/\" rel=\"noopener\" class=\"a2t-link\" target=\"_blank\" aria-label=\"20260402-ANIMATOR-przedszkole_grafika_750x200\"><img loading=\"lazy\" decoding=\"async\" src=\"https:\/\/www.24gliwice.pl\/wiadomosci\/wp-content\/uploads\/2026\/04\/20260402-ANIMATOR-przedszkole_grafika_750x200.webp\" alt=\"\"  srcset=\"https:\/\/www.24gliwice.pl\/wiadomosci\/wp-content\/uploads\/2026\/04\/20260402-ANIMATOR-przedszkole_grafika_750x200.webp 750w, https:\/\/www.24gliwice.pl\/wiadomosci\/wp-content\/uploads\/2026\/04\/20260402-ANIMATOR-przedszkole_grafika_750x200-410x109.webp 410w\" sizes=\"(max-width: 750px) 100vw, 750px\" class=\"no-lazyload\" width=\"750\" height=\"200\"  style=\"display: inline-block; max-width: 100%; height: auto;\" \/><\/a><\/div><\/div><h3>Dobrze posiedzie\u0107 na Rynku. Ale nie zawsze jest to mo\u017cliwe za darmo. Coraz wi\u0119cej mieszka\u0144c\u00f3w zwraca uwag\u0119, \u017ce w sercu miasta brakuje \u0142awek, na kt\u00f3rych mo\u017cna by usi\u0105\u015b\u0107, tak po prostu, bez konieczno\u015bci p\u0142acenia za ten &#8220;przywilej&#8221;, w okalaj\u0105cych Rynek ogr\u00f3dkach piwnych.<\/h3>\n<p>&#8211; Trudno usi\u0105\u015b\u0107, tak aby za to nie zap\u0142aci\u0107. Na Rynku s\u0105 \u0142awki, ale jest ich za ma\u0142o \u2013 pisze do nas jeden z Czytelnik\u00f3w. <\/p>\n<p>&#8211; Lubi\u0119 tu spacerowa\u0107, ale najcz\u0119\u015bciej przechodz\u0119 dooko\u0142a i tyle, bo nie ma wolnych \u0142awek \u2013 denerwuje si\u0119 pani Jolanta.<\/p><div class=\"gliwi-a3-w-tresci-artykulow gliwi-entity-placement\" id=\"gliwi-3317697910\"><div class=\"gliwi-adlabel\"><span style=\"font-size: 9px\">REKLAMA<\/span><\/div><div id=\"gliwi-3761846541\" style=\"margin-bottom: 30px;margin-left: auto;margin-right: auto;text-align: center;\"><a data-no-instant=\"1\" href=\"https:\/\/zlobek.halogen.org.pl\/\" rel=\"noopener\" class=\"a2t-link\" target=\"_blank\" aria-label=\"animator-zlobek_750x200\"><img loading=\"lazy\" decoding=\"async\" src=\"https:\/\/www.24gliwice.pl\/wiadomosci\/wp-content\/uploads\/2026\/02\/animator-zlobek_750x200.webp\" alt=\"\"  srcset=\"https:\/\/www.24gliwice.pl\/wiadomosci\/wp-content\/uploads\/2026\/02\/animator-zlobek_750x200.webp 750w, https:\/\/www.24gliwice.pl\/wiadomosci\/wp-content\/uploads\/2026\/02\/animator-zlobek_750x200-410x109.webp 410w\" sizes=\"(max-width: 750px) 100vw, 750px\" class=\"no-lazyload\" width=\"750\" height=\"200\"  style=\"display: inline-block; max-width: 100%; height: auto;\" \/><\/a><\/div><\/div>\n<p>Podobnych zg\u0142osze\u0144, zw\u0142aszcza od os\u00f3b starszych otrzymali\u015bmy co najmniej kilka. Sprawdzili\u015bmy. Na przebudowanej w 2012 roku p\u0142ycie Rynku znajduje si\u0119 \u0142\u0105cznie osiem \u0142awek. Wszystkie w pierzei zachodniej (od strony fontanny) i wschodniej (mi\u0119dzy ul. Bytomsk\u0105, a Matejki). Co ciekawe, od strony &#8220;Empiku&#8221; i dawnego Gwarka nie ma ani jednej \u0142awki. <\/p>\n<p>&#8211; Ilo\u015b\u0107 i rozmieszczenie \u0142awek wynikaj\u0105 z zagospodarowania uwzgl\u0119dnionego w zatwierdzonym projekcie przebudowy Rynku, kt\u00f3ry zosta\u0142 zrealizowany w 2010 roku \u2013 informuje <strong>Dawid Och\u00f3d<\/strong> z Zarz\u0105du Dr\u00f3g Miejskich w Gliwicach, jednostki, kt\u00f3ra sprawuje piecz\u0119 nad p\u0142yt\u0105 Rynku. Dodaje te\u017c, \u017ce do drogowc\u00f3w nie wp\u0142yn\u0119\u0142y wnioski o zwi\u0119kszenie liczby miejsc siedz\u0105cych wok\u00f3\u0142 Ratusza.<\/p>\n<p><img loading=\"lazy\" decoding=\"async\" src=\"https:\/\/www.24gliwice.pl\/wiadomosci\/wp-content\/uploads\/2018\/06\/ryn3.jpg\" alt=\"\" width=\"1200\" height=\"675\" class=\"alignnone size-full wp-image-119332\" srcset=\"https:\/\/www.24gliwice.pl\/wiadomosci\/wp-content\/uploads\/2018\/06\/ryn3.jpg 1200w, https:\/\/www.24gliwice.pl\/wiadomosci\/wp-content\/uploads\/2018\/06\/ryn3-410x232.jpg 410w, https:\/\/www.24gliwice.pl\/wiadomosci\/wp-content\/uploads\/2018\/06\/ryn3-768x432.jpg 768w, https:\/\/www.24gliwice.pl\/wiadomosci\/wp-content\/uploads\/2018\/06\/ryn3-810x456.jpg 810w, https:\/\/www.24gliwice.pl\/wiadomosci\/wp-content\/uploads\/2018\/06\/ryn3-1140x641.jpg 1140w\" sizes=\"auto, (max-width: 1200px) 100vw, 1200px\" \/><\/p>\n<p>Pomys\u0142 ten nie jest jednak nowy. Wniosek pt. \u201eUmeblujmy Rynek\u201d, kt\u00f3ry zak\u0142ada\u0142 monta\u017c mebli miejskich w tym miejscu (opcjonalnie do wyboru: \u0142awki, le\u017caki, krzes\u0142a, sto\u0142y), pojawi\u0142 si\u0119 w 2017 roku w ramach Bud\u017cetu Obywatelskiego.<\/p>\n<p>&#8211;  Dba\u0142o\u015b\u0107 o wyposa\u017cenie przestrzeni publicznej w detale wysokiej jako\u015bci, jak np. obiekty ma\u0142ej architektury, owocuje poprawiaj\u0105cym si\u0119 wizerunkiem miasta. Istniej\u0105cych mebli miejskich niezwi\u0105zanych z ogr\u00f3dkami piwnymi na p\u0142ycie rynku jest zbyt ma\u0142o \u2013 wnioskowa\u0142 w\u00f3wczas za po\u015brednictwem jednego z radnych, <strong>Bartosz Rybczak<\/strong> z OSOM Gliwice.<\/p>\n<p>Inicjatywa nie znalaz\u0142a jednak uznania w oczach weryfikuj\u0105cych wnioski i przepad\u0142a jeszcze przed poddaniem pod g\u0142osowanie.<\/p>\n<p>&#8211; Z uwagi na g\u0119sto\u015b\u0107 letnich kawiarenek zlokalizowanych na p\u0142ycie rynku niemo\u017cliwy jest monta\u017c dodatkowych mebli miejskich. Konieczne jest zachowanie ci\u0105g\u00f3w komunikacyjnych oraz po\u017carowych. Ponadto ustawienie mebli niezwi\u0105zanych na sta\u0142e z pod\u0142o\u017cem mo\u017ce powodowa\u0107 niezbezpiecze\u0144stwo dla pieszych oraz uniemo\u017cliwi kontrol\u0119 nad nimi s\u0142u\u017cbom miejskim \u2013 uzasadniali odmow\u0119 urz\u0119dnicy.<\/p>\n<p>&#8220;\u0141awkowy problem&#8221; pojawi\u0142 si\u0119 te\u017c podczas poprzedniej kampanii wyborczej. W 2014 roku na deficyt \u0142awek uwag\u0119 zwr\u00f3ci\u0142a <strong>Ma\u0142gorzata Tkacz-Janik<\/strong>, \u00f3wczesna kandydatka na prezydenta Gliwic.<\/p>\n<p>&#8211; Samorz\u0105d powinien tworzy\u0107 jak najwi\u0119cej przestrzeni publicznej, gdzie mo\u017cna dzia\u0142a\u0107, ale nie trzeba za to p\u0142aci\u0107. Niech pan popatrzy na gliwicki Rynek. Prosz\u0119 por\u00f3wna\u0107 ilo\u015b\u0107 miejsc na \u0142awkach, a w ogr\u00f3dkach piwnych. Je\u015bli chce Pan tam poby\u0107, to mo\u017ce w\u0142a\u015bciwie tylko w ogr\u00f3dku, gdzie za ten odpoczynek trzeba zap\u0142aci\u0107 \u2013 przekonywa\u0142a w rozmowie z 24gliwice.pl.<\/p>\n<p>&#8211; Nie spotkali\u015bmy si\u0119 do tej pory z takimi wnioskami mieszka\u0144c\u00f3w &#8211; m\u00f3wi <strong>Marek Jarz\u0119bowski<\/strong>, rzecznik prasowy prezydenta Gliwic. &#8211; Spraw\u0119 na pewno przeanalizujemy i zastanowimy si\u0119 nad mo\u017cliwo\u015bciami \u2013 komentuje. <\/p>\n<p>Gliwicki Rynek przebudowany zosta\u0142 w 2011 roku. Koszt inwestycji wyni\u00f3s\u0142 w\u00f3wczas ponad 10 milion\u00f3w z\u0142otych.<\/p>\n<p><strong>Micha\u0142 Szewczyk<\/strong><\/p>\n<div class=\"gliwi-a5-na-koncu-artykulow gliwi-entity-placement\" id=\"gliwi-3478627311\"><div class=\"gliwi-adlabel\"><span style=\"font-size: 9px\">REKLAMA<\/span><\/div><div id=\"gliwi-1627318425\" style=\"margin-left: auto;margin-right: auto;text-align: center;\"><a data-no-instant=\"1\" href=\"https:\/\/www.jasek.pl\/\" rel=\"noopener\" class=\"a2t-link\" target=\"_blank\" aria-label=\"20200401-jasek 600\"><img loading=\"lazy\" decoding=\"async\" src=\"https:\/\/www.24gliwice.pl\/wiadomosci\/wp-content\/uploads\/2020\/04\/20200401-jasek-600.jpg\" alt=\"\"  srcset=\"https:\/\/www.24gliwice.pl\/wiadomosci\/wp-content\/uploads\/2020\/04\/20200401-jasek-600.jpg 600w, https:\/\/www.24gliwice.pl\/wiadomosci\/wp-content\/uploads\/2020\/04\/20200401-jasek-600-410x109.jpg 410w\" sizes=\"(max-width: 600px) 100vw, 600px\" class=\"no-lazyload\" width=\"600\" height=\"160\"  style=\"display: inline-block; max-width: 100%; height: auto;\" \/><\/a><\/div><\/div>","protected":false},"excerpt":{"rendered":"<p>Dobrze posiedzie\u0107 na Rynku. Ale nie zawsze jest to mo\u017cliwe za darmo. Coraz wi\u0119cej mieszka\u0144c\u00f3w zwraca uwag\u0119, \u017ce w sercu miasta brakuje \u0142awek, na kt\u00f3rych mo\u017cna by usi\u0105\u015b\u0107, tak po prostu, bez konieczno\u015bci p\u0142acenia za ten &#8220;przywilej&#8221;, w okalaj\u0105cych Rynek ogr\u00f3dkach piwnych. &#8211; Trudno usi\u0105\u015b\u0107, tak aby za to nie zap\u0142aci\u0107. Na Rynku s\u0105 \u0142awki, [&hellip;]<\/p>\n","protected":false},"author":12,"featured_media":119331,"comment_status":"open","ping_status":"closed","sticky":false,"template":"","format":"standard","meta":{"_monsterinsights_skip_tracking":false,"_monsterinsights_sitenote_active":false,"_monsterinsights_sitenote_note":"","_monsterinsights_sitenote_category":0,"footnotes":"","_links_to":"","_links_to_target":""},"categories":[3,1,9],"tags":[5334,6778],"class_list":["post-119329","post","type-post","status-publish","format-standard","has-post-thumbnail","hentry","category-gliwice","category-wszystko","category-aktualnosci_lokalne","tag-dawid-ochod","tag-rynek"],"yoast_head":"<!-- This site is optimized with the Yoast SEO plugin v27.5 - https:\/\/yoast.com\/product\/yoast-seo-wordpress\/ -->\n<title>Ma\u0142o \u0142awek na Rynku? Czytelnicy: \u201etrudno usi\u0105\u015b\u0107 by za to nie p\u0142aci\u0107\u201d - 24GLIWICE - Portal Gliwice | codziennie nowe informacje<\/title>\n<meta name=\"robots\" content=\"index, follow, max-snippet:-1, max-image-preview:large, max-video-preview:-1\" \/>\n<link rel=\"canonical\" href=\"https:\/\/www.24gliwice.pl\/wiadomosci\/malo-lawek-na-rynku-czytelnicy-trudno-usiasc-by-za-to-nie-placic\/\" \/>\n<meta property=\"og:locale\" content=\"pl_PL\" \/>\n<meta property=\"og:type\" content=\"article\" \/>\n<meta property=\"og:title\" content=\"Ma\u0142o \u0142awek na Rynku? Czytelnicy: \u201etrudno usi\u0105\u015b\u0107 by za to nie p\u0142aci\u0107\u201d - 24GLIWICE - Portal Gliwice | codziennie nowe informacje\" \/>\n<meta property=\"og:description\" content=\"Dobrze posiedzie\u0107 na Rynku. Ale nie zawsze jest to mo\u017cliwe za darmo. Coraz wi\u0119cej mieszka\u0144c\u00f3w zwraca uwag\u0119, \u017ce w sercu miasta brakuje \u0142awek, na kt\u00f3rych mo\u017cna by usi\u0105\u015b\u0107, tak po prostu, bez konieczno\u015bci p\u0142acenia za ten &#8220;przywilej&#8221;, w okalaj\u0105cych Rynek ogr\u00f3dkach piwnych. &#8211; Trudno usi\u0105\u015b\u0107, tak aby za to nie zap\u0142aci\u0107. Na Rynku s\u0105 \u0142awki, [&hellip;]\" \/>\n<meta property=\"og:url\" content=\"https:\/\/www.24gliwice.pl\/wiadomosci\/malo-lawek-na-rynku-czytelnicy-trudno-usiasc-by-za-to-nie-placic\/\" \/>\n<meta property=\"og:site_name\" content=\"24GLIWICE - Portal Gliwice | codziennie nowe informacje\" \/>\n<meta property=\"article:publisher\" content=\"https:\/\/www.facebook.com\/24gliwice\" \/>\n<meta property=\"article:published_time\" content=\"2018-06-25T23:35:29+00:00\" \/>\n<meta property=\"og:image\" content=\"https:\/\/www.24gliwice.pl\/wiadomosci\/wp-content\/uploads\/2018\/06\/ryn2.jpg\" \/>\n\t<meta property=\"og:image:width\" content=\"1200\" \/>\n\t<meta property=\"og:image:height\" content=\"675\" \/>\n\t<meta property=\"og:image:type\" content=\"image\/jpeg\" \/>\n<meta name=\"author\" content=\"Micha\u0142 Szewczyk\" \/>\n<meta name=\"twitter:card\" content=\"summary_large_image\" \/>\n<meta name=\"twitter:creator\" content=\"@24gliwice\" \/>\n<meta name=\"twitter:site\" content=\"@24gliwice\" \/>\n<meta name=\"twitter:label1\" content=\"Napisane przez\" \/>\n\t<meta name=\"twitter:data1\" content=\"Micha\u0142 Szewczyk\" \/>\n\t<meta name=\"twitter:label2\" content=\"Szacowany czas czytania\" \/>\n\t<meta name=\"twitter:data2\" content=\"3 minuty\" \/>\n<script type=\"application\/ld+json\" class=\"yoast-schema-graph\">{\"@context\":\"https:\\\/\\\/schema.org\",\"@graph\":[{\"@type\":\"Article\",\"@id\":\"https:\\\/\\\/www.24gliwice.pl\\\/wiadomosci\\\/malo-lawek-na-rynku-czytelnicy-trudno-usiasc-by-za-to-nie-placic\\\/#article\",\"isPartOf\":{\"@id\":\"https:\\\/\\\/www.24gliwice.pl\\\/wiadomosci\\\/malo-lawek-na-rynku-czytelnicy-trudno-usiasc-by-za-to-nie-placic\\\/\"},\"author\":{\"name\":\"Micha\u0142 Szewczyk\",\"@id\":\"https:\\\/\\\/www.24gliwice.pl\\\/wiadomosci\\\/#\\\/schema\\\/person\\\/940e8f8a097e322de4f463f061ef8d45\"},\"headline\":\"Ma\u0142o \u0142awek na Rynku? Czytelnicy: \u201etrudno usi\u0105\u015b\u0107 by za to nie p\u0142aci\u0107\u201d\",\"datePublished\":\"2018-06-25T23:35:29+00:00\",\"mainEntityOfPage\":{\"@id\":\"https:\\\/\\\/www.24gliwice.pl\\\/wiadomosci\\\/malo-lawek-na-rynku-czytelnicy-trudno-usiasc-by-za-to-nie-placic\\\/\"},\"wordCount\":563,\"commentCount\":0,\"publisher\":{\"@id\":\"https:\\\/\\\/www.24gliwice.pl\\\/wiadomosci\\\/#organization\"},\"image\":{\"@id\":\"https:\\\/\\\/www.24gliwice.pl\\\/wiadomosci\\\/malo-lawek-na-rynku-czytelnicy-trudno-usiasc-by-za-to-nie-placic\\\/#primaryimage\"},\"thumbnailUrl\":\"https:\\\/\\\/www.24gliwice.pl\\\/wiadomosci\\\/wp-content\\\/uploads\\\/2018\\\/06\\\/ryn2.jpg\",\"keywords\":[\"DAWID OCH\u00d3D\",\"RYNEK\"],\"articleSection\":[\"Gliwice\",\"Najnowsze wiadomo\u015bci\",\"Portal Gliwice - Wiadomo\u015bci lokalne\"],\"inLanguage\":\"pl-PL\",\"potentialAction\":[{\"@type\":\"CommentAction\",\"name\":\"Comment\",\"target\":[\"https:\\\/\\\/www.24gliwice.pl\\\/wiadomosci\\\/malo-lawek-na-rynku-czytelnicy-trudno-usiasc-by-za-to-nie-placic\\\/#respond\"]}]},{\"@type\":\"WebPage\",\"@id\":\"https:\\\/\\\/www.24gliwice.pl\\\/wiadomosci\\\/malo-lawek-na-rynku-czytelnicy-trudno-usiasc-by-za-to-nie-placic\\\/\",\"url\":\"https:\\\/\\\/www.24gliwice.pl\\\/wiadomosci\\\/malo-lawek-na-rynku-czytelnicy-trudno-usiasc-by-za-to-nie-placic\\\/\",\"name\":\"Ma\u0142o \u0142awek na Rynku? Czytelnicy: \u201etrudno usi\u0105\u015b\u0107 by za to nie p\u0142aci\u0107\u201d - 24GLIWICE - Portal Gliwice | codziennie nowe informacje\",\"isPartOf\":{\"@id\":\"https:\\\/\\\/www.24gliwice.pl\\\/wiadomosci\\\/#website\"},\"primaryImageOfPage\":{\"@id\":\"https:\\\/\\\/www.24gliwice.pl\\\/wiadomosci\\\/malo-lawek-na-rynku-czytelnicy-trudno-usiasc-by-za-to-nie-placic\\\/#primaryimage\"},\"image\":{\"@id\":\"https:\\\/\\\/www.24gliwice.pl\\\/wiadomosci\\\/malo-lawek-na-rynku-czytelnicy-trudno-usiasc-by-za-to-nie-placic\\\/#primaryimage\"},\"thumbnailUrl\":\"https:\\\/\\\/www.24gliwice.pl\\\/wiadomosci\\\/wp-content\\\/uploads\\\/2018\\\/06\\\/ryn2.jpg\",\"datePublished\":\"2018-06-25T23:35:29+00:00\",\"breadcrumb\":{\"@id\":\"https:\\\/\\\/www.24gliwice.pl\\\/wiadomosci\\\/malo-lawek-na-rynku-czytelnicy-trudno-usiasc-by-za-to-nie-placic\\\/#breadcrumb\"},\"inLanguage\":\"pl-PL\",\"potentialAction\":[{\"@type\":\"ReadAction\",\"target\":[\"https:\\\/\\\/www.24gliwice.pl\\\/wiadomosci\\\/malo-lawek-na-rynku-czytelnicy-trudno-usiasc-by-za-to-nie-placic\\\/\"]}]},{\"@type\":\"ImageObject\",\"inLanguage\":\"pl-PL\",\"@id\":\"https:\\\/\\\/www.24gliwice.pl\\\/wiadomosci\\\/malo-lawek-na-rynku-czytelnicy-trudno-usiasc-by-za-to-nie-placic\\\/#primaryimage\",\"url\":\"https:\\\/\\\/www.24gliwice.pl\\\/wiadomosci\\\/wp-content\\\/uploads\\\/2018\\\/06\\\/ryn2.jpg\",\"contentUrl\":\"https:\\\/\\\/www.24gliwice.pl\\\/wiadomosci\\\/wp-content\\\/uploads\\\/2018\\\/06\\\/ryn2.jpg\",\"width\":1200,\"height\":675},{\"@type\":\"BreadcrumbList\",\"@id\":\"https:\\\/\\\/www.24gliwice.pl\\\/wiadomosci\\\/malo-lawek-na-rynku-czytelnicy-trudno-usiasc-by-za-to-nie-placic\\\/#breadcrumb\",\"itemListElement\":[{\"@type\":\"ListItem\",\"position\":1,\"name\":\"Strona g\u0142\u00f3wna\",\"item\":\"https:\\\/\\\/www.24gliwice.pl\\\/wiadomosci\\\/\"},{\"@type\":\"ListItem\",\"position\":2,\"name\":\"Ma\u0142o \u0142awek na Rynku? Czytelnicy: \u201etrudno usi\u0105\u015b\u0107 by za to nie p\u0142aci\u0107\u201d\"}]},{\"@type\":\"WebSite\",\"@id\":\"https:\\\/\\\/www.24gliwice.pl\\\/wiadomosci\\\/#website\",\"url\":\"https:\\\/\\\/www.24gliwice.pl\\\/wiadomosci\\\/\",\"name\":\"24GLIWICE - Portal Gliwice | codziennie nowe wiadomo\u015bci\",\"description\":\"Portal Miejski Gliwice\",\"publisher\":{\"@id\":\"https:\\\/\\\/www.24gliwice.pl\\\/wiadomosci\\\/#organization\"},\"potentialAction\":[{\"@type\":\"SearchAction\",\"target\":{\"@type\":\"EntryPoint\",\"urlTemplate\":\"https:\\\/\\\/www.24gliwice.pl\\\/wiadomosci\\\/?s={search_term_string}\"},\"query-input\":{\"@type\":\"PropertyValueSpecification\",\"valueRequired\":true,\"valueName\":\"search_term_string\"}}],\"inLanguage\":\"pl-PL\"},{\"@type\":\"Organization\",\"@id\":\"https:\\\/\\\/www.24gliwice.pl\\\/wiadomosci\\\/#organization\",\"name\":\"24gliwice\",\"url\":\"https:\\\/\\\/www.24gliwice.pl\\\/wiadomosci\\\/\",\"logo\":{\"@type\":\"ImageObject\",\"inLanguage\":\"pl-PL\",\"@id\":\"https:\\\/\\\/www.24gliwice.pl\\\/wiadomosci\\\/#\\\/schema\\\/logo\\\/image\\\/\",\"url\":\"https:\\\/\\\/www.24gliwice.pl\\\/wiadomosci\\\/wp-content\\\/uploads\\\/2024\\\/10\\\/24gliwice-logo-696.jpg\",\"contentUrl\":\"https:\\\/\\\/www.24gliwice.pl\\\/wiadomosci\\\/wp-content\\\/uploads\\\/2024\\\/10\\\/24gliwice-logo-696.jpg\",\"width\":696,\"height\":696,\"caption\":\"24gliwice\"},\"image\":{\"@id\":\"https:\\\/\\\/www.24gliwice.pl\\\/wiadomosci\\\/#\\\/schema\\\/logo\\\/image\\\/\"},\"sameAs\":[\"https:\\\/\\\/www.facebook.com\\\/24gliwice\",\"https:\\\/\\\/x.com\\\/24gliwice\",\"https:\\\/\\\/www.youtube.com\\\/@24gliwice\"]},{\"@type\":\"Person\",\"@id\":\"https:\\\/\\\/www.24gliwice.pl\\\/wiadomosci\\\/#\\\/schema\\\/person\\\/940e8f8a097e322de4f463f061ef8d45\",\"name\":\"Micha\u0142 Szewczyk\",\"image\":{\"@type\":\"ImageObject\",\"inLanguage\":\"pl-PL\",\"@id\":\"https:\\\/\\\/secure.gravatar.com\\\/avatar\\\/771b8b6c74cd8d255e46392d605e01a86133900ef09b6ef3c8d451c9d92288cf?s=96&d=mm&r=g\",\"url\":\"https:\\\/\\\/secure.gravatar.com\\\/avatar\\\/771b8b6c74cd8d255e46392d605e01a86133900ef09b6ef3c8d451c9d92288cf?s=96&d=mm&r=g\",\"contentUrl\":\"https:\\\/\\\/secure.gravatar.com\\\/avatar\\\/771b8b6c74cd8d255e46392d605e01a86133900ef09b6ef3c8d451c9d92288cf?s=96&d=mm&r=g\",\"caption\":\"Micha\u0142 Szewczyk\"},\"sameAs\":[\"http:\\\/\\\/www.gazeta-miejska.pl\"],\"url\":\"https:\\\/\\\/www.24gliwice.pl\\\/wiadomosci\\\/author\\\/michal-szewczyk\\\/\"}]}<\/script>\n<!-- \/ Yoast SEO plugin. -->","yoast_head_json":{"title":"Ma\u0142o \u0142awek na Rynku? Czytelnicy: \u201etrudno usi\u0105\u015b\u0107 by za to nie p\u0142aci\u0107\u201d - 24GLIWICE - Portal Gliwice | codziennie nowe informacje","robots":{"index":"index","follow":"follow","max-snippet":"max-snippet:-1","max-image-preview":"max-image-preview:large","max-video-preview":"max-video-preview:-1"},"canonical":"https:\/\/www.24gliwice.pl\/wiadomosci\/malo-lawek-na-rynku-czytelnicy-trudno-usiasc-by-za-to-nie-placic\/","og_locale":"pl_PL","og_type":"article","og_title":"Ma\u0142o \u0142awek na Rynku? Czytelnicy: \u201etrudno usi\u0105\u015b\u0107 by za to nie p\u0142aci\u0107\u201d - 24GLIWICE - Portal Gliwice | codziennie nowe informacje","og_description":"Dobrze posiedzie\u0107 na Rynku. Ale nie zawsze jest to mo\u017cliwe za darmo. Coraz wi\u0119cej mieszka\u0144c\u00f3w zwraca uwag\u0119, \u017ce w sercu miasta brakuje \u0142awek, na kt\u00f3rych mo\u017cna by usi\u0105\u015b\u0107, tak po prostu, bez konieczno\u015bci p\u0142acenia za ten &#8220;przywilej&#8221;, w okalaj\u0105cych Rynek ogr\u00f3dkach piwnych. &#8211; Trudno usi\u0105\u015b\u0107, tak aby za to nie zap\u0142aci\u0107. Na Rynku s\u0105 \u0142awki, [&hellip;]","og_url":"https:\/\/www.24gliwice.pl\/wiadomosci\/malo-lawek-na-rynku-czytelnicy-trudno-usiasc-by-za-to-nie-placic\/","og_site_name":"24GLIWICE - Portal Gliwice | codziennie nowe informacje","article_publisher":"https:\/\/www.facebook.com\/24gliwice","article_published_time":"2018-06-25T23:35:29+00:00","og_image":[{"width":1200,"height":675,"url":"https:\/\/www.24gliwice.pl\/wiadomosci\/wp-content\/uploads\/2018\/06\/ryn2.jpg","type":"image\/jpeg"}],"author":"Micha\u0142 Szewczyk","twitter_card":"summary_large_image","twitter_creator":"@24gliwice","twitter_site":"@24gliwice","twitter_misc":{"Napisane przez":"Micha\u0142 Szewczyk","Szacowany czas czytania":"3 minuty"},"schema":{"@context":"https:\/\/schema.org","@graph":[{"@type":"Article","@id":"https:\/\/www.24gliwice.pl\/wiadomosci\/malo-lawek-na-rynku-czytelnicy-trudno-usiasc-by-za-to-nie-placic\/#article","isPartOf":{"@id":"https:\/\/www.24gliwice.pl\/wiadomosci\/malo-lawek-na-rynku-czytelnicy-trudno-usiasc-by-za-to-nie-placic\/"},"author":{"name":"Micha\u0142 Szewczyk","@id":"https:\/\/www.24gliwice.pl\/wiadomosci\/#\/schema\/person\/940e8f8a097e322de4f463f061ef8d45"},"headline":"Ma\u0142o \u0142awek na Rynku? Czytelnicy: \u201etrudno usi\u0105\u015b\u0107 by za to nie p\u0142aci\u0107\u201d","datePublished":"2018-06-25T23:35:29+00:00","mainEntityOfPage":{"@id":"https:\/\/www.24gliwice.pl\/wiadomosci\/malo-lawek-na-rynku-czytelnicy-trudno-usiasc-by-za-to-nie-placic\/"},"wordCount":563,"commentCount":0,"publisher":{"@id":"https:\/\/www.24gliwice.pl\/wiadomosci\/#organization"},"image":{"@id":"https:\/\/www.24gliwice.pl\/wiadomosci\/malo-lawek-na-rynku-czytelnicy-trudno-usiasc-by-za-to-nie-placic\/#primaryimage"},"thumbnailUrl":"https:\/\/www.24gliwice.pl\/wiadomosci\/wp-content\/uploads\/2018\/06\/ryn2.jpg","keywords":["DAWID OCH\u00d3D","RYNEK"],"articleSection":["Gliwice","Najnowsze wiadomo\u015bci","Portal Gliwice - Wiadomo\u015bci lokalne"],"inLanguage":"pl-PL","potentialAction":[{"@type":"CommentAction","name":"Comment","target":["https:\/\/www.24gliwice.pl\/wiadomosci\/malo-lawek-na-rynku-czytelnicy-trudno-usiasc-by-za-to-nie-placic\/#respond"]}]},{"@type":"WebPage","@id":"https:\/\/www.24gliwice.pl\/wiadomosci\/malo-lawek-na-rynku-czytelnicy-trudno-usiasc-by-za-to-nie-placic\/","url":"https:\/\/www.24gliwice.pl\/wiadomosci\/malo-lawek-na-rynku-czytelnicy-trudno-usiasc-by-za-to-nie-placic\/","name":"Ma\u0142o \u0142awek na Rynku? Czytelnicy: \u201etrudno usi\u0105\u015b\u0107 by za to nie p\u0142aci\u0107\u201d - 24GLIWICE - Portal Gliwice | codziennie nowe informacje","isPartOf":{"@id":"https:\/\/www.24gliwice.pl\/wiadomosci\/#website"},"primaryImageOfPage":{"@id":"https:\/\/www.24gliwice.pl\/wiadomosci\/malo-lawek-na-rynku-czytelnicy-trudno-usiasc-by-za-to-nie-placic\/#primaryimage"},"image":{"@id":"https:\/\/www.24gliwice.pl\/wiadomosci\/malo-lawek-na-rynku-czytelnicy-trudno-usiasc-by-za-to-nie-placic\/#primaryimage"},"thumbnailUrl":"https:\/\/www.24gliwice.pl\/wiadomosci\/wp-content\/uploads\/2018\/06\/ryn2.jpg","datePublished":"2018-06-25T23:35:29+00:00","breadcrumb":{"@id":"https:\/\/www.24gliwice.pl\/wiadomosci\/malo-lawek-na-rynku-czytelnicy-trudno-usiasc-by-za-to-nie-placic\/#breadcrumb"},"inLanguage":"pl-PL","potentialAction":[{"@type":"ReadAction","target":["https:\/\/www.24gliwice.pl\/wiadomosci\/malo-lawek-na-rynku-czytelnicy-trudno-usiasc-by-za-to-nie-placic\/"]}]},{"@type":"ImageObject","inLanguage":"pl-PL","@id":"https:\/\/www.24gliwice.pl\/wiadomosci\/malo-lawek-na-rynku-czytelnicy-trudno-usiasc-by-za-to-nie-placic\/#primaryimage","url":"https:\/\/www.24gliwice.pl\/wiadomosci\/wp-content\/uploads\/2018\/06\/ryn2.jpg","contentUrl":"https:\/\/www.24gliwice.pl\/wiadomosci\/wp-content\/uploads\/2018\/06\/ryn2.jpg","width":1200,"height":675},{"@type":"BreadcrumbList","@id":"https:\/\/www.24gliwice.pl\/wiadomosci\/malo-lawek-na-rynku-czytelnicy-trudno-usiasc-by-za-to-nie-placic\/#breadcrumb","itemListElement":[{"@type":"ListItem","position":1,"name":"Strona g\u0142\u00f3wna","item":"https:\/\/www.24gliwice.pl\/wiadomosci\/"},{"@type":"ListItem","position":2,"name":"Ma\u0142o \u0142awek na Rynku? Czytelnicy: \u201etrudno usi\u0105\u015b\u0107 by za to nie p\u0142aci\u0107\u201d"}]},{"@type":"WebSite","@id":"https:\/\/www.24gliwice.pl\/wiadomosci\/#website","url":"https:\/\/www.24gliwice.pl\/wiadomosci\/","name":"24GLIWICE - Portal Gliwice | codziennie nowe wiadomo\u015bci","description":"Portal Miejski Gliwice","publisher":{"@id":"https:\/\/www.24gliwice.pl\/wiadomosci\/#organization"},"potentialAction":[{"@type":"SearchAction","target":{"@type":"EntryPoint","urlTemplate":"https:\/\/www.24gliwice.pl\/wiadomosci\/?s={search_term_string}"},"query-input":{"@type":"PropertyValueSpecification","valueRequired":true,"valueName":"search_term_string"}}],"inLanguage":"pl-PL"},{"@type":"Organization","@id":"https:\/\/www.24gliwice.pl\/wiadomosci\/#organization","name":"24gliwice","url":"https:\/\/www.24gliwice.pl\/wiadomosci\/","logo":{"@type":"ImageObject","inLanguage":"pl-PL","@id":"https:\/\/www.24gliwice.pl\/wiadomosci\/#\/schema\/logo\/image\/","url":"https:\/\/www.24gliwice.pl\/wiadomosci\/wp-content\/uploads\/2024\/10\/24gliwice-logo-696.jpg","contentUrl":"https:\/\/www.24gliwice.pl\/wiadomosci\/wp-content\/uploads\/2024\/10\/24gliwice-logo-696.jpg","width":696,"height":696,"caption":"24gliwice"},"image":{"@id":"https:\/\/www.24gliwice.pl\/wiadomosci\/#\/schema\/logo\/image\/"},"sameAs":["https:\/\/www.facebook.com\/24gliwice","https:\/\/x.com\/24gliwice","https:\/\/www.youtube.com\/@24gliwice"]},{"@type":"Person","@id":"https:\/\/www.24gliwice.pl\/wiadomosci\/#\/schema\/person\/940e8f8a097e322de4f463f061ef8d45","name":"Micha\u0142 Szewczyk","image":{"@type":"ImageObject","inLanguage":"pl-PL","@id":"https:\/\/secure.gravatar.com\/avatar\/771b8b6c74cd8d255e46392d605e01a86133900ef09b6ef3c8d451c9d92288cf?s=96&d=mm&r=g","url":"https:\/\/secure.gravatar.com\/avatar\/771b8b6c74cd8d255e46392d605e01a86133900ef09b6ef3c8d451c9d92288cf?s=96&d=mm&r=g","contentUrl":"https:\/\/secure.gravatar.com\/avatar\/771b8b6c74cd8d255e46392d605e01a86133900ef09b6ef3c8d451c9d92288cf?s=96&d=mm&r=g","caption":"Micha\u0142 Szewczyk"},"sameAs":["http:\/\/www.gazeta-miejska.pl"],"url":"https:\/\/www.24gliwice.pl\/wiadomosci\/author\/michal-szewczyk\/"}]}},"_links":{"self":[{"href":"https:\/\/www.24gliwice.pl\/wiadomosci\/wp-json\/wp\/v2\/posts\/119329","targetHints":{"allow":["GET"]}}],"collection":[{"href":"https:\/\/www.24gliwice.pl\/wiadomosci\/wp-json\/wp\/v2\/posts"}],"about":[{"href":"https:\/\/www.24gliwice.pl\/wiadomosci\/wp-json\/wp\/v2\/types\/post"}],"author":[{"embeddable":true,"href":"https:\/\/www.24gliwice.pl\/wiadomosci\/wp-json\/wp\/v2\/users\/12"}],"replies":[{"embeddable":true,"href":"https:\/\/www.24gliwice.pl\/wiadomosci\/wp-json\/wp\/v2\/comments?post=119329"}],"version-history":[{"count":0,"href":"https:\/\/www.24gliwice.pl\/wiadomosci\/wp-json\/wp\/v2\/posts\/119329\/revisions"}],"wp:featuredmedia":[{"embeddable":true,"href":"https:\/\/www.24gliwice.pl\/wiadomosci\/wp-json\/wp\/v2\/media\/119331"}],"wp:attachment":[{"href":"https:\/\/www.24gliwice.pl\/wiadomosci\/wp-json\/wp\/v2\/media?parent=119329"}],"wp:term":[{"taxonomy":"category","embeddable":true,"href":"https:\/\/www.24gliwice.pl\/wiadomosci\/wp-json\/wp\/v2\/categories?post=119329"},{"taxonomy":"post_tag","embeddable":true,"href":"https:\/\/www.24gliwice.pl\/wiadomosci\/wp-json\/wp\/v2\/tags?post=119329"}],"curies":[{"name":"wp","href":"https:\/\/api.w.org\/{rel}","templated":true}]}}