{"id":119412,"date":"2018-07-06T13:23:42","date_gmt":"2018-07-06T11:23:42","guid":{"rendered":"https:\/\/www.24gliwice.pl\/wiadomosci\/?p=119412"},"modified":"2018-07-06T13:23:42","modified_gmt":"2018-07-06T11:23:42","slug":"miasto-podziekuje-rodzicom-za-wybor-miejsca-porodu-w-gliwickim-szpitalu-przygotowalo-wyprawke","status":"publish","type":"post","link":"https:\/\/www.24gliwice.pl\/wiadomosci\/miasto-podziekuje-rodzicom-za-wybor-miejsca-porodu-w-gliwickim-szpitalu-przygotowalo-wyprawke\/","title":{"rendered":"Miasto podzi\u0119kuje rodzicom za wyb\u00f3r miejsca porodu w gliwickim szpitalu. Przygotowa\u0142o wyprawk\u0119"},"content":{"rendered":"<div class=\"gliwi-a6-nad-leadem-artykulow gliwi-entity-placement\" id=\"gliwi-3890877869\"><div class=\"gliwi-adlabel\"><span style=\"font-size: 9px\">REKLAMA<\/span><\/div><div id=\"gliwi-1736242128\" style=\"margin-bottom: 30px;margin-left: auto;margin-right: auto;text-align: center;\"><a data-no-instant=\"1\" href=\"https:\/\/przedszkole.halogen.org.pl\/\" rel=\"noopener\" class=\"a2t-link\" target=\"_blank\" aria-label=\"20260402-ANIMATOR-przedszkole_grafika_750x200\"><img loading=\"lazy\" decoding=\"async\" src=\"https:\/\/www.24gliwice.pl\/wiadomosci\/wp-content\/uploads\/2026\/04\/20260402-ANIMATOR-przedszkole_grafika_750x200.webp\" alt=\"\"  srcset=\"https:\/\/www.24gliwice.pl\/wiadomosci\/wp-content\/uploads\/2026\/04\/20260402-ANIMATOR-przedszkole_grafika_750x200.webp 750w, https:\/\/www.24gliwice.pl\/wiadomosci\/wp-content\/uploads\/2026\/04\/20260402-ANIMATOR-przedszkole_grafika_750x200-410x109.webp 410w\" sizes=\"(max-width: 750px) 100vw, 750px\" class=\"no-lazyload\" width=\"750\" height=\"200\"  style=\"display: inline-block; max-width: 100%; height: auto;\" \/><\/a><\/div><\/div><h3>Miasto szykuje wyprawk\u0119 dla dzieci, kt\u00f3re od wrze\u015bnia urodz\u0105 si\u0119 na gliwickiej porod\u00f3wce. Ka\u017cdy element zestawu, poza produktami od partner\u00f3w szpitala, oznaczony b\u0119dzie nadrukiem promocyjnym.<\/h3>\n<p>Blisko 60 tysi\u0119cy z\u0142otych kosztowa\u0107 b\u0119d\u0105 magistrat kocyki minky, kt\u00f3re b\u0119d\u0105 rozdawane rodzicom przy urodzeniu dziecka. Miasto na swojej stronie internetowej zapowiada to nast\u0119puj\u0105co.<\/p>\n[perfectpullquote align=&#8221;full&#8221; bordertop=&#8221;false&#8221; cite=&#8221;&#8221; link=&#8221;&#8221; color=&#8221;&#8221; class=&#8221;&#8221; size=&#8221;&#8221;]<em>Od wrze\u015bnia ka\u017cdy maluszek, kt\u00f3ry przyjdzie na \u015bwiat w gliwickim Szpitalu Wielospecjalistycznym, otrzyma specjaln\u0105 wyprawk\u0119. Miasto chce w ten spos\u00f3b podzi\u0119kowa\u0107 rodzicom, kt\u00f3rzy wybrali Gliwice na miejsce urodzin swojego dziecka.<\/em>[\/perfectpullquote]\n<p>W sk\u0142ad wyprawki wchodzi m.in. dwustronny kocyk z kolorowej bawe\u0142ny w kratk\u0119 i mi\u0119kkiego w dotyku pluszu minky oraz tzw. buff, to jest elastyczny komin z przyjemnego materia\u0142u, kt\u00f3ry mo\u017ce ochroni\u0107 szyj\u0119 lub g\u0142ow\u0119 maluszka. Do wyboru b\u0119d\u0105 dwie wersje kolorystyczne \u2013 be\u017cowa i niebieska. Ka\u017cdy z upomink\u00f3w b\u0119dzie zawiera\u0142 element identyfikacji wizualnej miasta. Opr\u00f3cz wspomnianych gad\u017cet\u00f3w, znajdzie si\u0119 tam r\u00f3wnie\u017c paczka pieluch Pampers i mi\u0119kka grzechotka.<\/p><div class=\"gliwi-a3-w-tresci-artykulow gliwi-entity-placement\" id=\"gliwi-3419707581\"><div class=\"gliwi-adlabel\"><span style=\"font-size: 9px\">REKLAMA<\/span><\/div><div id=\"gliwi-3161514719\" style=\"margin-bottom: 30px;margin-left: auto;margin-right: auto;text-align: center;\"><a data-no-instant=\"1\" href=\"https:\/\/zlobek.halogen.org.pl\/\" rel=\"noopener\" class=\"a2t-link\" target=\"_blank\" aria-label=\"animator-zlobek_750x200\"><img loading=\"lazy\" decoding=\"async\" src=\"https:\/\/www.24gliwice.pl\/wiadomosci\/wp-content\/uploads\/2026\/02\/animator-zlobek_750x200.webp\" alt=\"\"  srcset=\"https:\/\/www.24gliwice.pl\/wiadomosci\/wp-content\/uploads\/2026\/02\/animator-zlobek_750x200.webp 750w, https:\/\/www.24gliwice.pl\/wiadomosci\/wp-content\/uploads\/2026\/02\/animator-zlobek_750x200-410x109.webp 410w\" sizes=\"(max-width: 750px) 100vw, 750px\" class=\"no-lazyload\" width=\"750\" height=\"200\"  style=\"display: inline-block; max-width: 100%; height: auto;\" \/><\/a><\/div><\/div>\n<p>&#8211; Przygotowuj\u0105c zestaw starali\u015bmy si\u0119 wybra\u0107 rzeczy przydatne, estetyczne i wykonane z naturalnych, przyjaznych dzieciom materia\u0142\u00f3w. Mamy nadziej\u0119, \u017ce spodobaj\u0105 si\u0119 rodzicom, a ten wyj\u0105tkowy moment w \u017cyciu, jakim s\u0105 narodziny dziecka, b\u0119dzie si\u0119 dobrze kojarzy\u0142 z naszym miastem &#8211; wyja\u015bnia na \u0142amach MSI <strong>Pawe\u0142 Staszel<\/strong>, naczelnik Wydzia\u0142u Kultury i Promocji Miasta Urz\u0119du Miejskiego w Gliwicach.<\/p>\n<h4>Intensywna promocja<\/h4>\n<p>W ostatnim czasie Miasto coraz cz\u0119\u015bciej podejmuje r\u00f3\u017cne akcje maj\u0105ce na celu promocj\u0119 Gliwic. Niedawno informowali\u015bmy o <a href=\"https:\/\/www.24gliwice.pl\/wiadomosci\/wielka-kampania-reklamowa-gliwic\/\" target=\"_blank\" rel=\"noopener\">du\u017cej kampanii w og\u00f3lnopolskich stacjach telewizyjnych<\/a>. Poza plakatami, ulotkami, materia\u0142ami sponsorowanymi w prasie, spore \u015brodki przeznaczane s\u0105 r\u00f3wnie\u017c na gad\u017cety reklamowe. Kilka dni temu donosili\u015bmy o <a href=\"https:\/\/www.24gliwice.pl\/wiadomosci\/zostan-gliwiczaninem-dostaniesz-kubek-i-koszulke-tak-miasto-zacheca-do-stalego-meldunku\/\" target=\"_blank\" rel=\"noopener\">prezentach, jakie magistrat rozdaje osobom decyduj\u0105cym si\u0119 na zameldowanie w Gliwicach na pobyt sta\u0142y<\/a>.<\/p>\n<div id=\"attachment_119795\" style=\"width: 820px\" class=\"wp-caption alignnone\"><img loading=\"lazy\" decoding=\"async\" aria-describedby=\"caption-attachment-119795\" class=\"wp-image-119795 size-full\" src=\"https:\/\/www.24gliwice.pl\/wiadomosci\/wp-content\/uploads\/2018\/07\/lew-gliwek-e1530866938970.jpg\" alt=\"\" width=\"810\" height=\"456\" \/><p id=\"caption-attachment-119795\" class=\"wp-caption-text\">fot. S. Micha\u0142uszek\/UM Gliwice<\/p><\/div>\n<p>(\u017cms)\/MSI<br \/>\nfot. T. Kr\u00f3lik, S. Micha\u0142uszek\/UM Gliwice<\/p>\n<div class=\"gliwi-a5-na-koncu-artykulow gliwi-entity-placement\" id=\"gliwi-3570456774\"><div class=\"gliwi-adlabel\"><span style=\"font-size: 9px\">REKLAMA<\/span><\/div><div id=\"gliwi-3360620103\" style=\"margin-left: auto;margin-right: auto;text-align: center;\"><a data-no-instant=\"1\" href=\"https:\/\/prezeroarenagliwice.pl\/\" rel=\"noopener\" class=\"a2t-link\" target=\"_blank\" aria-label=\"20260309-PREZERO-WIOSNA-D\"><img loading=\"lazy\" decoding=\"async\" src=\"https:\/\/www.24gliwice.pl\/wiadomosci\/wp-content\/uploads\/2026\/03\/20260309-PREZERO-WIOSNA-D.webp\" alt=\"\"  srcset=\"https:\/\/www.24gliwice.pl\/wiadomosci\/wp-content\/uploads\/2026\/03\/20260309-PREZERO-WIOSNA-D.webp 750w, https:\/\/www.24gliwice.pl\/wiadomosci\/wp-content\/uploads\/2026\/03\/20260309-PREZERO-WIOSNA-D-410x109.webp 410w\" sizes=\"(max-width: 750px) 100vw, 750px\" class=\"no-lazyload\" width=\"750\" height=\"200\"  style=\"display: inline-block; max-width: 100%; height: auto;\" \/><\/a><\/div><\/div>","protected":false},"excerpt":{"rendered":"<p>Miasto szykuje wyprawk\u0119 dla dzieci, kt\u00f3re od wrze\u015bnia urodz\u0105 si\u0119 na gliwickiej porod\u00f3wce. Ka\u017cdy element zestawu, poza produktami od partner\u00f3w szpitala, oznaczony b\u0119dzie nadrukiem promocyjnym. Blisko 60 tysi\u0119cy z\u0142otych kosztowa\u0107 b\u0119d\u0105 magistrat kocyki minky, kt\u00f3re b\u0119d\u0105 rozdawane rodzicom przy urodzeniu dziecka. Miasto na swojej stronie internetowej zapowiada to nast\u0119puj\u0105co. [perfectpullquote align=&#8221;full&#8221; bordertop=&#8221;false&#8221; cite=&#8221;&#8221; link=&#8221;&#8221; color=&#8221;&#8221; [&hellip;]<\/p>\n","protected":false},"author":15,"featured_media":119796,"comment_status":"open","ping_status":"closed","sticky":false,"template":"","format":"standard","meta":{"_monsterinsights_skip_tracking":false,"_monsterinsights_sitenote_active":false,"_monsterinsights_sitenote_note":"","_monsterinsights_sitenote_category":0,"footnotes":"","_links_to":"","_links_to_target":""},"categories":[3,1],"tags":[1189,5912,8475,12840],"class_list":["post-119412","post","type-post","status-publish","format-standard","has-post-thumbnail","hentry","category-gliwice","category-wszystko","tag-dzieci","tag-promocja","tag-szpital-wielospecjalistyczny","tag-wyprawka"],"yoast_head":"<!-- This site is optimized with the Yoast SEO plugin v27.5 - https:\/\/yoast.com\/product\/yoast-seo-wordpress\/ -->\n<title>Miasto podzi\u0119kuje rodzicom za wyb\u00f3r miejsca porodu w gliwickim szpitalu. Przygotowa\u0142o wyprawk\u0119 - 24GLIWICE - Portal Gliwice | codziennie nowe informacje<\/title>\n<meta name=\"robots\" content=\"index, follow, max-snippet:-1, max-image-preview:large, max-video-preview:-1\" \/>\n<link rel=\"canonical\" href=\"https:\/\/www.24gliwice.pl\/wiadomosci\/miasto-podziekuje-rodzicom-za-wybor-miejsca-porodu-w-gliwickim-szpitalu-przygotowalo-wyprawke\/\" \/>\n<meta property=\"og:locale\" content=\"pl_PL\" \/>\n<meta property=\"og:type\" content=\"article\" \/>\n<meta property=\"og:title\" content=\"Miasto podzi\u0119kuje rodzicom za wyb\u00f3r miejsca porodu w gliwickim szpitalu. Przygotowa\u0142o wyprawk\u0119 - 24GLIWICE - Portal Gliwice | codziennie nowe informacje\" \/>\n<meta property=\"og:description\" content=\"Miasto szykuje wyprawk\u0119 dla dzieci, kt\u00f3re od wrze\u015bnia urodz\u0105 si\u0119 na gliwickiej porod\u00f3wce. Ka\u017cdy element zestawu, poza produktami od partner\u00f3w szpitala, oznaczony b\u0119dzie nadrukiem promocyjnym. Blisko 60 tysi\u0119cy z\u0142otych kosztowa\u0107 b\u0119d\u0105 magistrat kocyki minky, kt\u00f3re b\u0119d\u0105 rozdawane rodzicom przy urodzeniu dziecka. Miasto na swojej stronie internetowej zapowiada to nast\u0119puj\u0105co. [perfectpullquote align=&#8221;full&#8221; bordertop=&#8221;false&#8221; cite=&#8221;&#8221; link=&#8221;&#8221; color=&#8221;&#8221; [&hellip;]\" \/>\n<meta property=\"og:url\" content=\"https:\/\/www.24gliwice.pl\/wiadomosci\/miasto-podziekuje-rodzicom-za-wybor-miejsca-porodu-w-gliwickim-szpitalu-przygotowalo-wyprawke\/\" \/>\n<meta property=\"og:site_name\" content=\"24GLIWICE - Portal Gliwice | codziennie nowe informacje\" \/>\n<meta property=\"article:publisher\" content=\"https:\/\/www.facebook.com\/24gliwice\" \/>\n<meta property=\"article:published_time\" content=\"2018-07-06T11:23:42+00:00\" \/>\n<meta property=\"og:image\" content=\"https:\/\/www.24gliwice.pl\/wiadomosci\/wp-content\/uploads\/2018\/07\/wyprawka2.jpg\" \/>\n\t<meta property=\"og:image:width\" content=\"880\" \/>\n\t<meta property=\"og:image:height\" content=\"495\" \/>\n\t<meta property=\"og:image:type\" content=\"image\/jpeg\" \/>\n<meta name=\"author\" content=\"\u017baneta Mrozek-Siewierska\" \/>\n<meta name=\"twitter:card\" content=\"summary_large_image\" \/>\n<meta name=\"twitter:creator\" content=\"@24gliwice\" \/>\n<meta name=\"twitter:site\" content=\"@24gliwice\" \/>\n<meta name=\"twitter:label1\" content=\"Napisane przez\" \/>\n\t<meta name=\"twitter:data1\" content=\"\u017baneta Mrozek-Siewierska\" \/>\n\t<meta name=\"twitter:label2\" content=\"Szacowany czas czytania\" \/>\n\t<meta name=\"twitter:data2\" content=\"2 minuty\" \/>\n<script type=\"application\/ld+json\" class=\"yoast-schema-graph\">{\"@context\":\"https:\\\/\\\/schema.org\",\"@graph\":[{\"@type\":\"Article\",\"@id\":\"https:\\\/\\\/www.24gliwice.pl\\\/wiadomosci\\\/miasto-podziekuje-rodzicom-za-wybor-miejsca-porodu-w-gliwickim-szpitalu-przygotowalo-wyprawke\\\/#article\",\"isPartOf\":{\"@id\":\"https:\\\/\\\/www.24gliwice.pl\\\/wiadomosci\\\/miasto-podziekuje-rodzicom-za-wybor-miejsca-porodu-w-gliwickim-szpitalu-przygotowalo-wyprawke\\\/\"},\"author\":{\"name\":\"\u017baneta Mrozek-Siewierska\",\"@id\":\"https:\\\/\\\/www.24gliwice.pl\\\/wiadomosci\\\/#\\\/schema\\\/person\\\/e42c650edd7f2fa332be3811fb166b6e\"},\"headline\":\"Miasto podzi\u0119kuje rodzicom za wyb\u00f3r miejsca porodu w gliwickim szpitalu. Przygotowa\u0142o wyprawk\u0119\",\"datePublished\":\"2018-07-06T11:23:42+00:00\",\"mainEntityOfPage\":{\"@id\":\"https:\\\/\\\/www.24gliwice.pl\\\/wiadomosci\\\/miasto-podziekuje-rodzicom-za-wybor-miejsca-porodu-w-gliwickim-szpitalu-przygotowalo-wyprawke\\\/\"},\"wordCount\":366,\"commentCount\":0,\"publisher\":{\"@id\":\"https:\\\/\\\/www.24gliwice.pl\\\/wiadomosci\\\/#organization\"},\"image\":{\"@id\":\"https:\\\/\\\/www.24gliwice.pl\\\/wiadomosci\\\/miasto-podziekuje-rodzicom-za-wybor-miejsca-porodu-w-gliwickim-szpitalu-przygotowalo-wyprawke\\\/#primaryimage\"},\"thumbnailUrl\":\"https:\\\/\\\/www.24gliwice.pl\\\/wiadomosci\\\/wp-content\\\/uploads\\\/2018\\\/07\\\/wyprawka2.jpg\",\"keywords\":[\"dzieci\",\"promocja\",\"szpital wielospecjalistyczny\",\"wyprawka\"],\"articleSection\":[\"Gliwice\",\"Najnowsze wiadomo\u015bci\"],\"inLanguage\":\"pl-PL\",\"potentialAction\":[{\"@type\":\"CommentAction\",\"name\":\"Comment\",\"target\":[\"https:\\\/\\\/www.24gliwice.pl\\\/wiadomosci\\\/miasto-podziekuje-rodzicom-za-wybor-miejsca-porodu-w-gliwickim-szpitalu-przygotowalo-wyprawke\\\/#respond\"]}]},{\"@type\":\"WebPage\",\"@id\":\"https:\\\/\\\/www.24gliwice.pl\\\/wiadomosci\\\/miasto-podziekuje-rodzicom-za-wybor-miejsca-porodu-w-gliwickim-szpitalu-przygotowalo-wyprawke\\\/\",\"url\":\"https:\\\/\\\/www.24gliwice.pl\\\/wiadomosci\\\/miasto-podziekuje-rodzicom-za-wybor-miejsca-porodu-w-gliwickim-szpitalu-przygotowalo-wyprawke\\\/\",\"name\":\"Miasto podzi\u0119kuje rodzicom za wyb\u00f3r miejsca porodu w gliwickim szpitalu. Przygotowa\u0142o wyprawk\u0119 - 24GLIWICE - Portal Gliwice | codziennie nowe informacje\",\"isPartOf\":{\"@id\":\"https:\\\/\\\/www.24gliwice.pl\\\/wiadomosci\\\/#website\"},\"primaryImageOfPage\":{\"@id\":\"https:\\\/\\\/www.24gliwice.pl\\\/wiadomosci\\\/miasto-podziekuje-rodzicom-za-wybor-miejsca-porodu-w-gliwickim-szpitalu-przygotowalo-wyprawke\\\/#primaryimage\"},\"image\":{\"@id\":\"https:\\\/\\\/www.24gliwice.pl\\\/wiadomosci\\\/miasto-podziekuje-rodzicom-za-wybor-miejsca-porodu-w-gliwickim-szpitalu-przygotowalo-wyprawke\\\/#primaryimage\"},\"thumbnailUrl\":\"https:\\\/\\\/www.24gliwice.pl\\\/wiadomosci\\\/wp-content\\\/uploads\\\/2018\\\/07\\\/wyprawka2.jpg\",\"datePublished\":\"2018-07-06T11:23:42+00:00\",\"breadcrumb\":{\"@id\":\"https:\\\/\\\/www.24gliwice.pl\\\/wiadomosci\\\/miasto-podziekuje-rodzicom-za-wybor-miejsca-porodu-w-gliwickim-szpitalu-przygotowalo-wyprawke\\\/#breadcrumb\"},\"inLanguage\":\"pl-PL\",\"potentialAction\":[{\"@type\":\"ReadAction\",\"target\":[\"https:\\\/\\\/www.24gliwice.pl\\\/wiadomosci\\\/miasto-podziekuje-rodzicom-za-wybor-miejsca-porodu-w-gliwickim-szpitalu-przygotowalo-wyprawke\\\/\"]}]},{\"@type\":\"ImageObject\",\"inLanguage\":\"pl-PL\",\"@id\":\"https:\\\/\\\/www.24gliwice.pl\\\/wiadomosci\\\/miasto-podziekuje-rodzicom-za-wybor-miejsca-porodu-w-gliwickim-szpitalu-przygotowalo-wyprawke\\\/#primaryimage\",\"url\":\"https:\\\/\\\/www.24gliwice.pl\\\/wiadomosci\\\/wp-content\\\/uploads\\\/2018\\\/07\\\/wyprawka2.jpg\",\"contentUrl\":\"https:\\\/\\\/www.24gliwice.pl\\\/wiadomosci\\\/wp-content\\\/uploads\\\/2018\\\/07\\\/wyprawka2.jpg\",\"width\":880,\"height\":495,\"caption\":\"fot. T. Kr\u00f3lik\\\/UM Gliwice\"},{\"@type\":\"BreadcrumbList\",\"@id\":\"https:\\\/\\\/www.24gliwice.pl\\\/wiadomosci\\\/miasto-podziekuje-rodzicom-za-wybor-miejsca-porodu-w-gliwickim-szpitalu-przygotowalo-wyprawke\\\/#breadcrumb\",\"itemListElement\":[{\"@type\":\"ListItem\",\"position\":1,\"name\":\"Strona g\u0142\u00f3wna\",\"item\":\"https:\\\/\\\/www.24gliwice.pl\\\/wiadomosci\\\/\"},{\"@type\":\"ListItem\",\"position\":2,\"name\":\"Miasto podzi\u0119kuje rodzicom za wyb\u00f3r miejsca porodu w gliwickim szpitalu. Przygotowa\u0142o wyprawk\u0119\"}]},{\"@type\":\"WebSite\",\"@id\":\"https:\\\/\\\/www.24gliwice.pl\\\/wiadomosci\\\/#website\",\"url\":\"https:\\\/\\\/www.24gliwice.pl\\\/wiadomosci\\\/\",\"name\":\"24GLIWICE - Portal Gliwice | codziennie nowe wiadomo\u015bci\",\"description\":\"Portal Miejski Gliwice\",\"publisher\":{\"@id\":\"https:\\\/\\\/www.24gliwice.pl\\\/wiadomosci\\\/#organization\"},\"potentialAction\":[{\"@type\":\"SearchAction\",\"target\":{\"@type\":\"EntryPoint\",\"urlTemplate\":\"https:\\\/\\\/www.24gliwice.pl\\\/wiadomosci\\\/?s={search_term_string}\"},\"query-input\":{\"@type\":\"PropertyValueSpecification\",\"valueRequired\":true,\"valueName\":\"search_term_string\"}}],\"inLanguage\":\"pl-PL\"},{\"@type\":\"Organization\",\"@id\":\"https:\\\/\\\/www.24gliwice.pl\\\/wiadomosci\\\/#organization\",\"name\":\"24gliwice\",\"url\":\"https:\\\/\\\/www.24gliwice.pl\\\/wiadomosci\\\/\",\"logo\":{\"@type\":\"ImageObject\",\"inLanguage\":\"pl-PL\",\"@id\":\"https:\\\/\\\/www.24gliwice.pl\\\/wiadomosci\\\/#\\\/schema\\\/logo\\\/image\\\/\",\"url\":\"https:\\\/\\\/www.24gliwice.pl\\\/wiadomosci\\\/wp-content\\\/uploads\\\/2024\\\/10\\\/24gliwice-logo-696.jpg\",\"contentUrl\":\"https:\\\/\\\/www.24gliwice.pl\\\/wiadomosci\\\/wp-content\\\/uploads\\\/2024\\\/10\\\/24gliwice-logo-696.jpg\",\"width\":696,\"height\":696,\"caption\":\"24gliwice\"},\"image\":{\"@id\":\"https:\\\/\\\/www.24gliwice.pl\\\/wiadomosci\\\/#\\\/schema\\\/logo\\\/image\\\/\"},\"sameAs\":[\"https:\\\/\\\/www.facebook.com\\\/24gliwice\",\"https:\\\/\\\/x.com\\\/24gliwice\",\"https:\\\/\\\/www.youtube.com\\\/@24gliwice\"]},{\"@type\":\"Person\",\"@id\":\"https:\\\/\\\/www.24gliwice.pl\\\/wiadomosci\\\/#\\\/schema\\\/person\\\/e42c650edd7f2fa332be3811fb166b6e\",\"name\":\"\u017baneta Mrozek-Siewierska\",\"image\":{\"@type\":\"ImageObject\",\"inLanguage\":\"pl-PL\",\"@id\":\"https:\\\/\\\/secure.gravatar.com\\\/avatar\\\/1881429e9c64597c77ad7aef2d0a19be69a3253e57534d16aa15bf3a4d34a0a3?s=96&d=mm&r=g\",\"url\":\"https:\\\/\\\/secure.gravatar.com\\\/avatar\\\/1881429e9c64597c77ad7aef2d0a19be69a3253e57534d16aa15bf3a4d34a0a3?s=96&d=mm&r=g\",\"contentUrl\":\"https:\\\/\\\/secure.gravatar.com\\\/avatar\\\/1881429e9c64597c77ad7aef2d0a19be69a3253e57534d16aa15bf3a4d34a0a3?s=96&d=mm&r=g\",\"caption\":\"\u017baneta Mrozek-Siewierska\"},\"url\":\"https:\\\/\\\/www.24gliwice.pl\\\/wiadomosci\\\/author\\\/zms\\\/\"}]}<\/script>\n<!-- \/ Yoast SEO plugin. -->","yoast_head_json":{"title":"Miasto podzi\u0119kuje rodzicom za wyb\u00f3r miejsca porodu w gliwickim szpitalu. Przygotowa\u0142o wyprawk\u0119 - 24GLIWICE - Portal Gliwice | codziennie nowe informacje","robots":{"index":"index","follow":"follow","max-snippet":"max-snippet:-1","max-image-preview":"max-image-preview:large","max-video-preview":"max-video-preview:-1"},"canonical":"https:\/\/www.24gliwice.pl\/wiadomosci\/miasto-podziekuje-rodzicom-za-wybor-miejsca-porodu-w-gliwickim-szpitalu-przygotowalo-wyprawke\/","og_locale":"pl_PL","og_type":"article","og_title":"Miasto podzi\u0119kuje rodzicom za wyb\u00f3r miejsca porodu w gliwickim szpitalu. Przygotowa\u0142o wyprawk\u0119 - 24GLIWICE - Portal Gliwice | codziennie nowe informacje","og_description":"Miasto szykuje wyprawk\u0119 dla dzieci, kt\u00f3re od wrze\u015bnia urodz\u0105 si\u0119 na gliwickiej porod\u00f3wce. Ka\u017cdy element zestawu, poza produktami od partner\u00f3w szpitala, oznaczony b\u0119dzie nadrukiem promocyjnym. Blisko 60 tysi\u0119cy z\u0142otych kosztowa\u0107 b\u0119d\u0105 magistrat kocyki minky, kt\u00f3re b\u0119d\u0105 rozdawane rodzicom przy urodzeniu dziecka. Miasto na swojej stronie internetowej zapowiada to nast\u0119puj\u0105co. [perfectpullquote align=&#8221;full&#8221; bordertop=&#8221;false&#8221; cite=&#8221;&#8221; link=&#8221;&#8221; color=&#8221;&#8221; [&hellip;]","og_url":"https:\/\/www.24gliwice.pl\/wiadomosci\/miasto-podziekuje-rodzicom-za-wybor-miejsca-porodu-w-gliwickim-szpitalu-przygotowalo-wyprawke\/","og_site_name":"24GLIWICE - Portal Gliwice | codziennie nowe informacje","article_publisher":"https:\/\/www.facebook.com\/24gliwice","article_published_time":"2018-07-06T11:23:42+00:00","og_image":[{"width":880,"height":495,"url":"https:\/\/www.24gliwice.pl\/wiadomosci\/wp-content\/uploads\/2018\/07\/wyprawka2.jpg","type":"image\/jpeg"}],"author":"\u017baneta Mrozek-Siewierska","twitter_card":"summary_large_image","twitter_creator":"@24gliwice","twitter_site":"@24gliwice","twitter_misc":{"Napisane przez":"\u017baneta Mrozek-Siewierska","Szacowany czas czytania":"2 minuty"},"schema":{"@context":"https:\/\/schema.org","@graph":[{"@type":"Article","@id":"https:\/\/www.24gliwice.pl\/wiadomosci\/miasto-podziekuje-rodzicom-za-wybor-miejsca-porodu-w-gliwickim-szpitalu-przygotowalo-wyprawke\/#article","isPartOf":{"@id":"https:\/\/www.24gliwice.pl\/wiadomosci\/miasto-podziekuje-rodzicom-za-wybor-miejsca-porodu-w-gliwickim-szpitalu-przygotowalo-wyprawke\/"},"author":{"name":"\u017baneta Mrozek-Siewierska","@id":"https:\/\/www.24gliwice.pl\/wiadomosci\/#\/schema\/person\/e42c650edd7f2fa332be3811fb166b6e"},"headline":"Miasto podzi\u0119kuje rodzicom za wyb\u00f3r miejsca porodu w gliwickim szpitalu. Przygotowa\u0142o wyprawk\u0119","datePublished":"2018-07-06T11:23:42+00:00","mainEntityOfPage":{"@id":"https:\/\/www.24gliwice.pl\/wiadomosci\/miasto-podziekuje-rodzicom-za-wybor-miejsca-porodu-w-gliwickim-szpitalu-przygotowalo-wyprawke\/"},"wordCount":366,"commentCount":0,"publisher":{"@id":"https:\/\/www.24gliwice.pl\/wiadomosci\/#organization"},"image":{"@id":"https:\/\/www.24gliwice.pl\/wiadomosci\/miasto-podziekuje-rodzicom-za-wybor-miejsca-porodu-w-gliwickim-szpitalu-przygotowalo-wyprawke\/#primaryimage"},"thumbnailUrl":"https:\/\/www.24gliwice.pl\/wiadomosci\/wp-content\/uploads\/2018\/07\/wyprawka2.jpg","keywords":["dzieci","promocja","szpital wielospecjalistyczny","wyprawka"],"articleSection":["Gliwice","Najnowsze wiadomo\u015bci"],"inLanguage":"pl-PL","potentialAction":[{"@type":"CommentAction","name":"Comment","target":["https:\/\/www.24gliwice.pl\/wiadomosci\/miasto-podziekuje-rodzicom-za-wybor-miejsca-porodu-w-gliwickim-szpitalu-przygotowalo-wyprawke\/#respond"]}]},{"@type":"WebPage","@id":"https:\/\/www.24gliwice.pl\/wiadomosci\/miasto-podziekuje-rodzicom-za-wybor-miejsca-porodu-w-gliwickim-szpitalu-przygotowalo-wyprawke\/","url":"https:\/\/www.24gliwice.pl\/wiadomosci\/miasto-podziekuje-rodzicom-za-wybor-miejsca-porodu-w-gliwickim-szpitalu-przygotowalo-wyprawke\/","name":"Miasto podzi\u0119kuje rodzicom za wyb\u00f3r miejsca porodu w gliwickim szpitalu. Przygotowa\u0142o wyprawk\u0119 - 24GLIWICE - Portal Gliwice | codziennie nowe informacje","isPartOf":{"@id":"https:\/\/www.24gliwice.pl\/wiadomosci\/#website"},"primaryImageOfPage":{"@id":"https:\/\/www.24gliwice.pl\/wiadomosci\/miasto-podziekuje-rodzicom-za-wybor-miejsca-porodu-w-gliwickim-szpitalu-przygotowalo-wyprawke\/#primaryimage"},"image":{"@id":"https:\/\/www.24gliwice.pl\/wiadomosci\/miasto-podziekuje-rodzicom-za-wybor-miejsca-porodu-w-gliwickim-szpitalu-przygotowalo-wyprawke\/#primaryimage"},"thumbnailUrl":"https:\/\/www.24gliwice.pl\/wiadomosci\/wp-content\/uploads\/2018\/07\/wyprawka2.jpg","datePublished":"2018-07-06T11:23:42+00:00","breadcrumb":{"@id":"https:\/\/www.24gliwice.pl\/wiadomosci\/miasto-podziekuje-rodzicom-za-wybor-miejsca-porodu-w-gliwickim-szpitalu-przygotowalo-wyprawke\/#breadcrumb"},"inLanguage":"pl-PL","potentialAction":[{"@type":"ReadAction","target":["https:\/\/www.24gliwice.pl\/wiadomosci\/miasto-podziekuje-rodzicom-za-wybor-miejsca-porodu-w-gliwickim-szpitalu-przygotowalo-wyprawke\/"]}]},{"@type":"ImageObject","inLanguage":"pl-PL","@id":"https:\/\/www.24gliwice.pl\/wiadomosci\/miasto-podziekuje-rodzicom-za-wybor-miejsca-porodu-w-gliwickim-szpitalu-przygotowalo-wyprawke\/#primaryimage","url":"https:\/\/www.24gliwice.pl\/wiadomosci\/wp-content\/uploads\/2018\/07\/wyprawka2.jpg","contentUrl":"https:\/\/www.24gliwice.pl\/wiadomosci\/wp-content\/uploads\/2018\/07\/wyprawka2.jpg","width":880,"height":495,"caption":"fot. T. Kr\u00f3lik\/UM Gliwice"},{"@type":"BreadcrumbList","@id":"https:\/\/www.24gliwice.pl\/wiadomosci\/miasto-podziekuje-rodzicom-za-wybor-miejsca-porodu-w-gliwickim-szpitalu-przygotowalo-wyprawke\/#breadcrumb","itemListElement":[{"@type":"ListItem","position":1,"name":"Strona g\u0142\u00f3wna","item":"https:\/\/www.24gliwice.pl\/wiadomosci\/"},{"@type":"ListItem","position":2,"name":"Miasto podzi\u0119kuje rodzicom za wyb\u00f3r miejsca porodu w gliwickim szpitalu. Przygotowa\u0142o wyprawk\u0119"}]},{"@type":"WebSite","@id":"https:\/\/www.24gliwice.pl\/wiadomosci\/#website","url":"https:\/\/www.24gliwice.pl\/wiadomosci\/","name":"24GLIWICE - Portal Gliwice | codziennie nowe wiadomo\u015bci","description":"Portal Miejski Gliwice","publisher":{"@id":"https:\/\/www.24gliwice.pl\/wiadomosci\/#organization"},"potentialAction":[{"@type":"SearchAction","target":{"@type":"EntryPoint","urlTemplate":"https:\/\/www.24gliwice.pl\/wiadomosci\/?s={search_term_string}"},"query-input":{"@type":"PropertyValueSpecification","valueRequired":true,"valueName":"search_term_string"}}],"inLanguage":"pl-PL"},{"@type":"Organization","@id":"https:\/\/www.24gliwice.pl\/wiadomosci\/#organization","name":"24gliwice","url":"https:\/\/www.24gliwice.pl\/wiadomosci\/","logo":{"@type":"ImageObject","inLanguage":"pl-PL","@id":"https:\/\/www.24gliwice.pl\/wiadomosci\/#\/schema\/logo\/image\/","url":"https:\/\/www.24gliwice.pl\/wiadomosci\/wp-content\/uploads\/2024\/10\/24gliwice-logo-696.jpg","contentUrl":"https:\/\/www.24gliwice.pl\/wiadomosci\/wp-content\/uploads\/2024\/10\/24gliwice-logo-696.jpg","width":696,"height":696,"caption":"24gliwice"},"image":{"@id":"https:\/\/www.24gliwice.pl\/wiadomosci\/#\/schema\/logo\/image\/"},"sameAs":["https:\/\/www.facebook.com\/24gliwice","https:\/\/x.com\/24gliwice","https:\/\/www.youtube.com\/@24gliwice"]},{"@type":"Person","@id":"https:\/\/www.24gliwice.pl\/wiadomosci\/#\/schema\/person\/e42c650edd7f2fa332be3811fb166b6e","name":"\u017baneta Mrozek-Siewierska","image":{"@type":"ImageObject","inLanguage":"pl-PL","@id":"https:\/\/secure.gravatar.com\/avatar\/1881429e9c64597c77ad7aef2d0a19be69a3253e57534d16aa15bf3a4d34a0a3?s=96&d=mm&r=g","url":"https:\/\/secure.gravatar.com\/avatar\/1881429e9c64597c77ad7aef2d0a19be69a3253e57534d16aa15bf3a4d34a0a3?s=96&d=mm&r=g","contentUrl":"https:\/\/secure.gravatar.com\/avatar\/1881429e9c64597c77ad7aef2d0a19be69a3253e57534d16aa15bf3a4d34a0a3?s=96&d=mm&r=g","caption":"\u017baneta Mrozek-Siewierska"},"url":"https:\/\/www.24gliwice.pl\/wiadomosci\/author\/zms\/"}]}},"_links":{"self":[{"href":"https:\/\/www.24gliwice.pl\/wiadomosci\/wp-json\/wp\/v2\/posts\/119412","targetHints":{"allow":["GET"]}}],"collection":[{"href":"https:\/\/www.24gliwice.pl\/wiadomosci\/wp-json\/wp\/v2\/posts"}],"about":[{"href":"https:\/\/www.24gliwice.pl\/wiadomosci\/wp-json\/wp\/v2\/types\/post"}],"author":[{"embeddable":true,"href":"https:\/\/www.24gliwice.pl\/wiadomosci\/wp-json\/wp\/v2\/users\/15"}],"replies":[{"embeddable":true,"href":"https:\/\/www.24gliwice.pl\/wiadomosci\/wp-json\/wp\/v2\/comments?post=119412"}],"version-history":[{"count":0,"href":"https:\/\/www.24gliwice.pl\/wiadomosci\/wp-json\/wp\/v2\/posts\/119412\/revisions"}],"wp:featuredmedia":[{"embeddable":true,"href":"https:\/\/www.24gliwice.pl\/wiadomosci\/wp-json\/wp\/v2\/media\/119796"}],"wp:attachment":[{"href":"https:\/\/www.24gliwice.pl\/wiadomosci\/wp-json\/wp\/v2\/media?parent=119412"}],"wp:term":[{"taxonomy":"category","embeddable":true,"href":"https:\/\/www.24gliwice.pl\/wiadomosci\/wp-json\/wp\/v2\/categories?post=119412"},{"taxonomy":"post_tag","embeddable":true,"href":"https:\/\/www.24gliwice.pl\/wiadomosci\/wp-json\/wp\/v2\/tags?post=119412"}],"curies":[{"name":"wp","href":"https:\/\/api.w.org\/{rel}","templated":true}]}}