{"id":119491,"date":"2018-06-29T03:24:38","date_gmt":"2018-06-29T01:24:38","guid":{"rendered":"https:\/\/www.24gliwice.pl\/wiadomosci\/?p=119491"},"modified":"2018-06-29T08:51:56","modified_gmt":"2018-06-29T06:51:56","slug":"kto-chcialby-teraz-odwiedzic-palmiarnie-musi-poczekac-remont-i-zabiegi-potrwaja-do-konca-lipca","status":"publish","type":"post","link":"https:\/\/www.24gliwice.pl\/wiadomosci\/kto-chcialby-teraz-odwiedzic-palmiarnie-musi-poczekac-remont-i-zabiegi-potrwaja-do-konca-lipca\/","title":{"rendered":"Kto chcia\u0142by teraz odwiedzi\u0107 Palmiarni\u0119, musi poczeka\u0107. Remont i zabiegi potrwaj\u0105 do ko\u0144ca lipca"},"content":{"rendered":"<div class=\"gliwi-a6-nad-leadem-artykulow gliwi-entity-placement\" id=\"gliwi-3911893890\"><div class=\"gliwi-adlabel\"><span style=\"font-size: 9px\">REKLAMA<\/span><\/div><div id=\"gliwi-2362298622\" style=\"margin-bottom: 25px;margin-left: auto;margin-right: auto;text-align: center;\"><a data-no-instant=\"1\" href=\"https:\/\/dom100.eu\/\" rel=\"noopener\" class=\"a2t-link\" target=\"_blank\" aria-label=\"20260415 DOM100 D\"><img loading=\"lazy\" decoding=\"async\" src=\"https:\/\/www.24gliwice.pl\/wiadomosci\/wp-content\/uploads\/2026\/04\/20260415-DOM100-D.jpg\" alt=\"\"  srcset=\"https:\/\/www.24gliwice.pl\/wiadomosci\/wp-content\/uploads\/2026\/04\/20260415-DOM100-D.jpg 750w, https:\/\/www.24gliwice.pl\/wiadomosci\/wp-content\/uploads\/2026\/04\/20260415-DOM100-D-410x109.jpg 410w\" sizes=\"(max-width: 750px) 100vw, 750px\" class=\"no-lazyload\" width=\"750\" height=\"200\"  style=\"display: inline-block; max-width: 100%; height: auto;\" \/><\/a><\/div><\/div><h3>Rozpocz\u0105\u0142 si\u0119 remont elewacji pawilonu ro\u015blin u\u017cytkowych Palmiarni Miejskiej. Podczas przerwy technologicznej, do 31 lipca, obiekt b\u0119dzie niedost\u0119pny dla zwiedzaj\u0105cych.<\/h3>\n<p>Zdemontowane zostan\u0105 szklane panele z \u201eVitrolitu\u201d w pawilonie ro\u015blin u\u017cytkowych, a ich miejsce zast\u0105pi\u0105 \u015bciany z poliw\u0119glanu komorowego. Od strony parku Chopina zamontowana zostanie szklana fasada. Zaplanowano te\u017c modernizacj\u0119 4 \u0142\u0105cznik\u00f3w pawilonu, monta\u017c nowych drzwi aluminiowych, okien i element\u00f3w infrastruktury technicznej.<\/p>\n[perfectpullquote align=&#8221;full&#8221; bordertop=&#8221;false&#8221; cite=&#8221;&#8221; link=&#8221;&#8221; color=&#8221;&#8221; class=&#8221;&#8221; size=&#8221;&#8221;]Roboty potrwaj\u0105 do 31 lipca. Prowadzi\u0107 je b\u0119dzie firma PPUH DOM-GAZ Krzysztof Piaszczyk z Cz\u0119stochowy.[\/perfectpullquote]\n<p>&#8211; Termin przerwy technologicznej przypada na miesi\u0105ce letnie ze wzgl\u0119du na warunki atmosferyczne panuj\u0105ce na zewn\u0105trz. Cz\u0119\u015b\u0107 ro\u015blin poddawana jest zabiegom piel\u0119gnacyjnym, inne zmieniaj\u0105 miejsce pobytu. Wa\u017cna jest tutaj odpowiednia temperatura aby ro\u015bliny nie ucierpia\u0142y podczas wynoszenia ich na zewn\u0105trz &#8211; m\u00f3wi <strong>Iwona Janik<\/strong>, rzecznik Miejskiego Zarz\u0105du Us\u0142ug Komunalnych w Gliwicach.<\/p><div class=\"gliwi-a3-w-tresci-artykulow gliwi-entity-placement\" id=\"gliwi-4273730598\"><div class=\"gliwi-adlabel\"><span style=\"font-size: 9px\">REKLAMA<\/span><\/div><div id=\"gliwi-1839411190\" style=\"margin-bottom: 30px;margin-left: auto;margin-right: auto;text-align: center;\"><a data-no-instant=\"1\" href=\"https:\/\/ogrodyandersa.pl\/\" rel=\"noopener\" class=\"a2t-link\" target=\"_blank\" aria-label=\"20260415 Ogrody Andersa KUP TERAZ D\"><img loading=\"lazy\" decoding=\"async\" src=\"https:\/\/www.24gliwice.pl\/wiadomosci\/wp-content\/uploads\/2026\/04\/20260415-Ogrody-Andersa-KUP-TERAZ-D.jpg\" alt=\"\"  srcset=\"https:\/\/www.24gliwice.pl\/wiadomosci\/wp-content\/uploads\/2026\/04\/20260415-Ogrody-Andersa-KUP-TERAZ-D.jpg 750w, https:\/\/www.24gliwice.pl\/wiadomosci\/wp-content\/uploads\/2026\/04\/20260415-Ogrody-Andersa-KUP-TERAZ-D-410x109.jpg 410w\" sizes=\"(max-width: 750px) 100vw, 750px\" class=\"no-lazyload\" width=\"750\" height=\"200\"  style=\"display: inline-block; max-width: 100%; height: auto;\" \/><\/a><\/div><\/div>\n<p>Inwestycja b\u0119dzie kosztowa\u0107 ponad 996 tys. z\u0142. <\/p>\n<p>(\u017cms)\/UM(mf)<\/p>\n<div class=\"gliwi-a5-na-koncu-artykulow gliwi-entity-placement\" id=\"gliwi-3292932326\"><div class=\"gliwi-adlabel\"><span style=\"font-size: 9px\">REKLAMA<\/span><\/div><div id=\"gliwi-3100238467\" style=\"margin-left: auto;margin-right: auto;text-align: center;\"><a data-no-instant=\"1\" href=\"https:\/\/prezeroarenagliwice.pl\/\" rel=\"noopener\" class=\"a2t-link\" target=\"_blank\" aria-label=\"20260309-PREZERO-WIOSNA-D\"><img loading=\"lazy\" decoding=\"async\" src=\"https:\/\/www.24gliwice.pl\/wiadomosci\/wp-content\/uploads\/2026\/03\/20260309-PREZERO-WIOSNA-D.webp\" alt=\"\"  srcset=\"https:\/\/www.24gliwice.pl\/wiadomosci\/wp-content\/uploads\/2026\/03\/20260309-PREZERO-WIOSNA-D.webp 750w, https:\/\/www.24gliwice.pl\/wiadomosci\/wp-content\/uploads\/2026\/03\/20260309-PREZERO-WIOSNA-D-410x109.webp 410w\" sizes=\"(max-width: 750px) 100vw, 750px\" class=\"no-lazyload\" width=\"750\" height=\"200\"  style=\"display: inline-block; max-width: 100%; height: auto;\" \/><\/a><\/div><\/div>","protected":false},"excerpt":{"rendered":"<p>Rozpocz\u0105\u0142 si\u0119 remont elewacji pawilonu ro\u015blin u\u017cytkowych Palmiarni Miejskiej. Podczas przerwy technologicznej, do 31 lipca, obiekt b\u0119dzie niedost\u0119pny dla zwiedzaj\u0105cych. Zdemontowane zostan\u0105 szklane panele z \u201eVitrolitu\u201d w pawilonie ro\u015blin u\u017cytkowych, a ich miejsce zast\u0105pi\u0105 \u015bciany z poliw\u0119glanu komorowego. Od strony parku Chopina zamontowana zostanie szklana fasada. Zaplanowano te\u017c modernizacj\u0119 4 \u0142\u0105cznik\u00f3w pawilonu, monta\u017c nowych drzwi [&hellip;]<\/p>\n","protected":false},"author":15,"featured_media":116745,"comment_status":"open","ping_status":"closed","sticky":false,"template":"","format":"standard","meta":{"_monsterinsights_skip_tracking":false,"_monsterinsights_sitenote_active":false,"_monsterinsights_sitenote_note":"","_monsterinsights_sitenote_category":0,"footnotes":"","_links_to":"","_links_to_target":""},"categories":[3,1],"tags":[5139,257,6979,9881,989,12768],"class_list":["post-119491","post","type-post","status-publish","format-standard","has-post-thumbnail","hentry","category-gliwice","category-wszystko","tag-elewacja","tag-mzuk","tag-palmiarnia","tag-przerwa-technologiczna","tag-remont","tag-wymiana-elewacji"],"yoast_head":"<!-- This site is optimized with the Yoast SEO plugin v27.5 - https:\/\/yoast.com\/product\/yoast-seo-wordpress\/ -->\n<title>Kto chcia\u0142by teraz odwiedzi\u0107 Palmiarni\u0119, musi poczeka\u0107. Remont i zabiegi potrwaj\u0105 do ko\u0144ca lipca - 24GLIWICE - Portal Gliwice | codziennie nowe informacje<\/title>\n<meta name=\"robots\" content=\"index, follow, max-snippet:-1, max-image-preview:large, max-video-preview:-1\" \/>\n<link rel=\"canonical\" href=\"https:\/\/www.24gliwice.pl\/wiadomosci\/kto-chcialby-teraz-odwiedzic-palmiarnie-musi-poczekac-remont-i-zabiegi-potrwaja-do-konca-lipca\/\" \/>\n<meta property=\"og:locale\" content=\"pl_PL\" \/>\n<meta property=\"og:type\" content=\"article\" \/>\n<meta property=\"og:title\" content=\"Kto chcia\u0142by teraz odwiedzi\u0107 Palmiarni\u0119, musi poczeka\u0107. Remont i zabiegi potrwaj\u0105 do ko\u0144ca lipca - 24GLIWICE - Portal Gliwice | codziennie nowe informacje\" \/>\n<meta property=\"og:description\" content=\"Rozpocz\u0105\u0142 si\u0119 remont elewacji pawilonu ro\u015blin u\u017cytkowych Palmiarni Miejskiej. Podczas przerwy technologicznej, do 31 lipca, obiekt b\u0119dzie niedost\u0119pny dla zwiedzaj\u0105cych. Zdemontowane zostan\u0105 szklane panele z \u201eVitrolitu\u201d w pawilonie ro\u015blin u\u017cytkowych, a ich miejsce zast\u0105pi\u0105 \u015bciany z poliw\u0119glanu komorowego. Od strony parku Chopina zamontowana zostanie szklana fasada. Zaplanowano te\u017c modernizacj\u0119 4 \u0142\u0105cznik\u00f3w pawilonu, monta\u017c nowych drzwi [&hellip;]\" \/>\n<meta property=\"og:url\" content=\"https:\/\/www.24gliwice.pl\/wiadomosci\/kto-chcialby-teraz-odwiedzic-palmiarnie-musi-poczekac-remont-i-zabiegi-potrwaja-do-konca-lipca\/\" \/>\n<meta property=\"og:site_name\" content=\"24GLIWICE - Portal Gliwice | codziennie nowe informacje\" \/>\n<meta property=\"article:publisher\" content=\"https:\/\/www.facebook.com\/24gliwice\" \/>\n<meta property=\"article:published_time\" content=\"2018-06-29T01:24:38+00:00\" \/>\n<meta property=\"article:modified_time\" content=\"2018-06-29T06:51:56+00:00\" \/>\n<meta property=\"og:image\" content=\"https:\/\/www.24gliwice.pl\/wiadomosci\/wp-content\/uploads\/2018\/05\/palmiarnia.jpg\" \/>\n\t<meta property=\"og:image:width\" content=\"810\" \/>\n\t<meta property=\"og:image:height\" content=\"457\" \/>\n\t<meta property=\"og:image:type\" content=\"image\/jpeg\" \/>\n<meta name=\"author\" content=\"\u017baneta Mrozek-Siewierska\" \/>\n<meta name=\"twitter:card\" content=\"summary_large_image\" \/>\n<meta name=\"twitter:creator\" content=\"@24gliwice\" \/>\n<meta name=\"twitter:site\" content=\"@24gliwice\" \/>\n<meta name=\"twitter:label1\" content=\"Napisane przez\" \/>\n\t<meta name=\"twitter:data1\" content=\"\u017baneta Mrozek-Siewierska\" \/>\n\t<meta name=\"twitter:label2\" content=\"Szacowany czas czytania\" \/>\n\t<meta name=\"twitter:data2\" content=\"1 minuta\" \/>\n<script type=\"application\/ld+json\" class=\"yoast-schema-graph\">{\"@context\":\"https:\\\/\\\/schema.org\",\"@graph\":[{\"@type\":\"Article\",\"@id\":\"https:\\\/\\\/www.24gliwice.pl\\\/wiadomosci\\\/kto-chcialby-teraz-odwiedzic-palmiarnie-musi-poczekac-remont-i-zabiegi-potrwaja-do-konca-lipca\\\/#article\",\"isPartOf\":{\"@id\":\"https:\\\/\\\/www.24gliwice.pl\\\/wiadomosci\\\/kto-chcialby-teraz-odwiedzic-palmiarnie-musi-poczekac-remont-i-zabiegi-potrwaja-do-konca-lipca\\\/\"},\"author\":{\"name\":\"\u017baneta Mrozek-Siewierska\",\"@id\":\"https:\\\/\\\/www.24gliwice.pl\\\/wiadomosci\\\/#\\\/schema\\\/person\\\/e42c650edd7f2fa332be3811fb166b6e\"},\"headline\":\"Kto chcia\u0142by teraz odwiedzi\u0107 Palmiarni\u0119, musi poczeka\u0107. Remont i zabiegi potrwaj\u0105 do ko\u0144ca lipca\",\"datePublished\":\"2018-06-29T01:24:38+00:00\",\"dateModified\":\"2018-06-29T06:51:56+00:00\",\"mainEntityOfPage\":{\"@id\":\"https:\\\/\\\/www.24gliwice.pl\\\/wiadomosci\\\/kto-chcialby-teraz-odwiedzic-palmiarnie-musi-poczekac-remont-i-zabiegi-potrwaja-do-konca-lipca\\\/\"},\"wordCount\":187,\"commentCount\":0,\"publisher\":{\"@id\":\"https:\\\/\\\/www.24gliwice.pl\\\/wiadomosci\\\/#organization\"},\"image\":{\"@id\":\"https:\\\/\\\/www.24gliwice.pl\\\/wiadomosci\\\/kto-chcialby-teraz-odwiedzic-palmiarnie-musi-poczekac-remont-i-zabiegi-potrwaja-do-konca-lipca\\\/#primaryimage\"},\"thumbnailUrl\":\"https:\\\/\\\/www.24gliwice.pl\\\/wiadomosci\\\/wp-content\\\/uploads\\\/2018\\\/05\\\/palmiarnia.jpg\",\"keywords\":[\"elewacja\",\"MZUK\",\"PALMIARNIA\",\"przerwa technologiczna\",\"REMONT\",\"wymiana elewacji\"],\"articleSection\":[\"Gliwice\",\"Najnowsze wiadomo\u015bci\"],\"inLanguage\":\"pl-PL\",\"potentialAction\":[{\"@type\":\"CommentAction\",\"name\":\"Comment\",\"target\":[\"https:\\\/\\\/www.24gliwice.pl\\\/wiadomosci\\\/kto-chcialby-teraz-odwiedzic-palmiarnie-musi-poczekac-remont-i-zabiegi-potrwaja-do-konca-lipca\\\/#respond\"]}]},{\"@type\":\"WebPage\",\"@id\":\"https:\\\/\\\/www.24gliwice.pl\\\/wiadomosci\\\/kto-chcialby-teraz-odwiedzic-palmiarnie-musi-poczekac-remont-i-zabiegi-potrwaja-do-konca-lipca\\\/\",\"url\":\"https:\\\/\\\/www.24gliwice.pl\\\/wiadomosci\\\/kto-chcialby-teraz-odwiedzic-palmiarnie-musi-poczekac-remont-i-zabiegi-potrwaja-do-konca-lipca\\\/\",\"name\":\"Kto chcia\u0142by teraz odwiedzi\u0107 Palmiarni\u0119, musi poczeka\u0107. Remont i zabiegi potrwaj\u0105 do ko\u0144ca lipca - 24GLIWICE - Portal Gliwice | codziennie nowe informacje\",\"isPartOf\":{\"@id\":\"https:\\\/\\\/www.24gliwice.pl\\\/wiadomosci\\\/#website\"},\"primaryImageOfPage\":{\"@id\":\"https:\\\/\\\/www.24gliwice.pl\\\/wiadomosci\\\/kto-chcialby-teraz-odwiedzic-palmiarnie-musi-poczekac-remont-i-zabiegi-potrwaja-do-konca-lipca\\\/#primaryimage\"},\"image\":{\"@id\":\"https:\\\/\\\/www.24gliwice.pl\\\/wiadomosci\\\/kto-chcialby-teraz-odwiedzic-palmiarnie-musi-poczekac-remont-i-zabiegi-potrwaja-do-konca-lipca\\\/#primaryimage\"},\"thumbnailUrl\":\"https:\\\/\\\/www.24gliwice.pl\\\/wiadomosci\\\/wp-content\\\/uploads\\\/2018\\\/05\\\/palmiarnia.jpg\",\"datePublished\":\"2018-06-29T01:24:38+00:00\",\"dateModified\":\"2018-06-29T06:51:56+00:00\",\"breadcrumb\":{\"@id\":\"https:\\\/\\\/www.24gliwice.pl\\\/wiadomosci\\\/kto-chcialby-teraz-odwiedzic-palmiarnie-musi-poczekac-remont-i-zabiegi-potrwaja-do-konca-lipca\\\/#breadcrumb\"},\"inLanguage\":\"pl-PL\",\"potentialAction\":[{\"@type\":\"ReadAction\",\"target\":[\"https:\\\/\\\/www.24gliwice.pl\\\/wiadomosci\\\/kto-chcialby-teraz-odwiedzic-palmiarnie-musi-poczekac-remont-i-zabiegi-potrwaja-do-konca-lipca\\\/\"]}]},{\"@type\":\"ImageObject\",\"inLanguage\":\"pl-PL\",\"@id\":\"https:\\\/\\\/www.24gliwice.pl\\\/wiadomosci\\\/kto-chcialby-teraz-odwiedzic-palmiarnie-musi-poczekac-remont-i-zabiegi-potrwaja-do-konca-lipca\\\/#primaryimage\",\"url\":\"https:\\\/\\\/www.24gliwice.pl\\\/wiadomosci\\\/wp-content\\\/uploads\\\/2018\\\/05\\\/palmiarnia.jpg\",\"contentUrl\":\"https:\\\/\\\/www.24gliwice.pl\\\/wiadomosci\\\/wp-content\\\/uploads\\\/2018\\\/05\\\/palmiarnia.jpg\",\"width\":810,\"height\":457},{\"@type\":\"BreadcrumbList\",\"@id\":\"https:\\\/\\\/www.24gliwice.pl\\\/wiadomosci\\\/kto-chcialby-teraz-odwiedzic-palmiarnie-musi-poczekac-remont-i-zabiegi-potrwaja-do-konca-lipca\\\/#breadcrumb\",\"itemListElement\":[{\"@type\":\"ListItem\",\"position\":1,\"name\":\"Strona g\u0142\u00f3wna\",\"item\":\"https:\\\/\\\/www.24gliwice.pl\\\/wiadomosci\\\/\"},{\"@type\":\"ListItem\",\"position\":2,\"name\":\"Kto chcia\u0142by teraz odwiedzi\u0107 Palmiarni\u0119, musi poczeka\u0107. Remont i zabiegi potrwaj\u0105 do ko\u0144ca lipca\"}]},{\"@type\":\"WebSite\",\"@id\":\"https:\\\/\\\/www.24gliwice.pl\\\/wiadomosci\\\/#website\",\"url\":\"https:\\\/\\\/www.24gliwice.pl\\\/wiadomosci\\\/\",\"name\":\"24GLIWICE - Portal Gliwice | codziennie nowe wiadomo\u015bci\",\"description\":\"Portal Miejski Gliwice\",\"publisher\":{\"@id\":\"https:\\\/\\\/www.24gliwice.pl\\\/wiadomosci\\\/#organization\"},\"potentialAction\":[{\"@type\":\"SearchAction\",\"target\":{\"@type\":\"EntryPoint\",\"urlTemplate\":\"https:\\\/\\\/www.24gliwice.pl\\\/wiadomosci\\\/?s={search_term_string}\"},\"query-input\":{\"@type\":\"PropertyValueSpecification\",\"valueRequired\":true,\"valueName\":\"search_term_string\"}}],\"inLanguage\":\"pl-PL\"},{\"@type\":\"Organization\",\"@id\":\"https:\\\/\\\/www.24gliwice.pl\\\/wiadomosci\\\/#organization\",\"name\":\"24gliwice\",\"url\":\"https:\\\/\\\/www.24gliwice.pl\\\/wiadomosci\\\/\",\"logo\":{\"@type\":\"ImageObject\",\"inLanguage\":\"pl-PL\",\"@id\":\"https:\\\/\\\/www.24gliwice.pl\\\/wiadomosci\\\/#\\\/schema\\\/logo\\\/image\\\/\",\"url\":\"https:\\\/\\\/www.24gliwice.pl\\\/wiadomosci\\\/wp-content\\\/uploads\\\/2024\\\/10\\\/24gliwice-logo-696.jpg\",\"contentUrl\":\"https:\\\/\\\/www.24gliwice.pl\\\/wiadomosci\\\/wp-content\\\/uploads\\\/2024\\\/10\\\/24gliwice-logo-696.jpg\",\"width\":696,\"height\":696,\"caption\":\"24gliwice\"},\"image\":{\"@id\":\"https:\\\/\\\/www.24gliwice.pl\\\/wiadomosci\\\/#\\\/schema\\\/logo\\\/image\\\/\"},\"sameAs\":[\"https:\\\/\\\/www.facebook.com\\\/24gliwice\",\"https:\\\/\\\/x.com\\\/24gliwice\",\"https:\\\/\\\/www.youtube.com\\\/@24gliwice\"]},{\"@type\":\"Person\",\"@id\":\"https:\\\/\\\/www.24gliwice.pl\\\/wiadomosci\\\/#\\\/schema\\\/person\\\/e42c650edd7f2fa332be3811fb166b6e\",\"name\":\"\u017baneta Mrozek-Siewierska\",\"image\":{\"@type\":\"ImageObject\",\"inLanguage\":\"pl-PL\",\"@id\":\"https:\\\/\\\/secure.gravatar.com\\\/avatar\\\/1881429e9c64597c77ad7aef2d0a19be69a3253e57534d16aa15bf3a4d34a0a3?s=96&d=mm&r=g\",\"url\":\"https:\\\/\\\/secure.gravatar.com\\\/avatar\\\/1881429e9c64597c77ad7aef2d0a19be69a3253e57534d16aa15bf3a4d34a0a3?s=96&d=mm&r=g\",\"contentUrl\":\"https:\\\/\\\/secure.gravatar.com\\\/avatar\\\/1881429e9c64597c77ad7aef2d0a19be69a3253e57534d16aa15bf3a4d34a0a3?s=96&d=mm&r=g\",\"caption\":\"\u017baneta Mrozek-Siewierska\"},\"url\":\"https:\\\/\\\/www.24gliwice.pl\\\/wiadomosci\\\/author\\\/zms\\\/\"}]}<\/script>\n<!-- \/ Yoast SEO plugin. -->","yoast_head_json":{"title":"Kto chcia\u0142by teraz odwiedzi\u0107 Palmiarni\u0119, musi poczeka\u0107. Remont i zabiegi potrwaj\u0105 do ko\u0144ca lipca - 24GLIWICE - Portal Gliwice | codziennie nowe informacje","robots":{"index":"index","follow":"follow","max-snippet":"max-snippet:-1","max-image-preview":"max-image-preview:large","max-video-preview":"max-video-preview:-1"},"canonical":"https:\/\/www.24gliwice.pl\/wiadomosci\/kto-chcialby-teraz-odwiedzic-palmiarnie-musi-poczekac-remont-i-zabiegi-potrwaja-do-konca-lipca\/","og_locale":"pl_PL","og_type":"article","og_title":"Kto chcia\u0142by teraz odwiedzi\u0107 Palmiarni\u0119, musi poczeka\u0107. Remont i zabiegi potrwaj\u0105 do ko\u0144ca lipca - 24GLIWICE - Portal Gliwice | codziennie nowe informacje","og_description":"Rozpocz\u0105\u0142 si\u0119 remont elewacji pawilonu ro\u015blin u\u017cytkowych Palmiarni Miejskiej. Podczas przerwy technologicznej, do 31 lipca, obiekt b\u0119dzie niedost\u0119pny dla zwiedzaj\u0105cych. Zdemontowane zostan\u0105 szklane panele z \u201eVitrolitu\u201d w pawilonie ro\u015blin u\u017cytkowych, a ich miejsce zast\u0105pi\u0105 \u015bciany z poliw\u0119glanu komorowego. Od strony parku Chopina zamontowana zostanie szklana fasada. Zaplanowano te\u017c modernizacj\u0119 4 \u0142\u0105cznik\u00f3w pawilonu, monta\u017c nowych drzwi [&hellip;]","og_url":"https:\/\/www.24gliwice.pl\/wiadomosci\/kto-chcialby-teraz-odwiedzic-palmiarnie-musi-poczekac-remont-i-zabiegi-potrwaja-do-konca-lipca\/","og_site_name":"24GLIWICE - Portal Gliwice | codziennie nowe informacje","article_publisher":"https:\/\/www.facebook.com\/24gliwice","article_published_time":"2018-06-29T01:24:38+00:00","article_modified_time":"2018-06-29T06:51:56+00:00","og_image":[{"width":810,"height":457,"url":"https:\/\/www.24gliwice.pl\/wiadomosci\/wp-content\/uploads\/2018\/05\/palmiarnia.jpg","type":"image\/jpeg"}],"author":"\u017baneta Mrozek-Siewierska","twitter_card":"summary_large_image","twitter_creator":"@24gliwice","twitter_site":"@24gliwice","twitter_misc":{"Napisane przez":"\u017baneta Mrozek-Siewierska","Szacowany czas czytania":"1 minuta"},"schema":{"@context":"https:\/\/schema.org","@graph":[{"@type":"Article","@id":"https:\/\/www.24gliwice.pl\/wiadomosci\/kto-chcialby-teraz-odwiedzic-palmiarnie-musi-poczekac-remont-i-zabiegi-potrwaja-do-konca-lipca\/#article","isPartOf":{"@id":"https:\/\/www.24gliwice.pl\/wiadomosci\/kto-chcialby-teraz-odwiedzic-palmiarnie-musi-poczekac-remont-i-zabiegi-potrwaja-do-konca-lipca\/"},"author":{"name":"\u017baneta Mrozek-Siewierska","@id":"https:\/\/www.24gliwice.pl\/wiadomosci\/#\/schema\/person\/e42c650edd7f2fa332be3811fb166b6e"},"headline":"Kto chcia\u0142by teraz odwiedzi\u0107 Palmiarni\u0119, musi poczeka\u0107. Remont i zabiegi potrwaj\u0105 do ko\u0144ca lipca","datePublished":"2018-06-29T01:24:38+00:00","dateModified":"2018-06-29T06:51:56+00:00","mainEntityOfPage":{"@id":"https:\/\/www.24gliwice.pl\/wiadomosci\/kto-chcialby-teraz-odwiedzic-palmiarnie-musi-poczekac-remont-i-zabiegi-potrwaja-do-konca-lipca\/"},"wordCount":187,"commentCount":0,"publisher":{"@id":"https:\/\/www.24gliwice.pl\/wiadomosci\/#organization"},"image":{"@id":"https:\/\/www.24gliwice.pl\/wiadomosci\/kto-chcialby-teraz-odwiedzic-palmiarnie-musi-poczekac-remont-i-zabiegi-potrwaja-do-konca-lipca\/#primaryimage"},"thumbnailUrl":"https:\/\/www.24gliwice.pl\/wiadomosci\/wp-content\/uploads\/2018\/05\/palmiarnia.jpg","keywords":["elewacja","MZUK","PALMIARNIA","przerwa technologiczna","REMONT","wymiana elewacji"],"articleSection":["Gliwice","Najnowsze wiadomo\u015bci"],"inLanguage":"pl-PL","potentialAction":[{"@type":"CommentAction","name":"Comment","target":["https:\/\/www.24gliwice.pl\/wiadomosci\/kto-chcialby-teraz-odwiedzic-palmiarnie-musi-poczekac-remont-i-zabiegi-potrwaja-do-konca-lipca\/#respond"]}]},{"@type":"WebPage","@id":"https:\/\/www.24gliwice.pl\/wiadomosci\/kto-chcialby-teraz-odwiedzic-palmiarnie-musi-poczekac-remont-i-zabiegi-potrwaja-do-konca-lipca\/","url":"https:\/\/www.24gliwice.pl\/wiadomosci\/kto-chcialby-teraz-odwiedzic-palmiarnie-musi-poczekac-remont-i-zabiegi-potrwaja-do-konca-lipca\/","name":"Kto chcia\u0142by teraz odwiedzi\u0107 Palmiarni\u0119, musi poczeka\u0107. Remont i zabiegi potrwaj\u0105 do ko\u0144ca lipca - 24GLIWICE - Portal Gliwice | codziennie nowe informacje","isPartOf":{"@id":"https:\/\/www.24gliwice.pl\/wiadomosci\/#website"},"primaryImageOfPage":{"@id":"https:\/\/www.24gliwice.pl\/wiadomosci\/kto-chcialby-teraz-odwiedzic-palmiarnie-musi-poczekac-remont-i-zabiegi-potrwaja-do-konca-lipca\/#primaryimage"},"image":{"@id":"https:\/\/www.24gliwice.pl\/wiadomosci\/kto-chcialby-teraz-odwiedzic-palmiarnie-musi-poczekac-remont-i-zabiegi-potrwaja-do-konca-lipca\/#primaryimage"},"thumbnailUrl":"https:\/\/www.24gliwice.pl\/wiadomosci\/wp-content\/uploads\/2018\/05\/palmiarnia.jpg","datePublished":"2018-06-29T01:24:38+00:00","dateModified":"2018-06-29T06:51:56+00:00","breadcrumb":{"@id":"https:\/\/www.24gliwice.pl\/wiadomosci\/kto-chcialby-teraz-odwiedzic-palmiarnie-musi-poczekac-remont-i-zabiegi-potrwaja-do-konca-lipca\/#breadcrumb"},"inLanguage":"pl-PL","potentialAction":[{"@type":"ReadAction","target":["https:\/\/www.24gliwice.pl\/wiadomosci\/kto-chcialby-teraz-odwiedzic-palmiarnie-musi-poczekac-remont-i-zabiegi-potrwaja-do-konca-lipca\/"]}]},{"@type":"ImageObject","inLanguage":"pl-PL","@id":"https:\/\/www.24gliwice.pl\/wiadomosci\/kto-chcialby-teraz-odwiedzic-palmiarnie-musi-poczekac-remont-i-zabiegi-potrwaja-do-konca-lipca\/#primaryimage","url":"https:\/\/www.24gliwice.pl\/wiadomosci\/wp-content\/uploads\/2018\/05\/palmiarnia.jpg","contentUrl":"https:\/\/www.24gliwice.pl\/wiadomosci\/wp-content\/uploads\/2018\/05\/palmiarnia.jpg","width":810,"height":457},{"@type":"BreadcrumbList","@id":"https:\/\/www.24gliwice.pl\/wiadomosci\/kto-chcialby-teraz-odwiedzic-palmiarnie-musi-poczekac-remont-i-zabiegi-potrwaja-do-konca-lipca\/#breadcrumb","itemListElement":[{"@type":"ListItem","position":1,"name":"Strona g\u0142\u00f3wna","item":"https:\/\/www.24gliwice.pl\/wiadomosci\/"},{"@type":"ListItem","position":2,"name":"Kto chcia\u0142by teraz odwiedzi\u0107 Palmiarni\u0119, musi poczeka\u0107. Remont i zabiegi potrwaj\u0105 do ko\u0144ca lipca"}]},{"@type":"WebSite","@id":"https:\/\/www.24gliwice.pl\/wiadomosci\/#website","url":"https:\/\/www.24gliwice.pl\/wiadomosci\/","name":"24GLIWICE - Portal Gliwice | codziennie nowe wiadomo\u015bci","description":"Portal Miejski Gliwice","publisher":{"@id":"https:\/\/www.24gliwice.pl\/wiadomosci\/#organization"},"potentialAction":[{"@type":"SearchAction","target":{"@type":"EntryPoint","urlTemplate":"https:\/\/www.24gliwice.pl\/wiadomosci\/?s={search_term_string}"},"query-input":{"@type":"PropertyValueSpecification","valueRequired":true,"valueName":"search_term_string"}}],"inLanguage":"pl-PL"},{"@type":"Organization","@id":"https:\/\/www.24gliwice.pl\/wiadomosci\/#organization","name":"24gliwice","url":"https:\/\/www.24gliwice.pl\/wiadomosci\/","logo":{"@type":"ImageObject","inLanguage":"pl-PL","@id":"https:\/\/www.24gliwice.pl\/wiadomosci\/#\/schema\/logo\/image\/","url":"https:\/\/www.24gliwice.pl\/wiadomosci\/wp-content\/uploads\/2024\/10\/24gliwice-logo-696.jpg","contentUrl":"https:\/\/www.24gliwice.pl\/wiadomosci\/wp-content\/uploads\/2024\/10\/24gliwice-logo-696.jpg","width":696,"height":696,"caption":"24gliwice"},"image":{"@id":"https:\/\/www.24gliwice.pl\/wiadomosci\/#\/schema\/logo\/image\/"},"sameAs":["https:\/\/www.facebook.com\/24gliwice","https:\/\/x.com\/24gliwice","https:\/\/www.youtube.com\/@24gliwice"]},{"@type":"Person","@id":"https:\/\/www.24gliwice.pl\/wiadomosci\/#\/schema\/person\/e42c650edd7f2fa332be3811fb166b6e","name":"\u017baneta Mrozek-Siewierska","image":{"@type":"ImageObject","inLanguage":"pl-PL","@id":"https:\/\/secure.gravatar.com\/avatar\/1881429e9c64597c77ad7aef2d0a19be69a3253e57534d16aa15bf3a4d34a0a3?s=96&d=mm&r=g","url":"https:\/\/secure.gravatar.com\/avatar\/1881429e9c64597c77ad7aef2d0a19be69a3253e57534d16aa15bf3a4d34a0a3?s=96&d=mm&r=g","contentUrl":"https:\/\/secure.gravatar.com\/avatar\/1881429e9c64597c77ad7aef2d0a19be69a3253e57534d16aa15bf3a4d34a0a3?s=96&d=mm&r=g","caption":"\u017baneta Mrozek-Siewierska"},"url":"https:\/\/www.24gliwice.pl\/wiadomosci\/author\/zms\/"}]}},"_links":{"self":[{"href":"https:\/\/www.24gliwice.pl\/wiadomosci\/wp-json\/wp\/v2\/posts\/119491","targetHints":{"allow":["GET"]}}],"collection":[{"href":"https:\/\/www.24gliwice.pl\/wiadomosci\/wp-json\/wp\/v2\/posts"}],"about":[{"href":"https:\/\/www.24gliwice.pl\/wiadomosci\/wp-json\/wp\/v2\/types\/post"}],"author":[{"embeddable":true,"href":"https:\/\/www.24gliwice.pl\/wiadomosci\/wp-json\/wp\/v2\/users\/15"}],"replies":[{"embeddable":true,"href":"https:\/\/www.24gliwice.pl\/wiadomosci\/wp-json\/wp\/v2\/comments?post=119491"}],"version-history":[{"count":0,"href":"https:\/\/www.24gliwice.pl\/wiadomosci\/wp-json\/wp\/v2\/posts\/119491\/revisions"}],"wp:featuredmedia":[{"embeddable":true,"href":"https:\/\/www.24gliwice.pl\/wiadomosci\/wp-json\/wp\/v2\/media\/116745"}],"wp:attachment":[{"href":"https:\/\/www.24gliwice.pl\/wiadomosci\/wp-json\/wp\/v2\/media?parent=119491"}],"wp:term":[{"taxonomy":"category","embeddable":true,"href":"https:\/\/www.24gliwice.pl\/wiadomosci\/wp-json\/wp\/v2\/categories?post=119491"},{"taxonomy":"post_tag","embeddable":true,"href":"https:\/\/www.24gliwice.pl\/wiadomosci\/wp-json\/wp\/v2\/tags?post=119491"}],"curies":[{"name":"wp","href":"https:\/\/api.w.org\/{rel}","templated":true}]}}