{"id":119538,"date":"2018-07-01T02:18:44","date_gmt":"2018-07-01T00:18:44","guid":{"rendered":"https:\/\/www.24gliwice.pl\/wiadomosci\/?p=119538"},"modified":"2018-07-01T02:18:44","modified_gmt":"2018-07-01T00:18:44","slug":"uwaga-kierowcy-przypominamy-od-poniedzialku-parkowanie-w-tym-miejscu-bedzie-platne","status":"publish","type":"post","link":"https:\/\/www.24gliwice.pl\/wiadomosci\/uwaga-kierowcy-przypominamy-od-poniedzialku-parkowanie-w-tym-miejscu-bedzie-platne\/","title":{"rendered":"Uwaga kierowcy. Przypominamy &#8211; od poniedzia\u0142ku parkowanie w tym miejscu b\u0119dzie p\u0142atne"},"content":{"rendered":"<div class=\"gliwi-a6-nad-leadem-artykulow gliwi-entity-placement\" id=\"gliwi-1702540239\"><div class=\"gliwi-adlabel\"><span style=\"font-size: 9px\">REKLAMA<\/span><\/div><div id=\"gliwi-2002982151\" style=\"margin-bottom: 25px;margin-left: auto;margin-right: auto;text-align: center;\"><a data-no-instant=\"1\" href=\"https:\/\/dom100.eu\/\" rel=\"noopener\" class=\"a2t-link\" target=\"_blank\" aria-label=\"20260415 DOM100 D\"><img loading=\"lazy\" decoding=\"async\" src=\"https:\/\/www.24gliwice.pl\/wiadomosci\/wp-content\/uploads\/2026\/04\/20260415-DOM100-D.jpg\" alt=\"\"  srcset=\"https:\/\/www.24gliwice.pl\/wiadomosci\/wp-content\/uploads\/2026\/04\/20260415-DOM100-D.jpg 750w, https:\/\/www.24gliwice.pl\/wiadomosci\/wp-content\/uploads\/2026\/04\/20260415-DOM100-D-410x109.jpg 410w\" sizes=\"(max-width: 750px) 100vw, 750px\" class=\"no-lazyload\" width=\"750\" height=\"200\"  style=\"display: inline-block; max-width: 100%; height: auto;\" \/><\/a><\/div><\/div><h3>Od 1 lipca strefa p\u0142atnego parkowania si\u0119 powi\u0119kszy o parking nad Drogow\u0105 Tras\u0105 \u015arednicow\u0105 oraz miejsca postojowe przy ul. Dubois na odcinku od ul. Zwyci\u0119stwa do ronda Stanis\u0142awa Byliny.<\/h3>\n<p>Dodatkowe 130 miejsc postojowych powi\u0119kszy stref\u0119 p\u0142atnego parkowania do 3119 miejsc.<\/p>\n<p>\u2013 Zmiany zwi\u0105zane s\u0105 z w\u0142\u0105czeniem do ruchu znajduj\u0105cej si\u0119 w obszarze SPP ul. Przy Bramie Raciborskiej oraz zako\u0144czeniem budowy DT\u015a, a tak\u017ce zmian\u0105 uk\u0142adu komunikacyjnego na s\u0105siednich ulicach \u2013 wyja\u015bnia <strong>Anna Gilner<\/strong>, dyrektor Zarz\u0105du Dr\u00f3g Miejskich w Gliwicach.<\/p><div class=\"gliwi-a3-w-tresci-artykulow gliwi-entity-placement\" id=\"gliwi-776903210\"><div class=\"gliwi-adlabel\"><span style=\"font-size: 9px\">REKLAMA<\/span><\/div><div id=\"gliwi-2460490445\" style=\"margin-bottom: 30px;margin-left: auto;margin-right: auto;text-align: center;\"><a data-no-instant=\"1\" href=\"https:\/\/ogrodyandersa.pl\/\" rel=\"noopener\" class=\"a2t-link\" target=\"_blank\" aria-label=\"20260415 Ogrody Andersa KUP TERAZ D\"><img loading=\"lazy\" decoding=\"async\" src=\"https:\/\/www.24gliwice.pl\/wiadomosci\/wp-content\/uploads\/2026\/04\/20260415-Ogrody-Andersa-KUP-TERAZ-D.jpg\" alt=\"\"  srcset=\"https:\/\/www.24gliwice.pl\/wiadomosci\/wp-content\/uploads\/2026\/04\/20260415-Ogrody-Andersa-KUP-TERAZ-D.jpg 750w, https:\/\/www.24gliwice.pl\/wiadomosci\/wp-content\/uploads\/2026\/04\/20260415-Ogrody-Andersa-KUP-TERAZ-D-410x109.jpg 410w\" sizes=\"(max-width: 750px) 100vw, 750px\" class=\"no-lazyload\" width=\"750\" height=\"200\"  style=\"display: inline-block; max-width: 100%; height: auto;\" \/><\/a><\/div><\/div>\n<p>Op\u0142aty w gliwickiej strefie parkowania pobierane s\u0105 od poniedzia\u0142ku do pi\u0105tku, w godz. od 10.00 do 18.00. W zale\u017cno\u015bci od podstrefy i czasu postoju wynosz\u0105 od 0,40  z\u0142 do 15,60 z\u0142. <\/p>\n<p>(\u017cms)\/UM(mf)<\/p>\n<div class=\"gliwi-a5-na-koncu-artykulow gliwi-entity-placement\" id=\"gliwi-4200022054\"><div class=\"gliwi-adlabel\"><span style=\"font-size: 9px\">REKLAMA<\/span><\/div><div id=\"gliwi-3895566843\" style=\"margin-left: auto;margin-right: auto;text-align: center;\"><a data-no-instant=\"1\" href=\"https:\/\/prezeroarenagliwice.pl\/\" rel=\"noopener\" class=\"a2t-link\" target=\"_blank\" aria-label=\"20260309-PREZERO-WIOSNA-D\"><img loading=\"lazy\" decoding=\"async\" src=\"https:\/\/www.24gliwice.pl\/wiadomosci\/wp-content\/uploads\/2026\/03\/20260309-PREZERO-WIOSNA-D.webp\" alt=\"\"  srcset=\"https:\/\/www.24gliwice.pl\/wiadomosci\/wp-content\/uploads\/2026\/03\/20260309-PREZERO-WIOSNA-D.webp 750w, https:\/\/www.24gliwice.pl\/wiadomosci\/wp-content\/uploads\/2026\/03\/20260309-PREZERO-WIOSNA-D-410x109.webp 410w\" sizes=\"(max-width: 750px) 100vw, 750px\" class=\"no-lazyload\" width=\"750\" height=\"200\"  style=\"display: inline-block; max-width: 100%; height: auto;\" \/><\/a><\/div><\/div>","protected":false},"excerpt":{"rendered":"<p>Od 1 lipca strefa p\u0142atnego parkowania si\u0119 powi\u0119kszy o parking nad Drogow\u0105 Tras\u0105 \u015arednicow\u0105 oraz miejsca postojowe przy ul. Dubois na odcinku od ul. Zwyci\u0119stwa do ronda Stanis\u0142awa Byliny. Dodatkowe 130 miejsc postojowych powi\u0119kszy stref\u0119 p\u0142atnego parkowania do 3119 miejsc. \u2013 Zmiany zwi\u0105zane s\u0105 z w\u0142\u0105czeniem do ruchu znajduj\u0105cej si\u0119 w obszarze SPP ul. Przy [&hellip;]<\/p>\n","protected":false},"author":15,"featured_media":103872,"comment_status":"open","ping_status":"closed","sticky":false,"template":"","format":"standard","meta":{"_monsterinsights_skip_tracking":false,"_monsterinsights_sitenote_active":false,"_monsterinsights_sitenote_note":"","_monsterinsights_sitenote_category":0,"footnotes":"","_links_to":"","_links_to_target":""},"categories":[3,1],"tags":[12778,8400,8399,8128,1170,12777,2467,8484,9468,9227],"class_list":["post-119538","post","type-post","status-publish","format-standard","has-post-thumbnail","hentry","category-gliwice","category-wszystko","tag-dubois","tag-kierowca","tag-kierujacy","tag-komunikacja","tag-parking","tag-parking-nad-dts","tag-parkowanie","tag-samochod","tag-spp","tag-strefa-platnego-parkowania"],"yoast_head":"<!-- This site is optimized with the Yoast SEO plugin v27.5 - https:\/\/yoast.com\/product\/yoast-seo-wordpress\/ -->\n<title>Uwaga kierowcy. Przypominamy - od poniedzia\u0142ku parkowanie w tym miejscu b\u0119dzie p\u0142atne - 24GLIWICE - Portal Gliwice | codziennie nowe informacje<\/title>\n<meta name=\"robots\" content=\"index, follow, max-snippet:-1, max-image-preview:large, max-video-preview:-1\" \/>\n<link rel=\"canonical\" href=\"https:\/\/www.24gliwice.pl\/wiadomosci\/uwaga-kierowcy-przypominamy-od-poniedzialku-parkowanie-w-tym-miejscu-bedzie-platne\/\" \/>\n<meta property=\"og:locale\" content=\"pl_PL\" \/>\n<meta property=\"og:type\" content=\"article\" \/>\n<meta property=\"og:title\" content=\"Uwaga kierowcy. Przypominamy - od poniedzia\u0142ku parkowanie w tym miejscu b\u0119dzie p\u0142atne - 24GLIWICE - Portal Gliwice | codziennie nowe informacje\" \/>\n<meta property=\"og:description\" content=\"Od 1 lipca strefa p\u0142atnego parkowania si\u0119 powi\u0119kszy o parking nad Drogow\u0105 Tras\u0105 \u015arednicow\u0105 oraz miejsca postojowe przy ul. Dubois na odcinku od ul. Zwyci\u0119stwa do ronda Stanis\u0142awa Byliny. Dodatkowe 130 miejsc postojowych powi\u0119kszy stref\u0119 p\u0142atnego parkowania do 3119 miejsc. \u2013 Zmiany zwi\u0105zane s\u0105 z w\u0142\u0105czeniem do ruchu znajduj\u0105cej si\u0119 w obszarze SPP ul. Przy [&hellip;]\" \/>\n<meta property=\"og:url\" content=\"https:\/\/www.24gliwice.pl\/wiadomosci\/uwaga-kierowcy-przypominamy-od-poniedzialku-parkowanie-w-tym-miejscu-bedzie-platne\/\" \/>\n<meta property=\"og:site_name\" content=\"24GLIWICE - Portal Gliwice | codziennie nowe informacje\" \/>\n<meta property=\"article:publisher\" content=\"https:\/\/www.facebook.com\/24gliwice\" \/>\n<meta property=\"article:published_time\" content=\"2018-07-01T00:18:44+00:00\" \/>\n<meta property=\"og:image\" content=\"https:\/\/www.24gliwice.pl\/wiadomosci\/wp-content\/uploads\/2017\/09\/SPP-Parkowanie-Kontroler-Strefa-e1504619961617.jpg\" \/>\n\t<meta property=\"og:image:width\" content=\"810\" \/>\n\t<meta property=\"og:image:height\" content=\"456\" \/>\n\t<meta property=\"og:image:type\" content=\"image\/jpeg\" \/>\n<meta name=\"author\" content=\"\u017baneta Mrozek-Siewierska\" \/>\n<meta name=\"twitter:card\" content=\"summary_large_image\" \/>\n<meta name=\"twitter:creator\" content=\"@24gliwice\" \/>\n<meta name=\"twitter:site\" content=\"@24gliwice\" \/>\n<meta name=\"twitter:label1\" content=\"Napisane przez\" \/>\n\t<meta name=\"twitter:data1\" content=\"\u017baneta Mrozek-Siewierska\" \/>\n\t<meta name=\"twitter:label2\" content=\"Szacowany czas czytania\" \/>\n\t<meta name=\"twitter:data2\" content=\"1 minuta\" \/>\n<script type=\"application\/ld+json\" class=\"yoast-schema-graph\">{\"@context\":\"https:\\\/\\\/schema.org\",\"@graph\":[{\"@type\":\"Article\",\"@id\":\"https:\\\/\\\/www.24gliwice.pl\\\/wiadomosci\\\/uwaga-kierowcy-przypominamy-od-poniedzialku-parkowanie-w-tym-miejscu-bedzie-platne\\\/#article\",\"isPartOf\":{\"@id\":\"https:\\\/\\\/www.24gliwice.pl\\\/wiadomosci\\\/uwaga-kierowcy-przypominamy-od-poniedzialku-parkowanie-w-tym-miejscu-bedzie-platne\\\/\"},\"author\":{\"name\":\"\u017baneta Mrozek-Siewierska\",\"@id\":\"https:\\\/\\\/www.24gliwice.pl\\\/wiadomosci\\\/#\\\/schema\\\/person\\\/e42c650edd7f2fa332be3811fb166b6e\"},\"headline\":\"Uwaga kierowcy. Przypominamy &#8211; od poniedzia\u0142ku parkowanie w tym miejscu b\u0119dzie p\u0142atne\",\"datePublished\":\"2018-07-01T00:18:44+00:00\",\"mainEntityOfPage\":{\"@id\":\"https:\\\/\\\/www.24gliwice.pl\\\/wiadomosci\\\/uwaga-kierowcy-przypominamy-od-poniedzialku-parkowanie-w-tym-miejscu-bedzie-platne\\\/\"},\"wordCount\":140,\"commentCount\":0,\"publisher\":{\"@id\":\"https:\\\/\\\/www.24gliwice.pl\\\/wiadomosci\\\/#organization\"},\"image\":{\"@id\":\"https:\\\/\\\/www.24gliwice.pl\\\/wiadomosci\\\/uwaga-kierowcy-przypominamy-od-poniedzialku-parkowanie-w-tym-miejscu-bedzie-platne\\\/#primaryimage\"},\"thumbnailUrl\":\"https:\\\/\\\/www.24gliwice.pl\\\/wiadomosci\\\/wp-content\\\/uploads\\\/2017\\\/09\\\/SPP-Parkowanie-Kontroler-Strefa-e1504619961617.jpg\",\"keywords\":[\"dubois\",\"kierowca\",\"kieruj\u0105cy\",\"KOMUNIKACJA\",\"PARKING\",\"parking nad dt\u015b\",\"PARKOWANIE\",\"SAMOCH\u00d3D\",\"SPP\",\"STREFA P\u0141ATNEGO PARKOWANIA\"],\"articleSection\":[\"Gliwice\",\"Najnowsze wiadomo\u015bci\"],\"inLanguage\":\"pl-PL\",\"potentialAction\":[{\"@type\":\"CommentAction\",\"name\":\"Comment\",\"target\":[\"https:\\\/\\\/www.24gliwice.pl\\\/wiadomosci\\\/uwaga-kierowcy-przypominamy-od-poniedzialku-parkowanie-w-tym-miejscu-bedzie-platne\\\/#respond\"]}]},{\"@type\":\"WebPage\",\"@id\":\"https:\\\/\\\/www.24gliwice.pl\\\/wiadomosci\\\/uwaga-kierowcy-przypominamy-od-poniedzialku-parkowanie-w-tym-miejscu-bedzie-platne\\\/\",\"url\":\"https:\\\/\\\/www.24gliwice.pl\\\/wiadomosci\\\/uwaga-kierowcy-przypominamy-od-poniedzialku-parkowanie-w-tym-miejscu-bedzie-platne\\\/\",\"name\":\"Uwaga kierowcy. Przypominamy - od poniedzia\u0142ku parkowanie w tym miejscu b\u0119dzie p\u0142atne - 24GLIWICE - Portal Gliwice | codziennie nowe informacje\",\"isPartOf\":{\"@id\":\"https:\\\/\\\/www.24gliwice.pl\\\/wiadomosci\\\/#website\"},\"primaryImageOfPage\":{\"@id\":\"https:\\\/\\\/www.24gliwice.pl\\\/wiadomosci\\\/uwaga-kierowcy-przypominamy-od-poniedzialku-parkowanie-w-tym-miejscu-bedzie-platne\\\/#primaryimage\"},\"image\":{\"@id\":\"https:\\\/\\\/www.24gliwice.pl\\\/wiadomosci\\\/uwaga-kierowcy-przypominamy-od-poniedzialku-parkowanie-w-tym-miejscu-bedzie-platne\\\/#primaryimage\"},\"thumbnailUrl\":\"https:\\\/\\\/www.24gliwice.pl\\\/wiadomosci\\\/wp-content\\\/uploads\\\/2017\\\/09\\\/SPP-Parkowanie-Kontroler-Strefa-e1504619961617.jpg\",\"datePublished\":\"2018-07-01T00:18:44+00:00\",\"breadcrumb\":{\"@id\":\"https:\\\/\\\/www.24gliwice.pl\\\/wiadomosci\\\/uwaga-kierowcy-przypominamy-od-poniedzialku-parkowanie-w-tym-miejscu-bedzie-platne\\\/#breadcrumb\"},\"inLanguage\":\"pl-PL\",\"potentialAction\":[{\"@type\":\"ReadAction\",\"target\":[\"https:\\\/\\\/www.24gliwice.pl\\\/wiadomosci\\\/uwaga-kierowcy-przypominamy-od-poniedzialku-parkowanie-w-tym-miejscu-bedzie-platne\\\/\"]}]},{\"@type\":\"ImageObject\",\"inLanguage\":\"pl-PL\",\"@id\":\"https:\\\/\\\/www.24gliwice.pl\\\/wiadomosci\\\/uwaga-kierowcy-przypominamy-od-poniedzialku-parkowanie-w-tym-miejscu-bedzie-platne\\\/#primaryimage\",\"url\":\"https:\\\/\\\/www.24gliwice.pl\\\/wiadomosci\\\/wp-content\\\/uploads\\\/2017\\\/09\\\/SPP-Parkowanie-Kontroler-Strefa-e1504619961617.jpg\",\"contentUrl\":\"https:\\\/\\\/www.24gliwice.pl\\\/wiadomosci\\\/wp-content\\\/uploads\\\/2017\\\/09\\\/SPP-Parkowanie-Kontroler-Strefa-e1504619961617.jpg\",\"width\":810,\"height\":456},{\"@type\":\"BreadcrumbList\",\"@id\":\"https:\\\/\\\/www.24gliwice.pl\\\/wiadomosci\\\/uwaga-kierowcy-przypominamy-od-poniedzialku-parkowanie-w-tym-miejscu-bedzie-platne\\\/#breadcrumb\",\"itemListElement\":[{\"@type\":\"ListItem\",\"position\":1,\"name\":\"Strona g\u0142\u00f3wna\",\"item\":\"https:\\\/\\\/www.24gliwice.pl\\\/wiadomosci\\\/\"},{\"@type\":\"ListItem\",\"position\":2,\"name\":\"Uwaga kierowcy. Przypominamy &#8211; od poniedzia\u0142ku parkowanie w tym miejscu b\u0119dzie p\u0142atne\"}]},{\"@type\":\"WebSite\",\"@id\":\"https:\\\/\\\/www.24gliwice.pl\\\/wiadomosci\\\/#website\",\"url\":\"https:\\\/\\\/www.24gliwice.pl\\\/wiadomosci\\\/\",\"name\":\"24GLIWICE - Portal Gliwice | codziennie nowe wiadomo\u015bci\",\"description\":\"Portal Miejski Gliwice\",\"publisher\":{\"@id\":\"https:\\\/\\\/www.24gliwice.pl\\\/wiadomosci\\\/#organization\"},\"potentialAction\":[{\"@type\":\"SearchAction\",\"target\":{\"@type\":\"EntryPoint\",\"urlTemplate\":\"https:\\\/\\\/www.24gliwice.pl\\\/wiadomosci\\\/?s={search_term_string}\"},\"query-input\":{\"@type\":\"PropertyValueSpecification\",\"valueRequired\":true,\"valueName\":\"search_term_string\"}}],\"inLanguage\":\"pl-PL\"},{\"@type\":\"Organization\",\"@id\":\"https:\\\/\\\/www.24gliwice.pl\\\/wiadomosci\\\/#organization\",\"name\":\"24gliwice\",\"url\":\"https:\\\/\\\/www.24gliwice.pl\\\/wiadomosci\\\/\",\"logo\":{\"@type\":\"ImageObject\",\"inLanguage\":\"pl-PL\",\"@id\":\"https:\\\/\\\/www.24gliwice.pl\\\/wiadomosci\\\/#\\\/schema\\\/logo\\\/image\\\/\",\"url\":\"https:\\\/\\\/www.24gliwice.pl\\\/wiadomosci\\\/wp-content\\\/uploads\\\/2024\\\/10\\\/24gliwice-logo-696.jpg\",\"contentUrl\":\"https:\\\/\\\/www.24gliwice.pl\\\/wiadomosci\\\/wp-content\\\/uploads\\\/2024\\\/10\\\/24gliwice-logo-696.jpg\",\"width\":696,\"height\":696,\"caption\":\"24gliwice\"},\"image\":{\"@id\":\"https:\\\/\\\/www.24gliwice.pl\\\/wiadomosci\\\/#\\\/schema\\\/logo\\\/image\\\/\"},\"sameAs\":[\"https:\\\/\\\/www.facebook.com\\\/24gliwice\",\"https:\\\/\\\/x.com\\\/24gliwice\",\"https:\\\/\\\/www.youtube.com\\\/@24gliwice\"]},{\"@type\":\"Person\",\"@id\":\"https:\\\/\\\/www.24gliwice.pl\\\/wiadomosci\\\/#\\\/schema\\\/person\\\/e42c650edd7f2fa332be3811fb166b6e\",\"name\":\"\u017baneta Mrozek-Siewierska\",\"image\":{\"@type\":\"ImageObject\",\"inLanguage\":\"pl-PL\",\"@id\":\"https:\\\/\\\/secure.gravatar.com\\\/avatar\\\/1881429e9c64597c77ad7aef2d0a19be69a3253e57534d16aa15bf3a4d34a0a3?s=96&d=mm&r=g\",\"url\":\"https:\\\/\\\/secure.gravatar.com\\\/avatar\\\/1881429e9c64597c77ad7aef2d0a19be69a3253e57534d16aa15bf3a4d34a0a3?s=96&d=mm&r=g\",\"contentUrl\":\"https:\\\/\\\/secure.gravatar.com\\\/avatar\\\/1881429e9c64597c77ad7aef2d0a19be69a3253e57534d16aa15bf3a4d34a0a3?s=96&d=mm&r=g\",\"caption\":\"\u017baneta Mrozek-Siewierska\"},\"url\":\"https:\\\/\\\/www.24gliwice.pl\\\/wiadomosci\\\/author\\\/zms\\\/\"}]}<\/script>\n<!-- \/ Yoast SEO plugin. -->","yoast_head_json":{"title":"Uwaga kierowcy. Przypominamy - od poniedzia\u0142ku parkowanie w tym miejscu b\u0119dzie p\u0142atne - 24GLIWICE - Portal Gliwice | codziennie nowe informacje","robots":{"index":"index","follow":"follow","max-snippet":"max-snippet:-1","max-image-preview":"max-image-preview:large","max-video-preview":"max-video-preview:-1"},"canonical":"https:\/\/www.24gliwice.pl\/wiadomosci\/uwaga-kierowcy-przypominamy-od-poniedzialku-parkowanie-w-tym-miejscu-bedzie-platne\/","og_locale":"pl_PL","og_type":"article","og_title":"Uwaga kierowcy. Przypominamy - od poniedzia\u0142ku parkowanie w tym miejscu b\u0119dzie p\u0142atne - 24GLIWICE - Portal Gliwice | codziennie nowe informacje","og_description":"Od 1 lipca strefa p\u0142atnego parkowania si\u0119 powi\u0119kszy o parking nad Drogow\u0105 Tras\u0105 \u015arednicow\u0105 oraz miejsca postojowe przy ul. Dubois na odcinku od ul. Zwyci\u0119stwa do ronda Stanis\u0142awa Byliny. Dodatkowe 130 miejsc postojowych powi\u0119kszy stref\u0119 p\u0142atnego parkowania do 3119 miejsc. \u2013 Zmiany zwi\u0105zane s\u0105 z w\u0142\u0105czeniem do ruchu znajduj\u0105cej si\u0119 w obszarze SPP ul. Przy [&hellip;]","og_url":"https:\/\/www.24gliwice.pl\/wiadomosci\/uwaga-kierowcy-przypominamy-od-poniedzialku-parkowanie-w-tym-miejscu-bedzie-platne\/","og_site_name":"24GLIWICE - Portal Gliwice | codziennie nowe informacje","article_publisher":"https:\/\/www.facebook.com\/24gliwice","article_published_time":"2018-07-01T00:18:44+00:00","og_image":[{"width":810,"height":456,"url":"https:\/\/www.24gliwice.pl\/wiadomosci\/wp-content\/uploads\/2017\/09\/SPP-Parkowanie-Kontroler-Strefa-e1504619961617.jpg","type":"image\/jpeg"}],"author":"\u017baneta Mrozek-Siewierska","twitter_card":"summary_large_image","twitter_creator":"@24gliwice","twitter_site":"@24gliwice","twitter_misc":{"Napisane przez":"\u017baneta Mrozek-Siewierska","Szacowany czas czytania":"1 minuta"},"schema":{"@context":"https:\/\/schema.org","@graph":[{"@type":"Article","@id":"https:\/\/www.24gliwice.pl\/wiadomosci\/uwaga-kierowcy-przypominamy-od-poniedzialku-parkowanie-w-tym-miejscu-bedzie-platne\/#article","isPartOf":{"@id":"https:\/\/www.24gliwice.pl\/wiadomosci\/uwaga-kierowcy-przypominamy-od-poniedzialku-parkowanie-w-tym-miejscu-bedzie-platne\/"},"author":{"name":"\u017baneta Mrozek-Siewierska","@id":"https:\/\/www.24gliwice.pl\/wiadomosci\/#\/schema\/person\/e42c650edd7f2fa332be3811fb166b6e"},"headline":"Uwaga kierowcy. Przypominamy &#8211; od poniedzia\u0142ku parkowanie w tym miejscu b\u0119dzie p\u0142atne","datePublished":"2018-07-01T00:18:44+00:00","mainEntityOfPage":{"@id":"https:\/\/www.24gliwice.pl\/wiadomosci\/uwaga-kierowcy-przypominamy-od-poniedzialku-parkowanie-w-tym-miejscu-bedzie-platne\/"},"wordCount":140,"commentCount":0,"publisher":{"@id":"https:\/\/www.24gliwice.pl\/wiadomosci\/#organization"},"image":{"@id":"https:\/\/www.24gliwice.pl\/wiadomosci\/uwaga-kierowcy-przypominamy-od-poniedzialku-parkowanie-w-tym-miejscu-bedzie-platne\/#primaryimage"},"thumbnailUrl":"https:\/\/www.24gliwice.pl\/wiadomosci\/wp-content\/uploads\/2017\/09\/SPP-Parkowanie-Kontroler-Strefa-e1504619961617.jpg","keywords":["dubois","kierowca","kieruj\u0105cy","KOMUNIKACJA","PARKING","parking nad dt\u015b","PARKOWANIE","SAMOCH\u00d3D","SPP","STREFA P\u0141ATNEGO PARKOWANIA"],"articleSection":["Gliwice","Najnowsze wiadomo\u015bci"],"inLanguage":"pl-PL","potentialAction":[{"@type":"CommentAction","name":"Comment","target":["https:\/\/www.24gliwice.pl\/wiadomosci\/uwaga-kierowcy-przypominamy-od-poniedzialku-parkowanie-w-tym-miejscu-bedzie-platne\/#respond"]}]},{"@type":"WebPage","@id":"https:\/\/www.24gliwice.pl\/wiadomosci\/uwaga-kierowcy-przypominamy-od-poniedzialku-parkowanie-w-tym-miejscu-bedzie-platne\/","url":"https:\/\/www.24gliwice.pl\/wiadomosci\/uwaga-kierowcy-przypominamy-od-poniedzialku-parkowanie-w-tym-miejscu-bedzie-platne\/","name":"Uwaga kierowcy. Przypominamy - od poniedzia\u0142ku parkowanie w tym miejscu b\u0119dzie p\u0142atne - 24GLIWICE - Portal Gliwice | codziennie nowe informacje","isPartOf":{"@id":"https:\/\/www.24gliwice.pl\/wiadomosci\/#website"},"primaryImageOfPage":{"@id":"https:\/\/www.24gliwice.pl\/wiadomosci\/uwaga-kierowcy-przypominamy-od-poniedzialku-parkowanie-w-tym-miejscu-bedzie-platne\/#primaryimage"},"image":{"@id":"https:\/\/www.24gliwice.pl\/wiadomosci\/uwaga-kierowcy-przypominamy-od-poniedzialku-parkowanie-w-tym-miejscu-bedzie-platne\/#primaryimage"},"thumbnailUrl":"https:\/\/www.24gliwice.pl\/wiadomosci\/wp-content\/uploads\/2017\/09\/SPP-Parkowanie-Kontroler-Strefa-e1504619961617.jpg","datePublished":"2018-07-01T00:18:44+00:00","breadcrumb":{"@id":"https:\/\/www.24gliwice.pl\/wiadomosci\/uwaga-kierowcy-przypominamy-od-poniedzialku-parkowanie-w-tym-miejscu-bedzie-platne\/#breadcrumb"},"inLanguage":"pl-PL","potentialAction":[{"@type":"ReadAction","target":["https:\/\/www.24gliwice.pl\/wiadomosci\/uwaga-kierowcy-przypominamy-od-poniedzialku-parkowanie-w-tym-miejscu-bedzie-platne\/"]}]},{"@type":"ImageObject","inLanguage":"pl-PL","@id":"https:\/\/www.24gliwice.pl\/wiadomosci\/uwaga-kierowcy-przypominamy-od-poniedzialku-parkowanie-w-tym-miejscu-bedzie-platne\/#primaryimage","url":"https:\/\/www.24gliwice.pl\/wiadomosci\/wp-content\/uploads\/2017\/09\/SPP-Parkowanie-Kontroler-Strefa-e1504619961617.jpg","contentUrl":"https:\/\/www.24gliwice.pl\/wiadomosci\/wp-content\/uploads\/2017\/09\/SPP-Parkowanie-Kontroler-Strefa-e1504619961617.jpg","width":810,"height":456},{"@type":"BreadcrumbList","@id":"https:\/\/www.24gliwice.pl\/wiadomosci\/uwaga-kierowcy-przypominamy-od-poniedzialku-parkowanie-w-tym-miejscu-bedzie-platne\/#breadcrumb","itemListElement":[{"@type":"ListItem","position":1,"name":"Strona g\u0142\u00f3wna","item":"https:\/\/www.24gliwice.pl\/wiadomosci\/"},{"@type":"ListItem","position":2,"name":"Uwaga kierowcy. Przypominamy &#8211; od poniedzia\u0142ku parkowanie w tym miejscu b\u0119dzie p\u0142atne"}]},{"@type":"WebSite","@id":"https:\/\/www.24gliwice.pl\/wiadomosci\/#website","url":"https:\/\/www.24gliwice.pl\/wiadomosci\/","name":"24GLIWICE - Portal Gliwice | codziennie nowe wiadomo\u015bci","description":"Portal Miejski Gliwice","publisher":{"@id":"https:\/\/www.24gliwice.pl\/wiadomosci\/#organization"},"potentialAction":[{"@type":"SearchAction","target":{"@type":"EntryPoint","urlTemplate":"https:\/\/www.24gliwice.pl\/wiadomosci\/?s={search_term_string}"},"query-input":{"@type":"PropertyValueSpecification","valueRequired":true,"valueName":"search_term_string"}}],"inLanguage":"pl-PL"},{"@type":"Organization","@id":"https:\/\/www.24gliwice.pl\/wiadomosci\/#organization","name":"24gliwice","url":"https:\/\/www.24gliwice.pl\/wiadomosci\/","logo":{"@type":"ImageObject","inLanguage":"pl-PL","@id":"https:\/\/www.24gliwice.pl\/wiadomosci\/#\/schema\/logo\/image\/","url":"https:\/\/www.24gliwice.pl\/wiadomosci\/wp-content\/uploads\/2024\/10\/24gliwice-logo-696.jpg","contentUrl":"https:\/\/www.24gliwice.pl\/wiadomosci\/wp-content\/uploads\/2024\/10\/24gliwice-logo-696.jpg","width":696,"height":696,"caption":"24gliwice"},"image":{"@id":"https:\/\/www.24gliwice.pl\/wiadomosci\/#\/schema\/logo\/image\/"},"sameAs":["https:\/\/www.facebook.com\/24gliwice","https:\/\/x.com\/24gliwice","https:\/\/www.youtube.com\/@24gliwice"]},{"@type":"Person","@id":"https:\/\/www.24gliwice.pl\/wiadomosci\/#\/schema\/person\/e42c650edd7f2fa332be3811fb166b6e","name":"\u017baneta Mrozek-Siewierska","image":{"@type":"ImageObject","inLanguage":"pl-PL","@id":"https:\/\/secure.gravatar.com\/avatar\/1881429e9c64597c77ad7aef2d0a19be69a3253e57534d16aa15bf3a4d34a0a3?s=96&d=mm&r=g","url":"https:\/\/secure.gravatar.com\/avatar\/1881429e9c64597c77ad7aef2d0a19be69a3253e57534d16aa15bf3a4d34a0a3?s=96&d=mm&r=g","contentUrl":"https:\/\/secure.gravatar.com\/avatar\/1881429e9c64597c77ad7aef2d0a19be69a3253e57534d16aa15bf3a4d34a0a3?s=96&d=mm&r=g","caption":"\u017baneta Mrozek-Siewierska"},"url":"https:\/\/www.24gliwice.pl\/wiadomosci\/author\/zms\/"}]}},"_links":{"self":[{"href":"https:\/\/www.24gliwice.pl\/wiadomosci\/wp-json\/wp\/v2\/posts\/119538","targetHints":{"allow":["GET"]}}],"collection":[{"href":"https:\/\/www.24gliwice.pl\/wiadomosci\/wp-json\/wp\/v2\/posts"}],"about":[{"href":"https:\/\/www.24gliwice.pl\/wiadomosci\/wp-json\/wp\/v2\/types\/post"}],"author":[{"embeddable":true,"href":"https:\/\/www.24gliwice.pl\/wiadomosci\/wp-json\/wp\/v2\/users\/15"}],"replies":[{"embeddable":true,"href":"https:\/\/www.24gliwice.pl\/wiadomosci\/wp-json\/wp\/v2\/comments?post=119538"}],"version-history":[{"count":0,"href":"https:\/\/www.24gliwice.pl\/wiadomosci\/wp-json\/wp\/v2\/posts\/119538\/revisions"}],"wp:featuredmedia":[{"embeddable":true,"href":"https:\/\/www.24gliwice.pl\/wiadomosci\/wp-json\/wp\/v2\/media\/103872"}],"wp:attachment":[{"href":"https:\/\/www.24gliwice.pl\/wiadomosci\/wp-json\/wp\/v2\/media?parent=119538"}],"wp:term":[{"taxonomy":"category","embeddable":true,"href":"https:\/\/www.24gliwice.pl\/wiadomosci\/wp-json\/wp\/v2\/categories?post=119538"},{"taxonomy":"post_tag","embeddable":true,"href":"https:\/\/www.24gliwice.pl\/wiadomosci\/wp-json\/wp\/v2\/tags?post=119538"}],"curies":[{"name":"wp","href":"https:\/\/api.w.org\/{rel}","templated":true}]}}