{"id":119591,"date":"2018-07-03T01:56:09","date_gmt":"2018-07-02T23:56:09","guid":{"rendered":"https:\/\/www.24gliwice.pl\/wiadomosci\/?p=119591"},"modified":"2018-07-03T01:56:09","modified_gmt":"2018-07-02T23:56:09","slug":"budowa-dlugo-oczekiwanego-ronda-na-finiszu-zdm-ma-w-planach-kolejne-inwestycje-drogowe","status":"publish","type":"post","link":"https:\/\/www.24gliwice.pl\/wiadomosci\/budowa-dlugo-oczekiwanego-ronda-na-finiszu-zdm-ma-w-planach-kolejne-inwestycje-drogowe\/","title":{"rendered":"Budowa d\u0142ugo oczekiwanego ronda na finiszu. ZDM ma w planach kolejne inwestycje drogowe"},"content":{"rendered":"<div class=\"gliwi-a6-nad-leadem-artykulow gliwi-entity-placement\" id=\"gliwi-3450133021\"><div class=\"gliwi-adlabel\"><span style=\"font-size: 9px\">REKLAMA<\/span><\/div><div id=\"gliwi-2974882405\" style=\"margin-bottom: 30px;margin-left: auto;margin-right: auto;text-align: center;\"><a data-no-instant=\"1\" href=\"https:\/\/przedszkole.halogen.org.pl\/\" rel=\"noopener\" class=\"a2t-link\" target=\"_blank\" aria-label=\"20260402-ANIMATOR-przedszkole_grafika_750x200\"><img loading=\"lazy\" decoding=\"async\" src=\"https:\/\/www.24gliwice.pl\/wiadomosci\/wp-content\/uploads\/2026\/04\/20260402-ANIMATOR-przedszkole_grafika_750x200.webp\" alt=\"\"  srcset=\"https:\/\/www.24gliwice.pl\/wiadomosci\/wp-content\/uploads\/2026\/04\/20260402-ANIMATOR-przedszkole_grafika_750x200.webp 750w, https:\/\/www.24gliwice.pl\/wiadomosci\/wp-content\/uploads\/2026\/04\/20260402-ANIMATOR-przedszkole_grafika_750x200-410x109.webp 410w\" sizes=\"(max-width: 750px) 100vw, 750px\" class=\"no-lazyload\" width=\"750\" height=\"200\"  style=\"display: inline-block; max-width: 100%; height: auto;\" \/><\/a><\/div><\/div><h3>Do ko\u0144ca lipca powinna zako\u0144czy\u0107 si\u0119 przebudowa skrzy\u017cowania u zbiegu ul. Wycz\u00f3\u0142kowskiego i Kozielskiej.<\/h3>\n<p> &#8211; Zrealizowano prawie wszystkie roboty zwi\u0105zane z infrastruktur\u0105 podziemn\u0105. Dobiegaj\u0105 ko\u0144ca prace przy przebudowie przystanku autobusowego, a na monta\u017c oczekuj\u0105 s\u0142upy o\u015bwietleniowe &#8211; informuje <strong>Jadwiga Stiborska<\/strong> z Zarz\u0105du Dr\u00f3g Miejskich w Gliwicach. <\/p>\n<p>Drogowcy zapewniaj\u0105, \u017ce na p\u00f3\u0142metku wakacji rondo powinno by\u0107 gotowe do u\u017cytkowania. Na razie, jeszcze przez kilka tygodni kierowcy musz\u0105 by\u0107 przygotowani na zmiany w organizacji ruchu. Szacunkowy koszt inwestycji to ok. 5 mln z\u0142otych, cho\u0107 dok\u0142adna kwota b\u0119dzie znana po zako\u0144czeniu i rozliczeniu przedsi\u0119wzi\u0119cia.<\/p><div class=\"gliwi-a3-w-tresci-artykulow gliwi-entity-placement\" id=\"gliwi-2733824727\"><div class=\"gliwi-adlabel\"><span style=\"font-size: 9px\">REKLAMA<\/span><\/div><div id=\"gliwi-3977980620\" style=\"margin-bottom: 30px;margin-left: auto;margin-right: auto;text-align: center;\"><a data-no-instant=\"1\" href=\"https:\/\/zlobek.halogen.org.pl\/\" rel=\"noopener\" class=\"a2t-link\" target=\"_blank\" aria-label=\"animator-zlobek_750x200\"><img loading=\"lazy\" decoding=\"async\" src=\"https:\/\/www.24gliwice.pl\/wiadomosci\/wp-content\/uploads\/2026\/02\/animator-zlobek_750x200.webp\" alt=\"\"  srcset=\"https:\/\/www.24gliwice.pl\/wiadomosci\/wp-content\/uploads\/2026\/02\/animator-zlobek_750x200.webp 750w, https:\/\/www.24gliwice.pl\/wiadomosci\/wp-content\/uploads\/2026\/02\/animator-zlobek_750x200-410x109.webp 410w\" sizes=\"(max-width: 750px) 100vw, 750px\" class=\"no-lazyload\" width=\"750\" height=\"200\"  style=\"display: inline-block; max-width: 100%; height: auto;\" \/><\/a><\/div><\/div>\n<h4>Jedno z najniebezpieczniejszych w Gliwicach<\/h4>\n<p>Inwestycja ma szans\u0119 wydatnie przyczyni\u0107 si\u0119 do wzrostu bezpiecze\u0144stwa na feralnym skrzy\u017cowaniu. Ka\u017cdego roku dochodzi\u0142o tu do kilkunastu kolizji i wypadk\u00f3w. D\u0142ugi odcinek prostej drogi, w po\u0142\u0105czeniu z du\u017cym ruchem samochod\u00f3w wyje\u017cd\u017caj\u0105cych ze strefy ekonomicznej by\u0142 jak tykaj\u0105ca bomba. Ryzyko wypadku gliwicka policja okre\u015bla\u0142a, jako &#8220;ogromne&#8221;. O przebudow\u0119 skrzy\u017cowania wielokrotnie wnosili mieszka\u0144cy Brzezinki. Drogowcy najpierw jednak wprowadzili rozwi\u0105zania zast\u0119pcze: dodatkowe oznakowanie i ograniczenie pr\u0119dko\u015bci do 40 km\/h. Szybko okaza\u0142o si\u0119, \u017ce te dzia\u0142ania nie by\u0142y wystarczaj\u0105ce. Wreszcie, po wielu latach oczekiwania, przebudowa ruszy\u0142a na prze\u0142omie 2017 i 2018 roku.<\/p>\n<p><img loading=\"lazy\" decoding=\"async\" src=\"https:\/\/www.24gliwice.pl\/wiadomosci\/wp-content\/uploads\/2018\/07\/wycz\u00f3\u0142kowskiego2.jpg\" alt=\"\" width=\"1200\" height=\"675\" class=\"alignnone size-full wp-image-119596\" srcset=\"https:\/\/www.24gliwice.pl\/wiadomosci\/wp-content\/uploads\/2018\/07\/wycz\u00f3\u0142kowskiego2.jpg 1200w, https:\/\/www.24gliwice.pl\/wiadomosci\/wp-content\/uploads\/2018\/07\/wycz\u00f3\u0142kowskiego2-410x232.jpg 410w, https:\/\/www.24gliwice.pl\/wiadomosci\/wp-content\/uploads\/2018\/07\/wycz\u00f3\u0142kowskiego2-768x432.jpg 768w, https:\/\/www.24gliwice.pl\/wiadomosci\/wp-content\/uploads\/2018\/07\/wycz\u00f3\u0142kowskiego2-810x456.jpg 810w, https:\/\/www.24gliwice.pl\/wiadomosci\/wp-content\/uploads\/2018\/07\/wycz\u00f3\u0142kowskiego2-1140x641.jpg 1140w\" sizes=\"auto, (max-width: 1200px) 100vw, 1200px\" \/><\/p>\n<p>&#8211; ZDM bezustannie, na administrowanych drogach podejmuje szereg zada\u0144, zmierzaj\u0105cych nie tylko do usprawnienia uk\u0142adu komunikacyjnego w mie\u015bcie, ale przede wszystkim poprawy bezpiecze\u0144stwa ruchu drogowego &#8211; przekonuje Jadwiga Stiborska. &#8211; By\u0107 mo\u017ce nie s\u0105 to zawsze dzia\u0142ania spektakularne, dostrzegane przez spo\u0142eczno\u015b\u0107 w skali ca\u0142ego miasta, jednak z ca\u0142\u0105 pewno\u015bci\u0105 maj\u0105 du\u017ce znaczenie &#8211; dodaje.<\/p>\n<p>W najbli\u017cszym czasie ZDM przyst\u0105pi do przebudowy s\u0142ynnego &#8220;Paj\u0105czka&#8221; u zbiegu m.in. ul. Siemi\u0144skiego i Daszy\u0144skiego. Na skrzy\u017cowaniu pojawi si\u0119 m.in. sygnalizacja \u015bwietlna. Zapowied\u017a ta wywo\u0142a\u0142a sporo kontrowersji w\u015br\u00f3d internaut\u00f3w, zarzucaj\u0105cych pomys\u0142owi m.in. ryzyko powstawania zator\u00f3w drogowych i niepotrzebne wstrzymywanie ruchu samochod\u00f3w kolejnymi &#8220;\u015bwiat\u0142ami&#8221;. Wydaje si\u0119 jednak, \u017ce klamka ju\u017c zapad\u0142a, a przetarg na wykonanie modernizacji zostanie og\u0142oszony jeszcze w tym roku.<\/p>\n<p><img loading=\"lazy\" decoding=\"async\" src=\"https:\/\/www.24gliwice.pl\/wiadomosci\/wp-content\/uploads\/2018\/07\/wycz\u00f3\u0142kowskeigo3.jpg\" alt=\"\" width=\"1200\" height=\"675\" class=\"alignnone size-full wp-image-119594\" srcset=\"https:\/\/www.24gliwice.pl\/wiadomosci\/wp-content\/uploads\/2018\/07\/wycz\u00f3\u0142kowskeigo3.jpg 1200w, https:\/\/www.24gliwice.pl\/wiadomosci\/wp-content\/uploads\/2018\/07\/wycz\u00f3\u0142kowskeigo3-410x232.jpg 410w, https:\/\/www.24gliwice.pl\/wiadomosci\/wp-content\/uploads\/2018\/07\/wycz\u00f3\u0142kowskeigo3-768x432.jpg 768w, https:\/\/www.24gliwice.pl\/wiadomosci\/wp-content\/uploads\/2018\/07\/wycz\u00f3\u0142kowskeigo3-810x456.jpg 810w, https:\/\/www.24gliwice.pl\/wiadomosci\/wp-content\/uploads\/2018\/07\/wycz\u00f3\u0142kowskeigo3-1140x641.jpg 1140w\" sizes=\"auto, (max-width: 1200px) 100vw, 1200px\" \/><\/p>\n<h4>Najbli\u017csze plany ZDM<\/h4>\n<p>W najbli\u017cszych planach ZDM znajduj\u0105 si\u0119 tak\u017ce budowy lub przebudowy nast\u0119puj\u0105cych skrzy\u017cowa\u0144:<br \/>\n&#8211; budowa ronda na skrzy\u017cowaniu ulic: Bojkowska, Rolnik\u00f3w.<br \/>\n&#8211; budowa sygnalizacji \u015bwietlnej na skrzy\u017cowaniu ulic: Tarnog\u00f3rska, Olszewskiego, Kurpiowska.<br \/>\n&#8211; rozbudowa skrzy\u017cowania wraz z modernizacj\u0105 sygnalizacji \u015bwietlnej na skrzy\u017cowaniu ulic: Toszecka, My\u015bliwska, Pionier\u00f3w.<br \/>\n&#8211; budowa dw\u00f3ch \u0142\u0105cznic maj\u0105cych na celu usprawnienie ruchu i popraw\u0119 bezpiecze\u0144stwa na skrzy\u017cowaniu ulic: Tarnog\u00f3rskiej i Jana Nowaka Jeziora\u0144skiego.<br \/>\n&#8211; przebudowa skrzy\u017cowania polegaj\u0105ca na zmianie istniej\u0105cej geometrii wraz z budow\u0105 sygnalizacji \u015bwietlnej na skrzy\u017cowaniu ulic: Zabrskiej, Hutniczej i B\u0142ogos\u0142awionego Czes\u0142awa.<br \/>\n&#8211; budowa azyli dla pieszych, przeniesienie przej\u015b\u0107 dla pieszych, przebudowa zatoki autobusowej \u2013 w ci\u0105gu ul. Andersa.<\/p>\n<p>Micha\u0142 Szewczyk<\/p>\n<div class=\"gliwi-a5-na-koncu-artykulow gliwi-entity-placement\" id=\"gliwi-3360495113\"><div class=\"gliwi-adlabel\"><span style=\"font-size: 9px\">REKLAMA<\/span><\/div><div id=\"gliwi-736951218\" style=\"margin-left: auto;margin-right: auto;text-align: center;\"><a data-no-instant=\"1\" href=\"https:\/\/prezeroarenagliwice.pl\/\" rel=\"noopener\" class=\"a2t-link\" target=\"_blank\" aria-label=\"20260309-PREZERO-WIOSNA-D\"><img loading=\"lazy\" decoding=\"async\" src=\"https:\/\/www.24gliwice.pl\/wiadomosci\/wp-content\/uploads\/2026\/03\/20260309-PREZERO-WIOSNA-D.webp\" alt=\"\"  srcset=\"https:\/\/www.24gliwice.pl\/wiadomosci\/wp-content\/uploads\/2026\/03\/20260309-PREZERO-WIOSNA-D.webp 750w, https:\/\/www.24gliwice.pl\/wiadomosci\/wp-content\/uploads\/2026\/03\/20260309-PREZERO-WIOSNA-D-410x109.webp 410w\" sizes=\"(max-width: 750px) 100vw, 750px\" class=\"no-lazyload\" width=\"750\" height=\"200\"  style=\"display: inline-block; max-width: 100%; height: auto;\" \/><\/a><\/div><\/div>","protected":false},"excerpt":{"rendered":"<p>Do ko\u0144ca lipca powinna zako\u0144czy\u0107 si\u0119 przebudowa skrzy\u017cowania u zbiegu ul. Wycz\u00f3\u0142kowskiego i Kozielskiej. &#8211; Zrealizowano prawie wszystkie roboty zwi\u0105zane z infrastruktur\u0105 podziemn\u0105. Dobiegaj\u0105 ko\u0144ca prace przy przebudowie przystanku autobusowego, a na monta\u017c oczekuj\u0105 s\u0142upy o\u015bwietleniowe &#8211; informuje Jadwiga Stiborska z Zarz\u0105du Dr\u00f3g Miejskich w Gliwicach. Drogowcy zapewniaj\u0105, \u017ce na p\u00f3\u0142metku wakacji rondo powinno by\u0107 [&hellip;]<\/p>\n","protected":false},"author":12,"featured_media":119595,"comment_status":"open","ping_status":"closed","sticky":false,"template":"","format":"standard","meta":{"_monsterinsights_skip_tracking":false,"_monsterinsights_sitenote_active":false,"_monsterinsights_sitenote_note":"","_monsterinsights_sitenote_category":0,"footnotes":"","_links_to":"","_links_to_target":""},"categories":[3,1,9],"tags":[12794,6022],"class_list":["post-119591","post","type-post","status-publish","format-standard","has-post-thumbnail","hentry","category-gliwice","category-wszystko","category-aktualnosci_lokalne","tag-rondo-brzezinka","tag-wyczolkowskiego"],"yoast_head":"<!-- This site is optimized with the Yoast SEO plugin v27.5 - https:\/\/yoast.com\/product\/yoast-seo-wordpress\/ -->\n<title>Budowa d\u0142ugo oczekiwanego ronda na finiszu. ZDM ma w planach kolejne inwestycje drogowe - 24GLIWICE - Portal Gliwice | codziennie nowe informacje<\/title>\n<meta name=\"robots\" content=\"index, follow, max-snippet:-1, max-image-preview:large, max-video-preview:-1\" \/>\n<link rel=\"canonical\" href=\"https:\/\/www.24gliwice.pl\/wiadomosci\/budowa-dlugo-oczekiwanego-ronda-na-finiszu-zdm-ma-w-planach-kolejne-inwestycje-drogowe\/\" \/>\n<meta property=\"og:locale\" content=\"pl_PL\" \/>\n<meta property=\"og:type\" content=\"article\" \/>\n<meta property=\"og:title\" content=\"Budowa d\u0142ugo oczekiwanego ronda na finiszu. ZDM ma w planach kolejne inwestycje drogowe - 24GLIWICE - Portal Gliwice | codziennie nowe informacje\" \/>\n<meta property=\"og:description\" content=\"Do ko\u0144ca lipca powinna zako\u0144czy\u0107 si\u0119 przebudowa skrzy\u017cowania u zbiegu ul. Wycz\u00f3\u0142kowskiego i Kozielskiej. &#8211; Zrealizowano prawie wszystkie roboty zwi\u0105zane z infrastruktur\u0105 podziemn\u0105. Dobiegaj\u0105 ko\u0144ca prace przy przebudowie przystanku autobusowego, a na monta\u017c oczekuj\u0105 s\u0142upy o\u015bwietleniowe &#8211; informuje Jadwiga Stiborska z Zarz\u0105du Dr\u00f3g Miejskich w Gliwicach. Drogowcy zapewniaj\u0105, \u017ce na p\u00f3\u0142metku wakacji rondo powinno by\u0107 [&hellip;]\" \/>\n<meta property=\"og:url\" content=\"https:\/\/www.24gliwice.pl\/wiadomosci\/budowa-dlugo-oczekiwanego-ronda-na-finiszu-zdm-ma-w-planach-kolejne-inwestycje-drogowe\/\" \/>\n<meta property=\"og:site_name\" content=\"24GLIWICE - Portal Gliwice | codziennie nowe informacje\" \/>\n<meta property=\"article:publisher\" content=\"https:\/\/www.facebook.com\/24gliwice\" \/>\n<meta property=\"article:published_time\" content=\"2018-07-02T23:56:09+00:00\" \/>\n<meta property=\"og:image\" content=\"https:\/\/www.24gliwice.pl\/wiadomosci\/wp-content\/uploads\/2018\/07\/wycz\u00f3\u0142kowskiego.jpg\" \/>\n\t<meta property=\"og:image:width\" content=\"1200\" \/>\n\t<meta property=\"og:image:height\" content=\"675\" \/>\n\t<meta property=\"og:image:type\" content=\"image\/jpeg\" \/>\n<meta name=\"author\" content=\"Micha\u0142 Szewczyk\" \/>\n<meta name=\"twitter:card\" content=\"summary_large_image\" \/>\n<meta name=\"twitter:creator\" content=\"@24gliwice\" \/>\n<meta name=\"twitter:site\" content=\"@24gliwice\" \/>\n<meta name=\"twitter:label1\" content=\"Napisane przez\" \/>\n\t<meta name=\"twitter:data1\" content=\"Micha\u0142 Szewczyk\" \/>\n\t<meta name=\"twitter:label2\" content=\"Szacowany czas czytania\" \/>\n\t<meta name=\"twitter:data2\" content=\"3 minuty\" \/>\n<script type=\"application\/ld+json\" class=\"yoast-schema-graph\">{\"@context\":\"https:\\\/\\\/schema.org\",\"@graph\":[{\"@type\":\"Article\",\"@id\":\"https:\\\/\\\/www.24gliwice.pl\\\/wiadomosci\\\/budowa-dlugo-oczekiwanego-ronda-na-finiszu-zdm-ma-w-planach-kolejne-inwestycje-drogowe\\\/#article\",\"isPartOf\":{\"@id\":\"https:\\\/\\\/www.24gliwice.pl\\\/wiadomosci\\\/budowa-dlugo-oczekiwanego-ronda-na-finiszu-zdm-ma-w-planach-kolejne-inwestycje-drogowe\\\/\"},\"author\":{\"name\":\"Micha\u0142 Szewczyk\",\"@id\":\"https:\\\/\\\/www.24gliwice.pl\\\/wiadomosci\\\/#\\\/schema\\\/person\\\/940e8f8a097e322de4f463f061ef8d45\"},\"headline\":\"Budowa d\u0142ugo oczekiwanego ronda na finiszu. ZDM ma w planach kolejne inwestycje drogowe\",\"datePublished\":\"2018-07-02T23:56:09+00:00\",\"mainEntityOfPage\":{\"@id\":\"https:\\\/\\\/www.24gliwice.pl\\\/wiadomosci\\\/budowa-dlugo-oczekiwanego-ronda-na-finiszu-zdm-ma-w-planach-kolejne-inwestycje-drogowe\\\/\"},\"wordCount\":523,\"commentCount\":0,\"publisher\":{\"@id\":\"https:\\\/\\\/www.24gliwice.pl\\\/wiadomosci\\\/#organization\"},\"image\":{\"@id\":\"https:\\\/\\\/www.24gliwice.pl\\\/wiadomosci\\\/budowa-dlugo-oczekiwanego-ronda-na-finiszu-zdm-ma-w-planach-kolejne-inwestycje-drogowe\\\/#primaryimage\"},\"thumbnailUrl\":\"https:\\\/\\\/www.24gliwice.pl\\\/wiadomosci\\\/wp-content\\\/uploads\\\/2018\\\/07\\\/wycz\u00f3\u0142kowskiego.jpg\",\"keywords\":[\"rondo brzezinka\",\"wycz\u00f3\u0142kowskiego\"],\"articleSection\":[\"Gliwice\",\"Najnowsze wiadomo\u015bci\",\"Portal Gliwice - Wiadomo\u015bci lokalne\"],\"inLanguage\":\"pl-PL\",\"potentialAction\":[{\"@type\":\"CommentAction\",\"name\":\"Comment\",\"target\":[\"https:\\\/\\\/www.24gliwice.pl\\\/wiadomosci\\\/budowa-dlugo-oczekiwanego-ronda-na-finiszu-zdm-ma-w-planach-kolejne-inwestycje-drogowe\\\/#respond\"]}]},{\"@type\":\"WebPage\",\"@id\":\"https:\\\/\\\/www.24gliwice.pl\\\/wiadomosci\\\/budowa-dlugo-oczekiwanego-ronda-na-finiszu-zdm-ma-w-planach-kolejne-inwestycje-drogowe\\\/\",\"url\":\"https:\\\/\\\/www.24gliwice.pl\\\/wiadomosci\\\/budowa-dlugo-oczekiwanego-ronda-na-finiszu-zdm-ma-w-planach-kolejne-inwestycje-drogowe\\\/\",\"name\":\"Budowa d\u0142ugo oczekiwanego ronda na finiszu. ZDM ma w planach kolejne inwestycje drogowe - 24GLIWICE - Portal Gliwice | codziennie nowe informacje\",\"isPartOf\":{\"@id\":\"https:\\\/\\\/www.24gliwice.pl\\\/wiadomosci\\\/#website\"},\"primaryImageOfPage\":{\"@id\":\"https:\\\/\\\/www.24gliwice.pl\\\/wiadomosci\\\/budowa-dlugo-oczekiwanego-ronda-na-finiszu-zdm-ma-w-planach-kolejne-inwestycje-drogowe\\\/#primaryimage\"},\"image\":{\"@id\":\"https:\\\/\\\/www.24gliwice.pl\\\/wiadomosci\\\/budowa-dlugo-oczekiwanego-ronda-na-finiszu-zdm-ma-w-planach-kolejne-inwestycje-drogowe\\\/#primaryimage\"},\"thumbnailUrl\":\"https:\\\/\\\/www.24gliwice.pl\\\/wiadomosci\\\/wp-content\\\/uploads\\\/2018\\\/07\\\/wycz\u00f3\u0142kowskiego.jpg\",\"datePublished\":\"2018-07-02T23:56:09+00:00\",\"breadcrumb\":{\"@id\":\"https:\\\/\\\/www.24gliwice.pl\\\/wiadomosci\\\/budowa-dlugo-oczekiwanego-ronda-na-finiszu-zdm-ma-w-planach-kolejne-inwestycje-drogowe\\\/#breadcrumb\"},\"inLanguage\":\"pl-PL\",\"potentialAction\":[{\"@type\":\"ReadAction\",\"target\":[\"https:\\\/\\\/www.24gliwice.pl\\\/wiadomosci\\\/budowa-dlugo-oczekiwanego-ronda-na-finiszu-zdm-ma-w-planach-kolejne-inwestycje-drogowe\\\/\"]}]},{\"@type\":\"ImageObject\",\"inLanguage\":\"pl-PL\",\"@id\":\"https:\\\/\\\/www.24gliwice.pl\\\/wiadomosci\\\/budowa-dlugo-oczekiwanego-ronda-na-finiszu-zdm-ma-w-planach-kolejne-inwestycje-drogowe\\\/#primaryimage\",\"url\":\"https:\\\/\\\/www.24gliwice.pl\\\/wiadomosci\\\/wp-content\\\/uploads\\\/2018\\\/07\\\/wycz\u00f3\u0142kowskiego.jpg\",\"contentUrl\":\"https:\\\/\\\/www.24gliwice.pl\\\/wiadomosci\\\/wp-content\\\/uploads\\\/2018\\\/07\\\/wycz\u00f3\u0142kowskiego.jpg\",\"width\":1200,\"height\":675},{\"@type\":\"BreadcrumbList\",\"@id\":\"https:\\\/\\\/www.24gliwice.pl\\\/wiadomosci\\\/budowa-dlugo-oczekiwanego-ronda-na-finiszu-zdm-ma-w-planach-kolejne-inwestycje-drogowe\\\/#breadcrumb\",\"itemListElement\":[{\"@type\":\"ListItem\",\"position\":1,\"name\":\"Strona g\u0142\u00f3wna\",\"item\":\"https:\\\/\\\/www.24gliwice.pl\\\/wiadomosci\\\/\"},{\"@type\":\"ListItem\",\"position\":2,\"name\":\"Budowa d\u0142ugo oczekiwanego ronda na finiszu. ZDM ma w planach kolejne inwestycje drogowe\"}]},{\"@type\":\"WebSite\",\"@id\":\"https:\\\/\\\/www.24gliwice.pl\\\/wiadomosci\\\/#website\",\"url\":\"https:\\\/\\\/www.24gliwice.pl\\\/wiadomosci\\\/\",\"name\":\"24GLIWICE - Portal Gliwice | codziennie nowe wiadomo\u015bci\",\"description\":\"Portal Miejski Gliwice\",\"publisher\":{\"@id\":\"https:\\\/\\\/www.24gliwice.pl\\\/wiadomosci\\\/#organization\"},\"potentialAction\":[{\"@type\":\"SearchAction\",\"target\":{\"@type\":\"EntryPoint\",\"urlTemplate\":\"https:\\\/\\\/www.24gliwice.pl\\\/wiadomosci\\\/?s={search_term_string}\"},\"query-input\":{\"@type\":\"PropertyValueSpecification\",\"valueRequired\":true,\"valueName\":\"search_term_string\"}}],\"inLanguage\":\"pl-PL\"},{\"@type\":\"Organization\",\"@id\":\"https:\\\/\\\/www.24gliwice.pl\\\/wiadomosci\\\/#organization\",\"name\":\"24gliwice\",\"url\":\"https:\\\/\\\/www.24gliwice.pl\\\/wiadomosci\\\/\",\"logo\":{\"@type\":\"ImageObject\",\"inLanguage\":\"pl-PL\",\"@id\":\"https:\\\/\\\/www.24gliwice.pl\\\/wiadomosci\\\/#\\\/schema\\\/logo\\\/image\\\/\",\"url\":\"https:\\\/\\\/www.24gliwice.pl\\\/wiadomosci\\\/wp-content\\\/uploads\\\/2024\\\/10\\\/24gliwice-logo-696.jpg\",\"contentUrl\":\"https:\\\/\\\/www.24gliwice.pl\\\/wiadomosci\\\/wp-content\\\/uploads\\\/2024\\\/10\\\/24gliwice-logo-696.jpg\",\"width\":696,\"height\":696,\"caption\":\"24gliwice\"},\"image\":{\"@id\":\"https:\\\/\\\/www.24gliwice.pl\\\/wiadomosci\\\/#\\\/schema\\\/logo\\\/image\\\/\"},\"sameAs\":[\"https:\\\/\\\/www.facebook.com\\\/24gliwice\",\"https:\\\/\\\/x.com\\\/24gliwice\",\"https:\\\/\\\/www.youtube.com\\\/@24gliwice\"]},{\"@type\":\"Person\",\"@id\":\"https:\\\/\\\/www.24gliwice.pl\\\/wiadomosci\\\/#\\\/schema\\\/person\\\/940e8f8a097e322de4f463f061ef8d45\",\"name\":\"Micha\u0142 Szewczyk\",\"image\":{\"@type\":\"ImageObject\",\"inLanguage\":\"pl-PL\",\"@id\":\"https:\\\/\\\/secure.gravatar.com\\\/avatar\\\/771b8b6c74cd8d255e46392d605e01a86133900ef09b6ef3c8d451c9d92288cf?s=96&d=mm&r=g\",\"url\":\"https:\\\/\\\/secure.gravatar.com\\\/avatar\\\/771b8b6c74cd8d255e46392d605e01a86133900ef09b6ef3c8d451c9d92288cf?s=96&d=mm&r=g\",\"contentUrl\":\"https:\\\/\\\/secure.gravatar.com\\\/avatar\\\/771b8b6c74cd8d255e46392d605e01a86133900ef09b6ef3c8d451c9d92288cf?s=96&d=mm&r=g\",\"caption\":\"Micha\u0142 Szewczyk\"},\"sameAs\":[\"http:\\\/\\\/www.gazeta-miejska.pl\"],\"url\":\"https:\\\/\\\/www.24gliwice.pl\\\/wiadomosci\\\/author\\\/michal-szewczyk\\\/\"}]}<\/script>\n<!-- \/ Yoast SEO plugin. -->","yoast_head_json":{"title":"Budowa d\u0142ugo oczekiwanego ronda na finiszu. ZDM ma w planach kolejne inwestycje drogowe - 24GLIWICE - Portal Gliwice | codziennie nowe informacje","robots":{"index":"index","follow":"follow","max-snippet":"max-snippet:-1","max-image-preview":"max-image-preview:large","max-video-preview":"max-video-preview:-1"},"canonical":"https:\/\/www.24gliwice.pl\/wiadomosci\/budowa-dlugo-oczekiwanego-ronda-na-finiszu-zdm-ma-w-planach-kolejne-inwestycje-drogowe\/","og_locale":"pl_PL","og_type":"article","og_title":"Budowa d\u0142ugo oczekiwanego ronda na finiszu. ZDM ma w planach kolejne inwestycje drogowe - 24GLIWICE - Portal Gliwice | codziennie nowe informacje","og_description":"Do ko\u0144ca lipca powinna zako\u0144czy\u0107 si\u0119 przebudowa skrzy\u017cowania u zbiegu ul. Wycz\u00f3\u0142kowskiego i Kozielskiej. &#8211; Zrealizowano prawie wszystkie roboty zwi\u0105zane z infrastruktur\u0105 podziemn\u0105. Dobiegaj\u0105 ko\u0144ca prace przy przebudowie przystanku autobusowego, a na monta\u017c oczekuj\u0105 s\u0142upy o\u015bwietleniowe &#8211; informuje Jadwiga Stiborska z Zarz\u0105du Dr\u00f3g Miejskich w Gliwicach. Drogowcy zapewniaj\u0105, \u017ce na p\u00f3\u0142metku wakacji rondo powinno by\u0107 [&hellip;]","og_url":"https:\/\/www.24gliwice.pl\/wiadomosci\/budowa-dlugo-oczekiwanego-ronda-na-finiszu-zdm-ma-w-planach-kolejne-inwestycje-drogowe\/","og_site_name":"24GLIWICE - Portal Gliwice | codziennie nowe informacje","article_publisher":"https:\/\/www.facebook.com\/24gliwice","article_published_time":"2018-07-02T23:56:09+00:00","og_image":[{"width":1200,"height":675,"url":"https:\/\/www.24gliwice.pl\/wiadomosci\/wp-content\/uploads\/2018\/07\/wycz\u00f3\u0142kowskiego.jpg","type":"image\/jpeg"}],"author":"Micha\u0142 Szewczyk","twitter_card":"summary_large_image","twitter_creator":"@24gliwice","twitter_site":"@24gliwice","twitter_misc":{"Napisane przez":"Micha\u0142 Szewczyk","Szacowany czas czytania":"3 minuty"},"schema":{"@context":"https:\/\/schema.org","@graph":[{"@type":"Article","@id":"https:\/\/www.24gliwice.pl\/wiadomosci\/budowa-dlugo-oczekiwanego-ronda-na-finiszu-zdm-ma-w-planach-kolejne-inwestycje-drogowe\/#article","isPartOf":{"@id":"https:\/\/www.24gliwice.pl\/wiadomosci\/budowa-dlugo-oczekiwanego-ronda-na-finiszu-zdm-ma-w-planach-kolejne-inwestycje-drogowe\/"},"author":{"name":"Micha\u0142 Szewczyk","@id":"https:\/\/www.24gliwice.pl\/wiadomosci\/#\/schema\/person\/940e8f8a097e322de4f463f061ef8d45"},"headline":"Budowa d\u0142ugo oczekiwanego ronda na finiszu. ZDM ma w planach kolejne inwestycje drogowe","datePublished":"2018-07-02T23:56:09+00:00","mainEntityOfPage":{"@id":"https:\/\/www.24gliwice.pl\/wiadomosci\/budowa-dlugo-oczekiwanego-ronda-na-finiszu-zdm-ma-w-planach-kolejne-inwestycje-drogowe\/"},"wordCount":523,"commentCount":0,"publisher":{"@id":"https:\/\/www.24gliwice.pl\/wiadomosci\/#organization"},"image":{"@id":"https:\/\/www.24gliwice.pl\/wiadomosci\/budowa-dlugo-oczekiwanego-ronda-na-finiszu-zdm-ma-w-planach-kolejne-inwestycje-drogowe\/#primaryimage"},"thumbnailUrl":"https:\/\/www.24gliwice.pl\/wiadomosci\/wp-content\/uploads\/2018\/07\/wycz\u00f3\u0142kowskiego.jpg","keywords":["rondo brzezinka","wycz\u00f3\u0142kowskiego"],"articleSection":["Gliwice","Najnowsze wiadomo\u015bci","Portal Gliwice - Wiadomo\u015bci lokalne"],"inLanguage":"pl-PL","potentialAction":[{"@type":"CommentAction","name":"Comment","target":["https:\/\/www.24gliwice.pl\/wiadomosci\/budowa-dlugo-oczekiwanego-ronda-na-finiszu-zdm-ma-w-planach-kolejne-inwestycje-drogowe\/#respond"]}]},{"@type":"WebPage","@id":"https:\/\/www.24gliwice.pl\/wiadomosci\/budowa-dlugo-oczekiwanego-ronda-na-finiszu-zdm-ma-w-planach-kolejne-inwestycje-drogowe\/","url":"https:\/\/www.24gliwice.pl\/wiadomosci\/budowa-dlugo-oczekiwanego-ronda-na-finiszu-zdm-ma-w-planach-kolejne-inwestycje-drogowe\/","name":"Budowa d\u0142ugo oczekiwanego ronda na finiszu. ZDM ma w planach kolejne inwestycje drogowe - 24GLIWICE - Portal Gliwice | codziennie nowe informacje","isPartOf":{"@id":"https:\/\/www.24gliwice.pl\/wiadomosci\/#website"},"primaryImageOfPage":{"@id":"https:\/\/www.24gliwice.pl\/wiadomosci\/budowa-dlugo-oczekiwanego-ronda-na-finiszu-zdm-ma-w-planach-kolejne-inwestycje-drogowe\/#primaryimage"},"image":{"@id":"https:\/\/www.24gliwice.pl\/wiadomosci\/budowa-dlugo-oczekiwanego-ronda-na-finiszu-zdm-ma-w-planach-kolejne-inwestycje-drogowe\/#primaryimage"},"thumbnailUrl":"https:\/\/www.24gliwice.pl\/wiadomosci\/wp-content\/uploads\/2018\/07\/wycz\u00f3\u0142kowskiego.jpg","datePublished":"2018-07-02T23:56:09+00:00","breadcrumb":{"@id":"https:\/\/www.24gliwice.pl\/wiadomosci\/budowa-dlugo-oczekiwanego-ronda-na-finiszu-zdm-ma-w-planach-kolejne-inwestycje-drogowe\/#breadcrumb"},"inLanguage":"pl-PL","potentialAction":[{"@type":"ReadAction","target":["https:\/\/www.24gliwice.pl\/wiadomosci\/budowa-dlugo-oczekiwanego-ronda-na-finiszu-zdm-ma-w-planach-kolejne-inwestycje-drogowe\/"]}]},{"@type":"ImageObject","inLanguage":"pl-PL","@id":"https:\/\/www.24gliwice.pl\/wiadomosci\/budowa-dlugo-oczekiwanego-ronda-na-finiszu-zdm-ma-w-planach-kolejne-inwestycje-drogowe\/#primaryimage","url":"https:\/\/www.24gliwice.pl\/wiadomosci\/wp-content\/uploads\/2018\/07\/wycz\u00f3\u0142kowskiego.jpg","contentUrl":"https:\/\/www.24gliwice.pl\/wiadomosci\/wp-content\/uploads\/2018\/07\/wycz\u00f3\u0142kowskiego.jpg","width":1200,"height":675},{"@type":"BreadcrumbList","@id":"https:\/\/www.24gliwice.pl\/wiadomosci\/budowa-dlugo-oczekiwanego-ronda-na-finiszu-zdm-ma-w-planach-kolejne-inwestycje-drogowe\/#breadcrumb","itemListElement":[{"@type":"ListItem","position":1,"name":"Strona g\u0142\u00f3wna","item":"https:\/\/www.24gliwice.pl\/wiadomosci\/"},{"@type":"ListItem","position":2,"name":"Budowa d\u0142ugo oczekiwanego ronda na finiszu. ZDM ma w planach kolejne inwestycje drogowe"}]},{"@type":"WebSite","@id":"https:\/\/www.24gliwice.pl\/wiadomosci\/#website","url":"https:\/\/www.24gliwice.pl\/wiadomosci\/","name":"24GLIWICE - Portal Gliwice | codziennie nowe wiadomo\u015bci","description":"Portal Miejski Gliwice","publisher":{"@id":"https:\/\/www.24gliwice.pl\/wiadomosci\/#organization"},"potentialAction":[{"@type":"SearchAction","target":{"@type":"EntryPoint","urlTemplate":"https:\/\/www.24gliwice.pl\/wiadomosci\/?s={search_term_string}"},"query-input":{"@type":"PropertyValueSpecification","valueRequired":true,"valueName":"search_term_string"}}],"inLanguage":"pl-PL"},{"@type":"Organization","@id":"https:\/\/www.24gliwice.pl\/wiadomosci\/#organization","name":"24gliwice","url":"https:\/\/www.24gliwice.pl\/wiadomosci\/","logo":{"@type":"ImageObject","inLanguage":"pl-PL","@id":"https:\/\/www.24gliwice.pl\/wiadomosci\/#\/schema\/logo\/image\/","url":"https:\/\/www.24gliwice.pl\/wiadomosci\/wp-content\/uploads\/2024\/10\/24gliwice-logo-696.jpg","contentUrl":"https:\/\/www.24gliwice.pl\/wiadomosci\/wp-content\/uploads\/2024\/10\/24gliwice-logo-696.jpg","width":696,"height":696,"caption":"24gliwice"},"image":{"@id":"https:\/\/www.24gliwice.pl\/wiadomosci\/#\/schema\/logo\/image\/"},"sameAs":["https:\/\/www.facebook.com\/24gliwice","https:\/\/x.com\/24gliwice","https:\/\/www.youtube.com\/@24gliwice"]},{"@type":"Person","@id":"https:\/\/www.24gliwice.pl\/wiadomosci\/#\/schema\/person\/940e8f8a097e322de4f463f061ef8d45","name":"Micha\u0142 Szewczyk","image":{"@type":"ImageObject","inLanguage":"pl-PL","@id":"https:\/\/secure.gravatar.com\/avatar\/771b8b6c74cd8d255e46392d605e01a86133900ef09b6ef3c8d451c9d92288cf?s=96&d=mm&r=g","url":"https:\/\/secure.gravatar.com\/avatar\/771b8b6c74cd8d255e46392d605e01a86133900ef09b6ef3c8d451c9d92288cf?s=96&d=mm&r=g","contentUrl":"https:\/\/secure.gravatar.com\/avatar\/771b8b6c74cd8d255e46392d605e01a86133900ef09b6ef3c8d451c9d92288cf?s=96&d=mm&r=g","caption":"Micha\u0142 Szewczyk"},"sameAs":["http:\/\/www.gazeta-miejska.pl"],"url":"https:\/\/www.24gliwice.pl\/wiadomosci\/author\/michal-szewczyk\/"}]}},"_links":{"self":[{"href":"https:\/\/www.24gliwice.pl\/wiadomosci\/wp-json\/wp\/v2\/posts\/119591","targetHints":{"allow":["GET"]}}],"collection":[{"href":"https:\/\/www.24gliwice.pl\/wiadomosci\/wp-json\/wp\/v2\/posts"}],"about":[{"href":"https:\/\/www.24gliwice.pl\/wiadomosci\/wp-json\/wp\/v2\/types\/post"}],"author":[{"embeddable":true,"href":"https:\/\/www.24gliwice.pl\/wiadomosci\/wp-json\/wp\/v2\/users\/12"}],"replies":[{"embeddable":true,"href":"https:\/\/www.24gliwice.pl\/wiadomosci\/wp-json\/wp\/v2\/comments?post=119591"}],"version-history":[{"count":0,"href":"https:\/\/www.24gliwice.pl\/wiadomosci\/wp-json\/wp\/v2\/posts\/119591\/revisions"}],"wp:featuredmedia":[{"embeddable":true,"href":"https:\/\/www.24gliwice.pl\/wiadomosci\/wp-json\/wp\/v2\/media\/119595"}],"wp:attachment":[{"href":"https:\/\/www.24gliwice.pl\/wiadomosci\/wp-json\/wp\/v2\/media?parent=119591"}],"wp:term":[{"taxonomy":"category","embeddable":true,"href":"https:\/\/www.24gliwice.pl\/wiadomosci\/wp-json\/wp\/v2\/categories?post=119591"},{"taxonomy":"post_tag","embeddable":true,"href":"https:\/\/www.24gliwice.pl\/wiadomosci\/wp-json\/wp\/v2\/tags?post=119591"}],"curies":[{"name":"wp","href":"https:\/\/api.w.org\/{rel}","templated":true}]}}