{"id":119599,"date":"2018-07-04T14:14:52","date_gmt":"2018-07-04T12:14:52","guid":{"rendered":"https:\/\/www.24gliwice.pl\/wiadomosci\/?p=119599"},"modified":"2018-07-05T09:50:55","modified_gmt":"2018-07-05T07:50:55","slug":"plac-na-starowce-nie-bedzie-parkingiem","status":"publish","type":"post","link":"https:\/\/www.24gliwice.pl\/wiadomosci\/plac-na-starowce-nie-bedzie-parkingiem\/","title":{"rendered":"Konserwator nie zgadza si\u0119 na parking w miejscu spalonej synagogi. Prace wstrzymane"},"content":{"rendered":"<div class=\"gliwi-a6-nad-leadem-artykulow gliwi-entity-placement\" id=\"gliwi-3175474001\"><div class=\"gliwi-adlabel\"><span style=\"font-size: 9px\">REKLAMA<\/span><\/div><div id=\"gliwi-3843806641\" style=\"margin-bottom: 25px;margin-left: auto;margin-right: auto;text-align: center;\"><a data-no-instant=\"1\" href=\"https:\/\/dom100.eu\/\" rel=\"noopener\" class=\"a2t-link\" target=\"_blank\" aria-label=\"20260415 DOM100 D\"><img loading=\"lazy\" decoding=\"async\" src=\"https:\/\/www.24gliwice.pl\/wiadomosci\/wp-content\/uploads\/2026\/04\/20260415-DOM100-D.jpg\" alt=\"\"  srcset=\"https:\/\/www.24gliwice.pl\/wiadomosci\/wp-content\/uploads\/2026\/04\/20260415-DOM100-D.jpg 750w, https:\/\/www.24gliwice.pl\/wiadomosci\/wp-content\/uploads\/2026\/04\/20260415-DOM100-D-410x109.jpg 410w\" sizes=\"(max-width: 750px) 100vw, 750px\" class=\"no-lazyload\" width=\"750\" height=\"200\"  style=\"display: inline-block; max-width: 100%; height: auto;\" \/><\/a><\/div><\/div><h3>Budowa parkingu na placu po dawnej synagodze przy ul. Dolnych Wa\u0142\u00f3w zosta\u0142a wstrzymana.<\/h3>\n<p> Na realizacj\u0119 inwestycji nie zgodzi\u0142 si\u0119 \u015al\u0105ski Wojew\u00f3dzki Konserwator Zabytk\u00f3w w Katowicach. Fina\u0142 sprawy jest jednak jeszcze daleko, a ostateczne rozstrzygni\u0119cie zapadnie w Warszawie. Inwestor odwo\u0142a\u0142 si\u0119 do Ministerstwa Kultury i Dziedzictwa Narodowego. <\/p>\n<blockquote><p>&#8211; Ze wzgl\u0119du na archeologiczn\u0105 i historyczn\u0105 warto\u015b\u0107 miejsca oraz jego miastotw\u00f3rcz\u0105 atrakcyjno\u015b\u0107, inwestycja budzi zastrze\u017cenia <\/p><\/blockquote>\n<p>&#8211; czytamy w uzasadnieniu decyzji \u015aWKZ, kt\u00f3ry powo\u0142a\u0142 si\u0119 r\u00f3wnie\u017c m.in. na niezgodno\u015b\u0107 projektu z miejscowym planem zagospodarowania przestrzennego.<\/p><div class=\"gliwi-a3-w-tresci-artykulow gliwi-entity-placement\" id=\"gliwi-518865100\"><div class=\"gliwi-adlabel\"><span style=\"font-size: 9px\">REKLAMA<\/span><\/div><div id=\"gliwi-2337633690\" style=\"margin-bottom: 30px;margin-left: auto;margin-right: auto;text-align: center;\"><a data-no-instant=\"1\" href=\"https:\/\/ogrodyandersa.pl\/\" rel=\"noopener\" class=\"a2t-link\" target=\"_blank\" aria-label=\"20260415 Ogrody Andersa KUP TERAZ D\"><img loading=\"lazy\" decoding=\"async\" src=\"https:\/\/www.24gliwice.pl\/wiadomosci\/wp-content\/uploads\/2026\/04\/20260415-Ogrody-Andersa-KUP-TERAZ-D.jpg\" alt=\"\"  srcset=\"https:\/\/www.24gliwice.pl\/wiadomosci\/wp-content\/uploads\/2026\/04\/20260415-Ogrody-Andersa-KUP-TERAZ-D.jpg 750w, https:\/\/www.24gliwice.pl\/wiadomosci\/wp-content\/uploads\/2026\/04\/20260415-Ogrody-Andersa-KUP-TERAZ-D-410x109.jpg 410w\" sizes=\"(max-width: 750px) 100vw, 750px\" class=\"no-lazyload\" width=\"750\" height=\"200\"  style=\"display: inline-block; max-width: 100%; height: auto;\" \/><\/a><\/div><\/div>\n<p>Inwestor, firma Badimex z D\u0105browy G\u00f3rniczej, na dzia\u0142ce planuje budow\u0119 parkingu dla samochod\u00f3w osobowych. Tam, gdzie kiedy\u015b sta\u0142a synagoga, a p\u00f3\u017aniej plac zabaw dla dzieci, ma powsta\u0107 60 miejsc postojowych. Teren parkingu planowano pokry\u0107 kostk\u0105 betonow\u0105. Parkowanie na dobre mia\u0142o ruszy\u0107 jeszcze w pierwszej po\u0142owie tego roku. Ju\u017c wiadomo, \u017ce inwestycja &#8211; je\u015bli w og\u00f3le zostanie zrealizowana &#8211; znacznie si\u0119 op\u00f3\u017ani.<\/p>\n<p><iframe loading=\"lazy\" width=\"810\" height=\"456\" src=\"https:\/\/www.youtube.com\/embed\/tgGEchRE8o4?start=13\" frameborder=\"0\" allow=\"autoplay; encrypted-media\" allowfullscreen><\/iframe>  <\/p>\n<p>Prace przygotowawcze pod budow\u0119 parkingu rozpocz\u0119\u0142y si\u0119 ju\u017c latem ubieg\u0142ego roku. Teren zosta\u0142 uporz\u0105dkowany i wyr\u00f3wnany, zwieziono te\u017c cz\u0119\u015b\u0107 materia\u0142\u00f3w budowlanych. Aktywno\u015b\u0107 w\u0142a\u015bciciela by\u0142a zgodna z prawem, bo opiera\u0142a si\u0119 na podstawie pozwolenia na prace rozbi\u00f3rkowe wydanego przez Magistrat. Prace nadzorowa\u0142 te\u017c archeolog. O pozwolenie na budow\u0119, Badimex wyst\u0105pi\u0142 do \u015aWKZ dopiero jesieni\u0105. Po wezwaniu do uzupe\u0142nienia projektu i dokonaniu ogl\u0119dzin, decyzja odmowna zapad\u0142a 28 kwietnia tego roku.<\/p>\n<p>&#8211; Od decyzji \u015aWKZ wp\u0142yn\u0119\u0142o odwo\u0142anie do Ministra Kultury i Dziedzictwa Narodowego w Warszawie &#8211; informuje nas <strong>Miros\u0142aw Rymer<\/strong>, rzecznik prasowy i doradca prawny \u015aWKZ w Katowicach. &#8211; Zgodnie z obowi\u0105zuj\u0105cymi przepisami Minister mo\u017ce utrzyma\u0107 w mocy nasz\u0105 decyzj\u0119, uchyli\u0107 j\u0105 i pozwoli\u0107 na realizacj\u0119 prac obj\u0119tych wnioskiem, ewentualnie uchyli\u0107 nasz\u0105 decyzj\u0119 i przekaza\u0107 spraw\u0119 do ponownego rozpatrzenia \u015aWKZ &#8211; komentuje.<\/p>\n<p>Ministerstwo nie jest ograniczone wide\u0142kami czasowymi. Praktyka wskazuje, \u017ce rozpatrzenie odwo\u0142ania mo\u017ce potrwa\u0107 co najmniej kilka miesi\u0119cy.<\/p>\n<p><img loading=\"lazy\" decoding=\"async\" src=\"https:\/\/www.24gliwice.pl\/wiadomosci\/wp-content\/uploads\/2018\/07\/1-plac-po-synagodze-1.jpg\" alt=\"\" width=\"810\" height=\"456\" class=\"aligncenter size-full wp-image-119682\" srcset=\"https:\/\/www.24gliwice.pl\/wiadomosci\/wp-content\/uploads\/2018\/07\/1-plac-po-synagodze-1.jpg 810w, https:\/\/www.24gliwice.pl\/wiadomosci\/wp-content\/uploads\/2018\/07\/1-plac-po-synagodze-1-410x232.jpg 410w, https:\/\/www.24gliwice.pl\/wiadomosci\/wp-content\/uploads\/2018\/07\/1-plac-po-synagodze-1-768x432.jpg 768w, https:\/\/www.24gliwice.pl\/wiadomosci\/wp-content\/uploads\/2018\/07\/1-plac-po-synagodze-1-808x455.jpg 808w\" sizes=\"auto, (max-width: 810px) 100vw, 810px\" \/><\/p>\n<p>Przypomnijmy, przez wiele lat na terenie dawnej synagogi znajdowa\u0142 si\u0119 plac zabaw dla dzieci. W 2002 roku w\u0142a\u015bcicielem terenu zosta\u0142a firma I-MAG Sp. z o.o. W okresie modernizacji uliczek star\u00f3wki nieruchomo\u015b\u0107 o powierzchni 2252 metr\u00f3w kw. by\u0142a dzier\u017cawiona dla cel\u00f3w zwi\u0105zanych z remontem. Brak mo\u017cliwo\u015bci postawienia w tym miejscu wy\u017cszych zabudowa\u0144, sprawi\u0142, \u017ce I-MAG pr\u00f3bowa\u0142 przez kilka lat sprzeda\u0107 nieruchomo\u015b\u0107. W 2016 roku cen\u0119 dzia\u0142ki szacowano na 1 mln 50 tys. z\u0142. Zdaniem by\u0142ych ju\u017c w\u0142a\u015bcicieli, na przestrzeni lat by\u0142o wielu ch\u0119tnych na jej zakup, na przeszkodzie stan\u0119\u0142y jednak obowi\u0105zuj\u0105ce wytyczne dotycz\u0105ce zagospodarowania tego miejsca. Terenem nie by\u0142o zainteresowane te\u017c Miasto Gliwice. Ostatecznie dzia\u0142ka trafi\u0142a w r\u0119ce d\u0105browskiego Badimexu.<\/p>\n<p>W 2015 roku na terenie dzia\u0142ki przeprowadzono badania sonda\u017cowe. Pod ziemi\u0105 odkryto w\u00f3wczas \u015bredniowieczne nawarstwienia kulturowe, zasyp fosy, relikty synagogi oraz zabudowy z XIX i XX wieku. Dodatkowe badania archeologiczne w 2017 roku, potwierdzi\u0142y wcze\u015bniejsze ustalenia. <\/p>\n<p><strong>Micha\u0142 Szewczyk<\/strong><\/p>\n<div class=\"gliwi-a5-na-koncu-artykulow gliwi-entity-placement\" id=\"gliwi-2667534017\"><div class=\"gliwi-adlabel\"><span style=\"font-size: 9px\">REKLAMA<\/span><\/div><div id=\"gliwi-2725087655\" style=\"margin-left: auto;margin-right: auto;text-align: center;\"><a data-no-instant=\"1\" href=\"https:\/\/www.jasek.pl\/\" rel=\"noopener\" class=\"a2t-link\" target=\"_blank\" aria-label=\"20200401-jasek 600\"><img loading=\"lazy\" decoding=\"async\" src=\"https:\/\/www.24gliwice.pl\/wiadomosci\/wp-content\/uploads\/2020\/04\/20200401-jasek-600.jpg\" alt=\"\"  srcset=\"https:\/\/www.24gliwice.pl\/wiadomosci\/wp-content\/uploads\/2020\/04\/20200401-jasek-600.jpg 600w, https:\/\/www.24gliwice.pl\/wiadomosci\/wp-content\/uploads\/2020\/04\/20200401-jasek-600-410x109.jpg 410w\" sizes=\"(max-width: 600px) 100vw, 600px\" class=\"no-lazyload\" width=\"600\" height=\"160\"  style=\"display: inline-block; max-width: 100%; height: auto;\" \/><\/a><\/div><\/div>","protected":false},"excerpt":{"rendered":"<p>Budowa parkingu na placu po dawnej synagodze przy ul. Dolnych Wa\u0142\u00f3w zosta\u0142a wstrzymana. Na realizacj\u0119 inwestycji nie zgodzi\u0142 si\u0119 \u015al\u0105ski Wojew\u00f3dzki Konserwator Zabytk\u00f3w w Katowicach. Fina\u0142 sprawy jest jednak jeszcze daleko, a ostateczne rozstrzygni\u0119cie zapadnie w Warszawie. Inwestor odwo\u0142a\u0142 si\u0119 do Ministerstwa Kultury i Dziedzictwa Narodowego. &#8211; Ze wzgl\u0119du na archeologiczn\u0105 i historyczn\u0105 warto\u015b\u0107 miejsca [&hellip;]<\/p>\n","protected":false},"author":12,"featured_media":119683,"comment_status":"open","ping_status":"closed","sticky":false,"template":"","format":"standard","meta":{"_monsterinsights_skip_tracking":false,"_monsterinsights_sitenote_active":false,"_monsterinsights_sitenote_note":"","_monsterinsights_sitenote_category":0,"footnotes":"","_links_to":"","_links_to_target":""},"categories":[3,1,9],"tags":[12800,12797,4129,12799],"class_list":["post-119599","post","type-post","status-publish","format-standard","has-post-thumbnail","hentry","category-gliwice","category-wszystko","category-aktualnosci_lokalne","tag-miroslaw-rymer","tag-plac-po-synagodze","tag-synagoga-gliwice","tag-wkz"],"yoast_head":"<!-- This site is optimized with the Yoast SEO plugin v27.5 - https:\/\/yoast.com\/product\/yoast-seo-wordpress\/ -->\n<title>Konserwator nie zgadza si\u0119 na parking w miejscu spalonej synagogi. Prace wstrzymane - 24GLIWICE - Portal Gliwice | codziennie nowe informacje<\/title>\n<meta name=\"robots\" content=\"index, follow, max-snippet:-1, max-image-preview:large, max-video-preview:-1\" \/>\n<link rel=\"canonical\" href=\"https:\/\/www.24gliwice.pl\/wiadomosci\/plac-na-starowce-nie-bedzie-parkingiem\/\" \/>\n<meta property=\"og:locale\" content=\"pl_PL\" \/>\n<meta property=\"og:type\" content=\"article\" \/>\n<meta property=\"og:title\" content=\"Konserwator nie zgadza si\u0119 na parking w miejscu spalonej synagogi. Prace wstrzymane - 24GLIWICE - Portal Gliwice | codziennie nowe informacje\" \/>\n<meta property=\"og:description\" content=\"Budowa parkingu na placu po dawnej synagodze przy ul. Dolnych Wa\u0142\u00f3w zosta\u0142a wstrzymana. Na realizacj\u0119 inwestycji nie zgodzi\u0142 si\u0119 \u015al\u0105ski Wojew\u00f3dzki Konserwator Zabytk\u00f3w w Katowicach. Fina\u0142 sprawy jest jednak jeszcze daleko, a ostateczne rozstrzygni\u0119cie zapadnie w Warszawie. Inwestor odwo\u0142a\u0142 si\u0119 do Ministerstwa Kultury i Dziedzictwa Narodowego. &#8211; Ze wzgl\u0119du na archeologiczn\u0105 i historyczn\u0105 warto\u015b\u0107 miejsca [&hellip;]\" \/>\n<meta property=\"og:url\" content=\"https:\/\/www.24gliwice.pl\/wiadomosci\/plac-na-starowce-nie-bedzie-parkingiem\/\" \/>\n<meta property=\"og:site_name\" content=\"24GLIWICE - Portal Gliwice | codziennie nowe informacje\" \/>\n<meta property=\"article:publisher\" content=\"https:\/\/www.facebook.com\/24gliwice\" \/>\n<meta property=\"article:published_time\" content=\"2018-07-04T12:14:52+00:00\" \/>\n<meta property=\"article:modified_time\" content=\"2018-07-05T07:50:55+00:00\" \/>\n<meta property=\"og:image\" content=\"https:\/\/www.24gliwice.pl\/wiadomosci\/wp-content\/uploads\/2018\/07\/1-plac-po-synagodze-2.jpg\" \/>\n\t<meta property=\"og:image:width\" content=\"810\" \/>\n\t<meta property=\"og:image:height\" content=\"456\" \/>\n\t<meta property=\"og:image:type\" content=\"image\/jpeg\" \/>\n<meta name=\"author\" content=\"Micha\u0142 Szewczyk\" \/>\n<meta name=\"twitter:card\" content=\"summary_large_image\" \/>\n<meta name=\"twitter:creator\" content=\"@24gliwice\" \/>\n<meta name=\"twitter:site\" content=\"@24gliwice\" \/>\n<meta name=\"twitter:label1\" content=\"Napisane przez\" \/>\n\t<meta name=\"twitter:data1\" content=\"Micha\u0142 Szewczyk\" \/>\n\t<meta name=\"twitter:label2\" content=\"Szacowany czas czytania\" \/>\n\t<meta name=\"twitter:data2\" content=\"3 minuty\" \/>\n<script type=\"application\/ld+json\" class=\"yoast-schema-graph\">{\"@context\":\"https:\\\/\\\/schema.org\",\"@graph\":[{\"@type\":\"Article\",\"@id\":\"https:\\\/\\\/www.24gliwice.pl\\\/wiadomosci\\\/plac-na-starowce-nie-bedzie-parkingiem\\\/#article\",\"isPartOf\":{\"@id\":\"https:\\\/\\\/www.24gliwice.pl\\\/wiadomosci\\\/plac-na-starowce-nie-bedzie-parkingiem\\\/\"},\"author\":{\"name\":\"Micha\u0142 Szewczyk\",\"@id\":\"https:\\\/\\\/www.24gliwice.pl\\\/wiadomosci\\\/#\\\/schema\\\/person\\\/940e8f8a097e322de4f463f061ef8d45\"},\"headline\":\"Konserwator nie zgadza si\u0119 na parking w miejscu spalonej synagogi. Prace wstrzymane\",\"datePublished\":\"2018-07-04T12:14:52+00:00\",\"dateModified\":\"2018-07-05T07:50:55+00:00\",\"mainEntityOfPage\":{\"@id\":\"https:\\\/\\\/www.24gliwice.pl\\\/wiadomosci\\\/plac-na-starowce-nie-bedzie-parkingiem\\\/\"},\"wordCount\":523,\"commentCount\":0,\"publisher\":{\"@id\":\"https:\\\/\\\/www.24gliwice.pl\\\/wiadomosci\\\/#organization\"},\"image\":{\"@id\":\"https:\\\/\\\/www.24gliwice.pl\\\/wiadomosci\\\/plac-na-starowce-nie-bedzie-parkingiem\\\/#primaryimage\"},\"thumbnailUrl\":\"https:\\\/\\\/www.24gliwice.pl\\\/wiadomosci\\\/wp-content\\\/uploads\\\/2018\\\/07\\\/1-plac-po-synagodze-2.jpg\",\"keywords\":[\"miros\u0142aw rymer\",\"plac po synagodze\",\"SYNAGOGA GLIWICE\",\"wkz\"],\"articleSection\":[\"Gliwice\",\"Najnowsze wiadomo\u015bci\",\"Portal Gliwice - Wiadomo\u015bci lokalne\"],\"inLanguage\":\"pl-PL\",\"potentialAction\":[{\"@type\":\"CommentAction\",\"name\":\"Comment\",\"target\":[\"https:\\\/\\\/www.24gliwice.pl\\\/wiadomosci\\\/plac-na-starowce-nie-bedzie-parkingiem\\\/#respond\"]}]},{\"@type\":\"WebPage\",\"@id\":\"https:\\\/\\\/www.24gliwice.pl\\\/wiadomosci\\\/plac-na-starowce-nie-bedzie-parkingiem\\\/\",\"url\":\"https:\\\/\\\/www.24gliwice.pl\\\/wiadomosci\\\/plac-na-starowce-nie-bedzie-parkingiem\\\/\",\"name\":\"Konserwator nie zgadza si\u0119 na parking w miejscu spalonej synagogi. Prace wstrzymane - 24GLIWICE - Portal Gliwice | codziennie nowe informacje\",\"isPartOf\":{\"@id\":\"https:\\\/\\\/www.24gliwice.pl\\\/wiadomosci\\\/#website\"},\"primaryImageOfPage\":{\"@id\":\"https:\\\/\\\/www.24gliwice.pl\\\/wiadomosci\\\/plac-na-starowce-nie-bedzie-parkingiem\\\/#primaryimage\"},\"image\":{\"@id\":\"https:\\\/\\\/www.24gliwice.pl\\\/wiadomosci\\\/plac-na-starowce-nie-bedzie-parkingiem\\\/#primaryimage\"},\"thumbnailUrl\":\"https:\\\/\\\/www.24gliwice.pl\\\/wiadomosci\\\/wp-content\\\/uploads\\\/2018\\\/07\\\/1-plac-po-synagodze-2.jpg\",\"datePublished\":\"2018-07-04T12:14:52+00:00\",\"dateModified\":\"2018-07-05T07:50:55+00:00\",\"breadcrumb\":{\"@id\":\"https:\\\/\\\/www.24gliwice.pl\\\/wiadomosci\\\/plac-na-starowce-nie-bedzie-parkingiem\\\/#breadcrumb\"},\"inLanguage\":\"pl-PL\",\"potentialAction\":[{\"@type\":\"ReadAction\",\"target\":[\"https:\\\/\\\/www.24gliwice.pl\\\/wiadomosci\\\/plac-na-starowce-nie-bedzie-parkingiem\\\/\"]}]},{\"@type\":\"ImageObject\",\"inLanguage\":\"pl-PL\",\"@id\":\"https:\\\/\\\/www.24gliwice.pl\\\/wiadomosci\\\/plac-na-starowce-nie-bedzie-parkingiem\\\/#primaryimage\",\"url\":\"https:\\\/\\\/www.24gliwice.pl\\\/wiadomosci\\\/wp-content\\\/uploads\\\/2018\\\/07\\\/1-plac-po-synagodze-2.jpg\",\"contentUrl\":\"https:\\\/\\\/www.24gliwice.pl\\\/wiadomosci\\\/wp-content\\\/uploads\\\/2018\\\/07\\\/1-plac-po-synagodze-2.jpg\",\"width\":810,\"height\":456},{\"@type\":\"BreadcrumbList\",\"@id\":\"https:\\\/\\\/www.24gliwice.pl\\\/wiadomosci\\\/plac-na-starowce-nie-bedzie-parkingiem\\\/#breadcrumb\",\"itemListElement\":[{\"@type\":\"ListItem\",\"position\":1,\"name\":\"Strona g\u0142\u00f3wna\",\"item\":\"https:\\\/\\\/www.24gliwice.pl\\\/wiadomosci\\\/\"},{\"@type\":\"ListItem\",\"position\":2,\"name\":\"Konserwator nie zgadza si\u0119 na parking w miejscu spalonej synagogi. Prace wstrzymane\"}]},{\"@type\":\"WebSite\",\"@id\":\"https:\\\/\\\/www.24gliwice.pl\\\/wiadomosci\\\/#website\",\"url\":\"https:\\\/\\\/www.24gliwice.pl\\\/wiadomosci\\\/\",\"name\":\"24GLIWICE - Portal Gliwice | codziennie nowe wiadomo\u015bci\",\"description\":\"Portal Miejski Gliwice\",\"publisher\":{\"@id\":\"https:\\\/\\\/www.24gliwice.pl\\\/wiadomosci\\\/#organization\"},\"potentialAction\":[{\"@type\":\"SearchAction\",\"target\":{\"@type\":\"EntryPoint\",\"urlTemplate\":\"https:\\\/\\\/www.24gliwice.pl\\\/wiadomosci\\\/?s={search_term_string}\"},\"query-input\":{\"@type\":\"PropertyValueSpecification\",\"valueRequired\":true,\"valueName\":\"search_term_string\"}}],\"inLanguage\":\"pl-PL\"},{\"@type\":\"Organization\",\"@id\":\"https:\\\/\\\/www.24gliwice.pl\\\/wiadomosci\\\/#organization\",\"name\":\"24gliwice\",\"url\":\"https:\\\/\\\/www.24gliwice.pl\\\/wiadomosci\\\/\",\"logo\":{\"@type\":\"ImageObject\",\"inLanguage\":\"pl-PL\",\"@id\":\"https:\\\/\\\/www.24gliwice.pl\\\/wiadomosci\\\/#\\\/schema\\\/logo\\\/image\\\/\",\"url\":\"https:\\\/\\\/www.24gliwice.pl\\\/wiadomosci\\\/wp-content\\\/uploads\\\/2024\\\/10\\\/24gliwice-logo-696.jpg\",\"contentUrl\":\"https:\\\/\\\/www.24gliwice.pl\\\/wiadomosci\\\/wp-content\\\/uploads\\\/2024\\\/10\\\/24gliwice-logo-696.jpg\",\"width\":696,\"height\":696,\"caption\":\"24gliwice\"},\"image\":{\"@id\":\"https:\\\/\\\/www.24gliwice.pl\\\/wiadomosci\\\/#\\\/schema\\\/logo\\\/image\\\/\"},\"sameAs\":[\"https:\\\/\\\/www.facebook.com\\\/24gliwice\",\"https:\\\/\\\/x.com\\\/24gliwice\",\"https:\\\/\\\/www.youtube.com\\\/@24gliwice\"]},{\"@type\":\"Person\",\"@id\":\"https:\\\/\\\/www.24gliwice.pl\\\/wiadomosci\\\/#\\\/schema\\\/person\\\/940e8f8a097e322de4f463f061ef8d45\",\"name\":\"Micha\u0142 Szewczyk\",\"image\":{\"@type\":\"ImageObject\",\"inLanguage\":\"pl-PL\",\"@id\":\"https:\\\/\\\/secure.gravatar.com\\\/avatar\\\/771b8b6c74cd8d255e46392d605e01a86133900ef09b6ef3c8d451c9d92288cf?s=96&d=mm&r=g\",\"url\":\"https:\\\/\\\/secure.gravatar.com\\\/avatar\\\/771b8b6c74cd8d255e46392d605e01a86133900ef09b6ef3c8d451c9d92288cf?s=96&d=mm&r=g\",\"contentUrl\":\"https:\\\/\\\/secure.gravatar.com\\\/avatar\\\/771b8b6c74cd8d255e46392d605e01a86133900ef09b6ef3c8d451c9d92288cf?s=96&d=mm&r=g\",\"caption\":\"Micha\u0142 Szewczyk\"},\"sameAs\":[\"http:\\\/\\\/www.gazeta-miejska.pl\"],\"url\":\"https:\\\/\\\/www.24gliwice.pl\\\/wiadomosci\\\/author\\\/michal-szewczyk\\\/\"}]}<\/script>\n<!-- \/ Yoast SEO plugin. -->","yoast_head_json":{"title":"Konserwator nie zgadza si\u0119 na parking w miejscu spalonej synagogi. Prace wstrzymane - 24GLIWICE - Portal Gliwice | codziennie nowe informacje","robots":{"index":"index","follow":"follow","max-snippet":"max-snippet:-1","max-image-preview":"max-image-preview:large","max-video-preview":"max-video-preview:-1"},"canonical":"https:\/\/www.24gliwice.pl\/wiadomosci\/plac-na-starowce-nie-bedzie-parkingiem\/","og_locale":"pl_PL","og_type":"article","og_title":"Konserwator nie zgadza si\u0119 na parking w miejscu spalonej synagogi. Prace wstrzymane - 24GLIWICE - Portal Gliwice | codziennie nowe informacje","og_description":"Budowa parkingu na placu po dawnej synagodze przy ul. Dolnych Wa\u0142\u00f3w zosta\u0142a wstrzymana. Na realizacj\u0119 inwestycji nie zgodzi\u0142 si\u0119 \u015al\u0105ski Wojew\u00f3dzki Konserwator Zabytk\u00f3w w Katowicach. Fina\u0142 sprawy jest jednak jeszcze daleko, a ostateczne rozstrzygni\u0119cie zapadnie w Warszawie. Inwestor odwo\u0142a\u0142 si\u0119 do Ministerstwa Kultury i Dziedzictwa Narodowego. &#8211; Ze wzgl\u0119du na archeologiczn\u0105 i historyczn\u0105 warto\u015b\u0107 miejsca [&hellip;]","og_url":"https:\/\/www.24gliwice.pl\/wiadomosci\/plac-na-starowce-nie-bedzie-parkingiem\/","og_site_name":"24GLIWICE - Portal Gliwice | codziennie nowe informacje","article_publisher":"https:\/\/www.facebook.com\/24gliwice","article_published_time":"2018-07-04T12:14:52+00:00","article_modified_time":"2018-07-05T07:50:55+00:00","og_image":[{"width":810,"height":456,"url":"https:\/\/www.24gliwice.pl\/wiadomosci\/wp-content\/uploads\/2018\/07\/1-plac-po-synagodze-2.jpg","type":"image\/jpeg"}],"author":"Micha\u0142 Szewczyk","twitter_card":"summary_large_image","twitter_creator":"@24gliwice","twitter_site":"@24gliwice","twitter_misc":{"Napisane przez":"Micha\u0142 Szewczyk","Szacowany czas czytania":"3 minuty"},"schema":{"@context":"https:\/\/schema.org","@graph":[{"@type":"Article","@id":"https:\/\/www.24gliwice.pl\/wiadomosci\/plac-na-starowce-nie-bedzie-parkingiem\/#article","isPartOf":{"@id":"https:\/\/www.24gliwice.pl\/wiadomosci\/plac-na-starowce-nie-bedzie-parkingiem\/"},"author":{"name":"Micha\u0142 Szewczyk","@id":"https:\/\/www.24gliwice.pl\/wiadomosci\/#\/schema\/person\/940e8f8a097e322de4f463f061ef8d45"},"headline":"Konserwator nie zgadza si\u0119 na parking w miejscu spalonej synagogi. Prace wstrzymane","datePublished":"2018-07-04T12:14:52+00:00","dateModified":"2018-07-05T07:50:55+00:00","mainEntityOfPage":{"@id":"https:\/\/www.24gliwice.pl\/wiadomosci\/plac-na-starowce-nie-bedzie-parkingiem\/"},"wordCount":523,"commentCount":0,"publisher":{"@id":"https:\/\/www.24gliwice.pl\/wiadomosci\/#organization"},"image":{"@id":"https:\/\/www.24gliwice.pl\/wiadomosci\/plac-na-starowce-nie-bedzie-parkingiem\/#primaryimage"},"thumbnailUrl":"https:\/\/www.24gliwice.pl\/wiadomosci\/wp-content\/uploads\/2018\/07\/1-plac-po-synagodze-2.jpg","keywords":["miros\u0142aw rymer","plac po synagodze","SYNAGOGA GLIWICE","wkz"],"articleSection":["Gliwice","Najnowsze wiadomo\u015bci","Portal Gliwice - Wiadomo\u015bci lokalne"],"inLanguage":"pl-PL","potentialAction":[{"@type":"CommentAction","name":"Comment","target":["https:\/\/www.24gliwice.pl\/wiadomosci\/plac-na-starowce-nie-bedzie-parkingiem\/#respond"]}]},{"@type":"WebPage","@id":"https:\/\/www.24gliwice.pl\/wiadomosci\/plac-na-starowce-nie-bedzie-parkingiem\/","url":"https:\/\/www.24gliwice.pl\/wiadomosci\/plac-na-starowce-nie-bedzie-parkingiem\/","name":"Konserwator nie zgadza si\u0119 na parking w miejscu spalonej synagogi. Prace wstrzymane - 24GLIWICE - Portal Gliwice | codziennie nowe informacje","isPartOf":{"@id":"https:\/\/www.24gliwice.pl\/wiadomosci\/#website"},"primaryImageOfPage":{"@id":"https:\/\/www.24gliwice.pl\/wiadomosci\/plac-na-starowce-nie-bedzie-parkingiem\/#primaryimage"},"image":{"@id":"https:\/\/www.24gliwice.pl\/wiadomosci\/plac-na-starowce-nie-bedzie-parkingiem\/#primaryimage"},"thumbnailUrl":"https:\/\/www.24gliwice.pl\/wiadomosci\/wp-content\/uploads\/2018\/07\/1-plac-po-synagodze-2.jpg","datePublished":"2018-07-04T12:14:52+00:00","dateModified":"2018-07-05T07:50:55+00:00","breadcrumb":{"@id":"https:\/\/www.24gliwice.pl\/wiadomosci\/plac-na-starowce-nie-bedzie-parkingiem\/#breadcrumb"},"inLanguage":"pl-PL","potentialAction":[{"@type":"ReadAction","target":["https:\/\/www.24gliwice.pl\/wiadomosci\/plac-na-starowce-nie-bedzie-parkingiem\/"]}]},{"@type":"ImageObject","inLanguage":"pl-PL","@id":"https:\/\/www.24gliwice.pl\/wiadomosci\/plac-na-starowce-nie-bedzie-parkingiem\/#primaryimage","url":"https:\/\/www.24gliwice.pl\/wiadomosci\/wp-content\/uploads\/2018\/07\/1-plac-po-synagodze-2.jpg","contentUrl":"https:\/\/www.24gliwice.pl\/wiadomosci\/wp-content\/uploads\/2018\/07\/1-plac-po-synagodze-2.jpg","width":810,"height":456},{"@type":"BreadcrumbList","@id":"https:\/\/www.24gliwice.pl\/wiadomosci\/plac-na-starowce-nie-bedzie-parkingiem\/#breadcrumb","itemListElement":[{"@type":"ListItem","position":1,"name":"Strona g\u0142\u00f3wna","item":"https:\/\/www.24gliwice.pl\/wiadomosci\/"},{"@type":"ListItem","position":2,"name":"Konserwator nie zgadza si\u0119 na parking w miejscu spalonej synagogi. Prace wstrzymane"}]},{"@type":"WebSite","@id":"https:\/\/www.24gliwice.pl\/wiadomosci\/#website","url":"https:\/\/www.24gliwice.pl\/wiadomosci\/","name":"24GLIWICE - Portal Gliwice | codziennie nowe wiadomo\u015bci","description":"Portal Miejski Gliwice","publisher":{"@id":"https:\/\/www.24gliwice.pl\/wiadomosci\/#organization"},"potentialAction":[{"@type":"SearchAction","target":{"@type":"EntryPoint","urlTemplate":"https:\/\/www.24gliwice.pl\/wiadomosci\/?s={search_term_string}"},"query-input":{"@type":"PropertyValueSpecification","valueRequired":true,"valueName":"search_term_string"}}],"inLanguage":"pl-PL"},{"@type":"Organization","@id":"https:\/\/www.24gliwice.pl\/wiadomosci\/#organization","name":"24gliwice","url":"https:\/\/www.24gliwice.pl\/wiadomosci\/","logo":{"@type":"ImageObject","inLanguage":"pl-PL","@id":"https:\/\/www.24gliwice.pl\/wiadomosci\/#\/schema\/logo\/image\/","url":"https:\/\/www.24gliwice.pl\/wiadomosci\/wp-content\/uploads\/2024\/10\/24gliwice-logo-696.jpg","contentUrl":"https:\/\/www.24gliwice.pl\/wiadomosci\/wp-content\/uploads\/2024\/10\/24gliwice-logo-696.jpg","width":696,"height":696,"caption":"24gliwice"},"image":{"@id":"https:\/\/www.24gliwice.pl\/wiadomosci\/#\/schema\/logo\/image\/"},"sameAs":["https:\/\/www.facebook.com\/24gliwice","https:\/\/x.com\/24gliwice","https:\/\/www.youtube.com\/@24gliwice"]},{"@type":"Person","@id":"https:\/\/www.24gliwice.pl\/wiadomosci\/#\/schema\/person\/940e8f8a097e322de4f463f061ef8d45","name":"Micha\u0142 Szewczyk","image":{"@type":"ImageObject","inLanguage":"pl-PL","@id":"https:\/\/secure.gravatar.com\/avatar\/771b8b6c74cd8d255e46392d605e01a86133900ef09b6ef3c8d451c9d92288cf?s=96&d=mm&r=g","url":"https:\/\/secure.gravatar.com\/avatar\/771b8b6c74cd8d255e46392d605e01a86133900ef09b6ef3c8d451c9d92288cf?s=96&d=mm&r=g","contentUrl":"https:\/\/secure.gravatar.com\/avatar\/771b8b6c74cd8d255e46392d605e01a86133900ef09b6ef3c8d451c9d92288cf?s=96&d=mm&r=g","caption":"Micha\u0142 Szewczyk"},"sameAs":["http:\/\/www.gazeta-miejska.pl"],"url":"https:\/\/www.24gliwice.pl\/wiadomosci\/author\/michal-szewczyk\/"}]}},"_links":{"self":[{"href":"https:\/\/www.24gliwice.pl\/wiadomosci\/wp-json\/wp\/v2\/posts\/119599","targetHints":{"allow":["GET"]}}],"collection":[{"href":"https:\/\/www.24gliwice.pl\/wiadomosci\/wp-json\/wp\/v2\/posts"}],"about":[{"href":"https:\/\/www.24gliwice.pl\/wiadomosci\/wp-json\/wp\/v2\/types\/post"}],"author":[{"embeddable":true,"href":"https:\/\/www.24gliwice.pl\/wiadomosci\/wp-json\/wp\/v2\/users\/12"}],"replies":[{"embeddable":true,"href":"https:\/\/www.24gliwice.pl\/wiadomosci\/wp-json\/wp\/v2\/comments?post=119599"}],"version-history":[{"count":0,"href":"https:\/\/www.24gliwice.pl\/wiadomosci\/wp-json\/wp\/v2\/posts\/119599\/revisions"}],"wp:featuredmedia":[{"embeddable":true,"href":"https:\/\/www.24gliwice.pl\/wiadomosci\/wp-json\/wp\/v2\/media\/119683"}],"wp:attachment":[{"href":"https:\/\/www.24gliwice.pl\/wiadomosci\/wp-json\/wp\/v2\/media?parent=119599"}],"wp:term":[{"taxonomy":"category","embeddable":true,"href":"https:\/\/www.24gliwice.pl\/wiadomosci\/wp-json\/wp\/v2\/categories?post=119599"},{"taxonomy":"post_tag","embeddable":true,"href":"https:\/\/www.24gliwice.pl\/wiadomosci\/wp-json\/wp\/v2\/tags?post=119599"}],"curies":[{"name":"wp","href":"https:\/\/api.w.org\/{rel}","templated":true}]}}