{"id":119639,"date":"2018-07-04T00:26:09","date_gmt":"2018-07-03T22:26:09","guid":{"rendered":"https:\/\/www.24gliwice.pl\/wiadomosci\/?p=119639"},"modified":"2018-07-04T01:34:36","modified_gmt":"2018-07-03T23:34:36","slug":"koncert-garou-jest-juz-pewny-gliwiczanie-beda-mieli-blisko-swoje-najwieksze-przeboje-zagra-w-dmit","status":"publish","type":"post","link":"https:\/\/www.24gliwice.pl\/wiadomosci\/koncert-garou-jest-juz-pewny-gliwiczanie-beda-mieli-blisko-swoje-najwieksze-przeboje-zagra-w-dmit\/","title":{"rendered":"Koncert GAROU jest ju\u017c pewny. Gliwiczanie b\u0119d\u0105 mieli blisko, swoje najwi\u0119ksze przeboje zagra w DMiT"},"content":{"rendered":"<div class=\"gliwi-a6-nad-leadem-artykulow gliwi-entity-placement\" id=\"gliwi-354645630\"><div class=\"gliwi-adlabel\"><span style=\"font-size: 9px\">REKLAMA<\/span><\/div><div id=\"gliwi-1893809669\" style=\"margin-bottom: 25px;margin-left: auto;margin-right: auto;text-align: center;\"><a data-no-instant=\"1\" href=\"https:\/\/dom100.eu\/\" rel=\"noopener\" class=\"a2t-link\" target=\"_blank\" aria-label=\"20260415 DOM100 D\"><img loading=\"lazy\" decoding=\"async\" src=\"https:\/\/www.24gliwice.pl\/wiadomosci\/wp-content\/uploads\/2026\/04\/20260415-DOM100-D.jpg\" alt=\"\"  srcset=\"https:\/\/www.24gliwice.pl\/wiadomosci\/wp-content\/uploads\/2026\/04\/20260415-DOM100-D.jpg 750w, https:\/\/www.24gliwice.pl\/wiadomosci\/wp-content\/uploads\/2026\/04\/20260415-DOM100-D-410x109.jpg 410w\" sizes=\"(max-width: 750px) 100vw, 750px\" class=\"no-lazyload\" width=\"750\" height=\"200\"  style=\"display: inline-block; max-width: 100%; height: auto;\" \/><\/a><\/div><\/div><h3>Tego artysty nie trzeba nikomu przedstawia\u0107. Rewelacyjny, znany i kochany przez publiczno\u015b\u0107 na ca\u0142ym \u015bwiecie GAROU wyst\u0105pi w jubileusz 20-lecia swojej pracy artystycznej, w Polsce. <\/h3>\n<p>Najwi\u0119ksze przeboje czaruj\u0105cego muzyka us\u0142yszymy na prze\u0142omie pa\u017adziernika i listopada 2018 r., w 5 miastach: <strong>s\u0105siaduj\u0105cym z Gliwicami Zabrzu<\/strong>, Warszawie, Wroc\u0142awiu, Krakowie oraz Lublinie.<\/p>\n<p>Ten pe\u0142en niespodzianek artysta, jest jednym z najbardziej urzekaj\u0105cych i charyzmatycznych muzyk\u00f3w francuskiej sceny. Pod koniec lat 90. GAROUb\u0142yskawicznie zaistnia\u0142 w \u015bwiecie muzyki, \u0142ami\u0105c jego wszelkie kanony. Seksowny g\u0142os romantycznego macho sprawi\u0142, \u017ce serca kobiet zacz\u0119\u0142y bi\u0107 szybciej. <\/p><div class=\"gliwi-a3-w-tresci-artykulow gliwi-entity-placement\" id=\"gliwi-2507372143\"><div class=\"gliwi-adlabel\"><span style=\"font-size: 9px\">REKLAMA<\/span><\/div><div id=\"gliwi-1165881747\" style=\"margin-bottom: 30px;margin-left: auto;margin-right: auto;text-align: center;\"><a data-no-instant=\"1\" href=\"https:\/\/ogrodyandersa.pl\/\" rel=\"noopener\" class=\"a2t-link\" target=\"_blank\" aria-label=\"20260415 Ogrody Andersa KUP TERAZ D\"><img loading=\"lazy\" decoding=\"async\" src=\"https:\/\/www.24gliwice.pl\/wiadomosci\/wp-content\/uploads\/2026\/04\/20260415-Ogrody-Andersa-KUP-TERAZ-D.jpg\" alt=\"\"  srcset=\"https:\/\/www.24gliwice.pl\/wiadomosci\/wp-content\/uploads\/2026\/04\/20260415-Ogrody-Andersa-KUP-TERAZ-D.jpg 750w, https:\/\/www.24gliwice.pl\/wiadomosci\/wp-content\/uploads\/2026\/04\/20260415-Ogrody-Andersa-KUP-TERAZ-D-410x109.jpg 410w\" sizes=\"(max-width: 750px) 100vw, 750px\" class=\"no-lazyload\" width=\"750\" height=\"200\"  style=\"display: inline-block; max-width: 100%; height: auto;\" \/><\/a><\/div><\/div>\n<p><iframe loading=\"lazy\" width=\"810\" height=\"456\" src=\"https:\/\/www.youtube.com\/embed\/svuEn_HfgHw\" frameborder=\"0\" allow=\"autoplay; encrypted-media\" allowfullscreen><\/iframe><\/p>\n<p>On sam m\u00f3wi o sobie skromnie: \u201epodbi\u0142em listy przeboj\u00f3w, pojawiaj\u0105c si\u0119 we w\u0142a\u015bciwym miejscu i w\u0142a\u015bciwym czasie\u201d. Jego spotkanie ze s\u0142ynnym poet\u0105, autorem musicalu &#8220;Notre Dame de Paris&#8221;, &#8211; Lucem Plamondonem w barze w Montrealu zadecydowa\u0142o o przysz\u0142o\u015bci m\u0142odego wokalisty z gitar\u0105. Nied\u0142ugo potem, urok i talent GAROU przyczyni\u0142 si\u0119 do rozpocz\u0119cia wsp\u00f3\u0142pracy z Celine Dion i Rene Angelil.<\/p>\n<p>GAROU jest multiinstrumentalist\u0105, mistrzowsko gra na: gitarze, fortepianie, klawesynie, jak r\u00f3wnie\u017c na tr\u0105bce. Otrzyma\u0142 wiele nagr\u00f3d przemys\u0142u muzycznego, m.in. &#8220;World Music Awards&#8221;, &#8220;Le F\u00e9lix &#8211; R\u00e9v\u00e9lation au Qu\u00e9bec&#8221;. Komponuje utwory jak w\u0142asne \u017cycie, zmieniaj\u0105c gatunki, pasje i \u0142ami\u0105c bariery. G\u0142os, wygl\u0105d i wyj\u0105tkowo\u015b\u0107 artysty przyci\u0105gaj\u0105 publiczno\u015b\u0107 na ca\u0142ym \u015bwiecie jak magnes. Jest zapraszany do najpopularniejszych program\u00f3w telewizyjnych takich jak &#8220;The Voice&#8221; &#8211; jako trener we Francji, a w tym roku tak\u017ce w Kanadzie. Niedawno wzi\u0105\u0142 udzia\u0142 w programach &#8220;Destination Eurovision 2018&#8221; oraz jego w\u0142asnym &#8220;Gare \u00e0 Garou&#8221;. Muzyk jest pe\u0142en nowych pomys\u0142\u00f3w na muzyczne jak i inne projekty.<\/p>\n<p><strong>28 pa\u017adziernika 2018, pocz\u0105tek koncertu o godz. 18:00<br \/>\nDom Muzyki i Ta\u0144ca w Zabrzu przy ulicy Gen. de Gaulle&#8217;a 17 <\/strong><br \/>\nBilety do nabycia na www.makroconcert.pl, www.ebilet.pl, www.eventim.pl oraz w salonach Empik.<\/p>\n<div class=\"gliwi-a5-na-koncu-artykulow gliwi-entity-placement\" id=\"gliwi-3051719445\"><div class=\"gliwi-adlabel\"><span style=\"font-size: 9px\">REKLAMA<\/span><\/div><div id=\"gliwi-2158743107\" style=\"margin-left: auto;margin-right: auto;text-align: center;\"><a data-no-instant=\"1\" href=\"https:\/\/prezeroarenagliwice.pl\/\" rel=\"noopener\" class=\"a2t-link\" target=\"_blank\" aria-label=\"20260309-PREZERO-WIOSNA-D\"><img loading=\"lazy\" decoding=\"async\" src=\"https:\/\/www.24gliwice.pl\/wiadomosci\/wp-content\/uploads\/2026\/03\/20260309-PREZERO-WIOSNA-D.webp\" alt=\"\"  srcset=\"https:\/\/www.24gliwice.pl\/wiadomosci\/wp-content\/uploads\/2026\/03\/20260309-PREZERO-WIOSNA-D.webp 750w, https:\/\/www.24gliwice.pl\/wiadomosci\/wp-content\/uploads\/2026\/03\/20260309-PREZERO-WIOSNA-D-410x109.webp 410w\" sizes=\"(max-width: 750px) 100vw, 750px\" class=\"no-lazyload\" width=\"750\" height=\"200\"  style=\"display: inline-block; max-width: 100%; height: auto;\" \/><\/a><\/div><\/div>","protected":false},"excerpt":{"rendered":"<p>Tego artysty nie trzeba nikomu przedstawia\u0107. Rewelacyjny, znany i kochany przez publiczno\u015b\u0107 na ca\u0142ym \u015bwiecie GAROU wyst\u0105pi w jubileusz 20-lecia swojej pracy artystycznej, w Polsce. Najwi\u0119ksze przeboje czaruj\u0105cego muzyka us\u0142yszymy na prze\u0142omie pa\u017adziernika i listopada 2018 r., w 5 miastach: s\u0105siaduj\u0105cym z Gliwicami Zabrzu, Warszawie, Wroc\u0142awiu, Krakowie oraz Lublinie. Ten pe\u0142en niespodzianek artysta, jest jednym [&hellip;]<\/p>\n","protected":false},"author":4,"featured_media":119640,"comment_status":"open","ping_status":"closed","sticky":false,"template":"","format":"standard","meta":{"_monsterinsights_skip_tracking":false,"_monsterinsights_sitenote_active":false,"_monsterinsights_sitenote_note":"","_monsterinsights_sitenote_category":0,"footnotes":"","_links_to":"","_links_to_target":""},"categories":[6,1],"tags":[8536,2411],"class_list":["post-119639","post","type-post","status-publish","format-standard","has-post-thumbnail","hentry","category-kultura","category-wszystko","tag-dmit","tag-dom-muzyki-i-tanca"],"yoast_head":"<!-- This site is optimized with the Yoast SEO plugin v27.5 - https:\/\/yoast.com\/product\/yoast-seo-wordpress\/ -->\n<title>Koncert GAROU jest ju\u017c pewny. Gliwiczanie b\u0119d\u0105 mieli blisko, swoje najwi\u0119ksze przeboje zagra w DMiT - 24GLIWICE - Portal Gliwice | codziennie nowe informacje<\/title>\n<meta name=\"robots\" content=\"index, follow, max-snippet:-1, max-image-preview:large, max-video-preview:-1\" \/>\n<link rel=\"canonical\" href=\"https:\/\/www.24gliwice.pl\/wiadomosci\/koncert-garou-jest-juz-pewny-gliwiczanie-beda-mieli-blisko-swoje-najwieksze-przeboje-zagra-w-dmit\/\" \/>\n<meta property=\"og:locale\" content=\"pl_PL\" \/>\n<meta property=\"og:type\" content=\"article\" \/>\n<meta property=\"og:title\" content=\"Koncert GAROU jest ju\u017c pewny. Gliwiczanie b\u0119d\u0105 mieli blisko, swoje najwi\u0119ksze przeboje zagra w DMiT - 24GLIWICE - Portal Gliwice | codziennie nowe informacje\" \/>\n<meta property=\"og:description\" content=\"Tego artysty nie trzeba nikomu przedstawia\u0107. Rewelacyjny, znany i kochany przez publiczno\u015b\u0107 na ca\u0142ym \u015bwiecie GAROU wyst\u0105pi w jubileusz 20-lecia swojej pracy artystycznej, w Polsce. Najwi\u0119ksze przeboje czaruj\u0105cego muzyka us\u0142yszymy na prze\u0142omie pa\u017adziernika i listopada 2018 r., w 5 miastach: s\u0105siaduj\u0105cym z Gliwicami Zabrzu, Warszawie, Wroc\u0142awiu, Krakowie oraz Lublinie. Ten pe\u0142en niespodzianek artysta, jest jednym [&hellip;]\" \/>\n<meta property=\"og:url\" content=\"https:\/\/www.24gliwice.pl\/wiadomosci\/koncert-garou-jest-juz-pewny-gliwiczanie-beda-mieli-blisko-swoje-najwieksze-przeboje-zagra-w-dmit\/\" \/>\n<meta property=\"og:site_name\" content=\"24GLIWICE - Portal Gliwice | codziennie nowe informacje\" \/>\n<meta property=\"article:publisher\" content=\"https:\/\/www.facebook.com\/24gliwice\" \/>\n<meta property=\"article:author\" content=\"https:\/\/www.facebook.com\/marcin.fabrykowski\" \/>\n<meta property=\"article:published_time\" content=\"2018-07-03T22:26:09+00:00\" \/>\n<meta property=\"article:modified_time\" content=\"2018-07-03T23:34:36+00:00\" \/>\n<meta property=\"og:image\" content=\"https:\/\/www.24gliwice.pl\/wiadomosci\/wp-content\/uploads\/2018\/07\/garou.jpg\" \/>\n\t<meta property=\"og:image:width\" content=\"906\" \/>\n\t<meta property=\"og:image:height\" content=\"533\" \/>\n\t<meta property=\"og:image:type\" content=\"image\/jpeg\" \/>\n<meta name=\"author\" content=\"Marcin Fabrykowski\" \/>\n<meta name=\"twitter:card\" content=\"summary_large_image\" \/>\n<meta name=\"twitter:creator\" content=\"@24gliwice\" \/>\n<meta name=\"twitter:site\" content=\"@24gliwice\" \/>\n<meta name=\"twitter:label1\" content=\"Napisane przez\" \/>\n\t<meta name=\"twitter:data1\" content=\"Marcin Fabrykowski\" \/>\n\t<meta name=\"twitter:label2\" content=\"Szacowany czas czytania\" \/>\n\t<meta name=\"twitter:data2\" content=\"2 minuty\" \/>\n<script type=\"application\/ld+json\" class=\"yoast-schema-graph\">{\"@context\":\"https:\\\/\\\/schema.org\",\"@graph\":[{\"@type\":\"Article\",\"@id\":\"https:\\\/\\\/www.24gliwice.pl\\\/wiadomosci\\\/koncert-garou-jest-juz-pewny-gliwiczanie-beda-mieli-blisko-swoje-najwieksze-przeboje-zagra-w-dmit\\\/#article\",\"isPartOf\":{\"@id\":\"https:\\\/\\\/www.24gliwice.pl\\\/wiadomosci\\\/koncert-garou-jest-juz-pewny-gliwiczanie-beda-mieli-blisko-swoje-najwieksze-przeboje-zagra-w-dmit\\\/\"},\"author\":{\"name\":\"Marcin Fabrykowski\",\"@id\":\"https:\\\/\\\/www.24gliwice.pl\\\/wiadomosci\\\/#\\\/schema\\\/person\\\/cb5857e4a4d048c15984c1edcc8ef0c0\"},\"headline\":\"Koncert GAROU jest ju\u017c pewny. Gliwiczanie b\u0119d\u0105 mieli blisko, swoje najwi\u0119ksze przeboje zagra w DMiT\",\"datePublished\":\"2018-07-03T22:26:09+00:00\",\"dateModified\":\"2018-07-03T23:34:36+00:00\",\"mainEntityOfPage\":{\"@id\":\"https:\\\/\\\/www.24gliwice.pl\\\/wiadomosci\\\/koncert-garou-jest-juz-pewny-gliwiczanie-beda-mieli-blisko-swoje-najwieksze-przeboje-zagra-w-dmit\\\/\"},\"wordCount\":348,\"commentCount\":0,\"publisher\":{\"@id\":\"https:\\\/\\\/www.24gliwice.pl\\\/wiadomosci\\\/#organization\"},\"image\":{\"@id\":\"https:\\\/\\\/www.24gliwice.pl\\\/wiadomosci\\\/koncert-garou-jest-juz-pewny-gliwiczanie-beda-mieli-blisko-swoje-najwieksze-przeboje-zagra-w-dmit\\\/#primaryimage\"},\"thumbnailUrl\":\"https:\\\/\\\/www.24gliwice.pl\\\/wiadomosci\\\/wp-content\\\/uploads\\\/2018\\\/07\\\/garou.jpg\",\"keywords\":[\"dmit\",\"DOM MUZYKI I TA\u0143CA\"],\"articleSection\":[\"Kultura, wydarzenia, imprezy\",\"Najnowsze wiadomo\u015bci\"],\"inLanguage\":\"pl-PL\",\"potentialAction\":[{\"@type\":\"CommentAction\",\"name\":\"Comment\",\"target\":[\"https:\\\/\\\/www.24gliwice.pl\\\/wiadomosci\\\/koncert-garou-jest-juz-pewny-gliwiczanie-beda-mieli-blisko-swoje-najwieksze-przeboje-zagra-w-dmit\\\/#respond\"]}]},{\"@type\":\"WebPage\",\"@id\":\"https:\\\/\\\/www.24gliwice.pl\\\/wiadomosci\\\/koncert-garou-jest-juz-pewny-gliwiczanie-beda-mieli-blisko-swoje-najwieksze-przeboje-zagra-w-dmit\\\/\",\"url\":\"https:\\\/\\\/www.24gliwice.pl\\\/wiadomosci\\\/koncert-garou-jest-juz-pewny-gliwiczanie-beda-mieli-blisko-swoje-najwieksze-przeboje-zagra-w-dmit\\\/\",\"name\":\"Koncert GAROU jest ju\u017c pewny. Gliwiczanie b\u0119d\u0105 mieli blisko, swoje najwi\u0119ksze przeboje zagra w DMiT - 24GLIWICE - Portal Gliwice | codziennie nowe informacje\",\"isPartOf\":{\"@id\":\"https:\\\/\\\/www.24gliwice.pl\\\/wiadomosci\\\/#website\"},\"primaryImageOfPage\":{\"@id\":\"https:\\\/\\\/www.24gliwice.pl\\\/wiadomosci\\\/koncert-garou-jest-juz-pewny-gliwiczanie-beda-mieli-blisko-swoje-najwieksze-przeboje-zagra-w-dmit\\\/#primaryimage\"},\"image\":{\"@id\":\"https:\\\/\\\/www.24gliwice.pl\\\/wiadomosci\\\/koncert-garou-jest-juz-pewny-gliwiczanie-beda-mieli-blisko-swoje-najwieksze-przeboje-zagra-w-dmit\\\/#primaryimage\"},\"thumbnailUrl\":\"https:\\\/\\\/www.24gliwice.pl\\\/wiadomosci\\\/wp-content\\\/uploads\\\/2018\\\/07\\\/garou.jpg\",\"datePublished\":\"2018-07-03T22:26:09+00:00\",\"dateModified\":\"2018-07-03T23:34:36+00:00\",\"breadcrumb\":{\"@id\":\"https:\\\/\\\/www.24gliwice.pl\\\/wiadomosci\\\/koncert-garou-jest-juz-pewny-gliwiczanie-beda-mieli-blisko-swoje-najwieksze-przeboje-zagra-w-dmit\\\/#breadcrumb\"},\"inLanguage\":\"pl-PL\",\"potentialAction\":[{\"@type\":\"ReadAction\",\"target\":[\"https:\\\/\\\/www.24gliwice.pl\\\/wiadomosci\\\/koncert-garou-jest-juz-pewny-gliwiczanie-beda-mieli-blisko-swoje-najwieksze-przeboje-zagra-w-dmit\\\/\"]}]},{\"@type\":\"ImageObject\",\"inLanguage\":\"pl-PL\",\"@id\":\"https:\\\/\\\/www.24gliwice.pl\\\/wiadomosci\\\/koncert-garou-jest-juz-pewny-gliwiczanie-beda-mieli-blisko-swoje-najwieksze-przeboje-zagra-w-dmit\\\/#primaryimage\",\"url\":\"https:\\\/\\\/www.24gliwice.pl\\\/wiadomosci\\\/wp-content\\\/uploads\\\/2018\\\/07\\\/garou.jpg\",\"contentUrl\":\"https:\\\/\\\/www.24gliwice.pl\\\/wiadomosci\\\/wp-content\\\/uploads\\\/2018\\\/07\\\/garou.jpg\",\"width\":906,\"height\":533},{\"@type\":\"BreadcrumbList\",\"@id\":\"https:\\\/\\\/www.24gliwice.pl\\\/wiadomosci\\\/koncert-garou-jest-juz-pewny-gliwiczanie-beda-mieli-blisko-swoje-najwieksze-przeboje-zagra-w-dmit\\\/#breadcrumb\",\"itemListElement\":[{\"@type\":\"ListItem\",\"position\":1,\"name\":\"Strona g\u0142\u00f3wna\",\"item\":\"https:\\\/\\\/www.24gliwice.pl\\\/wiadomosci\\\/\"},{\"@type\":\"ListItem\",\"position\":2,\"name\":\"Koncert GAROU jest ju\u017c pewny. Gliwiczanie b\u0119d\u0105 mieli blisko, swoje najwi\u0119ksze przeboje zagra w DMiT\"}]},{\"@type\":\"WebSite\",\"@id\":\"https:\\\/\\\/www.24gliwice.pl\\\/wiadomosci\\\/#website\",\"url\":\"https:\\\/\\\/www.24gliwice.pl\\\/wiadomosci\\\/\",\"name\":\"24GLIWICE - Portal Gliwice | codziennie nowe wiadomo\u015bci\",\"description\":\"Portal Miejski Gliwice\",\"publisher\":{\"@id\":\"https:\\\/\\\/www.24gliwice.pl\\\/wiadomosci\\\/#organization\"},\"potentialAction\":[{\"@type\":\"SearchAction\",\"target\":{\"@type\":\"EntryPoint\",\"urlTemplate\":\"https:\\\/\\\/www.24gliwice.pl\\\/wiadomosci\\\/?s={search_term_string}\"},\"query-input\":{\"@type\":\"PropertyValueSpecification\",\"valueRequired\":true,\"valueName\":\"search_term_string\"}}],\"inLanguage\":\"pl-PL\"},{\"@type\":\"Organization\",\"@id\":\"https:\\\/\\\/www.24gliwice.pl\\\/wiadomosci\\\/#organization\",\"name\":\"24gliwice\",\"url\":\"https:\\\/\\\/www.24gliwice.pl\\\/wiadomosci\\\/\",\"logo\":{\"@type\":\"ImageObject\",\"inLanguage\":\"pl-PL\",\"@id\":\"https:\\\/\\\/www.24gliwice.pl\\\/wiadomosci\\\/#\\\/schema\\\/logo\\\/image\\\/\",\"url\":\"https:\\\/\\\/www.24gliwice.pl\\\/wiadomosci\\\/wp-content\\\/uploads\\\/2024\\\/10\\\/24gliwice-logo-696.jpg\",\"contentUrl\":\"https:\\\/\\\/www.24gliwice.pl\\\/wiadomosci\\\/wp-content\\\/uploads\\\/2024\\\/10\\\/24gliwice-logo-696.jpg\",\"width\":696,\"height\":696,\"caption\":\"24gliwice\"},\"image\":{\"@id\":\"https:\\\/\\\/www.24gliwice.pl\\\/wiadomosci\\\/#\\\/schema\\\/logo\\\/image\\\/\"},\"sameAs\":[\"https:\\\/\\\/www.facebook.com\\\/24gliwice\",\"https:\\\/\\\/x.com\\\/24gliwice\",\"https:\\\/\\\/www.youtube.com\\\/@24gliwice\"]},{\"@type\":\"Person\",\"@id\":\"https:\\\/\\\/www.24gliwice.pl\\\/wiadomosci\\\/#\\\/schema\\\/person\\\/cb5857e4a4d048c15984c1edcc8ef0c0\",\"name\":\"Marcin Fabrykowski\",\"image\":{\"@type\":\"ImageObject\",\"inLanguage\":\"pl-PL\",\"@id\":\"https:\\\/\\\/www.24gliwice.pl\\\/wiadomosci\\\/wp-content\\\/uploads\\\/2025\\\/11\\\/zdjecie-moje-marcin-300-96x96.jpg\",\"url\":\"https:\\\/\\\/www.24gliwice.pl\\\/wiadomosci\\\/wp-content\\\/uploads\\\/2025\\\/11\\\/zdjecie-moje-marcin-300-96x96.jpg\",\"contentUrl\":\"https:\\\/\\\/www.24gliwice.pl\\\/wiadomosci\\\/wp-content\\\/uploads\\\/2025\\\/11\\\/zdjecie-moje-marcin-300-96x96.jpg\",\"caption\":\"Marcin Fabrykowski\"},\"sameAs\":[\"http:\\\/\\\/24gliwice.pl\",\"https:\\\/\\\/www.facebook.com\\\/marcin.fabrykowski\"],\"url\":\"https:\\\/\\\/www.24gliwice.pl\\\/wiadomosci\\\/author\\\/marcin-fabrykowski\\\/\"}]}<\/script>\n<!-- \/ Yoast SEO plugin. -->","yoast_head_json":{"title":"Koncert GAROU jest ju\u017c pewny. Gliwiczanie b\u0119d\u0105 mieli blisko, swoje najwi\u0119ksze przeboje zagra w DMiT - 24GLIWICE - Portal Gliwice | codziennie nowe informacje","robots":{"index":"index","follow":"follow","max-snippet":"max-snippet:-1","max-image-preview":"max-image-preview:large","max-video-preview":"max-video-preview:-1"},"canonical":"https:\/\/www.24gliwice.pl\/wiadomosci\/koncert-garou-jest-juz-pewny-gliwiczanie-beda-mieli-blisko-swoje-najwieksze-przeboje-zagra-w-dmit\/","og_locale":"pl_PL","og_type":"article","og_title":"Koncert GAROU jest ju\u017c pewny. Gliwiczanie b\u0119d\u0105 mieli blisko, swoje najwi\u0119ksze przeboje zagra w DMiT - 24GLIWICE - Portal Gliwice | codziennie nowe informacje","og_description":"Tego artysty nie trzeba nikomu przedstawia\u0107. Rewelacyjny, znany i kochany przez publiczno\u015b\u0107 na ca\u0142ym \u015bwiecie GAROU wyst\u0105pi w jubileusz 20-lecia swojej pracy artystycznej, w Polsce. Najwi\u0119ksze przeboje czaruj\u0105cego muzyka us\u0142yszymy na prze\u0142omie pa\u017adziernika i listopada 2018 r., w 5 miastach: s\u0105siaduj\u0105cym z Gliwicami Zabrzu, Warszawie, Wroc\u0142awiu, Krakowie oraz Lublinie. Ten pe\u0142en niespodzianek artysta, jest jednym [&hellip;]","og_url":"https:\/\/www.24gliwice.pl\/wiadomosci\/koncert-garou-jest-juz-pewny-gliwiczanie-beda-mieli-blisko-swoje-najwieksze-przeboje-zagra-w-dmit\/","og_site_name":"24GLIWICE - Portal Gliwice | codziennie nowe informacje","article_publisher":"https:\/\/www.facebook.com\/24gliwice","article_author":"https:\/\/www.facebook.com\/marcin.fabrykowski","article_published_time":"2018-07-03T22:26:09+00:00","article_modified_time":"2018-07-03T23:34:36+00:00","og_image":[{"width":906,"height":533,"url":"https:\/\/www.24gliwice.pl\/wiadomosci\/wp-content\/uploads\/2018\/07\/garou.jpg","type":"image\/jpeg"}],"author":"Marcin Fabrykowski","twitter_card":"summary_large_image","twitter_creator":"@24gliwice","twitter_site":"@24gliwice","twitter_misc":{"Napisane przez":"Marcin Fabrykowski","Szacowany czas czytania":"2 minuty"},"schema":{"@context":"https:\/\/schema.org","@graph":[{"@type":"Article","@id":"https:\/\/www.24gliwice.pl\/wiadomosci\/koncert-garou-jest-juz-pewny-gliwiczanie-beda-mieli-blisko-swoje-najwieksze-przeboje-zagra-w-dmit\/#article","isPartOf":{"@id":"https:\/\/www.24gliwice.pl\/wiadomosci\/koncert-garou-jest-juz-pewny-gliwiczanie-beda-mieli-blisko-swoje-najwieksze-przeboje-zagra-w-dmit\/"},"author":{"name":"Marcin Fabrykowski","@id":"https:\/\/www.24gliwice.pl\/wiadomosci\/#\/schema\/person\/cb5857e4a4d048c15984c1edcc8ef0c0"},"headline":"Koncert GAROU jest ju\u017c pewny. Gliwiczanie b\u0119d\u0105 mieli blisko, swoje najwi\u0119ksze przeboje zagra w DMiT","datePublished":"2018-07-03T22:26:09+00:00","dateModified":"2018-07-03T23:34:36+00:00","mainEntityOfPage":{"@id":"https:\/\/www.24gliwice.pl\/wiadomosci\/koncert-garou-jest-juz-pewny-gliwiczanie-beda-mieli-blisko-swoje-najwieksze-przeboje-zagra-w-dmit\/"},"wordCount":348,"commentCount":0,"publisher":{"@id":"https:\/\/www.24gliwice.pl\/wiadomosci\/#organization"},"image":{"@id":"https:\/\/www.24gliwice.pl\/wiadomosci\/koncert-garou-jest-juz-pewny-gliwiczanie-beda-mieli-blisko-swoje-najwieksze-przeboje-zagra-w-dmit\/#primaryimage"},"thumbnailUrl":"https:\/\/www.24gliwice.pl\/wiadomosci\/wp-content\/uploads\/2018\/07\/garou.jpg","keywords":["dmit","DOM MUZYKI I TA\u0143CA"],"articleSection":["Kultura, wydarzenia, imprezy","Najnowsze wiadomo\u015bci"],"inLanguage":"pl-PL","potentialAction":[{"@type":"CommentAction","name":"Comment","target":["https:\/\/www.24gliwice.pl\/wiadomosci\/koncert-garou-jest-juz-pewny-gliwiczanie-beda-mieli-blisko-swoje-najwieksze-przeboje-zagra-w-dmit\/#respond"]}]},{"@type":"WebPage","@id":"https:\/\/www.24gliwice.pl\/wiadomosci\/koncert-garou-jest-juz-pewny-gliwiczanie-beda-mieli-blisko-swoje-najwieksze-przeboje-zagra-w-dmit\/","url":"https:\/\/www.24gliwice.pl\/wiadomosci\/koncert-garou-jest-juz-pewny-gliwiczanie-beda-mieli-blisko-swoje-najwieksze-przeboje-zagra-w-dmit\/","name":"Koncert GAROU jest ju\u017c pewny. Gliwiczanie b\u0119d\u0105 mieli blisko, swoje najwi\u0119ksze przeboje zagra w DMiT - 24GLIWICE - Portal Gliwice | codziennie nowe informacje","isPartOf":{"@id":"https:\/\/www.24gliwice.pl\/wiadomosci\/#website"},"primaryImageOfPage":{"@id":"https:\/\/www.24gliwice.pl\/wiadomosci\/koncert-garou-jest-juz-pewny-gliwiczanie-beda-mieli-blisko-swoje-najwieksze-przeboje-zagra-w-dmit\/#primaryimage"},"image":{"@id":"https:\/\/www.24gliwice.pl\/wiadomosci\/koncert-garou-jest-juz-pewny-gliwiczanie-beda-mieli-blisko-swoje-najwieksze-przeboje-zagra-w-dmit\/#primaryimage"},"thumbnailUrl":"https:\/\/www.24gliwice.pl\/wiadomosci\/wp-content\/uploads\/2018\/07\/garou.jpg","datePublished":"2018-07-03T22:26:09+00:00","dateModified":"2018-07-03T23:34:36+00:00","breadcrumb":{"@id":"https:\/\/www.24gliwice.pl\/wiadomosci\/koncert-garou-jest-juz-pewny-gliwiczanie-beda-mieli-blisko-swoje-najwieksze-przeboje-zagra-w-dmit\/#breadcrumb"},"inLanguage":"pl-PL","potentialAction":[{"@type":"ReadAction","target":["https:\/\/www.24gliwice.pl\/wiadomosci\/koncert-garou-jest-juz-pewny-gliwiczanie-beda-mieli-blisko-swoje-najwieksze-przeboje-zagra-w-dmit\/"]}]},{"@type":"ImageObject","inLanguage":"pl-PL","@id":"https:\/\/www.24gliwice.pl\/wiadomosci\/koncert-garou-jest-juz-pewny-gliwiczanie-beda-mieli-blisko-swoje-najwieksze-przeboje-zagra-w-dmit\/#primaryimage","url":"https:\/\/www.24gliwice.pl\/wiadomosci\/wp-content\/uploads\/2018\/07\/garou.jpg","contentUrl":"https:\/\/www.24gliwice.pl\/wiadomosci\/wp-content\/uploads\/2018\/07\/garou.jpg","width":906,"height":533},{"@type":"BreadcrumbList","@id":"https:\/\/www.24gliwice.pl\/wiadomosci\/koncert-garou-jest-juz-pewny-gliwiczanie-beda-mieli-blisko-swoje-najwieksze-przeboje-zagra-w-dmit\/#breadcrumb","itemListElement":[{"@type":"ListItem","position":1,"name":"Strona g\u0142\u00f3wna","item":"https:\/\/www.24gliwice.pl\/wiadomosci\/"},{"@type":"ListItem","position":2,"name":"Koncert GAROU jest ju\u017c pewny. Gliwiczanie b\u0119d\u0105 mieli blisko, swoje najwi\u0119ksze przeboje zagra w DMiT"}]},{"@type":"WebSite","@id":"https:\/\/www.24gliwice.pl\/wiadomosci\/#website","url":"https:\/\/www.24gliwice.pl\/wiadomosci\/","name":"24GLIWICE - Portal Gliwice | codziennie nowe wiadomo\u015bci","description":"Portal Miejski Gliwice","publisher":{"@id":"https:\/\/www.24gliwice.pl\/wiadomosci\/#organization"},"potentialAction":[{"@type":"SearchAction","target":{"@type":"EntryPoint","urlTemplate":"https:\/\/www.24gliwice.pl\/wiadomosci\/?s={search_term_string}"},"query-input":{"@type":"PropertyValueSpecification","valueRequired":true,"valueName":"search_term_string"}}],"inLanguage":"pl-PL"},{"@type":"Organization","@id":"https:\/\/www.24gliwice.pl\/wiadomosci\/#organization","name":"24gliwice","url":"https:\/\/www.24gliwice.pl\/wiadomosci\/","logo":{"@type":"ImageObject","inLanguage":"pl-PL","@id":"https:\/\/www.24gliwice.pl\/wiadomosci\/#\/schema\/logo\/image\/","url":"https:\/\/www.24gliwice.pl\/wiadomosci\/wp-content\/uploads\/2024\/10\/24gliwice-logo-696.jpg","contentUrl":"https:\/\/www.24gliwice.pl\/wiadomosci\/wp-content\/uploads\/2024\/10\/24gliwice-logo-696.jpg","width":696,"height":696,"caption":"24gliwice"},"image":{"@id":"https:\/\/www.24gliwice.pl\/wiadomosci\/#\/schema\/logo\/image\/"},"sameAs":["https:\/\/www.facebook.com\/24gliwice","https:\/\/x.com\/24gliwice","https:\/\/www.youtube.com\/@24gliwice"]},{"@type":"Person","@id":"https:\/\/www.24gliwice.pl\/wiadomosci\/#\/schema\/person\/cb5857e4a4d048c15984c1edcc8ef0c0","name":"Marcin Fabrykowski","image":{"@type":"ImageObject","inLanguage":"pl-PL","@id":"https:\/\/www.24gliwice.pl\/wiadomosci\/wp-content\/uploads\/2025\/11\/zdjecie-moje-marcin-300-96x96.jpg","url":"https:\/\/www.24gliwice.pl\/wiadomosci\/wp-content\/uploads\/2025\/11\/zdjecie-moje-marcin-300-96x96.jpg","contentUrl":"https:\/\/www.24gliwice.pl\/wiadomosci\/wp-content\/uploads\/2025\/11\/zdjecie-moje-marcin-300-96x96.jpg","caption":"Marcin Fabrykowski"},"sameAs":["http:\/\/24gliwice.pl","https:\/\/www.facebook.com\/marcin.fabrykowski"],"url":"https:\/\/www.24gliwice.pl\/wiadomosci\/author\/marcin-fabrykowski\/"}]}},"_links":{"self":[{"href":"https:\/\/www.24gliwice.pl\/wiadomosci\/wp-json\/wp\/v2\/posts\/119639","targetHints":{"allow":["GET"]}}],"collection":[{"href":"https:\/\/www.24gliwice.pl\/wiadomosci\/wp-json\/wp\/v2\/posts"}],"about":[{"href":"https:\/\/www.24gliwice.pl\/wiadomosci\/wp-json\/wp\/v2\/types\/post"}],"author":[{"embeddable":true,"href":"https:\/\/www.24gliwice.pl\/wiadomosci\/wp-json\/wp\/v2\/users\/4"}],"replies":[{"embeddable":true,"href":"https:\/\/www.24gliwice.pl\/wiadomosci\/wp-json\/wp\/v2\/comments?post=119639"}],"version-history":[{"count":0,"href":"https:\/\/www.24gliwice.pl\/wiadomosci\/wp-json\/wp\/v2\/posts\/119639\/revisions"}],"wp:featuredmedia":[{"embeddable":true,"href":"https:\/\/www.24gliwice.pl\/wiadomosci\/wp-json\/wp\/v2\/media\/119640"}],"wp:attachment":[{"href":"https:\/\/www.24gliwice.pl\/wiadomosci\/wp-json\/wp\/v2\/media?parent=119639"}],"wp:term":[{"taxonomy":"category","embeddable":true,"href":"https:\/\/www.24gliwice.pl\/wiadomosci\/wp-json\/wp\/v2\/categories?post=119639"},{"taxonomy":"post_tag","embeddable":true,"href":"https:\/\/www.24gliwice.pl\/wiadomosci\/wp-json\/wp\/v2\/tags?post=119639"}],"curies":[{"name":"wp","href":"https:\/\/api.w.org\/{rel}","templated":true}]}}