{"id":119818,"date":"2018-07-06T16:53:09","date_gmt":"2018-07-06T14:53:09","guid":{"rendered":"https:\/\/www.24gliwice.pl\/wiadomosci\/?p=119818"},"modified":"2018-07-06T16:53:09","modified_gmt":"2018-07-06T14:53:09","slug":"zamknieto-kryta-plywalnie-mewa-kolejny-bedzie-olimpijczyk-i-delfin-to-przerwy-technologiczne","status":"publish","type":"post","link":"https:\/\/www.24gliwice.pl\/wiadomosci\/zamknieto-kryta-plywalnie-mewa-kolejny-bedzie-olimpijczyk-i-delfin-to-przerwy-technologiczne\/","title":{"rendered":"Zamkni\u0119to kryt\u0105 p\u0142ywalni\u0119 Mewa, kolejny b\u0119dzie Olimpijczyk i Delfin. To przerwy technologiczne"},"content":{"rendered":"<div class=\"gliwi-a6-nad-leadem-artykulow gliwi-entity-placement\" id=\"gliwi-3159971032\"><div class=\"gliwi-adlabel\"><span style=\"font-size: 9px\">REKLAMA<\/span><\/div><div id=\"gliwi-104634901\" style=\"margin-bottom: 25px;margin-left: auto;margin-right: auto;text-align: center;\"><a data-no-instant=\"1\" href=\"https:\/\/dom100.eu\/\" rel=\"noopener\" class=\"a2t-link\" target=\"_blank\" aria-label=\"20260415 DOM100 D\"><img loading=\"lazy\" decoding=\"async\" src=\"https:\/\/www.24gliwice.pl\/wiadomosci\/wp-content\/uploads\/2026\/04\/20260415-DOM100-D.jpg\" alt=\"\"  srcset=\"https:\/\/www.24gliwice.pl\/wiadomosci\/wp-content\/uploads\/2026\/04\/20260415-DOM100-D.jpg 750w, https:\/\/www.24gliwice.pl\/wiadomosci\/wp-content\/uploads\/2026\/04\/20260415-DOM100-D-410x109.jpg 410w\" sizes=\"(max-width: 750px) 100vw, 750px\" class=\"no-lazyload\" width=\"750\" height=\"200\"  style=\"display: inline-block; max-width: 100%; height: auto;\" \/><\/a><\/div><\/div><h3>Wakacje s\u0105 najlepszym momentem na przeprowadzenie prac naprawczych i kontrolnych na terenie p\u0142ywalni. Przez dwa miesi\u0105ce przegl\u0105d przejd\u0105 wszystkie miejskie baseny.<\/h3>\n<p>Od poniedzia\u0142ku, 2 lipca, trwa przerwa technologiczna na krytej p\u0142ywalni Mewa. Ponownie b\u0119dzie mo\u017cna z niej skorzysta\u0107 23 lipca.<\/p>\n<p>Na basenie przy ulicy Mewy 36, wymieniona zostanie woda w nieckach, sprawdzone pod k\u0105tem technicznym zostan\u0105 zje\u017cd\u017calnie, przegl\u0105d przejdzie te\u017c instalacja wszystkich uk\u0142ad\u00f3w wa\u017cnych dla sprawnego dzia\u0142a basenu, w tym filtracji czy ciep\u0142owniczego. Prace konserwacyjne prowadzone b\u0119d\u0105 r\u00f3wnie\u017c w saunach na podczerwie\u0144 oraz szatniach i pomieszczeniach sanitarnych. Tam planowana jest modernizacja o\u015bwietlenia.<\/p><div class=\"gliwi-a3-w-tresci-artykulow gliwi-entity-placement\" id=\"gliwi-2877632335\"><div class=\"gliwi-adlabel\"><span style=\"font-size: 9px\">REKLAMA<\/span><\/div><div id=\"gliwi-775997283\" style=\"margin-bottom: 30px;margin-left: auto;margin-right: auto;text-align: center;\"><a data-no-instant=\"1\" href=\"https:\/\/zlobek.halogen.org.pl\/\" rel=\"noopener\" class=\"a2t-link\" target=\"_blank\" aria-label=\"animator-zlobek_750x200\"><img loading=\"lazy\" decoding=\"async\" src=\"https:\/\/www.24gliwice.pl\/wiadomosci\/wp-content\/uploads\/2026\/02\/animator-zlobek_750x200.webp\" alt=\"\"  srcset=\"https:\/\/www.24gliwice.pl\/wiadomosci\/wp-content\/uploads\/2026\/02\/animator-zlobek_750x200.webp 750w, https:\/\/www.24gliwice.pl\/wiadomosci\/wp-content\/uploads\/2026\/02\/animator-zlobek_750x200-410x109.webp 410w\" sizes=\"(max-width: 750px) 100vw, 750px\" class=\"no-lazyload\" width=\"750\" height=\"200\"  style=\"display: inline-block; max-width: 100%; height: auto;\" \/><\/a><\/div><\/div>\n<h4>Plan zamkni\u0119cia gliwickich p\u0142ywalni:<\/h4>\n<p>2 \u2013 22 lipca \u2013 kryta p\u0142ywalnia <strong>Mewa<\/strong> przy ul. Mewy,<br \/>\n30 lipca \u2013 19 sierpnia \u2013 <strong>Olimpijczyk<\/strong> przy ul. Oriona,<br \/>\n20 sierpnia \u2013 9 wrze\u015bnia \u2013 p\u0142ywalnia <strong>Delfin<\/strong> przy ul. Warszawskiej.<\/p>\n<p>(\u017cms)\/MSI<br \/>\nfot. MZUK<\/p>\n<div class=\"gliwi-a5-na-koncu-artykulow gliwi-entity-placement\" id=\"gliwi-394561921\"><div class=\"gliwi-adlabel\"><span style=\"font-size: 9px\">REKLAMA<\/span><\/div><div id=\"gliwi-2877978578\" style=\"margin-left: auto;margin-right: auto;text-align: center;\"><a data-no-instant=\"1\" href=\"https:\/\/prezeroarenagliwice.pl\/\" rel=\"noopener\" class=\"a2t-link\" target=\"_blank\" aria-label=\"20260309-PREZERO-WIOSNA-D\"><img loading=\"lazy\" decoding=\"async\" src=\"https:\/\/www.24gliwice.pl\/wiadomosci\/wp-content\/uploads\/2026\/03\/20260309-PREZERO-WIOSNA-D.webp\" alt=\"\"  srcset=\"https:\/\/www.24gliwice.pl\/wiadomosci\/wp-content\/uploads\/2026\/03\/20260309-PREZERO-WIOSNA-D.webp 750w, https:\/\/www.24gliwice.pl\/wiadomosci\/wp-content\/uploads\/2026\/03\/20260309-PREZERO-WIOSNA-D-410x109.webp 410w\" sizes=\"(max-width: 750px) 100vw, 750px\" class=\"no-lazyload\" width=\"750\" height=\"200\"  style=\"display: inline-block; max-width: 100%; height: auto;\" \/><\/a><\/div><\/div>","protected":false},"excerpt":{"rendered":"<p>Wakacje s\u0105 najlepszym momentem na przeprowadzenie prac naprawczych i kontrolnych na terenie p\u0142ywalni. Przez dwa miesi\u0105ce przegl\u0105d przejd\u0105 wszystkie miejskie baseny. Od poniedzia\u0142ku, 2 lipca, trwa przerwa technologiczna na krytej p\u0142ywalni Mewa. Ponownie b\u0119dzie mo\u017cna z niej skorzysta\u0107 23 lipca. Na basenie przy ulicy Mewy 36, wymieniona zostanie woda w nieckach, sprawdzone pod k\u0105tem technicznym [&hellip;]<\/p>\n","protected":false},"author":15,"featured_media":100923,"comment_status":"open","ping_status":"closed","sticky":false,"template":"","format":"standard","meta":{"_monsterinsights_skip_tracking":false,"_monsterinsights_sitenote_active":false,"_monsterinsights_sitenote_note":"","_monsterinsights_sitenote_category":0,"footnotes":"","_links_to":"","_links_to_target":""},"categories":[3,1],"tags":[9660,9659,257,9881,181],"class_list":["post-119818","post","type-post","status-publish","format-standard","has-post-thumbnail","hentry","category-gliwice","category-wszystko","tag-basen","tag-mewa","tag-mzuk","tag-przerwa-technologiczna","tag-plywalnia"],"yoast_head":"<!-- This site is optimized with the Yoast SEO plugin v27.5 - https:\/\/yoast.com\/product\/yoast-seo-wordpress\/ -->\n<title>Zamkni\u0119to kryt\u0105 p\u0142ywalni\u0119 Mewa, kolejny b\u0119dzie Olimpijczyk i Delfin. To przerwy technologiczne - 24GLIWICE - Portal Gliwice | codziennie nowe informacje<\/title>\n<meta name=\"robots\" content=\"index, follow, max-snippet:-1, max-image-preview:large, max-video-preview:-1\" \/>\n<link rel=\"canonical\" href=\"https:\/\/www.24gliwice.pl\/wiadomosci\/zamknieto-kryta-plywalnie-mewa-kolejny-bedzie-olimpijczyk-i-delfin-to-przerwy-technologiczne\/\" \/>\n<meta property=\"og:locale\" content=\"pl_PL\" \/>\n<meta property=\"og:type\" content=\"article\" \/>\n<meta property=\"og:title\" content=\"Zamkni\u0119to kryt\u0105 p\u0142ywalni\u0119 Mewa, kolejny b\u0119dzie Olimpijczyk i Delfin. To przerwy technologiczne - 24GLIWICE - Portal Gliwice | codziennie nowe informacje\" \/>\n<meta property=\"og:description\" content=\"Wakacje s\u0105 najlepszym momentem na przeprowadzenie prac naprawczych i kontrolnych na terenie p\u0142ywalni. Przez dwa miesi\u0105ce przegl\u0105d przejd\u0105 wszystkie miejskie baseny. Od poniedzia\u0142ku, 2 lipca, trwa przerwa technologiczna na krytej p\u0142ywalni Mewa. Ponownie b\u0119dzie mo\u017cna z niej skorzysta\u0107 23 lipca. Na basenie przy ulicy Mewy 36, wymieniona zostanie woda w nieckach, sprawdzone pod k\u0105tem technicznym [&hellip;]\" \/>\n<meta property=\"og:url\" content=\"https:\/\/www.24gliwice.pl\/wiadomosci\/zamknieto-kryta-plywalnie-mewa-kolejny-bedzie-olimpijczyk-i-delfin-to-przerwy-technologiczne\/\" \/>\n<meta property=\"og:site_name\" content=\"24GLIWICE - Portal Gliwice | codziennie nowe informacje\" \/>\n<meta property=\"article:publisher\" content=\"https:\/\/www.facebook.com\/24gliwice\" \/>\n<meta property=\"article:published_time\" content=\"2018-07-06T14:53:09+00:00\" \/>\n<meta property=\"og:image\" content=\"https:\/\/www.24gliwice.pl\/wiadomosci\/wp-content\/uploads\/2017\/06\/Mewa-e1498652878596.jpg\" \/>\n\t<meta property=\"og:image:width\" content=\"810\" \/>\n\t<meta property=\"og:image:height\" content=\"456\" \/>\n\t<meta property=\"og:image:type\" content=\"image\/jpeg\" \/>\n<meta name=\"author\" content=\"\u017baneta Mrozek-Siewierska\" \/>\n<meta name=\"twitter:card\" content=\"summary_large_image\" \/>\n<meta name=\"twitter:creator\" content=\"@24gliwice\" \/>\n<meta name=\"twitter:site\" content=\"@24gliwice\" \/>\n<meta name=\"twitter:label1\" content=\"Napisane przez\" \/>\n\t<meta name=\"twitter:data1\" content=\"\u017baneta Mrozek-Siewierska\" \/>\n\t<meta name=\"twitter:label2\" content=\"Szacowany czas czytania\" \/>\n\t<meta name=\"twitter:data2\" content=\"1 minuta\" \/>\n<script type=\"application\/ld+json\" class=\"yoast-schema-graph\">{\"@context\":\"https:\\\/\\\/schema.org\",\"@graph\":[{\"@type\":\"Article\",\"@id\":\"https:\\\/\\\/www.24gliwice.pl\\\/wiadomosci\\\/zamknieto-kryta-plywalnie-mewa-kolejny-bedzie-olimpijczyk-i-delfin-to-przerwy-technologiczne\\\/#article\",\"isPartOf\":{\"@id\":\"https:\\\/\\\/www.24gliwice.pl\\\/wiadomosci\\\/zamknieto-kryta-plywalnie-mewa-kolejny-bedzie-olimpijczyk-i-delfin-to-przerwy-technologiczne\\\/\"},\"author\":{\"name\":\"\u017baneta Mrozek-Siewierska\",\"@id\":\"https:\\\/\\\/www.24gliwice.pl\\\/wiadomosci\\\/#\\\/schema\\\/person\\\/e42c650edd7f2fa332be3811fb166b6e\"},\"headline\":\"Zamkni\u0119to kryt\u0105 p\u0142ywalni\u0119 Mewa, kolejny b\u0119dzie Olimpijczyk i Delfin. To przerwy technologiczne\",\"datePublished\":\"2018-07-06T14:53:09+00:00\",\"mainEntityOfPage\":{\"@id\":\"https:\\\/\\\/www.24gliwice.pl\\\/wiadomosci\\\/zamknieto-kryta-plywalnie-mewa-kolejny-bedzie-olimpijczyk-i-delfin-to-przerwy-technologiczne\\\/\"},\"wordCount\":156,\"commentCount\":0,\"publisher\":{\"@id\":\"https:\\\/\\\/www.24gliwice.pl\\\/wiadomosci\\\/#organization\"},\"image\":{\"@id\":\"https:\\\/\\\/www.24gliwice.pl\\\/wiadomosci\\\/zamknieto-kryta-plywalnie-mewa-kolejny-bedzie-olimpijczyk-i-delfin-to-przerwy-technologiczne\\\/#primaryimage\"},\"thumbnailUrl\":\"https:\\\/\\\/www.24gliwice.pl\\\/wiadomosci\\\/wp-content\\\/uploads\\\/2017\\\/06\\\/Mewa-e1498652878596.jpg\",\"keywords\":[\"basen\",\"mewa\",\"MZUK\",\"przerwa technologiczna\",\"p\u0142ywalnia\"],\"articleSection\":[\"Gliwice\",\"Najnowsze wiadomo\u015bci\"],\"inLanguage\":\"pl-PL\",\"potentialAction\":[{\"@type\":\"CommentAction\",\"name\":\"Comment\",\"target\":[\"https:\\\/\\\/www.24gliwice.pl\\\/wiadomosci\\\/zamknieto-kryta-plywalnie-mewa-kolejny-bedzie-olimpijczyk-i-delfin-to-przerwy-technologiczne\\\/#respond\"]}]},{\"@type\":\"WebPage\",\"@id\":\"https:\\\/\\\/www.24gliwice.pl\\\/wiadomosci\\\/zamknieto-kryta-plywalnie-mewa-kolejny-bedzie-olimpijczyk-i-delfin-to-przerwy-technologiczne\\\/\",\"url\":\"https:\\\/\\\/www.24gliwice.pl\\\/wiadomosci\\\/zamknieto-kryta-plywalnie-mewa-kolejny-bedzie-olimpijczyk-i-delfin-to-przerwy-technologiczne\\\/\",\"name\":\"Zamkni\u0119to kryt\u0105 p\u0142ywalni\u0119 Mewa, kolejny b\u0119dzie Olimpijczyk i Delfin. To przerwy technologiczne - 24GLIWICE - Portal Gliwice | codziennie nowe informacje\",\"isPartOf\":{\"@id\":\"https:\\\/\\\/www.24gliwice.pl\\\/wiadomosci\\\/#website\"},\"primaryImageOfPage\":{\"@id\":\"https:\\\/\\\/www.24gliwice.pl\\\/wiadomosci\\\/zamknieto-kryta-plywalnie-mewa-kolejny-bedzie-olimpijczyk-i-delfin-to-przerwy-technologiczne\\\/#primaryimage\"},\"image\":{\"@id\":\"https:\\\/\\\/www.24gliwice.pl\\\/wiadomosci\\\/zamknieto-kryta-plywalnie-mewa-kolejny-bedzie-olimpijczyk-i-delfin-to-przerwy-technologiczne\\\/#primaryimage\"},\"thumbnailUrl\":\"https:\\\/\\\/www.24gliwice.pl\\\/wiadomosci\\\/wp-content\\\/uploads\\\/2017\\\/06\\\/Mewa-e1498652878596.jpg\",\"datePublished\":\"2018-07-06T14:53:09+00:00\",\"breadcrumb\":{\"@id\":\"https:\\\/\\\/www.24gliwice.pl\\\/wiadomosci\\\/zamknieto-kryta-plywalnie-mewa-kolejny-bedzie-olimpijczyk-i-delfin-to-przerwy-technologiczne\\\/#breadcrumb\"},\"inLanguage\":\"pl-PL\",\"potentialAction\":[{\"@type\":\"ReadAction\",\"target\":[\"https:\\\/\\\/www.24gliwice.pl\\\/wiadomosci\\\/zamknieto-kryta-plywalnie-mewa-kolejny-bedzie-olimpijczyk-i-delfin-to-przerwy-technologiczne\\\/\"]}]},{\"@type\":\"ImageObject\",\"inLanguage\":\"pl-PL\",\"@id\":\"https:\\\/\\\/www.24gliwice.pl\\\/wiadomosci\\\/zamknieto-kryta-plywalnie-mewa-kolejny-bedzie-olimpijczyk-i-delfin-to-przerwy-technologiczne\\\/#primaryimage\",\"url\":\"https:\\\/\\\/www.24gliwice.pl\\\/wiadomosci\\\/wp-content\\\/uploads\\\/2017\\\/06\\\/Mewa-e1498652878596.jpg\",\"contentUrl\":\"https:\\\/\\\/www.24gliwice.pl\\\/wiadomosci\\\/wp-content\\\/uploads\\\/2017\\\/06\\\/Mewa-e1498652878596.jpg\",\"width\":810,\"height\":456},{\"@type\":\"BreadcrumbList\",\"@id\":\"https:\\\/\\\/www.24gliwice.pl\\\/wiadomosci\\\/zamknieto-kryta-plywalnie-mewa-kolejny-bedzie-olimpijczyk-i-delfin-to-przerwy-technologiczne\\\/#breadcrumb\",\"itemListElement\":[{\"@type\":\"ListItem\",\"position\":1,\"name\":\"Strona g\u0142\u00f3wna\",\"item\":\"https:\\\/\\\/www.24gliwice.pl\\\/wiadomosci\\\/\"},{\"@type\":\"ListItem\",\"position\":2,\"name\":\"Zamkni\u0119to kryt\u0105 p\u0142ywalni\u0119 Mewa, kolejny b\u0119dzie Olimpijczyk i Delfin. To przerwy technologiczne\"}]},{\"@type\":\"WebSite\",\"@id\":\"https:\\\/\\\/www.24gliwice.pl\\\/wiadomosci\\\/#website\",\"url\":\"https:\\\/\\\/www.24gliwice.pl\\\/wiadomosci\\\/\",\"name\":\"24GLIWICE - Portal Gliwice | codziennie nowe wiadomo\u015bci\",\"description\":\"Portal Miejski Gliwice\",\"publisher\":{\"@id\":\"https:\\\/\\\/www.24gliwice.pl\\\/wiadomosci\\\/#organization\"},\"potentialAction\":[{\"@type\":\"SearchAction\",\"target\":{\"@type\":\"EntryPoint\",\"urlTemplate\":\"https:\\\/\\\/www.24gliwice.pl\\\/wiadomosci\\\/?s={search_term_string}\"},\"query-input\":{\"@type\":\"PropertyValueSpecification\",\"valueRequired\":true,\"valueName\":\"search_term_string\"}}],\"inLanguage\":\"pl-PL\"},{\"@type\":\"Organization\",\"@id\":\"https:\\\/\\\/www.24gliwice.pl\\\/wiadomosci\\\/#organization\",\"name\":\"24gliwice\",\"url\":\"https:\\\/\\\/www.24gliwice.pl\\\/wiadomosci\\\/\",\"logo\":{\"@type\":\"ImageObject\",\"inLanguage\":\"pl-PL\",\"@id\":\"https:\\\/\\\/www.24gliwice.pl\\\/wiadomosci\\\/#\\\/schema\\\/logo\\\/image\\\/\",\"url\":\"https:\\\/\\\/www.24gliwice.pl\\\/wiadomosci\\\/wp-content\\\/uploads\\\/2024\\\/10\\\/24gliwice-logo-696.jpg\",\"contentUrl\":\"https:\\\/\\\/www.24gliwice.pl\\\/wiadomosci\\\/wp-content\\\/uploads\\\/2024\\\/10\\\/24gliwice-logo-696.jpg\",\"width\":696,\"height\":696,\"caption\":\"24gliwice\"},\"image\":{\"@id\":\"https:\\\/\\\/www.24gliwice.pl\\\/wiadomosci\\\/#\\\/schema\\\/logo\\\/image\\\/\"},\"sameAs\":[\"https:\\\/\\\/www.facebook.com\\\/24gliwice\",\"https:\\\/\\\/x.com\\\/24gliwice\",\"https:\\\/\\\/www.youtube.com\\\/@24gliwice\"]},{\"@type\":\"Person\",\"@id\":\"https:\\\/\\\/www.24gliwice.pl\\\/wiadomosci\\\/#\\\/schema\\\/person\\\/e42c650edd7f2fa332be3811fb166b6e\",\"name\":\"\u017baneta Mrozek-Siewierska\",\"image\":{\"@type\":\"ImageObject\",\"inLanguage\":\"pl-PL\",\"@id\":\"https:\\\/\\\/secure.gravatar.com\\\/avatar\\\/1881429e9c64597c77ad7aef2d0a19be69a3253e57534d16aa15bf3a4d34a0a3?s=96&d=mm&r=g\",\"url\":\"https:\\\/\\\/secure.gravatar.com\\\/avatar\\\/1881429e9c64597c77ad7aef2d0a19be69a3253e57534d16aa15bf3a4d34a0a3?s=96&d=mm&r=g\",\"contentUrl\":\"https:\\\/\\\/secure.gravatar.com\\\/avatar\\\/1881429e9c64597c77ad7aef2d0a19be69a3253e57534d16aa15bf3a4d34a0a3?s=96&d=mm&r=g\",\"caption\":\"\u017baneta Mrozek-Siewierska\"},\"url\":\"https:\\\/\\\/www.24gliwice.pl\\\/wiadomosci\\\/author\\\/zms\\\/\"}]}<\/script>\n<!-- \/ Yoast SEO plugin. -->","yoast_head_json":{"title":"Zamkni\u0119to kryt\u0105 p\u0142ywalni\u0119 Mewa, kolejny b\u0119dzie Olimpijczyk i Delfin. To przerwy technologiczne - 24GLIWICE - Portal Gliwice | codziennie nowe informacje","robots":{"index":"index","follow":"follow","max-snippet":"max-snippet:-1","max-image-preview":"max-image-preview:large","max-video-preview":"max-video-preview:-1"},"canonical":"https:\/\/www.24gliwice.pl\/wiadomosci\/zamknieto-kryta-plywalnie-mewa-kolejny-bedzie-olimpijczyk-i-delfin-to-przerwy-technologiczne\/","og_locale":"pl_PL","og_type":"article","og_title":"Zamkni\u0119to kryt\u0105 p\u0142ywalni\u0119 Mewa, kolejny b\u0119dzie Olimpijczyk i Delfin. To przerwy technologiczne - 24GLIWICE - Portal Gliwice | codziennie nowe informacje","og_description":"Wakacje s\u0105 najlepszym momentem na przeprowadzenie prac naprawczych i kontrolnych na terenie p\u0142ywalni. Przez dwa miesi\u0105ce przegl\u0105d przejd\u0105 wszystkie miejskie baseny. Od poniedzia\u0142ku, 2 lipca, trwa przerwa technologiczna na krytej p\u0142ywalni Mewa. Ponownie b\u0119dzie mo\u017cna z niej skorzysta\u0107 23 lipca. Na basenie przy ulicy Mewy 36, wymieniona zostanie woda w nieckach, sprawdzone pod k\u0105tem technicznym [&hellip;]","og_url":"https:\/\/www.24gliwice.pl\/wiadomosci\/zamknieto-kryta-plywalnie-mewa-kolejny-bedzie-olimpijczyk-i-delfin-to-przerwy-technologiczne\/","og_site_name":"24GLIWICE - Portal Gliwice | codziennie nowe informacje","article_publisher":"https:\/\/www.facebook.com\/24gliwice","article_published_time":"2018-07-06T14:53:09+00:00","og_image":[{"width":810,"height":456,"url":"https:\/\/www.24gliwice.pl\/wiadomosci\/wp-content\/uploads\/2017\/06\/Mewa-e1498652878596.jpg","type":"image\/jpeg"}],"author":"\u017baneta Mrozek-Siewierska","twitter_card":"summary_large_image","twitter_creator":"@24gliwice","twitter_site":"@24gliwice","twitter_misc":{"Napisane przez":"\u017baneta Mrozek-Siewierska","Szacowany czas czytania":"1 minuta"},"schema":{"@context":"https:\/\/schema.org","@graph":[{"@type":"Article","@id":"https:\/\/www.24gliwice.pl\/wiadomosci\/zamknieto-kryta-plywalnie-mewa-kolejny-bedzie-olimpijczyk-i-delfin-to-przerwy-technologiczne\/#article","isPartOf":{"@id":"https:\/\/www.24gliwice.pl\/wiadomosci\/zamknieto-kryta-plywalnie-mewa-kolejny-bedzie-olimpijczyk-i-delfin-to-przerwy-technologiczne\/"},"author":{"name":"\u017baneta Mrozek-Siewierska","@id":"https:\/\/www.24gliwice.pl\/wiadomosci\/#\/schema\/person\/e42c650edd7f2fa332be3811fb166b6e"},"headline":"Zamkni\u0119to kryt\u0105 p\u0142ywalni\u0119 Mewa, kolejny b\u0119dzie Olimpijczyk i Delfin. To przerwy technologiczne","datePublished":"2018-07-06T14:53:09+00:00","mainEntityOfPage":{"@id":"https:\/\/www.24gliwice.pl\/wiadomosci\/zamknieto-kryta-plywalnie-mewa-kolejny-bedzie-olimpijczyk-i-delfin-to-przerwy-technologiczne\/"},"wordCount":156,"commentCount":0,"publisher":{"@id":"https:\/\/www.24gliwice.pl\/wiadomosci\/#organization"},"image":{"@id":"https:\/\/www.24gliwice.pl\/wiadomosci\/zamknieto-kryta-plywalnie-mewa-kolejny-bedzie-olimpijczyk-i-delfin-to-przerwy-technologiczne\/#primaryimage"},"thumbnailUrl":"https:\/\/www.24gliwice.pl\/wiadomosci\/wp-content\/uploads\/2017\/06\/Mewa-e1498652878596.jpg","keywords":["basen","mewa","MZUK","przerwa technologiczna","p\u0142ywalnia"],"articleSection":["Gliwice","Najnowsze wiadomo\u015bci"],"inLanguage":"pl-PL","potentialAction":[{"@type":"CommentAction","name":"Comment","target":["https:\/\/www.24gliwice.pl\/wiadomosci\/zamknieto-kryta-plywalnie-mewa-kolejny-bedzie-olimpijczyk-i-delfin-to-przerwy-technologiczne\/#respond"]}]},{"@type":"WebPage","@id":"https:\/\/www.24gliwice.pl\/wiadomosci\/zamknieto-kryta-plywalnie-mewa-kolejny-bedzie-olimpijczyk-i-delfin-to-przerwy-technologiczne\/","url":"https:\/\/www.24gliwice.pl\/wiadomosci\/zamknieto-kryta-plywalnie-mewa-kolejny-bedzie-olimpijczyk-i-delfin-to-przerwy-technologiczne\/","name":"Zamkni\u0119to kryt\u0105 p\u0142ywalni\u0119 Mewa, kolejny b\u0119dzie Olimpijczyk i Delfin. To przerwy technologiczne - 24GLIWICE - Portal Gliwice | codziennie nowe informacje","isPartOf":{"@id":"https:\/\/www.24gliwice.pl\/wiadomosci\/#website"},"primaryImageOfPage":{"@id":"https:\/\/www.24gliwice.pl\/wiadomosci\/zamknieto-kryta-plywalnie-mewa-kolejny-bedzie-olimpijczyk-i-delfin-to-przerwy-technologiczne\/#primaryimage"},"image":{"@id":"https:\/\/www.24gliwice.pl\/wiadomosci\/zamknieto-kryta-plywalnie-mewa-kolejny-bedzie-olimpijczyk-i-delfin-to-przerwy-technologiczne\/#primaryimage"},"thumbnailUrl":"https:\/\/www.24gliwice.pl\/wiadomosci\/wp-content\/uploads\/2017\/06\/Mewa-e1498652878596.jpg","datePublished":"2018-07-06T14:53:09+00:00","breadcrumb":{"@id":"https:\/\/www.24gliwice.pl\/wiadomosci\/zamknieto-kryta-plywalnie-mewa-kolejny-bedzie-olimpijczyk-i-delfin-to-przerwy-technologiczne\/#breadcrumb"},"inLanguage":"pl-PL","potentialAction":[{"@type":"ReadAction","target":["https:\/\/www.24gliwice.pl\/wiadomosci\/zamknieto-kryta-plywalnie-mewa-kolejny-bedzie-olimpijczyk-i-delfin-to-przerwy-technologiczne\/"]}]},{"@type":"ImageObject","inLanguage":"pl-PL","@id":"https:\/\/www.24gliwice.pl\/wiadomosci\/zamknieto-kryta-plywalnie-mewa-kolejny-bedzie-olimpijczyk-i-delfin-to-przerwy-technologiczne\/#primaryimage","url":"https:\/\/www.24gliwice.pl\/wiadomosci\/wp-content\/uploads\/2017\/06\/Mewa-e1498652878596.jpg","contentUrl":"https:\/\/www.24gliwice.pl\/wiadomosci\/wp-content\/uploads\/2017\/06\/Mewa-e1498652878596.jpg","width":810,"height":456},{"@type":"BreadcrumbList","@id":"https:\/\/www.24gliwice.pl\/wiadomosci\/zamknieto-kryta-plywalnie-mewa-kolejny-bedzie-olimpijczyk-i-delfin-to-przerwy-technologiczne\/#breadcrumb","itemListElement":[{"@type":"ListItem","position":1,"name":"Strona g\u0142\u00f3wna","item":"https:\/\/www.24gliwice.pl\/wiadomosci\/"},{"@type":"ListItem","position":2,"name":"Zamkni\u0119to kryt\u0105 p\u0142ywalni\u0119 Mewa, kolejny b\u0119dzie Olimpijczyk i Delfin. To przerwy technologiczne"}]},{"@type":"WebSite","@id":"https:\/\/www.24gliwice.pl\/wiadomosci\/#website","url":"https:\/\/www.24gliwice.pl\/wiadomosci\/","name":"24GLIWICE - Portal Gliwice | codziennie nowe wiadomo\u015bci","description":"Portal Miejski Gliwice","publisher":{"@id":"https:\/\/www.24gliwice.pl\/wiadomosci\/#organization"},"potentialAction":[{"@type":"SearchAction","target":{"@type":"EntryPoint","urlTemplate":"https:\/\/www.24gliwice.pl\/wiadomosci\/?s={search_term_string}"},"query-input":{"@type":"PropertyValueSpecification","valueRequired":true,"valueName":"search_term_string"}}],"inLanguage":"pl-PL"},{"@type":"Organization","@id":"https:\/\/www.24gliwice.pl\/wiadomosci\/#organization","name":"24gliwice","url":"https:\/\/www.24gliwice.pl\/wiadomosci\/","logo":{"@type":"ImageObject","inLanguage":"pl-PL","@id":"https:\/\/www.24gliwice.pl\/wiadomosci\/#\/schema\/logo\/image\/","url":"https:\/\/www.24gliwice.pl\/wiadomosci\/wp-content\/uploads\/2024\/10\/24gliwice-logo-696.jpg","contentUrl":"https:\/\/www.24gliwice.pl\/wiadomosci\/wp-content\/uploads\/2024\/10\/24gliwice-logo-696.jpg","width":696,"height":696,"caption":"24gliwice"},"image":{"@id":"https:\/\/www.24gliwice.pl\/wiadomosci\/#\/schema\/logo\/image\/"},"sameAs":["https:\/\/www.facebook.com\/24gliwice","https:\/\/x.com\/24gliwice","https:\/\/www.youtube.com\/@24gliwice"]},{"@type":"Person","@id":"https:\/\/www.24gliwice.pl\/wiadomosci\/#\/schema\/person\/e42c650edd7f2fa332be3811fb166b6e","name":"\u017baneta Mrozek-Siewierska","image":{"@type":"ImageObject","inLanguage":"pl-PL","@id":"https:\/\/secure.gravatar.com\/avatar\/1881429e9c64597c77ad7aef2d0a19be69a3253e57534d16aa15bf3a4d34a0a3?s=96&d=mm&r=g","url":"https:\/\/secure.gravatar.com\/avatar\/1881429e9c64597c77ad7aef2d0a19be69a3253e57534d16aa15bf3a4d34a0a3?s=96&d=mm&r=g","contentUrl":"https:\/\/secure.gravatar.com\/avatar\/1881429e9c64597c77ad7aef2d0a19be69a3253e57534d16aa15bf3a4d34a0a3?s=96&d=mm&r=g","caption":"\u017baneta Mrozek-Siewierska"},"url":"https:\/\/www.24gliwice.pl\/wiadomosci\/author\/zms\/"}]}},"_links":{"self":[{"href":"https:\/\/www.24gliwice.pl\/wiadomosci\/wp-json\/wp\/v2\/posts\/119818","targetHints":{"allow":["GET"]}}],"collection":[{"href":"https:\/\/www.24gliwice.pl\/wiadomosci\/wp-json\/wp\/v2\/posts"}],"about":[{"href":"https:\/\/www.24gliwice.pl\/wiadomosci\/wp-json\/wp\/v2\/types\/post"}],"author":[{"embeddable":true,"href":"https:\/\/www.24gliwice.pl\/wiadomosci\/wp-json\/wp\/v2\/users\/15"}],"replies":[{"embeddable":true,"href":"https:\/\/www.24gliwice.pl\/wiadomosci\/wp-json\/wp\/v2\/comments?post=119818"}],"version-history":[{"count":0,"href":"https:\/\/www.24gliwice.pl\/wiadomosci\/wp-json\/wp\/v2\/posts\/119818\/revisions"}],"wp:featuredmedia":[{"embeddable":true,"href":"https:\/\/www.24gliwice.pl\/wiadomosci\/wp-json\/wp\/v2\/media\/100923"}],"wp:attachment":[{"href":"https:\/\/www.24gliwice.pl\/wiadomosci\/wp-json\/wp\/v2\/media?parent=119818"}],"wp:term":[{"taxonomy":"category","embeddable":true,"href":"https:\/\/www.24gliwice.pl\/wiadomosci\/wp-json\/wp\/v2\/categories?post=119818"},{"taxonomy":"post_tag","embeddable":true,"href":"https:\/\/www.24gliwice.pl\/wiadomosci\/wp-json\/wp\/v2\/tags?post=119818"}],"curies":[{"name":"wp","href":"https:\/\/api.w.org\/{rel}","templated":true}]}}