{"id":119825,"date":"2018-07-10T20:03:47","date_gmt":"2018-07-10T18:03:47","guid":{"rendered":"https:\/\/www.24gliwice.pl\/wiadomosci\/?p=119825"},"modified":"2018-07-10T20:03:47","modified_gmt":"2018-07-10T18:03:47","slug":"nocne-koncerty-muzyki-barokowej-w-gliwickich-kosciolach-xix-gliwicki-festiwal-bachowski","status":"publish","type":"post","link":"https:\/\/www.24gliwice.pl\/wiadomosci\/nocne-koncerty-muzyki-barokowej-w-gliwickich-kosciolach-xix-gliwicki-festiwal-bachowski\/","title":{"rendered":"Nocne koncerty muzyki barokowej w gliwickich ko\u015bcio\u0142ach. XIX Gliwicki Festiwal Bachowski"},"content":{"rendered":"<div class=\"gliwi-a6-nad-leadem-artykulow gliwi-entity-placement\" id=\"gliwi-3945626877\"><div class=\"gliwi-adlabel\"><span style=\"font-size: 9px\">REKLAMA<\/span><\/div><div id=\"gliwi-1044972024\" style=\"margin-bottom: 25px;margin-left: auto;margin-right: auto;text-align: center;\"><a data-no-instant=\"1\" href=\"https:\/\/dom100.eu\/\" rel=\"noopener\" class=\"a2t-link\" target=\"_blank\" aria-label=\"20260415 DOM100 D\"><img loading=\"lazy\" decoding=\"async\" src=\"https:\/\/www.24gliwice.pl\/wiadomosci\/wp-content\/uploads\/2026\/04\/20260415-DOM100-D.jpg\" alt=\"\"  srcset=\"https:\/\/www.24gliwice.pl\/wiadomosci\/wp-content\/uploads\/2026\/04\/20260415-DOM100-D.jpg 750w, https:\/\/www.24gliwice.pl\/wiadomosci\/wp-content\/uploads\/2026\/04\/20260415-DOM100-D-410x109.jpg 410w\" sizes=\"(max-width: 750px) 100vw, 750px\" class=\"no-lazyload\" width=\"750\" height=\"200\"  style=\"display: inline-block; max-width: 100%; height: auto;\" \/><\/a><\/div><\/div><h3>Ju\u017c 17 lipca rozpoczyna si\u0119 XIX Gliwicki Festiwal Bachowski. W programie pi\u0119\u0107 koncert\u00f3w, kt\u00f3re zaplanowano w r\u00f3\u017cnych ko\u015bcio\u0142ach na terenie miasta. <\/h3>\n<p><strong>Johann Sebastian Bach<\/strong> to jeden z najwybitniejszych kompozytor\u00f3w barokowych. Jego tw\u00f3rczo\u015b\u0107 nadal wywiera wp\u0142yw na muzyk\u00f3w z ca\u0142ego \u015bwiata. Podczas XIX Gliwickiego Festiwalu Bachowskiego wys\u0142uchamy koncert\u00f3w mi\u0119dzy innymi z <strong>Olgi Paszczenko<\/strong> i <strong>Lautten Compagney<\/strong>.<\/p>\n<p>Mi\u0119dzy 17 a 22 lipca zaplanowano pi\u0119\u0107 koncert\u00f3w podczas kt\u00f3rych arty\u015bci b\u0119d\u0105 odwo\u0142ywa\u0107 si\u0119 do tw\u00f3rczo\u015bci wielkiego Niemca i zestawia\u0107 j\u0105 z muzyk\u0105 innych kompozytor\u00f3w. W programie s\u0105 mi\u0119dzy innymi utwory <strong>Antonia Vivaldiego<\/strong>, <strong>Astora Piazzoli<\/strong>, <strong>Dietricha Buxtehudego<\/strong>, <strong>Georga Philippa Telemanna<\/strong>, a tak\u017ce pochodz\u0105cego z Gliwic <strong>Jakuba Sarwasa<\/strong>. Utwory gliwiczanina wykona Zesp\u00f3\u0142 Muzyki Dawnej La Tempesta 18 lipca w ko\u015bciele pw. Wszystkich \u015awi\u0119tych (ul. Ko\u015bcielna 4). <\/p><div class=\"gliwi-a3-w-tresci-artykulow gliwi-entity-placement\" id=\"gliwi-395776069\"><div class=\"gliwi-adlabel\"><span style=\"font-size: 9px\">REKLAMA<\/span><\/div><div id=\"gliwi-3962934782\" style=\"margin-bottom: 30px;margin-left: auto;margin-right: auto;text-align: center;\"><a data-no-instant=\"1\" href=\"https:\/\/zlobek.halogen.org.pl\/\" rel=\"noopener\" class=\"a2t-link\" target=\"_blank\" aria-label=\"animator-zlobek_750x200\"><img loading=\"lazy\" decoding=\"async\" src=\"https:\/\/www.24gliwice.pl\/wiadomosci\/wp-content\/uploads\/2026\/02\/animator-zlobek_750x200.webp\" alt=\"\"  srcset=\"https:\/\/www.24gliwice.pl\/wiadomosci\/wp-content\/uploads\/2026\/02\/animator-zlobek_750x200.webp 750w, https:\/\/www.24gliwice.pl\/wiadomosci\/wp-content\/uploads\/2026\/02\/animator-zlobek_750x200-410x109.webp 410w\" sizes=\"(max-width: 750px) 100vw, 750px\" class=\"no-lazyload\" width=\"750\" height=\"200\"  style=\"display: inline-block; max-width: 100%; height: auto;\" \/><\/a><\/div><\/div>\n<p>W trakcie festiwalu poza zespo\u0142em La Tempesta zagra tak\u017ce Lautten Compagney z Berlina pod batut\u0105 <strong>Wolfganga Katschnera<\/strong>. B\u0119dzie r\u00f3wnie\u017c wyst\u0119p solistki (<strong>Olgi Paszczenko<\/strong> \u2013 klawesyn), duetu akordeonowo-klawesynowego <strong>Jewheniji Czerkazowej<\/strong> i <strong>Swet\u0142any Szaba\u0142tyny<\/strong> oraz kwartetu w sk\u0142adzie: <strong>Jolanta Sosnowska<\/strong> (skrzypce barokowe), <strong>Jan Ziemowit Hutek<\/strong> (ob\u00f3j barokowy), <strong>Tomasz Weso\u0142owski<\/strong> (fagot barokowy) i <strong>Agnieszka Weso\u0142owska<\/strong> (klawesyn).<\/p>\n<h4>Program Gliwickiego Festiwalu Bachowskiego<\/h4>\n<p><strong>17.07<\/strong> ko\u015bci\u00f3\u0142 pw. Podwy\u017cszenia Krzy\u017ca \u015awi\u0119tego (ul. Daszy\u0144skiego 2), &#8220;Bach w Wenecji&#8221;, godzina 20:00<\/p>\n<p><strong>18.07 <\/strong>ko\u015bci\u00f3\u0142 pw. Wszystkich \u015awi\u0119tych (ul. Ko\u015bcielna 4), Zesp\u00f3\u0142 Muzyki Dawnej La Tempesta, godzina 19:30<\/p>\n<p><strong>20.07<\/strong> ko\u015bci\u00f3\u0142 Zbawiciela (ul. Jagiello\u0144ska 19a), \u201eOd Piazzy do Piazzolli\u201d, godzina 19:00<\/p>\n<p><strong>21.07<\/strong> ko\u015bci\u00f3\u0142 pw. Podwy\u017cszenia Krzy\u017ca \u015awi\u0119tego (ul. Daszy\u0144skiego 2), \u201eWituozi na dworze kr\u00f3la Polski\u201d, godzina 20:00<\/p>\n<p><strong>22.07<\/strong> ko\u015bci\u00f3\u0142 pw. Podwy\u017cszenia Krzy\u017ca \u015awi\u0119tego (ul. Daszy\u0144skiego 2), \u201eBachowskie arkady\u201d, godzina 20:30<\/p>\n<p>Bilety s\u0105 w r\u00f3\u017cnych cenach zale\u017cnie od koncertu, od 15 do 30 z\u0142. Mo\u017cna je naby\u0107 od \u015brody (11.07) w Centrum Informacji Kulturalnej i Turystycznej w Gliwicach, b\u0119d\u0105 tak\u017ce dost\u0119pne w sprzeda\u017cy za po\u015brednictwem portalu www.bilety24.pl.<\/p>\n<p>(\u017cms)\/MSI<br \/>\nfot. materia\u0142y organizatora<\/p>\n<div class=\"gliwi-a5-na-koncu-artykulow gliwi-entity-placement\" id=\"gliwi-2272094270\"><div class=\"gliwi-adlabel\"><span style=\"font-size: 9px\">REKLAMA<\/span><\/div><div id=\"gliwi-2209710876\" style=\"margin-left: auto;margin-right: auto;text-align: center;\"><a data-no-instant=\"1\" href=\"https:\/\/prezeroarenagliwice.pl\/\" rel=\"noopener\" class=\"a2t-link\" target=\"_blank\" aria-label=\"20260309-PREZERO-WIOSNA-D\"><img loading=\"lazy\" decoding=\"async\" src=\"https:\/\/www.24gliwice.pl\/wiadomosci\/wp-content\/uploads\/2026\/03\/20260309-PREZERO-WIOSNA-D.webp\" alt=\"\"  srcset=\"https:\/\/www.24gliwice.pl\/wiadomosci\/wp-content\/uploads\/2026\/03\/20260309-PREZERO-WIOSNA-D.webp 750w, https:\/\/www.24gliwice.pl\/wiadomosci\/wp-content\/uploads\/2026\/03\/20260309-PREZERO-WIOSNA-D-410x109.webp 410w\" sizes=\"(max-width: 750px) 100vw, 750px\" class=\"no-lazyload\" width=\"750\" height=\"200\"  style=\"display: inline-block; max-width: 100%; height: auto;\" \/><\/a><\/div><\/div>","protected":false},"excerpt":{"rendered":"<p>Ju\u017c 17 lipca rozpoczyna si\u0119 XIX Gliwicki Festiwal Bachowski. W programie pi\u0119\u0107 koncert\u00f3w, kt\u00f3re zaplanowano w r\u00f3\u017cnych ko\u015bcio\u0142ach na terenie miasta. Johann Sebastian Bach to jeden z najwybitniejszych kompozytor\u00f3w barokowych. Jego tw\u00f3rczo\u015b\u0107 nadal wywiera wp\u0142yw na muzyk\u00f3w z ca\u0142ego \u015bwiata. Podczas XIX Gliwickiego Festiwalu Bachowskiego wys\u0142uchamy koncert\u00f3w mi\u0119dzy innymi z Olgi Paszczenko i Lautten Compagney. [&hellip;]<\/p>\n","protected":false},"author":15,"featured_media":119828,"comment_status":"open","ping_status":"closed","sticky":false,"template":"","format":"standard","meta":{"_monsterinsights_skip_tracking":false,"_monsterinsights_sitenote_active":false,"_monsterinsights_sitenote_note":"","_monsterinsights_sitenote_category":0,"footnotes":"","_links_to":"","_links_to_target":""},"categories":[3,6,1],"tags":[9737,6348,12845],"class_list":["post-119825","post","type-post","status-publish","format-standard","has-post-thumbnail","hentry","category-gliwice","category-kultura","category-wszystko","tag-bach","tag-festiwal-bachowski","tag-koncerty-w-kosciolach"],"yoast_head":"<!-- This site is optimized with the Yoast SEO plugin v27.5 - https:\/\/yoast.com\/product\/yoast-seo-wordpress\/ -->\n<title>Nocne koncerty muzyki barokowej w gliwickich ko\u015bcio\u0142ach. XIX Gliwicki Festiwal Bachowski - 24GLIWICE - Portal Gliwice | codziennie nowe informacje<\/title>\n<meta name=\"robots\" content=\"index, follow, max-snippet:-1, max-image-preview:large, max-video-preview:-1\" \/>\n<link rel=\"canonical\" href=\"https:\/\/www.24gliwice.pl\/wiadomosci\/nocne-koncerty-muzyki-barokowej-w-gliwickich-kosciolach-xix-gliwicki-festiwal-bachowski\/\" \/>\n<meta property=\"og:locale\" content=\"pl_PL\" \/>\n<meta property=\"og:type\" content=\"article\" \/>\n<meta property=\"og:title\" content=\"Nocne koncerty muzyki barokowej w gliwickich ko\u015bcio\u0142ach. XIX Gliwicki Festiwal Bachowski - 24GLIWICE - Portal Gliwice | codziennie nowe informacje\" \/>\n<meta property=\"og:description\" content=\"Ju\u017c 17 lipca rozpoczyna si\u0119 XIX Gliwicki Festiwal Bachowski. W programie pi\u0119\u0107 koncert\u00f3w, kt\u00f3re zaplanowano w r\u00f3\u017cnych ko\u015bcio\u0142ach na terenie miasta. Johann Sebastian Bach to jeden z najwybitniejszych kompozytor\u00f3w barokowych. Jego tw\u00f3rczo\u015b\u0107 nadal wywiera wp\u0142yw na muzyk\u00f3w z ca\u0142ego \u015bwiata. Podczas XIX Gliwickiego Festiwalu Bachowskiego wys\u0142uchamy koncert\u00f3w mi\u0119dzy innymi z Olgi Paszczenko i Lautten Compagney. [&hellip;]\" \/>\n<meta property=\"og:url\" content=\"https:\/\/www.24gliwice.pl\/wiadomosci\/nocne-koncerty-muzyki-barokowej-w-gliwickich-kosciolach-xix-gliwicki-festiwal-bachowski\/\" \/>\n<meta property=\"og:site_name\" content=\"24GLIWICE - Portal Gliwice | codziennie nowe informacje\" \/>\n<meta property=\"article:publisher\" content=\"https:\/\/www.facebook.com\/24gliwice\" \/>\n<meta property=\"article:published_time\" content=\"2018-07-10T18:03:47+00:00\" \/>\n<meta property=\"og:image\" content=\"https:\/\/www.24gliwice.pl\/wiadomosci\/wp-content\/uploads\/2018\/07\/festiwal-bachowski-807x455.jpg\" \/>\n\t<meta property=\"og:image:width\" content=\"807\" \/>\n\t<meta property=\"og:image:height\" content=\"455\" \/>\n\t<meta property=\"og:image:type\" content=\"image\/jpeg\" \/>\n<meta name=\"author\" content=\"\u017baneta Mrozek-Siewierska\" \/>\n<meta name=\"twitter:card\" content=\"summary_large_image\" \/>\n<meta name=\"twitter:creator\" content=\"@24gliwice\" \/>\n<meta name=\"twitter:site\" content=\"@24gliwice\" \/>\n<meta name=\"twitter:label1\" content=\"Napisane przez\" \/>\n\t<meta name=\"twitter:data1\" content=\"\u017baneta Mrozek-Siewierska\" \/>\n\t<meta name=\"twitter:label2\" content=\"Szacowany czas czytania\" \/>\n\t<meta name=\"twitter:data2\" content=\"2 minuty\" \/>\n<script type=\"application\/ld+json\" class=\"yoast-schema-graph\">{\"@context\":\"https:\\\/\\\/schema.org\",\"@graph\":[{\"@type\":\"Article\",\"@id\":\"https:\\\/\\\/www.24gliwice.pl\\\/wiadomosci\\\/nocne-koncerty-muzyki-barokowej-w-gliwickich-kosciolach-xix-gliwicki-festiwal-bachowski\\\/#article\",\"isPartOf\":{\"@id\":\"https:\\\/\\\/www.24gliwice.pl\\\/wiadomosci\\\/nocne-koncerty-muzyki-barokowej-w-gliwickich-kosciolach-xix-gliwicki-festiwal-bachowski\\\/\"},\"author\":{\"name\":\"\u017baneta Mrozek-Siewierska\",\"@id\":\"https:\\\/\\\/www.24gliwice.pl\\\/wiadomosci\\\/#\\\/schema\\\/person\\\/e42c650edd7f2fa332be3811fb166b6e\"},\"headline\":\"Nocne koncerty muzyki barokowej w gliwickich ko\u015bcio\u0142ach. XIX Gliwicki Festiwal Bachowski\",\"datePublished\":\"2018-07-10T18:03:47+00:00\",\"mainEntityOfPage\":{\"@id\":\"https:\\\/\\\/www.24gliwice.pl\\\/wiadomosci\\\/nocne-koncerty-muzyki-barokowej-w-gliwickich-kosciolach-xix-gliwicki-festiwal-bachowski\\\/\"},\"wordCount\":349,\"commentCount\":0,\"publisher\":{\"@id\":\"https:\\\/\\\/www.24gliwice.pl\\\/wiadomosci\\\/#organization\"},\"image\":{\"@id\":\"https:\\\/\\\/www.24gliwice.pl\\\/wiadomosci\\\/nocne-koncerty-muzyki-barokowej-w-gliwickich-kosciolach-xix-gliwicki-festiwal-bachowski\\\/#primaryimage\"},\"thumbnailUrl\":\"https:\\\/\\\/www.24gliwice.pl\\\/wiadomosci\\\/wp-content\\\/uploads\\\/2018\\\/07\\\/festiwal-bachowski.jpg\",\"keywords\":[\"bach\",\"festiwal bachowski\",\"koncerty w ko\u015bcio\u0142ach\"],\"articleSection\":[\"Gliwice\",\"Kultura, wydarzenia, imprezy\",\"Najnowsze wiadomo\u015bci\"],\"inLanguage\":\"pl-PL\",\"potentialAction\":[{\"@type\":\"CommentAction\",\"name\":\"Comment\",\"target\":[\"https:\\\/\\\/www.24gliwice.pl\\\/wiadomosci\\\/nocne-koncerty-muzyki-barokowej-w-gliwickich-kosciolach-xix-gliwicki-festiwal-bachowski\\\/#respond\"]}]},{\"@type\":\"WebPage\",\"@id\":\"https:\\\/\\\/www.24gliwice.pl\\\/wiadomosci\\\/nocne-koncerty-muzyki-barokowej-w-gliwickich-kosciolach-xix-gliwicki-festiwal-bachowski\\\/\",\"url\":\"https:\\\/\\\/www.24gliwice.pl\\\/wiadomosci\\\/nocne-koncerty-muzyki-barokowej-w-gliwickich-kosciolach-xix-gliwicki-festiwal-bachowski\\\/\",\"name\":\"Nocne koncerty muzyki barokowej w gliwickich ko\u015bcio\u0142ach. XIX Gliwicki Festiwal Bachowski - 24GLIWICE - Portal Gliwice | codziennie nowe informacje\",\"isPartOf\":{\"@id\":\"https:\\\/\\\/www.24gliwice.pl\\\/wiadomosci\\\/#website\"},\"primaryImageOfPage\":{\"@id\":\"https:\\\/\\\/www.24gliwice.pl\\\/wiadomosci\\\/nocne-koncerty-muzyki-barokowej-w-gliwickich-kosciolach-xix-gliwicki-festiwal-bachowski\\\/#primaryimage\"},\"image\":{\"@id\":\"https:\\\/\\\/www.24gliwice.pl\\\/wiadomosci\\\/nocne-koncerty-muzyki-barokowej-w-gliwickich-kosciolach-xix-gliwicki-festiwal-bachowski\\\/#primaryimage\"},\"thumbnailUrl\":\"https:\\\/\\\/www.24gliwice.pl\\\/wiadomosci\\\/wp-content\\\/uploads\\\/2018\\\/07\\\/festiwal-bachowski.jpg\",\"datePublished\":\"2018-07-10T18:03:47+00:00\",\"breadcrumb\":{\"@id\":\"https:\\\/\\\/www.24gliwice.pl\\\/wiadomosci\\\/nocne-koncerty-muzyki-barokowej-w-gliwickich-kosciolach-xix-gliwicki-festiwal-bachowski\\\/#breadcrumb\"},\"inLanguage\":\"pl-PL\",\"potentialAction\":[{\"@type\":\"ReadAction\",\"target\":[\"https:\\\/\\\/www.24gliwice.pl\\\/wiadomosci\\\/nocne-koncerty-muzyki-barokowej-w-gliwickich-kosciolach-xix-gliwicki-festiwal-bachowski\\\/\"]}]},{\"@type\":\"ImageObject\",\"inLanguage\":\"pl-PL\",\"@id\":\"https:\\\/\\\/www.24gliwice.pl\\\/wiadomosci\\\/nocne-koncerty-muzyki-barokowej-w-gliwickich-kosciolach-xix-gliwicki-festiwal-bachowski\\\/#primaryimage\",\"url\":\"https:\\\/\\\/www.24gliwice.pl\\\/wiadomosci\\\/wp-content\\\/uploads\\\/2018\\\/07\\\/festiwal-bachowski.jpg\",\"contentUrl\":\"https:\\\/\\\/www.24gliwice.pl\\\/wiadomosci\\\/wp-content\\\/uploads\\\/2018\\\/07\\\/festiwal-bachowski.jpg\",\"width\":5175,\"height\":2917},{\"@type\":\"BreadcrumbList\",\"@id\":\"https:\\\/\\\/www.24gliwice.pl\\\/wiadomosci\\\/nocne-koncerty-muzyki-barokowej-w-gliwickich-kosciolach-xix-gliwicki-festiwal-bachowski\\\/#breadcrumb\",\"itemListElement\":[{\"@type\":\"ListItem\",\"position\":1,\"name\":\"Strona g\u0142\u00f3wna\",\"item\":\"https:\\\/\\\/www.24gliwice.pl\\\/wiadomosci\\\/\"},{\"@type\":\"ListItem\",\"position\":2,\"name\":\"Nocne koncerty muzyki barokowej w gliwickich ko\u015bcio\u0142ach. XIX Gliwicki Festiwal Bachowski\"}]},{\"@type\":\"WebSite\",\"@id\":\"https:\\\/\\\/www.24gliwice.pl\\\/wiadomosci\\\/#website\",\"url\":\"https:\\\/\\\/www.24gliwice.pl\\\/wiadomosci\\\/\",\"name\":\"24GLIWICE - Portal Gliwice | codziennie nowe wiadomo\u015bci\",\"description\":\"Portal Miejski Gliwice\",\"publisher\":{\"@id\":\"https:\\\/\\\/www.24gliwice.pl\\\/wiadomosci\\\/#organization\"},\"potentialAction\":[{\"@type\":\"SearchAction\",\"target\":{\"@type\":\"EntryPoint\",\"urlTemplate\":\"https:\\\/\\\/www.24gliwice.pl\\\/wiadomosci\\\/?s={search_term_string}\"},\"query-input\":{\"@type\":\"PropertyValueSpecification\",\"valueRequired\":true,\"valueName\":\"search_term_string\"}}],\"inLanguage\":\"pl-PL\"},{\"@type\":\"Organization\",\"@id\":\"https:\\\/\\\/www.24gliwice.pl\\\/wiadomosci\\\/#organization\",\"name\":\"24gliwice\",\"url\":\"https:\\\/\\\/www.24gliwice.pl\\\/wiadomosci\\\/\",\"logo\":{\"@type\":\"ImageObject\",\"inLanguage\":\"pl-PL\",\"@id\":\"https:\\\/\\\/www.24gliwice.pl\\\/wiadomosci\\\/#\\\/schema\\\/logo\\\/image\\\/\",\"url\":\"https:\\\/\\\/www.24gliwice.pl\\\/wiadomosci\\\/wp-content\\\/uploads\\\/2024\\\/10\\\/24gliwice-logo-696.jpg\",\"contentUrl\":\"https:\\\/\\\/www.24gliwice.pl\\\/wiadomosci\\\/wp-content\\\/uploads\\\/2024\\\/10\\\/24gliwice-logo-696.jpg\",\"width\":696,\"height\":696,\"caption\":\"24gliwice\"},\"image\":{\"@id\":\"https:\\\/\\\/www.24gliwice.pl\\\/wiadomosci\\\/#\\\/schema\\\/logo\\\/image\\\/\"},\"sameAs\":[\"https:\\\/\\\/www.facebook.com\\\/24gliwice\",\"https:\\\/\\\/x.com\\\/24gliwice\",\"https:\\\/\\\/www.youtube.com\\\/@24gliwice\"]},{\"@type\":\"Person\",\"@id\":\"https:\\\/\\\/www.24gliwice.pl\\\/wiadomosci\\\/#\\\/schema\\\/person\\\/e42c650edd7f2fa332be3811fb166b6e\",\"name\":\"\u017baneta Mrozek-Siewierska\",\"image\":{\"@type\":\"ImageObject\",\"inLanguage\":\"pl-PL\",\"@id\":\"https:\\\/\\\/secure.gravatar.com\\\/avatar\\\/1881429e9c64597c77ad7aef2d0a19be69a3253e57534d16aa15bf3a4d34a0a3?s=96&d=mm&r=g\",\"url\":\"https:\\\/\\\/secure.gravatar.com\\\/avatar\\\/1881429e9c64597c77ad7aef2d0a19be69a3253e57534d16aa15bf3a4d34a0a3?s=96&d=mm&r=g\",\"contentUrl\":\"https:\\\/\\\/secure.gravatar.com\\\/avatar\\\/1881429e9c64597c77ad7aef2d0a19be69a3253e57534d16aa15bf3a4d34a0a3?s=96&d=mm&r=g\",\"caption\":\"\u017baneta Mrozek-Siewierska\"},\"url\":\"https:\\\/\\\/www.24gliwice.pl\\\/wiadomosci\\\/author\\\/zms\\\/\"}]}<\/script>\n<!-- \/ Yoast SEO plugin. -->","yoast_head_json":{"title":"Nocne koncerty muzyki barokowej w gliwickich ko\u015bcio\u0142ach. XIX Gliwicki Festiwal Bachowski - 24GLIWICE - Portal Gliwice | codziennie nowe informacje","robots":{"index":"index","follow":"follow","max-snippet":"max-snippet:-1","max-image-preview":"max-image-preview:large","max-video-preview":"max-video-preview:-1"},"canonical":"https:\/\/www.24gliwice.pl\/wiadomosci\/nocne-koncerty-muzyki-barokowej-w-gliwickich-kosciolach-xix-gliwicki-festiwal-bachowski\/","og_locale":"pl_PL","og_type":"article","og_title":"Nocne koncerty muzyki barokowej w gliwickich ko\u015bcio\u0142ach. XIX Gliwicki Festiwal Bachowski - 24GLIWICE - Portal Gliwice | codziennie nowe informacje","og_description":"Ju\u017c 17 lipca rozpoczyna si\u0119 XIX Gliwicki Festiwal Bachowski. W programie pi\u0119\u0107 koncert\u00f3w, kt\u00f3re zaplanowano w r\u00f3\u017cnych ko\u015bcio\u0142ach na terenie miasta. Johann Sebastian Bach to jeden z najwybitniejszych kompozytor\u00f3w barokowych. Jego tw\u00f3rczo\u015b\u0107 nadal wywiera wp\u0142yw na muzyk\u00f3w z ca\u0142ego \u015bwiata. Podczas XIX Gliwickiego Festiwalu Bachowskiego wys\u0142uchamy koncert\u00f3w mi\u0119dzy innymi z Olgi Paszczenko i Lautten Compagney. [&hellip;]","og_url":"https:\/\/www.24gliwice.pl\/wiadomosci\/nocne-koncerty-muzyki-barokowej-w-gliwickich-kosciolach-xix-gliwicki-festiwal-bachowski\/","og_site_name":"24GLIWICE - Portal Gliwice | codziennie nowe informacje","article_publisher":"https:\/\/www.facebook.com\/24gliwice","article_published_time":"2018-07-10T18:03:47+00:00","og_image":[{"width":807,"height":455,"url":"https:\/\/www.24gliwice.pl\/wiadomosci\/wp-content\/uploads\/2018\/07\/festiwal-bachowski-807x455.jpg","type":"image\/jpeg"}],"author":"\u017baneta Mrozek-Siewierska","twitter_card":"summary_large_image","twitter_creator":"@24gliwice","twitter_site":"@24gliwice","twitter_misc":{"Napisane przez":"\u017baneta Mrozek-Siewierska","Szacowany czas czytania":"2 minuty"},"schema":{"@context":"https:\/\/schema.org","@graph":[{"@type":"Article","@id":"https:\/\/www.24gliwice.pl\/wiadomosci\/nocne-koncerty-muzyki-barokowej-w-gliwickich-kosciolach-xix-gliwicki-festiwal-bachowski\/#article","isPartOf":{"@id":"https:\/\/www.24gliwice.pl\/wiadomosci\/nocne-koncerty-muzyki-barokowej-w-gliwickich-kosciolach-xix-gliwicki-festiwal-bachowski\/"},"author":{"name":"\u017baneta Mrozek-Siewierska","@id":"https:\/\/www.24gliwice.pl\/wiadomosci\/#\/schema\/person\/e42c650edd7f2fa332be3811fb166b6e"},"headline":"Nocne koncerty muzyki barokowej w gliwickich ko\u015bcio\u0142ach. XIX Gliwicki Festiwal Bachowski","datePublished":"2018-07-10T18:03:47+00:00","mainEntityOfPage":{"@id":"https:\/\/www.24gliwice.pl\/wiadomosci\/nocne-koncerty-muzyki-barokowej-w-gliwickich-kosciolach-xix-gliwicki-festiwal-bachowski\/"},"wordCount":349,"commentCount":0,"publisher":{"@id":"https:\/\/www.24gliwice.pl\/wiadomosci\/#organization"},"image":{"@id":"https:\/\/www.24gliwice.pl\/wiadomosci\/nocne-koncerty-muzyki-barokowej-w-gliwickich-kosciolach-xix-gliwicki-festiwal-bachowski\/#primaryimage"},"thumbnailUrl":"https:\/\/www.24gliwice.pl\/wiadomosci\/wp-content\/uploads\/2018\/07\/festiwal-bachowski.jpg","keywords":["bach","festiwal bachowski","koncerty w ko\u015bcio\u0142ach"],"articleSection":["Gliwice","Kultura, wydarzenia, imprezy","Najnowsze wiadomo\u015bci"],"inLanguage":"pl-PL","potentialAction":[{"@type":"CommentAction","name":"Comment","target":["https:\/\/www.24gliwice.pl\/wiadomosci\/nocne-koncerty-muzyki-barokowej-w-gliwickich-kosciolach-xix-gliwicki-festiwal-bachowski\/#respond"]}]},{"@type":"WebPage","@id":"https:\/\/www.24gliwice.pl\/wiadomosci\/nocne-koncerty-muzyki-barokowej-w-gliwickich-kosciolach-xix-gliwicki-festiwal-bachowski\/","url":"https:\/\/www.24gliwice.pl\/wiadomosci\/nocne-koncerty-muzyki-barokowej-w-gliwickich-kosciolach-xix-gliwicki-festiwal-bachowski\/","name":"Nocne koncerty muzyki barokowej w gliwickich ko\u015bcio\u0142ach. XIX Gliwicki Festiwal Bachowski - 24GLIWICE - Portal Gliwice | codziennie nowe informacje","isPartOf":{"@id":"https:\/\/www.24gliwice.pl\/wiadomosci\/#website"},"primaryImageOfPage":{"@id":"https:\/\/www.24gliwice.pl\/wiadomosci\/nocne-koncerty-muzyki-barokowej-w-gliwickich-kosciolach-xix-gliwicki-festiwal-bachowski\/#primaryimage"},"image":{"@id":"https:\/\/www.24gliwice.pl\/wiadomosci\/nocne-koncerty-muzyki-barokowej-w-gliwickich-kosciolach-xix-gliwicki-festiwal-bachowski\/#primaryimage"},"thumbnailUrl":"https:\/\/www.24gliwice.pl\/wiadomosci\/wp-content\/uploads\/2018\/07\/festiwal-bachowski.jpg","datePublished":"2018-07-10T18:03:47+00:00","breadcrumb":{"@id":"https:\/\/www.24gliwice.pl\/wiadomosci\/nocne-koncerty-muzyki-barokowej-w-gliwickich-kosciolach-xix-gliwicki-festiwal-bachowski\/#breadcrumb"},"inLanguage":"pl-PL","potentialAction":[{"@type":"ReadAction","target":["https:\/\/www.24gliwice.pl\/wiadomosci\/nocne-koncerty-muzyki-barokowej-w-gliwickich-kosciolach-xix-gliwicki-festiwal-bachowski\/"]}]},{"@type":"ImageObject","inLanguage":"pl-PL","@id":"https:\/\/www.24gliwice.pl\/wiadomosci\/nocne-koncerty-muzyki-barokowej-w-gliwickich-kosciolach-xix-gliwicki-festiwal-bachowski\/#primaryimage","url":"https:\/\/www.24gliwice.pl\/wiadomosci\/wp-content\/uploads\/2018\/07\/festiwal-bachowski.jpg","contentUrl":"https:\/\/www.24gliwice.pl\/wiadomosci\/wp-content\/uploads\/2018\/07\/festiwal-bachowski.jpg","width":5175,"height":2917},{"@type":"BreadcrumbList","@id":"https:\/\/www.24gliwice.pl\/wiadomosci\/nocne-koncerty-muzyki-barokowej-w-gliwickich-kosciolach-xix-gliwicki-festiwal-bachowski\/#breadcrumb","itemListElement":[{"@type":"ListItem","position":1,"name":"Strona g\u0142\u00f3wna","item":"https:\/\/www.24gliwice.pl\/wiadomosci\/"},{"@type":"ListItem","position":2,"name":"Nocne koncerty muzyki barokowej w gliwickich ko\u015bcio\u0142ach. XIX Gliwicki Festiwal Bachowski"}]},{"@type":"WebSite","@id":"https:\/\/www.24gliwice.pl\/wiadomosci\/#website","url":"https:\/\/www.24gliwice.pl\/wiadomosci\/","name":"24GLIWICE - Portal Gliwice | codziennie nowe wiadomo\u015bci","description":"Portal Miejski Gliwice","publisher":{"@id":"https:\/\/www.24gliwice.pl\/wiadomosci\/#organization"},"potentialAction":[{"@type":"SearchAction","target":{"@type":"EntryPoint","urlTemplate":"https:\/\/www.24gliwice.pl\/wiadomosci\/?s={search_term_string}"},"query-input":{"@type":"PropertyValueSpecification","valueRequired":true,"valueName":"search_term_string"}}],"inLanguage":"pl-PL"},{"@type":"Organization","@id":"https:\/\/www.24gliwice.pl\/wiadomosci\/#organization","name":"24gliwice","url":"https:\/\/www.24gliwice.pl\/wiadomosci\/","logo":{"@type":"ImageObject","inLanguage":"pl-PL","@id":"https:\/\/www.24gliwice.pl\/wiadomosci\/#\/schema\/logo\/image\/","url":"https:\/\/www.24gliwice.pl\/wiadomosci\/wp-content\/uploads\/2024\/10\/24gliwice-logo-696.jpg","contentUrl":"https:\/\/www.24gliwice.pl\/wiadomosci\/wp-content\/uploads\/2024\/10\/24gliwice-logo-696.jpg","width":696,"height":696,"caption":"24gliwice"},"image":{"@id":"https:\/\/www.24gliwice.pl\/wiadomosci\/#\/schema\/logo\/image\/"},"sameAs":["https:\/\/www.facebook.com\/24gliwice","https:\/\/x.com\/24gliwice","https:\/\/www.youtube.com\/@24gliwice"]},{"@type":"Person","@id":"https:\/\/www.24gliwice.pl\/wiadomosci\/#\/schema\/person\/e42c650edd7f2fa332be3811fb166b6e","name":"\u017baneta Mrozek-Siewierska","image":{"@type":"ImageObject","inLanguage":"pl-PL","@id":"https:\/\/secure.gravatar.com\/avatar\/1881429e9c64597c77ad7aef2d0a19be69a3253e57534d16aa15bf3a4d34a0a3?s=96&d=mm&r=g","url":"https:\/\/secure.gravatar.com\/avatar\/1881429e9c64597c77ad7aef2d0a19be69a3253e57534d16aa15bf3a4d34a0a3?s=96&d=mm&r=g","contentUrl":"https:\/\/secure.gravatar.com\/avatar\/1881429e9c64597c77ad7aef2d0a19be69a3253e57534d16aa15bf3a4d34a0a3?s=96&d=mm&r=g","caption":"\u017baneta Mrozek-Siewierska"},"url":"https:\/\/www.24gliwice.pl\/wiadomosci\/author\/zms\/"}]}},"_links":{"self":[{"href":"https:\/\/www.24gliwice.pl\/wiadomosci\/wp-json\/wp\/v2\/posts\/119825","targetHints":{"allow":["GET"]}}],"collection":[{"href":"https:\/\/www.24gliwice.pl\/wiadomosci\/wp-json\/wp\/v2\/posts"}],"about":[{"href":"https:\/\/www.24gliwice.pl\/wiadomosci\/wp-json\/wp\/v2\/types\/post"}],"author":[{"embeddable":true,"href":"https:\/\/www.24gliwice.pl\/wiadomosci\/wp-json\/wp\/v2\/users\/15"}],"replies":[{"embeddable":true,"href":"https:\/\/www.24gliwice.pl\/wiadomosci\/wp-json\/wp\/v2\/comments?post=119825"}],"version-history":[{"count":0,"href":"https:\/\/www.24gliwice.pl\/wiadomosci\/wp-json\/wp\/v2\/posts\/119825\/revisions"}],"wp:featuredmedia":[{"embeddable":true,"href":"https:\/\/www.24gliwice.pl\/wiadomosci\/wp-json\/wp\/v2\/media\/119828"}],"wp:attachment":[{"href":"https:\/\/www.24gliwice.pl\/wiadomosci\/wp-json\/wp\/v2\/media?parent=119825"}],"wp:term":[{"taxonomy":"category","embeddable":true,"href":"https:\/\/www.24gliwice.pl\/wiadomosci\/wp-json\/wp\/v2\/categories?post=119825"},{"taxonomy":"post_tag","embeddable":true,"href":"https:\/\/www.24gliwice.pl\/wiadomosci\/wp-json\/wp\/v2\/tags?post=119825"}],"curies":[{"name":"wp","href":"https:\/\/api.w.org\/{rel}","templated":true}]}}