{"id":119858,"date":"2018-07-10T13:21:40","date_gmt":"2018-07-10T11:21:40","guid":{"rendered":"https:\/\/www.24gliwice.pl\/wiadomosci\/?p=119858"},"modified":"2018-07-10T13:22:58","modified_gmt":"2018-07-10T11:22:58","slug":"ekspertyza-w-sprawie-klonow-przy-ul-klodnickiej-powazne-zagrozenie","status":"publish","type":"post","link":"https:\/\/www.24gliwice.pl\/wiadomosci\/ekspertyza-w-sprawie-klonow-przy-ul-klodnickiej-powazne-zagrozenie\/","title":{"rendered":"Jednoznaczna ekspertyza w sprawie klon\u00f3w przy ul. K\u0142odnickiej. &#8220;Powa\u017cne zagro\u017cenie&#8221;"},"content":{"rendered":"<div class=\"gliwi-a6-nad-leadem-artykulow gliwi-entity-placement\" id=\"gliwi-889139280\"><div class=\"gliwi-adlabel\"><span style=\"font-size: 9px\">REKLAMA<\/span><\/div><div id=\"gliwi-4227000792\" style=\"margin-bottom: 30px;margin-left: auto;margin-right: auto;text-align: center;\"><a data-no-instant=\"1\" href=\"https:\/\/przedszkole.halogen.org.pl\/\" rel=\"noopener\" class=\"a2t-link\" target=\"_blank\" aria-label=\"20260402-ANIMATOR-przedszkole_grafika_750x200\"><img loading=\"lazy\" decoding=\"async\" src=\"https:\/\/www.24gliwice.pl\/wiadomosci\/wp-content\/uploads\/2026\/04\/20260402-ANIMATOR-przedszkole_grafika_750x200.webp\" alt=\"\"  srcset=\"https:\/\/www.24gliwice.pl\/wiadomosci\/wp-content\/uploads\/2026\/04\/20260402-ANIMATOR-przedszkole_grafika_750x200.webp 750w, https:\/\/www.24gliwice.pl\/wiadomosci\/wp-content\/uploads\/2026\/04\/20260402-ANIMATOR-przedszkole_grafika_750x200-410x109.webp 410w\" sizes=\"(max-width: 750px) 100vw, 750px\" class=\"no-lazyload\" width=\"750\" height=\"200\"  style=\"display: inline-block; max-width: 100%; height: auto;\" \/><\/a><\/div><\/div><h3>&#8211; Szpaler klon\u00f3w srebrzystych jest zdekompletowany. Stan zdrowotny i statyczny pozosta\u0142ych 11 drzew jest niedostateczny<\/h3>\n<p> &#8211; to g\u0142\u00f3wne wnioski zawarte w ekspertyzie dendrologicznej drzew rosn\u0105cych przy ul. K\u0142odnickiej, pomi\u0119dzy ul. Dworcow\u0105 a Wroc\u0142awsk\u0105. Badanie to wyrok skazuj\u0105cy &#8211; najpierw na odebranie drzewom statusu pomnika przyrody, a nast\u0119pnie na ich wyci\u0119cie.<\/p>\n<blockquote><p>&#8211; Drzewa stwarzaj\u0105 powa\u017cne zagro\u017cenie dla ul. K\u0142odnickiej. Do momentu za\u0142atwienia stosownych procedur drzewa powinny by\u0107 maksymalnie skr\u00f3cone &#8211;<\/p><\/blockquote>\n<p>czytamy w ekspertyzie przygotowanej przez Centrum Dendrologiczne z Nadarzyna. &#8211; Zadrzewienie powinno by\u0107 ca\u0142o\u015bciowo wymienione i tworzy\u0107 tradycyjny, jednolity szpaler. Musz\u0105 by\u0107 spe\u0142nione wymogi ulicy, jak i rzeki. Jednocze\u015bnie nale\u017cy uwzgl\u0119dni\u0107 oba brzegi &#8211; zaznaczaj\u0105 autorzy.<\/p><div class=\"gliwi-a3-w-tresci-artykulow gliwi-entity-placement\" id=\"gliwi-1914051961\"><div class=\"gliwi-adlabel\"><span style=\"font-size: 9px\">REKLAMA<\/span><\/div><div id=\"gliwi-396170641\" style=\"margin-bottom: 30px;margin-left: auto;margin-right: auto;text-align: center;\"><a data-no-instant=\"1\" href=\"https:\/\/ogrodyandersa.pl\/\" rel=\"noopener\" class=\"a2t-link\" target=\"_blank\" aria-label=\"20260415 Ogrody Andersa KUP TERAZ D\"><img loading=\"lazy\" decoding=\"async\" src=\"https:\/\/www.24gliwice.pl\/wiadomosci\/wp-content\/uploads\/2026\/04\/20260415-Ogrody-Andersa-KUP-TERAZ-D.jpg\" alt=\"\"  srcset=\"https:\/\/www.24gliwice.pl\/wiadomosci\/wp-content\/uploads\/2026\/04\/20260415-Ogrody-Andersa-KUP-TERAZ-D.jpg 750w, https:\/\/www.24gliwice.pl\/wiadomosci\/wp-content\/uploads\/2026\/04\/20260415-Ogrody-Andersa-KUP-TERAZ-D-410x109.jpg 410w\" sizes=\"(max-width: 750px) 100vw, 750px\" class=\"no-lazyload\" width=\"750\" height=\"200\"  style=\"display: inline-block; max-width: 100%; height: auto;\" \/><\/a><\/div><\/div>\n<p><img loading=\"lazy\" decoding=\"async\" src=\"https:\/\/www.24gliwice.pl\/wiadomosci\/wp-content\/uploads\/2018\/07\/1-klony-klodnicka-10.jpg\" alt=\"\" width=\"810\" height=\"456\" class=\"aligncenter size-full wp-image-119964\" srcset=\"https:\/\/www.24gliwice.pl\/wiadomosci\/wp-content\/uploads\/2018\/07\/1-klony-klodnicka-10.jpg 810w, https:\/\/www.24gliwice.pl\/wiadomosci\/wp-content\/uploads\/2018\/07\/1-klony-klodnicka-10-410x232.jpg 410w, https:\/\/www.24gliwice.pl\/wiadomosci\/wp-content\/uploads\/2018\/07\/1-klony-klodnicka-10-768x432.jpg 768w, https:\/\/www.24gliwice.pl\/wiadomosci\/wp-content\/uploads\/2018\/07\/1-klony-klodnicka-10-808x455.jpg 808w\" sizes=\"auto, (max-width: 810px) 100vw, 810px\" \/><\/p>\n<p>Przypomnijmy, klony znad K\u0142odnicy pomnikiem przyrody s\u0105 od 2005 roku. Zyska\u0142y ten status ze wzgl\u0119du na szczeg\u00f3lne walory przyrodnicze. Niespe\u0142na cztery miesi\u0105ce temu, w marcu Magistrat zdecydowa\u0142 o odebraniu im tego &#8220;znaku jako\u015bci&#8221;, argumentuj\u0105c, \u017ce drzewa nie tylko straci\u0142y na warto\u015bci, ale mog\u0105 te\u017c stanowi\u0107 zagro\u017cenie dla \u201cbezpiecze\u0144stwa powszechnego\u201d. Uchwa\u0142a w tej sprawie nie zosta\u0142a jednak przyj\u0119ta &#8211; sprzeciwili si\u0119 radni opozycji, a zastrze\u017cenia zg\u0142asza\u0142o te\u017c m.in. stowarzyszenie Gliwickie Drzewa. Spo\u0142ecznicy domagali si\u0119 przeprowadzenia niezale\u017cnych bada\u0144 potwierdzaj\u0105cych stanowisko Miasto.<\/p>\n<p><img loading=\"lazy\" decoding=\"async\" src=\"https:\/\/www.24gliwice.pl\/wiadomosci\/wp-content\/uploads\/2018\/07\/1-klony-klodnicka-5.jpg\" alt=\"\" width=\"810\" height=\"456\" class=\"aligncenter size-full wp-image-119962\" srcset=\"https:\/\/www.24gliwice.pl\/wiadomosci\/wp-content\/uploads\/2018\/07\/1-klony-klodnicka-5.jpg 810w, https:\/\/www.24gliwice.pl\/wiadomosci\/wp-content\/uploads\/2018\/07\/1-klony-klodnicka-5-410x232.jpg 410w, https:\/\/www.24gliwice.pl\/wiadomosci\/wp-content\/uploads\/2018\/07\/1-klony-klodnicka-5-768x432.jpg 768w, https:\/\/www.24gliwice.pl\/wiadomosci\/wp-content\/uploads\/2018\/07\/1-klony-klodnicka-5-808x455.jpg 808w\" sizes=\"auto, (max-width: 810px) 100vw, 810px\" \/><\/p>\n<p>&#8211; Ekspertyza jest bardzo jednoznaczna i klarowna w swoich wnioskach: wszystkie drzewa nale\u017cy wyci\u0105\u0107, cho\u0107 niestety sama analiza drzew ju\u017c nie jest taka czytelna &#8211; komentuje <strong>Jakub S\u0142upski<\/strong> ze stowarzyszenia Gliwickie Drzewa. &#8211; Mimo to par\u0119 punkt\u00f3w analizy jest dla nas zupe\u0142nie jasne. Kilka drzew z ul. K\u0142odnickiej wymaga pilnie wycinki, i naszym zdaniem nie mo\u017cna z ni\u0105 zwleka\u0107, aby nie doprowadzi\u0107 do zagro\u017cenia \u017cycia i zdrowia mieszka\u0144c\u00f3w miasta. Drugim bardzo wyra\u017anym wnioskiem ekspertyzy jest nieprawid\u0142owa piel\u0119gnacja klon\u00f3w na przestrzeni lat \u2013 potwierdza to nasze obawy zar\u00f3wno co do tych drzew, jak i og\u00f3lnie zieleni przyulicznej w Gliwicach &#8211; m\u00f3wi S\u0142upski i przytacza przyk\u0142ady uszkadzania korzeni podczas wykonywanych prac ziemnych (ostatnio m.in. przy ul. Zawiszy Czarnego i Wybrze\u017ca Armii Krajowej).<\/p>\n<blockquote><p>&#8211; Nie b\u0119dziemy sprzeciwia\u0107 si\u0119 pozbawieniu ich statusu pomnika przyrody i wycince, ale naszym zdaniem radni jednocze\u015bnie z udzieleniem na to zgody, powinni jasno opowiedzie\u0107 si\u0119 za zast\u0105pieniem klon\u00f3w nowymi, du\u017cymi nasadzeniami, kt\u00f3re zostan\u0105 prawid\u0142owo wkomponowane w brzegi K\u0142odnicy i b\u0119d\u0105 poddawane prawid\u0142owej piel\u0119gnacji<\/p><\/blockquote>\n<p> &#8211; podsumowuje S\u0142upski.<\/p>\n<p><img loading=\"lazy\" decoding=\"async\" src=\"https:\/\/www.24gliwice.pl\/wiadomosci\/wp-content\/uploads\/2018\/07\/1-klony-klodnicka-3.jpg\" alt=\"\" width=\"810\" height=\"456\" class=\"aligncenter size-full wp-image-119960\" srcset=\"https:\/\/www.24gliwice.pl\/wiadomosci\/wp-content\/uploads\/2018\/07\/1-klony-klodnicka-3.jpg 810w, https:\/\/www.24gliwice.pl\/wiadomosci\/wp-content\/uploads\/2018\/07\/1-klony-klodnicka-3-410x232.jpg 410w, https:\/\/www.24gliwice.pl\/wiadomosci\/wp-content\/uploads\/2018\/07\/1-klony-klodnicka-3-768x432.jpg 768w, https:\/\/www.24gliwice.pl\/wiadomosci\/wp-content\/uploads\/2018\/07\/1-klony-klodnicka-3-808x455.jpg 808w\" sizes=\"auto, (max-width: 810px) 100vw, 810px\" \/><\/p>\n<p>Przysz\u0142o\u015b\u0107 klon\u00f3w, cho\u0107 wydaje si\u0119 przes\u0105dzona, nie b\u0119dzie omawiana na lipcowej sesji Rady Miasta. Ostateczn\u0105 decyzj\u0119 radnych poznamy wi\u0119c dopiero po wakacjach.<\/p>\n<p>Micha\u0142 Szewczyk<\/p>\n<div class=\"gliwi-a5-na-koncu-artykulow gliwi-entity-placement\" id=\"gliwi-2602762288\"><div class=\"gliwi-adlabel\"><span style=\"font-size: 9px\">REKLAMA<\/span><\/div><div id=\"gliwi-939932843\" style=\"margin-left: auto;margin-right: auto;text-align: center;\"><a data-no-instant=\"1\" href=\"https:\/\/prezeroarenagliwice.pl\/\" rel=\"noopener\" class=\"a2t-link\" target=\"_blank\" aria-label=\"20260309-PREZERO-WIOSNA-D\"><img loading=\"lazy\" decoding=\"async\" src=\"https:\/\/www.24gliwice.pl\/wiadomosci\/wp-content\/uploads\/2026\/03\/20260309-PREZERO-WIOSNA-D.webp\" alt=\"\"  srcset=\"https:\/\/www.24gliwice.pl\/wiadomosci\/wp-content\/uploads\/2026\/03\/20260309-PREZERO-WIOSNA-D.webp 750w, https:\/\/www.24gliwice.pl\/wiadomosci\/wp-content\/uploads\/2026\/03\/20260309-PREZERO-WIOSNA-D-410x109.webp 410w\" sizes=\"(max-width: 750px) 100vw, 750px\" class=\"no-lazyload\" width=\"750\" height=\"200\"  style=\"display: inline-block; max-width: 100%; height: auto;\" \/><\/a><\/div><\/div>","protected":false},"excerpt":{"rendered":"<p>&#8211; Szpaler klon\u00f3w srebrzystych jest zdekompletowany. Stan zdrowotny i statyczny pozosta\u0142ych 11 drzew jest niedostateczny &#8211; to g\u0142\u00f3wne wnioski zawarte w ekspertyzie dendrologicznej drzew rosn\u0105cych przy ul. K\u0142odnickiej, pomi\u0119dzy ul. Dworcow\u0105 a Wroc\u0142awsk\u0105. Badanie to wyrok skazuj\u0105cy &#8211; najpierw na odebranie drzewom statusu pomnika przyrody, a nast\u0119pnie na ich wyci\u0119cie. &#8211; Drzewa stwarzaj\u0105 powa\u017cne zagro\u017cenie [&hellip;]<\/p>\n","protected":false},"author":12,"featured_media":119966,"comment_status":"open","ping_status":"closed","sticky":false,"template":"","format":"standard","meta":{"_monsterinsights_skip_tracking":false,"_monsterinsights_sitenote_active":false,"_monsterinsights_sitenote_note":"","_monsterinsights_sitenote_category":0,"footnotes":"","_links_to":"","_links_to_target":""},"categories":[3,1,9],"tags":[4191,6335,214],"class_list":["post-119858","post","type-post","status-publish","format-standard","has-post-thumbnail","hentry","category-gliwice","category-wszystko","category-aktualnosci_lokalne","tag-gliwickie-drzewa","tag-jakub-slupski","tag-zdm"],"yoast_head":"<!-- This site is optimized with the Yoast SEO plugin v27.5 - https:\/\/yoast.com\/product\/yoast-seo-wordpress\/ -->\n<title>Jednoznaczna ekspertyza w sprawie klon\u00f3w przy ul. K\u0142odnickiej. &quot;Powa\u017cne zagro\u017cenie&quot; - 24GLIWICE - Portal Gliwice | codziennie nowe informacje<\/title>\n<meta name=\"robots\" content=\"index, follow, max-snippet:-1, max-image-preview:large, max-video-preview:-1\" \/>\n<link rel=\"canonical\" href=\"https:\/\/www.24gliwice.pl\/wiadomosci\/ekspertyza-w-sprawie-klonow-przy-ul-klodnickiej-powazne-zagrozenie\/\" \/>\n<meta property=\"og:locale\" content=\"pl_PL\" \/>\n<meta property=\"og:type\" content=\"article\" \/>\n<meta property=\"og:title\" content=\"Jednoznaczna ekspertyza w sprawie klon\u00f3w przy ul. K\u0142odnickiej. &quot;Powa\u017cne zagro\u017cenie&quot; - 24GLIWICE - Portal Gliwice | codziennie nowe informacje\" \/>\n<meta property=\"og:description\" content=\"&#8211; Szpaler klon\u00f3w srebrzystych jest zdekompletowany. Stan zdrowotny i statyczny pozosta\u0142ych 11 drzew jest niedostateczny &#8211; to g\u0142\u00f3wne wnioski zawarte w ekspertyzie dendrologicznej drzew rosn\u0105cych przy ul. K\u0142odnickiej, pomi\u0119dzy ul. Dworcow\u0105 a Wroc\u0142awsk\u0105. Badanie to wyrok skazuj\u0105cy &#8211; najpierw na odebranie drzewom statusu pomnika przyrody, a nast\u0119pnie na ich wyci\u0119cie. &#8211; Drzewa stwarzaj\u0105 powa\u017cne zagro\u017cenie [&hellip;]\" \/>\n<meta property=\"og:url\" content=\"https:\/\/www.24gliwice.pl\/wiadomosci\/ekspertyza-w-sprawie-klonow-przy-ul-klodnickiej-powazne-zagrozenie\/\" \/>\n<meta property=\"og:site_name\" content=\"24GLIWICE - Portal Gliwice | codziennie nowe informacje\" \/>\n<meta property=\"article:publisher\" content=\"https:\/\/www.facebook.com\/24gliwice\" \/>\n<meta property=\"article:published_time\" content=\"2018-07-10T11:21:40+00:00\" \/>\n<meta property=\"article:modified_time\" content=\"2018-07-10T11:22:58+00:00\" \/>\n<meta property=\"og:image\" content=\"https:\/\/www.24gliwice.pl\/wiadomosci\/wp-content\/uploads\/2018\/07\/1-klony-klodnicka-4-001.jpg\" \/>\n\t<meta property=\"og:image:width\" content=\"810\" \/>\n\t<meta property=\"og:image:height\" content=\"456\" \/>\n\t<meta property=\"og:image:type\" content=\"image\/jpeg\" \/>\n<meta name=\"author\" content=\"Micha\u0142 Szewczyk\" \/>\n<meta name=\"twitter:card\" content=\"summary_large_image\" \/>\n<meta name=\"twitter:creator\" content=\"@24gliwice\" \/>\n<meta name=\"twitter:site\" content=\"@24gliwice\" \/>\n<meta name=\"twitter:label1\" content=\"Napisane przez\" \/>\n\t<meta name=\"twitter:data1\" content=\"Micha\u0142 Szewczyk\" \/>\n\t<meta name=\"twitter:label2\" content=\"Szacowany czas czytania\" \/>\n\t<meta name=\"twitter:data2\" content=\"2 minuty\" \/>\n<script type=\"application\/ld+json\" class=\"yoast-schema-graph\">{\"@context\":\"https:\\\/\\\/schema.org\",\"@graph\":[{\"@type\":\"Article\",\"@id\":\"https:\\\/\\\/www.24gliwice.pl\\\/wiadomosci\\\/ekspertyza-w-sprawie-klonow-przy-ul-klodnickiej-powazne-zagrozenie\\\/#article\",\"isPartOf\":{\"@id\":\"https:\\\/\\\/www.24gliwice.pl\\\/wiadomosci\\\/ekspertyza-w-sprawie-klonow-przy-ul-klodnickiej-powazne-zagrozenie\\\/\"},\"author\":{\"name\":\"Micha\u0142 Szewczyk\",\"@id\":\"https:\\\/\\\/www.24gliwice.pl\\\/wiadomosci\\\/#\\\/schema\\\/person\\\/940e8f8a097e322de4f463f061ef8d45\"},\"headline\":\"Jednoznaczna ekspertyza w sprawie klon\u00f3w przy ul. K\u0142odnickiej. &#8220;Powa\u017cne zagro\u017cenie&#8221;\",\"datePublished\":\"2018-07-10T11:21:40+00:00\",\"dateModified\":\"2018-07-10T11:22:58+00:00\",\"mainEntityOfPage\":{\"@id\":\"https:\\\/\\\/www.24gliwice.pl\\\/wiadomosci\\\/ekspertyza-w-sprawie-klonow-przy-ul-klodnickiej-powazne-zagrozenie\\\/\"},\"wordCount\":466,\"commentCount\":0,\"publisher\":{\"@id\":\"https:\\\/\\\/www.24gliwice.pl\\\/wiadomosci\\\/#organization\"},\"image\":{\"@id\":\"https:\\\/\\\/www.24gliwice.pl\\\/wiadomosci\\\/ekspertyza-w-sprawie-klonow-przy-ul-klodnickiej-powazne-zagrozenie\\\/#primaryimage\"},\"thumbnailUrl\":\"https:\\\/\\\/www.24gliwice.pl\\\/wiadomosci\\\/wp-content\\\/uploads\\\/2018\\\/07\\\/1-klony-klodnicka-4-001.jpg\",\"keywords\":[\"gliwickie drzewa\",\"jakub s\u0142upski\",\"ZDM\"],\"articleSection\":[\"Gliwice\",\"Najnowsze wiadomo\u015bci\",\"Portal Gliwice - Wiadomo\u015bci lokalne\"],\"inLanguage\":\"pl-PL\",\"potentialAction\":[{\"@type\":\"CommentAction\",\"name\":\"Comment\",\"target\":[\"https:\\\/\\\/www.24gliwice.pl\\\/wiadomosci\\\/ekspertyza-w-sprawie-klonow-przy-ul-klodnickiej-powazne-zagrozenie\\\/#respond\"]}]},{\"@type\":\"WebPage\",\"@id\":\"https:\\\/\\\/www.24gliwice.pl\\\/wiadomosci\\\/ekspertyza-w-sprawie-klonow-przy-ul-klodnickiej-powazne-zagrozenie\\\/\",\"url\":\"https:\\\/\\\/www.24gliwice.pl\\\/wiadomosci\\\/ekspertyza-w-sprawie-klonow-przy-ul-klodnickiej-powazne-zagrozenie\\\/\",\"name\":\"Jednoznaczna ekspertyza w sprawie klon\u00f3w przy ul. K\u0142odnickiej. \\\"Powa\u017cne zagro\u017cenie\\\" - 24GLIWICE - Portal Gliwice | codziennie nowe informacje\",\"isPartOf\":{\"@id\":\"https:\\\/\\\/www.24gliwice.pl\\\/wiadomosci\\\/#website\"},\"primaryImageOfPage\":{\"@id\":\"https:\\\/\\\/www.24gliwice.pl\\\/wiadomosci\\\/ekspertyza-w-sprawie-klonow-przy-ul-klodnickiej-powazne-zagrozenie\\\/#primaryimage\"},\"image\":{\"@id\":\"https:\\\/\\\/www.24gliwice.pl\\\/wiadomosci\\\/ekspertyza-w-sprawie-klonow-przy-ul-klodnickiej-powazne-zagrozenie\\\/#primaryimage\"},\"thumbnailUrl\":\"https:\\\/\\\/www.24gliwice.pl\\\/wiadomosci\\\/wp-content\\\/uploads\\\/2018\\\/07\\\/1-klony-klodnicka-4-001.jpg\",\"datePublished\":\"2018-07-10T11:21:40+00:00\",\"dateModified\":\"2018-07-10T11:22:58+00:00\",\"breadcrumb\":{\"@id\":\"https:\\\/\\\/www.24gliwice.pl\\\/wiadomosci\\\/ekspertyza-w-sprawie-klonow-przy-ul-klodnickiej-powazne-zagrozenie\\\/#breadcrumb\"},\"inLanguage\":\"pl-PL\",\"potentialAction\":[{\"@type\":\"ReadAction\",\"target\":[\"https:\\\/\\\/www.24gliwice.pl\\\/wiadomosci\\\/ekspertyza-w-sprawie-klonow-przy-ul-klodnickiej-powazne-zagrozenie\\\/\"]}]},{\"@type\":\"ImageObject\",\"inLanguage\":\"pl-PL\",\"@id\":\"https:\\\/\\\/www.24gliwice.pl\\\/wiadomosci\\\/ekspertyza-w-sprawie-klonow-przy-ul-klodnickiej-powazne-zagrozenie\\\/#primaryimage\",\"url\":\"https:\\\/\\\/www.24gliwice.pl\\\/wiadomosci\\\/wp-content\\\/uploads\\\/2018\\\/07\\\/1-klony-klodnicka-4-001.jpg\",\"contentUrl\":\"https:\\\/\\\/www.24gliwice.pl\\\/wiadomosci\\\/wp-content\\\/uploads\\\/2018\\\/07\\\/1-klony-klodnicka-4-001.jpg\",\"width\":810,\"height\":456},{\"@type\":\"BreadcrumbList\",\"@id\":\"https:\\\/\\\/www.24gliwice.pl\\\/wiadomosci\\\/ekspertyza-w-sprawie-klonow-przy-ul-klodnickiej-powazne-zagrozenie\\\/#breadcrumb\",\"itemListElement\":[{\"@type\":\"ListItem\",\"position\":1,\"name\":\"Strona g\u0142\u00f3wna\",\"item\":\"https:\\\/\\\/www.24gliwice.pl\\\/wiadomosci\\\/\"},{\"@type\":\"ListItem\",\"position\":2,\"name\":\"Jednoznaczna ekspertyza w sprawie klon\u00f3w przy ul. K\u0142odnickiej. &#8222;Powa\u017cne zagro\u017cenie&#8221;\"}]},{\"@type\":\"WebSite\",\"@id\":\"https:\\\/\\\/www.24gliwice.pl\\\/wiadomosci\\\/#website\",\"url\":\"https:\\\/\\\/www.24gliwice.pl\\\/wiadomosci\\\/\",\"name\":\"24GLIWICE - Portal Gliwice | codziennie nowe wiadomo\u015bci\",\"description\":\"Portal Miejski Gliwice\",\"publisher\":{\"@id\":\"https:\\\/\\\/www.24gliwice.pl\\\/wiadomosci\\\/#organization\"},\"potentialAction\":[{\"@type\":\"SearchAction\",\"target\":{\"@type\":\"EntryPoint\",\"urlTemplate\":\"https:\\\/\\\/www.24gliwice.pl\\\/wiadomosci\\\/?s={search_term_string}\"},\"query-input\":{\"@type\":\"PropertyValueSpecification\",\"valueRequired\":true,\"valueName\":\"search_term_string\"}}],\"inLanguage\":\"pl-PL\"},{\"@type\":\"Organization\",\"@id\":\"https:\\\/\\\/www.24gliwice.pl\\\/wiadomosci\\\/#organization\",\"name\":\"24gliwice\",\"url\":\"https:\\\/\\\/www.24gliwice.pl\\\/wiadomosci\\\/\",\"logo\":{\"@type\":\"ImageObject\",\"inLanguage\":\"pl-PL\",\"@id\":\"https:\\\/\\\/www.24gliwice.pl\\\/wiadomosci\\\/#\\\/schema\\\/logo\\\/image\\\/\",\"url\":\"https:\\\/\\\/www.24gliwice.pl\\\/wiadomosci\\\/wp-content\\\/uploads\\\/2024\\\/10\\\/24gliwice-logo-696.jpg\",\"contentUrl\":\"https:\\\/\\\/www.24gliwice.pl\\\/wiadomosci\\\/wp-content\\\/uploads\\\/2024\\\/10\\\/24gliwice-logo-696.jpg\",\"width\":696,\"height\":696,\"caption\":\"24gliwice\"},\"image\":{\"@id\":\"https:\\\/\\\/www.24gliwice.pl\\\/wiadomosci\\\/#\\\/schema\\\/logo\\\/image\\\/\"},\"sameAs\":[\"https:\\\/\\\/www.facebook.com\\\/24gliwice\",\"https:\\\/\\\/x.com\\\/24gliwice\",\"https:\\\/\\\/www.youtube.com\\\/@24gliwice\"]},{\"@type\":\"Person\",\"@id\":\"https:\\\/\\\/www.24gliwice.pl\\\/wiadomosci\\\/#\\\/schema\\\/person\\\/940e8f8a097e322de4f463f061ef8d45\",\"name\":\"Micha\u0142 Szewczyk\",\"image\":{\"@type\":\"ImageObject\",\"inLanguage\":\"pl-PL\",\"@id\":\"https:\\\/\\\/secure.gravatar.com\\\/avatar\\\/771b8b6c74cd8d255e46392d605e01a86133900ef09b6ef3c8d451c9d92288cf?s=96&d=mm&r=g\",\"url\":\"https:\\\/\\\/secure.gravatar.com\\\/avatar\\\/771b8b6c74cd8d255e46392d605e01a86133900ef09b6ef3c8d451c9d92288cf?s=96&d=mm&r=g\",\"contentUrl\":\"https:\\\/\\\/secure.gravatar.com\\\/avatar\\\/771b8b6c74cd8d255e46392d605e01a86133900ef09b6ef3c8d451c9d92288cf?s=96&d=mm&r=g\",\"caption\":\"Micha\u0142 Szewczyk\"},\"sameAs\":[\"http:\\\/\\\/www.gazeta-miejska.pl\"],\"url\":\"https:\\\/\\\/www.24gliwice.pl\\\/wiadomosci\\\/author\\\/michal-szewczyk\\\/\"}]}<\/script>\n<!-- \/ Yoast SEO plugin. -->","yoast_head_json":{"title":"Jednoznaczna ekspertyza w sprawie klon\u00f3w przy ul. K\u0142odnickiej. \"Powa\u017cne zagro\u017cenie\" - 24GLIWICE - Portal Gliwice | codziennie nowe informacje","robots":{"index":"index","follow":"follow","max-snippet":"max-snippet:-1","max-image-preview":"max-image-preview:large","max-video-preview":"max-video-preview:-1"},"canonical":"https:\/\/www.24gliwice.pl\/wiadomosci\/ekspertyza-w-sprawie-klonow-przy-ul-klodnickiej-powazne-zagrozenie\/","og_locale":"pl_PL","og_type":"article","og_title":"Jednoznaczna ekspertyza w sprawie klon\u00f3w przy ul. K\u0142odnickiej. \"Powa\u017cne zagro\u017cenie\" - 24GLIWICE - Portal Gliwice | codziennie nowe informacje","og_description":"&#8211; Szpaler klon\u00f3w srebrzystych jest zdekompletowany. Stan zdrowotny i statyczny pozosta\u0142ych 11 drzew jest niedostateczny &#8211; to g\u0142\u00f3wne wnioski zawarte w ekspertyzie dendrologicznej drzew rosn\u0105cych przy ul. K\u0142odnickiej, pomi\u0119dzy ul. Dworcow\u0105 a Wroc\u0142awsk\u0105. Badanie to wyrok skazuj\u0105cy &#8211; najpierw na odebranie drzewom statusu pomnika przyrody, a nast\u0119pnie na ich wyci\u0119cie. &#8211; Drzewa stwarzaj\u0105 powa\u017cne zagro\u017cenie [&hellip;]","og_url":"https:\/\/www.24gliwice.pl\/wiadomosci\/ekspertyza-w-sprawie-klonow-przy-ul-klodnickiej-powazne-zagrozenie\/","og_site_name":"24GLIWICE - Portal Gliwice | codziennie nowe informacje","article_publisher":"https:\/\/www.facebook.com\/24gliwice","article_published_time":"2018-07-10T11:21:40+00:00","article_modified_time":"2018-07-10T11:22:58+00:00","og_image":[{"width":810,"height":456,"url":"https:\/\/www.24gliwice.pl\/wiadomosci\/wp-content\/uploads\/2018\/07\/1-klony-klodnicka-4-001.jpg","type":"image\/jpeg"}],"author":"Micha\u0142 Szewczyk","twitter_card":"summary_large_image","twitter_creator":"@24gliwice","twitter_site":"@24gliwice","twitter_misc":{"Napisane przez":"Micha\u0142 Szewczyk","Szacowany czas czytania":"2 minuty"},"schema":{"@context":"https:\/\/schema.org","@graph":[{"@type":"Article","@id":"https:\/\/www.24gliwice.pl\/wiadomosci\/ekspertyza-w-sprawie-klonow-przy-ul-klodnickiej-powazne-zagrozenie\/#article","isPartOf":{"@id":"https:\/\/www.24gliwice.pl\/wiadomosci\/ekspertyza-w-sprawie-klonow-przy-ul-klodnickiej-powazne-zagrozenie\/"},"author":{"name":"Micha\u0142 Szewczyk","@id":"https:\/\/www.24gliwice.pl\/wiadomosci\/#\/schema\/person\/940e8f8a097e322de4f463f061ef8d45"},"headline":"Jednoznaczna ekspertyza w sprawie klon\u00f3w przy ul. K\u0142odnickiej. &#8220;Powa\u017cne zagro\u017cenie&#8221;","datePublished":"2018-07-10T11:21:40+00:00","dateModified":"2018-07-10T11:22:58+00:00","mainEntityOfPage":{"@id":"https:\/\/www.24gliwice.pl\/wiadomosci\/ekspertyza-w-sprawie-klonow-przy-ul-klodnickiej-powazne-zagrozenie\/"},"wordCount":466,"commentCount":0,"publisher":{"@id":"https:\/\/www.24gliwice.pl\/wiadomosci\/#organization"},"image":{"@id":"https:\/\/www.24gliwice.pl\/wiadomosci\/ekspertyza-w-sprawie-klonow-przy-ul-klodnickiej-powazne-zagrozenie\/#primaryimage"},"thumbnailUrl":"https:\/\/www.24gliwice.pl\/wiadomosci\/wp-content\/uploads\/2018\/07\/1-klony-klodnicka-4-001.jpg","keywords":["gliwickie drzewa","jakub s\u0142upski","ZDM"],"articleSection":["Gliwice","Najnowsze wiadomo\u015bci","Portal Gliwice - Wiadomo\u015bci lokalne"],"inLanguage":"pl-PL","potentialAction":[{"@type":"CommentAction","name":"Comment","target":["https:\/\/www.24gliwice.pl\/wiadomosci\/ekspertyza-w-sprawie-klonow-przy-ul-klodnickiej-powazne-zagrozenie\/#respond"]}]},{"@type":"WebPage","@id":"https:\/\/www.24gliwice.pl\/wiadomosci\/ekspertyza-w-sprawie-klonow-przy-ul-klodnickiej-powazne-zagrozenie\/","url":"https:\/\/www.24gliwice.pl\/wiadomosci\/ekspertyza-w-sprawie-klonow-przy-ul-klodnickiej-powazne-zagrozenie\/","name":"Jednoznaczna ekspertyza w sprawie klon\u00f3w przy ul. K\u0142odnickiej. \"Powa\u017cne zagro\u017cenie\" - 24GLIWICE - Portal Gliwice | codziennie nowe informacje","isPartOf":{"@id":"https:\/\/www.24gliwice.pl\/wiadomosci\/#website"},"primaryImageOfPage":{"@id":"https:\/\/www.24gliwice.pl\/wiadomosci\/ekspertyza-w-sprawie-klonow-przy-ul-klodnickiej-powazne-zagrozenie\/#primaryimage"},"image":{"@id":"https:\/\/www.24gliwice.pl\/wiadomosci\/ekspertyza-w-sprawie-klonow-przy-ul-klodnickiej-powazne-zagrozenie\/#primaryimage"},"thumbnailUrl":"https:\/\/www.24gliwice.pl\/wiadomosci\/wp-content\/uploads\/2018\/07\/1-klony-klodnicka-4-001.jpg","datePublished":"2018-07-10T11:21:40+00:00","dateModified":"2018-07-10T11:22:58+00:00","breadcrumb":{"@id":"https:\/\/www.24gliwice.pl\/wiadomosci\/ekspertyza-w-sprawie-klonow-przy-ul-klodnickiej-powazne-zagrozenie\/#breadcrumb"},"inLanguage":"pl-PL","potentialAction":[{"@type":"ReadAction","target":["https:\/\/www.24gliwice.pl\/wiadomosci\/ekspertyza-w-sprawie-klonow-przy-ul-klodnickiej-powazne-zagrozenie\/"]}]},{"@type":"ImageObject","inLanguage":"pl-PL","@id":"https:\/\/www.24gliwice.pl\/wiadomosci\/ekspertyza-w-sprawie-klonow-przy-ul-klodnickiej-powazne-zagrozenie\/#primaryimage","url":"https:\/\/www.24gliwice.pl\/wiadomosci\/wp-content\/uploads\/2018\/07\/1-klony-klodnicka-4-001.jpg","contentUrl":"https:\/\/www.24gliwice.pl\/wiadomosci\/wp-content\/uploads\/2018\/07\/1-klony-klodnicka-4-001.jpg","width":810,"height":456},{"@type":"BreadcrumbList","@id":"https:\/\/www.24gliwice.pl\/wiadomosci\/ekspertyza-w-sprawie-klonow-przy-ul-klodnickiej-powazne-zagrozenie\/#breadcrumb","itemListElement":[{"@type":"ListItem","position":1,"name":"Strona g\u0142\u00f3wna","item":"https:\/\/www.24gliwice.pl\/wiadomosci\/"},{"@type":"ListItem","position":2,"name":"Jednoznaczna ekspertyza w sprawie klon\u00f3w przy ul. K\u0142odnickiej. &#8222;Powa\u017cne zagro\u017cenie&#8221;"}]},{"@type":"WebSite","@id":"https:\/\/www.24gliwice.pl\/wiadomosci\/#website","url":"https:\/\/www.24gliwice.pl\/wiadomosci\/","name":"24GLIWICE - Portal Gliwice | codziennie nowe wiadomo\u015bci","description":"Portal Miejski Gliwice","publisher":{"@id":"https:\/\/www.24gliwice.pl\/wiadomosci\/#organization"},"potentialAction":[{"@type":"SearchAction","target":{"@type":"EntryPoint","urlTemplate":"https:\/\/www.24gliwice.pl\/wiadomosci\/?s={search_term_string}"},"query-input":{"@type":"PropertyValueSpecification","valueRequired":true,"valueName":"search_term_string"}}],"inLanguage":"pl-PL"},{"@type":"Organization","@id":"https:\/\/www.24gliwice.pl\/wiadomosci\/#organization","name":"24gliwice","url":"https:\/\/www.24gliwice.pl\/wiadomosci\/","logo":{"@type":"ImageObject","inLanguage":"pl-PL","@id":"https:\/\/www.24gliwice.pl\/wiadomosci\/#\/schema\/logo\/image\/","url":"https:\/\/www.24gliwice.pl\/wiadomosci\/wp-content\/uploads\/2024\/10\/24gliwice-logo-696.jpg","contentUrl":"https:\/\/www.24gliwice.pl\/wiadomosci\/wp-content\/uploads\/2024\/10\/24gliwice-logo-696.jpg","width":696,"height":696,"caption":"24gliwice"},"image":{"@id":"https:\/\/www.24gliwice.pl\/wiadomosci\/#\/schema\/logo\/image\/"},"sameAs":["https:\/\/www.facebook.com\/24gliwice","https:\/\/x.com\/24gliwice","https:\/\/www.youtube.com\/@24gliwice"]},{"@type":"Person","@id":"https:\/\/www.24gliwice.pl\/wiadomosci\/#\/schema\/person\/940e8f8a097e322de4f463f061ef8d45","name":"Micha\u0142 Szewczyk","image":{"@type":"ImageObject","inLanguage":"pl-PL","@id":"https:\/\/secure.gravatar.com\/avatar\/771b8b6c74cd8d255e46392d605e01a86133900ef09b6ef3c8d451c9d92288cf?s=96&d=mm&r=g","url":"https:\/\/secure.gravatar.com\/avatar\/771b8b6c74cd8d255e46392d605e01a86133900ef09b6ef3c8d451c9d92288cf?s=96&d=mm&r=g","contentUrl":"https:\/\/secure.gravatar.com\/avatar\/771b8b6c74cd8d255e46392d605e01a86133900ef09b6ef3c8d451c9d92288cf?s=96&d=mm&r=g","caption":"Micha\u0142 Szewczyk"},"sameAs":["http:\/\/www.gazeta-miejska.pl"],"url":"https:\/\/www.24gliwice.pl\/wiadomosci\/author\/michal-szewczyk\/"}]}},"_links":{"self":[{"href":"https:\/\/www.24gliwice.pl\/wiadomosci\/wp-json\/wp\/v2\/posts\/119858","targetHints":{"allow":["GET"]}}],"collection":[{"href":"https:\/\/www.24gliwice.pl\/wiadomosci\/wp-json\/wp\/v2\/posts"}],"about":[{"href":"https:\/\/www.24gliwice.pl\/wiadomosci\/wp-json\/wp\/v2\/types\/post"}],"author":[{"embeddable":true,"href":"https:\/\/www.24gliwice.pl\/wiadomosci\/wp-json\/wp\/v2\/users\/12"}],"replies":[{"embeddable":true,"href":"https:\/\/www.24gliwice.pl\/wiadomosci\/wp-json\/wp\/v2\/comments?post=119858"}],"version-history":[{"count":0,"href":"https:\/\/www.24gliwice.pl\/wiadomosci\/wp-json\/wp\/v2\/posts\/119858\/revisions"}],"wp:featuredmedia":[{"embeddable":true,"href":"https:\/\/www.24gliwice.pl\/wiadomosci\/wp-json\/wp\/v2\/media\/119966"}],"wp:attachment":[{"href":"https:\/\/www.24gliwice.pl\/wiadomosci\/wp-json\/wp\/v2\/media?parent=119858"}],"wp:term":[{"taxonomy":"category","embeddable":true,"href":"https:\/\/www.24gliwice.pl\/wiadomosci\/wp-json\/wp\/v2\/categories?post=119858"},{"taxonomy":"post_tag","embeddable":true,"href":"https:\/\/www.24gliwice.pl\/wiadomosci\/wp-json\/wp\/v2\/tags?post=119858"}],"curies":[{"name":"wp","href":"https:\/\/api.w.org\/{rel}","templated":true}]}}