{"id":119909,"date":"2018-07-12T01:13:19","date_gmt":"2018-07-11T23:13:19","guid":{"rendered":"https:\/\/www.24gliwice.pl\/wiadomosci\/?p=119909"},"modified":"2018-07-12T01:13:19","modified_gmt":"2018-07-11T23:13:19","slug":"woonerf-na-ul-sieminskiego-tylko-do-zimy-zapytalismy-o-to-drogowcow-i-mamy-odpowiedz","status":"publish","type":"post","link":"https:\/\/www.24gliwice.pl\/wiadomosci\/woonerf-na-ul-sieminskiego-tylko-do-zimy-zapytalismy-o-to-drogowcow-i-mamy-odpowiedz\/","title":{"rendered":"&#8220;Woonerf&#8221; na ul. Siemi\u0144skiego tylko do zimy? Zapytali\u015bmy o to drogowc\u00f3w i mamy odpowied\u017a"},"content":{"rendered":"<div class=\"gliwi-a6-nad-leadem-artykulow gliwi-entity-placement\" id=\"gliwi-1875844224\"><div class=\"gliwi-adlabel\"><span style=\"font-size: 9px\">REKLAMA<\/span><\/div><div id=\"gliwi-4117827195\" style=\"margin-bottom: 30px;margin-left: auto;margin-right: auto;text-align: center;\"><a data-no-instant=\"1\" href=\"https:\/\/przedszkole.halogen.org.pl\/\" rel=\"noopener\" class=\"a2t-link\" target=\"_blank\" aria-label=\"20260402-ANIMATOR-przedszkole_grafika_750x200\"><img loading=\"lazy\" decoding=\"async\" src=\"https:\/\/www.24gliwice.pl\/wiadomosci\/wp-content\/uploads\/2026\/04\/20260402-ANIMATOR-przedszkole_grafika_750x200.webp\" alt=\"\"  srcset=\"https:\/\/www.24gliwice.pl\/wiadomosci\/wp-content\/uploads\/2026\/04\/20260402-ANIMATOR-przedszkole_grafika_750x200.webp 750w, https:\/\/www.24gliwice.pl\/wiadomosci\/wp-content\/uploads\/2026\/04\/20260402-ANIMATOR-przedszkole_grafika_750x200-410x109.webp 410w\" sizes=\"(max-width: 750px) 100vw, 750px\" class=\"no-lazyload\" width=\"750\" height=\"200\"  style=\"display: inline-block; max-width: 100%; height: auto;\" \/><\/a><\/div><\/div><h3>Woonerf nie zostanie zdemontowany na zim\u0119, ale mo\u017cliwe s\u0105 zmiany w organizacji ruchu na ul. Siemi\u0144skiego &#8211; wynika z informacji przekazanych przez Zarz\u0105d Dr\u00f3g Miejskich w Gliwicach.<\/h3>\n<p> Pytania o przysz\u0142o\u015b\u0107 tego miejsca pojawi\u0142y si\u0119 niemal od pocz\u0105tku jego powstania. Spekulacje wzros\u0142y na pocz\u0105tku czerwca, kiedy miejski aktywista <strong>Petros Tovmasyan<\/strong>, powo\u0142uj\u0105c si\u0119 na &#8220;dobrze poinformowane \u017ar\u00f3d\u0142a&#8221;, zaalarmowa\u0142 na facebooku o mo\u017cliwej likwidacji woonerf&#8217;u tu\u017c po tegorocznych wyborach samorz\u0105dowych.<br \/>\nCo na to drogowcy?<\/p>\n<h4>&#8220;NIE WYKLUCZAMY MODYFIKACJI&#8221;<\/h4>\n<p>&#8211; Woonerf nie b\u0119dzie demontowany na zim\u0119 i b\u0119dzie funkcjonowa\u0142 w przysz\u0142ym roku &#8211; deklaruje <strong>Jadwiga Stiborska<\/strong>, rzecznik prasowy gliwickiego ZDM. &#8211; Nie wyklucza si\u0119 natomiast mo\u017cliwo\u015bci wprowadzenia modyfikacji w organizacji ruchu w tym miejscu &#8211; dodaje. <\/p><div class=\"gliwi-a3-w-tresci-artykulow gliwi-entity-placement\" id=\"gliwi-1322299705\"><div class=\"gliwi-adlabel\"><span style=\"font-size: 9px\">REKLAMA<\/span><\/div><div id=\"gliwi-4085278442\" style=\"margin-bottom: 30px;margin-left: auto;margin-right: auto;text-align: center;\"><a data-no-instant=\"1\" href=\"https:\/\/zlobek.halogen.org.pl\/\" rel=\"noopener\" class=\"a2t-link\" target=\"_blank\" aria-label=\"animator-zlobek_750x200\"><img loading=\"lazy\" decoding=\"async\" src=\"https:\/\/www.24gliwice.pl\/wiadomosci\/wp-content\/uploads\/2026\/02\/animator-zlobek_750x200.webp\" alt=\"\"  srcset=\"https:\/\/www.24gliwice.pl\/wiadomosci\/wp-content\/uploads\/2026\/02\/animator-zlobek_750x200.webp 750w, https:\/\/www.24gliwice.pl\/wiadomosci\/wp-content\/uploads\/2026\/02\/animator-zlobek_750x200-410x109.webp 410w\" sizes=\"(max-width: 750px) 100vw, 750px\" class=\"no-lazyload\" width=\"750\" height=\"200\"  style=\"display: inline-block; max-width: 100%; height: auto;\" \/><\/a><\/div><\/div>\n<p>Drogowcy jednak nie precyzuj\u0105 na czym dok\u0142adnie mia\u0142aby polega\u0107 ta zmiana. W sieci niejednokrotnie pojawia\u0142y si\u0119 ju\u017c sugestie wprowadzenie jednokierunkowo\u015bci na ul. Siemi\u0144skiego b\u0105d\u017a zupe\u0142nego zamkni\u0119cia ulicy dla ruchu samochod\u00f3w. <\/p>\n<p>&#8211; Przed wprowadzeniem woonerfu, na etapie sporz\u0105dzania dokumentacji projektowej, analizowane by\u0142y r\u00f3\u017cne koncepcje rozwi\u0105za\u0144 organizacji ruchu, kt\u00f3re systematycznie konsultowano z Policj\u0105 i firm\u0105 projektow\u0105 PROjARCH. Ostateczny projekt sta\u0142ej organizacji ruchu, obejmuj\u0105cy m.in. oznakowanie strefy zamieszkania, miejsc parkingowych czy pozostawienie istniej\u0105cych s\u0142upk\u00f3w blokuj\u0105cych, uzyska\u0142 pozytywn\u0105 opini\u0119 Policji &#8211; informuj\u0105 enigmatycznie przedstawiciele ZDM. <\/p>\n<h4>ZIMA WOONERFOWI NIESTRASZNA?<\/h4>\n<p>Plany utrzymania w sezonie zimowym na ul. Siemi\u0144skiego woonerfowych podest\u00f3w i donic to zaskoczenie. Do tej pory mo\u017cna si\u0119 by\u0142o spodziewa\u0107, \u017ce ca\u0142a infrastruktura zostanie zdemontowana. St\u0105d te\u017c na ulicy mia\u0142y pozosta\u0107 s\u0142upki oddzielaj\u0105ce chodnik od jezdni. Zdaniem wielu krytyk\u00f3w gliwickiego rozwi\u0105zania, to w\u0142a\u015bnie one powoduj\u0105 dezorganizacj\u0119, a sam\u0105 swoj\u0105 obecno\u015bci\u0105 przecz\u0105 idei podw\u00f3rca, czyli miejsca z bezwzgl\u0119dnym pierwsze\u0144stwem pieszych.<\/p>\n<blockquote><p>&#8211; W kwestii s\u0142upk\u00f3w mo\u017cna mie\u0107 zr\u00f3\u017cnicowane stanowiska. W naszej opinii nie jest to czynnik kluczowy decyduj\u0105cy o niestosowaniu si\u0119 kieruj\u0105cych pojazdami do istniej\u0105cej organizacji ruchu<\/p><\/blockquote>\n<p> &#8211; informuje Jadwiga Stiborska. &#8211; Niestety faktyczne przyczyny obserwowanych nieprawid\u0142owo\u015bci wynikaj\u0105 z innych okoliczno\u015bci, tj. \u015bwiadomego niestosowania si\u0119 do istniej\u0105cej organizacji ruchu, braku znajomo\u015bci obowi\u0105zuj\u0105cych przepis\u00f3w, b\u0105d\u017a ich lekcewa\u017cenia oraz braku czego\u015b nazywanego potocznie tzw. kultur\u0105 jazdy, niezwykle istotnej w miejscach wsp\u00f3\u0142dzielonych przestrzeni takich jak m.in. woonerf &#8211; komentuje.<\/p>\n<p><img loading=\"lazy\" decoding=\"async\" src=\"https:\/\/www.24gliwice.pl\/wiadomosci\/wp-content\/uploads\/2018\/07\/wo.jpg\" alt=\"\" width=\"1200\" height=\"675\" class=\"alignnone size-full wp-image-120022\" srcset=\"https:\/\/www.24gliwice.pl\/wiadomosci\/wp-content\/uploads\/2018\/07\/wo.jpg 1200w, https:\/\/www.24gliwice.pl\/wiadomosci\/wp-content\/uploads\/2018\/07\/wo-410x232.jpg 410w, https:\/\/www.24gliwice.pl\/wiadomosci\/wp-content\/uploads\/2018\/07\/wo-768x432.jpg 768w, https:\/\/www.24gliwice.pl\/wiadomosci\/wp-content\/uploads\/2018\/07\/wo-810x456.jpg 810w, https:\/\/www.24gliwice.pl\/wiadomosci\/wp-content\/uploads\/2018\/07\/wo-1140x641.jpg 1140w\" sizes=\"auto, (max-width: 1200px) 100vw, 1200px\" \/><\/p>\n<p>Drogowcy wskazuj\u0105 te\u017c na zalety s\u0142upk\u00f3w.<br \/>\n&#8211; Pozwalaj\u0105 one na minimalizacj\u0119 niekontrolowanego parkowania pojazd\u00f3w w miejscach do tego niewyznaczonych. Ich likwidacja mo\u017ce spot\u0119gowa\u0107 ten efekt, blokuj\u0105c lub znacznie ograniczaj\u0105c mo\u017cliwo\u015b\u0107 przej\u015bcia wzd\u0142u\u017c elewacji.<\/p>\n<p>ZDM nie wyklucza natomiast mo\u017cliwo\u015bci usuni\u0119cia s\u0142upk\u00f3w w przysz\u0142o\u015bci. Wszelkie zmiany b\u0119d\u0105 jednak najpierw konsultowane z gliwick\u0105 policj\u0105.<br \/>\n&#8211; Zbyt szybkie wdro\u017cenie pewnych zmian, mniej lub bardziej radykalnych, mo\u017ce bardziej zaszkodzi\u0107, wprowadzi\u0107 dodatkowy chaos ni\u017c pom\u00f3c &#8211; podkre\u015bla Stiborska.<\/p>\n<p>W okresie zimowym na woonerfie ma pozosta\u0107 te\u017c wi\u0119kszo\u015b\u0107 ro\u015blin. W tym celu donice zabezpieczone zosta\u0142y mat\u0105 poliuretanow\u0105, styropianem i geow\u0142\u00f3knin\u0105.<\/p>\n<p>Micha\u0142 Szewczyk<\/p>\n<div class=\"gliwi-a5-na-koncu-artykulow gliwi-entity-placement\" id=\"gliwi-932947588\"><div class=\"gliwi-adlabel\"><span style=\"font-size: 9px\">REKLAMA<\/span><\/div><div id=\"gliwi-3695782417\" style=\"margin-left: auto;margin-right: auto;text-align: center;\"><a data-no-instant=\"1\" href=\"https:\/\/prezeroarenagliwice.pl\/\" rel=\"noopener\" class=\"a2t-link\" target=\"_blank\" aria-label=\"20260309-PREZERO-WIOSNA-D\"><img loading=\"lazy\" decoding=\"async\" src=\"https:\/\/www.24gliwice.pl\/wiadomosci\/wp-content\/uploads\/2026\/03\/20260309-PREZERO-WIOSNA-D.webp\" alt=\"\"  srcset=\"https:\/\/www.24gliwice.pl\/wiadomosci\/wp-content\/uploads\/2026\/03\/20260309-PREZERO-WIOSNA-D.webp 750w, https:\/\/www.24gliwice.pl\/wiadomosci\/wp-content\/uploads\/2026\/03\/20260309-PREZERO-WIOSNA-D-410x109.webp 410w\" sizes=\"(max-width: 750px) 100vw, 750px\" class=\"no-lazyload\" width=\"750\" height=\"200\"  style=\"display: inline-block; max-width: 100%; height: auto;\" \/><\/a><\/div><\/div>","protected":false},"excerpt":{"rendered":"<p>Woonerf nie zostanie zdemontowany na zim\u0119, ale mo\u017cliwe s\u0105 zmiany w organizacji ruchu na ul. Siemi\u0144skiego &#8211; wynika z informacji przekazanych przez Zarz\u0105d Dr\u00f3g Miejskich w Gliwicach. Pytania o przysz\u0142o\u015b\u0107 tego miejsca pojawi\u0142y si\u0119 niemal od pocz\u0105tku jego powstania. Spekulacje wzros\u0142y na pocz\u0105tku czerwca, kiedy miejski aktywista Petros Tovmasyan, powo\u0142uj\u0105c si\u0119 na &#8220;dobrze poinformowane \u017ar\u00f3d\u0142a&#8221;, [&hellip;]<\/p>\n","protected":false},"author":12,"featured_media":120021,"comment_status":"open","ping_status":"closed","sticky":false,"template":"","format":"standard","meta":{"_monsterinsights_skip_tracking":false,"_monsterinsights_sitenote_active":false,"_monsterinsights_sitenote_note":"","_monsterinsights_sitenote_category":0,"footnotes":"","_links_to":"","_links_to_target":""},"categories":[3,1,9],"tags":[11590,7812,10224,4967,10693,214],"class_list":["post-119909","post","type-post","status-publish","format-standard","has-post-thumbnail","hentry","category-gliwice","category-wszystko","category-aktualnosci_lokalne","tag-sieminskiego","tag-stiborska","tag-tovmasyan","tag-wieczorka","tag-woonerf","tag-zdm"],"yoast_head":"<!-- This site is optimized with the Yoast SEO plugin v27.5 - https:\/\/yoast.com\/product\/yoast-seo-wordpress\/ -->\n<title>&quot;Woonerf&quot; na ul. Siemi\u0144skiego tylko do zimy? Zapytali\u015bmy o to drogowc\u00f3w i mamy odpowied\u017a - 24GLIWICE - Portal Gliwice | codziennie nowe informacje<\/title>\n<meta name=\"robots\" content=\"index, follow, max-snippet:-1, max-image-preview:large, max-video-preview:-1\" \/>\n<link rel=\"canonical\" href=\"https:\/\/www.24gliwice.pl\/wiadomosci\/woonerf-na-ul-sieminskiego-tylko-do-zimy-zapytalismy-o-to-drogowcow-i-mamy-odpowiedz\/\" \/>\n<meta property=\"og:locale\" content=\"pl_PL\" \/>\n<meta property=\"og:type\" content=\"article\" \/>\n<meta property=\"og:title\" content=\"&quot;Woonerf&quot; na ul. Siemi\u0144skiego tylko do zimy? Zapytali\u015bmy o to drogowc\u00f3w i mamy odpowied\u017a - 24GLIWICE - Portal Gliwice | codziennie nowe informacje\" \/>\n<meta property=\"og:description\" content=\"Woonerf nie zostanie zdemontowany na zim\u0119, ale mo\u017cliwe s\u0105 zmiany w organizacji ruchu na ul. Siemi\u0144skiego &#8211; wynika z informacji przekazanych przez Zarz\u0105d Dr\u00f3g Miejskich w Gliwicach. Pytania o przysz\u0142o\u015b\u0107 tego miejsca pojawi\u0142y si\u0119 niemal od pocz\u0105tku jego powstania. Spekulacje wzros\u0142y na pocz\u0105tku czerwca, kiedy miejski aktywista Petros Tovmasyan, powo\u0142uj\u0105c si\u0119 na &#8220;dobrze poinformowane \u017ar\u00f3d\u0142a&#8221;, [&hellip;]\" \/>\n<meta property=\"og:url\" content=\"https:\/\/www.24gliwice.pl\/wiadomosci\/woonerf-na-ul-sieminskiego-tylko-do-zimy-zapytalismy-o-to-drogowcow-i-mamy-odpowiedz\/\" \/>\n<meta property=\"og:site_name\" content=\"24GLIWICE - Portal Gliwice | codziennie nowe informacje\" \/>\n<meta property=\"article:publisher\" content=\"https:\/\/www.facebook.com\/24gliwice\" \/>\n<meta property=\"article:published_time\" content=\"2018-07-11T23:13:19+00:00\" \/>\n<meta property=\"og:image\" content=\"https:\/\/www.24gliwice.pl\/wiadomosci\/wp-content\/uploads\/2018\/07\/gg.jpg\" \/>\n\t<meta property=\"og:image:width\" content=\"1200\" \/>\n\t<meta property=\"og:image:height\" content=\"675\" \/>\n\t<meta property=\"og:image:type\" content=\"image\/jpeg\" \/>\n<meta name=\"author\" content=\"Micha\u0142 Szewczyk\" \/>\n<meta name=\"twitter:card\" content=\"summary_large_image\" \/>\n<meta name=\"twitter:creator\" content=\"@24gliwice\" \/>\n<meta name=\"twitter:site\" content=\"@24gliwice\" \/>\n<meta name=\"twitter:label1\" content=\"Napisane przez\" \/>\n\t<meta name=\"twitter:data1\" content=\"Micha\u0142 Szewczyk\" \/>\n\t<meta name=\"twitter:label2\" content=\"Szacowany czas czytania\" \/>\n\t<meta name=\"twitter:data2\" content=\"3 minuty\" \/>\n<script type=\"application\/ld+json\" class=\"yoast-schema-graph\">{\"@context\":\"https:\\\/\\\/schema.org\",\"@graph\":[{\"@type\":\"Article\",\"@id\":\"https:\\\/\\\/www.24gliwice.pl\\\/wiadomosci\\\/woonerf-na-ul-sieminskiego-tylko-do-zimy-zapytalismy-o-to-drogowcow-i-mamy-odpowiedz\\\/#article\",\"isPartOf\":{\"@id\":\"https:\\\/\\\/www.24gliwice.pl\\\/wiadomosci\\\/woonerf-na-ul-sieminskiego-tylko-do-zimy-zapytalismy-o-to-drogowcow-i-mamy-odpowiedz\\\/\"},\"author\":{\"name\":\"Micha\u0142 Szewczyk\",\"@id\":\"https:\\\/\\\/www.24gliwice.pl\\\/wiadomosci\\\/#\\\/schema\\\/person\\\/940e8f8a097e322de4f463f061ef8d45\"},\"headline\":\"&#8220;Woonerf&#8221; na ul. Siemi\u0144skiego tylko do zimy? Zapytali\u015bmy o to drogowc\u00f3w i mamy odpowied\u017a\",\"datePublished\":\"2018-07-11T23:13:19+00:00\",\"mainEntityOfPage\":{\"@id\":\"https:\\\/\\\/www.24gliwice.pl\\\/wiadomosci\\\/woonerf-na-ul-sieminskiego-tylko-do-zimy-zapytalismy-o-to-drogowcow-i-mamy-odpowiedz\\\/\"},\"wordCount\":546,\"commentCount\":0,\"publisher\":{\"@id\":\"https:\\\/\\\/www.24gliwice.pl\\\/wiadomosci\\\/#organization\"},\"image\":{\"@id\":\"https:\\\/\\\/www.24gliwice.pl\\\/wiadomosci\\\/woonerf-na-ul-sieminskiego-tylko-do-zimy-zapytalismy-o-to-drogowcow-i-mamy-odpowiedz\\\/#primaryimage\"},\"thumbnailUrl\":\"https:\\\/\\\/www.24gliwice.pl\\\/wiadomosci\\\/wp-content\\\/uploads\\\/2018\\\/07\\\/gg.jpg\",\"keywords\":[\"SIEMI\u0143SKIEGO\",\"stiborska\",\"tovmasyan\",\"WIECZORKA\",\"WOONERF\",\"ZDM\"],\"articleSection\":[\"Gliwice\",\"Najnowsze wiadomo\u015bci\",\"Portal Gliwice - Wiadomo\u015bci lokalne\"],\"inLanguage\":\"pl-PL\",\"potentialAction\":[{\"@type\":\"CommentAction\",\"name\":\"Comment\",\"target\":[\"https:\\\/\\\/www.24gliwice.pl\\\/wiadomosci\\\/woonerf-na-ul-sieminskiego-tylko-do-zimy-zapytalismy-o-to-drogowcow-i-mamy-odpowiedz\\\/#respond\"]}]},{\"@type\":\"WebPage\",\"@id\":\"https:\\\/\\\/www.24gliwice.pl\\\/wiadomosci\\\/woonerf-na-ul-sieminskiego-tylko-do-zimy-zapytalismy-o-to-drogowcow-i-mamy-odpowiedz\\\/\",\"url\":\"https:\\\/\\\/www.24gliwice.pl\\\/wiadomosci\\\/woonerf-na-ul-sieminskiego-tylko-do-zimy-zapytalismy-o-to-drogowcow-i-mamy-odpowiedz\\\/\",\"name\":\"\\\"Woonerf\\\" na ul. Siemi\u0144skiego tylko do zimy? Zapytali\u015bmy o to drogowc\u00f3w i mamy odpowied\u017a - 24GLIWICE - Portal Gliwice | codziennie nowe informacje\",\"isPartOf\":{\"@id\":\"https:\\\/\\\/www.24gliwice.pl\\\/wiadomosci\\\/#website\"},\"primaryImageOfPage\":{\"@id\":\"https:\\\/\\\/www.24gliwice.pl\\\/wiadomosci\\\/woonerf-na-ul-sieminskiego-tylko-do-zimy-zapytalismy-o-to-drogowcow-i-mamy-odpowiedz\\\/#primaryimage\"},\"image\":{\"@id\":\"https:\\\/\\\/www.24gliwice.pl\\\/wiadomosci\\\/woonerf-na-ul-sieminskiego-tylko-do-zimy-zapytalismy-o-to-drogowcow-i-mamy-odpowiedz\\\/#primaryimage\"},\"thumbnailUrl\":\"https:\\\/\\\/www.24gliwice.pl\\\/wiadomosci\\\/wp-content\\\/uploads\\\/2018\\\/07\\\/gg.jpg\",\"datePublished\":\"2018-07-11T23:13:19+00:00\",\"breadcrumb\":{\"@id\":\"https:\\\/\\\/www.24gliwice.pl\\\/wiadomosci\\\/woonerf-na-ul-sieminskiego-tylko-do-zimy-zapytalismy-o-to-drogowcow-i-mamy-odpowiedz\\\/#breadcrumb\"},\"inLanguage\":\"pl-PL\",\"potentialAction\":[{\"@type\":\"ReadAction\",\"target\":[\"https:\\\/\\\/www.24gliwice.pl\\\/wiadomosci\\\/woonerf-na-ul-sieminskiego-tylko-do-zimy-zapytalismy-o-to-drogowcow-i-mamy-odpowiedz\\\/\"]}]},{\"@type\":\"ImageObject\",\"inLanguage\":\"pl-PL\",\"@id\":\"https:\\\/\\\/www.24gliwice.pl\\\/wiadomosci\\\/woonerf-na-ul-sieminskiego-tylko-do-zimy-zapytalismy-o-to-drogowcow-i-mamy-odpowiedz\\\/#primaryimage\",\"url\":\"https:\\\/\\\/www.24gliwice.pl\\\/wiadomosci\\\/wp-content\\\/uploads\\\/2018\\\/07\\\/gg.jpg\",\"contentUrl\":\"https:\\\/\\\/www.24gliwice.pl\\\/wiadomosci\\\/wp-content\\\/uploads\\\/2018\\\/07\\\/gg.jpg\",\"width\":1200,\"height\":675},{\"@type\":\"BreadcrumbList\",\"@id\":\"https:\\\/\\\/www.24gliwice.pl\\\/wiadomosci\\\/woonerf-na-ul-sieminskiego-tylko-do-zimy-zapytalismy-o-to-drogowcow-i-mamy-odpowiedz\\\/#breadcrumb\",\"itemListElement\":[{\"@type\":\"ListItem\",\"position\":1,\"name\":\"Strona g\u0142\u00f3wna\",\"item\":\"https:\\\/\\\/www.24gliwice.pl\\\/wiadomosci\\\/\"},{\"@type\":\"ListItem\",\"position\":2,\"name\":\"&#8222;Woonerf&#8221; na ul. Siemi\u0144skiego tylko do zimy? Zapytali\u015bmy o to drogowc\u00f3w i mamy odpowied\u017a\"}]},{\"@type\":\"WebSite\",\"@id\":\"https:\\\/\\\/www.24gliwice.pl\\\/wiadomosci\\\/#website\",\"url\":\"https:\\\/\\\/www.24gliwice.pl\\\/wiadomosci\\\/\",\"name\":\"24GLIWICE - Portal Gliwice | codziennie nowe wiadomo\u015bci\",\"description\":\"Portal Miejski Gliwice\",\"publisher\":{\"@id\":\"https:\\\/\\\/www.24gliwice.pl\\\/wiadomosci\\\/#organization\"},\"potentialAction\":[{\"@type\":\"SearchAction\",\"target\":{\"@type\":\"EntryPoint\",\"urlTemplate\":\"https:\\\/\\\/www.24gliwice.pl\\\/wiadomosci\\\/?s={search_term_string}\"},\"query-input\":{\"@type\":\"PropertyValueSpecification\",\"valueRequired\":true,\"valueName\":\"search_term_string\"}}],\"inLanguage\":\"pl-PL\"},{\"@type\":\"Organization\",\"@id\":\"https:\\\/\\\/www.24gliwice.pl\\\/wiadomosci\\\/#organization\",\"name\":\"24gliwice\",\"url\":\"https:\\\/\\\/www.24gliwice.pl\\\/wiadomosci\\\/\",\"logo\":{\"@type\":\"ImageObject\",\"inLanguage\":\"pl-PL\",\"@id\":\"https:\\\/\\\/www.24gliwice.pl\\\/wiadomosci\\\/#\\\/schema\\\/logo\\\/image\\\/\",\"url\":\"https:\\\/\\\/www.24gliwice.pl\\\/wiadomosci\\\/wp-content\\\/uploads\\\/2024\\\/10\\\/24gliwice-logo-696.jpg\",\"contentUrl\":\"https:\\\/\\\/www.24gliwice.pl\\\/wiadomosci\\\/wp-content\\\/uploads\\\/2024\\\/10\\\/24gliwice-logo-696.jpg\",\"width\":696,\"height\":696,\"caption\":\"24gliwice\"},\"image\":{\"@id\":\"https:\\\/\\\/www.24gliwice.pl\\\/wiadomosci\\\/#\\\/schema\\\/logo\\\/image\\\/\"},\"sameAs\":[\"https:\\\/\\\/www.facebook.com\\\/24gliwice\",\"https:\\\/\\\/x.com\\\/24gliwice\",\"https:\\\/\\\/www.youtube.com\\\/@24gliwice\"]},{\"@type\":\"Person\",\"@id\":\"https:\\\/\\\/www.24gliwice.pl\\\/wiadomosci\\\/#\\\/schema\\\/person\\\/940e8f8a097e322de4f463f061ef8d45\",\"name\":\"Micha\u0142 Szewczyk\",\"image\":{\"@type\":\"ImageObject\",\"inLanguage\":\"pl-PL\",\"@id\":\"https:\\\/\\\/secure.gravatar.com\\\/avatar\\\/771b8b6c74cd8d255e46392d605e01a86133900ef09b6ef3c8d451c9d92288cf?s=96&d=mm&r=g\",\"url\":\"https:\\\/\\\/secure.gravatar.com\\\/avatar\\\/771b8b6c74cd8d255e46392d605e01a86133900ef09b6ef3c8d451c9d92288cf?s=96&d=mm&r=g\",\"contentUrl\":\"https:\\\/\\\/secure.gravatar.com\\\/avatar\\\/771b8b6c74cd8d255e46392d605e01a86133900ef09b6ef3c8d451c9d92288cf?s=96&d=mm&r=g\",\"caption\":\"Micha\u0142 Szewczyk\"},\"sameAs\":[\"http:\\\/\\\/www.gazeta-miejska.pl\"],\"url\":\"https:\\\/\\\/www.24gliwice.pl\\\/wiadomosci\\\/author\\\/michal-szewczyk\\\/\"}]}<\/script>\n<!-- \/ Yoast SEO plugin. -->","yoast_head_json":{"title":"\"Woonerf\" na ul. Siemi\u0144skiego tylko do zimy? Zapytali\u015bmy o to drogowc\u00f3w i mamy odpowied\u017a - 24GLIWICE - Portal Gliwice | codziennie nowe informacje","robots":{"index":"index","follow":"follow","max-snippet":"max-snippet:-1","max-image-preview":"max-image-preview:large","max-video-preview":"max-video-preview:-1"},"canonical":"https:\/\/www.24gliwice.pl\/wiadomosci\/woonerf-na-ul-sieminskiego-tylko-do-zimy-zapytalismy-o-to-drogowcow-i-mamy-odpowiedz\/","og_locale":"pl_PL","og_type":"article","og_title":"\"Woonerf\" na ul. Siemi\u0144skiego tylko do zimy? Zapytali\u015bmy o to drogowc\u00f3w i mamy odpowied\u017a - 24GLIWICE - Portal Gliwice | codziennie nowe informacje","og_description":"Woonerf nie zostanie zdemontowany na zim\u0119, ale mo\u017cliwe s\u0105 zmiany w organizacji ruchu na ul. Siemi\u0144skiego &#8211; wynika z informacji przekazanych przez Zarz\u0105d Dr\u00f3g Miejskich w Gliwicach. Pytania o przysz\u0142o\u015b\u0107 tego miejsca pojawi\u0142y si\u0119 niemal od pocz\u0105tku jego powstania. Spekulacje wzros\u0142y na pocz\u0105tku czerwca, kiedy miejski aktywista Petros Tovmasyan, powo\u0142uj\u0105c si\u0119 na &#8220;dobrze poinformowane \u017ar\u00f3d\u0142a&#8221;, [&hellip;]","og_url":"https:\/\/www.24gliwice.pl\/wiadomosci\/woonerf-na-ul-sieminskiego-tylko-do-zimy-zapytalismy-o-to-drogowcow-i-mamy-odpowiedz\/","og_site_name":"24GLIWICE - Portal Gliwice | codziennie nowe informacje","article_publisher":"https:\/\/www.facebook.com\/24gliwice","article_published_time":"2018-07-11T23:13:19+00:00","og_image":[{"width":1200,"height":675,"url":"https:\/\/www.24gliwice.pl\/wiadomosci\/wp-content\/uploads\/2018\/07\/gg.jpg","type":"image\/jpeg"}],"author":"Micha\u0142 Szewczyk","twitter_card":"summary_large_image","twitter_creator":"@24gliwice","twitter_site":"@24gliwice","twitter_misc":{"Napisane przez":"Micha\u0142 Szewczyk","Szacowany czas czytania":"3 minuty"},"schema":{"@context":"https:\/\/schema.org","@graph":[{"@type":"Article","@id":"https:\/\/www.24gliwice.pl\/wiadomosci\/woonerf-na-ul-sieminskiego-tylko-do-zimy-zapytalismy-o-to-drogowcow-i-mamy-odpowiedz\/#article","isPartOf":{"@id":"https:\/\/www.24gliwice.pl\/wiadomosci\/woonerf-na-ul-sieminskiego-tylko-do-zimy-zapytalismy-o-to-drogowcow-i-mamy-odpowiedz\/"},"author":{"name":"Micha\u0142 Szewczyk","@id":"https:\/\/www.24gliwice.pl\/wiadomosci\/#\/schema\/person\/940e8f8a097e322de4f463f061ef8d45"},"headline":"&#8220;Woonerf&#8221; na ul. Siemi\u0144skiego tylko do zimy? Zapytali\u015bmy o to drogowc\u00f3w i mamy odpowied\u017a","datePublished":"2018-07-11T23:13:19+00:00","mainEntityOfPage":{"@id":"https:\/\/www.24gliwice.pl\/wiadomosci\/woonerf-na-ul-sieminskiego-tylko-do-zimy-zapytalismy-o-to-drogowcow-i-mamy-odpowiedz\/"},"wordCount":546,"commentCount":0,"publisher":{"@id":"https:\/\/www.24gliwice.pl\/wiadomosci\/#organization"},"image":{"@id":"https:\/\/www.24gliwice.pl\/wiadomosci\/woonerf-na-ul-sieminskiego-tylko-do-zimy-zapytalismy-o-to-drogowcow-i-mamy-odpowiedz\/#primaryimage"},"thumbnailUrl":"https:\/\/www.24gliwice.pl\/wiadomosci\/wp-content\/uploads\/2018\/07\/gg.jpg","keywords":["SIEMI\u0143SKIEGO","stiborska","tovmasyan","WIECZORKA","WOONERF","ZDM"],"articleSection":["Gliwice","Najnowsze wiadomo\u015bci","Portal Gliwice - Wiadomo\u015bci lokalne"],"inLanguage":"pl-PL","potentialAction":[{"@type":"CommentAction","name":"Comment","target":["https:\/\/www.24gliwice.pl\/wiadomosci\/woonerf-na-ul-sieminskiego-tylko-do-zimy-zapytalismy-o-to-drogowcow-i-mamy-odpowiedz\/#respond"]}]},{"@type":"WebPage","@id":"https:\/\/www.24gliwice.pl\/wiadomosci\/woonerf-na-ul-sieminskiego-tylko-do-zimy-zapytalismy-o-to-drogowcow-i-mamy-odpowiedz\/","url":"https:\/\/www.24gliwice.pl\/wiadomosci\/woonerf-na-ul-sieminskiego-tylko-do-zimy-zapytalismy-o-to-drogowcow-i-mamy-odpowiedz\/","name":"\"Woonerf\" na ul. Siemi\u0144skiego tylko do zimy? Zapytali\u015bmy o to drogowc\u00f3w i mamy odpowied\u017a - 24GLIWICE - Portal Gliwice | codziennie nowe informacje","isPartOf":{"@id":"https:\/\/www.24gliwice.pl\/wiadomosci\/#website"},"primaryImageOfPage":{"@id":"https:\/\/www.24gliwice.pl\/wiadomosci\/woonerf-na-ul-sieminskiego-tylko-do-zimy-zapytalismy-o-to-drogowcow-i-mamy-odpowiedz\/#primaryimage"},"image":{"@id":"https:\/\/www.24gliwice.pl\/wiadomosci\/woonerf-na-ul-sieminskiego-tylko-do-zimy-zapytalismy-o-to-drogowcow-i-mamy-odpowiedz\/#primaryimage"},"thumbnailUrl":"https:\/\/www.24gliwice.pl\/wiadomosci\/wp-content\/uploads\/2018\/07\/gg.jpg","datePublished":"2018-07-11T23:13:19+00:00","breadcrumb":{"@id":"https:\/\/www.24gliwice.pl\/wiadomosci\/woonerf-na-ul-sieminskiego-tylko-do-zimy-zapytalismy-o-to-drogowcow-i-mamy-odpowiedz\/#breadcrumb"},"inLanguage":"pl-PL","potentialAction":[{"@type":"ReadAction","target":["https:\/\/www.24gliwice.pl\/wiadomosci\/woonerf-na-ul-sieminskiego-tylko-do-zimy-zapytalismy-o-to-drogowcow-i-mamy-odpowiedz\/"]}]},{"@type":"ImageObject","inLanguage":"pl-PL","@id":"https:\/\/www.24gliwice.pl\/wiadomosci\/woonerf-na-ul-sieminskiego-tylko-do-zimy-zapytalismy-o-to-drogowcow-i-mamy-odpowiedz\/#primaryimage","url":"https:\/\/www.24gliwice.pl\/wiadomosci\/wp-content\/uploads\/2018\/07\/gg.jpg","contentUrl":"https:\/\/www.24gliwice.pl\/wiadomosci\/wp-content\/uploads\/2018\/07\/gg.jpg","width":1200,"height":675},{"@type":"BreadcrumbList","@id":"https:\/\/www.24gliwice.pl\/wiadomosci\/woonerf-na-ul-sieminskiego-tylko-do-zimy-zapytalismy-o-to-drogowcow-i-mamy-odpowiedz\/#breadcrumb","itemListElement":[{"@type":"ListItem","position":1,"name":"Strona g\u0142\u00f3wna","item":"https:\/\/www.24gliwice.pl\/wiadomosci\/"},{"@type":"ListItem","position":2,"name":"&#8222;Woonerf&#8221; na ul. Siemi\u0144skiego tylko do zimy? Zapytali\u015bmy o to drogowc\u00f3w i mamy odpowied\u017a"}]},{"@type":"WebSite","@id":"https:\/\/www.24gliwice.pl\/wiadomosci\/#website","url":"https:\/\/www.24gliwice.pl\/wiadomosci\/","name":"24GLIWICE - Portal Gliwice | codziennie nowe wiadomo\u015bci","description":"Portal Miejski Gliwice","publisher":{"@id":"https:\/\/www.24gliwice.pl\/wiadomosci\/#organization"},"potentialAction":[{"@type":"SearchAction","target":{"@type":"EntryPoint","urlTemplate":"https:\/\/www.24gliwice.pl\/wiadomosci\/?s={search_term_string}"},"query-input":{"@type":"PropertyValueSpecification","valueRequired":true,"valueName":"search_term_string"}}],"inLanguage":"pl-PL"},{"@type":"Organization","@id":"https:\/\/www.24gliwice.pl\/wiadomosci\/#organization","name":"24gliwice","url":"https:\/\/www.24gliwice.pl\/wiadomosci\/","logo":{"@type":"ImageObject","inLanguage":"pl-PL","@id":"https:\/\/www.24gliwice.pl\/wiadomosci\/#\/schema\/logo\/image\/","url":"https:\/\/www.24gliwice.pl\/wiadomosci\/wp-content\/uploads\/2024\/10\/24gliwice-logo-696.jpg","contentUrl":"https:\/\/www.24gliwice.pl\/wiadomosci\/wp-content\/uploads\/2024\/10\/24gliwice-logo-696.jpg","width":696,"height":696,"caption":"24gliwice"},"image":{"@id":"https:\/\/www.24gliwice.pl\/wiadomosci\/#\/schema\/logo\/image\/"},"sameAs":["https:\/\/www.facebook.com\/24gliwice","https:\/\/x.com\/24gliwice","https:\/\/www.youtube.com\/@24gliwice"]},{"@type":"Person","@id":"https:\/\/www.24gliwice.pl\/wiadomosci\/#\/schema\/person\/940e8f8a097e322de4f463f061ef8d45","name":"Micha\u0142 Szewczyk","image":{"@type":"ImageObject","inLanguage":"pl-PL","@id":"https:\/\/secure.gravatar.com\/avatar\/771b8b6c74cd8d255e46392d605e01a86133900ef09b6ef3c8d451c9d92288cf?s=96&d=mm&r=g","url":"https:\/\/secure.gravatar.com\/avatar\/771b8b6c74cd8d255e46392d605e01a86133900ef09b6ef3c8d451c9d92288cf?s=96&d=mm&r=g","contentUrl":"https:\/\/secure.gravatar.com\/avatar\/771b8b6c74cd8d255e46392d605e01a86133900ef09b6ef3c8d451c9d92288cf?s=96&d=mm&r=g","caption":"Micha\u0142 Szewczyk"},"sameAs":["http:\/\/www.gazeta-miejska.pl"],"url":"https:\/\/www.24gliwice.pl\/wiadomosci\/author\/michal-szewczyk\/"}]}},"_links":{"self":[{"href":"https:\/\/www.24gliwice.pl\/wiadomosci\/wp-json\/wp\/v2\/posts\/119909","targetHints":{"allow":["GET"]}}],"collection":[{"href":"https:\/\/www.24gliwice.pl\/wiadomosci\/wp-json\/wp\/v2\/posts"}],"about":[{"href":"https:\/\/www.24gliwice.pl\/wiadomosci\/wp-json\/wp\/v2\/types\/post"}],"author":[{"embeddable":true,"href":"https:\/\/www.24gliwice.pl\/wiadomosci\/wp-json\/wp\/v2\/users\/12"}],"replies":[{"embeddable":true,"href":"https:\/\/www.24gliwice.pl\/wiadomosci\/wp-json\/wp\/v2\/comments?post=119909"}],"version-history":[{"count":0,"href":"https:\/\/www.24gliwice.pl\/wiadomosci\/wp-json\/wp\/v2\/posts\/119909\/revisions"}],"wp:featuredmedia":[{"embeddable":true,"href":"https:\/\/www.24gliwice.pl\/wiadomosci\/wp-json\/wp\/v2\/media\/120021"}],"wp:attachment":[{"href":"https:\/\/www.24gliwice.pl\/wiadomosci\/wp-json\/wp\/v2\/media?parent=119909"}],"wp:term":[{"taxonomy":"category","embeddable":true,"href":"https:\/\/www.24gliwice.pl\/wiadomosci\/wp-json\/wp\/v2\/categories?post=119909"},{"taxonomy":"post_tag","embeddable":true,"href":"https:\/\/www.24gliwice.pl\/wiadomosci\/wp-json\/wp\/v2\/tags?post=119909"}],"curies":[{"name":"wp","href":"https:\/\/api.w.org\/{rel}","templated":true}]}}