{"id":119922,"date":"2018-07-09T22:11:27","date_gmt":"2018-07-09T20:11:27","guid":{"rendered":"https:\/\/www.24gliwice.pl\/wiadomosci\/?p=119922"},"modified":"2018-07-10T10:42:49","modified_gmt":"2018-07-10T08:42:49","slug":"gliwicki-rynek-opanowali-ulicznicy-to-byl-drugi-weekend-tego-lubianego-festiwalu-galeria","status":"publish","type":"post","link":"https:\/\/www.24gliwice.pl\/wiadomosci\/gliwicki-rynek-opanowali-ulicznicy-to-byl-drugi-weekend-tego-lubianego-festiwalu-galeria\/","title":{"rendered":"Gliwicki Rynek i Park Chopina opanowali Ulicznicy. To by\u0142 drugi weekend festiwalu (GALERIA)"},"content":{"rendered":"<div class=\"gliwi-a6-nad-leadem-artykulow gliwi-entity-placement\" id=\"gliwi-2660146964\"><div class=\"gliwi-adlabel\"><span style=\"font-size: 9px\">REKLAMA<\/span><\/div><div id=\"gliwi-1720400182\" style=\"margin-bottom: 25px;margin-left: auto;margin-right: auto;text-align: center;\"><a data-no-instant=\"1\" href=\"https:\/\/dom100.eu\/\" rel=\"noopener\" class=\"a2t-link\" target=\"_blank\" aria-label=\"20260415 DOM100 D\"><img loading=\"lazy\" decoding=\"async\" src=\"https:\/\/www.24gliwice.pl\/wiadomosci\/wp-content\/uploads\/2026\/04\/20260415-DOM100-D.jpg\" alt=\"\"  srcset=\"https:\/\/www.24gliwice.pl\/wiadomosci\/wp-content\/uploads\/2026\/04\/20260415-DOM100-D.jpg 750w, https:\/\/www.24gliwice.pl\/wiadomosci\/wp-content\/uploads\/2026\/04\/20260415-DOM100-D-410x109.jpg 410w\" sizes=\"(max-width: 750px) 100vw, 750px\" class=\"no-lazyload\" width=\"750\" height=\"200\"  style=\"display: inline-block; max-width: 100%; height: auto;\" \/><\/a><\/div><\/div><h3>Za nami drugi weekend najwi\u0119kszego festiwalu ulicznego na \u015al\u0105sku &#8211; ulicznicy! Warsztaty i spektakle dla dzieci oraz teatr uzdrawiaj\u0105cy w tajemniczym samochodzie w wykonaniu The Miraculous Theatre Company z Wielkiej Brytanii. <\/h3>\n<p>W sobot\u0119 na Rynku Mi\u0119dzynarodowa Orkiestra D\u0119ta z Belgii <strong>&#8220;Vetex&#8221;<\/strong> zrobi\u0142a nam paparapa. Natmomiast w niedziel\u0119 prze\u017cyli\u015bmy chwile wzruszenia i grozy z <strong>Duo Looky<\/strong> i ich <strong>\u201eThe Happy Hour Show\u201d<\/strong>. Odkryli\u015bmy tak\u017ce czym jest <strong>PingPong Circus<\/strong> rodem z Singapuru. <\/p>\n<div id='gallery-1' class='vce-gallery gallery galleryid-119922 gallery-columns-3 gallery-size-vce-lay-b'><div class=\"vce-gallery-big\"><div class=\"big-gallery-item item-0\" >\n\t\t\t<div class='gallery-icon'>\n\t\t\t\t<a href='https:\/\/www.24gliwice.pl\/wiadomosci\/wp-content\/uploads\/2018\/07\/1-Orchestre-International-Du-Vetex-4.jpg'><img loading=\"lazy\" decoding=\"async\" width=\"810\" height=\"540\" src=\"https:\/\/www.24gliwice.pl\/wiadomosci\/wp-content\/uploads\/2018\/07\/1-Orchestre-International-Du-Vetex-4-810x540.jpg\" class=\"attachment-vce-lay-a size-vce-lay-a\" alt=\"\" srcset=\"https:\/\/www.24gliwice.pl\/wiadomosci\/wp-content\/uploads\/2018\/07\/1-Orchestre-International-Du-Vetex-4-810x540.jpg 810w, https:\/\/www.24gliwice.pl\/wiadomosci\/wp-content\/uploads\/2018\/07\/1-Orchestre-International-Du-Vetex-4-348x232.jpg 348w, https:\/\/www.24gliwice.pl\/wiadomosci\/wp-content\/uploads\/2018\/07\/1-Orchestre-International-Du-Vetex-4-768x512.jpg 768w, https:\/\/www.24gliwice.pl\/wiadomosci\/wp-content\/uploads\/2018\/07\/1-Orchestre-International-Du-Vetex-4-682x455.jpg 682w, https:\/\/www.24gliwice.pl\/wiadomosci\/wp-content\/uploads\/2018\/07\/1-Orchestre-International-Du-Vetex-4.jpg 1000w\" sizes=\"auto, (max-width: 810px) 100vw, 810px\" \/><\/a>\n\t\t\t<\/div><\/div><div class=\"big-gallery-item item-1\" style=\"display:none;\">\n\t\t\t<div class='gallery-icon'>\n\t\t\t\t<a href='https:\/\/www.24gliwice.pl\/wiadomosci\/wp-content\/uploads\/2018\/07\/1-Orchestre-International-Du-Vetex-2.jpg'><img loading=\"lazy\" decoding=\"async\" width=\"810\" height=\"540\" src=\"https:\/\/www.24gliwice.pl\/wiadomosci\/wp-content\/uploads\/2018\/07\/1-Orchestre-International-Du-Vetex-2-810x540.jpg\" class=\"attachment-vce-lay-a size-vce-lay-a\" alt=\"\" srcset=\"https:\/\/www.24gliwice.pl\/wiadomosci\/wp-content\/uploads\/2018\/07\/1-Orchestre-International-Du-Vetex-2-810x540.jpg 810w, https:\/\/www.24gliwice.pl\/wiadomosci\/wp-content\/uploads\/2018\/07\/1-Orchestre-International-Du-Vetex-2-348x232.jpg 348w, https:\/\/www.24gliwice.pl\/wiadomosci\/wp-content\/uploads\/2018\/07\/1-Orchestre-International-Du-Vetex-2-768x512.jpg 768w, https:\/\/www.24gliwice.pl\/wiadomosci\/wp-content\/uploads\/2018\/07\/1-Orchestre-International-Du-Vetex-2-682x455.jpg 682w, https:\/\/www.24gliwice.pl\/wiadomosci\/wp-content\/uploads\/2018\/07\/1-Orchestre-International-Du-Vetex-2.jpg 1000w\" sizes=\"auto, (max-width: 810px) 100vw, 810px\" \/><\/a>\n\t\t\t<\/div><\/div><div class=\"big-gallery-item item-2\" style=\"display:none;\">\n\t\t\t<div class='gallery-icon'>\n\t\t\t\t<a href='https:\/\/www.24gliwice.pl\/wiadomosci\/wp-content\/uploads\/2018\/07\/1-Orchestre-International-Du-Vetex-3.jpg'><img loading=\"lazy\" decoding=\"async\" width=\"810\" height=\"540\" src=\"https:\/\/www.24gliwice.pl\/wiadomosci\/wp-content\/uploads\/2018\/07\/1-Orchestre-International-Du-Vetex-3-810x540.jpg\" class=\"attachment-vce-lay-a size-vce-lay-a\" alt=\"\" srcset=\"https:\/\/www.24gliwice.pl\/wiadomosci\/wp-content\/uploads\/2018\/07\/1-Orchestre-International-Du-Vetex-3-810x540.jpg 810w, https:\/\/www.24gliwice.pl\/wiadomosci\/wp-content\/uploads\/2018\/07\/1-Orchestre-International-Du-Vetex-3-348x232.jpg 348w, https:\/\/www.24gliwice.pl\/wiadomosci\/wp-content\/uploads\/2018\/07\/1-Orchestre-International-Du-Vetex-3-768x512.jpg 768w, https:\/\/www.24gliwice.pl\/wiadomosci\/wp-content\/uploads\/2018\/07\/1-Orchestre-International-Du-Vetex-3-682x455.jpg 682w, https:\/\/www.24gliwice.pl\/wiadomosci\/wp-content\/uploads\/2018\/07\/1-Orchestre-International-Du-Vetex-3.jpg 1000w\" sizes=\"auto, (max-width: 810px) 100vw, 810px\" \/><\/a>\n\t\t\t<\/div><\/div><div class=\"big-gallery-item item-3\" style=\"display:none;\">\n\t\t\t<div class='gallery-icon'>\n\t\t\t\t<a href='https:\/\/www.24gliwice.pl\/wiadomosci\/wp-content\/uploads\/2018\/07\/1-Orchestre-International-Du-Vetex-5.jpg'><img loading=\"lazy\" decoding=\"async\" width=\"810\" height=\"540\" src=\"https:\/\/www.24gliwice.pl\/wiadomosci\/wp-content\/uploads\/2018\/07\/1-Orchestre-International-Du-Vetex-5-810x540.jpg\" class=\"attachment-vce-lay-a size-vce-lay-a\" alt=\"\" srcset=\"https:\/\/www.24gliwice.pl\/wiadomosci\/wp-content\/uploads\/2018\/07\/1-Orchestre-International-Du-Vetex-5-810x540.jpg 810w, https:\/\/www.24gliwice.pl\/wiadomosci\/wp-content\/uploads\/2018\/07\/1-Orchestre-International-Du-Vetex-5-348x232.jpg 348w, https:\/\/www.24gliwice.pl\/wiadomosci\/wp-content\/uploads\/2018\/07\/1-Orchestre-International-Du-Vetex-5-768x512.jpg 768w, https:\/\/www.24gliwice.pl\/wiadomosci\/wp-content\/uploads\/2018\/07\/1-Orchestre-International-Du-Vetex-5-682x455.jpg 682w, https:\/\/www.24gliwice.pl\/wiadomosci\/wp-content\/uploads\/2018\/07\/1-Orchestre-International-Du-Vetex-5.jpg 1000w\" sizes=\"auto, (max-width: 810px) 100vw, 810px\" \/><\/a>\n\t\t\t<\/div><\/div><div class=\"big-gallery-item item-4\" style=\"display:none;\">\n\t\t\t<div class='gallery-icon'>\n\t\t\t\t<a href='https:\/\/www.24gliwice.pl\/wiadomosci\/wp-content\/uploads\/2018\/07\/1-Orchestre-International-Du-Vetex-6.jpg'><img loading=\"lazy\" decoding=\"async\" width=\"810\" height=\"540\" src=\"https:\/\/www.24gliwice.pl\/wiadomosci\/wp-content\/uploads\/2018\/07\/1-Orchestre-International-Du-Vetex-6-810x540.jpg\" class=\"attachment-vce-lay-a size-vce-lay-a\" alt=\"\" srcset=\"https:\/\/www.24gliwice.pl\/wiadomosci\/wp-content\/uploads\/2018\/07\/1-Orchestre-International-Du-Vetex-6-810x540.jpg 810w, https:\/\/www.24gliwice.pl\/wiadomosci\/wp-content\/uploads\/2018\/07\/1-Orchestre-International-Du-Vetex-6-348x232.jpg 348w, https:\/\/www.24gliwice.pl\/wiadomosci\/wp-content\/uploads\/2018\/07\/1-Orchestre-International-Du-Vetex-6-768x512.jpg 768w, https:\/\/www.24gliwice.pl\/wiadomosci\/wp-content\/uploads\/2018\/07\/1-Orchestre-International-Du-Vetex-6-682x455.jpg 682w, https:\/\/www.24gliwice.pl\/wiadomosci\/wp-content\/uploads\/2018\/07\/1-Orchestre-International-Du-Vetex-6.jpg 1000w\" sizes=\"auto, (max-width: 810px) 100vw, 810px\" \/><\/a>\n\t\t\t<\/div><\/div><div class=\"big-gallery-item item-5\" style=\"display:none;\">\n\t\t\t<div class='gallery-icon'>\n\t\t\t\t<a href='https:\/\/www.24gliwice.pl\/wiadomosci\/wp-content\/uploads\/2018\/07\/1-Orchestre-International-Du-Vetex-8.jpg'><img loading=\"lazy\" decoding=\"async\" width=\"810\" height=\"540\" src=\"https:\/\/www.24gliwice.pl\/wiadomosci\/wp-content\/uploads\/2018\/07\/1-Orchestre-International-Du-Vetex-8-810x540.jpg\" class=\"attachment-vce-lay-a size-vce-lay-a\" alt=\"\" srcset=\"https:\/\/www.24gliwice.pl\/wiadomosci\/wp-content\/uploads\/2018\/07\/1-Orchestre-International-Du-Vetex-8-810x540.jpg 810w, https:\/\/www.24gliwice.pl\/wiadomosci\/wp-content\/uploads\/2018\/07\/1-Orchestre-International-Du-Vetex-8-348x232.jpg 348w, https:\/\/www.24gliwice.pl\/wiadomosci\/wp-content\/uploads\/2018\/07\/1-Orchestre-International-Du-Vetex-8-768x512.jpg 768w, https:\/\/www.24gliwice.pl\/wiadomosci\/wp-content\/uploads\/2018\/07\/1-Orchestre-International-Du-Vetex-8-682x455.jpg 682w, https:\/\/www.24gliwice.pl\/wiadomosci\/wp-content\/uploads\/2018\/07\/1-Orchestre-International-Du-Vetex-8.jpg 1000w\" sizes=\"auto, (max-width: 810px) 100vw, 810px\" \/><\/a>\n\t\t\t<\/div><\/div><div class=\"big-gallery-item item-6\" style=\"display:none;\">\n\t\t\t<div class='gallery-icon'>\n\t\t\t\t<a href='https:\/\/www.24gliwice.pl\/wiadomosci\/wp-content\/uploads\/2018\/07\/1-Orchestre-International-Du-Vetex-9.jpg'><img loading=\"lazy\" decoding=\"async\" width=\"810\" height=\"540\" src=\"https:\/\/www.24gliwice.pl\/wiadomosci\/wp-content\/uploads\/2018\/07\/1-Orchestre-International-Du-Vetex-9-810x540.jpg\" class=\"attachment-vce-lay-a size-vce-lay-a\" alt=\"\" srcset=\"https:\/\/www.24gliwice.pl\/wiadomosci\/wp-content\/uploads\/2018\/07\/1-Orchestre-International-Du-Vetex-9-810x540.jpg 810w, https:\/\/www.24gliwice.pl\/wiadomosci\/wp-content\/uploads\/2018\/07\/1-Orchestre-International-Du-Vetex-9-348x232.jpg 348w, https:\/\/www.24gliwice.pl\/wiadomosci\/wp-content\/uploads\/2018\/07\/1-Orchestre-International-Du-Vetex-9-768x512.jpg 768w, https:\/\/www.24gliwice.pl\/wiadomosci\/wp-content\/uploads\/2018\/07\/1-Orchestre-International-Du-Vetex-9-682x455.jpg 682w, https:\/\/www.24gliwice.pl\/wiadomosci\/wp-content\/uploads\/2018\/07\/1-Orchestre-International-Du-Vetex-9.jpg 1000w\" sizes=\"auto, (max-width: 810px) 100vw, 810px\" \/><\/a>\n\t\t\t<\/div><\/div><div class=\"big-gallery-item item-7\" style=\"display:none;\">\n\t\t\t<div class='gallery-icon'>\n\t\t\t\t<a href='https:\/\/www.24gliwice.pl\/wiadomosci\/wp-content\/uploads\/2018\/07\/1-Orchestre-International-Du-Vetex-10.jpg'><img loading=\"lazy\" decoding=\"async\" width=\"810\" height=\"540\" src=\"https:\/\/www.24gliwice.pl\/wiadomosci\/wp-content\/uploads\/2018\/07\/1-Orchestre-International-Du-Vetex-10-810x540.jpg\" class=\"attachment-vce-lay-a size-vce-lay-a\" alt=\"\" srcset=\"https:\/\/www.24gliwice.pl\/wiadomosci\/wp-content\/uploads\/2018\/07\/1-Orchestre-International-Du-Vetex-10-810x540.jpg 810w, https:\/\/www.24gliwice.pl\/wiadomosci\/wp-content\/uploads\/2018\/07\/1-Orchestre-International-Du-Vetex-10-348x232.jpg 348w, https:\/\/www.24gliwice.pl\/wiadomosci\/wp-content\/uploads\/2018\/07\/1-Orchestre-International-Du-Vetex-10-768x512.jpg 768w, https:\/\/www.24gliwice.pl\/wiadomosci\/wp-content\/uploads\/2018\/07\/1-Orchestre-International-Du-Vetex-10-682x455.jpg 682w, https:\/\/www.24gliwice.pl\/wiadomosci\/wp-content\/uploads\/2018\/07\/1-Orchestre-International-Du-Vetex-10.jpg 1000w\" sizes=\"auto, (max-width: 810px) 100vw, 810px\" \/><\/a>\n\t\t\t<\/div><\/div><div class=\"big-gallery-item item-8\" style=\"display:none;\">\n\t\t\t<div class='gallery-icon'>\n\t\t\t\t<a href='https:\/\/www.24gliwice.pl\/wiadomosci\/wp-content\/uploads\/2018\/07\/1-Orchestre-International-Du-Vetex-11.jpg'><img loading=\"lazy\" decoding=\"async\" width=\"810\" height=\"540\" src=\"https:\/\/www.24gliwice.pl\/wiadomosci\/wp-content\/uploads\/2018\/07\/1-Orchestre-International-Du-Vetex-11-810x540.jpg\" class=\"attachment-vce-lay-a size-vce-lay-a\" alt=\"\" srcset=\"https:\/\/www.24gliwice.pl\/wiadomosci\/wp-content\/uploads\/2018\/07\/1-Orchestre-International-Du-Vetex-11-810x540.jpg 810w, https:\/\/www.24gliwice.pl\/wiadomosci\/wp-content\/uploads\/2018\/07\/1-Orchestre-International-Du-Vetex-11-348x232.jpg 348w, https:\/\/www.24gliwice.pl\/wiadomosci\/wp-content\/uploads\/2018\/07\/1-Orchestre-International-Du-Vetex-11-768x512.jpg 768w, https:\/\/www.24gliwice.pl\/wiadomosci\/wp-content\/uploads\/2018\/07\/1-Orchestre-International-Du-Vetex-11-682x455.jpg 682w, https:\/\/www.24gliwice.pl\/wiadomosci\/wp-content\/uploads\/2018\/07\/1-Orchestre-International-Du-Vetex-11.jpg 1000w\" sizes=\"auto, (max-width: 810px) 100vw, 810px\" \/><\/a>\n\t\t\t<\/div><\/div><div class=\"big-gallery-item item-9\" style=\"display:none;\">\n\t\t\t<div class='gallery-icon'>\n\t\t\t\t<a href='https:\/\/www.24gliwice.pl\/wiadomosci\/wp-content\/uploads\/2018\/07\/1-Orchestre-International-Du-Vetex-13.jpg'><img loading=\"lazy\" decoding=\"async\" width=\"810\" height=\"540\" src=\"https:\/\/www.24gliwice.pl\/wiadomosci\/wp-content\/uploads\/2018\/07\/1-Orchestre-International-Du-Vetex-13-810x540.jpg\" class=\"attachment-vce-lay-a size-vce-lay-a\" alt=\"\" srcset=\"https:\/\/www.24gliwice.pl\/wiadomosci\/wp-content\/uploads\/2018\/07\/1-Orchestre-International-Du-Vetex-13-810x540.jpg 810w, https:\/\/www.24gliwice.pl\/wiadomosci\/wp-content\/uploads\/2018\/07\/1-Orchestre-International-Du-Vetex-13-348x232.jpg 348w, https:\/\/www.24gliwice.pl\/wiadomosci\/wp-content\/uploads\/2018\/07\/1-Orchestre-International-Du-Vetex-13-768x512.jpg 768w, https:\/\/www.24gliwice.pl\/wiadomosci\/wp-content\/uploads\/2018\/07\/1-Orchestre-International-Du-Vetex-13-682x455.jpg 682w, https:\/\/www.24gliwice.pl\/wiadomosci\/wp-content\/uploads\/2018\/07\/1-Orchestre-International-Du-Vetex-13.jpg 1000w\" sizes=\"auto, (max-width: 810px) 100vw, 810px\" \/><\/a>\n\t\t\t<\/div><\/div><div class=\"big-gallery-item item-10\" style=\"display:none;\">\n\t\t\t<div class='gallery-icon'>\n\t\t\t\t<a href='https:\/\/www.24gliwice.pl\/wiadomosci\/wp-content\/uploads\/2018\/07\/1-Orchestre-International-Du-Vetex-14.jpg'><img loading=\"lazy\" decoding=\"async\" width=\"810\" height=\"540\" src=\"https:\/\/www.24gliwice.pl\/wiadomosci\/wp-content\/uploads\/2018\/07\/1-Orchestre-International-Du-Vetex-14-810x540.jpg\" class=\"attachment-vce-lay-a size-vce-lay-a\" alt=\"\" srcset=\"https:\/\/www.24gliwice.pl\/wiadomosci\/wp-content\/uploads\/2018\/07\/1-Orchestre-International-Du-Vetex-14-810x540.jpg 810w, https:\/\/www.24gliwice.pl\/wiadomosci\/wp-content\/uploads\/2018\/07\/1-Orchestre-International-Du-Vetex-14-348x232.jpg 348w, https:\/\/www.24gliwice.pl\/wiadomosci\/wp-content\/uploads\/2018\/07\/1-Orchestre-International-Du-Vetex-14-768x512.jpg 768w, https:\/\/www.24gliwice.pl\/wiadomosci\/wp-content\/uploads\/2018\/07\/1-Orchestre-International-Du-Vetex-14-682x455.jpg 682w, https:\/\/www.24gliwice.pl\/wiadomosci\/wp-content\/uploads\/2018\/07\/1-Orchestre-International-Du-Vetex-14.jpg 1000w\" sizes=\"auto, (max-width: 810px) 100vw, 810px\" \/><\/a>\n\t\t\t<\/div><\/div><div class=\"big-gallery-item item-11\" style=\"display:none;\">\n\t\t\t<div class='gallery-icon'>\n\t\t\t\t<a href='https:\/\/www.24gliwice.pl\/wiadomosci\/wp-content\/uploads\/2018\/07\/1-Orchestre-International-Du-Vetex-16.jpg'><img loading=\"lazy\" decoding=\"async\" width=\"810\" height=\"540\" src=\"https:\/\/www.24gliwice.pl\/wiadomosci\/wp-content\/uploads\/2018\/07\/1-Orchestre-International-Du-Vetex-16-810x540.jpg\" class=\"attachment-vce-lay-a size-vce-lay-a\" alt=\"\" srcset=\"https:\/\/www.24gliwice.pl\/wiadomosci\/wp-content\/uploads\/2018\/07\/1-Orchestre-International-Du-Vetex-16-810x540.jpg 810w, https:\/\/www.24gliwice.pl\/wiadomosci\/wp-content\/uploads\/2018\/07\/1-Orchestre-International-Du-Vetex-16-348x232.jpg 348w, https:\/\/www.24gliwice.pl\/wiadomosci\/wp-content\/uploads\/2018\/07\/1-Orchestre-International-Du-Vetex-16-768x512.jpg 768w, https:\/\/www.24gliwice.pl\/wiadomosci\/wp-content\/uploads\/2018\/07\/1-Orchestre-International-Du-Vetex-16-682x455.jpg 682w, https:\/\/www.24gliwice.pl\/wiadomosci\/wp-content\/uploads\/2018\/07\/1-Orchestre-International-Du-Vetex-16.jpg 1000w\" sizes=\"auto, (max-width: 810px) 100vw, 810px\" \/><\/a>\n\t\t\t<\/div><\/div><div class=\"big-gallery-item item-12\" style=\"display:none;\">\n\t\t\t<div class='gallery-icon'>\n\t\t\t\t<a href='https:\/\/www.24gliwice.pl\/wiadomosci\/wp-content\/uploads\/2018\/07\/1-Orchestre-International-Du-Vetex-17.jpg'><img loading=\"lazy\" decoding=\"async\" width=\"810\" height=\"540\" src=\"https:\/\/www.24gliwice.pl\/wiadomosci\/wp-content\/uploads\/2018\/07\/1-Orchestre-International-Du-Vetex-17-810x540.jpg\" class=\"attachment-vce-lay-a size-vce-lay-a\" alt=\"\" srcset=\"https:\/\/www.24gliwice.pl\/wiadomosci\/wp-content\/uploads\/2018\/07\/1-Orchestre-International-Du-Vetex-17-810x540.jpg 810w, https:\/\/www.24gliwice.pl\/wiadomosci\/wp-content\/uploads\/2018\/07\/1-Orchestre-International-Du-Vetex-17-348x232.jpg 348w, https:\/\/www.24gliwice.pl\/wiadomosci\/wp-content\/uploads\/2018\/07\/1-Orchestre-International-Du-Vetex-17-768x512.jpg 768w, https:\/\/www.24gliwice.pl\/wiadomosci\/wp-content\/uploads\/2018\/07\/1-Orchestre-International-Du-Vetex-17-682x455.jpg 682w, https:\/\/www.24gliwice.pl\/wiadomosci\/wp-content\/uploads\/2018\/07\/1-Orchestre-International-Du-Vetex-17.jpg 1000w\" sizes=\"auto, (max-width: 810px) 100vw, 810px\" \/><\/a>\n\t\t\t<\/div><\/div><div class=\"big-gallery-item item-13\" style=\"display:none;\">\n\t\t\t<div class='gallery-icon'>\n\t\t\t\t<a href='https:\/\/www.24gliwice.pl\/wiadomosci\/wp-content\/uploads\/2018\/07\/1-The-Brooklyn-Healer-1.jpg'><img loading=\"lazy\" decoding=\"async\" width=\"810\" height=\"540\" src=\"https:\/\/www.24gliwice.pl\/wiadomosci\/wp-content\/uploads\/2018\/07\/1-The-Brooklyn-Healer-1-810x540.jpg\" class=\"attachment-vce-lay-a size-vce-lay-a\" alt=\"\" srcset=\"https:\/\/www.24gliwice.pl\/wiadomosci\/wp-content\/uploads\/2018\/07\/1-The-Brooklyn-Healer-1-810x540.jpg 810w, https:\/\/www.24gliwice.pl\/wiadomosci\/wp-content\/uploads\/2018\/07\/1-The-Brooklyn-Healer-1-348x232.jpg 348w, https:\/\/www.24gliwice.pl\/wiadomosci\/wp-content\/uploads\/2018\/07\/1-The-Brooklyn-Healer-1-768x512.jpg 768w, https:\/\/www.24gliwice.pl\/wiadomosci\/wp-content\/uploads\/2018\/07\/1-The-Brooklyn-Healer-1-682x455.jpg 682w, https:\/\/www.24gliwice.pl\/wiadomosci\/wp-content\/uploads\/2018\/07\/1-The-Brooklyn-Healer-1.jpg 1000w\" sizes=\"auto, (max-width: 810px) 100vw, 810px\" \/><\/a>\n\t\t\t<\/div><\/div><div class=\"big-gallery-item item-14\" style=\"display:none;\">\n\t\t\t<div class='gallery-icon'>\n\t\t\t\t<a href='https:\/\/www.24gliwice.pl\/wiadomosci\/wp-content\/uploads\/2018\/07\/1-The-Brooklyn-Healer-2.jpg'><img loading=\"lazy\" decoding=\"async\" width=\"810\" height=\"540\" src=\"https:\/\/www.24gliwice.pl\/wiadomosci\/wp-content\/uploads\/2018\/07\/1-The-Brooklyn-Healer-2-810x540.jpg\" class=\"attachment-vce-lay-a size-vce-lay-a\" alt=\"\" srcset=\"https:\/\/www.24gliwice.pl\/wiadomosci\/wp-content\/uploads\/2018\/07\/1-The-Brooklyn-Healer-2-810x540.jpg 810w, https:\/\/www.24gliwice.pl\/wiadomosci\/wp-content\/uploads\/2018\/07\/1-The-Brooklyn-Healer-2-348x232.jpg 348w, https:\/\/www.24gliwice.pl\/wiadomosci\/wp-content\/uploads\/2018\/07\/1-The-Brooklyn-Healer-2-768x512.jpg 768w, https:\/\/www.24gliwice.pl\/wiadomosci\/wp-content\/uploads\/2018\/07\/1-The-Brooklyn-Healer-2-682x455.jpg 682w, https:\/\/www.24gliwice.pl\/wiadomosci\/wp-content\/uploads\/2018\/07\/1-The-Brooklyn-Healer-2.jpg 1000w\" sizes=\"auto, (max-width: 810px) 100vw, 810px\" \/><\/a>\n\t\t\t<\/div><\/div><div class=\"big-gallery-item item-15\" style=\"display:none;\">\n\t\t\t<div class='gallery-icon'>\n\t\t\t\t<a href='https:\/\/www.24gliwice.pl\/wiadomosci\/wp-content\/uploads\/2018\/07\/1-Teatr-Barnaby-Rycerz-bezKonia-1.jpg'><img loading=\"lazy\" decoding=\"async\" width=\"810\" height=\"540\" src=\"https:\/\/www.24gliwice.pl\/wiadomosci\/wp-content\/uploads\/2018\/07\/1-Teatr-Barnaby-Rycerz-bezKonia-1-810x540.jpg\" class=\"attachment-vce-lay-a size-vce-lay-a\" alt=\"\" srcset=\"https:\/\/www.24gliwice.pl\/wiadomosci\/wp-content\/uploads\/2018\/07\/1-Teatr-Barnaby-Rycerz-bezKonia-1-810x540.jpg 810w, https:\/\/www.24gliwice.pl\/wiadomosci\/wp-content\/uploads\/2018\/07\/1-Teatr-Barnaby-Rycerz-bezKonia-1-348x232.jpg 348w, https:\/\/www.24gliwice.pl\/wiadomosci\/wp-content\/uploads\/2018\/07\/1-Teatr-Barnaby-Rycerz-bezKonia-1-768x512.jpg 768w, https:\/\/www.24gliwice.pl\/wiadomosci\/wp-content\/uploads\/2018\/07\/1-Teatr-Barnaby-Rycerz-bezKonia-1-682x455.jpg 682w, https:\/\/www.24gliwice.pl\/wiadomosci\/wp-content\/uploads\/2018\/07\/1-Teatr-Barnaby-Rycerz-bezKonia-1.jpg 1000w\" sizes=\"auto, (max-width: 810px) 100vw, 810px\" \/><\/a>\n\t\t\t<\/div><\/div><div class=\"big-gallery-item item-16\" style=\"display:none;\">\n\t\t\t<div class='gallery-icon'>\n\t\t\t\t<a href='https:\/\/www.24gliwice.pl\/wiadomosci\/wp-content\/uploads\/2018\/07\/1-Teatr-Barnaby-Rycerz-bezKonia-6.jpg'><img loading=\"lazy\" decoding=\"async\" width=\"810\" height=\"540\" src=\"https:\/\/www.24gliwice.pl\/wiadomosci\/wp-content\/uploads\/2018\/07\/1-Teatr-Barnaby-Rycerz-bezKonia-6-810x540.jpg\" class=\"attachment-vce-lay-a size-vce-lay-a\" alt=\"\" srcset=\"https:\/\/www.24gliwice.pl\/wiadomosci\/wp-content\/uploads\/2018\/07\/1-Teatr-Barnaby-Rycerz-bezKonia-6-810x540.jpg 810w, https:\/\/www.24gliwice.pl\/wiadomosci\/wp-content\/uploads\/2018\/07\/1-Teatr-Barnaby-Rycerz-bezKonia-6-348x232.jpg 348w, https:\/\/www.24gliwice.pl\/wiadomosci\/wp-content\/uploads\/2018\/07\/1-Teatr-Barnaby-Rycerz-bezKonia-6-768x512.jpg 768w, https:\/\/www.24gliwice.pl\/wiadomosci\/wp-content\/uploads\/2018\/07\/1-Teatr-Barnaby-Rycerz-bezKonia-6-682x455.jpg 682w, https:\/\/www.24gliwice.pl\/wiadomosci\/wp-content\/uploads\/2018\/07\/1-Teatr-Barnaby-Rycerz-bezKonia-6.jpg 1000w\" sizes=\"auto, (max-width: 810px) 100vw, 810px\" \/><\/a>\n\t\t\t<\/div><\/div><div class=\"big-gallery-item item-17\" style=\"display:none;\">\n\t\t\t<div class='gallery-icon'>\n\t\t\t\t<a href='https:\/\/www.24gliwice.pl\/wiadomosci\/wp-content\/uploads\/2018\/07\/1-Teatr-Barnaby-Rycerz-bezKonia-11.jpg'><img loading=\"lazy\" decoding=\"async\" width=\"810\" height=\"540\" src=\"https:\/\/www.24gliwice.pl\/wiadomosci\/wp-content\/uploads\/2018\/07\/1-Teatr-Barnaby-Rycerz-bezKonia-11-810x540.jpg\" class=\"attachment-vce-lay-a size-vce-lay-a\" alt=\"\" srcset=\"https:\/\/www.24gliwice.pl\/wiadomosci\/wp-content\/uploads\/2018\/07\/1-Teatr-Barnaby-Rycerz-bezKonia-11-810x540.jpg 810w, https:\/\/www.24gliwice.pl\/wiadomosci\/wp-content\/uploads\/2018\/07\/1-Teatr-Barnaby-Rycerz-bezKonia-11-348x232.jpg 348w, https:\/\/www.24gliwice.pl\/wiadomosci\/wp-content\/uploads\/2018\/07\/1-Teatr-Barnaby-Rycerz-bezKonia-11-768x512.jpg 768w, https:\/\/www.24gliwice.pl\/wiadomosci\/wp-content\/uploads\/2018\/07\/1-Teatr-Barnaby-Rycerz-bezKonia-11-682x455.jpg 682w, https:\/\/www.24gliwice.pl\/wiadomosci\/wp-content\/uploads\/2018\/07\/1-Teatr-Barnaby-Rycerz-bezKonia-11.jpg 1000w\" sizes=\"auto, (max-width: 810px) 100vw, 810px\" \/><\/a>\n\t\t\t<\/div><\/div><\/div><div class=\"vce-gallery-slider\" data-columns=\"3\"><figure class='gallery-item' data-item='0'>\n\t\t\t<div class='gallery-icon landscape'>\n\t\t\t\t<a href='https:\/\/www.24gliwice.pl\/wiadomosci\/wp-content\/uploads\/2018\/07\/1-Orchestre-International-Du-Vetex-4.jpg'><img loading=\"lazy\" decoding=\"async\" width=\"375\" height=\"195\" src=\"https:\/\/www.24gliwice.pl\/wiadomosci\/wp-content\/uploads\/2018\/07\/1-Orchestre-International-Du-Vetex-4-375x195.jpg\" class=\"attachment-vce-lay-b size-vce-lay-b\" alt=\"\" \/><\/a>\n\t\t\t<\/div><\/figure><figure class='gallery-item' data-item='1'>\n\t\t\t<div class='gallery-icon landscape'>\n\t\t\t\t<a href='https:\/\/www.24gliwice.pl\/wiadomosci\/wp-content\/uploads\/2018\/07\/1-Orchestre-International-Du-Vetex-2.jpg'><img loading=\"lazy\" decoding=\"async\" width=\"375\" height=\"195\" src=\"https:\/\/www.24gliwice.pl\/wiadomosci\/wp-content\/uploads\/2018\/07\/1-Orchestre-International-Du-Vetex-2-375x195.jpg\" class=\"attachment-vce-lay-b size-vce-lay-b\" alt=\"\" \/><\/a>\n\t\t\t<\/div><\/figure><figure class='gallery-item' data-item='2'>\n\t\t\t<div class='gallery-icon landscape'>\n\t\t\t\t<a href='https:\/\/www.24gliwice.pl\/wiadomosci\/wp-content\/uploads\/2018\/07\/1-Orchestre-International-Du-Vetex-3.jpg'><img loading=\"lazy\" decoding=\"async\" width=\"375\" height=\"195\" src=\"https:\/\/www.24gliwice.pl\/wiadomosci\/wp-content\/uploads\/2018\/07\/1-Orchestre-International-Du-Vetex-3-375x195.jpg\" class=\"attachment-vce-lay-b size-vce-lay-b\" alt=\"\" \/><\/a>\n\t\t\t<\/div><\/figure><figure class='gallery-item' data-item='3'>\n\t\t\t<div class='gallery-icon landscape'>\n\t\t\t\t<a href='https:\/\/www.24gliwice.pl\/wiadomosci\/wp-content\/uploads\/2018\/07\/1-Orchestre-International-Du-Vetex-5.jpg'><img loading=\"lazy\" decoding=\"async\" width=\"375\" height=\"195\" src=\"https:\/\/www.24gliwice.pl\/wiadomosci\/wp-content\/uploads\/2018\/07\/1-Orchestre-International-Du-Vetex-5-375x195.jpg\" class=\"attachment-vce-lay-b size-vce-lay-b\" alt=\"\" \/><\/a>\n\t\t\t<\/div><\/figure><figure class='gallery-item' data-item='4'>\n\t\t\t<div class='gallery-icon landscape'>\n\t\t\t\t<a href='https:\/\/www.24gliwice.pl\/wiadomosci\/wp-content\/uploads\/2018\/07\/1-Orchestre-International-Du-Vetex-6.jpg'><img loading=\"lazy\" decoding=\"async\" width=\"375\" height=\"195\" src=\"https:\/\/www.24gliwice.pl\/wiadomosci\/wp-content\/uploads\/2018\/07\/1-Orchestre-International-Du-Vetex-6-375x195.jpg\" class=\"attachment-vce-lay-b size-vce-lay-b\" alt=\"\" \/><\/a>\n\t\t\t<\/div><\/figure><figure class='gallery-item' data-item='5'>\n\t\t\t<div class='gallery-icon landscape'>\n\t\t\t\t<a href='https:\/\/www.24gliwice.pl\/wiadomosci\/wp-content\/uploads\/2018\/07\/1-Orchestre-International-Du-Vetex-8.jpg'><img loading=\"lazy\" decoding=\"async\" width=\"375\" height=\"195\" src=\"https:\/\/www.24gliwice.pl\/wiadomosci\/wp-content\/uploads\/2018\/07\/1-Orchestre-International-Du-Vetex-8-375x195.jpg\" class=\"attachment-vce-lay-b size-vce-lay-b\" alt=\"\" \/><\/a>\n\t\t\t<\/div><\/figure><figure class='gallery-item' data-item='6'>\n\t\t\t<div class='gallery-icon landscape'>\n\t\t\t\t<a href='https:\/\/www.24gliwice.pl\/wiadomosci\/wp-content\/uploads\/2018\/07\/1-Orchestre-International-Du-Vetex-9.jpg'><img loading=\"lazy\" decoding=\"async\" width=\"375\" height=\"195\" src=\"https:\/\/www.24gliwice.pl\/wiadomosci\/wp-content\/uploads\/2018\/07\/1-Orchestre-International-Du-Vetex-9-375x195.jpg\" class=\"attachment-vce-lay-b size-vce-lay-b\" alt=\"\" \/><\/a>\n\t\t\t<\/div><\/figure><figure class='gallery-item' data-item='7'>\n\t\t\t<div class='gallery-icon landscape'>\n\t\t\t\t<a href='https:\/\/www.24gliwice.pl\/wiadomosci\/wp-content\/uploads\/2018\/07\/1-Orchestre-International-Du-Vetex-10.jpg'><img loading=\"lazy\" decoding=\"async\" width=\"375\" height=\"195\" src=\"https:\/\/www.24gliwice.pl\/wiadomosci\/wp-content\/uploads\/2018\/07\/1-Orchestre-International-Du-Vetex-10-375x195.jpg\" class=\"attachment-vce-lay-b size-vce-lay-b\" alt=\"\" \/><\/a>\n\t\t\t<\/div><\/figure><figure class='gallery-item' data-item='8'>\n\t\t\t<div class='gallery-icon landscape'>\n\t\t\t\t<a href='https:\/\/www.24gliwice.pl\/wiadomosci\/wp-content\/uploads\/2018\/07\/1-Orchestre-International-Du-Vetex-11.jpg'><img loading=\"lazy\" decoding=\"async\" width=\"375\" height=\"195\" src=\"https:\/\/www.24gliwice.pl\/wiadomosci\/wp-content\/uploads\/2018\/07\/1-Orchestre-International-Du-Vetex-11-375x195.jpg\" class=\"attachment-vce-lay-b size-vce-lay-b\" alt=\"\" \/><\/a>\n\t\t\t<\/div><\/figure><figure class='gallery-item' data-item='9'>\n\t\t\t<div class='gallery-icon landscape'>\n\t\t\t\t<a href='https:\/\/www.24gliwice.pl\/wiadomosci\/wp-content\/uploads\/2018\/07\/1-Orchestre-International-Du-Vetex-13.jpg'><img loading=\"lazy\" decoding=\"async\" width=\"375\" height=\"195\" src=\"https:\/\/www.24gliwice.pl\/wiadomosci\/wp-content\/uploads\/2018\/07\/1-Orchestre-International-Du-Vetex-13-375x195.jpg\" class=\"attachment-vce-lay-b size-vce-lay-b\" alt=\"\" \/><\/a>\n\t\t\t<\/div><\/figure><figure class='gallery-item' data-item='10'>\n\t\t\t<div class='gallery-icon landscape'>\n\t\t\t\t<a href='https:\/\/www.24gliwice.pl\/wiadomosci\/wp-content\/uploads\/2018\/07\/1-Orchestre-International-Du-Vetex-14.jpg'><img loading=\"lazy\" decoding=\"async\" width=\"375\" height=\"195\" src=\"https:\/\/www.24gliwice.pl\/wiadomosci\/wp-content\/uploads\/2018\/07\/1-Orchestre-International-Du-Vetex-14-375x195.jpg\" class=\"attachment-vce-lay-b size-vce-lay-b\" alt=\"\" \/><\/a>\n\t\t\t<\/div><\/figure><figure class='gallery-item' data-item='11'>\n\t\t\t<div class='gallery-icon landscape'>\n\t\t\t\t<a href='https:\/\/www.24gliwice.pl\/wiadomosci\/wp-content\/uploads\/2018\/07\/1-Orchestre-International-Du-Vetex-16.jpg'><img loading=\"lazy\" decoding=\"async\" width=\"375\" height=\"195\" src=\"https:\/\/www.24gliwice.pl\/wiadomosci\/wp-content\/uploads\/2018\/07\/1-Orchestre-International-Du-Vetex-16-375x195.jpg\" class=\"attachment-vce-lay-b size-vce-lay-b\" alt=\"\" \/><\/a>\n\t\t\t<\/div><\/figure><figure class='gallery-item' data-item='12'>\n\t\t\t<div class='gallery-icon landscape'>\n\t\t\t\t<a href='https:\/\/www.24gliwice.pl\/wiadomosci\/wp-content\/uploads\/2018\/07\/1-Orchestre-International-Du-Vetex-17.jpg'><img loading=\"lazy\" decoding=\"async\" width=\"375\" height=\"195\" src=\"https:\/\/www.24gliwice.pl\/wiadomosci\/wp-content\/uploads\/2018\/07\/1-Orchestre-International-Du-Vetex-17-375x195.jpg\" class=\"attachment-vce-lay-b size-vce-lay-b\" alt=\"\" \/><\/a>\n\t\t\t<\/div><\/figure><figure class='gallery-item' data-item='13'>\n\t\t\t<div class='gallery-icon landscape'>\n\t\t\t\t<a href='https:\/\/www.24gliwice.pl\/wiadomosci\/wp-content\/uploads\/2018\/07\/1-The-Brooklyn-Healer-1.jpg'><img loading=\"lazy\" decoding=\"async\" width=\"375\" height=\"195\" src=\"https:\/\/www.24gliwice.pl\/wiadomosci\/wp-content\/uploads\/2018\/07\/1-The-Brooklyn-Healer-1-375x195.jpg\" class=\"attachment-vce-lay-b size-vce-lay-b\" alt=\"\" \/><\/a>\n\t\t\t<\/div><\/figure><figure class='gallery-item' data-item='14'>\n\t\t\t<div class='gallery-icon landscape'>\n\t\t\t\t<a href='https:\/\/www.24gliwice.pl\/wiadomosci\/wp-content\/uploads\/2018\/07\/1-The-Brooklyn-Healer-2.jpg'><img loading=\"lazy\" decoding=\"async\" width=\"375\" height=\"195\" src=\"https:\/\/www.24gliwice.pl\/wiadomosci\/wp-content\/uploads\/2018\/07\/1-The-Brooklyn-Healer-2-375x195.jpg\" class=\"attachment-vce-lay-b size-vce-lay-b\" alt=\"\" \/><\/a>\n\t\t\t<\/div><\/figure><figure class='gallery-item' data-item='15'>\n\t\t\t<div class='gallery-icon landscape'>\n\t\t\t\t<a href='https:\/\/www.24gliwice.pl\/wiadomosci\/wp-content\/uploads\/2018\/07\/1-Teatr-Barnaby-Rycerz-bezKonia-1.jpg'><img loading=\"lazy\" decoding=\"async\" width=\"375\" height=\"195\" src=\"https:\/\/www.24gliwice.pl\/wiadomosci\/wp-content\/uploads\/2018\/07\/1-Teatr-Barnaby-Rycerz-bezKonia-1-375x195.jpg\" class=\"attachment-vce-lay-b size-vce-lay-b\" alt=\"\" \/><\/a>\n\t\t\t<\/div><\/figure><figure class='gallery-item' data-item='16'>\n\t\t\t<div class='gallery-icon landscape'>\n\t\t\t\t<a href='https:\/\/www.24gliwice.pl\/wiadomosci\/wp-content\/uploads\/2018\/07\/1-Teatr-Barnaby-Rycerz-bezKonia-6.jpg'><img loading=\"lazy\" decoding=\"async\" width=\"375\" height=\"195\" src=\"https:\/\/www.24gliwice.pl\/wiadomosci\/wp-content\/uploads\/2018\/07\/1-Teatr-Barnaby-Rycerz-bezKonia-6-375x195.jpg\" class=\"attachment-vce-lay-b size-vce-lay-b\" alt=\"\" \/><\/a>\n\t\t\t<\/div><\/figure><figure class='gallery-item' data-item='17'>\n\t\t\t<div class='gallery-icon landscape'>\n\t\t\t\t<a href='https:\/\/www.24gliwice.pl\/wiadomosci\/wp-content\/uploads\/2018\/07\/1-Teatr-Barnaby-Rycerz-bezKonia-11.jpg'><img loading=\"lazy\" decoding=\"async\" width=\"375\" height=\"195\" src=\"https:\/\/www.24gliwice.pl\/wiadomosci\/wp-content\/uploads\/2018\/07\/1-Teatr-Barnaby-Rycerz-bezKonia-11-375x195.jpg\" class=\"attachment-vce-lay-b size-vce-lay-b\" alt=\"\" \/><\/a>\n\t\t\t<\/div><\/figure><\/div><\/div>\n\nKolejne weekendy z 12. Mi\u0119dzynarodowym Festiwalem Artyst\u00f3w Ulicy &#8220;Ulicznicy&#8221; przed nami! Wi\u0119cej szczeg\u00f3\u0142\u00f3w pod linkiem <a href=\"http:\/\/ulicznicy.pl\">ulicznicy.pl<\/a>. <\/p><div class=\"gliwi-a3-w-tresci-artykulow gliwi-entity-placement\" id=\"gliwi-3619813424\"><div class=\"gliwi-adlabel\"><span style=\"font-size: 9px\">REKLAMA<\/span><\/div><div id=\"gliwi-2207006148\" style=\"margin-bottom: 30px;margin-left: auto;margin-right: auto;text-align: center;\"><a data-no-instant=\"1\" href=\"https:\/\/zlobek.halogen.org.pl\/\" rel=\"noopener\" class=\"a2t-link\" target=\"_blank\" aria-label=\"animator-zlobek_750x200\"><img loading=\"lazy\" decoding=\"async\" src=\"https:\/\/www.24gliwice.pl\/wiadomosci\/wp-content\/uploads\/2026\/02\/animator-zlobek_750x200.webp\" alt=\"\"  srcset=\"https:\/\/www.24gliwice.pl\/wiadomosci\/wp-content\/uploads\/2026\/02\/animator-zlobek_750x200.webp 750w, https:\/\/www.24gliwice.pl\/wiadomosci\/wp-content\/uploads\/2026\/02\/animator-zlobek_750x200-410x109.webp 410w\" sizes=\"(max-width: 750px) 100vw, 750px\" class=\"no-lazyload\" width=\"750\" height=\"200\"  style=\"display: inline-block; max-width: 100%; height: auto;\" \/><\/a><\/div><\/div>\n<p>&nbsp;<br \/>\nFot. Studio Apalat<br \/>\nSponsorem g\u0142\u00f3wnym festiwalu jest Miasto Gliwice <\/p>\n<div class=\"gliwi-a5-na-koncu-artykulow gliwi-entity-placement\" id=\"gliwi-2755426475\"><div class=\"gliwi-adlabel\"><span style=\"font-size: 9px\">REKLAMA<\/span><\/div><div id=\"gliwi-2771413747\" style=\"margin-left: auto;margin-right: auto;text-align: center;\"><a data-no-instant=\"1\" href=\"https:\/\/prezeroarenagliwice.pl\/\" rel=\"noopener\" class=\"a2t-link\" target=\"_blank\" aria-label=\"20260309-PREZERO-WIOSNA-D\"><img loading=\"lazy\" decoding=\"async\" src=\"https:\/\/www.24gliwice.pl\/wiadomosci\/wp-content\/uploads\/2026\/03\/20260309-PREZERO-WIOSNA-D.webp\" alt=\"\"  srcset=\"https:\/\/www.24gliwice.pl\/wiadomosci\/wp-content\/uploads\/2026\/03\/20260309-PREZERO-WIOSNA-D.webp 750w, https:\/\/www.24gliwice.pl\/wiadomosci\/wp-content\/uploads\/2026\/03\/20260309-PREZERO-WIOSNA-D-410x109.webp 410w\" sizes=\"(max-width: 750px) 100vw, 750px\" class=\"no-lazyload\" width=\"750\" height=\"200\"  style=\"display: inline-block; max-width: 100%; height: auto;\" \/><\/a><\/div><\/div>","protected":false},"excerpt":{"rendered":"<p>Za nami drugi weekend najwi\u0119kszego festiwalu ulicznego na \u015al\u0105sku &#8211; ulicznicy! Warsztaty i spektakle dla dzieci oraz teatr uzdrawiaj\u0105cy w tajemniczym samochodzie w wykonaniu The Miraculous Theatre Company z Wielkiej Brytanii. W sobot\u0119 na Rynku Mi\u0119dzynarodowa Orkiestra D\u0119ta z Belgii &#8220;Vetex&#8221; zrobi\u0142a nam paparapa. Natmomiast w niedziel\u0119 prze\u017cyli\u015bmy chwile wzruszenia i grozy z Duo Looky [&hellip;]<\/p>\n","protected":false},"author":4,"featured_media":119930,"comment_status":"closed","ping_status":"closed","sticky":false,"template":"","format":"standard","meta":{"_monsterinsights_skip_tracking":false,"_monsterinsights_sitenote_active":false,"_monsterinsights_sitenote_note":"","_monsterinsights_sitenote_category":0,"footnotes":"","_links_to":"","_links_to_target":""},"categories":[6,1,1129],"tags":[8922,2913],"class_list":["post-119922","post","type-post","status-publish","format-standard","has-post-thumbnail","hentry","category-kultura","category-wszystko","category-polecamy","tag-festiwal","tag-ulicznicy"],"yoast_head":"<!-- This site is optimized with the Yoast SEO plugin v27.5 - https:\/\/yoast.com\/product\/yoast-seo-wordpress\/ -->\n<title>Gliwicki Rynek i Park Chopina opanowali Ulicznicy. To by\u0142 drugi weekend festiwalu (GALERIA) - 24GLIWICE - Portal Gliwice | codziennie nowe informacje<\/title>\n<meta name=\"robots\" content=\"index, follow, max-snippet:-1, max-image-preview:large, max-video-preview:-1\" \/>\n<link rel=\"canonical\" href=\"https:\/\/www.24gliwice.pl\/wiadomosci\/gliwicki-rynek-opanowali-ulicznicy-to-byl-drugi-weekend-tego-lubianego-festiwalu-galeria\/\" \/>\n<meta property=\"og:locale\" content=\"pl_PL\" \/>\n<meta property=\"og:type\" content=\"article\" \/>\n<meta property=\"og:title\" content=\"Gliwicki Rynek i Park Chopina opanowali Ulicznicy. To by\u0142 drugi weekend festiwalu (GALERIA) - 24GLIWICE - Portal Gliwice | codziennie nowe informacje\" \/>\n<meta property=\"og:description\" content=\"Za nami drugi weekend najwi\u0119kszego festiwalu ulicznego na \u015al\u0105sku &#8211; ulicznicy! Warsztaty i spektakle dla dzieci oraz teatr uzdrawiaj\u0105cy w tajemniczym samochodzie w wykonaniu The Miraculous Theatre Company z Wielkiej Brytanii. W sobot\u0119 na Rynku Mi\u0119dzynarodowa Orkiestra D\u0119ta z Belgii &#8220;Vetex&#8221; zrobi\u0142a nam paparapa. Natmomiast w niedziel\u0119 prze\u017cyli\u015bmy chwile wzruszenia i grozy z Duo Looky [&hellip;]\" \/>\n<meta property=\"og:url\" content=\"https:\/\/www.24gliwice.pl\/wiadomosci\/gliwicki-rynek-opanowali-ulicznicy-to-byl-drugi-weekend-tego-lubianego-festiwalu-galeria\/\" \/>\n<meta property=\"og:site_name\" content=\"24GLIWICE - Portal Gliwice | codziennie nowe informacje\" \/>\n<meta property=\"article:publisher\" content=\"https:\/\/www.facebook.com\/24gliwice\" \/>\n<meta property=\"article:author\" content=\"https:\/\/www.facebook.com\/marcin.fabrykowski\" \/>\n<meta property=\"article:published_time\" content=\"2018-07-09T20:11:27+00:00\" \/>\n<meta property=\"article:modified_time\" content=\"2018-07-10T08:42:49+00:00\" \/>\n<meta property=\"og:image\" content=\"https:\/\/www.24gliwice.pl\/wiadomosci\/wp-content\/uploads\/2018\/07\/1-Orchestre-International-Du-Vetex-8.jpg\" \/>\n\t<meta property=\"og:image:width\" content=\"1000\" \/>\n\t<meta property=\"og:image:height\" content=\"667\" \/>\n\t<meta property=\"og:image:type\" content=\"image\/jpeg\" \/>\n<meta name=\"author\" content=\"Marcin Fabrykowski\" \/>\n<meta name=\"twitter:card\" content=\"summary_large_image\" \/>\n<meta name=\"twitter:creator\" content=\"@24gliwice\" \/>\n<meta name=\"twitter:site\" content=\"@24gliwice\" \/>\n<meta name=\"twitter:label1\" content=\"Napisane przez\" \/>\n\t<meta name=\"twitter:data1\" content=\"Marcin Fabrykowski\" \/>\n\t<meta name=\"twitter:label2\" content=\"Szacowany czas czytania\" \/>\n\t<meta name=\"twitter:data2\" content=\"1 minuta\" \/>\n<script type=\"application\/ld+json\" class=\"yoast-schema-graph\">{\"@context\":\"https:\\\/\\\/schema.org\",\"@graph\":[{\"@type\":\"Article\",\"@id\":\"https:\\\/\\\/www.24gliwice.pl\\\/wiadomosci\\\/gliwicki-rynek-opanowali-ulicznicy-to-byl-drugi-weekend-tego-lubianego-festiwalu-galeria\\\/#article\",\"isPartOf\":{\"@id\":\"https:\\\/\\\/www.24gliwice.pl\\\/wiadomosci\\\/gliwicki-rynek-opanowali-ulicznicy-to-byl-drugi-weekend-tego-lubianego-festiwalu-galeria\\\/\"},\"author\":{\"name\":\"Marcin Fabrykowski\",\"@id\":\"https:\\\/\\\/www.24gliwice.pl\\\/wiadomosci\\\/#\\\/schema\\\/person\\\/cb5857e4a4d048c15984c1edcc8ef0c0\"},\"headline\":\"Gliwicki Rynek i Park Chopina opanowali Ulicznicy. To by\u0142 drugi weekend festiwalu (GALERIA)\",\"datePublished\":\"2018-07-09T20:11:27+00:00\",\"dateModified\":\"2018-07-10T08:42:49+00:00\",\"mainEntityOfPage\":{\"@id\":\"https:\\\/\\\/www.24gliwice.pl\\\/wiadomosci\\\/gliwicki-rynek-opanowali-ulicznicy-to-byl-drugi-weekend-tego-lubianego-festiwalu-galeria\\\/\"},\"wordCount\":126,\"publisher\":{\"@id\":\"https:\\\/\\\/www.24gliwice.pl\\\/wiadomosci\\\/#organization\"},\"image\":{\"@id\":\"https:\\\/\\\/www.24gliwice.pl\\\/wiadomosci\\\/gliwicki-rynek-opanowali-ulicznicy-to-byl-drugi-weekend-tego-lubianego-festiwalu-galeria\\\/#primaryimage\"},\"thumbnailUrl\":\"https:\\\/\\\/www.24gliwice.pl\\\/wiadomosci\\\/wp-content\\\/uploads\\\/2018\\\/07\\\/1-Orchestre-International-Du-Vetex-8.jpg\",\"keywords\":[\"FESTIWAL\",\"ULICZNICY\"],\"articleSection\":[\"Kultura, wydarzenia, imprezy\",\"Najnowsze wiadomo\u015bci\",\"Polecamy\"],\"inLanguage\":\"pl-PL\"},{\"@type\":\"WebPage\",\"@id\":\"https:\\\/\\\/www.24gliwice.pl\\\/wiadomosci\\\/gliwicki-rynek-opanowali-ulicznicy-to-byl-drugi-weekend-tego-lubianego-festiwalu-galeria\\\/\",\"url\":\"https:\\\/\\\/www.24gliwice.pl\\\/wiadomosci\\\/gliwicki-rynek-opanowali-ulicznicy-to-byl-drugi-weekend-tego-lubianego-festiwalu-galeria\\\/\",\"name\":\"Gliwicki Rynek i Park Chopina opanowali Ulicznicy. To by\u0142 drugi weekend festiwalu (GALERIA) - 24GLIWICE - Portal Gliwice | codziennie nowe informacje\",\"isPartOf\":{\"@id\":\"https:\\\/\\\/www.24gliwice.pl\\\/wiadomosci\\\/#website\"},\"primaryImageOfPage\":{\"@id\":\"https:\\\/\\\/www.24gliwice.pl\\\/wiadomosci\\\/gliwicki-rynek-opanowali-ulicznicy-to-byl-drugi-weekend-tego-lubianego-festiwalu-galeria\\\/#primaryimage\"},\"image\":{\"@id\":\"https:\\\/\\\/www.24gliwice.pl\\\/wiadomosci\\\/gliwicki-rynek-opanowali-ulicznicy-to-byl-drugi-weekend-tego-lubianego-festiwalu-galeria\\\/#primaryimage\"},\"thumbnailUrl\":\"https:\\\/\\\/www.24gliwice.pl\\\/wiadomosci\\\/wp-content\\\/uploads\\\/2018\\\/07\\\/1-Orchestre-International-Du-Vetex-8.jpg\",\"datePublished\":\"2018-07-09T20:11:27+00:00\",\"dateModified\":\"2018-07-10T08:42:49+00:00\",\"breadcrumb\":{\"@id\":\"https:\\\/\\\/www.24gliwice.pl\\\/wiadomosci\\\/gliwicki-rynek-opanowali-ulicznicy-to-byl-drugi-weekend-tego-lubianego-festiwalu-galeria\\\/#breadcrumb\"},\"inLanguage\":\"pl-PL\",\"potentialAction\":[{\"@type\":\"ReadAction\",\"target\":[\"https:\\\/\\\/www.24gliwice.pl\\\/wiadomosci\\\/gliwicki-rynek-opanowali-ulicznicy-to-byl-drugi-weekend-tego-lubianego-festiwalu-galeria\\\/\"]}]},{\"@type\":\"ImageObject\",\"inLanguage\":\"pl-PL\",\"@id\":\"https:\\\/\\\/www.24gliwice.pl\\\/wiadomosci\\\/gliwicki-rynek-opanowali-ulicznicy-to-byl-drugi-weekend-tego-lubianego-festiwalu-galeria\\\/#primaryimage\",\"url\":\"https:\\\/\\\/www.24gliwice.pl\\\/wiadomosci\\\/wp-content\\\/uploads\\\/2018\\\/07\\\/1-Orchestre-International-Du-Vetex-8.jpg\",\"contentUrl\":\"https:\\\/\\\/www.24gliwice.pl\\\/wiadomosci\\\/wp-content\\\/uploads\\\/2018\\\/07\\\/1-Orchestre-International-Du-Vetex-8.jpg\",\"width\":1000,\"height\":667},{\"@type\":\"BreadcrumbList\",\"@id\":\"https:\\\/\\\/www.24gliwice.pl\\\/wiadomosci\\\/gliwicki-rynek-opanowali-ulicznicy-to-byl-drugi-weekend-tego-lubianego-festiwalu-galeria\\\/#breadcrumb\",\"itemListElement\":[{\"@type\":\"ListItem\",\"position\":1,\"name\":\"Strona g\u0142\u00f3wna\",\"item\":\"https:\\\/\\\/www.24gliwice.pl\\\/wiadomosci\\\/\"},{\"@type\":\"ListItem\",\"position\":2,\"name\":\"Gliwicki Rynek i Park Chopina opanowali Ulicznicy. To by\u0142 drugi weekend festiwalu (GALERIA)\"}]},{\"@type\":\"WebSite\",\"@id\":\"https:\\\/\\\/www.24gliwice.pl\\\/wiadomosci\\\/#website\",\"url\":\"https:\\\/\\\/www.24gliwice.pl\\\/wiadomosci\\\/\",\"name\":\"24GLIWICE - Portal Gliwice | codziennie nowe wiadomo\u015bci\",\"description\":\"Portal Miejski Gliwice\",\"publisher\":{\"@id\":\"https:\\\/\\\/www.24gliwice.pl\\\/wiadomosci\\\/#organization\"},\"potentialAction\":[{\"@type\":\"SearchAction\",\"target\":{\"@type\":\"EntryPoint\",\"urlTemplate\":\"https:\\\/\\\/www.24gliwice.pl\\\/wiadomosci\\\/?s={search_term_string}\"},\"query-input\":{\"@type\":\"PropertyValueSpecification\",\"valueRequired\":true,\"valueName\":\"search_term_string\"}}],\"inLanguage\":\"pl-PL\"},{\"@type\":\"Organization\",\"@id\":\"https:\\\/\\\/www.24gliwice.pl\\\/wiadomosci\\\/#organization\",\"name\":\"24gliwice\",\"url\":\"https:\\\/\\\/www.24gliwice.pl\\\/wiadomosci\\\/\",\"logo\":{\"@type\":\"ImageObject\",\"inLanguage\":\"pl-PL\",\"@id\":\"https:\\\/\\\/www.24gliwice.pl\\\/wiadomosci\\\/#\\\/schema\\\/logo\\\/image\\\/\",\"url\":\"https:\\\/\\\/www.24gliwice.pl\\\/wiadomosci\\\/wp-content\\\/uploads\\\/2024\\\/10\\\/24gliwice-logo-696.jpg\",\"contentUrl\":\"https:\\\/\\\/www.24gliwice.pl\\\/wiadomosci\\\/wp-content\\\/uploads\\\/2024\\\/10\\\/24gliwice-logo-696.jpg\",\"width\":696,\"height\":696,\"caption\":\"24gliwice\"},\"image\":{\"@id\":\"https:\\\/\\\/www.24gliwice.pl\\\/wiadomosci\\\/#\\\/schema\\\/logo\\\/image\\\/\"},\"sameAs\":[\"https:\\\/\\\/www.facebook.com\\\/24gliwice\",\"https:\\\/\\\/x.com\\\/24gliwice\",\"https:\\\/\\\/www.youtube.com\\\/@24gliwice\"]},{\"@type\":\"Person\",\"@id\":\"https:\\\/\\\/www.24gliwice.pl\\\/wiadomosci\\\/#\\\/schema\\\/person\\\/cb5857e4a4d048c15984c1edcc8ef0c0\",\"name\":\"Marcin Fabrykowski\",\"image\":{\"@type\":\"ImageObject\",\"inLanguage\":\"pl-PL\",\"@id\":\"https:\\\/\\\/www.24gliwice.pl\\\/wiadomosci\\\/wp-content\\\/uploads\\\/2025\\\/11\\\/zdjecie-moje-marcin-300-96x96.jpg\",\"url\":\"https:\\\/\\\/www.24gliwice.pl\\\/wiadomosci\\\/wp-content\\\/uploads\\\/2025\\\/11\\\/zdjecie-moje-marcin-300-96x96.jpg\",\"contentUrl\":\"https:\\\/\\\/www.24gliwice.pl\\\/wiadomosci\\\/wp-content\\\/uploads\\\/2025\\\/11\\\/zdjecie-moje-marcin-300-96x96.jpg\",\"caption\":\"Marcin Fabrykowski\"},\"sameAs\":[\"http:\\\/\\\/24gliwice.pl\",\"https:\\\/\\\/www.facebook.com\\\/marcin.fabrykowski\"],\"url\":\"https:\\\/\\\/www.24gliwice.pl\\\/wiadomosci\\\/author\\\/marcin-fabrykowski\\\/\"}]}<\/script>\n<!-- \/ Yoast SEO plugin. -->","yoast_head_json":{"title":"Gliwicki Rynek i Park Chopina opanowali Ulicznicy. To by\u0142 drugi weekend festiwalu (GALERIA) - 24GLIWICE - Portal Gliwice | codziennie nowe informacje","robots":{"index":"index","follow":"follow","max-snippet":"max-snippet:-1","max-image-preview":"max-image-preview:large","max-video-preview":"max-video-preview:-1"},"canonical":"https:\/\/www.24gliwice.pl\/wiadomosci\/gliwicki-rynek-opanowali-ulicznicy-to-byl-drugi-weekend-tego-lubianego-festiwalu-galeria\/","og_locale":"pl_PL","og_type":"article","og_title":"Gliwicki Rynek i Park Chopina opanowali Ulicznicy. To by\u0142 drugi weekend festiwalu (GALERIA) - 24GLIWICE - Portal Gliwice | codziennie nowe informacje","og_description":"Za nami drugi weekend najwi\u0119kszego festiwalu ulicznego na \u015al\u0105sku &#8211; ulicznicy! Warsztaty i spektakle dla dzieci oraz teatr uzdrawiaj\u0105cy w tajemniczym samochodzie w wykonaniu The Miraculous Theatre Company z Wielkiej Brytanii. W sobot\u0119 na Rynku Mi\u0119dzynarodowa Orkiestra D\u0119ta z Belgii &#8220;Vetex&#8221; zrobi\u0142a nam paparapa. Natmomiast w niedziel\u0119 prze\u017cyli\u015bmy chwile wzruszenia i grozy z Duo Looky [&hellip;]","og_url":"https:\/\/www.24gliwice.pl\/wiadomosci\/gliwicki-rynek-opanowali-ulicznicy-to-byl-drugi-weekend-tego-lubianego-festiwalu-galeria\/","og_site_name":"24GLIWICE - Portal Gliwice | codziennie nowe informacje","article_publisher":"https:\/\/www.facebook.com\/24gliwice","article_author":"https:\/\/www.facebook.com\/marcin.fabrykowski","article_published_time":"2018-07-09T20:11:27+00:00","article_modified_time":"2018-07-10T08:42:49+00:00","og_image":[{"width":1000,"height":667,"url":"https:\/\/www.24gliwice.pl\/wiadomosci\/wp-content\/uploads\/2018\/07\/1-Orchestre-International-Du-Vetex-8.jpg","type":"image\/jpeg"}],"author":"Marcin Fabrykowski","twitter_card":"summary_large_image","twitter_creator":"@24gliwice","twitter_site":"@24gliwice","twitter_misc":{"Napisane przez":"Marcin Fabrykowski","Szacowany czas czytania":"1 minuta"},"schema":{"@context":"https:\/\/schema.org","@graph":[{"@type":"Article","@id":"https:\/\/www.24gliwice.pl\/wiadomosci\/gliwicki-rynek-opanowali-ulicznicy-to-byl-drugi-weekend-tego-lubianego-festiwalu-galeria\/#article","isPartOf":{"@id":"https:\/\/www.24gliwice.pl\/wiadomosci\/gliwicki-rynek-opanowali-ulicznicy-to-byl-drugi-weekend-tego-lubianego-festiwalu-galeria\/"},"author":{"name":"Marcin Fabrykowski","@id":"https:\/\/www.24gliwice.pl\/wiadomosci\/#\/schema\/person\/cb5857e4a4d048c15984c1edcc8ef0c0"},"headline":"Gliwicki Rynek i Park Chopina opanowali Ulicznicy. To by\u0142 drugi weekend festiwalu (GALERIA)","datePublished":"2018-07-09T20:11:27+00:00","dateModified":"2018-07-10T08:42:49+00:00","mainEntityOfPage":{"@id":"https:\/\/www.24gliwice.pl\/wiadomosci\/gliwicki-rynek-opanowali-ulicznicy-to-byl-drugi-weekend-tego-lubianego-festiwalu-galeria\/"},"wordCount":126,"publisher":{"@id":"https:\/\/www.24gliwice.pl\/wiadomosci\/#organization"},"image":{"@id":"https:\/\/www.24gliwice.pl\/wiadomosci\/gliwicki-rynek-opanowali-ulicznicy-to-byl-drugi-weekend-tego-lubianego-festiwalu-galeria\/#primaryimage"},"thumbnailUrl":"https:\/\/www.24gliwice.pl\/wiadomosci\/wp-content\/uploads\/2018\/07\/1-Orchestre-International-Du-Vetex-8.jpg","keywords":["FESTIWAL","ULICZNICY"],"articleSection":["Kultura, wydarzenia, imprezy","Najnowsze wiadomo\u015bci","Polecamy"],"inLanguage":"pl-PL"},{"@type":"WebPage","@id":"https:\/\/www.24gliwice.pl\/wiadomosci\/gliwicki-rynek-opanowali-ulicznicy-to-byl-drugi-weekend-tego-lubianego-festiwalu-galeria\/","url":"https:\/\/www.24gliwice.pl\/wiadomosci\/gliwicki-rynek-opanowali-ulicznicy-to-byl-drugi-weekend-tego-lubianego-festiwalu-galeria\/","name":"Gliwicki Rynek i Park Chopina opanowali Ulicznicy. To by\u0142 drugi weekend festiwalu (GALERIA) - 24GLIWICE - Portal Gliwice | codziennie nowe informacje","isPartOf":{"@id":"https:\/\/www.24gliwice.pl\/wiadomosci\/#website"},"primaryImageOfPage":{"@id":"https:\/\/www.24gliwice.pl\/wiadomosci\/gliwicki-rynek-opanowali-ulicznicy-to-byl-drugi-weekend-tego-lubianego-festiwalu-galeria\/#primaryimage"},"image":{"@id":"https:\/\/www.24gliwice.pl\/wiadomosci\/gliwicki-rynek-opanowali-ulicznicy-to-byl-drugi-weekend-tego-lubianego-festiwalu-galeria\/#primaryimage"},"thumbnailUrl":"https:\/\/www.24gliwice.pl\/wiadomosci\/wp-content\/uploads\/2018\/07\/1-Orchestre-International-Du-Vetex-8.jpg","datePublished":"2018-07-09T20:11:27+00:00","dateModified":"2018-07-10T08:42:49+00:00","breadcrumb":{"@id":"https:\/\/www.24gliwice.pl\/wiadomosci\/gliwicki-rynek-opanowali-ulicznicy-to-byl-drugi-weekend-tego-lubianego-festiwalu-galeria\/#breadcrumb"},"inLanguage":"pl-PL","potentialAction":[{"@type":"ReadAction","target":["https:\/\/www.24gliwice.pl\/wiadomosci\/gliwicki-rynek-opanowali-ulicznicy-to-byl-drugi-weekend-tego-lubianego-festiwalu-galeria\/"]}]},{"@type":"ImageObject","inLanguage":"pl-PL","@id":"https:\/\/www.24gliwice.pl\/wiadomosci\/gliwicki-rynek-opanowali-ulicznicy-to-byl-drugi-weekend-tego-lubianego-festiwalu-galeria\/#primaryimage","url":"https:\/\/www.24gliwice.pl\/wiadomosci\/wp-content\/uploads\/2018\/07\/1-Orchestre-International-Du-Vetex-8.jpg","contentUrl":"https:\/\/www.24gliwice.pl\/wiadomosci\/wp-content\/uploads\/2018\/07\/1-Orchestre-International-Du-Vetex-8.jpg","width":1000,"height":667},{"@type":"BreadcrumbList","@id":"https:\/\/www.24gliwice.pl\/wiadomosci\/gliwicki-rynek-opanowali-ulicznicy-to-byl-drugi-weekend-tego-lubianego-festiwalu-galeria\/#breadcrumb","itemListElement":[{"@type":"ListItem","position":1,"name":"Strona g\u0142\u00f3wna","item":"https:\/\/www.24gliwice.pl\/wiadomosci\/"},{"@type":"ListItem","position":2,"name":"Gliwicki Rynek i Park Chopina opanowali Ulicznicy. To by\u0142 drugi weekend festiwalu (GALERIA)"}]},{"@type":"WebSite","@id":"https:\/\/www.24gliwice.pl\/wiadomosci\/#website","url":"https:\/\/www.24gliwice.pl\/wiadomosci\/","name":"24GLIWICE - Portal Gliwice | codziennie nowe wiadomo\u015bci","description":"Portal Miejski Gliwice","publisher":{"@id":"https:\/\/www.24gliwice.pl\/wiadomosci\/#organization"},"potentialAction":[{"@type":"SearchAction","target":{"@type":"EntryPoint","urlTemplate":"https:\/\/www.24gliwice.pl\/wiadomosci\/?s={search_term_string}"},"query-input":{"@type":"PropertyValueSpecification","valueRequired":true,"valueName":"search_term_string"}}],"inLanguage":"pl-PL"},{"@type":"Organization","@id":"https:\/\/www.24gliwice.pl\/wiadomosci\/#organization","name":"24gliwice","url":"https:\/\/www.24gliwice.pl\/wiadomosci\/","logo":{"@type":"ImageObject","inLanguage":"pl-PL","@id":"https:\/\/www.24gliwice.pl\/wiadomosci\/#\/schema\/logo\/image\/","url":"https:\/\/www.24gliwice.pl\/wiadomosci\/wp-content\/uploads\/2024\/10\/24gliwice-logo-696.jpg","contentUrl":"https:\/\/www.24gliwice.pl\/wiadomosci\/wp-content\/uploads\/2024\/10\/24gliwice-logo-696.jpg","width":696,"height":696,"caption":"24gliwice"},"image":{"@id":"https:\/\/www.24gliwice.pl\/wiadomosci\/#\/schema\/logo\/image\/"},"sameAs":["https:\/\/www.facebook.com\/24gliwice","https:\/\/x.com\/24gliwice","https:\/\/www.youtube.com\/@24gliwice"]},{"@type":"Person","@id":"https:\/\/www.24gliwice.pl\/wiadomosci\/#\/schema\/person\/cb5857e4a4d048c15984c1edcc8ef0c0","name":"Marcin Fabrykowski","image":{"@type":"ImageObject","inLanguage":"pl-PL","@id":"https:\/\/www.24gliwice.pl\/wiadomosci\/wp-content\/uploads\/2025\/11\/zdjecie-moje-marcin-300-96x96.jpg","url":"https:\/\/www.24gliwice.pl\/wiadomosci\/wp-content\/uploads\/2025\/11\/zdjecie-moje-marcin-300-96x96.jpg","contentUrl":"https:\/\/www.24gliwice.pl\/wiadomosci\/wp-content\/uploads\/2025\/11\/zdjecie-moje-marcin-300-96x96.jpg","caption":"Marcin Fabrykowski"},"sameAs":["http:\/\/24gliwice.pl","https:\/\/www.facebook.com\/marcin.fabrykowski"],"url":"https:\/\/www.24gliwice.pl\/wiadomosci\/author\/marcin-fabrykowski\/"}]}},"_links":{"self":[{"href":"https:\/\/www.24gliwice.pl\/wiadomosci\/wp-json\/wp\/v2\/posts\/119922","targetHints":{"allow":["GET"]}}],"collection":[{"href":"https:\/\/www.24gliwice.pl\/wiadomosci\/wp-json\/wp\/v2\/posts"}],"about":[{"href":"https:\/\/www.24gliwice.pl\/wiadomosci\/wp-json\/wp\/v2\/types\/post"}],"author":[{"embeddable":true,"href":"https:\/\/www.24gliwice.pl\/wiadomosci\/wp-json\/wp\/v2\/users\/4"}],"replies":[{"embeddable":true,"href":"https:\/\/www.24gliwice.pl\/wiadomosci\/wp-json\/wp\/v2\/comments?post=119922"}],"version-history":[{"count":0,"href":"https:\/\/www.24gliwice.pl\/wiadomosci\/wp-json\/wp\/v2\/posts\/119922\/revisions"}],"wp:featuredmedia":[{"embeddable":true,"href":"https:\/\/www.24gliwice.pl\/wiadomosci\/wp-json\/wp\/v2\/media\/119930"}],"wp:attachment":[{"href":"https:\/\/www.24gliwice.pl\/wiadomosci\/wp-json\/wp\/v2\/media?parent=119922"}],"wp:term":[{"taxonomy":"category","embeddable":true,"href":"https:\/\/www.24gliwice.pl\/wiadomosci\/wp-json\/wp\/v2\/categories?post=119922"},{"taxonomy":"post_tag","embeddable":true,"href":"https:\/\/www.24gliwice.pl\/wiadomosci\/wp-json\/wp\/v2\/tags?post=119922"}],"curies":[{"name":"wp","href":"https:\/\/api.w.org\/{rel}","templated":true}]}}