{"id":120052,"date":"2018-07-13T13:06:44","date_gmt":"2018-07-13T11:06:44","guid":{"rendered":"https:\/\/www.24gliwice.pl\/wiadomosci\/?p=120052"},"modified":"2018-07-13T13:17:56","modified_gmt":"2018-07-13T11:17:56","slug":"opryski-przeciwkleszczowe-w-gliwicach","status":"publish","type":"post","link":"https:\/\/www.24gliwice.pl\/wiadomosci\/opryski-przeciwkleszczowe-w-gliwicach\/","title":{"rendered":"W sierpniu zaplanowano kolejne opryski przeciwkleszczowe. W sumie 55 hektar\u00f3w teren\u00f3w zielonych"},"content":{"rendered":"<div class=\"gliwi-a6-nad-leadem-artykulow gliwi-entity-placement\" id=\"gliwi-732079634\"><div class=\"gliwi-adlabel\"><span style=\"font-size: 9px\">REKLAMA<\/span><\/div><div id=\"gliwi-1916643660\" style=\"margin-bottom: 25px;margin-left: auto;margin-right: auto;text-align: center;\"><a data-no-instant=\"1\" href=\"https:\/\/dom100.eu\/\" rel=\"noopener\" class=\"a2t-link\" target=\"_blank\" aria-label=\"20260415 DOM100 D\"><img loading=\"lazy\" decoding=\"async\" src=\"https:\/\/www.24gliwice.pl\/wiadomosci\/wp-content\/uploads\/2026\/04\/20260415-DOM100-D.jpg\" alt=\"\"  srcset=\"https:\/\/www.24gliwice.pl\/wiadomosci\/wp-content\/uploads\/2026\/04\/20260415-DOM100-D.jpg 750w, https:\/\/www.24gliwice.pl\/wiadomosci\/wp-content\/uploads\/2026\/04\/20260415-DOM100-D-410x109.jpg 410w\" sizes=\"(max-width: 750px) 100vw, 750px\" class=\"no-lazyload\" width=\"750\" height=\"200\"  style=\"display: inline-block; max-width: 100%; height: auto;\" \/><\/a><\/div><\/div><h3>Od ubieg\u0142ego roku <a href=\"https:\/\/www.24gliwice.pl\/wiadomosci\/gliwice-w-koncu-doczekaja-sie-opryskow-przeciwkleszczowych-wykonywane-beda-noca\/\" rel=\"noopener\" target=\"_blank\"> na skwerach i trawnikach miejskich w Gliwicach dwukrotnie ju\u017c zastosowano opryski przeciwkleszczowe<\/a>. Kolejn\u0105 tak\u0105 akcj\u0119 zaplanowano na sierpie\u0144.<\/h3>\n<p>Kleszcze uwa\u017cane s\u0105 za jedne z <a href=\"https:\/\/www.focus.pl\/artykul\/kleszcz-najgroniejsze-zwierz-w-polsce\" rel=\"noopener\" target=\"_blank\">najniebezpieczniejszych paso\u017cyt\u00f3w \u015bwiata<\/a>, a na pewno w Polsce, z powodu chor\u00f3b, jakie przenosz\u0105 podczas kontaktu z krwi\u0105 \u017cywiciela. Najgorsze z nich to borelioza i odkleszczowe zapalenie m\u00f3zgu. Przyjmuje si\u0119, \u017ce nawet 30% osobnik\u00f3w mo\u017ce by\u0107 nosicielami chorobotw\u00f3rczych mikrob\u00f3w. 1% z nich zaka\u017ca. To i tak ca\u0142kiem sporo \u2013 ka\u017cdego roku tysi\u0105ce os\u00f3b zostaje zara\u017conych.<\/p>\n[perfectpullquote align=&#8221;full&#8221; bordertop=&#8221;false&#8221; cite=&#8221;&#8221; link=&#8221;&#8221; color=&#8221;&#8221; class=&#8221;&#8221; size=&#8221;&#8221;]Jak poinformowa\u0142 miejscowy Sanepid, w Gliwicach w ubieg\u0142ym roku odnotowano 43 przypadki boreliozy. Nieco mniej w powiecie gliwickim &#8211; 31.[\/perfectpullquote]\n<p>Jak zachowa\u0107 si\u0119 gdy ugryzie nas kleszcz tak, by jak najbardziej zminimalizowa\u0107 ryzyko zaka\u017cenia?<\/p><div class=\"gliwi-a3-w-tresci-artykulow gliwi-entity-placement\" id=\"gliwi-2748660623\"><div class=\"gliwi-adlabel\"><span style=\"font-size: 9px\">REKLAMA<\/span><\/div><div id=\"gliwi-1345221309\" style=\"margin-bottom: 30px;margin-left: auto;margin-right: auto;text-align: center;\"><a data-no-instant=\"1\" href=\"https:\/\/zlobek.halogen.org.pl\/\" rel=\"noopener\" class=\"a2t-link\" target=\"_blank\" aria-label=\"animator-zlobek_750x200\"><img loading=\"lazy\" decoding=\"async\" src=\"https:\/\/www.24gliwice.pl\/wiadomosci\/wp-content\/uploads\/2026\/02\/animator-zlobek_750x200.webp\" alt=\"\"  srcset=\"https:\/\/www.24gliwice.pl\/wiadomosci\/wp-content\/uploads\/2026\/02\/animator-zlobek_750x200.webp 750w, https:\/\/www.24gliwice.pl\/wiadomosci\/wp-content\/uploads\/2026\/02\/animator-zlobek_750x200-410x109.webp 410w\" sizes=\"(max-width: 750px) 100vw, 750px\" class=\"no-lazyload\" width=\"750\" height=\"200\"  style=\"display: inline-block; max-width: 100%; height: auto;\" \/><\/a><\/div><\/div>\n<p>\u2013 Przede wszystkim bez paniki \u2013 uspokaja dr <strong>Jan Miczek<\/strong>, specjalista chor\u00f3b zaka\u017anych. \u2013 Samo ugryzienie kleszcza nie powinno nas jeszcze niepokoi\u0107. Nale\u017cy delikatnie go usun\u0105\u0107 i obserwowa\u0107 miejsce ugryzienia przez kilka tygodni. Obawia\u0107 si\u0119 mo\u017cemy si\u0119 w przypadku pojawienia si\u0119 rumienia w\u0119druj\u0105cego, charakterystycznego okr\u0119gu, kt\u00f3ry mo\u017ce si\u0119 pojawi\u0107 na ciele, niekoniecznie w miejscu ugryzienia. To ewidentna oznaka zaka\u017cenia borelioz\u0105 &#8211; dodaje.<\/p>\n<p>Ale rumie\u0144 nie pojawia si\u0119 w ka\u017cdym przypadku zaka\u017cenia. Do lekarza nale\u017cy si\u0119 te\u017c zg\u0142osi\u0107, gdy wyst\u0105pi\u0105 inne typowe dla boreliozy symptomy \u2013 b\u00f3le g\u0142owy, pora\u017cenie nerwu twarzowego czy objawy grypowe, b\u0105d\u017a \u2013 to ju\u017c stadium zaawansowane \u2013 b\u00f3le staw\u00f3w. Naj\u0142atwiej wyleczy\u0107 borelioz\u0119 we wczesnym etapie, gdy rumie\u0144 jest widoczny. Wystarczy w\u00f3wczas zastosowa\u0107 kilkunastodniow\u0105 terapi\u0119 antybiotykow\u0105. Na borelioz\u0119 nie ma szczepionki, ale mo\u017cna j\u0105 wyleczy\u0107. Odwrotnie jest z kleszczowym zapaleniem m\u00f3zgu \u2013 nie leczy si\u0119 go, ale mo\u017cna si\u0119 zaszczepi\u0107 (najlepiej jeszcze zim\u0105).<\/p>\n<h4>Przeciwko kleszczom<\/h4>\n<p>W tym roku miasto wykona dwa opryski przeciwkleszczowe. Akcja obejmie tereny zielone o powierzchni 55 hektar\u00f3w.<\/p>\n<p>\u2013 Termin przeprowadzenia akcji zale\u017cy od warunk\u00f3w pogodowych. Nie mo\u017cna robi\u0107 oprysk\u00f3w zim\u0105, ani w temperaturze poni\u017cej 0 st. C, poniewa\u017c akcja by\u0142aby nieskuteczna. Koszt oprysk\u00f3w w tym roku wyniesie oko\u0142o 52 tys. z\u0142 \u2013 wyja\u015bnia <strong>Iwona Janik<\/strong>, rzecznik prasowy Miejskiego Zarz\u0105du Us\u0142ug Komunalnych w Gliwicach.<\/p>\n<p>Szczeg\u00f3\u0142owa lista miejsc, gdzie prowadzona by\u0142a poprzednia akcja opryskowa (kliknij aby powi\u0119kszy\u0107).<br \/>\n<a href=\"https:\/\/mzuk.gliwice.pl\/wp-content\/uploads\/2017\/08\/Wykaz_terenow_do_oprysku_przeciw_kleszczom-1-768x686.jpg\" target=\"_blank\"><img loading=\"lazy\" decoding=\"async\" src=\"http:\/\/www.24gliwice.pl\/wiadomosci\/wp-content\/uploads\/2017\/08\/Wykaz_terenow_do_oprysku_przeciw_kleszczom-1-768x686-509x455.jpg\" alt=\"\" width=\"509\" height=\"455\" class=\"aligncenter size-large wp-image-103134\" srcset=\"https:\/\/www.24gliwice.pl\/wiadomosci\/wp-content\/uploads\/2017\/08\/Wykaz_terenow_do_oprysku_przeciw_kleszczom-1-768x686-509x455.jpg 509w, https:\/\/www.24gliwice.pl\/wiadomosci\/wp-content\/uploads\/2017\/08\/Wykaz_terenow_do_oprysku_przeciw_kleszczom-1-768x686-260x232.jpg 260w, https:\/\/www.24gliwice.pl\/wiadomosci\/wp-content\/uploads\/2017\/08\/Wykaz_terenow_do_oprysku_przeciw_kleszczom-1-768x686.jpg 768w\" sizes=\"auto, (max-width: 509px) 100vw, 509px\" \/><\/a><\/p>\n<p>(\u017cms)\/MSI<\/p>\n<div class=\"gliwi-a5-na-koncu-artykulow gliwi-entity-placement\" id=\"gliwi-2394831423\"><div class=\"gliwi-adlabel\"><span style=\"font-size: 9px\">REKLAMA<\/span><\/div><div id=\"gliwi-4287899163\" style=\"margin-left: auto;margin-right: auto;text-align: center;\"><a data-no-instant=\"1\" href=\"https:\/\/prezeroarenagliwice.pl\/\" rel=\"noopener\" class=\"a2t-link\" target=\"_blank\" aria-label=\"20260309-PREZERO-WIOSNA-D\"><img loading=\"lazy\" decoding=\"async\" src=\"https:\/\/www.24gliwice.pl\/wiadomosci\/wp-content\/uploads\/2026\/03\/20260309-PREZERO-WIOSNA-D.webp\" alt=\"\"  srcset=\"https:\/\/www.24gliwice.pl\/wiadomosci\/wp-content\/uploads\/2026\/03\/20260309-PREZERO-WIOSNA-D.webp 750w, https:\/\/www.24gliwice.pl\/wiadomosci\/wp-content\/uploads\/2026\/03\/20260309-PREZERO-WIOSNA-D-410x109.webp 410w\" sizes=\"(max-width: 750px) 100vw, 750px\" class=\"no-lazyload\" width=\"750\" height=\"200\"  style=\"display: inline-block; max-width: 100%; height: auto;\" \/><\/a><\/div><\/div>","protected":false},"excerpt":{"rendered":"<p>Od ubieg\u0142ego roku na skwerach i trawnikach miejskich w Gliwicach dwukrotnie ju\u017c zastosowano opryski przeciwkleszczowe. Kolejn\u0105 tak\u0105 akcj\u0119 zaplanowano na sierpie\u0144. Kleszcze uwa\u017cane s\u0105 za jedne z najniebezpieczniejszych paso\u017cyt\u00f3w \u015bwiata, a na pewno w Polsce, z powodu chor\u00f3b, jakie przenosz\u0105 podczas kontaktu z krwi\u0105 \u017cywiciela. Najgorsze z nich to borelioza i odkleszczowe zapalenie m\u00f3zgu. Przyjmuje [&hellip;]<\/p>\n","protected":false},"author":15,"featured_media":103138,"comment_status":"open","ping_status":"closed","sticky":false,"template":"","format":"standard","meta":{"_monsterinsights_skip_tracking":false,"_monsterinsights_sitenote_active":false,"_monsterinsights_sitenote_note":"","_monsterinsights_sitenote_category":0,"footnotes":"","_links_to":"","_links_to_target":""},"categories":[3,1],"tags":[9181,9180,9732,257,9734,8459,11852],"class_list":["post-120052","post","type-post","status-publish","format-standard","has-post-thumbnail","hentry","category-gliwice","category-wszystko","tag-borelioza","tag-kleszcz","tag-kleszcze","tag-mzuk","tag-opryski-przeciwkleszczowe","tag-sanepid","tag-tereny-zielone"],"yoast_head":"<!-- This site is optimized with the Yoast SEO plugin v27.5 - https:\/\/yoast.com\/product\/yoast-seo-wordpress\/ -->\n<title>W sierpniu zaplanowano kolejne opryski przeciwkleszczowe. W sumie 55 hektar\u00f3w teren\u00f3w zielonych - 24GLIWICE - Portal Gliwice | codziennie nowe informacje<\/title>\n<meta name=\"robots\" content=\"index, follow, max-snippet:-1, max-image-preview:large, max-video-preview:-1\" \/>\n<link rel=\"canonical\" href=\"https:\/\/www.24gliwice.pl\/wiadomosci\/opryski-przeciwkleszczowe-w-gliwicach\/\" \/>\n<meta property=\"og:locale\" content=\"pl_PL\" \/>\n<meta property=\"og:type\" content=\"article\" \/>\n<meta property=\"og:title\" content=\"W sierpniu zaplanowano kolejne opryski przeciwkleszczowe. W sumie 55 hektar\u00f3w teren\u00f3w zielonych - 24GLIWICE - Portal Gliwice | codziennie nowe informacje\" \/>\n<meta property=\"og:description\" content=\"Od ubieg\u0142ego roku na skwerach i trawnikach miejskich w Gliwicach dwukrotnie ju\u017c zastosowano opryski przeciwkleszczowe. Kolejn\u0105 tak\u0105 akcj\u0119 zaplanowano na sierpie\u0144. Kleszcze uwa\u017cane s\u0105 za jedne z najniebezpieczniejszych paso\u017cyt\u00f3w \u015bwiata, a na pewno w Polsce, z powodu chor\u00f3b, jakie przenosz\u0105 podczas kontaktu z krwi\u0105 \u017cywiciela. Najgorsze z nich to borelioza i odkleszczowe zapalenie m\u00f3zgu. Przyjmuje [&hellip;]\" \/>\n<meta property=\"og:url\" content=\"https:\/\/www.24gliwice.pl\/wiadomosci\/opryski-przeciwkleszczowe-w-gliwicach\/\" \/>\n<meta property=\"og:site_name\" content=\"24GLIWICE - Portal Gliwice | codziennie nowe informacje\" \/>\n<meta property=\"article:publisher\" content=\"https:\/\/www.facebook.com\/24gliwice\" \/>\n<meta property=\"article:published_time\" content=\"2018-07-13T11:06:44+00:00\" \/>\n<meta property=\"article:modified_time\" content=\"2018-07-13T11:17:56+00:00\" \/>\n<meta property=\"og:image\" content=\"https:\/\/www.24gliwice.pl\/wiadomosci\/wp-content\/uploads\/2017\/08\/Screenshot_59.jpg\" \/>\n\t<meta property=\"og:image:width\" content=\"923\" \/>\n\t<meta property=\"og:image:height\" content=\"542\" \/>\n\t<meta property=\"og:image:type\" content=\"image\/jpeg\" \/>\n<meta name=\"author\" content=\"\u017baneta Mrozek-Siewierska\" \/>\n<meta name=\"twitter:card\" content=\"summary_large_image\" \/>\n<meta name=\"twitter:creator\" content=\"@24gliwice\" \/>\n<meta name=\"twitter:site\" content=\"@24gliwice\" \/>\n<meta name=\"twitter:label1\" content=\"Napisane przez\" \/>\n\t<meta name=\"twitter:data1\" content=\"\u017baneta Mrozek-Siewierska\" \/>\n\t<meta name=\"twitter:label2\" content=\"Szacowany czas czytania\" \/>\n\t<meta name=\"twitter:data2\" content=\"2 minuty\" \/>\n<script type=\"application\/ld+json\" class=\"yoast-schema-graph\">{\"@context\":\"https:\\\/\\\/schema.org\",\"@graph\":[{\"@type\":\"Article\",\"@id\":\"https:\\\/\\\/www.24gliwice.pl\\\/wiadomosci\\\/opryski-przeciwkleszczowe-w-gliwicach\\\/#article\",\"isPartOf\":{\"@id\":\"https:\\\/\\\/www.24gliwice.pl\\\/wiadomosci\\\/opryski-przeciwkleszczowe-w-gliwicach\\\/\"},\"author\":{\"name\":\"\u017baneta Mrozek-Siewierska\",\"@id\":\"https:\\\/\\\/www.24gliwice.pl\\\/wiadomosci\\\/#\\\/schema\\\/person\\\/e42c650edd7f2fa332be3811fb166b6e\"},\"headline\":\"W sierpniu zaplanowano kolejne opryski przeciwkleszczowe. W sumie 55 hektar\u00f3w teren\u00f3w zielonych\",\"datePublished\":\"2018-07-13T11:06:44+00:00\",\"dateModified\":\"2018-07-13T11:17:56+00:00\",\"mainEntityOfPage\":{\"@id\":\"https:\\\/\\\/www.24gliwice.pl\\\/wiadomosci\\\/opryski-przeciwkleszczowe-w-gliwicach\\\/\"},\"wordCount\":404,\"commentCount\":0,\"publisher\":{\"@id\":\"https:\\\/\\\/www.24gliwice.pl\\\/wiadomosci\\\/#organization\"},\"image\":{\"@id\":\"https:\\\/\\\/www.24gliwice.pl\\\/wiadomosci\\\/opryski-przeciwkleszczowe-w-gliwicach\\\/#primaryimage\"},\"thumbnailUrl\":\"https:\\\/\\\/www.24gliwice.pl\\\/wiadomosci\\\/wp-content\\\/uploads\\\/2017\\\/08\\\/Screenshot_59.jpg\",\"keywords\":[\"borelioza\",\"kleszcz\",\"kleszcze\",\"MZUK\",\"opryski przeciwkleszczowe\",\"sanepid\",\"tereny zielone\"],\"articleSection\":[\"Gliwice\",\"Najnowsze wiadomo\u015bci\"],\"inLanguage\":\"pl-PL\",\"potentialAction\":[{\"@type\":\"CommentAction\",\"name\":\"Comment\",\"target\":[\"https:\\\/\\\/www.24gliwice.pl\\\/wiadomosci\\\/opryski-przeciwkleszczowe-w-gliwicach\\\/#respond\"]}]},{\"@type\":\"WebPage\",\"@id\":\"https:\\\/\\\/www.24gliwice.pl\\\/wiadomosci\\\/opryski-przeciwkleszczowe-w-gliwicach\\\/\",\"url\":\"https:\\\/\\\/www.24gliwice.pl\\\/wiadomosci\\\/opryski-przeciwkleszczowe-w-gliwicach\\\/\",\"name\":\"W sierpniu zaplanowano kolejne opryski przeciwkleszczowe. W sumie 55 hektar\u00f3w teren\u00f3w zielonych - 24GLIWICE - Portal Gliwice | codziennie nowe informacje\",\"isPartOf\":{\"@id\":\"https:\\\/\\\/www.24gliwice.pl\\\/wiadomosci\\\/#website\"},\"primaryImageOfPage\":{\"@id\":\"https:\\\/\\\/www.24gliwice.pl\\\/wiadomosci\\\/opryski-przeciwkleszczowe-w-gliwicach\\\/#primaryimage\"},\"image\":{\"@id\":\"https:\\\/\\\/www.24gliwice.pl\\\/wiadomosci\\\/opryski-przeciwkleszczowe-w-gliwicach\\\/#primaryimage\"},\"thumbnailUrl\":\"https:\\\/\\\/www.24gliwice.pl\\\/wiadomosci\\\/wp-content\\\/uploads\\\/2017\\\/08\\\/Screenshot_59.jpg\",\"datePublished\":\"2018-07-13T11:06:44+00:00\",\"dateModified\":\"2018-07-13T11:17:56+00:00\",\"breadcrumb\":{\"@id\":\"https:\\\/\\\/www.24gliwice.pl\\\/wiadomosci\\\/opryski-przeciwkleszczowe-w-gliwicach\\\/#breadcrumb\"},\"inLanguage\":\"pl-PL\",\"potentialAction\":[{\"@type\":\"ReadAction\",\"target\":[\"https:\\\/\\\/www.24gliwice.pl\\\/wiadomosci\\\/opryski-przeciwkleszczowe-w-gliwicach\\\/\"]}]},{\"@type\":\"ImageObject\",\"inLanguage\":\"pl-PL\",\"@id\":\"https:\\\/\\\/www.24gliwice.pl\\\/wiadomosci\\\/opryski-przeciwkleszczowe-w-gliwicach\\\/#primaryimage\",\"url\":\"https:\\\/\\\/www.24gliwice.pl\\\/wiadomosci\\\/wp-content\\\/uploads\\\/2017\\\/08\\\/Screenshot_59.jpg\",\"contentUrl\":\"https:\\\/\\\/www.24gliwice.pl\\\/wiadomosci\\\/wp-content\\\/uploads\\\/2017\\\/08\\\/Screenshot_59.jpg\",\"width\":923,\"height\":542},{\"@type\":\"BreadcrumbList\",\"@id\":\"https:\\\/\\\/www.24gliwice.pl\\\/wiadomosci\\\/opryski-przeciwkleszczowe-w-gliwicach\\\/#breadcrumb\",\"itemListElement\":[{\"@type\":\"ListItem\",\"position\":1,\"name\":\"Strona g\u0142\u00f3wna\",\"item\":\"https:\\\/\\\/www.24gliwice.pl\\\/wiadomosci\\\/\"},{\"@type\":\"ListItem\",\"position\":2,\"name\":\"W sierpniu zaplanowano kolejne opryski przeciwkleszczowe. W sumie 55 hektar\u00f3w teren\u00f3w zielonych\"}]},{\"@type\":\"WebSite\",\"@id\":\"https:\\\/\\\/www.24gliwice.pl\\\/wiadomosci\\\/#website\",\"url\":\"https:\\\/\\\/www.24gliwice.pl\\\/wiadomosci\\\/\",\"name\":\"24GLIWICE - Portal Gliwice | codziennie nowe wiadomo\u015bci\",\"description\":\"Portal Miejski Gliwice\",\"publisher\":{\"@id\":\"https:\\\/\\\/www.24gliwice.pl\\\/wiadomosci\\\/#organization\"},\"potentialAction\":[{\"@type\":\"SearchAction\",\"target\":{\"@type\":\"EntryPoint\",\"urlTemplate\":\"https:\\\/\\\/www.24gliwice.pl\\\/wiadomosci\\\/?s={search_term_string}\"},\"query-input\":{\"@type\":\"PropertyValueSpecification\",\"valueRequired\":true,\"valueName\":\"search_term_string\"}}],\"inLanguage\":\"pl-PL\"},{\"@type\":\"Organization\",\"@id\":\"https:\\\/\\\/www.24gliwice.pl\\\/wiadomosci\\\/#organization\",\"name\":\"24gliwice\",\"url\":\"https:\\\/\\\/www.24gliwice.pl\\\/wiadomosci\\\/\",\"logo\":{\"@type\":\"ImageObject\",\"inLanguage\":\"pl-PL\",\"@id\":\"https:\\\/\\\/www.24gliwice.pl\\\/wiadomosci\\\/#\\\/schema\\\/logo\\\/image\\\/\",\"url\":\"https:\\\/\\\/www.24gliwice.pl\\\/wiadomosci\\\/wp-content\\\/uploads\\\/2024\\\/10\\\/24gliwice-logo-696.jpg\",\"contentUrl\":\"https:\\\/\\\/www.24gliwice.pl\\\/wiadomosci\\\/wp-content\\\/uploads\\\/2024\\\/10\\\/24gliwice-logo-696.jpg\",\"width\":696,\"height\":696,\"caption\":\"24gliwice\"},\"image\":{\"@id\":\"https:\\\/\\\/www.24gliwice.pl\\\/wiadomosci\\\/#\\\/schema\\\/logo\\\/image\\\/\"},\"sameAs\":[\"https:\\\/\\\/www.facebook.com\\\/24gliwice\",\"https:\\\/\\\/x.com\\\/24gliwice\",\"https:\\\/\\\/www.youtube.com\\\/@24gliwice\"]},{\"@type\":\"Person\",\"@id\":\"https:\\\/\\\/www.24gliwice.pl\\\/wiadomosci\\\/#\\\/schema\\\/person\\\/e42c650edd7f2fa332be3811fb166b6e\",\"name\":\"\u017baneta Mrozek-Siewierska\",\"image\":{\"@type\":\"ImageObject\",\"inLanguage\":\"pl-PL\",\"@id\":\"https:\\\/\\\/secure.gravatar.com\\\/avatar\\\/1881429e9c64597c77ad7aef2d0a19be69a3253e57534d16aa15bf3a4d34a0a3?s=96&d=mm&r=g\",\"url\":\"https:\\\/\\\/secure.gravatar.com\\\/avatar\\\/1881429e9c64597c77ad7aef2d0a19be69a3253e57534d16aa15bf3a4d34a0a3?s=96&d=mm&r=g\",\"contentUrl\":\"https:\\\/\\\/secure.gravatar.com\\\/avatar\\\/1881429e9c64597c77ad7aef2d0a19be69a3253e57534d16aa15bf3a4d34a0a3?s=96&d=mm&r=g\",\"caption\":\"\u017baneta Mrozek-Siewierska\"},\"url\":\"https:\\\/\\\/www.24gliwice.pl\\\/wiadomosci\\\/author\\\/zms\\\/\"}]}<\/script>\n<!-- \/ Yoast SEO plugin. -->","yoast_head_json":{"title":"W sierpniu zaplanowano kolejne opryski przeciwkleszczowe. W sumie 55 hektar\u00f3w teren\u00f3w zielonych - 24GLIWICE - Portal Gliwice | codziennie nowe informacje","robots":{"index":"index","follow":"follow","max-snippet":"max-snippet:-1","max-image-preview":"max-image-preview:large","max-video-preview":"max-video-preview:-1"},"canonical":"https:\/\/www.24gliwice.pl\/wiadomosci\/opryski-przeciwkleszczowe-w-gliwicach\/","og_locale":"pl_PL","og_type":"article","og_title":"W sierpniu zaplanowano kolejne opryski przeciwkleszczowe. W sumie 55 hektar\u00f3w teren\u00f3w zielonych - 24GLIWICE - Portal Gliwice | codziennie nowe informacje","og_description":"Od ubieg\u0142ego roku na skwerach i trawnikach miejskich w Gliwicach dwukrotnie ju\u017c zastosowano opryski przeciwkleszczowe. Kolejn\u0105 tak\u0105 akcj\u0119 zaplanowano na sierpie\u0144. Kleszcze uwa\u017cane s\u0105 za jedne z najniebezpieczniejszych paso\u017cyt\u00f3w \u015bwiata, a na pewno w Polsce, z powodu chor\u00f3b, jakie przenosz\u0105 podczas kontaktu z krwi\u0105 \u017cywiciela. Najgorsze z nich to borelioza i odkleszczowe zapalenie m\u00f3zgu. Przyjmuje [&hellip;]","og_url":"https:\/\/www.24gliwice.pl\/wiadomosci\/opryski-przeciwkleszczowe-w-gliwicach\/","og_site_name":"24GLIWICE - Portal Gliwice | codziennie nowe informacje","article_publisher":"https:\/\/www.facebook.com\/24gliwice","article_published_time":"2018-07-13T11:06:44+00:00","article_modified_time":"2018-07-13T11:17:56+00:00","og_image":[{"width":923,"height":542,"url":"https:\/\/www.24gliwice.pl\/wiadomosci\/wp-content\/uploads\/2017\/08\/Screenshot_59.jpg","type":"image\/jpeg"}],"author":"\u017baneta Mrozek-Siewierska","twitter_card":"summary_large_image","twitter_creator":"@24gliwice","twitter_site":"@24gliwice","twitter_misc":{"Napisane przez":"\u017baneta Mrozek-Siewierska","Szacowany czas czytania":"2 minuty"},"schema":{"@context":"https:\/\/schema.org","@graph":[{"@type":"Article","@id":"https:\/\/www.24gliwice.pl\/wiadomosci\/opryski-przeciwkleszczowe-w-gliwicach\/#article","isPartOf":{"@id":"https:\/\/www.24gliwice.pl\/wiadomosci\/opryski-przeciwkleszczowe-w-gliwicach\/"},"author":{"name":"\u017baneta Mrozek-Siewierska","@id":"https:\/\/www.24gliwice.pl\/wiadomosci\/#\/schema\/person\/e42c650edd7f2fa332be3811fb166b6e"},"headline":"W sierpniu zaplanowano kolejne opryski przeciwkleszczowe. W sumie 55 hektar\u00f3w teren\u00f3w zielonych","datePublished":"2018-07-13T11:06:44+00:00","dateModified":"2018-07-13T11:17:56+00:00","mainEntityOfPage":{"@id":"https:\/\/www.24gliwice.pl\/wiadomosci\/opryski-przeciwkleszczowe-w-gliwicach\/"},"wordCount":404,"commentCount":0,"publisher":{"@id":"https:\/\/www.24gliwice.pl\/wiadomosci\/#organization"},"image":{"@id":"https:\/\/www.24gliwice.pl\/wiadomosci\/opryski-przeciwkleszczowe-w-gliwicach\/#primaryimage"},"thumbnailUrl":"https:\/\/www.24gliwice.pl\/wiadomosci\/wp-content\/uploads\/2017\/08\/Screenshot_59.jpg","keywords":["borelioza","kleszcz","kleszcze","MZUK","opryski przeciwkleszczowe","sanepid","tereny zielone"],"articleSection":["Gliwice","Najnowsze wiadomo\u015bci"],"inLanguage":"pl-PL","potentialAction":[{"@type":"CommentAction","name":"Comment","target":["https:\/\/www.24gliwice.pl\/wiadomosci\/opryski-przeciwkleszczowe-w-gliwicach\/#respond"]}]},{"@type":"WebPage","@id":"https:\/\/www.24gliwice.pl\/wiadomosci\/opryski-przeciwkleszczowe-w-gliwicach\/","url":"https:\/\/www.24gliwice.pl\/wiadomosci\/opryski-przeciwkleszczowe-w-gliwicach\/","name":"W sierpniu zaplanowano kolejne opryski przeciwkleszczowe. W sumie 55 hektar\u00f3w teren\u00f3w zielonych - 24GLIWICE - Portal Gliwice | codziennie nowe informacje","isPartOf":{"@id":"https:\/\/www.24gliwice.pl\/wiadomosci\/#website"},"primaryImageOfPage":{"@id":"https:\/\/www.24gliwice.pl\/wiadomosci\/opryski-przeciwkleszczowe-w-gliwicach\/#primaryimage"},"image":{"@id":"https:\/\/www.24gliwice.pl\/wiadomosci\/opryski-przeciwkleszczowe-w-gliwicach\/#primaryimage"},"thumbnailUrl":"https:\/\/www.24gliwice.pl\/wiadomosci\/wp-content\/uploads\/2017\/08\/Screenshot_59.jpg","datePublished":"2018-07-13T11:06:44+00:00","dateModified":"2018-07-13T11:17:56+00:00","breadcrumb":{"@id":"https:\/\/www.24gliwice.pl\/wiadomosci\/opryski-przeciwkleszczowe-w-gliwicach\/#breadcrumb"},"inLanguage":"pl-PL","potentialAction":[{"@type":"ReadAction","target":["https:\/\/www.24gliwice.pl\/wiadomosci\/opryski-przeciwkleszczowe-w-gliwicach\/"]}]},{"@type":"ImageObject","inLanguage":"pl-PL","@id":"https:\/\/www.24gliwice.pl\/wiadomosci\/opryski-przeciwkleszczowe-w-gliwicach\/#primaryimage","url":"https:\/\/www.24gliwice.pl\/wiadomosci\/wp-content\/uploads\/2017\/08\/Screenshot_59.jpg","contentUrl":"https:\/\/www.24gliwice.pl\/wiadomosci\/wp-content\/uploads\/2017\/08\/Screenshot_59.jpg","width":923,"height":542},{"@type":"BreadcrumbList","@id":"https:\/\/www.24gliwice.pl\/wiadomosci\/opryski-przeciwkleszczowe-w-gliwicach\/#breadcrumb","itemListElement":[{"@type":"ListItem","position":1,"name":"Strona g\u0142\u00f3wna","item":"https:\/\/www.24gliwice.pl\/wiadomosci\/"},{"@type":"ListItem","position":2,"name":"W sierpniu zaplanowano kolejne opryski przeciwkleszczowe. W sumie 55 hektar\u00f3w teren\u00f3w zielonych"}]},{"@type":"WebSite","@id":"https:\/\/www.24gliwice.pl\/wiadomosci\/#website","url":"https:\/\/www.24gliwice.pl\/wiadomosci\/","name":"24GLIWICE - Portal Gliwice | codziennie nowe wiadomo\u015bci","description":"Portal Miejski Gliwice","publisher":{"@id":"https:\/\/www.24gliwice.pl\/wiadomosci\/#organization"},"potentialAction":[{"@type":"SearchAction","target":{"@type":"EntryPoint","urlTemplate":"https:\/\/www.24gliwice.pl\/wiadomosci\/?s={search_term_string}"},"query-input":{"@type":"PropertyValueSpecification","valueRequired":true,"valueName":"search_term_string"}}],"inLanguage":"pl-PL"},{"@type":"Organization","@id":"https:\/\/www.24gliwice.pl\/wiadomosci\/#organization","name":"24gliwice","url":"https:\/\/www.24gliwice.pl\/wiadomosci\/","logo":{"@type":"ImageObject","inLanguage":"pl-PL","@id":"https:\/\/www.24gliwice.pl\/wiadomosci\/#\/schema\/logo\/image\/","url":"https:\/\/www.24gliwice.pl\/wiadomosci\/wp-content\/uploads\/2024\/10\/24gliwice-logo-696.jpg","contentUrl":"https:\/\/www.24gliwice.pl\/wiadomosci\/wp-content\/uploads\/2024\/10\/24gliwice-logo-696.jpg","width":696,"height":696,"caption":"24gliwice"},"image":{"@id":"https:\/\/www.24gliwice.pl\/wiadomosci\/#\/schema\/logo\/image\/"},"sameAs":["https:\/\/www.facebook.com\/24gliwice","https:\/\/x.com\/24gliwice","https:\/\/www.youtube.com\/@24gliwice"]},{"@type":"Person","@id":"https:\/\/www.24gliwice.pl\/wiadomosci\/#\/schema\/person\/e42c650edd7f2fa332be3811fb166b6e","name":"\u017baneta Mrozek-Siewierska","image":{"@type":"ImageObject","inLanguage":"pl-PL","@id":"https:\/\/secure.gravatar.com\/avatar\/1881429e9c64597c77ad7aef2d0a19be69a3253e57534d16aa15bf3a4d34a0a3?s=96&d=mm&r=g","url":"https:\/\/secure.gravatar.com\/avatar\/1881429e9c64597c77ad7aef2d0a19be69a3253e57534d16aa15bf3a4d34a0a3?s=96&d=mm&r=g","contentUrl":"https:\/\/secure.gravatar.com\/avatar\/1881429e9c64597c77ad7aef2d0a19be69a3253e57534d16aa15bf3a4d34a0a3?s=96&d=mm&r=g","caption":"\u017baneta Mrozek-Siewierska"},"url":"https:\/\/www.24gliwice.pl\/wiadomosci\/author\/zms\/"}]}},"_links":{"self":[{"href":"https:\/\/www.24gliwice.pl\/wiadomosci\/wp-json\/wp\/v2\/posts\/120052","targetHints":{"allow":["GET"]}}],"collection":[{"href":"https:\/\/www.24gliwice.pl\/wiadomosci\/wp-json\/wp\/v2\/posts"}],"about":[{"href":"https:\/\/www.24gliwice.pl\/wiadomosci\/wp-json\/wp\/v2\/types\/post"}],"author":[{"embeddable":true,"href":"https:\/\/www.24gliwice.pl\/wiadomosci\/wp-json\/wp\/v2\/users\/15"}],"replies":[{"embeddable":true,"href":"https:\/\/www.24gliwice.pl\/wiadomosci\/wp-json\/wp\/v2\/comments?post=120052"}],"version-history":[{"count":0,"href":"https:\/\/www.24gliwice.pl\/wiadomosci\/wp-json\/wp\/v2\/posts\/120052\/revisions"}],"wp:featuredmedia":[{"embeddable":true,"href":"https:\/\/www.24gliwice.pl\/wiadomosci\/wp-json\/wp\/v2\/media\/103138"}],"wp:attachment":[{"href":"https:\/\/www.24gliwice.pl\/wiadomosci\/wp-json\/wp\/v2\/media?parent=120052"}],"wp:term":[{"taxonomy":"category","embeddable":true,"href":"https:\/\/www.24gliwice.pl\/wiadomosci\/wp-json\/wp\/v2\/categories?post=120052"},{"taxonomy":"post_tag","embeddable":true,"href":"https:\/\/www.24gliwice.pl\/wiadomosci\/wp-json\/wp\/v2\/tags?post=120052"}],"curies":[{"name":"wp","href":"https:\/\/api.w.org\/{rel}","templated":true}]}}