{"id":120349,"date":"2018-07-19T14:21:51","date_gmt":"2018-07-19T12:21:51","guid":{"rendered":"https:\/\/www.24gliwice.pl\/wiadomosci\/?p=120349"},"modified":"2018-07-19T14:21:51","modified_gmt":"2018-07-19T12:21:51","slug":"to-zdarzenie-moglo-skonczyc-sie-tragicznie-z-kamienicy-przy-ulicy-zwyciestwa-spadl-element-elewacji","status":"publish","type":"post","link":"https:\/\/www.24gliwice.pl\/wiadomosci\/to-zdarzenie-moglo-skonczyc-sie-tragicznie-z-kamienicy-przy-ulicy-zwyciestwa-spadl-element-elewacji\/","title":{"rendered":"To zdarzenie mog\u0142o sko\u0144czy\u0107 si\u0119 tragicznie. Z kamienicy przy ulicy Zwyci\u0119stwa spad\u0142 element elewacji"},"content":{"rendered":"<div class=\"gliwi-a6-nad-leadem-artykulow gliwi-entity-placement\" id=\"gliwi-3892849217\"><div class=\"gliwi-adlabel\"><span style=\"font-size: 9px\">REKLAMA<\/span><\/div><div id=\"gliwi-2534349506\" style=\"margin-bottom: 30px;margin-left: auto;margin-right: auto;text-align: center;\"><a data-no-instant=\"1\" href=\"https:\/\/przedszkole.halogen.org.pl\/\" rel=\"noopener\" class=\"a2t-link\" target=\"_blank\" aria-label=\"20260402-ANIMATOR-przedszkole_grafika_750x200\"><img loading=\"lazy\" decoding=\"async\" src=\"https:\/\/www.24gliwice.pl\/wiadomosci\/wp-content\/uploads\/2026\/04\/20260402-ANIMATOR-przedszkole_grafika_750x200.webp\" alt=\"\"  srcset=\"https:\/\/www.24gliwice.pl\/wiadomosci\/wp-content\/uploads\/2026\/04\/20260402-ANIMATOR-przedszkole_grafika_750x200.webp 750w, https:\/\/www.24gliwice.pl\/wiadomosci\/wp-content\/uploads\/2026\/04\/20260402-ANIMATOR-przedszkole_grafika_750x200-410x109.webp 410w\" sizes=\"(max-width: 750px) 100vw, 750px\" class=\"no-lazyload\" width=\"750\" height=\"200\"  style=\"display: inline-block; max-width: 100%; height: auto;\" \/><\/a><\/div><\/div><h3>Niedawno pisali\u015bmy o <a href=\"https:\/\/www.24gliwice.pl\/wiadomosci\/bardzo-grozna-sytuacja-na-ulicy-zwyciestwa-szyba-okienna-spadla-wprost-pod-nogi-przechodniow\/\" target=\"_blank\" rel=\"noopener\">szybie, kt\u00f3ra wypad\u0142a na chodnik przy ulicy Zwyci\u0119stwa<\/a>. W \u015brod\u0119 dosz\u0142o do podobnej sytuacji, tym razem nie zawini\u0142 przeci\u0105g, a raczej stan budynku.<\/h3>\n<p>O kolejnym niebezpiecznym zdarzeniu informuje stra\u017c miejska. Od budynku odpad\u0142 ozdobny element elewacji. Mo\u017cna m\u00f3wi\u0107 o sporym szcz\u0119\u015bciu, chodnik wzd\u0142u\u017c ul. Zwyci\u0119stwa jest jednym z najbardziej ucz\u0119szczanych przez pieszych trakt\u00f3w w mie\u015bcie. Kiedy z czwartego pi\u0119tra spada\u0142 tynk, akurat nikt nie przechodzi\u0142 pod kamienic\u0105.<\/p>\n<p>Bezpo\u015brednio pod zdarzeniu funkcjonariusze zabezpieczyli teren, wezwali r\u00f3wnie\u017c na miejsce stra\u017c po\u017carn\u0105. W\u0142a\u015bciciel nieruchomo\u015bci zosta\u0142 zobowi\u0105zany do usuni\u0119cia zagro\u017cenia.<\/p><div class=\"gliwi-a3-w-tresci-artykulow gliwi-entity-placement\" id=\"gliwi-4290730601\"><div class=\"gliwi-adlabel\"><span style=\"font-size: 9px\">REKLAMA<\/span><\/div><div id=\"gliwi-572674178\" style=\"margin-bottom: 30px;margin-left: auto;margin-right: auto;text-align: center;\"><a data-no-instant=\"1\" href=\"https:\/\/zlobek.halogen.org.pl\/\" rel=\"noopener\" class=\"a2t-link\" target=\"_blank\" aria-label=\"animator-zlobek_750x200\"><img loading=\"lazy\" decoding=\"async\" src=\"https:\/\/www.24gliwice.pl\/wiadomosci\/wp-content\/uploads\/2026\/02\/animator-zlobek_750x200.webp\" alt=\"\"  srcset=\"https:\/\/www.24gliwice.pl\/wiadomosci\/wp-content\/uploads\/2026\/02\/animator-zlobek_750x200.webp 750w, https:\/\/www.24gliwice.pl\/wiadomosci\/wp-content\/uploads\/2026\/02\/animator-zlobek_750x200-410x109.webp 410w\" sizes=\"(max-width: 750px) 100vw, 750px\" class=\"no-lazyload\" width=\"750\" height=\"200\"  style=\"display: inline-block; max-width: 100%; height: auto;\" \/><\/a><\/div><\/div>\n<p>(\u017cms)\/SM Gliwice<br \/>\nfot. SM Gliwice, \u017cms\/24gliwice.pl<\/p>\n<p>Na poni\u017cszej fotografii wida\u0107 brak zdobienia nad oknem na ostatniej kondygnacji.<\/p>\n<p><img loading=\"lazy\" decoding=\"async\" src=\"https:\/\/www.24gliwice.pl\/wiadomosci\/wp-content\/uploads\/2018\/07\/kamienica-gzyms.jpg\" alt=\"\" width=\"951\" height=\"536\" class=\"aligncenter size-full wp-image-120391\" srcset=\"https:\/\/www.24gliwice.pl\/wiadomosci\/wp-content\/uploads\/2018\/07\/kamienica-gzyms.jpg 951w, https:\/\/www.24gliwice.pl\/wiadomosci\/wp-content\/uploads\/2018\/07\/kamienica-gzyms-410x232.jpg 410w, https:\/\/www.24gliwice.pl\/wiadomosci\/wp-content\/uploads\/2018\/07\/kamienica-gzyms-768x433.jpg 768w, https:\/\/www.24gliwice.pl\/wiadomosci\/wp-content\/uploads\/2018\/07\/kamienica-gzyms-807x455.jpg 807w, https:\/\/www.24gliwice.pl\/wiadomosci\/wp-content\/uploads\/2018\/07\/kamienica-gzyms-810x457.jpg 810w\" sizes=\"auto, (max-width: 951px) 100vw, 951px\" \/><\/p>\n<p><img loading=\"lazy\" decoding=\"async\" class=\"alignnone size-full wp-image-120368\" src=\"https:\/\/www.24gliwice.pl\/wiadomosci\/wp-content\/uploads\/2018\/07\/zwyci\u0119stwa-kamienica-gzyms-ca\u0142a-e1531993518135.jpg\" alt=\"\" width=\"810\" height=\"455\" \/><\/p>\n<div class=\"gliwi-a5-na-koncu-artykulow gliwi-entity-placement\" id=\"gliwi-3319145024\"><div class=\"gliwi-adlabel\"><span style=\"font-size: 9px\">REKLAMA<\/span><\/div><div id=\"gliwi-3445406666\" style=\"margin-left: auto;margin-right: auto;text-align: center;\"><a data-no-instant=\"1\" href=\"https:\/\/prezeroarenagliwice.pl\/\" rel=\"noopener\" class=\"a2t-link\" target=\"_blank\" aria-label=\"20260309-PREZERO-WIOSNA-D\"><img loading=\"lazy\" decoding=\"async\" src=\"https:\/\/www.24gliwice.pl\/wiadomosci\/wp-content\/uploads\/2026\/03\/20260309-PREZERO-WIOSNA-D.webp\" alt=\"\"  srcset=\"https:\/\/www.24gliwice.pl\/wiadomosci\/wp-content\/uploads\/2026\/03\/20260309-PREZERO-WIOSNA-D.webp 750w, https:\/\/www.24gliwice.pl\/wiadomosci\/wp-content\/uploads\/2026\/03\/20260309-PREZERO-WIOSNA-D-410x109.webp 410w\" sizes=\"(max-width: 750px) 100vw, 750px\" class=\"no-lazyload\" width=\"750\" height=\"200\"  style=\"display: inline-block; max-width: 100%; height: auto;\" \/><\/a><\/div><\/div>","protected":false},"excerpt":{"rendered":"<p>Niedawno pisali\u015bmy o szybie, kt\u00f3ra wypad\u0142a na chodnik przy ulicy Zwyci\u0119stwa. W \u015brod\u0119 dosz\u0142o do podobnej sytuacji, tym razem nie zawini\u0142 przeci\u0105g, a raczej stan budynku. O kolejnym niebezpiecznym zdarzeniu informuje stra\u017c miejska. Od budynku odpad\u0142 ozdobny element elewacji. Mo\u017cna m\u00f3wi\u0107 o sporym szcz\u0119\u015bciu, chodnik wzd\u0142u\u017c ul. Zwyci\u0119stwa jest jednym z najbardziej ucz\u0119szczanych przez pieszych [&hellip;]<\/p>\n","protected":false},"author":15,"featured_media":120392,"comment_status":"open","ping_status":"closed","sticky":false,"template":"","format":"standard","meta":{"_monsterinsights_skip_tracking":false,"_monsterinsights_sitenote_active":false,"_monsterinsights_sitenote_note":"","_monsterinsights_sitenote_category":0,"footnotes":"","_links_to":"","_links_to_target":""},"categories":[3,1],"tags":[1165,1472],"class_list":["post-120349","post","type-post","status-publish","format-standard","has-post-thumbnail","hentry","category-gliwice","category-wszystko","tag-straz-miejska","tag-straz-pozarna"],"yoast_head":"<!-- This site is optimized with the Yoast SEO plugin v27.5 - https:\/\/yoast.com\/product\/yoast-seo-wordpress\/ -->\n<title>To zdarzenie mog\u0142o sko\u0144czy\u0107 si\u0119 tragicznie. Z kamienicy przy ulicy Zwyci\u0119stwa spad\u0142 element elewacji - 24GLIWICE - Portal Gliwice | codziennie nowe informacje<\/title>\n<meta name=\"robots\" content=\"index, follow, max-snippet:-1, max-image-preview:large, max-video-preview:-1\" \/>\n<link rel=\"canonical\" href=\"https:\/\/www.24gliwice.pl\/wiadomosci\/to-zdarzenie-moglo-skonczyc-sie-tragicznie-z-kamienicy-przy-ulicy-zwyciestwa-spadl-element-elewacji\/\" \/>\n<meta property=\"og:locale\" content=\"pl_PL\" \/>\n<meta property=\"og:type\" content=\"article\" \/>\n<meta property=\"og:title\" content=\"To zdarzenie mog\u0142o sko\u0144czy\u0107 si\u0119 tragicznie. Z kamienicy przy ulicy Zwyci\u0119stwa spad\u0142 element elewacji - 24GLIWICE - Portal Gliwice | codziennie nowe informacje\" \/>\n<meta property=\"og:description\" content=\"Niedawno pisali\u015bmy o szybie, kt\u00f3ra wypad\u0142a na chodnik przy ulicy Zwyci\u0119stwa. W \u015brod\u0119 dosz\u0142o do podobnej sytuacji, tym razem nie zawini\u0142 przeci\u0105g, a raczej stan budynku. O kolejnym niebezpiecznym zdarzeniu informuje stra\u017c miejska. Od budynku odpad\u0142 ozdobny element elewacji. Mo\u017cna m\u00f3wi\u0107 o sporym szcz\u0119\u015bciu, chodnik wzd\u0142u\u017c ul. Zwyci\u0119stwa jest jednym z najbardziej ucz\u0119szczanych przez pieszych [&hellip;]\" \/>\n<meta property=\"og:url\" content=\"https:\/\/www.24gliwice.pl\/wiadomosci\/to-zdarzenie-moglo-skonczyc-sie-tragicznie-z-kamienicy-przy-ulicy-zwyciestwa-spadl-element-elewacji\/\" \/>\n<meta property=\"og:site_name\" content=\"24GLIWICE - Portal Gliwice | codziennie nowe informacje\" \/>\n<meta property=\"article:publisher\" content=\"https:\/\/www.facebook.com\/24gliwice\" \/>\n<meta property=\"article:published_time\" content=\"2018-07-19T12:21:51+00:00\" \/>\n<meta property=\"og:image\" content=\"https:\/\/www.24gliwice.pl\/wiadomosci\/wp-content\/uploads\/2018\/07\/1-gzyms-810x455.jpg\" \/>\n\t<meta property=\"og:image:width\" content=\"810\" \/>\n\t<meta property=\"og:image:height\" content=\"455\" \/>\n\t<meta property=\"og:image:type\" content=\"image\/jpeg\" \/>\n<meta name=\"author\" content=\"\u017baneta Mrozek-Siewierska\" \/>\n<meta name=\"twitter:card\" content=\"summary_large_image\" \/>\n<meta name=\"twitter:creator\" content=\"@24gliwice\" \/>\n<meta name=\"twitter:site\" content=\"@24gliwice\" \/>\n<meta name=\"twitter:label1\" content=\"Napisane przez\" \/>\n\t<meta name=\"twitter:data1\" content=\"\u017baneta Mrozek-Siewierska\" \/>\n\t<meta name=\"twitter:label2\" content=\"Szacowany czas czytania\" \/>\n\t<meta name=\"twitter:data2\" content=\"1 minuta\" \/>\n<script type=\"application\/ld+json\" class=\"yoast-schema-graph\">{\"@context\":\"https:\\\/\\\/schema.org\",\"@graph\":[{\"@type\":\"Article\",\"@id\":\"https:\\\/\\\/www.24gliwice.pl\\\/wiadomosci\\\/to-zdarzenie-moglo-skonczyc-sie-tragicznie-z-kamienicy-przy-ulicy-zwyciestwa-spadl-element-elewacji\\\/#article\",\"isPartOf\":{\"@id\":\"https:\\\/\\\/www.24gliwice.pl\\\/wiadomosci\\\/to-zdarzenie-moglo-skonczyc-sie-tragicznie-z-kamienicy-przy-ulicy-zwyciestwa-spadl-element-elewacji\\\/\"},\"author\":{\"name\":\"\u017baneta Mrozek-Siewierska\",\"@id\":\"https:\\\/\\\/www.24gliwice.pl\\\/wiadomosci\\\/#\\\/schema\\\/person\\\/e42c650edd7f2fa332be3811fb166b6e\"},\"headline\":\"To zdarzenie mog\u0142o sko\u0144czy\u0107 si\u0119 tragicznie. Z kamienicy przy ulicy Zwyci\u0119stwa spad\u0142 element elewacji\",\"datePublished\":\"2018-07-19T12:21:51+00:00\",\"mainEntityOfPage\":{\"@id\":\"https:\\\/\\\/www.24gliwice.pl\\\/wiadomosci\\\/to-zdarzenie-moglo-skonczyc-sie-tragicznie-z-kamienicy-przy-ulicy-zwyciestwa-spadl-element-elewacji\\\/\"},\"wordCount\":151,\"commentCount\":0,\"publisher\":{\"@id\":\"https:\\\/\\\/www.24gliwice.pl\\\/wiadomosci\\\/#organization\"},\"image\":{\"@id\":\"https:\\\/\\\/www.24gliwice.pl\\\/wiadomosci\\\/to-zdarzenie-moglo-skonczyc-sie-tragicznie-z-kamienicy-przy-ulicy-zwyciestwa-spadl-element-elewacji\\\/#primaryimage\"},\"thumbnailUrl\":\"https:\\\/\\\/www.24gliwice.pl\\\/wiadomosci\\\/wp-content\\\/uploads\\\/2018\\\/07\\\/1-gzyms-810x455.jpg\",\"keywords\":[\"STRA\u017b MIEJSKA\",\"STRA\u017b PO\u017bARNA\"],\"articleSection\":[\"Gliwice\",\"Najnowsze wiadomo\u015bci\"],\"inLanguage\":\"pl-PL\",\"potentialAction\":[{\"@type\":\"CommentAction\",\"name\":\"Comment\",\"target\":[\"https:\\\/\\\/www.24gliwice.pl\\\/wiadomosci\\\/to-zdarzenie-moglo-skonczyc-sie-tragicznie-z-kamienicy-przy-ulicy-zwyciestwa-spadl-element-elewacji\\\/#respond\"]}]},{\"@type\":\"WebPage\",\"@id\":\"https:\\\/\\\/www.24gliwice.pl\\\/wiadomosci\\\/to-zdarzenie-moglo-skonczyc-sie-tragicznie-z-kamienicy-przy-ulicy-zwyciestwa-spadl-element-elewacji\\\/\",\"url\":\"https:\\\/\\\/www.24gliwice.pl\\\/wiadomosci\\\/to-zdarzenie-moglo-skonczyc-sie-tragicznie-z-kamienicy-przy-ulicy-zwyciestwa-spadl-element-elewacji\\\/\",\"name\":\"To zdarzenie mog\u0142o sko\u0144czy\u0107 si\u0119 tragicznie. Z kamienicy przy ulicy Zwyci\u0119stwa spad\u0142 element elewacji - 24GLIWICE - Portal Gliwice | codziennie nowe informacje\",\"isPartOf\":{\"@id\":\"https:\\\/\\\/www.24gliwice.pl\\\/wiadomosci\\\/#website\"},\"primaryImageOfPage\":{\"@id\":\"https:\\\/\\\/www.24gliwice.pl\\\/wiadomosci\\\/to-zdarzenie-moglo-skonczyc-sie-tragicznie-z-kamienicy-przy-ulicy-zwyciestwa-spadl-element-elewacji\\\/#primaryimage\"},\"image\":{\"@id\":\"https:\\\/\\\/www.24gliwice.pl\\\/wiadomosci\\\/to-zdarzenie-moglo-skonczyc-sie-tragicznie-z-kamienicy-przy-ulicy-zwyciestwa-spadl-element-elewacji\\\/#primaryimage\"},\"thumbnailUrl\":\"https:\\\/\\\/www.24gliwice.pl\\\/wiadomosci\\\/wp-content\\\/uploads\\\/2018\\\/07\\\/1-gzyms-810x455.jpg\",\"datePublished\":\"2018-07-19T12:21:51+00:00\",\"breadcrumb\":{\"@id\":\"https:\\\/\\\/www.24gliwice.pl\\\/wiadomosci\\\/to-zdarzenie-moglo-skonczyc-sie-tragicznie-z-kamienicy-przy-ulicy-zwyciestwa-spadl-element-elewacji\\\/#breadcrumb\"},\"inLanguage\":\"pl-PL\",\"potentialAction\":[{\"@type\":\"ReadAction\",\"target\":[\"https:\\\/\\\/www.24gliwice.pl\\\/wiadomosci\\\/to-zdarzenie-moglo-skonczyc-sie-tragicznie-z-kamienicy-przy-ulicy-zwyciestwa-spadl-element-elewacji\\\/\"]}]},{\"@type\":\"ImageObject\",\"inLanguage\":\"pl-PL\",\"@id\":\"https:\\\/\\\/www.24gliwice.pl\\\/wiadomosci\\\/to-zdarzenie-moglo-skonczyc-sie-tragicznie-z-kamienicy-przy-ulicy-zwyciestwa-spadl-element-elewacji\\\/#primaryimage\",\"url\":\"https:\\\/\\\/www.24gliwice.pl\\\/wiadomosci\\\/wp-content\\\/uploads\\\/2018\\\/07\\\/1-gzyms-810x455.jpg\",\"contentUrl\":\"https:\\\/\\\/www.24gliwice.pl\\\/wiadomosci\\\/wp-content\\\/uploads\\\/2018\\\/07\\\/1-gzyms-810x455.jpg\",\"width\":810,\"height\":455},{\"@type\":\"BreadcrumbList\",\"@id\":\"https:\\\/\\\/www.24gliwice.pl\\\/wiadomosci\\\/to-zdarzenie-moglo-skonczyc-sie-tragicznie-z-kamienicy-przy-ulicy-zwyciestwa-spadl-element-elewacji\\\/#breadcrumb\",\"itemListElement\":[{\"@type\":\"ListItem\",\"position\":1,\"name\":\"Strona g\u0142\u00f3wna\",\"item\":\"https:\\\/\\\/www.24gliwice.pl\\\/wiadomosci\\\/\"},{\"@type\":\"ListItem\",\"position\":2,\"name\":\"To zdarzenie mog\u0142o sko\u0144czy\u0107 si\u0119 tragicznie. Z kamienicy przy ulicy Zwyci\u0119stwa spad\u0142 element elewacji\"}]},{\"@type\":\"WebSite\",\"@id\":\"https:\\\/\\\/www.24gliwice.pl\\\/wiadomosci\\\/#website\",\"url\":\"https:\\\/\\\/www.24gliwice.pl\\\/wiadomosci\\\/\",\"name\":\"24GLIWICE - Portal Gliwice | codziennie nowe wiadomo\u015bci\",\"description\":\"Portal Miejski Gliwice\",\"publisher\":{\"@id\":\"https:\\\/\\\/www.24gliwice.pl\\\/wiadomosci\\\/#organization\"},\"potentialAction\":[{\"@type\":\"SearchAction\",\"target\":{\"@type\":\"EntryPoint\",\"urlTemplate\":\"https:\\\/\\\/www.24gliwice.pl\\\/wiadomosci\\\/?s={search_term_string}\"},\"query-input\":{\"@type\":\"PropertyValueSpecification\",\"valueRequired\":true,\"valueName\":\"search_term_string\"}}],\"inLanguage\":\"pl-PL\"},{\"@type\":\"Organization\",\"@id\":\"https:\\\/\\\/www.24gliwice.pl\\\/wiadomosci\\\/#organization\",\"name\":\"24gliwice\",\"url\":\"https:\\\/\\\/www.24gliwice.pl\\\/wiadomosci\\\/\",\"logo\":{\"@type\":\"ImageObject\",\"inLanguage\":\"pl-PL\",\"@id\":\"https:\\\/\\\/www.24gliwice.pl\\\/wiadomosci\\\/#\\\/schema\\\/logo\\\/image\\\/\",\"url\":\"https:\\\/\\\/www.24gliwice.pl\\\/wiadomosci\\\/wp-content\\\/uploads\\\/2024\\\/10\\\/24gliwice-logo-696.jpg\",\"contentUrl\":\"https:\\\/\\\/www.24gliwice.pl\\\/wiadomosci\\\/wp-content\\\/uploads\\\/2024\\\/10\\\/24gliwice-logo-696.jpg\",\"width\":696,\"height\":696,\"caption\":\"24gliwice\"},\"image\":{\"@id\":\"https:\\\/\\\/www.24gliwice.pl\\\/wiadomosci\\\/#\\\/schema\\\/logo\\\/image\\\/\"},\"sameAs\":[\"https:\\\/\\\/www.facebook.com\\\/24gliwice\",\"https:\\\/\\\/x.com\\\/24gliwice\",\"https:\\\/\\\/www.youtube.com\\\/@24gliwice\"]},{\"@type\":\"Person\",\"@id\":\"https:\\\/\\\/www.24gliwice.pl\\\/wiadomosci\\\/#\\\/schema\\\/person\\\/e42c650edd7f2fa332be3811fb166b6e\",\"name\":\"\u017baneta Mrozek-Siewierska\",\"image\":{\"@type\":\"ImageObject\",\"inLanguage\":\"pl-PL\",\"@id\":\"https:\\\/\\\/secure.gravatar.com\\\/avatar\\\/1881429e9c64597c77ad7aef2d0a19be69a3253e57534d16aa15bf3a4d34a0a3?s=96&d=mm&r=g\",\"url\":\"https:\\\/\\\/secure.gravatar.com\\\/avatar\\\/1881429e9c64597c77ad7aef2d0a19be69a3253e57534d16aa15bf3a4d34a0a3?s=96&d=mm&r=g\",\"contentUrl\":\"https:\\\/\\\/secure.gravatar.com\\\/avatar\\\/1881429e9c64597c77ad7aef2d0a19be69a3253e57534d16aa15bf3a4d34a0a3?s=96&d=mm&r=g\",\"caption\":\"\u017baneta Mrozek-Siewierska\"},\"url\":\"https:\\\/\\\/www.24gliwice.pl\\\/wiadomosci\\\/author\\\/zms\\\/\"}]}<\/script>\n<!-- \/ Yoast SEO plugin. -->","yoast_head_json":{"title":"To zdarzenie mog\u0142o sko\u0144czy\u0107 si\u0119 tragicznie. Z kamienicy przy ulicy Zwyci\u0119stwa spad\u0142 element elewacji - 24GLIWICE - Portal Gliwice | codziennie nowe informacje","robots":{"index":"index","follow":"follow","max-snippet":"max-snippet:-1","max-image-preview":"max-image-preview:large","max-video-preview":"max-video-preview:-1"},"canonical":"https:\/\/www.24gliwice.pl\/wiadomosci\/to-zdarzenie-moglo-skonczyc-sie-tragicznie-z-kamienicy-przy-ulicy-zwyciestwa-spadl-element-elewacji\/","og_locale":"pl_PL","og_type":"article","og_title":"To zdarzenie mog\u0142o sko\u0144czy\u0107 si\u0119 tragicznie. Z kamienicy przy ulicy Zwyci\u0119stwa spad\u0142 element elewacji - 24GLIWICE - Portal Gliwice | codziennie nowe informacje","og_description":"Niedawno pisali\u015bmy o szybie, kt\u00f3ra wypad\u0142a na chodnik przy ulicy Zwyci\u0119stwa. W \u015brod\u0119 dosz\u0142o do podobnej sytuacji, tym razem nie zawini\u0142 przeci\u0105g, a raczej stan budynku. O kolejnym niebezpiecznym zdarzeniu informuje stra\u017c miejska. Od budynku odpad\u0142 ozdobny element elewacji. Mo\u017cna m\u00f3wi\u0107 o sporym szcz\u0119\u015bciu, chodnik wzd\u0142u\u017c ul. Zwyci\u0119stwa jest jednym z najbardziej ucz\u0119szczanych przez pieszych [&hellip;]","og_url":"https:\/\/www.24gliwice.pl\/wiadomosci\/to-zdarzenie-moglo-skonczyc-sie-tragicznie-z-kamienicy-przy-ulicy-zwyciestwa-spadl-element-elewacji\/","og_site_name":"24GLIWICE - Portal Gliwice | codziennie nowe informacje","article_publisher":"https:\/\/www.facebook.com\/24gliwice","article_published_time":"2018-07-19T12:21:51+00:00","og_image":[{"width":810,"height":455,"url":"https:\/\/www.24gliwice.pl\/wiadomosci\/wp-content\/uploads\/2018\/07\/1-gzyms-810x455.jpg","type":"image\/jpeg"}],"author":"\u017baneta Mrozek-Siewierska","twitter_card":"summary_large_image","twitter_creator":"@24gliwice","twitter_site":"@24gliwice","twitter_misc":{"Napisane przez":"\u017baneta Mrozek-Siewierska","Szacowany czas czytania":"1 minuta"},"schema":{"@context":"https:\/\/schema.org","@graph":[{"@type":"Article","@id":"https:\/\/www.24gliwice.pl\/wiadomosci\/to-zdarzenie-moglo-skonczyc-sie-tragicznie-z-kamienicy-przy-ulicy-zwyciestwa-spadl-element-elewacji\/#article","isPartOf":{"@id":"https:\/\/www.24gliwice.pl\/wiadomosci\/to-zdarzenie-moglo-skonczyc-sie-tragicznie-z-kamienicy-przy-ulicy-zwyciestwa-spadl-element-elewacji\/"},"author":{"name":"\u017baneta Mrozek-Siewierska","@id":"https:\/\/www.24gliwice.pl\/wiadomosci\/#\/schema\/person\/e42c650edd7f2fa332be3811fb166b6e"},"headline":"To zdarzenie mog\u0142o sko\u0144czy\u0107 si\u0119 tragicznie. Z kamienicy przy ulicy Zwyci\u0119stwa spad\u0142 element elewacji","datePublished":"2018-07-19T12:21:51+00:00","mainEntityOfPage":{"@id":"https:\/\/www.24gliwice.pl\/wiadomosci\/to-zdarzenie-moglo-skonczyc-sie-tragicznie-z-kamienicy-przy-ulicy-zwyciestwa-spadl-element-elewacji\/"},"wordCount":151,"commentCount":0,"publisher":{"@id":"https:\/\/www.24gliwice.pl\/wiadomosci\/#organization"},"image":{"@id":"https:\/\/www.24gliwice.pl\/wiadomosci\/to-zdarzenie-moglo-skonczyc-sie-tragicznie-z-kamienicy-przy-ulicy-zwyciestwa-spadl-element-elewacji\/#primaryimage"},"thumbnailUrl":"https:\/\/www.24gliwice.pl\/wiadomosci\/wp-content\/uploads\/2018\/07\/1-gzyms-810x455.jpg","keywords":["STRA\u017b MIEJSKA","STRA\u017b PO\u017bARNA"],"articleSection":["Gliwice","Najnowsze wiadomo\u015bci"],"inLanguage":"pl-PL","potentialAction":[{"@type":"CommentAction","name":"Comment","target":["https:\/\/www.24gliwice.pl\/wiadomosci\/to-zdarzenie-moglo-skonczyc-sie-tragicznie-z-kamienicy-przy-ulicy-zwyciestwa-spadl-element-elewacji\/#respond"]}]},{"@type":"WebPage","@id":"https:\/\/www.24gliwice.pl\/wiadomosci\/to-zdarzenie-moglo-skonczyc-sie-tragicznie-z-kamienicy-przy-ulicy-zwyciestwa-spadl-element-elewacji\/","url":"https:\/\/www.24gliwice.pl\/wiadomosci\/to-zdarzenie-moglo-skonczyc-sie-tragicznie-z-kamienicy-przy-ulicy-zwyciestwa-spadl-element-elewacji\/","name":"To zdarzenie mog\u0142o sko\u0144czy\u0107 si\u0119 tragicznie. Z kamienicy przy ulicy Zwyci\u0119stwa spad\u0142 element elewacji - 24GLIWICE - Portal Gliwice | codziennie nowe informacje","isPartOf":{"@id":"https:\/\/www.24gliwice.pl\/wiadomosci\/#website"},"primaryImageOfPage":{"@id":"https:\/\/www.24gliwice.pl\/wiadomosci\/to-zdarzenie-moglo-skonczyc-sie-tragicznie-z-kamienicy-przy-ulicy-zwyciestwa-spadl-element-elewacji\/#primaryimage"},"image":{"@id":"https:\/\/www.24gliwice.pl\/wiadomosci\/to-zdarzenie-moglo-skonczyc-sie-tragicznie-z-kamienicy-przy-ulicy-zwyciestwa-spadl-element-elewacji\/#primaryimage"},"thumbnailUrl":"https:\/\/www.24gliwice.pl\/wiadomosci\/wp-content\/uploads\/2018\/07\/1-gzyms-810x455.jpg","datePublished":"2018-07-19T12:21:51+00:00","breadcrumb":{"@id":"https:\/\/www.24gliwice.pl\/wiadomosci\/to-zdarzenie-moglo-skonczyc-sie-tragicznie-z-kamienicy-przy-ulicy-zwyciestwa-spadl-element-elewacji\/#breadcrumb"},"inLanguage":"pl-PL","potentialAction":[{"@type":"ReadAction","target":["https:\/\/www.24gliwice.pl\/wiadomosci\/to-zdarzenie-moglo-skonczyc-sie-tragicznie-z-kamienicy-przy-ulicy-zwyciestwa-spadl-element-elewacji\/"]}]},{"@type":"ImageObject","inLanguage":"pl-PL","@id":"https:\/\/www.24gliwice.pl\/wiadomosci\/to-zdarzenie-moglo-skonczyc-sie-tragicznie-z-kamienicy-przy-ulicy-zwyciestwa-spadl-element-elewacji\/#primaryimage","url":"https:\/\/www.24gliwice.pl\/wiadomosci\/wp-content\/uploads\/2018\/07\/1-gzyms-810x455.jpg","contentUrl":"https:\/\/www.24gliwice.pl\/wiadomosci\/wp-content\/uploads\/2018\/07\/1-gzyms-810x455.jpg","width":810,"height":455},{"@type":"BreadcrumbList","@id":"https:\/\/www.24gliwice.pl\/wiadomosci\/to-zdarzenie-moglo-skonczyc-sie-tragicznie-z-kamienicy-przy-ulicy-zwyciestwa-spadl-element-elewacji\/#breadcrumb","itemListElement":[{"@type":"ListItem","position":1,"name":"Strona g\u0142\u00f3wna","item":"https:\/\/www.24gliwice.pl\/wiadomosci\/"},{"@type":"ListItem","position":2,"name":"To zdarzenie mog\u0142o sko\u0144czy\u0107 si\u0119 tragicznie. Z kamienicy przy ulicy Zwyci\u0119stwa spad\u0142 element elewacji"}]},{"@type":"WebSite","@id":"https:\/\/www.24gliwice.pl\/wiadomosci\/#website","url":"https:\/\/www.24gliwice.pl\/wiadomosci\/","name":"24GLIWICE - Portal Gliwice | codziennie nowe wiadomo\u015bci","description":"Portal Miejski Gliwice","publisher":{"@id":"https:\/\/www.24gliwice.pl\/wiadomosci\/#organization"},"potentialAction":[{"@type":"SearchAction","target":{"@type":"EntryPoint","urlTemplate":"https:\/\/www.24gliwice.pl\/wiadomosci\/?s={search_term_string}"},"query-input":{"@type":"PropertyValueSpecification","valueRequired":true,"valueName":"search_term_string"}}],"inLanguage":"pl-PL"},{"@type":"Organization","@id":"https:\/\/www.24gliwice.pl\/wiadomosci\/#organization","name":"24gliwice","url":"https:\/\/www.24gliwice.pl\/wiadomosci\/","logo":{"@type":"ImageObject","inLanguage":"pl-PL","@id":"https:\/\/www.24gliwice.pl\/wiadomosci\/#\/schema\/logo\/image\/","url":"https:\/\/www.24gliwice.pl\/wiadomosci\/wp-content\/uploads\/2024\/10\/24gliwice-logo-696.jpg","contentUrl":"https:\/\/www.24gliwice.pl\/wiadomosci\/wp-content\/uploads\/2024\/10\/24gliwice-logo-696.jpg","width":696,"height":696,"caption":"24gliwice"},"image":{"@id":"https:\/\/www.24gliwice.pl\/wiadomosci\/#\/schema\/logo\/image\/"},"sameAs":["https:\/\/www.facebook.com\/24gliwice","https:\/\/x.com\/24gliwice","https:\/\/www.youtube.com\/@24gliwice"]},{"@type":"Person","@id":"https:\/\/www.24gliwice.pl\/wiadomosci\/#\/schema\/person\/e42c650edd7f2fa332be3811fb166b6e","name":"\u017baneta Mrozek-Siewierska","image":{"@type":"ImageObject","inLanguage":"pl-PL","@id":"https:\/\/secure.gravatar.com\/avatar\/1881429e9c64597c77ad7aef2d0a19be69a3253e57534d16aa15bf3a4d34a0a3?s=96&d=mm&r=g","url":"https:\/\/secure.gravatar.com\/avatar\/1881429e9c64597c77ad7aef2d0a19be69a3253e57534d16aa15bf3a4d34a0a3?s=96&d=mm&r=g","contentUrl":"https:\/\/secure.gravatar.com\/avatar\/1881429e9c64597c77ad7aef2d0a19be69a3253e57534d16aa15bf3a4d34a0a3?s=96&d=mm&r=g","caption":"\u017baneta Mrozek-Siewierska"},"url":"https:\/\/www.24gliwice.pl\/wiadomosci\/author\/zms\/"}]}},"_links":{"self":[{"href":"https:\/\/www.24gliwice.pl\/wiadomosci\/wp-json\/wp\/v2\/posts\/120349","targetHints":{"allow":["GET"]}}],"collection":[{"href":"https:\/\/www.24gliwice.pl\/wiadomosci\/wp-json\/wp\/v2\/posts"}],"about":[{"href":"https:\/\/www.24gliwice.pl\/wiadomosci\/wp-json\/wp\/v2\/types\/post"}],"author":[{"embeddable":true,"href":"https:\/\/www.24gliwice.pl\/wiadomosci\/wp-json\/wp\/v2\/users\/15"}],"replies":[{"embeddable":true,"href":"https:\/\/www.24gliwice.pl\/wiadomosci\/wp-json\/wp\/v2\/comments?post=120349"}],"version-history":[{"count":0,"href":"https:\/\/www.24gliwice.pl\/wiadomosci\/wp-json\/wp\/v2\/posts\/120349\/revisions"}],"wp:featuredmedia":[{"embeddable":true,"href":"https:\/\/www.24gliwice.pl\/wiadomosci\/wp-json\/wp\/v2\/media\/120392"}],"wp:attachment":[{"href":"https:\/\/www.24gliwice.pl\/wiadomosci\/wp-json\/wp\/v2\/media?parent=120349"}],"wp:term":[{"taxonomy":"category","embeddable":true,"href":"https:\/\/www.24gliwice.pl\/wiadomosci\/wp-json\/wp\/v2\/categories?post=120349"},{"taxonomy":"post_tag","embeddable":true,"href":"https:\/\/www.24gliwice.pl\/wiadomosci\/wp-json\/wp\/v2\/tags?post=120349"}],"curies":[{"name":"wp","href":"https:\/\/api.w.org\/{rel}","templated":true}]}}