{"id":120471,"date":"2018-07-23T11:37:35","date_gmt":"2018-07-23T09:37:35","guid":{"rendered":"https:\/\/www.24gliwice.pl\/wiadomosci\/?p=120471"},"modified":"2018-07-23T11:37:35","modified_gmt":"2018-07-23T09:37:35","slug":"wiadomo-juz-kiedy-rozpocznie-sie-remont-ulicy-jagiellonskiej-wloty-na-skrzyzowanie-beda-zamkniete","status":"publish","type":"post","link":"https:\/\/www.24gliwice.pl\/wiadomosci\/wiadomo-juz-kiedy-rozpocznie-sie-remont-ulicy-jagiellonskiej-wloty-na-skrzyzowanie-beda-zamkniete\/","title":{"rendered":"Wiadomo ju\u017c, kiedy rozpocznie si\u0119 remont ulicy Jagiello\u0144skiej. Wloty na skrzy\u017cowanie b\u0119d\u0105 zamkni\u0119te"},"content":{"rendered":"<div class=\"gliwi-a6-nad-leadem-artykulow gliwi-entity-placement\" id=\"gliwi-1807934211\"><div class=\"gliwi-adlabel\"><span style=\"font-size: 9px\">REKLAMA<\/span><\/div><div id=\"gliwi-3616253250\" style=\"margin-bottom: 30px;margin-left: auto;margin-right: auto;text-align: center;\"><a data-no-instant=\"1\" href=\"https:\/\/przedszkole.halogen.org.pl\/\" rel=\"noopener\" class=\"a2t-link\" target=\"_blank\" aria-label=\"20260402-ANIMATOR-przedszkole_grafika_750x200\"><img loading=\"lazy\" decoding=\"async\" src=\"https:\/\/www.24gliwice.pl\/wiadomosci\/wp-content\/uploads\/2026\/04\/20260402-ANIMATOR-przedszkole_grafika_750x200.webp\" alt=\"\"  srcset=\"https:\/\/www.24gliwice.pl\/wiadomosci\/wp-content\/uploads\/2026\/04\/20260402-ANIMATOR-przedszkole_grafika_750x200.webp 750w, https:\/\/www.24gliwice.pl\/wiadomosci\/wp-content\/uploads\/2026\/04\/20260402-ANIMATOR-przedszkole_grafika_750x200-410x109.webp 410w\" sizes=\"(max-width: 750px) 100vw, 750px\" class=\"no-lazyload\" width=\"750\" height=\"200\"  style=\"display: inline-block; max-width: 100%; height: auto;\" \/><\/a><\/div><\/div><h3>D\u0142ugo wyczekiwana przebudowa ulicy Jagiello\u0144skiej rozpocznie si\u0119 od remontu jej skrzy\u017cowania z ulicami Konarskiego i Zabrsk\u0105. Planowane na ten rok prace obejm\u0105 odcinek od ulicy Szarej do K. Hlubka (dawna ulica Mitr\u0119gi).<\/h3>\n<p>Zgodnie z informacj\u0105 podan\u0105 przez Zarz\u0105d Dr\u00f3g Miejskich, zmiany w organizacji ruchu b\u0119d\u0105 wprowadzane etapami, w miar\u0119 post\u0119pu prac.<\/p>\n[perfectpullquote align=&#8221;full&#8221; bordertop=&#8221;false&#8221; cite=&#8221;&#8221; link=&#8221;&#8221; color=&#8221;&#8221; class=&#8221;&#8221; size=&#8221;&#8221;]Od godziny 6:00 rano w dniu 30 lipca (poniedzia\u0142ek) na odcinku, kt\u00f3ry obejm\u0105 roboty, obowi\u0105zywa\u0107 b\u0119dzie zmieniona organizacja ruchu.[\/perfectpullquote]\n<p>W I etapie, remont skrzy\u017cowania spowoduje zamkni\u0119cie dla ruchu wlotu ul. Konarskiego oraz wlotu ul. Jagiello\u0144skiej od strony ul. Hutniczej. Ruch odbywa\u0142 si\u0119 b\u0119dzie ulicami: Jagiello\u0144sk\u0105 i Zabrsk\u0105. Objazdy poprowadzone zostan\u0105 ulicami: Konarskiego, DT\u015a, Robotnicz\u0105, Franciszka\u0144sk\u0105 i Hutnicz\u0105.<\/p><div class=\"gliwi-a3-w-tresci-artykulow gliwi-entity-placement\" id=\"gliwi-11634553\"><div class=\"gliwi-adlabel\"><span style=\"font-size: 9px\">REKLAMA<\/span><\/div><div id=\"gliwi-1526891560\" style=\"margin-bottom: 30px;margin-left: auto;margin-right: auto;text-align: center;\"><a data-no-instant=\"1\" href=\"https:\/\/zlobek.halogen.org.pl\/\" rel=\"noopener\" class=\"a2t-link\" target=\"_blank\" aria-label=\"animator-zlobek_750x200\"><img loading=\"lazy\" decoding=\"async\" src=\"https:\/\/www.24gliwice.pl\/wiadomosci\/wp-content\/uploads\/2026\/02\/animator-zlobek_750x200.webp\" alt=\"\"  srcset=\"https:\/\/www.24gliwice.pl\/wiadomosci\/wp-content\/uploads\/2026\/02\/animator-zlobek_750x200.webp 750w, https:\/\/www.24gliwice.pl\/wiadomosci\/wp-content\/uploads\/2026\/02\/animator-zlobek_750x200-410x109.webp 410w\" sizes=\"(max-width: 750px) 100vw, 750px\" class=\"no-lazyload\" width=\"750\" height=\"200\"  style=\"display: inline-block; max-width: 100%; height: auto;\" \/><\/a><\/div><\/div>\n<p>Przebudowa ul. Jagiello\u0144skiej obejmie usuni\u0119cie torowiska, wymian\u0119 sieci uzbrojenia podziemnego, a nast\u0119pnie remont nawierzchni jezdni i chodnik\u00f3w. Powstanie tak\u017ce droga rowerowa, a miejsca postojowe zostan\u0105 uporz\u0105dkowane.<\/p>\n<p>Zako\u0144czenie prac planowane jest w IV kwartale bie\u017c\u0105cego roku.<\/p>\n<p>(\u017cms)\/ZDM Gliwice<\/p>\n<div class=\"gliwi-a5-na-koncu-artykulow gliwi-entity-placement\" id=\"gliwi-4280135652\"><div class=\"gliwi-adlabel\"><span style=\"font-size: 9px\">REKLAMA<\/span><\/div><div id=\"gliwi-1111968492\" style=\"margin-left: auto;margin-right: auto;text-align: center;\"><a data-no-instant=\"1\" href=\"https:\/\/www.jasek.pl\/\" rel=\"noopener\" class=\"a2t-link\" target=\"_blank\" aria-label=\"20200401-jasek 600\"><img loading=\"lazy\" decoding=\"async\" src=\"https:\/\/www.24gliwice.pl\/wiadomosci\/wp-content\/uploads\/2020\/04\/20200401-jasek-600.jpg\" alt=\"\"  srcset=\"https:\/\/www.24gliwice.pl\/wiadomosci\/wp-content\/uploads\/2020\/04\/20200401-jasek-600.jpg 600w, https:\/\/www.24gliwice.pl\/wiadomosci\/wp-content\/uploads\/2020\/04\/20200401-jasek-600-410x109.jpg 410w\" sizes=\"(max-width: 600px) 100vw, 600px\" class=\"no-lazyload\" width=\"600\" height=\"160\"  style=\"display: inline-block; max-width: 100%; height: auto;\" \/><\/a><\/div><\/div>","protected":false},"excerpt":{"rendered":"<p>D\u0142ugo wyczekiwana przebudowa ulicy Jagiello\u0144skiej rozpocznie si\u0119 od remontu jej skrzy\u017cowania z ulicami Konarskiego i Zabrsk\u0105. Planowane na ten rok prace obejm\u0105 odcinek od ulicy Szarej do K. Hlubka (dawna ulica Mitr\u0119gi). Zgodnie z informacj\u0105 podan\u0105 przez Zarz\u0105d Dr\u00f3g Miejskich, zmiany w organizacji ruchu b\u0119d\u0105 wprowadzane etapami, w miar\u0119 post\u0119pu prac. [perfectpullquote align=&#8221;full&#8221; bordertop=&#8221;false&#8221; cite=&#8221;&#8221; [&hellip;]<\/p>\n","protected":false},"author":15,"featured_media":119776,"comment_status":"open","ping_status":"closed","sticky":false,"template":"","format":"standard","meta":{"_monsterinsights_skip_tracking":false,"_monsterinsights_sitenote_active":false,"_monsterinsights_sitenote_note":"","_monsterinsights_sitenote_category":0,"footnotes":"","_links_to":"","_links_to_target":""},"categories":[3,1],"tags":[574,5401,12832,11959,4599,214,9436],"class_list":["post-120471","post","type-post","status-publish","format-standard","has-post-thumbnail","hentry","category-gliwice","category-wszystko","tag-jagiellonska","tag-konarskiego","tag-remont-jagiellonskiej","tag-torowisko","tag-zabrska","tag-zdm","tag-zmiana-organizacji-ruchu"],"yoast_head":"<!-- This site is optimized with the Yoast SEO plugin v27.5 - https:\/\/yoast.com\/product\/yoast-seo-wordpress\/ -->\n<title>Wiadomo ju\u017c, kiedy rozpocznie si\u0119 remont ulicy Jagiello\u0144skiej. Wloty na skrzy\u017cowanie b\u0119d\u0105 zamkni\u0119te - 24GLIWICE - Portal Gliwice | codziennie nowe informacje<\/title>\n<meta name=\"robots\" content=\"index, follow, max-snippet:-1, max-image-preview:large, max-video-preview:-1\" \/>\n<link rel=\"canonical\" href=\"https:\/\/www.24gliwice.pl\/wiadomosci\/wiadomo-juz-kiedy-rozpocznie-sie-remont-ulicy-jagiellonskiej-wloty-na-skrzyzowanie-beda-zamkniete\/\" \/>\n<meta property=\"og:locale\" content=\"pl_PL\" \/>\n<meta property=\"og:type\" content=\"article\" \/>\n<meta property=\"og:title\" content=\"Wiadomo ju\u017c, kiedy rozpocznie si\u0119 remont ulicy Jagiello\u0144skiej. Wloty na skrzy\u017cowanie b\u0119d\u0105 zamkni\u0119te - 24GLIWICE - Portal Gliwice | codziennie nowe informacje\" \/>\n<meta property=\"og:description\" content=\"D\u0142ugo wyczekiwana przebudowa ulicy Jagiello\u0144skiej rozpocznie si\u0119 od remontu jej skrzy\u017cowania z ulicami Konarskiego i Zabrsk\u0105. Planowane na ten rok prace obejm\u0105 odcinek od ulicy Szarej do K. Hlubka (dawna ulica Mitr\u0119gi). Zgodnie z informacj\u0105 podan\u0105 przez Zarz\u0105d Dr\u00f3g Miejskich, zmiany w organizacji ruchu b\u0119d\u0105 wprowadzane etapami, w miar\u0119 post\u0119pu prac. [perfectpullquote align=&#8221;full&#8221; bordertop=&#8221;false&#8221; cite=&#8221;&#8221; [&hellip;]\" \/>\n<meta property=\"og:url\" content=\"https:\/\/www.24gliwice.pl\/wiadomosci\/wiadomo-juz-kiedy-rozpocznie-sie-remont-ulicy-jagiellonskiej-wloty-na-skrzyzowanie-beda-zamkniete\/\" \/>\n<meta property=\"og:site_name\" content=\"24GLIWICE - Portal Gliwice | codziennie nowe informacje\" \/>\n<meta property=\"article:publisher\" content=\"https:\/\/www.facebook.com\/24gliwice\" \/>\n<meta property=\"article:published_time\" content=\"2018-07-23T09:37:35+00:00\" \/>\n<meta property=\"og:image\" content=\"https:\/\/www.24gliwice.pl\/wiadomosci\/wp-content\/uploads\/2018\/07\/1-20160310_102826-001.jpg\" \/>\n\t<meta property=\"og:image:width\" content=\"810\" \/>\n\t<meta property=\"og:image:height\" content=\"457\" \/>\n\t<meta property=\"og:image:type\" content=\"image\/jpeg\" \/>\n<meta name=\"author\" content=\"\u017baneta Mrozek-Siewierska\" \/>\n<meta name=\"twitter:card\" content=\"summary_large_image\" \/>\n<meta name=\"twitter:creator\" content=\"@24gliwice\" \/>\n<meta name=\"twitter:site\" content=\"@24gliwice\" \/>\n<meta name=\"twitter:label1\" content=\"Napisane przez\" \/>\n\t<meta name=\"twitter:data1\" content=\"\u017baneta Mrozek-Siewierska\" \/>\n\t<meta name=\"twitter:label2\" content=\"Szacowany czas czytania\" \/>\n\t<meta name=\"twitter:data2\" content=\"1 minuta\" \/>\n<script type=\"application\/ld+json\" class=\"yoast-schema-graph\">{\"@context\":\"https:\\\/\\\/schema.org\",\"@graph\":[{\"@type\":\"Article\",\"@id\":\"https:\\\/\\\/www.24gliwice.pl\\\/wiadomosci\\\/wiadomo-juz-kiedy-rozpocznie-sie-remont-ulicy-jagiellonskiej-wloty-na-skrzyzowanie-beda-zamkniete\\\/#article\",\"isPartOf\":{\"@id\":\"https:\\\/\\\/www.24gliwice.pl\\\/wiadomosci\\\/wiadomo-juz-kiedy-rozpocznie-sie-remont-ulicy-jagiellonskiej-wloty-na-skrzyzowanie-beda-zamkniete\\\/\"},\"author\":{\"name\":\"\u017baneta Mrozek-Siewierska\",\"@id\":\"https:\\\/\\\/www.24gliwice.pl\\\/wiadomosci\\\/#\\\/schema\\\/person\\\/e42c650edd7f2fa332be3811fb166b6e\"},\"headline\":\"Wiadomo ju\u017c, kiedy rozpocznie si\u0119 remont ulicy Jagiello\u0144skiej. Wloty na skrzy\u017cowanie b\u0119d\u0105 zamkni\u0119te\",\"datePublished\":\"2018-07-23T09:37:35+00:00\",\"mainEntityOfPage\":{\"@id\":\"https:\\\/\\\/www.24gliwice.pl\\\/wiadomosci\\\/wiadomo-juz-kiedy-rozpocznie-sie-remont-ulicy-jagiellonskiej-wloty-na-skrzyzowanie-beda-zamkniete\\\/\"},\"wordCount\":198,\"commentCount\":0,\"publisher\":{\"@id\":\"https:\\\/\\\/www.24gliwice.pl\\\/wiadomosci\\\/#organization\"},\"image\":{\"@id\":\"https:\\\/\\\/www.24gliwice.pl\\\/wiadomosci\\\/wiadomo-juz-kiedy-rozpocznie-sie-remont-ulicy-jagiellonskiej-wloty-na-skrzyzowanie-beda-zamkniete\\\/#primaryimage\"},\"thumbnailUrl\":\"https:\\\/\\\/www.24gliwice.pl\\\/wiadomosci\\\/wp-content\\\/uploads\\\/2018\\\/07\\\/1-20160310_102826-001.jpg\",\"keywords\":[\"JAGIELLO\u0143SKA\",\"KONARSKIEGO\",\"remont jagiello\u0144skiej\",\"torowisko\",\"ZABRSKA\",\"ZDM\",\"ZMIANA ORGANIZACJI RUCHU\"],\"articleSection\":[\"Gliwice\",\"Najnowsze wiadomo\u015bci\"],\"inLanguage\":\"pl-PL\",\"potentialAction\":[{\"@type\":\"CommentAction\",\"name\":\"Comment\",\"target\":[\"https:\\\/\\\/www.24gliwice.pl\\\/wiadomosci\\\/wiadomo-juz-kiedy-rozpocznie-sie-remont-ulicy-jagiellonskiej-wloty-na-skrzyzowanie-beda-zamkniete\\\/#respond\"]}]},{\"@type\":\"WebPage\",\"@id\":\"https:\\\/\\\/www.24gliwice.pl\\\/wiadomosci\\\/wiadomo-juz-kiedy-rozpocznie-sie-remont-ulicy-jagiellonskiej-wloty-na-skrzyzowanie-beda-zamkniete\\\/\",\"url\":\"https:\\\/\\\/www.24gliwice.pl\\\/wiadomosci\\\/wiadomo-juz-kiedy-rozpocznie-sie-remont-ulicy-jagiellonskiej-wloty-na-skrzyzowanie-beda-zamkniete\\\/\",\"name\":\"Wiadomo ju\u017c, kiedy rozpocznie si\u0119 remont ulicy Jagiello\u0144skiej. Wloty na skrzy\u017cowanie b\u0119d\u0105 zamkni\u0119te - 24GLIWICE - Portal Gliwice | codziennie nowe informacje\",\"isPartOf\":{\"@id\":\"https:\\\/\\\/www.24gliwice.pl\\\/wiadomosci\\\/#website\"},\"primaryImageOfPage\":{\"@id\":\"https:\\\/\\\/www.24gliwice.pl\\\/wiadomosci\\\/wiadomo-juz-kiedy-rozpocznie-sie-remont-ulicy-jagiellonskiej-wloty-na-skrzyzowanie-beda-zamkniete\\\/#primaryimage\"},\"image\":{\"@id\":\"https:\\\/\\\/www.24gliwice.pl\\\/wiadomosci\\\/wiadomo-juz-kiedy-rozpocznie-sie-remont-ulicy-jagiellonskiej-wloty-na-skrzyzowanie-beda-zamkniete\\\/#primaryimage\"},\"thumbnailUrl\":\"https:\\\/\\\/www.24gliwice.pl\\\/wiadomosci\\\/wp-content\\\/uploads\\\/2018\\\/07\\\/1-20160310_102826-001.jpg\",\"datePublished\":\"2018-07-23T09:37:35+00:00\",\"breadcrumb\":{\"@id\":\"https:\\\/\\\/www.24gliwice.pl\\\/wiadomosci\\\/wiadomo-juz-kiedy-rozpocznie-sie-remont-ulicy-jagiellonskiej-wloty-na-skrzyzowanie-beda-zamkniete\\\/#breadcrumb\"},\"inLanguage\":\"pl-PL\",\"potentialAction\":[{\"@type\":\"ReadAction\",\"target\":[\"https:\\\/\\\/www.24gliwice.pl\\\/wiadomosci\\\/wiadomo-juz-kiedy-rozpocznie-sie-remont-ulicy-jagiellonskiej-wloty-na-skrzyzowanie-beda-zamkniete\\\/\"]}]},{\"@type\":\"ImageObject\",\"inLanguage\":\"pl-PL\",\"@id\":\"https:\\\/\\\/www.24gliwice.pl\\\/wiadomosci\\\/wiadomo-juz-kiedy-rozpocznie-sie-remont-ulicy-jagiellonskiej-wloty-na-skrzyzowanie-beda-zamkniete\\\/#primaryimage\",\"url\":\"https:\\\/\\\/www.24gliwice.pl\\\/wiadomosci\\\/wp-content\\\/uploads\\\/2018\\\/07\\\/1-20160310_102826-001.jpg\",\"contentUrl\":\"https:\\\/\\\/www.24gliwice.pl\\\/wiadomosci\\\/wp-content\\\/uploads\\\/2018\\\/07\\\/1-20160310_102826-001.jpg\",\"width\":810,\"height\":457},{\"@type\":\"BreadcrumbList\",\"@id\":\"https:\\\/\\\/www.24gliwice.pl\\\/wiadomosci\\\/wiadomo-juz-kiedy-rozpocznie-sie-remont-ulicy-jagiellonskiej-wloty-na-skrzyzowanie-beda-zamkniete\\\/#breadcrumb\",\"itemListElement\":[{\"@type\":\"ListItem\",\"position\":1,\"name\":\"Strona g\u0142\u00f3wna\",\"item\":\"https:\\\/\\\/www.24gliwice.pl\\\/wiadomosci\\\/\"},{\"@type\":\"ListItem\",\"position\":2,\"name\":\"Wiadomo ju\u017c, kiedy rozpocznie si\u0119 remont ulicy Jagiello\u0144skiej. Wloty na skrzy\u017cowanie b\u0119d\u0105 zamkni\u0119te\"}]},{\"@type\":\"WebSite\",\"@id\":\"https:\\\/\\\/www.24gliwice.pl\\\/wiadomosci\\\/#website\",\"url\":\"https:\\\/\\\/www.24gliwice.pl\\\/wiadomosci\\\/\",\"name\":\"24GLIWICE - Portal Gliwice | codziennie nowe wiadomo\u015bci\",\"description\":\"Portal Miejski Gliwice\",\"publisher\":{\"@id\":\"https:\\\/\\\/www.24gliwice.pl\\\/wiadomosci\\\/#organization\"},\"potentialAction\":[{\"@type\":\"SearchAction\",\"target\":{\"@type\":\"EntryPoint\",\"urlTemplate\":\"https:\\\/\\\/www.24gliwice.pl\\\/wiadomosci\\\/?s={search_term_string}\"},\"query-input\":{\"@type\":\"PropertyValueSpecification\",\"valueRequired\":true,\"valueName\":\"search_term_string\"}}],\"inLanguage\":\"pl-PL\"},{\"@type\":\"Organization\",\"@id\":\"https:\\\/\\\/www.24gliwice.pl\\\/wiadomosci\\\/#organization\",\"name\":\"24gliwice\",\"url\":\"https:\\\/\\\/www.24gliwice.pl\\\/wiadomosci\\\/\",\"logo\":{\"@type\":\"ImageObject\",\"inLanguage\":\"pl-PL\",\"@id\":\"https:\\\/\\\/www.24gliwice.pl\\\/wiadomosci\\\/#\\\/schema\\\/logo\\\/image\\\/\",\"url\":\"https:\\\/\\\/www.24gliwice.pl\\\/wiadomosci\\\/wp-content\\\/uploads\\\/2024\\\/10\\\/24gliwice-logo-696.jpg\",\"contentUrl\":\"https:\\\/\\\/www.24gliwice.pl\\\/wiadomosci\\\/wp-content\\\/uploads\\\/2024\\\/10\\\/24gliwice-logo-696.jpg\",\"width\":696,\"height\":696,\"caption\":\"24gliwice\"},\"image\":{\"@id\":\"https:\\\/\\\/www.24gliwice.pl\\\/wiadomosci\\\/#\\\/schema\\\/logo\\\/image\\\/\"},\"sameAs\":[\"https:\\\/\\\/www.facebook.com\\\/24gliwice\",\"https:\\\/\\\/x.com\\\/24gliwice\",\"https:\\\/\\\/www.youtube.com\\\/@24gliwice\"]},{\"@type\":\"Person\",\"@id\":\"https:\\\/\\\/www.24gliwice.pl\\\/wiadomosci\\\/#\\\/schema\\\/person\\\/e42c650edd7f2fa332be3811fb166b6e\",\"name\":\"\u017baneta Mrozek-Siewierska\",\"image\":{\"@type\":\"ImageObject\",\"inLanguage\":\"pl-PL\",\"@id\":\"https:\\\/\\\/secure.gravatar.com\\\/avatar\\\/1881429e9c64597c77ad7aef2d0a19be69a3253e57534d16aa15bf3a4d34a0a3?s=96&d=mm&r=g\",\"url\":\"https:\\\/\\\/secure.gravatar.com\\\/avatar\\\/1881429e9c64597c77ad7aef2d0a19be69a3253e57534d16aa15bf3a4d34a0a3?s=96&d=mm&r=g\",\"contentUrl\":\"https:\\\/\\\/secure.gravatar.com\\\/avatar\\\/1881429e9c64597c77ad7aef2d0a19be69a3253e57534d16aa15bf3a4d34a0a3?s=96&d=mm&r=g\",\"caption\":\"\u017baneta Mrozek-Siewierska\"},\"url\":\"https:\\\/\\\/www.24gliwice.pl\\\/wiadomosci\\\/author\\\/zms\\\/\"}]}<\/script>\n<!-- \/ Yoast SEO plugin. -->","yoast_head_json":{"title":"Wiadomo ju\u017c, kiedy rozpocznie si\u0119 remont ulicy Jagiello\u0144skiej. Wloty na skrzy\u017cowanie b\u0119d\u0105 zamkni\u0119te - 24GLIWICE - Portal Gliwice | codziennie nowe informacje","robots":{"index":"index","follow":"follow","max-snippet":"max-snippet:-1","max-image-preview":"max-image-preview:large","max-video-preview":"max-video-preview:-1"},"canonical":"https:\/\/www.24gliwice.pl\/wiadomosci\/wiadomo-juz-kiedy-rozpocznie-sie-remont-ulicy-jagiellonskiej-wloty-na-skrzyzowanie-beda-zamkniete\/","og_locale":"pl_PL","og_type":"article","og_title":"Wiadomo ju\u017c, kiedy rozpocznie si\u0119 remont ulicy Jagiello\u0144skiej. Wloty na skrzy\u017cowanie b\u0119d\u0105 zamkni\u0119te - 24GLIWICE - Portal Gliwice | codziennie nowe informacje","og_description":"D\u0142ugo wyczekiwana przebudowa ulicy Jagiello\u0144skiej rozpocznie si\u0119 od remontu jej skrzy\u017cowania z ulicami Konarskiego i Zabrsk\u0105. Planowane na ten rok prace obejm\u0105 odcinek od ulicy Szarej do K. Hlubka (dawna ulica Mitr\u0119gi). Zgodnie z informacj\u0105 podan\u0105 przez Zarz\u0105d Dr\u00f3g Miejskich, zmiany w organizacji ruchu b\u0119d\u0105 wprowadzane etapami, w miar\u0119 post\u0119pu prac. [perfectpullquote align=&#8221;full&#8221; bordertop=&#8221;false&#8221; cite=&#8221;&#8221; [&hellip;]","og_url":"https:\/\/www.24gliwice.pl\/wiadomosci\/wiadomo-juz-kiedy-rozpocznie-sie-remont-ulicy-jagiellonskiej-wloty-na-skrzyzowanie-beda-zamkniete\/","og_site_name":"24GLIWICE - Portal Gliwice | codziennie nowe informacje","article_publisher":"https:\/\/www.facebook.com\/24gliwice","article_published_time":"2018-07-23T09:37:35+00:00","og_image":[{"width":810,"height":457,"url":"https:\/\/www.24gliwice.pl\/wiadomosci\/wp-content\/uploads\/2018\/07\/1-20160310_102826-001.jpg","type":"image\/jpeg"}],"author":"\u017baneta Mrozek-Siewierska","twitter_card":"summary_large_image","twitter_creator":"@24gliwice","twitter_site":"@24gliwice","twitter_misc":{"Napisane przez":"\u017baneta Mrozek-Siewierska","Szacowany czas czytania":"1 minuta"},"schema":{"@context":"https:\/\/schema.org","@graph":[{"@type":"Article","@id":"https:\/\/www.24gliwice.pl\/wiadomosci\/wiadomo-juz-kiedy-rozpocznie-sie-remont-ulicy-jagiellonskiej-wloty-na-skrzyzowanie-beda-zamkniete\/#article","isPartOf":{"@id":"https:\/\/www.24gliwice.pl\/wiadomosci\/wiadomo-juz-kiedy-rozpocznie-sie-remont-ulicy-jagiellonskiej-wloty-na-skrzyzowanie-beda-zamkniete\/"},"author":{"name":"\u017baneta Mrozek-Siewierska","@id":"https:\/\/www.24gliwice.pl\/wiadomosci\/#\/schema\/person\/e42c650edd7f2fa332be3811fb166b6e"},"headline":"Wiadomo ju\u017c, kiedy rozpocznie si\u0119 remont ulicy Jagiello\u0144skiej. Wloty na skrzy\u017cowanie b\u0119d\u0105 zamkni\u0119te","datePublished":"2018-07-23T09:37:35+00:00","mainEntityOfPage":{"@id":"https:\/\/www.24gliwice.pl\/wiadomosci\/wiadomo-juz-kiedy-rozpocznie-sie-remont-ulicy-jagiellonskiej-wloty-na-skrzyzowanie-beda-zamkniete\/"},"wordCount":198,"commentCount":0,"publisher":{"@id":"https:\/\/www.24gliwice.pl\/wiadomosci\/#organization"},"image":{"@id":"https:\/\/www.24gliwice.pl\/wiadomosci\/wiadomo-juz-kiedy-rozpocznie-sie-remont-ulicy-jagiellonskiej-wloty-na-skrzyzowanie-beda-zamkniete\/#primaryimage"},"thumbnailUrl":"https:\/\/www.24gliwice.pl\/wiadomosci\/wp-content\/uploads\/2018\/07\/1-20160310_102826-001.jpg","keywords":["JAGIELLO\u0143SKA","KONARSKIEGO","remont jagiello\u0144skiej","torowisko","ZABRSKA","ZDM","ZMIANA ORGANIZACJI RUCHU"],"articleSection":["Gliwice","Najnowsze wiadomo\u015bci"],"inLanguage":"pl-PL","potentialAction":[{"@type":"CommentAction","name":"Comment","target":["https:\/\/www.24gliwice.pl\/wiadomosci\/wiadomo-juz-kiedy-rozpocznie-sie-remont-ulicy-jagiellonskiej-wloty-na-skrzyzowanie-beda-zamkniete\/#respond"]}]},{"@type":"WebPage","@id":"https:\/\/www.24gliwice.pl\/wiadomosci\/wiadomo-juz-kiedy-rozpocznie-sie-remont-ulicy-jagiellonskiej-wloty-na-skrzyzowanie-beda-zamkniete\/","url":"https:\/\/www.24gliwice.pl\/wiadomosci\/wiadomo-juz-kiedy-rozpocznie-sie-remont-ulicy-jagiellonskiej-wloty-na-skrzyzowanie-beda-zamkniete\/","name":"Wiadomo ju\u017c, kiedy rozpocznie si\u0119 remont ulicy Jagiello\u0144skiej. Wloty na skrzy\u017cowanie b\u0119d\u0105 zamkni\u0119te - 24GLIWICE - Portal Gliwice | codziennie nowe informacje","isPartOf":{"@id":"https:\/\/www.24gliwice.pl\/wiadomosci\/#website"},"primaryImageOfPage":{"@id":"https:\/\/www.24gliwice.pl\/wiadomosci\/wiadomo-juz-kiedy-rozpocznie-sie-remont-ulicy-jagiellonskiej-wloty-na-skrzyzowanie-beda-zamkniete\/#primaryimage"},"image":{"@id":"https:\/\/www.24gliwice.pl\/wiadomosci\/wiadomo-juz-kiedy-rozpocznie-sie-remont-ulicy-jagiellonskiej-wloty-na-skrzyzowanie-beda-zamkniete\/#primaryimage"},"thumbnailUrl":"https:\/\/www.24gliwice.pl\/wiadomosci\/wp-content\/uploads\/2018\/07\/1-20160310_102826-001.jpg","datePublished":"2018-07-23T09:37:35+00:00","breadcrumb":{"@id":"https:\/\/www.24gliwice.pl\/wiadomosci\/wiadomo-juz-kiedy-rozpocznie-sie-remont-ulicy-jagiellonskiej-wloty-na-skrzyzowanie-beda-zamkniete\/#breadcrumb"},"inLanguage":"pl-PL","potentialAction":[{"@type":"ReadAction","target":["https:\/\/www.24gliwice.pl\/wiadomosci\/wiadomo-juz-kiedy-rozpocznie-sie-remont-ulicy-jagiellonskiej-wloty-na-skrzyzowanie-beda-zamkniete\/"]}]},{"@type":"ImageObject","inLanguage":"pl-PL","@id":"https:\/\/www.24gliwice.pl\/wiadomosci\/wiadomo-juz-kiedy-rozpocznie-sie-remont-ulicy-jagiellonskiej-wloty-na-skrzyzowanie-beda-zamkniete\/#primaryimage","url":"https:\/\/www.24gliwice.pl\/wiadomosci\/wp-content\/uploads\/2018\/07\/1-20160310_102826-001.jpg","contentUrl":"https:\/\/www.24gliwice.pl\/wiadomosci\/wp-content\/uploads\/2018\/07\/1-20160310_102826-001.jpg","width":810,"height":457},{"@type":"BreadcrumbList","@id":"https:\/\/www.24gliwice.pl\/wiadomosci\/wiadomo-juz-kiedy-rozpocznie-sie-remont-ulicy-jagiellonskiej-wloty-na-skrzyzowanie-beda-zamkniete\/#breadcrumb","itemListElement":[{"@type":"ListItem","position":1,"name":"Strona g\u0142\u00f3wna","item":"https:\/\/www.24gliwice.pl\/wiadomosci\/"},{"@type":"ListItem","position":2,"name":"Wiadomo ju\u017c, kiedy rozpocznie si\u0119 remont ulicy Jagiello\u0144skiej. Wloty na skrzy\u017cowanie b\u0119d\u0105 zamkni\u0119te"}]},{"@type":"WebSite","@id":"https:\/\/www.24gliwice.pl\/wiadomosci\/#website","url":"https:\/\/www.24gliwice.pl\/wiadomosci\/","name":"24GLIWICE - Portal Gliwice | codziennie nowe wiadomo\u015bci","description":"Portal Miejski Gliwice","publisher":{"@id":"https:\/\/www.24gliwice.pl\/wiadomosci\/#organization"},"potentialAction":[{"@type":"SearchAction","target":{"@type":"EntryPoint","urlTemplate":"https:\/\/www.24gliwice.pl\/wiadomosci\/?s={search_term_string}"},"query-input":{"@type":"PropertyValueSpecification","valueRequired":true,"valueName":"search_term_string"}}],"inLanguage":"pl-PL"},{"@type":"Organization","@id":"https:\/\/www.24gliwice.pl\/wiadomosci\/#organization","name":"24gliwice","url":"https:\/\/www.24gliwice.pl\/wiadomosci\/","logo":{"@type":"ImageObject","inLanguage":"pl-PL","@id":"https:\/\/www.24gliwice.pl\/wiadomosci\/#\/schema\/logo\/image\/","url":"https:\/\/www.24gliwice.pl\/wiadomosci\/wp-content\/uploads\/2024\/10\/24gliwice-logo-696.jpg","contentUrl":"https:\/\/www.24gliwice.pl\/wiadomosci\/wp-content\/uploads\/2024\/10\/24gliwice-logo-696.jpg","width":696,"height":696,"caption":"24gliwice"},"image":{"@id":"https:\/\/www.24gliwice.pl\/wiadomosci\/#\/schema\/logo\/image\/"},"sameAs":["https:\/\/www.facebook.com\/24gliwice","https:\/\/x.com\/24gliwice","https:\/\/www.youtube.com\/@24gliwice"]},{"@type":"Person","@id":"https:\/\/www.24gliwice.pl\/wiadomosci\/#\/schema\/person\/e42c650edd7f2fa332be3811fb166b6e","name":"\u017baneta Mrozek-Siewierska","image":{"@type":"ImageObject","inLanguage":"pl-PL","@id":"https:\/\/secure.gravatar.com\/avatar\/1881429e9c64597c77ad7aef2d0a19be69a3253e57534d16aa15bf3a4d34a0a3?s=96&d=mm&r=g","url":"https:\/\/secure.gravatar.com\/avatar\/1881429e9c64597c77ad7aef2d0a19be69a3253e57534d16aa15bf3a4d34a0a3?s=96&d=mm&r=g","contentUrl":"https:\/\/secure.gravatar.com\/avatar\/1881429e9c64597c77ad7aef2d0a19be69a3253e57534d16aa15bf3a4d34a0a3?s=96&d=mm&r=g","caption":"\u017baneta Mrozek-Siewierska"},"url":"https:\/\/www.24gliwice.pl\/wiadomosci\/author\/zms\/"}]}},"_links":{"self":[{"href":"https:\/\/www.24gliwice.pl\/wiadomosci\/wp-json\/wp\/v2\/posts\/120471","targetHints":{"allow":["GET"]}}],"collection":[{"href":"https:\/\/www.24gliwice.pl\/wiadomosci\/wp-json\/wp\/v2\/posts"}],"about":[{"href":"https:\/\/www.24gliwice.pl\/wiadomosci\/wp-json\/wp\/v2\/types\/post"}],"author":[{"embeddable":true,"href":"https:\/\/www.24gliwice.pl\/wiadomosci\/wp-json\/wp\/v2\/users\/15"}],"replies":[{"embeddable":true,"href":"https:\/\/www.24gliwice.pl\/wiadomosci\/wp-json\/wp\/v2\/comments?post=120471"}],"version-history":[{"count":0,"href":"https:\/\/www.24gliwice.pl\/wiadomosci\/wp-json\/wp\/v2\/posts\/120471\/revisions"}],"wp:featuredmedia":[{"embeddable":true,"href":"https:\/\/www.24gliwice.pl\/wiadomosci\/wp-json\/wp\/v2\/media\/119776"}],"wp:attachment":[{"href":"https:\/\/www.24gliwice.pl\/wiadomosci\/wp-json\/wp\/v2\/media?parent=120471"}],"wp:term":[{"taxonomy":"category","embeddable":true,"href":"https:\/\/www.24gliwice.pl\/wiadomosci\/wp-json\/wp\/v2\/categories?post=120471"},{"taxonomy":"post_tag","embeddable":true,"href":"https:\/\/www.24gliwice.pl\/wiadomosci\/wp-json\/wp\/v2\/tags?post=120471"}],"curies":[{"name":"wp","href":"https:\/\/api.w.org\/{rel}","templated":true}]}}