{"id":120823,"date":"2018-07-31T12:53:23","date_gmt":"2018-07-31T10:53:23","guid":{"rendered":"https:\/\/www.24gliwice.pl\/wiadomosci\/?p=120823"},"modified":"2018-07-31T12:53:23","modified_gmt":"2018-07-31T10:53:23","slug":"politechnika-slaska-opracuje-koncepcje-kolei-metropolitalnej-powinna-byc-znana-do-konca-roku","status":"publish","type":"post","link":"https:\/\/www.24gliwice.pl\/wiadomosci\/politechnika-slaska-opracuje-koncepcje-kolei-metropolitalnej-powinna-byc-znana-do-konca-roku\/","title":{"rendered":"Politechnika \u015al\u0105ska opracuje koncepcj\u0119 Kolei Metropolitalnej. Powinna by\u0107 znana do ko\u0144ca roku"},"content":{"rendered":"<div class=\"gliwi-a6-nad-leadem-artykulow gliwi-entity-placement\" id=\"gliwi-1349366845\"><div class=\"gliwi-adlabel\"><span style=\"font-size: 9px\">REKLAMA<\/span><\/div><div id=\"gliwi-1592394952\" style=\"margin-bottom: 25px;margin-left: auto;margin-right: auto;text-align: center;\"><a data-no-instant=\"1\" href=\"https:\/\/dom100.eu\/\" rel=\"noopener\" class=\"a2t-link\" target=\"_blank\" aria-label=\"20260415 DOM100 D\"><img loading=\"lazy\" decoding=\"async\" src=\"https:\/\/www.24gliwice.pl\/wiadomosci\/wp-content\/uploads\/2026\/04\/20260415-DOM100-D.jpg\" alt=\"\"  srcset=\"https:\/\/www.24gliwice.pl\/wiadomosci\/wp-content\/uploads\/2026\/04\/20260415-DOM100-D.jpg 750w, https:\/\/www.24gliwice.pl\/wiadomosci\/wp-content\/uploads\/2026\/04\/20260415-DOM100-D-410x109.jpg 410w\" sizes=\"(max-width: 750px) 100vw, 750px\" class=\"no-lazyload\" width=\"750\" height=\"200\"  style=\"display: inline-block; max-width: 100%; height: auto;\" \/><\/a><\/div><\/div><h3>G\u00f3rno\u015bl\u0105sko-Zag\u0142\u0119biowska Metropolia w poniedzia\u0142ek (30 lipca) rozstrzygn\u0119\u0142a przetarg na opracowanie koncepcji Kolei Metropolitalnej. Dokument zostanie opracowany za ponad 233 tys. z\u0142.<\/h3>\n<p>Do post\u0119powania zg\u0142osi\u0142y si\u0119 dwie firmy, a najkorzystniejsz\u0105 ofert\u0119 przedstawi\u0142a Politechnika \u015al\u0105ska.<\/p>\n<p>&#8211; Koncepcja odpowie nam na najwa\u017cniejsze pytania dotycz\u0105ce organizacji transportu szynowego na terenie Metropolii, by m\u00f3g\u0142 on realnie konkurowa\u0107 z samochodami \u2013 przypomina <strong>Grzegorz Kwitek<\/strong>, cz\u0142onek zarz\u0105du G\u00f3rno\u015bl\u0105sko-Zag\u0142\u0119biowskiej Metropolii, kt\u00f3ry zajmuje si\u0119 sprawami zwi\u0105zanymi z transportem publicznym.<\/p><div class=\"gliwi-a3-w-tresci-artykulow gliwi-entity-placement\" id=\"gliwi-776879036\"><div class=\"gliwi-adlabel\"><span style=\"font-size: 9px\">REKLAMA<\/span><\/div><div id=\"gliwi-3521132931\" style=\"margin-bottom: 30px;margin-left: auto;margin-right: auto;text-align: center;\"><a data-no-instant=\"1\" href=\"https:\/\/zlobek.halogen.org.pl\/\" rel=\"noopener\" class=\"a2t-link\" target=\"_blank\" aria-label=\"animator-zlobek_750x200\"><img loading=\"lazy\" decoding=\"async\" src=\"https:\/\/www.24gliwice.pl\/wiadomosci\/wp-content\/uploads\/2026\/02\/animator-zlobek_750x200.webp\" alt=\"\"  srcset=\"https:\/\/www.24gliwice.pl\/wiadomosci\/wp-content\/uploads\/2026\/02\/animator-zlobek_750x200.webp 750w, https:\/\/www.24gliwice.pl\/wiadomosci\/wp-content\/uploads\/2026\/02\/animator-zlobek_750x200-410x109.webp 410w\" sizes=\"(max-width: 750px) 100vw, 750px\" class=\"no-lazyload\" width=\"750\" height=\"200\"  style=\"display: inline-block; max-width: 100%; height: auto;\" \/><\/a><\/div><\/div>\n<p>Po zawarciu umowy na opracowanie tej koncepcji, a powinno si\u0119 to sta\u0107 w przysz\u0142ym tygodniu, eksperci z Politechniki \u015al\u0105skiej b\u0119d\u0105 mie\u0107 19 tygodni na opracowanie tego dokumentu.<\/p>\n[perfectpullquote align=&#8221;full&#8221; bordertop=&#8221;false&#8221; cite=&#8221;&#8221; link=&#8221;&#8221; color=&#8221;&#8221; class=&#8221;&#8221; size=&#8221;&#8221;]Efekty tych prac powinni\u015bmy pozna\u0107 w grudniu.[\/perfectpullquote]\n<p>Koncepcja Kolei Metropolitalnej to dokument, w kt\u00f3rym zawarte zostan\u0105 analizy dotycz\u0105ce m.in. potok\u00f3w pasa\u017cer\u00f3w; tego czy, a je\u015bli tak, to w jakiej formule rozbudowywa\u0107 trasy kolejowe na terenie Metropolii.<\/p>\n<p>Chodzi o to, by znale\u017a\u0107 odpowied\u017a na pytania, czy my\u015bl\u0105c o kolei powinni\u015bmy stawia\u0107 na zakup nowych poci\u0105g\u00f3w, kt\u00f3re mog\u0142yby uzupe\u0142ni\u0107 ju\u017c teraz funkcjonuj\u0105ce po\u0142\u0105czenia na najbardziej popularnych trasach oraz na to, w jakim kierunku rozwijana i rozbudowywana powinna by\u0107 metropolitalna sie\u0107 po\u0142\u0105cze\u0144 kolejowych w przysz\u0142o\u015bci.<\/p>\n[perfectpullquote align=&#8221;full&#8221; bordertop=&#8221;false&#8221; cite=&#8221;&#8221; link=&#8221;&#8221; color=&#8221;&#8221; class=&#8221;&#8221; size=&#8221;&#8221;]Z opracowanego dokumentu dowiemy si\u0119 zatem jaki model Kolei Metropolitalnej by\u0142by najbardziej odpowiedni dla tego obszaru.[\/perfectpullquote]\n<p>Przeanalizowane zostan\u0105 r\u00f3\u017cne warianty i wskazana rekomendacja odno\u015bnie tego, czy Metropolia powinna stawia\u0107 na rozbudow\u0119 sieci kolei tradycyjnej, a mo\u017ce inwestowa\u0107 w infrastruktur\u0119 jednoszynow\u0105, czyli monorail, gdzie poci\u0105g zazwyczaj porusza si\u0119 na specjalnej estakadzie, po jednej szynie.<\/p>\n<p>&#8211; Opracowanie koncepcji Kolei Metropolitalnej to pocz\u0105tek drogi, kt\u00f3rej celem jest usprawnienie transportu publicznego. To bardzo wa\u017cny dokument, na podstawie kt\u00f3rego w przysz\u0142o\u015bci konstruowane b\u0119d\u0105 projekty szczeg\u00f3\u0142owe \u2013 m\u00f3wi\u0142 <strong>Lucjan Dec<\/strong>, dyrektor Departamentu Komunikacji i Transportu, w po\u0142owie czerwca, gdy Metropolia og\u0142osi\u0142a przetarg na opracowanie tej koncepcji.<\/p>\n<p>\u2013 Nie jest to zadanie, kt\u00f3re zrealizujemy w ci\u0105gu roku czy kilku najbli\u017cszych lat. Zbudowanie sprawnie dzia\u0142aj\u0105cego systemu Kolei Metropolitalnej to zadanie na co najmniej dekad\u0119, kt\u00f3re wymaga r\u00f3wnie\u017c pot\u0119\u017cnych nak\u0142ad\u00f3w finansowych i wsp\u00f3\u0142pracy wielu partner\u00f3w \u2013 dodawa\u0142.<\/p>\n<p>(\u017cms)<br \/>\nfot. zdj. pogl\u0105dowe<\/p>\n<div class=\"gliwi-a5-na-koncu-artykulow gliwi-entity-placement\" id=\"gliwi-3261771463\"><div class=\"gliwi-adlabel\"><span style=\"font-size: 9px\">REKLAMA<\/span><\/div><div id=\"gliwi-3073675330\" style=\"margin-left: auto;margin-right: auto;text-align: center;\"><a data-no-instant=\"1\" href=\"https:\/\/prezeroarenagliwice.pl\/\" rel=\"noopener\" class=\"a2t-link\" target=\"_blank\" aria-label=\"20260309-PREZERO-WIOSNA-D\"><img loading=\"lazy\" decoding=\"async\" src=\"https:\/\/www.24gliwice.pl\/wiadomosci\/wp-content\/uploads\/2026\/03\/20260309-PREZERO-WIOSNA-D.webp\" alt=\"\"  srcset=\"https:\/\/www.24gliwice.pl\/wiadomosci\/wp-content\/uploads\/2026\/03\/20260309-PREZERO-WIOSNA-D.webp 750w, https:\/\/www.24gliwice.pl\/wiadomosci\/wp-content\/uploads\/2026\/03\/20260309-PREZERO-WIOSNA-D-410x109.webp 410w\" sizes=\"(max-width: 750px) 100vw, 750px\" class=\"no-lazyload\" width=\"750\" height=\"200\"  style=\"display: inline-block; max-width: 100%; height: auto;\" \/><\/a><\/div><\/div>","protected":false},"excerpt":{"rendered":"<p>G\u00f3rno\u015bl\u0105sko-Zag\u0142\u0119biowska Metropolia w poniedzia\u0142ek (30 lipca) rozstrzygn\u0119\u0142a przetarg na opracowanie koncepcji Kolei Metropolitalnej. Dokument zostanie opracowany za ponad 233 tys. z\u0142. Do post\u0119powania zg\u0142osi\u0142y si\u0119 dwie firmy, a najkorzystniejsz\u0105 ofert\u0119 przedstawi\u0142a Politechnika \u015al\u0105ska. &#8211; Koncepcja odpowie nam na najwa\u017cniejsze pytania dotycz\u0105ce organizacji transportu szynowego na terenie Metropolii, by m\u00f3g\u0142 on realnie konkurowa\u0107 z samochodami \u2013 [&hellip;]<\/p>\n","protected":false},"author":15,"featured_media":120826,"comment_status":"open","ping_status":"closed","sticky":false,"template":"","format":"standard","meta":{"_monsterinsights_skip_tracking":false,"_monsterinsights_sitenote_active":false,"_monsterinsights_sitenote_note":"","_monsterinsights_sitenote_category":0,"footnotes":"","_links_to":"","_links_to_target":""},"categories":[3,1],"tags":[12998,8128,7838,219,12078,8349],"class_list":["post-120823","post","type-post","status-publish","format-standard","has-post-thumbnail","hentry","category-gliwice","category-wszystko","tag-kolej-metropolitalna","tag-komunikacja","tag-metropolia","tag-politechnika-slaska","tag-polaczenie-kolejowe","tag-transport"],"yoast_head":"<!-- This site is optimized with the Yoast SEO plugin v27.5 - https:\/\/yoast.com\/product\/yoast-seo-wordpress\/ -->\n<title>Politechnika \u015al\u0105ska opracuje koncepcj\u0119 Kolei Metropolitalnej. Powinna by\u0107 znana do ko\u0144ca roku - 24GLIWICE - Portal Gliwice | codziennie nowe informacje<\/title>\n<meta name=\"robots\" content=\"index, follow, max-snippet:-1, max-image-preview:large, max-video-preview:-1\" \/>\n<link rel=\"canonical\" href=\"https:\/\/www.24gliwice.pl\/wiadomosci\/politechnika-slaska-opracuje-koncepcje-kolei-metropolitalnej-powinna-byc-znana-do-konca-roku\/\" \/>\n<meta property=\"og:locale\" content=\"pl_PL\" \/>\n<meta property=\"og:type\" content=\"article\" \/>\n<meta property=\"og:title\" content=\"Politechnika \u015al\u0105ska opracuje koncepcj\u0119 Kolei Metropolitalnej. Powinna by\u0107 znana do ko\u0144ca roku - 24GLIWICE - Portal Gliwice | codziennie nowe informacje\" \/>\n<meta property=\"og:description\" content=\"G\u00f3rno\u015bl\u0105sko-Zag\u0142\u0119biowska Metropolia w poniedzia\u0142ek (30 lipca) rozstrzygn\u0119\u0142a przetarg na opracowanie koncepcji Kolei Metropolitalnej. Dokument zostanie opracowany za ponad 233 tys. z\u0142. Do post\u0119powania zg\u0142osi\u0142y si\u0119 dwie firmy, a najkorzystniejsz\u0105 ofert\u0119 przedstawi\u0142a Politechnika \u015al\u0105ska. &#8211; Koncepcja odpowie nam na najwa\u017cniejsze pytania dotycz\u0105ce organizacji transportu szynowego na terenie Metropolii, by m\u00f3g\u0142 on realnie konkurowa\u0107 z samochodami \u2013 [&hellip;]\" \/>\n<meta property=\"og:url\" content=\"https:\/\/www.24gliwice.pl\/wiadomosci\/politechnika-slaska-opracuje-koncepcje-kolei-metropolitalnej-powinna-byc-znana-do-konca-roku\/\" \/>\n<meta property=\"og:site_name\" content=\"24GLIWICE - Portal Gliwice | codziennie nowe informacje\" \/>\n<meta property=\"article:publisher\" content=\"https:\/\/www.facebook.com\/24gliwice\" \/>\n<meta property=\"article:published_time\" content=\"2018-07-31T10:53:23+00:00\" \/>\n<meta property=\"og:image\" content=\"https:\/\/www.24gliwice.pl\/wiadomosci\/wp-content\/uploads\/2018\/07\/kolej-metropolitalna-e1533029813982.jpg\" \/>\n\t<meta property=\"og:image:width\" content=\"810\" \/>\n\t<meta property=\"og:image:height\" content=\"456\" \/>\n\t<meta property=\"og:image:type\" content=\"image\/jpeg\" \/>\n<meta name=\"author\" content=\"\u017baneta Mrozek-Siewierska\" \/>\n<meta name=\"twitter:card\" content=\"summary_large_image\" \/>\n<meta name=\"twitter:creator\" content=\"@24gliwice\" \/>\n<meta name=\"twitter:site\" content=\"@24gliwice\" \/>\n<meta name=\"twitter:label1\" content=\"Napisane przez\" \/>\n\t<meta name=\"twitter:data1\" content=\"\u017baneta Mrozek-Siewierska\" \/>\n\t<meta name=\"twitter:label2\" content=\"Szacowany czas czytania\" \/>\n\t<meta name=\"twitter:data2\" content=\"2 minuty\" \/>\n<script type=\"application\/ld+json\" class=\"yoast-schema-graph\">{\"@context\":\"https:\\\/\\\/schema.org\",\"@graph\":[{\"@type\":\"Article\",\"@id\":\"https:\\\/\\\/www.24gliwice.pl\\\/wiadomosci\\\/politechnika-slaska-opracuje-koncepcje-kolei-metropolitalnej-powinna-byc-znana-do-konca-roku\\\/#article\",\"isPartOf\":{\"@id\":\"https:\\\/\\\/www.24gliwice.pl\\\/wiadomosci\\\/politechnika-slaska-opracuje-koncepcje-kolei-metropolitalnej-powinna-byc-znana-do-konca-roku\\\/\"},\"author\":{\"name\":\"\u017baneta Mrozek-Siewierska\",\"@id\":\"https:\\\/\\\/www.24gliwice.pl\\\/wiadomosci\\\/#\\\/schema\\\/person\\\/e42c650edd7f2fa332be3811fb166b6e\"},\"headline\":\"Politechnika \u015al\u0105ska opracuje koncepcj\u0119 Kolei Metropolitalnej. Powinna by\u0107 znana do ko\u0144ca roku\",\"datePublished\":\"2018-07-31T10:53:23+00:00\",\"mainEntityOfPage\":{\"@id\":\"https:\\\/\\\/www.24gliwice.pl\\\/wiadomosci\\\/politechnika-slaska-opracuje-koncepcje-kolei-metropolitalnej-powinna-byc-znana-do-konca-roku\\\/\"},\"wordCount\":426,\"commentCount\":0,\"publisher\":{\"@id\":\"https:\\\/\\\/www.24gliwice.pl\\\/wiadomosci\\\/#organization\"},\"image\":{\"@id\":\"https:\\\/\\\/www.24gliwice.pl\\\/wiadomosci\\\/politechnika-slaska-opracuje-koncepcje-kolei-metropolitalnej-powinna-byc-znana-do-konca-roku\\\/#primaryimage\"},\"thumbnailUrl\":\"https:\\\/\\\/www.24gliwice.pl\\\/wiadomosci\\\/wp-content\\\/uploads\\\/2018\\\/07\\\/kolej-metropolitalna-e1533029813982.jpg\",\"keywords\":[\"kolej metropolitalna\",\"KOMUNIKACJA\",\"METROPOLIA\",\"POLITECHNIKA \u015aL\u0104SKA\",\"po\u0142\u0105czenie kolejowe\",\"TRANSPORT\"],\"articleSection\":[\"Gliwice\",\"Najnowsze wiadomo\u015bci\"],\"inLanguage\":\"pl-PL\",\"potentialAction\":[{\"@type\":\"CommentAction\",\"name\":\"Comment\",\"target\":[\"https:\\\/\\\/www.24gliwice.pl\\\/wiadomosci\\\/politechnika-slaska-opracuje-koncepcje-kolei-metropolitalnej-powinna-byc-znana-do-konca-roku\\\/#respond\"]}]},{\"@type\":\"WebPage\",\"@id\":\"https:\\\/\\\/www.24gliwice.pl\\\/wiadomosci\\\/politechnika-slaska-opracuje-koncepcje-kolei-metropolitalnej-powinna-byc-znana-do-konca-roku\\\/\",\"url\":\"https:\\\/\\\/www.24gliwice.pl\\\/wiadomosci\\\/politechnika-slaska-opracuje-koncepcje-kolei-metropolitalnej-powinna-byc-znana-do-konca-roku\\\/\",\"name\":\"Politechnika \u015al\u0105ska opracuje koncepcj\u0119 Kolei Metropolitalnej. Powinna by\u0107 znana do ko\u0144ca roku - 24GLIWICE - Portal Gliwice | codziennie nowe informacje\",\"isPartOf\":{\"@id\":\"https:\\\/\\\/www.24gliwice.pl\\\/wiadomosci\\\/#website\"},\"primaryImageOfPage\":{\"@id\":\"https:\\\/\\\/www.24gliwice.pl\\\/wiadomosci\\\/politechnika-slaska-opracuje-koncepcje-kolei-metropolitalnej-powinna-byc-znana-do-konca-roku\\\/#primaryimage\"},\"image\":{\"@id\":\"https:\\\/\\\/www.24gliwice.pl\\\/wiadomosci\\\/politechnika-slaska-opracuje-koncepcje-kolei-metropolitalnej-powinna-byc-znana-do-konca-roku\\\/#primaryimage\"},\"thumbnailUrl\":\"https:\\\/\\\/www.24gliwice.pl\\\/wiadomosci\\\/wp-content\\\/uploads\\\/2018\\\/07\\\/kolej-metropolitalna-e1533029813982.jpg\",\"datePublished\":\"2018-07-31T10:53:23+00:00\",\"breadcrumb\":{\"@id\":\"https:\\\/\\\/www.24gliwice.pl\\\/wiadomosci\\\/politechnika-slaska-opracuje-koncepcje-kolei-metropolitalnej-powinna-byc-znana-do-konca-roku\\\/#breadcrumb\"},\"inLanguage\":\"pl-PL\",\"potentialAction\":[{\"@type\":\"ReadAction\",\"target\":[\"https:\\\/\\\/www.24gliwice.pl\\\/wiadomosci\\\/politechnika-slaska-opracuje-koncepcje-kolei-metropolitalnej-powinna-byc-znana-do-konca-roku\\\/\"]}]},{\"@type\":\"ImageObject\",\"inLanguage\":\"pl-PL\",\"@id\":\"https:\\\/\\\/www.24gliwice.pl\\\/wiadomosci\\\/politechnika-slaska-opracuje-koncepcje-kolei-metropolitalnej-powinna-byc-znana-do-konca-roku\\\/#primaryimage\",\"url\":\"https:\\\/\\\/www.24gliwice.pl\\\/wiadomosci\\\/wp-content\\\/uploads\\\/2018\\\/07\\\/kolej-metropolitalna-e1533029813982.jpg\",\"contentUrl\":\"https:\\\/\\\/www.24gliwice.pl\\\/wiadomosci\\\/wp-content\\\/uploads\\\/2018\\\/07\\\/kolej-metropolitalna-e1533029813982.jpg\",\"width\":810,\"height\":456},{\"@type\":\"BreadcrumbList\",\"@id\":\"https:\\\/\\\/www.24gliwice.pl\\\/wiadomosci\\\/politechnika-slaska-opracuje-koncepcje-kolei-metropolitalnej-powinna-byc-znana-do-konca-roku\\\/#breadcrumb\",\"itemListElement\":[{\"@type\":\"ListItem\",\"position\":1,\"name\":\"Strona g\u0142\u00f3wna\",\"item\":\"https:\\\/\\\/www.24gliwice.pl\\\/wiadomosci\\\/\"},{\"@type\":\"ListItem\",\"position\":2,\"name\":\"Politechnika \u015al\u0105ska opracuje koncepcj\u0119 Kolei Metropolitalnej. Powinna by\u0107 znana do ko\u0144ca roku\"}]},{\"@type\":\"WebSite\",\"@id\":\"https:\\\/\\\/www.24gliwice.pl\\\/wiadomosci\\\/#website\",\"url\":\"https:\\\/\\\/www.24gliwice.pl\\\/wiadomosci\\\/\",\"name\":\"24GLIWICE - Portal Gliwice | codziennie nowe wiadomo\u015bci\",\"description\":\"Portal Miejski Gliwice\",\"publisher\":{\"@id\":\"https:\\\/\\\/www.24gliwice.pl\\\/wiadomosci\\\/#organization\"},\"potentialAction\":[{\"@type\":\"SearchAction\",\"target\":{\"@type\":\"EntryPoint\",\"urlTemplate\":\"https:\\\/\\\/www.24gliwice.pl\\\/wiadomosci\\\/?s={search_term_string}\"},\"query-input\":{\"@type\":\"PropertyValueSpecification\",\"valueRequired\":true,\"valueName\":\"search_term_string\"}}],\"inLanguage\":\"pl-PL\"},{\"@type\":\"Organization\",\"@id\":\"https:\\\/\\\/www.24gliwice.pl\\\/wiadomosci\\\/#organization\",\"name\":\"24gliwice\",\"url\":\"https:\\\/\\\/www.24gliwice.pl\\\/wiadomosci\\\/\",\"logo\":{\"@type\":\"ImageObject\",\"inLanguage\":\"pl-PL\",\"@id\":\"https:\\\/\\\/www.24gliwice.pl\\\/wiadomosci\\\/#\\\/schema\\\/logo\\\/image\\\/\",\"url\":\"https:\\\/\\\/www.24gliwice.pl\\\/wiadomosci\\\/wp-content\\\/uploads\\\/2024\\\/10\\\/24gliwice-logo-696.jpg\",\"contentUrl\":\"https:\\\/\\\/www.24gliwice.pl\\\/wiadomosci\\\/wp-content\\\/uploads\\\/2024\\\/10\\\/24gliwice-logo-696.jpg\",\"width\":696,\"height\":696,\"caption\":\"24gliwice\"},\"image\":{\"@id\":\"https:\\\/\\\/www.24gliwice.pl\\\/wiadomosci\\\/#\\\/schema\\\/logo\\\/image\\\/\"},\"sameAs\":[\"https:\\\/\\\/www.facebook.com\\\/24gliwice\",\"https:\\\/\\\/x.com\\\/24gliwice\",\"https:\\\/\\\/www.youtube.com\\\/@24gliwice\"]},{\"@type\":\"Person\",\"@id\":\"https:\\\/\\\/www.24gliwice.pl\\\/wiadomosci\\\/#\\\/schema\\\/person\\\/e42c650edd7f2fa332be3811fb166b6e\",\"name\":\"\u017baneta Mrozek-Siewierska\",\"image\":{\"@type\":\"ImageObject\",\"inLanguage\":\"pl-PL\",\"@id\":\"https:\\\/\\\/secure.gravatar.com\\\/avatar\\\/1881429e9c64597c77ad7aef2d0a19be69a3253e57534d16aa15bf3a4d34a0a3?s=96&d=mm&r=g\",\"url\":\"https:\\\/\\\/secure.gravatar.com\\\/avatar\\\/1881429e9c64597c77ad7aef2d0a19be69a3253e57534d16aa15bf3a4d34a0a3?s=96&d=mm&r=g\",\"contentUrl\":\"https:\\\/\\\/secure.gravatar.com\\\/avatar\\\/1881429e9c64597c77ad7aef2d0a19be69a3253e57534d16aa15bf3a4d34a0a3?s=96&d=mm&r=g\",\"caption\":\"\u017baneta Mrozek-Siewierska\"},\"url\":\"https:\\\/\\\/www.24gliwice.pl\\\/wiadomosci\\\/author\\\/zms\\\/\"}]}<\/script>\n<!-- \/ Yoast SEO plugin. -->","yoast_head_json":{"title":"Politechnika \u015al\u0105ska opracuje koncepcj\u0119 Kolei Metropolitalnej. Powinna by\u0107 znana do ko\u0144ca roku - 24GLIWICE - Portal Gliwice | codziennie nowe informacje","robots":{"index":"index","follow":"follow","max-snippet":"max-snippet:-1","max-image-preview":"max-image-preview:large","max-video-preview":"max-video-preview:-1"},"canonical":"https:\/\/www.24gliwice.pl\/wiadomosci\/politechnika-slaska-opracuje-koncepcje-kolei-metropolitalnej-powinna-byc-znana-do-konca-roku\/","og_locale":"pl_PL","og_type":"article","og_title":"Politechnika \u015al\u0105ska opracuje koncepcj\u0119 Kolei Metropolitalnej. Powinna by\u0107 znana do ko\u0144ca roku - 24GLIWICE - Portal Gliwice | codziennie nowe informacje","og_description":"G\u00f3rno\u015bl\u0105sko-Zag\u0142\u0119biowska Metropolia w poniedzia\u0142ek (30 lipca) rozstrzygn\u0119\u0142a przetarg na opracowanie koncepcji Kolei Metropolitalnej. Dokument zostanie opracowany za ponad 233 tys. z\u0142. Do post\u0119powania zg\u0142osi\u0142y si\u0119 dwie firmy, a najkorzystniejsz\u0105 ofert\u0119 przedstawi\u0142a Politechnika \u015al\u0105ska. &#8211; Koncepcja odpowie nam na najwa\u017cniejsze pytania dotycz\u0105ce organizacji transportu szynowego na terenie Metropolii, by m\u00f3g\u0142 on realnie konkurowa\u0107 z samochodami \u2013 [&hellip;]","og_url":"https:\/\/www.24gliwice.pl\/wiadomosci\/politechnika-slaska-opracuje-koncepcje-kolei-metropolitalnej-powinna-byc-znana-do-konca-roku\/","og_site_name":"24GLIWICE - Portal Gliwice | codziennie nowe informacje","article_publisher":"https:\/\/www.facebook.com\/24gliwice","article_published_time":"2018-07-31T10:53:23+00:00","og_image":[{"width":810,"height":456,"url":"https:\/\/www.24gliwice.pl\/wiadomosci\/wp-content\/uploads\/2018\/07\/kolej-metropolitalna-e1533029813982.jpg","type":"image\/jpeg"}],"author":"\u017baneta Mrozek-Siewierska","twitter_card":"summary_large_image","twitter_creator":"@24gliwice","twitter_site":"@24gliwice","twitter_misc":{"Napisane przez":"\u017baneta Mrozek-Siewierska","Szacowany czas czytania":"2 minuty"},"schema":{"@context":"https:\/\/schema.org","@graph":[{"@type":"Article","@id":"https:\/\/www.24gliwice.pl\/wiadomosci\/politechnika-slaska-opracuje-koncepcje-kolei-metropolitalnej-powinna-byc-znana-do-konca-roku\/#article","isPartOf":{"@id":"https:\/\/www.24gliwice.pl\/wiadomosci\/politechnika-slaska-opracuje-koncepcje-kolei-metropolitalnej-powinna-byc-znana-do-konca-roku\/"},"author":{"name":"\u017baneta Mrozek-Siewierska","@id":"https:\/\/www.24gliwice.pl\/wiadomosci\/#\/schema\/person\/e42c650edd7f2fa332be3811fb166b6e"},"headline":"Politechnika \u015al\u0105ska opracuje koncepcj\u0119 Kolei Metropolitalnej. Powinna by\u0107 znana do ko\u0144ca roku","datePublished":"2018-07-31T10:53:23+00:00","mainEntityOfPage":{"@id":"https:\/\/www.24gliwice.pl\/wiadomosci\/politechnika-slaska-opracuje-koncepcje-kolei-metropolitalnej-powinna-byc-znana-do-konca-roku\/"},"wordCount":426,"commentCount":0,"publisher":{"@id":"https:\/\/www.24gliwice.pl\/wiadomosci\/#organization"},"image":{"@id":"https:\/\/www.24gliwice.pl\/wiadomosci\/politechnika-slaska-opracuje-koncepcje-kolei-metropolitalnej-powinna-byc-znana-do-konca-roku\/#primaryimage"},"thumbnailUrl":"https:\/\/www.24gliwice.pl\/wiadomosci\/wp-content\/uploads\/2018\/07\/kolej-metropolitalna-e1533029813982.jpg","keywords":["kolej metropolitalna","KOMUNIKACJA","METROPOLIA","POLITECHNIKA \u015aL\u0104SKA","po\u0142\u0105czenie kolejowe","TRANSPORT"],"articleSection":["Gliwice","Najnowsze wiadomo\u015bci"],"inLanguage":"pl-PL","potentialAction":[{"@type":"CommentAction","name":"Comment","target":["https:\/\/www.24gliwice.pl\/wiadomosci\/politechnika-slaska-opracuje-koncepcje-kolei-metropolitalnej-powinna-byc-znana-do-konca-roku\/#respond"]}]},{"@type":"WebPage","@id":"https:\/\/www.24gliwice.pl\/wiadomosci\/politechnika-slaska-opracuje-koncepcje-kolei-metropolitalnej-powinna-byc-znana-do-konca-roku\/","url":"https:\/\/www.24gliwice.pl\/wiadomosci\/politechnika-slaska-opracuje-koncepcje-kolei-metropolitalnej-powinna-byc-znana-do-konca-roku\/","name":"Politechnika \u015al\u0105ska opracuje koncepcj\u0119 Kolei Metropolitalnej. Powinna by\u0107 znana do ko\u0144ca roku - 24GLIWICE - Portal Gliwice | codziennie nowe informacje","isPartOf":{"@id":"https:\/\/www.24gliwice.pl\/wiadomosci\/#website"},"primaryImageOfPage":{"@id":"https:\/\/www.24gliwice.pl\/wiadomosci\/politechnika-slaska-opracuje-koncepcje-kolei-metropolitalnej-powinna-byc-znana-do-konca-roku\/#primaryimage"},"image":{"@id":"https:\/\/www.24gliwice.pl\/wiadomosci\/politechnika-slaska-opracuje-koncepcje-kolei-metropolitalnej-powinna-byc-znana-do-konca-roku\/#primaryimage"},"thumbnailUrl":"https:\/\/www.24gliwice.pl\/wiadomosci\/wp-content\/uploads\/2018\/07\/kolej-metropolitalna-e1533029813982.jpg","datePublished":"2018-07-31T10:53:23+00:00","breadcrumb":{"@id":"https:\/\/www.24gliwice.pl\/wiadomosci\/politechnika-slaska-opracuje-koncepcje-kolei-metropolitalnej-powinna-byc-znana-do-konca-roku\/#breadcrumb"},"inLanguage":"pl-PL","potentialAction":[{"@type":"ReadAction","target":["https:\/\/www.24gliwice.pl\/wiadomosci\/politechnika-slaska-opracuje-koncepcje-kolei-metropolitalnej-powinna-byc-znana-do-konca-roku\/"]}]},{"@type":"ImageObject","inLanguage":"pl-PL","@id":"https:\/\/www.24gliwice.pl\/wiadomosci\/politechnika-slaska-opracuje-koncepcje-kolei-metropolitalnej-powinna-byc-znana-do-konca-roku\/#primaryimage","url":"https:\/\/www.24gliwice.pl\/wiadomosci\/wp-content\/uploads\/2018\/07\/kolej-metropolitalna-e1533029813982.jpg","contentUrl":"https:\/\/www.24gliwice.pl\/wiadomosci\/wp-content\/uploads\/2018\/07\/kolej-metropolitalna-e1533029813982.jpg","width":810,"height":456},{"@type":"BreadcrumbList","@id":"https:\/\/www.24gliwice.pl\/wiadomosci\/politechnika-slaska-opracuje-koncepcje-kolei-metropolitalnej-powinna-byc-znana-do-konca-roku\/#breadcrumb","itemListElement":[{"@type":"ListItem","position":1,"name":"Strona g\u0142\u00f3wna","item":"https:\/\/www.24gliwice.pl\/wiadomosci\/"},{"@type":"ListItem","position":2,"name":"Politechnika \u015al\u0105ska opracuje koncepcj\u0119 Kolei Metropolitalnej. Powinna by\u0107 znana do ko\u0144ca roku"}]},{"@type":"WebSite","@id":"https:\/\/www.24gliwice.pl\/wiadomosci\/#website","url":"https:\/\/www.24gliwice.pl\/wiadomosci\/","name":"24GLIWICE - Portal Gliwice | codziennie nowe wiadomo\u015bci","description":"Portal Miejski Gliwice","publisher":{"@id":"https:\/\/www.24gliwice.pl\/wiadomosci\/#organization"},"potentialAction":[{"@type":"SearchAction","target":{"@type":"EntryPoint","urlTemplate":"https:\/\/www.24gliwice.pl\/wiadomosci\/?s={search_term_string}"},"query-input":{"@type":"PropertyValueSpecification","valueRequired":true,"valueName":"search_term_string"}}],"inLanguage":"pl-PL"},{"@type":"Organization","@id":"https:\/\/www.24gliwice.pl\/wiadomosci\/#organization","name":"24gliwice","url":"https:\/\/www.24gliwice.pl\/wiadomosci\/","logo":{"@type":"ImageObject","inLanguage":"pl-PL","@id":"https:\/\/www.24gliwice.pl\/wiadomosci\/#\/schema\/logo\/image\/","url":"https:\/\/www.24gliwice.pl\/wiadomosci\/wp-content\/uploads\/2024\/10\/24gliwice-logo-696.jpg","contentUrl":"https:\/\/www.24gliwice.pl\/wiadomosci\/wp-content\/uploads\/2024\/10\/24gliwice-logo-696.jpg","width":696,"height":696,"caption":"24gliwice"},"image":{"@id":"https:\/\/www.24gliwice.pl\/wiadomosci\/#\/schema\/logo\/image\/"},"sameAs":["https:\/\/www.facebook.com\/24gliwice","https:\/\/x.com\/24gliwice","https:\/\/www.youtube.com\/@24gliwice"]},{"@type":"Person","@id":"https:\/\/www.24gliwice.pl\/wiadomosci\/#\/schema\/person\/e42c650edd7f2fa332be3811fb166b6e","name":"\u017baneta Mrozek-Siewierska","image":{"@type":"ImageObject","inLanguage":"pl-PL","@id":"https:\/\/secure.gravatar.com\/avatar\/1881429e9c64597c77ad7aef2d0a19be69a3253e57534d16aa15bf3a4d34a0a3?s=96&d=mm&r=g","url":"https:\/\/secure.gravatar.com\/avatar\/1881429e9c64597c77ad7aef2d0a19be69a3253e57534d16aa15bf3a4d34a0a3?s=96&d=mm&r=g","contentUrl":"https:\/\/secure.gravatar.com\/avatar\/1881429e9c64597c77ad7aef2d0a19be69a3253e57534d16aa15bf3a4d34a0a3?s=96&d=mm&r=g","caption":"\u017baneta Mrozek-Siewierska"},"url":"https:\/\/www.24gliwice.pl\/wiadomosci\/author\/zms\/"}]}},"_links":{"self":[{"href":"https:\/\/www.24gliwice.pl\/wiadomosci\/wp-json\/wp\/v2\/posts\/120823","targetHints":{"allow":["GET"]}}],"collection":[{"href":"https:\/\/www.24gliwice.pl\/wiadomosci\/wp-json\/wp\/v2\/posts"}],"about":[{"href":"https:\/\/www.24gliwice.pl\/wiadomosci\/wp-json\/wp\/v2\/types\/post"}],"author":[{"embeddable":true,"href":"https:\/\/www.24gliwice.pl\/wiadomosci\/wp-json\/wp\/v2\/users\/15"}],"replies":[{"embeddable":true,"href":"https:\/\/www.24gliwice.pl\/wiadomosci\/wp-json\/wp\/v2\/comments?post=120823"}],"version-history":[{"count":0,"href":"https:\/\/www.24gliwice.pl\/wiadomosci\/wp-json\/wp\/v2\/posts\/120823\/revisions"}],"wp:featuredmedia":[{"embeddable":true,"href":"https:\/\/www.24gliwice.pl\/wiadomosci\/wp-json\/wp\/v2\/media\/120826"}],"wp:attachment":[{"href":"https:\/\/www.24gliwice.pl\/wiadomosci\/wp-json\/wp\/v2\/media?parent=120823"}],"wp:term":[{"taxonomy":"category","embeddable":true,"href":"https:\/\/www.24gliwice.pl\/wiadomosci\/wp-json\/wp\/v2\/categories?post=120823"},{"taxonomy":"post_tag","embeddable":true,"href":"https:\/\/www.24gliwice.pl\/wiadomosci\/wp-json\/wp\/v2\/tags?post=120823"}],"curies":[{"name":"wp","href":"https:\/\/api.w.org\/{rel}","templated":true}]}}