{"id":120894,"date":"2018-08-02T12:17:37","date_gmt":"2018-08-02T10:17:37","guid":{"rendered":"https:\/\/www.24gliwice.pl\/wiadomosci\/?p=120894"},"modified":"2018-08-02T13:05:47","modified_gmt":"2018-08-02T11:05:47","slug":"palmiarnia-po-czesciowym-liftingu-panele-na-jednym-z-pawilonow-znowu-sa-w-pelni-przezroczyste","status":"publish","type":"post","link":"https:\/\/www.24gliwice.pl\/wiadomosci\/palmiarnia-po-czesciowym-liftingu-panele-na-jednym-z-pawilonow-znowu-sa-w-pelni-przezroczyste\/","title":{"rendered":"Palmiarnia po cz\u0119\u015bciowym &#8220;liftingu&#8221;. Panele na jednym z pawilon\u00f3w znowu s\u0105 w pe\u0142ni prze\u017aroczyste"},"content":{"rendered":"<div class=\"gliwi-a6-nad-leadem-artykulow gliwi-entity-placement\" id=\"gliwi-853067296\"><div class=\"gliwi-adlabel\"><span style=\"font-size: 9px\">REKLAMA<\/span><\/div><div id=\"gliwi-3243257120\" style=\"margin-bottom: 25px;margin-left: auto;margin-right: auto;text-align: center;\"><a data-no-instant=\"1\" href=\"https:\/\/dom100.eu\/\" rel=\"noopener\" class=\"a2t-link\" target=\"_blank\" aria-label=\"20260415 DOM100 D\"><img loading=\"lazy\" decoding=\"async\" src=\"https:\/\/www.24gliwice.pl\/wiadomosci\/wp-content\/uploads\/2026\/04\/20260415-DOM100-D.jpg\" alt=\"\"  srcset=\"https:\/\/www.24gliwice.pl\/wiadomosci\/wp-content\/uploads\/2026\/04\/20260415-DOM100-D.jpg 750w, https:\/\/www.24gliwice.pl\/wiadomosci\/wp-content\/uploads\/2026\/04\/20260415-DOM100-D-410x109.jpg 410w\" sizes=\"(max-width: 750px) 100vw, 750px\" class=\"no-lazyload\" width=\"750\" height=\"200\"  style=\"display: inline-block; max-width: 100%; height: auto;\" \/><\/a><\/div><\/div><h3>W Palmiarni zako\u0144czy\u0142a si\u0119 przerwa technologiczna. W ci\u0105gu miesi\u0105ca przeprowadzono tam szereg wa\u017cnych prac. Obiekt zosta\u0142 otwarty dla odwiedzaj\u0105cych w \u015brod\u0119.<\/h3>\n<p>Pawilon ro\u015blin u\u017cytkowych od strony Parku Chopina zyska\u0142 now\u0105 elewacj\u0119, a szklane panele z \u201eVitrolitu\u201d zosta\u0142y tu zast\u0105pione \u015bcianami z poliw\u0119glanu komorowego. Zmodernizowano te\u017c 4 \u0142\u0105czniki pawilonu i zamontowano nowe okna, a tak\u017ce aluminiowe drzwi i elementy infrastruktury technicznej.<\/p>\n<div id=\"attachment_120972\" style=\"width: 818px\" class=\"wp-caption aligncenter\"><img loading=\"lazy\" decoding=\"async\" aria-describedby=\"caption-attachment-120972\" src=\"https:\/\/www.24gliwice.pl\/wiadomosci\/wp-content\/uploads\/2018\/08\/palmiarnia-4-808x455.jpg\" alt=\"\" width=\"808\" height=\"455\" class=\"size-large wp-image-120972\" srcset=\"https:\/\/www.24gliwice.pl\/wiadomosci\/wp-content\/uploads\/2018\/08\/palmiarnia-4-808x455.jpg 808w, https:\/\/www.24gliwice.pl\/wiadomosci\/wp-content\/uploads\/2018\/08\/palmiarnia-4-410x232.jpg 410w, https:\/\/www.24gliwice.pl\/wiadomosci\/wp-content\/uploads\/2018\/08\/palmiarnia-4-768x432.jpg 768w, https:\/\/www.24gliwice.pl\/wiadomosci\/wp-content\/uploads\/2018\/08\/palmiarnia-4.jpg 810w\" sizes=\"auto, (max-width: 808px) 100vw, 808px\" \/><p id=\"caption-attachment-120972\" class=\"wp-caption-text\">Zmodernizowany fragment elewacji<\/p><\/div>\n[perfectpullquote align=&#8221;full&#8221; bordertop=&#8221;false&#8221; cite=&#8221;&#8221; link=&#8221;&#8221; color=&#8221;&#8221; class=&#8221;&#8221; size=&#8221;&#8221;]Prace trwa\u0142y miesi\u0105c i zosta\u0142y przeprowadzone przez firm\u0119 PPUH DOM-GAZ Krzysztof Piaszczyk z Cz\u0119stochowy. Inwestycja kosztowa\u0142a ponad 996 tys. z\u0142.[\/perfectpullquote]\n<p>Wykonano te\u017c prace ogrodnicze obejmuj\u0105ce m.in. przycinki najwi\u0119kszych ro\u015blin wykonywane metod\u0105 alpinistyczn\u0105.<\/p><div class=\"gliwi-a3-w-tresci-artykulow gliwi-entity-placement\" id=\"gliwi-1217375656\"><div class=\"gliwi-adlabel\"><span style=\"font-size: 9px\">REKLAMA<\/span><\/div><div id=\"gliwi-2914540037\" style=\"margin-bottom: 30px;margin-left: auto;margin-right: auto;text-align: center;\"><a data-no-instant=\"1\" href=\"https:\/\/ogrodyandersa.pl\/\" rel=\"noopener\" class=\"a2t-link\" target=\"_blank\" aria-label=\"20260415 Ogrody Andersa KUP TERAZ D\"><img loading=\"lazy\" decoding=\"async\" src=\"https:\/\/www.24gliwice.pl\/wiadomosci\/wp-content\/uploads\/2026\/04\/20260415-Ogrody-Andersa-KUP-TERAZ-D.jpg\" alt=\"\"  srcset=\"https:\/\/www.24gliwice.pl\/wiadomosci\/wp-content\/uploads\/2026\/04\/20260415-Ogrody-Andersa-KUP-TERAZ-D.jpg 750w, https:\/\/www.24gliwice.pl\/wiadomosci\/wp-content\/uploads\/2026\/04\/20260415-Ogrody-Andersa-KUP-TERAZ-D-410x109.jpg 410w\" sizes=\"(max-width: 750px) 100vw, 750px\" class=\"no-lazyload\" width=\"750\" height=\"200\"  style=\"display: inline-block; max-width: 100%; height: auto;\" \/><\/a><\/div><\/div>\n<blockquote><p>\u2013 By\u0142 to du\u017cy i wa\u017cny remont. Cieszymy si\u0119, \u017ce przebieg\u0142 pomy\u015blnie, a Palmiarnia zn\u00f3w jest dost\u0119pna dla gliwiczan i licznych go\u015bci spoza miasta <\/p><\/blockquote>\n<p>\u2013 m\u00f3wi<strong> Marek Bytnar<\/strong>, kierownik Palmiarni Miejskiej w Gliwicach.<\/p>\n<p>Na razie zmodernizowano elewacj\u0119 tylko  na jednym z pawilon\u00f3w od strony parku.<\/p>\n<div id=\"attachment_120971\" style=\"width: 818px\" class=\"wp-caption aligncenter\"><img loading=\"lazy\" decoding=\"async\" aria-describedby=\"caption-attachment-120971\" src=\"https:\/\/www.24gliwice.pl\/wiadomosci\/wp-content\/uploads\/2018\/08\/palmiarnia-3-808x455.jpg\" alt=\"\" width=\"808\" height=\"455\" class=\"size-large wp-image-120971\" srcset=\"https:\/\/www.24gliwice.pl\/wiadomosci\/wp-content\/uploads\/2018\/08\/palmiarnia-3-808x455.jpg 808w, https:\/\/www.24gliwice.pl\/wiadomosci\/wp-content\/uploads\/2018\/08\/palmiarnia-3-410x232.jpg 410w, https:\/\/www.24gliwice.pl\/wiadomosci\/wp-content\/uploads\/2018\/08\/palmiarnia-3-768x432.jpg 768w, https:\/\/www.24gliwice.pl\/wiadomosci\/wp-content\/uploads\/2018\/08\/palmiarnia-3.jpg 810w\" sizes=\"auto, (max-width: 808px) 100vw, 808px\" \/><p id=\"caption-attachment-120971\" class=\"wp-caption-text\">Elewacja od strony DT\u015a na razie nie by\u0142a modernizowana<\/p><\/div>\n<p>Gliwicka Palmiarnia powsta\u0142a w XIX wieku i jest trzecim co do wielko\u015bci tego rodzaju obiektem w Polsce. Ka\u017cdego roku t\u0119 oaz\u0119 zieleni odwiedza kilkadziesi\u0105t tysi\u0119cy os\u00f3b. Nic dziwnego \u2013 zgromadzono tam ponad 6 tys. okaz\u00f3w flory i fauny z ca\u0142ego \u015bwiata, m.in. ro\u015bliny cytrusowe i przyprawowe (pieprz, cynamon, kardamon) oraz palmy i kaktusy pochodz\u0105ce z Australii, Afryki i obu Ameryk. Mo\u017cna te\u017c podziwia\u0107 egzotyczne ryby m.in. z Azji, Afryki czy dorzecza Amazonki.<\/p>\n<p>Palmiarnia jest dost\u0119pna dla odwiedzaj\u0105cych od wtorku do pi\u0105tku w godz. od 9.00 do 18.00, a w soboty i niedziele w godz. od 10.00 do 18.00. Bilet normalny w cenie 10 z\u0142 lub ulgowy w cenie 6 z\u0142 mo\u017cna naby\u0107 w kasie. <\/p>\n<p>(\u017cms)\/UM(mf)<br \/>\nfot. 24gliwice<\/p>\n<div class=\"gliwi-a5-na-koncu-artykulow gliwi-entity-placement\" id=\"gliwi-450122340\"><div class=\"gliwi-adlabel\"><span style=\"font-size: 9px\">REKLAMA<\/span><\/div><div id=\"gliwi-3074551844\" style=\"margin-left: auto;margin-right: auto;text-align: center;\"><a data-no-instant=\"1\" href=\"https:\/\/prezeroarenagliwice.pl\/\" rel=\"noopener\" class=\"a2t-link\" target=\"_blank\" aria-label=\"20260309-PREZERO-WIOSNA-D\"><img loading=\"lazy\" decoding=\"async\" src=\"https:\/\/www.24gliwice.pl\/wiadomosci\/wp-content\/uploads\/2026\/03\/20260309-PREZERO-WIOSNA-D.webp\" alt=\"\"  srcset=\"https:\/\/www.24gliwice.pl\/wiadomosci\/wp-content\/uploads\/2026\/03\/20260309-PREZERO-WIOSNA-D.webp 750w, https:\/\/www.24gliwice.pl\/wiadomosci\/wp-content\/uploads\/2026\/03\/20260309-PREZERO-WIOSNA-D-410x109.webp 410w\" sizes=\"(max-width: 750px) 100vw, 750px\" class=\"no-lazyload\" width=\"750\" height=\"200\"  style=\"display: inline-block; max-width: 100%; height: auto;\" \/><\/a><\/div><\/div>","protected":false},"excerpt":{"rendered":"<p>W Palmiarni zako\u0144czy\u0142a si\u0119 przerwa technologiczna. W ci\u0105gu miesi\u0105ca przeprowadzono tam szereg wa\u017cnych prac. Obiekt zosta\u0142 otwarty dla odwiedzaj\u0105cych w \u015brod\u0119. Pawilon ro\u015blin u\u017cytkowych od strony Parku Chopina zyska\u0142 now\u0105 elewacj\u0119, a szklane panele z \u201eVitrolitu\u201d zosta\u0142y tu zast\u0105pione \u015bcianami z poliw\u0119glanu komorowego. Zmodernizowano te\u017c 4 \u0142\u0105czniki pawilonu i zamontowano nowe okna, a tak\u017ce aluminiowe [&hellip;]<\/p>\n","protected":false},"author":15,"featured_media":120970,"comment_status":"open","ping_status":"closed","sticky":false,"template":"","format":"standard","meta":{"_monsterinsights_skip_tracking":false,"_monsterinsights_sitenote_active":false,"_monsterinsights_sitenote_note":"","_monsterinsights_sitenote_category":0,"footnotes":"","_links_to":"","_links_to_target":""},"categories":[3,1,9],"tags":[10387,10017,9881,989,12768],"class_list":["post-120894","post","type-post","status-publish","format-standard","has-post-thumbnail","hentry","category-gliwice","category-wszystko","category-aktualnosci_lokalne","tag-modernizacja","tag-palmiarnia-miejska","tag-przerwa-technologiczna","tag-remont","tag-wymiana-elewacji"],"yoast_head":"<!-- This site is optimized with the Yoast SEO plugin v27.5 - https:\/\/yoast.com\/product\/yoast-seo-wordpress\/ -->\n<title>Palmiarnia po cz\u0119\u015bciowym &quot;liftingu&quot;. Panele na jednym z pawilon\u00f3w znowu s\u0105 w pe\u0142ni prze\u017aroczyste - 24GLIWICE - Portal Gliwice | codziennie nowe informacje<\/title>\n<meta name=\"robots\" content=\"index, follow, max-snippet:-1, max-image-preview:large, max-video-preview:-1\" \/>\n<link rel=\"canonical\" href=\"https:\/\/www.24gliwice.pl\/wiadomosci\/palmiarnia-po-czesciowym-liftingu-panele-na-jednym-z-pawilonow-znowu-sa-w-pelni-przezroczyste\/\" \/>\n<meta property=\"og:locale\" content=\"pl_PL\" \/>\n<meta property=\"og:type\" content=\"article\" \/>\n<meta property=\"og:title\" content=\"Palmiarnia po cz\u0119\u015bciowym &quot;liftingu&quot;. Panele na jednym z pawilon\u00f3w znowu s\u0105 w pe\u0142ni prze\u017aroczyste - 24GLIWICE - Portal Gliwice | codziennie nowe informacje\" \/>\n<meta property=\"og:description\" content=\"W Palmiarni zako\u0144czy\u0142a si\u0119 przerwa technologiczna. W ci\u0105gu miesi\u0105ca przeprowadzono tam szereg wa\u017cnych prac. Obiekt zosta\u0142 otwarty dla odwiedzaj\u0105cych w \u015brod\u0119. Pawilon ro\u015blin u\u017cytkowych od strony Parku Chopina zyska\u0142 now\u0105 elewacj\u0119, a szklane panele z \u201eVitrolitu\u201d zosta\u0142y tu zast\u0105pione \u015bcianami z poliw\u0119glanu komorowego. Zmodernizowano te\u017c 4 \u0142\u0105czniki pawilonu i zamontowano nowe okna, a tak\u017ce aluminiowe [&hellip;]\" \/>\n<meta property=\"og:url\" content=\"https:\/\/www.24gliwice.pl\/wiadomosci\/palmiarnia-po-czesciowym-liftingu-panele-na-jednym-z-pawilonow-znowu-sa-w-pelni-przezroczyste\/\" \/>\n<meta property=\"og:site_name\" content=\"24GLIWICE - Portal Gliwice | codziennie nowe informacje\" \/>\n<meta property=\"article:publisher\" content=\"https:\/\/www.facebook.com\/24gliwice\" \/>\n<meta property=\"article:published_time\" content=\"2018-08-02T10:17:37+00:00\" \/>\n<meta property=\"article:modified_time\" content=\"2018-08-02T11:05:47+00:00\" \/>\n<meta property=\"og:image\" content=\"https:\/\/www.24gliwice.pl\/wiadomosci\/wp-content\/uploads\/2018\/08\/palmiarnia-2.jpg\" \/>\n\t<meta property=\"og:image:width\" content=\"810\" \/>\n\t<meta property=\"og:image:height\" content=\"456\" \/>\n\t<meta property=\"og:image:type\" content=\"image\/jpeg\" \/>\n<meta name=\"author\" content=\"\u017baneta Mrozek-Siewierska\" \/>\n<meta name=\"twitter:card\" content=\"summary_large_image\" \/>\n<meta name=\"twitter:creator\" content=\"@24gliwice\" \/>\n<meta name=\"twitter:site\" content=\"@24gliwice\" \/>\n<meta name=\"twitter:label1\" content=\"Napisane przez\" \/>\n\t<meta name=\"twitter:data1\" content=\"\u017baneta Mrozek-Siewierska\" \/>\n\t<meta name=\"twitter:label2\" content=\"Szacowany czas czytania\" \/>\n\t<meta name=\"twitter:data2\" content=\"2 minuty\" \/>\n<script type=\"application\/ld+json\" class=\"yoast-schema-graph\">{\"@context\":\"https:\\\/\\\/schema.org\",\"@graph\":[{\"@type\":\"Article\",\"@id\":\"https:\\\/\\\/www.24gliwice.pl\\\/wiadomosci\\\/palmiarnia-po-czesciowym-liftingu-panele-na-jednym-z-pawilonow-znowu-sa-w-pelni-przezroczyste\\\/#article\",\"isPartOf\":{\"@id\":\"https:\\\/\\\/www.24gliwice.pl\\\/wiadomosci\\\/palmiarnia-po-czesciowym-liftingu-panele-na-jednym-z-pawilonow-znowu-sa-w-pelni-przezroczyste\\\/\"},\"author\":{\"name\":\"\u017baneta Mrozek-Siewierska\",\"@id\":\"https:\\\/\\\/www.24gliwice.pl\\\/wiadomosci\\\/#\\\/schema\\\/person\\\/e42c650edd7f2fa332be3811fb166b6e\"},\"headline\":\"Palmiarnia po cz\u0119\u015bciowym &#8220;liftingu&#8221;. Panele na jednym z pawilon\u00f3w znowu s\u0105 w pe\u0142ni prze\u017aroczyste\",\"datePublished\":\"2018-08-02T10:17:37+00:00\",\"dateModified\":\"2018-08-02T11:05:47+00:00\",\"mainEntityOfPage\":{\"@id\":\"https:\\\/\\\/www.24gliwice.pl\\\/wiadomosci\\\/palmiarnia-po-czesciowym-liftingu-panele-na-jednym-z-pawilonow-znowu-sa-w-pelni-przezroczyste\\\/\"},\"wordCount\":346,\"commentCount\":0,\"publisher\":{\"@id\":\"https:\\\/\\\/www.24gliwice.pl\\\/wiadomosci\\\/#organization\"},\"image\":{\"@id\":\"https:\\\/\\\/www.24gliwice.pl\\\/wiadomosci\\\/palmiarnia-po-czesciowym-liftingu-panele-na-jednym-z-pawilonow-znowu-sa-w-pelni-przezroczyste\\\/#primaryimage\"},\"thumbnailUrl\":\"https:\\\/\\\/www.24gliwice.pl\\\/wiadomosci\\\/wp-content\\\/uploads\\\/2018\\\/08\\\/palmiarnia-2.jpg\",\"keywords\":[\"MODERNIZACJA\",\"PALMIARNIA MIEJSKA\",\"przerwa technologiczna\",\"REMONT\",\"wymiana elewacji\"],\"articleSection\":[\"Gliwice\",\"Najnowsze wiadomo\u015bci\",\"Portal Gliwice - Wiadomo\u015bci lokalne\"],\"inLanguage\":\"pl-PL\",\"potentialAction\":[{\"@type\":\"CommentAction\",\"name\":\"Comment\",\"target\":[\"https:\\\/\\\/www.24gliwice.pl\\\/wiadomosci\\\/palmiarnia-po-czesciowym-liftingu-panele-na-jednym-z-pawilonow-znowu-sa-w-pelni-przezroczyste\\\/#respond\"]}]},{\"@type\":\"WebPage\",\"@id\":\"https:\\\/\\\/www.24gliwice.pl\\\/wiadomosci\\\/palmiarnia-po-czesciowym-liftingu-panele-na-jednym-z-pawilonow-znowu-sa-w-pelni-przezroczyste\\\/\",\"url\":\"https:\\\/\\\/www.24gliwice.pl\\\/wiadomosci\\\/palmiarnia-po-czesciowym-liftingu-panele-na-jednym-z-pawilonow-znowu-sa-w-pelni-przezroczyste\\\/\",\"name\":\"Palmiarnia po cz\u0119\u015bciowym \\\"liftingu\\\". Panele na jednym z pawilon\u00f3w znowu s\u0105 w pe\u0142ni prze\u017aroczyste - 24GLIWICE - Portal Gliwice | codziennie nowe informacje\",\"isPartOf\":{\"@id\":\"https:\\\/\\\/www.24gliwice.pl\\\/wiadomosci\\\/#website\"},\"primaryImageOfPage\":{\"@id\":\"https:\\\/\\\/www.24gliwice.pl\\\/wiadomosci\\\/palmiarnia-po-czesciowym-liftingu-panele-na-jednym-z-pawilonow-znowu-sa-w-pelni-przezroczyste\\\/#primaryimage\"},\"image\":{\"@id\":\"https:\\\/\\\/www.24gliwice.pl\\\/wiadomosci\\\/palmiarnia-po-czesciowym-liftingu-panele-na-jednym-z-pawilonow-znowu-sa-w-pelni-przezroczyste\\\/#primaryimage\"},\"thumbnailUrl\":\"https:\\\/\\\/www.24gliwice.pl\\\/wiadomosci\\\/wp-content\\\/uploads\\\/2018\\\/08\\\/palmiarnia-2.jpg\",\"datePublished\":\"2018-08-02T10:17:37+00:00\",\"dateModified\":\"2018-08-02T11:05:47+00:00\",\"breadcrumb\":{\"@id\":\"https:\\\/\\\/www.24gliwice.pl\\\/wiadomosci\\\/palmiarnia-po-czesciowym-liftingu-panele-na-jednym-z-pawilonow-znowu-sa-w-pelni-przezroczyste\\\/#breadcrumb\"},\"inLanguage\":\"pl-PL\",\"potentialAction\":[{\"@type\":\"ReadAction\",\"target\":[\"https:\\\/\\\/www.24gliwice.pl\\\/wiadomosci\\\/palmiarnia-po-czesciowym-liftingu-panele-na-jednym-z-pawilonow-znowu-sa-w-pelni-przezroczyste\\\/\"]}]},{\"@type\":\"ImageObject\",\"inLanguage\":\"pl-PL\",\"@id\":\"https:\\\/\\\/www.24gliwice.pl\\\/wiadomosci\\\/palmiarnia-po-czesciowym-liftingu-panele-na-jednym-z-pawilonow-znowu-sa-w-pelni-przezroczyste\\\/#primaryimage\",\"url\":\"https:\\\/\\\/www.24gliwice.pl\\\/wiadomosci\\\/wp-content\\\/uploads\\\/2018\\\/08\\\/palmiarnia-2.jpg\",\"contentUrl\":\"https:\\\/\\\/www.24gliwice.pl\\\/wiadomosci\\\/wp-content\\\/uploads\\\/2018\\\/08\\\/palmiarnia-2.jpg\",\"width\":810,\"height\":456},{\"@type\":\"BreadcrumbList\",\"@id\":\"https:\\\/\\\/www.24gliwice.pl\\\/wiadomosci\\\/palmiarnia-po-czesciowym-liftingu-panele-na-jednym-z-pawilonow-znowu-sa-w-pelni-przezroczyste\\\/#breadcrumb\",\"itemListElement\":[{\"@type\":\"ListItem\",\"position\":1,\"name\":\"Strona g\u0142\u00f3wna\",\"item\":\"https:\\\/\\\/www.24gliwice.pl\\\/wiadomosci\\\/\"},{\"@type\":\"ListItem\",\"position\":2,\"name\":\"Palmiarnia po cz\u0119\u015bciowym &#8222;liftingu&#8221;. Panele na jednym z pawilon\u00f3w znowu s\u0105 w pe\u0142ni prze\u017aroczyste\"}]},{\"@type\":\"WebSite\",\"@id\":\"https:\\\/\\\/www.24gliwice.pl\\\/wiadomosci\\\/#website\",\"url\":\"https:\\\/\\\/www.24gliwice.pl\\\/wiadomosci\\\/\",\"name\":\"24GLIWICE - Portal Gliwice | codziennie nowe wiadomo\u015bci\",\"description\":\"Portal Miejski Gliwice\",\"publisher\":{\"@id\":\"https:\\\/\\\/www.24gliwice.pl\\\/wiadomosci\\\/#organization\"},\"potentialAction\":[{\"@type\":\"SearchAction\",\"target\":{\"@type\":\"EntryPoint\",\"urlTemplate\":\"https:\\\/\\\/www.24gliwice.pl\\\/wiadomosci\\\/?s={search_term_string}\"},\"query-input\":{\"@type\":\"PropertyValueSpecification\",\"valueRequired\":true,\"valueName\":\"search_term_string\"}}],\"inLanguage\":\"pl-PL\"},{\"@type\":\"Organization\",\"@id\":\"https:\\\/\\\/www.24gliwice.pl\\\/wiadomosci\\\/#organization\",\"name\":\"24gliwice\",\"url\":\"https:\\\/\\\/www.24gliwice.pl\\\/wiadomosci\\\/\",\"logo\":{\"@type\":\"ImageObject\",\"inLanguage\":\"pl-PL\",\"@id\":\"https:\\\/\\\/www.24gliwice.pl\\\/wiadomosci\\\/#\\\/schema\\\/logo\\\/image\\\/\",\"url\":\"https:\\\/\\\/www.24gliwice.pl\\\/wiadomosci\\\/wp-content\\\/uploads\\\/2024\\\/10\\\/24gliwice-logo-696.jpg\",\"contentUrl\":\"https:\\\/\\\/www.24gliwice.pl\\\/wiadomosci\\\/wp-content\\\/uploads\\\/2024\\\/10\\\/24gliwice-logo-696.jpg\",\"width\":696,\"height\":696,\"caption\":\"24gliwice\"},\"image\":{\"@id\":\"https:\\\/\\\/www.24gliwice.pl\\\/wiadomosci\\\/#\\\/schema\\\/logo\\\/image\\\/\"},\"sameAs\":[\"https:\\\/\\\/www.facebook.com\\\/24gliwice\",\"https:\\\/\\\/x.com\\\/24gliwice\",\"https:\\\/\\\/www.youtube.com\\\/@24gliwice\"]},{\"@type\":\"Person\",\"@id\":\"https:\\\/\\\/www.24gliwice.pl\\\/wiadomosci\\\/#\\\/schema\\\/person\\\/e42c650edd7f2fa332be3811fb166b6e\",\"name\":\"\u017baneta Mrozek-Siewierska\",\"image\":{\"@type\":\"ImageObject\",\"inLanguage\":\"pl-PL\",\"@id\":\"https:\\\/\\\/secure.gravatar.com\\\/avatar\\\/1881429e9c64597c77ad7aef2d0a19be69a3253e57534d16aa15bf3a4d34a0a3?s=96&d=mm&r=g\",\"url\":\"https:\\\/\\\/secure.gravatar.com\\\/avatar\\\/1881429e9c64597c77ad7aef2d0a19be69a3253e57534d16aa15bf3a4d34a0a3?s=96&d=mm&r=g\",\"contentUrl\":\"https:\\\/\\\/secure.gravatar.com\\\/avatar\\\/1881429e9c64597c77ad7aef2d0a19be69a3253e57534d16aa15bf3a4d34a0a3?s=96&d=mm&r=g\",\"caption\":\"\u017baneta Mrozek-Siewierska\"},\"url\":\"https:\\\/\\\/www.24gliwice.pl\\\/wiadomosci\\\/author\\\/zms\\\/\"}]}<\/script>\n<!-- \/ Yoast SEO plugin. -->","yoast_head_json":{"title":"Palmiarnia po cz\u0119\u015bciowym \"liftingu\". Panele na jednym z pawilon\u00f3w znowu s\u0105 w pe\u0142ni prze\u017aroczyste - 24GLIWICE - Portal Gliwice | codziennie nowe informacje","robots":{"index":"index","follow":"follow","max-snippet":"max-snippet:-1","max-image-preview":"max-image-preview:large","max-video-preview":"max-video-preview:-1"},"canonical":"https:\/\/www.24gliwice.pl\/wiadomosci\/palmiarnia-po-czesciowym-liftingu-panele-na-jednym-z-pawilonow-znowu-sa-w-pelni-przezroczyste\/","og_locale":"pl_PL","og_type":"article","og_title":"Palmiarnia po cz\u0119\u015bciowym \"liftingu\". Panele na jednym z pawilon\u00f3w znowu s\u0105 w pe\u0142ni prze\u017aroczyste - 24GLIWICE - Portal Gliwice | codziennie nowe informacje","og_description":"W Palmiarni zako\u0144czy\u0142a si\u0119 przerwa technologiczna. W ci\u0105gu miesi\u0105ca przeprowadzono tam szereg wa\u017cnych prac. Obiekt zosta\u0142 otwarty dla odwiedzaj\u0105cych w \u015brod\u0119. Pawilon ro\u015blin u\u017cytkowych od strony Parku Chopina zyska\u0142 now\u0105 elewacj\u0119, a szklane panele z \u201eVitrolitu\u201d zosta\u0142y tu zast\u0105pione \u015bcianami z poliw\u0119glanu komorowego. Zmodernizowano te\u017c 4 \u0142\u0105czniki pawilonu i zamontowano nowe okna, a tak\u017ce aluminiowe [&hellip;]","og_url":"https:\/\/www.24gliwice.pl\/wiadomosci\/palmiarnia-po-czesciowym-liftingu-panele-na-jednym-z-pawilonow-znowu-sa-w-pelni-przezroczyste\/","og_site_name":"24GLIWICE - Portal Gliwice | codziennie nowe informacje","article_publisher":"https:\/\/www.facebook.com\/24gliwice","article_published_time":"2018-08-02T10:17:37+00:00","article_modified_time":"2018-08-02T11:05:47+00:00","og_image":[{"width":810,"height":456,"url":"https:\/\/www.24gliwice.pl\/wiadomosci\/wp-content\/uploads\/2018\/08\/palmiarnia-2.jpg","type":"image\/jpeg"}],"author":"\u017baneta Mrozek-Siewierska","twitter_card":"summary_large_image","twitter_creator":"@24gliwice","twitter_site":"@24gliwice","twitter_misc":{"Napisane przez":"\u017baneta Mrozek-Siewierska","Szacowany czas czytania":"2 minuty"},"schema":{"@context":"https:\/\/schema.org","@graph":[{"@type":"Article","@id":"https:\/\/www.24gliwice.pl\/wiadomosci\/palmiarnia-po-czesciowym-liftingu-panele-na-jednym-z-pawilonow-znowu-sa-w-pelni-przezroczyste\/#article","isPartOf":{"@id":"https:\/\/www.24gliwice.pl\/wiadomosci\/palmiarnia-po-czesciowym-liftingu-panele-na-jednym-z-pawilonow-znowu-sa-w-pelni-przezroczyste\/"},"author":{"name":"\u017baneta Mrozek-Siewierska","@id":"https:\/\/www.24gliwice.pl\/wiadomosci\/#\/schema\/person\/e42c650edd7f2fa332be3811fb166b6e"},"headline":"Palmiarnia po cz\u0119\u015bciowym &#8220;liftingu&#8221;. Panele na jednym z pawilon\u00f3w znowu s\u0105 w pe\u0142ni prze\u017aroczyste","datePublished":"2018-08-02T10:17:37+00:00","dateModified":"2018-08-02T11:05:47+00:00","mainEntityOfPage":{"@id":"https:\/\/www.24gliwice.pl\/wiadomosci\/palmiarnia-po-czesciowym-liftingu-panele-na-jednym-z-pawilonow-znowu-sa-w-pelni-przezroczyste\/"},"wordCount":346,"commentCount":0,"publisher":{"@id":"https:\/\/www.24gliwice.pl\/wiadomosci\/#organization"},"image":{"@id":"https:\/\/www.24gliwice.pl\/wiadomosci\/palmiarnia-po-czesciowym-liftingu-panele-na-jednym-z-pawilonow-znowu-sa-w-pelni-przezroczyste\/#primaryimage"},"thumbnailUrl":"https:\/\/www.24gliwice.pl\/wiadomosci\/wp-content\/uploads\/2018\/08\/palmiarnia-2.jpg","keywords":["MODERNIZACJA","PALMIARNIA MIEJSKA","przerwa technologiczna","REMONT","wymiana elewacji"],"articleSection":["Gliwice","Najnowsze wiadomo\u015bci","Portal Gliwice - Wiadomo\u015bci lokalne"],"inLanguage":"pl-PL","potentialAction":[{"@type":"CommentAction","name":"Comment","target":["https:\/\/www.24gliwice.pl\/wiadomosci\/palmiarnia-po-czesciowym-liftingu-panele-na-jednym-z-pawilonow-znowu-sa-w-pelni-przezroczyste\/#respond"]}]},{"@type":"WebPage","@id":"https:\/\/www.24gliwice.pl\/wiadomosci\/palmiarnia-po-czesciowym-liftingu-panele-na-jednym-z-pawilonow-znowu-sa-w-pelni-przezroczyste\/","url":"https:\/\/www.24gliwice.pl\/wiadomosci\/palmiarnia-po-czesciowym-liftingu-panele-na-jednym-z-pawilonow-znowu-sa-w-pelni-przezroczyste\/","name":"Palmiarnia po cz\u0119\u015bciowym \"liftingu\". Panele na jednym z pawilon\u00f3w znowu s\u0105 w pe\u0142ni prze\u017aroczyste - 24GLIWICE - Portal Gliwice | codziennie nowe informacje","isPartOf":{"@id":"https:\/\/www.24gliwice.pl\/wiadomosci\/#website"},"primaryImageOfPage":{"@id":"https:\/\/www.24gliwice.pl\/wiadomosci\/palmiarnia-po-czesciowym-liftingu-panele-na-jednym-z-pawilonow-znowu-sa-w-pelni-przezroczyste\/#primaryimage"},"image":{"@id":"https:\/\/www.24gliwice.pl\/wiadomosci\/palmiarnia-po-czesciowym-liftingu-panele-na-jednym-z-pawilonow-znowu-sa-w-pelni-przezroczyste\/#primaryimage"},"thumbnailUrl":"https:\/\/www.24gliwice.pl\/wiadomosci\/wp-content\/uploads\/2018\/08\/palmiarnia-2.jpg","datePublished":"2018-08-02T10:17:37+00:00","dateModified":"2018-08-02T11:05:47+00:00","breadcrumb":{"@id":"https:\/\/www.24gliwice.pl\/wiadomosci\/palmiarnia-po-czesciowym-liftingu-panele-na-jednym-z-pawilonow-znowu-sa-w-pelni-przezroczyste\/#breadcrumb"},"inLanguage":"pl-PL","potentialAction":[{"@type":"ReadAction","target":["https:\/\/www.24gliwice.pl\/wiadomosci\/palmiarnia-po-czesciowym-liftingu-panele-na-jednym-z-pawilonow-znowu-sa-w-pelni-przezroczyste\/"]}]},{"@type":"ImageObject","inLanguage":"pl-PL","@id":"https:\/\/www.24gliwice.pl\/wiadomosci\/palmiarnia-po-czesciowym-liftingu-panele-na-jednym-z-pawilonow-znowu-sa-w-pelni-przezroczyste\/#primaryimage","url":"https:\/\/www.24gliwice.pl\/wiadomosci\/wp-content\/uploads\/2018\/08\/palmiarnia-2.jpg","contentUrl":"https:\/\/www.24gliwice.pl\/wiadomosci\/wp-content\/uploads\/2018\/08\/palmiarnia-2.jpg","width":810,"height":456},{"@type":"BreadcrumbList","@id":"https:\/\/www.24gliwice.pl\/wiadomosci\/palmiarnia-po-czesciowym-liftingu-panele-na-jednym-z-pawilonow-znowu-sa-w-pelni-przezroczyste\/#breadcrumb","itemListElement":[{"@type":"ListItem","position":1,"name":"Strona g\u0142\u00f3wna","item":"https:\/\/www.24gliwice.pl\/wiadomosci\/"},{"@type":"ListItem","position":2,"name":"Palmiarnia po cz\u0119\u015bciowym &#8222;liftingu&#8221;. Panele na jednym z pawilon\u00f3w znowu s\u0105 w pe\u0142ni prze\u017aroczyste"}]},{"@type":"WebSite","@id":"https:\/\/www.24gliwice.pl\/wiadomosci\/#website","url":"https:\/\/www.24gliwice.pl\/wiadomosci\/","name":"24GLIWICE - Portal Gliwice | codziennie nowe wiadomo\u015bci","description":"Portal Miejski Gliwice","publisher":{"@id":"https:\/\/www.24gliwice.pl\/wiadomosci\/#organization"},"potentialAction":[{"@type":"SearchAction","target":{"@type":"EntryPoint","urlTemplate":"https:\/\/www.24gliwice.pl\/wiadomosci\/?s={search_term_string}"},"query-input":{"@type":"PropertyValueSpecification","valueRequired":true,"valueName":"search_term_string"}}],"inLanguage":"pl-PL"},{"@type":"Organization","@id":"https:\/\/www.24gliwice.pl\/wiadomosci\/#organization","name":"24gliwice","url":"https:\/\/www.24gliwice.pl\/wiadomosci\/","logo":{"@type":"ImageObject","inLanguage":"pl-PL","@id":"https:\/\/www.24gliwice.pl\/wiadomosci\/#\/schema\/logo\/image\/","url":"https:\/\/www.24gliwice.pl\/wiadomosci\/wp-content\/uploads\/2024\/10\/24gliwice-logo-696.jpg","contentUrl":"https:\/\/www.24gliwice.pl\/wiadomosci\/wp-content\/uploads\/2024\/10\/24gliwice-logo-696.jpg","width":696,"height":696,"caption":"24gliwice"},"image":{"@id":"https:\/\/www.24gliwice.pl\/wiadomosci\/#\/schema\/logo\/image\/"},"sameAs":["https:\/\/www.facebook.com\/24gliwice","https:\/\/x.com\/24gliwice","https:\/\/www.youtube.com\/@24gliwice"]},{"@type":"Person","@id":"https:\/\/www.24gliwice.pl\/wiadomosci\/#\/schema\/person\/e42c650edd7f2fa332be3811fb166b6e","name":"\u017baneta Mrozek-Siewierska","image":{"@type":"ImageObject","inLanguage":"pl-PL","@id":"https:\/\/secure.gravatar.com\/avatar\/1881429e9c64597c77ad7aef2d0a19be69a3253e57534d16aa15bf3a4d34a0a3?s=96&d=mm&r=g","url":"https:\/\/secure.gravatar.com\/avatar\/1881429e9c64597c77ad7aef2d0a19be69a3253e57534d16aa15bf3a4d34a0a3?s=96&d=mm&r=g","contentUrl":"https:\/\/secure.gravatar.com\/avatar\/1881429e9c64597c77ad7aef2d0a19be69a3253e57534d16aa15bf3a4d34a0a3?s=96&d=mm&r=g","caption":"\u017baneta Mrozek-Siewierska"},"url":"https:\/\/www.24gliwice.pl\/wiadomosci\/author\/zms\/"}]}},"_links":{"self":[{"href":"https:\/\/www.24gliwice.pl\/wiadomosci\/wp-json\/wp\/v2\/posts\/120894","targetHints":{"allow":["GET"]}}],"collection":[{"href":"https:\/\/www.24gliwice.pl\/wiadomosci\/wp-json\/wp\/v2\/posts"}],"about":[{"href":"https:\/\/www.24gliwice.pl\/wiadomosci\/wp-json\/wp\/v2\/types\/post"}],"author":[{"embeddable":true,"href":"https:\/\/www.24gliwice.pl\/wiadomosci\/wp-json\/wp\/v2\/users\/15"}],"replies":[{"embeddable":true,"href":"https:\/\/www.24gliwice.pl\/wiadomosci\/wp-json\/wp\/v2\/comments?post=120894"}],"version-history":[{"count":0,"href":"https:\/\/www.24gliwice.pl\/wiadomosci\/wp-json\/wp\/v2\/posts\/120894\/revisions"}],"wp:featuredmedia":[{"embeddable":true,"href":"https:\/\/www.24gliwice.pl\/wiadomosci\/wp-json\/wp\/v2\/media\/120970"}],"wp:attachment":[{"href":"https:\/\/www.24gliwice.pl\/wiadomosci\/wp-json\/wp\/v2\/media?parent=120894"}],"wp:term":[{"taxonomy":"category","embeddable":true,"href":"https:\/\/www.24gliwice.pl\/wiadomosci\/wp-json\/wp\/v2\/categories?post=120894"},{"taxonomy":"post_tag","embeddable":true,"href":"https:\/\/www.24gliwice.pl\/wiadomosci\/wp-json\/wp\/v2\/tags?post=120894"}],"curies":[{"name":"wp","href":"https:\/\/api.w.org\/{rel}","templated":true}]}}