{"id":120959,"date":"2018-08-02T13:39:36","date_gmt":"2018-08-02T11:39:36","guid":{"rendered":"https:\/\/www.24gliwice.pl\/wiadomosci\/?p=120959"},"modified":"2018-08-02T13:39:36","modified_gmt":"2018-08-02T11:39:36","slug":"ruszyl-nabor-kandydatow-do-rady-seniorow-miasta-gliwice-i-kadencji-wsparcie-interesow-osob-starszych","status":"publish","type":"post","link":"https:\/\/www.24gliwice.pl\/wiadomosci\/ruszyl-nabor-kandydatow-do-rady-seniorow-miasta-gliwice-i-kadencji-wsparcie-interesow-osob-starszych\/","title":{"rendered":"Ruszy\u0142 nab\u00f3r kandydat\u00f3w do Rady Senior\u00f3w Miasta Gliwice I kadencji. Wsparcie interes\u00f3w os\u00f3b starszych"},"content":{"rendered":"<div class=\"gliwi-a6-nad-leadem-artykulow gliwi-entity-placement\" id=\"gliwi-1773325411\"><div class=\"gliwi-adlabel\"><span style=\"font-size: 9px\">REKLAMA<\/span><\/div><div id=\"gliwi-2381872206\" style=\"margin-bottom: 30px;margin-left: auto;margin-right: auto;text-align: center;\"><a data-no-instant=\"1\" href=\"https:\/\/przedszkole.halogen.org.pl\/\" rel=\"noopener\" class=\"a2t-link\" target=\"_blank\" aria-label=\"20260402-ANIMATOR-przedszkole_grafika_750x200\"><img loading=\"lazy\" decoding=\"async\" src=\"https:\/\/www.24gliwice.pl\/wiadomosci\/wp-content\/uploads\/2026\/04\/20260402-ANIMATOR-przedszkole_grafika_750x200.webp\" alt=\"\"  srcset=\"https:\/\/www.24gliwice.pl\/wiadomosci\/wp-content\/uploads\/2026\/04\/20260402-ANIMATOR-przedszkole_grafika_750x200.webp 750w, https:\/\/www.24gliwice.pl\/wiadomosci\/wp-content\/uploads\/2026\/04\/20260402-ANIMATOR-przedszkole_grafika_750x200-410x109.webp 410w\" sizes=\"(max-width: 750px) 100vw, 750px\" class=\"no-lazyload\" width=\"750\" height=\"200\"  style=\"display: inline-block; max-width: 100%; height: auto;\" \/><\/a><\/div><\/div><h3>W Gliwicach rozpocz\u0105\u0142 si\u0119 nab\u00f3r ch\u0119tnych os\u00f3b do Rady Senior\u00f3w I kadencji. B\u0119dzie to organ wspieraj\u0105cy dla os\u00f3b starszych i inicjuj\u0105cy  dzia\u0142ania na ich rzecz. Kandydatury mo\u017cna zg\u0142asza\u0107 do ko\u0144ca sierpnia.<\/h3>\n<p>Kandydatami na cz\u0142onk\u00f3w Rady Senior\u00f3w Miasta Gliwice mog\u0105 by\u0107 przedstawiciele os\u00f3b starszych oraz przedstawiciele podmiot\u00f3w dzia\u0142aj\u0105cych na rzecz os\u00f3b starszych, w szczeg\u00f3lno\u015bci przedstawiciele organizacji pozarz\u0105dowych oraz podmiot\u00f3w prowadz\u0105cych Uniwersytety Trzeciego Wieku. Podmioty te mog\u0105 zg\u0142osi\u0107 po jednym swoim przedstawicielu, bez wzgl\u0119du na jego wiek.<\/p>\n<p>Kandydatem na cz\u0142onka Rady mo\u017ce by\u0107 r\u00f3wnie\u017c ka\u017cda osoba indywidualna, kt\u00f3ra zg\u0142osi sw\u00f3j udzia\u0142 osobi\u015bcie i uzyska poparcie co najmniej 30 os\u00f3b w wieku powy\u017cej 65. roku \u017cycia, b\u0119d\u0105cych mieszka\u0144cami Gliwic.<\/p><div class=\"gliwi-a3-w-tresci-artykulow gliwi-entity-placement\" id=\"gliwi-2693279741\"><div class=\"gliwi-adlabel\"><span style=\"font-size: 9px\">REKLAMA<\/span><\/div><div id=\"gliwi-3560741273\" style=\"margin-bottom: 30px;margin-left: auto;margin-right: auto;text-align: center;\"><a data-no-instant=\"1\" href=\"https:\/\/zlobek.halogen.org.pl\/\" rel=\"noopener\" class=\"a2t-link\" target=\"_blank\" aria-label=\"animator-zlobek_750x200\"><img loading=\"lazy\" decoding=\"async\" src=\"https:\/\/www.24gliwice.pl\/wiadomosci\/wp-content\/uploads\/2026\/02\/animator-zlobek_750x200.webp\" alt=\"\"  srcset=\"https:\/\/www.24gliwice.pl\/wiadomosci\/wp-content\/uploads\/2026\/02\/animator-zlobek_750x200.webp 750w, https:\/\/www.24gliwice.pl\/wiadomosci\/wp-content\/uploads\/2026\/02\/animator-zlobek_750x200-410x109.webp 410w\" sizes=\"(max-width: 750px) 100vw, 750px\" class=\"no-lazyload\" width=\"750\" height=\"200\"  style=\"display: inline-block; max-width: 100%; height: auto;\" \/><\/a><\/div><\/div>\n<h4>JAK?<\/h4>\n<p> Formularz zg\u0142oszeniowy oraz listy poparcia mo\u017cna pobra\u0107 ze strony Gliwice.eu i www.gcop.gliwice.pl oraz w filiach Gliwickiego Centrum Organizacji Pozarz\u0105dowych (ul. Studzienna 6, ul. Zwyci\u0119stwa 1\/1, ul. Barlickiego 3, ul. Ko\u015bciuszki 35, ul. Jagiello\u0144ska 21, CSK \u0141ab\u0119d\u017a \u2013 ul. Partyzant\u00f3w 25).<\/p>\n<h4>KIEDY?<\/h4>\n<p> Pisemne zg\u0142oszenia kandydat\u00f3w nale\u017cy sk\u0142ada\u0107 do ko\u0144ca sierpnia w filiach GCOP. Wyniki naboru zostan\u0105 opublikowane w Biuletynie Informacji Publicznej Urz\u0119du Miejskiego w Gliwicach oraz na stronie internetowej Gliwickiego Centrum Organizacji Pozarz\u0105dowych (<a href=\"http:\/\/www.gcop.gliwice.pl\" rel=\"noopener\" target=\"_blank\">www.gcop.gliwice.pl<\/a>). Ostateczny sk\u0142ad Rady ustali prezydent Gliwic. W przypadku zg\u0142oszenia mniej ni\u017c 11 kandydatur, nab\u00f3r kandydat\u00f3w na cz\u0142onk\u00f3w Rady Senior\u00f3w zostanie ponowiony.<\/p>\n<h4>TO G\u0141OS SENIOR\u00d3W<\/h4>\n<p>Rady Senior\u00f3w dzia\u0142aj\u0105 m.in. w Katowicach, Bytomiu, Cz\u0119stochowie, Sosnowcu, Chorzowie czy Siemianowicach \u015al\u0105skich i funkcjonuj\u0105 w ramach ustawy o samorz\u0105dzie gminnym. Maj\u0105 za zadanie wspieranie interes\u00f3w os\u00f3b starszych w polityce samorz\u0105dowej, m.in. opiniuj\u0105 projekty uchwa\u0142, inicjuj\u0105 przedsi\u0119wzi\u0119cia zmierzaj\u0105ce do integracji spo\u0142ecznej senior\u00f3w, wzmacniaj\u0105 ich aktywno\u015b\u0107 obywatelsk\u0105 i pozycj\u0119 w spo\u0142ecze\u0144stwie.<\/p>\n<p>W gliwickiej Radzie zasi\u0105dzie \u0142\u0105cznie 15 os\u00f3b, w tym jedenastu wy\u0142onionych w naborze przedstawicieli organizacji dzia\u0142aj\u0105cych na rzecz senior\u00f3w, dw\u00f3ch cz\u0142onk\u00f3w wskazanych przez prezydenta miasta oraz dw\u00f3ch wskazanych przez przewodnicz\u0105cego Rady Miasta. Kadencja Rady potrwa dwa lata. B\u0119dzie ona obradowa\u0142a nie rzadziej ni\u017c raz na kwarta\u0142. Zasady dzia\u0142ania Rady ma okre\u015bla\u0107 statut, a tak\u017ce ustalony przez cz\u0142onk\u00f3w regulamin pracy.<\/p>\n<p>(\u017cms)\/MSI<\/p>\n<div class=\"gliwi-a5-na-koncu-artykulow gliwi-entity-placement\" id=\"gliwi-1764147738\"><div class=\"gliwi-adlabel\"><span style=\"font-size: 9px\">REKLAMA<\/span><\/div><div id=\"gliwi-3323821384\" style=\"margin-left: auto;margin-right: auto;text-align: center;\"><a data-no-instant=\"1\" href=\"https:\/\/prezeroarenagliwice.pl\/\" rel=\"noopener\" class=\"a2t-link\" target=\"_blank\" aria-label=\"20260309-PREZERO-WIOSNA-D\"><img loading=\"lazy\" decoding=\"async\" src=\"https:\/\/www.24gliwice.pl\/wiadomosci\/wp-content\/uploads\/2026\/03\/20260309-PREZERO-WIOSNA-D.webp\" alt=\"\"  srcset=\"https:\/\/www.24gliwice.pl\/wiadomosci\/wp-content\/uploads\/2026\/03\/20260309-PREZERO-WIOSNA-D.webp 750w, https:\/\/www.24gliwice.pl\/wiadomosci\/wp-content\/uploads\/2026\/03\/20260309-PREZERO-WIOSNA-D-410x109.webp 410w\" sizes=\"(max-width: 750px) 100vw, 750px\" class=\"no-lazyload\" width=\"750\" height=\"200\"  style=\"display: inline-block; max-width: 100%; height: auto;\" \/><\/a><\/div><\/div>","protected":false},"excerpt":{"rendered":"<p>W Gliwicach rozpocz\u0105\u0142 si\u0119 nab\u00f3r ch\u0119tnych os\u00f3b do Rady Senior\u00f3w I kadencji. B\u0119dzie to organ wspieraj\u0105cy dla os\u00f3b starszych i inicjuj\u0105cy dzia\u0142ania na ich rzecz. Kandydatury mo\u017cna zg\u0142asza\u0107 do ko\u0144ca sierpnia. Kandydatami na cz\u0142onk\u00f3w Rady Senior\u00f3w Miasta Gliwice mog\u0105 by\u0107 przedstawiciele os\u00f3b starszych oraz przedstawiciele podmiot\u00f3w dzia\u0142aj\u0105cych na rzecz os\u00f3b starszych, w szczeg\u00f3lno\u015bci przedstawiciele organizacji [&hellip;]<\/p>\n","protected":false},"author":15,"featured_media":110723,"comment_status":"open","ping_status":"closed","sticky":false,"template":"","format":"standard","meta":{"_monsterinsights_skip_tracking":false,"_monsterinsights_sitenote_active":false,"_monsterinsights_sitenote_note":"","_monsterinsights_sitenote_category":0,"footnotes":"","_links_to":"","_links_to_target":""},"categories":[3,1],"tags":[6048,8233,12291,8451,38,13016,11177,10488,96],"class_list":["post-120959","post","type-post","status-publish","format-standard","has-post-thumbnail","hentry","category-gliwice","category-wszystko","tag-gcop","tag-kadencja","tag-kandydaci","tag-osoby-starsze","tag-rada-miasta","tag-rada-seniorow","tag-senior","tag-seniorzy","tag-uniwersytet-trzeciego-wieku"],"yoast_head":"<!-- This site is optimized with the Yoast SEO plugin v27.5 - https:\/\/yoast.com\/product\/yoast-seo-wordpress\/ -->\n<title>Ruszy\u0142 nab\u00f3r kandydat\u00f3w do Rady Senior\u00f3w Miasta Gliwice I kadencji. Wsparcie interes\u00f3w os\u00f3b starszych - 24GLIWICE - Portal Gliwice | codziennie nowe informacje<\/title>\n<meta name=\"robots\" content=\"index, follow, max-snippet:-1, max-image-preview:large, max-video-preview:-1\" \/>\n<link rel=\"canonical\" href=\"https:\/\/www.24gliwice.pl\/wiadomosci\/ruszyl-nabor-kandydatow-do-rady-seniorow-miasta-gliwice-i-kadencji-wsparcie-interesow-osob-starszych\/\" \/>\n<meta property=\"og:locale\" content=\"pl_PL\" \/>\n<meta property=\"og:type\" content=\"article\" \/>\n<meta property=\"og:title\" content=\"Ruszy\u0142 nab\u00f3r kandydat\u00f3w do Rady Senior\u00f3w Miasta Gliwice I kadencji. Wsparcie interes\u00f3w os\u00f3b starszych - 24GLIWICE - Portal Gliwice | codziennie nowe informacje\" \/>\n<meta property=\"og:description\" content=\"W Gliwicach rozpocz\u0105\u0142 si\u0119 nab\u00f3r ch\u0119tnych os\u00f3b do Rady Senior\u00f3w I kadencji. B\u0119dzie to organ wspieraj\u0105cy dla os\u00f3b starszych i inicjuj\u0105cy dzia\u0142ania na ich rzecz. Kandydatury mo\u017cna zg\u0142asza\u0107 do ko\u0144ca sierpnia. Kandydatami na cz\u0142onk\u00f3w Rady Senior\u00f3w Miasta Gliwice mog\u0105 by\u0107 przedstawiciele os\u00f3b starszych oraz przedstawiciele podmiot\u00f3w dzia\u0142aj\u0105cych na rzecz os\u00f3b starszych, w szczeg\u00f3lno\u015bci przedstawiciele organizacji [&hellip;]\" \/>\n<meta property=\"og:url\" content=\"https:\/\/www.24gliwice.pl\/wiadomosci\/ruszyl-nabor-kandydatow-do-rady-seniorow-miasta-gliwice-i-kadencji-wsparcie-interesow-osob-starszych\/\" \/>\n<meta property=\"og:site_name\" content=\"24GLIWICE - Portal Gliwice | codziennie nowe informacje\" \/>\n<meta property=\"article:publisher\" content=\"https:\/\/www.facebook.com\/24gliwice\" \/>\n<meta property=\"article:published_time\" content=\"2018-08-02T11:39:36+00:00\" \/>\n<meta property=\"og:image\" content=\"https:\/\/www.24gliwice.pl\/wiadomosci\/wp-content\/uploads\/2018\/01\/starszy-cz\u0142owiek-oszustwa-e1516185290750.jpg\" \/>\n\t<meta property=\"og:image:width\" content=\"810\" \/>\n\t<meta property=\"og:image:height\" content=\"455\" \/>\n\t<meta property=\"og:image:type\" content=\"image\/jpeg\" \/>\n<meta name=\"author\" content=\"\u017baneta Mrozek-Siewierska\" \/>\n<meta name=\"twitter:card\" content=\"summary_large_image\" \/>\n<meta name=\"twitter:creator\" content=\"@24gliwice\" \/>\n<meta name=\"twitter:site\" content=\"@24gliwice\" \/>\n<meta name=\"twitter:label1\" content=\"Napisane przez\" \/>\n\t<meta name=\"twitter:data1\" content=\"\u017baneta Mrozek-Siewierska\" \/>\n\t<meta name=\"twitter:label2\" content=\"Szacowany czas czytania\" \/>\n\t<meta name=\"twitter:data2\" content=\"2 minuty\" \/>\n<script type=\"application\/ld+json\" class=\"yoast-schema-graph\">{\"@context\":\"https:\\\/\\\/schema.org\",\"@graph\":[{\"@type\":\"Article\",\"@id\":\"https:\\\/\\\/www.24gliwice.pl\\\/wiadomosci\\\/ruszyl-nabor-kandydatow-do-rady-seniorow-miasta-gliwice-i-kadencji-wsparcie-interesow-osob-starszych\\\/#article\",\"isPartOf\":{\"@id\":\"https:\\\/\\\/www.24gliwice.pl\\\/wiadomosci\\\/ruszyl-nabor-kandydatow-do-rady-seniorow-miasta-gliwice-i-kadencji-wsparcie-interesow-osob-starszych\\\/\"},\"author\":{\"name\":\"\u017baneta Mrozek-Siewierska\",\"@id\":\"https:\\\/\\\/www.24gliwice.pl\\\/wiadomosci\\\/#\\\/schema\\\/person\\\/e42c650edd7f2fa332be3811fb166b6e\"},\"headline\":\"Ruszy\u0142 nab\u00f3r kandydat\u00f3w do Rady Senior\u00f3w Miasta Gliwice I kadencji. Wsparcie interes\u00f3w os\u00f3b starszych\",\"datePublished\":\"2018-08-02T11:39:36+00:00\",\"mainEntityOfPage\":{\"@id\":\"https:\\\/\\\/www.24gliwice.pl\\\/wiadomosci\\\/ruszyl-nabor-kandydatow-do-rady-seniorow-miasta-gliwice-i-kadencji-wsparcie-interesow-osob-starszych\\\/\"},\"wordCount\":429,\"commentCount\":0,\"publisher\":{\"@id\":\"https:\\\/\\\/www.24gliwice.pl\\\/wiadomosci\\\/#organization\"},\"image\":{\"@id\":\"https:\\\/\\\/www.24gliwice.pl\\\/wiadomosci\\\/ruszyl-nabor-kandydatow-do-rady-seniorow-miasta-gliwice-i-kadencji-wsparcie-interesow-osob-starszych\\\/#primaryimage\"},\"thumbnailUrl\":\"https:\\\/\\\/www.24gliwice.pl\\\/wiadomosci\\\/wp-content\\\/uploads\\\/2018\\\/01\\\/starszy-cz\u0142owiek-oszustwa-e1516185290750.jpg\",\"keywords\":[\"gcop\",\"kadencja\",\"kandydaci\",\"osoby starsze\",\"RADA MIASTA\",\"rada senior\u00f3w\",\"senior\",\"seniorzy\",\"Uniwersytet Trzeciego Wieku\"],\"articleSection\":[\"Gliwice\",\"Najnowsze wiadomo\u015bci\"],\"inLanguage\":\"pl-PL\",\"potentialAction\":[{\"@type\":\"CommentAction\",\"name\":\"Comment\",\"target\":[\"https:\\\/\\\/www.24gliwice.pl\\\/wiadomosci\\\/ruszyl-nabor-kandydatow-do-rady-seniorow-miasta-gliwice-i-kadencji-wsparcie-interesow-osob-starszych\\\/#respond\"]}]},{\"@type\":\"WebPage\",\"@id\":\"https:\\\/\\\/www.24gliwice.pl\\\/wiadomosci\\\/ruszyl-nabor-kandydatow-do-rady-seniorow-miasta-gliwice-i-kadencji-wsparcie-interesow-osob-starszych\\\/\",\"url\":\"https:\\\/\\\/www.24gliwice.pl\\\/wiadomosci\\\/ruszyl-nabor-kandydatow-do-rady-seniorow-miasta-gliwice-i-kadencji-wsparcie-interesow-osob-starszych\\\/\",\"name\":\"Ruszy\u0142 nab\u00f3r kandydat\u00f3w do Rady Senior\u00f3w Miasta Gliwice I kadencji. Wsparcie interes\u00f3w os\u00f3b starszych - 24GLIWICE - Portal Gliwice | codziennie nowe informacje\",\"isPartOf\":{\"@id\":\"https:\\\/\\\/www.24gliwice.pl\\\/wiadomosci\\\/#website\"},\"primaryImageOfPage\":{\"@id\":\"https:\\\/\\\/www.24gliwice.pl\\\/wiadomosci\\\/ruszyl-nabor-kandydatow-do-rady-seniorow-miasta-gliwice-i-kadencji-wsparcie-interesow-osob-starszych\\\/#primaryimage\"},\"image\":{\"@id\":\"https:\\\/\\\/www.24gliwice.pl\\\/wiadomosci\\\/ruszyl-nabor-kandydatow-do-rady-seniorow-miasta-gliwice-i-kadencji-wsparcie-interesow-osob-starszych\\\/#primaryimage\"},\"thumbnailUrl\":\"https:\\\/\\\/www.24gliwice.pl\\\/wiadomosci\\\/wp-content\\\/uploads\\\/2018\\\/01\\\/starszy-cz\u0142owiek-oszustwa-e1516185290750.jpg\",\"datePublished\":\"2018-08-02T11:39:36+00:00\",\"breadcrumb\":{\"@id\":\"https:\\\/\\\/www.24gliwice.pl\\\/wiadomosci\\\/ruszyl-nabor-kandydatow-do-rady-seniorow-miasta-gliwice-i-kadencji-wsparcie-interesow-osob-starszych\\\/#breadcrumb\"},\"inLanguage\":\"pl-PL\",\"potentialAction\":[{\"@type\":\"ReadAction\",\"target\":[\"https:\\\/\\\/www.24gliwice.pl\\\/wiadomosci\\\/ruszyl-nabor-kandydatow-do-rady-seniorow-miasta-gliwice-i-kadencji-wsparcie-interesow-osob-starszych\\\/\"]}]},{\"@type\":\"ImageObject\",\"inLanguage\":\"pl-PL\",\"@id\":\"https:\\\/\\\/www.24gliwice.pl\\\/wiadomosci\\\/ruszyl-nabor-kandydatow-do-rady-seniorow-miasta-gliwice-i-kadencji-wsparcie-interesow-osob-starszych\\\/#primaryimage\",\"url\":\"https:\\\/\\\/www.24gliwice.pl\\\/wiadomosci\\\/wp-content\\\/uploads\\\/2018\\\/01\\\/starszy-cz\u0142owiek-oszustwa-e1516185290750.jpg\",\"contentUrl\":\"https:\\\/\\\/www.24gliwice.pl\\\/wiadomosci\\\/wp-content\\\/uploads\\\/2018\\\/01\\\/starszy-cz\u0142owiek-oszustwa-e1516185290750.jpg\",\"width\":810,\"height\":455},{\"@type\":\"BreadcrumbList\",\"@id\":\"https:\\\/\\\/www.24gliwice.pl\\\/wiadomosci\\\/ruszyl-nabor-kandydatow-do-rady-seniorow-miasta-gliwice-i-kadencji-wsparcie-interesow-osob-starszych\\\/#breadcrumb\",\"itemListElement\":[{\"@type\":\"ListItem\",\"position\":1,\"name\":\"Strona g\u0142\u00f3wna\",\"item\":\"https:\\\/\\\/www.24gliwice.pl\\\/wiadomosci\\\/\"},{\"@type\":\"ListItem\",\"position\":2,\"name\":\"Ruszy\u0142 nab\u00f3r kandydat\u00f3w do Rady Senior\u00f3w Miasta Gliwice I kadencji. Wsparcie interes\u00f3w os\u00f3b starszych\"}]},{\"@type\":\"WebSite\",\"@id\":\"https:\\\/\\\/www.24gliwice.pl\\\/wiadomosci\\\/#website\",\"url\":\"https:\\\/\\\/www.24gliwice.pl\\\/wiadomosci\\\/\",\"name\":\"24GLIWICE - Portal Gliwice | codziennie nowe wiadomo\u015bci\",\"description\":\"Portal Miejski Gliwice\",\"publisher\":{\"@id\":\"https:\\\/\\\/www.24gliwice.pl\\\/wiadomosci\\\/#organization\"},\"potentialAction\":[{\"@type\":\"SearchAction\",\"target\":{\"@type\":\"EntryPoint\",\"urlTemplate\":\"https:\\\/\\\/www.24gliwice.pl\\\/wiadomosci\\\/?s={search_term_string}\"},\"query-input\":{\"@type\":\"PropertyValueSpecification\",\"valueRequired\":true,\"valueName\":\"search_term_string\"}}],\"inLanguage\":\"pl-PL\"},{\"@type\":\"Organization\",\"@id\":\"https:\\\/\\\/www.24gliwice.pl\\\/wiadomosci\\\/#organization\",\"name\":\"24gliwice\",\"url\":\"https:\\\/\\\/www.24gliwice.pl\\\/wiadomosci\\\/\",\"logo\":{\"@type\":\"ImageObject\",\"inLanguage\":\"pl-PL\",\"@id\":\"https:\\\/\\\/www.24gliwice.pl\\\/wiadomosci\\\/#\\\/schema\\\/logo\\\/image\\\/\",\"url\":\"https:\\\/\\\/www.24gliwice.pl\\\/wiadomosci\\\/wp-content\\\/uploads\\\/2024\\\/10\\\/24gliwice-logo-696.jpg\",\"contentUrl\":\"https:\\\/\\\/www.24gliwice.pl\\\/wiadomosci\\\/wp-content\\\/uploads\\\/2024\\\/10\\\/24gliwice-logo-696.jpg\",\"width\":696,\"height\":696,\"caption\":\"24gliwice\"},\"image\":{\"@id\":\"https:\\\/\\\/www.24gliwice.pl\\\/wiadomosci\\\/#\\\/schema\\\/logo\\\/image\\\/\"},\"sameAs\":[\"https:\\\/\\\/www.facebook.com\\\/24gliwice\",\"https:\\\/\\\/x.com\\\/24gliwice\",\"https:\\\/\\\/www.youtube.com\\\/@24gliwice\"]},{\"@type\":\"Person\",\"@id\":\"https:\\\/\\\/www.24gliwice.pl\\\/wiadomosci\\\/#\\\/schema\\\/person\\\/e42c650edd7f2fa332be3811fb166b6e\",\"name\":\"\u017baneta Mrozek-Siewierska\",\"image\":{\"@type\":\"ImageObject\",\"inLanguage\":\"pl-PL\",\"@id\":\"https:\\\/\\\/secure.gravatar.com\\\/avatar\\\/1881429e9c64597c77ad7aef2d0a19be69a3253e57534d16aa15bf3a4d34a0a3?s=96&d=mm&r=g\",\"url\":\"https:\\\/\\\/secure.gravatar.com\\\/avatar\\\/1881429e9c64597c77ad7aef2d0a19be69a3253e57534d16aa15bf3a4d34a0a3?s=96&d=mm&r=g\",\"contentUrl\":\"https:\\\/\\\/secure.gravatar.com\\\/avatar\\\/1881429e9c64597c77ad7aef2d0a19be69a3253e57534d16aa15bf3a4d34a0a3?s=96&d=mm&r=g\",\"caption\":\"\u017baneta Mrozek-Siewierska\"},\"url\":\"https:\\\/\\\/www.24gliwice.pl\\\/wiadomosci\\\/author\\\/zms\\\/\"}]}<\/script>\n<!-- \/ Yoast SEO plugin. -->","yoast_head_json":{"title":"Ruszy\u0142 nab\u00f3r kandydat\u00f3w do Rady Senior\u00f3w Miasta Gliwice I kadencji. Wsparcie interes\u00f3w os\u00f3b starszych - 24GLIWICE - Portal Gliwice | codziennie nowe informacje","robots":{"index":"index","follow":"follow","max-snippet":"max-snippet:-1","max-image-preview":"max-image-preview:large","max-video-preview":"max-video-preview:-1"},"canonical":"https:\/\/www.24gliwice.pl\/wiadomosci\/ruszyl-nabor-kandydatow-do-rady-seniorow-miasta-gliwice-i-kadencji-wsparcie-interesow-osob-starszych\/","og_locale":"pl_PL","og_type":"article","og_title":"Ruszy\u0142 nab\u00f3r kandydat\u00f3w do Rady Senior\u00f3w Miasta Gliwice I kadencji. Wsparcie interes\u00f3w os\u00f3b starszych - 24GLIWICE - Portal Gliwice | codziennie nowe informacje","og_description":"W Gliwicach rozpocz\u0105\u0142 si\u0119 nab\u00f3r ch\u0119tnych os\u00f3b do Rady Senior\u00f3w I kadencji. B\u0119dzie to organ wspieraj\u0105cy dla os\u00f3b starszych i inicjuj\u0105cy dzia\u0142ania na ich rzecz. Kandydatury mo\u017cna zg\u0142asza\u0107 do ko\u0144ca sierpnia. Kandydatami na cz\u0142onk\u00f3w Rady Senior\u00f3w Miasta Gliwice mog\u0105 by\u0107 przedstawiciele os\u00f3b starszych oraz przedstawiciele podmiot\u00f3w dzia\u0142aj\u0105cych na rzecz os\u00f3b starszych, w szczeg\u00f3lno\u015bci przedstawiciele organizacji [&hellip;]","og_url":"https:\/\/www.24gliwice.pl\/wiadomosci\/ruszyl-nabor-kandydatow-do-rady-seniorow-miasta-gliwice-i-kadencji-wsparcie-interesow-osob-starszych\/","og_site_name":"24GLIWICE - Portal Gliwice | codziennie nowe informacje","article_publisher":"https:\/\/www.facebook.com\/24gliwice","article_published_time":"2018-08-02T11:39:36+00:00","og_image":[{"width":810,"height":455,"url":"https:\/\/www.24gliwice.pl\/wiadomosci\/wp-content\/uploads\/2018\/01\/starszy-cz\u0142owiek-oszustwa-e1516185290750.jpg","type":"image\/jpeg"}],"author":"\u017baneta Mrozek-Siewierska","twitter_card":"summary_large_image","twitter_creator":"@24gliwice","twitter_site":"@24gliwice","twitter_misc":{"Napisane przez":"\u017baneta Mrozek-Siewierska","Szacowany czas czytania":"2 minuty"},"schema":{"@context":"https:\/\/schema.org","@graph":[{"@type":"Article","@id":"https:\/\/www.24gliwice.pl\/wiadomosci\/ruszyl-nabor-kandydatow-do-rady-seniorow-miasta-gliwice-i-kadencji-wsparcie-interesow-osob-starszych\/#article","isPartOf":{"@id":"https:\/\/www.24gliwice.pl\/wiadomosci\/ruszyl-nabor-kandydatow-do-rady-seniorow-miasta-gliwice-i-kadencji-wsparcie-interesow-osob-starszych\/"},"author":{"name":"\u017baneta Mrozek-Siewierska","@id":"https:\/\/www.24gliwice.pl\/wiadomosci\/#\/schema\/person\/e42c650edd7f2fa332be3811fb166b6e"},"headline":"Ruszy\u0142 nab\u00f3r kandydat\u00f3w do Rady Senior\u00f3w Miasta Gliwice I kadencji. Wsparcie interes\u00f3w os\u00f3b starszych","datePublished":"2018-08-02T11:39:36+00:00","mainEntityOfPage":{"@id":"https:\/\/www.24gliwice.pl\/wiadomosci\/ruszyl-nabor-kandydatow-do-rady-seniorow-miasta-gliwice-i-kadencji-wsparcie-interesow-osob-starszych\/"},"wordCount":429,"commentCount":0,"publisher":{"@id":"https:\/\/www.24gliwice.pl\/wiadomosci\/#organization"},"image":{"@id":"https:\/\/www.24gliwice.pl\/wiadomosci\/ruszyl-nabor-kandydatow-do-rady-seniorow-miasta-gliwice-i-kadencji-wsparcie-interesow-osob-starszych\/#primaryimage"},"thumbnailUrl":"https:\/\/www.24gliwice.pl\/wiadomosci\/wp-content\/uploads\/2018\/01\/starszy-cz\u0142owiek-oszustwa-e1516185290750.jpg","keywords":["gcop","kadencja","kandydaci","osoby starsze","RADA MIASTA","rada senior\u00f3w","senior","seniorzy","Uniwersytet Trzeciego Wieku"],"articleSection":["Gliwice","Najnowsze wiadomo\u015bci"],"inLanguage":"pl-PL","potentialAction":[{"@type":"CommentAction","name":"Comment","target":["https:\/\/www.24gliwice.pl\/wiadomosci\/ruszyl-nabor-kandydatow-do-rady-seniorow-miasta-gliwice-i-kadencji-wsparcie-interesow-osob-starszych\/#respond"]}]},{"@type":"WebPage","@id":"https:\/\/www.24gliwice.pl\/wiadomosci\/ruszyl-nabor-kandydatow-do-rady-seniorow-miasta-gliwice-i-kadencji-wsparcie-interesow-osob-starszych\/","url":"https:\/\/www.24gliwice.pl\/wiadomosci\/ruszyl-nabor-kandydatow-do-rady-seniorow-miasta-gliwice-i-kadencji-wsparcie-interesow-osob-starszych\/","name":"Ruszy\u0142 nab\u00f3r kandydat\u00f3w do Rady Senior\u00f3w Miasta Gliwice I kadencji. Wsparcie interes\u00f3w os\u00f3b starszych - 24GLIWICE - Portal Gliwice | codziennie nowe informacje","isPartOf":{"@id":"https:\/\/www.24gliwice.pl\/wiadomosci\/#website"},"primaryImageOfPage":{"@id":"https:\/\/www.24gliwice.pl\/wiadomosci\/ruszyl-nabor-kandydatow-do-rady-seniorow-miasta-gliwice-i-kadencji-wsparcie-interesow-osob-starszych\/#primaryimage"},"image":{"@id":"https:\/\/www.24gliwice.pl\/wiadomosci\/ruszyl-nabor-kandydatow-do-rady-seniorow-miasta-gliwice-i-kadencji-wsparcie-interesow-osob-starszych\/#primaryimage"},"thumbnailUrl":"https:\/\/www.24gliwice.pl\/wiadomosci\/wp-content\/uploads\/2018\/01\/starszy-cz\u0142owiek-oszustwa-e1516185290750.jpg","datePublished":"2018-08-02T11:39:36+00:00","breadcrumb":{"@id":"https:\/\/www.24gliwice.pl\/wiadomosci\/ruszyl-nabor-kandydatow-do-rady-seniorow-miasta-gliwice-i-kadencji-wsparcie-interesow-osob-starszych\/#breadcrumb"},"inLanguage":"pl-PL","potentialAction":[{"@type":"ReadAction","target":["https:\/\/www.24gliwice.pl\/wiadomosci\/ruszyl-nabor-kandydatow-do-rady-seniorow-miasta-gliwice-i-kadencji-wsparcie-interesow-osob-starszych\/"]}]},{"@type":"ImageObject","inLanguage":"pl-PL","@id":"https:\/\/www.24gliwice.pl\/wiadomosci\/ruszyl-nabor-kandydatow-do-rady-seniorow-miasta-gliwice-i-kadencji-wsparcie-interesow-osob-starszych\/#primaryimage","url":"https:\/\/www.24gliwice.pl\/wiadomosci\/wp-content\/uploads\/2018\/01\/starszy-cz\u0142owiek-oszustwa-e1516185290750.jpg","contentUrl":"https:\/\/www.24gliwice.pl\/wiadomosci\/wp-content\/uploads\/2018\/01\/starszy-cz\u0142owiek-oszustwa-e1516185290750.jpg","width":810,"height":455},{"@type":"BreadcrumbList","@id":"https:\/\/www.24gliwice.pl\/wiadomosci\/ruszyl-nabor-kandydatow-do-rady-seniorow-miasta-gliwice-i-kadencji-wsparcie-interesow-osob-starszych\/#breadcrumb","itemListElement":[{"@type":"ListItem","position":1,"name":"Strona g\u0142\u00f3wna","item":"https:\/\/www.24gliwice.pl\/wiadomosci\/"},{"@type":"ListItem","position":2,"name":"Ruszy\u0142 nab\u00f3r kandydat\u00f3w do Rady Senior\u00f3w Miasta Gliwice I kadencji. Wsparcie interes\u00f3w os\u00f3b starszych"}]},{"@type":"WebSite","@id":"https:\/\/www.24gliwice.pl\/wiadomosci\/#website","url":"https:\/\/www.24gliwice.pl\/wiadomosci\/","name":"24GLIWICE - Portal Gliwice | codziennie nowe wiadomo\u015bci","description":"Portal Miejski Gliwice","publisher":{"@id":"https:\/\/www.24gliwice.pl\/wiadomosci\/#organization"},"potentialAction":[{"@type":"SearchAction","target":{"@type":"EntryPoint","urlTemplate":"https:\/\/www.24gliwice.pl\/wiadomosci\/?s={search_term_string}"},"query-input":{"@type":"PropertyValueSpecification","valueRequired":true,"valueName":"search_term_string"}}],"inLanguage":"pl-PL"},{"@type":"Organization","@id":"https:\/\/www.24gliwice.pl\/wiadomosci\/#organization","name":"24gliwice","url":"https:\/\/www.24gliwice.pl\/wiadomosci\/","logo":{"@type":"ImageObject","inLanguage":"pl-PL","@id":"https:\/\/www.24gliwice.pl\/wiadomosci\/#\/schema\/logo\/image\/","url":"https:\/\/www.24gliwice.pl\/wiadomosci\/wp-content\/uploads\/2024\/10\/24gliwice-logo-696.jpg","contentUrl":"https:\/\/www.24gliwice.pl\/wiadomosci\/wp-content\/uploads\/2024\/10\/24gliwice-logo-696.jpg","width":696,"height":696,"caption":"24gliwice"},"image":{"@id":"https:\/\/www.24gliwice.pl\/wiadomosci\/#\/schema\/logo\/image\/"},"sameAs":["https:\/\/www.facebook.com\/24gliwice","https:\/\/x.com\/24gliwice","https:\/\/www.youtube.com\/@24gliwice"]},{"@type":"Person","@id":"https:\/\/www.24gliwice.pl\/wiadomosci\/#\/schema\/person\/e42c650edd7f2fa332be3811fb166b6e","name":"\u017baneta Mrozek-Siewierska","image":{"@type":"ImageObject","inLanguage":"pl-PL","@id":"https:\/\/secure.gravatar.com\/avatar\/1881429e9c64597c77ad7aef2d0a19be69a3253e57534d16aa15bf3a4d34a0a3?s=96&d=mm&r=g","url":"https:\/\/secure.gravatar.com\/avatar\/1881429e9c64597c77ad7aef2d0a19be69a3253e57534d16aa15bf3a4d34a0a3?s=96&d=mm&r=g","contentUrl":"https:\/\/secure.gravatar.com\/avatar\/1881429e9c64597c77ad7aef2d0a19be69a3253e57534d16aa15bf3a4d34a0a3?s=96&d=mm&r=g","caption":"\u017baneta Mrozek-Siewierska"},"url":"https:\/\/www.24gliwice.pl\/wiadomosci\/author\/zms\/"}]}},"_links":{"self":[{"href":"https:\/\/www.24gliwice.pl\/wiadomosci\/wp-json\/wp\/v2\/posts\/120959","targetHints":{"allow":["GET"]}}],"collection":[{"href":"https:\/\/www.24gliwice.pl\/wiadomosci\/wp-json\/wp\/v2\/posts"}],"about":[{"href":"https:\/\/www.24gliwice.pl\/wiadomosci\/wp-json\/wp\/v2\/types\/post"}],"author":[{"embeddable":true,"href":"https:\/\/www.24gliwice.pl\/wiadomosci\/wp-json\/wp\/v2\/users\/15"}],"replies":[{"embeddable":true,"href":"https:\/\/www.24gliwice.pl\/wiadomosci\/wp-json\/wp\/v2\/comments?post=120959"}],"version-history":[{"count":0,"href":"https:\/\/www.24gliwice.pl\/wiadomosci\/wp-json\/wp\/v2\/posts\/120959\/revisions"}],"wp:featuredmedia":[{"embeddable":true,"href":"https:\/\/www.24gliwice.pl\/wiadomosci\/wp-json\/wp\/v2\/media\/110723"}],"wp:attachment":[{"href":"https:\/\/www.24gliwice.pl\/wiadomosci\/wp-json\/wp\/v2\/media?parent=120959"}],"wp:term":[{"taxonomy":"category","embeddable":true,"href":"https:\/\/www.24gliwice.pl\/wiadomosci\/wp-json\/wp\/v2\/categories?post=120959"},{"taxonomy":"post_tag","embeddable":true,"href":"https:\/\/www.24gliwice.pl\/wiadomosci\/wp-json\/wp\/v2\/tags?post=120959"}],"curies":[{"name":"wp","href":"https:\/\/api.w.org\/{rel}","templated":true}]}}