{"id":121046,"date":"2018-08-06T03:11:02","date_gmt":"2018-08-06T01:11:02","guid":{"rendered":"https:\/\/www.24gliwice.pl\/wiadomosci\/?p=121046"},"modified":"2018-08-06T03:11:02","modified_gmt":"2018-08-06T01:11:02","slug":"w-gliwicach-jak-w-ciechocinku-jest-kolejny-wniosek-o-budowe-tezni-solankowej","status":"publish","type":"post","link":"https:\/\/www.24gliwice.pl\/wiadomosci\/w-gliwicach-jak-w-ciechocinku-jest-kolejny-wniosek-o-budowe-tezni-solankowej\/","title":{"rendered":"W Gliwicach jak w Ciechocinku? Jest kolejny wniosek o budow\u0119 t\u0119\u017cni solankowej"},"content":{"rendered":"<div class=\"gliwi-a6-nad-leadem-artykulow gliwi-entity-placement\" id=\"gliwi-313295585\"><div class=\"gliwi-adlabel\"><span style=\"font-size: 9px\">REKLAMA<\/span><\/div><div id=\"gliwi-3986290465\" style=\"margin-bottom: 25px;margin-left: auto;margin-right: auto;text-align: center;\"><a data-no-instant=\"1\" href=\"https:\/\/dom100.eu\/\" rel=\"noopener\" class=\"a2t-link\" target=\"_blank\" aria-label=\"20260415 DOM100 D\"><img loading=\"lazy\" decoding=\"async\" src=\"https:\/\/www.24gliwice.pl\/wiadomosci\/wp-content\/uploads\/2026\/04\/20260415-DOM100-D.jpg\" alt=\"\"  srcset=\"https:\/\/www.24gliwice.pl\/wiadomosci\/wp-content\/uploads\/2026\/04\/20260415-DOM100-D.jpg 750w, https:\/\/www.24gliwice.pl\/wiadomosci\/wp-content\/uploads\/2026\/04\/20260415-DOM100-D-410x109.jpg 410w\" sizes=\"(max-width: 750px) 100vw, 750px\" class=\"no-lazyload\" width=\"750\" height=\"200\"  style=\"display: inline-block; max-width: 100%; height: auto;\" \/><\/a><\/div><\/div><h3>Par\u0119 zdrowych oddech\u00f3w przy solance w centrum miasta? Na biurko prezydenta Gliwic trafi\u0142 kolejny wniosek o budow\u0119 t\u0119\u017cni solankowej.<\/h3>\n<p> Na podobny pomys\u0142 zdecydowa\u0142o si\u0119 w ostatnich latach ju\u017c kilka du\u017cych miast w Polsce. Czas na Gliwice? Magistrat nie m\u00f3wi &#8220;nie&#8221;. <\/p>\n<h4>T\u0118\u017bNIA I \u015aCIE\u017bKA ROWEROWA DO CZECHOWIC<\/h4>\n<p>O budow\u0119 t\u0119\u017cni solankowej zawnioskowa\u0142 w lipcu radny <strong>Krzysztof Kleczka<\/strong> (KdGZF).<br \/>\n&#8211; Pomys\u0142 budowy t\u0119\u017cni solankowej na przemys\u0142owym terenie G\u00f3rnego \u015al\u0105ska tylko na pierwszy rzut oka mo\u017ce wydawa\u0107 si\u0119 nieco przewrotny. Tak naprawd\u0119 to w\u0142a\u015bnie g\u00f3rno\u015bl\u0105ski krajobraz przemys\u0142owy wymusza bardzo cz\u0119sto konieczno\u015b\u0107 specjalistycznej profilaktyki zdrowotnej, zwi\u0105zanej z chorobami uk\u0142adu oddechowego &#8211; czytamy w pi\u015bmie adresowanym do wiceprezydenta Piotra Wieczorka. <\/p><div class=\"gliwi-a3-w-tresci-artykulow gliwi-entity-placement\" id=\"gliwi-2274677148\"><div class=\"gliwi-adlabel\"><span style=\"font-size: 9px\">REKLAMA<\/span><\/div><div id=\"gliwi-100580949\" style=\"margin-bottom: 30px;margin-left: auto;margin-right: auto;text-align: center;\"><a data-no-instant=\"1\" href=\"https:\/\/zlobek.halogen.org.pl\/\" rel=\"noopener\" class=\"a2t-link\" target=\"_blank\" aria-label=\"animator-zlobek_750x200\"><img loading=\"lazy\" decoding=\"async\" src=\"https:\/\/www.24gliwice.pl\/wiadomosci\/wp-content\/uploads\/2026\/02\/animator-zlobek_750x200.webp\" alt=\"\"  srcset=\"https:\/\/www.24gliwice.pl\/wiadomosci\/wp-content\/uploads\/2026\/02\/animator-zlobek_750x200.webp 750w, https:\/\/www.24gliwice.pl\/wiadomosci\/wp-content\/uploads\/2026\/02\/animator-zlobek_750x200-410x109.webp 410w\" sizes=\"(max-width: 750px) 100vw, 750px\" class=\"no-lazyload\" width=\"750\" height=\"200\"  style=\"display: inline-block; max-width: 100%; height: auto;\" \/><\/a><\/div><\/div>\n<p>Gliwicki radny chcia\u0142by po\u0142\u0105czy\u0107 budow\u0119 t\u0119\u017cni ze stworzeniem le\u015bnej \u015bcie\u017cki rowerowej wzd\u0142u\u017c ul. Toszeckiej, kt\u00f3ra mia\u0142aby po\u0142\u0105czy\u0107 centrum miasta z O\u015brodkiem Wypoczynkowym w Czechowicach. Zdaniem Kleczki t\u0119\u017cnia mog\u0142aby powsta\u0107 w s\u0105siedztwie takiej trasy rowerowej. <\/p>\n<h4>WNIOSKI MIESZKA\u0143C\u00d3W WYL\u0104DOWA\u0141Y W KOSZU<\/h4>\n<p>Pomys\u0142 nie jest nowy, a o t\u0119\u017cnie konsekwentnie upominaj\u0105 si\u0119 od dw\u00f3ch lat mieszka\u0144cy Gliwic. Do tej pory wnioski z\u0142o\u017cone w ramach bud\u017cetu obywatelskiego dotyczy\u0142y \u015bcis\u0142ego centrum miasta m.in. Placu Pi\u0142sudskiego, Parku Chopina i Osiedla Sikornik. Wszystkie jednak nie przesz\u0142y etapu urz\u0119dniczej weryfikacji i nie zosta\u0142y dopuszczone pod g\u0142osowanie. Magistrat argumentowa\u0142 decyzj\u0119 przede wszystkim wysokimi kosztami. <\/p>\n<p>&#8211; Wnioski by\u0142y opiniowane negatywnie, przede wszystkim z powodu wydatk\u00f3w nieadekwatnych w stosunku do efekt\u00f3w, jakie inwestycja mia\u0142aby przynie\u015b\u0107. Nie ze wzgl\u0119du na koszt jako taki &#8211; m\u00f3wi nam <strong>Marek Jarz\u0119bowski<\/strong>, rzecznik prezydenta Gliwic. &#8211; M\u00f3wi\u0105c zrozumialej, ma\u0142a t\u0119\u017cnia, usytuowana w niezbyt szcz\u0119\u015bliwym miejscu (proponowano np. pl. Pi\u0142sudskiego), jest kompletnie nieefektywna, a jej utrzymanie generuje niewsp\u00f3\u0142mierne koszty &#8211; szkoda na tak\u0105 inwestycj\u0119 marnowa\u0107 si\u0142y i \u015brodki &#8211; przekonuje. <\/p>\n<p>&#8211; Przyczyny niedopuszczenia wniosku pod g\u0142osowanie by\u0142y absurdalne &#8211; uwa\u017ca <strong>Dominik Dragon<\/strong>, radny PO, kt\u00f3ry dwukrotnie wyst\u0119powa\u0142 z takim pomys\u0142em. &#8211; Mo\u017cna przecie\u017c zrobi\u0107 ma\u0142\u0105 t\u0119\u017cni\u0119 np. za 100 tys. z\u0142. Jej zasi\u0119g by\u0142by wtedy po prostu odpowiednio mniejszy i mniej os\u00f3b jednocze\u015bnie mog\u0142oby przy niej siedzie\u0107 &#8211; m\u00f3wi.<\/p>\n<p><img loading=\"lazy\" decoding=\"async\" src=\"https:\/\/www.24gliwice.pl\/wiadomosci\/wp-content\/uploads\/2018\/08\/teznia.jpg\" alt=\"\" width=\"1200\" height=\"675\" class=\"alignnone size-full wp-image-121051\" srcset=\"https:\/\/www.24gliwice.pl\/wiadomosci\/wp-content\/uploads\/2018\/08\/teznia.jpg 1200w, https:\/\/www.24gliwice.pl\/wiadomosci\/wp-content\/uploads\/2018\/08\/teznia-410x232.jpg 410w, https:\/\/www.24gliwice.pl\/wiadomosci\/wp-content\/uploads\/2018\/08\/teznia-768x432.jpg 768w, https:\/\/www.24gliwice.pl\/wiadomosci\/wp-content\/uploads\/2018\/08\/teznia-810x456.jpg 810w, https:\/\/www.24gliwice.pl\/wiadomosci\/wp-content\/uploads\/2018\/08\/teznia-1140x641.jpg 1140w\" sizes=\"auto, (max-width: 1200px) 100vw, 1200px\" \/> <\/p>\n<h4>MAGISTRAT: JEDNA DU\u017bA T\u0118\u017bNIA, ZAMIAST KILKU MA\u0141YCH<\/h4>\n<p>Zdaniem Marka Jarz\u0119bowskiego, jest jeszcze za wcze\u015bnie by odnie\u015b\u0107 si\u0119 do wniosku Kleczki, ale rzecznik prezydenta zapewnia, \u017ce pomys\u0142 budowy t\u0119\u017cni w Gliwicach &#8220;nie jest zarzucony&#8221;.<br \/>\n&#8211; Taki obiekt by\u0142by ciekaw\u0105 ofert\u0105 dla gliwiczan. Nale\u017cy si\u0119 zastanowi\u0107 nad budow\u0105 jednej &#8211; w mo\u017cliwie najlepszym dla tego typu obiekt\u00f3w miejscu &#8211; du\u017cej t\u0119\u017cni, kt\u00f3ra rzeczywi\u015bcie s\u0142u\u017cy\u0142aby mieszka\u0144com chc\u0105cym odpocz\u0105\u0107 w takich w\u0142a\u015bnie warunkach &#8211; podsumowuje.<\/p>\n<p>&#8211; My\u015bl\u0119, \u017ce ludzie ch\u0119tnie zag\u0142osowaliby na budow\u0119 takich miejsc. T\u0119\u017cnie pozytywnie wp\u0142ywaj\u0105 na zdrowie mieszka\u0144c\u00f3w, co zw\u0142aszcza na \u015al\u0105sku ma niebagatelne znaczenie &#8211; argumentuje Dominik Dragon. &#8211; Inhalacje poprawiaj\u0105 stan dr\u00f3g oddechowych, pomagaj\u0105 leczy\u0107 alergie sk\u00f3ry, nadci\u015bnienie t\u0119tnicze, tarczyc\u0119. T\u0119\u017cnie tworz\u0105 przy tym swoisty mikroklimat jaki wyst\u0119puje nad morzem. Opr\u00f3cz tego w naturalny spos\u00f3b buduj\u0105 stref\u0119 rekreacji i relaksu praktycznie jak w uzdrowisku. \u017ba\u0142uj\u0119, \u017ce w Gliwicach pomys\u0142 nie jest zaakceptowany, ale my\u015bl\u0119 te\u017c, \u017ce to tylko kwestia czasu &#8211; m\u00f3wi radny PO. <\/p>\n<p><img loading=\"lazy\" decoding=\"async\" src=\"https:\/\/www.24gliwice.pl\/wiadomosci\/wp-content\/uploads\/2018\/08\/RadlinNoc\u0105-11.jpg\" alt=\"\" width=\"1200\" height=\"676\" class=\"alignnone size-full wp-image-121050\" srcset=\"https:\/\/www.24gliwice.pl\/wiadomosci\/wp-content\/uploads\/2018\/08\/RadlinNoc\u0105-11.jpg 1200w, https:\/\/www.24gliwice.pl\/wiadomosci\/wp-content\/uploads\/2018\/08\/RadlinNoc\u0105-11-410x232.jpg 410w, https:\/\/www.24gliwice.pl\/wiadomosci\/wp-content\/uploads\/2018\/08\/RadlinNoc\u0105-11-768x433.jpg 768w, https:\/\/www.24gliwice.pl\/wiadomosci\/wp-content\/uploads\/2018\/08\/RadlinNoc\u0105-11-808x455.jpg 808w, https:\/\/www.24gliwice.pl\/wiadomosci\/wp-content\/uploads\/2018\/08\/RadlinNoc\u0105-11-810x456.jpg 810w, https:\/\/www.24gliwice.pl\/wiadomosci\/wp-content\/uploads\/2018\/08\/RadlinNoc\u0105-11-1140x642.jpg 1140w\" sizes=\"auto, (max-width: 1200px) 100vw, 1200px\" \/><\/p>\n<h4>ILE KOSZTUJE T\u0118\u017bNIA?<\/h4>\n<p>Budowa t\u0119\u017cni solankowych to ju\u017c zreszt\u0105 \u017cadna ekstrawagancja. Mo\u017cna zaryzykowa\u0107 twierdzenie, \u017ce t\u0119\u017cnie s\u0105 jednym z hit\u00f3w ostatnich bud\u017cet\u00f3w partycypacyjnych. Na przestrzeni kilkunastu miesi\u0119cy powsta\u0142y b\u0105d\u017a wkr\u00f3tce powstan\u0105 t\u0119\u017cnie w Katowicach, Rybniku, Warszawie, Wroc\u0142awiu i Krakowie (w rym ostatnim, wiosn\u0105 tego roku, nied\u0142ugo przed otwarciem, drewniana konstrukcja t\u0119\u017cni sp\u0142on\u0119\u0142a i obecnie trwa jej odbudowa). <\/p>\n<p>Osobn\u0105 kwesti\u0105 pozostaj\u0105 koszty budowy takiego obiektu. Marek Jarz\u0119bowski koszty realizacji t\u0119\u017cni szacuje w granicach 2,5-3 mln z\u0142otych. Z kolei w swoim wniosku, Krzysztof Kleczka powo\u0142uje si\u0119 na przyk\u0142ad t\u0119\u017cni w Radlinie (na zdj\u0119ciach), na kt\u00f3r\u0105 wydano niespe\u0142na 1,5 mln z\u0142otych. Innym rozwi\u0105zaniem jest przyk\u0142ad z Trzebini, gdzie pojawi\u0142y si\u0119 t\u0119\u017cnie w wersji mini (maj\u0105 3 metry wysoko\u015bci i 6 metr\u00f3w szeroko\u015bci). Koszt budowy jednej wyni\u00f3s\u0142 ok. 60-70 tys. z\u0142otych. Zasady Gliwickiego Bud\u017cetu Obywatelskiego praktycznie odbieraj\u0105 szans\u0119 na realizacj\u0119 ambitniejszych i kosztoch\u0142onnych inwestycji. Je\u015bli wi\u0119c urz\u0119dnicy chc\u0105 postawi\u0107 na &#8220;co\u015b du\u017cego&#8221;, ca\u0142a si\u0142a sprawcza le\u017cy po ich stronie.<\/p>\n<p><strong>Micha\u0142 Szewczyk<\/strong><br \/>\nfot. teznia.radlin.pl<\/p>\n<div class=\"gliwi-a5-na-koncu-artykulow gliwi-entity-placement\" id=\"gliwi-1326448971\"><div class=\"gliwi-adlabel\"><span style=\"font-size: 9px\">REKLAMA<\/span><\/div><div id=\"gliwi-1784575907\" style=\"margin-left: auto;margin-right: auto;text-align: center;\"><a data-no-instant=\"1\" href=\"https:\/\/prezeroarenagliwice.pl\/\" rel=\"noopener\" class=\"a2t-link\" target=\"_blank\" aria-label=\"20260309-PREZERO-WIOSNA-D\"><img loading=\"lazy\" decoding=\"async\" src=\"https:\/\/www.24gliwice.pl\/wiadomosci\/wp-content\/uploads\/2026\/03\/20260309-PREZERO-WIOSNA-D.webp\" alt=\"\"  srcset=\"https:\/\/www.24gliwice.pl\/wiadomosci\/wp-content\/uploads\/2026\/03\/20260309-PREZERO-WIOSNA-D.webp 750w, https:\/\/www.24gliwice.pl\/wiadomosci\/wp-content\/uploads\/2026\/03\/20260309-PREZERO-WIOSNA-D-410x109.webp 410w\" sizes=\"(max-width: 750px) 100vw, 750px\" class=\"no-lazyload\" width=\"750\" height=\"200\"  style=\"display: inline-block; max-width: 100%; height: auto;\" \/><\/a><\/div><\/div>","protected":false},"excerpt":{"rendered":"<p>Par\u0119 zdrowych oddech\u00f3w przy solance w centrum miasta? Na biurko prezydenta Gliwic trafi\u0142 kolejny wniosek o budow\u0119 t\u0119\u017cni solankowej. Na podobny pomys\u0142 zdecydowa\u0142o si\u0119 w ostatnich latach ju\u017c kilka du\u017cych miast w Polsce. Czas na Gliwice? Magistrat nie m\u00f3wi &#8220;nie&#8221;. T\u0118\u017bNIA I \u015aCIE\u017bKA ROWEROWA DO CZECHOWIC O budow\u0119 t\u0119\u017cni solankowej zawnioskowa\u0142 w lipcu radny Krzysztof [&hellip;]<\/p>\n","protected":false},"author":12,"featured_media":121052,"comment_status":"open","ping_status":"closed","sticky":false,"template":"","format":"standard","meta":{"_monsterinsights_skip_tracking":false,"_monsterinsights_sitenote_active":false,"_monsterinsights_sitenote_note":"","_monsterinsights_sitenote_category":0,"footnotes":"","_links_to":"","_links_to_target":""},"categories":[3,1,9],"tags":[13033],"class_list":["post-121046","post","type-post","status-publish","format-standard","has-post-thumbnail","hentry","category-gliwice","category-wszystko","category-aktualnosci_lokalne","tag-teznia-solankowa-gliwice"],"yoast_head":"<!-- This site is optimized with the Yoast SEO plugin v27.5 - https:\/\/yoast.com\/product\/yoast-seo-wordpress\/ -->\n<title>W Gliwicach jak w Ciechocinku? Jest kolejny wniosek o budow\u0119 t\u0119\u017cni solankowej - 24GLIWICE - Portal Gliwice | codziennie nowe informacje<\/title>\n<meta name=\"robots\" content=\"index, follow, max-snippet:-1, max-image-preview:large, max-video-preview:-1\" \/>\n<link rel=\"canonical\" href=\"https:\/\/www.24gliwice.pl\/wiadomosci\/w-gliwicach-jak-w-ciechocinku-jest-kolejny-wniosek-o-budowe-tezni-solankowej\/\" \/>\n<meta property=\"og:locale\" content=\"pl_PL\" \/>\n<meta property=\"og:type\" content=\"article\" \/>\n<meta property=\"og:title\" content=\"W Gliwicach jak w Ciechocinku? Jest kolejny wniosek o budow\u0119 t\u0119\u017cni solankowej - 24GLIWICE - Portal Gliwice | codziennie nowe informacje\" \/>\n<meta property=\"og:description\" content=\"Par\u0119 zdrowych oddech\u00f3w przy solance w centrum miasta? Na biurko prezydenta Gliwic trafi\u0142 kolejny wniosek o budow\u0119 t\u0119\u017cni solankowej. Na podobny pomys\u0142 zdecydowa\u0142o si\u0119 w ostatnich latach ju\u017c kilka du\u017cych miast w Polsce. Czas na Gliwice? Magistrat nie m\u00f3wi &#8220;nie&#8221;. T\u0118\u017bNIA I \u015aCIE\u017bKA ROWEROWA DO CZECHOWIC O budow\u0119 t\u0119\u017cni solankowej zawnioskowa\u0142 w lipcu radny Krzysztof [&hellip;]\" \/>\n<meta property=\"og:url\" content=\"https:\/\/www.24gliwice.pl\/wiadomosci\/w-gliwicach-jak-w-ciechocinku-jest-kolejny-wniosek-o-budowe-tezni-solankowej\/\" \/>\n<meta property=\"og:site_name\" content=\"24GLIWICE - Portal Gliwice | codziennie nowe informacje\" \/>\n<meta property=\"article:publisher\" content=\"https:\/\/www.facebook.com\/24gliwice\" \/>\n<meta property=\"article:published_time\" content=\"2018-08-06T01:11:02+00:00\" \/>\n<meta property=\"og:image\" content=\"https:\/\/www.24gliwice.pl\/wiadomosci\/wp-content\/uploads\/2018\/08\/Teznia_solankowa_w_Radlinie-6.jpg\" \/>\n\t<meta property=\"og:image:width\" content=\"1200\" \/>\n\t<meta property=\"og:image:height\" content=\"676\" \/>\n\t<meta property=\"og:image:type\" content=\"image\/jpeg\" \/>\n<meta name=\"author\" content=\"Micha\u0142 Szewczyk\" \/>\n<meta name=\"twitter:card\" content=\"summary_large_image\" \/>\n<meta name=\"twitter:creator\" content=\"@24gliwice\" \/>\n<meta name=\"twitter:site\" content=\"@24gliwice\" \/>\n<meta name=\"twitter:label1\" content=\"Napisane przez\" \/>\n\t<meta name=\"twitter:data1\" content=\"Micha\u0142 Szewczyk\" \/>\n\t<meta name=\"twitter:label2\" content=\"Szacowany czas czytania\" \/>\n\t<meta name=\"twitter:data2\" content=\"4 minuty\" \/>\n<script type=\"application\/ld+json\" class=\"yoast-schema-graph\">{\"@context\":\"https:\\\/\\\/schema.org\",\"@graph\":[{\"@type\":\"Article\",\"@id\":\"https:\\\/\\\/www.24gliwice.pl\\\/wiadomosci\\\/w-gliwicach-jak-w-ciechocinku-jest-kolejny-wniosek-o-budowe-tezni-solankowej\\\/#article\",\"isPartOf\":{\"@id\":\"https:\\\/\\\/www.24gliwice.pl\\\/wiadomosci\\\/w-gliwicach-jak-w-ciechocinku-jest-kolejny-wniosek-o-budowe-tezni-solankowej\\\/\"},\"author\":{\"name\":\"Micha\u0142 Szewczyk\",\"@id\":\"https:\\\/\\\/www.24gliwice.pl\\\/wiadomosci\\\/#\\\/schema\\\/person\\\/940e8f8a097e322de4f463f061ef8d45\"},\"headline\":\"W Gliwicach jak w Ciechocinku? Jest kolejny wniosek o budow\u0119 t\u0119\u017cni solankowej\",\"datePublished\":\"2018-08-06T01:11:02+00:00\",\"mainEntityOfPage\":{\"@id\":\"https:\\\/\\\/www.24gliwice.pl\\\/wiadomosci\\\/w-gliwicach-jak-w-ciechocinku-jest-kolejny-wniosek-o-budowe-tezni-solankowej\\\/\"},\"wordCount\":811,\"commentCount\":0,\"publisher\":{\"@id\":\"https:\\\/\\\/www.24gliwice.pl\\\/wiadomosci\\\/#organization\"},\"image\":{\"@id\":\"https:\\\/\\\/www.24gliwice.pl\\\/wiadomosci\\\/w-gliwicach-jak-w-ciechocinku-jest-kolejny-wniosek-o-budowe-tezni-solankowej\\\/#primaryimage\"},\"thumbnailUrl\":\"https:\\\/\\\/www.24gliwice.pl\\\/wiadomosci\\\/wp-content\\\/uploads\\\/2018\\\/08\\\/Teznia_solankowa_w_Radlinie-6.jpg\",\"keywords\":[\"t\u0119znia solankowa gliwice\"],\"articleSection\":[\"Gliwice\",\"Najnowsze wiadomo\u015bci\",\"Portal Gliwice - Wiadomo\u015bci lokalne\"],\"inLanguage\":\"pl-PL\",\"potentialAction\":[{\"@type\":\"CommentAction\",\"name\":\"Comment\",\"target\":[\"https:\\\/\\\/www.24gliwice.pl\\\/wiadomosci\\\/w-gliwicach-jak-w-ciechocinku-jest-kolejny-wniosek-o-budowe-tezni-solankowej\\\/#respond\"]}]},{\"@type\":\"WebPage\",\"@id\":\"https:\\\/\\\/www.24gliwice.pl\\\/wiadomosci\\\/w-gliwicach-jak-w-ciechocinku-jest-kolejny-wniosek-o-budowe-tezni-solankowej\\\/\",\"url\":\"https:\\\/\\\/www.24gliwice.pl\\\/wiadomosci\\\/w-gliwicach-jak-w-ciechocinku-jest-kolejny-wniosek-o-budowe-tezni-solankowej\\\/\",\"name\":\"W Gliwicach jak w Ciechocinku? Jest kolejny wniosek o budow\u0119 t\u0119\u017cni solankowej - 24GLIWICE - Portal Gliwice | codziennie nowe informacje\",\"isPartOf\":{\"@id\":\"https:\\\/\\\/www.24gliwice.pl\\\/wiadomosci\\\/#website\"},\"primaryImageOfPage\":{\"@id\":\"https:\\\/\\\/www.24gliwice.pl\\\/wiadomosci\\\/w-gliwicach-jak-w-ciechocinku-jest-kolejny-wniosek-o-budowe-tezni-solankowej\\\/#primaryimage\"},\"image\":{\"@id\":\"https:\\\/\\\/www.24gliwice.pl\\\/wiadomosci\\\/w-gliwicach-jak-w-ciechocinku-jest-kolejny-wniosek-o-budowe-tezni-solankowej\\\/#primaryimage\"},\"thumbnailUrl\":\"https:\\\/\\\/www.24gliwice.pl\\\/wiadomosci\\\/wp-content\\\/uploads\\\/2018\\\/08\\\/Teznia_solankowa_w_Radlinie-6.jpg\",\"datePublished\":\"2018-08-06T01:11:02+00:00\",\"breadcrumb\":{\"@id\":\"https:\\\/\\\/www.24gliwice.pl\\\/wiadomosci\\\/w-gliwicach-jak-w-ciechocinku-jest-kolejny-wniosek-o-budowe-tezni-solankowej\\\/#breadcrumb\"},\"inLanguage\":\"pl-PL\",\"potentialAction\":[{\"@type\":\"ReadAction\",\"target\":[\"https:\\\/\\\/www.24gliwice.pl\\\/wiadomosci\\\/w-gliwicach-jak-w-ciechocinku-jest-kolejny-wniosek-o-budowe-tezni-solankowej\\\/\"]}]},{\"@type\":\"ImageObject\",\"inLanguage\":\"pl-PL\",\"@id\":\"https:\\\/\\\/www.24gliwice.pl\\\/wiadomosci\\\/w-gliwicach-jak-w-ciechocinku-jest-kolejny-wniosek-o-budowe-tezni-solankowej\\\/#primaryimage\",\"url\":\"https:\\\/\\\/www.24gliwice.pl\\\/wiadomosci\\\/wp-content\\\/uploads\\\/2018\\\/08\\\/Teznia_solankowa_w_Radlinie-6.jpg\",\"contentUrl\":\"https:\\\/\\\/www.24gliwice.pl\\\/wiadomosci\\\/wp-content\\\/uploads\\\/2018\\\/08\\\/Teznia_solankowa_w_Radlinie-6.jpg\",\"width\":1200,\"height\":676},{\"@type\":\"BreadcrumbList\",\"@id\":\"https:\\\/\\\/www.24gliwice.pl\\\/wiadomosci\\\/w-gliwicach-jak-w-ciechocinku-jest-kolejny-wniosek-o-budowe-tezni-solankowej\\\/#breadcrumb\",\"itemListElement\":[{\"@type\":\"ListItem\",\"position\":1,\"name\":\"Strona g\u0142\u00f3wna\",\"item\":\"https:\\\/\\\/www.24gliwice.pl\\\/wiadomosci\\\/\"},{\"@type\":\"ListItem\",\"position\":2,\"name\":\"W Gliwicach jak w Ciechocinku? Jest kolejny wniosek o budow\u0119 t\u0119\u017cni solankowej\"}]},{\"@type\":\"WebSite\",\"@id\":\"https:\\\/\\\/www.24gliwice.pl\\\/wiadomosci\\\/#website\",\"url\":\"https:\\\/\\\/www.24gliwice.pl\\\/wiadomosci\\\/\",\"name\":\"24GLIWICE - Portal Gliwice | codziennie nowe wiadomo\u015bci\",\"description\":\"Portal Miejski Gliwice\",\"publisher\":{\"@id\":\"https:\\\/\\\/www.24gliwice.pl\\\/wiadomosci\\\/#organization\"},\"potentialAction\":[{\"@type\":\"SearchAction\",\"target\":{\"@type\":\"EntryPoint\",\"urlTemplate\":\"https:\\\/\\\/www.24gliwice.pl\\\/wiadomosci\\\/?s={search_term_string}\"},\"query-input\":{\"@type\":\"PropertyValueSpecification\",\"valueRequired\":true,\"valueName\":\"search_term_string\"}}],\"inLanguage\":\"pl-PL\"},{\"@type\":\"Organization\",\"@id\":\"https:\\\/\\\/www.24gliwice.pl\\\/wiadomosci\\\/#organization\",\"name\":\"24gliwice\",\"url\":\"https:\\\/\\\/www.24gliwice.pl\\\/wiadomosci\\\/\",\"logo\":{\"@type\":\"ImageObject\",\"inLanguage\":\"pl-PL\",\"@id\":\"https:\\\/\\\/www.24gliwice.pl\\\/wiadomosci\\\/#\\\/schema\\\/logo\\\/image\\\/\",\"url\":\"https:\\\/\\\/www.24gliwice.pl\\\/wiadomosci\\\/wp-content\\\/uploads\\\/2024\\\/10\\\/24gliwice-logo-696.jpg\",\"contentUrl\":\"https:\\\/\\\/www.24gliwice.pl\\\/wiadomosci\\\/wp-content\\\/uploads\\\/2024\\\/10\\\/24gliwice-logo-696.jpg\",\"width\":696,\"height\":696,\"caption\":\"24gliwice\"},\"image\":{\"@id\":\"https:\\\/\\\/www.24gliwice.pl\\\/wiadomosci\\\/#\\\/schema\\\/logo\\\/image\\\/\"},\"sameAs\":[\"https:\\\/\\\/www.facebook.com\\\/24gliwice\",\"https:\\\/\\\/x.com\\\/24gliwice\",\"https:\\\/\\\/www.youtube.com\\\/@24gliwice\"]},{\"@type\":\"Person\",\"@id\":\"https:\\\/\\\/www.24gliwice.pl\\\/wiadomosci\\\/#\\\/schema\\\/person\\\/940e8f8a097e322de4f463f061ef8d45\",\"name\":\"Micha\u0142 Szewczyk\",\"image\":{\"@type\":\"ImageObject\",\"inLanguage\":\"pl-PL\",\"@id\":\"https:\\\/\\\/secure.gravatar.com\\\/avatar\\\/771b8b6c74cd8d255e46392d605e01a86133900ef09b6ef3c8d451c9d92288cf?s=96&d=mm&r=g\",\"url\":\"https:\\\/\\\/secure.gravatar.com\\\/avatar\\\/771b8b6c74cd8d255e46392d605e01a86133900ef09b6ef3c8d451c9d92288cf?s=96&d=mm&r=g\",\"contentUrl\":\"https:\\\/\\\/secure.gravatar.com\\\/avatar\\\/771b8b6c74cd8d255e46392d605e01a86133900ef09b6ef3c8d451c9d92288cf?s=96&d=mm&r=g\",\"caption\":\"Micha\u0142 Szewczyk\"},\"sameAs\":[\"http:\\\/\\\/www.gazeta-miejska.pl\"],\"url\":\"https:\\\/\\\/www.24gliwice.pl\\\/wiadomosci\\\/author\\\/michal-szewczyk\\\/\"}]}<\/script>\n<!-- \/ Yoast SEO plugin. -->","yoast_head_json":{"title":"W Gliwicach jak w Ciechocinku? Jest kolejny wniosek o budow\u0119 t\u0119\u017cni solankowej - 24GLIWICE - Portal Gliwice | codziennie nowe informacje","robots":{"index":"index","follow":"follow","max-snippet":"max-snippet:-1","max-image-preview":"max-image-preview:large","max-video-preview":"max-video-preview:-1"},"canonical":"https:\/\/www.24gliwice.pl\/wiadomosci\/w-gliwicach-jak-w-ciechocinku-jest-kolejny-wniosek-o-budowe-tezni-solankowej\/","og_locale":"pl_PL","og_type":"article","og_title":"W Gliwicach jak w Ciechocinku? Jest kolejny wniosek o budow\u0119 t\u0119\u017cni solankowej - 24GLIWICE - Portal Gliwice | codziennie nowe informacje","og_description":"Par\u0119 zdrowych oddech\u00f3w przy solance w centrum miasta? Na biurko prezydenta Gliwic trafi\u0142 kolejny wniosek o budow\u0119 t\u0119\u017cni solankowej. Na podobny pomys\u0142 zdecydowa\u0142o si\u0119 w ostatnich latach ju\u017c kilka du\u017cych miast w Polsce. Czas na Gliwice? Magistrat nie m\u00f3wi &#8220;nie&#8221;. T\u0118\u017bNIA I \u015aCIE\u017bKA ROWEROWA DO CZECHOWIC O budow\u0119 t\u0119\u017cni solankowej zawnioskowa\u0142 w lipcu radny Krzysztof [&hellip;]","og_url":"https:\/\/www.24gliwice.pl\/wiadomosci\/w-gliwicach-jak-w-ciechocinku-jest-kolejny-wniosek-o-budowe-tezni-solankowej\/","og_site_name":"24GLIWICE - Portal Gliwice | codziennie nowe informacje","article_publisher":"https:\/\/www.facebook.com\/24gliwice","article_published_time":"2018-08-06T01:11:02+00:00","og_image":[{"width":1200,"height":676,"url":"https:\/\/www.24gliwice.pl\/wiadomosci\/wp-content\/uploads\/2018\/08\/Teznia_solankowa_w_Radlinie-6.jpg","type":"image\/jpeg"}],"author":"Micha\u0142 Szewczyk","twitter_card":"summary_large_image","twitter_creator":"@24gliwice","twitter_site":"@24gliwice","twitter_misc":{"Napisane przez":"Micha\u0142 Szewczyk","Szacowany czas czytania":"4 minuty"},"schema":{"@context":"https:\/\/schema.org","@graph":[{"@type":"Article","@id":"https:\/\/www.24gliwice.pl\/wiadomosci\/w-gliwicach-jak-w-ciechocinku-jest-kolejny-wniosek-o-budowe-tezni-solankowej\/#article","isPartOf":{"@id":"https:\/\/www.24gliwice.pl\/wiadomosci\/w-gliwicach-jak-w-ciechocinku-jest-kolejny-wniosek-o-budowe-tezni-solankowej\/"},"author":{"name":"Micha\u0142 Szewczyk","@id":"https:\/\/www.24gliwice.pl\/wiadomosci\/#\/schema\/person\/940e8f8a097e322de4f463f061ef8d45"},"headline":"W Gliwicach jak w Ciechocinku? Jest kolejny wniosek o budow\u0119 t\u0119\u017cni solankowej","datePublished":"2018-08-06T01:11:02+00:00","mainEntityOfPage":{"@id":"https:\/\/www.24gliwice.pl\/wiadomosci\/w-gliwicach-jak-w-ciechocinku-jest-kolejny-wniosek-o-budowe-tezni-solankowej\/"},"wordCount":811,"commentCount":0,"publisher":{"@id":"https:\/\/www.24gliwice.pl\/wiadomosci\/#organization"},"image":{"@id":"https:\/\/www.24gliwice.pl\/wiadomosci\/w-gliwicach-jak-w-ciechocinku-jest-kolejny-wniosek-o-budowe-tezni-solankowej\/#primaryimage"},"thumbnailUrl":"https:\/\/www.24gliwice.pl\/wiadomosci\/wp-content\/uploads\/2018\/08\/Teznia_solankowa_w_Radlinie-6.jpg","keywords":["t\u0119znia solankowa gliwice"],"articleSection":["Gliwice","Najnowsze wiadomo\u015bci","Portal Gliwice - Wiadomo\u015bci lokalne"],"inLanguage":"pl-PL","potentialAction":[{"@type":"CommentAction","name":"Comment","target":["https:\/\/www.24gliwice.pl\/wiadomosci\/w-gliwicach-jak-w-ciechocinku-jest-kolejny-wniosek-o-budowe-tezni-solankowej\/#respond"]}]},{"@type":"WebPage","@id":"https:\/\/www.24gliwice.pl\/wiadomosci\/w-gliwicach-jak-w-ciechocinku-jest-kolejny-wniosek-o-budowe-tezni-solankowej\/","url":"https:\/\/www.24gliwice.pl\/wiadomosci\/w-gliwicach-jak-w-ciechocinku-jest-kolejny-wniosek-o-budowe-tezni-solankowej\/","name":"W Gliwicach jak w Ciechocinku? Jest kolejny wniosek o budow\u0119 t\u0119\u017cni solankowej - 24GLIWICE - Portal Gliwice | codziennie nowe informacje","isPartOf":{"@id":"https:\/\/www.24gliwice.pl\/wiadomosci\/#website"},"primaryImageOfPage":{"@id":"https:\/\/www.24gliwice.pl\/wiadomosci\/w-gliwicach-jak-w-ciechocinku-jest-kolejny-wniosek-o-budowe-tezni-solankowej\/#primaryimage"},"image":{"@id":"https:\/\/www.24gliwice.pl\/wiadomosci\/w-gliwicach-jak-w-ciechocinku-jest-kolejny-wniosek-o-budowe-tezni-solankowej\/#primaryimage"},"thumbnailUrl":"https:\/\/www.24gliwice.pl\/wiadomosci\/wp-content\/uploads\/2018\/08\/Teznia_solankowa_w_Radlinie-6.jpg","datePublished":"2018-08-06T01:11:02+00:00","breadcrumb":{"@id":"https:\/\/www.24gliwice.pl\/wiadomosci\/w-gliwicach-jak-w-ciechocinku-jest-kolejny-wniosek-o-budowe-tezni-solankowej\/#breadcrumb"},"inLanguage":"pl-PL","potentialAction":[{"@type":"ReadAction","target":["https:\/\/www.24gliwice.pl\/wiadomosci\/w-gliwicach-jak-w-ciechocinku-jest-kolejny-wniosek-o-budowe-tezni-solankowej\/"]}]},{"@type":"ImageObject","inLanguage":"pl-PL","@id":"https:\/\/www.24gliwice.pl\/wiadomosci\/w-gliwicach-jak-w-ciechocinku-jest-kolejny-wniosek-o-budowe-tezni-solankowej\/#primaryimage","url":"https:\/\/www.24gliwice.pl\/wiadomosci\/wp-content\/uploads\/2018\/08\/Teznia_solankowa_w_Radlinie-6.jpg","contentUrl":"https:\/\/www.24gliwice.pl\/wiadomosci\/wp-content\/uploads\/2018\/08\/Teznia_solankowa_w_Radlinie-6.jpg","width":1200,"height":676},{"@type":"BreadcrumbList","@id":"https:\/\/www.24gliwice.pl\/wiadomosci\/w-gliwicach-jak-w-ciechocinku-jest-kolejny-wniosek-o-budowe-tezni-solankowej\/#breadcrumb","itemListElement":[{"@type":"ListItem","position":1,"name":"Strona g\u0142\u00f3wna","item":"https:\/\/www.24gliwice.pl\/wiadomosci\/"},{"@type":"ListItem","position":2,"name":"W Gliwicach jak w Ciechocinku? Jest kolejny wniosek o budow\u0119 t\u0119\u017cni solankowej"}]},{"@type":"WebSite","@id":"https:\/\/www.24gliwice.pl\/wiadomosci\/#website","url":"https:\/\/www.24gliwice.pl\/wiadomosci\/","name":"24GLIWICE - Portal Gliwice | codziennie nowe wiadomo\u015bci","description":"Portal Miejski Gliwice","publisher":{"@id":"https:\/\/www.24gliwice.pl\/wiadomosci\/#organization"},"potentialAction":[{"@type":"SearchAction","target":{"@type":"EntryPoint","urlTemplate":"https:\/\/www.24gliwice.pl\/wiadomosci\/?s={search_term_string}"},"query-input":{"@type":"PropertyValueSpecification","valueRequired":true,"valueName":"search_term_string"}}],"inLanguage":"pl-PL"},{"@type":"Organization","@id":"https:\/\/www.24gliwice.pl\/wiadomosci\/#organization","name":"24gliwice","url":"https:\/\/www.24gliwice.pl\/wiadomosci\/","logo":{"@type":"ImageObject","inLanguage":"pl-PL","@id":"https:\/\/www.24gliwice.pl\/wiadomosci\/#\/schema\/logo\/image\/","url":"https:\/\/www.24gliwice.pl\/wiadomosci\/wp-content\/uploads\/2024\/10\/24gliwice-logo-696.jpg","contentUrl":"https:\/\/www.24gliwice.pl\/wiadomosci\/wp-content\/uploads\/2024\/10\/24gliwice-logo-696.jpg","width":696,"height":696,"caption":"24gliwice"},"image":{"@id":"https:\/\/www.24gliwice.pl\/wiadomosci\/#\/schema\/logo\/image\/"},"sameAs":["https:\/\/www.facebook.com\/24gliwice","https:\/\/x.com\/24gliwice","https:\/\/www.youtube.com\/@24gliwice"]},{"@type":"Person","@id":"https:\/\/www.24gliwice.pl\/wiadomosci\/#\/schema\/person\/940e8f8a097e322de4f463f061ef8d45","name":"Micha\u0142 Szewczyk","image":{"@type":"ImageObject","inLanguage":"pl-PL","@id":"https:\/\/secure.gravatar.com\/avatar\/771b8b6c74cd8d255e46392d605e01a86133900ef09b6ef3c8d451c9d92288cf?s=96&d=mm&r=g","url":"https:\/\/secure.gravatar.com\/avatar\/771b8b6c74cd8d255e46392d605e01a86133900ef09b6ef3c8d451c9d92288cf?s=96&d=mm&r=g","contentUrl":"https:\/\/secure.gravatar.com\/avatar\/771b8b6c74cd8d255e46392d605e01a86133900ef09b6ef3c8d451c9d92288cf?s=96&d=mm&r=g","caption":"Micha\u0142 Szewczyk"},"sameAs":["http:\/\/www.gazeta-miejska.pl"],"url":"https:\/\/www.24gliwice.pl\/wiadomosci\/author\/michal-szewczyk\/"}]}},"_links":{"self":[{"href":"https:\/\/www.24gliwice.pl\/wiadomosci\/wp-json\/wp\/v2\/posts\/121046","targetHints":{"allow":["GET"]}}],"collection":[{"href":"https:\/\/www.24gliwice.pl\/wiadomosci\/wp-json\/wp\/v2\/posts"}],"about":[{"href":"https:\/\/www.24gliwice.pl\/wiadomosci\/wp-json\/wp\/v2\/types\/post"}],"author":[{"embeddable":true,"href":"https:\/\/www.24gliwice.pl\/wiadomosci\/wp-json\/wp\/v2\/users\/12"}],"replies":[{"embeddable":true,"href":"https:\/\/www.24gliwice.pl\/wiadomosci\/wp-json\/wp\/v2\/comments?post=121046"}],"version-history":[{"count":0,"href":"https:\/\/www.24gliwice.pl\/wiadomosci\/wp-json\/wp\/v2\/posts\/121046\/revisions"}],"wp:featuredmedia":[{"embeddable":true,"href":"https:\/\/www.24gliwice.pl\/wiadomosci\/wp-json\/wp\/v2\/media\/121052"}],"wp:attachment":[{"href":"https:\/\/www.24gliwice.pl\/wiadomosci\/wp-json\/wp\/v2\/media?parent=121046"}],"wp:term":[{"taxonomy":"category","embeddable":true,"href":"https:\/\/www.24gliwice.pl\/wiadomosci\/wp-json\/wp\/v2\/categories?post=121046"},{"taxonomy":"post_tag","embeddable":true,"href":"https:\/\/www.24gliwice.pl\/wiadomosci\/wp-json\/wp\/v2\/tags?post=121046"}],"curies":[{"name":"wp","href":"https:\/\/api.w.org\/{rel}","templated":true}]}}