{"id":121285,"date":"2018-08-13T03:11:32","date_gmt":"2018-08-13T01:11:32","guid":{"rendered":"https:\/\/www.24gliwice.pl\/wiadomosci\/?p=121285"},"modified":"2018-08-14T00:52:45","modified_gmt":"2018-08-13T22:52:45","slug":"dwie-areny-w-gliwicach-dla-gosci-spoza-gliwic-moze-sie-pojawic-pewne-utrudnienie","status":"publish","type":"post","link":"https:\/\/www.24gliwice.pl\/wiadomosci\/dwie-areny-w-gliwicach-dla-gosci-spoza-gliwic-moze-sie-pojawic-pewne-utrudnienie\/","title":{"rendered":"Dwie &#8220;Areny&#8221; w jednym mie\u015bcie. &#8220;Dla go\u015bci spoza Gliwic mo\u017ce si\u0119 pojawi\u0107 pewne utrudnienie&#8221;"},"content":{"rendered":"<div class=\"gliwi-a6-nad-leadem-artykulow gliwi-entity-placement\" id=\"gliwi-3765431732\"><div class=\"gliwi-adlabel\"><span style=\"font-size: 9px\">REKLAMA<\/span><\/div><div id=\"gliwi-1900360989\" style=\"margin-bottom: 25px;margin-left: auto;margin-right: auto;text-align: center;\"><a data-no-instant=\"1\" href=\"https:\/\/dom100.eu\/\" rel=\"noopener\" class=\"a2t-link\" target=\"_blank\" aria-label=\"20260415 DOM100 D\"><img loading=\"lazy\" decoding=\"async\" src=\"https:\/\/www.24gliwice.pl\/wiadomosci\/wp-content\/uploads\/2026\/04\/20260415-DOM100-D.jpg\" alt=\"\"  srcset=\"https:\/\/www.24gliwice.pl\/wiadomosci\/wp-content\/uploads\/2026\/04\/20260415-DOM100-D.jpg 750w, https:\/\/www.24gliwice.pl\/wiadomosci\/wp-content\/uploads\/2026\/04\/20260415-DOM100-D-410x109.jpg 410w\" sizes=\"(max-width: 750px) 100vw, 750px\" class=\"no-lazyload\" width=\"750\" height=\"200\"  style=\"display: inline-block; max-width: 100%; height: auto;\" \/><\/a><\/div><\/div><h3>Jedno miasto, dwie areny, trzy profile w mediach spo\u0142eczno\u015bciowych. Przemianowanie Hali Gliwice na &#8220;Aren\u0119&#8221; obliczone by\u0142o na zwi\u0119kszenie jej rozpoznawalno\u015bci, ale na razie powsta\u0142 chaos komunikacyjny, w kt\u00f3rym w Internecie gubi si\u0119 nawet Google.<\/h3>\n<p>Pytania o sprawne i przede wszystkim czytelne budowanie marki otwartego w maju obiektu, pozostaj\u0105 wi\u0119c otwarte.<\/p>\n<h4>HALA GLIWICE vel PODIUM vel ARENA&#8230;<\/h4>\n<p>Dla wielu gliwiczan Arena Gliwice to nadal &#8220;Hala Podium&#8221; &#8211; bo tak pierwotnie mia\u0142 nazywa\u0107 si\u0119 obiekt przy ul. Akademickiej. W 2013 roku zdecydowano o zmianie nazwy. Neutralna &#8220;Hala Gliwice&#8221; mia\u0142a u\u0142atwi\u0107 pozyskanie sponsora tytularnego dla obiektu (jak np. Tauron Arena Krak\u00f3w czy \u0142\u00f3dzka Atlas Arena). Gdy ambitne plany spali\u0142y na panewce, jesieni\u0105 2017 roku Miasto wprowadzi\u0142o do komunikacji &#8220;Aren\u0119 Gliwice&#8221;.<\/p><div class=\"gliwi-a3-w-tresci-artykulow gliwi-entity-placement\" id=\"gliwi-4093274317\"><div class=\"gliwi-adlabel\"><span style=\"font-size: 9px\">REKLAMA<\/span><\/div><div id=\"gliwi-2551003534\" style=\"margin-bottom: 30px;margin-left: auto;margin-right: auto;text-align: center;\"><a data-no-instant=\"1\" href=\"https:\/\/zlobek.halogen.org.pl\/\" rel=\"noopener\" class=\"a2t-link\" target=\"_blank\" aria-label=\"animator-zlobek_750x200\"><img loading=\"lazy\" decoding=\"async\" src=\"https:\/\/www.24gliwice.pl\/wiadomosci\/wp-content\/uploads\/2026\/02\/animator-zlobek_750x200.webp\" alt=\"\"  srcset=\"https:\/\/www.24gliwice.pl\/wiadomosci\/wp-content\/uploads\/2026\/02\/animator-zlobek_750x200.webp 750w, https:\/\/www.24gliwice.pl\/wiadomosci\/wp-content\/uploads\/2026\/02\/animator-zlobek_750x200-410x109.webp 410w\" sizes=\"(max-width: 750px) 100vw, 750px\" class=\"no-lazyload\" width=\"750\" height=\"200\"  style=\"display: inline-block; max-width: 100%; height: auto;\" \/><\/a><\/div><\/div>\n<p style=\"padding-left: 30px;\">&#8211; Okre\u015blenie jest zgodne z nazwami, kt\u00f3re obowi\u0105zuj\u0105 nie tylko w Polsce, ale na ca\u0142ym \u015bwiecie, je\u015bli chodzi o nazwy miejsc, w kt\u00f3rych organizowane s\u0105 du\u017ce wydarzenia muzyczne, artystyczne czy sportowe (np. Malmo Arena, Barclaycard Arena, Altice Arena) &#8211; uzasadnia t\u0119 decyzj\u0119 <strong>Barbara Wasyliszyn<\/strong> z gliwickiego PWIK, kt\u00f3ry administruje obiektem. &#8211; To r\u00f3wnie\u017c nazwa kr\u00f3tsza i \u0142atwiej zapadaj\u0105ca w pami\u0119\u0107. W\u0142a\u015bciwe okre\u015blenie Areny Gliwice pozwala zaistnie\u0107 na mapie \u015bwiatowych miejsc eventowych &#8211; t\u0142umaczy.<\/p>\n<p><a href=\"https:\/\/www.24gliwice.pl\/wiadomosci\/wp-content\/uploads\/2018\/08\/1-20180530_164807.jpg\"><img loading=\"lazy\" decoding=\"async\" class=\"aligncenter size-large wp-image-121335\" src=\"https:\/\/www.24gliwice.pl\/wiadomosci\/wp-content\/uploads\/2018\/08\/1-20180530_164807-808x455.jpg\" alt=\"\" width=\"808\" height=\"455\" srcset=\"https:\/\/www.24gliwice.pl\/wiadomosci\/wp-content\/uploads\/2018\/08\/1-20180530_164807-808x455.jpg 808w, https:\/\/www.24gliwice.pl\/wiadomosci\/wp-content\/uploads\/2018\/08\/1-20180530_164807-410x232.jpg 410w, https:\/\/www.24gliwice.pl\/wiadomosci\/wp-content\/uploads\/2018\/08\/1-20180530_164807-768x432.jpg 768w, https:\/\/www.24gliwice.pl\/wiadomosci\/wp-content\/uploads\/2018\/08\/1-20180530_164807.jpg 810w\" sizes=\"auto, (max-width: 808px) 100vw, 808px\" \/><\/a><\/p>\n<p>Argumenty s\u0142uszne, ale kruszej\u0105 w zderzeniu z gliwick\u0105 rzeczywisto\u015bci\u0105, gdzie od 12 lat dzia\u0142a Park Handlowy Arena. Decyzja o wprowadzeniu drugiej &#8220;areny&#8221; to spore ryzyko, a pierwsze miesi\u0105ce pokazuj\u0105, \u017ce obawy by\u0142y uzasadnione. W praktyce w Gliwicach funkcjonuj\u0105 dwa podmioty, kt\u00f3re buduj\u0105 swoj\u0105 mark\u0119 na tej samej nazwie. Jak si\u0119 nieoficjalnie dowiedzieli\u015bmy, w PH Arena rozdzwaniaj\u0105 si\u0119 telefony z pytaniem o mo\u017cliwo\u015b\u0107 kupna biletu na koncert, a koncertowych go\u015bci spoza miasta nawigacja kieruje na sklepowy parking. Jest to zreszt\u0105 uzasadnione. [perfectpullquote align=&#8221;full&#8221; bordertop=&#8221;false&#8221; cite=&#8221;&#8221; link=&#8221;&#8221; color=&#8221;&#8221; class=&#8221;&#8221; size=&#8221;&#8221;]Kiedy wpiszemy w przegl\u0105darce &#8220;arena gliwice dojazd&#8221;, Google podpowie nam w\u0142a\u015bnie tras\u0119 do Parku Handlowego. Kierowca oczywi\u015bcie mo\u017ce zmieni\u0107 ustawienia, ale musi wiedzie\u0107, \u017ce w Gliwicach znajduj\u0105 si\u0119 dwie &#8220;areny&#8221;.[\/perfectpullquote]\n<p>Arena Gliwice zreszt\u0105 umiej\u0119tnie pr\u00f3buje zmyli\u0107 najwi\u0119ksz\u0105 \u015bwiatow\u0105 przegladark\u0119 bo wizyt\u00f3wka w Google nadal stworzona jest na nazw\u0119 &#8220;Hali Gliwice&#8221;. Zamieszanie komunikacyjne dobrze pokazuje niedawna publikacja w jednym z najwa\u017cniejszych dziennik\u00f3w na \u015al\u0105sku, kt\u00f3ry zaprasza\u0142 na imprez\u0119 w Arenie Gliwice przy ulicy&#8230; Jana Nowaka Jeziora\u0144skiego (czyli w Parku Handlowym).<\/p>\n<h4>W SIECI JESZCZE TRUDNIEJ<\/h4>\n<p>&#8211; Nazwa obiekt widowiskowo-sportowy \u201eArena Gliwice&#8221; nie koliduje z nazw\u0105 Park Handlowy \u201eArena&#8221;, poniewa\u017c nazwy znaczeniowo dotycz\u0105 dw\u00f3ch r\u00f3\u017cnych obiekt\u00f3w, o r\u00f3\u017cnym charakterze us\u0142ugowym &#8211; przekonuje Barbara Wasyliszyn.<\/p>\n<p>Podobnie uwa\u017ca <strong>Anna Kowalska<\/strong>, Shopping Centre Director, w PH Arena Gliwic.<br \/>\n&#8211; Nasza marka ma ugruntowan\u0105 pozycj\u0119 zar\u00f3wno w\u015br\u00f3d mieszka\u0144c\u00f3w miasta, jak i ca\u0142ego regionu. Jest zakorzeniona w \u015bwiadomo\u015bci odbiorc\u00f3w jako obiekt handlowy z szerok\u0105 ofert\u0105 zakupow\u0105, gastronomiczn\u0105 i us\u0142ugow\u0105, ale te\u017c miejsce spotka\u0144 i wydarze\u0144. Natomiast nowo otwarta hala widowiskowo-sportowa Arena Gliwice to obiekt, w kt\u00f3rym przede wszystkim odbywa\u0107 si\u0119 b\u0119d\u0105 imprezy kulturalne o zasi\u0119gu ponadregionalnym oraz cykliczne imprezy sportowe &#8211; m\u00f3wi i podkre\u015bla, \u017ce oba obiekty wsp\u00f3\u0142pracuj\u0105 ze sob\u0105 nad przygotowywaniem czytelnych komunikat\u00f3w.<\/p>\n<p><a href=\"https:\/\/www.24gliwice.pl\/wiadomosci\/wp-content\/uploads\/2018\/08\/park-handlowy-arena.jpg\"><img loading=\"lazy\" decoding=\"async\" class=\"aligncenter size-large wp-image-121334\" src=\"https:\/\/www.24gliwice.pl\/wiadomosci\/wp-content\/uploads\/2018\/08\/park-handlowy-arena-808x455.jpg\" alt=\"\" width=\"808\" height=\"455\" srcset=\"https:\/\/www.24gliwice.pl\/wiadomosci\/wp-content\/uploads\/2018\/08\/park-handlowy-arena-808x455.jpg 808w, https:\/\/www.24gliwice.pl\/wiadomosci\/wp-content\/uploads\/2018\/08\/park-handlowy-arena-410x232.jpg 410w, https:\/\/www.24gliwice.pl\/wiadomosci\/wp-content\/uploads\/2018\/08\/park-handlowy-arena-768x432.jpg 768w, https:\/\/www.24gliwice.pl\/wiadomosci\/wp-content\/uploads\/2018\/08\/park-handlowy-arena.jpg 810w\" sizes=\"auto, (max-width: 808px) 100vw, 808px\" \/><\/a><\/p>\n<p>&#8211; Musimy uzbroi\u0107 si\u0119 w cierpliwo\u015b\u0107. Rzeczywi\u015bcie dla go\u015bci spoza Gliwic mo\u017ce pojawi\u0107 si\u0119 pewne utrudnienie, bo bywa, \u017ce mapy Google kieruj\u0105 do Parku Handlowego. Pracujemy nad uporz\u0105dkowaniem tej kwestii &#8211; zaznacza\u00a0<strong>Marta Ca\u0142a-Sturzbecher<\/strong> z agencji Moma Marketing, kt\u00f3ra odpowiada za marketing gliwickiej hali. &#8211; Po pierwszym okresie funkcjonowania Areny Gliwice mo\u017cemy powiedzie\u0107, \u017ce pocz\u0105tkowe obawy nie zi\u015bci\u0142y si\u0119. Oczywi\u015bcie by\u0142y g\u0142osy krytyki, jednak pojedyncze (a spodziewali\u015bmy si\u0119 wi\u0119kszego poziomu niezadowolenia) i przewa\u017cnie &#8216;w kuluarach&#8217;. Warto zauwa\u017cy\u0107, \u017ce przyjezdni nie znaj\u0105 PH Arena i k\u0142opot z nazewnictwem dla nich nie istnieje &#8211; dodaje zapytana o problemy komunikacyjne, ale przyznaje, \u017ce wyzwaniem dla obiektu jest uporz\u0105dkowanie sytuacji w internecie.<\/p>\n<h4>SPRAWD\u0179 JAKI PROFIL ARENY LUBISZ<\/h4>\n<p>Zamieszanie wok\u00f3\u0142 nazw obiekt\u00f3w spot\u0119gowane zosta\u0142o bowiem na facebooku. Funkcjonuj\u0105 tu trzy du\u017ce profile: &#8220;Park Handlowy Arena&#8221;, &#8220;Arena Gliwice&#8221;, &#8220;Arena Gliwice oficjalnie&#8221;. Dla u\u017cytkownik\u00f3w wyzwanie, z kt\u00f3rym wielu sobie nie radzi. Najpopularniejszy z tej tr\u00f3jki, jest profil &#8220;Arena Gliwice&#8221; (18 tysi\u0119cy fan\u00f3w). Naturalna nazwa, szerokie grono odbiorc\u00f3w i sta\u0142a aktualizacja &#8211; w pierwszej chwili trudno nabra\u0107 podejrze\u0144.<\/p>\n<p>Tymczasem to profil prowadzony przez osoby z zewn\u0105trz, w dodatku do\u015b\u0107 swobodnie podchodz\u0105ce do zamieszczanych tre\u015bci (ostatnio pojawi\u0142y si\u0119 np. wulgaryzmy). Pod wpisami komentuj\u0105 wi\u0119c oburzeni u\u017cytkownicy. Z wyja\u015bnieniami spieszy\u0107 pr\u00f3buje profil &#8220;Arena Gliwice oficjalnie&#8221; (4 tysi\u0105ce fan\u00f3w i rzeczywi\u015bcie jest to fanpage oficjalny).<\/p>\n<p>Chcieli\u015bmy porozmawia\u0107 z administratorami &#8220;Areny Gliwice&#8221; na temat plan\u00f3w ich dzia\u0142alno\u015bci i gwa\u0142townego przyrostu fan\u00f3w na facebooku. Otrzymali\u015bmy kr\u00f3tk\u0105 informacj\u0119:<br \/>\n&#8211; Dzi\u0119kujemy za wiadomo\u015b\u0107. Staramy si\u0119 odpowiada\u0107 jak najszybciej. Wkr\u00f3tce si\u0119 odezwiemy. Ps. Profil ten nie ma nic wsp\u00f3lnego z hal\u0105 sportow\u0105 a tak\u017ce Pasa\u017cem Handlowym, informacje w tych tematach b\u0119d\u0105 ignorowane.<\/p>\n<p>Jak obiecali, tak zrobili, zostali\u015bmy zignorowani. <strong>(*)<\/strong><\/p>\n<h4>B\u0118DZIE CZWARTA NAZWA?<\/h4>\n<p>Zapowiedzi Magistratu o ch\u0119ci pozyskania sponsora tytularnego, cho\u0107 min\u0119\u0142o ju\u017c pi\u0119\u0107 lat, nadal wydaj\u0105 si\u0119 aktualne. Niewykluczone wi\u0119c, \u017ce gliwicka hala w niedalekiej perspektywie czasowej zmieni nazw\u0119. Po raz czwarty.<\/p>\n<p>W Gliwicach czas poka\u017ce, kt\u00f3ra nazwa zakorzeni si\u0119 w powszechnym u\u017cyciu najsilniej (na razie wydaje si\u0119, \u017ce mocno trzyma si\u0119 pierwsze &#8220;Podium&#8221;). Wydaje si\u0119, \u017ce dla urz\u0119dnik\u00f3w to sprawa drugoplanowa, a wa\u017cny jest komunikat wysy\u0142any poza miasto. To zreszt\u0105 wiele m\u00f3wi o samej inwestycji i jej ukierunkowaniu (w j\u0119zyku marketingu powiedzieliby\u015bmy &#8220;targetowaniu&#8221;). Z w\u0142asnego portfela sfinansowali\u015bmy atrakcj\u0119 dla go\u015bci spoza miasta. Pozostaje wi\u0119c wiara, \u017ce obiekt wypracuje zysk i przynajmniej zr\u00f3wnowa\u017cy poniesione koszty. Pom\u00f3c w tym mo\u017ce jasna strategia komunikacyjna. Czy Gliwice i hala takow\u0105 posiadaj\u0105? Odpowiedzi\u0105 niech b\u0119dzie zagadka. Arena-gliwice.pl, arena.gliwice.pl, arenagliwice.com &#8211; trzy adresy stron internetowych pojawiaj\u0105ce si\u0119 w Google. Kt\u00f3ry z nich jest witryn\u0105 Areny Gliwice?<\/p>\n<p><strong>Micha\u0142 Szewczyk<\/strong><\/p>\n<p>&#8212;-<\/p>\n<p style=\"padding-left: 30px;\"><strong>(*)UZUPE\u0141NIENIE.<\/strong> Po publikacji artyku\u0142u, administrator profilu &#8220;Arena Gliwice&#8221; zdecydowa\u0142 si\u0119 udzieli\u0107 odpowiedzi na pytania, kt\u00f3re wcze\u015bniej wys\u0142ali\u015bmy. Przytaczamy\u00a0 j\u0105 bez \u017cadnych skr\u00f3t\u00f3w i poprawek, w ca\u0142o\u015bci:<\/p>\n<p style=\"padding-left: 30px;\"><span style=\"color: #808080;\"><em>&#8220;Profil Arena Gliwice zosta\u0142 przeze mnie za\u0142o\u017cony du\u017co wcze\u015bniej ni\u017c powstanie hali, a tym samym przed profilem, kt\u00f3ry obecnie nazywa si\u0119 Oficjalnym. Odpowiadaj\u0105c na Pa\u0144stwa pytanie: \u201eCzy du\u017co os\u00f3b pisze do mnie w sprawie Areny?\u201d \u2013 odpowied\u017a: Tak. S\u0105 to najcz\u0119\u015bciej wiadomo\u015bci krytyczne dotycz\u0105ce z\u0142ej organizacji imprez np. brak informacji dojazdu, planu i harmonogramu wydarzenia. Dodatkowo zg\u0142aszane s\u0105 uwagi dotycz\u0105ce ubogiej listy wydarze\u0144 w tak ogromnym obiekcie. Tote\u017c zdecydowa\u0142em si\u0119 wi\u0119c na jeszcze wi\u0119ksze informowanie, \u017ce z danymi kwestiami nie mam nic wsp\u00f3lnego. Strona internetowa i e-mail marketing to podstawowe sposoby na reklam\u0119. Zatem by promowa\u0107 dan\u0105 inwestycj\u0119 wa\u017cne wydaje si\u0119 sprawdzenie obecnych reali\u00f3w rynku, a has\u0142a i nazwa powinny by\u0107 dog\u0142\u0119bnie przemy\u015blane i sprawdzone np. pod wzgl\u0119dem dost\u0119pno\u015bci. My\u015bl\u0119, \u017ce taki spos\u00f3b post\u0119powania sprzyja\u0142by odniesieniu sukcesu i wyeliminowa\u0142 wszystkie niedogodno\u015bci i dwuznaczno\u015bci. Je\u015bli chodzi o mnie &#8211; administratora profilu \u201eArena Gliwice\u201d nie jest \u017cadnym problemem przekazanie nazwy \/czystego profilu\/domeny dla tej instytucji. Jednak nikt z zarz\u0105dc\u00f3w nie zg\u0142osi\u0142 si\u0119 do mnie w tej sprawie. M\u00f3j profil zosta\u0142 stworzony wcze\u015bniej od tego, kt\u00f3ry teraz nazywa si\u0119 oficjalnym \u2013 zatem obecna instytucja zarz\u0105dzaj\u0105ca, nie jest w stanie przej\u0105\u0107 tej nazwy. Poniewa\u017c ja j\u0105 wcze\u015bniej stworzy\u0142em. Wielu kwestii mo\u017cemy dopatrywa\u0107 si\u0119 w tej ca\u0142ej sytuacji. Osoby znaj\u0105ce spraw\u0119 mog\u0119 doszukiwa\u0107 si\u0119 nepotyzmu inne za\u015b braku profesjonalizmu \u2013 ja jednak wska\u017ce jedn\u0105 \u2013 brak rozmowy. Poniewa\u017c nikt z \u201edrugiej strony\u201d nie zwr\u00f3ci\u0142 si\u0119 do mnie oficjalnie z zapytaniem czy mog\u0119 przekaza\u0107 im dan\u0105 nazw\u0119 bo wywo\u0142uje ona okre\u015blony problem. My\u015bl\u0119 \u017ce sprawa by\u0142aby do rozwi\u0105zania w przys\u0142owiowe 5 minut. Zabrak\u0142o jednak zwyczajnie ch\u0119ci do rozmowy z drugiej strony.&#8221;<\/em><\/span><\/p>\n<div class=\"gliwi-a5-na-koncu-artykulow gliwi-entity-placement\" id=\"gliwi-1870704535\"><div class=\"gliwi-adlabel\"><span style=\"font-size: 9px\">REKLAMA<\/span><\/div><div id=\"gliwi-1545002511\" style=\"margin-left: auto;margin-right: auto;text-align: center;\"><a data-no-instant=\"1\" href=\"https:\/\/prezeroarenagliwice.pl\/\" rel=\"noopener\" class=\"a2t-link\" target=\"_blank\" aria-label=\"20260309-PREZERO-WIOSNA-D\"><img loading=\"lazy\" decoding=\"async\" src=\"https:\/\/www.24gliwice.pl\/wiadomosci\/wp-content\/uploads\/2026\/03\/20260309-PREZERO-WIOSNA-D.webp\" alt=\"\"  srcset=\"https:\/\/www.24gliwice.pl\/wiadomosci\/wp-content\/uploads\/2026\/03\/20260309-PREZERO-WIOSNA-D.webp 750w, https:\/\/www.24gliwice.pl\/wiadomosci\/wp-content\/uploads\/2026\/03\/20260309-PREZERO-WIOSNA-D-410x109.webp 410w\" sizes=\"(max-width: 750px) 100vw, 750px\" class=\"no-lazyload\" width=\"750\" height=\"200\"  style=\"display: inline-block; max-width: 100%; height: auto;\" \/><\/a><\/div><\/div>","protected":false},"excerpt":{"rendered":"<p>Jedno miasto, dwie areny, trzy profile w mediach spo\u0142eczno\u015bciowych. Przemianowanie Hali Gliwice na &#8220;Aren\u0119&#8221; obliczone by\u0142o na zwi\u0119kszenie jej rozpoznawalno\u015bci, ale na razie powsta\u0142 chaos komunikacyjny, w kt\u00f3rym w Internecie gubi si\u0119 nawet Google. Pytania o sprawne i przede wszystkim czytelne budowanie marki otwartego w maju obiektu, pozostaj\u0105 wi\u0119c otwarte. HALA GLIWICE vel PODIUM vel [&hellip;]<\/p>\n","protected":false},"author":12,"featured_media":121332,"comment_status":"open","ping_status":"closed","sticky":false,"template":"","format":"standard","meta":{"_monsterinsights_skip_tracking":false,"_monsterinsights_sitenote_active":false,"_monsterinsights_sitenote_note":"","_monsterinsights_sitenote_category":0,"footnotes":"","_links_to":"","_links_to_target":""},"categories":[3,1,9],"tags":[3077,1046],"class_list":["post-121285","post","type-post","status-publish","format-standard","has-post-thumbnail","hentry","category-gliwice","category-wszystko","category-aktualnosci_lokalne","tag-arena-gliwice","tag-park-handlowy-arena"],"yoast_head":"<!-- This site is optimized with the Yoast SEO plugin v27.5 - https:\/\/yoast.com\/product\/yoast-seo-wordpress\/ -->\n<title>Dwie &quot;Areny&quot; w jednym mie\u015bcie. &quot;Dla go\u015bci spoza Gliwic mo\u017ce si\u0119 pojawi\u0107 pewne utrudnienie&quot; - 24GLIWICE - Portal Gliwice | codziennie nowe informacje<\/title>\n<meta name=\"robots\" content=\"index, follow, max-snippet:-1, max-image-preview:large, max-video-preview:-1\" \/>\n<link rel=\"canonical\" href=\"https:\/\/www.24gliwice.pl\/wiadomosci\/dwie-areny-w-gliwicach-dla-gosci-spoza-gliwic-moze-sie-pojawic-pewne-utrudnienie\/\" \/>\n<meta property=\"og:locale\" content=\"pl_PL\" \/>\n<meta property=\"og:type\" content=\"article\" \/>\n<meta property=\"og:title\" content=\"Dwie &quot;Areny&quot; w jednym mie\u015bcie. &quot;Dla go\u015bci spoza Gliwic mo\u017ce si\u0119 pojawi\u0107 pewne utrudnienie&quot; - 24GLIWICE - Portal Gliwice | codziennie nowe informacje\" \/>\n<meta property=\"og:description\" content=\"Jedno miasto, dwie areny, trzy profile w mediach spo\u0142eczno\u015bciowych. Przemianowanie Hali Gliwice na &#8220;Aren\u0119&#8221; obliczone by\u0142o na zwi\u0119kszenie jej rozpoznawalno\u015bci, ale na razie powsta\u0142 chaos komunikacyjny, w kt\u00f3rym w Internecie gubi si\u0119 nawet Google. Pytania o sprawne i przede wszystkim czytelne budowanie marki otwartego w maju obiektu, pozostaj\u0105 wi\u0119c otwarte. HALA GLIWICE vel PODIUM vel [&hellip;]\" \/>\n<meta property=\"og:url\" content=\"https:\/\/www.24gliwice.pl\/wiadomosci\/dwie-areny-w-gliwicach-dla-gosci-spoza-gliwic-moze-sie-pojawic-pewne-utrudnienie\/\" \/>\n<meta property=\"og:site_name\" content=\"24GLIWICE - Portal Gliwice | codziennie nowe informacje\" \/>\n<meta property=\"article:publisher\" content=\"https:\/\/www.facebook.com\/24gliwice\" \/>\n<meta property=\"article:published_time\" content=\"2018-08-13T01:11:32+00:00\" \/>\n<meta property=\"article:modified_time\" content=\"2018-08-13T22:52:45+00:00\" \/>\n<meta property=\"og:image\" content=\"https:\/\/www.24gliwice.pl\/wiadomosci\/wp-content\/uploads\/2018\/08\/1-arena-gliwice.jpg\" \/>\n\t<meta property=\"og:image:width\" content=\"810\" \/>\n\t<meta property=\"og:image:height\" content=\"450\" \/>\n\t<meta property=\"og:image:type\" content=\"image\/jpeg\" \/>\n<meta name=\"author\" content=\"Micha\u0142 Szewczyk\" \/>\n<meta name=\"twitter:card\" content=\"summary_large_image\" \/>\n<meta name=\"twitter:creator\" content=\"@24gliwice\" \/>\n<meta name=\"twitter:site\" content=\"@24gliwice\" \/>\n<meta name=\"twitter:label1\" content=\"Napisane przez\" \/>\n\t<meta name=\"twitter:data1\" content=\"Micha\u0142 Szewczyk\" \/>\n\t<meta name=\"twitter:label2\" content=\"Szacowany czas czytania\" \/>\n\t<meta name=\"twitter:data2\" content=\"7 minut\" \/>\n<script type=\"application\/ld+json\" class=\"yoast-schema-graph\">{\"@context\":\"https:\\\/\\\/schema.org\",\"@graph\":[{\"@type\":\"Article\",\"@id\":\"https:\\\/\\\/www.24gliwice.pl\\\/wiadomosci\\\/dwie-areny-w-gliwicach-dla-gosci-spoza-gliwic-moze-sie-pojawic-pewne-utrudnienie\\\/#article\",\"isPartOf\":{\"@id\":\"https:\\\/\\\/www.24gliwice.pl\\\/wiadomosci\\\/dwie-areny-w-gliwicach-dla-gosci-spoza-gliwic-moze-sie-pojawic-pewne-utrudnienie\\\/\"},\"author\":{\"name\":\"Micha\u0142 Szewczyk\",\"@id\":\"https:\\\/\\\/www.24gliwice.pl\\\/wiadomosci\\\/#\\\/schema\\\/person\\\/940e8f8a097e322de4f463f061ef8d45\"},\"headline\":\"Dwie &#8220;Areny&#8221; w jednym mie\u015bcie. &#8220;Dla go\u015bci spoza Gliwic mo\u017ce si\u0119 pojawi\u0107 pewne utrudnienie&#8221;\",\"datePublished\":\"2018-08-13T01:11:32+00:00\",\"dateModified\":\"2018-08-13T22:52:45+00:00\",\"mainEntityOfPage\":{\"@id\":\"https:\\\/\\\/www.24gliwice.pl\\\/wiadomosci\\\/dwie-areny-w-gliwicach-dla-gosci-spoza-gliwic-moze-sie-pojawic-pewne-utrudnienie\\\/\"},\"wordCount\":1418,\"commentCount\":0,\"publisher\":{\"@id\":\"https:\\\/\\\/www.24gliwice.pl\\\/wiadomosci\\\/#organization\"},\"image\":{\"@id\":\"https:\\\/\\\/www.24gliwice.pl\\\/wiadomosci\\\/dwie-areny-w-gliwicach-dla-gosci-spoza-gliwic-moze-sie-pojawic-pewne-utrudnienie\\\/#primaryimage\"},\"thumbnailUrl\":\"https:\\\/\\\/www.24gliwice.pl\\\/wiadomosci\\\/wp-content\\\/uploads\\\/2018\\\/08\\\/1-arena-gliwice.jpg\",\"keywords\":[\"ARENA GLIWICE\",\"PARK HANDLOWY ARENA\"],\"articleSection\":[\"Gliwice\",\"Najnowsze wiadomo\u015bci\",\"Portal Gliwice - Wiadomo\u015bci lokalne\"],\"inLanguage\":\"pl-PL\",\"potentialAction\":[{\"@type\":\"CommentAction\",\"name\":\"Comment\",\"target\":[\"https:\\\/\\\/www.24gliwice.pl\\\/wiadomosci\\\/dwie-areny-w-gliwicach-dla-gosci-spoza-gliwic-moze-sie-pojawic-pewne-utrudnienie\\\/#respond\"]}]},{\"@type\":\"WebPage\",\"@id\":\"https:\\\/\\\/www.24gliwice.pl\\\/wiadomosci\\\/dwie-areny-w-gliwicach-dla-gosci-spoza-gliwic-moze-sie-pojawic-pewne-utrudnienie\\\/\",\"url\":\"https:\\\/\\\/www.24gliwice.pl\\\/wiadomosci\\\/dwie-areny-w-gliwicach-dla-gosci-spoza-gliwic-moze-sie-pojawic-pewne-utrudnienie\\\/\",\"name\":\"Dwie \\\"Areny\\\" w jednym mie\u015bcie. \\\"Dla go\u015bci spoza Gliwic mo\u017ce si\u0119 pojawi\u0107 pewne utrudnienie\\\" - 24GLIWICE - Portal Gliwice | codziennie nowe informacje\",\"isPartOf\":{\"@id\":\"https:\\\/\\\/www.24gliwice.pl\\\/wiadomosci\\\/#website\"},\"primaryImageOfPage\":{\"@id\":\"https:\\\/\\\/www.24gliwice.pl\\\/wiadomosci\\\/dwie-areny-w-gliwicach-dla-gosci-spoza-gliwic-moze-sie-pojawic-pewne-utrudnienie\\\/#primaryimage\"},\"image\":{\"@id\":\"https:\\\/\\\/www.24gliwice.pl\\\/wiadomosci\\\/dwie-areny-w-gliwicach-dla-gosci-spoza-gliwic-moze-sie-pojawic-pewne-utrudnienie\\\/#primaryimage\"},\"thumbnailUrl\":\"https:\\\/\\\/www.24gliwice.pl\\\/wiadomosci\\\/wp-content\\\/uploads\\\/2018\\\/08\\\/1-arena-gliwice.jpg\",\"datePublished\":\"2018-08-13T01:11:32+00:00\",\"dateModified\":\"2018-08-13T22:52:45+00:00\",\"breadcrumb\":{\"@id\":\"https:\\\/\\\/www.24gliwice.pl\\\/wiadomosci\\\/dwie-areny-w-gliwicach-dla-gosci-spoza-gliwic-moze-sie-pojawic-pewne-utrudnienie\\\/#breadcrumb\"},\"inLanguage\":\"pl-PL\",\"potentialAction\":[{\"@type\":\"ReadAction\",\"target\":[\"https:\\\/\\\/www.24gliwice.pl\\\/wiadomosci\\\/dwie-areny-w-gliwicach-dla-gosci-spoza-gliwic-moze-sie-pojawic-pewne-utrudnienie\\\/\"]}]},{\"@type\":\"ImageObject\",\"inLanguage\":\"pl-PL\",\"@id\":\"https:\\\/\\\/www.24gliwice.pl\\\/wiadomosci\\\/dwie-areny-w-gliwicach-dla-gosci-spoza-gliwic-moze-sie-pojawic-pewne-utrudnienie\\\/#primaryimage\",\"url\":\"https:\\\/\\\/www.24gliwice.pl\\\/wiadomosci\\\/wp-content\\\/uploads\\\/2018\\\/08\\\/1-arena-gliwice.jpg\",\"contentUrl\":\"https:\\\/\\\/www.24gliwice.pl\\\/wiadomosci\\\/wp-content\\\/uploads\\\/2018\\\/08\\\/1-arena-gliwice.jpg\",\"width\":810,\"height\":450},{\"@type\":\"BreadcrumbList\",\"@id\":\"https:\\\/\\\/www.24gliwice.pl\\\/wiadomosci\\\/dwie-areny-w-gliwicach-dla-gosci-spoza-gliwic-moze-sie-pojawic-pewne-utrudnienie\\\/#breadcrumb\",\"itemListElement\":[{\"@type\":\"ListItem\",\"position\":1,\"name\":\"Strona g\u0142\u00f3wna\",\"item\":\"https:\\\/\\\/www.24gliwice.pl\\\/wiadomosci\\\/\"},{\"@type\":\"ListItem\",\"position\":2,\"name\":\"Dwie &#8222;Areny&#8221; w jednym mie\u015bcie. &#8222;Dla go\u015bci spoza Gliwic mo\u017ce si\u0119 pojawi\u0107 pewne utrudnienie&#8221;\"}]},{\"@type\":\"WebSite\",\"@id\":\"https:\\\/\\\/www.24gliwice.pl\\\/wiadomosci\\\/#website\",\"url\":\"https:\\\/\\\/www.24gliwice.pl\\\/wiadomosci\\\/\",\"name\":\"24GLIWICE - Portal Gliwice | codziennie nowe wiadomo\u015bci\",\"description\":\"Portal Miejski Gliwice\",\"publisher\":{\"@id\":\"https:\\\/\\\/www.24gliwice.pl\\\/wiadomosci\\\/#organization\"},\"potentialAction\":[{\"@type\":\"SearchAction\",\"target\":{\"@type\":\"EntryPoint\",\"urlTemplate\":\"https:\\\/\\\/www.24gliwice.pl\\\/wiadomosci\\\/?s={search_term_string}\"},\"query-input\":{\"@type\":\"PropertyValueSpecification\",\"valueRequired\":true,\"valueName\":\"search_term_string\"}}],\"inLanguage\":\"pl-PL\"},{\"@type\":\"Organization\",\"@id\":\"https:\\\/\\\/www.24gliwice.pl\\\/wiadomosci\\\/#organization\",\"name\":\"24gliwice\",\"url\":\"https:\\\/\\\/www.24gliwice.pl\\\/wiadomosci\\\/\",\"logo\":{\"@type\":\"ImageObject\",\"inLanguage\":\"pl-PL\",\"@id\":\"https:\\\/\\\/www.24gliwice.pl\\\/wiadomosci\\\/#\\\/schema\\\/logo\\\/image\\\/\",\"url\":\"https:\\\/\\\/www.24gliwice.pl\\\/wiadomosci\\\/wp-content\\\/uploads\\\/2024\\\/10\\\/24gliwice-logo-696.jpg\",\"contentUrl\":\"https:\\\/\\\/www.24gliwice.pl\\\/wiadomosci\\\/wp-content\\\/uploads\\\/2024\\\/10\\\/24gliwice-logo-696.jpg\",\"width\":696,\"height\":696,\"caption\":\"24gliwice\"},\"image\":{\"@id\":\"https:\\\/\\\/www.24gliwice.pl\\\/wiadomosci\\\/#\\\/schema\\\/logo\\\/image\\\/\"},\"sameAs\":[\"https:\\\/\\\/www.facebook.com\\\/24gliwice\",\"https:\\\/\\\/x.com\\\/24gliwice\",\"https:\\\/\\\/www.youtube.com\\\/@24gliwice\"]},{\"@type\":\"Person\",\"@id\":\"https:\\\/\\\/www.24gliwice.pl\\\/wiadomosci\\\/#\\\/schema\\\/person\\\/940e8f8a097e322de4f463f061ef8d45\",\"name\":\"Micha\u0142 Szewczyk\",\"image\":{\"@type\":\"ImageObject\",\"inLanguage\":\"pl-PL\",\"@id\":\"https:\\\/\\\/secure.gravatar.com\\\/avatar\\\/771b8b6c74cd8d255e46392d605e01a86133900ef09b6ef3c8d451c9d92288cf?s=96&d=mm&r=g\",\"url\":\"https:\\\/\\\/secure.gravatar.com\\\/avatar\\\/771b8b6c74cd8d255e46392d605e01a86133900ef09b6ef3c8d451c9d92288cf?s=96&d=mm&r=g\",\"contentUrl\":\"https:\\\/\\\/secure.gravatar.com\\\/avatar\\\/771b8b6c74cd8d255e46392d605e01a86133900ef09b6ef3c8d451c9d92288cf?s=96&d=mm&r=g\",\"caption\":\"Micha\u0142 Szewczyk\"},\"sameAs\":[\"http:\\\/\\\/www.gazeta-miejska.pl\"],\"url\":\"https:\\\/\\\/www.24gliwice.pl\\\/wiadomosci\\\/author\\\/michal-szewczyk\\\/\"}]}<\/script>\n<!-- \/ Yoast SEO plugin. -->","yoast_head_json":{"title":"Dwie \"Areny\" w jednym mie\u015bcie. \"Dla go\u015bci spoza Gliwic mo\u017ce si\u0119 pojawi\u0107 pewne utrudnienie\" - 24GLIWICE - Portal Gliwice | codziennie nowe informacje","robots":{"index":"index","follow":"follow","max-snippet":"max-snippet:-1","max-image-preview":"max-image-preview:large","max-video-preview":"max-video-preview:-1"},"canonical":"https:\/\/www.24gliwice.pl\/wiadomosci\/dwie-areny-w-gliwicach-dla-gosci-spoza-gliwic-moze-sie-pojawic-pewne-utrudnienie\/","og_locale":"pl_PL","og_type":"article","og_title":"Dwie \"Areny\" w jednym mie\u015bcie. \"Dla go\u015bci spoza Gliwic mo\u017ce si\u0119 pojawi\u0107 pewne utrudnienie\" - 24GLIWICE - Portal Gliwice | codziennie nowe informacje","og_description":"Jedno miasto, dwie areny, trzy profile w mediach spo\u0142eczno\u015bciowych. Przemianowanie Hali Gliwice na &#8220;Aren\u0119&#8221; obliczone by\u0142o na zwi\u0119kszenie jej rozpoznawalno\u015bci, ale na razie powsta\u0142 chaos komunikacyjny, w kt\u00f3rym w Internecie gubi si\u0119 nawet Google. Pytania o sprawne i przede wszystkim czytelne budowanie marki otwartego w maju obiektu, pozostaj\u0105 wi\u0119c otwarte. HALA GLIWICE vel PODIUM vel [&hellip;]","og_url":"https:\/\/www.24gliwice.pl\/wiadomosci\/dwie-areny-w-gliwicach-dla-gosci-spoza-gliwic-moze-sie-pojawic-pewne-utrudnienie\/","og_site_name":"24GLIWICE - Portal Gliwice | codziennie nowe informacje","article_publisher":"https:\/\/www.facebook.com\/24gliwice","article_published_time":"2018-08-13T01:11:32+00:00","article_modified_time":"2018-08-13T22:52:45+00:00","og_image":[{"width":810,"height":450,"url":"https:\/\/www.24gliwice.pl\/wiadomosci\/wp-content\/uploads\/2018\/08\/1-arena-gliwice.jpg","type":"image\/jpeg"}],"author":"Micha\u0142 Szewczyk","twitter_card":"summary_large_image","twitter_creator":"@24gliwice","twitter_site":"@24gliwice","twitter_misc":{"Napisane przez":"Micha\u0142 Szewczyk","Szacowany czas czytania":"7 minut"},"schema":{"@context":"https:\/\/schema.org","@graph":[{"@type":"Article","@id":"https:\/\/www.24gliwice.pl\/wiadomosci\/dwie-areny-w-gliwicach-dla-gosci-spoza-gliwic-moze-sie-pojawic-pewne-utrudnienie\/#article","isPartOf":{"@id":"https:\/\/www.24gliwice.pl\/wiadomosci\/dwie-areny-w-gliwicach-dla-gosci-spoza-gliwic-moze-sie-pojawic-pewne-utrudnienie\/"},"author":{"name":"Micha\u0142 Szewczyk","@id":"https:\/\/www.24gliwice.pl\/wiadomosci\/#\/schema\/person\/940e8f8a097e322de4f463f061ef8d45"},"headline":"Dwie &#8220;Areny&#8221; w jednym mie\u015bcie. &#8220;Dla go\u015bci spoza Gliwic mo\u017ce si\u0119 pojawi\u0107 pewne utrudnienie&#8221;","datePublished":"2018-08-13T01:11:32+00:00","dateModified":"2018-08-13T22:52:45+00:00","mainEntityOfPage":{"@id":"https:\/\/www.24gliwice.pl\/wiadomosci\/dwie-areny-w-gliwicach-dla-gosci-spoza-gliwic-moze-sie-pojawic-pewne-utrudnienie\/"},"wordCount":1418,"commentCount":0,"publisher":{"@id":"https:\/\/www.24gliwice.pl\/wiadomosci\/#organization"},"image":{"@id":"https:\/\/www.24gliwice.pl\/wiadomosci\/dwie-areny-w-gliwicach-dla-gosci-spoza-gliwic-moze-sie-pojawic-pewne-utrudnienie\/#primaryimage"},"thumbnailUrl":"https:\/\/www.24gliwice.pl\/wiadomosci\/wp-content\/uploads\/2018\/08\/1-arena-gliwice.jpg","keywords":["ARENA GLIWICE","PARK HANDLOWY ARENA"],"articleSection":["Gliwice","Najnowsze wiadomo\u015bci","Portal Gliwice - Wiadomo\u015bci lokalne"],"inLanguage":"pl-PL","potentialAction":[{"@type":"CommentAction","name":"Comment","target":["https:\/\/www.24gliwice.pl\/wiadomosci\/dwie-areny-w-gliwicach-dla-gosci-spoza-gliwic-moze-sie-pojawic-pewne-utrudnienie\/#respond"]}]},{"@type":"WebPage","@id":"https:\/\/www.24gliwice.pl\/wiadomosci\/dwie-areny-w-gliwicach-dla-gosci-spoza-gliwic-moze-sie-pojawic-pewne-utrudnienie\/","url":"https:\/\/www.24gliwice.pl\/wiadomosci\/dwie-areny-w-gliwicach-dla-gosci-spoza-gliwic-moze-sie-pojawic-pewne-utrudnienie\/","name":"Dwie \"Areny\" w jednym mie\u015bcie. \"Dla go\u015bci spoza Gliwic mo\u017ce si\u0119 pojawi\u0107 pewne utrudnienie\" - 24GLIWICE - Portal Gliwice | codziennie nowe informacje","isPartOf":{"@id":"https:\/\/www.24gliwice.pl\/wiadomosci\/#website"},"primaryImageOfPage":{"@id":"https:\/\/www.24gliwice.pl\/wiadomosci\/dwie-areny-w-gliwicach-dla-gosci-spoza-gliwic-moze-sie-pojawic-pewne-utrudnienie\/#primaryimage"},"image":{"@id":"https:\/\/www.24gliwice.pl\/wiadomosci\/dwie-areny-w-gliwicach-dla-gosci-spoza-gliwic-moze-sie-pojawic-pewne-utrudnienie\/#primaryimage"},"thumbnailUrl":"https:\/\/www.24gliwice.pl\/wiadomosci\/wp-content\/uploads\/2018\/08\/1-arena-gliwice.jpg","datePublished":"2018-08-13T01:11:32+00:00","dateModified":"2018-08-13T22:52:45+00:00","breadcrumb":{"@id":"https:\/\/www.24gliwice.pl\/wiadomosci\/dwie-areny-w-gliwicach-dla-gosci-spoza-gliwic-moze-sie-pojawic-pewne-utrudnienie\/#breadcrumb"},"inLanguage":"pl-PL","potentialAction":[{"@type":"ReadAction","target":["https:\/\/www.24gliwice.pl\/wiadomosci\/dwie-areny-w-gliwicach-dla-gosci-spoza-gliwic-moze-sie-pojawic-pewne-utrudnienie\/"]}]},{"@type":"ImageObject","inLanguage":"pl-PL","@id":"https:\/\/www.24gliwice.pl\/wiadomosci\/dwie-areny-w-gliwicach-dla-gosci-spoza-gliwic-moze-sie-pojawic-pewne-utrudnienie\/#primaryimage","url":"https:\/\/www.24gliwice.pl\/wiadomosci\/wp-content\/uploads\/2018\/08\/1-arena-gliwice.jpg","contentUrl":"https:\/\/www.24gliwice.pl\/wiadomosci\/wp-content\/uploads\/2018\/08\/1-arena-gliwice.jpg","width":810,"height":450},{"@type":"BreadcrumbList","@id":"https:\/\/www.24gliwice.pl\/wiadomosci\/dwie-areny-w-gliwicach-dla-gosci-spoza-gliwic-moze-sie-pojawic-pewne-utrudnienie\/#breadcrumb","itemListElement":[{"@type":"ListItem","position":1,"name":"Strona g\u0142\u00f3wna","item":"https:\/\/www.24gliwice.pl\/wiadomosci\/"},{"@type":"ListItem","position":2,"name":"Dwie &#8222;Areny&#8221; w jednym mie\u015bcie. &#8222;Dla go\u015bci spoza Gliwic mo\u017ce si\u0119 pojawi\u0107 pewne utrudnienie&#8221;"}]},{"@type":"WebSite","@id":"https:\/\/www.24gliwice.pl\/wiadomosci\/#website","url":"https:\/\/www.24gliwice.pl\/wiadomosci\/","name":"24GLIWICE - Portal Gliwice | codziennie nowe wiadomo\u015bci","description":"Portal Miejski Gliwice","publisher":{"@id":"https:\/\/www.24gliwice.pl\/wiadomosci\/#organization"},"potentialAction":[{"@type":"SearchAction","target":{"@type":"EntryPoint","urlTemplate":"https:\/\/www.24gliwice.pl\/wiadomosci\/?s={search_term_string}"},"query-input":{"@type":"PropertyValueSpecification","valueRequired":true,"valueName":"search_term_string"}}],"inLanguage":"pl-PL"},{"@type":"Organization","@id":"https:\/\/www.24gliwice.pl\/wiadomosci\/#organization","name":"24gliwice","url":"https:\/\/www.24gliwice.pl\/wiadomosci\/","logo":{"@type":"ImageObject","inLanguage":"pl-PL","@id":"https:\/\/www.24gliwice.pl\/wiadomosci\/#\/schema\/logo\/image\/","url":"https:\/\/www.24gliwice.pl\/wiadomosci\/wp-content\/uploads\/2024\/10\/24gliwice-logo-696.jpg","contentUrl":"https:\/\/www.24gliwice.pl\/wiadomosci\/wp-content\/uploads\/2024\/10\/24gliwice-logo-696.jpg","width":696,"height":696,"caption":"24gliwice"},"image":{"@id":"https:\/\/www.24gliwice.pl\/wiadomosci\/#\/schema\/logo\/image\/"},"sameAs":["https:\/\/www.facebook.com\/24gliwice","https:\/\/x.com\/24gliwice","https:\/\/www.youtube.com\/@24gliwice"]},{"@type":"Person","@id":"https:\/\/www.24gliwice.pl\/wiadomosci\/#\/schema\/person\/940e8f8a097e322de4f463f061ef8d45","name":"Micha\u0142 Szewczyk","image":{"@type":"ImageObject","inLanguage":"pl-PL","@id":"https:\/\/secure.gravatar.com\/avatar\/771b8b6c74cd8d255e46392d605e01a86133900ef09b6ef3c8d451c9d92288cf?s=96&d=mm&r=g","url":"https:\/\/secure.gravatar.com\/avatar\/771b8b6c74cd8d255e46392d605e01a86133900ef09b6ef3c8d451c9d92288cf?s=96&d=mm&r=g","contentUrl":"https:\/\/secure.gravatar.com\/avatar\/771b8b6c74cd8d255e46392d605e01a86133900ef09b6ef3c8d451c9d92288cf?s=96&d=mm&r=g","caption":"Micha\u0142 Szewczyk"},"sameAs":["http:\/\/www.gazeta-miejska.pl"],"url":"https:\/\/www.24gliwice.pl\/wiadomosci\/author\/michal-szewczyk\/"}]}},"_links":{"self":[{"href":"https:\/\/www.24gliwice.pl\/wiadomosci\/wp-json\/wp\/v2\/posts\/121285","targetHints":{"allow":["GET"]}}],"collection":[{"href":"https:\/\/www.24gliwice.pl\/wiadomosci\/wp-json\/wp\/v2\/posts"}],"about":[{"href":"https:\/\/www.24gliwice.pl\/wiadomosci\/wp-json\/wp\/v2\/types\/post"}],"author":[{"embeddable":true,"href":"https:\/\/www.24gliwice.pl\/wiadomosci\/wp-json\/wp\/v2\/users\/12"}],"replies":[{"embeddable":true,"href":"https:\/\/www.24gliwice.pl\/wiadomosci\/wp-json\/wp\/v2\/comments?post=121285"}],"version-history":[{"count":0,"href":"https:\/\/www.24gliwice.pl\/wiadomosci\/wp-json\/wp\/v2\/posts\/121285\/revisions"}],"wp:featuredmedia":[{"embeddable":true,"href":"https:\/\/www.24gliwice.pl\/wiadomosci\/wp-json\/wp\/v2\/media\/121332"}],"wp:attachment":[{"href":"https:\/\/www.24gliwice.pl\/wiadomosci\/wp-json\/wp\/v2\/media?parent=121285"}],"wp:term":[{"taxonomy":"category","embeddable":true,"href":"https:\/\/www.24gliwice.pl\/wiadomosci\/wp-json\/wp\/v2\/categories?post=121285"},{"taxonomy":"post_tag","embeddable":true,"href":"https:\/\/www.24gliwice.pl\/wiadomosci\/wp-json\/wp\/v2\/tags?post=121285"}],"curies":[{"name":"wp","href":"https:\/\/api.w.org\/{rel}","templated":true}]}}