{"id":121346,"date":"2018-08-14T02:08:50","date_gmt":"2018-08-14T00:08:50","guid":{"rendered":"https:\/\/www.24gliwice.pl\/wiadomosci\/?p=121346"},"modified":"2019-07-02T21:46:30","modified_gmt":"2019-07-02T19:46:30","slug":"przybywa-cudzoziemcow-pracujacych-w-gliwicach-to-juz-okolo-4-tysiecy-osob","status":"publish","type":"post","link":"https:\/\/www.24gliwice.pl\/wiadomosci\/przybywa-cudzoziemcow-pracujacych-w-gliwicach-to-juz-okolo-4-tysiecy-osob\/","title":{"rendered":"Przybywa cudzoziemc\u00f3w pracuj\u0105cych w Gliwicach. To ju\u017c oko\u0142o 4 tysi\u0119cy os\u00f3b"},"content":{"rendered":"<div class=\"gliwi-a6-nad-leadem-artykulow gliwi-entity-placement\" id=\"gliwi-965217193\"><div class=\"gliwi-adlabel\"><span style=\"font-size: 9px\">REKLAMA<\/span><\/div><div id=\"gliwi-2692567514\" style=\"margin-bottom: 30px;margin-left: auto;margin-right: auto;text-align: center;\"><a data-no-instant=\"1\" href=\"https:\/\/przedszkole.halogen.org.pl\/\" rel=\"noopener\" class=\"a2t-link\" target=\"_blank\" aria-label=\"20260402-ANIMATOR-przedszkole_grafika_750x200\"><img loading=\"lazy\" decoding=\"async\" src=\"https:\/\/www.24gliwice.pl\/wiadomosci\/wp-content\/uploads\/2026\/04\/20260402-ANIMATOR-przedszkole_grafika_750x200.webp\" alt=\"\"  srcset=\"https:\/\/www.24gliwice.pl\/wiadomosci\/wp-content\/uploads\/2026\/04\/20260402-ANIMATOR-przedszkole_grafika_750x200.webp 750w, https:\/\/www.24gliwice.pl\/wiadomosci\/wp-content\/uploads\/2026\/04\/20260402-ANIMATOR-przedszkole_grafika_750x200-410x109.webp 410w\" sizes=\"(max-width: 750px) 100vw, 750px\" class=\"no-lazyload\" width=\"750\" height=\"200\"  style=\"display: inline-block; max-width: 100%; height: auto;\" \/><\/a><\/div><\/div><h3>W Gliwicach z ka\u017cdym rokiem ro\u015bnie liczba pracuj\u0105cych tu cudzoziemc\u00f3w. Najwi\u0119ksz\u0105 grup\u0119 nowo zarejestrowanych w gliwickim Powiatowym Urz\u0119dzie Pracy stanowi\u0105 obywatele Ukrainy (5279).<\/h3>\n<p> Nast\u0119pne nacje w kolejno\u015bci to Bia\u0142orusini (87), Gruzini (87), Mo\u0142dawianie (44), Rosjanie (14) i Ormianie (3).  <\/p>\n<p>Przedstawiciele PUP zastrzegaj\u0105 jednak, \u017ce plac\u00f3wka mo\u017ce rejestrowa\u0107 &#8220;o\u015bwiadczenia o powierzeniu wykonania pracy cudzoziemcowi&#8221; z miejscem pracy na terenie ca\u0142ego kraju. Dlatego faktyczna liczba obcokrajowc\u00f3w zatrudnionych w Gliwicach jest mniejsza.<\/p><div class=\"gliwi-a3-w-tresci-artykulow gliwi-entity-placement\" id=\"gliwi-37498082\"><div class=\"gliwi-adlabel\"><span style=\"font-size: 9px\">REKLAMA<\/span><\/div><div id=\"gliwi-2012817547\" style=\"margin-bottom: 30px;margin-left: auto;margin-right: auto;text-align: center;\"><a data-no-instant=\"1\" href=\"https:\/\/zlobek.halogen.org.pl\/\" rel=\"noopener\" class=\"a2t-link\" target=\"_blank\" aria-label=\"animator-zlobek_750x200\"><img loading=\"lazy\" decoding=\"async\" src=\"https:\/\/www.24gliwice.pl\/wiadomosci\/wp-content\/uploads\/2026\/02\/animator-zlobek_750x200.webp\" alt=\"\"  srcset=\"https:\/\/www.24gliwice.pl\/wiadomosci\/wp-content\/uploads\/2026\/02\/animator-zlobek_750x200.webp 750w, https:\/\/www.24gliwice.pl\/wiadomosci\/wp-content\/uploads\/2026\/02\/animator-zlobek_750x200-410x109.webp 410w\" sizes=\"(max-width: 750px) 100vw, 750px\" class=\"no-lazyload\" width=\"750\" height=\"200\"  style=\"display: inline-block; max-width: 100%; height: auto;\" \/><\/a><\/div><\/div>\n<blockquote><p>&#8211; Na terenie miasta Gliwice i w powiecie na podstawie zarejestrowanych o\u015bwiadcze\u0144 szacunkowo przebywa i pracuje ok. 4000 cudzoziemc\u00f3w<\/p><\/blockquote>\n<p> &#8211; informuje <strong>Maria Gramala<\/strong>, po\u015brednik pracy z gliwickiego PUP.<\/p>\n<p>Ze statystyk wynika, \u017ce obcokrajowcy najbardziej poszukiwani byli na stanowiska ni\u017cszego szczebla: stanowiska robotnik\u00f3w budowlanych (przede wszystkim dekarz, cie\u015bla), magazynier\u00f3w, kierowc\u00f3w samochod\u00f3w ci\u0119\u017carowych, pakowaczy i pracownik\u00f3w produkcyjnych. Z kolei o prac\u0119 sezonow\u0105 (podejmowan\u0105 na podstawie osobnego zezwolenia) naj\u0142atwiej w ogrodnictwie i rolnictwie. <\/p>\n<p>&#8211; Ponadto w okresie ostatnich lat, w zwi\u0105zku z nap\u0142ywem du\u017cej ilo\u015bci obcokrajowc\u00f3w, wiele firm us\u0142ugowych, takich jak zak\u0142ady fryzjerskie, restauracje, us\u0142ugi kosmetyczne i hotele zwi\u0119kszy\u0142o zatrudnienie cudzoziemc\u00f3w ze wzgl\u0119du na obs\u0142ug\u0119 os\u00f3b ze znajomo\u015bci\u0105 rosyjskiego lub ukrai\u0144skiego &#8211; m\u00f3wi Maria Gramala i zauwa\u017ca, \u017ce ro\u015bnie te\u017c zatrudnienie obcokrajowc\u00f3w w firmach dzia\u0142aj\u0105cych na terenie gliwickiej podstrefy Katowickiej Specjalnej Strefy Ekonomicznej.<\/p>\n<blockquote><p>&#8211; Pracownicy ze wschodniej Europy, po zatrudnieniu i zapewnieniu stabilno\u015bci finansowej, sprowadzaj\u0105 swoje rodziny, co wi\u0105\u017ce si\u0119 z konieczno\u015bci\u0105 zapewnienia miejsc w szko\u0142ach czy w przedszkolach dla dzieci<\/p><\/blockquote>\n<p> &#8211; m\u00f3wi Gramala.<\/p>\n<p>Wed\u0142ug danych przekazanych przez Wydzia\u0142 Edukacji Urz\u0119du Miejskiego w Gliwicach, do gliwickich plac\u00f3wek o\u015bwiatowych ucz\u0119szcza\u0142o 162 dzieci obcokrajowc\u00f3w (w tym 132 do przedszkoli i szk\u00f3\u0142 publicznych).<\/p>\n<h4>OG\u00d3LNOKRAJOWA TENDENCJA<\/h4>\n<p>Na mapie ca\u0142ego kraju Gliwice nie s\u0105 wyj\u0105tkiem. Uproszczenie procedury podejmowania pracy w Polsce, trudna sytuacja gospodarcza na Ukrainie, konflikt zbrojny na wschodzie kraju, a tak\u017ce zapotrzebowanie na pracownik\u00f3w na polskim rynku pracy sprawi\u0142y, \u017ce w ostatnich latach niemal ka\u017cdego roku, tylko na \u015al\u0105sku sk\u0142adanych jest blisko 85 tysi\u0119cy o\u015bwiadcze\u0144 o powierzeniu wykonania pracy cudzoziemcowi (wcze\u015bniej o\u015bwiadcze\u0144 na prac\u0119 cudzoziemca). Najwi\u0119cej z nich znalaz\u0142o zatrudnienie w Bielsku-Bia\u0142ej, Katowicach i Pszczynie. 98% pracownik\u00f3w ze Wschodu by\u0142o Ukrai\u0144cami. Najch\u0119tniej zatrudniani byli m\u0119\u017cczy\u017ani poni\u017cej 40 roku \u017cycia. <\/p>\n<p>(msz)<\/p>\n<div class=\"gliwi-a5-na-koncu-artykulow gliwi-entity-placement\" id=\"gliwi-170895368\"><div class=\"gliwi-adlabel\"><span style=\"font-size: 9px\">REKLAMA<\/span><\/div><div id=\"gliwi-3347579950\" style=\"margin-left: auto;margin-right: auto;text-align: center;\"><a data-no-instant=\"1\" href=\"https:\/\/prezeroarenagliwice.pl\/\" rel=\"noopener\" class=\"a2t-link\" target=\"_blank\" aria-label=\"20260309-PREZERO-WIOSNA-D\"><img loading=\"lazy\" decoding=\"async\" src=\"https:\/\/www.24gliwice.pl\/wiadomosci\/wp-content\/uploads\/2026\/03\/20260309-PREZERO-WIOSNA-D.webp\" alt=\"\"  srcset=\"https:\/\/www.24gliwice.pl\/wiadomosci\/wp-content\/uploads\/2026\/03\/20260309-PREZERO-WIOSNA-D.webp 750w, https:\/\/www.24gliwice.pl\/wiadomosci\/wp-content\/uploads\/2026\/03\/20260309-PREZERO-WIOSNA-D-410x109.webp 410w\" sizes=\"(max-width: 750px) 100vw, 750px\" class=\"no-lazyload\" width=\"750\" height=\"200\"  style=\"display: inline-block; max-width: 100%; height: auto;\" \/><\/a><\/div><\/div>","protected":false},"excerpt":{"rendered":"<p>W Gliwicach z ka\u017cdym rokiem ro\u015bnie liczba pracuj\u0105cych tu cudzoziemc\u00f3w. Najwi\u0119ksz\u0105 grup\u0119 nowo zarejestrowanych w gliwickim Powiatowym Urz\u0119dzie Pracy stanowi\u0105 obywatele Ukrainy (5279). Nast\u0119pne nacje w kolejno\u015bci to Bia\u0142orusini (87), Gruzini (87), Mo\u0142dawianie (44), Rosjanie (14) i Ormianie (3). Przedstawiciele PUP zastrzegaj\u0105 jednak, \u017ce plac\u00f3wka mo\u017ce rejestrowa\u0107 &#8220;o\u015bwiadczenia o powierzeniu wykonania pracy cudzoziemcowi&#8221; z miejscem [&hellip;]<\/p>\n","protected":false},"author":12,"featured_media":121347,"comment_status":"open","ping_status":"closed","sticky":false,"template":"","format":"standard","meta":{"_monsterinsights_skip_tracking":false,"_monsterinsights_sitenote_active":false,"_monsterinsights_sitenote_note":"","_monsterinsights_sitenote_category":0,"footnotes":"","_links_to":"","_links_to_target":""},"categories":[3,1,9],"tags":[7648,8509,8507,8510,5559],"class_list":["post-121346","post","type-post","status-publish","format-standard","has-post-thumbnail","hentry","category-gliwice","category-wszystko","category-aktualnosci_lokalne","tag-praca","tag-pup","tag-ukraincy","tag-urzad-pracy","tag-zatrudnienie"],"yoast_head":"<!-- This site is optimized with the Yoast SEO plugin v27.5 - https:\/\/yoast.com\/product\/yoast-seo-wordpress\/ -->\n<title>Przybywa cudzoziemc\u00f3w pracuj\u0105cych w Gliwicach. To ju\u017c oko\u0142o 4 tysi\u0119cy os\u00f3b - 24GLIWICE - Portal Gliwice | codziennie nowe informacje<\/title>\n<meta name=\"robots\" content=\"index, follow, max-snippet:-1, max-image-preview:large, max-video-preview:-1\" \/>\n<link rel=\"canonical\" href=\"https:\/\/www.24gliwice.pl\/wiadomosci\/przybywa-cudzoziemcow-pracujacych-w-gliwicach-to-juz-okolo-4-tysiecy-osob\/\" \/>\n<meta property=\"og:locale\" content=\"pl_PL\" \/>\n<meta property=\"og:type\" content=\"article\" \/>\n<meta property=\"og:title\" content=\"Przybywa cudzoziemc\u00f3w pracuj\u0105cych w Gliwicach. To ju\u017c oko\u0142o 4 tysi\u0119cy os\u00f3b - 24GLIWICE - Portal Gliwice | codziennie nowe informacje\" \/>\n<meta property=\"og:description\" content=\"W Gliwicach z ka\u017cdym rokiem ro\u015bnie liczba pracuj\u0105cych tu cudzoziemc\u00f3w. Najwi\u0119ksz\u0105 grup\u0119 nowo zarejestrowanych w gliwickim Powiatowym Urz\u0119dzie Pracy stanowi\u0105 obywatele Ukrainy (5279). Nast\u0119pne nacje w kolejno\u015bci to Bia\u0142orusini (87), Gruzini (87), Mo\u0142dawianie (44), Rosjanie (14) i Ormianie (3). Przedstawiciele PUP zastrzegaj\u0105 jednak, \u017ce plac\u00f3wka mo\u017ce rejestrowa\u0107 &#8220;o\u015bwiadczenia o powierzeniu wykonania pracy cudzoziemcowi&#8221; z miejscem [&hellip;]\" \/>\n<meta property=\"og:url\" content=\"https:\/\/www.24gliwice.pl\/wiadomosci\/przybywa-cudzoziemcow-pracujacych-w-gliwicach-to-juz-okolo-4-tysiecy-osob\/\" \/>\n<meta property=\"og:site_name\" content=\"24GLIWICE - Portal Gliwice | codziennie nowe informacje\" \/>\n<meta property=\"article:publisher\" content=\"https:\/\/www.facebook.com\/24gliwice\" \/>\n<meta property=\"article:published_time\" content=\"2018-08-14T00:08:50+00:00\" \/>\n<meta property=\"article:modified_time\" content=\"2019-07-02T19:46:30+00:00\" \/>\n<meta property=\"og:image\" content=\"https:\/\/www.24gliwice.pl\/wiadomosci\/wp-content\/uploads\/2018\/08\/IMG_1920.jpg\" \/>\n\t<meta property=\"og:image:width\" content=\"1200\" \/>\n\t<meta property=\"og:image:height\" content=\"676\" \/>\n\t<meta property=\"og:image:type\" content=\"image\/jpeg\" \/>\n<meta name=\"author\" content=\"Micha\u0142 Szewczyk\" \/>\n<meta name=\"twitter:card\" content=\"summary_large_image\" \/>\n<meta name=\"twitter:creator\" content=\"@24gliwice\" \/>\n<meta name=\"twitter:site\" content=\"@24gliwice\" \/>\n<meta name=\"twitter:label1\" content=\"Napisane przez\" \/>\n\t<meta name=\"twitter:data1\" content=\"Micha\u0142 Szewczyk\" \/>\n\t<meta name=\"twitter:label2\" content=\"Szacowany czas czytania\" \/>\n\t<meta name=\"twitter:data2\" content=\"2 minuty\" \/>\n<script type=\"application\/ld+json\" class=\"yoast-schema-graph\">{\"@context\":\"https:\\\/\\\/schema.org\",\"@graph\":[{\"@type\":\"Article\",\"@id\":\"https:\\\/\\\/www.24gliwice.pl\\\/wiadomosci\\\/przybywa-cudzoziemcow-pracujacych-w-gliwicach-to-juz-okolo-4-tysiecy-osob\\\/#article\",\"isPartOf\":{\"@id\":\"https:\\\/\\\/www.24gliwice.pl\\\/wiadomosci\\\/przybywa-cudzoziemcow-pracujacych-w-gliwicach-to-juz-okolo-4-tysiecy-osob\\\/\"},\"author\":{\"name\":\"Micha\u0142 Szewczyk\",\"@id\":\"https:\\\/\\\/www.24gliwice.pl\\\/wiadomosci\\\/#\\\/schema\\\/person\\\/940e8f8a097e322de4f463f061ef8d45\"},\"headline\":\"Przybywa cudzoziemc\u00f3w pracuj\u0105cych w Gliwicach. To ju\u017c oko\u0142o 4 tysi\u0119cy os\u00f3b\",\"datePublished\":\"2018-08-14T00:08:50+00:00\",\"dateModified\":\"2019-07-02T19:46:30+00:00\",\"mainEntityOfPage\":{\"@id\":\"https:\\\/\\\/www.24gliwice.pl\\\/wiadomosci\\\/przybywa-cudzoziemcow-pracujacych-w-gliwicach-to-juz-okolo-4-tysiecy-osob\\\/\"},\"wordCount\":430,\"commentCount\":0,\"publisher\":{\"@id\":\"https:\\\/\\\/www.24gliwice.pl\\\/wiadomosci\\\/#organization\"},\"image\":{\"@id\":\"https:\\\/\\\/www.24gliwice.pl\\\/wiadomosci\\\/przybywa-cudzoziemcow-pracujacych-w-gliwicach-to-juz-okolo-4-tysiecy-osob\\\/#primaryimage\"},\"thumbnailUrl\":\"https:\\\/\\\/www.24gliwice.pl\\\/wiadomosci\\\/wp-content\\\/uploads\\\/2018\\\/08\\\/IMG_1920.jpg\",\"keywords\":[\"PRACA\",\"pup\",\"ukrai\u0144cy\",\"urz\u0105d pracy\",\"zatrudnienie\"],\"articleSection\":[\"Gliwice\",\"Najnowsze wiadomo\u015bci\",\"Portal Gliwice - Wiadomo\u015bci lokalne\"],\"inLanguage\":\"pl-PL\",\"potentialAction\":[{\"@type\":\"CommentAction\",\"name\":\"Comment\",\"target\":[\"https:\\\/\\\/www.24gliwice.pl\\\/wiadomosci\\\/przybywa-cudzoziemcow-pracujacych-w-gliwicach-to-juz-okolo-4-tysiecy-osob\\\/#respond\"]}]},{\"@type\":\"WebPage\",\"@id\":\"https:\\\/\\\/www.24gliwice.pl\\\/wiadomosci\\\/przybywa-cudzoziemcow-pracujacych-w-gliwicach-to-juz-okolo-4-tysiecy-osob\\\/\",\"url\":\"https:\\\/\\\/www.24gliwice.pl\\\/wiadomosci\\\/przybywa-cudzoziemcow-pracujacych-w-gliwicach-to-juz-okolo-4-tysiecy-osob\\\/\",\"name\":\"Przybywa cudzoziemc\u00f3w pracuj\u0105cych w Gliwicach. To ju\u017c oko\u0142o 4 tysi\u0119cy os\u00f3b - 24GLIWICE - Portal Gliwice | codziennie nowe informacje\",\"isPartOf\":{\"@id\":\"https:\\\/\\\/www.24gliwice.pl\\\/wiadomosci\\\/#website\"},\"primaryImageOfPage\":{\"@id\":\"https:\\\/\\\/www.24gliwice.pl\\\/wiadomosci\\\/przybywa-cudzoziemcow-pracujacych-w-gliwicach-to-juz-okolo-4-tysiecy-osob\\\/#primaryimage\"},\"image\":{\"@id\":\"https:\\\/\\\/www.24gliwice.pl\\\/wiadomosci\\\/przybywa-cudzoziemcow-pracujacych-w-gliwicach-to-juz-okolo-4-tysiecy-osob\\\/#primaryimage\"},\"thumbnailUrl\":\"https:\\\/\\\/www.24gliwice.pl\\\/wiadomosci\\\/wp-content\\\/uploads\\\/2018\\\/08\\\/IMG_1920.jpg\",\"datePublished\":\"2018-08-14T00:08:50+00:00\",\"dateModified\":\"2019-07-02T19:46:30+00:00\",\"breadcrumb\":{\"@id\":\"https:\\\/\\\/www.24gliwice.pl\\\/wiadomosci\\\/przybywa-cudzoziemcow-pracujacych-w-gliwicach-to-juz-okolo-4-tysiecy-osob\\\/#breadcrumb\"},\"inLanguage\":\"pl-PL\",\"potentialAction\":[{\"@type\":\"ReadAction\",\"target\":[\"https:\\\/\\\/www.24gliwice.pl\\\/wiadomosci\\\/przybywa-cudzoziemcow-pracujacych-w-gliwicach-to-juz-okolo-4-tysiecy-osob\\\/\"]}]},{\"@type\":\"ImageObject\",\"inLanguage\":\"pl-PL\",\"@id\":\"https:\\\/\\\/www.24gliwice.pl\\\/wiadomosci\\\/przybywa-cudzoziemcow-pracujacych-w-gliwicach-to-juz-okolo-4-tysiecy-osob\\\/#primaryimage\",\"url\":\"https:\\\/\\\/www.24gliwice.pl\\\/wiadomosci\\\/wp-content\\\/uploads\\\/2018\\\/08\\\/IMG_1920.jpg\",\"contentUrl\":\"https:\\\/\\\/www.24gliwice.pl\\\/wiadomosci\\\/wp-content\\\/uploads\\\/2018\\\/08\\\/IMG_1920.jpg\",\"width\":1200,\"height\":676},{\"@type\":\"BreadcrumbList\",\"@id\":\"https:\\\/\\\/www.24gliwice.pl\\\/wiadomosci\\\/przybywa-cudzoziemcow-pracujacych-w-gliwicach-to-juz-okolo-4-tysiecy-osob\\\/#breadcrumb\",\"itemListElement\":[{\"@type\":\"ListItem\",\"position\":1,\"name\":\"Strona g\u0142\u00f3wna\",\"item\":\"https:\\\/\\\/www.24gliwice.pl\\\/wiadomosci\\\/\"},{\"@type\":\"ListItem\",\"position\":2,\"name\":\"Przybywa cudzoziemc\u00f3w pracuj\u0105cych w Gliwicach. To ju\u017c oko\u0142o 4 tysi\u0119cy os\u00f3b\"}]},{\"@type\":\"WebSite\",\"@id\":\"https:\\\/\\\/www.24gliwice.pl\\\/wiadomosci\\\/#website\",\"url\":\"https:\\\/\\\/www.24gliwice.pl\\\/wiadomosci\\\/\",\"name\":\"24GLIWICE - Portal Gliwice | codziennie nowe wiadomo\u015bci\",\"description\":\"Portal Miejski Gliwice\",\"publisher\":{\"@id\":\"https:\\\/\\\/www.24gliwice.pl\\\/wiadomosci\\\/#organization\"},\"potentialAction\":[{\"@type\":\"SearchAction\",\"target\":{\"@type\":\"EntryPoint\",\"urlTemplate\":\"https:\\\/\\\/www.24gliwice.pl\\\/wiadomosci\\\/?s={search_term_string}\"},\"query-input\":{\"@type\":\"PropertyValueSpecification\",\"valueRequired\":true,\"valueName\":\"search_term_string\"}}],\"inLanguage\":\"pl-PL\"},{\"@type\":\"Organization\",\"@id\":\"https:\\\/\\\/www.24gliwice.pl\\\/wiadomosci\\\/#organization\",\"name\":\"24gliwice\",\"url\":\"https:\\\/\\\/www.24gliwice.pl\\\/wiadomosci\\\/\",\"logo\":{\"@type\":\"ImageObject\",\"inLanguage\":\"pl-PL\",\"@id\":\"https:\\\/\\\/www.24gliwice.pl\\\/wiadomosci\\\/#\\\/schema\\\/logo\\\/image\\\/\",\"url\":\"https:\\\/\\\/www.24gliwice.pl\\\/wiadomosci\\\/wp-content\\\/uploads\\\/2024\\\/10\\\/24gliwice-logo-696.jpg\",\"contentUrl\":\"https:\\\/\\\/www.24gliwice.pl\\\/wiadomosci\\\/wp-content\\\/uploads\\\/2024\\\/10\\\/24gliwice-logo-696.jpg\",\"width\":696,\"height\":696,\"caption\":\"24gliwice\"},\"image\":{\"@id\":\"https:\\\/\\\/www.24gliwice.pl\\\/wiadomosci\\\/#\\\/schema\\\/logo\\\/image\\\/\"},\"sameAs\":[\"https:\\\/\\\/www.facebook.com\\\/24gliwice\",\"https:\\\/\\\/x.com\\\/24gliwice\",\"https:\\\/\\\/www.youtube.com\\\/@24gliwice\"]},{\"@type\":\"Person\",\"@id\":\"https:\\\/\\\/www.24gliwice.pl\\\/wiadomosci\\\/#\\\/schema\\\/person\\\/940e8f8a097e322de4f463f061ef8d45\",\"name\":\"Micha\u0142 Szewczyk\",\"image\":{\"@type\":\"ImageObject\",\"inLanguage\":\"pl-PL\",\"@id\":\"https:\\\/\\\/secure.gravatar.com\\\/avatar\\\/771b8b6c74cd8d255e46392d605e01a86133900ef09b6ef3c8d451c9d92288cf?s=96&d=mm&r=g\",\"url\":\"https:\\\/\\\/secure.gravatar.com\\\/avatar\\\/771b8b6c74cd8d255e46392d605e01a86133900ef09b6ef3c8d451c9d92288cf?s=96&d=mm&r=g\",\"contentUrl\":\"https:\\\/\\\/secure.gravatar.com\\\/avatar\\\/771b8b6c74cd8d255e46392d605e01a86133900ef09b6ef3c8d451c9d92288cf?s=96&d=mm&r=g\",\"caption\":\"Micha\u0142 Szewczyk\"},\"sameAs\":[\"http:\\\/\\\/www.gazeta-miejska.pl\"],\"url\":\"https:\\\/\\\/www.24gliwice.pl\\\/wiadomosci\\\/author\\\/michal-szewczyk\\\/\"}]}<\/script>\n<!-- \/ Yoast SEO plugin. -->","yoast_head_json":{"title":"Przybywa cudzoziemc\u00f3w pracuj\u0105cych w Gliwicach. To ju\u017c oko\u0142o 4 tysi\u0119cy os\u00f3b - 24GLIWICE - Portal Gliwice | codziennie nowe informacje","robots":{"index":"index","follow":"follow","max-snippet":"max-snippet:-1","max-image-preview":"max-image-preview:large","max-video-preview":"max-video-preview:-1"},"canonical":"https:\/\/www.24gliwice.pl\/wiadomosci\/przybywa-cudzoziemcow-pracujacych-w-gliwicach-to-juz-okolo-4-tysiecy-osob\/","og_locale":"pl_PL","og_type":"article","og_title":"Przybywa cudzoziemc\u00f3w pracuj\u0105cych w Gliwicach. To ju\u017c oko\u0142o 4 tysi\u0119cy os\u00f3b - 24GLIWICE - Portal Gliwice | codziennie nowe informacje","og_description":"W Gliwicach z ka\u017cdym rokiem ro\u015bnie liczba pracuj\u0105cych tu cudzoziemc\u00f3w. Najwi\u0119ksz\u0105 grup\u0119 nowo zarejestrowanych w gliwickim Powiatowym Urz\u0119dzie Pracy stanowi\u0105 obywatele Ukrainy (5279). Nast\u0119pne nacje w kolejno\u015bci to Bia\u0142orusini (87), Gruzini (87), Mo\u0142dawianie (44), Rosjanie (14) i Ormianie (3). Przedstawiciele PUP zastrzegaj\u0105 jednak, \u017ce plac\u00f3wka mo\u017ce rejestrowa\u0107 &#8220;o\u015bwiadczenia o powierzeniu wykonania pracy cudzoziemcowi&#8221; z miejscem [&hellip;]","og_url":"https:\/\/www.24gliwice.pl\/wiadomosci\/przybywa-cudzoziemcow-pracujacych-w-gliwicach-to-juz-okolo-4-tysiecy-osob\/","og_site_name":"24GLIWICE - Portal Gliwice | codziennie nowe informacje","article_publisher":"https:\/\/www.facebook.com\/24gliwice","article_published_time":"2018-08-14T00:08:50+00:00","article_modified_time":"2019-07-02T19:46:30+00:00","og_image":[{"width":1200,"height":676,"url":"https:\/\/www.24gliwice.pl\/wiadomosci\/wp-content\/uploads\/2018\/08\/IMG_1920.jpg","type":"image\/jpeg"}],"author":"Micha\u0142 Szewczyk","twitter_card":"summary_large_image","twitter_creator":"@24gliwice","twitter_site":"@24gliwice","twitter_misc":{"Napisane przez":"Micha\u0142 Szewczyk","Szacowany czas czytania":"2 minuty"},"schema":{"@context":"https:\/\/schema.org","@graph":[{"@type":"Article","@id":"https:\/\/www.24gliwice.pl\/wiadomosci\/przybywa-cudzoziemcow-pracujacych-w-gliwicach-to-juz-okolo-4-tysiecy-osob\/#article","isPartOf":{"@id":"https:\/\/www.24gliwice.pl\/wiadomosci\/przybywa-cudzoziemcow-pracujacych-w-gliwicach-to-juz-okolo-4-tysiecy-osob\/"},"author":{"name":"Micha\u0142 Szewczyk","@id":"https:\/\/www.24gliwice.pl\/wiadomosci\/#\/schema\/person\/940e8f8a097e322de4f463f061ef8d45"},"headline":"Przybywa cudzoziemc\u00f3w pracuj\u0105cych w Gliwicach. To ju\u017c oko\u0142o 4 tysi\u0119cy os\u00f3b","datePublished":"2018-08-14T00:08:50+00:00","dateModified":"2019-07-02T19:46:30+00:00","mainEntityOfPage":{"@id":"https:\/\/www.24gliwice.pl\/wiadomosci\/przybywa-cudzoziemcow-pracujacych-w-gliwicach-to-juz-okolo-4-tysiecy-osob\/"},"wordCount":430,"commentCount":0,"publisher":{"@id":"https:\/\/www.24gliwice.pl\/wiadomosci\/#organization"},"image":{"@id":"https:\/\/www.24gliwice.pl\/wiadomosci\/przybywa-cudzoziemcow-pracujacych-w-gliwicach-to-juz-okolo-4-tysiecy-osob\/#primaryimage"},"thumbnailUrl":"https:\/\/www.24gliwice.pl\/wiadomosci\/wp-content\/uploads\/2018\/08\/IMG_1920.jpg","keywords":["PRACA","pup","ukrai\u0144cy","urz\u0105d pracy","zatrudnienie"],"articleSection":["Gliwice","Najnowsze wiadomo\u015bci","Portal Gliwice - Wiadomo\u015bci lokalne"],"inLanguage":"pl-PL","potentialAction":[{"@type":"CommentAction","name":"Comment","target":["https:\/\/www.24gliwice.pl\/wiadomosci\/przybywa-cudzoziemcow-pracujacych-w-gliwicach-to-juz-okolo-4-tysiecy-osob\/#respond"]}]},{"@type":"WebPage","@id":"https:\/\/www.24gliwice.pl\/wiadomosci\/przybywa-cudzoziemcow-pracujacych-w-gliwicach-to-juz-okolo-4-tysiecy-osob\/","url":"https:\/\/www.24gliwice.pl\/wiadomosci\/przybywa-cudzoziemcow-pracujacych-w-gliwicach-to-juz-okolo-4-tysiecy-osob\/","name":"Przybywa cudzoziemc\u00f3w pracuj\u0105cych w Gliwicach. To ju\u017c oko\u0142o 4 tysi\u0119cy os\u00f3b - 24GLIWICE - Portal Gliwice | codziennie nowe informacje","isPartOf":{"@id":"https:\/\/www.24gliwice.pl\/wiadomosci\/#website"},"primaryImageOfPage":{"@id":"https:\/\/www.24gliwice.pl\/wiadomosci\/przybywa-cudzoziemcow-pracujacych-w-gliwicach-to-juz-okolo-4-tysiecy-osob\/#primaryimage"},"image":{"@id":"https:\/\/www.24gliwice.pl\/wiadomosci\/przybywa-cudzoziemcow-pracujacych-w-gliwicach-to-juz-okolo-4-tysiecy-osob\/#primaryimage"},"thumbnailUrl":"https:\/\/www.24gliwice.pl\/wiadomosci\/wp-content\/uploads\/2018\/08\/IMG_1920.jpg","datePublished":"2018-08-14T00:08:50+00:00","dateModified":"2019-07-02T19:46:30+00:00","breadcrumb":{"@id":"https:\/\/www.24gliwice.pl\/wiadomosci\/przybywa-cudzoziemcow-pracujacych-w-gliwicach-to-juz-okolo-4-tysiecy-osob\/#breadcrumb"},"inLanguage":"pl-PL","potentialAction":[{"@type":"ReadAction","target":["https:\/\/www.24gliwice.pl\/wiadomosci\/przybywa-cudzoziemcow-pracujacych-w-gliwicach-to-juz-okolo-4-tysiecy-osob\/"]}]},{"@type":"ImageObject","inLanguage":"pl-PL","@id":"https:\/\/www.24gliwice.pl\/wiadomosci\/przybywa-cudzoziemcow-pracujacych-w-gliwicach-to-juz-okolo-4-tysiecy-osob\/#primaryimage","url":"https:\/\/www.24gliwice.pl\/wiadomosci\/wp-content\/uploads\/2018\/08\/IMG_1920.jpg","contentUrl":"https:\/\/www.24gliwice.pl\/wiadomosci\/wp-content\/uploads\/2018\/08\/IMG_1920.jpg","width":1200,"height":676},{"@type":"BreadcrumbList","@id":"https:\/\/www.24gliwice.pl\/wiadomosci\/przybywa-cudzoziemcow-pracujacych-w-gliwicach-to-juz-okolo-4-tysiecy-osob\/#breadcrumb","itemListElement":[{"@type":"ListItem","position":1,"name":"Strona g\u0142\u00f3wna","item":"https:\/\/www.24gliwice.pl\/wiadomosci\/"},{"@type":"ListItem","position":2,"name":"Przybywa cudzoziemc\u00f3w pracuj\u0105cych w Gliwicach. To ju\u017c oko\u0142o 4 tysi\u0119cy os\u00f3b"}]},{"@type":"WebSite","@id":"https:\/\/www.24gliwice.pl\/wiadomosci\/#website","url":"https:\/\/www.24gliwice.pl\/wiadomosci\/","name":"24GLIWICE - Portal Gliwice | codziennie nowe wiadomo\u015bci","description":"Portal Miejski Gliwice","publisher":{"@id":"https:\/\/www.24gliwice.pl\/wiadomosci\/#organization"},"potentialAction":[{"@type":"SearchAction","target":{"@type":"EntryPoint","urlTemplate":"https:\/\/www.24gliwice.pl\/wiadomosci\/?s={search_term_string}"},"query-input":{"@type":"PropertyValueSpecification","valueRequired":true,"valueName":"search_term_string"}}],"inLanguage":"pl-PL"},{"@type":"Organization","@id":"https:\/\/www.24gliwice.pl\/wiadomosci\/#organization","name":"24gliwice","url":"https:\/\/www.24gliwice.pl\/wiadomosci\/","logo":{"@type":"ImageObject","inLanguage":"pl-PL","@id":"https:\/\/www.24gliwice.pl\/wiadomosci\/#\/schema\/logo\/image\/","url":"https:\/\/www.24gliwice.pl\/wiadomosci\/wp-content\/uploads\/2024\/10\/24gliwice-logo-696.jpg","contentUrl":"https:\/\/www.24gliwice.pl\/wiadomosci\/wp-content\/uploads\/2024\/10\/24gliwice-logo-696.jpg","width":696,"height":696,"caption":"24gliwice"},"image":{"@id":"https:\/\/www.24gliwice.pl\/wiadomosci\/#\/schema\/logo\/image\/"},"sameAs":["https:\/\/www.facebook.com\/24gliwice","https:\/\/x.com\/24gliwice","https:\/\/www.youtube.com\/@24gliwice"]},{"@type":"Person","@id":"https:\/\/www.24gliwice.pl\/wiadomosci\/#\/schema\/person\/940e8f8a097e322de4f463f061ef8d45","name":"Micha\u0142 Szewczyk","image":{"@type":"ImageObject","inLanguage":"pl-PL","@id":"https:\/\/secure.gravatar.com\/avatar\/771b8b6c74cd8d255e46392d605e01a86133900ef09b6ef3c8d451c9d92288cf?s=96&d=mm&r=g","url":"https:\/\/secure.gravatar.com\/avatar\/771b8b6c74cd8d255e46392d605e01a86133900ef09b6ef3c8d451c9d92288cf?s=96&d=mm&r=g","contentUrl":"https:\/\/secure.gravatar.com\/avatar\/771b8b6c74cd8d255e46392d605e01a86133900ef09b6ef3c8d451c9d92288cf?s=96&d=mm&r=g","caption":"Micha\u0142 Szewczyk"},"sameAs":["http:\/\/www.gazeta-miejska.pl"],"url":"https:\/\/www.24gliwice.pl\/wiadomosci\/author\/michal-szewczyk\/"}]}},"_links":{"self":[{"href":"https:\/\/www.24gliwice.pl\/wiadomosci\/wp-json\/wp\/v2\/posts\/121346","targetHints":{"allow":["GET"]}}],"collection":[{"href":"https:\/\/www.24gliwice.pl\/wiadomosci\/wp-json\/wp\/v2\/posts"}],"about":[{"href":"https:\/\/www.24gliwice.pl\/wiadomosci\/wp-json\/wp\/v2\/types\/post"}],"author":[{"embeddable":true,"href":"https:\/\/www.24gliwice.pl\/wiadomosci\/wp-json\/wp\/v2\/users\/12"}],"replies":[{"embeddable":true,"href":"https:\/\/www.24gliwice.pl\/wiadomosci\/wp-json\/wp\/v2\/comments?post=121346"}],"version-history":[{"count":0,"href":"https:\/\/www.24gliwice.pl\/wiadomosci\/wp-json\/wp\/v2\/posts\/121346\/revisions"}],"wp:featuredmedia":[{"embeddable":true,"href":"https:\/\/www.24gliwice.pl\/wiadomosci\/wp-json\/wp\/v2\/media\/121347"}],"wp:attachment":[{"href":"https:\/\/www.24gliwice.pl\/wiadomosci\/wp-json\/wp\/v2\/media?parent=121346"}],"wp:term":[{"taxonomy":"category","embeddable":true,"href":"https:\/\/www.24gliwice.pl\/wiadomosci\/wp-json\/wp\/v2\/categories?post=121346"},{"taxonomy":"post_tag","embeddable":true,"href":"https:\/\/www.24gliwice.pl\/wiadomosci\/wp-json\/wp\/v2\/tags?post=121346"}],"curies":[{"name":"wp","href":"https:\/\/api.w.org\/{rel}","templated":true}]}}