{"id":121707,"date":"2018-08-27T14:08:53","date_gmt":"2018-08-27T12:08:53","guid":{"rendered":"https:\/\/www.24gliwice.pl\/wiadomosci\/?p=121707"},"modified":"2020-04-05T14:26:22","modified_gmt":"2020-04-05T12:26:22","slug":"w-centrum-gliwic-od-niedawna-stoi-pomnik-tadeusza-kosciuszki-mozna-go-kupic","status":"publish","type":"post","link":"https:\/\/www.24gliwice.pl\/wiadomosci\/w-centrum-gliwic-od-niedawna-stoi-pomnik-tadeusza-kosciuszki-mozna-go-kupic\/","title":{"rendered":"W centrum Gliwic od niedawna stoi pomnik Tadeusza Ko\u015bciuszki. Mo\u017cna go&#8230; kupi\u0107"},"content":{"rendered":"<div class=\"gliwi-a6-nad-leadem-artykulow gliwi-entity-placement\" id=\"gliwi-3874965476\"><div class=\"gliwi-adlabel\"><span style=\"font-size: 9px\">REKLAMA<\/span><\/div><div id=\"gliwi-2753392941\" style=\"margin-bottom: 30px;margin-left: auto;margin-right: auto;text-align: center;\"><a data-no-instant=\"1\" href=\"https:\/\/przedszkole.halogen.org.pl\/\" rel=\"noopener\" class=\"a2t-link\" target=\"_blank\" aria-label=\"20260402-ANIMATOR-przedszkole_grafika_750x200\"><img loading=\"lazy\" decoding=\"async\" src=\"https:\/\/www.24gliwice.pl\/wiadomosci\/wp-content\/uploads\/2026\/04\/20260402-ANIMATOR-przedszkole_grafika_750x200.webp\" alt=\"\"  srcset=\"https:\/\/www.24gliwice.pl\/wiadomosci\/wp-content\/uploads\/2026\/04\/20260402-ANIMATOR-przedszkole_grafika_750x200.webp 750w, https:\/\/www.24gliwice.pl\/wiadomosci\/wp-content\/uploads\/2026\/04\/20260402-ANIMATOR-przedszkole_grafika_750x200-410x109.webp 410w\" sizes=\"(max-width: 750px) 100vw, 750px\" class=\"no-lazyload\" width=\"750\" height=\"200\"  style=\"display: inline-block; max-width: 100%; height: auto;\" \/><\/a><\/div><\/div><h3>Odlana z br\u0105zu, mierz\u0105ca ponad dwa metry posta\u0107 Tadeusza Ko\u015bciuszki pojawi\u0142a si\u0119 niedawno przed jednym z biurowc\u00f3w w centrum miasta.<\/h> Pomnik nie b\u0119dzie tu eksponowany na sta\u0142e, jego w\u0142a\u015bciciel, Gliwickie Zak\u0142ady Urz\u0105dze\u0144 Technicznych, przeznaczy\u0142 go na sprzeda\u017c.<\/h3>\n<p>Sk\u0105d odlew znalaz\u0142 si\u0119 przed biurowcem przy ul. Ko\u015bciuszki? Okazuje si\u0119, \u017ce jest to trzeci pomnik na podstawie modeli odlewniczych, kt\u00f3rych wykonanie w 2008 roku, na zlecenie Stowarzyszenia Budowy Pomnika Tadeusza Ko\u015bciuszki, GZUT S.A. powierzy\u0142 artystom<strong> Annie i Wojciechowi Siek<\/strong> z Krakowa.<br \/>\nModele powsta\u0142y w oparciu o dokumentacj\u0119 fotograficzn\u0105 pomnika Tadeusza Ko\u015bciuszki autorstwa rze\u017abiarza <strong>Antoniego Popiela<\/strong>, kt\u00f3ry w 1910 roku stan\u0105\u0142 w Waszyngtonie.<\/p>\n<p><img loading=\"lazy\" decoding=\"async\" src=\"https:\/\/www.24gliwice.pl\/wiadomosci\/wp-content\/uploads\/2018\/08\/ko\u015bciuszko-pomnik-tablica.jpg\" alt=\"\" width=\"960\" height=\"540\" class=\"alignnone size-full wp-image-121819\" srcset=\"https:\/\/www.24gliwice.pl\/wiadomosci\/wp-content\/uploads\/2018\/08\/ko\u015bciuszko-pomnik-tablica.jpg 960w, https:\/\/www.24gliwice.pl\/wiadomosci\/wp-content\/uploads\/2018\/08\/ko\u015bciuszko-pomnik-tablica-410x232.jpg 410w, https:\/\/www.24gliwice.pl\/wiadomosci\/wp-content\/uploads\/2018\/08\/ko\u015bciuszko-pomnik-tablica-768x432.jpg 768w, https:\/\/www.24gliwice.pl\/wiadomosci\/wp-content\/uploads\/2018\/08\/ko\u015bciuszko-pomnik-tablica-810x456.jpg 810w\" sizes=\"auto, (max-width: 960px) 100vw, 960px\" \/><\/p>\n<p>Wykonano dwa odlewy &#8211; w kapeluszu i bez &#8211; pierwszy ods\u0142oni\u0119to na Placu \u017belaznej Bramy w Warszawie jesieni\u0105 2010 roku &#8211; w 100-n\u0105 rocznic\u0119 postawienia pomnika w Waszyngtonie. Drugi w tym samym roku znalaz\u0142 si\u0119 w Stalowej Woli.<\/p><div class=\"gliwi-a3-w-tresci-artykulow gliwi-entity-placement\" id=\"gliwi-1770600898\"><div class=\"gliwi-adlabel\"><span style=\"font-size: 9px\">REKLAMA<\/span><\/div><div id=\"gliwi-2514362751\" style=\"margin-bottom: 30px;margin-left: auto;margin-right: auto;text-align: center;\"><a data-no-instant=\"1\" href=\"https:\/\/zlobek.halogen.org.pl\/\" rel=\"noopener\" class=\"a2t-link\" target=\"_blank\" aria-label=\"animator-zlobek_750x200\"><img loading=\"lazy\" decoding=\"async\" src=\"https:\/\/www.24gliwice.pl\/wiadomosci\/wp-content\/uploads\/2026\/02\/animator-zlobek_750x200.webp\" alt=\"\"  srcset=\"https:\/\/www.24gliwice.pl\/wiadomosci\/wp-content\/uploads\/2026\/02\/animator-zlobek_750x200.webp 750w, https:\/\/www.24gliwice.pl\/wiadomosci\/wp-content\/uploads\/2026\/02\/animator-zlobek_750x200-410x109.webp 410w\" sizes=\"(max-width: 750px) 100vw, 750px\" class=\"no-lazyload\" width=\"750\" height=\"200\"  style=\"display: inline-block; max-width: 100%; height: auto;\" \/><\/a><\/div><\/div>\n[perfectpullquote align=&#8221;full&#8221; bordertop=&#8221;false&#8221; cite=&#8221;&#8221; link=&#8221;&#8221; color=&#8221;&#8221; class=&#8221;&#8221; size=&#8221;&#8221;]W 2010 roku zosta\u0142 wykonany jeszcze jeden odlew postaci bez nakrycia g\u0142owy w zwi\u0105zku z informacjami o potrzebie postawienia pomnika Tadeusza Ko\u015bciuszki w Solurze w Szwajcarii.[\/perfectpullquote]\n<p>Realizacja ta nie dosz\u0142a do skutku, ale rze\u017aba zosta\u0142a w kolejnych latach doko\u0144czona.<\/p>\n<div id='gallery-1' class='vce-gallery gallery galleryid-121707 gallery-columns-3 gallery-size-vce-lay-b'><div class=\"vce-gallery-big\"><div class=\"big-gallery-item item-0\" >\n\t\t\t<div class='gallery-icon'>\n\t\t\t\t<a href='https:\/\/www.24gliwice.pl\/wiadomosci\/wp-content\/uploads\/2018\/08\/ko\u015bciuszko-pomnik3.jpg'><img loading=\"lazy\" decoding=\"async\" width=\"810\" height=\"456\" src=\"https:\/\/www.24gliwice.pl\/wiadomosci\/wp-content\/uploads\/2018\/08\/ko\u015bciuszko-pomnik3-810x456.jpg\" class=\"attachment-vce-lay-a size-vce-lay-a\" alt=\"\" srcset=\"https:\/\/www.24gliwice.pl\/wiadomosci\/wp-content\/uploads\/2018\/08\/ko\u015bciuszko-pomnik3-810x456.jpg 810w, https:\/\/www.24gliwice.pl\/wiadomosci\/wp-content\/uploads\/2018\/08\/ko\u015bciuszko-pomnik3-410x232.jpg 410w, https:\/\/www.24gliwice.pl\/wiadomosci\/wp-content\/uploads\/2018\/08\/ko\u015bciuszko-pomnik3-768x432.jpg 768w, https:\/\/www.24gliwice.pl\/wiadomosci\/wp-content\/uploads\/2018\/08\/ko\u015bciuszko-pomnik3.jpg 960w\" sizes=\"auto, (max-width: 810px) 100vw, 810px\" \/><\/a>\n\t\t\t<\/div><\/div><div class=\"big-gallery-item item-1\" style=\"display:none;\">\n\t\t\t<div class='gallery-icon'>\n\t\t\t\t<a href='https:\/\/www.24gliwice.pl\/wiadomosci\/wp-content\/uploads\/2018\/08\/ko\u015bciuszko-pomnik2.jpg'><img loading=\"lazy\" decoding=\"async\" width=\"810\" height=\"456\" src=\"https:\/\/www.24gliwice.pl\/wiadomosci\/wp-content\/uploads\/2018\/08\/ko\u015bciuszko-pomnik2-810x456.jpg\" class=\"attachment-vce-lay-a size-vce-lay-a\" alt=\"\" srcset=\"https:\/\/www.24gliwice.pl\/wiadomosci\/wp-content\/uploads\/2018\/08\/ko\u015bciuszko-pomnik2-810x456.jpg 810w, https:\/\/www.24gliwice.pl\/wiadomosci\/wp-content\/uploads\/2018\/08\/ko\u015bciuszko-pomnik2-410x232.jpg 410w, https:\/\/www.24gliwice.pl\/wiadomosci\/wp-content\/uploads\/2018\/08\/ko\u015bciuszko-pomnik2-768x432.jpg 768w, https:\/\/www.24gliwice.pl\/wiadomosci\/wp-content\/uploads\/2018\/08\/ko\u015bciuszko-pomnik2.jpg 960w\" sizes=\"auto, (max-width: 810px) 100vw, 810px\" \/><\/a>\n\t\t\t<\/div><\/div><div class=\"big-gallery-item item-2\" style=\"display:none;\">\n\t\t\t<div class='gallery-icon'>\n\t\t\t\t<a href='https:\/\/www.24gliwice.pl\/wiadomosci\/wp-content\/uploads\/2018\/08\/ko\u015bciuszko-pomnik.jpg'><img loading=\"lazy\" decoding=\"async\" width=\"810\" height=\"456\" src=\"https:\/\/www.24gliwice.pl\/wiadomosci\/wp-content\/uploads\/2018\/08\/ko\u015bciuszko-pomnik-810x456.jpg\" class=\"attachment-vce-lay-a size-vce-lay-a\" alt=\"\" srcset=\"https:\/\/www.24gliwice.pl\/wiadomosci\/wp-content\/uploads\/2018\/08\/ko\u015bciuszko-pomnik-810x456.jpg 810w, https:\/\/www.24gliwice.pl\/wiadomosci\/wp-content\/uploads\/2018\/08\/ko\u015bciuszko-pomnik-410x232.jpg 410w, https:\/\/www.24gliwice.pl\/wiadomosci\/wp-content\/uploads\/2018\/08\/ko\u015bciuszko-pomnik-768x432.jpg 768w, https:\/\/www.24gliwice.pl\/wiadomosci\/wp-content\/uploads\/2018\/08\/ko\u015bciuszko-pomnik-1140x641.jpg 1140w, https:\/\/www.24gliwice.pl\/wiadomosci\/wp-content\/uploads\/2018\/08\/ko\u015bciuszko-pomnik.jpg 2048w\" sizes=\"auto, (max-width: 810px) 100vw, 810px\" \/><\/a>\n\t\t\t<\/div><\/div><div class=\"big-gallery-item item-3\" style=\"display:none;\">\n\t\t\t<div class='gallery-icon'>\n\t\t\t\t<a href='https:\/\/www.24gliwice.pl\/wiadomosci\/wp-content\/uploads\/2018\/08\/ko\u015bciuszko-g\u0142\u00f3wna-2.jpg'><img loading=\"lazy\" decoding=\"async\" width=\"810\" height=\"456\" src=\"https:\/\/www.24gliwice.pl\/wiadomosci\/wp-content\/uploads\/2018\/08\/ko\u015bciuszko-g\u0142\u00f3wna-2-810x456.jpg\" class=\"attachment-vce-lay-a size-vce-lay-a\" alt=\"\" srcset=\"https:\/\/www.24gliwice.pl\/wiadomosci\/wp-content\/uploads\/2018\/08\/ko\u015bciuszko-g\u0142\u00f3wna-2-810x456.jpg 810w, https:\/\/www.24gliwice.pl\/wiadomosci\/wp-content\/uploads\/2018\/08\/ko\u015bciuszko-g\u0142\u00f3wna-2-410x232.jpg 410w, https:\/\/www.24gliwice.pl\/wiadomosci\/wp-content\/uploads\/2018\/08\/ko\u015bciuszko-g\u0142\u00f3wna-2-768x432.jpg 768w, https:\/\/www.24gliwice.pl\/wiadomosci\/wp-content\/uploads\/2018\/08\/ko\u015bciuszko-g\u0142\u00f3wna-2.jpg 960w\" sizes=\"auto, (max-width: 810px) 100vw, 810px\" \/><\/a>\n\t\t\t<\/div><\/div><\/div><div class=\"vce-gallery-slider\" data-columns=\"3\"><figure class='gallery-item' data-item='0'>\n\t\t\t<div class='gallery-icon landscape'>\n\t\t\t\t<a href='https:\/\/www.24gliwice.pl\/wiadomosci\/wp-content\/uploads\/2018\/08\/ko\u015bciuszko-pomnik3.jpg'><img loading=\"lazy\" decoding=\"async\" width=\"375\" height=\"195\" src=\"https:\/\/www.24gliwice.pl\/wiadomosci\/wp-content\/uploads\/2018\/08\/ko\u015bciuszko-pomnik3-375x195.jpg\" class=\"attachment-vce-lay-b size-vce-lay-b\" alt=\"\" srcset=\"https:\/\/www.24gliwice.pl\/wiadomosci\/wp-content\/uploads\/2018\/08\/ko\u015bciuszko-pomnik3-375x195.jpg 375w, https:\/\/www.24gliwice.pl\/wiadomosci\/wp-content\/uploads\/2018\/08\/ko\u015bciuszko-pomnik3-960x500.jpg 960w\" sizes=\"auto, (max-width: 375px) 100vw, 375px\" \/><\/a>\n\t\t\t<\/div><\/figure><figure class='gallery-item' data-item='1'>\n\t\t\t<div class='gallery-icon landscape'>\n\t\t\t\t<a href='https:\/\/www.24gliwice.pl\/wiadomosci\/wp-content\/uploads\/2018\/08\/ko\u015bciuszko-pomnik2.jpg'><img loading=\"lazy\" decoding=\"async\" width=\"375\" height=\"195\" src=\"https:\/\/www.24gliwice.pl\/wiadomosci\/wp-content\/uploads\/2018\/08\/ko\u015bciuszko-pomnik2-375x195.jpg\" class=\"attachment-vce-lay-b size-vce-lay-b\" alt=\"\" srcset=\"https:\/\/www.24gliwice.pl\/wiadomosci\/wp-content\/uploads\/2018\/08\/ko\u015bciuszko-pomnik2-375x195.jpg 375w, https:\/\/www.24gliwice.pl\/wiadomosci\/wp-content\/uploads\/2018\/08\/ko\u015bciuszko-pomnik2-960x500.jpg 960w\" sizes=\"auto, (max-width: 375px) 100vw, 375px\" \/><\/a>\n\t\t\t<\/div><\/figure><figure class='gallery-item' data-item='2'>\n\t\t\t<div class='gallery-icon landscape'>\n\t\t\t\t<a href='https:\/\/www.24gliwice.pl\/wiadomosci\/wp-content\/uploads\/2018\/08\/ko\u015bciuszko-pomnik.jpg'><img loading=\"lazy\" decoding=\"async\" width=\"375\" height=\"195\" src=\"https:\/\/www.24gliwice.pl\/wiadomosci\/wp-content\/uploads\/2018\/08\/ko\u015bciuszko-pomnik-375x195.jpg\" class=\"attachment-vce-lay-b size-vce-lay-b\" alt=\"\" \/><\/a>\n\t\t\t<\/div><\/figure><figure class='gallery-item' data-item='3'>\n\t\t\t<div class='gallery-icon landscape'>\n\t\t\t\t<a href='https:\/\/www.24gliwice.pl\/wiadomosci\/wp-content\/uploads\/2018\/08\/ko\u015bciuszko-g\u0142\u00f3wna-2.jpg'><img loading=\"lazy\" decoding=\"async\" width=\"375\" height=\"195\" src=\"https:\/\/www.24gliwice.pl\/wiadomosci\/wp-content\/uploads\/2018\/08\/ko\u015bciuszko-g\u0142\u00f3wna-2-375x195.jpg\" class=\"attachment-vce-lay-b size-vce-lay-b\" alt=\"\" srcset=\"https:\/\/www.24gliwice.pl\/wiadomosci\/wp-content\/uploads\/2018\/08\/ko\u015bciuszko-g\u0142\u00f3wna-2-375x195.jpg 375w, https:\/\/www.24gliwice.pl\/wiadomosci\/wp-content\/uploads\/2018\/08\/ko\u015bciuszko-g\u0142\u00f3wna-2-960x500.jpg 960w\" sizes=\"auto, (max-width: 375px) 100vw, 375px\" \/><\/a>\n\t\t\t<\/div><\/figure><\/div><\/div>\n\n<p>&#8211; Po prezentowaniu przez rok rze\u017aby (naszym zdaniem bardzo dobrej) przed Parkiem Przemys\u0142owym GZUT przy ul. Robotniczej 2 postanowi\u0142em zaprezentowa\u0107 rze\u017ab\u0119 jako ekspozycj\u0119 umiej\u0119tno\u015bci i mo\u017cliwo\u015bci naszej firmy pod naszym biurowcem KO\u015aCIUSZKI 1c &#8211; wyja\u015bnia nam <strong>Tadeusz Wojarski<\/strong>, prezes zarz\u0105du GZUT S.A.<\/p>\n<p>Okazuje si\u0119, \u017ce pomnik mo\u017cna kupi\u0107. Kompletny odlew z br\u0105zu, ustawiony na betonowym cokole wyceniono na 130 tys. z\u0142otych.<\/p>\n<p>(\u017cms)<\/p>\n<div class=\"gliwi-a5-na-koncu-artykulow gliwi-entity-placement\" id=\"gliwi-2614934139\"><div class=\"gliwi-adlabel\"><span style=\"font-size: 9px\">REKLAMA<\/span><\/div><div id=\"gliwi-1477495524\" style=\"margin-left: auto;margin-right: auto;text-align: center;\"><a data-no-instant=\"1\" href=\"https:\/\/prezeroarenagliwice.pl\/\" rel=\"noopener\" class=\"a2t-link\" target=\"_blank\" aria-label=\"20260309-PREZERO-WIOSNA-D\"><img loading=\"lazy\" decoding=\"async\" src=\"https:\/\/www.24gliwice.pl\/wiadomosci\/wp-content\/uploads\/2026\/03\/20260309-PREZERO-WIOSNA-D.webp\" alt=\"\"  srcset=\"https:\/\/www.24gliwice.pl\/wiadomosci\/wp-content\/uploads\/2026\/03\/20260309-PREZERO-WIOSNA-D.webp 750w, https:\/\/www.24gliwice.pl\/wiadomosci\/wp-content\/uploads\/2026\/03\/20260309-PREZERO-WIOSNA-D-410x109.webp 410w\" sizes=\"(max-width: 750px) 100vw, 750px\" class=\"no-lazyload\" width=\"750\" height=\"200\"  style=\"display: inline-block; max-width: 100%; height: auto;\" \/><\/a><\/div><\/div>","protected":false},"excerpt":{"rendered":"<p>Odlana z br\u0105zu, mierz\u0105ca ponad dwa metry posta\u0107 Tadeusza Ko\u015bciuszki pojawi\u0142a si\u0119 niedawno przed jednym z biurowc\u00f3w w centrum miasta. Pomnik nie b\u0119dzie tu eksponowany na sta\u0142e, jego w\u0142a\u015bciciel, Gliwickie Zak\u0142ady Urz\u0105dze\u0144 Technicznych, przeznaczy\u0142 go na sprzeda\u017c. Sk\u0105d odlew znalaz\u0142 si\u0119 przed biurowcem przy ul. Ko\u015bciuszki? Okazuje si\u0119, \u017ce jest to trzeci pomnik na podstawie [&hellip;]<\/p>\n","protected":false},"author":15,"featured_media":121817,"comment_status":"open","ping_status":"closed","sticky":false,"template":"","format":"standard","meta":{"_monsterinsights_skip_tracking":false,"_monsterinsights_sitenote_active":false,"_monsterinsights_sitenote_note":"","_monsterinsights_sitenote_category":0,"footnotes":"","_links_to":"","_links_to_target":""},"categories":[3,1,9],"tags":[612,980,13164,13166,13165,10210],"class_list":["post-121707","post","type-post","status-publish","format-standard","has-post-thumbnail","hentry","category-gliwice","category-wszystko","category-aktualnosci_lokalne","tag-gzut","tag-kosciuszki","tag-kosciuszko","tag-odlew","tag-pomnik","tag-rzezba"],"yoast_head":"<!-- This site is optimized with the Yoast SEO plugin v27.5 - https:\/\/yoast.com\/product\/yoast-seo-wordpress\/ -->\n<title>W centrum Gliwic od niedawna stoi pomnik Tadeusza Ko\u015bciuszki. Mo\u017cna go... kupi\u0107 - 24GLIWICE - Portal Gliwice | codziennie nowe informacje<\/title>\n<meta name=\"robots\" content=\"index, follow, max-snippet:-1, max-image-preview:large, max-video-preview:-1\" \/>\n<link rel=\"canonical\" href=\"https:\/\/www.24gliwice.pl\/wiadomosci\/w-centrum-gliwic-od-niedawna-stoi-pomnik-tadeusza-kosciuszki-mozna-go-kupic\/\" \/>\n<meta property=\"og:locale\" content=\"pl_PL\" \/>\n<meta property=\"og:type\" content=\"article\" \/>\n<meta property=\"og:title\" content=\"W centrum Gliwic od niedawna stoi pomnik Tadeusza Ko\u015bciuszki. Mo\u017cna go... kupi\u0107 - 24GLIWICE - Portal Gliwice | codziennie nowe informacje\" \/>\n<meta property=\"og:description\" content=\"Odlana z br\u0105zu, mierz\u0105ca ponad dwa metry posta\u0107 Tadeusza Ko\u015bciuszki pojawi\u0142a si\u0119 niedawno przed jednym z biurowc\u00f3w w centrum miasta. Pomnik nie b\u0119dzie tu eksponowany na sta\u0142e, jego w\u0142a\u015bciciel, Gliwickie Zak\u0142ady Urz\u0105dze\u0144 Technicznych, przeznaczy\u0142 go na sprzeda\u017c. Sk\u0105d odlew znalaz\u0142 si\u0119 przed biurowcem przy ul. Ko\u015bciuszki? Okazuje si\u0119, \u017ce jest to trzeci pomnik na podstawie [&hellip;]\" \/>\n<meta property=\"og:url\" content=\"https:\/\/www.24gliwice.pl\/wiadomosci\/w-centrum-gliwic-od-niedawna-stoi-pomnik-tadeusza-kosciuszki-mozna-go-kupic\/\" \/>\n<meta property=\"og:site_name\" content=\"24GLIWICE - Portal Gliwice | codziennie nowe informacje\" \/>\n<meta property=\"article:publisher\" content=\"https:\/\/www.facebook.com\/24gliwice\" \/>\n<meta property=\"article:published_time\" content=\"2018-08-27T12:08:53+00:00\" \/>\n<meta property=\"article:modified_time\" content=\"2020-04-05T12:26:22+00:00\" \/>\n<meta property=\"og:image\" content=\"https:\/\/www.24gliwice.pl\/wiadomosci\/wp-content\/uploads\/2018\/08\/ko\u015bciuszki-pomnik-g\u0142\u00f3wna.jpg\" \/>\n\t<meta property=\"og:image:width\" content=\"960\" \/>\n\t<meta property=\"og:image:height\" content=\"540\" \/>\n\t<meta property=\"og:image:type\" content=\"image\/jpeg\" \/>\n<meta name=\"author\" content=\"\u017baneta Mrozek-Siewierska\" \/>\n<meta name=\"twitter:card\" content=\"summary_large_image\" \/>\n<meta name=\"twitter:creator\" content=\"@24gliwice\" \/>\n<meta name=\"twitter:site\" content=\"@24gliwice\" \/>\n<meta name=\"twitter:label1\" content=\"Napisane przez\" \/>\n\t<meta name=\"twitter:data1\" content=\"\u017baneta Mrozek-Siewierska\" \/>\n\t<meta name=\"twitter:label2\" content=\"Szacowany czas czytania\" \/>\n\t<meta name=\"twitter:data2\" content=\"1 minuta\" \/>\n<script type=\"application\/ld+json\" class=\"yoast-schema-graph\">{\"@context\":\"https:\\\/\\\/schema.org\",\"@graph\":[{\"@type\":\"Article\",\"@id\":\"https:\\\/\\\/www.24gliwice.pl\\\/wiadomosci\\\/w-centrum-gliwic-od-niedawna-stoi-pomnik-tadeusza-kosciuszki-mozna-go-kupic\\\/#article\",\"isPartOf\":{\"@id\":\"https:\\\/\\\/www.24gliwice.pl\\\/wiadomosci\\\/w-centrum-gliwic-od-niedawna-stoi-pomnik-tadeusza-kosciuszki-mozna-go-kupic\\\/\"},\"author\":{\"name\":\"\u017baneta Mrozek-Siewierska\",\"@id\":\"https:\\\/\\\/www.24gliwice.pl\\\/wiadomosci\\\/#\\\/schema\\\/person\\\/e42c650edd7f2fa332be3811fb166b6e\"},\"headline\":\"W centrum Gliwic od niedawna stoi pomnik Tadeusza Ko\u015bciuszki. Mo\u017cna go&#8230; kupi\u0107\",\"datePublished\":\"2018-08-27T12:08:53+00:00\",\"dateModified\":\"2020-04-05T12:26:22+00:00\",\"mainEntityOfPage\":{\"@id\":\"https:\\\/\\\/www.24gliwice.pl\\\/wiadomosci\\\/w-centrum-gliwic-od-niedawna-stoi-pomnik-tadeusza-kosciuszki-mozna-go-kupic\\\/\"},\"wordCount\":304,\"commentCount\":0,\"publisher\":{\"@id\":\"https:\\\/\\\/www.24gliwice.pl\\\/wiadomosci\\\/#organization\"},\"image\":{\"@id\":\"https:\\\/\\\/www.24gliwice.pl\\\/wiadomosci\\\/w-centrum-gliwic-od-niedawna-stoi-pomnik-tadeusza-kosciuszki-mozna-go-kupic\\\/#primaryimage\"},\"thumbnailUrl\":\"https:\\\/\\\/www.24gliwice.pl\\\/wiadomosci\\\/wp-content\\\/uploads\\\/2018\\\/08\\\/ko\u015bciuszki-pomnik-g\u0142\u00f3wna.jpg\",\"keywords\":[\"gzut\",\"KO\u015aCIUSZKI\",\"ko\u015bciuszko\",\"odlew\",\"pomnik\",\"rze\u017aba\"],\"articleSection\":[\"Gliwice\",\"Najnowsze wiadomo\u015bci\",\"Portal Gliwice - Wiadomo\u015bci lokalne\"],\"inLanguage\":\"pl-PL\",\"potentialAction\":[{\"@type\":\"CommentAction\",\"name\":\"Comment\",\"target\":[\"https:\\\/\\\/www.24gliwice.pl\\\/wiadomosci\\\/w-centrum-gliwic-od-niedawna-stoi-pomnik-tadeusza-kosciuszki-mozna-go-kupic\\\/#respond\"]}]},{\"@type\":\"WebPage\",\"@id\":\"https:\\\/\\\/www.24gliwice.pl\\\/wiadomosci\\\/w-centrum-gliwic-od-niedawna-stoi-pomnik-tadeusza-kosciuszki-mozna-go-kupic\\\/\",\"url\":\"https:\\\/\\\/www.24gliwice.pl\\\/wiadomosci\\\/w-centrum-gliwic-od-niedawna-stoi-pomnik-tadeusza-kosciuszki-mozna-go-kupic\\\/\",\"name\":\"W centrum Gliwic od niedawna stoi pomnik Tadeusza Ko\u015bciuszki. Mo\u017cna go... kupi\u0107 - 24GLIWICE - Portal Gliwice | codziennie nowe informacje\",\"isPartOf\":{\"@id\":\"https:\\\/\\\/www.24gliwice.pl\\\/wiadomosci\\\/#website\"},\"primaryImageOfPage\":{\"@id\":\"https:\\\/\\\/www.24gliwice.pl\\\/wiadomosci\\\/w-centrum-gliwic-od-niedawna-stoi-pomnik-tadeusza-kosciuszki-mozna-go-kupic\\\/#primaryimage\"},\"image\":{\"@id\":\"https:\\\/\\\/www.24gliwice.pl\\\/wiadomosci\\\/w-centrum-gliwic-od-niedawna-stoi-pomnik-tadeusza-kosciuszki-mozna-go-kupic\\\/#primaryimage\"},\"thumbnailUrl\":\"https:\\\/\\\/www.24gliwice.pl\\\/wiadomosci\\\/wp-content\\\/uploads\\\/2018\\\/08\\\/ko\u015bciuszki-pomnik-g\u0142\u00f3wna.jpg\",\"datePublished\":\"2018-08-27T12:08:53+00:00\",\"dateModified\":\"2020-04-05T12:26:22+00:00\",\"breadcrumb\":{\"@id\":\"https:\\\/\\\/www.24gliwice.pl\\\/wiadomosci\\\/w-centrum-gliwic-od-niedawna-stoi-pomnik-tadeusza-kosciuszki-mozna-go-kupic\\\/#breadcrumb\"},\"inLanguage\":\"pl-PL\",\"potentialAction\":[{\"@type\":\"ReadAction\",\"target\":[\"https:\\\/\\\/www.24gliwice.pl\\\/wiadomosci\\\/w-centrum-gliwic-od-niedawna-stoi-pomnik-tadeusza-kosciuszki-mozna-go-kupic\\\/\"]}]},{\"@type\":\"ImageObject\",\"inLanguage\":\"pl-PL\",\"@id\":\"https:\\\/\\\/www.24gliwice.pl\\\/wiadomosci\\\/w-centrum-gliwic-od-niedawna-stoi-pomnik-tadeusza-kosciuszki-mozna-go-kupic\\\/#primaryimage\",\"url\":\"https:\\\/\\\/www.24gliwice.pl\\\/wiadomosci\\\/wp-content\\\/uploads\\\/2018\\\/08\\\/ko\u015bciuszki-pomnik-g\u0142\u00f3wna.jpg\",\"contentUrl\":\"https:\\\/\\\/www.24gliwice.pl\\\/wiadomosci\\\/wp-content\\\/uploads\\\/2018\\\/08\\\/ko\u015bciuszki-pomnik-g\u0142\u00f3wna.jpg\",\"width\":960,\"height\":540},{\"@type\":\"BreadcrumbList\",\"@id\":\"https:\\\/\\\/www.24gliwice.pl\\\/wiadomosci\\\/w-centrum-gliwic-od-niedawna-stoi-pomnik-tadeusza-kosciuszki-mozna-go-kupic\\\/#breadcrumb\",\"itemListElement\":[{\"@type\":\"ListItem\",\"position\":1,\"name\":\"Strona g\u0142\u00f3wna\",\"item\":\"https:\\\/\\\/www.24gliwice.pl\\\/wiadomosci\\\/\"},{\"@type\":\"ListItem\",\"position\":2,\"name\":\"W centrum Gliwic od niedawna stoi pomnik Tadeusza Ko\u015bciuszki. Mo\u017cna go&#8230; kupi\u0107\"}]},{\"@type\":\"WebSite\",\"@id\":\"https:\\\/\\\/www.24gliwice.pl\\\/wiadomosci\\\/#website\",\"url\":\"https:\\\/\\\/www.24gliwice.pl\\\/wiadomosci\\\/\",\"name\":\"24GLIWICE - Portal Gliwice | codziennie nowe wiadomo\u015bci\",\"description\":\"Portal Miejski Gliwice\",\"publisher\":{\"@id\":\"https:\\\/\\\/www.24gliwice.pl\\\/wiadomosci\\\/#organization\"},\"potentialAction\":[{\"@type\":\"SearchAction\",\"target\":{\"@type\":\"EntryPoint\",\"urlTemplate\":\"https:\\\/\\\/www.24gliwice.pl\\\/wiadomosci\\\/?s={search_term_string}\"},\"query-input\":{\"@type\":\"PropertyValueSpecification\",\"valueRequired\":true,\"valueName\":\"search_term_string\"}}],\"inLanguage\":\"pl-PL\"},{\"@type\":\"Organization\",\"@id\":\"https:\\\/\\\/www.24gliwice.pl\\\/wiadomosci\\\/#organization\",\"name\":\"24gliwice\",\"url\":\"https:\\\/\\\/www.24gliwice.pl\\\/wiadomosci\\\/\",\"logo\":{\"@type\":\"ImageObject\",\"inLanguage\":\"pl-PL\",\"@id\":\"https:\\\/\\\/www.24gliwice.pl\\\/wiadomosci\\\/#\\\/schema\\\/logo\\\/image\\\/\",\"url\":\"https:\\\/\\\/www.24gliwice.pl\\\/wiadomosci\\\/wp-content\\\/uploads\\\/2024\\\/10\\\/24gliwice-logo-696.jpg\",\"contentUrl\":\"https:\\\/\\\/www.24gliwice.pl\\\/wiadomosci\\\/wp-content\\\/uploads\\\/2024\\\/10\\\/24gliwice-logo-696.jpg\",\"width\":696,\"height\":696,\"caption\":\"24gliwice\"},\"image\":{\"@id\":\"https:\\\/\\\/www.24gliwice.pl\\\/wiadomosci\\\/#\\\/schema\\\/logo\\\/image\\\/\"},\"sameAs\":[\"https:\\\/\\\/www.facebook.com\\\/24gliwice\",\"https:\\\/\\\/x.com\\\/24gliwice\",\"https:\\\/\\\/www.youtube.com\\\/@24gliwice\"]},{\"@type\":\"Person\",\"@id\":\"https:\\\/\\\/www.24gliwice.pl\\\/wiadomosci\\\/#\\\/schema\\\/person\\\/e42c650edd7f2fa332be3811fb166b6e\",\"name\":\"\u017baneta Mrozek-Siewierska\",\"image\":{\"@type\":\"ImageObject\",\"inLanguage\":\"pl-PL\",\"@id\":\"https:\\\/\\\/secure.gravatar.com\\\/avatar\\\/1881429e9c64597c77ad7aef2d0a19be69a3253e57534d16aa15bf3a4d34a0a3?s=96&d=mm&r=g\",\"url\":\"https:\\\/\\\/secure.gravatar.com\\\/avatar\\\/1881429e9c64597c77ad7aef2d0a19be69a3253e57534d16aa15bf3a4d34a0a3?s=96&d=mm&r=g\",\"contentUrl\":\"https:\\\/\\\/secure.gravatar.com\\\/avatar\\\/1881429e9c64597c77ad7aef2d0a19be69a3253e57534d16aa15bf3a4d34a0a3?s=96&d=mm&r=g\",\"caption\":\"\u017baneta Mrozek-Siewierska\"},\"url\":\"https:\\\/\\\/www.24gliwice.pl\\\/wiadomosci\\\/author\\\/zms\\\/\"}]}<\/script>\n<!-- \/ Yoast SEO plugin. -->","yoast_head_json":{"title":"W centrum Gliwic od niedawna stoi pomnik Tadeusza Ko\u015bciuszki. Mo\u017cna go... kupi\u0107 - 24GLIWICE - Portal Gliwice | codziennie nowe informacje","robots":{"index":"index","follow":"follow","max-snippet":"max-snippet:-1","max-image-preview":"max-image-preview:large","max-video-preview":"max-video-preview:-1"},"canonical":"https:\/\/www.24gliwice.pl\/wiadomosci\/w-centrum-gliwic-od-niedawna-stoi-pomnik-tadeusza-kosciuszki-mozna-go-kupic\/","og_locale":"pl_PL","og_type":"article","og_title":"W centrum Gliwic od niedawna stoi pomnik Tadeusza Ko\u015bciuszki. Mo\u017cna go... kupi\u0107 - 24GLIWICE - Portal Gliwice | codziennie nowe informacje","og_description":"Odlana z br\u0105zu, mierz\u0105ca ponad dwa metry posta\u0107 Tadeusza Ko\u015bciuszki pojawi\u0142a si\u0119 niedawno przed jednym z biurowc\u00f3w w centrum miasta. Pomnik nie b\u0119dzie tu eksponowany na sta\u0142e, jego w\u0142a\u015bciciel, Gliwickie Zak\u0142ady Urz\u0105dze\u0144 Technicznych, przeznaczy\u0142 go na sprzeda\u017c. Sk\u0105d odlew znalaz\u0142 si\u0119 przed biurowcem przy ul. Ko\u015bciuszki? Okazuje si\u0119, \u017ce jest to trzeci pomnik na podstawie [&hellip;]","og_url":"https:\/\/www.24gliwice.pl\/wiadomosci\/w-centrum-gliwic-od-niedawna-stoi-pomnik-tadeusza-kosciuszki-mozna-go-kupic\/","og_site_name":"24GLIWICE - Portal Gliwice | codziennie nowe informacje","article_publisher":"https:\/\/www.facebook.com\/24gliwice","article_published_time":"2018-08-27T12:08:53+00:00","article_modified_time":"2020-04-05T12:26:22+00:00","og_image":[{"width":960,"height":540,"url":"https:\/\/www.24gliwice.pl\/wiadomosci\/wp-content\/uploads\/2018\/08\/ko\u015bciuszki-pomnik-g\u0142\u00f3wna.jpg","type":"image\/jpeg"}],"author":"\u017baneta Mrozek-Siewierska","twitter_card":"summary_large_image","twitter_creator":"@24gliwice","twitter_site":"@24gliwice","twitter_misc":{"Napisane przez":"\u017baneta Mrozek-Siewierska","Szacowany czas czytania":"1 minuta"},"schema":{"@context":"https:\/\/schema.org","@graph":[{"@type":"Article","@id":"https:\/\/www.24gliwice.pl\/wiadomosci\/w-centrum-gliwic-od-niedawna-stoi-pomnik-tadeusza-kosciuszki-mozna-go-kupic\/#article","isPartOf":{"@id":"https:\/\/www.24gliwice.pl\/wiadomosci\/w-centrum-gliwic-od-niedawna-stoi-pomnik-tadeusza-kosciuszki-mozna-go-kupic\/"},"author":{"name":"\u017baneta Mrozek-Siewierska","@id":"https:\/\/www.24gliwice.pl\/wiadomosci\/#\/schema\/person\/e42c650edd7f2fa332be3811fb166b6e"},"headline":"W centrum Gliwic od niedawna stoi pomnik Tadeusza Ko\u015bciuszki. Mo\u017cna go&#8230; kupi\u0107","datePublished":"2018-08-27T12:08:53+00:00","dateModified":"2020-04-05T12:26:22+00:00","mainEntityOfPage":{"@id":"https:\/\/www.24gliwice.pl\/wiadomosci\/w-centrum-gliwic-od-niedawna-stoi-pomnik-tadeusza-kosciuszki-mozna-go-kupic\/"},"wordCount":304,"commentCount":0,"publisher":{"@id":"https:\/\/www.24gliwice.pl\/wiadomosci\/#organization"},"image":{"@id":"https:\/\/www.24gliwice.pl\/wiadomosci\/w-centrum-gliwic-od-niedawna-stoi-pomnik-tadeusza-kosciuszki-mozna-go-kupic\/#primaryimage"},"thumbnailUrl":"https:\/\/www.24gliwice.pl\/wiadomosci\/wp-content\/uploads\/2018\/08\/ko\u015bciuszki-pomnik-g\u0142\u00f3wna.jpg","keywords":["gzut","KO\u015aCIUSZKI","ko\u015bciuszko","odlew","pomnik","rze\u017aba"],"articleSection":["Gliwice","Najnowsze wiadomo\u015bci","Portal Gliwice - Wiadomo\u015bci lokalne"],"inLanguage":"pl-PL","potentialAction":[{"@type":"CommentAction","name":"Comment","target":["https:\/\/www.24gliwice.pl\/wiadomosci\/w-centrum-gliwic-od-niedawna-stoi-pomnik-tadeusza-kosciuszki-mozna-go-kupic\/#respond"]}]},{"@type":"WebPage","@id":"https:\/\/www.24gliwice.pl\/wiadomosci\/w-centrum-gliwic-od-niedawna-stoi-pomnik-tadeusza-kosciuszki-mozna-go-kupic\/","url":"https:\/\/www.24gliwice.pl\/wiadomosci\/w-centrum-gliwic-od-niedawna-stoi-pomnik-tadeusza-kosciuszki-mozna-go-kupic\/","name":"W centrum Gliwic od niedawna stoi pomnik Tadeusza Ko\u015bciuszki. Mo\u017cna go... kupi\u0107 - 24GLIWICE - Portal Gliwice | codziennie nowe informacje","isPartOf":{"@id":"https:\/\/www.24gliwice.pl\/wiadomosci\/#website"},"primaryImageOfPage":{"@id":"https:\/\/www.24gliwice.pl\/wiadomosci\/w-centrum-gliwic-od-niedawna-stoi-pomnik-tadeusza-kosciuszki-mozna-go-kupic\/#primaryimage"},"image":{"@id":"https:\/\/www.24gliwice.pl\/wiadomosci\/w-centrum-gliwic-od-niedawna-stoi-pomnik-tadeusza-kosciuszki-mozna-go-kupic\/#primaryimage"},"thumbnailUrl":"https:\/\/www.24gliwice.pl\/wiadomosci\/wp-content\/uploads\/2018\/08\/ko\u015bciuszki-pomnik-g\u0142\u00f3wna.jpg","datePublished":"2018-08-27T12:08:53+00:00","dateModified":"2020-04-05T12:26:22+00:00","breadcrumb":{"@id":"https:\/\/www.24gliwice.pl\/wiadomosci\/w-centrum-gliwic-od-niedawna-stoi-pomnik-tadeusza-kosciuszki-mozna-go-kupic\/#breadcrumb"},"inLanguage":"pl-PL","potentialAction":[{"@type":"ReadAction","target":["https:\/\/www.24gliwice.pl\/wiadomosci\/w-centrum-gliwic-od-niedawna-stoi-pomnik-tadeusza-kosciuszki-mozna-go-kupic\/"]}]},{"@type":"ImageObject","inLanguage":"pl-PL","@id":"https:\/\/www.24gliwice.pl\/wiadomosci\/w-centrum-gliwic-od-niedawna-stoi-pomnik-tadeusza-kosciuszki-mozna-go-kupic\/#primaryimage","url":"https:\/\/www.24gliwice.pl\/wiadomosci\/wp-content\/uploads\/2018\/08\/ko\u015bciuszki-pomnik-g\u0142\u00f3wna.jpg","contentUrl":"https:\/\/www.24gliwice.pl\/wiadomosci\/wp-content\/uploads\/2018\/08\/ko\u015bciuszki-pomnik-g\u0142\u00f3wna.jpg","width":960,"height":540},{"@type":"BreadcrumbList","@id":"https:\/\/www.24gliwice.pl\/wiadomosci\/w-centrum-gliwic-od-niedawna-stoi-pomnik-tadeusza-kosciuszki-mozna-go-kupic\/#breadcrumb","itemListElement":[{"@type":"ListItem","position":1,"name":"Strona g\u0142\u00f3wna","item":"https:\/\/www.24gliwice.pl\/wiadomosci\/"},{"@type":"ListItem","position":2,"name":"W centrum Gliwic od niedawna stoi pomnik Tadeusza Ko\u015bciuszki. Mo\u017cna go&#8230; kupi\u0107"}]},{"@type":"WebSite","@id":"https:\/\/www.24gliwice.pl\/wiadomosci\/#website","url":"https:\/\/www.24gliwice.pl\/wiadomosci\/","name":"24GLIWICE - Portal Gliwice | codziennie nowe wiadomo\u015bci","description":"Portal Miejski Gliwice","publisher":{"@id":"https:\/\/www.24gliwice.pl\/wiadomosci\/#organization"},"potentialAction":[{"@type":"SearchAction","target":{"@type":"EntryPoint","urlTemplate":"https:\/\/www.24gliwice.pl\/wiadomosci\/?s={search_term_string}"},"query-input":{"@type":"PropertyValueSpecification","valueRequired":true,"valueName":"search_term_string"}}],"inLanguage":"pl-PL"},{"@type":"Organization","@id":"https:\/\/www.24gliwice.pl\/wiadomosci\/#organization","name":"24gliwice","url":"https:\/\/www.24gliwice.pl\/wiadomosci\/","logo":{"@type":"ImageObject","inLanguage":"pl-PL","@id":"https:\/\/www.24gliwice.pl\/wiadomosci\/#\/schema\/logo\/image\/","url":"https:\/\/www.24gliwice.pl\/wiadomosci\/wp-content\/uploads\/2024\/10\/24gliwice-logo-696.jpg","contentUrl":"https:\/\/www.24gliwice.pl\/wiadomosci\/wp-content\/uploads\/2024\/10\/24gliwice-logo-696.jpg","width":696,"height":696,"caption":"24gliwice"},"image":{"@id":"https:\/\/www.24gliwice.pl\/wiadomosci\/#\/schema\/logo\/image\/"},"sameAs":["https:\/\/www.facebook.com\/24gliwice","https:\/\/x.com\/24gliwice","https:\/\/www.youtube.com\/@24gliwice"]},{"@type":"Person","@id":"https:\/\/www.24gliwice.pl\/wiadomosci\/#\/schema\/person\/e42c650edd7f2fa332be3811fb166b6e","name":"\u017baneta Mrozek-Siewierska","image":{"@type":"ImageObject","inLanguage":"pl-PL","@id":"https:\/\/secure.gravatar.com\/avatar\/1881429e9c64597c77ad7aef2d0a19be69a3253e57534d16aa15bf3a4d34a0a3?s=96&d=mm&r=g","url":"https:\/\/secure.gravatar.com\/avatar\/1881429e9c64597c77ad7aef2d0a19be69a3253e57534d16aa15bf3a4d34a0a3?s=96&d=mm&r=g","contentUrl":"https:\/\/secure.gravatar.com\/avatar\/1881429e9c64597c77ad7aef2d0a19be69a3253e57534d16aa15bf3a4d34a0a3?s=96&d=mm&r=g","caption":"\u017baneta Mrozek-Siewierska"},"url":"https:\/\/www.24gliwice.pl\/wiadomosci\/author\/zms\/"}]}},"_links":{"self":[{"href":"https:\/\/www.24gliwice.pl\/wiadomosci\/wp-json\/wp\/v2\/posts\/121707","targetHints":{"allow":["GET"]}}],"collection":[{"href":"https:\/\/www.24gliwice.pl\/wiadomosci\/wp-json\/wp\/v2\/posts"}],"about":[{"href":"https:\/\/www.24gliwice.pl\/wiadomosci\/wp-json\/wp\/v2\/types\/post"}],"author":[{"embeddable":true,"href":"https:\/\/www.24gliwice.pl\/wiadomosci\/wp-json\/wp\/v2\/users\/15"}],"replies":[{"embeddable":true,"href":"https:\/\/www.24gliwice.pl\/wiadomosci\/wp-json\/wp\/v2\/comments?post=121707"}],"version-history":[{"count":0,"href":"https:\/\/www.24gliwice.pl\/wiadomosci\/wp-json\/wp\/v2\/posts\/121707\/revisions"}],"wp:featuredmedia":[{"embeddable":true,"href":"https:\/\/www.24gliwice.pl\/wiadomosci\/wp-json\/wp\/v2\/media\/121817"}],"wp:attachment":[{"href":"https:\/\/www.24gliwice.pl\/wiadomosci\/wp-json\/wp\/v2\/media?parent=121707"}],"wp:term":[{"taxonomy":"category","embeddable":true,"href":"https:\/\/www.24gliwice.pl\/wiadomosci\/wp-json\/wp\/v2\/categories?post=121707"},{"taxonomy":"post_tag","embeddable":true,"href":"https:\/\/www.24gliwice.pl\/wiadomosci\/wp-json\/wp\/v2\/tags?post=121707"}],"curies":[{"name":"wp","href":"https:\/\/api.w.org\/{rel}","templated":true}]}}