{"id":121746,"date":"2018-08-24T13:01:01","date_gmt":"2018-08-24T11:01:01","guid":{"rendered":"https:\/\/www.24gliwice.pl\/wiadomosci\/?p=121746"},"modified":"2018-08-24T22:42:29","modified_gmt":"2018-08-24T20:42:29","slug":"4art-likwiduje-dzialalnosc","status":"publish","type":"post","link":"https:\/\/www.24gliwice.pl\/wiadomosci\/4art-likwiduje-dzialalnosc\/","title":{"rendered":"4art likwiduje dzia\u0142alno\u015b\u0107. &#8220;Nasza przygoda z wami potrwa do ko\u0144ca tygodnia&#8221;"},"content":{"rendered":"<div class=\"gliwi-a6-nad-leadem-artykulow gliwi-entity-placement\" id=\"gliwi-507961329\"><div class=\"gliwi-adlabel\"><span style=\"font-size: 9px\">REKLAMA<\/span><\/div><div id=\"gliwi-1112045038\" style=\"margin-bottom: 30px;margin-left: auto;margin-right: auto;text-align: center;\"><a data-no-instant=\"1\" href=\"https:\/\/przedszkole.halogen.org.pl\/\" rel=\"noopener\" class=\"a2t-link\" target=\"_blank\" aria-label=\"20260402-ANIMATOR-przedszkole_grafika_750x200\"><img loading=\"lazy\" decoding=\"async\" src=\"https:\/\/www.24gliwice.pl\/wiadomosci\/wp-content\/uploads\/2026\/04\/20260402-ANIMATOR-przedszkole_grafika_750x200.webp\" alt=\"\"  srcset=\"https:\/\/www.24gliwice.pl\/wiadomosci\/wp-content\/uploads\/2026\/04\/20260402-ANIMATOR-przedszkole_grafika_750x200.webp 750w, https:\/\/www.24gliwice.pl\/wiadomosci\/wp-content\/uploads\/2026\/04\/20260402-ANIMATOR-przedszkole_grafika_750x200-410x109.webp 410w\" sizes=\"(max-width: 750px) 100vw, 750px\" class=\"no-lazyload\" width=\"750\" height=\"200\"  style=\"display: inline-block; max-width: 100%; height: auto;\" \/><\/a><\/div><\/div><h3>Tylko do soboty, 25 sierpnia dzia\u0142a\u0107 b\u0119dzie znany w Gliwicach klub muzyczny 4art. Budynek, kt\u00f3ry zajmowa\u0142, zmieni\u0142 w\u0142a\u015bciciela. <\/h3>\n<p>Jak poinformowa\u0142 nas <strong>Daniel Ryciak<\/strong>, prezes Zarz\u0105du Stowarzyszenia Muzycznego \u015al\u0105ski Jazz Club, budynek, w kt\u00f3rym mie\u015bci\u0142 si\u0119 lokal 4art oraz siedziba organizacji zosta\u0142 sprzedany.<\/p>\n<p><iframe loading=\"lazy\" src=\"https:\/\/www.facebook.com\/plugins\/post.php?href=https%3A%2F%2Fwww.facebook.com%2F4art.gliwice%2Fposts%2F2084167698283714&#038;width=500\" width=\"500\" height=\"236\" style=\"border:none;overflow:hidden\" scrolling=\"no\" frameborder=\"0\" allowTransparency=\"true\" allow=\"encrypted-media\"><\/iframe><\/p>\n<p>&#8211; Firma 4art likwiduje dzia\u0142alno\u015b\u0107, poniewa\u017c nowy w\u0142a\u015bciciel ma nowy pomys\u0142 na miejsce. Przez przedstawiciela nowego w\u0142a\u015bciciela otrzymali\u015bmy jako SJC informacj\u0119 o ch\u0119ci kontynuowania wsp\u00f3\u0142pracy ze \u015al\u0105skim Jazz Clubem, tym samym SJC nie musi zmienia\u0107 adresu siedziby. Jednak nowy w\u0142a\u015bciciel planuje remont budynku, kt\u00f3ry potrwa od dw\u00f3ch do trzech miesi\u0119cy i w tym okresie SJC przenosi zaplanowane wydarzenia do innych lokalizacji, czyli do GCOP COK Pere\u0142ka oraz najprawdopodobniej Spirali i Teatru (Scena Bajka), gdzie odb\u0119d\u0105 si\u0119 koncerty z cyklu Czwartek Jazzowy z Gwiazd\u0105. O tym gdzie odb\u0119d\u0105 si\u0119 poszczeg\u00f3lne koncerty b\u0119dziemy informowa\u0107 na bie\u017c\u0105co, poniewa\u017c trwaj\u0105 jeszcze rozmowy techniczne &#8211; wyja\u015bni\u0142 Ryciak.<\/p><div class=\"gliwi-a3-w-tresci-artykulow gliwi-entity-placement\" id=\"gliwi-1869695912\"><div class=\"gliwi-adlabel\"><span style=\"font-size: 9px\">REKLAMA<\/span><\/div><div id=\"gliwi-1006503459\" style=\"margin-bottom: 30px;margin-left: auto;margin-right: auto;text-align: center;\"><a data-no-instant=\"1\" href=\"https:\/\/ogrodyandersa.pl\/\" rel=\"noopener\" class=\"a2t-link\" target=\"_blank\" aria-label=\"20260415 Ogrody Andersa KUP TERAZ D\"><img loading=\"lazy\" decoding=\"async\" src=\"https:\/\/www.24gliwice.pl\/wiadomosci\/wp-content\/uploads\/2026\/04\/20260415-Ogrody-Andersa-KUP-TERAZ-D.jpg\" alt=\"\"  srcset=\"https:\/\/www.24gliwice.pl\/wiadomosci\/wp-content\/uploads\/2026\/04\/20260415-Ogrody-Andersa-KUP-TERAZ-D.jpg 750w, https:\/\/www.24gliwice.pl\/wiadomosci\/wp-content\/uploads\/2026\/04\/20260415-Ogrody-Andersa-KUP-TERAZ-D-410x109.jpg 410w\" sizes=\"(max-width: 750px) 100vw, 750px\" class=\"no-lazyload\" width=\"750\" height=\"200\"  style=\"display: inline-block; max-width: 100%; height: auto;\" \/><\/a><\/div><\/div>\n[perfectpullquote align=&#8221;full&#8221; bordertop=&#8221;false&#8221; cite=&#8221;&#8221; link=&#8221;&#8221; color=&#8221;&#8221; class=&#8221;&#8221; size=&#8221;&#8221;]Cz\u0119\u015b\u0107 koncert\u00f3w, z braku wolnych termin\u00f3w w innych miejscach lub braku zaplecza scenicznego zostanie odwo\u0142ana (np. wyst\u0119p Mi\u0142osza Bazarnik Trio).[\/perfectpullquote]\n<p>Jam sessions organizowane przez \u015al\u0105ski Jazz Club we wtorki i czwartki zostanie zawieszone z braku mo\u017cliwo\u015bci przeniesienia. Stowarzyszenie nie posiada aktualnie lokalu wyposa\u017conego na sta\u0142e w ma\u0142\u0105 scen\u0119 z podstawowym nag\u0142o\u015bnieniem i o\u015bwietleniem scenicznym, nie wspominaj\u0105c o mo\u017cliwo\u015bci przechowywania instrument\u00f3w typu perkusja, pianino cyfrowe czy wzmacniacze gitarowe.<\/p>\n<p>Klub 4art likwiduje dzia\u0142alno\u015b\u0107 przy ulicy Siemi\u0144skiego, a stowarzyszenie b\u0119dzie mia\u0142o swoj\u0105 siedzib\u0119 w tym miejscu jeszcze do ko\u0144ca roku.<\/p>\n<p>&#8211; Od nowego roku rozpoczniemy przygotowania i rozmowy z nowym w\u0142a\u015bcicielem, w nowym lokalu, pod nowym (najpewniej) szyldem. O zakresie dzia\u0142alno\u015bci w nowym\/starym miejscu trudno w tej chwili m\u00f3wi\u0107 &#8211; zaznaczy\u0142 prezes \u015al\u0105skiego Jazz Clubu. <\/p>\n<p>(\u017cms)<\/p>\n<div class=\"gliwi-a5-na-koncu-artykulow gliwi-entity-placement\" id=\"gliwi-1815025848\"><div class=\"gliwi-adlabel\"><span style=\"font-size: 9px\">REKLAMA<\/span><\/div><div id=\"gliwi-279236576\" style=\"margin-left: auto;margin-right: auto;text-align: center;\"><a data-no-instant=\"1\" href=\"https:\/\/prezeroarenagliwice.pl\/\" rel=\"noopener\" class=\"a2t-link\" target=\"_blank\" aria-label=\"20260309-PREZERO-WIOSNA-D\"><img loading=\"lazy\" decoding=\"async\" src=\"https:\/\/www.24gliwice.pl\/wiadomosci\/wp-content\/uploads\/2026\/03\/20260309-PREZERO-WIOSNA-D.webp\" alt=\"\"  srcset=\"https:\/\/www.24gliwice.pl\/wiadomosci\/wp-content\/uploads\/2026\/03\/20260309-PREZERO-WIOSNA-D.webp 750w, https:\/\/www.24gliwice.pl\/wiadomosci\/wp-content\/uploads\/2026\/03\/20260309-PREZERO-WIOSNA-D-410x109.webp 410w\" sizes=\"(max-width: 750px) 100vw, 750px\" class=\"no-lazyload\" width=\"750\" height=\"200\"  style=\"display: inline-block; max-width: 100%; height: auto;\" \/><\/a><\/div><\/div>","protected":false},"excerpt":{"rendered":"<p>Tylko do soboty, 25 sierpnia dzia\u0142a\u0107 b\u0119dzie znany w Gliwicach klub muzyczny 4art. Budynek, kt\u00f3ry zajmowa\u0142, zmieni\u0142 w\u0142a\u015bciciela. Jak poinformowa\u0142 nas Daniel Ryciak, prezes Zarz\u0105du Stowarzyszenia Muzycznego \u015al\u0105ski Jazz Club, budynek, w kt\u00f3rym mie\u015bci\u0142 si\u0119 lokal 4art oraz siedziba organizacji zosta\u0142 sprzedany. &#8211; Firma 4art likwiduje dzia\u0142alno\u015b\u0107, poniewa\u017c nowy w\u0142a\u015bciciel ma nowy pomys\u0142 na miejsce. [&hellip;]<\/p>\n","protected":false},"author":15,"featured_media":121751,"comment_status":"open","ping_status":"closed","sticky":false,"template":"","format":"standard","meta":{"_monsterinsights_skip_tracking":false,"_monsterinsights_sitenote_active":false,"_monsterinsights_sitenote_note":"","_monsterinsights_sitenote_category":0,"footnotes":"","_links_to":"","_links_to_target":""},"categories":[3,6,1],"tags":[10644,11590,2944,4967],"class_list":["post-121746","post","type-post","status-publish","format-standard","has-post-thumbnail","hentry","category-gliwice","category-kultura","category-wszystko","tag-jazz","tag-sieminskiego","tag-slaski-jazz-club","tag-wieczorka"],"yoast_head":"<!-- This site is optimized with the Yoast SEO plugin v27.5 - https:\/\/yoast.com\/product\/yoast-seo-wordpress\/ -->\n<title>4art likwiduje dzia\u0142alno\u015b\u0107. &quot;Nasza przygoda z wami potrwa do ko\u0144ca tygodnia&quot; - 24GLIWICE - Portal Gliwice | codziennie nowe informacje<\/title>\n<meta name=\"robots\" content=\"index, follow, max-snippet:-1, max-image-preview:large, max-video-preview:-1\" \/>\n<link rel=\"canonical\" href=\"https:\/\/www.24gliwice.pl\/wiadomosci\/4art-likwiduje-dzialalnosc\/\" \/>\n<meta property=\"og:locale\" content=\"pl_PL\" \/>\n<meta property=\"og:type\" content=\"article\" \/>\n<meta property=\"og:title\" content=\"4art likwiduje dzia\u0142alno\u015b\u0107. &quot;Nasza przygoda z wami potrwa do ko\u0144ca tygodnia&quot; - 24GLIWICE - Portal Gliwice | codziennie nowe informacje\" \/>\n<meta property=\"og:description\" content=\"Tylko do soboty, 25 sierpnia dzia\u0142a\u0107 b\u0119dzie znany w Gliwicach klub muzyczny 4art. Budynek, kt\u00f3ry zajmowa\u0142, zmieni\u0142 w\u0142a\u015bciciela. Jak poinformowa\u0142 nas Daniel Ryciak, prezes Zarz\u0105du Stowarzyszenia Muzycznego \u015al\u0105ski Jazz Club, budynek, w kt\u00f3rym mie\u015bci\u0142 si\u0119 lokal 4art oraz siedziba organizacji zosta\u0142 sprzedany. &#8211; Firma 4art likwiduje dzia\u0142alno\u015b\u0107, poniewa\u017c nowy w\u0142a\u015bciciel ma nowy pomys\u0142 na miejsce. [&hellip;]\" \/>\n<meta property=\"og:url\" content=\"https:\/\/www.24gliwice.pl\/wiadomosci\/4art-likwiduje-dzialalnosc\/\" \/>\n<meta property=\"og:site_name\" content=\"24GLIWICE - Portal Gliwice | codziennie nowe informacje\" \/>\n<meta property=\"article:publisher\" content=\"https:\/\/www.facebook.com\/24gliwice\" \/>\n<meta property=\"article:published_time\" content=\"2018-08-24T11:01:01+00:00\" \/>\n<meta property=\"article:modified_time\" content=\"2018-08-24T20:42:29+00:00\" \/>\n<meta property=\"og:image\" content=\"https:\/\/www.24gliwice.pl\/wiadomosci\/wp-content\/uploads\/2018\/08\/4art-mural-e1535103945212.jpg\" \/>\n\t<meta property=\"og:image:width\" content=\"810\" \/>\n\t<meta property=\"og:image:height\" content=\"457\" \/>\n\t<meta property=\"og:image:type\" content=\"image\/jpeg\" \/>\n<meta name=\"author\" content=\"\u017baneta Mrozek-Siewierska\" \/>\n<meta name=\"twitter:card\" content=\"summary_large_image\" \/>\n<meta name=\"twitter:creator\" content=\"@24gliwice\" \/>\n<meta name=\"twitter:site\" content=\"@24gliwice\" \/>\n<meta name=\"twitter:label1\" content=\"Napisane przez\" \/>\n\t<meta name=\"twitter:data1\" content=\"\u017baneta Mrozek-Siewierska\" \/>\n\t<meta name=\"twitter:label2\" content=\"Szacowany czas czytania\" \/>\n\t<meta name=\"twitter:data2\" content=\"2 minuty\" \/>\n<script type=\"application\/ld+json\" class=\"yoast-schema-graph\">{\"@context\":\"https:\\\/\\\/schema.org\",\"@graph\":[{\"@type\":\"Article\",\"@id\":\"https:\\\/\\\/www.24gliwice.pl\\\/wiadomosci\\\/4art-likwiduje-dzialalnosc\\\/#article\",\"isPartOf\":{\"@id\":\"https:\\\/\\\/www.24gliwice.pl\\\/wiadomosci\\\/4art-likwiduje-dzialalnosc\\\/\"},\"author\":{\"name\":\"\u017baneta Mrozek-Siewierska\",\"@id\":\"https:\\\/\\\/www.24gliwice.pl\\\/wiadomosci\\\/#\\\/schema\\\/person\\\/e42c650edd7f2fa332be3811fb166b6e\"},\"headline\":\"4art likwiduje dzia\u0142alno\u015b\u0107. &#8220;Nasza przygoda z wami potrwa do ko\u0144ca tygodnia&#8221;\",\"datePublished\":\"2018-08-24T11:01:01+00:00\",\"dateModified\":\"2018-08-24T20:42:29+00:00\",\"mainEntityOfPage\":{\"@id\":\"https:\\\/\\\/www.24gliwice.pl\\\/wiadomosci\\\/4art-likwiduje-dzialalnosc\\\/\"},\"wordCount\":349,\"commentCount\":0,\"publisher\":{\"@id\":\"https:\\\/\\\/www.24gliwice.pl\\\/wiadomosci\\\/#organization\"},\"image\":{\"@id\":\"https:\\\/\\\/www.24gliwice.pl\\\/wiadomosci\\\/4art-likwiduje-dzialalnosc\\\/#primaryimage\"},\"thumbnailUrl\":\"https:\\\/\\\/www.24gliwice.pl\\\/wiadomosci\\\/wp-content\\\/uploads\\\/2018\\\/08\\\/4art-mural-e1535103945212.jpg\",\"keywords\":[\"JAZZ\",\"SIEMI\u0143SKIEGO\",\"\u015bl\u0105ski jazz club\",\"WIECZORKA\"],\"articleSection\":[\"Gliwice\",\"Kultura, wydarzenia, imprezy\",\"Najnowsze wiadomo\u015bci\"],\"inLanguage\":\"pl-PL\",\"potentialAction\":[{\"@type\":\"CommentAction\",\"name\":\"Comment\",\"target\":[\"https:\\\/\\\/www.24gliwice.pl\\\/wiadomosci\\\/4art-likwiduje-dzialalnosc\\\/#respond\"]}]},{\"@type\":\"WebPage\",\"@id\":\"https:\\\/\\\/www.24gliwice.pl\\\/wiadomosci\\\/4art-likwiduje-dzialalnosc\\\/\",\"url\":\"https:\\\/\\\/www.24gliwice.pl\\\/wiadomosci\\\/4art-likwiduje-dzialalnosc\\\/\",\"name\":\"4art likwiduje dzia\u0142alno\u015b\u0107. \\\"Nasza przygoda z wami potrwa do ko\u0144ca tygodnia\\\" - 24GLIWICE - Portal Gliwice | codziennie nowe informacje\",\"isPartOf\":{\"@id\":\"https:\\\/\\\/www.24gliwice.pl\\\/wiadomosci\\\/#website\"},\"primaryImageOfPage\":{\"@id\":\"https:\\\/\\\/www.24gliwice.pl\\\/wiadomosci\\\/4art-likwiduje-dzialalnosc\\\/#primaryimage\"},\"image\":{\"@id\":\"https:\\\/\\\/www.24gliwice.pl\\\/wiadomosci\\\/4art-likwiduje-dzialalnosc\\\/#primaryimage\"},\"thumbnailUrl\":\"https:\\\/\\\/www.24gliwice.pl\\\/wiadomosci\\\/wp-content\\\/uploads\\\/2018\\\/08\\\/4art-mural-e1535103945212.jpg\",\"datePublished\":\"2018-08-24T11:01:01+00:00\",\"dateModified\":\"2018-08-24T20:42:29+00:00\",\"breadcrumb\":{\"@id\":\"https:\\\/\\\/www.24gliwice.pl\\\/wiadomosci\\\/4art-likwiduje-dzialalnosc\\\/#breadcrumb\"},\"inLanguage\":\"pl-PL\",\"potentialAction\":[{\"@type\":\"ReadAction\",\"target\":[\"https:\\\/\\\/www.24gliwice.pl\\\/wiadomosci\\\/4art-likwiduje-dzialalnosc\\\/\"]}]},{\"@type\":\"ImageObject\",\"inLanguage\":\"pl-PL\",\"@id\":\"https:\\\/\\\/www.24gliwice.pl\\\/wiadomosci\\\/4art-likwiduje-dzialalnosc\\\/#primaryimage\",\"url\":\"https:\\\/\\\/www.24gliwice.pl\\\/wiadomosci\\\/wp-content\\\/uploads\\\/2018\\\/08\\\/4art-mural-e1535103945212.jpg\",\"contentUrl\":\"https:\\\/\\\/www.24gliwice.pl\\\/wiadomosci\\\/wp-content\\\/uploads\\\/2018\\\/08\\\/4art-mural-e1535103945212.jpg\",\"width\":810,\"height\":457},{\"@type\":\"BreadcrumbList\",\"@id\":\"https:\\\/\\\/www.24gliwice.pl\\\/wiadomosci\\\/4art-likwiduje-dzialalnosc\\\/#breadcrumb\",\"itemListElement\":[{\"@type\":\"ListItem\",\"position\":1,\"name\":\"Strona g\u0142\u00f3wna\",\"item\":\"https:\\\/\\\/www.24gliwice.pl\\\/wiadomosci\\\/\"},{\"@type\":\"ListItem\",\"position\":2,\"name\":\"4art likwiduje dzia\u0142alno\u015b\u0107. &#8222;Nasza przygoda z wami potrwa do ko\u0144ca tygodnia&#8221;\"}]},{\"@type\":\"WebSite\",\"@id\":\"https:\\\/\\\/www.24gliwice.pl\\\/wiadomosci\\\/#website\",\"url\":\"https:\\\/\\\/www.24gliwice.pl\\\/wiadomosci\\\/\",\"name\":\"24GLIWICE - Portal Gliwice | codziennie nowe wiadomo\u015bci\",\"description\":\"Portal Miejski Gliwice\",\"publisher\":{\"@id\":\"https:\\\/\\\/www.24gliwice.pl\\\/wiadomosci\\\/#organization\"},\"potentialAction\":[{\"@type\":\"SearchAction\",\"target\":{\"@type\":\"EntryPoint\",\"urlTemplate\":\"https:\\\/\\\/www.24gliwice.pl\\\/wiadomosci\\\/?s={search_term_string}\"},\"query-input\":{\"@type\":\"PropertyValueSpecification\",\"valueRequired\":true,\"valueName\":\"search_term_string\"}}],\"inLanguage\":\"pl-PL\"},{\"@type\":\"Organization\",\"@id\":\"https:\\\/\\\/www.24gliwice.pl\\\/wiadomosci\\\/#organization\",\"name\":\"24gliwice\",\"url\":\"https:\\\/\\\/www.24gliwice.pl\\\/wiadomosci\\\/\",\"logo\":{\"@type\":\"ImageObject\",\"inLanguage\":\"pl-PL\",\"@id\":\"https:\\\/\\\/www.24gliwice.pl\\\/wiadomosci\\\/#\\\/schema\\\/logo\\\/image\\\/\",\"url\":\"https:\\\/\\\/www.24gliwice.pl\\\/wiadomosci\\\/wp-content\\\/uploads\\\/2024\\\/10\\\/24gliwice-logo-696.jpg\",\"contentUrl\":\"https:\\\/\\\/www.24gliwice.pl\\\/wiadomosci\\\/wp-content\\\/uploads\\\/2024\\\/10\\\/24gliwice-logo-696.jpg\",\"width\":696,\"height\":696,\"caption\":\"24gliwice\"},\"image\":{\"@id\":\"https:\\\/\\\/www.24gliwice.pl\\\/wiadomosci\\\/#\\\/schema\\\/logo\\\/image\\\/\"},\"sameAs\":[\"https:\\\/\\\/www.facebook.com\\\/24gliwice\",\"https:\\\/\\\/x.com\\\/24gliwice\",\"https:\\\/\\\/www.youtube.com\\\/@24gliwice\"]},{\"@type\":\"Person\",\"@id\":\"https:\\\/\\\/www.24gliwice.pl\\\/wiadomosci\\\/#\\\/schema\\\/person\\\/e42c650edd7f2fa332be3811fb166b6e\",\"name\":\"\u017baneta Mrozek-Siewierska\",\"image\":{\"@type\":\"ImageObject\",\"inLanguage\":\"pl-PL\",\"@id\":\"https:\\\/\\\/secure.gravatar.com\\\/avatar\\\/1881429e9c64597c77ad7aef2d0a19be69a3253e57534d16aa15bf3a4d34a0a3?s=96&d=mm&r=g\",\"url\":\"https:\\\/\\\/secure.gravatar.com\\\/avatar\\\/1881429e9c64597c77ad7aef2d0a19be69a3253e57534d16aa15bf3a4d34a0a3?s=96&d=mm&r=g\",\"contentUrl\":\"https:\\\/\\\/secure.gravatar.com\\\/avatar\\\/1881429e9c64597c77ad7aef2d0a19be69a3253e57534d16aa15bf3a4d34a0a3?s=96&d=mm&r=g\",\"caption\":\"\u017baneta Mrozek-Siewierska\"},\"url\":\"https:\\\/\\\/www.24gliwice.pl\\\/wiadomosci\\\/author\\\/zms\\\/\"}]}<\/script>\n<!-- \/ Yoast SEO plugin. -->","yoast_head_json":{"title":"4art likwiduje dzia\u0142alno\u015b\u0107. \"Nasza przygoda z wami potrwa do ko\u0144ca tygodnia\" - 24GLIWICE - Portal Gliwice | codziennie nowe informacje","robots":{"index":"index","follow":"follow","max-snippet":"max-snippet:-1","max-image-preview":"max-image-preview:large","max-video-preview":"max-video-preview:-1"},"canonical":"https:\/\/www.24gliwice.pl\/wiadomosci\/4art-likwiduje-dzialalnosc\/","og_locale":"pl_PL","og_type":"article","og_title":"4art likwiduje dzia\u0142alno\u015b\u0107. \"Nasza przygoda z wami potrwa do ko\u0144ca tygodnia\" - 24GLIWICE - Portal Gliwice | codziennie nowe informacje","og_description":"Tylko do soboty, 25 sierpnia dzia\u0142a\u0107 b\u0119dzie znany w Gliwicach klub muzyczny 4art. Budynek, kt\u00f3ry zajmowa\u0142, zmieni\u0142 w\u0142a\u015bciciela. Jak poinformowa\u0142 nas Daniel Ryciak, prezes Zarz\u0105du Stowarzyszenia Muzycznego \u015al\u0105ski Jazz Club, budynek, w kt\u00f3rym mie\u015bci\u0142 si\u0119 lokal 4art oraz siedziba organizacji zosta\u0142 sprzedany. &#8211; Firma 4art likwiduje dzia\u0142alno\u015b\u0107, poniewa\u017c nowy w\u0142a\u015bciciel ma nowy pomys\u0142 na miejsce. [&hellip;]","og_url":"https:\/\/www.24gliwice.pl\/wiadomosci\/4art-likwiduje-dzialalnosc\/","og_site_name":"24GLIWICE - Portal Gliwice | codziennie nowe informacje","article_publisher":"https:\/\/www.facebook.com\/24gliwice","article_published_time":"2018-08-24T11:01:01+00:00","article_modified_time":"2018-08-24T20:42:29+00:00","og_image":[{"width":810,"height":457,"url":"https:\/\/www.24gliwice.pl\/wiadomosci\/wp-content\/uploads\/2018\/08\/4art-mural-e1535103945212.jpg","type":"image\/jpeg"}],"author":"\u017baneta Mrozek-Siewierska","twitter_card":"summary_large_image","twitter_creator":"@24gliwice","twitter_site":"@24gliwice","twitter_misc":{"Napisane przez":"\u017baneta Mrozek-Siewierska","Szacowany czas czytania":"2 minuty"},"schema":{"@context":"https:\/\/schema.org","@graph":[{"@type":"Article","@id":"https:\/\/www.24gliwice.pl\/wiadomosci\/4art-likwiduje-dzialalnosc\/#article","isPartOf":{"@id":"https:\/\/www.24gliwice.pl\/wiadomosci\/4art-likwiduje-dzialalnosc\/"},"author":{"name":"\u017baneta Mrozek-Siewierska","@id":"https:\/\/www.24gliwice.pl\/wiadomosci\/#\/schema\/person\/e42c650edd7f2fa332be3811fb166b6e"},"headline":"4art likwiduje dzia\u0142alno\u015b\u0107. &#8220;Nasza przygoda z wami potrwa do ko\u0144ca tygodnia&#8221;","datePublished":"2018-08-24T11:01:01+00:00","dateModified":"2018-08-24T20:42:29+00:00","mainEntityOfPage":{"@id":"https:\/\/www.24gliwice.pl\/wiadomosci\/4art-likwiduje-dzialalnosc\/"},"wordCount":349,"commentCount":0,"publisher":{"@id":"https:\/\/www.24gliwice.pl\/wiadomosci\/#organization"},"image":{"@id":"https:\/\/www.24gliwice.pl\/wiadomosci\/4art-likwiduje-dzialalnosc\/#primaryimage"},"thumbnailUrl":"https:\/\/www.24gliwice.pl\/wiadomosci\/wp-content\/uploads\/2018\/08\/4art-mural-e1535103945212.jpg","keywords":["JAZZ","SIEMI\u0143SKIEGO","\u015bl\u0105ski jazz club","WIECZORKA"],"articleSection":["Gliwice","Kultura, wydarzenia, imprezy","Najnowsze wiadomo\u015bci"],"inLanguage":"pl-PL","potentialAction":[{"@type":"CommentAction","name":"Comment","target":["https:\/\/www.24gliwice.pl\/wiadomosci\/4art-likwiduje-dzialalnosc\/#respond"]}]},{"@type":"WebPage","@id":"https:\/\/www.24gliwice.pl\/wiadomosci\/4art-likwiduje-dzialalnosc\/","url":"https:\/\/www.24gliwice.pl\/wiadomosci\/4art-likwiduje-dzialalnosc\/","name":"4art likwiduje dzia\u0142alno\u015b\u0107. \"Nasza przygoda z wami potrwa do ko\u0144ca tygodnia\" - 24GLIWICE - Portal Gliwice | codziennie nowe informacje","isPartOf":{"@id":"https:\/\/www.24gliwice.pl\/wiadomosci\/#website"},"primaryImageOfPage":{"@id":"https:\/\/www.24gliwice.pl\/wiadomosci\/4art-likwiduje-dzialalnosc\/#primaryimage"},"image":{"@id":"https:\/\/www.24gliwice.pl\/wiadomosci\/4art-likwiduje-dzialalnosc\/#primaryimage"},"thumbnailUrl":"https:\/\/www.24gliwice.pl\/wiadomosci\/wp-content\/uploads\/2018\/08\/4art-mural-e1535103945212.jpg","datePublished":"2018-08-24T11:01:01+00:00","dateModified":"2018-08-24T20:42:29+00:00","breadcrumb":{"@id":"https:\/\/www.24gliwice.pl\/wiadomosci\/4art-likwiduje-dzialalnosc\/#breadcrumb"},"inLanguage":"pl-PL","potentialAction":[{"@type":"ReadAction","target":["https:\/\/www.24gliwice.pl\/wiadomosci\/4art-likwiduje-dzialalnosc\/"]}]},{"@type":"ImageObject","inLanguage":"pl-PL","@id":"https:\/\/www.24gliwice.pl\/wiadomosci\/4art-likwiduje-dzialalnosc\/#primaryimage","url":"https:\/\/www.24gliwice.pl\/wiadomosci\/wp-content\/uploads\/2018\/08\/4art-mural-e1535103945212.jpg","contentUrl":"https:\/\/www.24gliwice.pl\/wiadomosci\/wp-content\/uploads\/2018\/08\/4art-mural-e1535103945212.jpg","width":810,"height":457},{"@type":"BreadcrumbList","@id":"https:\/\/www.24gliwice.pl\/wiadomosci\/4art-likwiduje-dzialalnosc\/#breadcrumb","itemListElement":[{"@type":"ListItem","position":1,"name":"Strona g\u0142\u00f3wna","item":"https:\/\/www.24gliwice.pl\/wiadomosci\/"},{"@type":"ListItem","position":2,"name":"4art likwiduje dzia\u0142alno\u015b\u0107. &#8222;Nasza przygoda z wami potrwa do ko\u0144ca tygodnia&#8221;"}]},{"@type":"WebSite","@id":"https:\/\/www.24gliwice.pl\/wiadomosci\/#website","url":"https:\/\/www.24gliwice.pl\/wiadomosci\/","name":"24GLIWICE - Portal Gliwice | codziennie nowe wiadomo\u015bci","description":"Portal Miejski Gliwice","publisher":{"@id":"https:\/\/www.24gliwice.pl\/wiadomosci\/#organization"},"potentialAction":[{"@type":"SearchAction","target":{"@type":"EntryPoint","urlTemplate":"https:\/\/www.24gliwice.pl\/wiadomosci\/?s={search_term_string}"},"query-input":{"@type":"PropertyValueSpecification","valueRequired":true,"valueName":"search_term_string"}}],"inLanguage":"pl-PL"},{"@type":"Organization","@id":"https:\/\/www.24gliwice.pl\/wiadomosci\/#organization","name":"24gliwice","url":"https:\/\/www.24gliwice.pl\/wiadomosci\/","logo":{"@type":"ImageObject","inLanguage":"pl-PL","@id":"https:\/\/www.24gliwice.pl\/wiadomosci\/#\/schema\/logo\/image\/","url":"https:\/\/www.24gliwice.pl\/wiadomosci\/wp-content\/uploads\/2024\/10\/24gliwice-logo-696.jpg","contentUrl":"https:\/\/www.24gliwice.pl\/wiadomosci\/wp-content\/uploads\/2024\/10\/24gliwice-logo-696.jpg","width":696,"height":696,"caption":"24gliwice"},"image":{"@id":"https:\/\/www.24gliwice.pl\/wiadomosci\/#\/schema\/logo\/image\/"},"sameAs":["https:\/\/www.facebook.com\/24gliwice","https:\/\/x.com\/24gliwice","https:\/\/www.youtube.com\/@24gliwice"]},{"@type":"Person","@id":"https:\/\/www.24gliwice.pl\/wiadomosci\/#\/schema\/person\/e42c650edd7f2fa332be3811fb166b6e","name":"\u017baneta Mrozek-Siewierska","image":{"@type":"ImageObject","inLanguage":"pl-PL","@id":"https:\/\/secure.gravatar.com\/avatar\/1881429e9c64597c77ad7aef2d0a19be69a3253e57534d16aa15bf3a4d34a0a3?s=96&d=mm&r=g","url":"https:\/\/secure.gravatar.com\/avatar\/1881429e9c64597c77ad7aef2d0a19be69a3253e57534d16aa15bf3a4d34a0a3?s=96&d=mm&r=g","contentUrl":"https:\/\/secure.gravatar.com\/avatar\/1881429e9c64597c77ad7aef2d0a19be69a3253e57534d16aa15bf3a4d34a0a3?s=96&d=mm&r=g","caption":"\u017baneta Mrozek-Siewierska"},"url":"https:\/\/www.24gliwice.pl\/wiadomosci\/author\/zms\/"}]}},"_links":{"self":[{"href":"https:\/\/www.24gliwice.pl\/wiadomosci\/wp-json\/wp\/v2\/posts\/121746","targetHints":{"allow":["GET"]}}],"collection":[{"href":"https:\/\/www.24gliwice.pl\/wiadomosci\/wp-json\/wp\/v2\/posts"}],"about":[{"href":"https:\/\/www.24gliwice.pl\/wiadomosci\/wp-json\/wp\/v2\/types\/post"}],"author":[{"embeddable":true,"href":"https:\/\/www.24gliwice.pl\/wiadomosci\/wp-json\/wp\/v2\/users\/15"}],"replies":[{"embeddable":true,"href":"https:\/\/www.24gliwice.pl\/wiadomosci\/wp-json\/wp\/v2\/comments?post=121746"}],"version-history":[{"count":0,"href":"https:\/\/www.24gliwice.pl\/wiadomosci\/wp-json\/wp\/v2\/posts\/121746\/revisions"}],"wp:featuredmedia":[{"embeddable":true,"href":"https:\/\/www.24gliwice.pl\/wiadomosci\/wp-json\/wp\/v2\/media\/121751"}],"wp:attachment":[{"href":"https:\/\/www.24gliwice.pl\/wiadomosci\/wp-json\/wp\/v2\/media?parent=121746"}],"wp:term":[{"taxonomy":"category","embeddable":true,"href":"https:\/\/www.24gliwice.pl\/wiadomosci\/wp-json\/wp\/v2\/categories?post=121746"},{"taxonomy":"post_tag","embeddable":true,"href":"https:\/\/www.24gliwice.pl\/wiadomosci\/wp-json\/wp\/v2\/tags?post=121746"}],"curies":[{"name":"wp","href":"https:\/\/api.w.org\/{rel}","templated":true}]}}