{"id":121787,"date":"2018-08-26T00:35:35","date_gmt":"2018-08-25T22:35:35","guid":{"rendered":"https:\/\/www.24gliwice.pl\/wiadomosci\/?p=121787"},"modified":"2018-08-26T11:26:52","modified_gmt":"2018-08-26T09:26:52","slug":"poldery-do-poprawki-bedzie-nowy-przetarg-na-wykonanie-zbiornikow-retencyjnych-przy-ul-slowackiego","status":"publish","type":"post","link":"https:\/\/www.24gliwice.pl\/wiadomosci\/poldery-do-poprawki-bedzie-nowy-przetarg-na-wykonanie-zbiornikow-retencyjnych-przy-ul-slowackiego\/","title":{"rendered":"&#8220;Poldery&#8221; do poprawki. B\u0119dzie nowy przetarg na wykonanie zbiornik\u00f3w retencyjnych przy ul. S\u0142owackiego"},"content":{"rendered":"<div class=\"gliwi-a6-nad-leadem-artykulow gliwi-entity-placement\" id=\"gliwi-1698698790\"><div class=\"gliwi-adlabel\"><span style=\"font-size: 9px\">REKLAMA<\/span><\/div><div id=\"gliwi-3887212711\" style=\"margin-bottom: 30px;margin-left: auto;margin-right: auto;text-align: center;\"><a data-no-instant=\"1\" href=\"https:\/\/przedszkole.halogen.org.pl\/\" rel=\"noopener\" class=\"a2t-link\" target=\"_blank\" aria-label=\"20260402-ANIMATOR-przedszkole_grafika_750x200\"><img loading=\"lazy\" decoding=\"async\" src=\"https:\/\/www.24gliwice.pl\/wiadomosci\/wp-content\/uploads\/2026\/04\/20260402-ANIMATOR-przedszkole_grafika_750x200.webp\" alt=\"\"  srcset=\"https:\/\/www.24gliwice.pl\/wiadomosci\/wp-content\/uploads\/2026\/04\/20260402-ANIMATOR-przedszkole_grafika_750x200.webp 750w, https:\/\/www.24gliwice.pl\/wiadomosci\/wp-content\/uploads\/2026\/04\/20260402-ANIMATOR-przedszkole_grafika_750x200-410x109.webp 410w\" sizes=\"(max-width: 750px) 100vw, 750px\" class=\"no-lazyload\" width=\"750\" height=\"200\"  style=\"display: inline-block; max-width: 100%; height: auto;\" \/><\/a><\/div><\/div><h3>Budowa zbiornik\u00f3w retencyjnych na \u0142\u0105kach przy ul. S\u0142owackiego jest ci\u0105gle aktualna, ale nie w takiej formie, jak pierwotnie planowano. Gliwiccy urz\u0119dnicy rozwi\u0105zali umow\u0119 z wykonawc\u0105 projektu i szykuj\u0105 si\u0119 do rozpisania nowego przetargu.<\/h3>\n<p> O tym, jak w szczeg\u00f3\u0142ach b\u0119dzie wygl\u0105da\u0107 inwestycja wiadomo na razie niewiele. Pewne jest, \u017ce <a href=\"https:\/\/www.24gliwice.pl\/wiadomosci\/zielone-poldery-dla-gliwic-miasto-prezentuje-wizualizacje-terenu-przy-ul-slowackiego\/\">prezentowane w 2016 roku wizualizacje s\u0105 ju\u017c nieaktualne.<\/a> <\/p>\n<p>To w\u0142a\u015bnie przygotowane przez firm\u0119 <em>Meritum Projekt<\/em> grafiki wywo\u0142a\u0142y dwa lata temu burz\u0119. Na wizualizacjach, wype\u0142nione wod\u0105 z Ostropki &#8220;poldery&#8221; wygl\u0105da\u0142y, jak przeniesione z Lazurowego Wybrze\u017ca. <\/p><div class=\"gliwi-a3-w-tresci-artykulow gliwi-entity-placement\" id=\"gliwi-2331460735\"><div class=\"gliwi-adlabel\"><span style=\"font-size: 9px\">REKLAMA<\/span><\/div><div id=\"gliwi-2477332707\" style=\"margin-bottom: 30px;margin-left: auto;margin-right: auto;text-align: center;\"><a data-no-instant=\"1\" href=\"https:\/\/ogrodyandersa.pl\/\" rel=\"noopener\" class=\"a2t-link\" target=\"_blank\" aria-label=\"20260415 Ogrody Andersa KUP TERAZ D\"><img loading=\"lazy\" decoding=\"async\" src=\"https:\/\/www.24gliwice.pl\/wiadomosci\/wp-content\/uploads\/2026\/04\/20260415-Ogrody-Andersa-KUP-TERAZ-D.jpg\" alt=\"\"  srcset=\"https:\/\/www.24gliwice.pl\/wiadomosci\/wp-content\/uploads\/2026\/04\/20260415-Ogrody-Andersa-KUP-TERAZ-D.jpg 750w, https:\/\/www.24gliwice.pl\/wiadomosci\/wp-content\/uploads\/2026\/04\/20260415-Ogrody-Andersa-KUP-TERAZ-D-410x109.jpg 410w\" sizes=\"(max-width: 750px) 100vw, 750px\" class=\"no-lazyload\" width=\"750\" height=\"200\"  style=\"display: inline-block; max-width: 100%; height: auto;\" \/><\/a><\/div><\/div>\n<div id=\"attachment_82547\" style=\"width: 747px\" class=\"wp-caption aligncenter\"><a href=\"https:\/\/www.24gliwice.pl\/wiadomosci\/wp-content\/uploads\/2016\/04\/Screenshot21.png\"><img loading=\"lazy\" decoding=\"async\" aria-describedby=\"caption-attachment-82547\" src=\"https:\/\/www.24gliwice.pl\/wiadomosci\/wp-content\/uploads\/2016\/04\/Screenshot21-737x455.png\" alt=\"\" width=\"737\" height=\"455\" class=\"size-large wp-image-82547\" srcset=\"https:\/\/www.24gliwice.pl\/wiadomosci\/wp-content\/uploads\/2016\/04\/Screenshot21-737x455.png 737w, https:\/\/www.24gliwice.pl\/wiadomosci\/wp-content\/uploads\/2016\/04\/Screenshot21-376x232.png 376w, https:\/\/www.24gliwice.pl\/wiadomosci\/wp-content\/uploads\/2016\/04\/Screenshot21-810x500.png 810w, https:\/\/www.24gliwice.pl\/wiadomosci\/wp-content\/uploads\/2016\/04\/Screenshot21-800x494.png 800w, https:\/\/www.24gliwice.pl\/wiadomosci\/wp-content\/uploads\/2016\/04\/Screenshot21-600x370.png 600w, https:\/\/www.24gliwice.pl\/wiadomosci\/wp-content\/uploads\/2016\/04\/Screenshot21.png 1019w\" sizes=\"auto, (max-width: 737px) 100vw, 737px\" \/><\/a><p id=\"caption-attachment-82547\" class=\"wp-caption-text\">Nieaktualne ju\u017c wizualizacje Meritum Projekt<\/p><\/div>\n<p>Mieszka\u0144cy szybko wytkn\u0119li urz\u0119dnikom, \u017ce zamiast b\u0142\u0119kitem wody, zielone tereny przy ul. S\u0142owackiego pokryte zostan\u0105 \u015bciekami i zanieczyszczeniami, kt\u00f3re przez lata sta\u0142y si\u0119 znakiem rozpoznawczym Ostropki. <a href=\"https:\/\/www.24gliwice.pl\/wiadomosci\/zalejecie-ten-teren-nie-woda-ale-sciekiem-goraco-w-sprawie-tzw-zielonych-polderow\/\">W sprawie zorganizowano dwa spotkania z udzia\u0142em urz\u0119dnik\u00f3w, projektanta i mieszka\u0144c\u00f3w. Dyskusje toczone w gor\u0105cej atmosferze<\/a>, nie doprowadzi\u0142y jednak do kompromisu. Magistrat argumentowa\u0142, \u017ce inwestycja jest niezb\u0119dna dla zapewnienia bezpiecze\u0144stwa przeciwpowodziowego w mie\u015bcie. Mieszka\u0144cy kwestionowali g\u0142\u0119boko\u015b\u0107 zbiornik\u00f3w, zabudow\u0119 \u0142\u0105k betonow\u0105 infrastruktur\u0105 i sensowno\u015b\u0107 ca\u0142ego przedsi\u0119wzi\u0119cia. <\/p>\n<p>\u2013 Zebrani nie zgadzaj\u0105 si\u0119 na budow\u0119 zbiornik\u00f3w retencyjnych na \u0142\u0105kach przy ul. S\u0142owackiego wzd\u0142u\u017c potoku Ostropka. Planowane zbiorniki doprowadzi\u0142yby do degradacji \u015brodowiska naturalnego w dzielnicy W\u00f3jtowa Wie\u015b \u2013 napisali w pi\u015bmie podsumowuj\u0105cym drugie spotkanie z urz\u0119dnikami.<\/p>\n<p><img loading=\"lazy\" decoding=\"async\" src=\"https:\/\/www.24gliwice.pl\/wiadomosci\/wp-content\/uploads\/2018\/08\/gg1.jpg\" alt=\"\" width=\"1200\" height=\"675\" class=\"alignnone size-full wp-image-121794\" srcset=\"https:\/\/www.24gliwice.pl\/wiadomosci\/wp-content\/uploads\/2018\/08\/gg1.jpg 1200w, https:\/\/www.24gliwice.pl\/wiadomosci\/wp-content\/uploads\/2018\/08\/gg1-410x232.jpg 410w, https:\/\/www.24gliwice.pl\/wiadomosci\/wp-content\/uploads\/2018\/08\/gg1-768x432.jpg 768w, https:\/\/www.24gliwice.pl\/wiadomosci\/wp-content\/uploads\/2018\/08\/gg1-810x456.jpg 810w, https:\/\/www.24gliwice.pl\/wiadomosci\/wp-content\/uploads\/2018\/08\/gg1-1140x641.jpg 1140w\" sizes=\"auto, (max-width: 1200px) 100vw, 1200px\" \/><\/p>\n<p>Po ponad dw\u00f3ch latach, Urz\u0105d Miejski dopisuje do tej historii nowy rozdzia\u0142. Co prawda, od inwestycji urz\u0119dnicy nie odst\u0105pili, ale zamierzaj\u0105 raz jeszcze przygotowa\u0107 jej projekt. Ten nad kt\u00f3rym pracowa\u0142a firma Meritum Projekt nie znalaz\u0142 akceptacji Magistratu.<\/p>\n<p>&#8211; Po przeprowadzeniu bada\u0144 hydrologicznych, a tak\u017ce sugestiach mieszka\u0144c\u00f3w zdecydowali\u015bmy si\u0119 na przygotowanie nowego projektu. Chcemy ograniczy\u0107 elementy betonowe, tak aby zbiorniki by\u0142y jak najbardziej naturalne, a ca\u0142o\u015b\u0107 by\u0142a akceptowalna dla wszystkich &#8211; komentuje <strong>El\u017cbieta Chrz\u0105szcz<\/strong> z Wydzia\u0142u Przedsi\u0119wzi\u0119\u0107 Gospodarczych i Us\u0142ug Komunalnych Urz\u0119du Miejskiego w Gliwicach.<\/p>\n<p>Przypomnijmy, pierwotnie zak\u0142adano, \u017ce na ca\u0142ym odcinku wzd\u0142u\u017c ul. S\u0142owackiego powsta\u0107 mia\u0142y trzy trawiaste niecki, kt\u00f3re w razie potrzeby by\u0142yby zalewane. W pozosta\u0142ym okresie tereny pozostawa\u0142yby suche i by\u0142yby udost\u0119pniane mieszka\u0144com. Mo\u017cliwe, \u017ce takie rozwi\u0105zanie zostanie utrzymane, ale zmianie ulegnie profil zbiornik\u00f3w.<\/p>\n<blockquote><p>&#8211; Naszym zamiarem jest zaprojektowanie naturalnych zielonych zbiornik\u00f3w, korekta za\u0142o\u017cenie b\u0119dzie polega\u0142a przede wszystkim na zmianie g\u0142\u0119boko\u015bci zbiornik\u00f3w. Szczeg\u00f3\u0142owe  wytyczne techniczne do projektu nie s\u0105 na obecn\u0105 chwil\u0119 dok\u0142adnie znane<\/p><\/blockquote>\n<p> &#8211; informuje nas <strong>Mariola Pendzia\u0142ek<\/strong>, Naczelnik Wydzia\u0142u Przedsi\u0119wzi\u0119\u0107 Gospodarczych i Us\u0142ug Komunalnych.<\/p>\n<p>Jeszcze w tym roku powinno zosta\u0107 og\u0142oszone nowe post\u0119powanie przetargowe na wykonanie projektu zbiornik\u00f3w retencyjnych. Ewentualna realizacja inwestycji jest wi\u0119c jeszcze oddalona w czasie, a Magistrat nie okre\u015bla nawet szacunkowej daty zako\u0144czenia przedsi\u0119wzi\u0119cia (na razie nie wyst\u0105piono te\u017c z wnioskiem o dofinansowanie projektu ze \u015brodk\u00f3w zewn\u0119trznych). <\/p>\n<p>Niezale\u017cnie od prac zwi\u0105zanych ze zbiornikami retencyjnymi dla Ostropki, prowadzone s\u0105 tak\u017ce dzia\u0142ania na potokach Cienka i W\u00f3jtowianka. Zbiornik dla tego ostatniego cieku uzyska\u0142 ju\u017c zgod\u0119 na realizacj\u0119.<\/p>\n<p>Micha\u0142 Szewczyk<\/p>\n<div class=\"gliwi-a5-na-koncu-artykulow gliwi-entity-placement\" id=\"gliwi-604644704\"><div class=\"gliwi-adlabel\"><span style=\"font-size: 9px\">REKLAMA<\/span><\/div><div id=\"gliwi-1121089070\" style=\"margin-left: auto;margin-right: auto;text-align: center;\"><a data-no-instant=\"1\" href=\"https:\/\/prezeroarenagliwice.pl\/\" rel=\"noopener\" class=\"a2t-link\" target=\"_blank\" aria-label=\"20260309-PREZERO-WIOSNA-D\"><img loading=\"lazy\" decoding=\"async\" src=\"https:\/\/www.24gliwice.pl\/wiadomosci\/wp-content\/uploads\/2026\/03\/20260309-PREZERO-WIOSNA-D.webp\" alt=\"\"  srcset=\"https:\/\/www.24gliwice.pl\/wiadomosci\/wp-content\/uploads\/2026\/03\/20260309-PREZERO-WIOSNA-D.webp 750w, https:\/\/www.24gliwice.pl\/wiadomosci\/wp-content\/uploads\/2026\/03\/20260309-PREZERO-WIOSNA-D-410x109.webp 410w\" sizes=\"(max-width: 750px) 100vw, 750px\" class=\"no-lazyload\" width=\"750\" height=\"200\"  style=\"display: inline-block; max-width: 100%; height: auto;\" \/><\/a><\/div><\/div>","protected":false},"excerpt":{"rendered":"<p>Budowa zbiornik\u00f3w retencyjnych na \u0142\u0105kach przy ul. S\u0142owackiego jest ci\u0105gle aktualna, ale nie w takiej formie, jak pierwotnie planowano. Gliwiccy urz\u0119dnicy rozwi\u0105zali umow\u0119 z wykonawc\u0105 projektu i szykuj\u0105 si\u0119 do rozpisania nowego przetargu. O tym, jak w szczeg\u00f3\u0142ach b\u0119dzie wygl\u0105da\u0107 inwestycja wiadomo na razie niewiele. Pewne jest, \u017ce prezentowane w 2016 roku wizualizacje s\u0105 ju\u017c [&hellip;]<\/p>\n","protected":false},"author":12,"featured_media":121810,"comment_status":"open","ping_status":"closed","sticky":false,"template":"","format":"standard","meta":{"_monsterinsights_skip_tracking":false,"_monsterinsights_sitenote_active":false,"_monsterinsights_sitenote_note":"","_monsterinsights_sitenote_category":0,"footnotes":"","_links_to":"","_links_to_target":""},"categories":[3,1,9],"tags":[7282],"class_list":["post-121787","post","type-post","status-publish","format-standard","has-post-thumbnail","hentry","category-gliwice","category-wszystko","category-aktualnosci_lokalne","tag-poldery-gliwice"],"yoast_head":"<!-- This site is optimized with the Yoast SEO plugin v27.5 - https:\/\/yoast.com\/product\/yoast-seo-wordpress\/ -->\n<title>&quot;Poldery&quot; do poprawki. B\u0119dzie nowy przetarg na wykonanie zbiornik\u00f3w retencyjnych przy ul. S\u0142owackiego - 24GLIWICE - Portal Gliwice | codziennie nowe informacje<\/title>\n<meta name=\"robots\" content=\"index, follow, max-snippet:-1, max-image-preview:large, max-video-preview:-1\" \/>\n<link rel=\"canonical\" href=\"https:\/\/www.24gliwice.pl\/wiadomosci\/poldery-do-poprawki-bedzie-nowy-przetarg-na-wykonanie-zbiornikow-retencyjnych-przy-ul-slowackiego\/\" \/>\n<meta property=\"og:locale\" content=\"pl_PL\" \/>\n<meta property=\"og:type\" content=\"article\" \/>\n<meta property=\"og:title\" content=\"&quot;Poldery&quot; do poprawki. B\u0119dzie nowy przetarg na wykonanie zbiornik\u00f3w retencyjnych przy ul. S\u0142owackiego - 24GLIWICE - Portal Gliwice | codziennie nowe informacje\" \/>\n<meta property=\"og:description\" content=\"Budowa zbiornik\u00f3w retencyjnych na \u0142\u0105kach przy ul. S\u0142owackiego jest ci\u0105gle aktualna, ale nie w takiej formie, jak pierwotnie planowano. Gliwiccy urz\u0119dnicy rozwi\u0105zali umow\u0119 z wykonawc\u0105 projektu i szykuj\u0105 si\u0119 do rozpisania nowego przetargu. O tym, jak w szczeg\u00f3\u0142ach b\u0119dzie wygl\u0105da\u0107 inwestycja wiadomo na razie niewiele. Pewne jest, \u017ce prezentowane w 2016 roku wizualizacje s\u0105 ju\u017c [&hellip;]\" \/>\n<meta property=\"og:url\" content=\"https:\/\/www.24gliwice.pl\/wiadomosci\/poldery-do-poprawki-bedzie-nowy-przetarg-na-wykonanie-zbiornikow-retencyjnych-przy-ul-slowackiego\/\" \/>\n<meta property=\"og:site_name\" content=\"24GLIWICE - Portal Gliwice | codziennie nowe informacje\" \/>\n<meta property=\"article:publisher\" content=\"https:\/\/www.facebook.com\/24gliwice\" \/>\n<meta property=\"article:published_time\" content=\"2018-08-25T22:35:35+00:00\" \/>\n<meta property=\"article:modified_time\" content=\"2018-08-26T09:26:52+00:00\" \/>\n<meta property=\"og:image\" content=\"https:\/\/www.24gliwice.pl\/wiadomosci\/wp-content\/uploads\/2018\/08\/1-poldery.jpg\" \/>\n\t<meta property=\"og:image:width\" content=\"810\" \/>\n\t<meta property=\"og:image:height\" content=\"456\" \/>\n\t<meta property=\"og:image:type\" content=\"image\/jpeg\" \/>\n<meta name=\"author\" content=\"Micha\u0142 Szewczyk\" \/>\n<meta name=\"twitter:card\" content=\"summary_large_image\" \/>\n<meta name=\"twitter:creator\" content=\"@24gliwice\" \/>\n<meta name=\"twitter:site\" content=\"@24gliwice\" \/>\n<meta name=\"twitter:label1\" content=\"Napisane przez\" \/>\n\t<meta name=\"twitter:data1\" content=\"Micha\u0142 Szewczyk\" \/>\n\t<meta name=\"twitter:label2\" content=\"Szacowany czas czytania\" \/>\n\t<meta name=\"twitter:data2\" content=\"3 minuty\" \/>\n<script type=\"application\/ld+json\" class=\"yoast-schema-graph\">{\"@context\":\"https:\\\/\\\/schema.org\",\"@graph\":[{\"@type\":\"Article\",\"@id\":\"https:\\\/\\\/www.24gliwice.pl\\\/wiadomosci\\\/poldery-do-poprawki-bedzie-nowy-przetarg-na-wykonanie-zbiornikow-retencyjnych-przy-ul-slowackiego\\\/#article\",\"isPartOf\":{\"@id\":\"https:\\\/\\\/www.24gliwice.pl\\\/wiadomosci\\\/poldery-do-poprawki-bedzie-nowy-przetarg-na-wykonanie-zbiornikow-retencyjnych-przy-ul-slowackiego\\\/\"},\"author\":{\"name\":\"Micha\u0142 Szewczyk\",\"@id\":\"https:\\\/\\\/www.24gliwice.pl\\\/wiadomosci\\\/#\\\/schema\\\/person\\\/940e8f8a097e322de4f463f061ef8d45\"},\"headline\":\"&#8220;Poldery&#8221; do poprawki. B\u0119dzie nowy przetarg na wykonanie zbiornik\u00f3w retencyjnych przy ul. S\u0142owackiego\",\"datePublished\":\"2018-08-25T22:35:35+00:00\",\"dateModified\":\"2018-08-26T09:26:52+00:00\",\"mainEntityOfPage\":{\"@id\":\"https:\\\/\\\/www.24gliwice.pl\\\/wiadomosci\\\/poldery-do-poprawki-bedzie-nowy-przetarg-na-wykonanie-zbiornikow-retencyjnych-przy-ul-slowackiego\\\/\"},\"wordCount\":570,\"commentCount\":0,\"publisher\":{\"@id\":\"https:\\\/\\\/www.24gliwice.pl\\\/wiadomosci\\\/#organization\"},\"image\":{\"@id\":\"https:\\\/\\\/www.24gliwice.pl\\\/wiadomosci\\\/poldery-do-poprawki-bedzie-nowy-przetarg-na-wykonanie-zbiornikow-retencyjnych-przy-ul-slowackiego\\\/#primaryimage\"},\"thumbnailUrl\":\"https:\\\/\\\/www.24gliwice.pl\\\/wiadomosci\\\/wp-content\\\/uploads\\\/2018\\\/08\\\/1-poldery.jpg\",\"keywords\":[\"poldery gliwice\"],\"articleSection\":[\"Gliwice\",\"Najnowsze wiadomo\u015bci\",\"Portal Gliwice - Wiadomo\u015bci lokalne\"],\"inLanguage\":\"pl-PL\",\"potentialAction\":[{\"@type\":\"CommentAction\",\"name\":\"Comment\",\"target\":[\"https:\\\/\\\/www.24gliwice.pl\\\/wiadomosci\\\/poldery-do-poprawki-bedzie-nowy-przetarg-na-wykonanie-zbiornikow-retencyjnych-przy-ul-slowackiego\\\/#respond\"]}]},{\"@type\":\"WebPage\",\"@id\":\"https:\\\/\\\/www.24gliwice.pl\\\/wiadomosci\\\/poldery-do-poprawki-bedzie-nowy-przetarg-na-wykonanie-zbiornikow-retencyjnych-przy-ul-slowackiego\\\/\",\"url\":\"https:\\\/\\\/www.24gliwice.pl\\\/wiadomosci\\\/poldery-do-poprawki-bedzie-nowy-przetarg-na-wykonanie-zbiornikow-retencyjnych-przy-ul-slowackiego\\\/\",\"name\":\"\\\"Poldery\\\" do poprawki. B\u0119dzie nowy przetarg na wykonanie zbiornik\u00f3w retencyjnych przy ul. S\u0142owackiego - 24GLIWICE - Portal Gliwice | codziennie nowe informacje\",\"isPartOf\":{\"@id\":\"https:\\\/\\\/www.24gliwice.pl\\\/wiadomosci\\\/#website\"},\"primaryImageOfPage\":{\"@id\":\"https:\\\/\\\/www.24gliwice.pl\\\/wiadomosci\\\/poldery-do-poprawki-bedzie-nowy-przetarg-na-wykonanie-zbiornikow-retencyjnych-przy-ul-slowackiego\\\/#primaryimage\"},\"image\":{\"@id\":\"https:\\\/\\\/www.24gliwice.pl\\\/wiadomosci\\\/poldery-do-poprawki-bedzie-nowy-przetarg-na-wykonanie-zbiornikow-retencyjnych-przy-ul-slowackiego\\\/#primaryimage\"},\"thumbnailUrl\":\"https:\\\/\\\/www.24gliwice.pl\\\/wiadomosci\\\/wp-content\\\/uploads\\\/2018\\\/08\\\/1-poldery.jpg\",\"datePublished\":\"2018-08-25T22:35:35+00:00\",\"dateModified\":\"2018-08-26T09:26:52+00:00\",\"breadcrumb\":{\"@id\":\"https:\\\/\\\/www.24gliwice.pl\\\/wiadomosci\\\/poldery-do-poprawki-bedzie-nowy-przetarg-na-wykonanie-zbiornikow-retencyjnych-przy-ul-slowackiego\\\/#breadcrumb\"},\"inLanguage\":\"pl-PL\",\"potentialAction\":[{\"@type\":\"ReadAction\",\"target\":[\"https:\\\/\\\/www.24gliwice.pl\\\/wiadomosci\\\/poldery-do-poprawki-bedzie-nowy-przetarg-na-wykonanie-zbiornikow-retencyjnych-przy-ul-slowackiego\\\/\"]}]},{\"@type\":\"ImageObject\",\"inLanguage\":\"pl-PL\",\"@id\":\"https:\\\/\\\/www.24gliwice.pl\\\/wiadomosci\\\/poldery-do-poprawki-bedzie-nowy-przetarg-na-wykonanie-zbiornikow-retencyjnych-przy-ul-slowackiego\\\/#primaryimage\",\"url\":\"https:\\\/\\\/www.24gliwice.pl\\\/wiadomosci\\\/wp-content\\\/uploads\\\/2018\\\/08\\\/1-poldery.jpg\",\"contentUrl\":\"https:\\\/\\\/www.24gliwice.pl\\\/wiadomosci\\\/wp-content\\\/uploads\\\/2018\\\/08\\\/1-poldery.jpg\",\"width\":810,\"height\":456},{\"@type\":\"BreadcrumbList\",\"@id\":\"https:\\\/\\\/www.24gliwice.pl\\\/wiadomosci\\\/poldery-do-poprawki-bedzie-nowy-przetarg-na-wykonanie-zbiornikow-retencyjnych-przy-ul-slowackiego\\\/#breadcrumb\",\"itemListElement\":[{\"@type\":\"ListItem\",\"position\":1,\"name\":\"Strona g\u0142\u00f3wna\",\"item\":\"https:\\\/\\\/www.24gliwice.pl\\\/wiadomosci\\\/\"},{\"@type\":\"ListItem\",\"position\":2,\"name\":\"&#8222;Poldery&#8221; do poprawki. B\u0119dzie nowy przetarg na wykonanie zbiornik\u00f3w retencyjnych przy ul. S\u0142owackiego\"}]},{\"@type\":\"WebSite\",\"@id\":\"https:\\\/\\\/www.24gliwice.pl\\\/wiadomosci\\\/#website\",\"url\":\"https:\\\/\\\/www.24gliwice.pl\\\/wiadomosci\\\/\",\"name\":\"24GLIWICE - Portal Gliwice | codziennie nowe wiadomo\u015bci\",\"description\":\"Portal Miejski Gliwice\",\"publisher\":{\"@id\":\"https:\\\/\\\/www.24gliwice.pl\\\/wiadomosci\\\/#organization\"},\"potentialAction\":[{\"@type\":\"SearchAction\",\"target\":{\"@type\":\"EntryPoint\",\"urlTemplate\":\"https:\\\/\\\/www.24gliwice.pl\\\/wiadomosci\\\/?s={search_term_string}\"},\"query-input\":{\"@type\":\"PropertyValueSpecification\",\"valueRequired\":true,\"valueName\":\"search_term_string\"}}],\"inLanguage\":\"pl-PL\"},{\"@type\":\"Organization\",\"@id\":\"https:\\\/\\\/www.24gliwice.pl\\\/wiadomosci\\\/#organization\",\"name\":\"24gliwice\",\"url\":\"https:\\\/\\\/www.24gliwice.pl\\\/wiadomosci\\\/\",\"logo\":{\"@type\":\"ImageObject\",\"inLanguage\":\"pl-PL\",\"@id\":\"https:\\\/\\\/www.24gliwice.pl\\\/wiadomosci\\\/#\\\/schema\\\/logo\\\/image\\\/\",\"url\":\"https:\\\/\\\/www.24gliwice.pl\\\/wiadomosci\\\/wp-content\\\/uploads\\\/2024\\\/10\\\/24gliwice-logo-696.jpg\",\"contentUrl\":\"https:\\\/\\\/www.24gliwice.pl\\\/wiadomosci\\\/wp-content\\\/uploads\\\/2024\\\/10\\\/24gliwice-logo-696.jpg\",\"width\":696,\"height\":696,\"caption\":\"24gliwice\"},\"image\":{\"@id\":\"https:\\\/\\\/www.24gliwice.pl\\\/wiadomosci\\\/#\\\/schema\\\/logo\\\/image\\\/\"},\"sameAs\":[\"https:\\\/\\\/www.facebook.com\\\/24gliwice\",\"https:\\\/\\\/x.com\\\/24gliwice\",\"https:\\\/\\\/www.youtube.com\\\/@24gliwice\"]},{\"@type\":\"Person\",\"@id\":\"https:\\\/\\\/www.24gliwice.pl\\\/wiadomosci\\\/#\\\/schema\\\/person\\\/940e8f8a097e322de4f463f061ef8d45\",\"name\":\"Micha\u0142 Szewczyk\",\"image\":{\"@type\":\"ImageObject\",\"inLanguage\":\"pl-PL\",\"@id\":\"https:\\\/\\\/secure.gravatar.com\\\/avatar\\\/771b8b6c74cd8d255e46392d605e01a86133900ef09b6ef3c8d451c9d92288cf?s=96&d=mm&r=g\",\"url\":\"https:\\\/\\\/secure.gravatar.com\\\/avatar\\\/771b8b6c74cd8d255e46392d605e01a86133900ef09b6ef3c8d451c9d92288cf?s=96&d=mm&r=g\",\"contentUrl\":\"https:\\\/\\\/secure.gravatar.com\\\/avatar\\\/771b8b6c74cd8d255e46392d605e01a86133900ef09b6ef3c8d451c9d92288cf?s=96&d=mm&r=g\",\"caption\":\"Micha\u0142 Szewczyk\"},\"sameAs\":[\"http:\\\/\\\/www.gazeta-miejska.pl\"],\"url\":\"https:\\\/\\\/www.24gliwice.pl\\\/wiadomosci\\\/author\\\/michal-szewczyk\\\/\"}]}<\/script>\n<!-- \/ Yoast SEO plugin. -->","yoast_head_json":{"title":"\"Poldery\" do poprawki. B\u0119dzie nowy przetarg na wykonanie zbiornik\u00f3w retencyjnych przy ul. S\u0142owackiego - 24GLIWICE - Portal Gliwice | codziennie nowe informacje","robots":{"index":"index","follow":"follow","max-snippet":"max-snippet:-1","max-image-preview":"max-image-preview:large","max-video-preview":"max-video-preview:-1"},"canonical":"https:\/\/www.24gliwice.pl\/wiadomosci\/poldery-do-poprawki-bedzie-nowy-przetarg-na-wykonanie-zbiornikow-retencyjnych-przy-ul-slowackiego\/","og_locale":"pl_PL","og_type":"article","og_title":"\"Poldery\" do poprawki. B\u0119dzie nowy przetarg na wykonanie zbiornik\u00f3w retencyjnych przy ul. S\u0142owackiego - 24GLIWICE - Portal Gliwice | codziennie nowe informacje","og_description":"Budowa zbiornik\u00f3w retencyjnych na \u0142\u0105kach przy ul. S\u0142owackiego jest ci\u0105gle aktualna, ale nie w takiej formie, jak pierwotnie planowano. Gliwiccy urz\u0119dnicy rozwi\u0105zali umow\u0119 z wykonawc\u0105 projektu i szykuj\u0105 si\u0119 do rozpisania nowego przetargu. O tym, jak w szczeg\u00f3\u0142ach b\u0119dzie wygl\u0105da\u0107 inwestycja wiadomo na razie niewiele. Pewne jest, \u017ce prezentowane w 2016 roku wizualizacje s\u0105 ju\u017c [&hellip;]","og_url":"https:\/\/www.24gliwice.pl\/wiadomosci\/poldery-do-poprawki-bedzie-nowy-przetarg-na-wykonanie-zbiornikow-retencyjnych-przy-ul-slowackiego\/","og_site_name":"24GLIWICE - Portal Gliwice | codziennie nowe informacje","article_publisher":"https:\/\/www.facebook.com\/24gliwice","article_published_time":"2018-08-25T22:35:35+00:00","article_modified_time":"2018-08-26T09:26:52+00:00","og_image":[{"width":810,"height":456,"url":"https:\/\/www.24gliwice.pl\/wiadomosci\/wp-content\/uploads\/2018\/08\/1-poldery.jpg","type":"image\/jpeg"}],"author":"Micha\u0142 Szewczyk","twitter_card":"summary_large_image","twitter_creator":"@24gliwice","twitter_site":"@24gliwice","twitter_misc":{"Napisane przez":"Micha\u0142 Szewczyk","Szacowany czas czytania":"3 minuty"},"schema":{"@context":"https:\/\/schema.org","@graph":[{"@type":"Article","@id":"https:\/\/www.24gliwice.pl\/wiadomosci\/poldery-do-poprawki-bedzie-nowy-przetarg-na-wykonanie-zbiornikow-retencyjnych-przy-ul-slowackiego\/#article","isPartOf":{"@id":"https:\/\/www.24gliwice.pl\/wiadomosci\/poldery-do-poprawki-bedzie-nowy-przetarg-na-wykonanie-zbiornikow-retencyjnych-przy-ul-slowackiego\/"},"author":{"name":"Micha\u0142 Szewczyk","@id":"https:\/\/www.24gliwice.pl\/wiadomosci\/#\/schema\/person\/940e8f8a097e322de4f463f061ef8d45"},"headline":"&#8220;Poldery&#8221; do poprawki. B\u0119dzie nowy przetarg na wykonanie zbiornik\u00f3w retencyjnych przy ul. S\u0142owackiego","datePublished":"2018-08-25T22:35:35+00:00","dateModified":"2018-08-26T09:26:52+00:00","mainEntityOfPage":{"@id":"https:\/\/www.24gliwice.pl\/wiadomosci\/poldery-do-poprawki-bedzie-nowy-przetarg-na-wykonanie-zbiornikow-retencyjnych-przy-ul-slowackiego\/"},"wordCount":570,"commentCount":0,"publisher":{"@id":"https:\/\/www.24gliwice.pl\/wiadomosci\/#organization"},"image":{"@id":"https:\/\/www.24gliwice.pl\/wiadomosci\/poldery-do-poprawki-bedzie-nowy-przetarg-na-wykonanie-zbiornikow-retencyjnych-przy-ul-slowackiego\/#primaryimage"},"thumbnailUrl":"https:\/\/www.24gliwice.pl\/wiadomosci\/wp-content\/uploads\/2018\/08\/1-poldery.jpg","keywords":["poldery gliwice"],"articleSection":["Gliwice","Najnowsze wiadomo\u015bci","Portal Gliwice - Wiadomo\u015bci lokalne"],"inLanguage":"pl-PL","potentialAction":[{"@type":"CommentAction","name":"Comment","target":["https:\/\/www.24gliwice.pl\/wiadomosci\/poldery-do-poprawki-bedzie-nowy-przetarg-na-wykonanie-zbiornikow-retencyjnych-przy-ul-slowackiego\/#respond"]}]},{"@type":"WebPage","@id":"https:\/\/www.24gliwice.pl\/wiadomosci\/poldery-do-poprawki-bedzie-nowy-przetarg-na-wykonanie-zbiornikow-retencyjnych-przy-ul-slowackiego\/","url":"https:\/\/www.24gliwice.pl\/wiadomosci\/poldery-do-poprawki-bedzie-nowy-przetarg-na-wykonanie-zbiornikow-retencyjnych-przy-ul-slowackiego\/","name":"\"Poldery\" do poprawki. B\u0119dzie nowy przetarg na wykonanie zbiornik\u00f3w retencyjnych przy ul. S\u0142owackiego - 24GLIWICE - Portal Gliwice | codziennie nowe informacje","isPartOf":{"@id":"https:\/\/www.24gliwice.pl\/wiadomosci\/#website"},"primaryImageOfPage":{"@id":"https:\/\/www.24gliwice.pl\/wiadomosci\/poldery-do-poprawki-bedzie-nowy-przetarg-na-wykonanie-zbiornikow-retencyjnych-przy-ul-slowackiego\/#primaryimage"},"image":{"@id":"https:\/\/www.24gliwice.pl\/wiadomosci\/poldery-do-poprawki-bedzie-nowy-przetarg-na-wykonanie-zbiornikow-retencyjnych-przy-ul-slowackiego\/#primaryimage"},"thumbnailUrl":"https:\/\/www.24gliwice.pl\/wiadomosci\/wp-content\/uploads\/2018\/08\/1-poldery.jpg","datePublished":"2018-08-25T22:35:35+00:00","dateModified":"2018-08-26T09:26:52+00:00","breadcrumb":{"@id":"https:\/\/www.24gliwice.pl\/wiadomosci\/poldery-do-poprawki-bedzie-nowy-przetarg-na-wykonanie-zbiornikow-retencyjnych-przy-ul-slowackiego\/#breadcrumb"},"inLanguage":"pl-PL","potentialAction":[{"@type":"ReadAction","target":["https:\/\/www.24gliwice.pl\/wiadomosci\/poldery-do-poprawki-bedzie-nowy-przetarg-na-wykonanie-zbiornikow-retencyjnych-przy-ul-slowackiego\/"]}]},{"@type":"ImageObject","inLanguage":"pl-PL","@id":"https:\/\/www.24gliwice.pl\/wiadomosci\/poldery-do-poprawki-bedzie-nowy-przetarg-na-wykonanie-zbiornikow-retencyjnych-przy-ul-slowackiego\/#primaryimage","url":"https:\/\/www.24gliwice.pl\/wiadomosci\/wp-content\/uploads\/2018\/08\/1-poldery.jpg","contentUrl":"https:\/\/www.24gliwice.pl\/wiadomosci\/wp-content\/uploads\/2018\/08\/1-poldery.jpg","width":810,"height":456},{"@type":"BreadcrumbList","@id":"https:\/\/www.24gliwice.pl\/wiadomosci\/poldery-do-poprawki-bedzie-nowy-przetarg-na-wykonanie-zbiornikow-retencyjnych-przy-ul-slowackiego\/#breadcrumb","itemListElement":[{"@type":"ListItem","position":1,"name":"Strona g\u0142\u00f3wna","item":"https:\/\/www.24gliwice.pl\/wiadomosci\/"},{"@type":"ListItem","position":2,"name":"&#8222;Poldery&#8221; do poprawki. B\u0119dzie nowy przetarg na wykonanie zbiornik\u00f3w retencyjnych przy ul. S\u0142owackiego"}]},{"@type":"WebSite","@id":"https:\/\/www.24gliwice.pl\/wiadomosci\/#website","url":"https:\/\/www.24gliwice.pl\/wiadomosci\/","name":"24GLIWICE - Portal Gliwice | codziennie nowe wiadomo\u015bci","description":"Portal Miejski Gliwice","publisher":{"@id":"https:\/\/www.24gliwice.pl\/wiadomosci\/#organization"},"potentialAction":[{"@type":"SearchAction","target":{"@type":"EntryPoint","urlTemplate":"https:\/\/www.24gliwice.pl\/wiadomosci\/?s={search_term_string}"},"query-input":{"@type":"PropertyValueSpecification","valueRequired":true,"valueName":"search_term_string"}}],"inLanguage":"pl-PL"},{"@type":"Organization","@id":"https:\/\/www.24gliwice.pl\/wiadomosci\/#organization","name":"24gliwice","url":"https:\/\/www.24gliwice.pl\/wiadomosci\/","logo":{"@type":"ImageObject","inLanguage":"pl-PL","@id":"https:\/\/www.24gliwice.pl\/wiadomosci\/#\/schema\/logo\/image\/","url":"https:\/\/www.24gliwice.pl\/wiadomosci\/wp-content\/uploads\/2024\/10\/24gliwice-logo-696.jpg","contentUrl":"https:\/\/www.24gliwice.pl\/wiadomosci\/wp-content\/uploads\/2024\/10\/24gliwice-logo-696.jpg","width":696,"height":696,"caption":"24gliwice"},"image":{"@id":"https:\/\/www.24gliwice.pl\/wiadomosci\/#\/schema\/logo\/image\/"},"sameAs":["https:\/\/www.facebook.com\/24gliwice","https:\/\/x.com\/24gliwice","https:\/\/www.youtube.com\/@24gliwice"]},{"@type":"Person","@id":"https:\/\/www.24gliwice.pl\/wiadomosci\/#\/schema\/person\/940e8f8a097e322de4f463f061ef8d45","name":"Micha\u0142 Szewczyk","image":{"@type":"ImageObject","inLanguage":"pl-PL","@id":"https:\/\/secure.gravatar.com\/avatar\/771b8b6c74cd8d255e46392d605e01a86133900ef09b6ef3c8d451c9d92288cf?s=96&d=mm&r=g","url":"https:\/\/secure.gravatar.com\/avatar\/771b8b6c74cd8d255e46392d605e01a86133900ef09b6ef3c8d451c9d92288cf?s=96&d=mm&r=g","contentUrl":"https:\/\/secure.gravatar.com\/avatar\/771b8b6c74cd8d255e46392d605e01a86133900ef09b6ef3c8d451c9d92288cf?s=96&d=mm&r=g","caption":"Micha\u0142 Szewczyk"},"sameAs":["http:\/\/www.gazeta-miejska.pl"],"url":"https:\/\/www.24gliwice.pl\/wiadomosci\/author\/michal-szewczyk\/"}]}},"_links":{"self":[{"href":"https:\/\/www.24gliwice.pl\/wiadomosci\/wp-json\/wp\/v2\/posts\/121787","targetHints":{"allow":["GET"]}}],"collection":[{"href":"https:\/\/www.24gliwice.pl\/wiadomosci\/wp-json\/wp\/v2\/posts"}],"about":[{"href":"https:\/\/www.24gliwice.pl\/wiadomosci\/wp-json\/wp\/v2\/types\/post"}],"author":[{"embeddable":true,"href":"https:\/\/www.24gliwice.pl\/wiadomosci\/wp-json\/wp\/v2\/users\/12"}],"replies":[{"embeddable":true,"href":"https:\/\/www.24gliwice.pl\/wiadomosci\/wp-json\/wp\/v2\/comments?post=121787"}],"version-history":[{"count":0,"href":"https:\/\/www.24gliwice.pl\/wiadomosci\/wp-json\/wp\/v2\/posts\/121787\/revisions"}],"wp:featuredmedia":[{"embeddable":true,"href":"https:\/\/www.24gliwice.pl\/wiadomosci\/wp-json\/wp\/v2\/media\/121810"}],"wp:attachment":[{"href":"https:\/\/www.24gliwice.pl\/wiadomosci\/wp-json\/wp\/v2\/media?parent=121787"}],"wp:term":[{"taxonomy":"category","embeddable":true,"href":"https:\/\/www.24gliwice.pl\/wiadomosci\/wp-json\/wp\/v2\/categories?post=121787"},{"taxonomy":"post_tag","embeddable":true,"href":"https:\/\/www.24gliwice.pl\/wiadomosci\/wp-json\/wp\/v2\/tags?post=121787"}],"curies":[{"name":"wp","href":"https:\/\/api.w.org\/{rel}","templated":true}]}}