{"id":121838,"date":"2018-08-28T22:18:59","date_gmt":"2018-08-28T20:18:59","guid":{"rendered":"https:\/\/www.24gliwice.pl\/wiadomosci\/?p=121838"},"modified":"2018-08-28T22:18:59","modified_gmt":"2018-08-28T20:18:59","slug":"ostatnie-wakacyjne-spotkanie-na-wesolo-kabaret-zachodni-na-scenie-centrum-handlowego-forum","status":"publish","type":"post","link":"https:\/\/www.24gliwice.pl\/wiadomosci\/ostatnie-wakacyjne-spotkanie-na-wesolo-kabaret-zachodni-na-scenie-centrum-handlowego-forum\/","title":{"rendered":"Ostatnie wakacyjne spotkanie na weso\u0142o. Kabaret Zachodni na scenie centrum handlowego Forum"},"content":{"rendered":"<div class=\"gliwi-a6-nad-leadem-artykulow gliwi-entity-placement\" id=\"gliwi-2772334718\"><div class=\"gliwi-adlabel\"><span style=\"font-size: 9px\">REKLAMA<\/span><\/div><div id=\"gliwi-2372471433\" style=\"margin-bottom: 25px;margin-left: auto;margin-right: auto;text-align: center;\"><a data-no-instant=\"1\" href=\"https:\/\/dom100.eu\/\" rel=\"noopener\" class=\"a2t-link\" target=\"_blank\" aria-label=\"20260415 DOM100 D\"><img loading=\"lazy\" decoding=\"async\" src=\"https:\/\/www.24gliwice.pl\/wiadomosci\/wp-content\/uploads\/2026\/04\/20260415-DOM100-D.jpg\" alt=\"\"  srcset=\"https:\/\/www.24gliwice.pl\/wiadomosci\/wp-content\/uploads\/2026\/04\/20260415-DOM100-D.jpg 750w, https:\/\/www.24gliwice.pl\/wiadomosci\/wp-content\/uploads\/2026\/04\/20260415-DOM100-D-410x109.jpg 410w\" sizes=\"(max-width: 750px) 100vw, 750px\" class=\"no-lazyload\" width=\"750\" height=\"200\"  style=\"display: inline-block; max-width: 100%; height: auto;\" \/><\/a><\/div><\/div><h3>Centrum handlowe Forum i Kabaret Zachodni zapraszaj\u0105 na lu\u017any i bardzo weso\u0142y pi\u0105tkowy wiecz\u00f3r. Wyst\u0119p jest cz\u0119\u015bci\u0105 ca\u0142omiesi\u0119cznego cyklu \u201eSierpie\u0144 z kabaretami\u201d.<\/h3>\n<p>Kabaret Zachodni powsta\u0142 prawie wczoraj. To czw\u00f3rka artyst\u00f3w, kt\u00f3rzy kabaretem zacz\u0119li zajmowa\u0107 si\u0119 jeszcze w poprzednim wieku. Dwudziestym \u2013 dla jasno\u015bci. M\u0119\u017cczy\u017ani tworzyli wtedy jako kabaret S\u0142uchajcie, a babeczka wsp\u00f3\u0142tworzy\u0142a formacj\u0119 \u201eBabeczki z rodzynkiem\u201d.<\/p>\n[perfectpullquote align=&#8221;full&#8221; bordertop=&#8221;false&#8221; cite=&#8221;&#8221; link=&#8221;&#8221; color=&#8221;&#8221; class=&#8221;&#8221; size=&#8221;&#8221;]Ale to dawne dzieje \u2013 przedwczorajsze. Teraz w nowym, pe\u0142nym (obu p\u0142ci) sk\u0142adzie ruszaj\u0105 w Polsk\u0119 z now\u0105 energi\u0105 i now\u0105 nazw\u0105.[\/perfectpullquote]\n<p>Wywodz\u0105 si\u0119 i nieustannie dzia\u0142aj\u0105 w tzw. Zielonog\u00f3rskim Zag\u0142\u0119biu Kabaretowym. Pojawiali si\u0119 na wszystkich wa\u017cnych festiwalach kabaretowych i w wielu widowiskach telewizyjnych. Program kabaretu Zachodniego sk\u0142ada si\u0119 ze skeczy i piosenek. Charakteryzuje go kreowanie zaskakuj\u0105cych sytuacji: podryw na w\u00f3zek z dzieckiem czy te\u017c niespodziewana wizyta <strong>Zygmunta Hajzera.<\/strong><\/p><div class=\"gliwi-a3-w-tresci-artykulow gliwi-entity-placement\" id=\"gliwi-3099101890\"><div class=\"gliwi-adlabel\"><span style=\"font-size: 9px\">REKLAMA<\/span><\/div><div id=\"gliwi-3768239841\" style=\"margin-bottom: 30px;margin-left: auto;margin-right: auto;text-align: center;\"><a data-no-instant=\"1\" href=\"https:\/\/zlobek.halogen.org.pl\/\" rel=\"noopener\" class=\"a2t-link\" target=\"_blank\" aria-label=\"animator-zlobek_750x200\"><img loading=\"lazy\" decoding=\"async\" src=\"https:\/\/www.24gliwice.pl\/wiadomosci\/wp-content\/uploads\/2026\/02\/animator-zlobek_750x200.webp\" alt=\"\"  srcset=\"https:\/\/www.24gliwice.pl\/wiadomosci\/wp-content\/uploads\/2026\/02\/animator-zlobek_750x200.webp 750w, https:\/\/www.24gliwice.pl\/wiadomosci\/wp-content\/uploads\/2026\/02\/animator-zlobek_750x200-410x109.webp 410w\" sizes=\"(max-width: 750px) 100vw, 750px\" class=\"no-lazyload\" width=\"750\" height=\"200\"  style=\"display: inline-block; max-width: 100%; height: auto;\" \/><\/a><\/div><\/div>\n<p>Do\u015bwiadczenie, talent aktorski i umiej\u0119tno\u015b\u0107 wej\u015bcia w bezpo\u015bredni kontakt z widzem sprawiaj\u0105, \u017ce Zachodni zajdzie Wam w g\u0142owy. Grup\u0119 tworz\u0105: <strong>Tomasz \u0141upak, Janusz Pietruszka, Jaros\u0142aw Marek Soba\u0144ski<\/strong> oraz nareszcie <strong>Karolina Kuras<\/strong>.<\/p>\n<p>Pi\u0105tkowa impreza nie jest biletowana, a wst\u0119p na ni\u0105 \u2013 podobnie jak na wszystkie poprzednie \u2013 wolny. Miejscem przedstawienia b\u0119dzie nowy lokal Scena Forum (I p., obok sklepu Martes Sport). Na widowni mo\u017ce zasi\u0105\u015b\u0107 oko\u0142o 250 os\u00f3b, pozosta\u0142e miejsca s\u0105 stoj\u0105ce.<\/p>\n<p><strong>Scena Forum, pi\u0105tek, 31 sierpnia, godzina 18:00<\/strong><\/p>\n<p>(\u017cms)<br \/>\nfot. Dariusz Biczy\u0144ski<\/p>\n<p><iframe loading=\"lazy\" src=\"https:\/\/www.youtube.com\/embed\/DNhVMb120qk\" width=\"810\" height=\"455\" frameborder=\"0\" allowfullscreen=\"allowfullscreen\"><\/iframe><\/p>\n<p><img loading=\"lazy\" decoding=\"async\" class=\"alignnone  wp-image-121839\" src=\"https:\/\/www.24gliwice.pl\/wiadomosci\/wp-content\/uploads\/2018\/08\/kabaret-zachodni.jpg\" alt=\"\" width=\"1143\" height=\"581\" srcset=\"https:\/\/www.24gliwice.pl\/wiadomosci\/wp-content\/uploads\/2018\/08\/kabaret-zachodni.jpg 590w, https:\/\/www.24gliwice.pl\/wiadomosci\/wp-content\/uploads\/2018\/08\/kabaret-zachodni-410x208.jpg 410w\" sizes=\"auto, (max-width: 1143px) 100vw, 1143px\" \/><\/p>\n<div class=\"gliwi-a5-na-koncu-artykulow gliwi-entity-placement\" id=\"gliwi-2514737835\"><div class=\"gliwi-adlabel\"><span style=\"font-size: 9px\">REKLAMA<\/span><\/div><div id=\"gliwi-3610960214\" style=\"margin-left: auto;margin-right: auto;text-align: center;\"><a data-no-instant=\"1\" href=\"https:\/\/prezeroarenagliwice.pl\/\" rel=\"noopener\" class=\"a2t-link\" target=\"_blank\" aria-label=\"20260309-PREZERO-WIOSNA-D\"><img loading=\"lazy\" decoding=\"async\" src=\"https:\/\/www.24gliwice.pl\/wiadomosci\/wp-content\/uploads\/2026\/03\/20260309-PREZERO-WIOSNA-D.webp\" alt=\"\"  srcset=\"https:\/\/www.24gliwice.pl\/wiadomosci\/wp-content\/uploads\/2026\/03\/20260309-PREZERO-WIOSNA-D.webp 750w, https:\/\/www.24gliwice.pl\/wiadomosci\/wp-content\/uploads\/2026\/03\/20260309-PREZERO-WIOSNA-D-410x109.webp 410w\" sizes=\"(max-width: 750px) 100vw, 750px\" class=\"no-lazyload\" width=\"750\" height=\"200\"  style=\"display: inline-block; max-width: 100%; height: auto;\" \/><\/a><\/div><\/div>","protected":false},"excerpt":{"rendered":"<p>Centrum handlowe Forum i Kabaret Zachodni zapraszaj\u0105 na lu\u017any i bardzo weso\u0142y pi\u0105tkowy wiecz\u00f3r. Wyst\u0119p jest cz\u0119\u015bci\u0105 ca\u0142omiesi\u0119cznego cyklu \u201eSierpie\u0144 z kabaretami\u201d. Kabaret Zachodni powsta\u0142 prawie wczoraj. To czw\u00f3rka artyst\u00f3w, kt\u00f3rzy kabaretem zacz\u0119li zajmowa\u0107 si\u0119 jeszcze w poprzednim wieku. Dwudziestym \u2013 dla jasno\u015bci. M\u0119\u017cczy\u017ani tworzyli wtedy jako kabaret S\u0142uchajcie, a babeczka wsp\u00f3\u0142tworzy\u0142a formacj\u0119 \u201eBabeczki z [&hellip;]<\/p>\n","protected":false},"author":15,"featured_media":121947,"comment_status":"open","ping_status":"closed","sticky":false,"template":"","format":"standard","meta":{"_monsterinsights_skip_tracking":false,"_monsterinsights_sitenote_active":false,"_monsterinsights_sitenote_note":"","_monsterinsights_sitenote_category":0,"footnotes":"","_links_to":"","_links_to_target":""},"categories":[3,6,1],"tags":[3160,2198,7242,13025],"class_list":["post-121838","post","type-post","status-publish","format-standard","has-post-thumbnail","hentry","category-gliwice","category-kultura","category-wszystko","tag-centrum-handlowe","tag-forum","tag-kabaret","tag-kabaret-zachodni"],"yoast_head":"<!-- This site is optimized with the Yoast SEO plugin v27.5 - https:\/\/yoast.com\/product\/yoast-seo-wordpress\/ -->\n<title>Ostatnie wakacyjne spotkanie na weso\u0142o. Kabaret Zachodni na scenie centrum handlowego Forum - 24GLIWICE - Portal Gliwice | codziennie nowe informacje<\/title>\n<meta name=\"robots\" content=\"index, follow, max-snippet:-1, max-image-preview:large, max-video-preview:-1\" \/>\n<link rel=\"canonical\" href=\"https:\/\/www.24gliwice.pl\/wiadomosci\/ostatnie-wakacyjne-spotkanie-na-wesolo-kabaret-zachodni-na-scenie-centrum-handlowego-forum\/\" \/>\n<meta property=\"og:locale\" content=\"pl_PL\" \/>\n<meta property=\"og:type\" content=\"article\" \/>\n<meta property=\"og:title\" content=\"Ostatnie wakacyjne spotkanie na weso\u0142o. Kabaret Zachodni na scenie centrum handlowego Forum - 24GLIWICE - Portal Gliwice | codziennie nowe informacje\" \/>\n<meta property=\"og:description\" content=\"Centrum handlowe Forum i Kabaret Zachodni zapraszaj\u0105 na lu\u017any i bardzo weso\u0142y pi\u0105tkowy wiecz\u00f3r. Wyst\u0119p jest cz\u0119\u015bci\u0105 ca\u0142omiesi\u0119cznego cyklu \u201eSierpie\u0144 z kabaretami\u201d. Kabaret Zachodni powsta\u0142 prawie wczoraj. To czw\u00f3rka artyst\u00f3w, kt\u00f3rzy kabaretem zacz\u0119li zajmowa\u0107 si\u0119 jeszcze w poprzednim wieku. Dwudziestym \u2013 dla jasno\u015bci. M\u0119\u017cczy\u017ani tworzyli wtedy jako kabaret S\u0142uchajcie, a babeczka wsp\u00f3\u0142tworzy\u0142a formacj\u0119 \u201eBabeczki z [&hellip;]\" \/>\n<meta property=\"og:url\" content=\"https:\/\/www.24gliwice.pl\/wiadomosci\/ostatnie-wakacyjne-spotkanie-na-wesolo-kabaret-zachodni-na-scenie-centrum-handlowego-forum\/\" \/>\n<meta property=\"og:site_name\" content=\"24GLIWICE - Portal Gliwice | codziennie nowe informacje\" \/>\n<meta property=\"article:publisher\" content=\"https:\/\/www.facebook.com\/24gliwice\" \/>\n<meta property=\"article:published_time\" content=\"2018-08-28T20:18:59+00:00\" \/>\n<meta property=\"og:image\" content=\"https:\/\/www.24gliwice.pl\/wiadomosci\/wp-content\/uploads\/2018\/08\/1-Kabaret-Zachodni-02-e1535375393735.jpg\" \/>\n\t<meta property=\"og:image:width\" content=\"810\" \/>\n\t<meta property=\"og:image:height\" content=\"456\" \/>\n\t<meta property=\"og:image:type\" content=\"image\/jpeg\" \/>\n<meta name=\"author\" content=\"\u017baneta Mrozek-Siewierska\" \/>\n<meta name=\"twitter:card\" content=\"summary_large_image\" \/>\n<meta name=\"twitter:creator\" content=\"@24gliwice\" \/>\n<meta name=\"twitter:site\" content=\"@24gliwice\" \/>\n<meta name=\"twitter:label1\" content=\"Napisane przez\" \/>\n\t<meta name=\"twitter:data1\" content=\"\u017baneta Mrozek-Siewierska\" \/>\n\t<meta name=\"twitter:label2\" content=\"Szacowany czas czytania\" \/>\n\t<meta name=\"twitter:data2\" content=\"1 minuta\" \/>\n<script type=\"application\/ld+json\" class=\"yoast-schema-graph\">{\"@context\":\"https:\\\/\\\/schema.org\",\"@graph\":[{\"@type\":\"Article\",\"@id\":\"https:\\\/\\\/www.24gliwice.pl\\\/wiadomosci\\\/ostatnie-wakacyjne-spotkanie-na-wesolo-kabaret-zachodni-na-scenie-centrum-handlowego-forum\\\/#article\",\"isPartOf\":{\"@id\":\"https:\\\/\\\/www.24gliwice.pl\\\/wiadomosci\\\/ostatnie-wakacyjne-spotkanie-na-wesolo-kabaret-zachodni-na-scenie-centrum-handlowego-forum\\\/\"},\"author\":{\"name\":\"\u017baneta Mrozek-Siewierska\",\"@id\":\"https:\\\/\\\/www.24gliwice.pl\\\/wiadomosci\\\/#\\\/schema\\\/person\\\/e42c650edd7f2fa332be3811fb166b6e\"},\"headline\":\"Ostatnie wakacyjne spotkanie na weso\u0142o. Kabaret Zachodni na scenie centrum handlowego Forum\",\"datePublished\":\"2018-08-28T20:18:59+00:00\",\"mainEntityOfPage\":{\"@id\":\"https:\\\/\\\/www.24gliwice.pl\\\/wiadomosci\\\/ostatnie-wakacyjne-spotkanie-na-wesolo-kabaret-zachodni-na-scenie-centrum-handlowego-forum\\\/\"},\"wordCount\":270,\"commentCount\":0,\"publisher\":{\"@id\":\"https:\\\/\\\/www.24gliwice.pl\\\/wiadomosci\\\/#organization\"},\"image\":{\"@id\":\"https:\\\/\\\/www.24gliwice.pl\\\/wiadomosci\\\/ostatnie-wakacyjne-spotkanie-na-wesolo-kabaret-zachodni-na-scenie-centrum-handlowego-forum\\\/#primaryimage\"},\"thumbnailUrl\":\"https:\\\/\\\/www.24gliwice.pl\\\/wiadomosci\\\/wp-content\\\/uploads\\\/2018\\\/08\\\/1-Kabaret-Zachodni-02-e1535375393735.jpg\",\"keywords\":[\"CENTRUM HANDLOWE\",\"FORUM\",\"KABARET\",\"kabaret zachodni\"],\"articleSection\":[\"Gliwice\",\"Kultura, wydarzenia, imprezy\",\"Najnowsze wiadomo\u015bci\"],\"inLanguage\":\"pl-PL\",\"potentialAction\":[{\"@type\":\"CommentAction\",\"name\":\"Comment\",\"target\":[\"https:\\\/\\\/www.24gliwice.pl\\\/wiadomosci\\\/ostatnie-wakacyjne-spotkanie-na-wesolo-kabaret-zachodni-na-scenie-centrum-handlowego-forum\\\/#respond\"]}]},{\"@type\":\"WebPage\",\"@id\":\"https:\\\/\\\/www.24gliwice.pl\\\/wiadomosci\\\/ostatnie-wakacyjne-spotkanie-na-wesolo-kabaret-zachodni-na-scenie-centrum-handlowego-forum\\\/\",\"url\":\"https:\\\/\\\/www.24gliwice.pl\\\/wiadomosci\\\/ostatnie-wakacyjne-spotkanie-na-wesolo-kabaret-zachodni-na-scenie-centrum-handlowego-forum\\\/\",\"name\":\"Ostatnie wakacyjne spotkanie na weso\u0142o. Kabaret Zachodni na scenie centrum handlowego Forum - 24GLIWICE - Portal Gliwice | codziennie nowe informacje\",\"isPartOf\":{\"@id\":\"https:\\\/\\\/www.24gliwice.pl\\\/wiadomosci\\\/#website\"},\"primaryImageOfPage\":{\"@id\":\"https:\\\/\\\/www.24gliwice.pl\\\/wiadomosci\\\/ostatnie-wakacyjne-spotkanie-na-wesolo-kabaret-zachodni-na-scenie-centrum-handlowego-forum\\\/#primaryimage\"},\"image\":{\"@id\":\"https:\\\/\\\/www.24gliwice.pl\\\/wiadomosci\\\/ostatnie-wakacyjne-spotkanie-na-wesolo-kabaret-zachodni-na-scenie-centrum-handlowego-forum\\\/#primaryimage\"},\"thumbnailUrl\":\"https:\\\/\\\/www.24gliwice.pl\\\/wiadomosci\\\/wp-content\\\/uploads\\\/2018\\\/08\\\/1-Kabaret-Zachodni-02-e1535375393735.jpg\",\"datePublished\":\"2018-08-28T20:18:59+00:00\",\"breadcrumb\":{\"@id\":\"https:\\\/\\\/www.24gliwice.pl\\\/wiadomosci\\\/ostatnie-wakacyjne-spotkanie-na-wesolo-kabaret-zachodni-na-scenie-centrum-handlowego-forum\\\/#breadcrumb\"},\"inLanguage\":\"pl-PL\",\"potentialAction\":[{\"@type\":\"ReadAction\",\"target\":[\"https:\\\/\\\/www.24gliwice.pl\\\/wiadomosci\\\/ostatnie-wakacyjne-spotkanie-na-wesolo-kabaret-zachodni-na-scenie-centrum-handlowego-forum\\\/\"]}]},{\"@type\":\"ImageObject\",\"inLanguage\":\"pl-PL\",\"@id\":\"https:\\\/\\\/www.24gliwice.pl\\\/wiadomosci\\\/ostatnie-wakacyjne-spotkanie-na-wesolo-kabaret-zachodni-na-scenie-centrum-handlowego-forum\\\/#primaryimage\",\"url\":\"https:\\\/\\\/www.24gliwice.pl\\\/wiadomosci\\\/wp-content\\\/uploads\\\/2018\\\/08\\\/1-Kabaret-Zachodni-02-e1535375393735.jpg\",\"contentUrl\":\"https:\\\/\\\/www.24gliwice.pl\\\/wiadomosci\\\/wp-content\\\/uploads\\\/2018\\\/08\\\/1-Kabaret-Zachodni-02-e1535375393735.jpg\",\"width\":810,\"height\":456},{\"@type\":\"BreadcrumbList\",\"@id\":\"https:\\\/\\\/www.24gliwice.pl\\\/wiadomosci\\\/ostatnie-wakacyjne-spotkanie-na-wesolo-kabaret-zachodni-na-scenie-centrum-handlowego-forum\\\/#breadcrumb\",\"itemListElement\":[{\"@type\":\"ListItem\",\"position\":1,\"name\":\"Strona g\u0142\u00f3wna\",\"item\":\"https:\\\/\\\/www.24gliwice.pl\\\/wiadomosci\\\/\"},{\"@type\":\"ListItem\",\"position\":2,\"name\":\"Ostatnie wakacyjne spotkanie na weso\u0142o. Kabaret Zachodni na scenie centrum handlowego Forum\"}]},{\"@type\":\"WebSite\",\"@id\":\"https:\\\/\\\/www.24gliwice.pl\\\/wiadomosci\\\/#website\",\"url\":\"https:\\\/\\\/www.24gliwice.pl\\\/wiadomosci\\\/\",\"name\":\"24GLIWICE - Portal Gliwice | codziennie nowe wiadomo\u015bci\",\"description\":\"Portal Miejski Gliwice\",\"publisher\":{\"@id\":\"https:\\\/\\\/www.24gliwice.pl\\\/wiadomosci\\\/#organization\"},\"potentialAction\":[{\"@type\":\"SearchAction\",\"target\":{\"@type\":\"EntryPoint\",\"urlTemplate\":\"https:\\\/\\\/www.24gliwice.pl\\\/wiadomosci\\\/?s={search_term_string}\"},\"query-input\":{\"@type\":\"PropertyValueSpecification\",\"valueRequired\":true,\"valueName\":\"search_term_string\"}}],\"inLanguage\":\"pl-PL\"},{\"@type\":\"Organization\",\"@id\":\"https:\\\/\\\/www.24gliwice.pl\\\/wiadomosci\\\/#organization\",\"name\":\"24gliwice\",\"url\":\"https:\\\/\\\/www.24gliwice.pl\\\/wiadomosci\\\/\",\"logo\":{\"@type\":\"ImageObject\",\"inLanguage\":\"pl-PL\",\"@id\":\"https:\\\/\\\/www.24gliwice.pl\\\/wiadomosci\\\/#\\\/schema\\\/logo\\\/image\\\/\",\"url\":\"https:\\\/\\\/www.24gliwice.pl\\\/wiadomosci\\\/wp-content\\\/uploads\\\/2024\\\/10\\\/24gliwice-logo-696.jpg\",\"contentUrl\":\"https:\\\/\\\/www.24gliwice.pl\\\/wiadomosci\\\/wp-content\\\/uploads\\\/2024\\\/10\\\/24gliwice-logo-696.jpg\",\"width\":696,\"height\":696,\"caption\":\"24gliwice\"},\"image\":{\"@id\":\"https:\\\/\\\/www.24gliwice.pl\\\/wiadomosci\\\/#\\\/schema\\\/logo\\\/image\\\/\"},\"sameAs\":[\"https:\\\/\\\/www.facebook.com\\\/24gliwice\",\"https:\\\/\\\/x.com\\\/24gliwice\",\"https:\\\/\\\/www.youtube.com\\\/@24gliwice\"]},{\"@type\":\"Person\",\"@id\":\"https:\\\/\\\/www.24gliwice.pl\\\/wiadomosci\\\/#\\\/schema\\\/person\\\/e42c650edd7f2fa332be3811fb166b6e\",\"name\":\"\u017baneta Mrozek-Siewierska\",\"image\":{\"@type\":\"ImageObject\",\"inLanguage\":\"pl-PL\",\"@id\":\"https:\\\/\\\/secure.gravatar.com\\\/avatar\\\/1881429e9c64597c77ad7aef2d0a19be69a3253e57534d16aa15bf3a4d34a0a3?s=96&d=mm&r=g\",\"url\":\"https:\\\/\\\/secure.gravatar.com\\\/avatar\\\/1881429e9c64597c77ad7aef2d0a19be69a3253e57534d16aa15bf3a4d34a0a3?s=96&d=mm&r=g\",\"contentUrl\":\"https:\\\/\\\/secure.gravatar.com\\\/avatar\\\/1881429e9c64597c77ad7aef2d0a19be69a3253e57534d16aa15bf3a4d34a0a3?s=96&d=mm&r=g\",\"caption\":\"\u017baneta Mrozek-Siewierska\"},\"url\":\"https:\\\/\\\/www.24gliwice.pl\\\/wiadomosci\\\/author\\\/zms\\\/\"}]}<\/script>\n<!-- \/ Yoast SEO plugin. -->","yoast_head_json":{"title":"Ostatnie wakacyjne spotkanie na weso\u0142o. Kabaret Zachodni na scenie centrum handlowego Forum - 24GLIWICE - Portal Gliwice | codziennie nowe informacje","robots":{"index":"index","follow":"follow","max-snippet":"max-snippet:-1","max-image-preview":"max-image-preview:large","max-video-preview":"max-video-preview:-1"},"canonical":"https:\/\/www.24gliwice.pl\/wiadomosci\/ostatnie-wakacyjne-spotkanie-na-wesolo-kabaret-zachodni-na-scenie-centrum-handlowego-forum\/","og_locale":"pl_PL","og_type":"article","og_title":"Ostatnie wakacyjne spotkanie na weso\u0142o. Kabaret Zachodni na scenie centrum handlowego Forum - 24GLIWICE - Portal Gliwice | codziennie nowe informacje","og_description":"Centrum handlowe Forum i Kabaret Zachodni zapraszaj\u0105 na lu\u017any i bardzo weso\u0142y pi\u0105tkowy wiecz\u00f3r. Wyst\u0119p jest cz\u0119\u015bci\u0105 ca\u0142omiesi\u0119cznego cyklu \u201eSierpie\u0144 z kabaretami\u201d. Kabaret Zachodni powsta\u0142 prawie wczoraj. To czw\u00f3rka artyst\u00f3w, kt\u00f3rzy kabaretem zacz\u0119li zajmowa\u0107 si\u0119 jeszcze w poprzednim wieku. Dwudziestym \u2013 dla jasno\u015bci. M\u0119\u017cczy\u017ani tworzyli wtedy jako kabaret S\u0142uchajcie, a babeczka wsp\u00f3\u0142tworzy\u0142a formacj\u0119 \u201eBabeczki z [&hellip;]","og_url":"https:\/\/www.24gliwice.pl\/wiadomosci\/ostatnie-wakacyjne-spotkanie-na-wesolo-kabaret-zachodni-na-scenie-centrum-handlowego-forum\/","og_site_name":"24GLIWICE - Portal Gliwice | codziennie nowe informacje","article_publisher":"https:\/\/www.facebook.com\/24gliwice","article_published_time":"2018-08-28T20:18:59+00:00","og_image":[{"width":810,"height":456,"url":"https:\/\/www.24gliwice.pl\/wiadomosci\/wp-content\/uploads\/2018\/08\/1-Kabaret-Zachodni-02-e1535375393735.jpg","type":"image\/jpeg"}],"author":"\u017baneta Mrozek-Siewierska","twitter_card":"summary_large_image","twitter_creator":"@24gliwice","twitter_site":"@24gliwice","twitter_misc":{"Napisane przez":"\u017baneta Mrozek-Siewierska","Szacowany czas czytania":"1 minuta"},"schema":{"@context":"https:\/\/schema.org","@graph":[{"@type":"Article","@id":"https:\/\/www.24gliwice.pl\/wiadomosci\/ostatnie-wakacyjne-spotkanie-na-wesolo-kabaret-zachodni-na-scenie-centrum-handlowego-forum\/#article","isPartOf":{"@id":"https:\/\/www.24gliwice.pl\/wiadomosci\/ostatnie-wakacyjne-spotkanie-na-wesolo-kabaret-zachodni-na-scenie-centrum-handlowego-forum\/"},"author":{"name":"\u017baneta Mrozek-Siewierska","@id":"https:\/\/www.24gliwice.pl\/wiadomosci\/#\/schema\/person\/e42c650edd7f2fa332be3811fb166b6e"},"headline":"Ostatnie wakacyjne spotkanie na weso\u0142o. Kabaret Zachodni na scenie centrum handlowego Forum","datePublished":"2018-08-28T20:18:59+00:00","mainEntityOfPage":{"@id":"https:\/\/www.24gliwice.pl\/wiadomosci\/ostatnie-wakacyjne-spotkanie-na-wesolo-kabaret-zachodni-na-scenie-centrum-handlowego-forum\/"},"wordCount":270,"commentCount":0,"publisher":{"@id":"https:\/\/www.24gliwice.pl\/wiadomosci\/#organization"},"image":{"@id":"https:\/\/www.24gliwice.pl\/wiadomosci\/ostatnie-wakacyjne-spotkanie-na-wesolo-kabaret-zachodni-na-scenie-centrum-handlowego-forum\/#primaryimage"},"thumbnailUrl":"https:\/\/www.24gliwice.pl\/wiadomosci\/wp-content\/uploads\/2018\/08\/1-Kabaret-Zachodni-02-e1535375393735.jpg","keywords":["CENTRUM HANDLOWE","FORUM","KABARET","kabaret zachodni"],"articleSection":["Gliwice","Kultura, wydarzenia, imprezy","Najnowsze wiadomo\u015bci"],"inLanguage":"pl-PL","potentialAction":[{"@type":"CommentAction","name":"Comment","target":["https:\/\/www.24gliwice.pl\/wiadomosci\/ostatnie-wakacyjne-spotkanie-na-wesolo-kabaret-zachodni-na-scenie-centrum-handlowego-forum\/#respond"]}]},{"@type":"WebPage","@id":"https:\/\/www.24gliwice.pl\/wiadomosci\/ostatnie-wakacyjne-spotkanie-na-wesolo-kabaret-zachodni-na-scenie-centrum-handlowego-forum\/","url":"https:\/\/www.24gliwice.pl\/wiadomosci\/ostatnie-wakacyjne-spotkanie-na-wesolo-kabaret-zachodni-na-scenie-centrum-handlowego-forum\/","name":"Ostatnie wakacyjne spotkanie na weso\u0142o. Kabaret Zachodni na scenie centrum handlowego Forum - 24GLIWICE - Portal Gliwice | codziennie nowe informacje","isPartOf":{"@id":"https:\/\/www.24gliwice.pl\/wiadomosci\/#website"},"primaryImageOfPage":{"@id":"https:\/\/www.24gliwice.pl\/wiadomosci\/ostatnie-wakacyjne-spotkanie-na-wesolo-kabaret-zachodni-na-scenie-centrum-handlowego-forum\/#primaryimage"},"image":{"@id":"https:\/\/www.24gliwice.pl\/wiadomosci\/ostatnie-wakacyjne-spotkanie-na-wesolo-kabaret-zachodni-na-scenie-centrum-handlowego-forum\/#primaryimage"},"thumbnailUrl":"https:\/\/www.24gliwice.pl\/wiadomosci\/wp-content\/uploads\/2018\/08\/1-Kabaret-Zachodni-02-e1535375393735.jpg","datePublished":"2018-08-28T20:18:59+00:00","breadcrumb":{"@id":"https:\/\/www.24gliwice.pl\/wiadomosci\/ostatnie-wakacyjne-spotkanie-na-wesolo-kabaret-zachodni-na-scenie-centrum-handlowego-forum\/#breadcrumb"},"inLanguage":"pl-PL","potentialAction":[{"@type":"ReadAction","target":["https:\/\/www.24gliwice.pl\/wiadomosci\/ostatnie-wakacyjne-spotkanie-na-wesolo-kabaret-zachodni-na-scenie-centrum-handlowego-forum\/"]}]},{"@type":"ImageObject","inLanguage":"pl-PL","@id":"https:\/\/www.24gliwice.pl\/wiadomosci\/ostatnie-wakacyjne-spotkanie-na-wesolo-kabaret-zachodni-na-scenie-centrum-handlowego-forum\/#primaryimage","url":"https:\/\/www.24gliwice.pl\/wiadomosci\/wp-content\/uploads\/2018\/08\/1-Kabaret-Zachodni-02-e1535375393735.jpg","contentUrl":"https:\/\/www.24gliwice.pl\/wiadomosci\/wp-content\/uploads\/2018\/08\/1-Kabaret-Zachodni-02-e1535375393735.jpg","width":810,"height":456},{"@type":"BreadcrumbList","@id":"https:\/\/www.24gliwice.pl\/wiadomosci\/ostatnie-wakacyjne-spotkanie-na-wesolo-kabaret-zachodni-na-scenie-centrum-handlowego-forum\/#breadcrumb","itemListElement":[{"@type":"ListItem","position":1,"name":"Strona g\u0142\u00f3wna","item":"https:\/\/www.24gliwice.pl\/wiadomosci\/"},{"@type":"ListItem","position":2,"name":"Ostatnie wakacyjne spotkanie na weso\u0142o. Kabaret Zachodni na scenie centrum handlowego Forum"}]},{"@type":"WebSite","@id":"https:\/\/www.24gliwice.pl\/wiadomosci\/#website","url":"https:\/\/www.24gliwice.pl\/wiadomosci\/","name":"24GLIWICE - Portal Gliwice | codziennie nowe wiadomo\u015bci","description":"Portal Miejski Gliwice","publisher":{"@id":"https:\/\/www.24gliwice.pl\/wiadomosci\/#organization"},"potentialAction":[{"@type":"SearchAction","target":{"@type":"EntryPoint","urlTemplate":"https:\/\/www.24gliwice.pl\/wiadomosci\/?s={search_term_string}"},"query-input":{"@type":"PropertyValueSpecification","valueRequired":true,"valueName":"search_term_string"}}],"inLanguage":"pl-PL"},{"@type":"Organization","@id":"https:\/\/www.24gliwice.pl\/wiadomosci\/#organization","name":"24gliwice","url":"https:\/\/www.24gliwice.pl\/wiadomosci\/","logo":{"@type":"ImageObject","inLanguage":"pl-PL","@id":"https:\/\/www.24gliwice.pl\/wiadomosci\/#\/schema\/logo\/image\/","url":"https:\/\/www.24gliwice.pl\/wiadomosci\/wp-content\/uploads\/2024\/10\/24gliwice-logo-696.jpg","contentUrl":"https:\/\/www.24gliwice.pl\/wiadomosci\/wp-content\/uploads\/2024\/10\/24gliwice-logo-696.jpg","width":696,"height":696,"caption":"24gliwice"},"image":{"@id":"https:\/\/www.24gliwice.pl\/wiadomosci\/#\/schema\/logo\/image\/"},"sameAs":["https:\/\/www.facebook.com\/24gliwice","https:\/\/x.com\/24gliwice","https:\/\/www.youtube.com\/@24gliwice"]},{"@type":"Person","@id":"https:\/\/www.24gliwice.pl\/wiadomosci\/#\/schema\/person\/e42c650edd7f2fa332be3811fb166b6e","name":"\u017baneta Mrozek-Siewierska","image":{"@type":"ImageObject","inLanguage":"pl-PL","@id":"https:\/\/secure.gravatar.com\/avatar\/1881429e9c64597c77ad7aef2d0a19be69a3253e57534d16aa15bf3a4d34a0a3?s=96&d=mm&r=g","url":"https:\/\/secure.gravatar.com\/avatar\/1881429e9c64597c77ad7aef2d0a19be69a3253e57534d16aa15bf3a4d34a0a3?s=96&d=mm&r=g","contentUrl":"https:\/\/secure.gravatar.com\/avatar\/1881429e9c64597c77ad7aef2d0a19be69a3253e57534d16aa15bf3a4d34a0a3?s=96&d=mm&r=g","caption":"\u017baneta Mrozek-Siewierska"},"url":"https:\/\/www.24gliwice.pl\/wiadomosci\/author\/zms\/"}]}},"_links":{"self":[{"href":"https:\/\/www.24gliwice.pl\/wiadomosci\/wp-json\/wp\/v2\/posts\/121838","targetHints":{"allow":["GET"]}}],"collection":[{"href":"https:\/\/www.24gliwice.pl\/wiadomosci\/wp-json\/wp\/v2\/posts"}],"about":[{"href":"https:\/\/www.24gliwice.pl\/wiadomosci\/wp-json\/wp\/v2\/types\/post"}],"author":[{"embeddable":true,"href":"https:\/\/www.24gliwice.pl\/wiadomosci\/wp-json\/wp\/v2\/users\/15"}],"replies":[{"embeddable":true,"href":"https:\/\/www.24gliwice.pl\/wiadomosci\/wp-json\/wp\/v2\/comments?post=121838"}],"version-history":[{"count":0,"href":"https:\/\/www.24gliwice.pl\/wiadomosci\/wp-json\/wp\/v2\/posts\/121838\/revisions"}],"wp:featuredmedia":[{"embeddable":true,"href":"https:\/\/www.24gliwice.pl\/wiadomosci\/wp-json\/wp\/v2\/media\/121947"}],"wp:attachment":[{"href":"https:\/\/www.24gliwice.pl\/wiadomosci\/wp-json\/wp\/v2\/media?parent=121838"}],"wp:term":[{"taxonomy":"category","embeddable":true,"href":"https:\/\/www.24gliwice.pl\/wiadomosci\/wp-json\/wp\/v2\/categories?post=121838"},{"taxonomy":"post_tag","embeddable":true,"href":"https:\/\/www.24gliwice.pl\/wiadomosci\/wp-json\/wp\/v2\/tags?post=121838"}],"curies":[{"name":"wp","href":"https:\/\/api.w.org\/{rel}","templated":true}]}}