{"id":121853,"date":"2018-08-28T11:33:02","date_gmt":"2018-08-28T09:33:02","guid":{"rendered":"https:\/\/www.24gliwice.pl\/wiadomosci\/?p=121853"},"modified":"2018-08-28T11:33:02","modified_gmt":"2018-08-28T09:33:02","slug":"kolejna-akcja-opryskow-przeciwkleszczowych-przez-dwa-dni-lepiej-omijac-tereny-zielone","status":"publish","type":"post","link":"https:\/\/www.24gliwice.pl\/wiadomosci\/kolejna-akcja-opryskow-przeciwkleszczowych-przez-dwa-dni-lepiej-omijac-tereny-zielone\/","title":{"rendered":"Kolejna akcja oprysk\u00f3w przeciwkleszczowych. Przez dwa dni lepiej omija\u0107 tereny zielone"},"content":{"rendered":"<div class=\"gliwi-a6-nad-leadem-artykulow gliwi-entity-placement\" id=\"gliwi-1693573509\"><div class=\"gliwi-adlabel\"><span style=\"font-size: 9px\">REKLAMA<\/span><\/div><div id=\"gliwi-269908363\" style=\"margin-bottom: 25px;margin-left: auto;margin-right: auto;text-align: center;\"><a data-no-instant=\"1\" href=\"https:\/\/dom100.eu\/\" rel=\"noopener\" class=\"a2t-link\" target=\"_blank\" aria-label=\"20260415 DOM100 D\"><img loading=\"lazy\" decoding=\"async\" src=\"https:\/\/www.24gliwice.pl\/wiadomosci\/wp-content\/uploads\/2026\/04\/20260415-DOM100-D.jpg\" alt=\"\"  srcset=\"https:\/\/www.24gliwice.pl\/wiadomosci\/wp-content\/uploads\/2026\/04\/20260415-DOM100-D.jpg 750w, https:\/\/www.24gliwice.pl\/wiadomosci\/wp-content\/uploads\/2026\/04\/20260415-DOM100-D-410x109.jpg 410w\" sizes=\"(max-width: 750px) 100vw, 750px\" class=\"no-lazyload\" width=\"750\" height=\"200\"  style=\"display: inline-block; max-width: 100%; height: auto;\" \/><\/a><\/div><\/div><h3>Na terenie Gliwic 28 sierpnia rozpoczn\u0105 si\u0119 opryski przeciwko kleszczom. Zabiegi obejmuj\u0105 tereny o \u0142\u0105cznej powierzchni 55 hektar\u00f3w, przede wszystkim miejsca w pobli\u017cu park\u00f3w i ziele\u0144c\u00f3w.<\/h3>\n<p>Dezynsekcja prowadzona b\u0119dzie do 29 sierpnia na zlecenie Miejskiego Zarz\u0105du Us\u0142ug Komunalnych. Z uwagi na komfort mieszka\u0144c\u00f3w i w trosce o inne owady, takie jak pszczo\u0142y, substancje kleszczob\u00f3jcze b\u0119d\u0105 rozpylane w godzinach nocnych.<\/p>\n[perfectpullquote align=&#8221;full&#8221; bordertop=&#8221;false&#8221; cite=&#8221;&#8221; link=&#8221;&#8221; color=&#8221;&#8221; class=&#8221;&#8221; size=&#8221;&#8221;]Wykorzystywane preparaty chemiczne s\u0105 pozytywnie zaopiniowane przez SANEPiD i Powiatowy Inspektorat Weterynarii.[\/perfectpullquote]\n<p>Nale\u017cy jednak unika\u0107 przebywania w zasi\u0119gu rozpylanej cieczy podczas wykonywania oprysk\u00f3w i w miar\u0119 mo\u017cliwo\u015bci powstrzyma\u0107 si\u0119 od spacerowania po terenach opryskiwanych do zako\u0144czenia dezynsekcji.<\/p><div class=\"gliwi-a3-w-tresci-artykulow gliwi-entity-placement\" id=\"gliwi-98231919\"><div class=\"gliwi-adlabel\"><span style=\"font-size: 9px\">REKLAMA<\/span><\/div><div id=\"gliwi-3748967349\" style=\"margin-bottom: 30px;margin-left: auto;margin-right: auto;text-align: center;\"><a data-no-instant=\"1\" href=\"https:\/\/ogrodyandersa.pl\/\" rel=\"noopener\" class=\"a2t-link\" target=\"_blank\" aria-label=\"20260415 Ogrody Andersa KUP TERAZ D\"><img loading=\"lazy\" decoding=\"async\" src=\"https:\/\/www.24gliwice.pl\/wiadomosci\/wp-content\/uploads\/2026\/04\/20260415-Ogrody-Andersa-KUP-TERAZ-D.jpg\" alt=\"\"  srcset=\"https:\/\/www.24gliwice.pl\/wiadomosci\/wp-content\/uploads\/2026\/04\/20260415-Ogrody-Andersa-KUP-TERAZ-D.jpg 750w, https:\/\/www.24gliwice.pl\/wiadomosci\/wp-content\/uploads\/2026\/04\/20260415-Ogrody-Andersa-KUP-TERAZ-D-410x109.jpg 410w\" sizes=\"(max-width: 750px) 100vw, 750px\" class=\"no-lazyload\" width=\"750\" height=\"200\"  style=\"display: inline-block; max-width: 100%; height: auto;\" \/><\/a><\/div><\/div>\n<p>(\u017cms)\/UM(mm)<\/p>\n<p>Szczeg\u00f3\u0142owa lista miejsc, gdzie prowadzona by\u0142a poprzednia akcja opryskowa (kliknij aby powi\u0119kszy\u0107).<br \/>\n<a href=\"https:\/\/mzuk.gliwice.pl\/wp-content\/uploads\/2017\/08\/Wykaz_terenow_do_oprysku_przeciw_kleszczom-1-768x686.jpg\" target=\"_blank\" rel=\"noopener\"><img loading=\"lazy\" decoding=\"async\" class=\"aligncenter size-large wp-image-103134\" src=\"http:\/\/www.24gliwice.pl\/wiadomosci\/wp-content\/uploads\/2017\/08\/Wykaz_terenow_do_oprysku_przeciw_kleszczom-1-768x686-509x455.jpg\" alt=\"\" width=\"509\" height=\"455\" srcset=\"https:\/\/www.24gliwice.pl\/wiadomosci\/wp-content\/uploads\/2017\/08\/Wykaz_terenow_do_oprysku_przeciw_kleszczom-1-768x686-509x455.jpg 509w, https:\/\/www.24gliwice.pl\/wiadomosci\/wp-content\/uploads\/2017\/08\/Wykaz_terenow_do_oprysku_przeciw_kleszczom-1-768x686-260x232.jpg 260w, https:\/\/www.24gliwice.pl\/wiadomosci\/wp-content\/uploads\/2017\/08\/Wykaz_terenow_do_oprysku_przeciw_kleszczom-1-768x686.jpg 768w\" sizes=\"auto, (max-width: 509px) 100vw, 509px\" \/><\/a><\/p>\n<div class=\"gliwi-a5-na-koncu-artykulow gliwi-entity-placement\" id=\"gliwi-1214959983\"><div class=\"gliwi-adlabel\"><span style=\"font-size: 9px\">REKLAMA<\/span><\/div><div id=\"gliwi-2787848908\" style=\"margin-left: auto;margin-right: auto;text-align: center;\"><a data-no-instant=\"1\" href=\"https:\/\/www.jasek.pl\/\" rel=\"noopener\" class=\"a2t-link\" target=\"_blank\" aria-label=\"20200401-jasek 600\"><img loading=\"lazy\" decoding=\"async\" src=\"https:\/\/www.24gliwice.pl\/wiadomosci\/wp-content\/uploads\/2020\/04\/20200401-jasek-600.jpg\" alt=\"\"  srcset=\"https:\/\/www.24gliwice.pl\/wiadomosci\/wp-content\/uploads\/2020\/04\/20200401-jasek-600.jpg 600w, https:\/\/www.24gliwice.pl\/wiadomosci\/wp-content\/uploads\/2020\/04\/20200401-jasek-600-410x109.jpg 410w\" sizes=\"(max-width: 600px) 100vw, 600px\" class=\"no-lazyload\" width=\"600\" height=\"160\"  style=\"display: inline-block; max-width: 100%; height: auto;\" \/><\/a><\/div><\/div>","protected":false},"excerpt":{"rendered":"<p>Na terenie Gliwic 28 sierpnia rozpoczn\u0105 si\u0119 opryski przeciwko kleszczom. Zabiegi obejmuj\u0105 tereny o \u0142\u0105cznej powierzchni 55 hektar\u00f3w, przede wszystkim miejsca w pobli\u017cu park\u00f3w i ziele\u0144c\u00f3w. Dezynsekcja prowadzona b\u0119dzie do 29 sierpnia na zlecenie Miejskiego Zarz\u0105du Us\u0142ug Komunalnych. Z uwagi na komfort mieszka\u0144c\u00f3w i w trosce o inne owady, takie jak pszczo\u0142y, substancje kleszczob\u00f3jcze b\u0119d\u0105 [&hellip;]<\/p>\n","protected":false},"author":15,"featured_media":121855,"comment_status":"open","ping_status":"closed","sticky":false,"template":"","format":"standard","meta":{"_monsterinsights_skip_tracking":false,"_monsterinsights_sitenote_active":false,"_monsterinsights_sitenote_note":"","_monsterinsights_sitenote_category":0,"footnotes":"","_links_to":"","_links_to_target":""},"categories":[3,1],"tags":[9181,9180,9732,257,9734,8459],"class_list":["post-121853","post","type-post","status-publish","format-standard","has-post-thumbnail","hentry","category-gliwice","category-wszystko","tag-borelioza","tag-kleszcz","tag-kleszcze","tag-mzuk","tag-opryski-przeciwkleszczowe","tag-sanepid"],"yoast_head":"<!-- This site is optimized with the Yoast SEO plugin v27.5 - https:\/\/yoast.com\/product\/yoast-seo-wordpress\/ -->\n<title>Kolejna akcja oprysk\u00f3w przeciwkleszczowych. Przez dwa dni lepiej omija\u0107 tereny zielone - 24GLIWICE - Portal Gliwice | codziennie nowe informacje<\/title>\n<meta name=\"robots\" content=\"index, follow, max-snippet:-1, max-image-preview:large, max-video-preview:-1\" \/>\n<link rel=\"canonical\" href=\"https:\/\/www.24gliwice.pl\/wiadomosci\/kolejna-akcja-opryskow-przeciwkleszczowych-przez-dwa-dni-lepiej-omijac-tereny-zielone\/\" \/>\n<meta property=\"og:locale\" content=\"pl_PL\" \/>\n<meta property=\"og:type\" content=\"article\" \/>\n<meta property=\"og:title\" content=\"Kolejna akcja oprysk\u00f3w przeciwkleszczowych. Przez dwa dni lepiej omija\u0107 tereny zielone - 24GLIWICE - Portal Gliwice | codziennie nowe informacje\" \/>\n<meta property=\"og:description\" content=\"Na terenie Gliwic 28 sierpnia rozpoczn\u0105 si\u0119 opryski przeciwko kleszczom. Zabiegi obejmuj\u0105 tereny o \u0142\u0105cznej powierzchni 55 hektar\u00f3w, przede wszystkim miejsca w pobli\u017cu park\u00f3w i ziele\u0144c\u00f3w. Dezynsekcja prowadzona b\u0119dzie do 29 sierpnia na zlecenie Miejskiego Zarz\u0105du Us\u0142ug Komunalnych. Z uwagi na komfort mieszka\u0144c\u00f3w i w trosce o inne owady, takie jak pszczo\u0142y, substancje kleszczob\u00f3jcze b\u0119d\u0105 [&hellip;]\" \/>\n<meta property=\"og:url\" content=\"https:\/\/www.24gliwice.pl\/wiadomosci\/kolejna-akcja-opryskow-przeciwkleszczowych-przez-dwa-dni-lepiej-omijac-tereny-zielone\/\" \/>\n<meta property=\"og:site_name\" content=\"24GLIWICE - Portal Gliwice | codziennie nowe informacje\" \/>\n<meta property=\"article:publisher\" content=\"https:\/\/www.facebook.com\/24gliwice\" \/>\n<meta property=\"article:published_time\" content=\"2018-08-28T09:33:02+00:00\" \/>\n<meta property=\"og:image\" content=\"https:\/\/www.24gliwice.pl\/wiadomosci\/wp-content\/uploads\/2018\/08\/kleszcz.jpg\" \/>\n\t<meta property=\"og:image:width\" content=\"960\" \/>\n\t<meta property=\"og:image:height\" content=\"540\" \/>\n\t<meta property=\"og:image:type\" content=\"image\/jpeg\" \/>\n<meta name=\"author\" content=\"\u017baneta Mrozek-Siewierska\" \/>\n<meta name=\"twitter:card\" content=\"summary_large_image\" \/>\n<meta name=\"twitter:creator\" content=\"@24gliwice\" \/>\n<meta name=\"twitter:site\" content=\"@24gliwice\" \/>\n<meta name=\"twitter:label1\" content=\"Napisane przez\" \/>\n\t<meta name=\"twitter:data1\" content=\"\u017baneta Mrozek-Siewierska\" \/>\n\t<meta name=\"twitter:label2\" content=\"Szacowany czas czytania\" \/>\n\t<meta name=\"twitter:data2\" content=\"1 minuta\" \/>\n<script type=\"application\/ld+json\" class=\"yoast-schema-graph\">{\"@context\":\"https:\\\/\\\/schema.org\",\"@graph\":[{\"@type\":\"Article\",\"@id\":\"https:\\\/\\\/www.24gliwice.pl\\\/wiadomosci\\\/kolejna-akcja-opryskow-przeciwkleszczowych-przez-dwa-dni-lepiej-omijac-tereny-zielone\\\/#article\",\"isPartOf\":{\"@id\":\"https:\\\/\\\/www.24gliwice.pl\\\/wiadomosci\\\/kolejna-akcja-opryskow-przeciwkleszczowych-przez-dwa-dni-lepiej-omijac-tereny-zielone\\\/\"},\"author\":{\"name\":\"\u017baneta Mrozek-Siewierska\",\"@id\":\"https:\\\/\\\/www.24gliwice.pl\\\/wiadomosci\\\/#\\\/schema\\\/person\\\/e42c650edd7f2fa332be3811fb166b6e\"},\"headline\":\"Kolejna akcja oprysk\u00f3w przeciwkleszczowych. Przez dwa dni lepiej omija\u0107 tereny zielone\",\"datePublished\":\"2018-08-28T09:33:02+00:00\",\"mainEntityOfPage\":{\"@id\":\"https:\\\/\\\/www.24gliwice.pl\\\/wiadomosci\\\/kolejna-akcja-opryskow-przeciwkleszczowych-przez-dwa-dni-lepiej-omijac-tereny-zielone\\\/\"},\"wordCount\":153,\"commentCount\":0,\"publisher\":{\"@id\":\"https:\\\/\\\/www.24gliwice.pl\\\/wiadomosci\\\/#organization\"},\"image\":{\"@id\":\"https:\\\/\\\/www.24gliwice.pl\\\/wiadomosci\\\/kolejna-akcja-opryskow-przeciwkleszczowych-przez-dwa-dni-lepiej-omijac-tereny-zielone\\\/#primaryimage\"},\"thumbnailUrl\":\"https:\\\/\\\/www.24gliwice.pl\\\/wiadomosci\\\/wp-content\\\/uploads\\\/2018\\\/08\\\/kleszcz.jpg\",\"keywords\":[\"borelioza\",\"kleszcz\",\"kleszcze\",\"MZUK\",\"opryski przeciwkleszczowe\",\"sanepid\"],\"articleSection\":[\"Gliwice\",\"Najnowsze wiadomo\u015bci\"],\"inLanguage\":\"pl-PL\",\"potentialAction\":[{\"@type\":\"CommentAction\",\"name\":\"Comment\",\"target\":[\"https:\\\/\\\/www.24gliwice.pl\\\/wiadomosci\\\/kolejna-akcja-opryskow-przeciwkleszczowych-przez-dwa-dni-lepiej-omijac-tereny-zielone\\\/#respond\"]}]},{\"@type\":\"WebPage\",\"@id\":\"https:\\\/\\\/www.24gliwice.pl\\\/wiadomosci\\\/kolejna-akcja-opryskow-przeciwkleszczowych-przez-dwa-dni-lepiej-omijac-tereny-zielone\\\/\",\"url\":\"https:\\\/\\\/www.24gliwice.pl\\\/wiadomosci\\\/kolejna-akcja-opryskow-przeciwkleszczowych-przez-dwa-dni-lepiej-omijac-tereny-zielone\\\/\",\"name\":\"Kolejna akcja oprysk\u00f3w przeciwkleszczowych. Przez dwa dni lepiej omija\u0107 tereny zielone - 24GLIWICE - Portal Gliwice | codziennie nowe informacje\",\"isPartOf\":{\"@id\":\"https:\\\/\\\/www.24gliwice.pl\\\/wiadomosci\\\/#website\"},\"primaryImageOfPage\":{\"@id\":\"https:\\\/\\\/www.24gliwice.pl\\\/wiadomosci\\\/kolejna-akcja-opryskow-przeciwkleszczowych-przez-dwa-dni-lepiej-omijac-tereny-zielone\\\/#primaryimage\"},\"image\":{\"@id\":\"https:\\\/\\\/www.24gliwice.pl\\\/wiadomosci\\\/kolejna-akcja-opryskow-przeciwkleszczowych-przez-dwa-dni-lepiej-omijac-tereny-zielone\\\/#primaryimage\"},\"thumbnailUrl\":\"https:\\\/\\\/www.24gliwice.pl\\\/wiadomosci\\\/wp-content\\\/uploads\\\/2018\\\/08\\\/kleszcz.jpg\",\"datePublished\":\"2018-08-28T09:33:02+00:00\",\"breadcrumb\":{\"@id\":\"https:\\\/\\\/www.24gliwice.pl\\\/wiadomosci\\\/kolejna-akcja-opryskow-przeciwkleszczowych-przez-dwa-dni-lepiej-omijac-tereny-zielone\\\/#breadcrumb\"},\"inLanguage\":\"pl-PL\",\"potentialAction\":[{\"@type\":\"ReadAction\",\"target\":[\"https:\\\/\\\/www.24gliwice.pl\\\/wiadomosci\\\/kolejna-akcja-opryskow-przeciwkleszczowych-przez-dwa-dni-lepiej-omijac-tereny-zielone\\\/\"]}]},{\"@type\":\"ImageObject\",\"inLanguage\":\"pl-PL\",\"@id\":\"https:\\\/\\\/www.24gliwice.pl\\\/wiadomosci\\\/kolejna-akcja-opryskow-przeciwkleszczowych-przez-dwa-dni-lepiej-omijac-tereny-zielone\\\/#primaryimage\",\"url\":\"https:\\\/\\\/www.24gliwice.pl\\\/wiadomosci\\\/wp-content\\\/uploads\\\/2018\\\/08\\\/kleszcz.jpg\",\"contentUrl\":\"https:\\\/\\\/www.24gliwice.pl\\\/wiadomosci\\\/wp-content\\\/uploads\\\/2018\\\/08\\\/kleszcz.jpg\",\"width\":960,\"height\":540,\"caption\":\"fot. px\"},{\"@type\":\"BreadcrumbList\",\"@id\":\"https:\\\/\\\/www.24gliwice.pl\\\/wiadomosci\\\/kolejna-akcja-opryskow-przeciwkleszczowych-przez-dwa-dni-lepiej-omijac-tereny-zielone\\\/#breadcrumb\",\"itemListElement\":[{\"@type\":\"ListItem\",\"position\":1,\"name\":\"Strona g\u0142\u00f3wna\",\"item\":\"https:\\\/\\\/www.24gliwice.pl\\\/wiadomosci\\\/\"},{\"@type\":\"ListItem\",\"position\":2,\"name\":\"Kolejna akcja oprysk\u00f3w przeciwkleszczowych. Przez dwa dni lepiej omija\u0107 tereny zielone\"}]},{\"@type\":\"WebSite\",\"@id\":\"https:\\\/\\\/www.24gliwice.pl\\\/wiadomosci\\\/#website\",\"url\":\"https:\\\/\\\/www.24gliwice.pl\\\/wiadomosci\\\/\",\"name\":\"24GLIWICE - Portal Gliwice | codziennie nowe wiadomo\u015bci\",\"description\":\"Portal Miejski Gliwice\",\"publisher\":{\"@id\":\"https:\\\/\\\/www.24gliwice.pl\\\/wiadomosci\\\/#organization\"},\"potentialAction\":[{\"@type\":\"SearchAction\",\"target\":{\"@type\":\"EntryPoint\",\"urlTemplate\":\"https:\\\/\\\/www.24gliwice.pl\\\/wiadomosci\\\/?s={search_term_string}\"},\"query-input\":{\"@type\":\"PropertyValueSpecification\",\"valueRequired\":true,\"valueName\":\"search_term_string\"}}],\"inLanguage\":\"pl-PL\"},{\"@type\":\"Organization\",\"@id\":\"https:\\\/\\\/www.24gliwice.pl\\\/wiadomosci\\\/#organization\",\"name\":\"24gliwice\",\"url\":\"https:\\\/\\\/www.24gliwice.pl\\\/wiadomosci\\\/\",\"logo\":{\"@type\":\"ImageObject\",\"inLanguage\":\"pl-PL\",\"@id\":\"https:\\\/\\\/www.24gliwice.pl\\\/wiadomosci\\\/#\\\/schema\\\/logo\\\/image\\\/\",\"url\":\"https:\\\/\\\/www.24gliwice.pl\\\/wiadomosci\\\/wp-content\\\/uploads\\\/2024\\\/10\\\/24gliwice-logo-696.jpg\",\"contentUrl\":\"https:\\\/\\\/www.24gliwice.pl\\\/wiadomosci\\\/wp-content\\\/uploads\\\/2024\\\/10\\\/24gliwice-logo-696.jpg\",\"width\":696,\"height\":696,\"caption\":\"24gliwice\"},\"image\":{\"@id\":\"https:\\\/\\\/www.24gliwice.pl\\\/wiadomosci\\\/#\\\/schema\\\/logo\\\/image\\\/\"},\"sameAs\":[\"https:\\\/\\\/www.facebook.com\\\/24gliwice\",\"https:\\\/\\\/x.com\\\/24gliwice\",\"https:\\\/\\\/www.youtube.com\\\/@24gliwice\"]},{\"@type\":\"Person\",\"@id\":\"https:\\\/\\\/www.24gliwice.pl\\\/wiadomosci\\\/#\\\/schema\\\/person\\\/e42c650edd7f2fa332be3811fb166b6e\",\"name\":\"\u017baneta Mrozek-Siewierska\",\"image\":{\"@type\":\"ImageObject\",\"inLanguage\":\"pl-PL\",\"@id\":\"https:\\\/\\\/secure.gravatar.com\\\/avatar\\\/1881429e9c64597c77ad7aef2d0a19be69a3253e57534d16aa15bf3a4d34a0a3?s=96&d=mm&r=g\",\"url\":\"https:\\\/\\\/secure.gravatar.com\\\/avatar\\\/1881429e9c64597c77ad7aef2d0a19be69a3253e57534d16aa15bf3a4d34a0a3?s=96&d=mm&r=g\",\"contentUrl\":\"https:\\\/\\\/secure.gravatar.com\\\/avatar\\\/1881429e9c64597c77ad7aef2d0a19be69a3253e57534d16aa15bf3a4d34a0a3?s=96&d=mm&r=g\",\"caption\":\"\u017baneta Mrozek-Siewierska\"},\"url\":\"https:\\\/\\\/www.24gliwice.pl\\\/wiadomosci\\\/author\\\/zms\\\/\"}]}<\/script>\n<!-- \/ Yoast SEO plugin. -->","yoast_head_json":{"title":"Kolejna akcja oprysk\u00f3w przeciwkleszczowych. Przez dwa dni lepiej omija\u0107 tereny zielone - 24GLIWICE - Portal Gliwice | codziennie nowe informacje","robots":{"index":"index","follow":"follow","max-snippet":"max-snippet:-1","max-image-preview":"max-image-preview:large","max-video-preview":"max-video-preview:-1"},"canonical":"https:\/\/www.24gliwice.pl\/wiadomosci\/kolejna-akcja-opryskow-przeciwkleszczowych-przez-dwa-dni-lepiej-omijac-tereny-zielone\/","og_locale":"pl_PL","og_type":"article","og_title":"Kolejna akcja oprysk\u00f3w przeciwkleszczowych. Przez dwa dni lepiej omija\u0107 tereny zielone - 24GLIWICE - Portal Gliwice | codziennie nowe informacje","og_description":"Na terenie Gliwic 28 sierpnia rozpoczn\u0105 si\u0119 opryski przeciwko kleszczom. Zabiegi obejmuj\u0105 tereny o \u0142\u0105cznej powierzchni 55 hektar\u00f3w, przede wszystkim miejsca w pobli\u017cu park\u00f3w i ziele\u0144c\u00f3w. Dezynsekcja prowadzona b\u0119dzie do 29 sierpnia na zlecenie Miejskiego Zarz\u0105du Us\u0142ug Komunalnych. Z uwagi na komfort mieszka\u0144c\u00f3w i w trosce o inne owady, takie jak pszczo\u0142y, substancje kleszczob\u00f3jcze b\u0119d\u0105 [&hellip;]","og_url":"https:\/\/www.24gliwice.pl\/wiadomosci\/kolejna-akcja-opryskow-przeciwkleszczowych-przez-dwa-dni-lepiej-omijac-tereny-zielone\/","og_site_name":"24GLIWICE - Portal Gliwice | codziennie nowe informacje","article_publisher":"https:\/\/www.facebook.com\/24gliwice","article_published_time":"2018-08-28T09:33:02+00:00","og_image":[{"width":960,"height":540,"url":"https:\/\/www.24gliwice.pl\/wiadomosci\/wp-content\/uploads\/2018\/08\/kleszcz.jpg","type":"image\/jpeg"}],"author":"\u017baneta Mrozek-Siewierska","twitter_card":"summary_large_image","twitter_creator":"@24gliwice","twitter_site":"@24gliwice","twitter_misc":{"Napisane przez":"\u017baneta Mrozek-Siewierska","Szacowany czas czytania":"1 minuta"},"schema":{"@context":"https:\/\/schema.org","@graph":[{"@type":"Article","@id":"https:\/\/www.24gliwice.pl\/wiadomosci\/kolejna-akcja-opryskow-przeciwkleszczowych-przez-dwa-dni-lepiej-omijac-tereny-zielone\/#article","isPartOf":{"@id":"https:\/\/www.24gliwice.pl\/wiadomosci\/kolejna-akcja-opryskow-przeciwkleszczowych-przez-dwa-dni-lepiej-omijac-tereny-zielone\/"},"author":{"name":"\u017baneta Mrozek-Siewierska","@id":"https:\/\/www.24gliwice.pl\/wiadomosci\/#\/schema\/person\/e42c650edd7f2fa332be3811fb166b6e"},"headline":"Kolejna akcja oprysk\u00f3w przeciwkleszczowych. Przez dwa dni lepiej omija\u0107 tereny zielone","datePublished":"2018-08-28T09:33:02+00:00","mainEntityOfPage":{"@id":"https:\/\/www.24gliwice.pl\/wiadomosci\/kolejna-akcja-opryskow-przeciwkleszczowych-przez-dwa-dni-lepiej-omijac-tereny-zielone\/"},"wordCount":153,"commentCount":0,"publisher":{"@id":"https:\/\/www.24gliwice.pl\/wiadomosci\/#organization"},"image":{"@id":"https:\/\/www.24gliwice.pl\/wiadomosci\/kolejna-akcja-opryskow-przeciwkleszczowych-przez-dwa-dni-lepiej-omijac-tereny-zielone\/#primaryimage"},"thumbnailUrl":"https:\/\/www.24gliwice.pl\/wiadomosci\/wp-content\/uploads\/2018\/08\/kleszcz.jpg","keywords":["borelioza","kleszcz","kleszcze","MZUK","opryski przeciwkleszczowe","sanepid"],"articleSection":["Gliwice","Najnowsze wiadomo\u015bci"],"inLanguage":"pl-PL","potentialAction":[{"@type":"CommentAction","name":"Comment","target":["https:\/\/www.24gliwice.pl\/wiadomosci\/kolejna-akcja-opryskow-przeciwkleszczowych-przez-dwa-dni-lepiej-omijac-tereny-zielone\/#respond"]}]},{"@type":"WebPage","@id":"https:\/\/www.24gliwice.pl\/wiadomosci\/kolejna-akcja-opryskow-przeciwkleszczowych-przez-dwa-dni-lepiej-omijac-tereny-zielone\/","url":"https:\/\/www.24gliwice.pl\/wiadomosci\/kolejna-akcja-opryskow-przeciwkleszczowych-przez-dwa-dni-lepiej-omijac-tereny-zielone\/","name":"Kolejna akcja oprysk\u00f3w przeciwkleszczowych. Przez dwa dni lepiej omija\u0107 tereny zielone - 24GLIWICE - Portal Gliwice | codziennie nowe informacje","isPartOf":{"@id":"https:\/\/www.24gliwice.pl\/wiadomosci\/#website"},"primaryImageOfPage":{"@id":"https:\/\/www.24gliwice.pl\/wiadomosci\/kolejna-akcja-opryskow-przeciwkleszczowych-przez-dwa-dni-lepiej-omijac-tereny-zielone\/#primaryimage"},"image":{"@id":"https:\/\/www.24gliwice.pl\/wiadomosci\/kolejna-akcja-opryskow-przeciwkleszczowych-przez-dwa-dni-lepiej-omijac-tereny-zielone\/#primaryimage"},"thumbnailUrl":"https:\/\/www.24gliwice.pl\/wiadomosci\/wp-content\/uploads\/2018\/08\/kleszcz.jpg","datePublished":"2018-08-28T09:33:02+00:00","breadcrumb":{"@id":"https:\/\/www.24gliwice.pl\/wiadomosci\/kolejna-akcja-opryskow-przeciwkleszczowych-przez-dwa-dni-lepiej-omijac-tereny-zielone\/#breadcrumb"},"inLanguage":"pl-PL","potentialAction":[{"@type":"ReadAction","target":["https:\/\/www.24gliwice.pl\/wiadomosci\/kolejna-akcja-opryskow-przeciwkleszczowych-przez-dwa-dni-lepiej-omijac-tereny-zielone\/"]}]},{"@type":"ImageObject","inLanguage":"pl-PL","@id":"https:\/\/www.24gliwice.pl\/wiadomosci\/kolejna-akcja-opryskow-przeciwkleszczowych-przez-dwa-dni-lepiej-omijac-tereny-zielone\/#primaryimage","url":"https:\/\/www.24gliwice.pl\/wiadomosci\/wp-content\/uploads\/2018\/08\/kleszcz.jpg","contentUrl":"https:\/\/www.24gliwice.pl\/wiadomosci\/wp-content\/uploads\/2018\/08\/kleszcz.jpg","width":960,"height":540,"caption":"fot. px"},{"@type":"BreadcrumbList","@id":"https:\/\/www.24gliwice.pl\/wiadomosci\/kolejna-akcja-opryskow-przeciwkleszczowych-przez-dwa-dni-lepiej-omijac-tereny-zielone\/#breadcrumb","itemListElement":[{"@type":"ListItem","position":1,"name":"Strona g\u0142\u00f3wna","item":"https:\/\/www.24gliwice.pl\/wiadomosci\/"},{"@type":"ListItem","position":2,"name":"Kolejna akcja oprysk\u00f3w przeciwkleszczowych. Przez dwa dni lepiej omija\u0107 tereny zielone"}]},{"@type":"WebSite","@id":"https:\/\/www.24gliwice.pl\/wiadomosci\/#website","url":"https:\/\/www.24gliwice.pl\/wiadomosci\/","name":"24GLIWICE - Portal Gliwice | codziennie nowe wiadomo\u015bci","description":"Portal Miejski Gliwice","publisher":{"@id":"https:\/\/www.24gliwice.pl\/wiadomosci\/#organization"},"potentialAction":[{"@type":"SearchAction","target":{"@type":"EntryPoint","urlTemplate":"https:\/\/www.24gliwice.pl\/wiadomosci\/?s={search_term_string}"},"query-input":{"@type":"PropertyValueSpecification","valueRequired":true,"valueName":"search_term_string"}}],"inLanguage":"pl-PL"},{"@type":"Organization","@id":"https:\/\/www.24gliwice.pl\/wiadomosci\/#organization","name":"24gliwice","url":"https:\/\/www.24gliwice.pl\/wiadomosci\/","logo":{"@type":"ImageObject","inLanguage":"pl-PL","@id":"https:\/\/www.24gliwice.pl\/wiadomosci\/#\/schema\/logo\/image\/","url":"https:\/\/www.24gliwice.pl\/wiadomosci\/wp-content\/uploads\/2024\/10\/24gliwice-logo-696.jpg","contentUrl":"https:\/\/www.24gliwice.pl\/wiadomosci\/wp-content\/uploads\/2024\/10\/24gliwice-logo-696.jpg","width":696,"height":696,"caption":"24gliwice"},"image":{"@id":"https:\/\/www.24gliwice.pl\/wiadomosci\/#\/schema\/logo\/image\/"},"sameAs":["https:\/\/www.facebook.com\/24gliwice","https:\/\/x.com\/24gliwice","https:\/\/www.youtube.com\/@24gliwice"]},{"@type":"Person","@id":"https:\/\/www.24gliwice.pl\/wiadomosci\/#\/schema\/person\/e42c650edd7f2fa332be3811fb166b6e","name":"\u017baneta Mrozek-Siewierska","image":{"@type":"ImageObject","inLanguage":"pl-PL","@id":"https:\/\/secure.gravatar.com\/avatar\/1881429e9c64597c77ad7aef2d0a19be69a3253e57534d16aa15bf3a4d34a0a3?s=96&d=mm&r=g","url":"https:\/\/secure.gravatar.com\/avatar\/1881429e9c64597c77ad7aef2d0a19be69a3253e57534d16aa15bf3a4d34a0a3?s=96&d=mm&r=g","contentUrl":"https:\/\/secure.gravatar.com\/avatar\/1881429e9c64597c77ad7aef2d0a19be69a3253e57534d16aa15bf3a4d34a0a3?s=96&d=mm&r=g","caption":"\u017baneta Mrozek-Siewierska"},"url":"https:\/\/www.24gliwice.pl\/wiadomosci\/author\/zms\/"}]}},"_links":{"self":[{"href":"https:\/\/www.24gliwice.pl\/wiadomosci\/wp-json\/wp\/v2\/posts\/121853","targetHints":{"allow":["GET"]}}],"collection":[{"href":"https:\/\/www.24gliwice.pl\/wiadomosci\/wp-json\/wp\/v2\/posts"}],"about":[{"href":"https:\/\/www.24gliwice.pl\/wiadomosci\/wp-json\/wp\/v2\/types\/post"}],"author":[{"embeddable":true,"href":"https:\/\/www.24gliwice.pl\/wiadomosci\/wp-json\/wp\/v2\/users\/15"}],"replies":[{"embeddable":true,"href":"https:\/\/www.24gliwice.pl\/wiadomosci\/wp-json\/wp\/v2\/comments?post=121853"}],"version-history":[{"count":0,"href":"https:\/\/www.24gliwice.pl\/wiadomosci\/wp-json\/wp\/v2\/posts\/121853\/revisions"}],"wp:featuredmedia":[{"embeddable":true,"href":"https:\/\/www.24gliwice.pl\/wiadomosci\/wp-json\/wp\/v2\/media\/121855"}],"wp:attachment":[{"href":"https:\/\/www.24gliwice.pl\/wiadomosci\/wp-json\/wp\/v2\/media?parent=121853"}],"wp:term":[{"taxonomy":"category","embeddable":true,"href":"https:\/\/www.24gliwice.pl\/wiadomosci\/wp-json\/wp\/v2\/categories?post=121853"},{"taxonomy":"post_tag","embeddable":true,"href":"https:\/\/www.24gliwice.pl\/wiadomosci\/wp-json\/wp\/v2\/tags?post=121853"}],"curies":[{"name":"wp","href":"https:\/\/api.w.org\/{rel}","templated":true}]}}