{"id":121894,"date":"2018-08-29T13:20:34","date_gmt":"2018-08-29T11:20:34","guid":{"rendered":"https:\/\/www.24gliwice.pl\/wiadomosci\/?p=121894"},"modified":"2018-08-29T13:21:12","modified_gmt":"2018-08-29T11:21:12","slug":"w-gliwicach-ubywa-samochodow","status":"publish","type":"post","link":"https:\/\/www.24gliwice.pl\/wiadomosci\/w-gliwicach-ubywa-samochodow\/","title":{"rendered":"W Gliwicach ubywa samochod\u00f3w? Wg danych spadek jest wyra\u017any, ale na ulicach tego nie wida\u0107"},"content":{"rendered":"<div class=\"gliwi-a6-nad-leadem-artykulow gliwi-entity-placement\" id=\"gliwi-3257670697\"><div class=\"gliwi-adlabel\"><span style=\"font-size: 9px\">REKLAMA<\/span><\/div><div id=\"gliwi-1889222304\" style=\"margin-bottom: 30px;margin-left: auto;margin-right: auto;text-align: center;\"><a data-no-instant=\"1\" href=\"https:\/\/przedszkole.halogen.org.pl\/\" rel=\"noopener\" class=\"a2t-link\" target=\"_blank\" aria-label=\"20260402-ANIMATOR-przedszkole_grafika_750x200\"><img loading=\"lazy\" decoding=\"async\" src=\"https:\/\/www.24gliwice.pl\/wiadomosci\/wp-content\/uploads\/2026\/04\/20260402-ANIMATOR-przedszkole_grafika_750x200.webp\" alt=\"\"  srcset=\"https:\/\/www.24gliwice.pl\/wiadomosci\/wp-content\/uploads\/2026\/04\/20260402-ANIMATOR-przedszkole_grafika_750x200.webp 750w, https:\/\/www.24gliwice.pl\/wiadomosci\/wp-content\/uploads\/2026\/04\/20260402-ANIMATOR-przedszkole_grafika_750x200-410x109.webp 410w\" sizes=\"(max-width: 750px) 100vw, 750px\" class=\"no-lazyload\" width=\"750\" height=\"200\"  style=\"display: inline-block; max-width: 100%; height: auto;\" \/><\/a><\/div><\/div><h3>Gliwice od lat nale\u017c\u0105 do miast o wyj\u0105tkowo du\u017cym nasyceniu samochod\u00f3w przypadaj\u0105cych na jednego mieszka\u0144ca. W mie\u015bcie zarejestrowanych jest 141 tysi\u0119cy samochod\u00f3w, w tym 109 tysi\u0119cy to osob\u00f3wki.<\/h3>\n<p> Co ciekawe, samochod\u00f3w osobowych jest mniej ni\u017c w latach poprzednich. Wiele wskazuje na to, \u017ce za t\u0105 zmian\u0105 stoi jednak nie zmiana nastawienia gliwiczan do czterech k\u00f3\u0142ek, ale reorganizacja systemu informatycznego wykorzystywanego do rejestracji pojazd\u00f3w i przej\u0119cie administracji przez Ministerstwo Cyfryzacji. <\/p>\n<p><H4>NOWY REJESTR, MNIEJ OSOB\u00d3WEK<\/H4><\/p>\n<p>Wed\u0142ug danych przekazanych przez Wydzia\u0142 Komunikacji Ministerstwa Cyfryzacji, w Gliwicach pod koniec 2017 roku zarejestrowanych by\u0142o dok\u0142adnie 109 502 samochod\u00f3w osobowych. W 2016 i 2015 roku by\u0142o to odpowiednio 115 i 110 tysi\u0119cy. <\/p><div class=\"gliwi-a3-w-tresci-artykulow gliwi-entity-placement\" id=\"gliwi-185809850\"><div class=\"gliwi-adlabel\"><span style=\"font-size: 9px\">REKLAMA<\/span><\/div><div id=\"gliwi-1604372887\" style=\"margin-bottom: 30px;margin-left: auto;margin-right: auto;text-align: center;\"><a data-no-instant=\"1\" href=\"https:\/\/zlobek.halogen.org.pl\/\" rel=\"noopener\" class=\"a2t-link\" target=\"_blank\" aria-label=\"animator-zlobek_750x200\"><img loading=\"lazy\" decoding=\"async\" src=\"https:\/\/www.24gliwice.pl\/wiadomosci\/wp-content\/uploads\/2026\/02\/animator-zlobek_750x200.webp\" alt=\"\"  srcset=\"https:\/\/www.24gliwice.pl\/wiadomosci\/wp-content\/uploads\/2026\/02\/animator-zlobek_750x200.webp 750w, https:\/\/www.24gliwice.pl\/wiadomosci\/wp-content\/uploads\/2026\/02\/animator-zlobek_750x200-410x109.webp 410w\" sizes=\"(max-width: 750px) 100vw, 750px\" class=\"no-lazyload\" width=\"750\" height=\"200\"  style=\"display: inline-block; max-width: 100%; height: auto;\" \/><\/a><\/div><\/div>\n<blockquote><p>&#8211; Zmiany mo\u017cna wyt\u0142umaczy\u0107 dwoma przyczynami: przej\u0119ciem baz danych przez Ministra Cyfryzacji i bie\u017c\u0105cym wyrejestrowywaniem przez organy rejestruj\u0105ce pojazd\u00f3w kt\u00f3re uby\u0142y za granic\u0119 oraz pojazd\u00f3w, kt\u00f3re zosta\u0142y wyz\u0142omowane przez w\u0142a\u015bcicieli i o fakcie tym poinformowa\u0142a organ stacja demonta\u017cu<\/p><\/blockquote>\n<p> &#8211; t\u0142umaczy <strong>Beata Szczepankiewicz<\/strong>, naczelnik Wydzia\u0142u Komunikacji Urz\u0119du Miejskiego w Gliwicach. &#8211; Takie dzia\u0142anie pozwala na &#8220;usuwanie&#8221; z systemu tzw. &#8220;martwych dusz&#8221; &#8211; czyli pojazd\u00f3w, kt\u00f3re dawno zosta\u0142y przez w\u0142a\u015bcicieli wyz\u0142omowane lub sprzedane poza granice RP (lub obcokrajowcom), ale w\u0142a\u015bciciele nie dope\u0142nili obowi\u0105zku zg\u0142oszenia tego faktu we w\u0142a\u015bciwym urz\u0119dzie &#8211; dodaje.<\/p>\n<p><img loading=\"lazy\" decoding=\"async\" src=\"https:\/\/www.24gliwice.pl\/wiadomosci\/wp-content\/uploads\/2018\/08\/1-samochody-810x411.jpg\" alt=\"\" width=\"810\" height=\"411\" class=\"aligncenter size-large wp-image-121976\" srcset=\"https:\/\/www.24gliwice.pl\/wiadomosci\/wp-content\/uploads\/2018\/08\/1-samochody-810x411.jpg 810w, https:\/\/www.24gliwice.pl\/wiadomosci\/wp-content\/uploads\/2018\/08\/1-samochody-410x208.jpg 410w, https:\/\/www.24gliwice.pl\/wiadomosci\/wp-content\/uploads\/2018\/08\/1-samochody-768x389.jpg 768w, https:\/\/www.24gliwice.pl\/wiadomosci\/wp-content\/uploads\/2018\/08\/1-samochody.jpg 1000w\" sizes=\"auto, (max-width: 810px) 100vw, 810px\" \/><\/p>\n<p>Opr\u00f3cz nowego porz\u0105dku w rejestrach, ze spadkiem liczby osob\u00f3wek w mie\u015bcie, mo\u017ce i\u015b\u0107 tak\u017ce post\u0119puj\u0105ce wyludnianie si\u0119 Gliwic. W ci\u0105gu ostatnich trzech lat miastu uby\u0142o ok. 8,5 tysi\u0105ca mieszka\u0144c\u00f3w. Nie zmienia to faktu, \u017ce liczba samochod\u00f3w na 1000 mieszka\u0144c\u00f3w wynosi ponad 600, co plasuje nas w krajowej czo\u0142\u00f3wce, tu\u017c obok Warszawy.<\/p>\n<h4>CZYM JE\u0179DZIMY?<\/h4>\n<p>Gdy ministerialne statystyki rozbijemy na cz\u0119\u015bci pierwsze, otrzymane dane mog\u0105 zaniepokoi\u0107. Zw\u0142aszcza zatroskanych bezpiecze\u0144stwem na drogach i stanem \u015brodowiska. Dominuj\u0105c\u0105 grup\u0119 osob\u00f3wek stanowi\u0105 bowiem samochody z ponad 12 letnim sta\u017cem na drogach. Jest ich a\u017c 53 831, w tym ponad 6 tysi\u0119cy powy\u017cej&#8230; 26 lat. Na przeciwleg\u0142ym biegunie znajduj\u0105 si\u0119 samochody nowe. Co ciekawe, w ostatnich dw\u00f3ch latach ich liczba w Gliwicach ro\u015bnie. W 2017 roku zarejestrowano 3879 samochody, a dwa lata wcze\u015bniej tylko 2852. Najszerzej reprezentowan\u0105 grup\u0105 pojazd\u00f3w s\u0105 te w wieku od 16 do 20 lat (20493 pojazdy). <\/p>\n<p>Jakie paliwo wybieraj\u0105 gliwiczanie? Ponad 54 tysi\u0105ce osob\u00f3wek nap\u0119dzanych jest benzyn\u0105, 28 tysi\u0119cy olejem nap\u0119dowym, a 12 tysi\u0119cy posiada instalacj\u0119 gazow\u0105. Z ciekawostek warto odnotowa\u0107, \u017ce <strong>po Gliwicach je\u017adzi 109 pojazd\u00f3w elektrycznych<\/strong>, a 204 samochody posiadaj\u0105 status pojazd\u00f3w zabytkowych.<\/p>\n<p><img loading=\"lazy\" decoding=\"async\" src=\"https:\/\/www.24gliwice.pl\/wiadomosci\/wp-content\/uploads\/2018\/08\/1-samochody-elektryczne-810x450.jpg\" alt=\"\" width=\"810\" height=\"450\" class=\"aligncenter size-large wp-image-121975\" srcset=\"https:\/\/www.24gliwice.pl\/wiadomosci\/wp-content\/uploads\/2018\/08\/1-samochody-elektryczne-810x450.jpg 810w, https:\/\/www.24gliwice.pl\/wiadomosci\/wp-content\/uploads\/2018\/08\/1-samochody-elektryczne-410x228.jpg 410w, https:\/\/www.24gliwice.pl\/wiadomosci\/wp-content\/uploads\/2018\/08\/1-samochody-elektryczne-768x427.jpg 768w, https:\/\/www.24gliwice.pl\/wiadomosci\/wp-content\/uploads\/2018\/08\/1-samochody-elektryczne.jpg 1000w\" sizes=\"auto, (max-width: 810px) 100vw, 810px\" \/><\/p>\n<h4>MARKI EKSKLUZYWNE &#8211; OD JAGUARA PO FERRARI<\/h4>\n<p>Zapewne z w\u0142asnych obserwacji wiemy, \u017ce na gliwickich drogach pojawiaj\u0105 si\u0119 motoryzacyjne pere\u0142ki. Dla porz\u0105dku nale\u017cy odnotowa\u0107, \u017ce w mie\u015bcie zarejestrowane s\u0105 dwa lamborghini, dwa bentleye i jedno ferrari. Poza tym po ulicach je\u017cd\u017c\u0105 jaguary, porsche (obie marki po ponad 70 sztuk) czy maserati.<br \/>\n(msz)<\/p>\n<div class=\"gliwi-a5-na-koncu-artykulow gliwi-entity-placement\" id=\"gliwi-4089343533\"><div class=\"gliwi-adlabel\"><span style=\"font-size: 9px\">REKLAMA<\/span><\/div><div id=\"gliwi-2921853453\" style=\"margin-left: auto;margin-right: auto;text-align: center;\"><a data-no-instant=\"1\" href=\"https:\/\/www.jasek.pl\/\" rel=\"noopener\" class=\"a2t-link\" target=\"_blank\" aria-label=\"20200401-jasek 600\"><img loading=\"lazy\" decoding=\"async\" src=\"https:\/\/www.24gliwice.pl\/wiadomosci\/wp-content\/uploads\/2020\/04\/20200401-jasek-600.jpg\" alt=\"\"  srcset=\"https:\/\/www.24gliwice.pl\/wiadomosci\/wp-content\/uploads\/2020\/04\/20200401-jasek-600.jpg 600w, https:\/\/www.24gliwice.pl\/wiadomosci\/wp-content\/uploads\/2020\/04\/20200401-jasek-600-410x109.jpg 410w\" sizes=\"(max-width: 600px) 100vw, 600px\" class=\"no-lazyload\" width=\"600\" height=\"160\"  style=\"display: inline-block; max-width: 100%; height: auto;\" \/><\/a><\/div><\/div>","protected":false},"excerpt":{"rendered":"<p>Gliwice od lat nale\u017c\u0105 do miast o wyj\u0105tkowo du\u017cym nasyceniu samochod\u00f3w przypadaj\u0105cych na jednego mieszka\u0144ca. W mie\u015bcie zarejestrowanych jest 141 tysi\u0119cy samochod\u00f3w, w tym 109 tysi\u0119cy to osob\u00f3wki. Co ciekawe, samochod\u00f3w osobowych jest mniej ni\u017c w latach poprzednich. Wiele wskazuje na to, \u017ce za t\u0105 zmian\u0105 stoi jednak nie zmiana nastawienia gliwiczan do czterech k\u00f3\u0142ek, [&hellip;]<\/p>\n","protected":false},"author":12,"featured_media":121895,"comment_status":"open","ping_status":"closed","sticky":false,"template":"","format":"standard","meta":{"_monsterinsights_skip_tracking":false,"_monsterinsights_sitenote_active":false,"_monsterinsights_sitenote_note":"","_monsterinsights_sitenote_category":0,"footnotes":"","_links_to":"","_links_to_target":""},"categories":[3,1,9],"tags":[11838,9087,7738,9304],"class_list":["post-121894","post","type-post","status-publish","format-standard","has-post-thumbnail","hentry","category-gliwice","category-wszystko","category-aktualnosci_lokalne","tag-cepik","tag-rejestracja","tag-samochody","tag-statystyki"],"yoast_head":"<!-- This site is optimized with the Yoast SEO plugin v27.5 - https:\/\/yoast.com\/product\/yoast-seo-wordpress\/ -->\n<title>W Gliwicach ubywa samochod\u00f3w? Wg danych spadek jest wyra\u017any, ale na ulicach tego nie wida\u0107 - 24GLIWICE - Portal Gliwice | codziennie nowe informacje<\/title>\n<meta name=\"robots\" content=\"index, follow, max-snippet:-1, max-image-preview:large, max-video-preview:-1\" \/>\n<link rel=\"canonical\" href=\"https:\/\/www.24gliwice.pl\/wiadomosci\/w-gliwicach-ubywa-samochodow\/\" \/>\n<meta property=\"og:locale\" content=\"pl_PL\" \/>\n<meta property=\"og:type\" content=\"article\" \/>\n<meta property=\"og:title\" content=\"W Gliwicach ubywa samochod\u00f3w? Wg danych spadek jest wyra\u017any, ale na ulicach tego nie wida\u0107 - 24GLIWICE - Portal Gliwice | codziennie nowe informacje\" \/>\n<meta property=\"og:description\" content=\"Gliwice od lat nale\u017c\u0105 do miast o wyj\u0105tkowo du\u017cym nasyceniu samochod\u00f3w przypadaj\u0105cych na jednego mieszka\u0144ca. W mie\u015bcie zarejestrowanych jest 141 tysi\u0119cy samochod\u00f3w, w tym 109 tysi\u0119cy to osob\u00f3wki. Co ciekawe, samochod\u00f3w osobowych jest mniej ni\u017c w latach poprzednich. Wiele wskazuje na to, \u017ce za t\u0105 zmian\u0105 stoi jednak nie zmiana nastawienia gliwiczan do czterech k\u00f3\u0142ek, [&hellip;]\" \/>\n<meta property=\"og:url\" content=\"https:\/\/www.24gliwice.pl\/wiadomosci\/w-gliwicach-ubywa-samochodow\/\" \/>\n<meta property=\"og:site_name\" content=\"24GLIWICE - Portal Gliwice | codziennie nowe informacje\" \/>\n<meta property=\"article:publisher\" content=\"https:\/\/www.facebook.com\/24gliwice\" \/>\n<meta property=\"article:published_time\" content=\"2018-08-29T11:20:34+00:00\" \/>\n<meta property=\"article:modified_time\" content=\"2018-08-29T11:21:12+00:00\" \/>\n<meta property=\"og:image\" content=\"https:\/\/www.24gliwice.pl\/wiadomosci\/wp-content\/uploads\/2018\/08\/samochody.jpg\" \/>\n\t<meta property=\"og:image:width\" content=\"1200\" \/>\n\t<meta property=\"og:image:height\" content=\"675\" \/>\n\t<meta property=\"og:image:type\" content=\"image\/jpeg\" \/>\n<meta name=\"author\" content=\"Micha\u0142 Szewczyk\" \/>\n<meta name=\"twitter:card\" content=\"summary_large_image\" \/>\n<meta name=\"twitter:creator\" content=\"@24gliwice\" \/>\n<meta name=\"twitter:site\" content=\"@24gliwice\" \/>\n<meta name=\"twitter:label1\" content=\"Napisane przez\" \/>\n\t<meta name=\"twitter:data1\" content=\"Micha\u0142 Szewczyk\" \/>\n\t<meta name=\"twitter:label2\" content=\"Szacowany czas czytania\" \/>\n\t<meta name=\"twitter:data2\" content=\"3 minuty\" \/>\n<script type=\"application\/ld+json\" class=\"yoast-schema-graph\">{\"@context\":\"https:\\\/\\\/schema.org\",\"@graph\":[{\"@type\":\"Article\",\"@id\":\"https:\\\/\\\/www.24gliwice.pl\\\/wiadomosci\\\/w-gliwicach-ubywa-samochodow\\\/#article\",\"isPartOf\":{\"@id\":\"https:\\\/\\\/www.24gliwice.pl\\\/wiadomosci\\\/w-gliwicach-ubywa-samochodow\\\/\"},\"author\":{\"name\":\"Micha\u0142 Szewczyk\",\"@id\":\"https:\\\/\\\/www.24gliwice.pl\\\/wiadomosci\\\/#\\\/schema\\\/person\\\/940e8f8a097e322de4f463f061ef8d45\"},\"headline\":\"W Gliwicach ubywa samochod\u00f3w? Wg danych spadek jest wyra\u017any, ale na ulicach tego nie wida\u0107\",\"datePublished\":\"2018-08-29T11:20:34+00:00\",\"dateModified\":\"2018-08-29T11:21:12+00:00\",\"mainEntityOfPage\":{\"@id\":\"https:\\\/\\\/www.24gliwice.pl\\\/wiadomosci\\\/w-gliwicach-ubywa-samochodow\\\/\"},\"wordCount\":518,\"commentCount\":0,\"publisher\":{\"@id\":\"https:\\\/\\\/www.24gliwice.pl\\\/wiadomosci\\\/#organization\"},\"image\":{\"@id\":\"https:\\\/\\\/www.24gliwice.pl\\\/wiadomosci\\\/w-gliwicach-ubywa-samochodow\\\/#primaryimage\"},\"thumbnailUrl\":\"https:\\\/\\\/www.24gliwice.pl\\\/wiadomosci\\\/wp-content\\\/uploads\\\/2018\\\/08\\\/samochody.jpg\",\"keywords\":[\"cepik\",\"rejestracja\",\"SAMOCHODY\",\"statystyki\"],\"articleSection\":[\"Gliwice\",\"Najnowsze wiadomo\u015bci\",\"Portal Gliwice - Wiadomo\u015bci lokalne\"],\"inLanguage\":\"pl-PL\",\"potentialAction\":[{\"@type\":\"CommentAction\",\"name\":\"Comment\",\"target\":[\"https:\\\/\\\/www.24gliwice.pl\\\/wiadomosci\\\/w-gliwicach-ubywa-samochodow\\\/#respond\"]}]},{\"@type\":\"WebPage\",\"@id\":\"https:\\\/\\\/www.24gliwice.pl\\\/wiadomosci\\\/w-gliwicach-ubywa-samochodow\\\/\",\"url\":\"https:\\\/\\\/www.24gliwice.pl\\\/wiadomosci\\\/w-gliwicach-ubywa-samochodow\\\/\",\"name\":\"W Gliwicach ubywa samochod\u00f3w? Wg danych spadek jest wyra\u017any, ale na ulicach tego nie wida\u0107 - 24GLIWICE - Portal Gliwice | codziennie nowe informacje\",\"isPartOf\":{\"@id\":\"https:\\\/\\\/www.24gliwice.pl\\\/wiadomosci\\\/#website\"},\"primaryImageOfPage\":{\"@id\":\"https:\\\/\\\/www.24gliwice.pl\\\/wiadomosci\\\/w-gliwicach-ubywa-samochodow\\\/#primaryimage\"},\"image\":{\"@id\":\"https:\\\/\\\/www.24gliwice.pl\\\/wiadomosci\\\/w-gliwicach-ubywa-samochodow\\\/#primaryimage\"},\"thumbnailUrl\":\"https:\\\/\\\/www.24gliwice.pl\\\/wiadomosci\\\/wp-content\\\/uploads\\\/2018\\\/08\\\/samochody.jpg\",\"datePublished\":\"2018-08-29T11:20:34+00:00\",\"dateModified\":\"2018-08-29T11:21:12+00:00\",\"breadcrumb\":{\"@id\":\"https:\\\/\\\/www.24gliwice.pl\\\/wiadomosci\\\/w-gliwicach-ubywa-samochodow\\\/#breadcrumb\"},\"inLanguage\":\"pl-PL\",\"potentialAction\":[{\"@type\":\"ReadAction\",\"target\":[\"https:\\\/\\\/www.24gliwice.pl\\\/wiadomosci\\\/w-gliwicach-ubywa-samochodow\\\/\"]}]},{\"@type\":\"ImageObject\",\"inLanguage\":\"pl-PL\",\"@id\":\"https:\\\/\\\/www.24gliwice.pl\\\/wiadomosci\\\/w-gliwicach-ubywa-samochodow\\\/#primaryimage\",\"url\":\"https:\\\/\\\/www.24gliwice.pl\\\/wiadomosci\\\/wp-content\\\/uploads\\\/2018\\\/08\\\/samochody.jpg\",\"contentUrl\":\"https:\\\/\\\/www.24gliwice.pl\\\/wiadomosci\\\/wp-content\\\/uploads\\\/2018\\\/08\\\/samochody.jpg\",\"width\":1200,\"height\":675},{\"@type\":\"BreadcrumbList\",\"@id\":\"https:\\\/\\\/www.24gliwice.pl\\\/wiadomosci\\\/w-gliwicach-ubywa-samochodow\\\/#breadcrumb\",\"itemListElement\":[{\"@type\":\"ListItem\",\"position\":1,\"name\":\"Strona g\u0142\u00f3wna\",\"item\":\"https:\\\/\\\/www.24gliwice.pl\\\/wiadomosci\\\/\"},{\"@type\":\"ListItem\",\"position\":2,\"name\":\"W Gliwicach ubywa samochod\u00f3w? Wg danych spadek jest wyra\u017any, ale na ulicach tego nie wida\u0107\"}]},{\"@type\":\"WebSite\",\"@id\":\"https:\\\/\\\/www.24gliwice.pl\\\/wiadomosci\\\/#website\",\"url\":\"https:\\\/\\\/www.24gliwice.pl\\\/wiadomosci\\\/\",\"name\":\"24GLIWICE - Portal Gliwice | codziennie nowe wiadomo\u015bci\",\"description\":\"Portal Miejski Gliwice\",\"publisher\":{\"@id\":\"https:\\\/\\\/www.24gliwice.pl\\\/wiadomosci\\\/#organization\"},\"potentialAction\":[{\"@type\":\"SearchAction\",\"target\":{\"@type\":\"EntryPoint\",\"urlTemplate\":\"https:\\\/\\\/www.24gliwice.pl\\\/wiadomosci\\\/?s={search_term_string}\"},\"query-input\":{\"@type\":\"PropertyValueSpecification\",\"valueRequired\":true,\"valueName\":\"search_term_string\"}}],\"inLanguage\":\"pl-PL\"},{\"@type\":\"Organization\",\"@id\":\"https:\\\/\\\/www.24gliwice.pl\\\/wiadomosci\\\/#organization\",\"name\":\"24gliwice\",\"url\":\"https:\\\/\\\/www.24gliwice.pl\\\/wiadomosci\\\/\",\"logo\":{\"@type\":\"ImageObject\",\"inLanguage\":\"pl-PL\",\"@id\":\"https:\\\/\\\/www.24gliwice.pl\\\/wiadomosci\\\/#\\\/schema\\\/logo\\\/image\\\/\",\"url\":\"https:\\\/\\\/www.24gliwice.pl\\\/wiadomosci\\\/wp-content\\\/uploads\\\/2024\\\/10\\\/24gliwice-logo-696.jpg\",\"contentUrl\":\"https:\\\/\\\/www.24gliwice.pl\\\/wiadomosci\\\/wp-content\\\/uploads\\\/2024\\\/10\\\/24gliwice-logo-696.jpg\",\"width\":696,\"height\":696,\"caption\":\"24gliwice\"},\"image\":{\"@id\":\"https:\\\/\\\/www.24gliwice.pl\\\/wiadomosci\\\/#\\\/schema\\\/logo\\\/image\\\/\"},\"sameAs\":[\"https:\\\/\\\/www.facebook.com\\\/24gliwice\",\"https:\\\/\\\/x.com\\\/24gliwice\",\"https:\\\/\\\/www.youtube.com\\\/@24gliwice\"]},{\"@type\":\"Person\",\"@id\":\"https:\\\/\\\/www.24gliwice.pl\\\/wiadomosci\\\/#\\\/schema\\\/person\\\/940e8f8a097e322de4f463f061ef8d45\",\"name\":\"Micha\u0142 Szewczyk\",\"image\":{\"@type\":\"ImageObject\",\"inLanguage\":\"pl-PL\",\"@id\":\"https:\\\/\\\/secure.gravatar.com\\\/avatar\\\/771b8b6c74cd8d255e46392d605e01a86133900ef09b6ef3c8d451c9d92288cf?s=96&d=mm&r=g\",\"url\":\"https:\\\/\\\/secure.gravatar.com\\\/avatar\\\/771b8b6c74cd8d255e46392d605e01a86133900ef09b6ef3c8d451c9d92288cf?s=96&d=mm&r=g\",\"contentUrl\":\"https:\\\/\\\/secure.gravatar.com\\\/avatar\\\/771b8b6c74cd8d255e46392d605e01a86133900ef09b6ef3c8d451c9d92288cf?s=96&d=mm&r=g\",\"caption\":\"Micha\u0142 Szewczyk\"},\"sameAs\":[\"http:\\\/\\\/www.gazeta-miejska.pl\"],\"url\":\"https:\\\/\\\/www.24gliwice.pl\\\/wiadomosci\\\/author\\\/michal-szewczyk\\\/\"}]}<\/script>\n<!-- \/ Yoast SEO plugin. -->","yoast_head_json":{"title":"W Gliwicach ubywa samochod\u00f3w? Wg danych spadek jest wyra\u017any, ale na ulicach tego nie wida\u0107 - 24GLIWICE - Portal Gliwice | codziennie nowe informacje","robots":{"index":"index","follow":"follow","max-snippet":"max-snippet:-1","max-image-preview":"max-image-preview:large","max-video-preview":"max-video-preview:-1"},"canonical":"https:\/\/www.24gliwice.pl\/wiadomosci\/w-gliwicach-ubywa-samochodow\/","og_locale":"pl_PL","og_type":"article","og_title":"W Gliwicach ubywa samochod\u00f3w? Wg danych spadek jest wyra\u017any, ale na ulicach tego nie wida\u0107 - 24GLIWICE - Portal Gliwice | codziennie nowe informacje","og_description":"Gliwice od lat nale\u017c\u0105 do miast o wyj\u0105tkowo du\u017cym nasyceniu samochod\u00f3w przypadaj\u0105cych na jednego mieszka\u0144ca. W mie\u015bcie zarejestrowanych jest 141 tysi\u0119cy samochod\u00f3w, w tym 109 tysi\u0119cy to osob\u00f3wki. Co ciekawe, samochod\u00f3w osobowych jest mniej ni\u017c w latach poprzednich. Wiele wskazuje na to, \u017ce za t\u0105 zmian\u0105 stoi jednak nie zmiana nastawienia gliwiczan do czterech k\u00f3\u0142ek, [&hellip;]","og_url":"https:\/\/www.24gliwice.pl\/wiadomosci\/w-gliwicach-ubywa-samochodow\/","og_site_name":"24GLIWICE - Portal Gliwice | codziennie nowe informacje","article_publisher":"https:\/\/www.facebook.com\/24gliwice","article_published_time":"2018-08-29T11:20:34+00:00","article_modified_time":"2018-08-29T11:21:12+00:00","og_image":[{"width":1200,"height":675,"url":"https:\/\/www.24gliwice.pl\/wiadomosci\/wp-content\/uploads\/2018\/08\/samochody.jpg","type":"image\/jpeg"}],"author":"Micha\u0142 Szewczyk","twitter_card":"summary_large_image","twitter_creator":"@24gliwice","twitter_site":"@24gliwice","twitter_misc":{"Napisane przez":"Micha\u0142 Szewczyk","Szacowany czas czytania":"3 minuty"},"schema":{"@context":"https:\/\/schema.org","@graph":[{"@type":"Article","@id":"https:\/\/www.24gliwice.pl\/wiadomosci\/w-gliwicach-ubywa-samochodow\/#article","isPartOf":{"@id":"https:\/\/www.24gliwice.pl\/wiadomosci\/w-gliwicach-ubywa-samochodow\/"},"author":{"name":"Micha\u0142 Szewczyk","@id":"https:\/\/www.24gliwice.pl\/wiadomosci\/#\/schema\/person\/940e8f8a097e322de4f463f061ef8d45"},"headline":"W Gliwicach ubywa samochod\u00f3w? Wg danych spadek jest wyra\u017any, ale na ulicach tego nie wida\u0107","datePublished":"2018-08-29T11:20:34+00:00","dateModified":"2018-08-29T11:21:12+00:00","mainEntityOfPage":{"@id":"https:\/\/www.24gliwice.pl\/wiadomosci\/w-gliwicach-ubywa-samochodow\/"},"wordCount":518,"commentCount":0,"publisher":{"@id":"https:\/\/www.24gliwice.pl\/wiadomosci\/#organization"},"image":{"@id":"https:\/\/www.24gliwice.pl\/wiadomosci\/w-gliwicach-ubywa-samochodow\/#primaryimage"},"thumbnailUrl":"https:\/\/www.24gliwice.pl\/wiadomosci\/wp-content\/uploads\/2018\/08\/samochody.jpg","keywords":["cepik","rejestracja","SAMOCHODY","statystyki"],"articleSection":["Gliwice","Najnowsze wiadomo\u015bci","Portal Gliwice - Wiadomo\u015bci lokalne"],"inLanguage":"pl-PL","potentialAction":[{"@type":"CommentAction","name":"Comment","target":["https:\/\/www.24gliwice.pl\/wiadomosci\/w-gliwicach-ubywa-samochodow\/#respond"]}]},{"@type":"WebPage","@id":"https:\/\/www.24gliwice.pl\/wiadomosci\/w-gliwicach-ubywa-samochodow\/","url":"https:\/\/www.24gliwice.pl\/wiadomosci\/w-gliwicach-ubywa-samochodow\/","name":"W Gliwicach ubywa samochod\u00f3w? Wg danych spadek jest wyra\u017any, ale na ulicach tego nie wida\u0107 - 24GLIWICE - Portal Gliwice | codziennie nowe informacje","isPartOf":{"@id":"https:\/\/www.24gliwice.pl\/wiadomosci\/#website"},"primaryImageOfPage":{"@id":"https:\/\/www.24gliwice.pl\/wiadomosci\/w-gliwicach-ubywa-samochodow\/#primaryimage"},"image":{"@id":"https:\/\/www.24gliwice.pl\/wiadomosci\/w-gliwicach-ubywa-samochodow\/#primaryimage"},"thumbnailUrl":"https:\/\/www.24gliwice.pl\/wiadomosci\/wp-content\/uploads\/2018\/08\/samochody.jpg","datePublished":"2018-08-29T11:20:34+00:00","dateModified":"2018-08-29T11:21:12+00:00","breadcrumb":{"@id":"https:\/\/www.24gliwice.pl\/wiadomosci\/w-gliwicach-ubywa-samochodow\/#breadcrumb"},"inLanguage":"pl-PL","potentialAction":[{"@type":"ReadAction","target":["https:\/\/www.24gliwice.pl\/wiadomosci\/w-gliwicach-ubywa-samochodow\/"]}]},{"@type":"ImageObject","inLanguage":"pl-PL","@id":"https:\/\/www.24gliwice.pl\/wiadomosci\/w-gliwicach-ubywa-samochodow\/#primaryimage","url":"https:\/\/www.24gliwice.pl\/wiadomosci\/wp-content\/uploads\/2018\/08\/samochody.jpg","contentUrl":"https:\/\/www.24gliwice.pl\/wiadomosci\/wp-content\/uploads\/2018\/08\/samochody.jpg","width":1200,"height":675},{"@type":"BreadcrumbList","@id":"https:\/\/www.24gliwice.pl\/wiadomosci\/w-gliwicach-ubywa-samochodow\/#breadcrumb","itemListElement":[{"@type":"ListItem","position":1,"name":"Strona g\u0142\u00f3wna","item":"https:\/\/www.24gliwice.pl\/wiadomosci\/"},{"@type":"ListItem","position":2,"name":"W Gliwicach ubywa samochod\u00f3w? Wg danych spadek jest wyra\u017any, ale na ulicach tego nie wida\u0107"}]},{"@type":"WebSite","@id":"https:\/\/www.24gliwice.pl\/wiadomosci\/#website","url":"https:\/\/www.24gliwice.pl\/wiadomosci\/","name":"24GLIWICE - Portal Gliwice | codziennie nowe wiadomo\u015bci","description":"Portal Miejski Gliwice","publisher":{"@id":"https:\/\/www.24gliwice.pl\/wiadomosci\/#organization"},"potentialAction":[{"@type":"SearchAction","target":{"@type":"EntryPoint","urlTemplate":"https:\/\/www.24gliwice.pl\/wiadomosci\/?s={search_term_string}"},"query-input":{"@type":"PropertyValueSpecification","valueRequired":true,"valueName":"search_term_string"}}],"inLanguage":"pl-PL"},{"@type":"Organization","@id":"https:\/\/www.24gliwice.pl\/wiadomosci\/#organization","name":"24gliwice","url":"https:\/\/www.24gliwice.pl\/wiadomosci\/","logo":{"@type":"ImageObject","inLanguage":"pl-PL","@id":"https:\/\/www.24gliwice.pl\/wiadomosci\/#\/schema\/logo\/image\/","url":"https:\/\/www.24gliwice.pl\/wiadomosci\/wp-content\/uploads\/2024\/10\/24gliwice-logo-696.jpg","contentUrl":"https:\/\/www.24gliwice.pl\/wiadomosci\/wp-content\/uploads\/2024\/10\/24gliwice-logo-696.jpg","width":696,"height":696,"caption":"24gliwice"},"image":{"@id":"https:\/\/www.24gliwice.pl\/wiadomosci\/#\/schema\/logo\/image\/"},"sameAs":["https:\/\/www.facebook.com\/24gliwice","https:\/\/x.com\/24gliwice","https:\/\/www.youtube.com\/@24gliwice"]},{"@type":"Person","@id":"https:\/\/www.24gliwice.pl\/wiadomosci\/#\/schema\/person\/940e8f8a097e322de4f463f061ef8d45","name":"Micha\u0142 Szewczyk","image":{"@type":"ImageObject","inLanguage":"pl-PL","@id":"https:\/\/secure.gravatar.com\/avatar\/771b8b6c74cd8d255e46392d605e01a86133900ef09b6ef3c8d451c9d92288cf?s=96&d=mm&r=g","url":"https:\/\/secure.gravatar.com\/avatar\/771b8b6c74cd8d255e46392d605e01a86133900ef09b6ef3c8d451c9d92288cf?s=96&d=mm&r=g","contentUrl":"https:\/\/secure.gravatar.com\/avatar\/771b8b6c74cd8d255e46392d605e01a86133900ef09b6ef3c8d451c9d92288cf?s=96&d=mm&r=g","caption":"Micha\u0142 Szewczyk"},"sameAs":["http:\/\/www.gazeta-miejska.pl"],"url":"https:\/\/www.24gliwice.pl\/wiadomosci\/author\/michal-szewczyk\/"}]}},"_links":{"self":[{"href":"https:\/\/www.24gliwice.pl\/wiadomosci\/wp-json\/wp\/v2\/posts\/121894","targetHints":{"allow":["GET"]}}],"collection":[{"href":"https:\/\/www.24gliwice.pl\/wiadomosci\/wp-json\/wp\/v2\/posts"}],"about":[{"href":"https:\/\/www.24gliwice.pl\/wiadomosci\/wp-json\/wp\/v2\/types\/post"}],"author":[{"embeddable":true,"href":"https:\/\/www.24gliwice.pl\/wiadomosci\/wp-json\/wp\/v2\/users\/12"}],"replies":[{"embeddable":true,"href":"https:\/\/www.24gliwice.pl\/wiadomosci\/wp-json\/wp\/v2\/comments?post=121894"}],"version-history":[{"count":0,"href":"https:\/\/www.24gliwice.pl\/wiadomosci\/wp-json\/wp\/v2\/posts\/121894\/revisions"}],"wp:featuredmedia":[{"embeddable":true,"href":"https:\/\/www.24gliwice.pl\/wiadomosci\/wp-json\/wp\/v2\/media\/121895"}],"wp:attachment":[{"href":"https:\/\/www.24gliwice.pl\/wiadomosci\/wp-json\/wp\/v2\/media?parent=121894"}],"wp:term":[{"taxonomy":"category","embeddable":true,"href":"https:\/\/www.24gliwice.pl\/wiadomosci\/wp-json\/wp\/v2\/categories?post=121894"},{"taxonomy":"post_tag","embeddable":true,"href":"https:\/\/www.24gliwice.pl\/wiadomosci\/wp-json\/wp\/v2\/tags?post=121894"}],"curies":[{"name":"wp","href":"https:\/\/api.w.org\/{rel}","templated":true}]}}