{"id":122374,"date":"2018-09-06T16:20:30","date_gmt":"2018-09-06T14:20:30","guid":{"rendered":"https:\/\/www.24gliwice.pl\/wiadomosci\/?p=122374"},"modified":"2018-09-06T16:20:30","modified_gmt":"2018-09-06T14:20:30","slug":"radni-podjeli-decyzje-w-sprawie-zakazu-nocnej-sprzedazy-alkoholu-w-centrum-gliwic-prawie-jednomyslnie","status":"publish","type":"post","link":"https:\/\/www.24gliwice.pl\/wiadomosci\/radni-podjeli-decyzje-w-sprawie-zakazu-nocnej-sprzedazy-alkoholu-w-centrum-gliwic-prawie-jednomyslnie\/","title":{"rendered":"Radni podj\u0119li decyzj\u0119 w sprawie zakazu nocnej sprzeda\u017cy alkoholu w centrum Gliwic. Prawie jednomy\u015blnie"},"content":{"rendered":"<div class=\"gliwi-a6-nad-leadem-artykulow gliwi-entity-placement\" id=\"gliwi-1318449859\"><div class=\"gliwi-adlabel\"><span style=\"font-size: 9px\">REKLAMA<\/span><\/div><div id=\"gliwi-1139656433\" style=\"margin-bottom: 25px;margin-left: auto;margin-right: auto;text-align: center;\"><a data-no-instant=\"1\" href=\"https:\/\/dom100.eu\/\" rel=\"noopener\" class=\"a2t-link\" target=\"_blank\" aria-label=\"20260415 DOM100 D\"><img loading=\"lazy\" decoding=\"async\" src=\"https:\/\/www.24gliwice.pl\/wiadomosci\/wp-content\/uploads\/2026\/04\/20260415-DOM100-D.jpg\" alt=\"\"  srcset=\"https:\/\/www.24gliwice.pl\/wiadomosci\/wp-content\/uploads\/2026\/04\/20260415-DOM100-D.jpg 750w, https:\/\/www.24gliwice.pl\/wiadomosci\/wp-content\/uploads\/2026\/04\/20260415-DOM100-D-410x109.jpg 410w\" sizes=\"(max-width: 750px) 100vw, 750px\" class=\"no-lazyload\" width=\"750\" height=\"200\"  style=\"display: inline-block; max-width: 100%; height: auto;\" \/><\/a><\/div><\/div><h3>Budz\u0105cy sporo emocji pomys\u0142 wprowadzenia nocnego zakazu sprzeda\u017cy alkoholu w centrum Gliwic zosta\u0142 odrzucony przez radnych. Co ciekawe, przeciw g\u0142osowali nawet inicjatorzy ograniczenia.<\/h3>\n<p>Projekt pierwotnie zg\u0142oszony przez klub radnych PIS zak\u0142ada\u0142 wprowadzenie zakazu od godziny 22.00, obejmowa\u0142by wi\u0119c ok. 70 sklep\u00f3w sprzedaj\u0105cych alkohol. Po wprowadzeniu przez prezydenta zmian w projekcie, przesuwaj\u0105cych godzin\u0119 zakazu na 23.00, uchwa\u0142a w praktyce dotyczy\u0142aby zaledwie dw\u00f3ch sklep\u00f3w.<\/p>\n<p>Projekt w kszta\u0142cie po zmianach nie ma sensu &#8211; przyznawa\u0142 nawet najwi\u0119kszy zwolennik prohibicji, radny <strong>Zdzis\u0142aw Goliszewski<\/strong>. Podkre\u015bla\u0142, \u017ce zakaz nie powinien obowi\u0105zywa\u0107 tylko w centrum.<\/p><div class=\"gliwi-a3-w-tresci-artykulow gliwi-entity-placement\" id=\"gliwi-1252374154\"><div class=\"gliwi-adlabel\"><span style=\"font-size: 9px\">REKLAMA<\/span><\/div><div id=\"gliwi-3868627700\" style=\"margin-bottom: 30px;margin-left: auto;margin-right: auto;text-align: center;\"><a data-no-instant=\"1\" href=\"https:\/\/zlobek.halogen.org.pl\/\" rel=\"noopener\" class=\"a2t-link\" target=\"_blank\" aria-label=\"animator-zlobek_750x200\"><img loading=\"lazy\" decoding=\"async\" src=\"https:\/\/www.24gliwice.pl\/wiadomosci\/wp-content\/uploads\/2026\/02\/animator-zlobek_750x200.webp\" alt=\"\"  srcset=\"https:\/\/www.24gliwice.pl\/wiadomosci\/wp-content\/uploads\/2026\/02\/animator-zlobek_750x200.webp 750w, https:\/\/www.24gliwice.pl\/wiadomosci\/wp-content\/uploads\/2026\/02\/animator-zlobek_750x200-410x109.webp 410w\" sizes=\"(max-width: 750px) 100vw, 750px\" class=\"no-lazyload\" width=\"750\" height=\"200\"  style=\"display: inline-block; max-width: 100%; height: auto;\" \/><\/a><\/div><\/div>\n<blockquote><p>Najlepszym rozwi\u0105zaniem by\u0142oby wprowadzenie ograniczenia na terenie ca\u0142ego miasta <\/p><\/blockquote>\n<p>&#8211; m\u00f3wi\u0142 Goliszewski zapowiadaj\u0105c przy tym, \u017ce temat zostanie podj\u0119ty przez rad\u0119 miasta w kolejnej kadencji. <\/p>\n<p>Innego zdania by\u0142 radny <strong>Zbigniew Wygoda<\/strong>, kt\u00f3ry uwa\u017ca, \u017ce problem incydent\u00f3w zdarzaj\u0105cych si\u0119 pod wp\u0142ywem nadu\u017cycia alkoholu nale\u017cy rozwi\u0105za\u0107 systemowo, za pomoc\u0105 odpowiedniej edukacji i prewencji. &#8211; W ten spos\u00f3b znowu powracamy do poprzedniego systemu &#8211; skomentowa\u0142 Wygoda. <\/p>\n<p>G\u0142os zabra\u0142 r\u00f3wnie\u017c zast\u0119pca prezydenta <strong>Adam Neumann<\/strong>. Przytoczy\u0142 statystyki stra\u017cy miejskiej i policji, z kt\u00f3rych wynika\u0142o, \u017ce od pocz\u0105tku 2018 roku do ko\u0144ca sierpnia w wybryk\u00f3w zwi\u0105zanych z upojeniem alkoholowym by\u0142o zaledwie 17. <\/p>\n<p>Zar\u00f3wno komisja Bezpiecze\u0144stwa i Ochrony \u015arodowiska, kt\u00f3ra opiniowa\u0142a projekt, jak i rady osiedli \u015ar\u00f3dmie\u015bcie i Sikornik odnios\u0142y si\u0119 do zaproponowanych obostrze\u0144 negatywnie.<\/p>\n<p>Ostatecznie bior\u0105cy udzia\u0142 w g\u0142osowaniu radni prawie jednog\u0142o\u015bnie opowiedzieli si\u0119 za odrzuceniem projektu uchwa\u0142y. Od g\u0142osu wstrzyma\u0142 si\u0119 tylko radny Tadeusz Olejnik (KdGZF)<\/p>\n<p>(\u017cms\/mf)<\/p>\n<div class=\"gliwi-a5-na-koncu-artykulow gliwi-entity-placement\" id=\"gliwi-3843325760\"><div class=\"gliwi-adlabel\"><span style=\"font-size: 9px\">REKLAMA<\/span><\/div><div id=\"gliwi-1897398050\" style=\"margin-left: auto;margin-right: auto;text-align: center;\"><a data-no-instant=\"1\" href=\"https:\/\/prezeroarenagliwice.pl\/\" rel=\"noopener\" class=\"a2t-link\" target=\"_blank\" aria-label=\"20260309-PREZERO-WIOSNA-D\"><img loading=\"lazy\" decoding=\"async\" src=\"https:\/\/www.24gliwice.pl\/wiadomosci\/wp-content\/uploads\/2026\/03\/20260309-PREZERO-WIOSNA-D.webp\" alt=\"\"  srcset=\"https:\/\/www.24gliwice.pl\/wiadomosci\/wp-content\/uploads\/2026\/03\/20260309-PREZERO-WIOSNA-D.webp 750w, https:\/\/www.24gliwice.pl\/wiadomosci\/wp-content\/uploads\/2026\/03\/20260309-PREZERO-WIOSNA-D-410x109.webp 410w\" sizes=\"(max-width: 750px) 100vw, 750px\" class=\"no-lazyload\" width=\"750\" height=\"200\"  style=\"display: inline-block; max-width: 100%; height: auto;\" \/><\/a><\/div><\/div>","protected":false},"excerpt":{"rendered":"<p>Budz\u0105cy sporo emocji pomys\u0142 wprowadzenia nocnego zakazu sprzeda\u017cy alkoholu w centrum Gliwic zosta\u0142 odrzucony przez radnych. Co ciekawe, przeciw g\u0142osowali nawet inicjatorzy ograniczenia. Projekt pierwotnie zg\u0142oszony przez klub radnych PIS zak\u0142ada\u0142 wprowadzenie zakazu od godziny 22.00, obejmowa\u0142by wi\u0119c ok. 70 sklep\u00f3w sprzedaj\u0105cych alkohol. Po wprowadzeniu przez prezydenta zmian w projekcie, przesuwaj\u0105cych godzin\u0119 zakazu na 23.00, [&hellip;]<\/p>\n","protected":false},"author":15,"featured_media":112310,"comment_status":"open","ping_status":"closed","sticky":false,"template":"","format":"standard","meta":{"_monsterinsights_skip_tracking":false,"_monsterinsights_sitenote_active":false,"_monsterinsights_sitenote_note":"","_monsterinsights_sitenote_category":0,"footnotes":"","_links_to":"","_links_to_target":""},"categories":[3,1,9],"tags":[6226,8686,13225,12176,11305,13256,38,10033,6778,6957,12082,45],"class_list":["post-122374","post","type-post","status-publish","format-standard","has-post-thumbnail","hentry","category-gliwice","category-wszystko","category-aktualnosci_lokalne","tag-alkohol","tag-centrum","tag-goliszewski","tag-neumann","tag-nietrzezwi","tag-ograniczenie-sprzedazy-alkoholu","tag-rada-miasta","tag-rada-osiedla","tag-rynek","tag-sesja-rady-miasta","tag-srodmiescie","tag-wygoda"],"yoast_head":"<!-- This site is optimized with the Yoast SEO plugin v27.5 - https:\/\/yoast.com\/product\/yoast-seo-wordpress\/ -->\n<title>Radni podj\u0119li decyzj\u0119 w sprawie zakazu nocnej sprzeda\u017cy alkoholu w centrum Gliwic. Prawie jednomy\u015blnie - 24GLIWICE - Portal Gliwice | codziennie nowe informacje<\/title>\n<meta name=\"robots\" content=\"index, follow, max-snippet:-1, max-image-preview:large, max-video-preview:-1\" \/>\n<link rel=\"canonical\" href=\"https:\/\/www.24gliwice.pl\/wiadomosci\/radni-podjeli-decyzje-w-sprawie-zakazu-nocnej-sprzedazy-alkoholu-w-centrum-gliwic-prawie-jednomyslnie\/\" \/>\n<meta property=\"og:locale\" content=\"pl_PL\" \/>\n<meta property=\"og:type\" content=\"article\" \/>\n<meta property=\"og:title\" content=\"Radni podj\u0119li decyzj\u0119 w sprawie zakazu nocnej sprzeda\u017cy alkoholu w centrum Gliwic. Prawie jednomy\u015blnie - 24GLIWICE - Portal Gliwice | codziennie nowe informacje\" \/>\n<meta property=\"og:description\" content=\"Budz\u0105cy sporo emocji pomys\u0142 wprowadzenia nocnego zakazu sprzeda\u017cy alkoholu w centrum Gliwic zosta\u0142 odrzucony przez radnych. Co ciekawe, przeciw g\u0142osowali nawet inicjatorzy ograniczenia. Projekt pierwotnie zg\u0142oszony przez klub radnych PIS zak\u0142ada\u0142 wprowadzenie zakazu od godziny 22.00, obejmowa\u0142by wi\u0119c ok. 70 sklep\u00f3w sprzedaj\u0105cych alkohol. Po wprowadzeniu przez prezydenta zmian w projekcie, przesuwaj\u0105cych godzin\u0119 zakazu na 23.00, [&hellip;]\" \/>\n<meta property=\"og:url\" content=\"https:\/\/www.24gliwice.pl\/wiadomosci\/radni-podjeli-decyzje-w-sprawie-zakazu-nocnej-sprzedazy-alkoholu-w-centrum-gliwic-prawie-jednomyslnie\/\" \/>\n<meta property=\"og:site_name\" content=\"24GLIWICE - Portal Gliwice | codziennie nowe informacje\" \/>\n<meta property=\"article:publisher\" content=\"https:\/\/www.facebook.com\/24gliwice\" \/>\n<meta property=\"article:published_time\" content=\"2018-09-06T14:20:30+00:00\" \/>\n<meta property=\"og:image\" content=\"https:\/\/www.24gliwice.pl\/wiadomosci\/wp-content\/uploads\/2018\/02\/1-alkohol.jpg\" \/>\n\t<meta property=\"og:image:width\" content=\"810\" \/>\n\t<meta property=\"og:image:height\" content=\"457\" \/>\n\t<meta property=\"og:image:type\" content=\"image\/jpeg\" \/>\n<meta name=\"author\" content=\"\u017baneta Mrozek-Siewierska\" \/>\n<meta name=\"twitter:card\" content=\"summary_large_image\" \/>\n<meta name=\"twitter:creator\" content=\"@24gliwice\" \/>\n<meta name=\"twitter:site\" content=\"@24gliwice\" \/>\n<meta name=\"twitter:label1\" content=\"Napisane przez\" \/>\n\t<meta name=\"twitter:data1\" content=\"\u017baneta Mrozek-Siewierska\" \/>\n\t<meta name=\"twitter:label2\" content=\"Szacowany czas czytania\" \/>\n\t<meta name=\"twitter:data2\" content=\"1 minuta\" \/>\n<script type=\"application\/ld+json\" class=\"yoast-schema-graph\">{\"@context\":\"https:\\\/\\\/schema.org\",\"@graph\":[{\"@type\":\"Article\",\"@id\":\"https:\\\/\\\/www.24gliwice.pl\\\/wiadomosci\\\/radni-podjeli-decyzje-w-sprawie-zakazu-nocnej-sprzedazy-alkoholu-w-centrum-gliwic-prawie-jednomyslnie\\\/#article\",\"isPartOf\":{\"@id\":\"https:\\\/\\\/www.24gliwice.pl\\\/wiadomosci\\\/radni-podjeli-decyzje-w-sprawie-zakazu-nocnej-sprzedazy-alkoholu-w-centrum-gliwic-prawie-jednomyslnie\\\/\"},\"author\":{\"name\":\"\u017baneta Mrozek-Siewierska\",\"@id\":\"https:\\\/\\\/www.24gliwice.pl\\\/wiadomosci\\\/#\\\/schema\\\/person\\\/e42c650edd7f2fa332be3811fb166b6e\"},\"headline\":\"Radni podj\u0119li decyzj\u0119 w sprawie zakazu nocnej sprzeda\u017cy alkoholu w centrum Gliwic. Prawie jednomy\u015blnie\",\"datePublished\":\"2018-09-06T14:20:30+00:00\",\"mainEntityOfPage\":{\"@id\":\"https:\\\/\\\/www.24gliwice.pl\\\/wiadomosci\\\/radni-podjeli-decyzje-w-sprawie-zakazu-nocnej-sprzedazy-alkoholu-w-centrum-gliwic-prawie-jednomyslnie\\\/\"},\"wordCount\":301,\"commentCount\":0,\"publisher\":{\"@id\":\"https:\\\/\\\/www.24gliwice.pl\\\/wiadomosci\\\/#organization\"},\"image\":{\"@id\":\"https:\\\/\\\/www.24gliwice.pl\\\/wiadomosci\\\/radni-podjeli-decyzje-w-sprawie-zakazu-nocnej-sprzedazy-alkoholu-w-centrum-gliwic-prawie-jednomyslnie\\\/#primaryimage\"},\"thumbnailUrl\":\"https:\\\/\\\/www.24gliwice.pl\\\/wiadomosci\\\/wp-content\\\/uploads\\\/2018\\\/02\\\/1-alkohol.jpg\",\"keywords\":[\"ALKOHOL\",\"centrum\",\"goliszewski\",\"NEUMANN\",\"nietrze\u017awi\",\"ograniczenie sprzeda\u017cy alkoholu\",\"RADA MIASTA\",\"rada osiedla\",\"RYNEK\",\"SESJA RADY MIASTA\",\"\u015br\u00f3dmie\u015bcie\",\"wygoda\"],\"articleSection\":[\"Gliwice\",\"Najnowsze wiadomo\u015bci\",\"Portal Gliwice - Wiadomo\u015bci lokalne\"],\"inLanguage\":\"pl-PL\",\"potentialAction\":[{\"@type\":\"CommentAction\",\"name\":\"Comment\",\"target\":[\"https:\\\/\\\/www.24gliwice.pl\\\/wiadomosci\\\/radni-podjeli-decyzje-w-sprawie-zakazu-nocnej-sprzedazy-alkoholu-w-centrum-gliwic-prawie-jednomyslnie\\\/#respond\"]}]},{\"@type\":\"WebPage\",\"@id\":\"https:\\\/\\\/www.24gliwice.pl\\\/wiadomosci\\\/radni-podjeli-decyzje-w-sprawie-zakazu-nocnej-sprzedazy-alkoholu-w-centrum-gliwic-prawie-jednomyslnie\\\/\",\"url\":\"https:\\\/\\\/www.24gliwice.pl\\\/wiadomosci\\\/radni-podjeli-decyzje-w-sprawie-zakazu-nocnej-sprzedazy-alkoholu-w-centrum-gliwic-prawie-jednomyslnie\\\/\",\"name\":\"Radni podj\u0119li decyzj\u0119 w sprawie zakazu nocnej sprzeda\u017cy alkoholu w centrum Gliwic. Prawie jednomy\u015blnie - 24GLIWICE - Portal Gliwice | codziennie nowe informacje\",\"isPartOf\":{\"@id\":\"https:\\\/\\\/www.24gliwice.pl\\\/wiadomosci\\\/#website\"},\"primaryImageOfPage\":{\"@id\":\"https:\\\/\\\/www.24gliwice.pl\\\/wiadomosci\\\/radni-podjeli-decyzje-w-sprawie-zakazu-nocnej-sprzedazy-alkoholu-w-centrum-gliwic-prawie-jednomyslnie\\\/#primaryimage\"},\"image\":{\"@id\":\"https:\\\/\\\/www.24gliwice.pl\\\/wiadomosci\\\/radni-podjeli-decyzje-w-sprawie-zakazu-nocnej-sprzedazy-alkoholu-w-centrum-gliwic-prawie-jednomyslnie\\\/#primaryimage\"},\"thumbnailUrl\":\"https:\\\/\\\/www.24gliwice.pl\\\/wiadomosci\\\/wp-content\\\/uploads\\\/2018\\\/02\\\/1-alkohol.jpg\",\"datePublished\":\"2018-09-06T14:20:30+00:00\",\"breadcrumb\":{\"@id\":\"https:\\\/\\\/www.24gliwice.pl\\\/wiadomosci\\\/radni-podjeli-decyzje-w-sprawie-zakazu-nocnej-sprzedazy-alkoholu-w-centrum-gliwic-prawie-jednomyslnie\\\/#breadcrumb\"},\"inLanguage\":\"pl-PL\",\"potentialAction\":[{\"@type\":\"ReadAction\",\"target\":[\"https:\\\/\\\/www.24gliwice.pl\\\/wiadomosci\\\/radni-podjeli-decyzje-w-sprawie-zakazu-nocnej-sprzedazy-alkoholu-w-centrum-gliwic-prawie-jednomyslnie\\\/\"]}]},{\"@type\":\"ImageObject\",\"inLanguage\":\"pl-PL\",\"@id\":\"https:\\\/\\\/www.24gliwice.pl\\\/wiadomosci\\\/radni-podjeli-decyzje-w-sprawie-zakazu-nocnej-sprzedazy-alkoholu-w-centrum-gliwic-prawie-jednomyslnie\\\/#primaryimage\",\"url\":\"https:\\\/\\\/www.24gliwice.pl\\\/wiadomosci\\\/wp-content\\\/uploads\\\/2018\\\/02\\\/1-alkohol.jpg\",\"contentUrl\":\"https:\\\/\\\/www.24gliwice.pl\\\/wiadomosci\\\/wp-content\\\/uploads\\\/2018\\\/02\\\/1-alkohol.jpg\",\"width\":810,\"height\":457},{\"@type\":\"BreadcrumbList\",\"@id\":\"https:\\\/\\\/www.24gliwice.pl\\\/wiadomosci\\\/radni-podjeli-decyzje-w-sprawie-zakazu-nocnej-sprzedazy-alkoholu-w-centrum-gliwic-prawie-jednomyslnie\\\/#breadcrumb\",\"itemListElement\":[{\"@type\":\"ListItem\",\"position\":1,\"name\":\"Strona g\u0142\u00f3wna\",\"item\":\"https:\\\/\\\/www.24gliwice.pl\\\/wiadomosci\\\/\"},{\"@type\":\"ListItem\",\"position\":2,\"name\":\"Radni podj\u0119li decyzj\u0119 w sprawie zakazu nocnej sprzeda\u017cy alkoholu w centrum Gliwic. Prawie jednomy\u015blnie\"}]},{\"@type\":\"WebSite\",\"@id\":\"https:\\\/\\\/www.24gliwice.pl\\\/wiadomosci\\\/#website\",\"url\":\"https:\\\/\\\/www.24gliwice.pl\\\/wiadomosci\\\/\",\"name\":\"24GLIWICE - Portal Gliwice | codziennie nowe wiadomo\u015bci\",\"description\":\"Portal Miejski Gliwice\",\"publisher\":{\"@id\":\"https:\\\/\\\/www.24gliwice.pl\\\/wiadomosci\\\/#organization\"},\"potentialAction\":[{\"@type\":\"SearchAction\",\"target\":{\"@type\":\"EntryPoint\",\"urlTemplate\":\"https:\\\/\\\/www.24gliwice.pl\\\/wiadomosci\\\/?s={search_term_string}\"},\"query-input\":{\"@type\":\"PropertyValueSpecification\",\"valueRequired\":true,\"valueName\":\"search_term_string\"}}],\"inLanguage\":\"pl-PL\"},{\"@type\":\"Organization\",\"@id\":\"https:\\\/\\\/www.24gliwice.pl\\\/wiadomosci\\\/#organization\",\"name\":\"24gliwice\",\"url\":\"https:\\\/\\\/www.24gliwice.pl\\\/wiadomosci\\\/\",\"logo\":{\"@type\":\"ImageObject\",\"inLanguage\":\"pl-PL\",\"@id\":\"https:\\\/\\\/www.24gliwice.pl\\\/wiadomosci\\\/#\\\/schema\\\/logo\\\/image\\\/\",\"url\":\"https:\\\/\\\/www.24gliwice.pl\\\/wiadomosci\\\/wp-content\\\/uploads\\\/2024\\\/10\\\/24gliwice-logo-696.jpg\",\"contentUrl\":\"https:\\\/\\\/www.24gliwice.pl\\\/wiadomosci\\\/wp-content\\\/uploads\\\/2024\\\/10\\\/24gliwice-logo-696.jpg\",\"width\":696,\"height\":696,\"caption\":\"24gliwice\"},\"image\":{\"@id\":\"https:\\\/\\\/www.24gliwice.pl\\\/wiadomosci\\\/#\\\/schema\\\/logo\\\/image\\\/\"},\"sameAs\":[\"https:\\\/\\\/www.facebook.com\\\/24gliwice\",\"https:\\\/\\\/x.com\\\/24gliwice\",\"https:\\\/\\\/www.youtube.com\\\/@24gliwice\"]},{\"@type\":\"Person\",\"@id\":\"https:\\\/\\\/www.24gliwice.pl\\\/wiadomosci\\\/#\\\/schema\\\/person\\\/e42c650edd7f2fa332be3811fb166b6e\",\"name\":\"\u017baneta Mrozek-Siewierska\",\"image\":{\"@type\":\"ImageObject\",\"inLanguage\":\"pl-PL\",\"@id\":\"https:\\\/\\\/secure.gravatar.com\\\/avatar\\\/1881429e9c64597c77ad7aef2d0a19be69a3253e57534d16aa15bf3a4d34a0a3?s=96&d=mm&r=g\",\"url\":\"https:\\\/\\\/secure.gravatar.com\\\/avatar\\\/1881429e9c64597c77ad7aef2d0a19be69a3253e57534d16aa15bf3a4d34a0a3?s=96&d=mm&r=g\",\"contentUrl\":\"https:\\\/\\\/secure.gravatar.com\\\/avatar\\\/1881429e9c64597c77ad7aef2d0a19be69a3253e57534d16aa15bf3a4d34a0a3?s=96&d=mm&r=g\",\"caption\":\"\u017baneta Mrozek-Siewierska\"},\"url\":\"https:\\\/\\\/www.24gliwice.pl\\\/wiadomosci\\\/author\\\/zms\\\/\"}]}<\/script>\n<!-- \/ Yoast SEO plugin. -->","yoast_head_json":{"title":"Radni podj\u0119li decyzj\u0119 w sprawie zakazu nocnej sprzeda\u017cy alkoholu w centrum Gliwic. Prawie jednomy\u015blnie - 24GLIWICE - Portal Gliwice | codziennie nowe informacje","robots":{"index":"index","follow":"follow","max-snippet":"max-snippet:-1","max-image-preview":"max-image-preview:large","max-video-preview":"max-video-preview:-1"},"canonical":"https:\/\/www.24gliwice.pl\/wiadomosci\/radni-podjeli-decyzje-w-sprawie-zakazu-nocnej-sprzedazy-alkoholu-w-centrum-gliwic-prawie-jednomyslnie\/","og_locale":"pl_PL","og_type":"article","og_title":"Radni podj\u0119li decyzj\u0119 w sprawie zakazu nocnej sprzeda\u017cy alkoholu w centrum Gliwic. Prawie jednomy\u015blnie - 24GLIWICE - Portal Gliwice | codziennie nowe informacje","og_description":"Budz\u0105cy sporo emocji pomys\u0142 wprowadzenia nocnego zakazu sprzeda\u017cy alkoholu w centrum Gliwic zosta\u0142 odrzucony przez radnych. Co ciekawe, przeciw g\u0142osowali nawet inicjatorzy ograniczenia. Projekt pierwotnie zg\u0142oszony przez klub radnych PIS zak\u0142ada\u0142 wprowadzenie zakazu od godziny 22.00, obejmowa\u0142by wi\u0119c ok. 70 sklep\u00f3w sprzedaj\u0105cych alkohol. Po wprowadzeniu przez prezydenta zmian w projekcie, przesuwaj\u0105cych godzin\u0119 zakazu na 23.00, [&hellip;]","og_url":"https:\/\/www.24gliwice.pl\/wiadomosci\/radni-podjeli-decyzje-w-sprawie-zakazu-nocnej-sprzedazy-alkoholu-w-centrum-gliwic-prawie-jednomyslnie\/","og_site_name":"24GLIWICE - Portal Gliwice | codziennie nowe informacje","article_publisher":"https:\/\/www.facebook.com\/24gliwice","article_published_time":"2018-09-06T14:20:30+00:00","og_image":[{"width":810,"height":457,"url":"https:\/\/www.24gliwice.pl\/wiadomosci\/wp-content\/uploads\/2018\/02\/1-alkohol.jpg","type":"image\/jpeg"}],"author":"\u017baneta Mrozek-Siewierska","twitter_card":"summary_large_image","twitter_creator":"@24gliwice","twitter_site":"@24gliwice","twitter_misc":{"Napisane przez":"\u017baneta Mrozek-Siewierska","Szacowany czas czytania":"1 minuta"},"schema":{"@context":"https:\/\/schema.org","@graph":[{"@type":"Article","@id":"https:\/\/www.24gliwice.pl\/wiadomosci\/radni-podjeli-decyzje-w-sprawie-zakazu-nocnej-sprzedazy-alkoholu-w-centrum-gliwic-prawie-jednomyslnie\/#article","isPartOf":{"@id":"https:\/\/www.24gliwice.pl\/wiadomosci\/radni-podjeli-decyzje-w-sprawie-zakazu-nocnej-sprzedazy-alkoholu-w-centrum-gliwic-prawie-jednomyslnie\/"},"author":{"name":"\u017baneta Mrozek-Siewierska","@id":"https:\/\/www.24gliwice.pl\/wiadomosci\/#\/schema\/person\/e42c650edd7f2fa332be3811fb166b6e"},"headline":"Radni podj\u0119li decyzj\u0119 w sprawie zakazu nocnej sprzeda\u017cy alkoholu w centrum Gliwic. Prawie jednomy\u015blnie","datePublished":"2018-09-06T14:20:30+00:00","mainEntityOfPage":{"@id":"https:\/\/www.24gliwice.pl\/wiadomosci\/radni-podjeli-decyzje-w-sprawie-zakazu-nocnej-sprzedazy-alkoholu-w-centrum-gliwic-prawie-jednomyslnie\/"},"wordCount":301,"commentCount":0,"publisher":{"@id":"https:\/\/www.24gliwice.pl\/wiadomosci\/#organization"},"image":{"@id":"https:\/\/www.24gliwice.pl\/wiadomosci\/radni-podjeli-decyzje-w-sprawie-zakazu-nocnej-sprzedazy-alkoholu-w-centrum-gliwic-prawie-jednomyslnie\/#primaryimage"},"thumbnailUrl":"https:\/\/www.24gliwice.pl\/wiadomosci\/wp-content\/uploads\/2018\/02\/1-alkohol.jpg","keywords":["ALKOHOL","centrum","goliszewski","NEUMANN","nietrze\u017awi","ograniczenie sprzeda\u017cy alkoholu","RADA MIASTA","rada osiedla","RYNEK","SESJA RADY MIASTA","\u015br\u00f3dmie\u015bcie","wygoda"],"articleSection":["Gliwice","Najnowsze wiadomo\u015bci","Portal Gliwice - Wiadomo\u015bci lokalne"],"inLanguage":"pl-PL","potentialAction":[{"@type":"CommentAction","name":"Comment","target":["https:\/\/www.24gliwice.pl\/wiadomosci\/radni-podjeli-decyzje-w-sprawie-zakazu-nocnej-sprzedazy-alkoholu-w-centrum-gliwic-prawie-jednomyslnie\/#respond"]}]},{"@type":"WebPage","@id":"https:\/\/www.24gliwice.pl\/wiadomosci\/radni-podjeli-decyzje-w-sprawie-zakazu-nocnej-sprzedazy-alkoholu-w-centrum-gliwic-prawie-jednomyslnie\/","url":"https:\/\/www.24gliwice.pl\/wiadomosci\/radni-podjeli-decyzje-w-sprawie-zakazu-nocnej-sprzedazy-alkoholu-w-centrum-gliwic-prawie-jednomyslnie\/","name":"Radni podj\u0119li decyzj\u0119 w sprawie zakazu nocnej sprzeda\u017cy alkoholu w centrum Gliwic. Prawie jednomy\u015blnie - 24GLIWICE - Portal Gliwice | codziennie nowe informacje","isPartOf":{"@id":"https:\/\/www.24gliwice.pl\/wiadomosci\/#website"},"primaryImageOfPage":{"@id":"https:\/\/www.24gliwice.pl\/wiadomosci\/radni-podjeli-decyzje-w-sprawie-zakazu-nocnej-sprzedazy-alkoholu-w-centrum-gliwic-prawie-jednomyslnie\/#primaryimage"},"image":{"@id":"https:\/\/www.24gliwice.pl\/wiadomosci\/radni-podjeli-decyzje-w-sprawie-zakazu-nocnej-sprzedazy-alkoholu-w-centrum-gliwic-prawie-jednomyslnie\/#primaryimage"},"thumbnailUrl":"https:\/\/www.24gliwice.pl\/wiadomosci\/wp-content\/uploads\/2018\/02\/1-alkohol.jpg","datePublished":"2018-09-06T14:20:30+00:00","breadcrumb":{"@id":"https:\/\/www.24gliwice.pl\/wiadomosci\/radni-podjeli-decyzje-w-sprawie-zakazu-nocnej-sprzedazy-alkoholu-w-centrum-gliwic-prawie-jednomyslnie\/#breadcrumb"},"inLanguage":"pl-PL","potentialAction":[{"@type":"ReadAction","target":["https:\/\/www.24gliwice.pl\/wiadomosci\/radni-podjeli-decyzje-w-sprawie-zakazu-nocnej-sprzedazy-alkoholu-w-centrum-gliwic-prawie-jednomyslnie\/"]}]},{"@type":"ImageObject","inLanguage":"pl-PL","@id":"https:\/\/www.24gliwice.pl\/wiadomosci\/radni-podjeli-decyzje-w-sprawie-zakazu-nocnej-sprzedazy-alkoholu-w-centrum-gliwic-prawie-jednomyslnie\/#primaryimage","url":"https:\/\/www.24gliwice.pl\/wiadomosci\/wp-content\/uploads\/2018\/02\/1-alkohol.jpg","contentUrl":"https:\/\/www.24gliwice.pl\/wiadomosci\/wp-content\/uploads\/2018\/02\/1-alkohol.jpg","width":810,"height":457},{"@type":"BreadcrumbList","@id":"https:\/\/www.24gliwice.pl\/wiadomosci\/radni-podjeli-decyzje-w-sprawie-zakazu-nocnej-sprzedazy-alkoholu-w-centrum-gliwic-prawie-jednomyslnie\/#breadcrumb","itemListElement":[{"@type":"ListItem","position":1,"name":"Strona g\u0142\u00f3wna","item":"https:\/\/www.24gliwice.pl\/wiadomosci\/"},{"@type":"ListItem","position":2,"name":"Radni podj\u0119li decyzj\u0119 w sprawie zakazu nocnej sprzeda\u017cy alkoholu w centrum Gliwic. Prawie jednomy\u015blnie"}]},{"@type":"WebSite","@id":"https:\/\/www.24gliwice.pl\/wiadomosci\/#website","url":"https:\/\/www.24gliwice.pl\/wiadomosci\/","name":"24GLIWICE - Portal Gliwice | codziennie nowe wiadomo\u015bci","description":"Portal Miejski Gliwice","publisher":{"@id":"https:\/\/www.24gliwice.pl\/wiadomosci\/#organization"},"potentialAction":[{"@type":"SearchAction","target":{"@type":"EntryPoint","urlTemplate":"https:\/\/www.24gliwice.pl\/wiadomosci\/?s={search_term_string}"},"query-input":{"@type":"PropertyValueSpecification","valueRequired":true,"valueName":"search_term_string"}}],"inLanguage":"pl-PL"},{"@type":"Organization","@id":"https:\/\/www.24gliwice.pl\/wiadomosci\/#organization","name":"24gliwice","url":"https:\/\/www.24gliwice.pl\/wiadomosci\/","logo":{"@type":"ImageObject","inLanguage":"pl-PL","@id":"https:\/\/www.24gliwice.pl\/wiadomosci\/#\/schema\/logo\/image\/","url":"https:\/\/www.24gliwice.pl\/wiadomosci\/wp-content\/uploads\/2024\/10\/24gliwice-logo-696.jpg","contentUrl":"https:\/\/www.24gliwice.pl\/wiadomosci\/wp-content\/uploads\/2024\/10\/24gliwice-logo-696.jpg","width":696,"height":696,"caption":"24gliwice"},"image":{"@id":"https:\/\/www.24gliwice.pl\/wiadomosci\/#\/schema\/logo\/image\/"},"sameAs":["https:\/\/www.facebook.com\/24gliwice","https:\/\/x.com\/24gliwice","https:\/\/www.youtube.com\/@24gliwice"]},{"@type":"Person","@id":"https:\/\/www.24gliwice.pl\/wiadomosci\/#\/schema\/person\/e42c650edd7f2fa332be3811fb166b6e","name":"\u017baneta Mrozek-Siewierska","image":{"@type":"ImageObject","inLanguage":"pl-PL","@id":"https:\/\/secure.gravatar.com\/avatar\/1881429e9c64597c77ad7aef2d0a19be69a3253e57534d16aa15bf3a4d34a0a3?s=96&d=mm&r=g","url":"https:\/\/secure.gravatar.com\/avatar\/1881429e9c64597c77ad7aef2d0a19be69a3253e57534d16aa15bf3a4d34a0a3?s=96&d=mm&r=g","contentUrl":"https:\/\/secure.gravatar.com\/avatar\/1881429e9c64597c77ad7aef2d0a19be69a3253e57534d16aa15bf3a4d34a0a3?s=96&d=mm&r=g","caption":"\u017baneta Mrozek-Siewierska"},"url":"https:\/\/www.24gliwice.pl\/wiadomosci\/author\/zms\/"}]}},"_links":{"self":[{"href":"https:\/\/www.24gliwice.pl\/wiadomosci\/wp-json\/wp\/v2\/posts\/122374","targetHints":{"allow":["GET"]}}],"collection":[{"href":"https:\/\/www.24gliwice.pl\/wiadomosci\/wp-json\/wp\/v2\/posts"}],"about":[{"href":"https:\/\/www.24gliwice.pl\/wiadomosci\/wp-json\/wp\/v2\/types\/post"}],"author":[{"embeddable":true,"href":"https:\/\/www.24gliwice.pl\/wiadomosci\/wp-json\/wp\/v2\/users\/15"}],"replies":[{"embeddable":true,"href":"https:\/\/www.24gliwice.pl\/wiadomosci\/wp-json\/wp\/v2\/comments?post=122374"}],"version-history":[{"count":0,"href":"https:\/\/www.24gliwice.pl\/wiadomosci\/wp-json\/wp\/v2\/posts\/122374\/revisions"}],"wp:featuredmedia":[{"embeddable":true,"href":"https:\/\/www.24gliwice.pl\/wiadomosci\/wp-json\/wp\/v2\/media\/112310"}],"wp:attachment":[{"href":"https:\/\/www.24gliwice.pl\/wiadomosci\/wp-json\/wp\/v2\/media?parent=122374"}],"wp:term":[{"taxonomy":"category","embeddable":true,"href":"https:\/\/www.24gliwice.pl\/wiadomosci\/wp-json\/wp\/v2\/categories?post=122374"},{"taxonomy":"post_tag","embeddable":true,"href":"https:\/\/www.24gliwice.pl\/wiadomosci\/wp-json\/wp\/v2\/tags?post=122374"}],"curies":[{"name":"wp","href":"https:\/\/api.w.org\/{rel}","templated":true}]}}