{"id":122392,"date":"2018-09-07T13:06:33","date_gmt":"2018-09-07T11:06:33","guid":{"rendered":"https:\/\/www.24gliwice.pl\/wiadomosci\/?p=122392"},"modified":"2018-09-07T13:06:51","modified_gmt":"2018-09-07T11:06:51","slug":"w-brzezince-rondo-brzezinka-a-na-bojkowskiej-zostal-juz-skierowany-wniosek-o-przygotowanie-uchwaly","status":"publish","type":"post","link":"https:\/\/www.24gliwice.pl\/wiadomosci\/w-brzezince-rondo-brzezinka-a-na-bojkowskiej-zostal-juz-skierowany-wniosek-o-przygotowanie-uchwaly\/","title":{"rendered":"W Brzezince &#8220;Rondo Brzezinka&#8221;, a na Bojkowskiej? Zosta\u0142 ju\u017c skierowany wniosek o przygotowanie uchwa\u0142y"},"content":{"rendered":"<div class=\"gliwi-a6-nad-leadem-artykulow gliwi-entity-placement\" id=\"gliwi-2402682500\"><div class=\"gliwi-adlabel\"><span style=\"font-size: 9px\">REKLAMA<\/span><\/div><div id=\"gliwi-3996616513\" style=\"margin-bottom: 30px;margin-left: auto;margin-right: auto;text-align: center;\"><a data-no-instant=\"1\" href=\"https:\/\/przedszkole.halogen.org.pl\/\" rel=\"noopener\" class=\"a2t-link\" target=\"_blank\" aria-label=\"20260402-ANIMATOR-przedszkole_grafika_750x200\"><img loading=\"lazy\" decoding=\"async\" src=\"https:\/\/www.24gliwice.pl\/wiadomosci\/wp-content\/uploads\/2026\/04\/20260402-ANIMATOR-przedszkole_grafika_750x200.webp\" alt=\"\"  srcset=\"https:\/\/www.24gliwice.pl\/wiadomosci\/wp-content\/uploads\/2026\/04\/20260402-ANIMATOR-przedszkole_grafika_750x200.webp 750w, https:\/\/www.24gliwice.pl\/wiadomosci\/wp-content\/uploads\/2026\/04\/20260402-ANIMATOR-przedszkole_grafika_750x200-410x109.webp 410w\" sizes=\"(max-width: 750px) 100vw, 750px\" class=\"no-lazyload\" width=\"750\" height=\"200\"  style=\"display: inline-block; max-width: 100%; height: auto;\" \/><\/a><\/div><\/div><h3>Rondo w Brzezince mog\u0142o si\u0119 nazywa\u0107 inaczej, dyskusja w tej sprawie by\u0142a burzliwa. Ostatecznie nazw\u0119 zaproponowan\u0105 przez Stowarzyszenie Sybirak\u00f3w otrzyma rondo turbinowe na ulicy Bojkowskiej.<\/h3>\n<p>Nowe, czterowlotowe rondo u zbiegu ul. Kozielskiej, Wycz\u00f3\u0142kowskiego i Kresowej ma ju\u017c oficjaln\u0105 nazw\u0119 &#8211; Rondo Brzezinka. Nadano j\u0105 na wniosek Stowarzyszenia &#8220;Brzezinka Razem&#8221;.<\/p>\n<p><iframe loading=\"lazy\" src=\"https:\/\/www.facebook.com\/plugins\/video.php?href=https%3A%2F%2Fwww.facebook.com%2F24gliwice%2Fvideos%2F1904400406273423%2F&#038;width=810&#038;show_text=false&#038;appId=526665801043948&#038;height=411\" width=\"810\" height=\"411\" style=\"border:none;overflow:hidden\" scrolling=\"no\" frameborder=\"0\" allowTransparency=\"true\" allow=\"encrypted-media\" allowFullScreen=\"true\"><\/iframe><\/p>\n<p>Komisja Rozwoju Miasta i Inwestycji pozytywnie zaopiniowa\u0142a projekt uchwa\u0142y dotycz\u0105cej nadania nazwy niedawno wybudowanemu rondu. Sta\u0142o si\u0119 to jednak po burzliwej dyskusji podczas jej posiedzenia, w kt\u00f3rym uczestniczyli tak\u017ce cz\u0142onkowie Stowarzyszenia Sybirak\u00f3w.<\/p><div class=\"gliwi-a3-w-tresci-artykulow gliwi-entity-placement\" id=\"gliwi-1170951476\"><div class=\"gliwi-adlabel\"><span style=\"font-size: 9px\">REKLAMA<\/span><\/div><div id=\"gliwi-2353585777\" style=\"margin-bottom: 30px;margin-left: auto;margin-right: auto;text-align: center;\"><a data-no-instant=\"1\" href=\"https:\/\/zlobek.halogen.org.pl\/\" rel=\"noopener\" class=\"a2t-link\" target=\"_blank\" aria-label=\"animator-zlobek_750x200\"><img loading=\"lazy\" decoding=\"async\" src=\"https:\/\/www.24gliwice.pl\/wiadomosci\/wp-content\/uploads\/2026\/02\/animator-zlobek_750x200.webp\" alt=\"\"  srcset=\"https:\/\/www.24gliwice.pl\/wiadomosci\/wp-content\/uploads\/2026\/02\/animator-zlobek_750x200.webp 750w, https:\/\/www.24gliwice.pl\/wiadomosci\/wp-content\/uploads\/2026\/02\/animator-zlobek_750x200-410x109.webp 410w\" sizes=\"(max-width: 750px) 100vw, 750px\" class=\"no-lazyload\" width=\"750\" height=\"200\"  style=\"display: inline-block; max-width: 100%; height: auto;\" \/><\/a><\/div><\/div>\n[perfectpullquote align=&#8221;full&#8221; bordertop=&#8221;false&#8221; cite=&#8221;&#8221; link=&#8221;&#8221; color=&#8221;&#8221; class=&#8221;&#8221; size=&#8221;&#8221;]Jak zreferowa\u0142 przewodnicz\u0105cy tej komisji, Krzysztof Procel, go\u015bcie wnioskowali o to, by s\u0142owo &#8220;sybiracy&#8221; stanowi\u0142o cz\u0119\u015b\u0107 tej nazwy.[\/perfectpullquote]\n<p>&#8211; Przy okazji wyeksponowali fakt inny jeszcze, \u017ce nie chodzi im tylko o Sybirak\u00f3w, kt\u00f3rzy zostali wys\u0142ani z Kres\u00f3w Wschodnich, ale r\u00f3wnie\u017c o ludno\u015b\u0107 miejscow\u0105, ludno\u015b\u0107 \u015al\u0105ska, w tym r\u00f3wnie\u017c Gliwic, kt\u00f3rzy zostali deportowani tu\u017c po wojnie i niewielka cz\u0119\u015b\u0107, bo zaledwie kilkana\u015bcie procent z og\u00f3\u0142u deportowanych wr\u00f3ci\u0142o &#8211; t\u0142umaczy\u0142 <strong>Procel<\/strong> podczas posiedzenia.<\/p>\n<blockquote><p>Chodzi\u0142o im o to, \u017ceby w tej nazwie zawrze\u0107 r\u00f3wnie\u017c ludno\u015b\u0107 deportowan\u0105 z tych\u017ce okolic, a szczeg\u00f3lnie z Gliwic <\/p><\/blockquote>\n<p>&#8211; podkre\u015bla\u0142 przewodnicz\u0105cy komisji Rozwoju Miasta i Inwestycji.<\/p>\n<p>Procel wyja\u015bni\u0142, \u017ce komisja zaproponowa\u0142a inne rozwi\u0105zanie, kt\u00f3re spodoba\u0142o si\u0119 cz\u0142onkom Stowarzyszenia Sybirak\u00f3w. Rondo w Brzezince zostanie przy nazwie wnioskowanej przez Stowarzyszenie &#8220;Brzezinka Razem&#8221;, natomiast inne, r\u00f3wnie\u017c <a href=\"https:\/\/www.24gliwice.pl\/wiadomosci\/budowa-tego-ronda-pochlonela-6-mln-zl-docelowo-polaczy-ul-bojkowska-z-autostradami-a1-i-a4\/\" rel=\"noopener\" target=\"_blank\">niedawno wybudowane na ulicy Bojkowskiej, zaproponowano nazwa\u0107 Rondem Sybirak\u00f3w. <\/a><\/p>\n<p>Do wiceprezydenta <strong>Adama Neumanna<\/strong> zosta\u0142 ju\u017c skierowany wniosek o przygotowanie uchwa\u0142y w tej sprawie. <\/p>\n<p>(\u017cms)\/MSI<br \/>\nfot. arch. 24gliwice.pl<\/p>\n<div class=\"gliwi-a5-na-koncu-artykulow gliwi-entity-placement\" id=\"gliwi-4073331112\"><div class=\"gliwi-adlabel\"><span style=\"font-size: 9px\">REKLAMA<\/span><\/div><div id=\"gliwi-3709974588\" style=\"margin-left: auto;margin-right: auto;text-align: center;\"><a data-no-instant=\"1\" href=\"https:\/\/prezeroarenagliwice.pl\/\" rel=\"noopener\" class=\"a2t-link\" target=\"_blank\" aria-label=\"20260309-PREZERO-WIOSNA-D\"><img loading=\"lazy\" decoding=\"async\" src=\"https:\/\/www.24gliwice.pl\/wiadomosci\/wp-content\/uploads\/2026\/03\/20260309-PREZERO-WIOSNA-D.webp\" alt=\"\"  srcset=\"https:\/\/www.24gliwice.pl\/wiadomosci\/wp-content\/uploads\/2026\/03\/20260309-PREZERO-WIOSNA-D.webp 750w, https:\/\/www.24gliwice.pl\/wiadomosci\/wp-content\/uploads\/2026\/03\/20260309-PREZERO-WIOSNA-D-410x109.webp 410w\" sizes=\"(max-width: 750px) 100vw, 750px\" class=\"no-lazyload\" width=\"750\" height=\"200\"  style=\"display: inline-block; max-width: 100%; height: auto;\" \/><\/a><\/div><\/div>","protected":false},"excerpt":{"rendered":"<p>Rondo w Brzezince mog\u0142o si\u0119 nazywa\u0107 inaczej, dyskusja w tej sprawie by\u0142a burzliwa. Ostatecznie nazw\u0119 zaproponowan\u0105 przez Stowarzyszenie Sybirak\u00f3w otrzyma rondo turbinowe na ulicy Bojkowskiej. Nowe, czterowlotowe rondo u zbiegu ul. Kozielskiej, Wycz\u00f3\u0142kowskiego i Kresowej ma ju\u017c oficjaln\u0105 nazw\u0119 &#8211; Rondo Brzezinka. Nadano j\u0105 na wniosek Stowarzyszenia &#8220;Brzezinka Razem&#8221;. Komisja Rozwoju Miasta i Inwestycji pozytywnie [&hellip;]<\/p>\n","protected":false},"author":15,"featured_media":120911,"comment_status":"open","ping_status":"closed","sticky":false,"template":"","format":"standard","meta":{"_monsterinsights_skip_tracking":false,"_monsterinsights_sitenote_active":false,"_monsterinsights_sitenote_note":"","_monsterinsights_sitenote_category":0,"footnotes":"","_links_to":"","_links_to_target":""},"categories":[3,1,9],"tags":[5611,5324,476,11321,12794,13262,6022],"class_list":["post-122392","post","type-post","status-publish","format-standard","has-post-thumbnail","hentry","category-gliwice","category-wszystko","category-aktualnosci_lokalne","tag-bojkowska","tag-brzezinka","tag-kozielska","tag-kresowa","tag-rondo-brzezinka","tag-rondo-sybirakow","tag-wyczolkowskiego"],"yoast_head":"<!-- This site is optimized with the Yoast SEO plugin v27.5 - https:\/\/yoast.com\/product\/yoast-seo-wordpress\/ -->\n<title>W Brzezince &quot;Rondo Brzezinka&quot;, a na Bojkowskiej? Zosta\u0142 ju\u017c skierowany wniosek o przygotowanie uchwa\u0142y - 24GLIWICE - Portal Gliwice | codziennie nowe informacje<\/title>\n<meta name=\"robots\" content=\"index, follow, max-snippet:-1, max-image-preview:large, max-video-preview:-1\" \/>\n<link rel=\"canonical\" href=\"https:\/\/www.24gliwice.pl\/wiadomosci\/w-brzezince-rondo-brzezinka-a-na-bojkowskiej-zostal-juz-skierowany-wniosek-o-przygotowanie-uchwaly\/\" \/>\n<meta property=\"og:locale\" content=\"pl_PL\" \/>\n<meta property=\"og:type\" content=\"article\" \/>\n<meta property=\"og:title\" content=\"W Brzezince &quot;Rondo Brzezinka&quot;, a na Bojkowskiej? Zosta\u0142 ju\u017c skierowany wniosek o przygotowanie uchwa\u0142y - 24GLIWICE - Portal Gliwice | codziennie nowe informacje\" \/>\n<meta property=\"og:description\" content=\"Rondo w Brzezince mog\u0142o si\u0119 nazywa\u0107 inaczej, dyskusja w tej sprawie by\u0142a burzliwa. Ostatecznie nazw\u0119 zaproponowan\u0105 przez Stowarzyszenie Sybirak\u00f3w otrzyma rondo turbinowe na ulicy Bojkowskiej. Nowe, czterowlotowe rondo u zbiegu ul. Kozielskiej, Wycz\u00f3\u0142kowskiego i Kresowej ma ju\u017c oficjaln\u0105 nazw\u0119 &#8211; Rondo Brzezinka. Nadano j\u0105 na wniosek Stowarzyszenia &#8220;Brzezinka Razem&#8221;. Komisja Rozwoju Miasta i Inwestycji pozytywnie [&hellip;]\" \/>\n<meta property=\"og:url\" content=\"https:\/\/www.24gliwice.pl\/wiadomosci\/w-brzezince-rondo-brzezinka-a-na-bojkowskiej-zostal-juz-skierowany-wniosek-o-przygotowanie-uchwaly\/\" \/>\n<meta property=\"og:site_name\" content=\"24GLIWICE - Portal Gliwice | codziennie nowe informacje\" \/>\n<meta property=\"article:publisher\" content=\"https:\/\/www.facebook.com\/24gliwice\" \/>\n<meta property=\"article:published_time\" content=\"2018-09-07T11:06:33+00:00\" \/>\n<meta property=\"article:modified_time\" content=\"2018-09-07T11:06:51+00:00\" \/>\n<meta property=\"og:image\" content=\"https:\/\/www.24gliwice.pl\/wiadomosci\/wp-content\/uploads\/2018\/08\/rondo-brzezinka-e1533123988151.jpg\" \/>\n\t<meta property=\"og:image:width\" content=\"1200\" \/>\n\t<meta property=\"og:image:height\" content=\"675\" \/>\n\t<meta property=\"og:image:type\" content=\"image\/jpeg\" \/>\n<meta name=\"author\" content=\"\u017baneta Mrozek-Siewierska\" \/>\n<meta name=\"twitter:card\" content=\"summary_large_image\" \/>\n<meta name=\"twitter:creator\" content=\"@24gliwice\" \/>\n<meta name=\"twitter:site\" content=\"@24gliwice\" \/>\n<meta name=\"twitter:label1\" content=\"Napisane przez\" \/>\n\t<meta name=\"twitter:data1\" content=\"\u017baneta Mrozek-Siewierska\" \/>\n\t<meta name=\"twitter:label2\" content=\"Szacowany czas czytania\" \/>\n\t<meta name=\"twitter:data2\" content=\"1 minuta\" \/>\n<script type=\"application\/ld+json\" class=\"yoast-schema-graph\">{\"@context\":\"https:\\\/\\\/schema.org\",\"@graph\":[{\"@type\":\"Article\",\"@id\":\"https:\\\/\\\/www.24gliwice.pl\\\/wiadomosci\\\/w-brzezince-rondo-brzezinka-a-na-bojkowskiej-zostal-juz-skierowany-wniosek-o-przygotowanie-uchwaly\\\/#article\",\"isPartOf\":{\"@id\":\"https:\\\/\\\/www.24gliwice.pl\\\/wiadomosci\\\/w-brzezince-rondo-brzezinka-a-na-bojkowskiej-zostal-juz-skierowany-wniosek-o-przygotowanie-uchwaly\\\/\"},\"author\":{\"name\":\"\u017baneta Mrozek-Siewierska\",\"@id\":\"https:\\\/\\\/www.24gliwice.pl\\\/wiadomosci\\\/#\\\/schema\\\/person\\\/e42c650edd7f2fa332be3811fb166b6e\"},\"headline\":\"W Brzezince &#8220;Rondo Brzezinka&#8221;, a na Bojkowskiej? Zosta\u0142 ju\u017c skierowany wniosek o przygotowanie uchwa\u0142y\",\"datePublished\":\"2018-09-07T11:06:33+00:00\",\"dateModified\":\"2018-09-07T11:06:51+00:00\",\"mainEntityOfPage\":{\"@id\":\"https:\\\/\\\/www.24gliwice.pl\\\/wiadomosci\\\/w-brzezince-rondo-brzezinka-a-na-bojkowskiej-zostal-juz-skierowany-wniosek-o-przygotowanie-uchwaly\\\/\"},\"wordCount\":306,\"commentCount\":0,\"publisher\":{\"@id\":\"https:\\\/\\\/www.24gliwice.pl\\\/wiadomosci\\\/#organization\"},\"image\":{\"@id\":\"https:\\\/\\\/www.24gliwice.pl\\\/wiadomosci\\\/w-brzezince-rondo-brzezinka-a-na-bojkowskiej-zostal-juz-skierowany-wniosek-o-przygotowanie-uchwaly\\\/#primaryimage\"},\"thumbnailUrl\":\"https:\\\/\\\/www.24gliwice.pl\\\/wiadomosci\\\/wp-content\\\/uploads\\\/2018\\\/08\\\/rondo-brzezinka-e1533123988151.jpg\",\"keywords\":[\"BOJKOWSKA\",\"BRZEZINKA\",\"KOZIELSKA\",\"kresowa\",\"rondo brzezinka\",\"rondo sybirak\u00f3w\",\"wycz\u00f3\u0142kowskiego\"],\"articleSection\":[\"Gliwice\",\"Najnowsze wiadomo\u015bci\",\"Portal Gliwice - Wiadomo\u015bci lokalne\"],\"inLanguage\":\"pl-PL\",\"potentialAction\":[{\"@type\":\"CommentAction\",\"name\":\"Comment\",\"target\":[\"https:\\\/\\\/www.24gliwice.pl\\\/wiadomosci\\\/w-brzezince-rondo-brzezinka-a-na-bojkowskiej-zostal-juz-skierowany-wniosek-o-przygotowanie-uchwaly\\\/#respond\"]}]},{\"@type\":\"WebPage\",\"@id\":\"https:\\\/\\\/www.24gliwice.pl\\\/wiadomosci\\\/w-brzezince-rondo-brzezinka-a-na-bojkowskiej-zostal-juz-skierowany-wniosek-o-przygotowanie-uchwaly\\\/\",\"url\":\"https:\\\/\\\/www.24gliwice.pl\\\/wiadomosci\\\/w-brzezince-rondo-brzezinka-a-na-bojkowskiej-zostal-juz-skierowany-wniosek-o-przygotowanie-uchwaly\\\/\",\"name\":\"W Brzezince \\\"Rondo Brzezinka\\\", a na Bojkowskiej? Zosta\u0142 ju\u017c skierowany wniosek o przygotowanie uchwa\u0142y - 24GLIWICE - Portal Gliwice | codziennie nowe informacje\",\"isPartOf\":{\"@id\":\"https:\\\/\\\/www.24gliwice.pl\\\/wiadomosci\\\/#website\"},\"primaryImageOfPage\":{\"@id\":\"https:\\\/\\\/www.24gliwice.pl\\\/wiadomosci\\\/w-brzezince-rondo-brzezinka-a-na-bojkowskiej-zostal-juz-skierowany-wniosek-o-przygotowanie-uchwaly\\\/#primaryimage\"},\"image\":{\"@id\":\"https:\\\/\\\/www.24gliwice.pl\\\/wiadomosci\\\/w-brzezince-rondo-brzezinka-a-na-bojkowskiej-zostal-juz-skierowany-wniosek-o-przygotowanie-uchwaly\\\/#primaryimage\"},\"thumbnailUrl\":\"https:\\\/\\\/www.24gliwice.pl\\\/wiadomosci\\\/wp-content\\\/uploads\\\/2018\\\/08\\\/rondo-brzezinka-e1533123988151.jpg\",\"datePublished\":\"2018-09-07T11:06:33+00:00\",\"dateModified\":\"2018-09-07T11:06:51+00:00\",\"breadcrumb\":{\"@id\":\"https:\\\/\\\/www.24gliwice.pl\\\/wiadomosci\\\/w-brzezince-rondo-brzezinka-a-na-bojkowskiej-zostal-juz-skierowany-wniosek-o-przygotowanie-uchwaly\\\/#breadcrumb\"},\"inLanguage\":\"pl-PL\",\"potentialAction\":[{\"@type\":\"ReadAction\",\"target\":[\"https:\\\/\\\/www.24gliwice.pl\\\/wiadomosci\\\/w-brzezince-rondo-brzezinka-a-na-bojkowskiej-zostal-juz-skierowany-wniosek-o-przygotowanie-uchwaly\\\/\"]}]},{\"@type\":\"ImageObject\",\"inLanguage\":\"pl-PL\",\"@id\":\"https:\\\/\\\/www.24gliwice.pl\\\/wiadomosci\\\/w-brzezince-rondo-brzezinka-a-na-bojkowskiej-zostal-juz-skierowany-wniosek-o-przygotowanie-uchwaly\\\/#primaryimage\",\"url\":\"https:\\\/\\\/www.24gliwice.pl\\\/wiadomosci\\\/wp-content\\\/uploads\\\/2018\\\/08\\\/rondo-brzezinka-e1533123988151.jpg\",\"contentUrl\":\"https:\\\/\\\/www.24gliwice.pl\\\/wiadomosci\\\/wp-content\\\/uploads\\\/2018\\\/08\\\/rondo-brzezinka-e1533123988151.jpg\",\"width\":1200,\"height\":675},{\"@type\":\"BreadcrumbList\",\"@id\":\"https:\\\/\\\/www.24gliwice.pl\\\/wiadomosci\\\/w-brzezince-rondo-brzezinka-a-na-bojkowskiej-zostal-juz-skierowany-wniosek-o-przygotowanie-uchwaly\\\/#breadcrumb\",\"itemListElement\":[{\"@type\":\"ListItem\",\"position\":1,\"name\":\"Strona g\u0142\u00f3wna\",\"item\":\"https:\\\/\\\/www.24gliwice.pl\\\/wiadomosci\\\/\"},{\"@type\":\"ListItem\",\"position\":2,\"name\":\"W Brzezince &#8222;Rondo Brzezinka&#8221;, a na Bojkowskiej? Zosta\u0142 ju\u017c skierowany wniosek o przygotowanie uchwa\u0142y\"}]},{\"@type\":\"WebSite\",\"@id\":\"https:\\\/\\\/www.24gliwice.pl\\\/wiadomosci\\\/#website\",\"url\":\"https:\\\/\\\/www.24gliwice.pl\\\/wiadomosci\\\/\",\"name\":\"24GLIWICE - Portal Gliwice | codziennie nowe wiadomo\u015bci\",\"description\":\"Portal Miejski Gliwice\",\"publisher\":{\"@id\":\"https:\\\/\\\/www.24gliwice.pl\\\/wiadomosci\\\/#organization\"},\"potentialAction\":[{\"@type\":\"SearchAction\",\"target\":{\"@type\":\"EntryPoint\",\"urlTemplate\":\"https:\\\/\\\/www.24gliwice.pl\\\/wiadomosci\\\/?s={search_term_string}\"},\"query-input\":{\"@type\":\"PropertyValueSpecification\",\"valueRequired\":true,\"valueName\":\"search_term_string\"}}],\"inLanguage\":\"pl-PL\"},{\"@type\":\"Organization\",\"@id\":\"https:\\\/\\\/www.24gliwice.pl\\\/wiadomosci\\\/#organization\",\"name\":\"24gliwice\",\"url\":\"https:\\\/\\\/www.24gliwice.pl\\\/wiadomosci\\\/\",\"logo\":{\"@type\":\"ImageObject\",\"inLanguage\":\"pl-PL\",\"@id\":\"https:\\\/\\\/www.24gliwice.pl\\\/wiadomosci\\\/#\\\/schema\\\/logo\\\/image\\\/\",\"url\":\"https:\\\/\\\/www.24gliwice.pl\\\/wiadomosci\\\/wp-content\\\/uploads\\\/2024\\\/10\\\/24gliwice-logo-696.jpg\",\"contentUrl\":\"https:\\\/\\\/www.24gliwice.pl\\\/wiadomosci\\\/wp-content\\\/uploads\\\/2024\\\/10\\\/24gliwice-logo-696.jpg\",\"width\":696,\"height\":696,\"caption\":\"24gliwice\"},\"image\":{\"@id\":\"https:\\\/\\\/www.24gliwice.pl\\\/wiadomosci\\\/#\\\/schema\\\/logo\\\/image\\\/\"},\"sameAs\":[\"https:\\\/\\\/www.facebook.com\\\/24gliwice\",\"https:\\\/\\\/x.com\\\/24gliwice\",\"https:\\\/\\\/www.youtube.com\\\/@24gliwice\"]},{\"@type\":\"Person\",\"@id\":\"https:\\\/\\\/www.24gliwice.pl\\\/wiadomosci\\\/#\\\/schema\\\/person\\\/e42c650edd7f2fa332be3811fb166b6e\",\"name\":\"\u017baneta Mrozek-Siewierska\",\"image\":{\"@type\":\"ImageObject\",\"inLanguage\":\"pl-PL\",\"@id\":\"https:\\\/\\\/secure.gravatar.com\\\/avatar\\\/1881429e9c64597c77ad7aef2d0a19be69a3253e57534d16aa15bf3a4d34a0a3?s=96&d=mm&r=g\",\"url\":\"https:\\\/\\\/secure.gravatar.com\\\/avatar\\\/1881429e9c64597c77ad7aef2d0a19be69a3253e57534d16aa15bf3a4d34a0a3?s=96&d=mm&r=g\",\"contentUrl\":\"https:\\\/\\\/secure.gravatar.com\\\/avatar\\\/1881429e9c64597c77ad7aef2d0a19be69a3253e57534d16aa15bf3a4d34a0a3?s=96&d=mm&r=g\",\"caption\":\"\u017baneta Mrozek-Siewierska\"},\"url\":\"https:\\\/\\\/www.24gliwice.pl\\\/wiadomosci\\\/author\\\/zms\\\/\"}]}<\/script>\n<!-- \/ Yoast SEO plugin. -->","yoast_head_json":{"title":"W Brzezince \"Rondo Brzezinka\", a na Bojkowskiej? Zosta\u0142 ju\u017c skierowany wniosek o przygotowanie uchwa\u0142y - 24GLIWICE - Portal Gliwice | codziennie nowe informacje","robots":{"index":"index","follow":"follow","max-snippet":"max-snippet:-1","max-image-preview":"max-image-preview:large","max-video-preview":"max-video-preview:-1"},"canonical":"https:\/\/www.24gliwice.pl\/wiadomosci\/w-brzezince-rondo-brzezinka-a-na-bojkowskiej-zostal-juz-skierowany-wniosek-o-przygotowanie-uchwaly\/","og_locale":"pl_PL","og_type":"article","og_title":"W Brzezince \"Rondo Brzezinka\", a na Bojkowskiej? Zosta\u0142 ju\u017c skierowany wniosek o przygotowanie uchwa\u0142y - 24GLIWICE - Portal Gliwice | codziennie nowe informacje","og_description":"Rondo w Brzezince mog\u0142o si\u0119 nazywa\u0107 inaczej, dyskusja w tej sprawie by\u0142a burzliwa. Ostatecznie nazw\u0119 zaproponowan\u0105 przez Stowarzyszenie Sybirak\u00f3w otrzyma rondo turbinowe na ulicy Bojkowskiej. Nowe, czterowlotowe rondo u zbiegu ul. Kozielskiej, Wycz\u00f3\u0142kowskiego i Kresowej ma ju\u017c oficjaln\u0105 nazw\u0119 &#8211; Rondo Brzezinka. Nadano j\u0105 na wniosek Stowarzyszenia &#8220;Brzezinka Razem&#8221;. Komisja Rozwoju Miasta i Inwestycji pozytywnie [&hellip;]","og_url":"https:\/\/www.24gliwice.pl\/wiadomosci\/w-brzezince-rondo-brzezinka-a-na-bojkowskiej-zostal-juz-skierowany-wniosek-o-przygotowanie-uchwaly\/","og_site_name":"24GLIWICE - Portal Gliwice | codziennie nowe informacje","article_publisher":"https:\/\/www.facebook.com\/24gliwice","article_published_time":"2018-09-07T11:06:33+00:00","article_modified_time":"2018-09-07T11:06:51+00:00","og_image":[{"width":1200,"height":675,"url":"https:\/\/www.24gliwice.pl\/wiadomosci\/wp-content\/uploads\/2018\/08\/rondo-brzezinka-e1533123988151.jpg","type":"image\/jpeg"}],"author":"\u017baneta Mrozek-Siewierska","twitter_card":"summary_large_image","twitter_creator":"@24gliwice","twitter_site":"@24gliwice","twitter_misc":{"Napisane przez":"\u017baneta Mrozek-Siewierska","Szacowany czas czytania":"1 minuta"},"schema":{"@context":"https:\/\/schema.org","@graph":[{"@type":"Article","@id":"https:\/\/www.24gliwice.pl\/wiadomosci\/w-brzezince-rondo-brzezinka-a-na-bojkowskiej-zostal-juz-skierowany-wniosek-o-przygotowanie-uchwaly\/#article","isPartOf":{"@id":"https:\/\/www.24gliwice.pl\/wiadomosci\/w-brzezince-rondo-brzezinka-a-na-bojkowskiej-zostal-juz-skierowany-wniosek-o-przygotowanie-uchwaly\/"},"author":{"name":"\u017baneta Mrozek-Siewierska","@id":"https:\/\/www.24gliwice.pl\/wiadomosci\/#\/schema\/person\/e42c650edd7f2fa332be3811fb166b6e"},"headline":"W Brzezince &#8220;Rondo Brzezinka&#8221;, a na Bojkowskiej? Zosta\u0142 ju\u017c skierowany wniosek o przygotowanie uchwa\u0142y","datePublished":"2018-09-07T11:06:33+00:00","dateModified":"2018-09-07T11:06:51+00:00","mainEntityOfPage":{"@id":"https:\/\/www.24gliwice.pl\/wiadomosci\/w-brzezince-rondo-brzezinka-a-na-bojkowskiej-zostal-juz-skierowany-wniosek-o-przygotowanie-uchwaly\/"},"wordCount":306,"commentCount":0,"publisher":{"@id":"https:\/\/www.24gliwice.pl\/wiadomosci\/#organization"},"image":{"@id":"https:\/\/www.24gliwice.pl\/wiadomosci\/w-brzezince-rondo-brzezinka-a-na-bojkowskiej-zostal-juz-skierowany-wniosek-o-przygotowanie-uchwaly\/#primaryimage"},"thumbnailUrl":"https:\/\/www.24gliwice.pl\/wiadomosci\/wp-content\/uploads\/2018\/08\/rondo-brzezinka-e1533123988151.jpg","keywords":["BOJKOWSKA","BRZEZINKA","KOZIELSKA","kresowa","rondo brzezinka","rondo sybirak\u00f3w","wycz\u00f3\u0142kowskiego"],"articleSection":["Gliwice","Najnowsze wiadomo\u015bci","Portal Gliwice - Wiadomo\u015bci lokalne"],"inLanguage":"pl-PL","potentialAction":[{"@type":"CommentAction","name":"Comment","target":["https:\/\/www.24gliwice.pl\/wiadomosci\/w-brzezince-rondo-brzezinka-a-na-bojkowskiej-zostal-juz-skierowany-wniosek-o-przygotowanie-uchwaly\/#respond"]}]},{"@type":"WebPage","@id":"https:\/\/www.24gliwice.pl\/wiadomosci\/w-brzezince-rondo-brzezinka-a-na-bojkowskiej-zostal-juz-skierowany-wniosek-o-przygotowanie-uchwaly\/","url":"https:\/\/www.24gliwice.pl\/wiadomosci\/w-brzezince-rondo-brzezinka-a-na-bojkowskiej-zostal-juz-skierowany-wniosek-o-przygotowanie-uchwaly\/","name":"W Brzezince \"Rondo Brzezinka\", a na Bojkowskiej? Zosta\u0142 ju\u017c skierowany wniosek o przygotowanie uchwa\u0142y - 24GLIWICE - Portal Gliwice | codziennie nowe informacje","isPartOf":{"@id":"https:\/\/www.24gliwice.pl\/wiadomosci\/#website"},"primaryImageOfPage":{"@id":"https:\/\/www.24gliwice.pl\/wiadomosci\/w-brzezince-rondo-brzezinka-a-na-bojkowskiej-zostal-juz-skierowany-wniosek-o-przygotowanie-uchwaly\/#primaryimage"},"image":{"@id":"https:\/\/www.24gliwice.pl\/wiadomosci\/w-brzezince-rondo-brzezinka-a-na-bojkowskiej-zostal-juz-skierowany-wniosek-o-przygotowanie-uchwaly\/#primaryimage"},"thumbnailUrl":"https:\/\/www.24gliwice.pl\/wiadomosci\/wp-content\/uploads\/2018\/08\/rondo-brzezinka-e1533123988151.jpg","datePublished":"2018-09-07T11:06:33+00:00","dateModified":"2018-09-07T11:06:51+00:00","breadcrumb":{"@id":"https:\/\/www.24gliwice.pl\/wiadomosci\/w-brzezince-rondo-brzezinka-a-na-bojkowskiej-zostal-juz-skierowany-wniosek-o-przygotowanie-uchwaly\/#breadcrumb"},"inLanguage":"pl-PL","potentialAction":[{"@type":"ReadAction","target":["https:\/\/www.24gliwice.pl\/wiadomosci\/w-brzezince-rondo-brzezinka-a-na-bojkowskiej-zostal-juz-skierowany-wniosek-o-przygotowanie-uchwaly\/"]}]},{"@type":"ImageObject","inLanguage":"pl-PL","@id":"https:\/\/www.24gliwice.pl\/wiadomosci\/w-brzezince-rondo-brzezinka-a-na-bojkowskiej-zostal-juz-skierowany-wniosek-o-przygotowanie-uchwaly\/#primaryimage","url":"https:\/\/www.24gliwice.pl\/wiadomosci\/wp-content\/uploads\/2018\/08\/rondo-brzezinka-e1533123988151.jpg","contentUrl":"https:\/\/www.24gliwice.pl\/wiadomosci\/wp-content\/uploads\/2018\/08\/rondo-brzezinka-e1533123988151.jpg","width":1200,"height":675},{"@type":"BreadcrumbList","@id":"https:\/\/www.24gliwice.pl\/wiadomosci\/w-brzezince-rondo-brzezinka-a-na-bojkowskiej-zostal-juz-skierowany-wniosek-o-przygotowanie-uchwaly\/#breadcrumb","itemListElement":[{"@type":"ListItem","position":1,"name":"Strona g\u0142\u00f3wna","item":"https:\/\/www.24gliwice.pl\/wiadomosci\/"},{"@type":"ListItem","position":2,"name":"W Brzezince &#8222;Rondo Brzezinka&#8221;, a na Bojkowskiej? Zosta\u0142 ju\u017c skierowany wniosek o przygotowanie uchwa\u0142y"}]},{"@type":"WebSite","@id":"https:\/\/www.24gliwice.pl\/wiadomosci\/#website","url":"https:\/\/www.24gliwice.pl\/wiadomosci\/","name":"24GLIWICE - Portal Gliwice | codziennie nowe wiadomo\u015bci","description":"Portal Miejski Gliwice","publisher":{"@id":"https:\/\/www.24gliwice.pl\/wiadomosci\/#organization"},"potentialAction":[{"@type":"SearchAction","target":{"@type":"EntryPoint","urlTemplate":"https:\/\/www.24gliwice.pl\/wiadomosci\/?s={search_term_string}"},"query-input":{"@type":"PropertyValueSpecification","valueRequired":true,"valueName":"search_term_string"}}],"inLanguage":"pl-PL"},{"@type":"Organization","@id":"https:\/\/www.24gliwice.pl\/wiadomosci\/#organization","name":"24gliwice","url":"https:\/\/www.24gliwice.pl\/wiadomosci\/","logo":{"@type":"ImageObject","inLanguage":"pl-PL","@id":"https:\/\/www.24gliwice.pl\/wiadomosci\/#\/schema\/logo\/image\/","url":"https:\/\/www.24gliwice.pl\/wiadomosci\/wp-content\/uploads\/2024\/10\/24gliwice-logo-696.jpg","contentUrl":"https:\/\/www.24gliwice.pl\/wiadomosci\/wp-content\/uploads\/2024\/10\/24gliwice-logo-696.jpg","width":696,"height":696,"caption":"24gliwice"},"image":{"@id":"https:\/\/www.24gliwice.pl\/wiadomosci\/#\/schema\/logo\/image\/"},"sameAs":["https:\/\/www.facebook.com\/24gliwice","https:\/\/x.com\/24gliwice","https:\/\/www.youtube.com\/@24gliwice"]},{"@type":"Person","@id":"https:\/\/www.24gliwice.pl\/wiadomosci\/#\/schema\/person\/e42c650edd7f2fa332be3811fb166b6e","name":"\u017baneta Mrozek-Siewierska","image":{"@type":"ImageObject","inLanguage":"pl-PL","@id":"https:\/\/secure.gravatar.com\/avatar\/1881429e9c64597c77ad7aef2d0a19be69a3253e57534d16aa15bf3a4d34a0a3?s=96&d=mm&r=g","url":"https:\/\/secure.gravatar.com\/avatar\/1881429e9c64597c77ad7aef2d0a19be69a3253e57534d16aa15bf3a4d34a0a3?s=96&d=mm&r=g","contentUrl":"https:\/\/secure.gravatar.com\/avatar\/1881429e9c64597c77ad7aef2d0a19be69a3253e57534d16aa15bf3a4d34a0a3?s=96&d=mm&r=g","caption":"\u017baneta Mrozek-Siewierska"},"url":"https:\/\/www.24gliwice.pl\/wiadomosci\/author\/zms\/"}]}},"_links":{"self":[{"href":"https:\/\/www.24gliwice.pl\/wiadomosci\/wp-json\/wp\/v2\/posts\/122392","targetHints":{"allow":["GET"]}}],"collection":[{"href":"https:\/\/www.24gliwice.pl\/wiadomosci\/wp-json\/wp\/v2\/posts"}],"about":[{"href":"https:\/\/www.24gliwice.pl\/wiadomosci\/wp-json\/wp\/v2\/types\/post"}],"author":[{"embeddable":true,"href":"https:\/\/www.24gliwice.pl\/wiadomosci\/wp-json\/wp\/v2\/users\/15"}],"replies":[{"embeddable":true,"href":"https:\/\/www.24gliwice.pl\/wiadomosci\/wp-json\/wp\/v2\/comments?post=122392"}],"version-history":[{"count":0,"href":"https:\/\/www.24gliwice.pl\/wiadomosci\/wp-json\/wp\/v2\/posts\/122392\/revisions"}],"wp:featuredmedia":[{"embeddable":true,"href":"https:\/\/www.24gliwice.pl\/wiadomosci\/wp-json\/wp\/v2\/media\/120911"}],"wp:attachment":[{"href":"https:\/\/www.24gliwice.pl\/wiadomosci\/wp-json\/wp\/v2\/media?parent=122392"}],"wp:term":[{"taxonomy":"category","embeddable":true,"href":"https:\/\/www.24gliwice.pl\/wiadomosci\/wp-json\/wp\/v2\/categories?post=122392"},{"taxonomy":"post_tag","embeddable":true,"href":"https:\/\/www.24gliwice.pl\/wiadomosci\/wp-json\/wp\/v2\/tags?post=122392"}],"curies":[{"name":"wp","href":"https:\/\/api.w.org\/{rel}","templated":true}]}}