{"id":122406,"date":"2018-09-08T14:06:28","date_gmt":"2018-09-08T12:06:28","guid":{"rendered":"https:\/\/www.24gliwice.pl\/wiadomosci\/?p=122406"},"modified":"2018-09-09T18:21:07","modified_gmt":"2018-09-09T16:21:07","slug":"klony-srebrzyste-bez-statusu-pomnika-przyrody-wiadomo-co-zostanie-nasadzone-wzdluz-klodnicy","status":"publish","type":"post","link":"https:\/\/www.24gliwice.pl\/wiadomosci\/klony-srebrzyste-bez-statusu-pomnika-przyrody-wiadomo-co-zostanie-nasadzone-wzdluz-klodnicy\/","title":{"rendered":"Klony srebrzyste bez statusu pomnika przyrody. Wiadomo, co zostanie nasadzone wzd\u0142u\u017c K\u0142odnicy"},"content":{"rendered":"<div class=\"gliwi-a6-nad-leadem-artykulow gliwi-entity-placement\" id=\"gliwi-4242310349\"><div class=\"gliwi-adlabel\"><span style=\"font-size: 9px\">REKLAMA<\/span><\/div><div id=\"gliwi-3767304299\" style=\"margin-bottom: 30px;margin-left: auto;margin-right: auto;text-align: center;\"><a data-no-instant=\"1\" href=\"https:\/\/przedszkole.halogen.org.pl\/\" rel=\"noopener\" class=\"a2t-link\" target=\"_blank\" aria-label=\"20260402-ANIMATOR-przedszkole_grafika_750x200\"><img loading=\"lazy\" decoding=\"async\" src=\"https:\/\/www.24gliwice.pl\/wiadomosci\/wp-content\/uploads\/2026\/04\/20260402-ANIMATOR-przedszkole_grafika_750x200.webp\" alt=\"\"  srcset=\"https:\/\/www.24gliwice.pl\/wiadomosci\/wp-content\/uploads\/2026\/04\/20260402-ANIMATOR-przedszkole_grafika_750x200.webp 750w, https:\/\/www.24gliwice.pl\/wiadomosci\/wp-content\/uploads\/2026\/04\/20260402-ANIMATOR-przedszkole_grafika_750x200-410x109.webp 410w\" sizes=\"(max-width: 750px) 100vw, 750px\" class=\"no-lazyload\" width=\"750\" height=\"200\"  style=\"display: inline-block; max-width: 100%; height: auto;\" \/><\/a><\/div><\/div><h3>Czy wszystkie klony srebrzyste wzd\u0142u\u017c K\u0142odnicy p\u00f3jd\u0105 do wyci\u0119cia, to zale\u017cy od decyzji Marsza\u0142ka Wojew\u00f3dztwa. Wiadomo jednak co zostanie tam nasadzone. B\u0119dzie to g\u0142\u00f3g dwuszyjkowy w liczbie co najmniej 15 sztuk.<\/h3>\n<p>Podczas czwartkowej sesji Rady Miasta radni jednomy\u015blnie podj\u0119li uchwa\u0142\u0119 o zniesieniu statusu pomnika przyrody, nadanemu 15 klonom srebrzystym rosn\u0105cym przy ulicy K\u0142odnickiej.<\/p>\n<p>G\u0142osowanie poprzedzone by\u0142o dyskusj\u0105, podczas kt\u00f3rej cz\u0119\u015b\u0107 zebranych stara\u0142a si\u0119 ustali\u0107, czy wszystkie drzewa zostan\u0105 wyci\u0119te. Tego jednak jednoznacznie nie potwierdzono.<\/p><div class=\"gliwi-a3-w-tresci-artykulow gliwi-entity-placement\" id=\"gliwi-2871779077\"><div class=\"gliwi-adlabel\"><span style=\"font-size: 9px\">REKLAMA<\/span><\/div><div id=\"gliwi-544278173\" style=\"margin-bottom: 30px;margin-left: auto;margin-right: auto;text-align: center;\"><a data-no-instant=\"1\" href=\"https:\/\/ogrodyandersa.pl\/\" rel=\"noopener\" class=\"a2t-link\" target=\"_blank\" aria-label=\"20260415 Ogrody Andersa KUP TERAZ D\"><img loading=\"lazy\" decoding=\"async\" src=\"https:\/\/www.24gliwice.pl\/wiadomosci\/wp-content\/uploads\/2026\/04\/20260415-Ogrody-Andersa-KUP-TERAZ-D.jpg\" alt=\"\"  srcset=\"https:\/\/www.24gliwice.pl\/wiadomosci\/wp-content\/uploads\/2026\/04\/20260415-Ogrody-Andersa-KUP-TERAZ-D.jpg 750w, https:\/\/www.24gliwice.pl\/wiadomosci\/wp-content\/uploads\/2026\/04\/20260415-Ogrody-Andersa-KUP-TERAZ-D-410x109.jpg 410w\" sizes=\"(max-width: 750px) 100vw, 750px\" class=\"no-lazyload\" width=\"750\" height=\"200\"  style=\"display: inline-block; max-width: 100%; height: auto;\" \/><\/a><\/div><\/div>\n<blockquote><p>To pan Marsza\u0142ek b\u0119dzie wydawa\u0142 decyzj\u0119 w tej sprawie, niestety takie s\u0105 zapisy ustawy<\/p><\/blockquote>\n<p>&#8211; odpowiedzia\u0142 na pytania <strong>Kajetana Gorniga<\/strong> przewodnicz\u0105cy Rady Miasta, <strong>Marek Pszonak<\/strong>.<\/p>\n<p>Przypomnijmy &#8211; klony znad K\u0142odnicy pomnikiem przyrody s\u0105 od 2005 roku. Zyska\u0142y ten status ze wzgl\u0119du na szczeg\u00f3lne walory przyrodnicze. W marcu tego roku pod obrady Rady Miasta trafi\u0142 projekt uchwa\u0142y znosz\u0105cej t\u0105 ochron\u0119. Jak argumentowa\u0142 w\u00f3wczas Magistrat, drzewa nie tylko straci\u0142y na warto\u015bci, ale mog\u0105 te\u017c stanowi\u0107 zagro\u017cenie dla \u201cbezpiecze\u0144stwa powszechnego\u201d.<\/p>\n[perfectpullquote align=&#8221;full&#8221; bordertop=&#8221;false&#8221; cite=&#8221;&#8221; link=&#8221;&#8221; color=&#8221;&#8221; class=&#8221;&#8221; size=&#8221;&#8221;]Ostatecznie w\u00f3wczas projekt zdj\u0119to z obrad do czasu wykonania niezale\u017cnej ekspertyzy dendrologicznej. Wykona\u0142o j\u0105 Centrum Dendrologiczne z Nadarzyna.[\/perfectpullquote]\n<p>Wynika z niej jednoznacznie, \u017ce drzewa stanowi\u0105 niebezpiecze\u0144stwo dla os\u00f3b i mienia. W przypadku 4 z\u0142amanych przez silne wiatry drzew nast\u0105pi\u0142a ca\u0142kowita utrata walor\u00f3w przyrodniczych. U pozosta\u0142ych zaobserwowano post\u0119puj\u0105ce pogarszanie stanu zdrowotnego, przy jednoczesnym braku mo\u017cliwo\u015bci wykonywania efektywnych zabieg\u00f3w piel\u0119gnacyjnych, kt\u00f3re powstrzyma\u0142yby proces obumierania klon\u00f3w.<\/p>\n<p>(\u017cms)<\/p>\n<div class=\"gliwi-a5-na-koncu-artykulow gliwi-entity-placement\" id=\"gliwi-1948543137\"><div class=\"gliwi-adlabel\"><span style=\"font-size: 9px\">REKLAMA<\/span><\/div><div id=\"gliwi-2783975982\" style=\"margin-left: auto;margin-right: auto;text-align: center;\"><a data-no-instant=\"1\" href=\"https:\/\/www.jasek.pl\/\" rel=\"noopener\" class=\"a2t-link\" target=\"_blank\" aria-label=\"20200401-jasek 600\"><img loading=\"lazy\" decoding=\"async\" src=\"https:\/\/www.24gliwice.pl\/wiadomosci\/wp-content\/uploads\/2020\/04\/20200401-jasek-600.jpg\" alt=\"\"  srcset=\"https:\/\/www.24gliwice.pl\/wiadomosci\/wp-content\/uploads\/2020\/04\/20200401-jasek-600.jpg 600w, https:\/\/www.24gliwice.pl\/wiadomosci\/wp-content\/uploads\/2020\/04\/20200401-jasek-600-410x109.jpg 410w\" sizes=\"(max-width: 600px) 100vw, 600px\" class=\"no-lazyload\" width=\"600\" height=\"160\"  style=\"display: inline-block; max-width: 100%; height: auto;\" \/><\/a><\/div><\/div>","protected":false},"excerpt":{"rendered":"<p>Czy wszystkie klony srebrzyste wzd\u0142u\u017c K\u0142odnicy p\u00f3jd\u0105 do wyci\u0119cia, to zale\u017cy od decyzji Marsza\u0142ka Wojew\u00f3dztwa. Wiadomo jednak co zostanie tam nasadzone. B\u0119dzie to g\u0142\u00f3g dwuszyjkowy w liczbie co najmniej 15 sztuk. Podczas czwartkowej sesji Rady Miasta radni jednomy\u015blnie podj\u0119li uchwa\u0142\u0119 o zniesieniu statusu pomnika przyrody, nadanemu 15 klonom srebrzystym rosn\u0105cym przy ulicy K\u0142odnickiej. G\u0142osowanie poprzedzone [&hellip;]<\/p>\n","protected":false},"author":15,"featured_media":119964,"comment_status":"open","ping_status":"closed","sticky":false,"template":"","format":"standard","meta":{"_monsterinsights_skip_tracking":false,"_monsterinsights_sitenote_active":false,"_monsterinsights_sitenote_note":"","_monsterinsights_sitenote_category":0,"footnotes":"","_links_to":"","_links_to_target":""},"categories":[3,1,9],"tags":[8540,5343,9438,257,38,6957,214,11958],"class_list":["post-122406","post","type-post","status-publish","format-standard","has-post-thumbnail","hentry","category-gliwice","category-wszystko","category-aktualnosci_lokalne","tag-drzewa","tag-klodnica","tag-klodnicka","tag-mzuk","tag-rada-miasta","tag-sesja-rady-miasta","tag-zdm","tag-zielen-miejska"],"yoast_head":"<!-- This site is optimized with the Yoast SEO plugin v27.5 - https:\/\/yoast.com\/product\/yoast-seo-wordpress\/ -->\n<title>Klony srebrzyste bez statusu pomnika przyrody. Wiadomo, co zostanie nasadzone wzd\u0142u\u017c K\u0142odnicy - 24GLIWICE - Portal Gliwice | codziennie nowe informacje<\/title>\n<meta name=\"robots\" content=\"index, follow, max-snippet:-1, max-image-preview:large, max-video-preview:-1\" \/>\n<link rel=\"canonical\" href=\"https:\/\/www.24gliwice.pl\/wiadomosci\/klony-srebrzyste-bez-statusu-pomnika-przyrody-wiadomo-co-zostanie-nasadzone-wzdluz-klodnicy\/\" \/>\n<meta property=\"og:locale\" content=\"pl_PL\" \/>\n<meta property=\"og:type\" content=\"article\" \/>\n<meta property=\"og:title\" content=\"Klony srebrzyste bez statusu pomnika przyrody. Wiadomo, co zostanie nasadzone wzd\u0142u\u017c K\u0142odnicy - 24GLIWICE - Portal Gliwice | codziennie nowe informacje\" \/>\n<meta property=\"og:description\" content=\"Czy wszystkie klony srebrzyste wzd\u0142u\u017c K\u0142odnicy p\u00f3jd\u0105 do wyci\u0119cia, to zale\u017cy od decyzji Marsza\u0142ka Wojew\u00f3dztwa. Wiadomo jednak co zostanie tam nasadzone. B\u0119dzie to g\u0142\u00f3g dwuszyjkowy w liczbie co najmniej 15 sztuk. Podczas czwartkowej sesji Rady Miasta radni jednomy\u015blnie podj\u0119li uchwa\u0142\u0119 o zniesieniu statusu pomnika przyrody, nadanemu 15 klonom srebrzystym rosn\u0105cym przy ulicy K\u0142odnickiej. G\u0142osowanie poprzedzone [&hellip;]\" \/>\n<meta property=\"og:url\" content=\"https:\/\/www.24gliwice.pl\/wiadomosci\/klony-srebrzyste-bez-statusu-pomnika-przyrody-wiadomo-co-zostanie-nasadzone-wzdluz-klodnicy\/\" \/>\n<meta property=\"og:site_name\" content=\"24GLIWICE - Portal Gliwice | codziennie nowe informacje\" \/>\n<meta property=\"article:publisher\" content=\"https:\/\/www.facebook.com\/24gliwice\" \/>\n<meta property=\"article:published_time\" content=\"2018-09-08T12:06:28+00:00\" \/>\n<meta property=\"article:modified_time\" content=\"2018-09-09T16:21:07+00:00\" \/>\n<meta property=\"og:image\" content=\"https:\/\/www.24gliwice.pl\/wiadomosci\/wp-content\/uploads\/2018\/07\/1-klony-klodnicka-10.jpg\" \/>\n\t<meta property=\"og:image:width\" content=\"810\" \/>\n\t<meta property=\"og:image:height\" content=\"456\" \/>\n\t<meta property=\"og:image:type\" content=\"image\/jpeg\" \/>\n<meta name=\"author\" content=\"\u017baneta Mrozek-Siewierska\" \/>\n<meta name=\"twitter:card\" content=\"summary_large_image\" \/>\n<meta name=\"twitter:creator\" content=\"@24gliwice\" \/>\n<meta name=\"twitter:site\" content=\"@24gliwice\" \/>\n<meta name=\"twitter:label1\" content=\"Napisane przez\" \/>\n\t<meta name=\"twitter:data1\" content=\"\u017baneta Mrozek-Siewierska\" \/>\n\t<meta name=\"twitter:label2\" content=\"Szacowany czas czytania\" \/>\n\t<meta name=\"twitter:data2\" content=\"1 minuta\" \/>\n<script type=\"application\/ld+json\" class=\"yoast-schema-graph\">{\"@context\":\"https:\\\/\\\/schema.org\",\"@graph\":[{\"@type\":\"Article\",\"@id\":\"https:\\\/\\\/www.24gliwice.pl\\\/wiadomosci\\\/klony-srebrzyste-bez-statusu-pomnika-przyrody-wiadomo-co-zostanie-nasadzone-wzdluz-klodnicy\\\/#article\",\"isPartOf\":{\"@id\":\"https:\\\/\\\/www.24gliwice.pl\\\/wiadomosci\\\/klony-srebrzyste-bez-statusu-pomnika-przyrody-wiadomo-co-zostanie-nasadzone-wzdluz-klodnicy\\\/\"},\"author\":{\"name\":\"\u017baneta Mrozek-Siewierska\",\"@id\":\"https:\\\/\\\/www.24gliwice.pl\\\/wiadomosci\\\/#\\\/schema\\\/person\\\/e42c650edd7f2fa332be3811fb166b6e\"},\"headline\":\"Klony srebrzyste bez statusu pomnika przyrody. Wiadomo, co zostanie nasadzone wzd\u0142u\u017c K\u0142odnicy\",\"datePublished\":\"2018-09-08T12:06:28+00:00\",\"dateModified\":\"2018-09-09T16:21:07+00:00\",\"mainEntityOfPage\":{\"@id\":\"https:\\\/\\\/www.24gliwice.pl\\\/wiadomosci\\\/klony-srebrzyste-bez-statusu-pomnika-przyrody-wiadomo-co-zostanie-nasadzone-wzdluz-klodnicy\\\/\"},\"wordCount\":289,\"commentCount\":0,\"publisher\":{\"@id\":\"https:\\\/\\\/www.24gliwice.pl\\\/wiadomosci\\\/#organization\"},\"image\":{\"@id\":\"https:\\\/\\\/www.24gliwice.pl\\\/wiadomosci\\\/klony-srebrzyste-bez-statusu-pomnika-przyrody-wiadomo-co-zostanie-nasadzone-wzdluz-klodnicy\\\/#primaryimage\"},\"thumbnailUrl\":\"https:\\\/\\\/www.24gliwice.pl\\\/wiadomosci\\\/wp-content\\\/uploads\\\/2018\\\/07\\\/1-klony-klodnicka-10.jpg\",\"keywords\":[\"DRZEWA\",\"K\u0141ODNICA\",\"k\u0142odnicka\",\"MZUK\",\"RADA MIASTA\",\"SESJA RADY MIASTA\",\"ZDM\",\"ziele\u0144 miejska\"],\"articleSection\":[\"Gliwice\",\"Najnowsze wiadomo\u015bci\",\"Portal Gliwice - Wiadomo\u015bci lokalne\"],\"inLanguage\":\"pl-PL\",\"potentialAction\":[{\"@type\":\"CommentAction\",\"name\":\"Comment\",\"target\":[\"https:\\\/\\\/www.24gliwice.pl\\\/wiadomosci\\\/klony-srebrzyste-bez-statusu-pomnika-przyrody-wiadomo-co-zostanie-nasadzone-wzdluz-klodnicy\\\/#respond\"]}]},{\"@type\":\"WebPage\",\"@id\":\"https:\\\/\\\/www.24gliwice.pl\\\/wiadomosci\\\/klony-srebrzyste-bez-statusu-pomnika-przyrody-wiadomo-co-zostanie-nasadzone-wzdluz-klodnicy\\\/\",\"url\":\"https:\\\/\\\/www.24gliwice.pl\\\/wiadomosci\\\/klony-srebrzyste-bez-statusu-pomnika-przyrody-wiadomo-co-zostanie-nasadzone-wzdluz-klodnicy\\\/\",\"name\":\"Klony srebrzyste bez statusu pomnika przyrody. Wiadomo, co zostanie nasadzone wzd\u0142u\u017c K\u0142odnicy - 24GLIWICE - Portal Gliwice | codziennie nowe informacje\",\"isPartOf\":{\"@id\":\"https:\\\/\\\/www.24gliwice.pl\\\/wiadomosci\\\/#website\"},\"primaryImageOfPage\":{\"@id\":\"https:\\\/\\\/www.24gliwice.pl\\\/wiadomosci\\\/klony-srebrzyste-bez-statusu-pomnika-przyrody-wiadomo-co-zostanie-nasadzone-wzdluz-klodnicy\\\/#primaryimage\"},\"image\":{\"@id\":\"https:\\\/\\\/www.24gliwice.pl\\\/wiadomosci\\\/klony-srebrzyste-bez-statusu-pomnika-przyrody-wiadomo-co-zostanie-nasadzone-wzdluz-klodnicy\\\/#primaryimage\"},\"thumbnailUrl\":\"https:\\\/\\\/www.24gliwice.pl\\\/wiadomosci\\\/wp-content\\\/uploads\\\/2018\\\/07\\\/1-klony-klodnicka-10.jpg\",\"datePublished\":\"2018-09-08T12:06:28+00:00\",\"dateModified\":\"2018-09-09T16:21:07+00:00\",\"breadcrumb\":{\"@id\":\"https:\\\/\\\/www.24gliwice.pl\\\/wiadomosci\\\/klony-srebrzyste-bez-statusu-pomnika-przyrody-wiadomo-co-zostanie-nasadzone-wzdluz-klodnicy\\\/#breadcrumb\"},\"inLanguage\":\"pl-PL\",\"potentialAction\":[{\"@type\":\"ReadAction\",\"target\":[\"https:\\\/\\\/www.24gliwice.pl\\\/wiadomosci\\\/klony-srebrzyste-bez-statusu-pomnika-przyrody-wiadomo-co-zostanie-nasadzone-wzdluz-klodnicy\\\/\"]}]},{\"@type\":\"ImageObject\",\"inLanguage\":\"pl-PL\",\"@id\":\"https:\\\/\\\/www.24gliwice.pl\\\/wiadomosci\\\/klony-srebrzyste-bez-statusu-pomnika-przyrody-wiadomo-co-zostanie-nasadzone-wzdluz-klodnicy\\\/#primaryimage\",\"url\":\"https:\\\/\\\/www.24gliwice.pl\\\/wiadomosci\\\/wp-content\\\/uploads\\\/2018\\\/07\\\/1-klony-klodnicka-10.jpg\",\"contentUrl\":\"https:\\\/\\\/www.24gliwice.pl\\\/wiadomosci\\\/wp-content\\\/uploads\\\/2018\\\/07\\\/1-klony-klodnicka-10.jpg\",\"width\":810,\"height\":456},{\"@type\":\"BreadcrumbList\",\"@id\":\"https:\\\/\\\/www.24gliwice.pl\\\/wiadomosci\\\/klony-srebrzyste-bez-statusu-pomnika-przyrody-wiadomo-co-zostanie-nasadzone-wzdluz-klodnicy\\\/#breadcrumb\",\"itemListElement\":[{\"@type\":\"ListItem\",\"position\":1,\"name\":\"Strona g\u0142\u00f3wna\",\"item\":\"https:\\\/\\\/www.24gliwice.pl\\\/wiadomosci\\\/\"},{\"@type\":\"ListItem\",\"position\":2,\"name\":\"Klony srebrzyste bez statusu pomnika przyrody. Wiadomo, co zostanie nasadzone wzd\u0142u\u017c K\u0142odnicy\"}]},{\"@type\":\"WebSite\",\"@id\":\"https:\\\/\\\/www.24gliwice.pl\\\/wiadomosci\\\/#website\",\"url\":\"https:\\\/\\\/www.24gliwice.pl\\\/wiadomosci\\\/\",\"name\":\"24GLIWICE - Portal Gliwice | codziennie nowe wiadomo\u015bci\",\"description\":\"Portal Miejski Gliwice\",\"publisher\":{\"@id\":\"https:\\\/\\\/www.24gliwice.pl\\\/wiadomosci\\\/#organization\"},\"potentialAction\":[{\"@type\":\"SearchAction\",\"target\":{\"@type\":\"EntryPoint\",\"urlTemplate\":\"https:\\\/\\\/www.24gliwice.pl\\\/wiadomosci\\\/?s={search_term_string}\"},\"query-input\":{\"@type\":\"PropertyValueSpecification\",\"valueRequired\":true,\"valueName\":\"search_term_string\"}}],\"inLanguage\":\"pl-PL\"},{\"@type\":\"Organization\",\"@id\":\"https:\\\/\\\/www.24gliwice.pl\\\/wiadomosci\\\/#organization\",\"name\":\"24gliwice\",\"url\":\"https:\\\/\\\/www.24gliwice.pl\\\/wiadomosci\\\/\",\"logo\":{\"@type\":\"ImageObject\",\"inLanguage\":\"pl-PL\",\"@id\":\"https:\\\/\\\/www.24gliwice.pl\\\/wiadomosci\\\/#\\\/schema\\\/logo\\\/image\\\/\",\"url\":\"https:\\\/\\\/www.24gliwice.pl\\\/wiadomosci\\\/wp-content\\\/uploads\\\/2024\\\/10\\\/24gliwice-logo-696.jpg\",\"contentUrl\":\"https:\\\/\\\/www.24gliwice.pl\\\/wiadomosci\\\/wp-content\\\/uploads\\\/2024\\\/10\\\/24gliwice-logo-696.jpg\",\"width\":696,\"height\":696,\"caption\":\"24gliwice\"},\"image\":{\"@id\":\"https:\\\/\\\/www.24gliwice.pl\\\/wiadomosci\\\/#\\\/schema\\\/logo\\\/image\\\/\"},\"sameAs\":[\"https:\\\/\\\/www.facebook.com\\\/24gliwice\",\"https:\\\/\\\/x.com\\\/24gliwice\",\"https:\\\/\\\/www.youtube.com\\\/@24gliwice\"]},{\"@type\":\"Person\",\"@id\":\"https:\\\/\\\/www.24gliwice.pl\\\/wiadomosci\\\/#\\\/schema\\\/person\\\/e42c650edd7f2fa332be3811fb166b6e\",\"name\":\"\u017baneta Mrozek-Siewierska\",\"image\":{\"@type\":\"ImageObject\",\"inLanguage\":\"pl-PL\",\"@id\":\"https:\\\/\\\/secure.gravatar.com\\\/avatar\\\/1881429e9c64597c77ad7aef2d0a19be69a3253e57534d16aa15bf3a4d34a0a3?s=96&d=mm&r=g\",\"url\":\"https:\\\/\\\/secure.gravatar.com\\\/avatar\\\/1881429e9c64597c77ad7aef2d0a19be69a3253e57534d16aa15bf3a4d34a0a3?s=96&d=mm&r=g\",\"contentUrl\":\"https:\\\/\\\/secure.gravatar.com\\\/avatar\\\/1881429e9c64597c77ad7aef2d0a19be69a3253e57534d16aa15bf3a4d34a0a3?s=96&d=mm&r=g\",\"caption\":\"\u017baneta Mrozek-Siewierska\"},\"url\":\"https:\\\/\\\/www.24gliwice.pl\\\/wiadomosci\\\/author\\\/zms\\\/\"}]}<\/script>\n<!-- \/ Yoast SEO plugin. -->","yoast_head_json":{"title":"Klony srebrzyste bez statusu pomnika przyrody. Wiadomo, co zostanie nasadzone wzd\u0142u\u017c K\u0142odnicy - 24GLIWICE - Portal Gliwice | codziennie nowe informacje","robots":{"index":"index","follow":"follow","max-snippet":"max-snippet:-1","max-image-preview":"max-image-preview:large","max-video-preview":"max-video-preview:-1"},"canonical":"https:\/\/www.24gliwice.pl\/wiadomosci\/klony-srebrzyste-bez-statusu-pomnika-przyrody-wiadomo-co-zostanie-nasadzone-wzdluz-klodnicy\/","og_locale":"pl_PL","og_type":"article","og_title":"Klony srebrzyste bez statusu pomnika przyrody. Wiadomo, co zostanie nasadzone wzd\u0142u\u017c K\u0142odnicy - 24GLIWICE - Portal Gliwice | codziennie nowe informacje","og_description":"Czy wszystkie klony srebrzyste wzd\u0142u\u017c K\u0142odnicy p\u00f3jd\u0105 do wyci\u0119cia, to zale\u017cy od decyzji Marsza\u0142ka Wojew\u00f3dztwa. Wiadomo jednak co zostanie tam nasadzone. B\u0119dzie to g\u0142\u00f3g dwuszyjkowy w liczbie co najmniej 15 sztuk. Podczas czwartkowej sesji Rady Miasta radni jednomy\u015blnie podj\u0119li uchwa\u0142\u0119 o zniesieniu statusu pomnika przyrody, nadanemu 15 klonom srebrzystym rosn\u0105cym przy ulicy K\u0142odnickiej. G\u0142osowanie poprzedzone [&hellip;]","og_url":"https:\/\/www.24gliwice.pl\/wiadomosci\/klony-srebrzyste-bez-statusu-pomnika-przyrody-wiadomo-co-zostanie-nasadzone-wzdluz-klodnicy\/","og_site_name":"24GLIWICE - Portal Gliwice | codziennie nowe informacje","article_publisher":"https:\/\/www.facebook.com\/24gliwice","article_published_time":"2018-09-08T12:06:28+00:00","article_modified_time":"2018-09-09T16:21:07+00:00","og_image":[{"width":810,"height":456,"url":"https:\/\/www.24gliwice.pl\/wiadomosci\/wp-content\/uploads\/2018\/07\/1-klony-klodnicka-10.jpg","type":"image\/jpeg"}],"author":"\u017baneta Mrozek-Siewierska","twitter_card":"summary_large_image","twitter_creator":"@24gliwice","twitter_site":"@24gliwice","twitter_misc":{"Napisane przez":"\u017baneta Mrozek-Siewierska","Szacowany czas czytania":"1 minuta"},"schema":{"@context":"https:\/\/schema.org","@graph":[{"@type":"Article","@id":"https:\/\/www.24gliwice.pl\/wiadomosci\/klony-srebrzyste-bez-statusu-pomnika-przyrody-wiadomo-co-zostanie-nasadzone-wzdluz-klodnicy\/#article","isPartOf":{"@id":"https:\/\/www.24gliwice.pl\/wiadomosci\/klony-srebrzyste-bez-statusu-pomnika-przyrody-wiadomo-co-zostanie-nasadzone-wzdluz-klodnicy\/"},"author":{"name":"\u017baneta Mrozek-Siewierska","@id":"https:\/\/www.24gliwice.pl\/wiadomosci\/#\/schema\/person\/e42c650edd7f2fa332be3811fb166b6e"},"headline":"Klony srebrzyste bez statusu pomnika przyrody. Wiadomo, co zostanie nasadzone wzd\u0142u\u017c K\u0142odnicy","datePublished":"2018-09-08T12:06:28+00:00","dateModified":"2018-09-09T16:21:07+00:00","mainEntityOfPage":{"@id":"https:\/\/www.24gliwice.pl\/wiadomosci\/klony-srebrzyste-bez-statusu-pomnika-przyrody-wiadomo-co-zostanie-nasadzone-wzdluz-klodnicy\/"},"wordCount":289,"commentCount":0,"publisher":{"@id":"https:\/\/www.24gliwice.pl\/wiadomosci\/#organization"},"image":{"@id":"https:\/\/www.24gliwice.pl\/wiadomosci\/klony-srebrzyste-bez-statusu-pomnika-przyrody-wiadomo-co-zostanie-nasadzone-wzdluz-klodnicy\/#primaryimage"},"thumbnailUrl":"https:\/\/www.24gliwice.pl\/wiadomosci\/wp-content\/uploads\/2018\/07\/1-klony-klodnicka-10.jpg","keywords":["DRZEWA","K\u0141ODNICA","k\u0142odnicka","MZUK","RADA MIASTA","SESJA RADY MIASTA","ZDM","ziele\u0144 miejska"],"articleSection":["Gliwice","Najnowsze wiadomo\u015bci","Portal Gliwice - Wiadomo\u015bci lokalne"],"inLanguage":"pl-PL","potentialAction":[{"@type":"CommentAction","name":"Comment","target":["https:\/\/www.24gliwice.pl\/wiadomosci\/klony-srebrzyste-bez-statusu-pomnika-przyrody-wiadomo-co-zostanie-nasadzone-wzdluz-klodnicy\/#respond"]}]},{"@type":"WebPage","@id":"https:\/\/www.24gliwice.pl\/wiadomosci\/klony-srebrzyste-bez-statusu-pomnika-przyrody-wiadomo-co-zostanie-nasadzone-wzdluz-klodnicy\/","url":"https:\/\/www.24gliwice.pl\/wiadomosci\/klony-srebrzyste-bez-statusu-pomnika-przyrody-wiadomo-co-zostanie-nasadzone-wzdluz-klodnicy\/","name":"Klony srebrzyste bez statusu pomnika przyrody. Wiadomo, co zostanie nasadzone wzd\u0142u\u017c K\u0142odnicy - 24GLIWICE - Portal Gliwice | codziennie nowe informacje","isPartOf":{"@id":"https:\/\/www.24gliwice.pl\/wiadomosci\/#website"},"primaryImageOfPage":{"@id":"https:\/\/www.24gliwice.pl\/wiadomosci\/klony-srebrzyste-bez-statusu-pomnika-przyrody-wiadomo-co-zostanie-nasadzone-wzdluz-klodnicy\/#primaryimage"},"image":{"@id":"https:\/\/www.24gliwice.pl\/wiadomosci\/klony-srebrzyste-bez-statusu-pomnika-przyrody-wiadomo-co-zostanie-nasadzone-wzdluz-klodnicy\/#primaryimage"},"thumbnailUrl":"https:\/\/www.24gliwice.pl\/wiadomosci\/wp-content\/uploads\/2018\/07\/1-klony-klodnicka-10.jpg","datePublished":"2018-09-08T12:06:28+00:00","dateModified":"2018-09-09T16:21:07+00:00","breadcrumb":{"@id":"https:\/\/www.24gliwice.pl\/wiadomosci\/klony-srebrzyste-bez-statusu-pomnika-przyrody-wiadomo-co-zostanie-nasadzone-wzdluz-klodnicy\/#breadcrumb"},"inLanguage":"pl-PL","potentialAction":[{"@type":"ReadAction","target":["https:\/\/www.24gliwice.pl\/wiadomosci\/klony-srebrzyste-bez-statusu-pomnika-przyrody-wiadomo-co-zostanie-nasadzone-wzdluz-klodnicy\/"]}]},{"@type":"ImageObject","inLanguage":"pl-PL","@id":"https:\/\/www.24gliwice.pl\/wiadomosci\/klony-srebrzyste-bez-statusu-pomnika-przyrody-wiadomo-co-zostanie-nasadzone-wzdluz-klodnicy\/#primaryimage","url":"https:\/\/www.24gliwice.pl\/wiadomosci\/wp-content\/uploads\/2018\/07\/1-klony-klodnicka-10.jpg","contentUrl":"https:\/\/www.24gliwice.pl\/wiadomosci\/wp-content\/uploads\/2018\/07\/1-klony-klodnicka-10.jpg","width":810,"height":456},{"@type":"BreadcrumbList","@id":"https:\/\/www.24gliwice.pl\/wiadomosci\/klony-srebrzyste-bez-statusu-pomnika-przyrody-wiadomo-co-zostanie-nasadzone-wzdluz-klodnicy\/#breadcrumb","itemListElement":[{"@type":"ListItem","position":1,"name":"Strona g\u0142\u00f3wna","item":"https:\/\/www.24gliwice.pl\/wiadomosci\/"},{"@type":"ListItem","position":2,"name":"Klony srebrzyste bez statusu pomnika przyrody. Wiadomo, co zostanie nasadzone wzd\u0142u\u017c K\u0142odnicy"}]},{"@type":"WebSite","@id":"https:\/\/www.24gliwice.pl\/wiadomosci\/#website","url":"https:\/\/www.24gliwice.pl\/wiadomosci\/","name":"24GLIWICE - Portal Gliwice | codziennie nowe wiadomo\u015bci","description":"Portal Miejski Gliwice","publisher":{"@id":"https:\/\/www.24gliwice.pl\/wiadomosci\/#organization"},"potentialAction":[{"@type":"SearchAction","target":{"@type":"EntryPoint","urlTemplate":"https:\/\/www.24gliwice.pl\/wiadomosci\/?s={search_term_string}"},"query-input":{"@type":"PropertyValueSpecification","valueRequired":true,"valueName":"search_term_string"}}],"inLanguage":"pl-PL"},{"@type":"Organization","@id":"https:\/\/www.24gliwice.pl\/wiadomosci\/#organization","name":"24gliwice","url":"https:\/\/www.24gliwice.pl\/wiadomosci\/","logo":{"@type":"ImageObject","inLanguage":"pl-PL","@id":"https:\/\/www.24gliwice.pl\/wiadomosci\/#\/schema\/logo\/image\/","url":"https:\/\/www.24gliwice.pl\/wiadomosci\/wp-content\/uploads\/2024\/10\/24gliwice-logo-696.jpg","contentUrl":"https:\/\/www.24gliwice.pl\/wiadomosci\/wp-content\/uploads\/2024\/10\/24gliwice-logo-696.jpg","width":696,"height":696,"caption":"24gliwice"},"image":{"@id":"https:\/\/www.24gliwice.pl\/wiadomosci\/#\/schema\/logo\/image\/"},"sameAs":["https:\/\/www.facebook.com\/24gliwice","https:\/\/x.com\/24gliwice","https:\/\/www.youtube.com\/@24gliwice"]},{"@type":"Person","@id":"https:\/\/www.24gliwice.pl\/wiadomosci\/#\/schema\/person\/e42c650edd7f2fa332be3811fb166b6e","name":"\u017baneta Mrozek-Siewierska","image":{"@type":"ImageObject","inLanguage":"pl-PL","@id":"https:\/\/secure.gravatar.com\/avatar\/1881429e9c64597c77ad7aef2d0a19be69a3253e57534d16aa15bf3a4d34a0a3?s=96&d=mm&r=g","url":"https:\/\/secure.gravatar.com\/avatar\/1881429e9c64597c77ad7aef2d0a19be69a3253e57534d16aa15bf3a4d34a0a3?s=96&d=mm&r=g","contentUrl":"https:\/\/secure.gravatar.com\/avatar\/1881429e9c64597c77ad7aef2d0a19be69a3253e57534d16aa15bf3a4d34a0a3?s=96&d=mm&r=g","caption":"\u017baneta Mrozek-Siewierska"},"url":"https:\/\/www.24gliwice.pl\/wiadomosci\/author\/zms\/"}]}},"_links":{"self":[{"href":"https:\/\/www.24gliwice.pl\/wiadomosci\/wp-json\/wp\/v2\/posts\/122406","targetHints":{"allow":["GET"]}}],"collection":[{"href":"https:\/\/www.24gliwice.pl\/wiadomosci\/wp-json\/wp\/v2\/posts"}],"about":[{"href":"https:\/\/www.24gliwice.pl\/wiadomosci\/wp-json\/wp\/v2\/types\/post"}],"author":[{"embeddable":true,"href":"https:\/\/www.24gliwice.pl\/wiadomosci\/wp-json\/wp\/v2\/users\/15"}],"replies":[{"embeddable":true,"href":"https:\/\/www.24gliwice.pl\/wiadomosci\/wp-json\/wp\/v2\/comments?post=122406"}],"version-history":[{"count":0,"href":"https:\/\/www.24gliwice.pl\/wiadomosci\/wp-json\/wp\/v2\/posts\/122406\/revisions"}],"wp:featuredmedia":[{"embeddable":true,"href":"https:\/\/www.24gliwice.pl\/wiadomosci\/wp-json\/wp\/v2\/media\/119964"}],"wp:attachment":[{"href":"https:\/\/www.24gliwice.pl\/wiadomosci\/wp-json\/wp\/v2\/media?parent=122406"}],"wp:term":[{"taxonomy":"category","embeddable":true,"href":"https:\/\/www.24gliwice.pl\/wiadomosci\/wp-json\/wp\/v2\/categories?post=122406"},{"taxonomy":"post_tag","embeddable":true,"href":"https:\/\/www.24gliwice.pl\/wiadomosci\/wp-json\/wp\/v2\/tags?post=122406"}],"curies":[{"name":"wp","href":"https:\/\/api.w.org\/{rel}","templated":true}]}}