{"id":122427,"date":"2018-09-13T23:12:15","date_gmt":"2018-09-13T21:12:15","guid":{"rendered":"https:\/\/www.24gliwice.pl\/wiadomosci\/?p=122427"},"modified":"2018-09-15T12:05:04","modified_gmt":"2018-09-15T10:05:04","slug":"opel-obchodzi-20-lecie-rozpoczecia-produkcji-w-gliwicach-historii-fabryki-ciag-dalszy","status":"publish","type":"post","link":"https:\/\/www.24gliwice.pl\/wiadomosci\/opel-obchodzi-20-lecie-rozpoczecia-produkcji-w-gliwicach-historii-fabryki-ciag-dalszy\/","title":{"rendered":"Opel obchodzi 20-lecie rozpocz\u0119cia produkcji w Gliwicach. Historii fabryki ci\u0105g dalszy"},"content":{"rendered":"<div class=\"gliwi-a6-nad-leadem-artykulow gliwi-entity-placement\" id=\"gliwi-2171512265\"><div class=\"gliwi-adlabel\"><span style=\"font-size: 9px\">REKLAMA<\/span><\/div><div id=\"gliwi-1493696150\" style=\"margin-bottom: 30px;margin-left: auto;margin-right: auto;text-align: center;\"><a data-no-instant=\"1\" href=\"https:\/\/przedszkole.halogen.org.pl\/\" rel=\"noopener\" class=\"a2t-link\" target=\"_blank\" aria-label=\"20260402-ANIMATOR-przedszkole_grafika_750x200\"><img loading=\"lazy\" decoding=\"async\" src=\"https:\/\/www.24gliwice.pl\/wiadomosci\/wp-content\/uploads\/2026\/04\/20260402-ANIMATOR-przedszkole_grafika_750x200.webp\" alt=\"\"  srcset=\"https:\/\/www.24gliwice.pl\/wiadomosci\/wp-content\/uploads\/2026\/04\/20260402-ANIMATOR-przedszkole_grafika_750x200.webp 750w, https:\/\/www.24gliwice.pl\/wiadomosci\/wp-content\/uploads\/2026\/04\/20260402-ANIMATOR-przedszkole_grafika_750x200-410x109.webp 410w\" sizes=\"(max-width: 750px) 100vw, 750px\" class=\"no-lazyload\" width=\"750\" height=\"200\"  style=\"display: inline-block; max-width: 100%; height: auto;\" \/><\/a><\/div><\/div><h3>31 sierpnia 1998 roku rozpocz\u0119to produkcj\u0119 opla astry classic I generacji. Przez 20 kolejnych lat w gliwickim zak\u0142adzie produkowano jej kolejne modele, ale nie tylko.<\/h3>\n<p><strong><br \/>\nPrzeczytaj te\u017c:<br \/>\n<a href=\"https:\/\/www.24gliwice.pl\/wiadomosci\/minelo-20-lat-fabryki-opla-w-gliwicach-na-poczatek-z-tasmy-zjechala-astra-classic-i-generacji\/\">Pierwsza cz\u0119\u015b\u0107 historii fabryki Opla w Gliwicach ><\/a><br \/>\n<a href=\"https:\/\/www.24gliwice.pl\/wiadomosci\/trzecia-czesc-historii-gliwickiej-fabryki-opla-od-2012-roku-montowano-4-drzwiowa-astre-sedan\/\">Trzecia cz\u0119\u015b\u0107 historii fabryki Opla w Gliwicach ><\/a><\/strong><\/p>\n<p>W 2005 roku fabryka wystartowa\u0142a z monta\u017cem Zafiry B, czemu towarzyszy\u0142a najwi\u0119ksza rozbudowa zak\u0142adu, mi\u0119dzy innymi pod k\u0105tem technologicznych. W 2005 roku zak\u0142ad opu\u015bci\u0142o prawie 169 tysi\u0119cy nowych aut.<\/p><div class=\"gliwi-a3-w-tresci-artykulow gliwi-entity-placement\" id=\"gliwi-1818408937\"><div class=\"gliwi-adlabel\"><span style=\"font-size: 9px\">REKLAMA<\/span><\/div><div id=\"gliwi-1516700312\" style=\"margin-bottom: 30px;margin-left: auto;margin-right: auto;text-align: center;\"><a data-no-instant=\"1\" href=\"https:\/\/ogrodyandersa.pl\/\" rel=\"noopener\" class=\"a2t-link\" target=\"_blank\" aria-label=\"20260415 Ogrody Andersa KUP TERAZ D\"><img loading=\"lazy\" decoding=\"async\" src=\"https:\/\/www.24gliwice.pl\/wiadomosci\/wp-content\/uploads\/2026\/04\/20260415-Ogrody-Andersa-KUP-TERAZ-D.jpg\" alt=\"\"  srcset=\"https:\/\/www.24gliwice.pl\/wiadomosci\/wp-content\/uploads\/2026\/04\/20260415-Ogrody-Andersa-KUP-TERAZ-D.jpg 750w, https:\/\/www.24gliwice.pl\/wiadomosci\/wp-content\/uploads\/2026\/04\/20260415-Ogrody-Andersa-KUP-TERAZ-D-410x109.jpg 410w\" sizes=\"(max-width: 750px) 100vw, 750px\" class=\"no-lazyload\" width=\"750\" height=\"200\"  style=\"display: inline-block; max-width: 100%; height: auto;\" \/><\/a><\/div><\/div>\n<p>Konstrukcja Zafiry B oparta by\u0142a na bazie Astry. Na uwag\u0119 zas\u0142uguje kreacja deski rozdzielczej, kt\u00f3ra wygl\u0105da nowocze\u015bnie, oferuje wysoki poziom ergonomii i zosta\u0142a wykonana z materia\u0142\u00f3w dobrej jako\u015bci. Geometryczne linie karoserii w zestawieniu z atrakcyjnymi akcentami stylistycznymi sprawiaj\u0105, \u017ce karoseria wygl\u0105da sportowo.<\/p>\n[perfectpullquote align=&#8221;full&#8221; bordertop=&#8221;false&#8221; cite=&#8221;&#8221; link=&#8221;&#8221; color=&#8221;&#8221; class=&#8221;&#8221; size=&#8221;&#8221;]Auto posiada system Flex 7, kt\u00f3ry pozwala na schowanie w pod\u0142og\u0119 dw\u00f3ch ostatnich siedze\u0144, nie powoduj\u0105c zmniejszenia pojemno\u015bci baga\u017cnika.[\/perfectpullquote]\n<p>Model powstawa\u0142 w gliwickiej fabryce od 12 wrze\u015bnia 2005 roku do 19 lipca 2010 roku, w tym czasie wyprodukowano 459 549 egzemplarzy.<\/p>\n<div id=\"attachment_122431\" style=\"width: 1585px\" class=\"wp-caption alignnone\"><img loading=\"lazy\" decoding=\"async\" aria-describedby=\"caption-attachment-122431\" class=\"size-full wp-image-122431\" src=\"https:\/\/www.24gliwice.pl\/wiadomosci\/wp-content\/uploads\/2018\/09\/opel1.jpg\" alt=\"\" width=\"1575\" height=\"886\" srcset=\"https:\/\/www.24gliwice.pl\/wiadomosci\/wp-content\/uploads\/2018\/09\/opel1.jpg 1575w, https:\/\/www.24gliwice.pl\/wiadomosci\/wp-content\/uploads\/2018\/09\/opel1-410x232.jpg 410w, https:\/\/www.24gliwice.pl\/wiadomosci\/wp-content\/uploads\/2018\/09\/opel1-768x432.jpg 768w, https:\/\/www.24gliwice.pl\/wiadomosci\/wp-content\/uploads\/2018\/09\/opel1-810x456.jpg 810w, https:\/\/www.24gliwice.pl\/wiadomosci\/wp-content\/uploads\/2018\/09\/opel1-1140x641.jpg 1140w\" sizes=\"auto, (max-width: 1575px) 100vw, 1575px\" \/><p id=\"caption-attachment-122431\" class=\"wp-caption-text\">5.09.2005 &#8211; Gliwice<br \/>GM Manufacturing Poand<br \/>Linia montazowa saochodu Opel Zafira<br \/>Fot: Irek Dorozanski<\/p><\/div>\n<p>W 2007 roku wystartowa\u0142a w Gliwicach produkcja Astry Classic 3. generacji. Zako\u0144czono natomiast produkcj\u0119 Agili. Na rynku europejskim ten model Astry wyst\u0119powa\u0142 do tej pory jedynie w wersji hatchback i station wagon. Zak\u0142ad w Gliwicach by\u0142 jedynym w Europie, kt\u00f3ry produkowa\u0142 wersj\u0119 sedan.<\/p>\n[perfectpullquote align=&#8221;full&#8221; bordertop=&#8221;false&#8221; cite=&#8221;&#8221; link=&#8221;&#8221; color=&#8221;&#8221; class=&#8221;&#8221; size=&#8221;&#8221;]Powstawa\u0142a ona przy wsp\u00f3\u0142pracy z fabryk\u0105 Opla w Brazylii, sk\u0105d przywo\u017cone by\u0142y mi\u0119dzy innymi elementy karoserii.[\/perfectpullquote]\n<p>Europejska premiera Astry III sedan odby\u0142a si\u0119 na targach Motor Show w Stambule. Egzemplarz, kt\u00f3ry zosta\u0142 tam pokazany powsta\u0142 w fabryce w Gliwicach. By\u0142 to ogromny sukces zespo\u0142u, kt\u00f3ry zbudowa\u0142 prototyp. Auta w tej wersji powstawa\u0142y z my\u015bl\u0105 o rynku wschodnim, przede wszystkim rosyjskim i tureckim, na kt\u00f3rych by\u0142 niezwykle popularny.<\/p>\n<p><img loading=\"lazy\" decoding=\"async\" class=\"alignnone size-full wp-image-122434\" src=\"https:\/\/www.24gliwice.pl\/wiadomosci\/wp-content\/uploads\/2018\/09\/opel4.jpg\" alt=\"\" width=\"1575\" height=\"884\" srcset=\"https:\/\/www.24gliwice.pl\/wiadomosci\/wp-content\/uploads\/2018\/09\/opel4.jpg 1575w, https:\/\/www.24gliwice.pl\/wiadomosci\/wp-content\/uploads\/2018\/09\/opel4-410x230.jpg 410w, https:\/\/www.24gliwice.pl\/wiadomosci\/wp-content\/uploads\/2018\/09\/opel4-768x431.jpg 768w, https:\/\/www.24gliwice.pl\/wiadomosci\/wp-content\/uploads\/2018\/09\/opel4-810x455.jpg 810w, https:\/\/www.24gliwice.pl\/wiadomosci\/wp-content\/uploads\/2018\/09\/opel4-1140x640.jpg 1140w\" sizes=\"auto, (max-width: 1575px) 100vw, 1575px\" \/><\/p>\n<p>Opel Astra Classic H to samoch\u00f3d klasy kompaktowej. W por\u00f3wnaniu do poprzedniego modelu sylwetka nowej Astry by\u0142a bardziej dynamiczna i agresywna. W ofercie znajdowa\u0142y si\u0119 wersje hatchback, sedan, kombi coupe\/kabriolet. Astra III sedan z numerem 1 zjecha\u0142a z gliwickiej linii monta\u017cowej 22 sierpnia 2007 roku i by\u0142a produkowana do 11 czerwca 2014 roku.<\/p>\n<p>W 2009 roku zako\u0144czono produkcj\u0119 Astry Classic 2. generacji i rozpocz\u0119to produkcj\u0119 Astry 4. generacji w wersji hatchback. 4 listopada z gliwickiej fabryki wyjecha\u0142 pierwszy egzemplarz tego auta.<\/p>\n<p><img loading=\"lazy\" decoding=\"async\" class=\"size-full wp-image-122435\" src=\"https:\/\/www.24gliwice.pl\/wiadomosci\/wp-content\/uploads\/2018\/09\/opel5.jpg\" alt=\"\" width=\"1575\" height=\"886\" srcset=\"https:\/\/www.24gliwice.pl\/wiadomosci\/wp-content\/uploads\/2018\/09\/opel5.jpg 1575w, https:\/\/www.24gliwice.pl\/wiadomosci\/wp-content\/uploads\/2018\/09\/opel5-410x232.jpg 410w, https:\/\/www.24gliwice.pl\/wiadomosci\/wp-content\/uploads\/2018\/09\/opel5-768x432.jpg 768w, https:\/\/www.24gliwice.pl\/wiadomosci\/wp-content\/uploads\/2018\/09\/opel5-810x456.jpg 810w, https:\/\/www.24gliwice.pl\/wiadomosci\/wp-content\/uploads\/2018\/09\/opel5-1140x641.jpg 1140w\" sizes=\"auto, (max-width: 1575px) 100vw, 1575px\" \/><\/p>\n<p>Opel Astra 4. generacji to samoch\u00f3d osoby klasy kompaktowej. Powsta\u0142 na platformie pod\u0142ogowej GM Delta II. W stylistyce nawi\u0105zywa\u0142 do modelu Insignia. Auto zaj\u0119\u0142o trzecie miejsce w plebiscycie European Car of the Year w roku 2010. Model ten uznawany jest za niezwykle trwa\u0142y, maj\u0105cy doskona\u0142e w\u0142a\u015bciwo\u015bci jezdne. Posiada innowacyjne zawieszenie, kt\u00f3re by\u0142o u\u017cywane tak\u017ce przez innych producent\u00f3w przy produkcji samochod\u00f3w klasy premium.<\/p>\n<p><img loading=\"lazy\" decoding=\"async\" class=\"alignnone size-full wp-image-122436\" src=\"https:\/\/www.24gliwice.pl\/wiadomosci\/wp-content\/uploads\/2018\/09\/opel6.jpg\" alt=\"\" width=\"1575\" height=\"886\" srcset=\"https:\/\/www.24gliwice.pl\/wiadomosci\/wp-content\/uploads\/2018\/09\/opel6.jpg 1575w, https:\/\/www.24gliwice.pl\/wiadomosci\/wp-content\/uploads\/2018\/09\/opel6-410x232.jpg 410w, https:\/\/www.24gliwice.pl\/wiadomosci\/wp-content\/uploads\/2018\/09\/opel6-768x432.jpg 768w, https:\/\/www.24gliwice.pl\/wiadomosci\/wp-content\/uploads\/2018\/09\/opel6-810x456.jpg 810w, https:\/\/www.24gliwice.pl\/wiadomosci\/wp-content\/uploads\/2018\/09\/opel6-1140x641.jpg 1140w\" sizes=\"auto, (max-width: 1575px) 100vw, 1575px\" \/><\/p>\n<p>W 2010 roku zak\u0142ad otrzyma\u0142 wyr\u00f3\u017cnienie \u201eInwestora Roku\u201d od Ameryka\u0144skiej Izby Handlowej. Zako\u0144czono w tym czasie produkcj\u0119 Zafiry B oraz 3-drzwiowej Astry 3. generacji.<\/p>\n<p>Rok p\u00f3\u017aniej wystartowa\u0142a produkcja 3-drzwiowej Astry GTC 4. generacji, nagrodzonej 5. gwiazdkami Euro NCAP oraz wyr\u00f3\u017cnionej za jako\u015b\u0107 w Raporcie awaryjno\u015bci DEKRA 2012. To model powstaj\u0105cy wy\u0142\u0105cznie w Gliwicach. Montowany w latach 2012-2018 w liczbie 108 966 sztuk (z uwzgl\u0119dnieniem Astry OPC).<\/p>\n<p><img loading=\"lazy\" decoding=\"async\" class=\"alignnone size-full wp-image-122438\" src=\"https:\/\/www.24gliwice.pl\/wiadomosci\/wp-content\/uploads\/2018\/09\/opel8-e1536393395163.jpg\" alt=\"\" width=\"810\" height=\"456\" \/><\/p>\n<p>Zak\u0142ad zosta\u0142 wyr\u00f3\u017cniony tytu\u0142em \u201eTego, kt\u00f3ry zmienia polski przemys\u0142\u201d przez magazyn \u201eNowy Przemys\u0142\u201d, nagrod\u0105 student\u00f3w Politechniki \u015al\u0105skiej dla najbardziej otwartej firmy, \u201eLidera Zr\u00f3wnowa\u017conego Rozwoju\u201d przez miesi\u0119cznik \u201eForbes\u201d oraz nagrod\u0105 Ministra \u015arodowiska za efektywne zarz\u0105dzanie energi\u0105.<\/p>\n[perfectpullquote align=&#8221;full&#8221; bordertop=&#8221;false&#8221; cite=&#8221;&#8221; link=&#8221;&#8221; color=&#8221;&#8221; class=&#8221;&#8221; size=&#8221;&#8221;]Opel Astra GTC to rasowe sportowe coup\u00e9 o nowoczesnej i atletycznej linii.[\/perfectpullquote]\n<p>Postawna sylwetka zapewnia stabilno\u015b\u0107 w zakr\u0119tach, a d\u0142ugi rozstaw osi pozwala p\u0142ynnie jecha\u0107 nawet po nier\u00f3wnej drodze. Posiada sportowe zawieszenie (przednie zawieszenie HiPerStrut) i nadwozie na granicy pomi\u0119dzy hatchbackiem i coup\u00e9.<\/p>\n<p>(\u017cms)\/Opelpost.pl<br \/>\nfot. Opelpost.pl<\/p>\n<p><strong><br \/>\nPrzeczytaj te\u017c:<br \/>\n<a href=\"https:\/\/www.24gliwice.pl\/wiadomosci\/minelo-20-lat-fabryki-opla-w-gliwicach-na-poczatek-z-tasmy-zjechala-astra-classic-i-generacji\/\">Pierwsza cz\u0119\u015b\u0107 historii fabryki Opla w Gliwicach ><\/a><br \/>\n<a href=\"https:\/\/www.24gliwice.pl\/wiadomosci\/trzecia-czesc-historii-gliwickiej-fabryki-opla-od-2012-roku-montowano-4-drzwiowa-astre-sedan\/\">Trzecia cz\u0119\u015b\u0107 historii fabryki Opla w Gliwicach ><\/a><\/strong><\/p>\n<div class=\"gliwi-a5-na-koncu-artykulow gliwi-entity-placement\" id=\"gliwi-2233159790\"><div class=\"gliwi-adlabel\"><span style=\"font-size: 9px\">REKLAMA<\/span><\/div><div id=\"gliwi-493388661\" style=\"margin-left: auto;margin-right: auto;text-align: center;\"><a data-no-instant=\"1\" href=\"https:\/\/prezeroarenagliwice.pl\/\" rel=\"noopener\" class=\"a2t-link\" target=\"_blank\" aria-label=\"20260309-PREZERO-WIOSNA-D\"><img loading=\"lazy\" decoding=\"async\" src=\"https:\/\/www.24gliwice.pl\/wiadomosci\/wp-content\/uploads\/2026\/03\/20260309-PREZERO-WIOSNA-D.webp\" alt=\"\"  srcset=\"https:\/\/www.24gliwice.pl\/wiadomosci\/wp-content\/uploads\/2026\/03\/20260309-PREZERO-WIOSNA-D.webp 750w, https:\/\/www.24gliwice.pl\/wiadomosci\/wp-content\/uploads\/2026\/03\/20260309-PREZERO-WIOSNA-D-410x109.webp 410w\" sizes=\"(max-width: 750px) 100vw, 750px\" class=\"no-lazyload\" width=\"750\" height=\"200\"  style=\"display: inline-block; max-width: 100%; height: auto;\" \/><\/a><\/div><\/div>","protected":false},"excerpt":{"rendered":"<p>31 sierpnia 1998 roku rozpocz\u0119to produkcj\u0119 opla astry classic I generacji. Przez 20 kolejnych lat w gliwickim zak\u0142adzie produkowano jej kolejne modele, ale nie tylko. Przeczytaj te\u017c: Pierwsza cz\u0119\u015b\u0107 historii fabryki Opla w Gliwicach > Trzecia cz\u0119\u015b\u0107 historii fabryki Opla w Gliwicach > W 2005 roku fabryka wystartowa\u0142a z monta\u017cem Zafiry B, czemu towarzyszy\u0142a najwi\u0119ksza [&hellip;]<\/p>\n","protected":false},"author":15,"featured_media":122296,"comment_status":"open","ping_status":"closed","sticky":false,"template":"","format":"standard","meta":{"_monsterinsights_skip_tracking":false,"_monsterinsights_sitenote_active":false,"_monsterinsights_sitenote_note":"","_monsterinsights_sitenote_category":0,"footnotes":"","_links_to":"","_links_to_target":""},"categories":[3,7,1],"tags":[13276,8428,180,9347,8425,8183,12081,13277,13275],"class_list":["post-122427","post","type-post","status-publish","format-standard","has-post-thumbnail","hentry","category-gliwice","category-historia","category-wszystko","tag-agila","tag-astra","tag-fabryka-opla","tag-ksse","tag-opel","tag-strefa","tag-strefa-ekonomiczna","tag-vectra","tag-zafira"],"yoast_head":"<!-- This site is optimized with the Yoast SEO plugin v27.5 - https:\/\/yoast.com\/product\/yoast-seo-wordpress\/ -->\n<title>Opel obchodzi 20-lecie rozpocz\u0119cia produkcji w Gliwicach. Historii fabryki ci\u0105g dalszy - 24GLIWICE - Portal Gliwice | codziennie nowe informacje<\/title>\n<meta name=\"robots\" content=\"index, follow, max-snippet:-1, max-image-preview:large, max-video-preview:-1\" \/>\n<link rel=\"canonical\" href=\"https:\/\/www.24gliwice.pl\/wiadomosci\/opel-obchodzi-20-lecie-rozpoczecia-produkcji-w-gliwicach-historii-fabryki-ciag-dalszy\/\" \/>\n<meta property=\"og:locale\" content=\"pl_PL\" \/>\n<meta property=\"og:type\" content=\"article\" \/>\n<meta property=\"og:title\" content=\"Opel obchodzi 20-lecie rozpocz\u0119cia produkcji w Gliwicach. Historii fabryki ci\u0105g dalszy - 24GLIWICE - Portal Gliwice | codziennie nowe informacje\" \/>\n<meta property=\"og:description\" content=\"31 sierpnia 1998 roku rozpocz\u0119to produkcj\u0119 opla astry classic I generacji. Przez 20 kolejnych lat w gliwickim zak\u0142adzie produkowano jej kolejne modele, ale nie tylko. Przeczytaj te\u017c: Pierwsza cz\u0119\u015b\u0107 historii fabryki Opla w Gliwicach &gt; Trzecia cz\u0119\u015b\u0107 historii fabryki Opla w Gliwicach &gt; W 2005 roku fabryka wystartowa\u0142a z monta\u017cem Zafiry B, czemu towarzyszy\u0142a najwi\u0119ksza [&hellip;]\" \/>\n<meta property=\"og:url\" content=\"https:\/\/www.24gliwice.pl\/wiadomosci\/opel-obchodzi-20-lecie-rozpoczecia-produkcji-w-gliwicach-historii-fabryki-ciag-dalszy\/\" \/>\n<meta property=\"og:site_name\" content=\"24GLIWICE - Portal Gliwice | codziennie nowe informacje\" \/>\n<meta property=\"article:publisher\" content=\"https:\/\/www.facebook.com\/24gliwice\" \/>\n<meta property=\"article:published_time\" content=\"2018-09-13T21:12:15+00:00\" \/>\n<meta property=\"article:modified_time\" content=\"2018-09-15T10:05:04+00:00\" \/>\n<meta property=\"og:image\" content=\"https:\/\/www.24gliwice.pl\/wiadomosci\/wp-content\/uploads\/2018\/09\/opel-1.jpg\" \/>\n\t<meta property=\"og:image:width\" content=\"810\" \/>\n\t<meta property=\"og:image:height\" content=\"456\" \/>\n\t<meta property=\"og:image:type\" content=\"image\/jpeg\" \/>\n<meta name=\"author\" content=\"\u017baneta Mrozek-Siewierska\" \/>\n<meta name=\"twitter:card\" content=\"summary_large_image\" \/>\n<meta name=\"twitter:creator\" content=\"@24gliwice\" \/>\n<meta name=\"twitter:site\" content=\"@24gliwice\" \/>\n<meta name=\"twitter:label1\" content=\"Napisane przez\" \/>\n\t<meta name=\"twitter:data1\" content=\"\u017baneta Mrozek-Siewierska\" \/>\n\t<meta name=\"twitter:label2\" content=\"Szacowany czas czytania\" \/>\n\t<meta name=\"twitter:data2\" content=\"3 minuty\" \/>\n<script type=\"application\/ld+json\" class=\"yoast-schema-graph\">{\"@context\":\"https:\\\/\\\/schema.org\",\"@graph\":[{\"@type\":\"Article\",\"@id\":\"https:\\\/\\\/www.24gliwice.pl\\\/wiadomosci\\\/opel-obchodzi-20-lecie-rozpoczecia-produkcji-w-gliwicach-historii-fabryki-ciag-dalszy\\\/#article\",\"isPartOf\":{\"@id\":\"https:\\\/\\\/www.24gliwice.pl\\\/wiadomosci\\\/opel-obchodzi-20-lecie-rozpoczecia-produkcji-w-gliwicach-historii-fabryki-ciag-dalszy\\\/\"},\"author\":{\"name\":\"\u017baneta Mrozek-Siewierska\",\"@id\":\"https:\\\/\\\/www.24gliwice.pl\\\/wiadomosci\\\/#\\\/schema\\\/person\\\/e42c650edd7f2fa332be3811fb166b6e\"},\"headline\":\"Opel obchodzi 20-lecie rozpocz\u0119cia produkcji w Gliwicach. Historii fabryki ci\u0105g dalszy\",\"datePublished\":\"2018-09-13T21:12:15+00:00\",\"dateModified\":\"2018-09-15T10:05:04+00:00\",\"mainEntityOfPage\":{\"@id\":\"https:\\\/\\\/www.24gliwice.pl\\\/wiadomosci\\\/opel-obchodzi-20-lecie-rozpoczecia-produkcji-w-gliwicach-historii-fabryki-ciag-dalszy\\\/\"},\"wordCount\":701,\"commentCount\":0,\"publisher\":{\"@id\":\"https:\\\/\\\/www.24gliwice.pl\\\/wiadomosci\\\/#organization\"},\"image\":{\"@id\":\"https:\\\/\\\/www.24gliwice.pl\\\/wiadomosci\\\/opel-obchodzi-20-lecie-rozpoczecia-produkcji-w-gliwicach-historii-fabryki-ciag-dalszy\\\/#primaryimage\"},\"thumbnailUrl\":\"https:\\\/\\\/www.24gliwice.pl\\\/wiadomosci\\\/wp-content\\\/uploads\\\/2018\\\/09\\\/opel-1.jpg\",\"keywords\":[\"agila\",\"astra\",\"fabryka Opla\",\"KSSE\",\"OPEL\",\"STREFA\",\"strefa ekonomiczna\",\"vectra\",\"zafira\"],\"articleSection\":[\"Gliwice\",\"Historia\",\"Najnowsze wiadomo\u015bci\"],\"inLanguage\":\"pl-PL\",\"potentialAction\":[{\"@type\":\"CommentAction\",\"name\":\"Comment\",\"target\":[\"https:\\\/\\\/www.24gliwice.pl\\\/wiadomosci\\\/opel-obchodzi-20-lecie-rozpoczecia-produkcji-w-gliwicach-historii-fabryki-ciag-dalszy\\\/#respond\"]}]},{\"@type\":\"WebPage\",\"@id\":\"https:\\\/\\\/www.24gliwice.pl\\\/wiadomosci\\\/opel-obchodzi-20-lecie-rozpoczecia-produkcji-w-gliwicach-historii-fabryki-ciag-dalszy\\\/\",\"url\":\"https:\\\/\\\/www.24gliwice.pl\\\/wiadomosci\\\/opel-obchodzi-20-lecie-rozpoczecia-produkcji-w-gliwicach-historii-fabryki-ciag-dalszy\\\/\",\"name\":\"Opel obchodzi 20-lecie rozpocz\u0119cia produkcji w Gliwicach. Historii fabryki ci\u0105g dalszy - 24GLIWICE - Portal Gliwice | codziennie nowe informacje\",\"isPartOf\":{\"@id\":\"https:\\\/\\\/www.24gliwice.pl\\\/wiadomosci\\\/#website\"},\"primaryImageOfPage\":{\"@id\":\"https:\\\/\\\/www.24gliwice.pl\\\/wiadomosci\\\/opel-obchodzi-20-lecie-rozpoczecia-produkcji-w-gliwicach-historii-fabryki-ciag-dalszy\\\/#primaryimage\"},\"image\":{\"@id\":\"https:\\\/\\\/www.24gliwice.pl\\\/wiadomosci\\\/opel-obchodzi-20-lecie-rozpoczecia-produkcji-w-gliwicach-historii-fabryki-ciag-dalszy\\\/#primaryimage\"},\"thumbnailUrl\":\"https:\\\/\\\/www.24gliwice.pl\\\/wiadomosci\\\/wp-content\\\/uploads\\\/2018\\\/09\\\/opel-1.jpg\",\"datePublished\":\"2018-09-13T21:12:15+00:00\",\"dateModified\":\"2018-09-15T10:05:04+00:00\",\"breadcrumb\":{\"@id\":\"https:\\\/\\\/www.24gliwice.pl\\\/wiadomosci\\\/opel-obchodzi-20-lecie-rozpoczecia-produkcji-w-gliwicach-historii-fabryki-ciag-dalszy\\\/#breadcrumb\"},\"inLanguage\":\"pl-PL\",\"potentialAction\":[{\"@type\":\"ReadAction\",\"target\":[\"https:\\\/\\\/www.24gliwice.pl\\\/wiadomosci\\\/opel-obchodzi-20-lecie-rozpoczecia-produkcji-w-gliwicach-historii-fabryki-ciag-dalszy\\\/\"]}]},{\"@type\":\"ImageObject\",\"inLanguage\":\"pl-PL\",\"@id\":\"https:\\\/\\\/www.24gliwice.pl\\\/wiadomosci\\\/opel-obchodzi-20-lecie-rozpoczecia-produkcji-w-gliwicach-historii-fabryki-ciag-dalszy\\\/#primaryimage\",\"url\":\"https:\\\/\\\/www.24gliwice.pl\\\/wiadomosci\\\/wp-content\\\/uploads\\\/2018\\\/09\\\/opel-1.jpg\",\"contentUrl\":\"https:\\\/\\\/www.24gliwice.pl\\\/wiadomosci\\\/wp-content\\\/uploads\\\/2018\\\/09\\\/opel-1.jpg\",\"width\":810,\"height\":456},{\"@type\":\"BreadcrumbList\",\"@id\":\"https:\\\/\\\/www.24gliwice.pl\\\/wiadomosci\\\/opel-obchodzi-20-lecie-rozpoczecia-produkcji-w-gliwicach-historii-fabryki-ciag-dalszy\\\/#breadcrumb\",\"itemListElement\":[{\"@type\":\"ListItem\",\"position\":1,\"name\":\"Strona g\u0142\u00f3wna\",\"item\":\"https:\\\/\\\/www.24gliwice.pl\\\/wiadomosci\\\/\"},{\"@type\":\"ListItem\",\"position\":2,\"name\":\"Opel obchodzi 20-lecie rozpocz\u0119cia produkcji w Gliwicach. Historii fabryki ci\u0105g dalszy\"}]},{\"@type\":\"WebSite\",\"@id\":\"https:\\\/\\\/www.24gliwice.pl\\\/wiadomosci\\\/#website\",\"url\":\"https:\\\/\\\/www.24gliwice.pl\\\/wiadomosci\\\/\",\"name\":\"24GLIWICE - Portal Gliwice | codziennie nowe wiadomo\u015bci\",\"description\":\"Portal Miejski Gliwice\",\"publisher\":{\"@id\":\"https:\\\/\\\/www.24gliwice.pl\\\/wiadomosci\\\/#organization\"},\"potentialAction\":[{\"@type\":\"SearchAction\",\"target\":{\"@type\":\"EntryPoint\",\"urlTemplate\":\"https:\\\/\\\/www.24gliwice.pl\\\/wiadomosci\\\/?s={search_term_string}\"},\"query-input\":{\"@type\":\"PropertyValueSpecification\",\"valueRequired\":true,\"valueName\":\"search_term_string\"}}],\"inLanguage\":\"pl-PL\"},{\"@type\":\"Organization\",\"@id\":\"https:\\\/\\\/www.24gliwice.pl\\\/wiadomosci\\\/#organization\",\"name\":\"24gliwice\",\"url\":\"https:\\\/\\\/www.24gliwice.pl\\\/wiadomosci\\\/\",\"logo\":{\"@type\":\"ImageObject\",\"inLanguage\":\"pl-PL\",\"@id\":\"https:\\\/\\\/www.24gliwice.pl\\\/wiadomosci\\\/#\\\/schema\\\/logo\\\/image\\\/\",\"url\":\"https:\\\/\\\/www.24gliwice.pl\\\/wiadomosci\\\/wp-content\\\/uploads\\\/2024\\\/10\\\/24gliwice-logo-696.jpg\",\"contentUrl\":\"https:\\\/\\\/www.24gliwice.pl\\\/wiadomosci\\\/wp-content\\\/uploads\\\/2024\\\/10\\\/24gliwice-logo-696.jpg\",\"width\":696,\"height\":696,\"caption\":\"24gliwice\"},\"image\":{\"@id\":\"https:\\\/\\\/www.24gliwice.pl\\\/wiadomosci\\\/#\\\/schema\\\/logo\\\/image\\\/\"},\"sameAs\":[\"https:\\\/\\\/www.facebook.com\\\/24gliwice\",\"https:\\\/\\\/x.com\\\/24gliwice\",\"https:\\\/\\\/www.youtube.com\\\/@24gliwice\"]},{\"@type\":\"Person\",\"@id\":\"https:\\\/\\\/www.24gliwice.pl\\\/wiadomosci\\\/#\\\/schema\\\/person\\\/e42c650edd7f2fa332be3811fb166b6e\",\"name\":\"\u017baneta Mrozek-Siewierska\",\"image\":{\"@type\":\"ImageObject\",\"inLanguage\":\"pl-PL\",\"@id\":\"https:\\\/\\\/secure.gravatar.com\\\/avatar\\\/1881429e9c64597c77ad7aef2d0a19be69a3253e57534d16aa15bf3a4d34a0a3?s=96&d=mm&r=g\",\"url\":\"https:\\\/\\\/secure.gravatar.com\\\/avatar\\\/1881429e9c64597c77ad7aef2d0a19be69a3253e57534d16aa15bf3a4d34a0a3?s=96&d=mm&r=g\",\"contentUrl\":\"https:\\\/\\\/secure.gravatar.com\\\/avatar\\\/1881429e9c64597c77ad7aef2d0a19be69a3253e57534d16aa15bf3a4d34a0a3?s=96&d=mm&r=g\",\"caption\":\"\u017baneta Mrozek-Siewierska\"},\"url\":\"https:\\\/\\\/www.24gliwice.pl\\\/wiadomosci\\\/author\\\/zms\\\/\"}]}<\/script>\n<!-- \/ Yoast SEO plugin. -->","yoast_head_json":{"title":"Opel obchodzi 20-lecie rozpocz\u0119cia produkcji w Gliwicach. Historii fabryki ci\u0105g dalszy - 24GLIWICE - Portal Gliwice | codziennie nowe informacje","robots":{"index":"index","follow":"follow","max-snippet":"max-snippet:-1","max-image-preview":"max-image-preview:large","max-video-preview":"max-video-preview:-1"},"canonical":"https:\/\/www.24gliwice.pl\/wiadomosci\/opel-obchodzi-20-lecie-rozpoczecia-produkcji-w-gliwicach-historii-fabryki-ciag-dalszy\/","og_locale":"pl_PL","og_type":"article","og_title":"Opel obchodzi 20-lecie rozpocz\u0119cia produkcji w Gliwicach. Historii fabryki ci\u0105g dalszy - 24GLIWICE - Portal Gliwice | codziennie nowe informacje","og_description":"31 sierpnia 1998 roku rozpocz\u0119to produkcj\u0119 opla astry classic I generacji. Przez 20 kolejnych lat w gliwickim zak\u0142adzie produkowano jej kolejne modele, ale nie tylko. Przeczytaj te\u017c: Pierwsza cz\u0119\u015b\u0107 historii fabryki Opla w Gliwicach > Trzecia cz\u0119\u015b\u0107 historii fabryki Opla w Gliwicach > W 2005 roku fabryka wystartowa\u0142a z monta\u017cem Zafiry B, czemu towarzyszy\u0142a najwi\u0119ksza [&hellip;]","og_url":"https:\/\/www.24gliwice.pl\/wiadomosci\/opel-obchodzi-20-lecie-rozpoczecia-produkcji-w-gliwicach-historii-fabryki-ciag-dalszy\/","og_site_name":"24GLIWICE - Portal Gliwice | codziennie nowe informacje","article_publisher":"https:\/\/www.facebook.com\/24gliwice","article_published_time":"2018-09-13T21:12:15+00:00","article_modified_time":"2018-09-15T10:05:04+00:00","og_image":[{"width":810,"height":456,"url":"https:\/\/www.24gliwice.pl\/wiadomosci\/wp-content\/uploads\/2018\/09\/opel-1.jpg","type":"image\/jpeg"}],"author":"\u017baneta Mrozek-Siewierska","twitter_card":"summary_large_image","twitter_creator":"@24gliwice","twitter_site":"@24gliwice","twitter_misc":{"Napisane przez":"\u017baneta Mrozek-Siewierska","Szacowany czas czytania":"3 minuty"},"schema":{"@context":"https:\/\/schema.org","@graph":[{"@type":"Article","@id":"https:\/\/www.24gliwice.pl\/wiadomosci\/opel-obchodzi-20-lecie-rozpoczecia-produkcji-w-gliwicach-historii-fabryki-ciag-dalszy\/#article","isPartOf":{"@id":"https:\/\/www.24gliwice.pl\/wiadomosci\/opel-obchodzi-20-lecie-rozpoczecia-produkcji-w-gliwicach-historii-fabryki-ciag-dalszy\/"},"author":{"name":"\u017baneta Mrozek-Siewierska","@id":"https:\/\/www.24gliwice.pl\/wiadomosci\/#\/schema\/person\/e42c650edd7f2fa332be3811fb166b6e"},"headline":"Opel obchodzi 20-lecie rozpocz\u0119cia produkcji w Gliwicach. Historii fabryki ci\u0105g dalszy","datePublished":"2018-09-13T21:12:15+00:00","dateModified":"2018-09-15T10:05:04+00:00","mainEntityOfPage":{"@id":"https:\/\/www.24gliwice.pl\/wiadomosci\/opel-obchodzi-20-lecie-rozpoczecia-produkcji-w-gliwicach-historii-fabryki-ciag-dalszy\/"},"wordCount":701,"commentCount":0,"publisher":{"@id":"https:\/\/www.24gliwice.pl\/wiadomosci\/#organization"},"image":{"@id":"https:\/\/www.24gliwice.pl\/wiadomosci\/opel-obchodzi-20-lecie-rozpoczecia-produkcji-w-gliwicach-historii-fabryki-ciag-dalszy\/#primaryimage"},"thumbnailUrl":"https:\/\/www.24gliwice.pl\/wiadomosci\/wp-content\/uploads\/2018\/09\/opel-1.jpg","keywords":["agila","astra","fabryka Opla","KSSE","OPEL","STREFA","strefa ekonomiczna","vectra","zafira"],"articleSection":["Gliwice","Historia","Najnowsze wiadomo\u015bci"],"inLanguage":"pl-PL","potentialAction":[{"@type":"CommentAction","name":"Comment","target":["https:\/\/www.24gliwice.pl\/wiadomosci\/opel-obchodzi-20-lecie-rozpoczecia-produkcji-w-gliwicach-historii-fabryki-ciag-dalszy\/#respond"]}]},{"@type":"WebPage","@id":"https:\/\/www.24gliwice.pl\/wiadomosci\/opel-obchodzi-20-lecie-rozpoczecia-produkcji-w-gliwicach-historii-fabryki-ciag-dalszy\/","url":"https:\/\/www.24gliwice.pl\/wiadomosci\/opel-obchodzi-20-lecie-rozpoczecia-produkcji-w-gliwicach-historii-fabryki-ciag-dalszy\/","name":"Opel obchodzi 20-lecie rozpocz\u0119cia produkcji w Gliwicach. Historii fabryki ci\u0105g dalszy - 24GLIWICE - Portal Gliwice | codziennie nowe informacje","isPartOf":{"@id":"https:\/\/www.24gliwice.pl\/wiadomosci\/#website"},"primaryImageOfPage":{"@id":"https:\/\/www.24gliwice.pl\/wiadomosci\/opel-obchodzi-20-lecie-rozpoczecia-produkcji-w-gliwicach-historii-fabryki-ciag-dalszy\/#primaryimage"},"image":{"@id":"https:\/\/www.24gliwice.pl\/wiadomosci\/opel-obchodzi-20-lecie-rozpoczecia-produkcji-w-gliwicach-historii-fabryki-ciag-dalszy\/#primaryimage"},"thumbnailUrl":"https:\/\/www.24gliwice.pl\/wiadomosci\/wp-content\/uploads\/2018\/09\/opel-1.jpg","datePublished":"2018-09-13T21:12:15+00:00","dateModified":"2018-09-15T10:05:04+00:00","breadcrumb":{"@id":"https:\/\/www.24gliwice.pl\/wiadomosci\/opel-obchodzi-20-lecie-rozpoczecia-produkcji-w-gliwicach-historii-fabryki-ciag-dalszy\/#breadcrumb"},"inLanguage":"pl-PL","potentialAction":[{"@type":"ReadAction","target":["https:\/\/www.24gliwice.pl\/wiadomosci\/opel-obchodzi-20-lecie-rozpoczecia-produkcji-w-gliwicach-historii-fabryki-ciag-dalszy\/"]}]},{"@type":"ImageObject","inLanguage":"pl-PL","@id":"https:\/\/www.24gliwice.pl\/wiadomosci\/opel-obchodzi-20-lecie-rozpoczecia-produkcji-w-gliwicach-historii-fabryki-ciag-dalszy\/#primaryimage","url":"https:\/\/www.24gliwice.pl\/wiadomosci\/wp-content\/uploads\/2018\/09\/opel-1.jpg","contentUrl":"https:\/\/www.24gliwice.pl\/wiadomosci\/wp-content\/uploads\/2018\/09\/opel-1.jpg","width":810,"height":456},{"@type":"BreadcrumbList","@id":"https:\/\/www.24gliwice.pl\/wiadomosci\/opel-obchodzi-20-lecie-rozpoczecia-produkcji-w-gliwicach-historii-fabryki-ciag-dalszy\/#breadcrumb","itemListElement":[{"@type":"ListItem","position":1,"name":"Strona g\u0142\u00f3wna","item":"https:\/\/www.24gliwice.pl\/wiadomosci\/"},{"@type":"ListItem","position":2,"name":"Opel obchodzi 20-lecie rozpocz\u0119cia produkcji w Gliwicach. Historii fabryki ci\u0105g dalszy"}]},{"@type":"WebSite","@id":"https:\/\/www.24gliwice.pl\/wiadomosci\/#website","url":"https:\/\/www.24gliwice.pl\/wiadomosci\/","name":"24GLIWICE - Portal Gliwice | codziennie nowe wiadomo\u015bci","description":"Portal Miejski Gliwice","publisher":{"@id":"https:\/\/www.24gliwice.pl\/wiadomosci\/#organization"},"potentialAction":[{"@type":"SearchAction","target":{"@type":"EntryPoint","urlTemplate":"https:\/\/www.24gliwice.pl\/wiadomosci\/?s={search_term_string}"},"query-input":{"@type":"PropertyValueSpecification","valueRequired":true,"valueName":"search_term_string"}}],"inLanguage":"pl-PL"},{"@type":"Organization","@id":"https:\/\/www.24gliwice.pl\/wiadomosci\/#organization","name":"24gliwice","url":"https:\/\/www.24gliwice.pl\/wiadomosci\/","logo":{"@type":"ImageObject","inLanguage":"pl-PL","@id":"https:\/\/www.24gliwice.pl\/wiadomosci\/#\/schema\/logo\/image\/","url":"https:\/\/www.24gliwice.pl\/wiadomosci\/wp-content\/uploads\/2024\/10\/24gliwice-logo-696.jpg","contentUrl":"https:\/\/www.24gliwice.pl\/wiadomosci\/wp-content\/uploads\/2024\/10\/24gliwice-logo-696.jpg","width":696,"height":696,"caption":"24gliwice"},"image":{"@id":"https:\/\/www.24gliwice.pl\/wiadomosci\/#\/schema\/logo\/image\/"},"sameAs":["https:\/\/www.facebook.com\/24gliwice","https:\/\/x.com\/24gliwice","https:\/\/www.youtube.com\/@24gliwice"]},{"@type":"Person","@id":"https:\/\/www.24gliwice.pl\/wiadomosci\/#\/schema\/person\/e42c650edd7f2fa332be3811fb166b6e","name":"\u017baneta Mrozek-Siewierska","image":{"@type":"ImageObject","inLanguage":"pl-PL","@id":"https:\/\/secure.gravatar.com\/avatar\/1881429e9c64597c77ad7aef2d0a19be69a3253e57534d16aa15bf3a4d34a0a3?s=96&d=mm&r=g","url":"https:\/\/secure.gravatar.com\/avatar\/1881429e9c64597c77ad7aef2d0a19be69a3253e57534d16aa15bf3a4d34a0a3?s=96&d=mm&r=g","contentUrl":"https:\/\/secure.gravatar.com\/avatar\/1881429e9c64597c77ad7aef2d0a19be69a3253e57534d16aa15bf3a4d34a0a3?s=96&d=mm&r=g","caption":"\u017baneta Mrozek-Siewierska"},"url":"https:\/\/www.24gliwice.pl\/wiadomosci\/author\/zms\/"}]}},"_links":{"self":[{"href":"https:\/\/www.24gliwice.pl\/wiadomosci\/wp-json\/wp\/v2\/posts\/122427","targetHints":{"allow":["GET"]}}],"collection":[{"href":"https:\/\/www.24gliwice.pl\/wiadomosci\/wp-json\/wp\/v2\/posts"}],"about":[{"href":"https:\/\/www.24gliwice.pl\/wiadomosci\/wp-json\/wp\/v2\/types\/post"}],"author":[{"embeddable":true,"href":"https:\/\/www.24gliwice.pl\/wiadomosci\/wp-json\/wp\/v2\/users\/15"}],"replies":[{"embeddable":true,"href":"https:\/\/www.24gliwice.pl\/wiadomosci\/wp-json\/wp\/v2\/comments?post=122427"}],"version-history":[{"count":0,"href":"https:\/\/www.24gliwice.pl\/wiadomosci\/wp-json\/wp\/v2\/posts\/122427\/revisions"}],"wp:featuredmedia":[{"embeddable":true,"href":"https:\/\/www.24gliwice.pl\/wiadomosci\/wp-json\/wp\/v2\/media\/122296"}],"wp:attachment":[{"href":"https:\/\/www.24gliwice.pl\/wiadomosci\/wp-json\/wp\/v2\/media?parent=122427"}],"wp:term":[{"taxonomy":"category","embeddable":true,"href":"https:\/\/www.24gliwice.pl\/wiadomosci\/wp-json\/wp\/v2\/categories?post=122427"},{"taxonomy":"post_tag","embeddable":true,"href":"https:\/\/www.24gliwice.pl\/wiadomosci\/wp-json\/wp\/v2\/tags?post=122427"}],"curies":[{"name":"wp","href":"https:\/\/api.w.org\/{rel}","templated":true}]}}