{"id":122451,"date":"2018-09-13T23:43:45","date_gmt":"2018-09-13T21:43:45","guid":{"rendered":"https:\/\/www.24gliwice.pl\/wiadomosci\/?p=122451"},"modified":"2018-09-15T12:03:17","modified_gmt":"2018-09-15T10:03:17","slug":"trzecia-czesc-historii-gliwickiej-fabryki-opla-od-2012-roku-montowano-4-drzwiowa-astre-sedan","status":"publish","type":"post","link":"https:\/\/www.24gliwice.pl\/wiadomosci\/trzecia-czesc-historii-gliwickiej-fabryki-opla-od-2012-roku-montowano-4-drzwiowa-astre-sedan\/","title":{"rendered":"Trzecia cz\u0119\u015b\u0107 historii gliwickiej fabryki Opla. Od 2012 roku montowano 4-drzwiow\u0105 Astr\u0119 sedan"},"content":{"rendered":"<div class=\"gliwi-a6-nad-leadem-artykulow gliwi-entity-placement\" id=\"gliwi-703799878\"><div class=\"gliwi-adlabel\"><span style=\"font-size: 9px\">REKLAMA<\/span><\/div><div id=\"gliwi-4110391177\" style=\"margin-bottom: 30px;margin-left: auto;margin-right: auto;text-align: center;\"><a data-no-instant=\"1\" href=\"https:\/\/przedszkole.halogen.org.pl\/\" rel=\"noopener\" class=\"a2t-link\" target=\"_blank\" aria-label=\"20260402-ANIMATOR-przedszkole_grafika_750x200\"><img loading=\"lazy\" decoding=\"async\" src=\"https:\/\/www.24gliwice.pl\/wiadomosci\/wp-content\/uploads\/2026\/04\/20260402-ANIMATOR-przedszkole_grafika_750x200.webp\" alt=\"\"  srcset=\"https:\/\/www.24gliwice.pl\/wiadomosci\/wp-content\/uploads\/2026\/04\/20260402-ANIMATOR-przedszkole_grafika_750x200.webp 750w, https:\/\/www.24gliwice.pl\/wiadomosci\/wp-content\/uploads\/2026\/04\/20260402-ANIMATOR-przedszkole_grafika_750x200-410x109.webp 410w\" sizes=\"(max-width: 750px) 100vw, 750px\" class=\"no-lazyload\" width=\"750\" height=\"200\"  style=\"display: inline-block; max-width: 100%; height: auto;\" \/><\/a><\/div><\/div><h3>Gliwicka fabryka Opla obchodzi 20-lecie pracy. By\u0142 to pierwszy zak\u0142ad przemys\u0142owy w gliwickiej strefie ekonomicznej. Prezentujemy  trzeci\u0105 cz\u0119\u015b\u0107 jego historii, obejmuj\u0105ca okres od 2012 roku do teraz.<\/h3>\n<p><strong><br \/>\nPrzeczytaj te\u017c:<br \/>\n<a href=\"https:\/\/www.24gliwice.pl\/wiadomosci\/minelo-20-lat-fabryki-opla-w-gliwicach-na-poczatek-z-tasmy-zjechala-astra-classic-i-generacji\/\">Pierwsza cz\u0119\u015b\u0107 historii fabryki Opla w Gliwicach ><\/a><br \/>\n<a href=\"https:\/\/www.24gliwice.pl\/wiadomosci\/opel-obchodzi-20-lecie-rozpoczecia-produkcji-w-gliwicach-historii-fabryki-ciag-dalszy\/\">Druga cz\u0119\u015b\u0107 historii fabryki Opla w Gliwicach ><\/a><\/strong><\/p>\n<p>W 2012 rozpocz\u0119to produkcj\u0119 4-drzwiowej Astry sedan 4. generacji i 3-drzwiowego modelu sportowego OPC. Pierwszy model z fabryczn\u0105 instalacj\u0105 LPG opu\u015bci\u0142 w\u00f3wczas fabryk\u0119.<\/p><div class=\"gliwi-a3-w-tresci-artykulow gliwi-entity-placement\" id=\"gliwi-1344943291\"><div class=\"gliwi-adlabel\"><span style=\"font-size: 9px\">REKLAMA<\/span><\/div><div id=\"gliwi-2850133098\" style=\"margin-bottom: 30px;margin-left: auto;margin-right: auto;text-align: center;\"><a data-no-instant=\"1\" href=\"https:\/\/ogrodyandersa.pl\/\" rel=\"noopener\" class=\"a2t-link\" target=\"_blank\" aria-label=\"20260415 Ogrody Andersa KUP TERAZ D\"><img loading=\"lazy\" decoding=\"async\" src=\"https:\/\/www.24gliwice.pl\/wiadomosci\/wp-content\/uploads\/2026\/04\/20260415-Ogrody-Andersa-KUP-TERAZ-D.jpg\" alt=\"\"  srcset=\"https:\/\/www.24gliwice.pl\/wiadomosci\/wp-content\/uploads\/2026\/04\/20260415-Ogrody-Andersa-KUP-TERAZ-D.jpg 750w, https:\/\/www.24gliwice.pl\/wiadomosci\/wp-content\/uploads\/2026\/04\/20260415-Ogrody-Andersa-KUP-TERAZ-D-410x109.jpg 410w\" sizes=\"(max-width: 750px) 100vw, 750px\" class=\"no-lazyload\" width=\"750\" height=\"200\"  style=\"display: inline-block; max-width: 100%; height: auto;\" \/><\/a><\/div><\/div>\n[perfectpullquote align=&#8221;full&#8221; bordertop=&#8221;false&#8221; cite=&#8221;&#8221; link=&#8221;&#8221; color=&#8221;&#8221; class=&#8221;&#8221; size=&#8221;&#8221;]Zak\u0142ad w Gliwicach by\u0142 pierwszym w Europie, kt\u00f3ry rozpocz\u0105\u0142 seryjn\u0105 produkcj\u0119 aut wyposa\u017conych w tak\u0105 instalacj\u0119.[\/perfectpullquote]\n<p>Na bazie tych do\u015bwiadcze\u0144 podobn\u0105 produkcj\u0119 uruchomiono nast\u0119pnie w zak\u0142adach w Saragossie i Eisenach. Zak\u0142ad otrzyma\u0142 wyr\u00f3\u017cnienie w konkursie \u201eLider Zarz\u0105dzania Zasobami Ludzkimi\u201d i tytu\u0142 \u201eLidera Spo\u0142ecznej Odpowiedzialno\u015bci\u201d w konkursie \u201eDobry Pracodawca 2012\u201d.<\/p>\n<p><img loading=\"lazy\" decoding=\"async\" class=\"alignnone size-full wp-image-122439\" src=\"https:\/\/www.24gliwice.pl\/wiadomosci\/wp-content\/uploads\/2018\/09\/opel9.jpg\" alt=\"\" width=\"1575\" height=\"886\" srcset=\"https:\/\/www.24gliwice.pl\/wiadomosci\/wp-content\/uploads\/2018\/09\/opel9.jpg 1575w, https:\/\/www.24gliwice.pl\/wiadomosci\/wp-content\/uploads\/2018\/09\/opel9-410x232.jpg 410w, https:\/\/www.24gliwice.pl\/wiadomosci\/wp-content\/uploads\/2018\/09\/opel9-768x432.jpg 768w, https:\/\/www.24gliwice.pl\/wiadomosci\/wp-content\/uploads\/2018\/09\/opel9-810x456.jpg 810w, https:\/\/www.24gliwice.pl\/wiadomosci\/wp-content\/uploads\/2018\/09\/opel9-1140x641.jpg 1140w\" sizes=\"auto, (max-width: 1575px) 100vw, 1575px\" \/><\/p>\n<p>Opel Astra OPC \u2013 najmocniejsza Astra produkowana w gliwickim Oplu. To wyczynowy model z silnikiem o mocy 206 kW\/280 KM. Astra OPC (Opel Performance Center) nap\u0119dzany dwulitrowym silnikiem z turbodo\u0142adowaniem i bezpo\u015brednim wtryskiem paliwa rozwija maksymalny moment obrotowy 400 Nm i przyspiesza od 0 do 100 km\/h w zaledwie 6 sekund, osi\u0105gaj\u0105c pr\u0119dko\u015b\u0107 maksymaln\u0105 250 km\/h.<\/p>\n<p>Konstruktorzy Opla opracowali dla tego modelu zupe\u0142nie nowy, supernowoczesny uk\u0142ad dolotowy, kt\u00f3rego zadaniem jest doprowadzenie jak najwi\u0119kszej ilo\u015bci powietrza do turbospr\u0119\u017carki. Zoptymalizowano te\u017c uk\u0142ad wydechowy, aby usprawni\u0107 odprowadzanie spalin i podnie\u015b\u0107 osi\u0105gi silnika.<\/p>\n<p><img loading=\"lazy\" decoding=\"async\" class=\"alignnone size-full wp-image-122440\" src=\"https:\/\/www.24gliwice.pl\/wiadomosci\/wp-content\/uploads\/2018\/09\/opel10.jpg\" alt=\"\" width=\"1575\" height=\"886\" srcset=\"https:\/\/www.24gliwice.pl\/wiadomosci\/wp-content\/uploads\/2018\/09\/opel10.jpg 1575w, https:\/\/www.24gliwice.pl\/wiadomosci\/wp-content\/uploads\/2018\/09\/opel10-410x232.jpg 410w, https:\/\/www.24gliwice.pl\/wiadomosci\/wp-content\/uploads\/2018\/09\/opel10-768x432.jpg 768w, https:\/\/www.24gliwice.pl\/wiadomosci\/wp-content\/uploads\/2018\/09\/opel10-810x456.jpg 810w, https:\/\/www.24gliwice.pl\/wiadomosci\/wp-content\/uploads\/2018\/09\/opel10-1140x641.jpg 1140w\" sizes=\"auto, (max-width: 1575px) 100vw, 1575px\" \/><\/p>\n<p>W 2013 roku startuje produkcja kabrioletu Cascada. Jest ona produkowana na tej samej linii, co pozosta\u0142e modele, mimo i\u017c mocno r\u00f3\u017cni si\u0119 od nich konstrukcyjnie. Elementy, kt\u00f3re s\u0105 inne w por\u00f3wnaniu z pozosta\u0142ymi modelami, jak. np. sk\u0142adany dach, s\u0105 montowane w osobnym, specjalnie dla tego modelu wybudowanym, budynku. Po\u0142\u0105czenie si\u0119 z zak\u0142adem w Tychach, kt\u00f3ry produkuje silniki diesla.<\/p>\n<p><img loading=\"lazy\" decoding=\"async\" class=\"alignnone size-full wp-image-122441\" src=\"https:\/\/www.24gliwice.pl\/wiadomosci\/wp-content\/uploads\/2018\/09\/opel11.jpg\" alt=\"\" width=\"810\" height=\"455\" srcset=\"https:\/\/www.24gliwice.pl\/wiadomosci\/wp-content\/uploads\/2018\/09\/opel11.jpg 1575w, https:\/\/www.24gliwice.pl\/wiadomosci\/wp-content\/uploads\/2018\/09\/opel11-768x432.jpg 768w, https:\/\/www.24gliwice.pl\/wiadomosci\/wp-content\/uploads\/2018\/09\/opel11-810x456.jpg 810w, https:\/\/www.24gliwice.pl\/wiadomosci\/wp-content\/uploads\/2018\/09\/opel11-1140x641.jpg 1140w\" sizes=\"auto, (max-width: 810px) 100vw, 810px\" \/><\/p>\n<p>Kabriolet Opla jest eleganckim, \u015bredniej wielko\u015bci autem czteroosobowym o wyd\u0142u\u017conej sylwetce z mi\u0119kkim, otwieranym dachem wysokiej jako\u015bci. Jego dopracowany w szczeg\u00f3\u0142ach prz\u00f3d zdradza przynale\u017cno\u015b\u0107 do rodziny Opla. Otwarcie dachu zajmuje zaledwie 17 sekund, przy pr\u0119dko\u015bci do 50 km\/h.<\/p>\n[perfectpullquote align=&#8221;full&#8221; bordertop=&#8221;false&#8221; cite=&#8221;&#8221; link=&#8221;&#8221; color=&#8221;&#8221; class=&#8221;&#8221; size=&#8221;&#8221;]Zak\u0142ad w Gliwicach jest jego jedynym producentem w koncernie.[\/perfectpullquote]\n<p>Model pocz\u0105tkowo sprzedawany by\u0142 na rynku europejskim, a od 2015 roku trafia r\u00f3wnie\u017c na rynek australijski i p\u00f3\u0142nocnoameryka\u0144ski. Cascada wpisuje si\u0119 w d\u0142ug\u0105 tradycj\u0119 ponadczasowych, klasycznych kabriolet\u00f3w Opla z lat pi\u0119\u0107dziesi\u0105tych i sze\u015b\u0107dziesi\u0105tych ubieg\u0142ego wieku, ale jest to pierwsze auto tego typu skonstruowane przez Opla.<\/p>\n<p><img loading=\"lazy\" decoding=\"async\" class=\"alignnone size-full wp-image-122442\" src=\"https:\/\/www.24gliwice.pl\/wiadomosci\/wp-content\/uploads\/2018\/09\/opel12-e1536393755524.jpg\" alt=\"\" width=\"810\" height=\"456\" \/><\/p>\n<p>W 2014 roku Opel otrzyma\u0142 tytu\u0142 \u201eSolidnego Pracodawcy 2013\u201d. W tym czasie zako\u0144czono produkcj\u0119 wersji sedan Astry 3. generacji.<\/p>\n<p>Rok p\u00f3\u017aniej rozpocz\u0119to produkcj\u0119 Astry 5. generacji oraz modelu Cascada dla australijskiej marki Holden i ameryka\u0144skiej Buick. Model Holden Cascada opuszcza fabryk\u0119 jako dwumilionowy samoch\u00f3d. W tym samym czasie zako\u0144czono montowanie Astry Hatchback 4. generacji.<\/p>\n<p>W 2015 roku r\u00f3wnie\u017c zak\u0142ad zosta\u0142 wyr\u00f3\u017cniony Odznak\u0105 Honorow\u0105 za \u201eZas\u0142ugi dla Rozwoju Gospodarki RP\u201d i tytu\u0142em \u201eMaster of Automotive Industry\u201d, przyznawanym firmom wp\u0142ywaj\u0105cym na przemys\u0142 motoryzacyjny w Polsce. Oficjalne otwarcie Centrum Us\u0142ug Wsp\u00f3lnych w Tychach (GBS).<\/p>\n<p><img loading=\"lazy\" decoding=\"async\" class=\"alignnone size-full wp-image-122443\" src=\"https:\/\/www.24gliwice.pl\/wiadomosci\/wp-content\/uploads\/2018\/09\/opel13-e1536393939743.jpg\" alt=\"\" width=\"810\" height=\"456\" \/><\/p>\n<p>Astra K, kt\u00f3rej pierwszy egzemplarz zosta\u0142 wyprodukowany 29 wrze\u015bnia 2015 roku, jest zwyci\u0119\u017cczyni\u0105 presti\u017cowego plebiscytu Europejski Samoch\u00f3d Roku 2016 roku. Najnowsza Astra to pierwszy model na rynku, kt\u00f3ry wprowadza technologie premium do dost\u0119pnego dla wszystkich samochodu kompaktowego.<\/p>\n<p>W ramach standardowego wyposa\u017cenia klienci otrzymuj\u0105 \u015bwiat\u0142a do jazdy dziennej wykonane w technologii LED, podgrzewanie oraz elektryczne sterowanie lusterek, elektryczne sterowanie szyb przednich, aktywne wspomaganie kierownicy, systemy ABS, ESP, HSA.<\/p>\n<p>W zale\u017cno\u015bci od wersji pojazd mo\u017ce by\u0107 wyposa\u017cony tak\u017ce m.in. w system multimedialny z 4 lub 6-g\u0142o\u015bnikami oraz 7-calowym lub 9-calowym ekranem dotykowym, nawigacj\u0119, kamer\u0119 cofania, system zmiany trybu jazdy \u2013 Sport, kamer\u0119 Opel-Eye z systemem ostrzegania przed kolizj\u0105 i automatycznego hamowania przy niskich pr\u0119dko\u015bciach, system ostrzegania o niezamierzonej zmianie pasa ruchu z uk\u0142adem utrzymania pasa ruchu, system rozpoznawania znak\u00f3w drogowych, a tak\u017ce matrycowe reflektory przednie IntelliLux.<\/p>\n<p><img loading=\"lazy\" decoding=\"async\" class=\"alignnone size-full wp-image-122444\" src=\"https:\/\/www.24gliwice.pl\/wiadomosci\/wp-content\/uploads\/2018\/09\/opel14.jpg\" alt=\"\" width=\"1576\" height=\"886\" srcset=\"https:\/\/www.24gliwice.pl\/wiadomosci\/wp-content\/uploads\/2018\/09\/opel14.jpg 1576w, https:\/\/www.24gliwice.pl\/wiadomosci\/wp-content\/uploads\/2018\/09\/opel14-410x230.jpg 410w, https:\/\/www.24gliwice.pl\/wiadomosci\/wp-content\/uploads\/2018\/09\/opel14-768x432.jpg 768w, https:\/\/www.24gliwice.pl\/wiadomosci\/wp-content\/uploads\/2018\/09\/opel14-810x455.jpg 810w, https:\/\/www.24gliwice.pl\/wiadomosci\/wp-content\/uploads\/2018\/09\/opel14-1140x641.jpg 1140w\" sizes=\"auto, (max-width: 1576px) 100vw, 1576px\" \/><\/p>\n<p>W 2016 uda\u0142o si\u0119 osi\u0105gn\u0105\u0107 historyczny rekord zak\u0142adu Opla w Gliwicach \u2013 200 tysi\u0119cy wyprodukowanych samochod\u00f3w rocznie. Gliwicki zak\u0142ad obj\u0105\u0142 patronatem klas\u0119 o profilu monter mechatronik w G\u00f3rno\u015bl\u0105skim Centrum Edukacyjnym. Rozpocz\u0119cie produkcji Holdena Astry na rynki Australii oraz Nowej Zelandii.<\/p>\n<p>Presti\u017cowe nagrody \u2013 Opel Astra 5. generacji otrzymuje tytu\u0142 \u201eSamoch\u00f3d Roku 2016\u201d w konkursie COTY oraz wiele innych nagr\u00f3d, mi\u0119dzy innymi: SAFETYBEST 2015, Z\u0142ota Kierownica za 2015 rok, Auto Flotowe 2016 oraz Best Family Car at the Carbuyer Best Cars 2017 Awards. Samoch\u00f3d otrzyma\u0142 tak\u017ce maksymaln\u0105 ocen\u0119 5 gwiazdek w testach zderzeniowych Euro NCAP.<\/p>\n[perfectpullquote align=&#8221;full&#8221; bordertop=&#8221;false&#8221; cite=&#8221;&#8221; link=&#8221;&#8221; color=&#8221;&#8221; class=&#8221;&#8221; size=&#8221;&#8221;]W 2017 roku zak\u0142ad zosta\u0142 laureatem tytu\u0142u \u201eTego, kt\u00f3ry zmienia polski przemys\u0142\u201d.[\/perfectpullquote]\n<p>Obecnie w Gliwicach produkowane s\u0105 dwa modele: elegancki kabriolet Cascada oraz Opel Astra 5, bestseller marki, stanowi\u0105cy wi\u0119kszo\u015b\u0107 produkcji.<\/p>\n<p>(\u017cms)\/Opelpost.pl<br \/>\nfot. Opelpost.pl<\/p>\n<p><strong><br \/>\nPrzeczytaj te\u017c:<br \/>\n<a href=\"https:\/\/www.24gliwice.pl\/wiadomosci\/minelo-20-lat-fabryki-opla-w-gliwicach-na-poczatek-z-tasmy-zjechala-astra-classic-i-generacji\/\">Pierwsza cz\u0119\u015b\u0107 historii fabryki Opla w Gliwicach ><\/a><br \/>\n<a href=\"https:\/\/www.24gliwice.pl\/wiadomosci\/opel-obchodzi-20-lecie-rozpoczecia-produkcji-w-gliwicach-historii-fabryki-ciag-dalszy\/\">Druga cz\u0119\u015b\u0107 historii fabryki Opla w Gliwicach ><\/a><\/strong><\/p>\n<div class=\"gliwi-a5-na-koncu-artykulow gliwi-entity-placement\" id=\"gliwi-742671449\"><div class=\"gliwi-adlabel\"><span style=\"font-size: 9px\">REKLAMA<\/span><\/div><div id=\"gliwi-2825049912\" style=\"margin-left: auto;margin-right: auto;text-align: center;\"><a data-no-instant=\"1\" href=\"https:\/\/prezeroarenagliwice.pl\/\" rel=\"noopener\" class=\"a2t-link\" target=\"_blank\" aria-label=\"20260309-PREZERO-WIOSNA-D\"><img loading=\"lazy\" decoding=\"async\" src=\"https:\/\/www.24gliwice.pl\/wiadomosci\/wp-content\/uploads\/2026\/03\/20260309-PREZERO-WIOSNA-D.webp\" alt=\"\"  srcset=\"https:\/\/www.24gliwice.pl\/wiadomosci\/wp-content\/uploads\/2026\/03\/20260309-PREZERO-WIOSNA-D.webp 750w, https:\/\/www.24gliwice.pl\/wiadomosci\/wp-content\/uploads\/2026\/03\/20260309-PREZERO-WIOSNA-D-410x109.webp 410w\" sizes=\"(max-width: 750px) 100vw, 750px\" class=\"no-lazyload\" width=\"750\" height=\"200\"  style=\"display: inline-block; max-width: 100%; height: auto;\" \/><\/a><\/div><\/div>","protected":false},"excerpt":{"rendered":"<p>Gliwicka fabryka Opla obchodzi 20-lecie pracy. By\u0142 to pierwszy zak\u0142ad przemys\u0142owy w gliwickiej strefie ekonomicznej. Prezentujemy trzeci\u0105 cz\u0119\u015b\u0107 jego historii, obejmuj\u0105ca okres od 2012 roku do teraz. Przeczytaj te\u017c: Pierwsza cz\u0119\u015b\u0107 historii fabryki Opla w Gliwicach > Druga cz\u0119\u015b\u0107 historii fabryki Opla w Gliwicach > W 2012 rozpocz\u0119to produkcj\u0119 4-drzwiowej Astry sedan 4. generacji i [&hellip;]<\/p>\n","protected":false},"author":15,"featured_media":83150,"comment_status":"open","ping_status":"closed","sticky":false,"template":"","format":"standard","meta":{"_monsterinsights_skip_tracking":false,"_monsterinsights_sitenote_active":false,"_monsterinsights_sitenote_note":"","_monsterinsights_sitenote_category":0,"footnotes":"","_links_to":"","_links_to_target":""},"categories":[3,7,1],"tags":[13276,8428,13292,8425,13275],"class_list":["post-122451","post","type-post","status-publish","format-standard","has-post-thumbnail","hentry","category-gliwice","category-historia","category-wszystko","tag-agila","tag-astra","tag-cascada","tag-opel","tag-zafira"],"yoast_head":"<!-- This site is optimized with the Yoast SEO plugin v27.5 - https:\/\/yoast.com\/product\/yoast-seo-wordpress\/ -->\n<title>Trzecia cz\u0119\u015b\u0107 historii gliwickiej fabryki Opla. Od 2012 roku montowano 4-drzwiow\u0105 Astr\u0119 sedan - 24GLIWICE - Portal Gliwice | codziennie nowe informacje<\/title>\n<meta name=\"robots\" content=\"index, follow, max-snippet:-1, max-image-preview:large, max-video-preview:-1\" \/>\n<link rel=\"canonical\" href=\"https:\/\/www.24gliwice.pl\/wiadomosci\/trzecia-czesc-historii-gliwickiej-fabryki-opla-od-2012-roku-montowano-4-drzwiowa-astre-sedan\/\" \/>\n<meta property=\"og:locale\" content=\"pl_PL\" \/>\n<meta property=\"og:type\" content=\"article\" \/>\n<meta property=\"og:title\" content=\"Trzecia cz\u0119\u015b\u0107 historii gliwickiej fabryki Opla. Od 2012 roku montowano 4-drzwiow\u0105 Astr\u0119 sedan - 24GLIWICE - Portal Gliwice | codziennie nowe informacje\" \/>\n<meta property=\"og:description\" content=\"Gliwicka fabryka Opla obchodzi 20-lecie pracy. By\u0142 to pierwszy zak\u0142ad przemys\u0142owy w gliwickiej strefie ekonomicznej. Prezentujemy trzeci\u0105 cz\u0119\u015b\u0107 jego historii, obejmuj\u0105ca okres od 2012 roku do teraz. Przeczytaj te\u017c: Pierwsza cz\u0119\u015b\u0107 historii fabryki Opla w Gliwicach &gt; Druga cz\u0119\u015b\u0107 historii fabryki Opla w Gliwicach &gt; W 2012 rozpocz\u0119to produkcj\u0119 4-drzwiowej Astry sedan 4. generacji i [&hellip;]\" \/>\n<meta property=\"og:url\" content=\"https:\/\/www.24gliwice.pl\/wiadomosci\/trzecia-czesc-historii-gliwickiej-fabryki-opla-od-2012-roku-montowano-4-drzwiowa-astre-sedan\/\" \/>\n<meta property=\"og:site_name\" content=\"24GLIWICE - Portal Gliwice | codziennie nowe informacje\" \/>\n<meta property=\"article:publisher\" content=\"https:\/\/www.facebook.com\/24gliwice\" \/>\n<meta property=\"article:published_time\" content=\"2018-09-13T21:43:45+00:00\" \/>\n<meta property=\"article:modified_time\" content=\"2018-09-15T10:03:17+00:00\" \/>\n<meta property=\"og:image\" content=\"https:\/\/www.24gliwice.pl\/wiadomosci\/wp-content\/uploads\/2016\/05\/opel3.jpg\" \/>\n\t<meta property=\"og:image:width\" content=\"800\" \/>\n\t<meta property=\"og:image:height\" content=\"450\" \/>\n\t<meta property=\"og:image:type\" content=\"image\/jpeg\" \/>\n<meta name=\"author\" content=\"\u017baneta Mrozek-Siewierska\" \/>\n<meta name=\"twitter:card\" content=\"summary_large_image\" \/>\n<meta name=\"twitter:creator\" content=\"@24gliwice\" \/>\n<meta name=\"twitter:site\" content=\"@24gliwice\" \/>\n<meta name=\"twitter:label1\" content=\"Napisane przez\" \/>\n\t<meta name=\"twitter:data1\" content=\"\u017baneta Mrozek-Siewierska\" \/>\n\t<meta name=\"twitter:label2\" content=\"Szacowany czas czytania\" \/>\n\t<meta name=\"twitter:data2\" content=\"4 minuty\" \/>\n<script type=\"application\/ld+json\" class=\"yoast-schema-graph\">{\"@context\":\"https:\\\/\\\/schema.org\",\"@graph\":[{\"@type\":\"Article\",\"@id\":\"https:\\\/\\\/www.24gliwice.pl\\\/wiadomosci\\\/trzecia-czesc-historii-gliwickiej-fabryki-opla-od-2012-roku-montowano-4-drzwiowa-astre-sedan\\\/#article\",\"isPartOf\":{\"@id\":\"https:\\\/\\\/www.24gliwice.pl\\\/wiadomosci\\\/trzecia-czesc-historii-gliwickiej-fabryki-opla-od-2012-roku-montowano-4-drzwiowa-astre-sedan\\\/\"},\"author\":{\"name\":\"\u017baneta Mrozek-Siewierska\",\"@id\":\"https:\\\/\\\/www.24gliwice.pl\\\/wiadomosci\\\/#\\\/schema\\\/person\\\/e42c650edd7f2fa332be3811fb166b6e\"},\"headline\":\"Trzecia cz\u0119\u015b\u0107 historii gliwickiej fabryki Opla. Od 2012 roku montowano 4-drzwiow\u0105 Astr\u0119 sedan\",\"datePublished\":\"2018-09-13T21:43:45+00:00\",\"dateModified\":\"2018-09-15T10:03:17+00:00\",\"mainEntityOfPage\":{\"@id\":\"https:\\\/\\\/www.24gliwice.pl\\\/wiadomosci\\\/trzecia-czesc-historii-gliwickiej-fabryki-opla-od-2012-roku-montowano-4-drzwiowa-astre-sedan\\\/\"},\"wordCount\":856,\"commentCount\":0,\"publisher\":{\"@id\":\"https:\\\/\\\/www.24gliwice.pl\\\/wiadomosci\\\/#organization\"},\"image\":{\"@id\":\"https:\\\/\\\/www.24gliwice.pl\\\/wiadomosci\\\/trzecia-czesc-historii-gliwickiej-fabryki-opla-od-2012-roku-montowano-4-drzwiowa-astre-sedan\\\/#primaryimage\"},\"thumbnailUrl\":\"https:\\\/\\\/www.24gliwice.pl\\\/wiadomosci\\\/wp-content\\\/uploads\\\/2016\\\/05\\\/opel3.jpg\",\"keywords\":[\"agila\",\"astra\",\"cascada\",\"OPEL\",\"zafira\"],\"articleSection\":[\"Gliwice\",\"Historia\",\"Najnowsze wiadomo\u015bci\"],\"inLanguage\":\"pl-PL\",\"potentialAction\":[{\"@type\":\"CommentAction\",\"name\":\"Comment\",\"target\":[\"https:\\\/\\\/www.24gliwice.pl\\\/wiadomosci\\\/trzecia-czesc-historii-gliwickiej-fabryki-opla-od-2012-roku-montowano-4-drzwiowa-astre-sedan\\\/#respond\"]}]},{\"@type\":\"WebPage\",\"@id\":\"https:\\\/\\\/www.24gliwice.pl\\\/wiadomosci\\\/trzecia-czesc-historii-gliwickiej-fabryki-opla-od-2012-roku-montowano-4-drzwiowa-astre-sedan\\\/\",\"url\":\"https:\\\/\\\/www.24gliwice.pl\\\/wiadomosci\\\/trzecia-czesc-historii-gliwickiej-fabryki-opla-od-2012-roku-montowano-4-drzwiowa-astre-sedan\\\/\",\"name\":\"Trzecia cz\u0119\u015b\u0107 historii gliwickiej fabryki Opla. Od 2012 roku montowano 4-drzwiow\u0105 Astr\u0119 sedan - 24GLIWICE - Portal Gliwice | codziennie nowe informacje\",\"isPartOf\":{\"@id\":\"https:\\\/\\\/www.24gliwice.pl\\\/wiadomosci\\\/#website\"},\"primaryImageOfPage\":{\"@id\":\"https:\\\/\\\/www.24gliwice.pl\\\/wiadomosci\\\/trzecia-czesc-historii-gliwickiej-fabryki-opla-od-2012-roku-montowano-4-drzwiowa-astre-sedan\\\/#primaryimage\"},\"image\":{\"@id\":\"https:\\\/\\\/www.24gliwice.pl\\\/wiadomosci\\\/trzecia-czesc-historii-gliwickiej-fabryki-opla-od-2012-roku-montowano-4-drzwiowa-astre-sedan\\\/#primaryimage\"},\"thumbnailUrl\":\"https:\\\/\\\/www.24gliwice.pl\\\/wiadomosci\\\/wp-content\\\/uploads\\\/2016\\\/05\\\/opel3.jpg\",\"datePublished\":\"2018-09-13T21:43:45+00:00\",\"dateModified\":\"2018-09-15T10:03:17+00:00\",\"breadcrumb\":{\"@id\":\"https:\\\/\\\/www.24gliwice.pl\\\/wiadomosci\\\/trzecia-czesc-historii-gliwickiej-fabryki-opla-od-2012-roku-montowano-4-drzwiowa-astre-sedan\\\/#breadcrumb\"},\"inLanguage\":\"pl-PL\",\"potentialAction\":[{\"@type\":\"ReadAction\",\"target\":[\"https:\\\/\\\/www.24gliwice.pl\\\/wiadomosci\\\/trzecia-czesc-historii-gliwickiej-fabryki-opla-od-2012-roku-montowano-4-drzwiowa-astre-sedan\\\/\"]}]},{\"@type\":\"ImageObject\",\"inLanguage\":\"pl-PL\",\"@id\":\"https:\\\/\\\/www.24gliwice.pl\\\/wiadomosci\\\/trzecia-czesc-historii-gliwickiej-fabryki-opla-od-2012-roku-montowano-4-drzwiowa-astre-sedan\\\/#primaryimage\",\"url\":\"https:\\\/\\\/www.24gliwice.pl\\\/wiadomosci\\\/wp-content\\\/uploads\\\/2016\\\/05\\\/opel3.jpg\",\"contentUrl\":\"https:\\\/\\\/www.24gliwice.pl\\\/wiadomosci\\\/wp-content\\\/uploads\\\/2016\\\/05\\\/opel3.jpg\",\"width\":800,\"height\":450},{\"@type\":\"BreadcrumbList\",\"@id\":\"https:\\\/\\\/www.24gliwice.pl\\\/wiadomosci\\\/trzecia-czesc-historii-gliwickiej-fabryki-opla-od-2012-roku-montowano-4-drzwiowa-astre-sedan\\\/#breadcrumb\",\"itemListElement\":[{\"@type\":\"ListItem\",\"position\":1,\"name\":\"Strona g\u0142\u00f3wna\",\"item\":\"https:\\\/\\\/www.24gliwice.pl\\\/wiadomosci\\\/\"},{\"@type\":\"ListItem\",\"position\":2,\"name\":\"Trzecia cz\u0119\u015b\u0107 historii gliwickiej fabryki Opla. Od 2012 roku montowano 4-drzwiow\u0105 Astr\u0119 sedan\"}]},{\"@type\":\"WebSite\",\"@id\":\"https:\\\/\\\/www.24gliwice.pl\\\/wiadomosci\\\/#website\",\"url\":\"https:\\\/\\\/www.24gliwice.pl\\\/wiadomosci\\\/\",\"name\":\"24GLIWICE - Portal Gliwice | codziennie nowe wiadomo\u015bci\",\"description\":\"Portal Miejski Gliwice\",\"publisher\":{\"@id\":\"https:\\\/\\\/www.24gliwice.pl\\\/wiadomosci\\\/#organization\"},\"potentialAction\":[{\"@type\":\"SearchAction\",\"target\":{\"@type\":\"EntryPoint\",\"urlTemplate\":\"https:\\\/\\\/www.24gliwice.pl\\\/wiadomosci\\\/?s={search_term_string}\"},\"query-input\":{\"@type\":\"PropertyValueSpecification\",\"valueRequired\":true,\"valueName\":\"search_term_string\"}}],\"inLanguage\":\"pl-PL\"},{\"@type\":\"Organization\",\"@id\":\"https:\\\/\\\/www.24gliwice.pl\\\/wiadomosci\\\/#organization\",\"name\":\"24gliwice\",\"url\":\"https:\\\/\\\/www.24gliwice.pl\\\/wiadomosci\\\/\",\"logo\":{\"@type\":\"ImageObject\",\"inLanguage\":\"pl-PL\",\"@id\":\"https:\\\/\\\/www.24gliwice.pl\\\/wiadomosci\\\/#\\\/schema\\\/logo\\\/image\\\/\",\"url\":\"https:\\\/\\\/www.24gliwice.pl\\\/wiadomosci\\\/wp-content\\\/uploads\\\/2024\\\/10\\\/24gliwice-logo-696.jpg\",\"contentUrl\":\"https:\\\/\\\/www.24gliwice.pl\\\/wiadomosci\\\/wp-content\\\/uploads\\\/2024\\\/10\\\/24gliwice-logo-696.jpg\",\"width\":696,\"height\":696,\"caption\":\"24gliwice\"},\"image\":{\"@id\":\"https:\\\/\\\/www.24gliwice.pl\\\/wiadomosci\\\/#\\\/schema\\\/logo\\\/image\\\/\"},\"sameAs\":[\"https:\\\/\\\/www.facebook.com\\\/24gliwice\",\"https:\\\/\\\/x.com\\\/24gliwice\",\"https:\\\/\\\/www.youtube.com\\\/@24gliwice\"]},{\"@type\":\"Person\",\"@id\":\"https:\\\/\\\/www.24gliwice.pl\\\/wiadomosci\\\/#\\\/schema\\\/person\\\/e42c650edd7f2fa332be3811fb166b6e\",\"name\":\"\u017baneta Mrozek-Siewierska\",\"image\":{\"@type\":\"ImageObject\",\"inLanguage\":\"pl-PL\",\"@id\":\"https:\\\/\\\/secure.gravatar.com\\\/avatar\\\/1881429e9c64597c77ad7aef2d0a19be69a3253e57534d16aa15bf3a4d34a0a3?s=96&d=mm&r=g\",\"url\":\"https:\\\/\\\/secure.gravatar.com\\\/avatar\\\/1881429e9c64597c77ad7aef2d0a19be69a3253e57534d16aa15bf3a4d34a0a3?s=96&d=mm&r=g\",\"contentUrl\":\"https:\\\/\\\/secure.gravatar.com\\\/avatar\\\/1881429e9c64597c77ad7aef2d0a19be69a3253e57534d16aa15bf3a4d34a0a3?s=96&d=mm&r=g\",\"caption\":\"\u017baneta Mrozek-Siewierska\"},\"url\":\"https:\\\/\\\/www.24gliwice.pl\\\/wiadomosci\\\/author\\\/zms\\\/\"}]}<\/script>\n<!-- \/ Yoast SEO plugin. -->","yoast_head_json":{"title":"Trzecia cz\u0119\u015b\u0107 historii gliwickiej fabryki Opla. Od 2012 roku montowano 4-drzwiow\u0105 Astr\u0119 sedan - 24GLIWICE - Portal Gliwice | codziennie nowe informacje","robots":{"index":"index","follow":"follow","max-snippet":"max-snippet:-1","max-image-preview":"max-image-preview:large","max-video-preview":"max-video-preview:-1"},"canonical":"https:\/\/www.24gliwice.pl\/wiadomosci\/trzecia-czesc-historii-gliwickiej-fabryki-opla-od-2012-roku-montowano-4-drzwiowa-astre-sedan\/","og_locale":"pl_PL","og_type":"article","og_title":"Trzecia cz\u0119\u015b\u0107 historii gliwickiej fabryki Opla. Od 2012 roku montowano 4-drzwiow\u0105 Astr\u0119 sedan - 24GLIWICE - Portal Gliwice | codziennie nowe informacje","og_description":"Gliwicka fabryka Opla obchodzi 20-lecie pracy. By\u0142 to pierwszy zak\u0142ad przemys\u0142owy w gliwickiej strefie ekonomicznej. Prezentujemy trzeci\u0105 cz\u0119\u015b\u0107 jego historii, obejmuj\u0105ca okres od 2012 roku do teraz. Przeczytaj te\u017c: Pierwsza cz\u0119\u015b\u0107 historii fabryki Opla w Gliwicach > Druga cz\u0119\u015b\u0107 historii fabryki Opla w Gliwicach > W 2012 rozpocz\u0119to produkcj\u0119 4-drzwiowej Astry sedan 4. generacji i [&hellip;]","og_url":"https:\/\/www.24gliwice.pl\/wiadomosci\/trzecia-czesc-historii-gliwickiej-fabryki-opla-od-2012-roku-montowano-4-drzwiowa-astre-sedan\/","og_site_name":"24GLIWICE - Portal Gliwice | codziennie nowe informacje","article_publisher":"https:\/\/www.facebook.com\/24gliwice","article_published_time":"2018-09-13T21:43:45+00:00","article_modified_time":"2018-09-15T10:03:17+00:00","og_image":[{"width":800,"height":450,"url":"https:\/\/www.24gliwice.pl\/wiadomosci\/wp-content\/uploads\/2016\/05\/opel3.jpg","type":"image\/jpeg"}],"author":"\u017baneta Mrozek-Siewierska","twitter_card":"summary_large_image","twitter_creator":"@24gliwice","twitter_site":"@24gliwice","twitter_misc":{"Napisane przez":"\u017baneta Mrozek-Siewierska","Szacowany czas czytania":"4 minuty"},"schema":{"@context":"https:\/\/schema.org","@graph":[{"@type":"Article","@id":"https:\/\/www.24gliwice.pl\/wiadomosci\/trzecia-czesc-historii-gliwickiej-fabryki-opla-od-2012-roku-montowano-4-drzwiowa-astre-sedan\/#article","isPartOf":{"@id":"https:\/\/www.24gliwice.pl\/wiadomosci\/trzecia-czesc-historii-gliwickiej-fabryki-opla-od-2012-roku-montowano-4-drzwiowa-astre-sedan\/"},"author":{"name":"\u017baneta Mrozek-Siewierska","@id":"https:\/\/www.24gliwice.pl\/wiadomosci\/#\/schema\/person\/e42c650edd7f2fa332be3811fb166b6e"},"headline":"Trzecia cz\u0119\u015b\u0107 historii gliwickiej fabryki Opla. Od 2012 roku montowano 4-drzwiow\u0105 Astr\u0119 sedan","datePublished":"2018-09-13T21:43:45+00:00","dateModified":"2018-09-15T10:03:17+00:00","mainEntityOfPage":{"@id":"https:\/\/www.24gliwice.pl\/wiadomosci\/trzecia-czesc-historii-gliwickiej-fabryki-opla-od-2012-roku-montowano-4-drzwiowa-astre-sedan\/"},"wordCount":856,"commentCount":0,"publisher":{"@id":"https:\/\/www.24gliwice.pl\/wiadomosci\/#organization"},"image":{"@id":"https:\/\/www.24gliwice.pl\/wiadomosci\/trzecia-czesc-historii-gliwickiej-fabryki-opla-od-2012-roku-montowano-4-drzwiowa-astre-sedan\/#primaryimage"},"thumbnailUrl":"https:\/\/www.24gliwice.pl\/wiadomosci\/wp-content\/uploads\/2016\/05\/opel3.jpg","keywords":["agila","astra","cascada","OPEL","zafira"],"articleSection":["Gliwice","Historia","Najnowsze wiadomo\u015bci"],"inLanguage":"pl-PL","potentialAction":[{"@type":"CommentAction","name":"Comment","target":["https:\/\/www.24gliwice.pl\/wiadomosci\/trzecia-czesc-historii-gliwickiej-fabryki-opla-od-2012-roku-montowano-4-drzwiowa-astre-sedan\/#respond"]}]},{"@type":"WebPage","@id":"https:\/\/www.24gliwice.pl\/wiadomosci\/trzecia-czesc-historii-gliwickiej-fabryki-opla-od-2012-roku-montowano-4-drzwiowa-astre-sedan\/","url":"https:\/\/www.24gliwice.pl\/wiadomosci\/trzecia-czesc-historii-gliwickiej-fabryki-opla-od-2012-roku-montowano-4-drzwiowa-astre-sedan\/","name":"Trzecia cz\u0119\u015b\u0107 historii gliwickiej fabryki Opla. Od 2012 roku montowano 4-drzwiow\u0105 Astr\u0119 sedan - 24GLIWICE - Portal Gliwice | codziennie nowe informacje","isPartOf":{"@id":"https:\/\/www.24gliwice.pl\/wiadomosci\/#website"},"primaryImageOfPage":{"@id":"https:\/\/www.24gliwice.pl\/wiadomosci\/trzecia-czesc-historii-gliwickiej-fabryki-opla-od-2012-roku-montowano-4-drzwiowa-astre-sedan\/#primaryimage"},"image":{"@id":"https:\/\/www.24gliwice.pl\/wiadomosci\/trzecia-czesc-historii-gliwickiej-fabryki-opla-od-2012-roku-montowano-4-drzwiowa-astre-sedan\/#primaryimage"},"thumbnailUrl":"https:\/\/www.24gliwice.pl\/wiadomosci\/wp-content\/uploads\/2016\/05\/opel3.jpg","datePublished":"2018-09-13T21:43:45+00:00","dateModified":"2018-09-15T10:03:17+00:00","breadcrumb":{"@id":"https:\/\/www.24gliwice.pl\/wiadomosci\/trzecia-czesc-historii-gliwickiej-fabryki-opla-od-2012-roku-montowano-4-drzwiowa-astre-sedan\/#breadcrumb"},"inLanguage":"pl-PL","potentialAction":[{"@type":"ReadAction","target":["https:\/\/www.24gliwice.pl\/wiadomosci\/trzecia-czesc-historii-gliwickiej-fabryki-opla-od-2012-roku-montowano-4-drzwiowa-astre-sedan\/"]}]},{"@type":"ImageObject","inLanguage":"pl-PL","@id":"https:\/\/www.24gliwice.pl\/wiadomosci\/trzecia-czesc-historii-gliwickiej-fabryki-opla-od-2012-roku-montowano-4-drzwiowa-astre-sedan\/#primaryimage","url":"https:\/\/www.24gliwice.pl\/wiadomosci\/wp-content\/uploads\/2016\/05\/opel3.jpg","contentUrl":"https:\/\/www.24gliwice.pl\/wiadomosci\/wp-content\/uploads\/2016\/05\/opel3.jpg","width":800,"height":450},{"@type":"BreadcrumbList","@id":"https:\/\/www.24gliwice.pl\/wiadomosci\/trzecia-czesc-historii-gliwickiej-fabryki-opla-od-2012-roku-montowano-4-drzwiowa-astre-sedan\/#breadcrumb","itemListElement":[{"@type":"ListItem","position":1,"name":"Strona g\u0142\u00f3wna","item":"https:\/\/www.24gliwice.pl\/wiadomosci\/"},{"@type":"ListItem","position":2,"name":"Trzecia cz\u0119\u015b\u0107 historii gliwickiej fabryki Opla. Od 2012 roku montowano 4-drzwiow\u0105 Astr\u0119 sedan"}]},{"@type":"WebSite","@id":"https:\/\/www.24gliwice.pl\/wiadomosci\/#website","url":"https:\/\/www.24gliwice.pl\/wiadomosci\/","name":"24GLIWICE - Portal Gliwice | codziennie nowe wiadomo\u015bci","description":"Portal Miejski Gliwice","publisher":{"@id":"https:\/\/www.24gliwice.pl\/wiadomosci\/#organization"},"potentialAction":[{"@type":"SearchAction","target":{"@type":"EntryPoint","urlTemplate":"https:\/\/www.24gliwice.pl\/wiadomosci\/?s={search_term_string}"},"query-input":{"@type":"PropertyValueSpecification","valueRequired":true,"valueName":"search_term_string"}}],"inLanguage":"pl-PL"},{"@type":"Organization","@id":"https:\/\/www.24gliwice.pl\/wiadomosci\/#organization","name":"24gliwice","url":"https:\/\/www.24gliwice.pl\/wiadomosci\/","logo":{"@type":"ImageObject","inLanguage":"pl-PL","@id":"https:\/\/www.24gliwice.pl\/wiadomosci\/#\/schema\/logo\/image\/","url":"https:\/\/www.24gliwice.pl\/wiadomosci\/wp-content\/uploads\/2024\/10\/24gliwice-logo-696.jpg","contentUrl":"https:\/\/www.24gliwice.pl\/wiadomosci\/wp-content\/uploads\/2024\/10\/24gliwice-logo-696.jpg","width":696,"height":696,"caption":"24gliwice"},"image":{"@id":"https:\/\/www.24gliwice.pl\/wiadomosci\/#\/schema\/logo\/image\/"},"sameAs":["https:\/\/www.facebook.com\/24gliwice","https:\/\/x.com\/24gliwice","https:\/\/www.youtube.com\/@24gliwice"]},{"@type":"Person","@id":"https:\/\/www.24gliwice.pl\/wiadomosci\/#\/schema\/person\/e42c650edd7f2fa332be3811fb166b6e","name":"\u017baneta Mrozek-Siewierska","image":{"@type":"ImageObject","inLanguage":"pl-PL","@id":"https:\/\/secure.gravatar.com\/avatar\/1881429e9c64597c77ad7aef2d0a19be69a3253e57534d16aa15bf3a4d34a0a3?s=96&d=mm&r=g","url":"https:\/\/secure.gravatar.com\/avatar\/1881429e9c64597c77ad7aef2d0a19be69a3253e57534d16aa15bf3a4d34a0a3?s=96&d=mm&r=g","contentUrl":"https:\/\/secure.gravatar.com\/avatar\/1881429e9c64597c77ad7aef2d0a19be69a3253e57534d16aa15bf3a4d34a0a3?s=96&d=mm&r=g","caption":"\u017baneta Mrozek-Siewierska"},"url":"https:\/\/www.24gliwice.pl\/wiadomosci\/author\/zms\/"}]}},"_links":{"self":[{"href":"https:\/\/www.24gliwice.pl\/wiadomosci\/wp-json\/wp\/v2\/posts\/122451","targetHints":{"allow":["GET"]}}],"collection":[{"href":"https:\/\/www.24gliwice.pl\/wiadomosci\/wp-json\/wp\/v2\/posts"}],"about":[{"href":"https:\/\/www.24gliwice.pl\/wiadomosci\/wp-json\/wp\/v2\/types\/post"}],"author":[{"embeddable":true,"href":"https:\/\/www.24gliwice.pl\/wiadomosci\/wp-json\/wp\/v2\/users\/15"}],"replies":[{"embeddable":true,"href":"https:\/\/www.24gliwice.pl\/wiadomosci\/wp-json\/wp\/v2\/comments?post=122451"}],"version-history":[{"count":0,"href":"https:\/\/www.24gliwice.pl\/wiadomosci\/wp-json\/wp\/v2\/posts\/122451\/revisions"}],"wp:featuredmedia":[{"embeddable":true,"href":"https:\/\/www.24gliwice.pl\/wiadomosci\/wp-json\/wp\/v2\/media\/83150"}],"wp:attachment":[{"href":"https:\/\/www.24gliwice.pl\/wiadomosci\/wp-json\/wp\/v2\/media?parent=122451"}],"wp:term":[{"taxonomy":"category","embeddable":true,"href":"https:\/\/www.24gliwice.pl\/wiadomosci\/wp-json\/wp\/v2\/categories?post=122451"},{"taxonomy":"post_tag","embeddable":true,"href":"https:\/\/www.24gliwice.pl\/wiadomosci\/wp-json\/wp\/v2\/tags?post=122451"}],"curies":[{"name":"wp","href":"https:\/\/api.w.org\/{rel}","templated":true}]}}