{"id":122480,"date":"2018-09-10T02:54:17","date_gmt":"2018-09-10T00:54:17","guid":{"rendered":"https:\/\/www.24gliwice.pl\/wiadomosci\/?p=122480"},"modified":"2018-09-10T12:10:09","modified_gmt":"2018-09-10T10:10:09","slug":"masz-tyle-lat-na-ile-sie-czujesz","status":"publish","type":"post","link":"https:\/\/www.24gliwice.pl\/wiadomosci\/masz-tyle-lat-na-ile-sie-czujesz\/","title":{"rendered":"Masz tyle lat, na ile si\u0119 czujesz!"},"content":{"rendered":"<div class=\"gliwi-a6-nad-leadem-artykulow gliwi-entity-placement\" id=\"gliwi-1770569057\"><div class=\"gliwi-adlabel\"><span style=\"font-size: 9px\">REKLAMA<\/span><\/div><div id=\"gliwi-3294147018\" style=\"margin-bottom: 30px;margin-left: auto;margin-right: auto;text-align: center;\"><a data-no-instant=\"1\" href=\"https:\/\/przedszkole.halogen.org.pl\/\" rel=\"noopener\" class=\"a2t-link\" target=\"_blank\" aria-label=\"20260402-ANIMATOR-przedszkole_grafika_750x200\"><img loading=\"lazy\" decoding=\"async\" src=\"https:\/\/www.24gliwice.pl\/wiadomosci\/wp-content\/uploads\/2026\/04\/20260402-ANIMATOR-przedszkole_grafika_750x200.webp\" alt=\"\"  srcset=\"https:\/\/www.24gliwice.pl\/wiadomosci\/wp-content\/uploads\/2026\/04\/20260402-ANIMATOR-przedszkole_grafika_750x200.webp 750w, https:\/\/www.24gliwice.pl\/wiadomosci\/wp-content\/uploads\/2026\/04\/20260402-ANIMATOR-przedszkole_grafika_750x200-410x109.webp 410w\" sizes=\"(max-width: 750px) 100vw, 750px\" class=\"no-lazyload\" width=\"750\" height=\"200\"  style=\"display: inline-block; max-width: 100%; height: auto;\" \/><\/a><\/div><\/div><h3>Podobno nigdy nie jest za p\u00f3\u017ano na zdobywanie nowej wiedzy i umiej\u0119tno\u015bci. Wiedzione dziennikarsk\u0105 ciekawo\u015bci\u0105 i zwyk\u0142\u0105 ludzk\u0105 ch\u0119ci\u0105 przekonania si\u0119, jak wygl\u0105daj\u0105 zaj\u0119cia dla senior\u00f3w, odwiedzi\u0142y\u015bmy gliwicki oddzia\u0142 Akademii III Wieku w szkole <a href=\"https:\/\/teb.pl\/\">TEB Edukacja<\/a>.<\/h3>\n<p><strong><em>Sylwia Borowiec, Agnieszka Zi\u00f3\u0142kowska<\/em><\/strong><\/p>\n<p>Pi\u0119kne s\u0142oneczne popo\u0142udnie, zat\u0142oczone ulice, leniwie spaceruj\u0105cy mieszczanie. To w\u0142a\u015bnie w takiej okolicy mie\u015bci si\u0119 oddzia\u0142 TEB Edukacji \u2013 miejsca, w kt\u00f3rym seniorzy realizuj\u0105 swoje pasje. Akademia III Wieku spe\u0142nia marzenia, realizuj\u0105c zaj\u0119cia dla os\u00f3b po pi\u0119\u0107dziesi\u0105tym roku \u017cycia. <\/p><div class=\"gliwi-a3-w-tresci-artykulow gliwi-entity-placement\" id=\"gliwi-1007152521\"><div class=\"gliwi-adlabel\"><span style=\"font-size: 9px\">REKLAMA<\/span><\/div><div id=\"gliwi-1345488027\" style=\"margin-bottom: 30px;margin-left: auto;margin-right: auto;text-align: center;\"><a data-no-instant=\"1\" href=\"https:\/\/ogrodyandersa.pl\/\" rel=\"noopener\" class=\"a2t-link\" target=\"_blank\" aria-label=\"20260415 Ogrody Andersa KUP TERAZ D\"><img loading=\"lazy\" decoding=\"async\" src=\"https:\/\/www.24gliwice.pl\/wiadomosci\/wp-content\/uploads\/2026\/04\/20260415-Ogrody-Andersa-KUP-TERAZ-D.jpg\" alt=\"\"  srcset=\"https:\/\/www.24gliwice.pl\/wiadomosci\/wp-content\/uploads\/2026\/04\/20260415-Ogrody-Andersa-KUP-TERAZ-D.jpg 750w, https:\/\/www.24gliwice.pl\/wiadomosci\/wp-content\/uploads\/2026\/04\/20260415-Ogrody-Andersa-KUP-TERAZ-D-410x109.jpg 410w\" sizes=\"(max-width: 750px) 100vw, 750px\" class=\"no-lazyload\" width=\"750\" height=\"200\"  style=\"display: inline-block; max-width: 100%; height: auto;\" \/><\/a><\/div><\/div>\n<h4>Powr\u00f3t do szko\u0142y<\/h4>\n<p>Tego popo\u0142udnia trafi\u0142y\u015bmy na zaj\u0119cia Informatyka 50+, lecz kierunk\u00f3w dost\u0119pnych w ramach Akademii jest znacznie wi\u0119cej: agroturystyka, florystyka i bukieciarstwo, warsztaty terapii manualnej, kosmetyka, masa\u017c, opieka medyczna, a nawet produkcja filmowa i telewizyjna! <\/p>\n<p>Przez chwil\u0119 podgl\u0105da\u0142y\u015bmy uczestnik\u00f3w \u2013 s\u0105 skupieni, autentycznie zainteresowani tematem i zaanga\u017cowani. Odwa\u017cnie zadaj\u0105 pytania, bez oci\u0105gania si\u0119 wykonuj\u0105 polecenia nauczyciela. Panuje tu atmosfera pe\u0142na \u017cyczliwo\u015bci, bez zb\u0119dnego spi\u0119cia i przymusu. Wszyscy odnosz\u0105 si\u0119 do siebie z szacunkiem, a nauczyciel jest bardziej partnerem ni\u017c osob\u0105 oceniaj\u0105c\u0105. <\/p>\n<h4>Nauczyciel prowadzi za r\u0119k\u0119<\/h4>\n<p>W przerwie zapyta\u0142y\u015bmy wyk\u0142adowc\u0119, czym nauczanie senior\u00f3w r\u00f3\u017cni si\u0119 od zaj\u0119\u0107 stacjonarnych z m\u0142odszymi uczestnikami.<\/p>\n<p><em>\u2013 Seniorzy s\u0105 pe\u0142ni pasji, maj\u0105 zupe\u0142nie inne podej\u015bcie do nauki ni\u017c m\u0142odzi ludzie, my\u015bl\u0105 bardziej pragmatycznie. W wi\u0119kszo\u015bci s\u0105 to osoby, kt\u00f3re ju\u017c nie pracuj\u0105 zawodowo, a wiedz\u0119 wykorzystuj\u0105 w codziennym \u017cyciu. <\/em><br \/>\nNiekt\u00f3rzy z uczestnik\u00f3w Akademii III wieku TEB maj\u0105 nawet niemal 90 lat \u2013 dla nich wiele poruszanych na zaj\u0119ciach kwestii to zupe\u0142na nowo\u015b\u0107.<br \/>\n<em>\u2013 Trzeba sporo cierpliwo\u015bci, odmiennego podej\u015bcia <\/em>\u2013 wyja\u015bnia nauczyciel <em>\u2013 Przyswajanie, cz\u0119sto zupe\u0142nie nowego materia\u0142u przebiega w innym tempie, a zaj\u0119cia musz\u0105 mie\u0107 charakter praktyczny. Sucha teoria na nic si\u0119 zda w przypadku ludzi, kt\u00f3rzy chc\u0105 zdobyt\u0105 wiedz\u0119 wykorzysta\u0107 w codziennym \u017cyciu. <\/em><\/p>\n<p>Osoby, z kt\u00f3rymi rozmawiam, podkre\u015blaj\u0105, \u017ce udzia\u0142 w zaj\u0119ciach to gimnastyka dla umys\u0142u. <em>\u2013 Siedzenie przed telewizorem nie wystarczy, by zachowa\u0107 sprawno\u015b\u0107 intelektualn\u0105 \u2013 zaj\u0119cia w szkole to co\u015b zupe\u0142nie innego, tutaj m\u00f3zg pracuje. Widz\u0119, jak\u0105 przemian\u0119 w ci\u0105gu roku przechodz\u0105 moi kursanci \u2013 wystarczy\u0142o, by wyszli z domu i \u201eruszyli\u201d g\u0142ow\u0105. Co\u015b, co rok temu sprawia\u0142o trudno\u015b\u0107, dzi\u015b przychodzi im bez problemu \u2013 to dotyczy nawet prostych codziennych czynno\u015bci. <\/em><br \/>\nTrudno si\u0119 z tym nie zgodzi\u0107 \u2013 nauka i zdobywanie wiedzy jest jednym ze sposob\u00f3w utrzymania dobrej kondycji intelektualnej. Czy seniorzy, podejmuj\u0105c decyzj\u0119 o nauce, byli tego \u015bwiadomi?<\/p>\n<h4>Swobodnie i przyjemnie<\/h4>\n<p><em>\u2013 Ucz\u0119 si\u0119 hobbystycznie \u2013 opowiada pani Iwona, jedna z uczestniczek zaj\u0119\u0107. \u2013 Dla niekt\u00f3rych jest to lekarstwo na samotno\u015b\u0107. Dla innych spos\u00f3b na to, by jak najd\u0142u\u017cej zachowa\u0107 sprawno\u015b\u0107 umys\u0142u. Usi\u0105\u015b\u0107 w fotelu i patrze\u0107 w ekran? Dzi\u0119kuj\u0119! Ja telewizji nie ogl\u0105dam \u2013 w og\u00f3le! <\/em><\/p>\n<p><em>Trafi\u0142am tu dzi\u0119ki ulotce, kt\u00f3r\u0105 otrzyma\u0142am poczt\u0105. Akurat szuka\u0142am zaj\u0119cia i postanowi\u0142am spr\u00f3bowa\u0107. Spotykamy si\u0119 dwa razy w tygodniu. Nie mam ju\u017c obowi\u0105zk\u00f3w domowych, wi\u0119c z niecierpliwo\u015bci\u0105 czekam na zaj\u0119cia. Zawieramy tu te\u017c nowe znajomo\u015bci \u2013 z jedn\u0105 znajom\u0105 by\u0142am w ubieg\u0142ym roku na nartach. Atmosfera na zaj\u0119ciach jest sympatyczna. Przychodzimy tu z w\u0142asnej woli, ale w przeciwie\u0144stwie do m\u0142odzie\u017cy nie wi\u0105\u017cemy z tym \u017cyciowych plan\u00f3w, st\u0105d du\u017ca swoboda i przyjemno\u015b\u0107 z nauki. <\/em><\/p>\n<p>Bez odpowiedniego nauczyciela i \u017cyczliwego podej\u015bcia, nauka nie by\u0142aby jednak tak satysfakcjonuj\u0105ca i skuteczna. Trzeba dostosowa\u0107 metody i tempo nauczania do wieku i umiej\u0119tno\u015bci uczni\u00f3w. <\/p>\n<p><em>\u2013 Przychodz\u0105c tutaj, mamy r\u00f3\u017cny poziom zaawansowania, wiedzy \u2013 opowiada pan S\u0142awomir. \u2013 Zaczynali\u015bmy od podstaw, sukcesywnie wdra\u017camy si\u0119 w kolejne tematy, a ka\u017cde zagadnienie powtarzane jest kilka razy, do skutku. Uwa\u017cam, \u017ce to wspania\u0142a sprawa \u2013 nie jeste\u015bmy w stagnacji. Zyskuj\u0119 satysfakcj\u0119, wiedz\u0119, rozwijam swoje zainteresowania. Dobrze trafi\u0142em!<\/em><\/p>\n<p>Opuszczamy szko\u0142\u0119 pe\u0142ne pozytywnej energii i\u2026 plan\u00f3w na przysz\u0142o\u015b\u0107! Zainspirowa\u0142y nas s\u0142owa uczestnik\u00f3w zaj\u0119\u0107 i b\u0142ysk w oku, kt\u00f3ry pojawia\u0142 si\u0119, gdy m\u00f3wili o swoich pasjach \u2013 wida\u0107, jak wiele rado\u015bci i satysfakcji daje im nauka, zdobywania nowych umiej\u0119tno\u015bci i spotkania z innymi. Nasi rozm\u00f3wcy s\u0105 najlepszym przyk\u0142adem na to, \u017ce wiek to nie sprawa metryki, ale samopoczucia i podej\u015bcia do \u017cycia \u2013 w ko\u0144cu nie bez powodu m\u00f3wi si\u0119, \u017ce masz tyle lat, na ile si\u0119 czujesz. <\/p>\n<p><strong><a href=\"https:\/\/teb.pl\/\">TEB Edukacja Gliwice<\/a><br \/>\nul. Akademicka 5<br \/>\n44-100 Gliwice<br \/>\nTel: 32 661 42 70<br \/>\nE-mail: gliwice@teb-edukacja.pl<\/strong><\/p>\n<p><em>(materia\u0142 partnera)<\/em><\/p>\n<div class=\"gliwi-a5-na-koncu-artykulow gliwi-entity-placement\" id=\"gliwi-1673167178\"><div class=\"gliwi-adlabel\"><span style=\"font-size: 9px\">REKLAMA<\/span><\/div><div id=\"gliwi-4270922483\" style=\"margin-left: auto;margin-right: auto;text-align: center;\"><a data-no-instant=\"1\" href=\"https:\/\/prezeroarenagliwice.pl\/\" rel=\"noopener\" class=\"a2t-link\" target=\"_blank\" aria-label=\"20260309-PREZERO-WIOSNA-D\"><img loading=\"lazy\" decoding=\"async\" src=\"https:\/\/www.24gliwice.pl\/wiadomosci\/wp-content\/uploads\/2026\/03\/20260309-PREZERO-WIOSNA-D.webp\" alt=\"\"  srcset=\"https:\/\/www.24gliwice.pl\/wiadomosci\/wp-content\/uploads\/2026\/03\/20260309-PREZERO-WIOSNA-D.webp 750w, https:\/\/www.24gliwice.pl\/wiadomosci\/wp-content\/uploads\/2026\/03\/20260309-PREZERO-WIOSNA-D-410x109.webp 410w\" sizes=\"(max-width: 750px) 100vw, 750px\" class=\"no-lazyload\" width=\"750\" height=\"200\"  style=\"display: inline-block; max-width: 100%; height: auto;\" \/><\/a><\/div><\/div>","protected":false},"excerpt":{"rendered":"<p>Podobno nigdy nie jest za p\u00f3\u017ano na zdobywanie nowej wiedzy i umiej\u0119tno\u015bci. Wiedzione dziennikarsk\u0105 ciekawo\u015bci\u0105 i zwyk\u0142\u0105 ludzk\u0105 ch\u0119ci\u0105 przekonania si\u0119, jak wygl\u0105daj\u0105 zaj\u0119cia dla senior\u00f3w, odwiedzi\u0142y\u015bmy gliwicki oddzia\u0142 Akademii III Wieku w szkole TEB Edukacja. Sylwia Borowiec, Agnieszka Zi\u00f3\u0142kowska Pi\u0119kne s\u0142oneczne popo\u0142udnie, zat\u0142oczone ulice, leniwie spaceruj\u0105cy mieszczanie. To w\u0142a\u015bnie w takiej okolicy mie\u015bci si\u0119 [&hellip;]<\/p>\n","protected":false},"author":4,"featured_media":122482,"comment_status":"closed","ping_status":"closed","sticky":false,"template":"","format":"standard","meta":{"_monsterinsights_skip_tracking":false,"_monsterinsights_sitenote_active":false,"_monsterinsights_sitenote_note":"","_monsterinsights_sitenote_category":0,"footnotes":"","_links_to":"","_links_to_target":""},"categories":[1,1129],"tags":[10488,11589],"class_list":["post-122480","post","type-post","status-publish","format-standard","has-post-thumbnail","hentry","category-wszystko","category-polecamy","tag-seniorzy","tag-teb-edukacja"],"yoast_head":"<!-- This site is optimized with the Yoast SEO plugin v27.5 - https:\/\/yoast.com\/product\/yoast-seo-wordpress\/ -->\n<title>Masz tyle lat, na ile si\u0119 czujesz! - 24GLIWICE - Portal Gliwice | codziennie nowe informacje<\/title>\n<meta name=\"robots\" content=\"index, follow, max-snippet:-1, max-image-preview:large, max-video-preview:-1\" \/>\n<link rel=\"canonical\" href=\"https:\/\/www.24gliwice.pl\/wiadomosci\/masz-tyle-lat-na-ile-sie-czujesz\/\" \/>\n<meta property=\"og:locale\" content=\"pl_PL\" \/>\n<meta property=\"og:type\" content=\"article\" \/>\n<meta property=\"og:title\" content=\"Masz tyle lat, na ile si\u0119 czujesz! - 24GLIWICE - Portal Gliwice | codziennie nowe informacje\" \/>\n<meta property=\"og:description\" content=\"Podobno nigdy nie jest za p\u00f3\u017ano na zdobywanie nowej wiedzy i umiej\u0119tno\u015bci. Wiedzione dziennikarsk\u0105 ciekawo\u015bci\u0105 i zwyk\u0142\u0105 ludzk\u0105 ch\u0119ci\u0105 przekonania si\u0119, jak wygl\u0105daj\u0105 zaj\u0119cia dla senior\u00f3w, odwiedzi\u0142y\u015bmy gliwicki oddzia\u0142 Akademii III Wieku w szkole TEB Edukacja. Sylwia Borowiec, Agnieszka Zi\u00f3\u0142kowska Pi\u0119kne s\u0142oneczne popo\u0142udnie, zat\u0142oczone ulice, leniwie spaceruj\u0105cy mieszczanie. To w\u0142a\u015bnie w takiej okolicy mie\u015bci si\u0119 [&hellip;]\" \/>\n<meta property=\"og:url\" content=\"https:\/\/www.24gliwice.pl\/wiadomosci\/masz-tyle-lat-na-ile-sie-czujesz\/\" \/>\n<meta property=\"og:site_name\" content=\"24GLIWICE - Portal Gliwice | codziennie nowe informacje\" \/>\n<meta property=\"article:publisher\" content=\"https:\/\/www.facebook.com\/24gliwice\" \/>\n<meta property=\"article:author\" content=\"https:\/\/www.facebook.com\/marcin.fabrykowski\" \/>\n<meta property=\"article:published_time\" content=\"2018-09-10T00:54:17+00:00\" \/>\n<meta property=\"article:modified_time\" content=\"2018-09-10T10:10:09+00:00\" \/>\n<meta property=\"og:image\" content=\"https:\/\/www.24gliwice.pl\/wiadomosci\/wp-content\/uploads\/2018\/09\/Screenshot_13.jpg\" \/>\n\t<meta property=\"og:image:width\" content=\"1113\" \/>\n\t<meta property=\"og:image:height\" content=\"616\" \/>\n\t<meta property=\"og:image:type\" content=\"image\/jpeg\" \/>\n<meta name=\"author\" content=\"Marcin Fabrykowski\" \/>\n<meta name=\"twitter:card\" content=\"summary_large_image\" \/>\n<meta name=\"twitter:creator\" content=\"@24gliwice\" \/>\n<meta name=\"twitter:site\" content=\"@24gliwice\" \/>\n<meta name=\"twitter:label1\" content=\"Napisane przez\" \/>\n\t<meta name=\"twitter:data1\" content=\"Marcin Fabrykowski\" \/>\n\t<meta name=\"twitter:label2\" content=\"Szacowany czas czytania\" \/>\n\t<meta name=\"twitter:data2\" content=\"4 minuty\" \/>\n<script type=\"application\/ld+json\" class=\"yoast-schema-graph\">{\"@context\":\"https:\\\/\\\/schema.org\",\"@graph\":[{\"@type\":\"Article\",\"@id\":\"https:\\\/\\\/www.24gliwice.pl\\\/wiadomosci\\\/masz-tyle-lat-na-ile-sie-czujesz\\\/#article\",\"isPartOf\":{\"@id\":\"https:\\\/\\\/www.24gliwice.pl\\\/wiadomosci\\\/masz-tyle-lat-na-ile-sie-czujesz\\\/\"},\"author\":{\"name\":\"Marcin Fabrykowski\",\"@id\":\"https:\\\/\\\/www.24gliwice.pl\\\/wiadomosci\\\/#\\\/schema\\\/person\\\/cb5857e4a4d048c15984c1edcc8ef0c0\"},\"headline\":\"Masz tyle lat, na ile si\u0119 czujesz!\",\"datePublished\":\"2018-09-10T00:54:17+00:00\",\"dateModified\":\"2018-09-10T10:10:09+00:00\",\"mainEntityOfPage\":{\"@id\":\"https:\\\/\\\/www.24gliwice.pl\\\/wiadomosci\\\/masz-tyle-lat-na-ile-sie-czujesz\\\/\"},\"wordCount\":800,\"publisher\":{\"@id\":\"https:\\\/\\\/www.24gliwice.pl\\\/wiadomosci\\\/#organization\"},\"image\":{\"@id\":\"https:\\\/\\\/www.24gliwice.pl\\\/wiadomosci\\\/masz-tyle-lat-na-ile-sie-czujesz\\\/#primaryimage\"},\"thumbnailUrl\":\"https:\\\/\\\/www.24gliwice.pl\\\/wiadomosci\\\/wp-content\\\/uploads\\\/2018\\\/09\\\/Screenshot_13.jpg\",\"keywords\":[\"seniorzy\",\"teb edukacja\"],\"articleSection\":[\"Najnowsze wiadomo\u015bci\",\"Polecamy\"],\"inLanguage\":\"pl-PL\"},{\"@type\":\"WebPage\",\"@id\":\"https:\\\/\\\/www.24gliwice.pl\\\/wiadomosci\\\/masz-tyle-lat-na-ile-sie-czujesz\\\/\",\"url\":\"https:\\\/\\\/www.24gliwice.pl\\\/wiadomosci\\\/masz-tyle-lat-na-ile-sie-czujesz\\\/\",\"name\":\"Masz tyle lat, na ile si\u0119 czujesz! - 24GLIWICE - Portal Gliwice | codziennie nowe informacje\",\"isPartOf\":{\"@id\":\"https:\\\/\\\/www.24gliwice.pl\\\/wiadomosci\\\/#website\"},\"primaryImageOfPage\":{\"@id\":\"https:\\\/\\\/www.24gliwice.pl\\\/wiadomosci\\\/masz-tyle-lat-na-ile-sie-czujesz\\\/#primaryimage\"},\"image\":{\"@id\":\"https:\\\/\\\/www.24gliwice.pl\\\/wiadomosci\\\/masz-tyle-lat-na-ile-sie-czujesz\\\/#primaryimage\"},\"thumbnailUrl\":\"https:\\\/\\\/www.24gliwice.pl\\\/wiadomosci\\\/wp-content\\\/uploads\\\/2018\\\/09\\\/Screenshot_13.jpg\",\"datePublished\":\"2018-09-10T00:54:17+00:00\",\"dateModified\":\"2018-09-10T10:10:09+00:00\",\"breadcrumb\":{\"@id\":\"https:\\\/\\\/www.24gliwice.pl\\\/wiadomosci\\\/masz-tyle-lat-na-ile-sie-czujesz\\\/#breadcrumb\"},\"inLanguage\":\"pl-PL\",\"potentialAction\":[{\"@type\":\"ReadAction\",\"target\":[\"https:\\\/\\\/www.24gliwice.pl\\\/wiadomosci\\\/masz-tyle-lat-na-ile-sie-czujesz\\\/\"]}]},{\"@type\":\"ImageObject\",\"inLanguage\":\"pl-PL\",\"@id\":\"https:\\\/\\\/www.24gliwice.pl\\\/wiadomosci\\\/masz-tyle-lat-na-ile-sie-czujesz\\\/#primaryimage\",\"url\":\"https:\\\/\\\/www.24gliwice.pl\\\/wiadomosci\\\/wp-content\\\/uploads\\\/2018\\\/09\\\/Screenshot_13.jpg\",\"contentUrl\":\"https:\\\/\\\/www.24gliwice.pl\\\/wiadomosci\\\/wp-content\\\/uploads\\\/2018\\\/09\\\/Screenshot_13.jpg\",\"width\":1113,\"height\":616},{\"@type\":\"BreadcrumbList\",\"@id\":\"https:\\\/\\\/www.24gliwice.pl\\\/wiadomosci\\\/masz-tyle-lat-na-ile-sie-czujesz\\\/#breadcrumb\",\"itemListElement\":[{\"@type\":\"ListItem\",\"position\":1,\"name\":\"Strona g\u0142\u00f3wna\",\"item\":\"https:\\\/\\\/www.24gliwice.pl\\\/wiadomosci\\\/\"},{\"@type\":\"ListItem\",\"position\":2,\"name\":\"Masz tyle lat, na ile si\u0119 czujesz!\"}]},{\"@type\":\"WebSite\",\"@id\":\"https:\\\/\\\/www.24gliwice.pl\\\/wiadomosci\\\/#website\",\"url\":\"https:\\\/\\\/www.24gliwice.pl\\\/wiadomosci\\\/\",\"name\":\"24GLIWICE - Portal Gliwice | codziennie nowe wiadomo\u015bci\",\"description\":\"Portal Miejski Gliwice\",\"publisher\":{\"@id\":\"https:\\\/\\\/www.24gliwice.pl\\\/wiadomosci\\\/#organization\"},\"potentialAction\":[{\"@type\":\"SearchAction\",\"target\":{\"@type\":\"EntryPoint\",\"urlTemplate\":\"https:\\\/\\\/www.24gliwice.pl\\\/wiadomosci\\\/?s={search_term_string}\"},\"query-input\":{\"@type\":\"PropertyValueSpecification\",\"valueRequired\":true,\"valueName\":\"search_term_string\"}}],\"inLanguage\":\"pl-PL\"},{\"@type\":\"Organization\",\"@id\":\"https:\\\/\\\/www.24gliwice.pl\\\/wiadomosci\\\/#organization\",\"name\":\"24gliwice\",\"url\":\"https:\\\/\\\/www.24gliwice.pl\\\/wiadomosci\\\/\",\"logo\":{\"@type\":\"ImageObject\",\"inLanguage\":\"pl-PL\",\"@id\":\"https:\\\/\\\/www.24gliwice.pl\\\/wiadomosci\\\/#\\\/schema\\\/logo\\\/image\\\/\",\"url\":\"https:\\\/\\\/www.24gliwice.pl\\\/wiadomosci\\\/wp-content\\\/uploads\\\/2024\\\/10\\\/24gliwice-logo-696.jpg\",\"contentUrl\":\"https:\\\/\\\/www.24gliwice.pl\\\/wiadomosci\\\/wp-content\\\/uploads\\\/2024\\\/10\\\/24gliwice-logo-696.jpg\",\"width\":696,\"height\":696,\"caption\":\"24gliwice\"},\"image\":{\"@id\":\"https:\\\/\\\/www.24gliwice.pl\\\/wiadomosci\\\/#\\\/schema\\\/logo\\\/image\\\/\"},\"sameAs\":[\"https:\\\/\\\/www.facebook.com\\\/24gliwice\",\"https:\\\/\\\/x.com\\\/24gliwice\",\"https:\\\/\\\/www.youtube.com\\\/@24gliwice\"]},{\"@type\":\"Person\",\"@id\":\"https:\\\/\\\/www.24gliwice.pl\\\/wiadomosci\\\/#\\\/schema\\\/person\\\/cb5857e4a4d048c15984c1edcc8ef0c0\",\"name\":\"Marcin Fabrykowski\",\"image\":{\"@type\":\"ImageObject\",\"inLanguage\":\"pl-PL\",\"@id\":\"https:\\\/\\\/www.24gliwice.pl\\\/wiadomosci\\\/wp-content\\\/uploads\\\/2025\\\/11\\\/zdjecie-moje-marcin-300-96x96.jpg\",\"url\":\"https:\\\/\\\/www.24gliwice.pl\\\/wiadomosci\\\/wp-content\\\/uploads\\\/2025\\\/11\\\/zdjecie-moje-marcin-300-96x96.jpg\",\"contentUrl\":\"https:\\\/\\\/www.24gliwice.pl\\\/wiadomosci\\\/wp-content\\\/uploads\\\/2025\\\/11\\\/zdjecie-moje-marcin-300-96x96.jpg\",\"caption\":\"Marcin Fabrykowski\"},\"sameAs\":[\"http:\\\/\\\/24gliwice.pl\",\"https:\\\/\\\/www.facebook.com\\\/marcin.fabrykowski\"],\"url\":\"https:\\\/\\\/www.24gliwice.pl\\\/wiadomosci\\\/author\\\/marcin-fabrykowski\\\/\"}]}<\/script>\n<!-- \/ Yoast SEO plugin. -->","yoast_head_json":{"title":"Masz tyle lat, na ile si\u0119 czujesz! - 24GLIWICE - Portal Gliwice | codziennie nowe informacje","robots":{"index":"index","follow":"follow","max-snippet":"max-snippet:-1","max-image-preview":"max-image-preview:large","max-video-preview":"max-video-preview:-1"},"canonical":"https:\/\/www.24gliwice.pl\/wiadomosci\/masz-tyle-lat-na-ile-sie-czujesz\/","og_locale":"pl_PL","og_type":"article","og_title":"Masz tyle lat, na ile si\u0119 czujesz! - 24GLIWICE - Portal Gliwice | codziennie nowe informacje","og_description":"Podobno nigdy nie jest za p\u00f3\u017ano na zdobywanie nowej wiedzy i umiej\u0119tno\u015bci. Wiedzione dziennikarsk\u0105 ciekawo\u015bci\u0105 i zwyk\u0142\u0105 ludzk\u0105 ch\u0119ci\u0105 przekonania si\u0119, jak wygl\u0105daj\u0105 zaj\u0119cia dla senior\u00f3w, odwiedzi\u0142y\u015bmy gliwicki oddzia\u0142 Akademii III Wieku w szkole TEB Edukacja. Sylwia Borowiec, Agnieszka Zi\u00f3\u0142kowska Pi\u0119kne s\u0142oneczne popo\u0142udnie, zat\u0142oczone ulice, leniwie spaceruj\u0105cy mieszczanie. To w\u0142a\u015bnie w takiej okolicy mie\u015bci si\u0119 [&hellip;]","og_url":"https:\/\/www.24gliwice.pl\/wiadomosci\/masz-tyle-lat-na-ile-sie-czujesz\/","og_site_name":"24GLIWICE - Portal Gliwice | codziennie nowe informacje","article_publisher":"https:\/\/www.facebook.com\/24gliwice","article_author":"https:\/\/www.facebook.com\/marcin.fabrykowski","article_published_time":"2018-09-10T00:54:17+00:00","article_modified_time":"2018-09-10T10:10:09+00:00","og_image":[{"width":1113,"height":616,"url":"https:\/\/www.24gliwice.pl\/wiadomosci\/wp-content\/uploads\/2018\/09\/Screenshot_13.jpg","type":"image\/jpeg"}],"author":"Marcin Fabrykowski","twitter_card":"summary_large_image","twitter_creator":"@24gliwice","twitter_site":"@24gliwice","twitter_misc":{"Napisane przez":"Marcin Fabrykowski","Szacowany czas czytania":"4 minuty"},"schema":{"@context":"https:\/\/schema.org","@graph":[{"@type":"Article","@id":"https:\/\/www.24gliwice.pl\/wiadomosci\/masz-tyle-lat-na-ile-sie-czujesz\/#article","isPartOf":{"@id":"https:\/\/www.24gliwice.pl\/wiadomosci\/masz-tyle-lat-na-ile-sie-czujesz\/"},"author":{"name":"Marcin Fabrykowski","@id":"https:\/\/www.24gliwice.pl\/wiadomosci\/#\/schema\/person\/cb5857e4a4d048c15984c1edcc8ef0c0"},"headline":"Masz tyle lat, na ile si\u0119 czujesz!","datePublished":"2018-09-10T00:54:17+00:00","dateModified":"2018-09-10T10:10:09+00:00","mainEntityOfPage":{"@id":"https:\/\/www.24gliwice.pl\/wiadomosci\/masz-tyle-lat-na-ile-sie-czujesz\/"},"wordCount":800,"publisher":{"@id":"https:\/\/www.24gliwice.pl\/wiadomosci\/#organization"},"image":{"@id":"https:\/\/www.24gliwice.pl\/wiadomosci\/masz-tyle-lat-na-ile-sie-czujesz\/#primaryimage"},"thumbnailUrl":"https:\/\/www.24gliwice.pl\/wiadomosci\/wp-content\/uploads\/2018\/09\/Screenshot_13.jpg","keywords":["seniorzy","teb edukacja"],"articleSection":["Najnowsze wiadomo\u015bci","Polecamy"],"inLanguage":"pl-PL"},{"@type":"WebPage","@id":"https:\/\/www.24gliwice.pl\/wiadomosci\/masz-tyle-lat-na-ile-sie-czujesz\/","url":"https:\/\/www.24gliwice.pl\/wiadomosci\/masz-tyle-lat-na-ile-sie-czujesz\/","name":"Masz tyle lat, na ile si\u0119 czujesz! - 24GLIWICE - Portal Gliwice | codziennie nowe informacje","isPartOf":{"@id":"https:\/\/www.24gliwice.pl\/wiadomosci\/#website"},"primaryImageOfPage":{"@id":"https:\/\/www.24gliwice.pl\/wiadomosci\/masz-tyle-lat-na-ile-sie-czujesz\/#primaryimage"},"image":{"@id":"https:\/\/www.24gliwice.pl\/wiadomosci\/masz-tyle-lat-na-ile-sie-czujesz\/#primaryimage"},"thumbnailUrl":"https:\/\/www.24gliwice.pl\/wiadomosci\/wp-content\/uploads\/2018\/09\/Screenshot_13.jpg","datePublished":"2018-09-10T00:54:17+00:00","dateModified":"2018-09-10T10:10:09+00:00","breadcrumb":{"@id":"https:\/\/www.24gliwice.pl\/wiadomosci\/masz-tyle-lat-na-ile-sie-czujesz\/#breadcrumb"},"inLanguage":"pl-PL","potentialAction":[{"@type":"ReadAction","target":["https:\/\/www.24gliwice.pl\/wiadomosci\/masz-tyle-lat-na-ile-sie-czujesz\/"]}]},{"@type":"ImageObject","inLanguage":"pl-PL","@id":"https:\/\/www.24gliwice.pl\/wiadomosci\/masz-tyle-lat-na-ile-sie-czujesz\/#primaryimage","url":"https:\/\/www.24gliwice.pl\/wiadomosci\/wp-content\/uploads\/2018\/09\/Screenshot_13.jpg","contentUrl":"https:\/\/www.24gliwice.pl\/wiadomosci\/wp-content\/uploads\/2018\/09\/Screenshot_13.jpg","width":1113,"height":616},{"@type":"BreadcrumbList","@id":"https:\/\/www.24gliwice.pl\/wiadomosci\/masz-tyle-lat-na-ile-sie-czujesz\/#breadcrumb","itemListElement":[{"@type":"ListItem","position":1,"name":"Strona g\u0142\u00f3wna","item":"https:\/\/www.24gliwice.pl\/wiadomosci\/"},{"@type":"ListItem","position":2,"name":"Masz tyle lat, na ile si\u0119 czujesz!"}]},{"@type":"WebSite","@id":"https:\/\/www.24gliwice.pl\/wiadomosci\/#website","url":"https:\/\/www.24gliwice.pl\/wiadomosci\/","name":"24GLIWICE - Portal Gliwice | codziennie nowe wiadomo\u015bci","description":"Portal Miejski Gliwice","publisher":{"@id":"https:\/\/www.24gliwice.pl\/wiadomosci\/#organization"},"potentialAction":[{"@type":"SearchAction","target":{"@type":"EntryPoint","urlTemplate":"https:\/\/www.24gliwice.pl\/wiadomosci\/?s={search_term_string}"},"query-input":{"@type":"PropertyValueSpecification","valueRequired":true,"valueName":"search_term_string"}}],"inLanguage":"pl-PL"},{"@type":"Organization","@id":"https:\/\/www.24gliwice.pl\/wiadomosci\/#organization","name":"24gliwice","url":"https:\/\/www.24gliwice.pl\/wiadomosci\/","logo":{"@type":"ImageObject","inLanguage":"pl-PL","@id":"https:\/\/www.24gliwice.pl\/wiadomosci\/#\/schema\/logo\/image\/","url":"https:\/\/www.24gliwice.pl\/wiadomosci\/wp-content\/uploads\/2024\/10\/24gliwice-logo-696.jpg","contentUrl":"https:\/\/www.24gliwice.pl\/wiadomosci\/wp-content\/uploads\/2024\/10\/24gliwice-logo-696.jpg","width":696,"height":696,"caption":"24gliwice"},"image":{"@id":"https:\/\/www.24gliwice.pl\/wiadomosci\/#\/schema\/logo\/image\/"},"sameAs":["https:\/\/www.facebook.com\/24gliwice","https:\/\/x.com\/24gliwice","https:\/\/www.youtube.com\/@24gliwice"]},{"@type":"Person","@id":"https:\/\/www.24gliwice.pl\/wiadomosci\/#\/schema\/person\/cb5857e4a4d048c15984c1edcc8ef0c0","name":"Marcin Fabrykowski","image":{"@type":"ImageObject","inLanguage":"pl-PL","@id":"https:\/\/www.24gliwice.pl\/wiadomosci\/wp-content\/uploads\/2025\/11\/zdjecie-moje-marcin-300-96x96.jpg","url":"https:\/\/www.24gliwice.pl\/wiadomosci\/wp-content\/uploads\/2025\/11\/zdjecie-moje-marcin-300-96x96.jpg","contentUrl":"https:\/\/www.24gliwice.pl\/wiadomosci\/wp-content\/uploads\/2025\/11\/zdjecie-moje-marcin-300-96x96.jpg","caption":"Marcin Fabrykowski"},"sameAs":["http:\/\/24gliwice.pl","https:\/\/www.facebook.com\/marcin.fabrykowski"],"url":"https:\/\/www.24gliwice.pl\/wiadomosci\/author\/marcin-fabrykowski\/"}]}},"_links":{"self":[{"href":"https:\/\/www.24gliwice.pl\/wiadomosci\/wp-json\/wp\/v2\/posts\/122480","targetHints":{"allow":["GET"]}}],"collection":[{"href":"https:\/\/www.24gliwice.pl\/wiadomosci\/wp-json\/wp\/v2\/posts"}],"about":[{"href":"https:\/\/www.24gliwice.pl\/wiadomosci\/wp-json\/wp\/v2\/types\/post"}],"author":[{"embeddable":true,"href":"https:\/\/www.24gliwice.pl\/wiadomosci\/wp-json\/wp\/v2\/users\/4"}],"replies":[{"embeddable":true,"href":"https:\/\/www.24gliwice.pl\/wiadomosci\/wp-json\/wp\/v2\/comments?post=122480"}],"version-history":[{"count":0,"href":"https:\/\/www.24gliwice.pl\/wiadomosci\/wp-json\/wp\/v2\/posts\/122480\/revisions"}],"wp:featuredmedia":[{"embeddable":true,"href":"https:\/\/www.24gliwice.pl\/wiadomosci\/wp-json\/wp\/v2\/media\/122482"}],"wp:attachment":[{"href":"https:\/\/www.24gliwice.pl\/wiadomosci\/wp-json\/wp\/v2\/media?parent=122480"}],"wp:term":[{"taxonomy":"category","embeddable":true,"href":"https:\/\/www.24gliwice.pl\/wiadomosci\/wp-json\/wp\/v2\/categories?post=122480"},{"taxonomy":"post_tag","embeddable":true,"href":"https:\/\/www.24gliwice.pl\/wiadomosci\/wp-json\/wp\/v2\/tags?post=122480"}],"curies":[{"name":"wp","href":"https:\/\/api.w.org\/{rel}","templated":true}]}}