{"id":122494,"date":"2018-09-10T14:30:24","date_gmt":"2018-09-10T12:30:24","guid":{"rendered":"https:\/\/www.24gliwice.pl\/wiadomosci\/?p=122494"},"modified":"2018-09-10T14:30:24","modified_gmt":"2018-09-10T12:30:24","slug":"lew-czuwajacy-przed-willa-caro-zniknal-z-betonowej-podstawy-na-szczescie-szybko-wroci","status":"publish","type":"post","link":"https:\/\/www.24gliwice.pl\/wiadomosci\/lew-czuwajacy-przed-willa-caro-zniknal-z-betonowej-podstawy-na-szczescie-szybko-wroci\/","title":{"rendered":"Lew Czuwaj\u0105cy przed Will\u0105 Caro znikn\u0105\u0142 z betonowej podstawy. Na szcz\u0119\u015bcie szybko wr\u00f3ci"},"content":{"rendered":"<div class=\"gliwi-a6-nad-leadem-artykulow gliwi-entity-placement\" id=\"gliwi-2590016579\"><div class=\"gliwi-adlabel\"><span style=\"font-size: 9px\">REKLAMA<\/span><\/div><div id=\"gliwi-2256417932\" style=\"margin-bottom: 25px;margin-left: auto;margin-right: auto;text-align: center;\"><a data-no-instant=\"1\" href=\"https:\/\/dom100.eu\/\" rel=\"noopener\" class=\"a2t-link\" target=\"_blank\" aria-label=\"20260415 DOM100 D\"><img loading=\"lazy\" decoding=\"async\" src=\"https:\/\/www.24gliwice.pl\/wiadomosci\/wp-content\/uploads\/2026\/04\/20260415-DOM100-D.jpg\" alt=\"\"  srcset=\"https:\/\/www.24gliwice.pl\/wiadomosci\/wp-content\/uploads\/2026\/04\/20260415-DOM100-D.jpg 750w, https:\/\/www.24gliwice.pl\/wiadomosci\/wp-content\/uploads\/2026\/04\/20260415-DOM100-D-410x109.jpg 410w\" sizes=\"(max-width: 750px) 100vw, 750px\" class=\"no-lazyload\" width=\"750\" height=\"200\"  style=\"display: inline-block; max-width: 100%; height: auto;\" \/><\/a><\/div><\/div><h3>Zgodnie z zapowiedziami, z coko\u0142u przy ul. Dolnych Wa\u0142\u00f3w <a href=\"https:\/\/www.24gliwice.pl\/wiadomosci\/rzezba-czuwajacego-lwa-zostanie-zabrana-sprzed-willi-caro-na-figurze-pojawily-sie-ogniska-korozji\/\" target=\"_blank\" rel=\"noopener\">znikn\u0119\u0142a rze\u017aba Lwa Czuwaj\u0105cego.<\/a> Uspokajamy wszystkich \u2013 powr\u00f3ci po koniecznych naprawach, najp\u00f3\u017aniej pod koniec listopada.<\/h3>\n<p>Rze\u017aba zosta\u0142a ju\u017c zdemontowana i przetransportowana do pracowni Konserwacja Zabytkowej Architektury Dr Arch. <strong>Bronis\u0142aw MZYK<\/strong>. Specjali\u015bci z Tarnowskich G\u00f3r przeprowadz\u0105 niezb\u0119dne prace konserwacyjne rze\u017aby, kt\u00f3ra z biegiem lat, pod wp\u0142ywem warunk\u00f3w atmosferycznych, nabawi\u0142a si\u0119 ognisk korozyjnych. Koszt renowacji to 50 tys. z\u0142.<\/p>\n[perfectpullquote align=&#8221;full&#8221; bordertop=&#8221;false&#8221; cite=&#8221;&#8221; link=&#8221;&#8221; color=&#8221;&#8221; class=&#8221;&#8221; size=&#8221;&#8221;]Je\u015bli wszystko p\u00f3jdzie zgodnie z planem, rze\u017aba powr\u00f3ci na cok\u00f3\u0142 jeszcze w listopadzie.[\/perfectpullquote]\n<p>Tymczasem na swoje miejsce przy skrzy\u017cowaniu ulic Strzelc\u00f3w Bytomskich i Kolejowej powr\u00f3ci\u0142 przydro\u017cny krzy\u017c uszkodzony podczas kolizji drogowej. W pracowni w Tarnowskich G\u00f3rach sp\u0119dzi\u0142 kilka miesi\u0119cy, podczas kt\u00f3rych prowadzono konserwacj\u0119 i renowacj\u0119, usuni\u0119to zniszczenia, wykonano te\u017c nowe fundamenty i nawierzchni\u0119 wok\u00f3\u0142.<\/p><div class=\"gliwi-a3-w-tresci-artykulow gliwi-entity-placement\" id=\"gliwi-3018123712\"><div class=\"gliwi-adlabel\"><span style=\"font-size: 9px\">REKLAMA<\/span><\/div><div id=\"gliwi-1037329423\" style=\"margin-bottom: 30px;margin-left: auto;margin-right: auto;text-align: center;\"><a data-no-instant=\"1\" href=\"https:\/\/zlobek.halogen.org.pl\/\" rel=\"noopener\" class=\"a2t-link\" target=\"_blank\" aria-label=\"animator-zlobek_750x200\"><img loading=\"lazy\" decoding=\"async\" src=\"https:\/\/www.24gliwice.pl\/wiadomosci\/wp-content\/uploads\/2026\/02\/animator-zlobek_750x200.webp\" alt=\"\"  srcset=\"https:\/\/www.24gliwice.pl\/wiadomosci\/wp-content\/uploads\/2026\/02\/animator-zlobek_750x200.webp 750w, https:\/\/www.24gliwice.pl\/wiadomosci\/wp-content\/uploads\/2026\/02\/animator-zlobek_750x200-410x109.webp 410w\" sizes=\"(max-width: 750px) 100vw, 750px\" class=\"no-lazyload\" width=\"750\" height=\"200\"  style=\"display: inline-block; max-width: 100%; height: auto;\" \/><\/a><\/div><\/div>\n<p>(\u017cms)\/UM(mf)<br \/>\nfot. \u0141G\/24gliwice.pl<\/p>\n<p><img loading=\"lazy\" decoding=\"async\" class=\"alignnone size-full wp-image-116339\" src=\"https:\/\/www.24gliwice.pl\/wiadomosci\/wp-content\/uploads\/2018\/04\/lew-6-810x455-1.jpg\" alt=\"\" width=\"810\" height=\"455\" srcset=\"https:\/\/www.24gliwice.pl\/wiadomosci\/wp-content\/uploads\/2018\/04\/lew-6-810x455-1.jpg 810w, https:\/\/www.24gliwice.pl\/wiadomosci\/wp-content\/uploads\/2018\/04\/lew-6-810x455-1-410x230.jpg 410w, https:\/\/www.24gliwice.pl\/wiadomosci\/wp-content\/uploads\/2018\/04\/lew-6-810x455-1-768x431.jpg 768w\" sizes=\"auto, (max-width: 810px) 100vw, 810px\" \/><\/p>\n<div class=\"gliwi-a5-na-koncu-artykulow gliwi-entity-placement\" id=\"gliwi-2269594889\"><div class=\"gliwi-adlabel\"><span style=\"font-size: 9px\">REKLAMA<\/span><\/div><div id=\"gliwi-1890757378\" style=\"margin-left: auto;margin-right: auto;text-align: center;\"><a data-no-instant=\"1\" href=\"https:\/\/prezeroarenagliwice.pl\/\" rel=\"noopener\" class=\"a2t-link\" target=\"_blank\" aria-label=\"20260309-PREZERO-WIOSNA-D\"><img loading=\"lazy\" decoding=\"async\" src=\"https:\/\/www.24gliwice.pl\/wiadomosci\/wp-content\/uploads\/2026\/03\/20260309-PREZERO-WIOSNA-D.webp\" alt=\"\"  srcset=\"https:\/\/www.24gliwice.pl\/wiadomosci\/wp-content\/uploads\/2026\/03\/20260309-PREZERO-WIOSNA-D.webp 750w, https:\/\/www.24gliwice.pl\/wiadomosci\/wp-content\/uploads\/2026\/03\/20260309-PREZERO-WIOSNA-D-410x109.webp 410w\" sizes=\"(max-width: 750px) 100vw, 750px\" class=\"no-lazyload\" width=\"750\" height=\"200\"  style=\"display: inline-block; max-width: 100%; height: auto;\" \/><\/a><\/div><\/div>","protected":false},"excerpt":{"rendered":"<p>Zgodnie z zapowiedziami, z coko\u0142u przy ul. Dolnych Wa\u0142\u00f3w znikn\u0119\u0142a rze\u017aba Lwa Czuwaj\u0105cego. Uspokajamy wszystkich \u2013 powr\u00f3ci po koniecznych naprawach, najp\u00f3\u017aniej pod koniec listopada. Rze\u017aba zosta\u0142a ju\u017c zdemontowana i przetransportowana do pracowni Konserwacja Zabytkowej Architektury Dr Arch. Bronis\u0142aw MZYK. Specjali\u015bci z Tarnowskich G\u00f3r przeprowadz\u0105 niezb\u0119dne prace konserwacyjne rze\u017aby, kt\u00f3ra z biegiem lat, pod wp\u0142ywem warunk\u00f3w [&hellip;]<\/p>\n","protected":false},"author":15,"featured_media":122500,"comment_status":"open","ping_status":"closed","sticky":false,"template":"","format":"standard","meta":{"_monsterinsights_skip_tracking":false,"_monsterinsights_sitenote_active":false,"_monsterinsights_sitenote_note":"","_monsterinsights_sitenote_category":0,"footnotes":"","_links_to":"","_links_to_target":""},"categories":[3,1],"tags":[12204,13287,12202,13166,8746,10210,210],"class_list":["post-122494","post","type-post","status-publish","format-standard","has-post-thumbnail","hentry","category-gliwice","category-wszystko","tag-bronislaw-mzyk","tag-lew","tag-lew-czuwajacy","tag-odlew","tag-renowacja","tag-rzezba","tag-willa-caro"],"yoast_head":"<!-- This site is optimized with the Yoast SEO plugin v27.5 - https:\/\/yoast.com\/product\/yoast-seo-wordpress\/ -->\n<title>Lew Czuwaj\u0105cy przed Will\u0105 Caro znikn\u0105\u0142 z betonowej podstawy. Na szcz\u0119\u015bcie szybko wr\u00f3ci - 24GLIWICE - Portal Gliwice | codziennie nowe informacje<\/title>\n<meta name=\"robots\" content=\"index, follow, max-snippet:-1, max-image-preview:large, max-video-preview:-1\" \/>\n<link rel=\"canonical\" href=\"https:\/\/www.24gliwice.pl\/wiadomosci\/lew-czuwajacy-przed-willa-caro-zniknal-z-betonowej-podstawy-na-szczescie-szybko-wroci\/\" \/>\n<meta property=\"og:locale\" content=\"pl_PL\" \/>\n<meta property=\"og:type\" content=\"article\" \/>\n<meta property=\"og:title\" content=\"Lew Czuwaj\u0105cy przed Will\u0105 Caro znikn\u0105\u0142 z betonowej podstawy. Na szcz\u0119\u015bcie szybko wr\u00f3ci - 24GLIWICE - Portal Gliwice | codziennie nowe informacje\" \/>\n<meta property=\"og:description\" content=\"Zgodnie z zapowiedziami, z coko\u0142u przy ul. Dolnych Wa\u0142\u00f3w znikn\u0119\u0142a rze\u017aba Lwa Czuwaj\u0105cego. Uspokajamy wszystkich \u2013 powr\u00f3ci po koniecznych naprawach, najp\u00f3\u017aniej pod koniec listopada. Rze\u017aba zosta\u0142a ju\u017c zdemontowana i przetransportowana do pracowni Konserwacja Zabytkowej Architektury Dr Arch. Bronis\u0142aw MZYK. Specjali\u015bci z Tarnowskich G\u00f3r przeprowadz\u0105 niezb\u0119dne prace konserwacyjne rze\u017aby, kt\u00f3ra z biegiem lat, pod wp\u0142ywem warunk\u00f3w [&hellip;]\" \/>\n<meta property=\"og:url\" content=\"https:\/\/www.24gliwice.pl\/wiadomosci\/lew-czuwajacy-przed-willa-caro-zniknal-z-betonowej-podstawy-na-szczescie-szybko-wroci\/\" \/>\n<meta property=\"og:site_name\" content=\"24GLIWICE - Portal Gliwice | codziennie nowe informacje\" \/>\n<meta property=\"article:publisher\" content=\"https:\/\/www.facebook.com\/24gliwice\" \/>\n<meta property=\"article:published_time\" content=\"2018-09-10T12:30:24+00:00\" \/>\n<meta property=\"og:image\" content=\"https:\/\/www.24gliwice.pl\/wiadomosci\/wp-content\/uploads\/2018\/09\/lew-czuwaj\u0105cy-e1536574542972.jpg\" \/>\n\t<meta property=\"og:image:width\" content=\"810\" \/>\n\t<meta property=\"og:image:height\" content=\"456\" \/>\n\t<meta property=\"og:image:type\" content=\"image\/jpeg\" \/>\n<meta name=\"author\" content=\"\u017baneta Mrozek-Siewierska\" \/>\n<meta name=\"twitter:card\" content=\"summary_large_image\" \/>\n<meta name=\"twitter:creator\" content=\"@24gliwice\" \/>\n<meta name=\"twitter:site\" content=\"@24gliwice\" \/>\n<meta name=\"twitter:label1\" content=\"Napisane przez\" \/>\n\t<meta name=\"twitter:data1\" content=\"\u017baneta Mrozek-Siewierska\" \/>\n\t<meta name=\"twitter:label2\" content=\"Szacowany czas czytania\" \/>\n\t<meta name=\"twitter:data2\" content=\"1 minuta\" \/>\n<script type=\"application\/ld+json\" class=\"yoast-schema-graph\">{\"@context\":\"https:\\\/\\\/schema.org\",\"@graph\":[{\"@type\":\"Article\",\"@id\":\"https:\\\/\\\/www.24gliwice.pl\\\/wiadomosci\\\/lew-czuwajacy-przed-willa-caro-zniknal-z-betonowej-podstawy-na-szczescie-szybko-wroci\\\/#article\",\"isPartOf\":{\"@id\":\"https:\\\/\\\/www.24gliwice.pl\\\/wiadomosci\\\/lew-czuwajacy-przed-willa-caro-zniknal-z-betonowej-podstawy-na-szczescie-szybko-wroci\\\/\"},\"author\":{\"name\":\"\u017baneta Mrozek-Siewierska\",\"@id\":\"https:\\\/\\\/www.24gliwice.pl\\\/wiadomosci\\\/#\\\/schema\\\/person\\\/e42c650edd7f2fa332be3811fb166b6e\"},\"headline\":\"Lew Czuwaj\u0105cy przed Will\u0105 Caro znikn\u0105\u0142 z betonowej podstawy. Na szcz\u0119\u015bcie szybko wr\u00f3ci\",\"datePublished\":\"2018-09-10T12:30:24+00:00\",\"mainEntityOfPage\":{\"@id\":\"https:\\\/\\\/www.24gliwice.pl\\\/wiadomosci\\\/lew-czuwajacy-przed-willa-caro-zniknal-z-betonowej-podstawy-na-szczescie-szybko-wroci\\\/\"},\"wordCount\":183,\"commentCount\":0,\"publisher\":{\"@id\":\"https:\\\/\\\/www.24gliwice.pl\\\/wiadomosci\\\/#organization\"},\"image\":{\"@id\":\"https:\\\/\\\/www.24gliwice.pl\\\/wiadomosci\\\/lew-czuwajacy-przed-willa-caro-zniknal-z-betonowej-podstawy-na-szczescie-szybko-wroci\\\/#primaryimage\"},\"thumbnailUrl\":\"https:\\\/\\\/www.24gliwice.pl\\\/wiadomosci\\\/wp-content\\\/uploads\\\/2018\\\/09\\\/lew-czuwaj\u0105cy-e1536574542972.jpg\",\"keywords\":[\"bronis\u0142aw mzyk\",\"lew\",\"lew czuwaj\u0105cy\",\"odlew\",\"renowacja\",\"rze\u017aba\",\"WILLA CARO\"],\"articleSection\":[\"Gliwice\",\"Najnowsze wiadomo\u015bci\"],\"inLanguage\":\"pl-PL\",\"potentialAction\":[{\"@type\":\"CommentAction\",\"name\":\"Comment\",\"target\":[\"https:\\\/\\\/www.24gliwice.pl\\\/wiadomosci\\\/lew-czuwajacy-przed-willa-caro-zniknal-z-betonowej-podstawy-na-szczescie-szybko-wroci\\\/#respond\"]}]},{\"@type\":\"WebPage\",\"@id\":\"https:\\\/\\\/www.24gliwice.pl\\\/wiadomosci\\\/lew-czuwajacy-przed-willa-caro-zniknal-z-betonowej-podstawy-na-szczescie-szybko-wroci\\\/\",\"url\":\"https:\\\/\\\/www.24gliwice.pl\\\/wiadomosci\\\/lew-czuwajacy-przed-willa-caro-zniknal-z-betonowej-podstawy-na-szczescie-szybko-wroci\\\/\",\"name\":\"Lew Czuwaj\u0105cy przed Will\u0105 Caro znikn\u0105\u0142 z betonowej podstawy. Na szcz\u0119\u015bcie szybko wr\u00f3ci - 24GLIWICE - Portal Gliwice | codziennie nowe informacje\",\"isPartOf\":{\"@id\":\"https:\\\/\\\/www.24gliwice.pl\\\/wiadomosci\\\/#website\"},\"primaryImageOfPage\":{\"@id\":\"https:\\\/\\\/www.24gliwice.pl\\\/wiadomosci\\\/lew-czuwajacy-przed-willa-caro-zniknal-z-betonowej-podstawy-na-szczescie-szybko-wroci\\\/#primaryimage\"},\"image\":{\"@id\":\"https:\\\/\\\/www.24gliwice.pl\\\/wiadomosci\\\/lew-czuwajacy-przed-willa-caro-zniknal-z-betonowej-podstawy-na-szczescie-szybko-wroci\\\/#primaryimage\"},\"thumbnailUrl\":\"https:\\\/\\\/www.24gliwice.pl\\\/wiadomosci\\\/wp-content\\\/uploads\\\/2018\\\/09\\\/lew-czuwaj\u0105cy-e1536574542972.jpg\",\"datePublished\":\"2018-09-10T12:30:24+00:00\",\"breadcrumb\":{\"@id\":\"https:\\\/\\\/www.24gliwice.pl\\\/wiadomosci\\\/lew-czuwajacy-przed-willa-caro-zniknal-z-betonowej-podstawy-na-szczescie-szybko-wroci\\\/#breadcrumb\"},\"inLanguage\":\"pl-PL\",\"potentialAction\":[{\"@type\":\"ReadAction\",\"target\":[\"https:\\\/\\\/www.24gliwice.pl\\\/wiadomosci\\\/lew-czuwajacy-przed-willa-caro-zniknal-z-betonowej-podstawy-na-szczescie-szybko-wroci\\\/\"]}]},{\"@type\":\"ImageObject\",\"inLanguage\":\"pl-PL\",\"@id\":\"https:\\\/\\\/www.24gliwice.pl\\\/wiadomosci\\\/lew-czuwajacy-przed-willa-caro-zniknal-z-betonowej-podstawy-na-szczescie-szybko-wroci\\\/#primaryimage\",\"url\":\"https:\\\/\\\/www.24gliwice.pl\\\/wiadomosci\\\/wp-content\\\/uploads\\\/2018\\\/09\\\/lew-czuwaj\u0105cy-e1536574542972.jpg\",\"contentUrl\":\"https:\\\/\\\/www.24gliwice.pl\\\/wiadomosci\\\/wp-content\\\/uploads\\\/2018\\\/09\\\/lew-czuwaj\u0105cy-e1536574542972.jpg\",\"width\":810,\"height\":456},{\"@type\":\"BreadcrumbList\",\"@id\":\"https:\\\/\\\/www.24gliwice.pl\\\/wiadomosci\\\/lew-czuwajacy-przed-willa-caro-zniknal-z-betonowej-podstawy-na-szczescie-szybko-wroci\\\/#breadcrumb\",\"itemListElement\":[{\"@type\":\"ListItem\",\"position\":1,\"name\":\"Strona g\u0142\u00f3wna\",\"item\":\"https:\\\/\\\/www.24gliwice.pl\\\/wiadomosci\\\/\"},{\"@type\":\"ListItem\",\"position\":2,\"name\":\"Lew Czuwaj\u0105cy przed Will\u0105 Caro znikn\u0105\u0142 z betonowej podstawy. Na szcz\u0119\u015bcie szybko wr\u00f3ci\"}]},{\"@type\":\"WebSite\",\"@id\":\"https:\\\/\\\/www.24gliwice.pl\\\/wiadomosci\\\/#website\",\"url\":\"https:\\\/\\\/www.24gliwice.pl\\\/wiadomosci\\\/\",\"name\":\"24GLIWICE - Portal Gliwice | codziennie nowe wiadomo\u015bci\",\"description\":\"Portal Miejski Gliwice\",\"publisher\":{\"@id\":\"https:\\\/\\\/www.24gliwice.pl\\\/wiadomosci\\\/#organization\"},\"potentialAction\":[{\"@type\":\"SearchAction\",\"target\":{\"@type\":\"EntryPoint\",\"urlTemplate\":\"https:\\\/\\\/www.24gliwice.pl\\\/wiadomosci\\\/?s={search_term_string}\"},\"query-input\":{\"@type\":\"PropertyValueSpecification\",\"valueRequired\":true,\"valueName\":\"search_term_string\"}}],\"inLanguage\":\"pl-PL\"},{\"@type\":\"Organization\",\"@id\":\"https:\\\/\\\/www.24gliwice.pl\\\/wiadomosci\\\/#organization\",\"name\":\"24gliwice\",\"url\":\"https:\\\/\\\/www.24gliwice.pl\\\/wiadomosci\\\/\",\"logo\":{\"@type\":\"ImageObject\",\"inLanguage\":\"pl-PL\",\"@id\":\"https:\\\/\\\/www.24gliwice.pl\\\/wiadomosci\\\/#\\\/schema\\\/logo\\\/image\\\/\",\"url\":\"https:\\\/\\\/www.24gliwice.pl\\\/wiadomosci\\\/wp-content\\\/uploads\\\/2024\\\/10\\\/24gliwice-logo-696.jpg\",\"contentUrl\":\"https:\\\/\\\/www.24gliwice.pl\\\/wiadomosci\\\/wp-content\\\/uploads\\\/2024\\\/10\\\/24gliwice-logo-696.jpg\",\"width\":696,\"height\":696,\"caption\":\"24gliwice\"},\"image\":{\"@id\":\"https:\\\/\\\/www.24gliwice.pl\\\/wiadomosci\\\/#\\\/schema\\\/logo\\\/image\\\/\"},\"sameAs\":[\"https:\\\/\\\/www.facebook.com\\\/24gliwice\",\"https:\\\/\\\/x.com\\\/24gliwice\",\"https:\\\/\\\/www.youtube.com\\\/@24gliwice\"]},{\"@type\":\"Person\",\"@id\":\"https:\\\/\\\/www.24gliwice.pl\\\/wiadomosci\\\/#\\\/schema\\\/person\\\/e42c650edd7f2fa332be3811fb166b6e\",\"name\":\"\u017baneta Mrozek-Siewierska\",\"image\":{\"@type\":\"ImageObject\",\"inLanguage\":\"pl-PL\",\"@id\":\"https:\\\/\\\/secure.gravatar.com\\\/avatar\\\/1881429e9c64597c77ad7aef2d0a19be69a3253e57534d16aa15bf3a4d34a0a3?s=96&d=mm&r=g\",\"url\":\"https:\\\/\\\/secure.gravatar.com\\\/avatar\\\/1881429e9c64597c77ad7aef2d0a19be69a3253e57534d16aa15bf3a4d34a0a3?s=96&d=mm&r=g\",\"contentUrl\":\"https:\\\/\\\/secure.gravatar.com\\\/avatar\\\/1881429e9c64597c77ad7aef2d0a19be69a3253e57534d16aa15bf3a4d34a0a3?s=96&d=mm&r=g\",\"caption\":\"\u017baneta Mrozek-Siewierska\"},\"url\":\"https:\\\/\\\/www.24gliwice.pl\\\/wiadomosci\\\/author\\\/zms\\\/\"}]}<\/script>\n<!-- \/ Yoast SEO plugin. -->","yoast_head_json":{"title":"Lew Czuwaj\u0105cy przed Will\u0105 Caro znikn\u0105\u0142 z betonowej podstawy. Na szcz\u0119\u015bcie szybko wr\u00f3ci - 24GLIWICE - Portal Gliwice | codziennie nowe informacje","robots":{"index":"index","follow":"follow","max-snippet":"max-snippet:-1","max-image-preview":"max-image-preview:large","max-video-preview":"max-video-preview:-1"},"canonical":"https:\/\/www.24gliwice.pl\/wiadomosci\/lew-czuwajacy-przed-willa-caro-zniknal-z-betonowej-podstawy-na-szczescie-szybko-wroci\/","og_locale":"pl_PL","og_type":"article","og_title":"Lew Czuwaj\u0105cy przed Will\u0105 Caro znikn\u0105\u0142 z betonowej podstawy. Na szcz\u0119\u015bcie szybko wr\u00f3ci - 24GLIWICE - Portal Gliwice | codziennie nowe informacje","og_description":"Zgodnie z zapowiedziami, z coko\u0142u przy ul. Dolnych Wa\u0142\u00f3w znikn\u0119\u0142a rze\u017aba Lwa Czuwaj\u0105cego. Uspokajamy wszystkich \u2013 powr\u00f3ci po koniecznych naprawach, najp\u00f3\u017aniej pod koniec listopada. Rze\u017aba zosta\u0142a ju\u017c zdemontowana i przetransportowana do pracowni Konserwacja Zabytkowej Architektury Dr Arch. Bronis\u0142aw MZYK. Specjali\u015bci z Tarnowskich G\u00f3r przeprowadz\u0105 niezb\u0119dne prace konserwacyjne rze\u017aby, kt\u00f3ra z biegiem lat, pod wp\u0142ywem warunk\u00f3w [&hellip;]","og_url":"https:\/\/www.24gliwice.pl\/wiadomosci\/lew-czuwajacy-przed-willa-caro-zniknal-z-betonowej-podstawy-na-szczescie-szybko-wroci\/","og_site_name":"24GLIWICE - Portal Gliwice | codziennie nowe informacje","article_publisher":"https:\/\/www.facebook.com\/24gliwice","article_published_time":"2018-09-10T12:30:24+00:00","og_image":[{"width":810,"height":456,"url":"https:\/\/www.24gliwice.pl\/wiadomosci\/wp-content\/uploads\/2018\/09\/lew-czuwaj\u0105cy-e1536574542972.jpg","type":"image\/jpeg"}],"author":"\u017baneta Mrozek-Siewierska","twitter_card":"summary_large_image","twitter_creator":"@24gliwice","twitter_site":"@24gliwice","twitter_misc":{"Napisane przez":"\u017baneta Mrozek-Siewierska","Szacowany czas czytania":"1 minuta"},"schema":{"@context":"https:\/\/schema.org","@graph":[{"@type":"Article","@id":"https:\/\/www.24gliwice.pl\/wiadomosci\/lew-czuwajacy-przed-willa-caro-zniknal-z-betonowej-podstawy-na-szczescie-szybko-wroci\/#article","isPartOf":{"@id":"https:\/\/www.24gliwice.pl\/wiadomosci\/lew-czuwajacy-przed-willa-caro-zniknal-z-betonowej-podstawy-na-szczescie-szybko-wroci\/"},"author":{"name":"\u017baneta Mrozek-Siewierska","@id":"https:\/\/www.24gliwice.pl\/wiadomosci\/#\/schema\/person\/e42c650edd7f2fa332be3811fb166b6e"},"headline":"Lew Czuwaj\u0105cy przed Will\u0105 Caro znikn\u0105\u0142 z betonowej podstawy. Na szcz\u0119\u015bcie szybko wr\u00f3ci","datePublished":"2018-09-10T12:30:24+00:00","mainEntityOfPage":{"@id":"https:\/\/www.24gliwice.pl\/wiadomosci\/lew-czuwajacy-przed-willa-caro-zniknal-z-betonowej-podstawy-na-szczescie-szybko-wroci\/"},"wordCount":183,"commentCount":0,"publisher":{"@id":"https:\/\/www.24gliwice.pl\/wiadomosci\/#organization"},"image":{"@id":"https:\/\/www.24gliwice.pl\/wiadomosci\/lew-czuwajacy-przed-willa-caro-zniknal-z-betonowej-podstawy-na-szczescie-szybko-wroci\/#primaryimage"},"thumbnailUrl":"https:\/\/www.24gliwice.pl\/wiadomosci\/wp-content\/uploads\/2018\/09\/lew-czuwaj\u0105cy-e1536574542972.jpg","keywords":["bronis\u0142aw mzyk","lew","lew czuwaj\u0105cy","odlew","renowacja","rze\u017aba","WILLA CARO"],"articleSection":["Gliwice","Najnowsze wiadomo\u015bci"],"inLanguage":"pl-PL","potentialAction":[{"@type":"CommentAction","name":"Comment","target":["https:\/\/www.24gliwice.pl\/wiadomosci\/lew-czuwajacy-przed-willa-caro-zniknal-z-betonowej-podstawy-na-szczescie-szybko-wroci\/#respond"]}]},{"@type":"WebPage","@id":"https:\/\/www.24gliwice.pl\/wiadomosci\/lew-czuwajacy-przed-willa-caro-zniknal-z-betonowej-podstawy-na-szczescie-szybko-wroci\/","url":"https:\/\/www.24gliwice.pl\/wiadomosci\/lew-czuwajacy-przed-willa-caro-zniknal-z-betonowej-podstawy-na-szczescie-szybko-wroci\/","name":"Lew Czuwaj\u0105cy przed Will\u0105 Caro znikn\u0105\u0142 z betonowej podstawy. Na szcz\u0119\u015bcie szybko wr\u00f3ci - 24GLIWICE - Portal Gliwice | codziennie nowe informacje","isPartOf":{"@id":"https:\/\/www.24gliwice.pl\/wiadomosci\/#website"},"primaryImageOfPage":{"@id":"https:\/\/www.24gliwice.pl\/wiadomosci\/lew-czuwajacy-przed-willa-caro-zniknal-z-betonowej-podstawy-na-szczescie-szybko-wroci\/#primaryimage"},"image":{"@id":"https:\/\/www.24gliwice.pl\/wiadomosci\/lew-czuwajacy-przed-willa-caro-zniknal-z-betonowej-podstawy-na-szczescie-szybko-wroci\/#primaryimage"},"thumbnailUrl":"https:\/\/www.24gliwice.pl\/wiadomosci\/wp-content\/uploads\/2018\/09\/lew-czuwaj\u0105cy-e1536574542972.jpg","datePublished":"2018-09-10T12:30:24+00:00","breadcrumb":{"@id":"https:\/\/www.24gliwice.pl\/wiadomosci\/lew-czuwajacy-przed-willa-caro-zniknal-z-betonowej-podstawy-na-szczescie-szybko-wroci\/#breadcrumb"},"inLanguage":"pl-PL","potentialAction":[{"@type":"ReadAction","target":["https:\/\/www.24gliwice.pl\/wiadomosci\/lew-czuwajacy-przed-willa-caro-zniknal-z-betonowej-podstawy-na-szczescie-szybko-wroci\/"]}]},{"@type":"ImageObject","inLanguage":"pl-PL","@id":"https:\/\/www.24gliwice.pl\/wiadomosci\/lew-czuwajacy-przed-willa-caro-zniknal-z-betonowej-podstawy-na-szczescie-szybko-wroci\/#primaryimage","url":"https:\/\/www.24gliwice.pl\/wiadomosci\/wp-content\/uploads\/2018\/09\/lew-czuwaj\u0105cy-e1536574542972.jpg","contentUrl":"https:\/\/www.24gliwice.pl\/wiadomosci\/wp-content\/uploads\/2018\/09\/lew-czuwaj\u0105cy-e1536574542972.jpg","width":810,"height":456},{"@type":"BreadcrumbList","@id":"https:\/\/www.24gliwice.pl\/wiadomosci\/lew-czuwajacy-przed-willa-caro-zniknal-z-betonowej-podstawy-na-szczescie-szybko-wroci\/#breadcrumb","itemListElement":[{"@type":"ListItem","position":1,"name":"Strona g\u0142\u00f3wna","item":"https:\/\/www.24gliwice.pl\/wiadomosci\/"},{"@type":"ListItem","position":2,"name":"Lew Czuwaj\u0105cy przed Will\u0105 Caro znikn\u0105\u0142 z betonowej podstawy. Na szcz\u0119\u015bcie szybko wr\u00f3ci"}]},{"@type":"WebSite","@id":"https:\/\/www.24gliwice.pl\/wiadomosci\/#website","url":"https:\/\/www.24gliwice.pl\/wiadomosci\/","name":"24GLIWICE - Portal Gliwice | codziennie nowe wiadomo\u015bci","description":"Portal Miejski Gliwice","publisher":{"@id":"https:\/\/www.24gliwice.pl\/wiadomosci\/#organization"},"potentialAction":[{"@type":"SearchAction","target":{"@type":"EntryPoint","urlTemplate":"https:\/\/www.24gliwice.pl\/wiadomosci\/?s={search_term_string}"},"query-input":{"@type":"PropertyValueSpecification","valueRequired":true,"valueName":"search_term_string"}}],"inLanguage":"pl-PL"},{"@type":"Organization","@id":"https:\/\/www.24gliwice.pl\/wiadomosci\/#organization","name":"24gliwice","url":"https:\/\/www.24gliwice.pl\/wiadomosci\/","logo":{"@type":"ImageObject","inLanguage":"pl-PL","@id":"https:\/\/www.24gliwice.pl\/wiadomosci\/#\/schema\/logo\/image\/","url":"https:\/\/www.24gliwice.pl\/wiadomosci\/wp-content\/uploads\/2024\/10\/24gliwice-logo-696.jpg","contentUrl":"https:\/\/www.24gliwice.pl\/wiadomosci\/wp-content\/uploads\/2024\/10\/24gliwice-logo-696.jpg","width":696,"height":696,"caption":"24gliwice"},"image":{"@id":"https:\/\/www.24gliwice.pl\/wiadomosci\/#\/schema\/logo\/image\/"},"sameAs":["https:\/\/www.facebook.com\/24gliwice","https:\/\/x.com\/24gliwice","https:\/\/www.youtube.com\/@24gliwice"]},{"@type":"Person","@id":"https:\/\/www.24gliwice.pl\/wiadomosci\/#\/schema\/person\/e42c650edd7f2fa332be3811fb166b6e","name":"\u017baneta Mrozek-Siewierska","image":{"@type":"ImageObject","inLanguage":"pl-PL","@id":"https:\/\/secure.gravatar.com\/avatar\/1881429e9c64597c77ad7aef2d0a19be69a3253e57534d16aa15bf3a4d34a0a3?s=96&d=mm&r=g","url":"https:\/\/secure.gravatar.com\/avatar\/1881429e9c64597c77ad7aef2d0a19be69a3253e57534d16aa15bf3a4d34a0a3?s=96&d=mm&r=g","contentUrl":"https:\/\/secure.gravatar.com\/avatar\/1881429e9c64597c77ad7aef2d0a19be69a3253e57534d16aa15bf3a4d34a0a3?s=96&d=mm&r=g","caption":"\u017baneta Mrozek-Siewierska"},"url":"https:\/\/www.24gliwice.pl\/wiadomosci\/author\/zms\/"}]}},"_links":{"self":[{"href":"https:\/\/www.24gliwice.pl\/wiadomosci\/wp-json\/wp\/v2\/posts\/122494","targetHints":{"allow":["GET"]}}],"collection":[{"href":"https:\/\/www.24gliwice.pl\/wiadomosci\/wp-json\/wp\/v2\/posts"}],"about":[{"href":"https:\/\/www.24gliwice.pl\/wiadomosci\/wp-json\/wp\/v2\/types\/post"}],"author":[{"embeddable":true,"href":"https:\/\/www.24gliwice.pl\/wiadomosci\/wp-json\/wp\/v2\/users\/15"}],"replies":[{"embeddable":true,"href":"https:\/\/www.24gliwice.pl\/wiadomosci\/wp-json\/wp\/v2\/comments?post=122494"}],"version-history":[{"count":0,"href":"https:\/\/www.24gliwice.pl\/wiadomosci\/wp-json\/wp\/v2\/posts\/122494\/revisions"}],"wp:featuredmedia":[{"embeddable":true,"href":"https:\/\/www.24gliwice.pl\/wiadomosci\/wp-json\/wp\/v2\/media\/122500"}],"wp:attachment":[{"href":"https:\/\/www.24gliwice.pl\/wiadomosci\/wp-json\/wp\/v2\/media?parent=122494"}],"wp:term":[{"taxonomy":"category","embeddable":true,"href":"https:\/\/www.24gliwice.pl\/wiadomosci\/wp-json\/wp\/v2\/categories?post=122494"},{"taxonomy":"post_tag","embeddable":true,"href":"https:\/\/www.24gliwice.pl\/wiadomosci\/wp-json\/wp\/v2\/tags?post=122494"}],"curies":[{"name":"wp","href":"https:\/\/api.w.org\/{rel}","templated":true}]}}