{"id":122515,"date":"2018-09-13T13:10:11","date_gmt":"2018-09-13T11:10:11","guid":{"rendered":"https:\/\/www.24gliwice.pl\/wiadomosci\/?p=122515"},"modified":"2018-09-13T13:17:55","modified_gmt":"2018-09-13T11:17:55","slug":"borelioza-to-realne-zagrozenie-w-gliwicach","status":"publish","type":"post","link":"https:\/\/www.24gliwice.pl\/wiadomosci\/borelioza-to-realne-zagrozenie-w-gliwicach\/","title":{"rendered":"Borelioza to realne zagro\u017cenie w Gliwicach!"},"content":{"rendered":"<div class=\"gliwi-a6-nad-leadem-artykulow gliwi-entity-placement\" id=\"gliwi-3740540666\"><div class=\"gliwi-adlabel\"><span style=\"font-size: 9px\">REKLAMA<\/span><\/div><div id=\"gliwi-785635623\" style=\"margin-bottom: 30px;margin-left: auto;margin-right: auto;text-align: center;\"><a data-no-instant=\"1\" href=\"https:\/\/przedszkole.halogen.org.pl\/\" rel=\"noopener\" class=\"a2t-link\" target=\"_blank\" aria-label=\"20260402-ANIMATOR-przedszkole_grafika_750x200\"><img loading=\"lazy\" decoding=\"async\" src=\"https:\/\/www.24gliwice.pl\/wiadomosci\/wp-content\/uploads\/2026\/04\/20260402-ANIMATOR-przedszkole_grafika_750x200.webp\" alt=\"\"  srcset=\"https:\/\/www.24gliwice.pl\/wiadomosci\/wp-content\/uploads\/2026\/04\/20260402-ANIMATOR-przedszkole_grafika_750x200.webp 750w, https:\/\/www.24gliwice.pl\/wiadomosci\/wp-content\/uploads\/2026\/04\/20260402-ANIMATOR-przedszkole_grafika_750x200-410x109.webp 410w\" sizes=\"(max-width: 750px) 100vw, 750px\" class=\"no-lazyload\" width=\"750\" height=\"200\"  style=\"display: inline-block; max-width: 100%; height: auto;\" \/><\/a><\/div><\/div><h3>Z bada\u0144 przeprowadzonych w kierunku boreliozy (testy potwierdzenia Western-Blot p\/c IgG\/IgM) w \u015al\u0105skich Laboratoriach Analitycznych w okresie: od 1 stycznia do 31 sierpnia 2018 roku, a\u017c 36% wynik\u00f3w potwierdzi\u0142o obecno\u015b\u0107 kr\u0119tk\u00f3w rodzaju Borrelia we krwi Pacjent\u00f3w mieszkaj\u0105cych w Gliwicach.<\/h3>\n<p>Problem boreliozy w Polsce monitorowany jest przez Pa\u0144stwowy Zak\u0142ad Higieny. Z roku na rok obserwuje si\u0119 wzrost zachorowa\u0144. Zwi\u0119kszenie liczby nowych przypadk\u00f3w boreliozy obserwowane jest r\u00f3wnie\u017c na podstawie bazy danych pacjent\u00f3w \u015al\u0105skich Laboratori\u00f3w Analitycznych. W ostatnich latach znacznie wzros\u0142a ilo\u015b\u0107 wykonanych test\u00f3w potwierdzaj\u0105cych borelioz\u0119 a tak\u017ce nast\u0105pi\u0142 wzrost wynik\u00f3w pozytywnych, widoczny szczeg\u00f3lnie w ostatnich dw\u00f3ch latach (uwzgl\u0119dniono pacjent\u00f3w wykonuj\u0105cych pe\u0142n\u0105 diagnostyk\u0119 serologiczn\u0105: test Elisa i test potwierdzenia Western Blot).<\/p>\n<p>Kleszcze wyst\u0119powa\u0142y w Polsce od zawsze, ale wraz z ocieplaniem klimatu ich liczba stale ro\u015bnie. Intensywno\u015b\u0107 rozprzestrzeniania si\u0119 zaka\u017ce\u0144 jest procesem zr\u00f3\u017cnicowanym, zale\u017cnym od czynnik\u00f3w \u015brodowiskowych i klimatycznych. Szczyt zachorowa\u0144 w cyklu rocznym obserwuje si\u0119 na wiosn\u0119 i jesieni\u0105, kiedy to kleszcze poszukuj\u0105 \u017cywiciela. <\/p><div class=\"gliwi-a3-w-tresci-artykulow gliwi-entity-placement\" id=\"gliwi-1454612262\"><div class=\"gliwi-adlabel\"><span style=\"font-size: 9px\">REKLAMA<\/span><\/div><div id=\"gliwi-3523388213\" style=\"margin-bottom: 30px;margin-left: auto;margin-right: auto;text-align: center;\"><a data-no-instant=\"1\" href=\"https:\/\/zlobek.halogen.org.pl\/\" rel=\"noopener\" class=\"a2t-link\" target=\"_blank\" aria-label=\"animator-zlobek_750x200\"><img loading=\"lazy\" decoding=\"async\" src=\"https:\/\/www.24gliwice.pl\/wiadomosci\/wp-content\/uploads\/2026\/02\/animator-zlobek_750x200.webp\" alt=\"\"  srcset=\"https:\/\/www.24gliwice.pl\/wiadomosci\/wp-content\/uploads\/2026\/02\/animator-zlobek_750x200.webp 750w, https:\/\/www.24gliwice.pl\/wiadomosci\/wp-content\/uploads\/2026\/02\/animator-zlobek_750x200-410x109.webp 410w\" sizes=\"(max-width: 750px) 100vw, 750px\" class=\"no-lazyload\" width=\"750\" height=\"200\"  style=\"display: inline-block; max-width: 100%; height: auto;\" \/><\/a><\/div><\/div>\n<p>Letnia pogoda zach\u0119ca do odpoczynku na \u015bwie\u017cym powietrzu. Wielu z nas jako miejsce kr\u00f3tkiego odpoczynku wybiera parki, lasy, \u0142\u0105ki, przydomowe ogrody czy chocia\u017cby brzegi jezior i rzek. Miejsca te b\u0119d\u0105ce oaz\u0105 ciszy i spokoju stanowi\u0105 jednocze\u015bnie naturalne \u015brodowisko bytowania kleszczy.<\/p>\n<h4>Rumie\u0144 jako wyznacznik zaka\u017cenia?<\/h4>\n<p>Wbrew powszechnie panuj\u0105cej opinii, brak pojawienia si\u0119 rumienia w miejscu uk\u0105szenia,<br \/>\nNIE jest r\u00f3wnoznaczny z brakiem zaka\u017cenia. Faktem jest, i\u017c rumie\u0144 w\u0119druj\u0105cy wyst\u0119puje<br \/>\nw ok. 40% przypadk\u00f3w boreliozy. U dzieci warto\u015b\u0107 ta spada jedynie do 10%. Jest to jednak widoczny i najbardziej charakterystyczny objaw zaka\u017cenia Borelioz\u0105. Z tego wzgl\u0119du<br \/>\nw \u015bwiadomo\u015bci spo\u0142ecze\u0144stwa b\u0142\u0119dnie ur\u00f3s\u0142 on do miana wyznacznika obecno\u015bci zaka\u017cenia lub jego braku.<\/p>\n<h4>Do\u015bwiadczenia kliniczne<\/h4>\n<p>Przyjmijmy jednak, i\u017c po uk\u0105szeniu kleszcza pojawia si\u0119 rumie\u0144. Ma on form\u0119 zaczerwienienia sk\u00f3ry w miejscu uk\u0105szenia, a tak\u017ce zwi\u0119ksza si\u0119 obwodowo, jednocze\u015bnie blakn\u0105c od miejsca uk\u0105szenia. Stadium I zaka\u017cenia rozwija si\u0119 zwykle w ci\u0105gu dw\u00f3ch, trzech tygodni. Pojawiaj\u0105 si\u0119 os\u0142abienie, b\u00f3le mi\u0119\u015bniowe, dreszcze oraz gor\u0105czka. S\u0105 to objawy grypopodobne. Pami\u0119tajmy jednak, i\u017c grypa niezwykle rzadko wyst\u0119puje w okresie letnim, zatem powy\u017cszych objaw\u00f3w nie nale\u017cy bagatelizowa\u0107.<\/p>\n<p>Po okresie kilku tygodni\/miesi\u0119cy rozwija si\u0119 stadium II zaka\u017cenia. Pojawi\u0107 si\u0119 mog\u0105 objawy neurologiczne: b\u00f3le g\u0142owy, sztywno\u015b\u0107 karku, zapalenie opon m\u00f3zgowo-rdzeniowych, zapalenie m\u00f3zgu, b\u00f3le korzeniowe, pora\u017cenia nerw\u00f3w obwodowych twarzy, zapalenie staw\u00f3w, rzadziej zaburzenia rytmu.<\/p>\n<p>Stadium III mo\u017ce rozwija\u0107 si\u0119 nawet latami. Przybiera posta\u0107 boreliozy przewlek\u0142ej. Charakterystyczne s\u0105 przewlek\u0142e zapalenia staw\u00f3w, b\u00f3le mi\u0119\u015bni, staw\u00f3w, zaburzenia neurologiczne obejmuj\u0105ce niedow\u0142ady, zaburzenia koncentracji, pami\u0119ci, a nawet zmiany osobowo\u015bci.<\/p>\n<h4>B\u0105d\u017a bezpieczny<\/h4>\n<p>Niestety w dalszym ci\u0105gu nie ma opracowanej skutecznej szczepionki chroni\u0105cej przed zaka\u017ceniem. Jedynym skutecznym, prewencyjnym zachowaniem jest unikanie kontaktu z tym paj\u0119czakiem oraz stosowanie \u015brodk\u00f3w odstraszaj\u0105cych. W przypadku, gdy dojdzie do ugryzienia nale\u017cy w spos\u00f3b umiej\u0119tny usun\u0105\u0107 intruza. Nie nale\u017cy smarowa\u0107 wazelin\u0105, t\u0142uszczami wok\u00f3\u0142 miejsca wk\u0142ucia, gdy\u017c w\u00f3wczas zwi\u0119ksza si\u0119 ryzyko zaka\u017cenia.<\/p>\n<p><strong>Je\u015bli zaobserwowa\u0142e\u015b u siebie kt\u00f3rykolwiek z powy\u017cszych objaw\u00f3w lub po przebytym uk\u0105szeniu kleszcza nie wykona\u0142e\u015b bada\u0144 laboratoryjnych w kierunku Boreliozy \u2013 nie zwlekaj!<\/strong> Przyj\u0119tym standardem jest badanie poziomu przeciwcia\u0142 w klasie IgG oraz IgM metod\u0105 ELISA. W przypadku wyniku w\u0105tpliwego lub dodatniego, nale\u017cy wykona\u0107 badanie potwierdzaj\u0105ce metod\u0105 Western-Blot.<\/p>\n<p>We wrze\u015bniu 2018 roku \u015al\u0105skie Laboratoria Analityczne przygotowa\u0142y specjaln\u0105 ofert\u0119 cenow\u0105 na wykonanie test\u00f3w w kierunku boreliozy.  <a href=\"https:\/\/sla.pl\/boreliozazbadaj\/?utm_source=24gliwice.pl&#038;utm_medium=artykul&#038;utm_campaign=borelioza\"><strong>Sprawd\u017a szczeg\u00f3\u0142y!<\/strong><\/a><\/p>\n<h4>Badania wykonasz w Gliwicach!<\/h4>\n<p>Zapraszamy Pa\u0144stwa do naszych punkt\u00f3w pobra\u0144. Poni\u017cej podajemy lokalizacje:<br \/>\n&#8211; ul. Czajki 5a<br \/>\n&#8211; ul. Miko\u0142owska 25<br \/>\n&#8211; ul. Tarnog\u00f3rska 213<\/p>\n<p><strong>Nie czekaj, odwied\u017a nasz punkt pobra\u0144 w Gliwicach i wykonaj badania!<\/strong><\/p>\n<p><em>(materia\u0142 partnera)<\/em><\/p>\n<div class=\"gliwi-a5-na-koncu-artykulow gliwi-entity-placement\" id=\"gliwi-2362954385\"><div class=\"gliwi-adlabel\"><span style=\"font-size: 9px\">REKLAMA<\/span><\/div><div id=\"gliwi-1194042308\" style=\"margin-left: auto;margin-right: auto;text-align: center;\"><a data-no-instant=\"1\" href=\"https:\/\/prezeroarenagliwice.pl\/\" rel=\"noopener\" class=\"a2t-link\" target=\"_blank\" aria-label=\"20260309-PREZERO-WIOSNA-D\"><img loading=\"lazy\" decoding=\"async\" src=\"https:\/\/www.24gliwice.pl\/wiadomosci\/wp-content\/uploads\/2026\/03\/20260309-PREZERO-WIOSNA-D.webp\" alt=\"\"  srcset=\"https:\/\/www.24gliwice.pl\/wiadomosci\/wp-content\/uploads\/2026\/03\/20260309-PREZERO-WIOSNA-D.webp 750w, https:\/\/www.24gliwice.pl\/wiadomosci\/wp-content\/uploads\/2026\/03\/20260309-PREZERO-WIOSNA-D-410x109.webp 410w\" sizes=\"(max-width: 750px) 100vw, 750px\" class=\"no-lazyload\" width=\"750\" height=\"200\"  style=\"display: inline-block; max-width: 100%; height: auto;\" \/><\/a><\/div><\/div>","protected":false},"excerpt":{"rendered":"<p>Z bada\u0144 przeprowadzonych w kierunku boreliozy (testy potwierdzenia Western-Blot p\/c IgG\/IgM) w \u015al\u0105skich Laboratoriach Analitycznych w okresie: od 1 stycznia do 31 sierpnia 2018 roku, a\u017c 36% wynik\u00f3w potwierdzi\u0142o obecno\u015b\u0107 kr\u0119tk\u00f3w rodzaju Borrelia we krwi Pacjent\u00f3w mieszkaj\u0105cych w Gliwicach. Problem boreliozy w Polsce monitorowany jest przez Pa\u0144stwowy Zak\u0142ad Higieny. Z roku na rok obserwuje si\u0119 [&hellip;]<\/p>\n","protected":false},"author":4,"featured_media":122516,"comment_status":"closed","ping_status":"closed","sticky":false,"template":"","format":"standard","meta":{"_monsterinsights_skip_tracking":false,"_monsterinsights_sitenote_active":false,"_monsterinsights_sitenote_note":"","_monsterinsights_sitenote_category":0,"footnotes":"","_links_to":"","_links_to_target":""},"categories":[1,1129],"tags":[9181,9732],"class_list":["post-122515","post","type-post","status-publish","format-standard","has-post-thumbnail","hentry","category-wszystko","category-polecamy","tag-borelioza","tag-kleszcze"],"yoast_head":"<!-- This site is optimized with the Yoast SEO plugin v27.5 - https:\/\/yoast.com\/product\/yoast-seo-wordpress\/ -->\n<title>Borelioza to realne zagro\u017cenie w Gliwicach! - 24GLIWICE - Portal Gliwice | codziennie nowe informacje<\/title>\n<meta name=\"robots\" content=\"index, follow, max-snippet:-1, max-image-preview:large, max-video-preview:-1\" \/>\n<link rel=\"canonical\" href=\"https:\/\/www.24gliwice.pl\/wiadomosci\/borelioza-to-realne-zagrozenie-w-gliwicach\/\" \/>\n<meta property=\"og:locale\" content=\"pl_PL\" \/>\n<meta property=\"og:type\" content=\"article\" \/>\n<meta property=\"og:title\" content=\"Borelioza to realne zagro\u017cenie w Gliwicach! - 24GLIWICE - Portal Gliwice | codziennie nowe informacje\" \/>\n<meta property=\"og:description\" content=\"Z bada\u0144 przeprowadzonych w kierunku boreliozy (testy potwierdzenia Western-Blot p\/c IgG\/IgM) w \u015al\u0105skich Laboratoriach Analitycznych w okresie: od 1 stycznia do 31 sierpnia 2018 roku, a\u017c 36% wynik\u00f3w potwierdzi\u0142o obecno\u015b\u0107 kr\u0119tk\u00f3w rodzaju Borrelia we krwi Pacjent\u00f3w mieszkaj\u0105cych w Gliwicach. Problem boreliozy w Polsce monitorowany jest przez Pa\u0144stwowy Zak\u0142ad Higieny. Z roku na rok obserwuje si\u0119 [&hellip;]\" \/>\n<meta property=\"og:url\" content=\"https:\/\/www.24gliwice.pl\/wiadomosci\/borelioza-to-realne-zagrozenie-w-gliwicach\/\" \/>\n<meta property=\"og:site_name\" content=\"24GLIWICE - Portal Gliwice | codziennie nowe informacje\" \/>\n<meta property=\"article:publisher\" content=\"https:\/\/www.facebook.com\/24gliwice\" \/>\n<meta property=\"article:author\" content=\"https:\/\/www.facebook.com\/marcin.fabrykowski\" \/>\n<meta property=\"article:published_time\" content=\"2018-09-13T11:10:11+00:00\" \/>\n<meta property=\"article:modified_time\" content=\"2018-09-13T11:17:55+00:00\" \/>\n<meta property=\"og:image\" content=\"https:\/\/www.24gliwice.pl\/wiadomosci\/wp-content\/uploads\/2018\/09\/kleszcz.jpg\" \/>\n\t<meta property=\"og:image:width\" content=\"994\" \/>\n\t<meta property=\"og:image:height\" content=\"663\" \/>\n\t<meta property=\"og:image:type\" content=\"image\/jpeg\" \/>\n<meta name=\"author\" content=\"Marcin Fabrykowski\" \/>\n<meta name=\"twitter:card\" content=\"summary_large_image\" \/>\n<meta name=\"twitter:creator\" content=\"@24gliwice\" \/>\n<meta name=\"twitter:site\" content=\"@24gliwice\" \/>\n<meta name=\"twitter:label1\" content=\"Napisane przez\" \/>\n\t<meta name=\"twitter:data1\" content=\"Marcin Fabrykowski\" \/>\n\t<meta name=\"twitter:label2\" content=\"Szacowany czas czytania\" \/>\n\t<meta name=\"twitter:data2\" content=\"3 minuty\" \/>\n<script type=\"application\/ld+json\" class=\"yoast-schema-graph\">{\"@context\":\"https:\\\/\\\/schema.org\",\"@graph\":[{\"@type\":\"Article\",\"@id\":\"https:\\\/\\\/www.24gliwice.pl\\\/wiadomosci\\\/borelioza-to-realne-zagrozenie-w-gliwicach\\\/#article\",\"isPartOf\":{\"@id\":\"https:\\\/\\\/www.24gliwice.pl\\\/wiadomosci\\\/borelioza-to-realne-zagrozenie-w-gliwicach\\\/\"},\"author\":{\"name\":\"Marcin Fabrykowski\",\"@id\":\"https:\\\/\\\/www.24gliwice.pl\\\/wiadomosci\\\/#\\\/schema\\\/person\\\/cb5857e4a4d048c15984c1edcc8ef0c0\"},\"headline\":\"Borelioza to realne zagro\u017cenie w Gliwicach!\",\"datePublished\":\"2018-09-13T11:10:11+00:00\",\"dateModified\":\"2018-09-13T11:17:55+00:00\",\"mainEntityOfPage\":{\"@id\":\"https:\\\/\\\/www.24gliwice.pl\\\/wiadomosci\\\/borelioza-to-realne-zagrozenie-w-gliwicach\\\/\"},\"wordCount\":688,\"publisher\":{\"@id\":\"https:\\\/\\\/www.24gliwice.pl\\\/wiadomosci\\\/#organization\"},\"image\":{\"@id\":\"https:\\\/\\\/www.24gliwice.pl\\\/wiadomosci\\\/borelioza-to-realne-zagrozenie-w-gliwicach\\\/#primaryimage\"},\"thumbnailUrl\":\"https:\\\/\\\/www.24gliwice.pl\\\/wiadomosci\\\/wp-content\\\/uploads\\\/2018\\\/09\\\/kleszcz.jpg\",\"keywords\":[\"borelioza\",\"kleszcze\"],\"articleSection\":[\"Najnowsze wiadomo\u015bci\",\"Polecamy\"],\"inLanguage\":\"pl-PL\"},{\"@type\":\"WebPage\",\"@id\":\"https:\\\/\\\/www.24gliwice.pl\\\/wiadomosci\\\/borelioza-to-realne-zagrozenie-w-gliwicach\\\/\",\"url\":\"https:\\\/\\\/www.24gliwice.pl\\\/wiadomosci\\\/borelioza-to-realne-zagrozenie-w-gliwicach\\\/\",\"name\":\"Borelioza to realne zagro\u017cenie w Gliwicach! - 24GLIWICE - Portal Gliwice | codziennie nowe informacje\",\"isPartOf\":{\"@id\":\"https:\\\/\\\/www.24gliwice.pl\\\/wiadomosci\\\/#website\"},\"primaryImageOfPage\":{\"@id\":\"https:\\\/\\\/www.24gliwice.pl\\\/wiadomosci\\\/borelioza-to-realne-zagrozenie-w-gliwicach\\\/#primaryimage\"},\"image\":{\"@id\":\"https:\\\/\\\/www.24gliwice.pl\\\/wiadomosci\\\/borelioza-to-realne-zagrozenie-w-gliwicach\\\/#primaryimage\"},\"thumbnailUrl\":\"https:\\\/\\\/www.24gliwice.pl\\\/wiadomosci\\\/wp-content\\\/uploads\\\/2018\\\/09\\\/kleszcz.jpg\",\"datePublished\":\"2018-09-13T11:10:11+00:00\",\"dateModified\":\"2018-09-13T11:17:55+00:00\",\"breadcrumb\":{\"@id\":\"https:\\\/\\\/www.24gliwice.pl\\\/wiadomosci\\\/borelioza-to-realne-zagrozenie-w-gliwicach\\\/#breadcrumb\"},\"inLanguage\":\"pl-PL\",\"potentialAction\":[{\"@type\":\"ReadAction\",\"target\":[\"https:\\\/\\\/www.24gliwice.pl\\\/wiadomosci\\\/borelioza-to-realne-zagrozenie-w-gliwicach\\\/\"]}]},{\"@type\":\"ImageObject\",\"inLanguage\":\"pl-PL\",\"@id\":\"https:\\\/\\\/www.24gliwice.pl\\\/wiadomosci\\\/borelioza-to-realne-zagrozenie-w-gliwicach\\\/#primaryimage\",\"url\":\"https:\\\/\\\/www.24gliwice.pl\\\/wiadomosci\\\/wp-content\\\/uploads\\\/2018\\\/09\\\/kleszcz.jpg\",\"contentUrl\":\"https:\\\/\\\/www.24gliwice.pl\\\/wiadomosci\\\/wp-content\\\/uploads\\\/2018\\\/09\\\/kleszcz.jpg\",\"width\":994,\"height\":663},{\"@type\":\"BreadcrumbList\",\"@id\":\"https:\\\/\\\/www.24gliwice.pl\\\/wiadomosci\\\/borelioza-to-realne-zagrozenie-w-gliwicach\\\/#breadcrumb\",\"itemListElement\":[{\"@type\":\"ListItem\",\"position\":1,\"name\":\"Strona g\u0142\u00f3wna\",\"item\":\"https:\\\/\\\/www.24gliwice.pl\\\/wiadomosci\\\/\"},{\"@type\":\"ListItem\",\"position\":2,\"name\":\"Borelioza to realne zagro\u017cenie w Gliwicach!\"}]},{\"@type\":\"WebSite\",\"@id\":\"https:\\\/\\\/www.24gliwice.pl\\\/wiadomosci\\\/#website\",\"url\":\"https:\\\/\\\/www.24gliwice.pl\\\/wiadomosci\\\/\",\"name\":\"24GLIWICE - Portal Gliwice | codziennie nowe wiadomo\u015bci\",\"description\":\"Portal Miejski Gliwice\",\"publisher\":{\"@id\":\"https:\\\/\\\/www.24gliwice.pl\\\/wiadomosci\\\/#organization\"},\"potentialAction\":[{\"@type\":\"SearchAction\",\"target\":{\"@type\":\"EntryPoint\",\"urlTemplate\":\"https:\\\/\\\/www.24gliwice.pl\\\/wiadomosci\\\/?s={search_term_string}\"},\"query-input\":{\"@type\":\"PropertyValueSpecification\",\"valueRequired\":true,\"valueName\":\"search_term_string\"}}],\"inLanguage\":\"pl-PL\"},{\"@type\":\"Organization\",\"@id\":\"https:\\\/\\\/www.24gliwice.pl\\\/wiadomosci\\\/#organization\",\"name\":\"24gliwice\",\"url\":\"https:\\\/\\\/www.24gliwice.pl\\\/wiadomosci\\\/\",\"logo\":{\"@type\":\"ImageObject\",\"inLanguage\":\"pl-PL\",\"@id\":\"https:\\\/\\\/www.24gliwice.pl\\\/wiadomosci\\\/#\\\/schema\\\/logo\\\/image\\\/\",\"url\":\"https:\\\/\\\/www.24gliwice.pl\\\/wiadomosci\\\/wp-content\\\/uploads\\\/2024\\\/10\\\/24gliwice-logo-696.jpg\",\"contentUrl\":\"https:\\\/\\\/www.24gliwice.pl\\\/wiadomosci\\\/wp-content\\\/uploads\\\/2024\\\/10\\\/24gliwice-logo-696.jpg\",\"width\":696,\"height\":696,\"caption\":\"24gliwice\"},\"image\":{\"@id\":\"https:\\\/\\\/www.24gliwice.pl\\\/wiadomosci\\\/#\\\/schema\\\/logo\\\/image\\\/\"},\"sameAs\":[\"https:\\\/\\\/www.facebook.com\\\/24gliwice\",\"https:\\\/\\\/x.com\\\/24gliwice\",\"https:\\\/\\\/www.youtube.com\\\/@24gliwice\"]},{\"@type\":\"Person\",\"@id\":\"https:\\\/\\\/www.24gliwice.pl\\\/wiadomosci\\\/#\\\/schema\\\/person\\\/cb5857e4a4d048c15984c1edcc8ef0c0\",\"name\":\"Marcin Fabrykowski\",\"image\":{\"@type\":\"ImageObject\",\"inLanguage\":\"pl-PL\",\"@id\":\"https:\\\/\\\/www.24gliwice.pl\\\/wiadomosci\\\/wp-content\\\/uploads\\\/2025\\\/11\\\/zdjecie-moje-marcin-300-96x96.jpg\",\"url\":\"https:\\\/\\\/www.24gliwice.pl\\\/wiadomosci\\\/wp-content\\\/uploads\\\/2025\\\/11\\\/zdjecie-moje-marcin-300-96x96.jpg\",\"contentUrl\":\"https:\\\/\\\/www.24gliwice.pl\\\/wiadomosci\\\/wp-content\\\/uploads\\\/2025\\\/11\\\/zdjecie-moje-marcin-300-96x96.jpg\",\"caption\":\"Marcin Fabrykowski\"},\"sameAs\":[\"http:\\\/\\\/24gliwice.pl\",\"https:\\\/\\\/www.facebook.com\\\/marcin.fabrykowski\"],\"url\":\"https:\\\/\\\/www.24gliwice.pl\\\/wiadomosci\\\/author\\\/marcin-fabrykowski\\\/\"}]}<\/script>\n<!-- \/ Yoast SEO plugin. -->","yoast_head_json":{"title":"Borelioza to realne zagro\u017cenie w Gliwicach! - 24GLIWICE - Portal Gliwice | codziennie nowe informacje","robots":{"index":"index","follow":"follow","max-snippet":"max-snippet:-1","max-image-preview":"max-image-preview:large","max-video-preview":"max-video-preview:-1"},"canonical":"https:\/\/www.24gliwice.pl\/wiadomosci\/borelioza-to-realne-zagrozenie-w-gliwicach\/","og_locale":"pl_PL","og_type":"article","og_title":"Borelioza to realne zagro\u017cenie w Gliwicach! - 24GLIWICE - Portal Gliwice | codziennie nowe informacje","og_description":"Z bada\u0144 przeprowadzonych w kierunku boreliozy (testy potwierdzenia Western-Blot p\/c IgG\/IgM) w \u015al\u0105skich Laboratoriach Analitycznych w okresie: od 1 stycznia do 31 sierpnia 2018 roku, a\u017c 36% wynik\u00f3w potwierdzi\u0142o obecno\u015b\u0107 kr\u0119tk\u00f3w rodzaju Borrelia we krwi Pacjent\u00f3w mieszkaj\u0105cych w Gliwicach. Problem boreliozy w Polsce monitorowany jest przez Pa\u0144stwowy Zak\u0142ad Higieny. Z roku na rok obserwuje si\u0119 [&hellip;]","og_url":"https:\/\/www.24gliwice.pl\/wiadomosci\/borelioza-to-realne-zagrozenie-w-gliwicach\/","og_site_name":"24GLIWICE - Portal Gliwice | codziennie nowe informacje","article_publisher":"https:\/\/www.facebook.com\/24gliwice","article_author":"https:\/\/www.facebook.com\/marcin.fabrykowski","article_published_time":"2018-09-13T11:10:11+00:00","article_modified_time":"2018-09-13T11:17:55+00:00","og_image":[{"width":994,"height":663,"url":"https:\/\/www.24gliwice.pl\/wiadomosci\/wp-content\/uploads\/2018\/09\/kleszcz.jpg","type":"image\/jpeg"}],"author":"Marcin Fabrykowski","twitter_card":"summary_large_image","twitter_creator":"@24gliwice","twitter_site":"@24gliwice","twitter_misc":{"Napisane przez":"Marcin Fabrykowski","Szacowany czas czytania":"3 minuty"},"schema":{"@context":"https:\/\/schema.org","@graph":[{"@type":"Article","@id":"https:\/\/www.24gliwice.pl\/wiadomosci\/borelioza-to-realne-zagrozenie-w-gliwicach\/#article","isPartOf":{"@id":"https:\/\/www.24gliwice.pl\/wiadomosci\/borelioza-to-realne-zagrozenie-w-gliwicach\/"},"author":{"name":"Marcin Fabrykowski","@id":"https:\/\/www.24gliwice.pl\/wiadomosci\/#\/schema\/person\/cb5857e4a4d048c15984c1edcc8ef0c0"},"headline":"Borelioza to realne zagro\u017cenie w Gliwicach!","datePublished":"2018-09-13T11:10:11+00:00","dateModified":"2018-09-13T11:17:55+00:00","mainEntityOfPage":{"@id":"https:\/\/www.24gliwice.pl\/wiadomosci\/borelioza-to-realne-zagrozenie-w-gliwicach\/"},"wordCount":688,"publisher":{"@id":"https:\/\/www.24gliwice.pl\/wiadomosci\/#organization"},"image":{"@id":"https:\/\/www.24gliwice.pl\/wiadomosci\/borelioza-to-realne-zagrozenie-w-gliwicach\/#primaryimage"},"thumbnailUrl":"https:\/\/www.24gliwice.pl\/wiadomosci\/wp-content\/uploads\/2018\/09\/kleszcz.jpg","keywords":["borelioza","kleszcze"],"articleSection":["Najnowsze wiadomo\u015bci","Polecamy"],"inLanguage":"pl-PL"},{"@type":"WebPage","@id":"https:\/\/www.24gliwice.pl\/wiadomosci\/borelioza-to-realne-zagrozenie-w-gliwicach\/","url":"https:\/\/www.24gliwice.pl\/wiadomosci\/borelioza-to-realne-zagrozenie-w-gliwicach\/","name":"Borelioza to realne zagro\u017cenie w Gliwicach! - 24GLIWICE - Portal Gliwice | codziennie nowe informacje","isPartOf":{"@id":"https:\/\/www.24gliwice.pl\/wiadomosci\/#website"},"primaryImageOfPage":{"@id":"https:\/\/www.24gliwice.pl\/wiadomosci\/borelioza-to-realne-zagrozenie-w-gliwicach\/#primaryimage"},"image":{"@id":"https:\/\/www.24gliwice.pl\/wiadomosci\/borelioza-to-realne-zagrozenie-w-gliwicach\/#primaryimage"},"thumbnailUrl":"https:\/\/www.24gliwice.pl\/wiadomosci\/wp-content\/uploads\/2018\/09\/kleszcz.jpg","datePublished":"2018-09-13T11:10:11+00:00","dateModified":"2018-09-13T11:17:55+00:00","breadcrumb":{"@id":"https:\/\/www.24gliwice.pl\/wiadomosci\/borelioza-to-realne-zagrozenie-w-gliwicach\/#breadcrumb"},"inLanguage":"pl-PL","potentialAction":[{"@type":"ReadAction","target":["https:\/\/www.24gliwice.pl\/wiadomosci\/borelioza-to-realne-zagrozenie-w-gliwicach\/"]}]},{"@type":"ImageObject","inLanguage":"pl-PL","@id":"https:\/\/www.24gliwice.pl\/wiadomosci\/borelioza-to-realne-zagrozenie-w-gliwicach\/#primaryimage","url":"https:\/\/www.24gliwice.pl\/wiadomosci\/wp-content\/uploads\/2018\/09\/kleszcz.jpg","contentUrl":"https:\/\/www.24gliwice.pl\/wiadomosci\/wp-content\/uploads\/2018\/09\/kleszcz.jpg","width":994,"height":663},{"@type":"BreadcrumbList","@id":"https:\/\/www.24gliwice.pl\/wiadomosci\/borelioza-to-realne-zagrozenie-w-gliwicach\/#breadcrumb","itemListElement":[{"@type":"ListItem","position":1,"name":"Strona g\u0142\u00f3wna","item":"https:\/\/www.24gliwice.pl\/wiadomosci\/"},{"@type":"ListItem","position":2,"name":"Borelioza to realne zagro\u017cenie w Gliwicach!"}]},{"@type":"WebSite","@id":"https:\/\/www.24gliwice.pl\/wiadomosci\/#website","url":"https:\/\/www.24gliwice.pl\/wiadomosci\/","name":"24GLIWICE - Portal Gliwice | codziennie nowe wiadomo\u015bci","description":"Portal Miejski Gliwice","publisher":{"@id":"https:\/\/www.24gliwice.pl\/wiadomosci\/#organization"},"potentialAction":[{"@type":"SearchAction","target":{"@type":"EntryPoint","urlTemplate":"https:\/\/www.24gliwice.pl\/wiadomosci\/?s={search_term_string}"},"query-input":{"@type":"PropertyValueSpecification","valueRequired":true,"valueName":"search_term_string"}}],"inLanguage":"pl-PL"},{"@type":"Organization","@id":"https:\/\/www.24gliwice.pl\/wiadomosci\/#organization","name":"24gliwice","url":"https:\/\/www.24gliwice.pl\/wiadomosci\/","logo":{"@type":"ImageObject","inLanguage":"pl-PL","@id":"https:\/\/www.24gliwice.pl\/wiadomosci\/#\/schema\/logo\/image\/","url":"https:\/\/www.24gliwice.pl\/wiadomosci\/wp-content\/uploads\/2024\/10\/24gliwice-logo-696.jpg","contentUrl":"https:\/\/www.24gliwice.pl\/wiadomosci\/wp-content\/uploads\/2024\/10\/24gliwice-logo-696.jpg","width":696,"height":696,"caption":"24gliwice"},"image":{"@id":"https:\/\/www.24gliwice.pl\/wiadomosci\/#\/schema\/logo\/image\/"},"sameAs":["https:\/\/www.facebook.com\/24gliwice","https:\/\/x.com\/24gliwice","https:\/\/www.youtube.com\/@24gliwice"]},{"@type":"Person","@id":"https:\/\/www.24gliwice.pl\/wiadomosci\/#\/schema\/person\/cb5857e4a4d048c15984c1edcc8ef0c0","name":"Marcin Fabrykowski","image":{"@type":"ImageObject","inLanguage":"pl-PL","@id":"https:\/\/www.24gliwice.pl\/wiadomosci\/wp-content\/uploads\/2025\/11\/zdjecie-moje-marcin-300-96x96.jpg","url":"https:\/\/www.24gliwice.pl\/wiadomosci\/wp-content\/uploads\/2025\/11\/zdjecie-moje-marcin-300-96x96.jpg","contentUrl":"https:\/\/www.24gliwice.pl\/wiadomosci\/wp-content\/uploads\/2025\/11\/zdjecie-moje-marcin-300-96x96.jpg","caption":"Marcin Fabrykowski"},"sameAs":["http:\/\/24gliwice.pl","https:\/\/www.facebook.com\/marcin.fabrykowski"],"url":"https:\/\/www.24gliwice.pl\/wiadomosci\/author\/marcin-fabrykowski\/"}]}},"_links":{"self":[{"href":"https:\/\/www.24gliwice.pl\/wiadomosci\/wp-json\/wp\/v2\/posts\/122515","targetHints":{"allow":["GET"]}}],"collection":[{"href":"https:\/\/www.24gliwice.pl\/wiadomosci\/wp-json\/wp\/v2\/posts"}],"about":[{"href":"https:\/\/www.24gliwice.pl\/wiadomosci\/wp-json\/wp\/v2\/types\/post"}],"author":[{"embeddable":true,"href":"https:\/\/www.24gliwice.pl\/wiadomosci\/wp-json\/wp\/v2\/users\/4"}],"replies":[{"embeddable":true,"href":"https:\/\/www.24gliwice.pl\/wiadomosci\/wp-json\/wp\/v2\/comments?post=122515"}],"version-history":[{"count":0,"href":"https:\/\/www.24gliwice.pl\/wiadomosci\/wp-json\/wp\/v2\/posts\/122515\/revisions"}],"wp:featuredmedia":[{"embeddable":true,"href":"https:\/\/www.24gliwice.pl\/wiadomosci\/wp-json\/wp\/v2\/media\/122516"}],"wp:attachment":[{"href":"https:\/\/www.24gliwice.pl\/wiadomosci\/wp-json\/wp\/v2\/media?parent=122515"}],"wp:term":[{"taxonomy":"category","embeddable":true,"href":"https:\/\/www.24gliwice.pl\/wiadomosci\/wp-json\/wp\/v2\/categories?post=122515"},{"taxonomy":"post_tag","embeddable":true,"href":"https:\/\/www.24gliwice.pl\/wiadomosci\/wp-json\/wp\/v2\/tags?post=122515"}],"curies":[{"name":"wp","href":"https:\/\/api.w.org\/{rel}","templated":true}]}}