{"id":122728,"date":"2018-09-13T13:49:45","date_gmt":"2018-09-13T11:49:45","guid":{"rendered":"https:\/\/www.24gliwice.pl\/wiadomosci\/?p=122728"},"modified":"2018-09-13T20:48:49","modified_gmt":"2018-09-13T18:48:49","slug":"tzw-bulwary-klodnicy-prawie-gotowe-wzdluz-nowej-alejki-pojawily-sie-lawki-i-rosliny","status":"publish","type":"post","link":"https:\/\/www.24gliwice.pl\/wiadomosci\/tzw-bulwary-klodnicy-prawie-gotowe-wzdluz-nowej-alejki-pojawily-sie-lawki-i-rosliny\/","title":{"rendered":"Tzw. &#8220;Bulwary K\u0142odnicy&#8221; prawie gotowe. Wzd\u0142u\u017c nowej alejki pojawi\u0142y si\u0119 \u0142awki i ro\u015bliny"},"content":{"rendered":"<div class=\"gliwi-a6-nad-leadem-artykulow gliwi-entity-placement\" id=\"gliwi-3652710028\"><div class=\"gliwi-adlabel\"><span style=\"font-size: 9px\">REKLAMA<\/span><\/div><div id=\"gliwi-4016418529\" style=\"margin-bottom: 30px;margin-left: auto;margin-right: auto;text-align: center;\"><a data-no-instant=\"1\" href=\"https:\/\/przedszkole.halogen.org.pl\/\" rel=\"noopener\" class=\"a2t-link\" target=\"_blank\" aria-label=\"20260402-ANIMATOR-przedszkole_grafika_750x200\"><img loading=\"lazy\" decoding=\"async\" src=\"https:\/\/www.24gliwice.pl\/wiadomosci\/wp-content\/uploads\/2026\/04\/20260402-ANIMATOR-przedszkole_grafika_750x200.webp\" alt=\"\"  srcset=\"https:\/\/www.24gliwice.pl\/wiadomosci\/wp-content\/uploads\/2026\/04\/20260402-ANIMATOR-przedszkole_grafika_750x200.webp 750w, https:\/\/www.24gliwice.pl\/wiadomosci\/wp-content\/uploads\/2026\/04\/20260402-ANIMATOR-przedszkole_grafika_750x200-410x109.webp 410w\" sizes=\"(max-width: 750px) 100vw, 750px\" class=\"no-lazyload\" width=\"750\" height=\"200\"  style=\"display: inline-block; max-width: 100%; height: auto;\" \/><\/a><\/div><\/div><h3>Do ko\u0144ca wrze\u015bnia maj\u0105 potrwa\u0107 prace przy modernizacji alejki wzd\u0142u\u017c K\u0142odnicy, w ci\u0105gu ulicy Wybrze\u017ce Wojska Polskiego. Ju\u017c teraz wida\u0107 pierwsze efekty rob\u00f3t, kt\u00f3rych docelowy, \u0142\u0105czny koszt wyniesie 650 tys. z\u0142.<\/h3>\n<p>W centrum Gliwic powsta\u0142a przestrze\u0144, kt\u00f3ra z za\u0142o\u017cenia ma by\u0107 przyjazna mieszka\u0144com. Na 800-metrowym odcinku ziele\u0144ca od placu Pi\u0142sudskiego do ulicy Orlickiego, wzd\u0142u\u017c K\u0142odnicy, wiele si\u0119 zmieni\u0142o. <\/p>\n<p>Zaniedbana niegdy\u015b \u015bcie\u017cka, biegn\u0105ca przy ogrodzeniu ogr\u00f3dk\u00f3w dzia\u0142kowych, stanowi teraz atrakcyjny ci\u0105g pieszy. Na pierwszym odcinku, id\u0105c od strony Urz\u0119du Miasta, napotka\u0107 mo\u017cna m.in. 4 \u0142awki, wok\u00f3\u0142 kt\u00f3rych nasadzono ro\u015blinno\u015b\u0107.<\/p><div class=\"gliwi-a3-w-tresci-artykulow gliwi-entity-placement\" id=\"gliwi-261263618\"><div class=\"gliwi-adlabel\"><span style=\"font-size: 9px\">REKLAMA<\/span><\/div><div id=\"gliwi-171639144\" style=\"margin-bottom: 30px;margin-left: auto;margin-right: auto;text-align: center;\"><a data-no-instant=\"1\" href=\"https:\/\/zlobek.halogen.org.pl\/\" rel=\"noopener\" class=\"a2t-link\" target=\"_blank\" aria-label=\"animator-zlobek_750x200\"><img loading=\"lazy\" decoding=\"async\" src=\"https:\/\/www.24gliwice.pl\/wiadomosci\/wp-content\/uploads\/2026\/02\/animator-zlobek_750x200.webp\" alt=\"\"  srcset=\"https:\/\/www.24gliwice.pl\/wiadomosci\/wp-content\/uploads\/2026\/02\/animator-zlobek_750x200.webp 750w, https:\/\/www.24gliwice.pl\/wiadomosci\/wp-content\/uploads\/2026\/02\/animator-zlobek_750x200-410x109.webp 410w\" sizes=\"(max-width: 750px) 100vw, 750px\" class=\"no-lazyload\" width=\"750\" height=\"200\"  style=\"display: inline-block; max-width: 100%; height: auto;\" \/><\/a><\/div><\/div>\n<p>Zmodernizowana cz\u0119\u015b\u0107 alei ko\u0144czy si\u0119 kilkadziesi\u0105t metr\u00f3w przed stacj\u0105 gazow\u0105, dalszy jej fragment zosta\u0142 pozostawiony w niezmienionej formie.<\/p>\n[perfectpullquote align=&#8221;full&#8221; bordertop=&#8221;false&#8221; cite=&#8221;&#8221; link=&#8221;&#8221; color=&#8221;&#8221; class=&#8221;&#8221; size=&#8221;&#8221;]Dopiero za obiektem rozpoczyna si\u0119 kolejny odcinek &#8220;Bulwar\u00f3w K\u0142odnicy&#8221;. Tam jednak nie ma ju\u017c nasadze\u0144 przy \u0142awkach.[\/perfectpullquote]\n<p>Przypomnijmy, wed\u0142ug zapowiedzi MZUK, na tym terenie docelowo ma pojawi\u0107 si\u0119 ponad 1100 ro\u015blin, w tym: klony, platany, wi\u015bnie, krzewy, trawy ozdobne i kwiaty. Opr\u00f3cz tego zamontowane maj\u0105 by\u0107 elementy ma\u0142ej architektury parkowej: \u0142awki, kubiki i le\u017caki parkowe.<\/p>\n<p><img loading=\"lazy\" decoding=\"async\" src=\"https:\/\/www.24gliwice.pl\/wiadomosci\/wp-content\/uploads\/2018\/09\/bulwary-przed-stacj\u0105-e1536833019850.jpg\" alt=\"\" width=\"1200\" height=\"673\" class=\"aligncenter size-full wp-image-122736\" \/><\/p>\n<p>(\u017cms)<br \/>\nfot. \u017cms\/24gliwice.pl<br \/>\n<div id='gallery-1' class='vce-gallery gallery galleryid-122728 gallery-columns-3 gallery-size-vce-lay-b'><div class=\"vce-gallery-big\"><div class=\"big-gallery-item item-0\" >\n\t\t\t<div class='gallery-icon'>\n\t\t\t\t<a href='https:\/\/www.24gliwice.pl\/wiadomosci\/wp-content\/uploads\/2018\/09\/bulwary-przed-stacj\u0105-6-e1536833034117.jpg'><img loading=\"lazy\" decoding=\"async\" width=\"810\" height=\"455\" src=\"https:\/\/www.24gliwice.pl\/wiadomosci\/wp-content\/uploads\/2018\/09\/bulwary-przed-stacj\u0105-6-810x455.jpg\" class=\"attachment-vce-lay-a size-vce-lay-a\" alt=\"\" srcset=\"https:\/\/www.24gliwice.pl\/wiadomosci\/wp-content\/uploads\/2018\/09\/bulwary-przed-stacj\u0105-6-810x455.jpg 810w, https:\/\/www.24gliwice.pl\/wiadomosci\/wp-content\/uploads\/2018\/09\/bulwary-przed-stacj\u0105-6-410x230.jpg 410w, https:\/\/www.24gliwice.pl\/wiadomosci\/wp-content\/uploads\/2018\/09\/bulwary-przed-stacj\u0105-6-768x432.jpg 768w, https:\/\/www.24gliwice.pl\/wiadomosci\/wp-content\/uploads\/2018\/09\/bulwary-przed-stacj\u0105-6-1140x641.jpg 1140w, https:\/\/www.24gliwice.pl\/wiadomosci\/wp-content\/uploads\/2018\/09\/bulwary-przed-stacj\u0105-6-e1536833034117.jpg 1200w\" sizes=\"auto, (max-width: 810px) 100vw, 810px\" \/><\/a>\n\t\t\t<\/div><\/div><div class=\"big-gallery-item item-1\" style=\"display:none;\">\n\t\t\t<div class='gallery-icon'>\n\t\t\t\t<a href='https:\/\/www.24gliwice.pl\/wiadomosci\/wp-content\/uploads\/2018\/09\/bulwary-przed-stacj\u01054-e1536832977574.jpg'><img loading=\"lazy\" decoding=\"async\" width=\"810\" height=\"454\" src=\"https:\/\/www.24gliwice.pl\/wiadomosci\/wp-content\/uploads\/2018\/09\/bulwary-przed-stacj\u01054-810x454.jpg\" class=\"attachment-vce-lay-a size-vce-lay-a\" alt=\"\" srcset=\"https:\/\/www.24gliwice.pl\/wiadomosci\/wp-content\/uploads\/2018\/09\/bulwary-przed-stacj\u01054-810x454.jpg 810w, https:\/\/www.24gliwice.pl\/wiadomosci\/wp-content\/uploads\/2018\/09\/bulwary-przed-stacj\u01054-410x230.jpg 410w, https:\/\/www.24gliwice.pl\/wiadomosci\/wp-content\/uploads\/2018\/09\/bulwary-przed-stacj\u01054-768x431.jpg 768w, https:\/\/www.24gliwice.pl\/wiadomosci\/wp-content\/uploads\/2018\/09\/bulwary-przed-stacj\u01054-1140x639.jpg 1140w, https:\/\/www.24gliwice.pl\/wiadomosci\/wp-content\/uploads\/2018\/09\/bulwary-przed-stacj\u01054-e1536832977574.jpg 1200w\" sizes=\"auto, (max-width: 810px) 100vw, 810px\" \/><\/a>\n\t\t\t<\/div><\/div><div class=\"big-gallery-item item-2\" style=\"display:none;\">\n\t\t\t<div class='gallery-icon'>\n\t\t\t\t<a href='https:\/\/www.24gliwice.pl\/wiadomosci\/wp-content\/uploads\/2018\/09\/bulwary-przed-stacj\u01053-e1536832991443.jpg'><img loading=\"lazy\" decoding=\"async\" width=\"810\" height=\"454\" src=\"https:\/\/www.24gliwice.pl\/wiadomosci\/wp-content\/uploads\/2018\/09\/bulwary-przed-stacj\u01053-810x454.jpg\" class=\"attachment-vce-lay-a size-vce-lay-a\" alt=\"\" srcset=\"https:\/\/www.24gliwice.pl\/wiadomosci\/wp-content\/uploads\/2018\/09\/bulwary-przed-stacj\u01053-810x454.jpg 810w, https:\/\/www.24gliwice.pl\/wiadomosci\/wp-content\/uploads\/2018\/09\/bulwary-przed-stacj\u01053-410x230.jpg 410w, https:\/\/www.24gliwice.pl\/wiadomosci\/wp-content\/uploads\/2018\/09\/bulwary-przed-stacj\u01053-768x431.jpg 768w, https:\/\/www.24gliwice.pl\/wiadomosci\/wp-content\/uploads\/2018\/09\/bulwary-przed-stacj\u01053-1140x639.jpg 1140w, https:\/\/www.24gliwice.pl\/wiadomosci\/wp-content\/uploads\/2018\/09\/bulwary-przed-stacj\u01053-e1536832991443.jpg 1200w\" sizes=\"auto, (max-width: 810px) 100vw, 810px\" \/><\/a>\n\t\t\t<\/div><\/div><div class=\"big-gallery-item item-3\" style=\"display:none;\">\n\t\t\t<div class='gallery-icon'>\n\t\t\t\t<a href='https:\/\/www.24gliwice.pl\/wiadomosci\/wp-content\/uploads\/2018\/09\/bulwary-przed-stacj\u01052-e1536833004582.jpg'><img loading=\"lazy\" decoding=\"async\" width=\"810\" height=\"456\" src=\"https:\/\/www.24gliwice.pl\/wiadomosci\/wp-content\/uploads\/2018\/09\/bulwary-przed-stacj\u01052-810x456.jpg\" class=\"attachment-vce-lay-a size-vce-lay-a\" alt=\"\" srcset=\"https:\/\/www.24gliwice.pl\/wiadomosci\/wp-content\/uploads\/2018\/09\/bulwary-przed-stacj\u01052-810x456.jpg 810w, https:\/\/www.24gliwice.pl\/wiadomosci\/wp-content\/uploads\/2018\/09\/bulwary-przed-stacj\u01052-410x232.jpg 410w, https:\/\/www.24gliwice.pl\/wiadomosci\/wp-content\/uploads\/2018\/09\/bulwary-przed-stacj\u01052-768x432.jpg 768w, https:\/\/www.24gliwice.pl\/wiadomosci\/wp-content\/uploads\/2018\/09\/bulwary-przed-stacj\u01052-1140x641.jpg 1140w, https:\/\/www.24gliwice.pl\/wiadomosci\/wp-content\/uploads\/2018\/09\/bulwary-przed-stacj\u01052-e1536833004582.jpg 1200w\" sizes=\"auto, (max-width: 810px) 100vw, 810px\" \/><\/a>\n\t\t\t<\/div><\/div><div class=\"big-gallery-item item-4\" style=\"display:none;\">\n\t\t\t<div class='gallery-icon'>\n\t\t\t\t<a href='https:\/\/www.24gliwice.pl\/wiadomosci\/wp-content\/uploads\/2018\/09\/bulwary-przed-stacj\u0105-e1536833019850.jpg'><img loading=\"lazy\" decoding=\"async\" width=\"810\" height=\"454\" src=\"https:\/\/www.24gliwice.pl\/wiadomosci\/wp-content\/uploads\/2018\/09\/bulwary-przed-stacj\u0105-810x454.jpg\" class=\"attachment-vce-lay-a size-vce-lay-a\" alt=\"\" srcset=\"https:\/\/www.24gliwice.pl\/wiadomosci\/wp-content\/uploads\/2018\/09\/bulwary-przed-stacj\u0105-810x454.jpg 810w, https:\/\/www.24gliwice.pl\/wiadomosci\/wp-content\/uploads\/2018\/09\/bulwary-przed-stacj\u0105-410x230.jpg 410w, https:\/\/www.24gliwice.pl\/wiadomosci\/wp-content\/uploads\/2018\/09\/bulwary-przed-stacj\u0105-768x431.jpg 768w, https:\/\/www.24gliwice.pl\/wiadomosci\/wp-content\/uploads\/2018\/09\/bulwary-przed-stacj\u0105-1140x639.jpg 1140w, https:\/\/www.24gliwice.pl\/wiadomosci\/wp-content\/uploads\/2018\/09\/bulwary-przed-stacj\u0105-e1536833019850.jpg 1200w\" sizes=\"auto, (max-width: 810px) 100vw, 810px\" \/><\/a>\n\t\t\t<\/div><\/div><div class=\"big-gallery-item item-5\" style=\"display:none;\">\n\t\t\t<div class='gallery-icon'>\n\t\t\t\t<a href='https:\/\/www.24gliwice.pl\/wiadomosci\/wp-content\/uploads\/2018\/09\/bulwary-przed-stacj\u01055-e1536832950513.jpg'><img loading=\"lazy\" decoding=\"async\" width=\"810\" height=\"456\" src=\"https:\/\/www.24gliwice.pl\/wiadomosci\/wp-content\/uploads\/2018\/09\/bulwary-przed-stacj\u01055-810x456.jpg\" class=\"attachment-vce-lay-a size-vce-lay-a\" alt=\"\" srcset=\"https:\/\/www.24gliwice.pl\/wiadomosci\/wp-content\/uploads\/2018\/09\/bulwary-przed-stacj\u01055-810x456.jpg 810w, https:\/\/www.24gliwice.pl\/wiadomosci\/wp-content\/uploads\/2018\/09\/bulwary-przed-stacj\u01055-410x232.jpg 410w, https:\/\/www.24gliwice.pl\/wiadomosci\/wp-content\/uploads\/2018\/09\/bulwary-przed-stacj\u01055-768x432.jpg 768w, https:\/\/www.24gliwice.pl\/wiadomosci\/wp-content\/uploads\/2018\/09\/bulwary-przed-stacj\u01055-1140x641.jpg 1140w, https:\/\/www.24gliwice.pl\/wiadomosci\/wp-content\/uploads\/2018\/09\/bulwary-przed-stacj\u01055-e1536832950513.jpg 1200w\" sizes=\"auto, (max-width: 810px) 100vw, 810px\" \/><\/a>\n\t\t\t<\/div><\/div><div class=\"big-gallery-item item-6\" style=\"display:none;\">\n\t\t\t<div class='gallery-icon'>\n\t\t\t\t<a href='https:\/\/www.24gliwice.pl\/wiadomosci\/wp-content\/uploads\/2018\/09\/bulwary-stacja-e1536832937704.jpg'><img loading=\"lazy\" decoding=\"async\" width=\"810\" height=\"454\" src=\"https:\/\/www.24gliwice.pl\/wiadomosci\/wp-content\/uploads\/2018\/09\/bulwary-stacja-810x454.jpg\" class=\"attachment-vce-lay-a size-vce-lay-a\" alt=\"\" srcset=\"https:\/\/www.24gliwice.pl\/wiadomosci\/wp-content\/uploads\/2018\/09\/bulwary-stacja-810x454.jpg 810w, https:\/\/www.24gliwice.pl\/wiadomosci\/wp-content\/uploads\/2018\/09\/bulwary-stacja-410x230.jpg 410w, https:\/\/www.24gliwice.pl\/wiadomosci\/wp-content\/uploads\/2018\/09\/bulwary-stacja-768x431.jpg 768w, https:\/\/www.24gliwice.pl\/wiadomosci\/wp-content\/uploads\/2018\/09\/bulwary-stacja-1140x639.jpg 1140w, https:\/\/www.24gliwice.pl\/wiadomosci\/wp-content\/uploads\/2018\/09\/bulwary-stacja-e1536832937704.jpg 1200w\" sizes=\"auto, (max-width: 810px) 100vw, 810px\" \/><\/a>\n\t\t\t<\/div><\/div><div class=\"big-gallery-item item-7\" style=\"display:none;\">\n\t\t\t<div class='gallery-icon'>\n\t\t\t\t<a href='https:\/\/www.24gliwice.pl\/wiadomosci\/wp-content\/uploads\/2018\/09\/bulwary-niezmodernizowany-odcinek-2-lepsze-e1536833112227.jpg'><img loading=\"lazy\" decoding=\"async\" width=\"810\" height=\"454\" src=\"https:\/\/www.24gliwice.pl\/wiadomosci\/wp-content\/uploads\/2018\/09\/bulwary-niezmodernizowany-odcinek-2-lepsze-810x454.jpg\" class=\"attachment-vce-lay-a size-vce-lay-a\" alt=\"\" srcset=\"https:\/\/www.24gliwice.pl\/wiadomosci\/wp-content\/uploads\/2018\/09\/bulwary-niezmodernizowany-odcinek-2-lepsze-810x454.jpg 810w, https:\/\/www.24gliwice.pl\/wiadomosci\/wp-content\/uploads\/2018\/09\/bulwary-niezmodernizowany-odcinek-2-lepsze-410x230.jpg 410w, https:\/\/www.24gliwice.pl\/wiadomosci\/wp-content\/uploads\/2018\/09\/bulwary-niezmodernizowany-odcinek-2-lepsze-768x431.jpg 768w, https:\/\/www.24gliwice.pl\/wiadomosci\/wp-content\/uploads\/2018\/09\/bulwary-niezmodernizowany-odcinek-2-lepsze-1140x639.jpg 1140w, https:\/\/www.24gliwice.pl\/wiadomosci\/wp-content\/uploads\/2018\/09\/bulwary-niezmodernizowany-odcinek-2-lepsze-e1536833112227.jpg 1200w\" sizes=\"auto, (max-width: 810px) 100vw, 810px\" \/><\/a>\n\t\t\t<\/div><\/div><div class=\"big-gallery-item item-8\" style=\"display:none;\">\n\t\t\t<div class='gallery-icon'>\n\t\t\t\t<a href='https:\/\/www.24gliwice.pl\/wiadomosci\/wp-content\/uploads\/2018\/09\/bulwary-niezmodernizowany-odcinek-e1536833096639.jpg'><img loading=\"lazy\" decoding=\"async\" width=\"810\" height=\"454\" src=\"https:\/\/www.24gliwice.pl\/wiadomosci\/wp-content\/uploads\/2018\/09\/bulwary-niezmodernizowany-odcinek-810x454.jpg\" class=\"attachment-vce-lay-a size-vce-lay-a\" alt=\"\" srcset=\"https:\/\/www.24gliwice.pl\/wiadomosci\/wp-content\/uploads\/2018\/09\/bulwary-niezmodernizowany-odcinek-810x454.jpg 810w, https:\/\/www.24gliwice.pl\/wiadomosci\/wp-content\/uploads\/2018\/09\/bulwary-niezmodernizowany-odcinek-410x230.jpg 410w, https:\/\/www.24gliwice.pl\/wiadomosci\/wp-content\/uploads\/2018\/09\/bulwary-niezmodernizowany-odcinek-768x431.jpg 768w, https:\/\/www.24gliwice.pl\/wiadomosci\/wp-content\/uploads\/2018\/09\/bulwary-niezmodernizowany-odcinek-1140x639.jpg 1140w, https:\/\/www.24gliwice.pl\/wiadomosci\/wp-content\/uploads\/2018\/09\/bulwary-niezmodernizowany-odcinek-e1536833096639.jpg 1200w\" sizes=\"auto, (max-width: 810px) 100vw, 810px\" \/><\/a>\n\t\t\t<\/div><\/div><div class=\"big-gallery-item item-9\" style=\"display:none;\">\n\t\t\t<div class='gallery-icon'>\n\t\t\t\t<a href='https:\/\/www.24gliwice.pl\/wiadomosci\/wp-content\/uploads\/2018\/09\/bulwary-za-stacj\u0105-2-e1536832920219.jpg'><img loading=\"lazy\" decoding=\"async\" width=\"810\" height=\"455\" src=\"https:\/\/www.24gliwice.pl\/wiadomosci\/wp-content\/uploads\/2018\/09\/bulwary-za-stacj\u0105-2-810x455.jpg\" class=\"attachment-vce-lay-a size-vce-lay-a\" alt=\"\" srcset=\"https:\/\/www.24gliwice.pl\/wiadomosci\/wp-content\/uploads\/2018\/09\/bulwary-za-stacj\u0105-2-810x455.jpg 810w, https:\/\/www.24gliwice.pl\/wiadomosci\/wp-content\/uploads\/2018\/09\/bulwary-za-stacj\u0105-2-768x432.jpg 768w, https:\/\/www.24gliwice.pl\/wiadomosci\/wp-content\/uploads\/2018\/09\/bulwary-za-stacj\u0105-2-1140x641.jpg 1140w, https:\/\/www.24gliwice.pl\/wiadomosci\/wp-content\/uploads\/2018\/09\/bulwary-za-stacj\u0105-2-e1536832920219.jpg 1200w\" sizes=\"auto, (max-width: 810px) 100vw, 810px\" \/><\/a>\n\t\t\t<\/div><\/div><div class=\"big-gallery-item item-10\" style=\"display:none;\">\n\t\t\t<div class='gallery-icon'>\n\t\t\t\t<a href='https:\/\/www.24gliwice.pl\/wiadomosci\/wp-content\/uploads\/2018\/09\/bulwary-za-stacj\u0105-e1536831516211.jpg'><img loading=\"lazy\" decoding=\"async\" width=\"810\" height=\"454\" src=\"https:\/\/www.24gliwice.pl\/wiadomosci\/wp-content\/uploads\/2018\/09\/bulwary-za-stacj\u0105-810x454.jpg\" class=\"attachment-vce-lay-a size-vce-lay-a\" alt=\"\" srcset=\"https:\/\/www.24gliwice.pl\/wiadomosci\/wp-content\/uploads\/2018\/09\/bulwary-za-stacj\u0105-810x454.jpg 810w, https:\/\/www.24gliwice.pl\/wiadomosci\/wp-content\/uploads\/2018\/09\/bulwary-za-stacj\u0105-410x230.jpg 410w, https:\/\/www.24gliwice.pl\/wiadomosci\/wp-content\/uploads\/2018\/09\/bulwary-za-stacj\u0105-768x431.jpg 768w, https:\/\/www.24gliwice.pl\/wiadomosci\/wp-content\/uploads\/2018\/09\/bulwary-za-stacj\u0105-1140x639.jpg 1140w, https:\/\/www.24gliwice.pl\/wiadomosci\/wp-content\/uploads\/2018\/09\/bulwary-za-stacj\u0105-e1536831516211.jpg 1200w\" sizes=\"auto, (max-width: 810px) 100vw, 810px\" \/><\/a>\n\t\t\t<\/div><\/div><\/div><div class=\"vce-gallery-slider\" data-columns=\"3\"><figure class='gallery-item' data-item='0'>\n\t\t\t<div class='gallery-icon landscape'>\n\t\t\t\t<a href='https:\/\/www.24gliwice.pl\/wiadomosci\/wp-content\/uploads\/2018\/09\/bulwary-przed-stacj\u0105-6-e1536833034117.jpg'><img loading=\"lazy\" decoding=\"async\" width=\"375\" height=\"195\" src=\"https:\/\/www.24gliwice.pl\/wiadomosci\/wp-content\/uploads\/2018\/09\/bulwary-przed-stacj\u0105-6-375x195.jpg\" class=\"attachment-vce-lay-b size-vce-lay-b\" alt=\"\" \/><\/a>\n\t\t\t<\/div><\/figure><figure class='gallery-item' data-item='1'>\n\t\t\t<div class='gallery-icon landscape'>\n\t\t\t\t<a href='https:\/\/www.24gliwice.pl\/wiadomosci\/wp-content\/uploads\/2018\/09\/bulwary-przed-stacj\u01054-e1536832977574.jpg'><img loading=\"lazy\" decoding=\"async\" width=\"375\" height=\"195\" src=\"https:\/\/www.24gliwice.pl\/wiadomosci\/wp-content\/uploads\/2018\/09\/bulwary-przed-stacj\u01054-375x195.jpg\" class=\"attachment-vce-lay-b size-vce-lay-b\" alt=\"\" \/><\/a>\n\t\t\t<\/div><\/figure><figure class='gallery-item' data-item='2'>\n\t\t\t<div class='gallery-icon landscape'>\n\t\t\t\t<a href='https:\/\/www.24gliwice.pl\/wiadomosci\/wp-content\/uploads\/2018\/09\/bulwary-przed-stacj\u01053-e1536832991443.jpg'><img loading=\"lazy\" decoding=\"async\" width=\"375\" height=\"195\" src=\"https:\/\/www.24gliwice.pl\/wiadomosci\/wp-content\/uploads\/2018\/09\/bulwary-przed-stacj\u01053-375x195.jpg\" class=\"attachment-vce-lay-b size-vce-lay-b\" alt=\"\" \/><\/a>\n\t\t\t<\/div><\/figure><figure class='gallery-item' data-item='3'>\n\t\t\t<div class='gallery-icon landscape'>\n\t\t\t\t<a href='https:\/\/www.24gliwice.pl\/wiadomosci\/wp-content\/uploads\/2018\/09\/bulwary-przed-stacj\u01052-e1536833004582.jpg'><img loading=\"lazy\" decoding=\"async\" width=\"375\" height=\"195\" src=\"https:\/\/www.24gliwice.pl\/wiadomosci\/wp-content\/uploads\/2018\/09\/bulwary-przed-stacj\u01052-375x195.jpg\" class=\"attachment-vce-lay-b size-vce-lay-b\" alt=\"\" \/><\/a>\n\t\t\t<\/div><\/figure><figure class='gallery-item' data-item='4'>\n\t\t\t<div class='gallery-icon landscape'>\n\t\t\t\t<a href='https:\/\/www.24gliwice.pl\/wiadomosci\/wp-content\/uploads\/2018\/09\/bulwary-przed-stacj\u0105-e1536833019850.jpg'><img loading=\"lazy\" decoding=\"async\" width=\"375\" height=\"195\" src=\"https:\/\/www.24gliwice.pl\/wiadomosci\/wp-content\/uploads\/2018\/09\/bulwary-przed-stacj\u0105-375x195.jpg\" class=\"attachment-vce-lay-b size-vce-lay-b\" alt=\"\" \/><\/a>\n\t\t\t<\/div><\/figure><figure class='gallery-item' data-item='5'>\n\t\t\t<div class='gallery-icon landscape'>\n\t\t\t\t<a href='https:\/\/www.24gliwice.pl\/wiadomosci\/wp-content\/uploads\/2018\/09\/bulwary-przed-stacj\u01055-e1536832950513.jpg'><img loading=\"lazy\" decoding=\"async\" width=\"375\" height=\"195\" src=\"https:\/\/www.24gliwice.pl\/wiadomosci\/wp-content\/uploads\/2018\/09\/bulwary-przed-stacj\u01055-375x195.jpg\" class=\"attachment-vce-lay-b size-vce-lay-b\" alt=\"\" \/><\/a>\n\t\t\t<\/div><\/figure><figure class='gallery-item' data-item='6'>\n\t\t\t<div class='gallery-icon landscape'>\n\t\t\t\t<a href='https:\/\/www.24gliwice.pl\/wiadomosci\/wp-content\/uploads\/2018\/09\/bulwary-stacja-e1536832937704.jpg'><img loading=\"lazy\" decoding=\"async\" width=\"375\" height=\"195\" src=\"https:\/\/www.24gliwice.pl\/wiadomosci\/wp-content\/uploads\/2018\/09\/bulwary-stacja-375x195.jpg\" class=\"attachment-vce-lay-b size-vce-lay-b\" alt=\"\" \/><\/a>\n\t\t\t<\/div><\/figure><figure class='gallery-item' data-item='7'>\n\t\t\t<div class='gallery-icon landscape'>\n\t\t\t\t<a href='https:\/\/www.24gliwice.pl\/wiadomosci\/wp-content\/uploads\/2018\/09\/bulwary-niezmodernizowany-odcinek-2-lepsze-e1536833112227.jpg'><img loading=\"lazy\" decoding=\"async\" width=\"375\" height=\"195\" src=\"https:\/\/www.24gliwice.pl\/wiadomosci\/wp-content\/uploads\/2018\/09\/bulwary-niezmodernizowany-odcinek-2-lepsze-375x195.jpg\" class=\"attachment-vce-lay-b size-vce-lay-b\" alt=\"\" \/><\/a>\n\t\t\t<\/div><\/figure><figure class='gallery-item' data-item='8'>\n\t\t\t<div class='gallery-icon landscape'>\n\t\t\t\t<a href='https:\/\/www.24gliwice.pl\/wiadomosci\/wp-content\/uploads\/2018\/09\/bulwary-niezmodernizowany-odcinek-e1536833096639.jpg'><img loading=\"lazy\" decoding=\"async\" width=\"375\" height=\"195\" src=\"https:\/\/www.24gliwice.pl\/wiadomosci\/wp-content\/uploads\/2018\/09\/bulwary-niezmodernizowany-odcinek-375x195.jpg\" class=\"attachment-vce-lay-b size-vce-lay-b\" alt=\"\" \/><\/a>\n\t\t\t<\/div><\/figure><figure class='gallery-item' data-item='9'>\n\t\t\t<div class='gallery-icon landscape'>\n\t\t\t\t<a href='https:\/\/www.24gliwice.pl\/wiadomosci\/wp-content\/uploads\/2018\/09\/bulwary-za-stacj\u0105-2-e1536832920219.jpg'><img loading=\"lazy\" decoding=\"async\" width=\"375\" height=\"195\" src=\"https:\/\/www.24gliwice.pl\/wiadomosci\/wp-content\/uploads\/2018\/09\/bulwary-za-stacj\u0105-2-375x195.jpg\" class=\"attachment-vce-lay-b size-vce-lay-b\" alt=\"\" \/><\/a>\n\t\t\t<\/div><\/figure><figure class='gallery-item' data-item='10'>\n\t\t\t<div class='gallery-icon landscape'>\n\t\t\t\t<a href='https:\/\/www.24gliwice.pl\/wiadomosci\/wp-content\/uploads\/2018\/09\/bulwary-za-stacj\u0105-e1536831516211.jpg'><img loading=\"lazy\" decoding=\"async\" width=\"375\" height=\"195\" src=\"https:\/\/www.24gliwice.pl\/wiadomosci\/wp-content\/uploads\/2018\/09\/bulwary-za-stacj\u0105-375x195.jpg\" class=\"attachment-vce-lay-b size-vce-lay-b\" alt=\"\" \/><\/a>\n\t\t\t<\/div><\/figure><\/div><\/div>\n\n<div class=\"gliwi-a5-na-koncu-artykulow gliwi-entity-placement\" id=\"gliwi-675961969\"><div class=\"gliwi-adlabel\"><span style=\"font-size: 9px\">REKLAMA<\/span><\/div><div id=\"gliwi-4163434186\" style=\"margin-left: auto;margin-right: auto;text-align: center;\"><a data-no-instant=\"1\" href=\"https:\/\/prezeroarenagliwice.pl\/\" rel=\"noopener\" class=\"a2t-link\" target=\"_blank\" aria-label=\"20260309-PREZERO-WIOSNA-D\"><img loading=\"lazy\" decoding=\"async\" src=\"https:\/\/www.24gliwice.pl\/wiadomosci\/wp-content\/uploads\/2026\/03\/20260309-PREZERO-WIOSNA-D.webp\" alt=\"\"  srcset=\"https:\/\/www.24gliwice.pl\/wiadomosci\/wp-content\/uploads\/2026\/03\/20260309-PREZERO-WIOSNA-D.webp 750w, https:\/\/www.24gliwice.pl\/wiadomosci\/wp-content\/uploads\/2026\/03\/20260309-PREZERO-WIOSNA-D-410x109.webp 410w\" sizes=\"(max-width: 750px) 100vw, 750px\" class=\"no-lazyload\" width=\"750\" height=\"200\"  style=\"display: inline-block; max-width: 100%; height: auto;\" \/><\/a><\/div><\/div>","protected":false},"excerpt":{"rendered":"<p>Do ko\u0144ca wrze\u015bnia maj\u0105 potrwa\u0107 prace przy modernizacji alejki wzd\u0142u\u017c K\u0142odnicy, w ci\u0105gu ulicy Wybrze\u017ce Wojska Polskiego. Ju\u017c teraz wida\u0107 pierwsze efekty rob\u00f3t, kt\u00f3rych docelowy, \u0142\u0105czny koszt wyniesie 650 tys. z\u0142. W centrum Gliwic powsta\u0142a przestrze\u0144, kt\u00f3ra z za\u0142o\u017cenia ma by\u0107 przyjazna mieszka\u0144com. Na 800-metrowym odcinku ziele\u0144ca od placu Pi\u0142sudskiego do ulicy Orlickiego, wzd\u0142u\u017c K\u0142odnicy, [&hellip;]<\/p>\n","protected":false},"author":15,"featured_media":122735,"comment_status":"open","ping_status":"closed","sticky":false,"template":"","format":"gallery","meta":{"_monsterinsights_skip_tracking":false,"_monsterinsights_sitenote_active":false,"_monsterinsights_sitenote_note":"","_monsterinsights_sitenote_category":0,"footnotes":"","_links_to":"","_links_to_target":""},"categories":[3,1,9],"tags":[7616,11623,5343,10387,6628,7617],"class_list":["post-122728","post","type-post","status-publish","format-gallery","has-post-thumbnail","hentry","category-gliwice","category-wszystko","category-aktualnosci_lokalne","tag-alejka","tag-bulwary-klodnicy","tag-klodnica","tag-modernizacja","tag-rzeka","tag-wybrzeze-wojska-polskiego","post_format-post-format-gallery"],"yoast_head":"<!-- This site is optimized with the Yoast SEO plugin v27.5 - https:\/\/yoast.com\/product\/yoast-seo-wordpress\/ -->\n<title>Tzw. &quot;Bulwary K\u0142odnicy&quot; prawie gotowe. Wzd\u0142u\u017c nowej alejki pojawi\u0142y si\u0119 \u0142awki i ro\u015bliny - 24GLIWICE - Portal Gliwice | codziennie nowe informacje<\/title>\n<meta name=\"robots\" content=\"index, follow, max-snippet:-1, max-image-preview:large, max-video-preview:-1\" \/>\n<link rel=\"canonical\" href=\"https:\/\/www.24gliwice.pl\/wiadomosci\/tzw-bulwary-klodnicy-prawie-gotowe-wzdluz-nowej-alejki-pojawily-sie-lawki-i-rosliny\/\" \/>\n<meta property=\"og:locale\" content=\"pl_PL\" \/>\n<meta property=\"og:type\" content=\"article\" \/>\n<meta property=\"og:title\" content=\"Tzw. &quot;Bulwary K\u0142odnicy&quot; prawie gotowe. Wzd\u0142u\u017c nowej alejki pojawi\u0142y si\u0119 \u0142awki i ro\u015bliny - 24GLIWICE - Portal Gliwice | codziennie nowe informacje\" \/>\n<meta property=\"og:description\" content=\"Do ko\u0144ca wrze\u015bnia maj\u0105 potrwa\u0107 prace przy modernizacji alejki wzd\u0142u\u017c K\u0142odnicy, w ci\u0105gu ulicy Wybrze\u017ce Wojska Polskiego. Ju\u017c teraz wida\u0107 pierwsze efekty rob\u00f3t, kt\u00f3rych docelowy, \u0142\u0105czny koszt wyniesie 650 tys. z\u0142. W centrum Gliwic powsta\u0142a przestrze\u0144, kt\u00f3ra z za\u0142o\u017cenia ma by\u0107 przyjazna mieszka\u0144com. Na 800-metrowym odcinku ziele\u0144ca od placu Pi\u0142sudskiego do ulicy Orlickiego, wzd\u0142u\u017c K\u0142odnicy, [&hellip;]\" \/>\n<meta property=\"og:url\" content=\"https:\/\/www.24gliwice.pl\/wiadomosci\/tzw-bulwary-klodnicy-prawie-gotowe-wzdluz-nowej-alejki-pojawily-sie-lawki-i-rosliny\/\" \/>\n<meta property=\"og:site_name\" content=\"24GLIWICE - Portal Gliwice | codziennie nowe informacje\" \/>\n<meta property=\"article:publisher\" content=\"https:\/\/www.facebook.com\/24gliwice\" \/>\n<meta property=\"article:published_time\" content=\"2018-09-13T11:49:45+00:00\" \/>\n<meta property=\"article:modified_time\" content=\"2018-09-13T18:48:49+00:00\" \/>\n<meta property=\"og:image\" content=\"https:\/\/www.24gliwice.pl\/wiadomosci\/wp-content\/uploads\/2018\/09\/bulwary-przed-stacj\u0105-6-e1536833034117.jpg\" \/>\n\t<meta property=\"og:image:width\" content=\"1200\" \/>\n\t<meta property=\"og:image:height\" content=\"674\" \/>\n\t<meta property=\"og:image:type\" content=\"image\/jpeg\" \/>\n<meta name=\"author\" content=\"\u017baneta Mrozek-Siewierska\" \/>\n<meta name=\"twitter:card\" content=\"summary_large_image\" \/>\n<meta name=\"twitter:creator\" content=\"@24gliwice\" \/>\n<meta name=\"twitter:site\" content=\"@24gliwice\" \/>\n<meta name=\"twitter:label1\" content=\"Napisane przez\" \/>\n\t<meta name=\"twitter:data1\" content=\"\u017baneta Mrozek-Siewierska\" \/>\n\t<meta name=\"twitter:label2\" content=\"Szacowany czas czytania\" \/>\n\t<meta name=\"twitter:data2\" content=\"1 minuta\" \/>\n<script type=\"application\/ld+json\" class=\"yoast-schema-graph\">{\"@context\":\"https:\\\/\\\/schema.org\",\"@graph\":[{\"@type\":\"Article\",\"@id\":\"https:\\\/\\\/www.24gliwice.pl\\\/wiadomosci\\\/tzw-bulwary-klodnicy-prawie-gotowe-wzdluz-nowej-alejki-pojawily-sie-lawki-i-rosliny\\\/#article\",\"isPartOf\":{\"@id\":\"https:\\\/\\\/www.24gliwice.pl\\\/wiadomosci\\\/tzw-bulwary-klodnicy-prawie-gotowe-wzdluz-nowej-alejki-pojawily-sie-lawki-i-rosliny\\\/\"},\"author\":{\"name\":\"\u017baneta Mrozek-Siewierska\",\"@id\":\"https:\\\/\\\/www.24gliwice.pl\\\/wiadomosci\\\/#\\\/schema\\\/person\\\/e42c650edd7f2fa332be3811fb166b6e\"},\"headline\":\"Tzw. &#8220;Bulwary K\u0142odnicy&#8221; prawie gotowe. Wzd\u0142u\u017c nowej alejki pojawi\u0142y si\u0119 \u0142awki i ro\u015bliny\",\"datePublished\":\"2018-09-13T11:49:45+00:00\",\"dateModified\":\"2018-09-13T18:48:49+00:00\",\"mainEntityOfPage\":{\"@id\":\"https:\\\/\\\/www.24gliwice.pl\\\/wiadomosci\\\/tzw-bulwary-klodnicy-prawie-gotowe-wzdluz-nowej-alejki-pojawily-sie-lawki-i-rosliny\\\/\"},\"wordCount\":234,\"commentCount\":0,\"publisher\":{\"@id\":\"https:\\\/\\\/www.24gliwice.pl\\\/wiadomosci\\\/#organization\"},\"image\":{\"@id\":\"https:\\\/\\\/www.24gliwice.pl\\\/wiadomosci\\\/tzw-bulwary-klodnicy-prawie-gotowe-wzdluz-nowej-alejki-pojawily-sie-lawki-i-rosliny\\\/#primaryimage\"},\"thumbnailUrl\":\"https:\\\/\\\/www.24gliwice.pl\\\/wiadomosci\\\/wp-content\\\/uploads\\\/2018\\\/09\\\/bulwary-przed-stacj\u0105-6-e1536833034117.jpg\",\"keywords\":[\"alejka\",\"bulwary k\u0142odnicy\",\"K\u0141ODNICA\",\"MODERNIZACJA\",\"rzeka\",\"wybrze\u017ce wojska polskiego\"],\"articleSection\":[\"Gliwice\",\"Najnowsze wiadomo\u015bci\",\"Portal Gliwice - Wiadomo\u015bci lokalne\"],\"inLanguage\":\"pl-PL\",\"potentialAction\":[{\"@type\":\"CommentAction\",\"name\":\"Comment\",\"target\":[\"https:\\\/\\\/www.24gliwice.pl\\\/wiadomosci\\\/tzw-bulwary-klodnicy-prawie-gotowe-wzdluz-nowej-alejki-pojawily-sie-lawki-i-rosliny\\\/#respond\"]}]},{\"@type\":\"WebPage\",\"@id\":\"https:\\\/\\\/www.24gliwice.pl\\\/wiadomosci\\\/tzw-bulwary-klodnicy-prawie-gotowe-wzdluz-nowej-alejki-pojawily-sie-lawki-i-rosliny\\\/\",\"url\":\"https:\\\/\\\/www.24gliwice.pl\\\/wiadomosci\\\/tzw-bulwary-klodnicy-prawie-gotowe-wzdluz-nowej-alejki-pojawily-sie-lawki-i-rosliny\\\/\",\"name\":\"Tzw. \\\"Bulwary K\u0142odnicy\\\" prawie gotowe. Wzd\u0142u\u017c nowej alejki pojawi\u0142y si\u0119 \u0142awki i ro\u015bliny - 24GLIWICE - Portal Gliwice | codziennie nowe informacje\",\"isPartOf\":{\"@id\":\"https:\\\/\\\/www.24gliwice.pl\\\/wiadomosci\\\/#website\"},\"primaryImageOfPage\":{\"@id\":\"https:\\\/\\\/www.24gliwice.pl\\\/wiadomosci\\\/tzw-bulwary-klodnicy-prawie-gotowe-wzdluz-nowej-alejki-pojawily-sie-lawki-i-rosliny\\\/#primaryimage\"},\"image\":{\"@id\":\"https:\\\/\\\/www.24gliwice.pl\\\/wiadomosci\\\/tzw-bulwary-klodnicy-prawie-gotowe-wzdluz-nowej-alejki-pojawily-sie-lawki-i-rosliny\\\/#primaryimage\"},\"thumbnailUrl\":\"https:\\\/\\\/www.24gliwice.pl\\\/wiadomosci\\\/wp-content\\\/uploads\\\/2018\\\/09\\\/bulwary-przed-stacj\u0105-6-e1536833034117.jpg\",\"datePublished\":\"2018-09-13T11:49:45+00:00\",\"dateModified\":\"2018-09-13T18:48:49+00:00\",\"breadcrumb\":{\"@id\":\"https:\\\/\\\/www.24gliwice.pl\\\/wiadomosci\\\/tzw-bulwary-klodnicy-prawie-gotowe-wzdluz-nowej-alejki-pojawily-sie-lawki-i-rosliny\\\/#breadcrumb\"},\"inLanguage\":\"pl-PL\",\"potentialAction\":[{\"@type\":\"ReadAction\",\"target\":[\"https:\\\/\\\/www.24gliwice.pl\\\/wiadomosci\\\/tzw-bulwary-klodnicy-prawie-gotowe-wzdluz-nowej-alejki-pojawily-sie-lawki-i-rosliny\\\/\"]}]},{\"@type\":\"ImageObject\",\"inLanguage\":\"pl-PL\",\"@id\":\"https:\\\/\\\/www.24gliwice.pl\\\/wiadomosci\\\/tzw-bulwary-klodnicy-prawie-gotowe-wzdluz-nowej-alejki-pojawily-sie-lawki-i-rosliny\\\/#primaryimage\",\"url\":\"https:\\\/\\\/www.24gliwice.pl\\\/wiadomosci\\\/wp-content\\\/uploads\\\/2018\\\/09\\\/bulwary-przed-stacj\u0105-6-e1536833034117.jpg\",\"contentUrl\":\"https:\\\/\\\/www.24gliwice.pl\\\/wiadomosci\\\/wp-content\\\/uploads\\\/2018\\\/09\\\/bulwary-przed-stacj\u0105-6-e1536833034117.jpg\",\"width\":1200,\"height\":674},{\"@type\":\"BreadcrumbList\",\"@id\":\"https:\\\/\\\/www.24gliwice.pl\\\/wiadomosci\\\/tzw-bulwary-klodnicy-prawie-gotowe-wzdluz-nowej-alejki-pojawily-sie-lawki-i-rosliny\\\/#breadcrumb\",\"itemListElement\":[{\"@type\":\"ListItem\",\"position\":1,\"name\":\"Strona g\u0142\u00f3wna\",\"item\":\"https:\\\/\\\/www.24gliwice.pl\\\/wiadomosci\\\/\"},{\"@type\":\"ListItem\",\"position\":2,\"name\":\"Tzw. &#8222;Bulwary K\u0142odnicy&#8221; prawie gotowe. Wzd\u0142u\u017c nowej alejki pojawi\u0142y si\u0119 \u0142awki i ro\u015bliny\"}]},{\"@type\":\"WebSite\",\"@id\":\"https:\\\/\\\/www.24gliwice.pl\\\/wiadomosci\\\/#website\",\"url\":\"https:\\\/\\\/www.24gliwice.pl\\\/wiadomosci\\\/\",\"name\":\"24GLIWICE - Portal Gliwice | codziennie nowe wiadomo\u015bci\",\"description\":\"Portal Miejski Gliwice\",\"publisher\":{\"@id\":\"https:\\\/\\\/www.24gliwice.pl\\\/wiadomosci\\\/#organization\"},\"potentialAction\":[{\"@type\":\"SearchAction\",\"target\":{\"@type\":\"EntryPoint\",\"urlTemplate\":\"https:\\\/\\\/www.24gliwice.pl\\\/wiadomosci\\\/?s={search_term_string}\"},\"query-input\":{\"@type\":\"PropertyValueSpecification\",\"valueRequired\":true,\"valueName\":\"search_term_string\"}}],\"inLanguage\":\"pl-PL\"},{\"@type\":\"Organization\",\"@id\":\"https:\\\/\\\/www.24gliwice.pl\\\/wiadomosci\\\/#organization\",\"name\":\"24gliwice\",\"url\":\"https:\\\/\\\/www.24gliwice.pl\\\/wiadomosci\\\/\",\"logo\":{\"@type\":\"ImageObject\",\"inLanguage\":\"pl-PL\",\"@id\":\"https:\\\/\\\/www.24gliwice.pl\\\/wiadomosci\\\/#\\\/schema\\\/logo\\\/image\\\/\",\"url\":\"https:\\\/\\\/www.24gliwice.pl\\\/wiadomosci\\\/wp-content\\\/uploads\\\/2024\\\/10\\\/24gliwice-logo-696.jpg\",\"contentUrl\":\"https:\\\/\\\/www.24gliwice.pl\\\/wiadomosci\\\/wp-content\\\/uploads\\\/2024\\\/10\\\/24gliwice-logo-696.jpg\",\"width\":696,\"height\":696,\"caption\":\"24gliwice\"},\"image\":{\"@id\":\"https:\\\/\\\/www.24gliwice.pl\\\/wiadomosci\\\/#\\\/schema\\\/logo\\\/image\\\/\"},\"sameAs\":[\"https:\\\/\\\/www.facebook.com\\\/24gliwice\",\"https:\\\/\\\/x.com\\\/24gliwice\",\"https:\\\/\\\/www.youtube.com\\\/@24gliwice\"]},{\"@type\":\"Person\",\"@id\":\"https:\\\/\\\/www.24gliwice.pl\\\/wiadomosci\\\/#\\\/schema\\\/person\\\/e42c650edd7f2fa332be3811fb166b6e\",\"name\":\"\u017baneta Mrozek-Siewierska\",\"image\":{\"@type\":\"ImageObject\",\"inLanguage\":\"pl-PL\",\"@id\":\"https:\\\/\\\/secure.gravatar.com\\\/avatar\\\/1881429e9c64597c77ad7aef2d0a19be69a3253e57534d16aa15bf3a4d34a0a3?s=96&d=mm&r=g\",\"url\":\"https:\\\/\\\/secure.gravatar.com\\\/avatar\\\/1881429e9c64597c77ad7aef2d0a19be69a3253e57534d16aa15bf3a4d34a0a3?s=96&d=mm&r=g\",\"contentUrl\":\"https:\\\/\\\/secure.gravatar.com\\\/avatar\\\/1881429e9c64597c77ad7aef2d0a19be69a3253e57534d16aa15bf3a4d34a0a3?s=96&d=mm&r=g\",\"caption\":\"\u017baneta Mrozek-Siewierska\"},\"url\":\"https:\\\/\\\/www.24gliwice.pl\\\/wiadomosci\\\/author\\\/zms\\\/\"}]}<\/script>\n<!-- \/ Yoast SEO plugin. -->","yoast_head_json":{"title":"Tzw. \"Bulwary K\u0142odnicy\" prawie gotowe. Wzd\u0142u\u017c nowej alejki pojawi\u0142y si\u0119 \u0142awki i ro\u015bliny - 24GLIWICE - Portal Gliwice | codziennie nowe informacje","robots":{"index":"index","follow":"follow","max-snippet":"max-snippet:-1","max-image-preview":"max-image-preview:large","max-video-preview":"max-video-preview:-1"},"canonical":"https:\/\/www.24gliwice.pl\/wiadomosci\/tzw-bulwary-klodnicy-prawie-gotowe-wzdluz-nowej-alejki-pojawily-sie-lawki-i-rosliny\/","og_locale":"pl_PL","og_type":"article","og_title":"Tzw. \"Bulwary K\u0142odnicy\" prawie gotowe. Wzd\u0142u\u017c nowej alejki pojawi\u0142y si\u0119 \u0142awki i ro\u015bliny - 24GLIWICE - Portal Gliwice | codziennie nowe informacje","og_description":"Do ko\u0144ca wrze\u015bnia maj\u0105 potrwa\u0107 prace przy modernizacji alejki wzd\u0142u\u017c K\u0142odnicy, w ci\u0105gu ulicy Wybrze\u017ce Wojska Polskiego. Ju\u017c teraz wida\u0107 pierwsze efekty rob\u00f3t, kt\u00f3rych docelowy, \u0142\u0105czny koszt wyniesie 650 tys. z\u0142. W centrum Gliwic powsta\u0142a przestrze\u0144, kt\u00f3ra z za\u0142o\u017cenia ma by\u0107 przyjazna mieszka\u0144com. Na 800-metrowym odcinku ziele\u0144ca od placu Pi\u0142sudskiego do ulicy Orlickiego, wzd\u0142u\u017c K\u0142odnicy, [&hellip;]","og_url":"https:\/\/www.24gliwice.pl\/wiadomosci\/tzw-bulwary-klodnicy-prawie-gotowe-wzdluz-nowej-alejki-pojawily-sie-lawki-i-rosliny\/","og_site_name":"24GLIWICE - Portal Gliwice | codziennie nowe informacje","article_publisher":"https:\/\/www.facebook.com\/24gliwice","article_published_time":"2018-09-13T11:49:45+00:00","article_modified_time":"2018-09-13T18:48:49+00:00","og_image":[{"width":1200,"height":674,"url":"https:\/\/www.24gliwice.pl\/wiadomosci\/wp-content\/uploads\/2018\/09\/bulwary-przed-stacj\u0105-6-e1536833034117.jpg","type":"image\/jpeg"}],"author":"\u017baneta Mrozek-Siewierska","twitter_card":"summary_large_image","twitter_creator":"@24gliwice","twitter_site":"@24gliwice","twitter_misc":{"Napisane przez":"\u017baneta Mrozek-Siewierska","Szacowany czas czytania":"1 minuta"},"schema":{"@context":"https:\/\/schema.org","@graph":[{"@type":"Article","@id":"https:\/\/www.24gliwice.pl\/wiadomosci\/tzw-bulwary-klodnicy-prawie-gotowe-wzdluz-nowej-alejki-pojawily-sie-lawki-i-rosliny\/#article","isPartOf":{"@id":"https:\/\/www.24gliwice.pl\/wiadomosci\/tzw-bulwary-klodnicy-prawie-gotowe-wzdluz-nowej-alejki-pojawily-sie-lawki-i-rosliny\/"},"author":{"name":"\u017baneta Mrozek-Siewierska","@id":"https:\/\/www.24gliwice.pl\/wiadomosci\/#\/schema\/person\/e42c650edd7f2fa332be3811fb166b6e"},"headline":"Tzw. &#8220;Bulwary K\u0142odnicy&#8221; prawie gotowe. Wzd\u0142u\u017c nowej alejki pojawi\u0142y si\u0119 \u0142awki i ro\u015bliny","datePublished":"2018-09-13T11:49:45+00:00","dateModified":"2018-09-13T18:48:49+00:00","mainEntityOfPage":{"@id":"https:\/\/www.24gliwice.pl\/wiadomosci\/tzw-bulwary-klodnicy-prawie-gotowe-wzdluz-nowej-alejki-pojawily-sie-lawki-i-rosliny\/"},"wordCount":234,"commentCount":0,"publisher":{"@id":"https:\/\/www.24gliwice.pl\/wiadomosci\/#organization"},"image":{"@id":"https:\/\/www.24gliwice.pl\/wiadomosci\/tzw-bulwary-klodnicy-prawie-gotowe-wzdluz-nowej-alejki-pojawily-sie-lawki-i-rosliny\/#primaryimage"},"thumbnailUrl":"https:\/\/www.24gliwice.pl\/wiadomosci\/wp-content\/uploads\/2018\/09\/bulwary-przed-stacj\u0105-6-e1536833034117.jpg","keywords":["alejka","bulwary k\u0142odnicy","K\u0141ODNICA","MODERNIZACJA","rzeka","wybrze\u017ce wojska polskiego"],"articleSection":["Gliwice","Najnowsze wiadomo\u015bci","Portal Gliwice - Wiadomo\u015bci lokalne"],"inLanguage":"pl-PL","potentialAction":[{"@type":"CommentAction","name":"Comment","target":["https:\/\/www.24gliwice.pl\/wiadomosci\/tzw-bulwary-klodnicy-prawie-gotowe-wzdluz-nowej-alejki-pojawily-sie-lawki-i-rosliny\/#respond"]}]},{"@type":"WebPage","@id":"https:\/\/www.24gliwice.pl\/wiadomosci\/tzw-bulwary-klodnicy-prawie-gotowe-wzdluz-nowej-alejki-pojawily-sie-lawki-i-rosliny\/","url":"https:\/\/www.24gliwice.pl\/wiadomosci\/tzw-bulwary-klodnicy-prawie-gotowe-wzdluz-nowej-alejki-pojawily-sie-lawki-i-rosliny\/","name":"Tzw. \"Bulwary K\u0142odnicy\" prawie gotowe. Wzd\u0142u\u017c nowej alejki pojawi\u0142y si\u0119 \u0142awki i ro\u015bliny - 24GLIWICE - Portal Gliwice | codziennie nowe informacje","isPartOf":{"@id":"https:\/\/www.24gliwice.pl\/wiadomosci\/#website"},"primaryImageOfPage":{"@id":"https:\/\/www.24gliwice.pl\/wiadomosci\/tzw-bulwary-klodnicy-prawie-gotowe-wzdluz-nowej-alejki-pojawily-sie-lawki-i-rosliny\/#primaryimage"},"image":{"@id":"https:\/\/www.24gliwice.pl\/wiadomosci\/tzw-bulwary-klodnicy-prawie-gotowe-wzdluz-nowej-alejki-pojawily-sie-lawki-i-rosliny\/#primaryimage"},"thumbnailUrl":"https:\/\/www.24gliwice.pl\/wiadomosci\/wp-content\/uploads\/2018\/09\/bulwary-przed-stacj\u0105-6-e1536833034117.jpg","datePublished":"2018-09-13T11:49:45+00:00","dateModified":"2018-09-13T18:48:49+00:00","breadcrumb":{"@id":"https:\/\/www.24gliwice.pl\/wiadomosci\/tzw-bulwary-klodnicy-prawie-gotowe-wzdluz-nowej-alejki-pojawily-sie-lawki-i-rosliny\/#breadcrumb"},"inLanguage":"pl-PL","potentialAction":[{"@type":"ReadAction","target":["https:\/\/www.24gliwice.pl\/wiadomosci\/tzw-bulwary-klodnicy-prawie-gotowe-wzdluz-nowej-alejki-pojawily-sie-lawki-i-rosliny\/"]}]},{"@type":"ImageObject","inLanguage":"pl-PL","@id":"https:\/\/www.24gliwice.pl\/wiadomosci\/tzw-bulwary-klodnicy-prawie-gotowe-wzdluz-nowej-alejki-pojawily-sie-lawki-i-rosliny\/#primaryimage","url":"https:\/\/www.24gliwice.pl\/wiadomosci\/wp-content\/uploads\/2018\/09\/bulwary-przed-stacj\u0105-6-e1536833034117.jpg","contentUrl":"https:\/\/www.24gliwice.pl\/wiadomosci\/wp-content\/uploads\/2018\/09\/bulwary-przed-stacj\u0105-6-e1536833034117.jpg","width":1200,"height":674},{"@type":"BreadcrumbList","@id":"https:\/\/www.24gliwice.pl\/wiadomosci\/tzw-bulwary-klodnicy-prawie-gotowe-wzdluz-nowej-alejki-pojawily-sie-lawki-i-rosliny\/#breadcrumb","itemListElement":[{"@type":"ListItem","position":1,"name":"Strona g\u0142\u00f3wna","item":"https:\/\/www.24gliwice.pl\/wiadomosci\/"},{"@type":"ListItem","position":2,"name":"Tzw. &#8222;Bulwary K\u0142odnicy&#8221; prawie gotowe. Wzd\u0142u\u017c nowej alejki pojawi\u0142y si\u0119 \u0142awki i ro\u015bliny"}]},{"@type":"WebSite","@id":"https:\/\/www.24gliwice.pl\/wiadomosci\/#website","url":"https:\/\/www.24gliwice.pl\/wiadomosci\/","name":"24GLIWICE - Portal Gliwice | codziennie nowe wiadomo\u015bci","description":"Portal Miejski Gliwice","publisher":{"@id":"https:\/\/www.24gliwice.pl\/wiadomosci\/#organization"},"potentialAction":[{"@type":"SearchAction","target":{"@type":"EntryPoint","urlTemplate":"https:\/\/www.24gliwice.pl\/wiadomosci\/?s={search_term_string}"},"query-input":{"@type":"PropertyValueSpecification","valueRequired":true,"valueName":"search_term_string"}}],"inLanguage":"pl-PL"},{"@type":"Organization","@id":"https:\/\/www.24gliwice.pl\/wiadomosci\/#organization","name":"24gliwice","url":"https:\/\/www.24gliwice.pl\/wiadomosci\/","logo":{"@type":"ImageObject","inLanguage":"pl-PL","@id":"https:\/\/www.24gliwice.pl\/wiadomosci\/#\/schema\/logo\/image\/","url":"https:\/\/www.24gliwice.pl\/wiadomosci\/wp-content\/uploads\/2024\/10\/24gliwice-logo-696.jpg","contentUrl":"https:\/\/www.24gliwice.pl\/wiadomosci\/wp-content\/uploads\/2024\/10\/24gliwice-logo-696.jpg","width":696,"height":696,"caption":"24gliwice"},"image":{"@id":"https:\/\/www.24gliwice.pl\/wiadomosci\/#\/schema\/logo\/image\/"},"sameAs":["https:\/\/www.facebook.com\/24gliwice","https:\/\/x.com\/24gliwice","https:\/\/www.youtube.com\/@24gliwice"]},{"@type":"Person","@id":"https:\/\/www.24gliwice.pl\/wiadomosci\/#\/schema\/person\/e42c650edd7f2fa332be3811fb166b6e","name":"\u017baneta Mrozek-Siewierska","image":{"@type":"ImageObject","inLanguage":"pl-PL","@id":"https:\/\/secure.gravatar.com\/avatar\/1881429e9c64597c77ad7aef2d0a19be69a3253e57534d16aa15bf3a4d34a0a3?s=96&d=mm&r=g","url":"https:\/\/secure.gravatar.com\/avatar\/1881429e9c64597c77ad7aef2d0a19be69a3253e57534d16aa15bf3a4d34a0a3?s=96&d=mm&r=g","contentUrl":"https:\/\/secure.gravatar.com\/avatar\/1881429e9c64597c77ad7aef2d0a19be69a3253e57534d16aa15bf3a4d34a0a3?s=96&d=mm&r=g","caption":"\u017baneta Mrozek-Siewierska"},"url":"https:\/\/www.24gliwice.pl\/wiadomosci\/author\/zms\/"}]}},"_links":{"self":[{"href":"https:\/\/www.24gliwice.pl\/wiadomosci\/wp-json\/wp\/v2\/posts\/122728","targetHints":{"allow":["GET"]}}],"collection":[{"href":"https:\/\/www.24gliwice.pl\/wiadomosci\/wp-json\/wp\/v2\/posts"}],"about":[{"href":"https:\/\/www.24gliwice.pl\/wiadomosci\/wp-json\/wp\/v2\/types\/post"}],"author":[{"embeddable":true,"href":"https:\/\/www.24gliwice.pl\/wiadomosci\/wp-json\/wp\/v2\/users\/15"}],"replies":[{"embeddable":true,"href":"https:\/\/www.24gliwice.pl\/wiadomosci\/wp-json\/wp\/v2\/comments?post=122728"}],"version-history":[{"count":0,"href":"https:\/\/www.24gliwice.pl\/wiadomosci\/wp-json\/wp\/v2\/posts\/122728\/revisions"}],"wp:featuredmedia":[{"embeddable":true,"href":"https:\/\/www.24gliwice.pl\/wiadomosci\/wp-json\/wp\/v2\/media\/122735"}],"wp:attachment":[{"href":"https:\/\/www.24gliwice.pl\/wiadomosci\/wp-json\/wp\/v2\/media?parent=122728"}],"wp:term":[{"taxonomy":"category","embeddable":true,"href":"https:\/\/www.24gliwice.pl\/wiadomosci\/wp-json\/wp\/v2\/categories?post=122728"},{"taxonomy":"post_tag","embeddable":true,"href":"https:\/\/www.24gliwice.pl\/wiadomosci\/wp-json\/wp\/v2\/tags?post=122728"}],"curies":[{"name":"wp","href":"https:\/\/api.w.org\/{rel}","templated":true}]}}