{"id":122850,"date":"2018-09-17T00:41:47","date_gmt":"2018-09-16T22:41:47","guid":{"rendered":"https:\/\/www.24gliwice.pl\/wiadomosci\/?p=122850"},"modified":"2018-09-17T02:43:05","modified_gmt":"2018-09-17T00:43:05","slug":"literacki-konkurs-dla-dzieci-centrum-handlowego-forum-udzial-moga-wziac-cale-grupy-szkolne","status":"publish","type":"post","link":"https:\/\/www.24gliwice.pl\/wiadomosci\/literacki-konkurs-dla-dzieci-centrum-handlowego-forum-udzial-moga-wziac-cale-grupy-szkolne\/","title":{"rendered":"Literacki konkurs dla dzieci centrum handlowego Forum. Udzia\u0142 mog\u0105 wzi\u0105\u0107 ca\u0142e grupy szkolne"},"content":{"rendered":"<div class=\"gliwi-a6-nad-leadem-artykulow gliwi-entity-placement\" id=\"gliwi-2012249551\"><div class=\"gliwi-adlabel\"><span style=\"font-size: 9px\">REKLAMA<\/span><\/div><div id=\"gliwi-3602783684\" style=\"margin-bottom: 30px;margin-left: auto;margin-right: auto;text-align: center;\"><a data-no-instant=\"1\" href=\"https:\/\/przedszkole.halogen.org.pl\/\" rel=\"noopener\" class=\"a2t-link\" target=\"_blank\" aria-label=\"20260402-ANIMATOR-przedszkole_grafika_750x200\"><img loading=\"lazy\" decoding=\"async\" src=\"https:\/\/www.24gliwice.pl\/wiadomosci\/wp-content\/uploads\/2026\/04\/20260402-ANIMATOR-przedszkole_grafika_750x200.webp\" alt=\"\"  srcset=\"https:\/\/www.24gliwice.pl\/wiadomosci\/wp-content\/uploads\/2026\/04\/20260402-ANIMATOR-przedszkole_grafika_750x200.webp 750w, https:\/\/www.24gliwice.pl\/wiadomosci\/wp-content\/uploads\/2026\/04\/20260402-ANIMATOR-przedszkole_grafika_750x200-410x109.webp 410w\" sizes=\"(max-width: 750px) 100vw, 750px\" class=\"no-lazyload\" width=\"750\" height=\"200\"  style=\"display: inline-block; max-width: 100%; height: auto;\" \/><\/a><\/div><\/div><h3>Wraz z nadej\u015bciem nowego roku szkolnego rozpocz\u0105\u0142 si\u0119 najnowszy projekt centrum handlowego Forum, adresowany do gliwickich uczni\u00f3w i pedagog\u00f3w. Tym razem to projekt edukacyjno-wydawniczy pod has\u0142em \u201eForum Dzieciom\u201d.<\/h3>\n<p>Centrum zach\u0119ca nim dzieci ze wszystkich szk\u00f3\u0142 podstawowych w powiecie gliwickim do udzia\u0142u w wyj\u0105tkowej, tw\u00f3rczej przygodzie. W pierwszym etapie uczniowie b\u0119d\u0105 wsp\u00f3lnie tworzy\u0107 opowiadania, natomiast w drugim ilustracje do nich. B\u0119d\u0105 to prace zbiorowe, a wi\u0119c r\u00f3wnocze\u015bnie \u015bwietna okazja do integracji klasy.<\/p>\n[perfectpullquote align=&#8221;full&#8221; bordertop=&#8221;false&#8221; cite=&#8221;&#8221; link=&#8221;&#8221; color=&#8221;&#8221; class=&#8221;&#8221; size=&#8221;&#8221;]Opr\u00f3cz s\u0142awy, na m\u0142odych tw\u00f3rc\u00f3w czekaj\u0105 atrakcyjne nagrody w postaci ca\u0142odniowych wycieczek edukacyjnych oraz wyj\u015bcia do kina.[\/perfectpullquote]\n<p>Aby wzi\u0105\u0107 udzia\u0142 w konkursie wychowawca lub opiekun klasy powinien zg\u0142osi\u0107 jej prac\u0119. Opowiadania b\u0119d\u0105 publikowane na dedykowanej akcji stronie: <a href=\"http:\/\/www.forumdzieciom.pl\" target=\"_blank\" rel=\"noopener\">www.forumdzieciom.pl<\/a>. Po terminie nadsy\u0142ania prac (do 21 wrze\u015bnia), uruchomione zostanie g\u0142osowanie, w ramach kt\u00f3rego wybranych zostanie 12 opowiada\u0144 (po 4 na ka\u017cd\u0105 grup\u0119 wiekow\u0105: klasy 1-3, klasy 4-6 i klasy 7-8). To w\u0142a\u015bnie do nich dzieci stworz\u0105 ilustracje.<\/p><div class=\"gliwi-a3-w-tresci-artykulow gliwi-entity-placement\" id=\"gliwi-21171760\"><div class=\"gliwi-adlabel\"><span style=\"font-size: 9px\">REKLAMA<\/span><\/div><div id=\"gliwi-169358166\" style=\"margin-bottom: 30px;margin-left: auto;margin-right: auto;text-align: center;\"><a data-no-instant=\"1\" href=\"https:\/\/ogrodyandersa.pl\/\" rel=\"noopener\" class=\"a2t-link\" target=\"_blank\" aria-label=\"20260415 Ogrody Andersa KUP TERAZ D\"><img loading=\"lazy\" decoding=\"async\" src=\"https:\/\/www.24gliwice.pl\/wiadomosci\/wp-content\/uploads\/2026\/04\/20260415-Ogrody-Andersa-KUP-TERAZ-D.jpg\" alt=\"\"  srcset=\"https:\/\/www.24gliwice.pl\/wiadomosci\/wp-content\/uploads\/2026\/04\/20260415-Ogrody-Andersa-KUP-TERAZ-D.jpg 750w, https:\/\/www.24gliwice.pl\/wiadomosci\/wp-content\/uploads\/2026\/04\/20260415-Ogrody-Andersa-KUP-TERAZ-D-410x109.jpg 410w\" sizes=\"(max-width: 750px) 100vw, 750px\" class=\"no-lazyload\" width=\"750\" height=\"200\"  style=\"display: inline-block; max-width: 100%; height: auto;\" \/><\/a><\/div><\/div>\n<p>Podobnie jak w poprzednim etapie, zadaniem wychowawcy lub opiekuna klasy b\u0119dzie przes\u0142anie pracy do organizatora, zgodnie z regulaminem. Ponownie b\u0119dzie mo\u017cna g\u0142osowa\u0107, tym razem na nades\u0142ane ilustracje.<\/p>\n<p>Dodatkowo drugiemu etapowi b\u0119d\u0105 towarzyszy\u0107 dwa wydarzenia: 13 i 20 pa\u017adziernika (soboty). W tych dniach w Forum dzieci b\u0119d\u0105 mog\u0142y wsp\u00f3lnie malowa\u0107 wielkoformatowe ilustracje do swoich opowiada\u0144.<\/p>\n<p>Wszystkie wybrane opowiadania i ilustracje zostan\u0105 opublikowane w formie ksi\u0105\u017cki. Z jej ca\u0142ego nak\u0142adu du\u017ca cz\u0119\u015b\u0107 zostanie przeznaczona na cele charytatywne, gdy\u017c ksi\u0105\u017ceczki b\u0119d\u0105 sprzedawane jako cegie\u0142ki. Ca\u0142o\u015b\u0107 projektu zwie\u0144czy miko\u0142ajkowe spotkanie autorskie.<\/p>\n[perfectpullquote align=&#8221;full&#8221; bordertop=&#8221;false&#8221; cite=&#8221;&#8221; link=&#8221;&#8221; color=&#8221;&#8221; class=&#8221;&#8221; size=&#8221;&#8221;]W Forum 6 grudnia mali autorzy b\u0119d\u0105 podpisywa\u0107 swoje dzie\u0142a, a ka\u017cdy z nich otrzyma egzemplarz na w\u0142asno\u015b\u0107.[\/perfectpullquote]\n<p>Dzieci spotkaj\u0105 si\u0119 tak\u017ce z jednym ze s\u0142ynnych autor\u00f3w ksi\u0105\u017cek dla dzieci, kt\u00f3ry m.in. opowie o tym, jak powstaj\u0105 bajki. Razem z dzie\u0107mi wsp\u00f3lnie odczyta tak\u017ce fragmenty opowiada\u0144 z ksi\u0105\u017ceczki \u201eForum Dzieciom\u201d.<\/p>\n<p>Aktualnie trwa pierwszy etap akcji, a klasy wci\u0105\u017c mog\u0105 zg\u0142asza\u0107 si\u0119 pisz\u0105c na adres mailowy <a href=\"mailto:opowiadania@forumdzieciom.pl\" rel=\"noopener\" target=\"_blank\">opowiadania@forumdzieciom.pl<\/a>. Wi\u0119cej informacji udziela punkt informacyjny Forum (tel. 32 335 73 00).<\/p>\n<h4>Tytu\u0142em podsumowania, najwa\u017cniejsze daty:<\/h4>\n<p>&#8211; Etap I &#8211; do 21 wrze\u015bnia: dzieci i m\u0142odzie\u017c tworz\u0105 opowiadania i bajki.<br \/>\n&#8211; G\u0142osowanie na stronie www.forumdzieciom.pl na konkretne prace.<br \/>\n&#8211; 30 wrze\u015bnia: koniec g\u0142osowania i opublikowanie 12 najpi\u0119kniejszych opowiada\u0144.<br \/>\n&#8211; Pocz\u0105tek II etapu akcji &#8211; do 12 pa\u017adziernika dzieci i m\u0142odzie\u017c b\u0119d\u0105 tworzy\u0107 ilustracje do zwyci\u0119skich opowiada\u0144.<br \/>\n&#8211; Kolejne g\u0142osowanie na stronie www.forumdzieciom.pl &#8211; na prace plastyczne.<br \/>\n&#8211; 22 pa\u017adziernika: og\u0142oszenie wynik\u00f3w konkursu.<\/p>\n<p>(\u017cms)<\/p>\n<div class=\"gliwi-a5-na-koncu-artykulow gliwi-entity-placement\" id=\"gliwi-815070209\"><div class=\"gliwi-adlabel\"><span style=\"font-size: 9px\">REKLAMA<\/span><\/div><div id=\"gliwi-562924622\" style=\"margin-left: auto;margin-right: auto;text-align: center;\"><a data-no-instant=\"1\" href=\"https:\/\/prezeroarenagliwice.pl\/\" rel=\"noopener\" class=\"a2t-link\" target=\"_blank\" aria-label=\"20260309-PREZERO-WIOSNA-D\"><img loading=\"lazy\" decoding=\"async\" src=\"https:\/\/www.24gliwice.pl\/wiadomosci\/wp-content\/uploads\/2026\/03\/20260309-PREZERO-WIOSNA-D.webp\" alt=\"\"  srcset=\"https:\/\/www.24gliwice.pl\/wiadomosci\/wp-content\/uploads\/2026\/03\/20260309-PREZERO-WIOSNA-D.webp 750w, https:\/\/www.24gliwice.pl\/wiadomosci\/wp-content\/uploads\/2026\/03\/20260309-PREZERO-WIOSNA-D-410x109.webp 410w\" sizes=\"(max-width: 750px) 100vw, 750px\" class=\"no-lazyload\" width=\"750\" height=\"200\"  style=\"display: inline-block; max-width: 100%; height: auto;\" \/><\/a><\/div><\/div>","protected":false},"excerpt":{"rendered":"<p>Wraz z nadej\u015bciem nowego roku szkolnego rozpocz\u0105\u0142 si\u0119 najnowszy projekt centrum handlowego Forum, adresowany do gliwickich uczni\u00f3w i pedagog\u00f3w. Tym razem to projekt edukacyjno-wydawniczy pod has\u0142em \u201eForum Dzieciom\u201d. Centrum zach\u0119ca nim dzieci ze wszystkich szk\u00f3\u0142 podstawowych w powiecie gliwickim do udzia\u0142u w wyj\u0105tkowej, tw\u00f3rczej przygodzie. W pierwszym etapie uczniowie b\u0119d\u0105 wsp\u00f3lnie tworzy\u0107 opowiadania, natomiast w [&hellip;]<\/p>\n","protected":false},"author":15,"featured_media":122854,"comment_status":"closed","ping_status":"closed","sticky":false,"template":"","format":"standard","meta":{"_monsterinsights_skip_tracking":false,"_monsterinsights_sitenote_active":false,"_monsterinsights_sitenote_note":"","_monsterinsights_sitenote_category":0,"footnotes":"","_links_to":"","_links_to_target":""},"categories":[3,1,1129],"tags":[3160,2198,8693,8696],"class_list":["post-122850","post","type-post","status-publish","format-standard","has-post-thumbnail","hentry","category-gliwice","category-wszystko","category-polecamy","tag-centrum-handlowe","tag-forum","tag-konkurs","tag-nagrody"],"yoast_head":"<!-- This site is optimized with the Yoast SEO plugin v27.5 - https:\/\/yoast.com\/product\/yoast-seo-wordpress\/ -->\n<title>Literacki konkurs dla dzieci centrum handlowego Forum. Udzia\u0142 mog\u0105 wzi\u0105\u0107 ca\u0142e grupy szkolne - 24GLIWICE - Portal Gliwice | codziennie nowe informacje<\/title>\n<meta name=\"robots\" content=\"index, follow, max-snippet:-1, max-image-preview:large, max-video-preview:-1\" \/>\n<link rel=\"canonical\" href=\"https:\/\/www.24gliwice.pl\/wiadomosci\/literacki-konkurs-dla-dzieci-centrum-handlowego-forum-udzial-moga-wziac-cale-grupy-szkolne\/\" \/>\n<meta property=\"og:locale\" content=\"pl_PL\" \/>\n<meta property=\"og:type\" content=\"article\" \/>\n<meta property=\"og:title\" content=\"Literacki konkurs dla dzieci centrum handlowego Forum. Udzia\u0142 mog\u0105 wzi\u0105\u0107 ca\u0142e grupy szkolne - 24GLIWICE - Portal Gliwice | codziennie nowe informacje\" \/>\n<meta property=\"og:description\" content=\"Wraz z nadej\u015bciem nowego roku szkolnego rozpocz\u0105\u0142 si\u0119 najnowszy projekt centrum handlowego Forum, adresowany do gliwickich uczni\u00f3w i pedagog\u00f3w. Tym razem to projekt edukacyjno-wydawniczy pod has\u0142em \u201eForum Dzieciom\u201d. Centrum zach\u0119ca nim dzieci ze wszystkich szk\u00f3\u0142 podstawowych w powiecie gliwickim do udzia\u0142u w wyj\u0105tkowej, tw\u00f3rczej przygodzie. W pierwszym etapie uczniowie b\u0119d\u0105 wsp\u00f3lnie tworzy\u0107 opowiadania, natomiast w [&hellip;]\" \/>\n<meta property=\"og:url\" content=\"https:\/\/www.24gliwice.pl\/wiadomosci\/literacki-konkurs-dla-dzieci-centrum-handlowego-forum-udzial-moga-wziac-cale-grupy-szkolne\/\" \/>\n<meta property=\"og:site_name\" content=\"24GLIWICE - Portal Gliwice | codziennie nowe informacje\" \/>\n<meta property=\"article:publisher\" content=\"https:\/\/www.facebook.com\/24gliwice\" \/>\n<meta property=\"article:published_time\" content=\"2018-09-16T22:41:47+00:00\" \/>\n<meta property=\"article:modified_time\" content=\"2018-09-17T00:43:05+00:00\" \/>\n<meta property=\"og:image\" content=\"https:\/\/www.24gliwice.pl\/wiadomosci\/wp-content\/uploads\/2018\/09\/szko\u0142a-forum-opowiadanie.jpg\" \/>\n\t<meta property=\"og:image:width\" content=\"937\" \/>\n\t<meta property=\"og:image:height\" content=\"527\" \/>\n\t<meta property=\"og:image:type\" content=\"image\/jpeg\" \/>\n<meta name=\"author\" content=\"\u017baneta Mrozek-Siewierska\" \/>\n<meta name=\"twitter:card\" content=\"summary_large_image\" \/>\n<meta name=\"twitter:creator\" content=\"@24gliwice\" \/>\n<meta name=\"twitter:site\" content=\"@24gliwice\" \/>\n<meta name=\"twitter:label1\" content=\"Napisane przez\" \/>\n\t<meta name=\"twitter:data1\" content=\"\u017baneta Mrozek-Siewierska\" \/>\n\t<meta name=\"twitter:label2\" content=\"Szacowany czas czytania\" \/>\n\t<meta name=\"twitter:data2\" content=\"2 minuty\" \/>\n<script type=\"application\/ld+json\" class=\"yoast-schema-graph\">{\"@context\":\"https:\\\/\\\/schema.org\",\"@graph\":[{\"@type\":\"Article\",\"@id\":\"https:\\\/\\\/www.24gliwice.pl\\\/wiadomosci\\\/literacki-konkurs-dla-dzieci-centrum-handlowego-forum-udzial-moga-wziac-cale-grupy-szkolne\\\/#article\",\"isPartOf\":{\"@id\":\"https:\\\/\\\/www.24gliwice.pl\\\/wiadomosci\\\/literacki-konkurs-dla-dzieci-centrum-handlowego-forum-udzial-moga-wziac-cale-grupy-szkolne\\\/\"},\"author\":{\"name\":\"\u017baneta Mrozek-Siewierska\",\"@id\":\"https:\\\/\\\/www.24gliwice.pl\\\/wiadomosci\\\/#\\\/schema\\\/person\\\/e42c650edd7f2fa332be3811fb166b6e\"},\"headline\":\"Literacki konkurs dla dzieci centrum handlowego Forum. Udzia\u0142 mog\u0105 wzi\u0105\u0107 ca\u0142e grupy szkolne\",\"datePublished\":\"2018-09-16T22:41:47+00:00\",\"dateModified\":\"2018-09-17T00:43:05+00:00\",\"mainEntityOfPage\":{\"@id\":\"https:\\\/\\\/www.24gliwice.pl\\\/wiadomosci\\\/literacki-konkurs-dla-dzieci-centrum-handlowego-forum-udzial-moga-wziac-cale-grupy-szkolne\\\/\"},\"wordCount\":495,\"publisher\":{\"@id\":\"https:\\\/\\\/www.24gliwice.pl\\\/wiadomosci\\\/#organization\"},\"image\":{\"@id\":\"https:\\\/\\\/www.24gliwice.pl\\\/wiadomosci\\\/literacki-konkurs-dla-dzieci-centrum-handlowego-forum-udzial-moga-wziac-cale-grupy-szkolne\\\/#primaryimage\"},\"thumbnailUrl\":\"https:\\\/\\\/www.24gliwice.pl\\\/wiadomosci\\\/wp-content\\\/uploads\\\/2018\\\/09\\\/szko\u0142a-forum-opowiadanie.jpg\",\"keywords\":[\"CENTRUM HANDLOWE\",\"FORUM\",\"KONKURS\",\"nagrody\"],\"articleSection\":[\"Gliwice\",\"Najnowsze wiadomo\u015bci\",\"Polecamy\"],\"inLanguage\":\"pl-PL\"},{\"@type\":\"WebPage\",\"@id\":\"https:\\\/\\\/www.24gliwice.pl\\\/wiadomosci\\\/literacki-konkurs-dla-dzieci-centrum-handlowego-forum-udzial-moga-wziac-cale-grupy-szkolne\\\/\",\"url\":\"https:\\\/\\\/www.24gliwice.pl\\\/wiadomosci\\\/literacki-konkurs-dla-dzieci-centrum-handlowego-forum-udzial-moga-wziac-cale-grupy-szkolne\\\/\",\"name\":\"Literacki konkurs dla dzieci centrum handlowego Forum. Udzia\u0142 mog\u0105 wzi\u0105\u0107 ca\u0142e grupy szkolne - 24GLIWICE - Portal Gliwice | codziennie nowe informacje\",\"isPartOf\":{\"@id\":\"https:\\\/\\\/www.24gliwice.pl\\\/wiadomosci\\\/#website\"},\"primaryImageOfPage\":{\"@id\":\"https:\\\/\\\/www.24gliwice.pl\\\/wiadomosci\\\/literacki-konkurs-dla-dzieci-centrum-handlowego-forum-udzial-moga-wziac-cale-grupy-szkolne\\\/#primaryimage\"},\"image\":{\"@id\":\"https:\\\/\\\/www.24gliwice.pl\\\/wiadomosci\\\/literacki-konkurs-dla-dzieci-centrum-handlowego-forum-udzial-moga-wziac-cale-grupy-szkolne\\\/#primaryimage\"},\"thumbnailUrl\":\"https:\\\/\\\/www.24gliwice.pl\\\/wiadomosci\\\/wp-content\\\/uploads\\\/2018\\\/09\\\/szko\u0142a-forum-opowiadanie.jpg\",\"datePublished\":\"2018-09-16T22:41:47+00:00\",\"dateModified\":\"2018-09-17T00:43:05+00:00\",\"breadcrumb\":{\"@id\":\"https:\\\/\\\/www.24gliwice.pl\\\/wiadomosci\\\/literacki-konkurs-dla-dzieci-centrum-handlowego-forum-udzial-moga-wziac-cale-grupy-szkolne\\\/#breadcrumb\"},\"inLanguage\":\"pl-PL\",\"potentialAction\":[{\"@type\":\"ReadAction\",\"target\":[\"https:\\\/\\\/www.24gliwice.pl\\\/wiadomosci\\\/literacki-konkurs-dla-dzieci-centrum-handlowego-forum-udzial-moga-wziac-cale-grupy-szkolne\\\/\"]}]},{\"@type\":\"ImageObject\",\"inLanguage\":\"pl-PL\",\"@id\":\"https:\\\/\\\/www.24gliwice.pl\\\/wiadomosci\\\/literacki-konkurs-dla-dzieci-centrum-handlowego-forum-udzial-moga-wziac-cale-grupy-szkolne\\\/#primaryimage\",\"url\":\"https:\\\/\\\/www.24gliwice.pl\\\/wiadomosci\\\/wp-content\\\/uploads\\\/2018\\\/09\\\/szko\u0142a-forum-opowiadanie.jpg\",\"contentUrl\":\"https:\\\/\\\/www.24gliwice.pl\\\/wiadomosci\\\/wp-content\\\/uploads\\\/2018\\\/09\\\/szko\u0142a-forum-opowiadanie.jpg\",\"width\":937,\"height\":527},{\"@type\":\"BreadcrumbList\",\"@id\":\"https:\\\/\\\/www.24gliwice.pl\\\/wiadomosci\\\/literacki-konkurs-dla-dzieci-centrum-handlowego-forum-udzial-moga-wziac-cale-grupy-szkolne\\\/#breadcrumb\",\"itemListElement\":[{\"@type\":\"ListItem\",\"position\":1,\"name\":\"Strona g\u0142\u00f3wna\",\"item\":\"https:\\\/\\\/www.24gliwice.pl\\\/wiadomosci\\\/\"},{\"@type\":\"ListItem\",\"position\":2,\"name\":\"Literacki konkurs dla dzieci centrum handlowego Forum. Udzia\u0142 mog\u0105 wzi\u0105\u0107 ca\u0142e grupy szkolne\"}]},{\"@type\":\"WebSite\",\"@id\":\"https:\\\/\\\/www.24gliwice.pl\\\/wiadomosci\\\/#website\",\"url\":\"https:\\\/\\\/www.24gliwice.pl\\\/wiadomosci\\\/\",\"name\":\"24GLIWICE - Portal Gliwice | codziennie nowe wiadomo\u015bci\",\"description\":\"Portal Miejski Gliwice\",\"publisher\":{\"@id\":\"https:\\\/\\\/www.24gliwice.pl\\\/wiadomosci\\\/#organization\"},\"potentialAction\":[{\"@type\":\"SearchAction\",\"target\":{\"@type\":\"EntryPoint\",\"urlTemplate\":\"https:\\\/\\\/www.24gliwice.pl\\\/wiadomosci\\\/?s={search_term_string}\"},\"query-input\":{\"@type\":\"PropertyValueSpecification\",\"valueRequired\":true,\"valueName\":\"search_term_string\"}}],\"inLanguage\":\"pl-PL\"},{\"@type\":\"Organization\",\"@id\":\"https:\\\/\\\/www.24gliwice.pl\\\/wiadomosci\\\/#organization\",\"name\":\"24gliwice\",\"url\":\"https:\\\/\\\/www.24gliwice.pl\\\/wiadomosci\\\/\",\"logo\":{\"@type\":\"ImageObject\",\"inLanguage\":\"pl-PL\",\"@id\":\"https:\\\/\\\/www.24gliwice.pl\\\/wiadomosci\\\/#\\\/schema\\\/logo\\\/image\\\/\",\"url\":\"https:\\\/\\\/www.24gliwice.pl\\\/wiadomosci\\\/wp-content\\\/uploads\\\/2024\\\/10\\\/24gliwice-logo-696.jpg\",\"contentUrl\":\"https:\\\/\\\/www.24gliwice.pl\\\/wiadomosci\\\/wp-content\\\/uploads\\\/2024\\\/10\\\/24gliwice-logo-696.jpg\",\"width\":696,\"height\":696,\"caption\":\"24gliwice\"},\"image\":{\"@id\":\"https:\\\/\\\/www.24gliwice.pl\\\/wiadomosci\\\/#\\\/schema\\\/logo\\\/image\\\/\"},\"sameAs\":[\"https:\\\/\\\/www.facebook.com\\\/24gliwice\",\"https:\\\/\\\/x.com\\\/24gliwice\",\"https:\\\/\\\/www.youtube.com\\\/@24gliwice\"]},{\"@type\":\"Person\",\"@id\":\"https:\\\/\\\/www.24gliwice.pl\\\/wiadomosci\\\/#\\\/schema\\\/person\\\/e42c650edd7f2fa332be3811fb166b6e\",\"name\":\"\u017baneta Mrozek-Siewierska\",\"image\":{\"@type\":\"ImageObject\",\"inLanguage\":\"pl-PL\",\"@id\":\"https:\\\/\\\/secure.gravatar.com\\\/avatar\\\/1881429e9c64597c77ad7aef2d0a19be69a3253e57534d16aa15bf3a4d34a0a3?s=96&d=mm&r=g\",\"url\":\"https:\\\/\\\/secure.gravatar.com\\\/avatar\\\/1881429e9c64597c77ad7aef2d0a19be69a3253e57534d16aa15bf3a4d34a0a3?s=96&d=mm&r=g\",\"contentUrl\":\"https:\\\/\\\/secure.gravatar.com\\\/avatar\\\/1881429e9c64597c77ad7aef2d0a19be69a3253e57534d16aa15bf3a4d34a0a3?s=96&d=mm&r=g\",\"caption\":\"\u017baneta Mrozek-Siewierska\"},\"url\":\"https:\\\/\\\/www.24gliwice.pl\\\/wiadomosci\\\/author\\\/zms\\\/\"}]}<\/script>\n<!-- \/ Yoast SEO plugin. -->","yoast_head_json":{"title":"Literacki konkurs dla dzieci centrum handlowego Forum. Udzia\u0142 mog\u0105 wzi\u0105\u0107 ca\u0142e grupy szkolne - 24GLIWICE - Portal Gliwice | codziennie nowe informacje","robots":{"index":"index","follow":"follow","max-snippet":"max-snippet:-1","max-image-preview":"max-image-preview:large","max-video-preview":"max-video-preview:-1"},"canonical":"https:\/\/www.24gliwice.pl\/wiadomosci\/literacki-konkurs-dla-dzieci-centrum-handlowego-forum-udzial-moga-wziac-cale-grupy-szkolne\/","og_locale":"pl_PL","og_type":"article","og_title":"Literacki konkurs dla dzieci centrum handlowego Forum. Udzia\u0142 mog\u0105 wzi\u0105\u0107 ca\u0142e grupy szkolne - 24GLIWICE - Portal Gliwice | codziennie nowe informacje","og_description":"Wraz z nadej\u015bciem nowego roku szkolnego rozpocz\u0105\u0142 si\u0119 najnowszy projekt centrum handlowego Forum, adresowany do gliwickich uczni\u00f3w i pedagog\u00f3w. Tym razem to projekt edukacyjno-wydawniczy pod has\u0142em \u201eForum Dzieciom\u201d. Centrum zach\u0119ca nim dzieci ze wszystkich szk\u00f3\u0142 podstawowych w powiecie gliwickim do udzia\u0142u w wyj\u0105tkowej, tw\u00f3rczej przygodzie. W pierwszym etapie uczniowie b\u0119d\u0105 wsp\u00f3lnie tworzy\u0107 opowiadania, natomiast w [&hellip;]","og_url":"https:\/\/www.24gliwice.pl\/wiadomosci\/literacki-konkurs-dla-dzieci-centrum-handlowego-forum-udzial-moga-wziac-cale-grupy-szkolne\/","og_site_name":"24GLIWICE - Portal Gliwice | codziennie nowe informacje","article_publisher":"https:\/\/www.facebook.com\/24gliwice","article_published_time":"2018-09-16T22:41:47+00:00","article_modified_time":"2018-09-17T00:43:05+00:00","og_image":[{"width":937,"height":527,"url":"https:\/\/www.24gliwice.pl\/wiadomosci\/wp-content\/uploads\/2018\/09\/szko\u0142a-forum-opowiadanie.jpg","type":"image\/jpeg"}],"author":"\u017baneta Mrozek-Siewierska","twitter_card":"summary_large_image","twitter_creator":"@24gliwice","twitter_site":"@24gliwice","twitter_misc":{"Napisane przez":"\u017baneta Mrozek-Siewierska","Szacowany czas czytania":"2 minuty"},"schema":{"@context":"https:\/\/schema.org","@graph":[{"@type":"Article","@id":"https:\/\/www.24gliwice.pl\/wiadomosci\/literacki-konkurs-dla-dzieci-centrum-handlowego-forum-udzial-moga-wziac-cale-grupy-szkolne\/#article","isPartOf":{"@id":"https:\/\/www.24gliwice.pl\/wiadomosci\/literacki-konkurs-dla-dzieci-centrum-handlowego-forum-udzial-moga-wziac-cale-grupy-szkolne\/"},"author":{"name":"\u017baneta Mrozek-Siewierska","@id":"https:\/\/www.24gliwice.pl\/wiadomosci\/#\/schema\/person\/e42c650edd7f2fa332be3811fb166b6e"},"headline":"Literacki konkurs dla dzieci centrum handlowego Forum. Udzia\u0142 mog\u0105 wzi\u0105\u0107 ca\u0142e grupy szkolne","datePublished":"2018-09-16T22:41:47+00:00","dateModified":"2018-09-17T00:43:05+00:00","mainEntityOfPage":{"@id":"https:\/\/www.24gliwice.pl\/wiadomosci\/literacki-konkurs-dla-dzieci-centrum-handlowego-forum-udzial-moga-wziac-cale-grupy-szkolne\/"},"wordCount":495,"publisher":{"@id":"https:\/\/www.24gliwice.pl\/wiadomosci\/#organization"},"image":{"@id":"https:\/\/www.24gliwice.pl\/wiadomosci\/literacki-konkurs-dla-dzieci-centrum-handlowego-forum-udzial-moga-wziac-cale-grupy-szkolne\/#primaryimage"},"thumbnailUrl":"https:\/\/www.24gliwice.pl\/wiadomosci\/wp-content\/uploads\/2018\/09\/szko\u0142a-forum-opowiadanie.jpg","keywords":["CENTRUM HANDLOWE","FORUM","KONKURS","nagrody"],"articleSection":["Gliwice","Najnowsze wiadomo\u015bci","Polecamy"],"inLanguage":"pl-PL"},{"@type":"WebPage","@id":"https:\/\/www.24gliwice.pl\/wiadomosci\/literacki-konkurs-dla-dzieci-centrum-handlowego-forum-udzial-moga-wziac-cale-grupy-szkolne\/","url":"https:\/\/www.24gliwice.pl\/wiadomosci\/literacki-konkurs-dla-dzieci-centrum-handlowego-forum-udzial-moga-wziac-cale-grupy-szkolne\/","name":"Literacki konkurs dla dzieci centrum handlowego Forum. Udzia\u0142 mog\u0105 wzi\u0105\u0107 ca\u0142e grupy szkolne - 24GLIWICE - Portal Gliwice | codziennie nowe informacje","isPartOf":{"@id":"https:\/\/www.24gliwice.pl\/wiadomosci\/#website"},"primaryImageOfPage":{"@id":"https:\/\/www.24gliwice.pl\/wiadomosci\/literacki-konkurs-dla-dzieci-centrum-handlowego-forum-udzial-moga-wziac-cale-grupy-szkolne\/#primaryimage"},"image":{"@id":"https:\/\/www.24gliwice.pl\/wiadomosci\/literacki-konkurs-dla-dzieci-centrum-handlowego-forum-udzial-moga-wziac-cale-grupy-szkolne\/#primaryimage"},"thumbnailUrl":"https:\/\/www.24gliwice.pl\/wiadomosci\/wp-content\/uploads\/2018\/09\/szko\u0142a-forum-opowiadanie.jpg","datePublished":"2018-09-16T22:41:47+00:00","dateModified":"2018-09-17T00:43:05+00:00","breadcrumb":{"@id":"https:\/\/www.24gliwice.pl\/wiadomosci\/literacki-konkurs-dla-dzieci-centrum-handlowego-forum-udzial-moga-wziac-cale-grupy-szkolne\/#breadcrumb"},"inLanguage":"pl-PL","potentialAction":[{"@type":"ReadAction","target":["https:\/\/www.24gliwice.pl\/wiadomosci\/literacki-konkurs-dla-dzieci-centrum-handlowego-forum-udzial-moga-wziac-cale-grupy-szkolne\/"]}]},{"@type":"ImageObject","inLanguage":"pl-PL","@id":"https:\/\/www.24gliwice.pl\/wiadomosci\/literacki-konkurs-dla-dzieci-centrum-handlowego-forum-udzial-moga-wziac-cale-grupy-szkolne\/#primaryimage","url":"https:\/\/www.24gliwice.pl\/wiadomosci\/wp-content\/uploads\/2018\/09\/szko\u0142a-forum-opowiadanie.jpg","contentUrl":"https:\/\/www.24gliwice.pl\/wiadomosci\/wp-content\/uploads\/2018\/09\/szko\u0142a-forum-opowiadanie.jpg","width":937,"height":527},{"@type":"BreadcrumbList","@id":"https:\/\/www.24gliwice.pl\/wiadomosci\/literacki-konkurs-dla-dzieci-centrum-handlowego-forum-udzial-moga-wziac-cale-grupy-szkolne\/#breadcrumb","itemListElement":[{"@type":"ListItem","position":1,"name":"Strona g\u0142\u00f3wna","item":"https:\/\/www.24gliwice.pl\/wiadomosci\/"},{"@type":"ListItem","position":2,"name":"Literacki konkurs dla dzieci centrum handlowego Forum. Udzia\u0142 mog\u0105 wzi\u0105\u0107 ca\u0142e grupy szkolne"}]},{"@type":"WebSite","@id":"https:\/\/www.24gliwice.pl\/wiadomosci\/#website","url":"https:\/\/www.24gliwice.pl\/wiadomosci\/","name":"24GLIWICE - Portal Gliwice | codziennie nowe wiadomo\u015bci","description":"Portal Miejski Gliwice","publisher":{"@id":"https:\/\/www.24gliwice.pl\/wiadomosci\/#organization"},"potentialAction":[{"@type":"SearchAction","target":{"@type":"EntryPoint","urlTemplate":"https:\/\/www.24gliwice.pl\/wiadomosci\/?s={search_term_string}"},"query-input":{"@type":"PropertyValueSpecification","valueRequired":true,"valueName":"search_term_string"}}],"inLanguage":"pl-PL"},{"@type":"Organization","@id":"https:\/\/www.24gliwice.pl\/wiadomosci\/#organization","name":"24gliwice","url":"https:\/\/www.24gliwice.pl\/wiadomosci\/","logo":{"@type":"ImageObject","inLanguage":"pl-PL","@id":"https:\/\/www.24gliwice.pl\/wiadomosci\/#\/schema\/logo\/image\/","url":"https:\/\/www.24gliwice.pl\/wiadomosci\/wp-content\/uploads\/2024\/10\/24gliwice-logo-696.jpg","contentUrl":"https:\/\/www.24gliwice.pl\/wiadomosci\/wp-content\/uploads\/2024\/10\/24gliwice-logo-696.jpg","width":696,"height":696,"caption":"24gliwice"},"image":{"@id":"https:\/\/www.24gliwice.pl\/wiadomosci\/#\/schema\/logo\/image\/"},"sameAs":["https:\/\/www.facebook.com\/24gliwice","https:\/\/x.com\/24gliwice","https:\/\/www.youtube.com\/@24gliwice"]},{"@type":"Person","@id":"https:\/\/www.24gliwice.pl\/wiadomosci\/#\/schema\/person\/e42c650edd7f2fa332be3811fb166b6e","name":"\u017baneta Mrozek-Siewierska","image":{"@type":"ImageObject","inLanguage":"pl-PL","@id":"https:\/\/secure.gravatar.com\/avatar\/1881429e9c64597c77ad7aef2d0a19be69a3253e57534d16aa15bf3a4d34a0a3?s=96&d=mm&r=g","url":"https:\/\/secure.gravatar.com\/avatar\/1881429e9c64597c77ad7aef2d0a19be69a3253e57534d16aa15bf3a4d34a0a3?s=96&d=mm&r=g","contentUrl":"https:\/\/secure.gravatar.com\/avatar\/1881429e9c64597c77ad7aef2d0a19be69a3253e57534d16aa15bf3a4d34a0a3?s=96&d=mm&r=g","caption":"\u017baneta Mrozek-Siewierska"},"url":"https:\/\/www.24gliwice.pl\/wiadomosci\/author\/zms\/"}]}},"_links":{"self":[{"href":"https:\/\/www.24gliwice.pl\/wiadomosci\/wp-json\/wp\/v2\/posts\/122850","targetHints":{"allow":["GET"]}}],"collection":[{"href":"https:\/\/www.24gliwice.pl\/wiadomosci\/wp-json\/wp\/v2\/posts"}],"about":[{"href":"https:\/\/www.24gliwice.pl\/wiadomosci\/wp-json\/wp\/v2\/types\/post"}],"author":[{"embeddable":true,"href":"https:\/\/www.24gliwice.pl\/wiadomosci\/wp-json\/wp\/v2\/users\/15"}],"replies":[{"embeddable":true,"href":"https:\/\/www.24gliwice.pl\/wiadomosci\/wp-json\/wp\/v2\/comments?post=122850"}],"version-history":[{"count":0,"href":"https:\/\/www.24gliwice.pl\/wiadomosci\/wp-json\/wp\/v2\/posts\/122850\/revisions"}],"wp:featuredmedia":[{"embeddable":true,"href":"https:\/\/www.24gliwice.pl\/wiadomosci\/wp-json\/wp\/v2\/media\/122854"}],"wp:attachment":[{"href":"https:\/\/www.24gliwice.pl\/wiadomosci\/wp-json\/wp\/v2\/media?parent=122850"}],"wp:term":[{"taxonomy":"category","embeddable":true,"href":"https:\/\/www.24gliwice.pl\/wiadomosci\/wp-json\/wp\/v2\/categories?post=122850"},{"taxonomy":"post_tag","embeddable":true,"href":"https:\/\/www.24gliwice.pl\/wiadomosci\/wp-json\/wp\/v2\/tags?post=122850"}],"curies":[{"name":"wp","href":"https:\/\/api.w.org\/{rel}","templated":true}]}}