{"id":122958,"date":"2018-09-18T02:08:58","date_gmt":"2018-09-18T00:08:58","guid":{"rendered":"https:\/\/www.24gliwice.pl\/wiadomosci\/?p=122958"},"modified":"2018-09-18T02:10:41","modified_gmt":"2018-09-18T00:10:41","slug":"duze-tesco-przy-ul-labedzkiej-rezygnuje-z-popularnej-uslugi-sklep-czeka-redukcja-zatrudnienia","status":"publish","type":"post","link":"https:\/\/www.24gliwice.pl\/wiadomosci\/duze-tesco-przy-ul-labedzkiej-rezygnuje-z-popularnej-uslugi-sklep-czeka-redukcja-zatrudnienia\/","title":{"rendered":"&#8220;Du\u017ce Tesco&#8221; przy ul. \u0141ab\u0119dzkiej rezygnuje z popularnej us\u0142ugi. Sklep czeka redukcja zatrudnienia"},"content":{"rendered":"<div class=\"gliwi-a6-nad-leadem-artykulow gliwi-entity-placement\" id=\"gliwi-4031278088\"><div class=\"gliwi-adlabel\"><span style=\"font-size: 9px\">REKLAMA<\/span><\/div><div id=\"gliwi-2619129623\" style=\"margin-bottom: 30px;margin-left: auto;margin-right: auto;text-align: center;\"><a data-no-instant=\"1\" href=\"https:\/\/przedszkole.halogen.org.pl\/\" rel=\"noopener\" class=\"a2t-link\" target=\"_blank\" aria-label=\"20260402-ANIMATOR-przedszkole_grafika_750x200\"><img loading=\"lazy\" decoding=\"async\" src=\"https:\/\/www.24gliwice.pl\/wiadomosci\/wp-content\/uploads\/2026\/04\/20260402-ANIMATOR-przedszkole_grafika_750x200.webp\" alt=\"\"  srcset=\"https:\/\/www.24gliwice.pl\/wiadomosci\/wp-content\/uploads\/2026\/04\/20260402-ANIMATOR-przedszkole_grafika_750x200.webp 750w, https:\/\/www.24gliwice.pl\/wiadomosci\/wp-content\/uploads\/2026\/04\/20260402-ANIMATOR-przedszkole_grafika_750x200-410x109.webp 410w\" sizes=\"(max-width: 750px) 100vw, 750px\" class=\"no-lazyload\" width=\"750\" height=\"200\"  style=\"display: inline-block; max-width: 100%; height: auto;\" \/><\/a><\/div><\/div><h3>To trudny czas dla pracownik\u00f3w Tesco w Gliwicach. W tym roku zdecydowano o zamkni\u0119ciu dw\u00f3ch sklep\u00f3w tej sieci w mie\u015bcie, a turbulencje dotkn\u0105 tak\u017ce najstarszy z nich, zlokalizowany przy ul. \u0141ab\u0119dzkiej. Firma w\u0142a\u015bnie zdecydowa\u0142a o zawieszeniu us\u0142ugi zakup\u00f3w internetowych.<\/h3>\n<p>&#8211; Rezygnacja z realizacji dostaw z hipermarketu przy \u0141ab\u0119dzkiej wi\u0105za\u0107 si\u0119 b\u0119dzie ze zmniejszeniem liczby stanowisk w sklepie, przy czym osobom, kt\u00f3rych stanowiska pracy s\u0105 likwidowane, b\u0119d\u0105 w miar\u0119 dost\u0119pno\u015bci wakat\u00f3w oferowane stanowiska w innych sklepach regionu \u2013 informuje nas biuro prasowe Tesco Polska. &#8211; Jeste\u015bmy w trakcie zdefiniowanego przepisami prawa procesu zwolnie\u0144, dlatego jeszcze jest zbyt wcze\u015bnie, by m\u00f3wi\u0107 o szczeg\u00f3\u0142ach dotycz\u0105cych alternatywnych stanowisk czy odpraw \u2013 dodaj\u0105 przedstawiciele firmy. <\/p>\n<p>E-zakupy znikn\u0105 z gliwickiego sklepu ju\u017c w pa\u017adzierniku. Firma argumentuje zmiany konieczno\u015bci\u0105 &#8220;koncentracji na lokalizacjach o najwi\u0119kszym potencjale rozwoju us\u0142ugi z punktu widzenia zainteresowania klient\u00f3w i sposobu funkcjonowania serwisu\u201d. <\/p><div class=\"gliwi-a3-w-tresci-artykulow gliwi-entity-placement\" id=\"gliwi-3613937574\"><div class=\"gliwi-adlabel\"><span style=\"font-size: 9px\">REKLAMA<\/span><\/div><div id=\"gliwi-961642031\" style=\"margin-bottom: 30px;margin-left: auto;margin-right: auto;text-align: center;\"><a data-no-instant=\"1\" href=\"https:\/\/ogrodyandersa.pl\/\" rel=\"noopener\" class=\"a2t-link\" target=\"_blank\" aria-label=\"20260415 Ogrody Andersa KUP TERAZ D\"><img loading=\"lazy\" decoding=\"async\" src=\"https:\/\/www.24gliwice.pl\/wiadomosci\/wp-content\/uploads\/2026\/04\/20260415-Ogrody-Andersa-KUP-TERAZ-D.jpg\" alt=\"\"  srcset=\"https:\/\/www.24gliwice.pl\/wiadomosci\/wp-content\/uploads\/2026\/04\/20260415-Ogrody-Andersa-KUP-TERAZ-D.jpg 750w, https:\/\/www.24gliwice.pl\/wiadomosci\/wp-content\/uploads\/2026\/04\/20260415-Ogrody-Andersa-KUP-TERAZ-D-410x109.jpg 410w\" sizes=\"(max-width: 750px) 100vw, 750px\" class=\"no-lazyload\" width=\"750\" height=\"200\"  style=\"display: inline-block; max-width: 100%; height: auto;\" \/><\/a><\/div><\/div>\n<p>Gliwice nie s\u0105 pierwszym miastem, z kt\u00f3rego wycofywana jest taka us\u0142uga. W ubieg\u0142ym roku zakupy internetowe znikn\u0119\u0142y z Cz\u0119stochowy, Kielc, \u0141odzi, Opola, Rybnika i Zielonej G\u00f3ry. Sklep zastrzega jednak, \u017ce pracuje nad tym, by dla mieszka\u0144c\u00f3w Gliwic E-zakupy by\u0142y nadal mo\u017cliwe. Realizacj\u0105 us\u0142ugi mia\u0142by zaj\u0105\u0107 si\u0119 w\u00f3wczas sklep z Rudy \u015al\u0105skiej. Scenariusz to jednak w\u0105tpliwy, bo w ostatnim okresie ceny dostawy na terenie Gliwic gwa\u0142townie ros\u0142y i trudno spodziewa\u0107 si\u0119 by dostarczanie produkt\u00f3w z innego miasta mog\u0142o by\u0107 op\u0142acalne, zar\u00f3wno dla firmy, jak i dla klienta. <\/p>\n<p><H4>&#8220;DU\u017bE TESCO&#8221; &#8211; R\u00d3WNIE\u017b ZAGRO\u017bONE?<\/H4><\/p>\n<p>Informacja o wycofaniu E-zakup\u00f3w z Gliwic tylko podsyci\u0142a emocje i wzmog\u0142a atmosfer\u0119 niepewno\u015bci w\u015br\u00f3d pracownik\u00f3w marketu przy ul. \u0141ab\u0119dzkiej. Jak si\u0119 nieoficjalnie dowiedzieli\u015bmy, w sklepie \u017cywa jest plotka, o ko\u0144cz\u0105cym si\u0119 za rok wynajmie powierzchni lokalowej przy ul. \u0141ab\u0119dzkiej przez Tesco Polska. Firma jednak kategorycznie zaprzecza.<\/p>\n<blockquote><p>&#8211; Jeste\u015bmy w\u0142a\u015bcicielami obiektu na zasadzie u\u017cytkowania wieczystego, wi\u0119c nie mo\u017cemy m\u00f3wi\u0107 tu o najmie. Umowa u\u017cytkowania wieczystego jest umow\u0105 d\u0142ugoterminow\u0105, obowi\u0105zuj\u0105ca jeszcze kolejnych kilkadziesi\u0105t lat. Nie wygasa zatem w przysz\u0142ym roku<\/p><\/blockquote>\n<p> \u2013 informuje biuro prasowe Tesco Polska. <\/p>\n<p><img loading=\"lazy\" decoding=\"async\" src=\"https:\/\/www.24gliwice.pl\/wiadomosci\/wp-content\/uploads\/2018\/09\/Tesco.jpg\" alt=\"\" width=\"1200\" height=\"803\" class=\"aligncenter size-full wp-image-122962\" srcset=\"https:\/\/www.24gliwice.pl\/wiadomosci\/wp-content\/uploads\/2018\/09\/Tesco.jpg 1200w, https:\/\/www.24gliwice.pl\/wiadomosci\/wp-content\/uploads\/2018\/09\/Tesco-347x232.jpg 347w, https:\/\/www.24gliwice.pl\/wiadomosci\/wp-content\/uploads\/2018\/09\/Tesco-768x514.jpg 768w, https:\/\/www.24gliwice.pl\/wiadomosci\/wp-content\/uploads\/2018\/09\/Tesco-680x455.jpg 680w, https:\/\/www.24gliwice.pl\/wiadomosci\/wp-content\/uploads\/2018\/09\/Tesco-810x542.jpg 810w, https:\/\/www.24gliwice.pl\/wiadomosci\/wp-content\/uploads\/2018\/09\/Tesco-1140x763.jpg 1140w\" sizes=\"auto, (max-width: 1200px) 100vw, 1200px\" \/><\/p>\n<p>Przypomnijmy, w sierpniu tego roku Tesco potwierdzi\u0142o plany likwidacji 13 przynosz\u0105cych straty sklep\u00f3w na terenie kraju. W\u015br\u00f3d nich znalaz\u0142 si\u0119 sklep przy ul. Wielickiej w Gliwicach. Wcze\u015bniej, w marcu tego roku zamkni\u0119to pawilon przy ul. Toszeckiej.<\/p>\n<p>\u2013 Decyzja o zamkni\u0119ciu sklepu nigdy nie jest \u0142atwa. Stale analizujemy model pracy i wyniki naszych sklep\u00f3w, by mie\u0107 pewno\u015b\u0107, i\u017c nasz biznes osi\u0105ga okre\u015blony pr\u00f3g rentowno\u015bci i spe\u0142nia oczekiwania klient\u00f3w. Tak dzia\u0142o si\u0119 przez ostatnie lata i b\u0119dzie dzia\u0107 si\u0119 nadal \u2013 likwidacja nierentownych sklep\u00f3w jest bowiem sta\u0142ym elementem proces\u00f3w biznesowych w firmie handlowej \u2013 wyja\u015bnia\u0142 w komunikacie prasowym <strong>Martin Behan<\/strong>, dyrektor zarz\u0105dzaj\u0105cy Tesco Polska.<\/p>\n<p>Szacuje si\u0119, \u017ce w zwi\u0105zku z planami likwidacji, prace w Tesco straci\u0107 mo\u017ce na terenie kraju ok. 2200 os\u00f3b. <\/p>\n<p>Micha\u0142 Szewczyk<\/p>\n<div class=\"gliwi-a5-na-koncu-artykulow gliwi-entity-placement\" id=\"gliwi-2096676336\"><div class=\"gliwi-adlabel\"><span style=\"font-size: 9px\">REKLAMA<\/span><\/div><div id=\"gliwi-2009771350\" style=\"margin-left: auto;margin-right: auto;text-align: center;\"><a data-no-instant=\"1\" href=\"https:\/\/prezeroarenagliwice.pl\/\" rel=\"noopener\" class=\"a2t-link\" target=\"_blank\" aria-label=\"20260309-PREZERO-WIOSNA-D\"><img loading=\"lazy\" decoding=\"async\" src=\"https:\/\/www.24gliwice.pl\/wiadomosci\/wp-content\/uploads\/2026\/03\/20260309-PREZERO-WIOSNA-D.webp\" alt=\"\"  srcset=\"https:\/\/www.24gliwice.pl\/wiadomosci\/wp-content\/uploads\/2026\/03\/20260309-PREZERO-WIOSNA-D.webp 750w, https:\/\/www.24gliwice.pl\/wiadomosci\/wp-content\/uploads\/2026\/03\/20260309-PREZERO-WIOSNA-D-410x109.webp 410w\" sizes=\"(max-width: 750px) 100vw, 750px\" class=\"no-lazyload\" width=\"750\" height=\"200\"  style=\"display: inline-block; max-width: 100%; height: auto;\" \/><\/a><\/div><\/div>","protected":false},"excerpt":{"rendered":"<p>To trudny czas dla pracownik\u00f3w Tesco w Gliwicach. W tym roku zdecydowano o zamkni\u0119ciu dw\u00f3ch sklep\u00f3w tej sieci w mie\u015bcie, a turbulencje dotkn\u0105 tak\u017ce najstarszy z nich, zlokalizowany przy ul. \u0141ab\u0119dzkiej. Firma w\u0142a\u015bnie zdecydowa\u0142a o zawieszeniu us\u0142ugi zakup\u00f3w internetowych. &#8211; Rezygnacja z realizacji dostaw z hipermarketu przy \u0141ab\u0119dzkiej wi\u0105za\u0107 si\u0119 b\u0119dzie ze zmniejszeniem liczby stanowisk [&hellip;]<\/p>\n","protected":false},"author":12,"featured_media":122971,"comment_status":"open","ping_status":"closed","sticky":false,"template":"","format":"standard","meta":{"_monsterinsights_skip_tracking":false,"_monsterinsights_sitenote_active":false,"_monsterinsights_sitenote_note":"","_monsterinsights_sitenote_category":0,"footnotes":"","_links_to":"","_links_to_target":""},"categories":[3,1,9],"tags":[13370,1650],"class_list":["post-122958","post","type-post","status-publish","format-standard","has-post-thumbnail","hentry","category-gliwice","category-wszystko","category-aktualnosci_lokalne","tag-likwidacja-tesco","tag-tesco-labedzka"],"yoast_head":"<!-- This site is optimized with the Yoast SEO plugin v27.5 - https:\/\/yoast.com\/product\/yoast-seo-wordpress\/ -->\n<title>&quot;Du\u017ce Tesco&quot; przy ul. \u0141ab\u0119dzkiej rezygnuje z popularnej us\u0142ugi. Sklep czeka redukcja zatrudnienia - 24GLIWICE - Portal Gliwice | codziennie nowe informacje<\/title>\n<meta name=\"robots\" content=\"index, follow, max-snippet:-1, max-image-preview:large, max-video-preview:-1\" \/>\n<link rel=\"canonical\" href=\"https:\/\/www.24gliwice.pl\/wiadomosci\/duze-tesco-przy-ul-labedzkiej-rezygnuje-z-popularnej-uslugi-sklep-czeka-redukcja-zatrudnienia\/\" \/>\n<meta property=\"og:locale\" content=\"pl_PL\" \/>\n<meta property=\"og:type\" content=\"article\" \/>\n<meta property=\"og:title\" content=\"&quot;Du\u017ce Tesco&quot; przy ul. \u0141ab\u0119dzkiej rezygnuje z popularnej us\u0142ugi. Sklep czeka redukcja zatrudnienia - 24GLIWICE - Portal Gliwice | codziennie nowe informacje\" \/>\n<meta property=\"og:description\" content=\"To trudny czas dla pracownik\u00f3w Tesco w Gliwicach. W tym roku zdecydowano o zamkni\u0119ciu dw\u00f3ch sklep\u00f3w tej sieci w mie\u015bcie, a turbulencje dotkn\u0105 tak\u017ce najstarszy z nich, zlokalizowany przy ul. \u0141ab\u0119dzkiej. Firma w\u0142a\u015bnie zdecydowa\u0142a o zawieszeniu us\u0142ugi zakup\u00f3w internetowych. &#8211; Rezygnacja z realizacji dostaw z hipermarketu przy \u0141ab\u0119dzkiej wi\u0105za\u0107 si\u0119 b\u0119dzie ze zmniejszeniem liczby stanowisk [&hellip;]\" \/>\n<meta property=\"og:url\" content=\"https:\/\/www.24gliwice.pl\/wiadomosci\/duze-tesco-przy-ul-labedzkiej-rezygnuje-z-popularnej-uslugi-sklep-czeka-redukcja-zatrudnienia\/\" \/>\n<meta property=\"og:site_name\" content=\"24GLIWICE - Portal Gliwice | codziennie nowe informacje\" \/>\n<meta property=\"article:publisher\" content=\"https:\/\/www.facebook.com\/24gliwice\" \/>\n<meta property=\"article:published_time\" content=\"2018-09-18T00:08:58+00:00\" \/>\n<meta property=\"article:modified_time\" content=\"2018-09-18T00:10:41+00:00\" \/>\n<meta property=\"og:image\" content=\"https:\/\/www.24gliwice.pl\/wiadomosci\/wp-content\/uploads\/2018\/09\/1-tesco.jpg\" \/>\n\t<meta property=\"og:image:width\" content=\"810\" \/>\n\t<meta property=\"og:image:height\" content=\"456\" \/>\n\t<meta property=\"og:image:type\" content=\"image\/jpeg\" \/>\n<meta name=\"author\" content=\"Micha\u0142 Szewczyk\" \/>\n<meta name=\"twitter:card\" content=\"summary_large_image\" \/>\n<meta name=\"twitter:creator\" content=\"@24gliwice\" \/>\n<meta name=\"twitter:site\" content=\"@24gliwice\" \/>\n<meta name=\"twitter:label1\" content=\"Napisane przez\" \/>\n\t<meta name=\"twitter:data1\" content=\"Micha\u0142 Szewczyk\" \/>\n\t<meta name=\"twitter:label2\" content=\"Szacowany czas czytania\" \/>\n\t<meta name=\"twitter:data2\" content=\"3 minuty\" \/>\n<script type=\"application\/ld+json\" class=\"yoast-schema-graph\">{\"@context\":\"https:\\\/\\\/schema.org\",\"@graph\":[{\"@type\":\"Article\",\"@id\":\"https:\\\/\\\/www.24gliwice.pl\\\/wiadomosci\\\/duze-tesco-przy-ul-labedzkiej-rezygnuje-z-popularnej-uslugi-sklep-czeka-redukcja-zatrudnienia\\\/#article\",\"isPartOf\":{\"@id\":\"https:\\\/\\\/www.24gliwice.pl\\\/wiadomosci\\\/duze-tesco-przy-ul-labedzkiej-rezygnuje-z-popularnej-uslugi-sklep-czeka-redukcja-zatrudnienia\\\/\"},\"author\":{\"name\":\"Micha\u0142 Szewczyk\",\"@id\":\"https:\\\/\\\/www.24gliwice.pl\\\/wiadomosci\\\/#\\\/schema\\\/person\\\/940e8f8a097e322de4f463f061ef8d45\"},\"headline\":\"&#8220;Du\u017ce Tesco&#8221; przy ul. \u0141ab\u0119dzkiej rezygnuje z popularnej us\u0142ugi. Sklep czeka redukcja zatrudnienia\",\"datePublished\":\"2018-09-18T00:08:58+00:00\",\"dateModified\":\"2018-09-18T00:10:41+00:00\",\"mainEntityOfPage\":{\"@id\":\"https:\\\/\\\/www.24gliwice.pl\\\/wiadomosci\\\/duze-tesco-przy-ul-labedzkiej-rezygnuje-z-popularnej-uslugi-sklep-czeka-redukcja-zatrudnienia\\\/\"},\"wordCount\":550,\"commentCount\":0,\"publisher\":{\"@id\":\"https:\\\/\\\/www.24gliwice.pl\\\/wiadomosci\\\/#organization\"},\"image\":{\"@id\":\"https:\\\/\\\/www.24gliwice.pl\\\/wiadomosci\\\/duze-tesco-przy-ul-labedzkiej-rezygnuje-z-popularnej-uslugi-sklep-czeka-redukcja-zatrudnienia\\\/#primaryimage\"},\"thumbnailUrl\":\"https:\\\/\\\/www.24gliwice.pl\\\/wiadomosci\\\/wp-content\\\/uploads\\\/2018\\\/09\\\/1-tesco.jpg\",\"keywords\":[\"likwidacja tesco\",\"TESCO \u0141AB\u0118DZKA\"],\"articleSection\":[\"Gliwice\",\"Najnowsze wiadomo\u015bci\",\"Portal Gliwice - Wiadomo\u015bci lokalne\"],\"inLanguage\":\"pl-PL\",\"potentialAction\":[{\"@type\":\"CommentAction\",\"name\":\"Comment\",\"target\":[\"https:\\\/\\\/www.24gliwice.pl\\\/wiadomosci\\\/duze-tesco-przy-ul-labedzkiej-rezygnuje-z-popularnej-uslugi-sklep-czeka-redukcja-zatrudnienia\\\/#respond\"]}]},{\"@type\":\"WebPage\",\"@id\":\"https:\\\/\\\/www.24gliwice.pl\\\/wiadomosci\\\/duze-tesco-przy-ul-labedzkiej-rezygnuje-z-popularnej-uslugi-sklep-czeka-redukcja-zatrudnienia\\\/\",\"url\":\"https:\\\/\\\/www.24gliwice.pl\\\/wiadomosci\\\/duze-tesco-przy-ul-labedzkiej-rezygnuje-z-popularnej-uslugi-sklep-czeka-redukcja-zatrudnienia\\\/\",\"name\":\"\\\"Du\u017ce Tesco\\\" przy ul. \u0141ab\u0119dzkiej rezygnuje z popularnej us\u0142ugi. Sklep czeka redukcja zatrudnienia - 24GLIWICE - Portal Gliwice | codziennie nowe informacje\",\"isPartOf\":{\"@id\":\"https:\\\/\\\/www.24gliwice.pl\\\/wiadomosci\\\/#website\"},\"primaryImageOfPage\":{\"@id\":\"https:\\\/\\\/www.24gliwice.pl\\\/wiadomosci\\\/duze-tesco-przy-ul-labedzkiej-rezygnuje-z-popularnej-uslugi-sklep-czeka-redukcja-zatrudnienia\\\/#primaryimage\"},\"image\":{\"@id\":\"https:\\\/\\\/www.24gliwice.pl\\\/wiadomosci\\\/duze-tesco-przy-ul-labedzkiej-rezygnuje-z-popularnej-uslugi-sklep-czeka-redukcja-zatrudnienia\\\/#primaryimage\"},\"thumbnailUrl\":\"https:\\\/\\\/www.24gliwice.pl\\\/wiadomosci\\\/wp-content\\\/uploads\\\/2018\\\/09\\\/1-tesco.jpg\",\"datePublished\":\"2018-09-18T00:08:58+00:00\",\"dateModified\":\"2018-09-18T00:10:41+00:00\",\"breadcrumb\":{\"@id\":\"https:\\\/\\\/www.24gliwice.pl\\\/wiadomosci\\\/duze-tesco-przy-ul-labedzkiej-rezygnuje-z-popularnej-uslugi-sklep-czeka-redukcja-zatrudnienia\\\/#breadcrumb\"},\"inLanguage\":\"pl-PL\",\"potentialAction\":[{\"@type\":\"ReadAction\",\"target\":[\"https:\\\/\\\/www.24gliwice.pl\\\/wiadomosci\\\/duze-tesco-przy-ul-labedzkiej-rezygnuje-z-popularnej-uslugi-sklep-czeka-redukcja-zatrudnienia\\\/\"]}]},{\"@type\":\"ImageObject\",\"inLanguage\":\"pl-PL\",\"@id\":\"https:\\\/\\\/www.24gliwice.pl\\\/wiadomosci\\\/duze-tesco-przy-ul-labedzkiej-rezygnuje-z-popularnej-uslugi-sklep-czeka-redukcja-zatrudnienia\\\/#primaryimage\",\"url\":\"https:\\\/\\\/www.24gliwice.pl\\\/wiadomosci\\\/wp-content\\\/uploads\\\/2018\\\/09\\\/1-tesco.jpg\",\"contentUrl\":\"https:\\\/\\\/www.24gliwice.pl\\\/wiadomosci\\\/wp-content\\\/uploads\\\/2018\\\/09\\\/1-tesco.jpg\",\"width\":810,\"height\":456},{\"@type\":\"BreadcrumbList\",\"@id\":\"https:\\\/\\\/www.24gliwice.pl\\\/wiadomosci\\\/duze-tesco-przy-ul-labedzkiej-rezygnuje-z-popularnej-uslugi-sklep-czeka-redukcja-zatrudnienia\\\/#breadcrumb\",\"itemListElement\":[{\"@type\":\"ListItem\",\"position\":1,\"name\":\"Strona g\u0142\u00f3wna\",\"item\":\"https:\\\/\\\/www.24gliwice.pl\\\/wiadomosci\\\/\"},{\"@type\":\"ListItem\",\"position\":2,\"name\":\"&#8222;Du\u017ce Tesco&#8221; przy ul. \u0141ab\u0119dzkiej rezygnuje z popularnej us\u0142ugi. Sklep czeka redukcja zatrudnienia\"}]},{\"@type\":\"WebSite\",\"@id\":\"https:\\\/\\\/www.24gliwice.pl\\\/wiadomosci\\\/#website\",\"url\":\"https:\\\/\\\/www.24gliwice.pl\\\/wiadomosci\\\/\",\"name\":\"24GLIWICE - Portal Gliwice | codziennie nowe wiadomo\u015bci\",\"description\":\"Portal Miejski Gliwice\",\"publisher\":{\"@id\":\"https:\\\/\\\/www.24gliwice.pl\\\/wiadomosci\\\/#organization\"},\"potentialAction\":[{\"@type\":\"SearchAction\",\"target\":{\"@type\":\"EntryPoint\",\"urlTemplate\":\"https:\\\/\\\/www.24gliwice.pl\\\/wiadomosci\\\/?s={search_term_string}\"},\"query-input\":{\"@type\":\"PropertyValueSpecification\",\"valueRequired\":true,\"valueName\":\"search_term_string\"}}],\"inLanguage\":\"pl-PL\"},{\"@type\":\"Organization\",\"@id\":\"https:\\\/\\\/www.24gliwice.pl\\\/wiadomosci\\\/#organization\",\"name\":\"24gliwice\",\"url\":\"https:\\\/\\\/www.24gliwice.pl\\\/wiadomosci\\\/\",\"logo\":{\"@type\":\"ImageObject\",\"inLanguage\":\"pl-PL\",\"@id\":\"https:\\\/\\\/www.24gliwice.pl\\\/wiadomosci\\\/#\\\/schema\\\/logo\\\/image\\\/\",\"url\":\"https:\\\/\\\/www.24gliwice.pl\\\/wiadomosci\\\/wp-content\\\/uploads\\\/2024\\\/10\\\/24gliwice-logo-696.jpg\",\"contentUrl\":\"https:\\\/\\\/www.24gliwice.pl\\\/wiadomosci\\\/wp-content\\\/uploads\\\/2024\\\/10\\\/24gliwice-logo-696.jpg\",\"width\":696,\"height\":696,\"caption\":\"24gliwice\"},\"image\":{\"@id\":\"https:\\\/\\\/www.24gliwice.pl\\\/wiadomosci\\\/#\\\/schema\\\/logo\\\/image\\\/\"},\"sameAs\":[\"https:\\\/\\\/www.facebook.com\\\/24gliwice\",\"https:\\\/\\\/x.com\\\/24gliwice\",\"https:\\\/\\\/www.youtube.com\\\/@24gliwice\"]},{\"@type\":\"Person\",\"@id\":\"https:\\\/\\\/www.24gliwice.pl\\\/wiadomosci\\\/#\\\/schema\\\/person\\\/940e8f8a097e322de4f463f061ef8d45\",\"name\":\"Micha\u0142 Szewczyk\",\"image\":{\"@type\":\"ImageObject\",\"inLanguage\":\"pl-PL\",\"@id\":\"https:\\\/\\\/secure.gravatar.com\\\/avatar\\\/771b8b6c74cd8d255e46392d605e01a86133900ef09b6ef3c8d451c9d92288cf?s=96&d=mm&r=g\",\"url\":\"https:\\\/\\\/secure.gravatar.com\\\/avatar\\\/771b8b6c74cd8d255e46392d605e01a86133900ef09b6ef3c8d451c9d92288cf?s=96&d=mm&r=g\",\"contentUrl\":\"https:\\\/\\\/secure.gravatar.com\\\/avatar\\\/771b8b6c74cd8d255e46392d605e01a86133900ef09b6ef3c8d451c9d92288cf?s=96&d=mm&r=g\",\"caption\":\"Micha\u0142 Szewczyk\"},\"sameAs\":[\"http:\\\/\\\/www.gazeta-miejska.pl\"],\"url\":\"https:\\\/\\\/www.24gliwice.pl\\\/wiadomosci\\\/author\\\/michal-szewczyk\\\/\"}]}<\/script>\n<!-- \/ Yoast SEO plugin. -->","yoast_head_json":{"title":"\"Du\u017ce Tesco\" przy ul. \u0141ab\u0119dzkiej rezygnuje z popularnej us\u0142ugi. Sklep czeka redukcja zatrudnienia - 24GLIWICE - Portal Gliwice | codziennie nowe informacje","robots":{"index":"index","follow":"follow","max-snippet":"max-snippet:-1","max-image-preview":"max-image-preview:large","max-video-preview":"max-video-preview:-1"},"canonical":"https:\/\/www.24gliwice.pl\/wiadomosci\/duze-tesco-przy-ul-labedzkiej-rezygnuje-z-popularnej-uslugi-sklep-czeka-redukcja-zatrudnienia\/","og_locale":"pl_PL","og_type":"article","og_title":"\"Du\u017ce Tesco\" przy ul. \u0141ab\u0119dzkiej rezygnuje z popularnej us\u0142ugi. Sklep czeka redukcja zatrudnienia - 24GLIWICE - Portal Gliwice | codziennie nowe informacje","og_description":"To trudny czas dla pracownik\u00f3w Tesco w Gliwicach. W tym roku zdecydowano o zamkni\u0119ciu dw\u00f3ch sklep\u00f3w tej sieci w mie\u015bcie, a turbulencje dotkn\u0105 tak\u017ce najstarszy z nich, zlokalizowany przy ul. \u0141ab\u0119dzkiej. Firma w\u0142a\u015bnie zdecydowa\u0142a o zawieszeniu us\u0142ugi zakup\u00f3w internetowych. &#8211; Rezygnacja z realizacji dostaw z hipermarketu przy \u0141ab\u0119dzkiej wi\u0105za\u0107 si\u0119 b\u0119dzie ze zmniejszeniem liczby stanowisk [&hellip;]","og_url":"https:\/\/www.24gliwice.pl\/wiadomosci\/duze-tesco-przy-ul-labedzkiej-rezygnuje-z-popularnej-uslugi-sklep-czeka-redukcja-zatrudnienia\/","og_site_name":"24GLIWICE - Portal Gliwice | codziennie nowe informacje","article_publisher":"https:\/\/www.facebook.com\/24gliwice","article_published_time":"2018-09-18T00:08:58+00:00","article_modified_time":"2018-09-18T00:10:41+00:00","og_image":[{"width":810,"height":456,"url":"https:\/\/www.24gliwice.pl\/wiadomosci\/wp-content\/uploads\/2018\/09\/1-tesco.jpg","type":"image\/jpeg"}],"author":"Micha\u0142 Szewczyk","twitter_card":"summary_large_image","twitter_creator":"@24gliwice","twitter_site":"@24gliwice","twitter_misc":{"Napisane przez":"Micha\u0142 Szewczyk","Szacowany czas czytania":"3 minuty"},"schema":{"@context":"https:\/\/schema.org","@graph":[{"@type":"Article","@id":"https:\/\/www.24gliwice.pl\/wiadomosci\/duze-tesco-przy-ul-labedzkiej-rezygnuje-z-popularnej-uslugi-sklep-czeka-redukcja-zatrudnienia\/#article","isPartOf":{"@id":"https:\/\/www.24gliwice.pl\/wiadomosci\/duze-tesco-przy-ul-labedzkiej-rezygnuje-z-popularnej-uslugi-sklep-czeka-redukcja-zatrudnienia\/"},"author":{"name":"Micha\u0142 Szewczyk","@id":"https:\/\/www.24gliwice.pl\/wiadomosci\/#\/schema\/person\/940e8f8a097e322de4f463f061ef8d45"},"headline":"&#8220;Du\u017ce Tesco&#8221; przy ul. \u0141ab\u0119dzkiej rezygnuje z popularnej us\u0142ugi. Sklep czeka redukcja zatrudnienia","datePublished":"2018-09-18T00:08:58+00:00","dateModified":"2018-09-18T00:10:41+00:00","mainEntityOfPage":{"@id":"https:\/\/www.24gliwice.pl\/wiadomosci\/duze-tesco-przy-ul-labedzkiej-rezygnuje-z-popularnej-uslugi-sklep-czeka-redukcja-zatrudnienia\/"},"wordCount":550,"commentCount":0,"publisher":{"@id":"https:\/\/www.24gliwice.pl\/wiadomosci\/#organization"},"image":{"@id":"https:\/\/www.24gliwice.pl\/wiadomosci\/duze-tesco-przy-ul-labedzkiej-rezygnuje-z-popularnej-uslugi-sklep-czeka-redukcja-zatrudnienia\/#primaryimage"},"thumbnailUrl":"https:\/\/www.24gliwice.pl\/wiadomosci\/wp-content\/uploads\/2018\/09\/1-tesco.jpg","keywords":["likwidacja tesco","TESCO \u0141AB\u0118DZKA"],"articleSection":["Gliwice","Najnowsze wiadomo\u015bci","Portal Gliwice - Wiadomo\u015bci lokalne"],"inLanguage":"pl-PL","potentialAction":[{"@type":"CommentAction","name":"Comment","target":["https:\/\/www.24gliwice.pl\/wiadomosci\/duze-tesco-przy-ul-labedzkiej-rezygnuje-z-popularnej-uslugi-sklep-czeka-redukcja-zatrudnienia\/#respond"]}]},{"@type":"WebPage","@id":"https:\/\/www.24gliwice.pl\/wiadomosci\/duze-tesco-przy-ul-labedzkiej-rezygnuje-z-popularnej-uslugi-sklep-czeka-redukcja-zatrudnienia\/","url":"https:\/\/www.24gliwice.pl\/wiadomosci\/duze-tesco-przy-ul-labedzkiej-rezygnuje-z-popularnej-uslugi-sklep-czeka-redukcja-zatrudnienia\/","name":"\"Du\u017ce Tesco\" przy ul. \u0141ab\u0119dzkiej rezygnuje z popularnej us\u0142ugi. Sklep czeka redukcja zatrudnienia - 24GLIWICE - Portal Gliwice | codziennie nowe informacje","isPartOf":{"@id":"https:\/\/www.24gliwice.pl\/wiadomosci\/#website"},"primaryImageOfPage":{"@id":"https:\/\/www.24gliwice.pl\/wiadomosci\/duze-tesco-przy-ul-labedzkiej-rezygnuje-z-popularnej-uslugi-sklep-czeka-redukcja-zatrudnienia\/#primaryimage"},"image":{"@id":"https:\/\/www.24gliwice.pl\/wiadomosci\/duze-tesco-przy-ul-labedzkiej-rezygnuje-z-popularnej-uslugi-sklep-czeka-redukcja-zatrudnienia\/#primaryimage"},"thumbnailUrl":"https:\/\/www.24gliwice.pl\/wiadomosci\/wp-content\/uploads\/2018\/09\/1-tesco.jpg","datePublished":"2018-09-18T00:08:58+00:00","dateModified":"2018-09-18T00:10:41+00:00","breadcrumb":{"@id":"https:\/\/www.24gliwice.pl\/wiadomosci\/duze-tesco-przy-ul-labedzkiej-rezygnuje-z-popularnej-uslugi-sklep-czeka-redukcja-zatrudnienia\/#breadcrumb"},"inLanguage":"pl-PL","potentialAction":[{"@type":"ReadAction","target":["https:\/\/www.24gliwice.pl\/wiadomosci\/duze-tesco-przy-ul-labedzkiej-rezygnuje-z-popularnej-uslugi-sklep-czeka-redukcja-zatrudnienia\/"]}]},{"@type":"ImageObject","inLanguage":"pl-PL","@id":"https:\/\/www.24gliwice.pl\/wiadomosci\/duze-tesco-przy-ul-labedzkiej-rezygnuje-z-popularnej-uslugi-sklep-czeka-redukcja-zatrudnienia\/#primaryimage","url":"https:\/\/www.24gliwice.pl\/wiadomosci\/wp-content\/uploads\/2018\/09\/1-tesco.jpg","contentUrl":"https:\/\/www.24gliwice.pl\/wiadomosci\/wp-content\/uploads\/2018\/09\/1-tesco.jpg","width":810,"height":456},{"@type":"BreadcrumbList","@id":"https:\/\/www.24gliwice.pl\/wiadomosci\/duze-tesco-przy-ul-labedzkiej-rezygnuje-z-popularnej-uslugi-sklep-czeka-redukcja-zatrudnienia\/#breadcrumb","itemListElement":[{"@type":"ListItem","position":1,"name":"Strona g\u0142\u00f3wna","item":"https:\/\/www.24gliwice.pl\/wiadomosci\/"},{"@type":"ListItem","position":2,"name":"&#8222;Du\u017ce Tesco&#8221; przy ul. \u0141ab\u0119dzkiej rezygnuje z popularnej us\u0142ugi. Sklep czeka redukcja zatrudnienia"}]},{"@type":"WebSite","@id":"https:\/\/www.24gliwice.pl\/wiadomosci\/#website","url":"https:\/\/www.24gliwice.pl\/wiadomosci\/","name":"24GLIWICE - Portal Gliwice | codziennie nowe wiadomo\u015bci","description":"Portal Miejski Gliwice","publisher":{"@id":"https:\/\/www.24gliwice.pl\/wiadomosci\/#organization"},"potentialAction":[{"@type":"SearchAction","target":{"@type":"EntryPoint","urlTemplate":"https:\/\/www.24gliwice.pl\/wiadomosci\/?s={search_term_string}"},"query-input":{"@type":"PropertyValueSpecification","valueRequired":true,"valueName":"search_term_string"}}],"inLanguage":"pl-PL"},{"@type":"Organization","@id":"https:\/\/www.24gliwice.pl\/wiadomosci\/#organization","name":"24gliwice","url":"https:\/\/www.24gliwice.pl\/wiadomosci\/","logo":{"@type":"ImageObject","inLanguage":"pl-PL","@id":"https:\/\/www.24gliwice.pl\/wiadomosci\/#\/schema\/logo\/image\/","url":"https:\/\/www.24gliwice.pl\/wiadomosci\/wp-content\/uploads\/2024\/10\/24gliwice-logo-696.jpg","contentUrl":"https:\/\/www.24gliwice.pl\/wiadomosci\/wp-content\/uploads\/2024\/10\/24gliwice-logo-696.jpg","width":696,"height":696,"caption":"24gliwice"},"image":{"@id":"https:\/\/www.24gliwice.pl\/wiadomosci\/#\/schema\/logo\/image\/"},"sameAs":["https:\/\/www.facebook.com\/24gliwice","https:\/\/x.com\/24gliwice","https:\/\/www.youtube.com\/@24gliwice"]},{"@type":"Person","@id":"https:\/\/www.24gliwice.pl\/wiadomosci\/#\/schema\/person\/940e8f8a097e322de4f463f061ef8d45","name":"Micha\u0142 Szewczyk","image":{"@type":"ImageObject","inLanguage":"pl-PL","@id":"https:\/\/secure.gravatar.com\/avatar\/771b8b6c74cd8d255e46392d605e01a86133900ef09b6ef3c8d451c9d92288cf?s=96&d=mm&r=g","url":"https:\/\/secure.gravatar.com\/avatar\/771b8b6c74cd8d255e46392d605e01a86133900ef09b6ef3c8d451c9d92288cf?s=96&d=mm&r=g","contentUrl":"https:\/\/secure.gravatar.com\/avatar\/771b8b6c74cd8d255e46392d605e01a86133900ef09b6ef3c8d451c9d92288cf?s=96&d=mm&r=g","caption":"Micha\u0142 Szewczyk"},"sameAs":["http:\/\/www.gazeta-miejska.pl"],"url":"https:\/\/www.24gliwice.pl\/wiadomosci\/author\/michal-szewczyk\/"}]}},"_links":{"self":[{"href":"https:\/\/www.24gliwice.pl\/wiadomosci\/wp-json\/wp\/v2\/posts\/122958","targetHints":{"allow":["GET"]}}],"collection":[{"href":"https:\/\/www.24gliwice.pl\/wiadomosci\/wp-json\/wp\/v2\/posts"}],"about":[{"href":"https:\/\/www.24gliwice.pl\/wiadomosci\/wp-json\/wp\/v2\/types\/post"}],"author":[{"embeddable":true,"href":"https:\/\/www.24gliwice.pl\/wiadomosci\/wp-json\/wp\/v2\/users\/12"}],"replies":[{"embeddable":true,"href":"https:\/\/www.24gliwice.pl\/wiadomosci\/wp-json\/wp\/v2\/comments?post=122958"}],"version-history":[{"count":0,"href":"https:\/\/www.24gliwice.pl\/wiadomosci\/wp-json\/wp\/v2\/posts\/122958\/revisions"}],"wp:featuredmedia":[{"embeddable":true,"href":"https:\/\/www.24gliwice.pl\/wiadomosci\/wp-json\/wp\/v2\/media\/122971"}],"wp:attachment":[{"href":"https:\/\/www.24gliwice.pl\/wiadomosci\/wp-json\/wp\/v2\/media?parent=122958"}],"wp:term":[{"taxonomy":"category","embeddable":true,"href":"https:\/\/www.24gliwice.pl\/wiadomosci\/wp-json\/wp\/v2\/categories?post=122958"},{"taxonomy":"post_tag","embeddable":true,"href":"https:\/\/www.24gliwice.pl\/wiadomosci\/wp-json\/wp\/v2\/tags?post=122958"}],"curies":[{"name":"wp","href":"https:\/\/api.w.org\/{rel}","templated":true}]}}