{"id":123194,"date":"2018-09-22T02:17:58","date_gmt":"2018-09-22T00:17:58","guid":{"rendered":"https:\/\/www.24gliwice.pl\/wiadomosci\/?p=123194"},"modified":"2018-09-22T02:17:58","modified_gmt":"2018-09-22T00:17:58","slug":"co-z-obiecanym-pumptrackiem-przy-ul-akademickiej-mzuk-uspokaja-wszystko-zgodnie-z-planem","status":"publish","type":"post","link":"https:\/\/www.24gliwice.pl\/wiadomosci\/co-z-obiecanym-pumptrackiem-przy-ul-akademickiej-mzuk-uspokaja-wszystko-zgodnie-z-planem\/","title":{"rendered":"Co z obiecanym pumptrackiem przy ul. Akademickiej? MZUK uspokaja: wszystko zgodnie z planem"},"content":{"rendered":"<div class=\"gliwi-a6-nad-leadem-artykulow gliwi-entity-placement\" id=\"gliwi-2824888321\"><div class=\"gliwi-adlabel\"><span style=\"font-size: 9px\">REKLAMA<\/span><\/div><div id=\"gliwi-1283004002\" style=\"margin-bottom: 25px;margin-left: auto;margin-right: auto;text-align: center;\"><a data-no-instant=\"1\" href=\"https:\/\/dom100.eu\/\" rel=\"noopener\" class=\"a2t-link\" target=\"_blank\" aria-label=\"20260415 DOM100 D\"><img loading=\"lazy\" decoding=\"async\" src=\"https:\/\/www.24gliwice.pl\/wiadomosci\/wp-content\/uploads\/2026\/04\/20260415-DOM100-D.jpg\" alt=\"\"  srcset=\"https:\/\/www.24gliwice.pl\/wiadomosci\/wp-content\/uploads\/2026\/04\/20260415-DOM100-D.jpg 750w, https:\/\/www.24gliwice.pl\/wiadomosci\/wp-content\/uploads\/2026\/04\/20260415-DOM100-D-410x109.jpg 410w\" sizes=\"(max-width: 750px) 100vw, 750px\" class=\"no-lazyload\" width=\"750\" height=\"200\"  style=\"display: inline-block; max-width: 100%; height: auto;\" \/><\/a><\/div><\/div><h3>Minimum 100 metr\u00f3w d\u0142ugo\u015bci &#8211; tyle ma mie\u0107 tor rowerowy, kt\u00f3ry wybudowany zostanie obok lodowiska przy ulicy Akademickiej. Chocia\u017c uko\u0144czenie jego budowy zaplanowano na koniec listopada, w miejscu, gdzie ma powsta\u0107 nadal nic si\u0119 nie dzieje.<\/h3>\n<p><a href=\"https:\/\/www.24gliwice.pl\/wiadomosci\/przetarg-na-pumptrack-ogloszony-tuz-przy-lodowisku-powstanie-tor-dla-rowerzystow-i-rolkarzy\/\">Wykonawca tej inwestycji zosta\u0142 wy\u0142oniony w przetargu.<\/a> Nie by\u0142o \u0142atwo. Pierwsze post\u0119powanie uniewa\u017cniono, poniewa\u017c nikt nie z\u0142o\u017cy\u0142 oferty. Dopiero za drugim podej\u015bciem do konkursu zg\u0142osi\u0142a si\u0119 firma Velo Projekt z Bia\u0142egostoku.<\/p>\n[perfectpullquote align=&#8221;full&#8221; bordertop=&#8221;false&#8221; cite=&#8221;&#8221; link=&#8221;&#8221; color=&#8221;&#8221; class=&#8221;&#8221; size=&#8221;&#8221;]By\u0142a to jedyna oferta. Za kwot\u0119 170 tysi\u0119cy z\u0142otych obok parkingu przy lodowisku wybudowany zostanie tor rowerowy.[\/perfectpullquote]\n<p>Post\u0119powanie zako\u0144czy\u0142o si\u0119 w maju, a na terenie, gdzie zlokalizowana ma by\u0107 inwestycja, nadal nie s\u0105 prowadzone \u017cadne prace. MZUK zapewnia, \u017ce wszystko przebiega zgodnie z planem.<\/p><div class=\"gliwi-a3-w-tresci-artykulow gliwi-entity-placement\" id=\"gliwi-2831740792\"><div class=\"gliwi-adlabel\"><span style=\"font-size: 9px\">REKLAMA<\/span><\/div><div id=\"gliwi-1901675093\" style=\"margin-bottom: 30px;margin-left: auto;margin-right: auto;text-align: center;\"><a data-no-instant=\"1\" href=\"https:\/\/zlobek.halogen.org.pl\/\" rel=\"noopener\" class=\"a2t-link\" target=\"_blank\" aria-label=\"animator-zlobek_750x200\"><img loading=\"lazy\" decoding=\"async\" src=\"https:\/\/www.24gliwice.pl\/wiadomosci\/wp-content\/uploads\/2026\/02\/animator-zlobek_750x200.webp\" alt=\"\"  srcset=\"https:\/\/www.24gliwice.pl\/wiadomosci\/wp-content\/uploads\/2026\/02\/animator-zlobek_750x200.webp 750w, https:\/\/www.24gliwice.pl\/wiadomosci\/wp-content\/uploads\/2026\/02\/animator-zlobek_750x200-410x109.webp 410w\" sizes=\"(max-width: 750px) 100vw, 750px\" class=\"no-lazyload\" width=\"750\" height=\"200\"  style=\"display: inline-block; max-width: 100%; height: auto;\" \/><\/a><\/div><\/div>\n<p><img loading=\"lazy\" decoding=\"async\" src=\"https:\/\/www.24gliwice.pl\/wiadomosci\/wp-content\/uploads\/2018\/09\/pumptruck-lodowisko-parking-e1537533834564.jpg\" alt=\"\" width=\"810\" height=\"455\" class=\"alignnone size-full wp-image-123215\" \/><\/p>\n<p>&#8211; Informujemy, \u017ce roboty zwi\u0105zane z torem rowerowym typu &#8220;pump-track&#8221; zosta\u0142y ju\u017c rozpocz\u0119te. Prowadzone s\u0105 w systemie &#8220;zaprojektuj i wybuduj&#8221;. W chwili obecnej na finiszu jest etap projektowy. W najbli\u017cszym czasie dokumentacja zostanie z\u0142o\u017cona w Wydziale Architektury i Budownictwa Urz\u0119du Miejskiego w Gliwicach, celem dokonania zg\u0142oszenia oraz uzyskania pozwolenia na budow\u0119 &#8211; przekaza\u0142 <strong>Tadeusz Mazur<\/strong>, dyrektor MZUKu.<\/p>\n<p>Przypomnijmy, pierwszy w Gliwicach pumptrack powstanie dzi\u0119ki g\u0142osowaniu mieszka\u0144c\u00f3w w ramach Bud\u017cetu Obywatelskiego. Inicjatywa zebra\u0142a ponad 350 g\u0142os\u00f3w cho\u0107 jej realizacja i tak by\u0142a pewna. Po wst\u0119pnej selekcji, tor o kt\u00f3ry zawnioskowa\u0142 dyrektor O\u015brodka Sportu Politechniki \u015al\u0105skiej <strong>Krzysztof Czapla<\/strong>, zosta\u0142 jedynym zadaniem poddanym pod g\u0142osowanie dla osiedla Politechniki. <\/p>\n<p>(\u017cms)<\/p>\n<p><em>Czym jest pumptrack i jak si\u0119 z niego korzysta? Wideo: Dobrerowery.pl<\/em><iframe loading=\"lazy\" width=\"810\" height=\"456\" src=\"https:\/\/www.youtube.com\/embed\/TNkA5kP7-Mg?start=28\" frameborder=\"0\" allow=\"autoplay; encrypted-media\" allowfullscreen><\/iframe><\/p>\n<div class=\"gliwi-a5-na-koncu-artykulow gliwi-entity-placement\" id=\"gliwi-3921601830\"><div class=\"gliwi-adlabel\"><span style=\"font-size: 9px\">REKLAMA<\/span><\/div><div id=\"gliwi-3771106602\" style=\"margin-left: auto;margin-right: auto;text-align: center;\"><a data-no-instant=\"1\" href=\"https:\/\/prezeroarenagliwice.pl\/\" rel=\"noopener\" class=\"a2t-link\" target=\"_blank\" aria-label=\"20260309-PREZERO-WIOSNA-D\"><img loading=\"lazy\" decoding=\"async\" src=\"https:\/\/www.24gliwice.pl\/wiadomosci\/wp-content\/uploads\/2026\/03\/20260309-PREZERO-WIOSNA-D.webp\" alt=\"\"  srcset=\"https:\/\/www.24gliwice.pl\/wiadomosci\/wp-content\/uploads\/2026\/03\/20260309-PREZERO-WIOSNA-D.webp 750w, https:\/\/www.24gliwice.pl\/wiadomosci\/wp-content\/uploads\/2026\/03\/20260309-PREZERO-WIOSNA-D-410x109.webp 410w\" sizes=\"(max-width: 750px) 100vw, 750px\" class=\"no-lazyload\" width=\"750\" height=\"200\"  style=\"display: inline-block; max-width: 100%; height: auto;\" \/><\/a><\/div><\/div>","protected":false},"excerpt":{"rendered":"<p>Minimum 100 metr\u00f3w d\u0142ugo\u015bci &#8211; tyle ma mie\u0107 tor rowerowy, kt\u00f3ry wybudowany zostanie obok lodowiska przy ulicy Akademickiej. Chocia\u017c uko\u0144czenie jego budowy zaplanowano na koniec listopada, w miejscu, gdzie ma powsta\u0107 nadal nic si\u0119 nie dzieje. Wykonawca tej inwestycji zosta\u0142 wy\u0142oniony w przetargu. Nie by\u0142o \u0142atwo. Pierwsze post\u0119powanie uniewa\u017cniono, poniewa\u017c nikt nie z\u0142o\u017cy\u0142 oferty. Dopiero [&hellip;]<\/p>\n","protected":false},"author":15,"featured_media":115962,"comment_status":"open","ping_status":"closed","sticky":false,"template":"","format":"standard","meta":{"_monsterinsights_skip_tracking":false,"_monsterinsights_sitenote_active":false,"_monsterinsights_sitenote_note":"","_monsterinsights_sitenote_category":0,"footnotes":"","_links_to":"","_links_to_target":""},"categories":[3,1,9],"tags":[443,8797,4739,5745,6976,257,8767,13422,8915,13423],"class_list":["post-123194","post","type-post","status-publish","format-standard","has-post-thumbnail","hentry","category-gliwice","category-wszystko","category-aktualnosci_lokalne","tag-akademicka","tag-grr","tag-hala-gliwice","tag-inwestycje","tag-lodowisko","tag-mzuk","tag-park-chrobrego","tag-pumptruck","tag-rower","tag-tor-rowerowy"],"yoast_head":"<!-- This site is optimized with the Yoast SEO plugin v27.5 - https:\/\/yoast.com\/product\/yoast-seo-wordpress\/ -->\n<title>Co z obiecanym pumptrackiem przy ul. Akademickiej? MZUK uspokaja: wszystko zgodnie z planem - 24GLIWICE - Portal Gliwice | codziennie nowe informacje<\/title>\n<meta name=\"robots\" content=\"index, follow, max-snippet:-1, max-image-preview:large, max-video-preview:-1\" \/>\n<link rel=\"canonical\" href=\"https:\/\/www.24gliwice.pl\/wiadomosci\/co-z-obiecanym-pumptrackiem-przy-ul-akademickiej-mzuk-uspokaja-wszystko-zgodnie-z-planem\/\" \/>\n<meta property=\"og:locale\" content=\"pl_PL\" \/>\n<meta property=\"og:type\" content=\"article\" \/>\n<meta property=\"og:title\" content=\"Co z obiecanym pumptrackiem przy ul. Akademickiej? MZUK uspokaja: wszystko zgodnie z planem - 24GLIWICE - Portal Gliwice | codziennie nowe informacje\" \/>\n<meta property=\"og:description\" content=\"Minimum 100 metr\u00f3w d\u0142ugo\u015bci &#8211; tyle ma mie\u0107 tor rowerowy, kt\u00f3ry wybudowany zostanie obok lodowiska przy ulicy Akademickiej. Chocia\u017c uko\u0144czenie jego budowy zaplanowano na koniec listopada, w miejscu, gdzie ma powsta\u0107 nadal nic si\u0119 nie dzieje. Wykonawca tej inwestycji zosta\u0142 wy\u0142oniony w przetargu. Nie by\u0142o \u0142atwo. Pierwsze post\u0119powanie uniewa\u017cniono, poniewa\u017c nikt nie z\u0142o\u017cy\u0142 oferty. Dopiero [&hellip;]\" \/>\n<meta property=\"og:url\" content=\"https:\/\/www.24gliwice.pl\/wiadomosci\/co-z-obiecanym-pumptrackiem-przy-ul-akademickiej-mzuk-uspokaja-wszystko-zgodnie-z-planem\/\" \/>\n<meta property=\"og:site_name\" content=\"24GLIWICE - Portal Gliwice | codziennie nowe informacje\" \/>\n<meta property=\"article:publisher\" content=\"https:\/\/www.facebook.com\/24gliwice\" \/>\n<meta property=\"article:published_time\" content=\"2018-09-22T00:17:58+00:00\" \/>\n<meta property=\"og:image\" content=\"https:\/\/www.24gliwice.pl\/wiadomosci\/wp-content\/uploads\/2018\/04\/1-Screenshot_28-001.jpg\" \/>\n\t<meta property=\"og:image:width\" content=\"810\" \/>\n\t<meta property=\"og:image:height\" content=\"457\" \/>\n\t<meta property=\"og:image:type\" content=\"image\/jpeg\" \/>\n<meta name=\"author\" content=\"\u017baneta Mrozek-Siewierska\" \/>\n<meta name=\"twitter:card\" content=\"summary_large_image\" \/>\n<meta name=\"twitter:creator\" content=\"@24gliwice\" \/>\n<meta name=\"twitter:site\" content=\"@24gliwice\" \/>\n<meta name=\"twitter:label1\" content=\"Napisane przez\" \/>\n\t<meta name=\"twitter:data1\" content=\"\u017baneta Mrozek-Siewierska\" \/>\n\t<meta name=\"twitter:label2\" content=\"Szacowany czas czytania\" \/>\n\t<meta name=\"twitter:data2\" content=\"1 minuta\" \/>\n<script type=\"application\/ld+json\" class=\"yoast-schema-graph\">{\"@context\":\"https:\\\/\\\/schema.org\",\"@graph\":[{\"@type\":\"Article\",\"@id\":\"https:\\\/\\\/www.24gliwice.pl\\\/wiadomosci\\\/co-z-obiecanym-pumptrackiem-przy-ul-akademickiej-mzuk-uspokaja-wszystko-zgodnie-z-planem\\\/#article\",\"isPartOf\":{\"@id\":\"https:\\\/\\\/www.24gliwice.pl\\\/wiadomosci\\\/co-z-obiecanym-pumptrackiem-przy-ul-akademickiej-mzuk-uspokaja-wszystko-zgodnie-z-planem\\\/\"},\"author\":{\"name\":\"\u017baneta Mrozek-Siewierska\",\"@id\":\"https:\\\/\\\/www.24gliwice.pl\\\/wiadomosci\\\/#\\\/schema\\\/person\\\/e42c650edd7f2fa332be3811fb166b6e\"},\"headline\":\"Co z obiecanym pumptrackiem przy ul. Akademickiej? MZUK uspokaja: wszystko zgodnie z planem\",\"datePublished\":\"2018-09-22T00:17:58+00:00\",\"mainEntityOfPage\":{\"@id\":\"https:\\\/\\\/www.24gliwice.pl\\\/wiadomosci\\\/co-z-obiecanym-pumptrackiem-przy-ul-akademickiej-mzuk-uspokaja-wszystko-zgodnie-z-planem\\\/\"},\"wordCount\":293,\"commentCount\":0,\"publisher\":{\"@id\":\"https:\\\/\\\/www.24gliwice.pl\\\/wiadomosci\\\/#organization\"},\"image\":{\"@id\":\"https:\\\/\\\/www.24gliwice.pl\\\/wiadomosci\\\/co-z-obiecanym-pumptrackiem-przy-ul-akademickiej-mzuk-uspokaja-wszystko-zgodnie-z-planem\\\/#primaryimage\"},\"thumbnailUrl\":\"https:\\\/\\\/www.24gliwice.pl\\\/wiadomosci\\\/wp-content\\\/uploads\\\/2018\\\/04\\\/1-Screenshot_28-001.jpg\",\"keywords\":[\"AKADEMICKA\",\"GRR\",\"HALA GLIWICE\",\"INWESTYCJE\",\"LODOWISKO\",\"MZUK\",\"PARK CHROBREGO\",\"pumptruck\",\"ROWER\",\"tor rowerowy\"],\"articleSection\":[\"Gliwice\",\"Najnowsze wiadomo\u015bci\",\"Portal Gliwice - Wiadomo\u015bci lokalne\"],\"inLanguage\":\"pl-PL\",\"potentialAction\":[{\"@type\":\"CommentAction\",\"name\":\"Comment\",\"target\":[\"https:\\\/\\\/www.24gliwice.pl\\\/wiadomosci\\\/co-z-obiecanym-pumptrackiem-przy-ul-akademickiej-mzuk-uspokaja-wszystko-zgodnie-z-planem\\\/#respond\"]}]},{\"@type\":\"WebPage\",\"@id\":\"https:\\\/\\\/www.24gliwice.pl\\\/wiadomosci\\\/co-z-obiecanym-pumptrackiem-przy-ul-akademickiej-mzuk-uspokaja-wszystko-zgodnie-z-planem\\\/\",\"url\":\"https:\\\/\\\/www.24gliwice.pl\\\/wiadomosci\\\/co-z-obiecanym-pumptrackiem-przy-ul-akademickiej-mzuk-uspokaja-wszystko-zgodnie-z-planem\\\/\",\"name\":\"Co z obiecanym pumptrackiem przy ul. Akademickiej? MZUK uspokaja: wszystko zgodnie z planem - 24GLIWICE - Portal Gliwice | codziennie nowe informacje\",\"isPartOf\":{\"@id\":\"https:\\\/\\\/www.24gliwice.pl\\\/wiadomosci\\\/#website\"},\"primaryImageOfPage\":{\"@id\":\"https:\\\/\\\/www.24gliwice.pl\\\/wiadomosci\\\/co-z-obiecanym-pumptrackiem-przy-ul-akademickiej-mzuk-uspokaja-wszystko-zgodnie-z-planem\\\/#primaryimage\"},\"image\":{\"@id\":\"https:\\\/\\\/www.24gliwice.pl\\\/wiadomosci\\\/co-z-obiecanym-pumptrackiem-przy-ul-akademickiej-mzuk-uspokaja-wszystko-zgodnie-z-planem\\\/#primaryimage\"},\"thumbnailUrl\":\"https:\\\/\\\/www.24gliwice.pl\\\/wiadomosci\\\/wp-content\\\/uploads\\\/2018\\\/04\\\/1-Screenshot_28-001.jpg\",\"datePublished\":\"2018-09-22T00:17:58+00:00\",\"breadcrumb\":{\"@id\":\"https:\\\/\\\/www.24gliwice.pl\\\/wiadomosci\\\/co-z-obiecanym-pumptrackiem-przy-ul-akademickiej-mzuk-uspokaja-wszystko-zgodnie-z-planem\\\/#breadcrumb\"},\"inLanguage\":\"pl-PL\",\"potentialAction\":[{\"@type\":\"ReadAction\",\"target\":[\"https:\\\/\\\/www.24gliwice.pl\\\/wiadomosci\\\/co-z-obiecanym-pumptrackiem-przy-ul-akademickiej-mzuk-uspokaja-wszystko-zgodnie-z-planem\\\/\"]}]},{\"@type\":\"ImageObject\",\"inLanguage\":\"pl-PL\",\"@id\":\"https:\\\/\\\/www.24gliwice.pl\\\/wiadomosci\\\/co-z-obiecanym-pumptrackiem-przy-ul-akademickiej-mzuk-uspokaja-wszystko-zgodnie-z-planem\\\/#primaryimage\",\"url\":\"https:\\\/\\\/www.24gliwice.pl\\\/wiadomosci\\\/wp-content\\\/uploads\\\/2018\\\/04\\\/1-Screenshot_28-001.jpg\",\"contentUrl\":\"https:\\\/\\\/www.24gliwice.pl\\\/wiadomosci\\\/wp-content\\\/uploads\\\/2018\\\/04\\\/1-Screenshot_28-001.jpg\",\"width\":810,\"height\":457},{\"@type\":\"BreadcrumbList\",\"@id\":\"https:\\\/\\\/www.24gliwice.pl\\\/wiadomosci\\\/co-z-obiecanym-pumptrackiem-przy-ul-akademickiej-mzuk-uspokaja-wszystko-zgodnie-z-planem\\\/#breadcrumb\",\"itemListElement\":[{\"@type\":\"ListItem\",\"position\":1,\"name\":\"Strona g\u0142\u00f3wna\",\"item\":\"https:\\\/\\\/www.24gliwice.pl\\\/wiadomosci\\\/\"},{\"@type\":\"ListItem\",\"position\":2,\"name\":\"Co z obiecanym pumptrackiem przy ul. Akademickiej? MZUK uspokaja: wszystko zgodnie z planem\"}]},{\"@type\":\"WebSite\",\"@id\":\"https:\\\/\\\/www.24gliwice.pl\\\/wiadomosci\\\/#website\",\"url\":\"https:\\\/\\\/www.24gliwice.pl\\\/wiadomosci\\\/\",\"name\":\"24GLIWICE - Portal Gliwice | codziennie nowe wiadomo\u015bci\",\"description\":\"Portal Miejski Gliwice\",\"publisher\":{\"@id\":\"https:\\\/\\\/www.24gliwice.pl\\\/wiadomosci\\\/#organization\"},\"potentialAction\":[{\"@type\":\"SearchAction\",\"target\":{\"@type\":\"EntryPoint\",\"urlTemplate\":\"https:\\\/\\\/www.24gliwice.pl\\\/wiadomosci\\\/?s={search_term_string}\"},\"query-input\":{\"@type\":\"PropertyValueSpecification\",\"valueRequired\":true,\"valueName\":\"search_term_string\"}}],\"inLanguage\":\"pl-PL\"},{\"@type\":\"Organization\",\"@id\":\"https:\\\/\\\/www.24gliwice.pl\\\/wiadomosci\\\/#organization\",\"name\":\"24gliwice\",\"url\":\"https:\\\/\\\/www.24gliwice.pl\\\/wiadomosci\\\/\",\"logo\":{\"@type\":\"ImageObject\",\"inLanguage\":\"pl-PL\",\"@id\":\"https:\\\/\\\/www.24gliwice.pl\\\/wiadomosci\\\/#\\\/schema\\\/logo\\\/image\\\/\",\"url\":\"https:\\\/\\\/www.24gliwice.pl\\\/wiadomosci\\\/wp-content\\\/uploads\\\/2024\\\/10\\\/24gliwice-logo-696.jpg\",\"contentUrl\":\"https:\\\/\\\/www.24gliwice.pl\\\/wiadomosci\\\/wp-content\\\/uploads\\\/2024\\\/10\\\/24gliwice-logo-696.jpg\",\"width\":696,\"height\":696,\"caption\":\"24gliwice\"},\"image\":{\"@id\":\"https:\\\/\\\/www.24gliwice.pl\\\/wiadomosci\\\/#\\\/schema\\\/logo\\\/image\\\/\"},\"sameAs\":[\"https:\\\/\\\/www.facebook.com\\\/24gliwice\",\"https:\\\/\\\/x.com\\\/24gliwice\",\"https:\\\/\\\/www.youtube.com\\\/@24gliwice\"]},{\"@type\":\"Person\",\"@id\":\"https:\\\/\\\/www.24gliwice.pl\\\/wiadomosci\\\/#\\\/schema\\\/person\\\/e42c650edd7f2fa332be3811fb166b6e\",\"name\":\"\u017baneta Mrozek-Siewierska\",\"image\":{\"@type\":\"ImageObject\",\"inLanguage\":\"pl-PL\",\"@id\":\"https:\\\/\\\/secure.gravatar.com\\\/avatar\\\/1881429e9c64597c77ad7aef2d0a19be69a3253e57534d16aa15bf3a4d34a0a3?s=96&d=mm&r=g\",\"url\":\"https:\\\/\\\/secure.gravatar.com\\\/avatar\\\/1881429e9c64597c77ad7aef2d0a19be69a3253e57534d16aa15bf3a4d34a0a3?s=96&d=mm&r=g\",\"contentUrl\":\"https:\\\/\\\/secure.gravatar.com\\\/avatar\\\/1881429e9c64597c77ad7aef2d0a19be69a3253e57534d16aa15bf3a4d34a0a3?s=96&d=mm&r=g\",\"caption\":\"\u017baneta Mrozek-Siewierska\"},\"url\":\"https:\\\/\\\/www.24gliwice.pl\\\/wiadomosci\\\/author\\\/zms\\\/\"}]}<\/script>\n<!-- \/ Yoast SEO plugin. -->","yoast_head_json":{"title":"Co z obiecanym pumptrackiem przy ul. Akademickiej? MZUK uspokaja: wszystko zgodnie z planem - 24GLIWICE - Portal Gliwice | codziennie nowe informacje","robots":{"index":"index","follow":"follow","max-snippet":"max-snippet:-1","max-image-preview":"max-image-preview:large","max-video-preview":"max-video-preview:-1"},"canonical":"https:\/\/www.24gliwice.pl\/wiadomosci\/co-z-obiecanym-pumptrackiem-przy-ul-akademickiej-mzuk-uspokaja-wszystko-zgodnie-z-planem\/","og_locale":"pl_PL","og_type":"article","og_title":"Co z obiecanym pumptrackiem przy ul. Akademickiej? MZUK uspokaja: wszystko zgodnie z planem - 24GLIWICE - Portal Gliwice | codziennie nowe informacje","og_description":"Minimum 100 metr\u00f3w d\u0142ugo\u015bci &#8211; tyle ma mie\u0107 tor rowerowy, kt\u00f3ry wybudowany zostanie obok lodowiska przy ulicy Akademickiej. Chocia\u017c uko\u0144czenie jego budowy zaplanowano na koniec listopada, w miejscu, gdzie ma powsta\u0107 nadal nic si\u0119 nie dzieje. Wykonawca tej inwestycji zosta\u0142 wy\u0142oniony w przetargu. Nie by\u0142o \u0142atwo. Pierwsze post\u0119powanie uniewa\u017cniono, poniewa\u017c nikt nie z\u0142o\u017cy\u0142 oferty. Dopiero [&hellip;]","og_url":"https:\/\/www.24gliwice.pl\/wiadomosci\/co-z-obiecanym-pumptrackiem-przy-ul-akademickiej-mzuk-uspokaja-wszystko-zgodnie-z-planem\/","og_site_name":"24GLIWICE - Portal Gliwice | codziennie nowe informacje","article_publisher":"https:\/\/www.facebook.com\/24gliwice","article_published_time":"2018-09-22T00:17:58+00:00","og_image":[{"width":810,"height":457,"url":"https:\/\/www.24gliwice.pl\/wiadomosci\/wp-content\/uploads\/2018\/04\/1-Screenshot_28-001.jpg","type":"image\/jpeg"}],"author":"\u017baneta Mrozek-Siewierska","twitter_card":"summary_large_image","twitter_creator":"@24gliwice","twitter_site":"@24gliwice","twitter_misc":{"Napisane przez":"\u017baneta Mrozek-Siewierska","Szacowany czas czytania":"1 minuta"},"schema":{"@context":"https:\/\/schema.org","@graph":[{"@type":"Article","@id":"https:\/\/www.24gliwice.pl\/wiadomosci\/co-z-obiecanym-pumptrackiem-przy-ul-akademickiej-mzuk-uspokaja-wszystko-zgodnie-z-planem\/#article","isPartOf":{"@id":"https:\/\/www.24gliwice.pl\/wiadomosci\/co-z-obiecanym-pumptrackiem-przy-ul-akademickiej-mzuk-uspokaja-wszystko-zgodnie-z-planem\/"},"author":{"name":"\u017baneta Mrozek-Siewierska","@id":"https:\/\/www.24gliwice.pl\/wiadomosci\/#\/schema\/person\/e42c650edd7f2fa332be3811fb166b6e"},"headline":"Co z obiecanym pumptrackiem przy ul. Akademickiej? MZUK uspokaja: wszystko zgodnie z planem","datePublished":"2018-09-22T00:17:58+00:00","mainEntityOfPage":{"@id":"https:\/\/www.24gliwice.pl\/wiadomosci\/co-z-obiecanym-pumptrackiem-przy-ul-akademickiej-mzuk-uspokaja-wszystko-zgodnie-z-planem\/"},"wordCount":293,"commentCount":0,"publisher":{"@id":"https:\/\/www.24gliwice.pl\/wiadomosci\/#organization"},"image":{"@id":"https:\/\/www.24gliwice.pl\/wiadomosci\/co-z-obiecanym-pumptrackiem-przy-ul-akademickiej-mzuk-uspokaja-wszystko-zgodnie-z-planem\/#primaryimage"},"thumbnailUrl":"https:\/\/www.24gliwice.pl\/wiadomosci\/wp-content\/uploads\/2018\/04\/1-Screenshot_28-001.jpg","keywords":["AKADEMICKA","GRR","HALA GLIWICE","INWESTYCJE","LODOWISKO","MZUK","PARK CHROBREGO","pumptruck","ROWER","tor rowerowy"],"articleSection":["Gliwice","Najnowsze wiadomo\u015bci","Portal Gliwice - Wiadomo\u015bci lokalne"],"inLanguage":"pl-PL","potentialAction":[{"@type":"CommentAction","name":"Comment","target":["https:\/\/www.24gliwice.pl\/wiadomosci\/co-z-obiecanym-pumptrackiem-przy-ul-akademickiej-mzuk-uspokaja-wszystko-zgodnie-z-planem\/#respond"]}]},{"@type":"WebPage","@id":"https:\/\/www.24gliwice.pl\/wiadomosci\/co-z-obiecanym-pumptrackiem-przy-ul-akademickiej-mzuk-uspokaja-wszystko-zgodnie-z-planem\/","url":"https:\/\/www.24gliwice.pl\/wiadomosci\/co-z-obiecanym-pumptrackiem-przy-ul-akademickiej-mzuk-uspokaja-wszystko-zgodnie-z-planem\/","name":"Co z obiecanym pumptrackiem przy ul. Akademickiej? MZUK uspokaja: wszystko zgodnie z planem - 24GLIWICE - Portal Gliwice | codziennie nowe informacje","isPartOf":{"@id":"https:\/\/www.24gliwice.pl\/wiadomosci\/#website"},"primaryImageOfPage":{"@id":"https:\/\/www.24gliwice.pl\/wiadomosci\/co-z-obiecanym-pumptrackiem-przy-ul-akademickiej-mzuk-uspokaja-wszystko-zgodnie-z-planem\/#primaryimage"},"image":{"@id":"https:\/\/www.24gliwice.pl\/wiadomosci\/co-z-obiecanym-pumptrackiem-przy-ul-akademickiej-mzuk-uspokaja-wszystko-zgodnie-z-planem\/#primaryimage"},"thumbnailUrl":"https:\/\/www.24gliwice.pl\/wiadomosci\/wp-content\/uploads\/2018\/04\/1-Screenshot_28-001.jpg","datePublished":"2018-09-22T00:17:58+00:00","breadcrumb":{"@id":"https:\/\/www.24gliwice.pl\/wiadomosci\/co-z-obiecanym-pumptrackiem-przy-ul-akademickiej-mzuk-uspokaja-wszystko-zgodnie-z-planem\/#breadcrumb"},"inLanguage":"pl-PL","potentialAction":[{"@type":"ReadAction","target":["https:\/\/www.24gliwice.pl\/wiadomosci\/co-z-obiecanym-pumptrackiem-przy-ul-akademickiej-mzuk-uspokaja-wszystko-zgodnie-z-planem\/"]}]},{"@type":"ImageObject","inLanguage":"pl-PL","@id":"https:\/\/www.24gliwice.pl\/wiadomosci\/co-z-obiecanym-pumptrackiem-przy-ul-akademickiej-mzuk-uspokaja-wszystko-zgodnie-z-planem\/#primaryimage","url":"https:\/\/www.24gliwice.pl\/wiadomosci\/wp-content\/uploads\/2018\/04\/1-Screenshot_28-001.jpg","contentUrl":"https:\/\/www.24gliwice.pl\/wiadomosci\/wp-content\/uploads\/2018\/04\/1-Screenshot_28-001.jpg","width":810,"height":457},{"@type":"BreadcrumbList","@id":"https:\/\/www.24gliwice.pl\/wiadomosci\/co-z-obiecanym-pumptrackiem-przy-ul-akademickiej-mzuk-uspokaja-wszystko-zgodnie-z-planem\/#breadcrumb","itemListElement":[{"@type":"ListItem","position":1,"name":"Strona g\u0142\u00f3wna","item":"https:\/\/www.24gliwice.pl\/wiadomosci\/"},{"@type":"ListItem","position":2,"name":"Co z obiecanym pumptrackiem przy ul. Akademickiej? MZUK uspokaja: wszystko zgodnie z planem"}]},{"@type":"WebSite","@id":"https:\/\/www.24gliwice.pl\/wiadomosci\/#website","url":"https:\/\/www.24gliwice.pl\/wiadomosci\/","name":"24GLIWICE - Portal Gliwice | codziennie nowe wiadomo\u015bci","description":"Portal Miejski Gliwice","publisher":{"@id":"https:\/\/www.24gliwice.pl\/wiadomosci\/#organization"},"potentialAction":[{"@type":"SearchAction","target":{"@type":"EntryPoint","urlTemplate":"https:\/\/www.24gliwice.pl\/wiadomosci\/?s={search_term_string}"},"query-input":{"@type":"PropertyValueSpecification","valueRequired":true,"valueName":"search_term_string"}}],"inLanguage":"pl-PL"},{"@type":"Organization","@id":"https:\/\/www.24gliwice.pl\/wiadomosci\/#organization","name":"24gliwice","url":"https:\/\/www.24gliwice.pl\/wiadomosci\/","logo":{"@type":"ImageObject","inLanguage":"pl-PL","@id":"https:\/\/www.24gliwice.pl\/wiadomosci\/#\/schema\/logo\/image\/","url":"https:\/\/www.24gliwice.pl\/wiadomosci\/wp-content\/uploads\/2024\/10\/24gliwice-logo-696.jpg","contentUrl":"https:\/\/www.24gliwice.pl\/wiadomosci\/wp-content\/uploads\/2024\/10\/24gliwice-logo-696.jpg","width":696,"height":696,"caption":"24gliwice"},"image":{"@id":"https:\/\/www.24gliwice.pl\/wiadomosci\/#\/schema\/logo\/image\/"},"sameAs":["https:\/\/www.facebook.com\/24gliwice","https:\/\/x.com\/24gliwice","https:\/\/www.youtube.com\/@24gliwice"]},{"@type":"Person","@id":"https:\/\/www.24gliwice.pl\/wiadomosci\/#\/schema\/person\/e42c650edd7f2fa332be3811fb166b6e","name":"\u017baneta Mrozek-Siewierska","image":{"@type":"ImageObject","inLanguage":"pl-PL","@id":"https:\/\/secure.gravatar.com\/avatar\/1881429e9c64597c77ad7aef2d0a19be69a3253e57534d16aa15bf3a4d34a0a3?s=96&d=mm&r=g","url":"https:\/\/secure.gravatar.com\/avatar\/1881429e9c64597c77ad7aef2d0a19be69a3253e57534d16aa15bf3a4d34a0a3?s=96&d=mm&r=g","contentUrl":"https:\/\/secure.gravatar.com\/avatar\/1881429e9c64597c77ad7aef2d0a19be69a3253e57534d16aa15bf3a4d34a0a3?s=96&d=mm&r=g","caption":"\u017baneta Mrozek-Siewierska"},"url":"https:\/\/www.24gliwice.pl\/wiadomosci\/author\/zms\/"}]}},"_links":{"self":[{"href":"https:\/\/www.24gliwice.pl\/wiadomosci\/wp-json\/wp\/v2\/posts\/123194","targetHints":{"allow":["GET"]}}],"collection":[{"href":"https:\/\/www.24gliwice.pl\/wiadomosci\/wp-json\/wp\/v2\/posts"}],"about":[{"href":"https:\/\/www.24gliwice.pl\/wiadomosci\/wp-json\/wp\/v2\/types\/post"}],"author":[{"embeddable":true,"href":"https:\/\/www.24gliwice.pl\/wiadomosci\/wp-json\/wp\/v2\/users\/15"}],"replies":[{"embeddable":true,"href":"https:\/\/www.24gliwice.pl\/wiadomosci\/wp-json\/wp\/v2\/comments?post=123194"}],"version-history":[{"count":0,"href":"https:\/\/www.24gliwice.pl\/wiadomosci\/wp-json\/wp\/v2\/posts\/123194\/revisions"}],"wp:featuredmedia":[{"embeddable":true,"href":"https:\/\/www.24gliwice.pl\/wiadomosci\/wp-json\/wp\/v2\/media\/115962"}],"wp:attachment":[{"href":"https:\/\/www.24gliwice.pl\/wiadomosci\/wp-json\/wp\/v2\/media?parent=123194"}],"wp:term":[{"taxonomy":"category","embeddable":true,"href":"https:\/\/www.24gliwice.pl\/wiadomosci\/wp-json\/wp\/v2\/categories?post=123194"},{"taxonomy":"post_tag","embeddable":true,"href":"https:\/\/www.24gliwice.pl\/wiadomosci\/wp-json\/wp\/v2\/tags?post=123194"}],"curies":[{"name":"wp","href":"https:\/\/api.w.org\/{rel}","templated":true}]}}